{"id":2695958,"date":"2026-04-27T16:52:29","date_gmt":"2026-04-27T15:52:29","guid":{"rendered":"https:\/\/www.pressenza.com\/?p=2695958"},"modified":"2026-04-27T16:52:29","modified_gmt":"2026-04-27T15:52:29","slug":"ippnw-warnt-vor-atomgefahren-aus-der-schweiz-und-stellt-forderungen-an-die-kuenftige-landesregierung-in-baden-wuerttemberg","status":"publish","type":"post","link":"https:\/\/www.pressenza.com\/de\/2026\/04\/ippnw-warnt-vor-atomgefahren-aus-der-schweiz-und-stellt-forderungen-an-die-kuenftige-landesregierung-in-baden-wuerttemberg\/","title":{"rendered":"IPPNW warnt vor Atomgefahren aus der Schweiz und stellt Forderungen an die k\u00fcnftige Landesregierung in Baden-W\u00fcrttemberg"},"content":{"rendered":"<p>Gr\u00fcn-schwarze Koalitionsverhandlungen in Stuttgart<\/p>\n<p>Wenige Tage vor dem 40. Jahrestag der Atomkatastrophe von Tschernobyl weisen die atomkritischen \u00c4rzt*innen und Gesundheitsfachkr\u00e4fte der IPPNW in einem Brief an Cem \u00d6zdemir und Manuel Hagel und deren Verhandlungsteams auf die drohenden Atomgefahren aus der Schweiz f\u00fcr Baden-W\u00fcrttemberg hin.<\/p>\n<p>Baden-W\u00fcrttemberg liegt in der N\u00e4he einiger der \u00e4ltesten und somit gef\u00e4hrlichsten Atomkraftwerke weltweit. An drei Standorten betreibt die Schweiz vier Atomreaktoren, die alle direkt an oder in unmittelbarer N\u00e4he zur Grenze zu Baden-W\u00fcrttemberg liegen. Das AKW Beznau mit dem betriebs\u00e4ltesten Reaktor der Welt (\u00fcber 56 Jahre) liegt nur f\u00fcnf Kilometer von der Grenze entfernt, das AKW G\u00f6sgen (\u00fcber 45 Jahre) nur 20 Kilometer und das AKW Leibstadt (\u00fcber 41 Jahre) befindet sich direkt an der deutschen Grenze.<\/p>\n<p>Die Liste der M\u00e4ngel dieser Atomkraftwerke sowie der damit verbundenen Risiken, die sich durch den \u00dcberzeitbetrieb dieser Anlagen erh\u00f6hen, ist lang und in der vielbeachteten Metastudie \u201eGrenzenloses Risiko: Gef\u00e4hrdung Deutschlands durch schwere Unf\u00e4lle in Schweizer Atomkraftwerken\u201c gut dokumentiert. Die Studie kommt unter anderem zu dem Schluss, dass ein schwerer Unfall in einem Schweizer AKW Deutschland h\u00e4rter treffen w\u00fcrde als die Schweiz. Die Hauptlast w\u00fcrde dabei Baden-W\u00fcrttemberg tragen.<\/p>\n<p>\u201eWir fordern die k\u00fcnftige Landesregierung auf, sich gegen\u00fcber der Schweiz und der Bundesregierung f\u00fcr ein baldiges Ende des \u00dcberzeitbetriebs der Schweizer Atomanlagen einzusetzen und dies etwa in einem bindenden Staatsvertrag festzuschreiben\u201c, sagt Dr. med. J\u00f6rg Schmid von der IPPNW aus Stuttgart.<\/p>\n<p>Bereits im Dezember 2024, kurz bevor das AKW Leibstadt den \u00dcberzeitbetrieb von mehr als den bei der Inbetriebnahme avisierten 40 Jahren Laufzeit aufnahm, forderten in einem offenen Brief \u00fcber 500 \u00c4rzt*innen und mehr als 250 weitere Unterst\u00fctzer*innen aus der Region die Stilllegung des Uralt-Reaktors.<\/p>\n<p>\u201eDie Durchf\u00fchrung einer grenz\u00fcberschreitenden Umweltvertr\u00e4glichkeitspr\u00fcfung mit \u00d6ffentlichkeitsbeteiligung w\u00e4re die Pflicht der Schweizer Beh\u00f6rden gewesen. Gegen\u00fcber unseren Schweizer Nachbarn auf ihre v\u00f6lkerrechtlichen Verpflichtungen zu bestehen, w\u00e4re das Mindeste. Die voraussichtliche k\u00fcnftige Landesregierung des direkt betroffenen Nachbarlandes Baden-W\u00fcrttemberg muss vereinbaren, ein Schiedsgerichtsverfahren im Sinne der Espoo-Konvention einzufordern\u201d, betont Dr. J\u00f6rg Schmid.<\/p>\n<p>Gegenw\u00e4rtig pr\u00fcft das Implementation Committee der Espoo-Konvention (\u00dcbereinkommen \u00fcber die Umweltvertr\u00e4glichkeitspr\u00fcfung im grenz\u00fcberschreitenden Rahmen) den von den Internationalen \u00c4rzt*innen zur Verh\u00fctung des Atomkriegs (IPPNW) aus Deutschland und der Schweiz vorgebrachten Verdacht, die Schweiz habe ihre Verpflichtungen aus der Konvention verletzt.<\/p>\n<p>&nbsp;<\/p>\n","protected":false},"excerpt":{"rendered":"<p>Gr\u00fcn-schwarze Koalitionsverhandlungen in Stuttgart Wenige Tage vor dem 40. Jahrestag der Atomkatastrophe von Tschernobyl weisen die atomkritischen \u00c4rzt*innen und Gesundheitsfachkr\u00e4fte der IPPNW in einem Brief an Cem \u00d6zdemir und Manuel Hagel und deren Verhandlungsteams auf die drohenden Atomgefahren aus der&hellip;<\/p>\n","protected":false},"author":1211,"featured_media":2695965,"comment_status":"closed","ping_status":"closed","sticky":false,"template":"","format":"standard","meta":{"footnotes":""},"categories":[9150,9157,9168,9145],"tags":[155988,99300,78058,9183],"class_list":["post-2695958","post","type-post","status-publish","format-standard","has-post-thumbnail","hentry","category-europa-de","category-oekologie-und-umwelt","category-politik","category-pressemitteilungen","tag-akw-leibstadt","tag-atomkraftwerke","tag-baden-wuerttemberg","tag-schweiz"],"yoast_head":"<!-- This site is optimized with the Yoast SEO plugin v27.1.1 - https:\/\/yoast.com\/product\/yoast-seo-wordpress\/ -->\n<title>IPPNW warnt vor Atomgefahren aus der Schweiz und stellt Forderungen an die k\u00fcnftige Landesregierung in Baden-W\u00fcrttemberg<\/title>\n<meta name=\"description\" content=\"Gr\u00fcn-schwarze Koalitionsverhandlungen in Stuttgart Wenige Tage vor dem 40. Jahrestag der Atomkatastrophe von Tschernobyl weisen die atomkritischen\" \/>\n<meta name=\"robots\" content=\"index, follow, max-snippet:-1, max-image-preview:large, max-video-preview:-1\" \/>\n<link rel=\"canonical\" href=\"https:\/\/www.pressenza.com\/de\/2026\/04\/ippnw-warnt-vor-atomgefahren-aus-der-schweiz-und-stellt-forderungen-an-die-kuenftige-landesregierung-in-baden-wuerttemberg\/\" \/>\n<meta property=\"og:locale\" content=\"de_DE\" \/>\n<meta property=\"og:type\" content=\"article\" \/>\n<meta property=\"og:title\" content=\"IPPNW warnt vor Atomgefahren aus der Schweiz und stellt Forderungen an die k\u00fcnftige Landesregierung in Baden-W\u00fcrttemberg\" \/>\n<meta property=\"og:description\" content=\"Gr\u00fcn-schwarze Koalitionsverhandlungen in Stuttgart Wenige Tage vor dem 40. Jahrestag der Atomkatastrophe von Tschernobyl weisen die atomkritischen\" \/>\n<meta property=\"og:url\" content=\"https:\/\/www.pressenza.com\/de\/2026\/04\/ippnw-warnt-vor-atomgefahren-aus-der-schweiz-und-stellt-forderungen-an-die-kuenftige-landesregierung-in-baden-wuerttemberg\/\" \/>\n<meta property=\"og:site_name\" content=\"Pressenza\" \/>\n<meta property=\"article:publisher\" content=\"https:\/\/www.facebook.com\/PressenzaItalia\" \/>\n<meta property=\"article:published_time\" content=\"2026-04-27T15:52:29+00:00\" \/>\n<meta property=\"og:image\" content=\"https:\/\/www.pressenza.com\/wp-content\/uploads\/2026\/04\/Leibstadt-1.jpeg\" \/>\n\t<meta property=\"og:image:width\" content=\"820\" \/>\n\t<meta property=\"og:image:height\" content=\"585\" \/>\n\t<meta property=\"og:image:type\" content=\"image\/jpeg\" \/>\n<meta name=\"author\" content=\"International Physicians for the Prevention of Nuclear War\" \/>\n<meta name=\"twitter:card\" content=\"summary_large_image\" \/>\n<meta name=\"twitter:creator\" content=\"@IPPNW\" \/>\n<meta name=\"twitter:site\" content=\"@PressenzaIPA\" \/>\n<meta name=\"twitter:label1\" content=\"Verfasst von\" \/>\n\t<meta name=\"twitter:data1\" content=\"International Physicians for the Prevention of Nuclear War\" \/>\n\t<meta name=\"twitter:label2\" content=\"Gesch\u00e4tzte Lesezeit\" \/>\n\t<meta name=\"twitter:data2\" content=\"3\u00a0Minuten\" \/>\n<script type=\"application\/ld+json\" class=\"yoast-schema-graph\">{\"@context\":\"https:\/\/schema.org\",\"@graph\":[{\"@type\":\"Article\",\"@id\":\"https:\/\/www.pressenza.com\/de\/2026\/04\/ippnw-warnt-vor-atomgefahren-aus-der-schweiz-und-stellt-forderungen-an-die-kuenftige-landesregierung-in-baden-wuerttemberg\/#article\",\"isPartOf\":{\"@id\":\"https:\/\/www.pressenza.com\/de\/2026\/04\/ippnw-warnt-vor-atomgefahren-aus-der-schweiz-und-stellt-forderungen-an-die-kuenftige-landesregierung-in-baden-wuerttemberg\/\"},\"author\":{\"name\":\"International Physicians for the Prevention of Nuclear War\",\"@id\":\"https:\/\/www.pressenza.com\/de\/#\/schema\/person\/7389c2189c7efb5eb07888cb468068aa\"},\"headline\":\"IPPNW warnt vor Atomgefahren aus der Schweiz und stellt Forderungen an die k\u00fcnftige Landesregierung in Baden-W\u00fcrttemberg\",\"datePublished\":\"2026-04-27T15:52:29+00:00\",\"mainEntityOfPage\":{\"@id\":\"https:\/\/www.pressenza.com\/de\/2026\/04\/ippnw-warnt-vor-atomgefahren-aus-der-schweiz-und-stellt-forderungen-an-die-kuenftige-landesregierung-in-baden-wuerttemberg\/\"},\"wordCount\":419,\"publisher\":{\"@id\":\"https:\/\/www.pressenza.com\/de\/#organization\"},\"image\":{\"@id\":\"https:\/\/www.pressenza.com\/de\/2026\/04\/ippnw-warnt-vor-atomgefahren-aus-der-schweiz-und-stellt-forderungen-an-die-kuenftige-landesregierung-in-baden-wuerttemberg\/#primaryimage\"},\"thumbnailUrl\":\"https:\/\/www.pressenza.com\/wp-content\/uploads\/2026\/04\/Leibstadt-1.jpeg\",\"keywords\":[\"AKW Leibstadt\",\"Atomkraftwerke\",\"Baden-W\u00fcrttemberg\",\"Schweiz\"],\"articleSection\":[\"Europa\",\"\u00d6kologie und Umwelt\",\"Politik\",\"Pressemitteilungen\"],\"inLanguage\":\"de\"},{\"@type\":\"WebPage\",\"@id\":\"https:\/\/www.pressenza.com\/de\/2026\/04\/ippnw-warnt-vor-atomgefahren-aus-der-schweiz-und-stellt-forderungen-an-die-kuenftige-landesregierung-in-baden-wuerttemberg\/\",\"url\":\"https:\/\/www.pressenza.com\/de\/2026\/04\/ippnw-warnt-vor-atomgefahren-aus-der-schweiz-und-stellt-forderungen-an-die-kuenftige-landesregierung-in-baden-wuerttemberg\/\",\"name\":\"IPPNW warnt vor Atomgefahren aus der Schweiz und stellt Forderungen an die k\u00fcnftige Landesregierung in Baden-W\u00fcrttemberg\",\"isPartOf\":{\"@id\":\"https:\/\/www.pressenza.com\/de\/#website\"},\"primaryImageOfPage\":{\"@id\":\"https:\/\/www.pressenza.com\/de\/2026\/04\/ippnw-warnt-vor-atomgefahren-aus-der-schweiz-und-stellt-forderungen-an-die-kuenftige-landesregierung-in-baden-wuerttemberg\/#primaryimage\"},\"image\":{\"@id\":\"https:\/\/www.pressenza.com\/de\/2026\/04\/ippnw-warnt-vor-atomgefahren-aus-der-schweiz-und-stellt-forderungen-an-die-kuenftige-landesregierung-in-baden-wuerttemberg\/#primaryimage\"},\"thumbnailUrl\":\"https:\/\/www.pressenza.com\/wp-content\/uploads\/2026\/04\/Leibstadt-1.jpeg\",\"datePublished\":\"2026-04-27T15:52:29+00:00\",\"description\":\"Gr\u00fcn-schwarze Koalitionsverhandlungen in Stuttgart Wenige Tage vor dem 40. Jahrestag der Atomkatastrophe von Tschernobyl weisen die atomkritischen\",\"breadcrumb\":{\"@id\":\"https:\/\/www.pressenza.com\/de\/2026\/04\/ippnw-warnt-vor-atomgefahren-aus-der-schweiz-und-stellt-forderungen-an-die-kuenftige-landesregierung-in-baden-wuerttemberg\/#breadcrumb\"},\"inLanguage\":\"de\",\"potentialAction\":[{\"@type\":\"ReadAction\",\"target\":[\"https:\/\/www.pressenza.com\/de\/2026\/04\/ippnw-warnt-vor-atomgefahren-aus-der-schweiz-und-stellt-forderungen-an-die-kuenftige-landesregierung-in-baden-wuerttemberg\/\"]}]},{\"@type\":\"ImageObject\",\"inLanguage\":\"de\",\"@id\":\"https:\/\/www.pressenza.com\/de\/2026\/04\/ippnw-warnt-vor-atomgefahren-aus-der-schweiz-und-stellt-forderungen-an-die-kuenftige-landesregierung-in-baden-wuerttemberg\/#primaryimage\",\"url\":\"https:\/\/www.pressenza.com\/wp-content\/uploads\/2026\/04\/Leibstadt-1.jpeg\",\"contentUrl\":\"https:\/\/www.pressenza.com\/wp-content\/uploads\/2026\/04\/Leibstadt-1.jpeg\",\"width\":820,\"height\":585,\"caption\":\"Kernkraftwerk Leibstadt (wikipedia.org)\"},{\"@type\":\"BreadcrumbList\",\"@id\":\"https:\/\/www.pressenza.com\/de\/2026\/04\/ippnw-warnt-vor-atomgefahren-aus-der-schweiz-und-stellt-forderungen-an-die-kuenftige-landesregierung-in-baden-wuerttemberg\/#breadcrumb\",\"itemListElement\":[{\"@type\":\"ListItem\",\"position\":1,\"name\":\"Accueil\",\"item\":\"https:\/\/www.pressenza.com\/de\/\"},{\"@type\":\"ListItem\",\"position\":2,\"name\":\"IPPNW warnt vor Atomgefahren aus der Schweiz und stellt Forderungen an die k\u00fcnftige Landesregierung in Baden-W\u00fcrttemberg\"}]},{\"@type\":\"WebSite\",\"@id\":\"https:\/\/www.pressenza.com\/de\/#website\",\"url\":\"https:\/\/www.pressenza.com\/de\/\",\"name\":\"Pressenza\",\"description\":\"International Press Agency\",\"publisher\":{\"@id\":\"https:\/\/www.pressenza.com\/de\/#organization\"},\"potentialAction\":[{\"@type\":\"SearchAction\",\"target\":{\"@type\":\"EntryPoint\",\"urlTemplate\":\"https:\/\/www.pressenza.com\/de\/?s={search_term_string}\"},\"query-input\":{\"@type\":\"PropertyValueSpecification\",\"valueRequired\":true,\"valueName\":\"search_term_string\"}}],\"inLanguage\":\"de\"},{\"@type\":\"Organization\",\"@id\":\"https:\/\/www.pressenza.com\/de\/#organization\",\"name\":\"Pressenza\",\"url\":\"https:\/\/www.pressenza.com\/de\/\",\"logo\":{\"@type\":\"ImageObject\",\"inLanguage\":\"de\",\"@id\":\"https:\/\/www.pressenza.com\/de\/#\/schema\/logo\/image\/\",\"url\":\"https:\/\/www.pressenza.com\/wp-content\/uploads\/2022\/10\/pressenza_logo_200x200.jpg\",\"contentUrl\":\"https:\/\/www.pressenza.com\/wp-content\/uploads\/2022\/10\/pressenza_logo_200x200.jpg\",\"width\":200,\"height\":200,\"caption\":\"Pressenza\"},\"image\":{\"@id\":\"https:\/\/www.pressenza.com\/de\/#\/schema\/logo\/image\/\"},\"sameAs\":[\"https:\/\/www.facebook.com\/PressenzaItalia\",\"https:\/\/x.com\/PressenzaIPA\"]},{\"@type\":\"Person\",\"@id\":\"https:\/\/www.pressenza.com\/de\/#\/schema\/person\/7389c2189c7efb5eb07888cb468068aa\",\"name\":\"International Physicians for the Prevention of Nuclear War\",\"description\":\"IPPNW is a non-partisan federation of national medical groups in 64 countries, representing tens of thousands of doctors, medical students, other health workers, and concerned citizens who share the common goal of creating a more peaceful and secure world freed from the threat of nuclear annihilation. www.ippnw.org\",\"sameAs\":[\"https:\/\/x.com\/IPPNW\"],\"url\":\"https:\/\/www.pressenza.com\/de\/author\/ippnw\/\"}]}<\/script>\n<!-- \/ Yoast SEO plugin. -->","yoast_head_json":{"title":"IPPNW warnt vor Atomgefahren aus der Schweiz und stellt Forderungen an die k\u00fcnftige Landesregierung in Baden-W\u00fcrttemberg","description":"Gr\u00fcn-schwarze Koalitionsverhandlungen in Stuttgart Wenige Tage vor dem 40. Jahrestag der Atomkatastrophe von Tschernobyl weisen die atomkritischen","robots":{"index":"index","follow":"follow","max-snippet":"max-snippet:-1","max-image-preview":"max-image-preview:large","max-video-preview":"max-video-preview:-1"},"canonical":"https:\/\/www.pressenza.com\/de\/2026\/04\/ippnw-warnt-vor-atomgefahren-aus-der-schweiz-und-stellt-forderungen-an-die-kuenftige-landesregierung-in-baden-wuerttemberg\/","og_locale":"de_DE","og_type":"article","og_title":"IPPNW warnt vor Atomgefahren aus der Schweiz und stellt Forderungen an die k\u00fcnftige Landesregierung in Baden-W\u00fcrttemberg","og_description":"Gr\u00fcn-schwarze Koalitionsverhandlungen in Stuttgart Wenige Tage vor dem 40. Jahrestag der Atomkatastrophe von Tschernobyl weisen die atomkritischen","og_url":"https:\/\/www.pressenza.com\/de\/2026\/04\/ippnw-warnt-vor-atomgefahren-aus-der-schweiz-und-stellt-forderungen-an-die-kuenftige-landesregierung-in-baden-wuerttemberg\/","og_site_name":"Pressenza","article_publisher":"https:\/\/www.facebook.com\/PressenzaItalia","article_published_time":"2026-04-27T15:52:29+00:00","og_image":[{"width":820,"height":585,"url":"https:\/\/www.pressenza.com\/wp-content\/uploads\/2026\/04\/Leibstadt-1.jpeg","type":"image\/jpeg"}],"author":"International Physicians for the Prevention of Nuclear War","twitter_card":"summary_large_image","twitter_creator":"@IPPNW","twitter_site":"@PressenzaIPA","twitter_misc":{"Verfasst von":"International Physicians for the Prevention of Nuclear War","Gesch\u00e4tzte Lesezeit":"3\u00a0Minuten"},"schema":{"@context":"https:\/\/schema.org","@graph":[{"@type":"Article","@id":"https:\/\/www.pressenza.com\/de\/2026\/04\/ippnw-warnt-vor-atomgefahren-aus-der-schweiz-und-stellt-forderungen-an-die-kuenftige-landesregierung-in-baden-wuerttemberg\/#article","isPartOf":{"@id":"https:\/\/www.pressenza.com\/de\/2026\/04\/ippnw-warnt-vor-atomgefahren-aus-der-schweiz-und-stellt-forderungen-an-die-kuenftige-landesregierung-in-baden-wuerttemberg\/"},"author":{"name":"International Physicians for the Prevention of Nuclear War","@id":"https:\/\/www.pressenza.com\/de\/#\/schema\/person\/7389c2189c7efb5eb07888cb468068aa"},"headline":"IPPNW warnt vor Atomgefahren aus der Schweiz und stellt Forderungen an die k\u00fcnftige Landesregierung in Baden-W\u00fcrttemberg","datePublished":"2026-04-27T15:52:29+00:00","mainEntityOfPage":{"@id":"https:\/\/www.pressenza.com\/de\/2026\/04\/ippnw-warnt-vor-atomgefahren-aus-der-schweiz-und-stellt-forderungen-an-die-kuenftige-landesregierung-in-baden-wuerttemberg\/"},"wordCount":419,"publisher":{"@id":"https:\/\/www.pressenza.com\/de\/#organization"},"image":{"@id":"https:\/\/www.pressenza.com\/de\/2026\/04\/ippnw-warnt-vor-atomgefahren-aus-der-schweiz-und-stellt-forderungen-an-die-kuenftige-landesregierung-in-baden-wuerttemberg\/#primaryimage"},"thumbnailUrl":"https:\/\/www.pressenza.com\/wp-content\/uploads\/2026\/04\/Leibstadt-1.jpeg","keywords":["AKW Leibstadt","Atomkraftwerke","Baden-W\u00fcrttemberg","Schweiz"],"articleSection":["Europa","\u00d6kologie und Umwelt","Politik","Pressemitteilungen"],"inLanguage":"de"},{"@type":"WebPage","@id":"https:\/\/www.pressenza.com\/de\/2026\/04\/ippnw-warnt-vor-atomgefahren-aus-der-schweiz-und-stellt-forderungen-an-die-kuenftige-landesregierung-in-baden-wuerttemberg\/","url":"https:\/\/www.pressenza.com\/de\/2026\/04\/ippnw-warnt-vor-atomgefahren-aus-der-schweiz-und-stellt-forderungen-an-die-kuenftige-landesregierung-in-baden-wuerttemberg\/","name":"IPPNW warnt vor Atomgefahren aus der Schweiz und stellt Forderungen an die k\u00fcnftige Landesregierung in Baden-W\u00fcrttemberg","isPartOf":{"@id":"https:\/\/www.pressenza.com\/de\/#website"},"primaryImageOfPage":{"@id":"https:\/\/www.pressenza.com\/de\/2026\/04\/ippnw-warnt-vor-atomgefahren-aus-der-schweiz-und-stellt-forderungen-an-die-kuenftige-landesregierung-in-baden-wuerttemberg\/#primaryimage"},"image":{"@id":"https:\/\/www.pressenza.com\/de\/2026\/04\/ippnw-warnt-vor-atomgefahren-aus-der-schweiz-und-stellt-forderungen-an-die-kuenftige-landesregierung-in-baden-wuerttemberg\/#primaryimage"},"thumbnailUrl":"https:\/\/www.pressenza.com\/wp-content\/uploads\/2026\/04\/Leibstadt-1.jpeg","datePublished":"2026-04-27T15:52:29+00:00","description":"Gr\u00fcn-schwarze Koalitionsverhandlungen in Stuttgart Wenige Tage vor dem 40. Jahrestag der Atomkatastrophe von Tschernobyl weisen die atomkritischen","breadcrumb":{"@id":"https:\/\/www.pressenza.com\/de\/2026\/04\/ippnw-warnt-vor-atomgefahren-aus-der-schweiz-und-stellt-forderungen-an-die-kuenftige-landesregierung-in-baden-wuerttemberg\/#breadcrumb"},"inLanguage":"de","potentialAction":[{"@type":"ReadAction","target":["https:\/\/www.pressenza.com\/de\/2026\/04\/ippnw-warnt-vor-atomgefahren-aus-der-schweiz-und-stellt-forderungen-an-die-kuenftige-landesregierung-in-baden-wuerttemberg\/"]}]},{"@type":"ImageObject","inLanguage":"de","@id":"https:\/\/www.pressenza.com\/de\/2026\/04\/ippnw-warnt-vor-atomgefahren-aus-der-schweiz-und-stellt-forderungen-an-die-kuenftige-landesregierung-in-baden-wuerttemberg\/#primaryimage","url":"https:\/\/www.pressenza.com\/wp-content\/uploads\/2026\/04\/Leibstadt-1.jpeg","contentUrl":"https:\/\/www.pressenza.com\/wp-content\/uploads\/2026\/04\/Leibstadt-1.jpeg","width":820,"height":585,"caption":"Kernkraftwerk Leibstadt (wikipedia.org)"},{"@type":"BreadcrumbList","@id":"https:\/\/www.pressenza.com\/de\/2026\/04\/ippnw-warnt-vor-atomgefahren-aus-der-schweiz-und-stellt-forderungen-an-die-kuenftige-landesregierung-in-baden-wuerttemberg\/#breadcrumb","itemListElement":[{"@type":"ListItem","position":1,"name":"Accueil","item":"https:\/\/www.pressenza.com\/de\/"},{"@type":"ListItem","position":2,"name":"IPPNW warnt vor Atomgefahren aus der Schweiz und stellt Forderungen an die k\u00fcnftige Landesregierung in Baden-W\u00fcrttemberg"}]},{"@type":"WebSite","@id":"https:\/\/www.pressenza.com\/de\/#website","url":"https:\/\/www.pressenza.com\/de\/","name":"Pressenza","description":"International Press Agency","publisher":{"@id":"https:\/\/www.pressenza.com\/de\/#organization"},"potentialAction":[{"@type":"SearchAction","target":{"@type":"EntryPoint","urlTemplate":"https:\/\/www.pressenza.com\/de\/?s={search_term_string}"},"query-input":{"@type":"PropertyValueSpecification","valueRequired":true,"valueName":"search_term_string"}}],"inLanguage":"de"},{"@type":"Organization","@id":"https:\/\/www.pressenza.com\/de\/#organization","name":"Pressenza","url":"https:\/\/www.pressenza.com\/de\/","logo":{"@type":"ImageObject","inLanguage":"de","@id":"https:\/\/www.pressenza.com\/de\/#\/schema\/logo\/image\/","url":"https:\/\/www.pressenza.com\/wp-content\/uploads\/2022\/10\/pressenza_logo_200x200.jpg","contentUrl":"https:\/\/www.pressenza.com\/wp-content\/uploads\/2022\/10\/pressenza_logo_200x200.jpg","width":200,"height":200,"caption":"Pressenza"},"image":{"@id":"https:\/\/www.pressenza.com\/de\/#\/schema\/logo\/image\/"},"sameAs":["https:\/\/www.facebook.com\/PressenzaItalia","https:\/\/x.com\/PressenzaIPA"]},{"@type":"Person","@id":"https:\/\/www.pressenza.com\/de\/#\/schema\/person\/7389c2189c7efb5eb07888cb468068aa","name":"International Physicians for the Prevention of Nuclear War","description":"IPPNW is a non-partisan federation of national medical groups in 64 countries, representing tens of thousands of doctors, medical students, other health workers, and concerned citizens who share the common goal of creating a more peaceful and secure world freed from the threat of nuclear annihilation. www.ippnw.org","sameAs":["https:\/\/x.com\/IPPNW"],"url":"https:\/\/www.pressenza.com\/de\/author\/ippnw\/"}]}},"place":"","original_article_url":"https:\/\/www.ippnw.de\/presse\/artikel\/de\/ippnw-warnt-vor-atomgefahren-aus-der.html","_links":{"self":[{"href":"https:\/\/www.pressenza.com\/de\/wp-json\/wp\/v2\/posts\/2695958","targetHints":{"allow":["GET"]}}],"collection":[{"href":"https:\/\/www.pressenza.com\/de\/wp-json\/wp\/v2\/posts"}],"about":[{"href":"https:\/\/www.pressenza.com\/de\/wp-json\/wp\/v2\/types\/post"}],"author":[{"embeddable":true,"href":"https:\/\/www.pressenza.com\/de\/wp-json\/wp\/v2\/users\/1211"}],"replies":[{"embeddable":true,"href":"https:\/\/www.pressenza.com\/de\/wp-json\/wp\/v2\/comments?post=2695958"}],"version-history":[{"count":1,"href":"https:\/\/www.pressenza.com\/de\/wp-json\/wp\/v2\/posts\/2695958\/revisions"}],"predecessor-version":[{"id":2695963,"href":"https:\/\/www.pressenza.com\/de\/wp-json\/wp\/v2\/posts\/2695958\/revisions\/2695963"}],"wp:featuredmedia":[{"embeddable":true,"href":"https:\/\/www.pressenza.com\/de\/wp-json\/wp\/v2\/media\/2695965"}],"wp:attachment":[{"href":"https:\/\/www.pressenza.com\/de\/wp-json\/wp\/v2\/media?parent=2695958"}],"wp:term":[{"taxonomy":"category","embeddable":true,"href":"https:\/\/www.pressenza.com\/de\/wp-json\/wp\/v2\/categories?post=2695958"},{"taxonomy":"post_tag","embeddable":true,"href":"https:\/\/www.pressenza.com\/de\/wp-json\/wp\/v2\/tags?post=2695958"}],"curies":[{"name":"wp","href":"https:\/\/api.w.org\/{rel}","templated":true}]}}