{"id":2695896,"date":"2026-04-27T14:35:12","date_gmt":"2026-04-27T13:35:12","guid":{"rendered":"https:\/\/www.pressenza.com\/?p=2695896"},"modified":"2026-04-27T14:35:12","modified_gmt":"2026-04-27T13:35:12","slug":"die-arbeitgeber-entdecken-die-faulen-alten","status":"publish","type":"post","link":"https:\/\/www.pressenza.com\/de\/2026\/04\/die-arbeitgeber-entdecken-die-faulen-alten\/","title":{"rendered":"Die Arbeitgeber entdecken die \u00abfaulen Alten\u00bb"},"content":{"rendered":"<p><em><a href=\"marco.diener@infosperber.ch\" target=\"_blank\" rel=\"noopener\">Marco Diener<\/a> f\u00fcr die Online-Zeitung <a href=\"https:\/\/www.infosperber.ch\/wirtschaft\/die-arbeitgeber-entdecken-die-faulen-alten\/\" target=\"_blank\" rel=\"noopener\">INFOsperber<\/a><\/em><\/p>\n<p><strong>Zu viele von uns arbeiten Teilzeit. Das findet der Arbeitgeberverband. Der volkswirtschaftliche Schaden betrage acht Milliarden.<\/strong><\/p>\n<p>Den Begriff hat wohl die deutsche Bundestagsabgeordnete Gitta Connemann (CDU) erfunden: \u00abLifestyle-Teilzeit\u00bb. Sie hatte den Ausdruck als \u00dcberschrift \u00fcber einen Antrag am Parteitag gesetzt. Inzwischen\u00a0<a href=\"https:\/\/www.zeit.de\/politik\/deutschland\/2026-02\/gitta-connemann-bedauert-lifestyle-teilzeit-cdu-mittelstandsunion-gxe\" target=\"_blank\" rel=\"noreferrer noopener\">bedauert<\/a>\u00a0sie ihre absch\u00e4tzige Wortwahl.<\/p>\n<p>Der Schweizerische Arbeitgeberverband ist da weniger heikel. Mitte April ver\u00f6ffentlichte er einen l\u00e4ngeren\u00a0<a href=\"https:\/\/www.arbeitgeber.ch\/klarsicht-wirtschaft\/teilzeit-als-lifestyle-das-groesste-potenzial-liegt-bei-50-plus-nicht-bei-der-gen-z\/\" target=\"_blank\" rel=\"noreferrer noopener\">Artikel<\/a>\u00a0unter dem Titel: \u00abTeilzeit als Lifestyle? Das gr\u00f6sste Problem liegt bei 50 Plus \u2013 nicht bei der Gen Z.\u00bb Also nicht bei den Jungen, die um die Jahrtausendwende zur Welt gekommen sind, sondern bei den Alten.<\/p>\n<p><strong>\u00abKein Interesse an Vollzeit\u00bb<\/strong><\/p>\n<p>Als \u00abLifestyle-Teilzeitler\u00bb bezeichnet der Arbeitgeberverband diejenigen Leute, die Teilzeit arbeiten, weil sie \u00abschlicht kein Interesse an Vollzeit\u00bb haben. Diesbez\u00fcglich sei \u00abdas Narrativ der \u2039faulen Jungen\u203a\u00bb falsch. Junge w\u00fcrden n\u00e4mlich haupts\u00e4chlich wegen der Aus- und der Weiterbildung in Teilzeit arbeiten, sp\u00e4ter wegen der Kinderbetreuung.<\/p>\n<p>\u00abInteressant wird es danach\u00bb, schreibt der Arbeitgeberverband, \u00abab etwa 50 Jahren steigt der Anteil jener, die angeben, kein Interesse an einer Vollzeitstelle zu haben, und deswegen Teilzeit arbeiten. Sie k\u00f6nnten mehr arbeiten, wollen aber nicht.\u00bb Der Arbeitgeberverband st\u00fctzt sich dabei auf Zahlen aus der Schweizerischen Arbeitskr\u00e4fteerhebung.<\/p>\n<p><strong>\u00abEntgangenes Lohnvolumen von 8 Milliarden\u00bb<\/strong><\/p>\n<p>Der Verband macht auch auf die \u00abvolkswirtschaftlichen Konsequenzen\u00bb der \u00abLifestyle-Teilzeit\u00bb aufmerksam. Er errechnet \u00abein entgangenes Bruttolohnvolumen von rund 8 Milliarden Franken pro Jahr\u00bb. Der gr\u00f6sste Teil dieses Lohnausfalls stamme \u00abvon Erwerbst\u00e4tigen \u00fcber 50 Jahren\u00bb. Und dabei seien entgangene \u00abSteuern und obligatorische Sozialversicherungsbeitr\u00e4ge\u00bb noch nicht einmal ber\u00fccksichtigt.<\/p>\n<p><strong>\u00abNicht mit dem moralischen Zeigefinger\u00bb<\/strong><\/p>\n<p>\u00abEs geht nicht darum\u00bb, schreibt der Arbeitgeberverband, \u00abmit dem moralischen Zeigefinger auf Menschen in Lifestyle-Teilzeit zu zeigen.\u00bb Aber genau das tut er in seinem sechsseitigen Artikel. Ohne es offen auszusprechen, korrigiert er das Bild von den \u00abfaulen Jungen\u00bb und zeichnet gleichzeitig das Bild von den \u00abfaulen Alten\u00bb.<\/p>\n<p>Dabei nutzt der Arbeitgeberverband aus, dass die Befragten im Rahmen der Arbeitskr\u00e4fteerhebung nicht sehr detailliert Auskunft dar\u00fcber geben mussten, warum sie Teilzeit arbeiten. So d\u00fcrften unter dem Grund \u00abKein Interesse an Vollzeit\u00bb alle m\u00f6glichen Entscheidungen und Schicksale subsummiert sein. Von Leuten etwa,<\/p>\n<ul class=\"wp-block-list\">\n<li>die nach fast 50 Jahren harter k\u00f6rperlicher Arbeit nicht mehr Vollzeit arbeiten wollen,<\/li>\n<li>die Zeit f\u00fcr ehrenamtliche T\u00e4tigkeiten aufwenden,<\/li>\n<li>die ausgebrannt sind,<\/li>\n<li>die den Ratschlag, das Pensum vor der Pensionierung langsam zu reduzieren, ernst nehmen.<\/li>\n<\/ul>\n<p><img loading=\"lazy\" decoding=\"async\" class=\"alignnone size-large wp-image-2695897\" src=\"https:\/\/www.pressenza.com\/wp-content\/uploads\/2026\/04\/Faule-Alte-Abbildun1_teilzeit_de-1024x557-1-820x446.png\" alt=\"\" width=\"820\" height=\"446\" \/><\/p>\n<p>Bemerkenswert ist auch, dass sich der Arbeitgeberverband nur mit einem kleinen Teil der Gr\u00fcnde, welche die Leute dazu bringen, Teilzeit zu arbeiten, besch\u00e4ftigt. So hat er eine Grafik mit gerade mal vier Gr\u00fcnden ver\u00f6ffentlicht.<\/p>\n<p>Dabei listet die Arbeitskr\u00e4fteerhebung durchaus noch andere Gr\u00fcnde auf: Krankheit und Behinderung (10 Prozent der alten Teilzeitler), mehrere Arbeitgeber (8 Prozent), Betreuung von pflegebed\u00fcrftigen Erwachsenen (3 Prozent), andere famili\u00e4re Verpflichtungen (10 Prozent), andere pers\u00f6nliche Verpflichtungen (5 Prozent), andere Gr\u00fcnde (22 Prozent).<\/p>\n<p><strong>Gratisarbeit l\u00e4sst sich kaum beziffern<\/strong><\/p>\n<p>Dass mindestens 20 Prozent der \u00fcber 55-J\u00e4hrigen auf ein Vollzeitpensum verzichten, um Gratisarbeit zu leisten, dar\u00fcber schreibt der Arbeitgeberverband nichts. Der Wert dieser Arbeit l\u00e4sst sich ja auch nicht so leicht beziffern. Und damit auch nicht die Gelder, welche die Gemeinwesen dadurch einsparen.<\/p>\n<p>Das Fazit des Arbeitgeberverbandes jedenfalls lautet: Klar sei, \u00abdass die Schweiz auch k\u00fcnftig subsidi\u00e4r auf Zuwanderung in den Arbeitsmarkt angewiesen sein wird\u00bb.<\/p>\n<p>Und als Leser fragt man sich: Macht der Arbeitgeberverband da mit den \u00abfaulen Alten\u00bb gerade Propaganda gegen die SVP-Initiative \u00abKeine 10-Millionen-Schweiz!\u00bb?<\/p>\n","protected":false},"excerpt":{"rendered":"<p>Marco Diener f\u00fcr die Online-Zeitung INFOsperber Zu viele von uns arbeiten Teilzeit. Das findet der Arbeitgeberverband. Der volkswirtschaftliche Schaden betrage acht Milliarden. Den Begriff hat wohl die deutsche Bundestagsabgeordnete Gitta Connemann (CDU) erfunden: \u00abLifestyle-Teilzeit\u00bb. Sie hatte den Ausdruck als \u00dcberschrift&hellip;<\/p>\n","protected":false},"author":1855,"featured_media":2695899,"comment_status":"closed","ping_status":"closed","sticky":false,"template":"","format":"standard","meta":{"footnotes":""},"categories":[9150,9158],"tags":[132317,155978,155980,155979],"class_list":["post-2695896","post","type-post","status-publish","format-standard","has-post-thumbnail","hentry","category-europa-de","category-wirtschaft","tag-arbeitnehmerinnen","tag-gratisarbeit","tag-lifestyle-teilzeit","tag-teilzeitarbeit"],"yoast_head":"<!-- This site is optimized with the Yoast SEO plugin v27.1.1 - https:\/\/yoast.com\/product\/yoast-seo-wordpress\/ -->\n<title>Die Arbeitgeber entdecken die \u00abfaulen Alten\u00bb<\/title>\n<meta name=\"description\" content=\"Marco Diener f\u00fcr die Online-Zeitung INFOsperber Zu viele von uns arbeiten Teilzeit. Das findet der Arbeitgeberverband. Der volkswirtschaftliche Schaden\" \/>\n<meta name=\"robots\" content=\"index, follow, max-snippet:-1, max-image-preview:large, max-video-preview:-1\" \/>\n<link rel=\"canonical\" href=\"https:\/\/www.pressenza.com\/de\/2026\/04\/die-arbeitgeber-entdecken-die-faulen-alten\/\" \/>\n<meta property=\"og:locale\" content=\"de_DE\" \/>\n<meta property=\"og:type\" content=\"article\" \/>\n<meta property=\"og:title\" content=\"Die Arbeitgeber entdecken die \u00abfaulen Alten\u00bb\" \/>\n<meta property=\"og:description\" content=\"Marco Diener f\u00fcr die Online-Zeitung INFOsperber Zu viele von uns arbeiten Teilzeit. Das findet der Arbeitgeberverband. Der volkswirtschaftliche Schaden\" \/>\n<meta property=\"og:url\" content=\"https:\/\/www.pressenza.com\/de\/2026\/04\/die-arbeitgeber-entdecken-die-faulen-alten\/\" \/>\n<meta property=\"og:site_name\" content=\"Pressenza\" \/>\n<meta property=\"article:publisher\" content=\"https:\/\/www.facebook.com\/PressenzaItalia\" \/>\n<meta property=\"article:published_time\" content=\"2026-04-27T13:35:12+00:00\" \/>\n<meta property=\"og:image\" content=\"https:\/\/www.pressenza.com\/wp-content\/uploads\/2026\/04\/Faule-Alte-Depositphotos_157321944_XL-1024x615-1-e1777296602883.png\" \/>\n\t<meta property=\"og:image:width\" content=\"960\" \/>\n\t<meta property=\"og:image:height\" content=\"577\" \/>\n\t<meta property=\"og:image:type\" content=\"image\/png\" \/>\n<meta name=\"author\" content=\"INFOsperber\" \/>\n<meta name=\"twitter:card\" content=\"summary_large_image\" \/>\n<meta name=\"twitter:creator\" content=\"@PressenzaIPA\" \/>\n<meta name=\"twitter:site\" content=\"@PressenzaIPA\" \/>\n<meta name=\"twitter:label1\" content=\"Verfasst von\" \/>\n\t<meta name=\"twitter:data1\" content=\"INFOsperber\" \/>\n\t<meta name=\"twitter:label2\" content=\"Gesch\u00e4tzte Lesezeit\" \/>\n\t<meta name=\"twitter:data2\" content=\"4\u00a0Minuten\" \/>\n<script type=\"application\/ld+json\" class=\"yoast-schema-graph\">{\"@context\":\"https:\/\/schema.org\",\"@graph\":[{\"@type\":\"Article\",\"@id\":\"https:\/\/www.pressenza.com\/de\/2026\/04\/die-arbeitgeber-entdecken-die-faulen-alten\/#article\",\"isPartOf\":{\"@id\":\"https:\/\/www.pressenza.com\/de\/2026\/04\/die-arbeitgeber-entdecken-die-faulen-alten\/\"},\"author\":{\"name\":\"INFOsperber\",\"@id\":\"https:\/\/www.pressenza.com\/de\/#\/schema\/person\/77735f6583e3041b31ebc7b93a284357\"},\"headline\":\"Die Arbeitgeber entdecken die \u00abfaulen Alten\u00bb\",\"datePublished\":\"2026-04-27T13:35:12+00:00\",\"mainEntityOfPage\":{\"@id\":\"https:\/\/www.pressenza.com\/de\/2026\/04\/die-arbeitgeber-entdecken-die-faulen-alten\/\"},\"wordCount\":573,\"publisher\":{\"@id\":\"https:\/\/www.pressenza.com\/de\/#organization\"},\"image\":{\"@id\":\"https:\/\/www.pressenza.com\/de\/2026\/04\/die-arbeitgeber-entdecken-die-faulen-alten\/#primaryimage\"},\"thumbnailUrl\":\"https:\/\/www.pressenza.com\/wp-content\/uploads\/2026\/04\/Faule-Alte-Depositphotos_157321944_XL-1024x615-1-e1777296602883.png\",\"keywords\":[\"Arbeitnehmer:innen\",\"Gratisarbeit\",\"Lifestyle-Teilzeit\",\"Teilzeitarbeit\"],\"articleSection\":[\"Europa\",\"Wirtschaft\"],\"inLanguage\":\"de\"},{\"@type\":\"WebPage\",\"@id\":\"https:\/\/www.pressenza.com\/de\/2026\/04\/die-arbeitgeber-entdecken-die-faulen-alten\/\",\"url\":\"https:\/\/www.pressenza.com\/de\/2026\/04\/die-arbeitgeber-entdecken-die-faulen-alten\/\",\"name\":\"Die Arbeitgeber entdecken die \u00abfaulen Alten\u00bb\",\"isPartOf\":{\"@id\":\"https:\/\/www.pressenza.com\/de\/#website\"},\"primaryImageOfPage\":{\"@id\":\"https:\/\/www.pressenza.com\/de\/2026\/04\/die-arbeitgeber-entdecken-die-faulen-alten\/#primaryimage\"},\"image\":{\"@id\":\"https:\/\/www.pressenza.com\/de\/2026\/04\/die-arbeitgeber-entdecken-die-faulen-alten\/#primaryimage\"},\"thumbnailUrl\":\"https:\/\/www.pressenza.com\/wp-content\/uploads\/2026\/04\/Faule-Alte-Depositphotos_157321944_XL-1024x615-1-e1777296602883.png\",\"datePublished\":\"2026-04-27T13:35:12+00:00\",\"description\":\"Marco Diener f\u00fcr die Online-Zeitung INFOsperber Zu viele von uns arbeiten Teilzeit. Das findet der Arbeitgeberverband. Der volkswirtschaftliche Schaden\",\"breadcrumb\":{\"@id\":\"https:\/\/www.pressenza.com\/de\/2026\/04\/die-arbeitgeber-entdecken-die-faulen-alten\/#breadcrumb\"},\"inLanguage\":\"de\",\"potentialAction\":[{\"@type\":\"ReadAction\",\"target\":[\"https:\/\/www.pressenza.com\/de\/2026\/04\/die-arbeitgeber-entdecken-die-faulen-alten\/\"]}]},{\"@type\":\"ImageObject\",\"inLanguage\":\"de\",\"@id\":\"https:\/\/www.pressenza.com\/de\/2026\/04\/die-arbeitgeber-entdecken-die-faulen-alten\/#primaryimage\",\"url\":\"https:\/\/www.pressenza.com\/wp-content\/uploads\/2026\/04\/Faule-Alte-Depositphotos_157321944_XL-1024x615-1-e1777296602883.png\",\"contentUrl\":\"https:\/\/www.pressenza.com\/wp-content\/uploads\/2026\/04\/Faule-Alte-Depositphotos_157321944_XL-1024x615-1-e1777296602883.png\",\"width\":960,\"height\":577},{\"@type\":\"BreadcrumbList\",\"@id\":\"https:\/\/www.pressenza.com\/de\/2026\/04\/die-arbeitgeber-entdecken-die-faulen-alten\/#breadcrumb\",\"itemListElement\":[{\"@type\":\"ListItem\",\"position\":1,\"name\":\"Accueil\",\"item\":\"https:\/\/www.pressenza.com\/de\/\"},{\"@type\":\"ListItem\",\"position\":2,\"name\":\"Die Arbeitgeber entdecken die \u00abfaulen Alten\u00bb\"}]},{\"@type\":\"WebSite\",\"@id\":\"https:\/\/www.pressenza.com\/de\/#website\",\"url\":\"https:\/\/www.pressenza.com\/de\/\",\"name\":\"Pressenza\",\"description\":\"International Press Agency\",\"publisher\":{\"@id\":\"https:\/\/www.pressenza.com\/de\/#organization\"},\"potentialAction\":[{\"@type\":\"SearchAction\",\"target\":{\"@type\":\"EntryPoint\",\"urlTemplate\":\"https:\/\/www.pressenza.com\/de\/?s={search_term_string}\"},\"query-input\":{\"@type\":\"PropertyValueSpecification\",\"valueRequired\":true,\"valueName\":\"search_term_string\"}}],\"inLanguage\":\"de\"},{\"@type\":\"Organization\",\"@id\":\"https:\/\/www.pressenza.com\/de\/#organization\",\"name\":\"Pressenza\",\"url\":\"https:\/\/www.pressenza.com\/de\/\",\"logo\":{\"@type\":\"ImageObject\",\"inLanguage\":\"de\",\"@id\":\"https:\/\/www.pressenza.com\/de\/#\/schema\/logo\/image\/\",\"url\":\"https:\/\/www.pressenza.com\/wp-content\/uploads\/2022\/10\/pressenza_logo_200x200.jpg\",\"contentUrl\":\"https:\/\/www.pressenza.com\/wp-content\/uploads\/2022\/10\/pressenza_logo_200x200.jpg\",\"width\":200,\"height\":200,\"caption\":\"Pressenza\"},\"image\":{\"@id\":\"https:\/\/www.pressenza.com\/de\/#\/schema\/logo\/image\/\"},\"sameAs\":[\"https:\/\/www.facebook.com\/PressenzaItalia\",\"https:\/\/x.com\/PressenzaIPA\"]},{\"@type\":\"Person\",\"@id\":\"https:\/\/www.pressenza.com\/de\/#\/schema\/person\/77735f6583e3041b31ebc7b93a284357\",\"name\":\"INFOsperber\",\"description\":\"Infosperber.ch - sieht, was andere \u00fcbersehen Die Schweizer Internet-Zeitung richtet sich an Entscheidungstr\u00e4ger in Gesellschaft, Wirtschaft und Politik sowie alle, die erg\u00e4nzende Informationen zu den grossen Medien suchen. Infosperber will die grossen Informations-Medien nicht konkurrenzieren, sondern diese erg\u00e4nzen. \u00a9 Das Weiterverbreiten s\u00e4mtlicher auf dem gemeinn\u00fctzigen Portal www.infosperber.ch enthaltenen Texte ist ohne Kostenfolge erlaubt, sofern die Texte integral ohne K\u00fcrzung und mit Quellenangaben (Autor und \u00abInfosperber\u00bb) verbreitet werden. Bei einer Online-Nutzung ist die Quellenangabe m\u00f6glichst schon am Anfang des Artikels mit einem Link auf infosperber.ch zu versehen. F\u00fcr das Verbreiten von gek\u00fcrzten oder abge\u00e4nderten Texten ist das schriftliche Einverst\u00e4ndnis der AutorInnen erforderlich.\",\"sameAs\":[\"https:\/\/www.infosperber.ch\/\"],\"url\":\"https:\/\/www.pressenza.com\/de\/author\/infosperber\/\"}]}<\/script>\n<!-- \/ Yoast SEO plugin. -->","yoast_head_json":{"title":"Die Arbeitgeber entdecken die \u00abfaulen Alten\u00bb","description":"Marco Diener f\u00fcr die Online-Zeitung INFOsperber Zu viele von uns arbeiten Teilzeit. Das findet der Arbeitgeberverband. Der volkswirtschaftliche Schaden","robots":{"index":"index","follow":"follow","max-snippet":"max-snippet:-1","max-image-preview":"max-image-preview:large","max-video-preview":"max-video-preview:-1"},"canonical":"https:\/\/www.pressenza.com\/de\/2026\/04\/die-arbeitgeber-entdecken-die-faulen-alten\/","og_locale":"de_DE","og_type":"article","og_title":"Die Arbeitgeber entdecken die \u00abfaulen Alten\u00bb","og_description":"Marco Diener f\u00fcr die Online-Zeitung INFOsperber Zu viele von uns arbeiten Teilzeit. Das findet der Arbeitgeberverband. Der volkswirtschaftliche Schaden","og_url":"https:\/\/www.pressenza.com\/de\/2026\/04\/die-arbeitgeber-entdecken-die-faulen-alten\/","og_site_name":"Pressenza","article_publisher":"https:\/\/www.facebook.com\/PressenzaItalia","article_published_time":"2026-04-27T13:35:12+00:00","og_image":[{"width":960,"height":577,"url":"https:\/\/www.pressenza.com\/wp-content\/uploads\/2026\/04\/Faule-Alte-Depositphotos_157321944_XL-1024x615-1-e1777296602883.png","type":"image\/png"}],"author":"INFOsperber","twitter_card":"summary_large_image","twitter_creator":"@PressenzaIPA","twitter_site":"@PressenzaIPA","twitter_misc":{"Verfasst von":"INFOsperber","Gesch\u00e4tzte Lesezeit":"4\u00a0Minuten"},"schema":{"@context":"https:\/\/schema.org","@graph":[{"@type":"Article","@id":"https:\/\/www.pressenza.com\/de\/2026\/04\/die-arbeitgeber-entdecken-die-faulen-alten\/#article","isPartOf":{"@id":"https:\/\/www.pressenza.com\/de\/2026\/04\/die-arbeitgeber-entdecken-die-faulen-alten\/"},"author":{"name":"INFOsperber","@id":"https:\/\/www.pressenza.com\/de\/#\/schema\/person\/77735f6583e3041b31ebc7b93a284357"},"headline":"Die Arbeitgeber entdecken die \u00abfaulen Alten\u00bb","datePublished":"2026-04-27T13:35:12+00:00","mainEntityOfPage":{"@id":"https:\/\/www.pressenza.com\/de\/2026\/04\/die-arbeitgeber-entdecken-die-faulen-alten\/"},"wordCount":573,"publisher":{"@id":"https:\/\/www.pressenza.com\/de\/#organization"},"image":{"@id":"https:\/\/www.pressenza.com\/de\/2026\/04\/die-arbeitgeber-entdecken-die-faulen-alten\/#primaryimage"},"thumbnailUrl":"https:\/\/www.pressenza.com\/wp-content\/uploads\/2026\/04\/Faule-Alte-Depositphotos_157321944_XL-1024x615-1-e1777296602883.png","keywords":["Arbeitnehmer:innen","Gratisarbeit","Lifestyle-Teilzeit","Teilzeitarbeit"],"articleSection":["Europa","Wirtschaft"],"inLanguage":"de"},{"@type":"WebPage","@id":"https:\/\/www.pressenza.com\/de\/2026\/04\/die-arbeitgeber-entdecken-die-faulen-alten\/","url":"https:\/\/www.pressenza.com\/de\/2026\/04\/die-arbeitgeber-entdecken-die-faulen-alten\/","name":"Die Arbeitgeber entdecken die \u00abfaulen Alten\u00bb","isPartOf":{"@id":"https:\/\/www.pressenza.com\/de\/#website"},"primaryImageOfPage":{"@id":"https:\/\/www.pressenza.com\/de\/2026\/04\/die-arbeitgeber-entdecken-die-faulen-alten\/#primaryimage"},"image":{"@id":"https:\/\/www.pressenza.com\/de\/2026\/04\/die-arbeitgeber-entdecken-die-faulen-alten\/#primaryimage"},"thumbnailUrl":"https:\/\/www.pressenza.com\/wp-content\/uploads\/2026\/04\/Faule-Alte-Depositphotos_157321944_XL-1024x615-1-e1777296602883.png","datePublished":"2026-04-27T13:35:12+00:00","description":"Marco Diener f\u00fcr die Online-Zeitung INFOsperber Zu viele von uns arbeiten Teilzeit. Das findet der Arbeitgeberverband. Der volkswirtschaftliche Schaden","breadcrumb":{"@id":"https:\/\/www.pressenza.com\/de\/2026\/04\/die-arbeitgeber-entdecken-die-faulen-alten\/#breadcrumb"},"inLanguage":"de","potentialAction":[{"@type":"ReadAction","target":["https:\/\/www.pressenza.com\/de\/2026\/04\/die-arbeitgeber-entdecken-die-faulen-alten\/"]}]},{"@type":"ImageObject","inLanguage":"de","@id":"https:\/\/www.pressenza.com\/de\/2026\/04\/die-arbeitgeber-entdecken-die-faulen-alten\/#primaryimage","url":"https:\/\/www.pressenza.com\/wp-content\/uploads\/2026\/04\/Faule-Alte-Depositphotos_157321944_XL-1024x615-1-e1777296602883.png","contentUrl":"https:\/\/www.pressenza.com\/wp-content\/uploads\/2026\/04\/Faule-Alte-Depositphotos_157321944_XL-1024x615-1-e1777296602883.png","width":960,"height":577},{"@type":"BreadcrumbList","@id":"https:\/\/www.pressenza.com\/de\/2026\/04\/die-arbeitgeber-entdecken-die-faulen-alten\/#breadcrumb","itemListElement":[{"@type":"ListItem","position":1,"name":"Accueil","item":"https:\/\/www.pressenza.com\/de\/"},{"@type":"ListItem","position":2,"name":"Die Arbeitgeber entdecken die \u00abfaulen Alten\u00bb"}]},{"@type":"WebSite","@id":"https:\/\/www.pressenza.com\/de\/#website","url":"https:\/\/www.pressenza.com\/de\/","name":"Pressenza","description":"International Press Agency","publisher":{"@id":"https:\/\/www.pressenza.com\/de\/#organization"},"potentialAction":[{"@type":"SearchAction","target":{"@type":"EntryPoint","urlTemplate":"https:\/\/www.pressenza.com\/de\/?s={search_term_string}"},"query-input":{"@type":"PropertyValueSpecification","valueRequired":true,"valueName":"search_term_string"}}],"inLanguage":"de"},{"@type":"Organization","@id":"https:\/\/www.pressenza.com\/de\/#organization","name":"Pressenza","url":"https:\/\/www.pressenza.com\/de\/","logo":{"@type":"ImageObject","inLanguage":"de","@id":"https:\/\/www.pressenza.com\/de\/#\/schema\/logo\/image\/","url":"https:\/\/www.pressenza.com\/wp-content\/uploads\/2022\/10\/pressenza_logo_200x200.jpg","contentUrl":"https:\/\/www.pressenza.com\/wp-content\/uploads\/2022\/10\/pressenza_logo_200x200.jpg","width":200,"height":200,"caption":"Pressenza"},"image":{"@id":"https:\/\/www.pressenza.com\/de\/#\/schema\/logo\/image\/"},"sameAs":["https:\/\/www.facebook.com\/PressenzaItalia","https:\/\/x.com\/PressenzaIPA"]},{"@type":"Person","@id":"https:\/\/www.pressenza.com\/de\/#\/schema\/person\/77735f6583e3041b31ebc7b93a284357","name":"INFOsperber","description":"Infosperber.ch - sieht, was andere \u00fcbersehen Die Schweizer Internet-Zeitung richtet sich an Entscheidungstr\u00e4ger in Gesellschaft, Wirtschaft und Politik sowie alle, die erg\u00e4nzende Informationen zu den grossen Medien suchen. Infosperber will die grossen Informations-Medien nicht konkurrenzieren, sondern diese erg\u00e4nzen. \u00a9 Das Weiterverbreiten s\u00e4mtlicher auf dem gemeinn\u00fctzigen Portal www.infosperber.ch enthaltenen Texte ist ohne Kostenfolge erlaubt, sofern die Texte integral ohne K\u00fcrzung und mit Quellenangaben (Autor und \u00abInfosperber\u00bb) verbreitet werden. Bei einer Online-Nutzung ist die Quellenangabe m\u00f6glichst schon am Anfang des Artikels mit einem Link auf infosperber.ch zu versehen. F\u00fcr das Verbreiten von gek\u00fcrzten oder abge\u00e4nderten Texten ist das schriftliche Einverst\u00e4ndnis der AutorInnen erforderlich.","sameAs":["https:\/\/www.infosperber.ch\/"],"url":"https:\/\/www.pressenza.com\/de\/author\/infosperber\/"}]}},"place":"Schweiz","original_article_url":"https:\/\/www.infosperber.ch\/wirtschaft\/die-arbeitgeber-entdecken-die-faulen-alten\/","_links":{"self":[{"href":"https:\/\/www.pressenza.com\/de\/wp-json\/wp\/v2\/posts\/2695896","targetHints":{"allow":["GET"]}}],"collection":[{"href":"https:\/\/www.pressenza.com\/de\/wp-json\/wp\/v2\/posts"}],"about":[{"href":"https:\/\/www.pressenza.com\/de\/wp-json\/wp\/v2\/types\/post"}],"author":[{"embeddable":true,"href":"https:\/\/www.pressenza.com\/de\/wp-json\/wp\/v2\/users\/1855"}],"replies":[{"embeddable":true,"href":"https:\/\/www.pressenza.com\/de\/wp-json\/wp\/v2\/comments?post=2695896"}],"version-history":[{"count":1,"href":"https:\/\/www.pressenza.com\/de\/wp-json\/wp\/v2\/posts\/2695896\/revisions"}],"predecessor-version":[{"id":2695898,"href":"https:\/\/www.pressenza.com\/de\/wp-json\/wp\/v2\/posts\/2695896\/revisions\/2695898"}],"wp:featuredmedia":[{"embeddable":true,"href":"https:\/\/www.pressenza.com\/de\/wp-json\/wp\/v2\/media\/2695899"}],"wp:attachment":[{"href":"https:\/\/www.pressenza.com\/de\/wp-json\/wp\/v2\/media?parent=2695896"}],"wp:term":[{"taxonomy":"category","embeddable":true,"href":"https:\/\/www.pressenza.com\/de\/wp-json\/wp\/v2\/categories?post=2695896"},{"taxonomy":"post_tag","embeddable":true,"href":"https:\/\/www.pressenza.com\/de\/wp-json\/wp\/v2\/tags?post=2695896"}],"curies":[{"name":"wp","href":"https:\/\/api.w.org\/{rel}","templated":true}]}}