{"id":2695610,"date":"2026-04-26T10:15:30","date_gmt":"2026-04-26T09:15:30","guid":{"rendered":"https:\/\/www.pressenza.com\/?p=2695610"},"modified":"2026-04-26T10:15:30","modified_gmt":"2026-04-26T09:15:30","slug":"rueckverbinden-mit-mir-und-der-welt","status":"publish","type":"post","link":"https:\/\/www.pressenza.com\/de\/2026\/04\/rueckverbinden-mit-mir-und-der-welt\/","title":{"rendered":"R\u00fcckverbinden mit mir und der Welt"},"content":{"rendered":"<p><strong>Wie kann ich mich (wieder) beheimaten in einer Welt voller Krisen und Br\u00fcche? Wie kann ich meine Sorge f\u00fcr die Welt wahrnehmen und damit handlungsf\u00e4hig werden oder bleiben? Und was kann Menschen auf diesem Weg unterst\u00fctzen? Priska Lang und Alina Schlotter sind Teil von Kollektiven, die zu diesen Fragen gemeinschaftsgetragene Jahresbegleitungen geschaffen haben. Maria K\u00f6nig sprach mit ihnen \u00fcber ihre Erfahrungen aus dem ersten Jahr, \u00fcber sch\u00f6ne Momente und Herausforderungen.<\/strong><\/p>\n<p><strong>Maria K\u00f6nig: Wie hei\u00dfen eure Projekte und was macht ihr?<\/strong><\/p>\n<p><strong>Priska Lang<\/strong>: Gemeinsam mit drei Freundinnen &#8211; Jelena Auracher, Katrin Godehardt und Oya-Redakteurin Luisa Kleine &#8211; habe ich letztes Jahr \u00bbHolles Rad\u00ab mitgegr\u00fcndet. Wir verschicken acht Mal im Jahr Briefe mit Kunst und Geschichten und laden dazu ein, sich mit dem Jahreszyklus und seinen Phasen und Qualit\u00e4ten zu verbinden. Statt anzunehmen, dass Menschen immer gleich getaktet funktionieren k\u00f6nnten, erforschen wir im Jahreslauf, welche Zeiten zum Ruhen oder Aktivsein einladen. Mit Austauschr\u00e4umen und der Anregung, sich in Kleingruppen zu vernetzen, m\u00f6chten wir daf\u00fcr sorgen, dass es nicht nur eine zyklische und k\u00fcnstlerische Reise durchs Jahr ist, sondern auch eine gemeinschaftliche. Neben der R\u00fcckverbindung mit dem Zyklischen geht es uns auch um die Verbindung mit der Gesellschaft und der Welt, wie wir sie gerade erleben: mit ihren Br\u00fcchen, die uns und unsere Geschichte gepr\u00e4gt haben. So spielen auch politische Themen wie die Hexenverfolgung der Fr\u00fchen Neuzeit oder die Arbeitsk\u00e4mpfe seit dem 19. Jahrhundert eine Rolle.<\/p>\n<p><strong>Alina Schlotter:<\/strong> Darum geht es uns auch. Ich habe mich mit zwei befreundeten Menschen &#8211; Mira Klepfer und Milena Fendler, urspr\u00fcnglich sogar noch zwei weiteren &#8211; zusammengetan, und wir haben unser Projekt \u00bbWeltbewegen(d)\u00ab genannt: ein Wortspiel aus \u00bbwir bewegen die Welt\u00ab und \u00bbdie Welt bewegt uns\u00ab. Die Basis ist die Tiefen\u00f6kologie nach Joanna Macy, die wir mit somatischer K\u00f6rperarbeit verbinden. Wir haben es als f\u00fcnfteilige Jahresreise mit physischen Zusammenk\u00fcnften drau\u00dfen mit der mehr-als-menschlichen Welt geplant. Diese Arbeit scheint uns dienlich, um mitf\u00fchlend und handlungsf\u00e4hig zu werden und herauszufinden, wo der eigene Platz in der Welt ist. Es geht uns um eine Wiederverbindung mit der inneren und \u00e4u\u00dferen Natur und darum, wie wir dieses Wahrnehmen in unseren Alltag integrieren k\u00f6nnen.<\/p>\n<p><strong>MK:<\/strong> <strong>Eure Ans\u00e4tze erinnern mich an die Jahreskreisgeschichten in unseren Oya-Almanachen. Wie hat diese Arbeit eure Alltage ver\u00e4ndert?<\/strong><\/p>\n<p><strong>AS:<\/strong> Einmal war ich in einer besonders tiefen Krise wegen des Weltgeschehens und hatte gro\u00dfe Existenz\u00e4ngste. Vor meinem inneren Auge sah ich ein Blackout-Szenario und wusste pl\u00f6tzlich, ich w\u00fcrde zu einem Kreis einladen, in dem wir uns mit dem Schmerz verbinden k\u00f6nnten, aber auch mit der Sch\u00f6nheit des Lebens. Meine Kapazit\u00e4t, all diese intensiven Gef\u00fchle in mir flie\u00dfen zu lassen, ohne sie zu d\u00e4mpfen, mich zu bet\u00e4uben oder mich zu verschlie\u00dfen, hat sich geweitet. Diese Arbeit ist, was mich tr\u00e4gt.<\/p>\n<p><strong>PL:<\/strong> Mir hilft \u00bbHolles Rad\u00ab, mich mit der Landschaft, in der ich lebe, zu verbinden. F\u00fcr unser Projekt haben wir uns intensiv mit der Holle auseinandergesetzt, die hier im Werra-Meissner-Kreis in vorchristlicher Zeit als G\u00f6ttin verehrt wurde. Ihrer Spur zu folgen, bedeutet f\u00fcr mich und die anderen, uns in die Landschaft, Mythologie und Geschichten hier einzubetten. Wir haben uns gefragt, was uns diese Figur hier und heute lehren und sagen kann. Blicke ich auf das vergangene Jahr zur\u00fcck, merke ich, dass mein Empfinden f\u00fcr den jeweiligen Punkt, an dem ich mich gerade im Jahreskreis befinde, viel intensiver geworden ist.<\/p>\n<p><strong>MK:<\/strong> <strong>Was war besonders sch\u00f6n im letzten Jahr?<\/strong><\/p>\n<p><strong>PL:<\/strong> Das war f\u00fcr mich, Zeit im Zyklus k\u00fcnstlerisch erforschen und zusammen mit den anderen im Team so frei gestalten zu k\u00f6nnen. Auch, dass wir Holles Rad gemeinschaftsgetragen finanzieren und dabei sowohl untereinander als auch mit den Teilnehmenden bed\u00fcrfnisorientiert schauen, was alle brauchen und geben k\u00f6nnen, so dass es ihnen gutgeht, hat mich sehr ber\u00fchrt.<\/p>\n<p><strong>AS:<\/strong> Die Arbeit hat etwas zutiefst Lebensbejahendes. Ich erinnere mich an einen Teilnehmer, der sich in der Permakultur engagierte und Kinder zum G\u00e4rtnern einlud. Er hatte Sorge, nicht genug zu tun, weil er nicht als Aktivist auf die Stra\u00dfe ging. Die Perspektive, dass ja gerade die F\u00fcrsorge dem Leben dient und einfach eine andere Weise von Aktivismus ist, hat ihn in seinem Tun best\u00e4rkt.<\/p>\n<p><strong>MK: Was war herausfordernd?<\/strong><\/p>\n<p><strong>AS:<\/strong> Wir haben das sehr gro\u00df aufgezogen, mussten die Jahresreise letztlich aber in voneinander unabh\u00e4ngige Workshops aufteilen, weil sich zu wenige f\u00fcr den ganzen Bogen angemeldet hatten. Auch mit der solidarischen Finanzierung waren wir wagemutig. F\u00fcr manche war das einladend, f\u00fcr manche zu unsicher und abschreckend. Statt einer gro\u00dfen gemeinsamen Finanzierung sind wir mit den einzelnen Seminaren an den Punkt gelangt, dass ein Fixpreis f\u00fcr Unterkunft und Verpflegung zustande kam, der Rest wurde durch Spenden aufgebracht. Nat\u00fcrlich war das auch entt\u00e4uschend, aber es war ein guter Lernprozess. Dass wir uns als Bezugsgruppe haben, einander mitbekommen, hat uns dabei Sicherheit gegeben.<\/p>\n<p><strong>PL:<\/strong> Da ich in meinem Leben schon viel unbezahlte Arbeit tue, war klar, dass ich dieses Projekt nicht unentgeltlich machen kann. Wir alle w\u00fcnschen uns, dass \u00bbHolles Rad\u00ab langfristig einen Teil unserer finanziellen Bedarfe deckt. Im letzten Jahr sind wir mit einem gro\u00dfen Vertrauensvorschuss gestartet. Wir wussten nicht, ob wir am Ende die Kosten decken k\u00f6nnen. \u00fcber das Jahr sind noch Menschen dazu gekommen, aber am Ende hat doch Geld gefehlt. In der Situation haben wir bed\u00fcrfnisorientiert geschaut, wer sich auch anderweitig finanzieren kann, damit die, f\u00fcr die es finanziell enger war, ihre Honorare bekommen k\u00f6nnen. Auch wenn es anders war als gedacht, war das eine sch\u00f6ne Erfahrung. In diesem Jahr haben sich schon etwa 250 Menschen angemeldet und ich bin zuversichtlich, dass wir diesmal nicht auf unsere Honorare verzichten m\u00fcssen.<\/p>\n<p>Dar\u00fcber hinaus sto\u00dfen wir in unserem Ansatz des Wiederverbindens auch auf Widerspr\u00fcche und Br\u00fcche in uns selbst. In unserem Team sind alle wei\u00df und stehen am Anfang ihrer Auseinandersetzung mit dem eigenen Wei\u00dfsein, dem Verstehen wei\u00dfer Vorherrschaft und dem Weg von Dekolonialisierung. Das bedeutet auch, dass wir vieles noch nicht sehen. Die Aktivistin Tabea Tabazah hat uns hier immer wieder Feedback gegeben. Das war f\u00fcr uns sehr hilfreich und f\u00fcr sie in ihrer Positionierung als BIPOC leider sehr schmerzhaft. Dass wir durch unser Handeln Strukturen von Unterdr\u00fcckung und Schmerz reproduzieren, tut uns leid und schmerzt auch uns. Uns ist wichtig, an dieser Stelle weiter zu lernen, um verantwortungsvoller handeln zu k\u00f6nnen.<\/p>\n<p><strong>MK: Wie blickt ihr dem neuen Jahr entgegen?<\/strong><\/p>\n<p><strong>PL:<\/strong> Ich w\u00fcrde sagen: bekanntere Fahrwasser, eingespielteres Team und Freude, kreativ zu werden.<\/p>\n<p><strong>AS:<\/strong> Wir wollen auf jeden Fall weitermachen und haben Lust dazu, erst einmal eher regional kleinere Formate anzubieten. Aus dem Trubel des vergangenen Jahres ist ein N\u00e4hrboden f\u00fcr etwas Zarteres in diesem Jahr entstanden. Wir wollen schauen und lauschen, was sich entfaltet, und Schritt f\u00fcr Schritt dorthin gehen, von wo Impulse und Einladungen kommen.<\/p>\n<p><strong>MK: Vielen Dank, dass ihr eure Erfahrungen mit uns teilt!<\/strong><\/p>\n<p><a href=\"https:\/\/www.hollesrad.com\/\" target=\"_blank\" rel=\"noopener\">hollesrad.com<\/a><\/p>\n<p><a href=\"http:\/\/weltbewegend-kollektiv.de\" target=\"_blank\" rel=\"noopener\">weltbewegend-kollektiv.de<\/a><\/p>\n","protected":false},"excerpt":{"rendered":"<p>Wie kann ich mich (wieder) beheimaten in einer Welt voller Krisen und Br\u00fcche? Wie kann ich meine Sorge f\u00fcr die Welt wahrnehmen und damit handlungsf\u00e4hig werden oder bleiben? Und was kann Menschen auf diesem Weg unterst\u00fctzen? Priska Lang und Alina&hellip;<\/p>\n","protected":false},"author":2604,"featured_media":2695623,"comment_status":"closed","ping_status":"closed","sticky":false,"template":"","format":"standard","meta":{"footnotes":""},"categories":[9150,153532,9142,66461],"tags":[155906,9182,155905,78026,155907],"class_list":["post-2695610","post","type-post","status-publish","format-standard","has-post-thumbnail","hentry","category-europa-de","category-gemeinschaft","category-interviews-de","category-kunst","tag-beheimaten","tag-deutschland","tag-jahreszyklus","tag-kollektiv","tag-rueckverbinden"],"yoast_head":"<!-- This site is optimized with the Yoast SEO plugin v27.1.1 - https:\/\/yoast.com\/product\/yoast-seo-wordpress\/ -->\n<title>R\u00fcckverbinden mit mir und der Welt<\/title>\n<meta name=\"description\" content=\"Wie kann ich mich (wieder) beheimaten in einer Welt voller Krisen und Br\u00fcche? Wie kann ich meine Sorge f\u00fcr die Welt wahrnehmen und damit handlungsf\u00e4hig\" \/>\n<meta name=\"robots\" content=\"index, follow, max-snippet:-1, max-image-preview:large, max-video-preview:-1\" \/>\n<link rel=\"canonical\" href=\"https:\/\/www.pressenza.com\/de\/2026\/04\/rueckverbinden-mit-mir-und-der-welt\/\" \/>\n<meta property=\"og:locale\" content=\"de_DE\" \/>\n<meta property=\"og:type\" content=\"article\" \/>\n<meta property=\"og:title\" content=\"R\u00fcckverbinden mit mir und der Welt\" \/>\n<meta property=\"og:description\" content=\"Wie kann ich mich (wieder) beheimaten in einer Welt voller Krisen und Br\u00fcche? Wie kann ich meine Sorge f\u00fcr die Welt wahrnehmen und damit handlungsf\u00e4hig\" \/>\n<meta property=\"og:url\" content=\"https:\/\/www.pressenza.com\/de\/2026\/04\/rueckverbinden-mit-mir-und-der-welt\/\" \/>\n<meta property=\"og:site_name\" content=\"Pressenza\" \/>\n<meta property=\"article:publisher\" content=\"https:\/\/www.facebook.com\/PressenzaItalia\" \/>\n<meta property=\"article:published_time\" content=\"2026-04-26T09:15:30+00:00\" \/>\n<meta property=\"og:image\" content=\"https:\/\/www.pressenza.com\/wp-content\/uploads\/2026\/04\/cnt_wd-01-collage.jpg\" \/>\n\t<meta property=\"og:image:width\" content=\"800\" \/>\n\t<meta property=\"og:image:height\" content=\"533\" \/>\n\t<meta property=\"og:image:type\" content=\"image\/jpeg\" \/>\n<meta name=\"author\" content=\"Oya\" \/>\n<meta name=\"twitter:card\" content=\"summary_large_image\" \/>\n<meta name=\"twitter:creator\" content=\"@PressenzaIPA\" \/>\n<meta name=\"twitter:site\" content=\"@PressenzaIPA\" \/>\n<meta name=\"twitter:label1\" content=\"Verfasst von\" \/>\n\t<meta name=\"twitter:data1\" content=\"Oya\" \/>\n\t<meta name=\"twitter:label2\" content=\"Gesch\u00e4tzte Lesezeit\" \/>\n\t<meta name=\"twitter:data2\" content=\"7\u00a0Minuten\" \/>\n<script type=\"application\/ld+json\" class=\"yoast-schema-graph\">{\"@context\":\"https:\/\/schema.org\",\"@graph\":[{\"@type\":\"Article\",\"@id\":\"https:\/\/www.pressenza.com\/de\/2026\/04\/rueckverbinden-mit-mir-und-der-welt\/#article\",\"isPartOf\":{\"@id\":\"https:\/\/www.pressenza.com\/de\/2026\/04\/rueckverbinden-mit-mir-und-der-welt\/\"},\"author\":{\"name\":\"Oya\",\"@id\":\"https:\/\/www.pressenza.com\/de\/#\/schema\/person\/7ff0812531329527e08b240dd8e44213\"},\"headline\":\"R\u00fcckverbinden mit mir und der Welt\",\"datePublished\":\"2026-04-26T09:15:30+00:00\",\"mainEntityOfPage\":{\"@id\":\"https:\/\/www.pressenza.com\/de\/2026\/04\/rueckverbinden-mit-mir-und-der-welt\/\"},\"wordCount\":1208,\"publisher\":{\"@id\":\"https:\/\/www.pressenza.com\/de\/#organization\"},\"image\":{\"@id\":\"https:\/\/www.pressenza.com\/de\/2026\/04\/rueckverbinden-mit-mir-und-der-welt\/#primaryimage\"},\"thumbnailUrl\":\"https:\/\/www.pressenza.com\/wp-content\/uploads\/2026\/04\/cnt_wd-01-collage.jpg\",\"keywords\":[\"Beheimaten\",\"Deutschland\",\"Jahreszyklus\",\"Kollektiv\",\"R\u00fcckverbinden\"],\"articleSection\":[\"Europa\",\"Gemeinschaft\",\"Interviews\",\"Kunst\"],\"inLanguage\":\"de\"},{\"@type\":\"WebPage\",\"@id\":\"https:\/\/www.pressenza.com\/de\/2026\/04\/rueckverbinden-mit-mir-und-der-welt\/\",\"url\":\"https:\/\/www.pressenza.com\/de\/2026\/04\/rueckverbinden-mit-mir-und-der-welt\/\",\"name\":\"R\u00fcckverbinden mit mir und der Welt\",\"isPartOf\":{\"@id\":\"https:\/\/www.pressenza.com\/de\/#website\"},\"primaryImageOfPage\":{\"@id\":\"https:\/\/www.pressenza.com\/de\/2026\/04\/rueckverbinden-mit-mir-und-der-welt\/#primaryimage\"},\"image\":{\"@id\":\"https:\/\/www.pressenza.com\/de\/2026\/04\/rueckverbinden-mit-mir-und-der-welt\/#primaryimage\"},\"thumbnailUrl\":\"https:\/\/www.pressenza.com\/wp-content\/uploads\/2026\/04\/cnt_wd-01-collage.jpg\",\"datePublished\":\"2026-04-26T09:15:30+00:00\",\"description\":\"Wie kann ich mich (wieder) beheimaten in einer Welt voller Krisen und Br\u00fcche? Wie kann ich meine Sorge f\u00fcr die Welt wahrnehmen und damit handlungsf\u00e4hig\",\"breadcrumb\":{\"@id\":\"https:\/\/www.pressenza.com\/de\/2026\/04\/rueckverbinden-mit-mir-und-der-welt\/#breadcrumb\"},\"inLanguage\":\"de\",\"potentialAction\":[{\"@type\":\"ReadAction\",\"target\":[\"https:\/\/www.pressenza.com\/de\/2026\/04\/rueckverbinden-mit-mir-und-der-welt\/\"]}]},{\"@type\":\"ImageObject\",\"inLanguage\":\"de\",\"@id\":\"https:\/\/www.pressenza.com\/de\/2026\/04\/rueckverbinden-mit-mir-und-der-welt\/#primaryimage\",\"url\":\"https:\/\/www.pressenza.com\/wp-content\/uploads\/2026\/04\/cnt_wd-01-collage.jpg\",\"contentUrl\":\"https:\/\/www.pressenza.com\/wp-content\/uploads\/2026\/04\/cnt_wd-01-collage.jpg\",\"width\":800,\"height\":533},{\"@type\":\"BreadcrumbList\",\"@id\":\"https:\/\/www.pressenza.com\/de\/2026\/04\/rueckverbinden-mit-mir-und-der-welt\/#breadcrumb\",\"itemListElement\":[{\"@type\":\"ListItem\",\"position\":1,\"name\":\"Accueil\",\"item\":\"https:\/\/www.pressenza.com\/de\/\"},{\"@type\":\"ListItem\",\"position\":2,\"name\":\"R\u00fcckverbinden mit mir und der Welt\"}]},{\"@type\":\"WebSite\",\"@id\":\"https:\/\/www.pressenza.com\/de\/#website\",\"url\":\"https:\/\/www.pressenza.com\/de\/\",\"name\":\"Pressenza\",\"description\":\"International Press Agency\",\"publisher\":{\"@id\":\"https:\/\/www.pressenza.com\/de\/#organization\"},\"potentialAction\":[{\"@type\":\"SearchAction\",\"target\":{\"@type\":\"EntryPoint\",\"urlTemplate\":\"https:\/\/www.pressenza.com\/de\/?s={search_term_string}\"},\"query-input\":{\"@type\":\"PropertyValueSpecification\",\"valueRequired\":true,\"valueName\":\"search_term_string\"}}],\"inLanguage\":\"de\"},{\"@type\":\"Organization\",\"@id\":\"https:\/\/www.pressenza.com\/de\/#organization\",\"name\":\"Pressenza\",\"url\":\"https:\/\/www.pressenza.com\/de\/\",\"logo\":{\"@type\":\"ImageObject\",\"inLanguage\":\"de\",\"@id\":\"https:\/\/www.pressenza.com\/de\/#\/schema\/logo\/image\/\",\"url\":\"https:\/\/www.pressenza.com\/wp-content\/uploads\/2022\/10\/pressenza_logo_200x200.jpg\",\"contentUrl\":\"https:\/\/www.pressenza.com\/wp-content\/uploads\/2022\/10\/pressenza_logo_200x200.jpg\",\"width\":200,\"height\":200,\"caption\":\"Pressenza\"},\"image\":{\"@id\":\"https:\/\/www.pressenza.com\/de\/#\/schema\/logo\/image\/\"},\"sameAs\":[\"https:\/\/www.facebook.com\/PressenzaItalia\",\"https:\/\/x.com\/PressenzaIPA\"]},{\"@type\":\"Person\",\"@id\":\"https:\/\/www.pressenza.com\/de\/#\/schema\/person\/7ff0812531329527e08b240dd8e44213\",\"name\":\"Oya\",\"sameAs\":[\"https:\/\/oya-online.de\/\"],\"url\":\"https:\/\/www.pressenza.com\/de\/author\/oya\/\"}]}<\/script>\n<!-- \/ Yoast SEO plugin. -->","yoast_head_json":{"title":"R\u00fcckverbinden mit mir und der Welt","description":"Wie kann ich mich (wieder) beheimaten in einer Welt voller Krisen und Br\u00fcche? Wie kann ich meine Sorge f\u00fcr die Welt wahrnehmen und damit handlungsf\u00e4hig","robots":{"index":"index","follow":"follow","max-snippet":"max-snippet:-1","max-image-preview":"max-image-preview:large","max-video-preview":"max-video-preview:-1"},"canonical":"https:\/\/www.pressenza.com\/de\/2026\/04\/rueckverbinden-mit-mir-und-der-welt\/","og_locale":"de_DE","og_type":"article","og_title":"R\u00fcckverbinden mit mir und der Welt","og_description":"Wie kann ich mich (wieder) beheimaten in einer Welt voller Krisen und Br\u00fcche? Wie kann ich meine Sorge f\u00fcr die Welt wahrnehmen und damit handlungsf\u00e4hig","og_url":"https:\/\/www.pressenza.com\/de\/2026\/04\/rueckverbinden-mit-mir-und-der-welt\/","og_site_name":"Pressenza","article_publisher":"https:\/\/www.facebook.com\/PressenzaItalia","article_published_time":"2026-04-26T09:15:30+00:00","og_image":[{"width":800,"height":533,"url":"https:\/\/www.pressenza.com\/wp-content\/uploads\/2026\/04\/cnt_wd-01-collage.jpg","type":"image\/jpeg"}],"author":"Oya","twitter_card":"summary_large_image","twitter_creator":"@PressenzaIPA","twitter_site":"@PressenzaIPA","twitter_misc":{"Verfasst von":"Oya","Gesch\u00e4tzte Lesezeit":"7\u00a0Minuten"},"schema":{"@context":"https:\/\/schema.org","@graph":[{"@type":"Article","@id":"https:\/\/www.pressenza.com\/de\/2026\/04\/rueckverbinden-mit-mir-und-der-welt\/#article","isPartOf":{"@id":"https:\/\/www.pressenza.com\/de\/2026\/04\/rueckverbinden-mit-mir-und-der-welt\/"},"author":{"name":"Oya","@id":"https:\/\/www.pressenza.com\/de\/#\/schema\/person\/7ff0812531329527e08b240dd8e44213"},"headline":"R\u00fcckverbinden mit mir und der Welt","datePublished":"2026-04-26T09:15:30+00:00","mainEntityOfPage":{"@id":"https:\/\/www.pressenza.com\/de\/2026\/04\/rueckverbinden-mit-mir-und-der-welt\/"},"wordCount":1208,"publisher":{"@id":"https:\/\/www.pressenza.com\/de\/#organization"},"image":{"@id":"https:\/\/www.pressenza.com\/de\/2026\/04\/rueckverbinden-mit-mir-und-der-welt\/#primaryimage"},"thumbnailUrl":"https:\/\/www.pressenza.com\/wp-content\/uploads\/2026\/04\/cnt_wd-01-collage.jpg","keywords":["Beheimaten","Deutschland","Jahreszyklus","Kollektiv","R\u00fcckverbinden"],"articleSection":["Europa","Gemeinschaft","Interviews","Kunst"],"inLanguage":"de"},{"@type":"WebPage","@id":"https:\/\/www.pressenza.com\/de\/2026\/04\/rueckverbinden-mit-mir-und-der-welt\/","url":"https:\/\/www.pressenza.com\/de\/2026\/04\/rueckverbinden-mit-mir-und-der-welt\/","name":"R\u00fcckverbinden mit mir und der Welt","isPartOf":{"@id":"https:\/\/www.pressenza.com\/de\/#website"},"primaryImageOfPage":{"@id":"https:\/\/www.pressenza.com\/de\/2026\/04\/rueckverbinden-mit-mir-und-der-welt\/#primaryimage"},"image":{"@id":"https:\/\/www.pressenza.com\/de\/2026\/04\/rueckverbinden-mit-mir-und-der-welt\/#primaryimage"},"thumbnailUrl":"https:\/\/www.pressenza.com\/wp-content\/uploads\/2026\/04\/cnt_wd-01-collage.jpg","datePublished":"2026-04-26T09:15:30+00:00","description":"Wie kann ich mich (wieder) beheimaten in einer Welt voller Krisen und Br\u00fcche? Wie kann ich meine Sorge f\u00fcr die Welt wahrnehmen und damit handlungsf\u00e4hig","breadcrumb":{"@id":"https:\/\/www.pressenza.com\/de\/2026\/04\/rueckverbinden-mit-mir-und-der-welt\/#breadcrumb"},"inLanguage":"de","potentialAction":[{"@type":"ReadAction","target":["https:\/\/www.pressenza.com\/de\/2026\/04\/rueckverbinden-mit-mir-und-der-welt\/"]}]},{"@type":"ImageObject","inLanguage":"de","@id":"https:\/\/www.pressenza.com\/de\/2026\/04\/rueckverbinden-mit-mir-und-der-welt\/#primaryimage","url":"https:\/\/www.pressenza.com\/wp-content\/uploads\/2026\/04\/cnt_wd-01-collage.jpg","contentUrl":"https:\/\/www.pressenza.com\/wp-content\/uploads\/2026\/04\/cnt_wd-01-collage.jpg","width":800,"height":533},{"@type":"BreadcrumbList","@id":"https:\/\/www.pressenza.com\/de\/2026\/04\/rueckverbinden-mit-mir-und-der-welt\/#breadcrumb","itemListElement":[{"@type":"ListItem","position":1,"name":"Accueil","item":"https:\/\/www.pressenza.com\/de\/"},{"@type":"ListItem","position":2,"name":"R\u00fcckverbinden mit mir und der Welt"}]},{"@type":"WebSite","@id":"https:\/\/www.pressenza.com\/de\/#website","url":"https:\/\/www.pressenza.com\/de\/","name":"Pressenza","description":"International Press Agency","publisher":{"@id":"https:\/\/www.pressenza.com\/de\/#organization"},"potentialAction":[{"@type":"SearchAction","target":{"@type":"EntryPoint","urlTemplate":"https:\/\/www.pressenza.com\/de\/?s={search_term_string}"},"query-input":{"@type":"PropertyValueSpecification","valueRequired":true,"valueName":"search_term_string"}}],"inLanguage":"de"},{"@type":"Organization","@id":"https:\/\/www.pressenza.com\/de\/#organization","name":"Pressenza","url":"https:\/\/www.pressenza.com\/de\/","logo":{"@type":"ImageObject","inLanguage":"de","@id":"https:\/\/www.pressenza.com\/de\/#\/schema\/logo\/image\/","url":"https:\/\/www.pressenza.com\/wp-content\/uploads\/2022\/10\/pressenza_logo_200x200.jpg","contentUrl":"https:\/\/www.pressenza.com\/wp-content\/uploads\/2022\/10\/pressenza_logo_200x200.jpg","width":200,"height":200,"caption":"Pressenza"},"image":{"@id":"https:\/\/www.pressenza.com\/de\/#\/schema\/logo\/image\/"},"sameAs":["https:\/\/www.facebook.com\/PressenzaItalia","https:\/\/x.com\/PressenzaIPA"]},{"@type":"Person","@id":"https:\/\/www.pressenza.com\/de\/#\/schema\/person\/7ff0812531329527e08b240dd8e44213","name":"Oya","sameAs":["https:\/\/oya-online.de\/"],"url":"https:\/\/www.pressenza.com\/de\/author\/oya\/"}]}},"place":"","original_article_url":"https:\/\/lesen.oya-online.de\/texte\/3981-aus-dem-herzen-der-frauenrevolution.html","_links":{"self":[{"href":"https:\/\/www.pressenza.com\/de\/wp-json\/wp\/v2\/posts\/2695610","targetHints":{"allow":["GET"]}}],"collection":[{"href":"https:\/\/www.pressenza.com\/de\/wp-json\/wp\/v2\/posts"}],"about":[{"href":"https:\/\/www.pressenza.com\/de\/wp-json\/wp\/v2\/types\/post"}],"author":[{"embeddable":true,"href":"https:\/\/www.pressenza.com\/de\/wp-json\/wp\/v2\/users\/2604"}],"replies":[{"embeddable":true,"href":"https:\/\/www.pressenza.com\/de\/wp-json\/wp\/v2\/comments?post=2695610"}],"version-history":[{"count":4,"href":"https:\/\/www.pressenza.com\/de\/wp-json\/wp\/v2\/posts\/2695610\/revisions"}],"predecessor-version":[{"id":2695629,"href":"https:\/\/www.pressenza.com\/de\/wp-json\/wp\/v2\/posts\/2695610\/revisions\/2695629"}],"wp:featuredmedia":[{"embeddable":true,"href":"https:\/\/www.pressenza.com\/de\/wp-json\/wp\/v2\/media\/2695623"}],"wp:attachment":[{"href":"https:\/\/www.pressenza.com\/de\/wp-json\/wp\/v2\/media?parent=2695610"}],"wp:term":[{"taxonomy":"category","embeddable":true,"href":"https:\/\/www.pressenza.com\/de\/wp-json\/wp\/v2\/categories?post=2695610"},{"taxonomy":"post_tag","embeddable":true,"href":"https:\/\/www.pressenza.com\/de\/wp-json\/wp\/v2\/tags?post=2695610"}],"curies":[{"name":"wp","href":"https:\/\/api.w.org\/{rel}","templated":true}]}}