{"id":2695458,"date":"2026-04-25T13:31:15","date_gmt":"2026-04-25T12:31:15","guid":{"rendered":"https:\/\/www.pressenza.com\/?p=2695458"},"modified":"2026-04-25T13:31:15","modified_gmt":"2026-04-25T12:31:15","slug":"geschichten-des-vorausliebens-was-bleibt-sind-die-baeume","status":"publish","type":"post","link":"https:\/\/www.pressenza.com\/de\/2026\/04\/geschichten-des-vorausliebens-was-bleibt-sind-die-baeume\/","title":{"rendered":"Geschichten des Vorausliebens: Was bleibt, sind die B\u00e4ume"},"content":{"rendered":"<p><strong>Im Almanach 2026 von Oya erz\u00e4hlen Menschen in 21 Geschichten, wie sie vorauslieben \u2013 an Orten des guten Lebens, auf Wanderschaft, in Widerstands- und Suchbewegungen. Die Einf\u00fchrung dazu ist <\/strong><a href=\"https:\/\/www.pressenza.com\/de\/2026\/03\/was-liebt-ihr-voraus\/\" target=\"_blank\" rel=\"noopener\"><strong>hier<\/strong><\/a><strong> zu finden.<\/strong><\/p>\n<p>R\u00fcckblick auf den Versuch, regenerative Landwirtschaft mit Gemeinschaftssinn am \u00bbHof Lebensberg\u00ab zu realisieren &#8211; zwischen Idealismus, Krisenfestigkeit und dem langen Atem der B\u00e4ume.<\/p>\n<p>erz\u00e4hlt von Ragna Tiemann, aufgeschrieben von Luisa Kleine<\/p>\n<blockquote><p><strong>Wer wart ihr und wie viele?<\/strong><\/p>\n<p>15-20 Erwachsene und Kinder<\/p>\n<p><strong>Wann gab es euch?<\/strong><\/p>\n<p>2020-2024<\/p>\n<p><strong>Wie wart ihr verfasst?<\/strong><\/p>\n<p>GmbH<\/p>\n<p><strong>Wo wart ihr zu finden?<\/strong><\/p>\n<p>Obermoschel im Nordpf\u00e4lzer Bergland<\/p><\/blockquote>\n<p>Von der Vision, auf dem Hof Lebensberg gemeinschaftlich zukunftsf\u00e4hige Landwirtschaft zu schaffen, h\u00f6rte ich zum ersten Mal 2020. Ich studierte damals Umweltwissenschaften in L\u00fcneburg und war &#8211; wie viele andere &#8211; begeistert zu h\u00f6ren, dass Menschen das umsetzen wollten, wor\u00fcber an der Uni alle redeten: Bodenaufbau durch Holistic Grazing, Agroforstsysteme, Gr\u00fcnd\u00fcngung, pfluglosen Anbau, dazu ein diverser Marktgarten und eine Baumschule f\u00fcr essbare Pflanzen &#8211; endlich gemeinsam ins Tun kommen!<\/p>\n<p>Die geplanten Schritte, das gepachtete Land umzugestalten, wirkten so offensichtlich wie notwendig f\u00fcr \u00f6kologischen Wandel. Vielversprechend war auch die Erfahrung, die eine Gr\u00fcnderin aus Brasilien mitgebracht hatte: Sie hatte bei Ernst G\u00f6tsch gelernt, der dort syntropische Agroforstsysteme anlegt. Bei ersten Kennenlern- und Visionstreffen entstand eine sch\u00f6ne Stimmung. Mir gefiel, dass es nicht allein Menschen mit landwirtschaftlichem Hintergrund dorthin zog, sondern auch Dichterinnen, K\u00f6rpertherapeuten, Soziokratie-Expertinnen, Menschen, die musikalisch und p\u00e4dagogisch arbeiteten. Wir schrieben: \u00bbUnsere Vision ist es, gemeinschaftlich einen lebendigen Ort der Kooperation, Vielfalt und Fruchtbarkeit zu schaffen, der zeigt, dass ein Leben in F\u00fclle m\u00f6glich ist. Unsere Mission ist es, innovative Methoden der regenerativen Landwirtschaft anzuwenden, weiterzuentwickeln und zu verbreiten, ein resilientes, vielf\u00e4ltiges, sch\u00f6nes und produktives \u00d6kosystem zu schaffen, Menschen mit hochwertigen und gesunden Lebensmitteln zu versorgen und die Kraft von Gemeinschaft und Kultur zu erkennen, wertzusch\u00e4tzen und zu nutzen.\u00ab<\/p>\n<p>Auf dem Hof entstand schon in den ersten Monaten eine starke Gemeinschaft. Wir teilten nicht nur die Arbeit, sondern auch das gemeinsame Lernen zukunftsf\u00e4higer landwirtschaftlicher Methoden &#8211; und die Sehnsucht nach Perspektiven auf das gedeihliche Zusammenwirken der Menschen und diesem ergr\u00fcnenden Ort. Wir lebten gemeinsam, teilten Schlafr\u00e4ume und nahmen uns Zeit f\u00fcr Gemeinschaftsprozesse. Noch nie hatte ich ein so tiefes Gef\u00fchl von Sinnhaftigkeit &#8211; und es tat gut, im Angesicht des Klimakollaps etwas so Naheliegendes zu tun wie: B\u00e4ume pflanzen.<\/p>\n<p>Nach einer der gr\u00f6\u00dften mir bekannten Crowdfunding-Kampagnen pflanzten wir mit den 214544 Euro Spenden 30000 B\u00e4ume und Str\u00e4ucher auf 11 Hektar. Doch w\u00e4hrend wir mitten im Winter die B\u00e4ume in die Erde setzten, wurde auf dem Hof immer klarer, dass die Entscheidungen nicht gemeinschaftlich getroffen wurden. Das Paar, das den Hof gegr\u00fcndet hatte und durch eigene Investitionen und die Entwicklung der Vision besonders viel Verantwortung trug, erkannte zunehmend, dass ihnen eine gemeinschaftliche Betriebsf\u00fchrung nicht entsprach. Wir alle rangen mit unterschiedlichen Vorstellungen von Gemeinschaftlichkeit &#8211; mich hielten jedoch weiterhin Freundschaften und das sinnvolle Tun. Eine gro\u00dfe Herausforderung war das Wasser. Der Hof liegt auf einem Berg, und die Leitung, die uns und die Pflanzen versorgen sollte, wurde von ortsans\u00e4ssigen Bauern, die Angst vor B\u00e4umen auf \u00c4ckern hatten, verhindert. So mussten wir immer wieder Wasser in Tanks aus dem n\u00e4chsten Dorf holen. In den Sommern dieser Jahre regnete es fast gar nicht, und es dauerte lange, bis wir einen eigenen Teich anlegen konnten, aus dem schlie\u00dflich ein Teil der Baumschule bew\u00e4ssert wurde.<\/p>\n<div id=\"attachment_2695465\" class=\"wp-caption aligncenter\"><img loading=\"lazy\" decoding=\"async\" aria-describedby=\"caption-attachment-2695465\" class=\" wp-image-2695465\" src=\"https:\/\/www.pressenza.com\/wp-content\/uploads\/2026\/04\/Hof-Lebensberg-1-300x164.png\" alt=\"\" width=\"668\" height=\"365\" srcset=\"https:\/\/www.pressenza.com\/wp-content\/uploads\/2026\/04\/Hof-Lebensberg-1-300x164.png 300w, https:\/\/www.pressenza.com\/wp-content\/uploads\/2026\/04\/Hof-Lebensberg-1.png 820w\" sizes=\"auto, (max-width: 668px) 100vw, 668px\" \/><p id=\"caption-attachment-2695465\" class=\"wp-caption-text\">(Foto: Tobias Hoppe<\/p><\/div>\n<p>Herausfordernd war auch das st\u00e4ndige Gef\u00fchl zeitlicher Dringlichkeit. Die kollabierenden \u00d6kosysteme waren allgegenw\u00e4rtig &#8211; jeder Baum schien zu sp\u00e4t gepflanzt. Vor lauter Hast schafften wir es nicht, rechtzeitig Regenrinnen anzubringen. Es blieb keine Zeit f\u00fcrs Aufr\u00e4umen und Reparieren. Angesichts der Klimakrise schien es wichtiger, m\u00f6glichst schnell m\u00f6glichst viel zu pflanzen.<\/p>\n<p>Wir arbeiteten alle viel. St\u00e4ndig kamen Menschen, die aus Idealismus ein paar Wochen bei diesem Mammutprojekt mithelfen wollten. Doch obwohl so viel Arbeit, Spenden, Privatdarlehen und Land eingebracht wurden, trug sich der Betrieb nicht. Der Druck, auch unter den Bedingungen des aktuellen Wirtschaftssystems zu bestehen, war enorm. Unsere Gemeinschaft wurde immer mehr zum Betrieb. Irgendwann wurden wir auch offiziell zu Angestellten und verhandelten mit der Leitung \u00fcber Arbeitsvertr\u00e4ge. Sp\u00e4ter wurde sogar ein Koch angestellt, damit wir effizienter arbeiten konnten.<\/p>\n<p>In dieser turbulenten Zeit wurde ich schwanger und bekam ein Kind. Schnell wurde klar, dass wir umziehen w\u00fcrden &#8211; auch viele andere gingen: zwar desillusioniert und ersch\u00f6pft, doch reich an Erfahrungen und Freundschaften. Auch das Gr\u00fcndungspaar verlie\u00df den Hof 2024. Der letzte Plan, sich an dem Ort auf die Baumschule zu konzentrieren und damit wirtschaftlich arbeiten zu k\u00f6nnen, scheiterte an der mangelnden Wasserversorgung und der schwierigen Anfahrt. Sie nahmen den Betrieb mit nach Westfalen, wo er schlie\u00dflich endg\u00fcltig insolvent ging.<\/p>\n<p>Was bleibt, sind die B\u00e4ume. Vor kurzem ging ich \u00fcber den gro\u00dfen Acker &#8211; dort, wo jetzt Pappeln, Eichen, Esskastanien, Nussb\u00e4ume wachsen und weiterhin von jenen, die den Hof heute pachten, gepflegt werden. Ich bin gern dort, freue mich \u00fcber die Vielfalt und all die H\u00e4nde, die mit uns gemeinsam Zukunft gepflanzt haben. Heute denke ich, dass \u00d6kosysteme, wie sie dort entstanden, so aufwendig zu pflegen sind, dass wir auch unsere Beziehung zum Land ver\u00e4ndern m\u00fcssten. Es k\u00f6nnen keine Fl\u00e4chen sein, die uns fremd bleiben und durch die nur gro\u00dfe Maschinen preschen. Ich tr\u00e4ume von Waldg\u00e4rten, die zwar pflegeintensiv, aber so sch\u00f6n und vertraut sind, dass wir dort gern Zeit verbringen &#8211; pfl\u00fcckend, quatschend, schneidend, gemeinschaffend, eine k\u00fcnftige Landschaft vorausliebend.<\/p>\n<hr \/>\n<p><strong><img loading=\"lazy\" decoding=\"async\" class=\" wp-image-2695459 alignleft\" src=\"https:\/\/www.pressenza.com\/wp-content\/uploads\/2026\/04\/teaser-01-oya-almanach-2026-quer-7.jpg\" alt=\"\" width=\"69\" height=\"48\" \/>Der Almanach 2026 ist hier zu finden: <\/strong><a href=\"https:\/\/lesen.oya-online.de\/ausgaben\/84-almanach-2026.html\" target=\"_blank\" rel=\"noopener\"><strong>https:\/\/lesen.oya-online.de\/texte\/browse\/almanach\/<\/strong><\/a><\/p>\n","protected":false},"excerpt":{"rendered":"<p>Im Almanach 2026 von Oya erz\u00e4hlen Menschen in 21 Geschichten, wie sie vorauslieben \u2013 an Orten des guten Lebens, auf Wanderschaft, in Widerstands- und Suchbewegungen. Die Einf\u00fchrung dazu ist hier zu finden. R\u00fcckblick auf den Versuch, regenerative Landwirtschaft mit Gemeinschaftssinn&hellip;<\/p>\n","protected":false},"author":2604,"featured_media":2695464,"comment_status":"closed","ping_status":"closed","sticky":false,"template":"","format":"standard","meta":{"footnotes":""},"categories":[9150,153532,9157,9158],"tags":[154378,155872,9182,154377],"class_list":["post-2695458","post","type-post","status-publish","format-standard","has-post-thumbnail","hentry","category-europa-de","category-gemeinschaft","category-oekologie-und-umwelt","category-wirtschaft","tag-agroforst","tag-baumschule","tag-deutschland","tag-regenerative-landwirtschaft"],"yoast_head":"<!-- This site is optimized with the Yoast SEO plugin v27.1.1 - https:\/\/yoast.com\/product\/yoast-seo-wordpress\/ -->\n<title>Geschichten des Vorausliebens: Was bleibt, sind die B\u00e4ume<\/title>\n<meta name=\"description\" content=\"Im Almanach 2026 von Oya erz\u00e4hlen Menschen in 21 Geschichten, wie sie vorauslieben \u2013 an Orten des guten Lebens, auf Wanderschaft, in Widerstands- und\" \/>\n<meta name=\"robots\" content=\"index, follow, max-snippet:-1, max-image-preview:large, max-video-preview:-1\" \/>\n<link rel=\"canonical\" href=\"https:\/\/www.pressenza.com\/de\/2026\/04\/geschichten-des-vorausliebens-was-bleibt-sind-die-baeume\/\" \/>\n<meta property=\"og:locale\" content=\"de_DE\" \/>\n<meta property=\"og:type\" content=\"article\" \/>\n<meta property=\"og:title\" content=\"Geschichten des Vorausliebens: Was bleibt, sind die B\u00e4ume\" \/>\n<meta property=\"og:description\" content=\"Im Almanach 2026 von Oya erz\u00e4hlen Menschen in 21 Geschichten, wie sie vorauslieben \u2013 an Orten des guten Lebens, auf Wanderschaft, in Widerstands- und\" \/>\n<meta property=\"og:url\" content=\"https:\/\/www.pressenza.com\/de\/2026\/04\/geschichten-des-vorausliebens-was-bleibt-sind-die-baeume\/\" \/>\n<meta property=\"og:site_name\" content=\"Pressenza\" \/>\n<meta property=\"article:publisher\" content=\"https:\/\/www.facebook.com\/PressenzaItalia\" \/>\n<meta property=\"article:published_time\" content=\"2026-04-25T12:31:15+00:00\" \/>\n<meta property=\"og:image\" content=\"https:\/\/www.pressenza.com\/wp-content\/uploads\/2026\/04\/Hof-Lebensberg-2.png\" \/>\n\t<meta property=\"og:image:width\" content=\"820\" \/>\n\t<meta property=\"og:image:height\" content=\"480\" \/>\n\t<meta property=\"og:image:type\" content=\"image\/png\" \/>\n<meta name=\"author\" content=\"Oya\" \/>\n<meta name=\"twitter:card\" content=\"summary_large_image\" \/>\n<meta name=\"twitter:creator\" content=\"@PressenzaIPA\" \/>\n<meta name=\"twitter:site\" content=\"@PressenzaIPA\" \/>\n<meta name=\"twitter:label1\" content=\"Verfasst von\" \/>\n\t<meta name=\"twitter:data1\" content=\"Oya\" \/>\n\t<meta name=\"twitter:label2\" content=\"Gesch\u00e4tzte Lesezeit\" \/>\n\t<meta name=\"twitter:data2\" content=\"6\u00a0Minuten\" \/>\n<script type=\"application\/ld+json\" class=\"yoast-schema-graph\">{\"@context\":\"https:\/\/schema.org\",\"@graph\":[{\"@type\":\"Article\",\"@id\":\"https:\/\/www.pressenza.com\/de\/2026\/04\/geschichten-des-vorausliebens-was-bleibt-sind-die-baeume\/#article\",\"isPartOf\":{\"@id\":\"https:\/\/www.pressenza.com\/de\/2026\/04\/geschichten-des-vorausliebens-was-bleibt-sind-die-baeume\/\"},\"author\":{\"name\":\"Oya\",\"@id\":\"https:\/\/www.pressenza.com\/de\/#\/schema\/person\/7ff0812531329527e08b240dd8e44213\"},\"headline\":\"Geschichten des Vorausliebens: Was bleibt, sind die B\u00e4ume\",\"datePublished\":\"2026-04-25T12:31:15+00:00\",\"mainEntityOfPage\":{\"@id\":\"https:\/\/www.pressenza.com\/de\/2026\/04\/geschichten-des-vorausliebens-was-bleibt-sind-die-baeume\/\"},\"wordCount\":979,\"publisher\":{\"@id\":\"https:\/\/www.pressenza.com\/de\/#organization\"},\"image\":{\"@id\":\"https:\/\/www.pressenza.com\/de\/2026\/04\/geschichten-des-vorausliebens-was-bleibt-sind-die-baeume\/#primaryimage\"},\"thumbnailUrl\":\"https:\/\/www.pressenza.com\/wp-content\/uploads\/2026\/04\/Hof-Lebensberg-2.png\",\"keywords\":[\"Agroforst\",\"Baumschule\",\"Deutschland\",\"regenerative Landwirtschaft\"],\"articleSection\":[\"Europa\",\"Gemeinschaft\",\"\u00d6kologie und Umwelt\",\"Wirtschaft\"],\"inLanguage\":\"de\"},{\"@type\":\"WebPage\",\"@id\":\"https:\/\/www.pressenza.com\/de\/2026\/04\/geschichten-des-vorausliebens-was-bleibt-sind-die-baeume\/\",\"url\":\"https:\/\/www.pressenza.com\/de\/2026\/04\/geschichten-des-vorausliebens-was-bleibt-sind-die-baeume\/\",\"name\":\"Geschichten des Vorausliebens: Was bleibt, sind die B\u00e4ume\",\"isPartOf\":{\"@id\":\"https:\/\/www.pressenza.com\/de\/#website\"},\"primaryImageOfPage\":{\"@id\":\"https:\/\/www.pressenza.com\/de\/2026\/04\/geschichten-des-vorausliebens-was-bleibt-sind-die-baeume\/#primaryimage\"},\"image\":{\"@id\":\"https:\/\/www.pressenza.com\/de\/2026\/04\/geschichten-des-vorausliebens-was-bleibt-sind-die-baeume\/#primaryimage\"},\"thumbnailUrl\":\"https:\/\/www.pressenza.com\/wp-content\/uploads\/2026\/04\/Hof-Lebensberg-2.png\",\"datePublished\":\"2026-04-25T12:31:15+00:00\",\"description\":\"Im Almanach 2026 von Oya erz\u00e4hlen Menschen in 21 Geschichten, wie sie vorauslieben \u2013 an Orten des guten Lebens, auf Wanderschaft, in Widerstands- und\",\"breadcrumb\":{\"@id\":\"https:\/\/www.pressenza.com\/de\/2026\/04\/geschichten-des-vorausliebens-was-bleibt-sind-die-baeume\/#breadcrumb\"},\"inLanguage\":\"de\",\"potentialAction\":[{\"@type\":\"ReadAction\",\"target\":[\"https:\/\/www.pressenza.com\/de\/2026\/04\/geschichten-des-vorausliebens-was-bleibt-sind-die-baeume\/\"]}]},{\"@type\":\"ImageObject\",\"inLanguage\":\"de\",\"@id\":\"https:\/\/www.pressenza.com\/de\/2026\/04\/geschichten-des-vorausliebens-was-bleibt-sind-die-baeume\/#primaryimage\",\"url\":\"https:\/\/www.pressenza.com\/wp-content\/uploads\/2026\/04\/Hof-Lebensberg-2.png\",\"contentUrl\":\"https:\/\/www.pressenza.com\/wp-content\/uploads\/2026\/04\/Hof-Lebensberg-2.png\",\"width\":820,\"height\":480,\"caption\":\"Auf 11 Hektar wurden zehntausende Geh\u00f6lze gepflanzt. Die Gemeinschaft ging auseinander, die B\u00e4ume blieben. (Foto: Tobias Hoppe)\"},{\"@type\":\"BreadcrumbList\",\"@id\":\"https:\/\/www.pressenza.com\/de\/2026\/04\/geschichten-des-vorausliebens-was-bleibt-sind-die-baeume\/#breadcrumb\",\"itemListElement\":[{\"@type\":\"ListItem\",\"position\":1,\"name\":\"Accueil\",\"item\":\"https:\/\/www.pressenza.com\/de\/\"},{\"@type\":\"ListItem\",\"position\":2,\"name\":\"Geschichten des Vorausliebens: Was bleibt, sind die B\u00e4ume\"}]},{\"@type\":\"WebSite\",\"@id\":\"https:\/\/www.pressenza.com\/de\/#website\",\"url\":\"https:\/\/www.pressenza.com\/de\/\",\"name\":\"Pressenza\",\"description\":\"International Press Agency\",\"publisher\":{\"@id\":\"https:\/\/www.pressenza.com\/de\/#organization\"},\"potentialAction\":[{\"@type\":\"SearchAction\",\"target\":{\"@type\":\"EntryPoint\",\"urlTemplate\":\"https:\/\/www.pressenza.com\/de\/?s={search_term_string}\"},\"query-input\":{\"@type\":\"PropertyValueSpecification\",\"valueRequired\":true,\"valueName\":\"search_term_string\"}}],\"inLanguage\":\"de\"},{\"@type\":\"Organization\",\"@id\":\"https:\/\/www.pressenza.com\/de\/#organization\",\"name\":\"Pressenza\",\"url\":\"https:\/\/www.pressenza.com\/de\/\",\"logo\":{\"@type\":\"ImageObject\",\"inLanguage\":\"de\",\"@id\":\"https:\/\/www.pressenza.com\/de\/#\/schema\/logo\/image\/\",\"url\":\"https:\/\/www.pressenza.com\/wp-content\/uploads\/2022\/10\/pressenza_logo_200x200.jpg\",\"contentUrl\":\"https:\/\/www.pressenza.com\/wp-content\/uploads\/2022\/10\/pressenza_logo_200x200.jpg\",\"width\":200,\"height\":200,\"caption\":\"Pressenza\"},\"image\":{\"@id\":\"https:\/\/www.pressenza.com\/de\/#\/schema\/logo\/image\/\"},\"sameAs\":[\"https:\/\/www.facebook.com\/PressenzaItalia\",\"https:\/\/x.com\/PressenzaIPA\"]},{\"@type\":\"Person\",\"@id\":\"https:\/\/www.pressenza.com\/de\/#\/schema\/person\/7ff0812531329527e08b240dd8e44213\",\"name\":\"Oya\",\"sameAs\":[\"https:\/\/oya-online.de\/\"],\"url\":\"https:\/\/www.pressenza.com\/de\/author\/oya\/\"}]}<\/script>\n<!-- \/ Yoast SEO plugin. -->","yoast_head_json":{"title":"Geschichten des Vorausliebens: Was bleibt, sind die B\u00e4ume","description":"Im Almanach 2026 von Oya erz\u00e4hlen Menschen in 21 Geschichten, wie sie vorauslieben \u2013 an Orten des guten Lebens, auf Wanderschaft, in Widerstands- und","robots":{"index":"index","follow":"follow","max-snippet":"max-snippet:-1","max-image-preview":"max-image-preview:large","max-video-preview":"max-video-preview:-1"},"canonical":"https:\/\/www.pressenza.com\/de\/2026\/04\/geschichten-des-vorausliebens-was-bleibt-sind-die-baeume\/","og_locale":"de_DE","og_type":"article","og_title":"Geschichten des Vorausliebens: Was bleibt, sind die B\u00e4ume","og_description":"Im Almanach 2026 von Oya erz\u00e4hlen Menschen in 21 Geschichten, wie sie vorauslieben \u2013 an Orten des guten Lebens, auf Wanderschaft, in Widerstands- und","og_url":"https:\/\/www.pressenza.com\/de\/2026\/04\/geschichten-des-vorausliebens-was-bleibt-sind-die-baeume\/","og_site_name":"Pressenza","article_publisher":"https:\/\/www.facebook.com\/PressenzaItalia","article_published_time":"2026-04-25T12:31:15+00:00","og_image":[{"width":820,"height":480,"url":"https:\/\/www.pressenza.com\/wp-content\/uploads\/2026\/04\/Hof-Lebensberg-2.png","type":"image\/png"}],"author":"Oya","twitter_card":"summary_large_image","twitter_creator":"@PressenzaIPA","twitter_site":"@PressenzaIPA","twitter_misc":{"Verfasst von":"Oya","Gesch\u00e4tzte Lesezeit":"6\u00a0Minuten"},"schema":{"@context":"https:\/\/schema.org","@graph":[{"@type":"Article","@id":"https:\/\/www.pressenza.com\/de\/2026\/04\/geschichten-des-vorausliebens-was-bleibt-sind-die-baeume\/#article","isPartOf":{"@id":"https:\/\/www.pressenza.com\/de\/2026\/04\/geschichten-des-vorausliebens-was-bleibt-sind-die-baeume\/"},"author":{"name":"Oya","@id":"https:\/\/www.pressenza.com\/de\/#\/schema\/person\/7ff0812531329527e08b240dd8e44213"},"headline":"Geschichten des Vorausliebens: Was bleibt, sind die B\u00e4ume","datePublished":"2026-04-25T12:31:15+00:00","mainEntityOfPage":{"@id":"https:\/\/www.pressenza.com\/de\/2026\/04\/geschichten-des-vorausliebens-was-bleibt-sind-die-baeume\/"},"wordCount":979,"publisher":{"@id":"https:\/\/www.pressenza.com\/de\/#organization"},"image":{"@id":"https:\/\/www.pressenza.com\/de\/2026\/04\/geschichten-des-vorausliebens-was-bleibt-sind-die-baeume\/#primaryimage"},"thumbnailUrl":"https:\/\/www.pressenza.com\/wp-content\/uploads\/2026\/04\/Hof-Lebensberg-2.png","keywords":["Agroforst","Baumschule","Deutschland","regenerative Landwirtschaft"],"articleSection":["Europa","Gemeinschaft","\u00d6kologie und Umwelt","Wirtschaft"],"inLanguage":"de"},{"@type":"WebPage","@id":"https:\/\/www.pressenza.com\/de\/2026\/04\/geschichten-des-vorausliebens-was-bleibt-sind-die-baeume\/","url":"https:\/\/www.pressenza.com\/de\/2026\/04\/geschichten-des-vorausliebens-was-bleibt-sind-die-baeume\/","name":"Geschichten des Vorausliebens: Was bleibt, sind die B\u00e4ume","isPartOf":{"@id":"https:\/\/www.pressenza.com\/de\/#website"},"primaryImageOfPage":{"@id":"https:\/\/www.pressenza.com\/de\/2026\/04\/geschichten-des-vorausliebens-was-bleibt-sind-die-baeume\/#primaryimage"},"image":{"@id":"https:\/\/www.pressenza.com\/de\/2026\/04\/geschichten-des-vorausliebens-was-bleibt-sind-die-baeume\/#primaryimage"},"thumbnailUrl":"https:\/\/www.pressenza.com\/wp-content\/uploads\/2026\/04\/Hof-Lebensberg-2.png","datePublished":"2026-04-25T12:31:15+00:00","description":"Im Almanach 2026 von Oya erz\u00e4hlen Menschen in 21 Geschichten, wie sie vorauslieben \u2013 an Orten des guten Lebens, auf Wanderschaft, in Widerstands- und","breadcrumb":{"@id":"https:\/\/www.pressenza.com\/de\/2026\/04\/geschichten-des-vorausliebens-was-bleibt-sind-die-baeume\/#breadcrumb"},"inLanguage":"de","potentialAction":[{"@type":"ReadAction","target":["https:\/\/www.pressenza.com\/de\/2026\/04\/geschichten-des-vorausliebens-was-bleibt-sind-die-baeume\/"]}]},{"@type":"ImageObject","inLanguage":"de","@id":"https:\/\/www.pressenza.com\/de\/2026\/04\/geschichten-des-vorausliebens-was-bleibt-sind-die-baeume\/#primaryimage","url":"https:\/\/www.pressenza.com\/wp-content\/uploads\/2026\/04\/Hof-Lebensberg-2.png","contentUrl":"https:\/\/www.pressenza.com\/wp-content\/uploads\/2026\/04\/Hof-Lebensberg-2.png","width":820,"height":480,"caption":"Auf 11 Hektar wurden zehntausende Geh\u00f6lze gepflanzt. Die Gemeinschaft ging auseinander, die B\u00e4ume blieben. (Foto: Tobias Hoppe)"},{"@type":"BreadcrumbList","@id":"https:\/\/www.pressenza.com\/de\/2026\/04\/geschichten-des-vorausliebens-was-bleibt-sind-die-baeume\/#breadcrumb","itemListElement":[{"@type":"ListItem","position":1,"name":"Accueil","item":"https:\/\/www.pressenza.com\/de\/"},{"@type":"ListItem","position":2,"name":"Geschichten des Vorausliebens: Was bleibt, sind die B\u00e4ume"}]},{"@type":"WebSite","@id":"https:\/\/www.pressenza.com\/de\/#website","url":"https:\/\/www.pressenza.com\/de\/","name":"Pressenza","description":"International Press Agency","publisher":{"@id":"https:\/\/www.pressenza.com\/de\/#organization"},"potentialAction":[{"@type":"SearchAction","target":{"@type":"EntryPoint","urlTemplate":"https:\/\/www.pressenza.com\/de\/?s={search_term_string}"},"query-input":{"@type":"PropertyValueSpecification","valueRequired":true,"valueName":"search_term_string"}}],"inLanguage":"de"},{"@type":"Organization","@id":"https:\/\/www.pressenza.com\/de\/#organization","name":"Pressenza","url":"https:\/\/www.pressenza.com\/de\/","logo":{"@type":"ImageObject","inLanguage":"de","@id":"https:\/\/www.pressenza.com\/de\/#\/schema\/logo\/image\/","url":"https:\/\/www.pressenza.com\/wp-content\/uploads\/2022\/10\/pressenza_logo_200x200.jpg","contentUrl":"https:\/\/www.pressenza.com\/wp-content\/uploads\/2022\/10\/pressenza_logo_200x200.jpg","width":200,"height":200,"caption":"Pressenza"},"image":{"@id":"https:\/\/www.pressenza.com\/de\/#\/schema\/logo\/image\/"},"sameAs":["https:\/\/www.facebook.com\/PressenzaItalia","https:\/\/x.com\/PressenzaIPA"]},{"@type":"Person","@id":"https:\/\/www.pressenza.com\/de\/#\/schema\/person\/7ff0812531329527e08b240dd8e44213","name":"Oya","sameAs":["https:\/\/oya-online.de\/"],"url":"https:\/\/www.pressenza.com\/de\/author\/oya\/"}]}},"place":"","original_article_url":"","_links":{"self":[{"href":"https:\/\/www.pressenza.com\/de\/wp-json\/wp\/v2\/posts\/2695458","targetHints":{"allow":["GET"]}}],"collection":[{"href":"https:\/\/www.pressenza.com\/de\/wp-json\/wp\/v2\/posts"}],"about":[{"href":"https:\/\/www.pressenza.com\/de\/wp-json\/wp\/v2\/types\/post"}],"author":[{"embeddable":true,"href":"https:\/\/www.pressenza.com\/de\/wp-json\/wp\/v2\/users\/2604"}],"replies":[{"embeddable":true,"href":"https:\/\/www.pressenza.com\/de\/wp-json\/wp\/v2\/comments?post=2695458"}],"version-history":[{"count":2,"href":"https:\/\/www.pressenza.com\/de\/wp-json\/wp\/v2\/posts\/2695458\/revisions"}],"predecessor-version":[{"id":2695467,"href":"https:\/\/www.pressenza.com\/de\/wp-json\/wp\/v2\/posts\/2695458\/revisions\/2695467"}],"wp:featuredmedia":[{"embeddable":true,"href":"https:\/\/www.pressenza.com\/de\/wp-json\/wp\/v2\/media\/2695464"}],"wp:attachment":[{"href":"https:\/\/www.pressenza.com\/de\/wp-json\/wp\/v2\/media?parent=2695458"}],"wp:term":[{"taxonomy":"category","embeddable":true,"href":"https:\/\/www.pressenza.com\/de\/wp-json\/wp\/v2\/categories?post=2695458"},{"taxonomy":"post_tag","embeddable":true,"href":"https:\/\/www.pressenza.com\/de\/wp-json\/wp\/v2\/tags?post=2695458"}],"curies":[{"name":"wp","href":"https:\/\/api.w.org\/{rel}","templated":true}]}}