{"id":2695434,"date":"2026-04-25T11:23:17","date_gmt":"2026-04-25T10:23:17","guid":{"rendered":"https:\/\/www.pressenza.com\/?p=2695434"},"modified":"2026-04-25T11:23:17","modified_gmt":"2026-04-25T10:23:17","slug":"ein-glockenschlag-fuer-den-frieden-7-internationaler-weltfrauenfriedenstag-in-berlin","status":"publish","type":"post","link":"https:\/\/www.pressenza.com\/de\/2026\/04\/ein-glockenschlag-fuer-den-frieden-7-internationaler-weltfrauenfriedenstag-in-berlin\/","title":{"rendered":"Ein Glockenschlag f\u00fcr den Frieden: 7. Internationaler Weltfrauenfriedenstag in Berlin"},"content":{"rendered":"<p><strong>Am Sonntag, den 26. April 2026 l\u00e4dt die International Women\u2019s Peace Group (IWPG) zum 7. Internationalen Weltfrauenfriedenstag ein.<\/strong><\/p>\n<blockquote><p>Wann: Sonntag, 26. April 2026, 14:00 \u2013 16:00 Uhr<br \/>\nWo: Weltfriedensglocke im Volkspark Friedrichshain, 10249 Berlin<br \/>\nHighlight: Offizieller Glockenschlag<\/p><\/blockquote>\n<p>Der Glockenklang steht als kraftvolles Symbol f\u00fcr die zentrale Rolle von Frauen in Friedensprozessen weltweit. Dieser Gedenktag stellt Frauen als aktive Gestalterinnen von Friedensprozessen in den Mittelpunkt. Ziel ist es, Frieden nicht nur als Wunsch, sondern als gelebte Praxis durch Beteiligung und Solidarit\u00e4t zu gestalten.<\/p>\n<p>Die International Women\u2019s Peace Group (IWPG) wurde im Jahr 2013 gegr\u00fcndet und setzt sich weltweit f\u00fcr die Beendigung von Kriegen sowie die F\u00f6rderung nachhaltigen Friedens ein. Die Organisation ist beim Wirtschafts- und Sozialrat der Vereinten Nationen (ECOSOC) als NGO mit Beraterstatus registriert und in \u00fcber 120 L\u00e4ndern mit rund 800 Partnerorganisationen aktiv.<\/p>\n<p>In Zusammenarbeit mit der Friedensglockengesellschaft Berlin e.V. und dem Projekt DonnerHerzig wird ein feierliches Programm gestaltet, das den Aufbau einer nachhaltigen Friedenskultur f\u00f6rdert.<\/p>\n<p>Interessierte B\u00fcrgerinnen und B\u00fcrger sowie Medienvertretende sind herzlich eingeladen, diesen Nachmittag gemeinsam im Zeichen der internationalen friedlichen Verst\u00e4ndigung zu verbringen.<\/p>\n","protected":false},"excerpt":{"rendered":"<p>Am Sonntag, den 26. April 2026 l\u00e4dt die International Women\u2019s Peace Group (IWPG) zum 7. Internationalen Weltfrauenfriedenstag ein. Wann: Sonntag, 26. April 2026, 14:00 \u2013 16:00 Uhr Wo: Weltfriedensglocke im Volkspark Friedrichshain, 10249 Berlin Highlight: Offizieller Glockenschlag Der Glockenklang steht&hellip;<\/p>\n","protected":false},"author":1095,"featured_media":2695438,"comment_status":"closed","ping_status":"closed","sticky":false,"template":"","format":"standard","meta":{"footnotes":""},"categories":[9167,9166,7835,9145],"tags":[149663,10574,12983,22866,9358,51891,22229,155571,18395,155866],"class_list":["post-2695434","post","type-post","status-publish","format-standard","has-post-thumbnail","hentry","category-frieden-und-abruestung","category-gewaltfreiheit","category-international-de","category-pressemitteilungen","tag-frauen-und-frieden","tag-berlin-de","tag-dialog","tag-friedensarbeit","tag-friedensbewegung","tag-friedenskultur","tag-gewaltfreiheit","tag-iwpg","tag-solidaritat","tag-weltfrauenfriedenstag"],"yoast_head":"<!-- This site is optimized with the Yoast SEO plugin v27.1.1 - https:\/\/yoast.com\/product\/yoast-seo-wordpress\/ -->\n<title>Ein Glockenschlag f\u00fcr den Frieden: 7. Internationaler Weltfrauenfriedenstag in Berlin<\/title>\n<meta name=\"description\" content=\"Am Sonntag, den 26. April 2026 l\u00e4dt die International Women\u2019s Peace Group (IWPG) zum 7. Internationalen Weltfrauenfriedenstag ein. Wann: Sonntag, 26.\" \/>\n<meta name=\"robots\" content=\"index, follow, max-snippet:-1, max-image-preview:large, max-video-preview:-1\" \/>\n<link rel=\"canonical\" href=\"https:\/\/www.pressenza.com\/de\/2026\/04\/ein-glockenschlag-fuer-den-frieden-7-internationaler-weltfrauenfriedenstag-in-berlin\/\" \/>\n<meta property=\"og:locale\" content=\"de_DE\" \/>\n<meta property=\"og:type\" content=\"article\" \/>\n<meta property=\"og:title\" content=\"Ein Glockenschlag f\u00fcr den Frieden: 7. Internationaler Weltfrauenfriedenstag in Berlin\" \/>\n<meta property=\"og:description\" content=\"Am Sonntag, den 26. April 2026 l\u00e4dt die International Women\u2019s Peace Group (IWPG) zum 7. Internationalen Weltfrauenfriedenstag ein. Wann: Sonntag, 26.\" \/>\n<meta property=\"og:url\" content=\"https:\/\/www.pressenza.com\/de\/2026\/04\/ein-glockenschlag-fuer-den-frieden-7-internationaler-weltfrauenfriedenstag-in-berlin\/\" \/>\n<meta property=\"og:site_name\" content=\"Pressenza\" \/>\n<meta property=\"article:publisher\" content=\"https:\/\/www.facebook.com\/PressenzaItalia\" \/>\n<meta property=\"article:author\" content=\"https:\/\/www.facebook.com\/Pressenza-Deutschland-sterreich-Schweiz-281675388658060\/timeline\/\" \/>\n<meta property=\"article:published_time\" content=\"2026-04-25T10:23:17+00:00\" \/>\n<meta property=\"og:image\" content=\"https:\/\/www.pressenza.com\/wp-content\/uploads\/2026\/04\/Weltfriedensglocke_Berlin.jpg\" \/>\n\t<meta property=\"og:image:width\" content=\"1500\" \/>\n\t<meta property=\"og:image:height\" content=\"1000\" \/>\n\t<meta property=\"og:image:type\" content=\"image\/jpeg\" \/>\n<meta name=\"author\" content=\"Pressenza Berlin\" \/>\n<meta name=\"twitter:card\" content=\"summary_large_image\" \/>\n<meta name=\"twitter:creator\" content=\"@pressenza_ger\" \/>\n<meta name=\"twitter:site\" content=\"@PressenzaIPA\" \/>\n<meta name=\"twitter:label1\" content=\"Verfasst von\" \/>\n\t<meta name=\"twitter:data1\" content=\"Pressenza Berlin\" \/>\n\t<meta name=\"twitter:label2\" content=\"Gesch\u00e4tzte Lesezeit\" \/>\n\t<meta name=\"twitter:data2\" content=\"2\u00a0Minuten\" \/>\n<script type=\"application\/ld+json\" class=\"yoast-schema-graph\">{\"@context\":\"https:\/\/schema.org\",\"@graph\":[{\"@type\":\"Article\",\"@id\":\"https:\/\/www.pressenza.com\/de\/2026\/04\/ein-glockenschlag-fuer-den-frieden-7-internationaler-weltfrauenfriedenstag-in-berlin\/#article\",\"isPartOf\":{\"@id\":\"https:\/\/www.pressenza.com\/de\/2026\/04\/ein-glockenschlag-fuer-den-frieden-7-internationaler-weltfrauenfriedenstag-in-berlin\/\"},\"author\":{\"name\":\"Pressenza Berlin\",\"@id\":\"https:\/\/www.pressenza.com\/de\/#\/schema\/person\/57bb5480943a496a7722b0248e4b658a\"},\"headline\":\"Ein Glockenschlag f\u00fcr den Frieden: 7. Internationaler Weltfrauenfriedenstag in Berlin\",\"datePublished\":\"2026-04-25T10:23:17+00:00\",\"mainEntityOfPage\":{\"@id\":\"https:\/\/www.pressenza.com\/de\/2026\/04\/ein-glockenschlag-fuer-den-frieden-7-internationaler-weltfrauenfriedenstag-in-berlin\/\"},\"wordCount\":189,\"publisher\":{\"@id\":\"https:\/\/www.pressenza.com\/de\/#organization\"},\"image\":{\"@id\":\"https:\/\/www.pressenza.com\/de\/2026\/04\/ein-glockenschlag-fuer-den-frieden-7-internationaler-weltfrauenfriedenstag-in-berlin\/#primaryimage\"},\"thumbnailUrl\":\"https:\/\/www.pressenza.com\/wp-content\/uploads\/2026\/04\/Weltfriedensglocke_Berlin.jpg\",\"keywords\":[\"#Frauen und Frieden\",\"Berlin\",\"Dialog\",\"Friedensarbeit\",\"Friedensbewegung\",\"Friedenskultur\",\"Gewaltfreiheit\",\"IWPG\",\"Solidarit\u00e4t\",\"Weltfrauenfriedenstag\"],\"articleSection\":[\"Frieden und Abr\u00fcstung\",\"Gewaltfreiheit\",\"International\",\"Pressemitteilungen\"],\"inLanguage\":\"de\"},{\"@type\":\"WebPage\",\"@id\":\"https:\/\/www.pressenza.com\/de\/2026\/04\/ein-glockenschlag-fuer-den-frieden-7-internationaler-weltfrauenfriedenstag-in-berlin\/\",\"url\":\"https:\/\/www.pressenza.com\/de\/2026\/04\/ein-glockenschlag-fuer-den-frieden-7-internationaler-weltfrauenfriedenstag-in-berlin\/\",\"name\":\"Ein Glockenschlag f\u00fcr den Frieden: 7. Internationaler Weltfrauenfriedenstag in Berlin\",\"isPartOf\":{\"@id\":\"https:\/\/www.pressenza.com\/de\/#website\"},\"primaryImageOfPage\":{\"@id\":\"https:\/\/www.pressenza.com\/de\/2026\/04\/ein-glockenschlag-fuer-den-frieden-7-internationaler-weltfrauenfriedenstag-in-berlin\/#primaryimage\"},\"image\":{\"@id\":\"https:\/\/www.pressenza.com\/de\/2026\/04\/ein-glockenschlag-fuer-den-frieden-7-internationaler-weltfrauenfriedenstag-in-berlin\/#primaryimage\"},\"thumbnailUrl\":\"https:\/\/www.pressenza.com\/wp-content\/uploads\/2026\/04\/Weltfriedensglocke_Berlin.jpg\",\"datePublished\":\"2026-04-25T10:23:17+00:00\",\"description\":\"Am Sonntag, den 26. April 2026 l\u00e4dt die International Women\u2019s Peace Group (IWPG) zum 7. Internationalen Weltfrauenfriedenstag ein. Wann: Sonntag, 26.\",\"breadcrumb\":{\"@id\":\"https:\/\/www.pressenza.com\/de\/2026\/04\/ein-glockenschlag-fuer-den-frieden-7-internationaler-weltfrauenfriedenstag-in-berlin\/#breadcrumb\"},\"inLanguage\":\"de\",\"potentialAction\":[{\"@type\":\"ReadAction\",\"target\":[\"https:\/\/www.pressenza.com\/de\/2026\/04\/ein-glockenschlag-fuer-den-frieden-7-internationaler-weltfrauenfriedenstag-in-berlin\/\"]}]},{\"@type\":\"ImageObject\",\"inLanguage\":\"de\",\"@id\":\"https:\/\/www.pressenza.com\/de\/2026\/04\/ein-glockenschlag-fuer-den-frieden-7-internationaler-weltfrauenfriedenstag-in-berlin\/#primaryimage\",\"url\":\"https:\/\/www.pressenza.com\/wp-content\/uploads\/2026\/04\/Weltfriedensglocke_Berlin.jpg\",\"contentUrl\":\"https:\/\/www.pressenza.com\/wp-content\/uploads\/2026\/04\/Weltfriedensglocke_Berlin.jpg\",\"width\":1500,\"height\":1000,\"caption\":\"Ein Glockenschlag f\u00fcr den Frieden: 7. Internationaler Weltfrauenfriedenstag in Berlin\"},{\"@type\":\"BreadcrumbList\",\"@id\":\"https:\/\/www.pressenza.com\/de\/2026\/04\/ein-glockenschlag-fuer-den-frieden-7-internationaler-weltfrauenfriedenstag-in-berlin\/#breadcrumb\",\"itemListElement\":[{\"@type\":\"ListItem\",\"position\":1,\"name\":\"Accueil\",\"item\":\"https:\/\/www.pressenza.com\/de\/\"},{\"@type\":\"ListItem\",\"position\":2,\"name\":\"Ein Glockenschlag f\u00fcr den Frieden: 7. Internationaler Weltfrauenfriedenstag in Berlin\"}]},{\"@type\":\"WebSite\",\"@id\":\"https:\/\/www.pressenza.com\/de\/#website\",\"url\":\"https:\/\/www.pressenza.com\/de\/\",\"name\":\"Pressenza\",\"description\":\"International Press Agency\",\"publisher\":{\"@id\":\"https:\/\/www.pressenza.com\/de\/#organization\"},\"potentialAction\":[{\"@type\":\"SearchAction\",\"target\":{\"@type\":\"EntryPoint\",\"urlTemplate\":\"https:\/\/www.pressenza.com\/de\/?s={search_term_string}\"},\"query-input\":{\"@type\":\"PropertyValueSpecification\",\"valueRequired\":true,\"valueName\":\"search_term_string\"}}],\"inLanguage\":\"de\"},{\"@type\":\"Organization\",\"@id\":\"https:\/\/www.pressenza.com\/de\/#organization\",\"name\":\"Pressenza\",\"url\":\"https:\/\/www.pressenza.com\/de\/\",\"logo\":{\"@type\":\"ImageObject\",\"inLanguage\":\"de\",\"@id\":\"https:\/\/www.pressenza.com\/de\/#\/schema\/logo\/image\/\",\"url\":\"https:\/\/www.pressenza.com\/wp-content\/uploads\/2022\/10\/pressenza_logo_200x200.jpg\",\"contentUrl\":\"https:\/\/www.pressenza.com\/wp-content\/uploads\/2022\/10\/pressenza_logo_200x200.jpg\",\"width\":200,\"height\":200,\"caption\":\"Pressenza\"},\"image\":{\"@id\":\"https:\/\/www.pressenza.com\/de\/#\/schema\/logo\/image\/\"},\"sameAs\":[\"https:\/\/www.facebook.com\/PressenzaItalia\",\"https:\/\/x.com\/PressenzaIPA\"]},{\"@type\":\"Person\",\"@id\":\"https:\/\/www.pressenza.com\/de\/#\/schema\/person\/57bb5480943a496a7722b0248e4b658a\",\"name\":\"Pressenza Berlin\",\"description\":\"News from the Pressenza Bureau in Berlin, Germany\",\"sameAs\":[\"https:\/\/www.facebook.com\/Pressenza-Deutschland-sterreich-Schweiz-281675388658060\/timeline\/\",\"https:\/\/x.com\/pressenza_ger\"],\"url\":\"https:\/\/www.pressenza.com\/de\/author\/pressenza-berlin\/\"}]}<\/script>\n<!-- \/ Yoast SEO plugin. -->","yoast_head_json":{"title":"Ein Glockenschlag f\u00fcr den Frieden: 7. Internationaler Weltfrauenfriedenstag in Berlin","description":"Am Sonntag, den 26. April 2026 l\u00e4dt die International Women\u2019s Peace Group (IWPG) zum 7. Internationalen Weltfrauenfriedenstag ein. Wann: Sonntag, 26.","robots":{"index":"index","follow":"follow","max-snippet":"max-snippet:-1","max-image-preview":"max-image-preview:large","max-video-preview":"max-video-preview:-1"},"canonical":"https:\/\/www.pressenza.com\/de\/2026\/04\/ein-glockenschlag-fuer-den-frieden-7-internationaler-weltfrauenfriedenstag-in-berlin\/","og_locale":"de_DE","og_type":"article","og_title":"Ein Glockenschlag f\u00fcr den Frieden: 7. Internationaler Weltfrauenfriedenstag in Berlin","og_description":"Am Sonntag, den 26. April 2026 l\u00e4dt die International Women\u2019s Peace Group (IWPG) zum 7. Internationalen Weltfrauenfriedenstag ein. Wann: Sonntag, 26.","og_url":"https:\/\/www.pressenza.com\/de\/2026\/04\/ein-glockenschlag-fuer-den-frieden-7-internationaler-weltfrauenfriedenstag-in-berlin\/","og_site_name":"Pressenza","article_publisher":"https:\/\/www.facebook.com\/PressenzaItalia","article_author":"https:\/\/www.facebook.com\/Pressenza-Deutschland-sterreich-Schweiz-281675388658060\/timeline\/","article_published_time":"2026-04-25T10:23:17+00:00","og_image":[{"width":1500,"height":1000,"url":"https:\/\/www.pressenza.com\/wp-content\/uploads\/2026\/04\/Weltfriedensglocke_Berlin.jpg","type":"image\/jpeg"}],"author":"Pressenza Berlin","twitter_card":"summary_large_image","twitter_creator":"@pressenza_ger","twitter_site":"@PressenzaIPA","twitter_misc":{"Verfasst von":"Pressenza Berlin","Gesch\u00e4tzte Lesezeit":"2\u00a0Minuten"},"schema":{"@context":"https:\/\/schema.org","@graph":[{"@type":"Article","@id":"https:\/\/www.pressenza.com\/de\/2026\/04\/ein-glockenschlag-fuer-den-frieden-7-internationaler-weltfrauenfriedenstag-in-berlin\/#article","isPartOf":{"@id":"https:\/\/www.pressenza.com\/de\/2026\/04\/ein-glockenschlag-fuer-den-frieden-7-internationaler-weltfrauenfriedenstag-in-berlin\/"},"author":{"name":"Pressenza Berlin","@id":"https:\/\/www.pressenza.com\/de\/#\/schema\/person\/57bb5480943a496a7722b0248e4b658a"},"headline":"Ein Glockenschlag f\u00fcr den Frieden: 7. Internationaler Weltfrauenfriedenstag in Berlin","datePublished":"2026-04-25T10:23:17+00:00","mainEntityOfPage":{"@id":"https:\/\/www.pressenza.com\/de\/2026\/04\/ein-glockenschlag-fuer-den-frieden-7-internationaler-weltfrauenfriedenstag-in-berlin\/"},"wordCount":189,"publisher":{"@id":"https:\/\/www.pressenza.com\/de\/#organization"},"image":{"@id":"https:\/\/www.pressenza.com\/de\/2026\/04\/ein-glockenschlag-fuer-den-frieden-7-internationaler-weltfrauenfriedenstag-in-berlin\/#primaryimage"},"thumbnailUrl":"https:\/\/www.pressenza.com\/wp-content\/uploads\/2026\/04\/Weltfriedensglocke_Berlin.jpg","keywords":["#Frauen und Frieden","Berlin","Dialog","Friedensarbeit","Friedensbewegung","Friedenskultur","Gewaltfreiheit","IWPG","Solidarit\u00e4t","Weltfrauenfriedenstag"],"articleSection":["Frieden und Abr\u00fcstung","Gewaltfreiheit","International","Pressemitteilungen"],"inLanguage":"de"},{"@type":"WebPage","@id":"https:\/\/www.pressenza.com\/de\/2026\/04\/ein-glockenschlag-fuer-den-frieden-7-internationaler-weltfrauenfriedenstag-in-berlin\/","url":"https:\/\/www.pressenza.com\/de\/2026\/04\/ein-glockenschlag-fuer-den-frieden-7-internationaler-weltfrauenfriedenstag-in-berlin\/","name":"Ein Glockenschlag f\u00fcr den Frieden: 7. Internationaler Weltfrauenfriedenstag in Berlin","isPartOf":{"@id":"https:\/\/www.pressenza.com\/de\/#website"},"primaryImageOfPage":{"@id":"https:\/\/www.pressenza.com\/de\/2026\/04\/ein-glockenschlag-fuer-den-frieden-7-internationaler-weltfrauenfriedenstag-in-berlin\/#primaryimage"},"image":{"@id":"https:\/\/www.pressenza.com\/de\/2026\/04\/ein-glockenschlag-fuer-den-frieden-7-internationaler-weltfrauenfriedenstag-in-berlin\/#primaryimage"},"thumbnailUrl":"https:\/\/www.pressenza.com\/wp-content\/uploads\/2026\/04\/Weltfriedensglocke_Berlin.jpg","datePublished":"2026-04-25T10:23:17+00:00","description":"Am Sonntag, den 26. April 2026 l\u00e4dt die International Women\u2019s Peace Group (IWPG) zum 7. Internationalen Weltfrauenfriedenstag ein. Wann: Sonntag, 26.","breadcrumb":{"@id":"https:\/\/www.pressenza.com\/de\/2026\/04\/ein-glockenschlag-fuer-den-frieden-7-internationaler-weltfrauenfriedenstag-in-berlin\/#breadcrumb"},"inLanguage":"de","potentialAction":[{"@type":"ReadAction","target":["https:\/\/www.pressenza.com\/de\/2026\/04\/ein-glockenschlag-fuer-den-frieden-7-internationaler-weltfrauenfriedenstag-in-berlin\/"]}]},{"@type":"ImageObject","inLanguage":"de","@id":"https:\/\/www.pressenza.com\/de\/2026\/04\/ein-glockenschlag-fuer-den-frieden-7-internationaler-weltfrauenfriedenstag-in-berlin\/#primaryimage","url":"https:\/\/www.pressenza.com\/wp-content\/uploads\/2026\/04\/Weltfriedensglocke_Berlin.jpg","contentUrl":"https:\/\/www.pressenza.com\/wp-content\/uploads\/2026\/04\/Weltfriedensglocke_Berlin.jpg","width":1500,"height":1000,"caption":"Ein Glockenschlag f\u00fcr den Frieden: 7. Internationaler Weltfrauenfriedenstag in Berlin"},{"@type":"BreadcrumbList","@id":"https:\/\/www.pressenza.com\/de\/2026\/04\/ein-glockenschlag-fuer-den-frieden-7-internationaler-weltfrauenfriedenstag-in-berlin\/#breadcrumb","itemListElement":[{"@type":"ListItem","position":1,"name":"Accueil","item":"https:\/\/www.pressenza.com\/de\/"},{"@type":"ListItem","position":2,"name":"Ein Glockenschlag f\u00fcr den Frieden: 7. Internationaler Weltfrauenfriedenstag in Berlin"}]},{"@type":"WebSite","@id":"https:\/\/www.pressenza.com\/de\/#website","url":"https:\/\/www.pressenza.com\/de\/","name":"Pressenza","description":"International Press Agency","publisher":{"@id":"https:\/\/www.pressenza.com\/de\/#organization"},"potentialAction":[{"@type":"SearchAction","target":{"@type":"EntryPoint","urlTemplate":"https:\/\/www.pressenza.com\/de\/?s={search_term_string}"},"query-input":{"@type":"PropertyValueSpecification","valueRequired":true,"valueName":"search_term_string"}}],"inLanguage":"de"},{"@type":"Organization","@id":"https:\/\/www.pressenza.com\/de\/#organization","name":"Pressenza","url":"https:\/\/www.pressenza.com\/de\/","logo":{"@type":"ImageObject","inLanguage":"de","@id":"https:\/\/www.pressenza.com\/de\/#\/schema\/logo\/image\/","url":"https:\/\/www.pressenza.com\/wp-content\/uploads\/2022\/10\/pressenza_logo_200x200.jpg","contentUrl":"https:\/\/www.pressenza.com\/wp-content\/uploads\/2022\/10\/pressenza_logo_200x200.jpg","width":200,"height":200,"caption":"Pressenza"},"image":{"@id":"https:\/\/www.pressenza.com\/de\/#\/schema\/logo\/image\/"},"sameAs":["https:\/\/www.facebook.com\/PressenzaItalia","https:\/\/x.com\/PressenzaIPA"]},{"@type":"Person","@id":"https:\/\/www.pressenza.com\/de\/#\/schema\/person\/57bb5480943a496a7722b0248e4b658a","name":"Pressenza Berlin","description":"News from the Pressenza Bureau in Berlin, Germany","sameAs":["https:\/\/www.facebook.com\/Pressenza-Deutschland-sterreich-Schweiz-281675388658060\/timeline\/","https:\/\/x.com\/pressenza_ger"],"url":"https:\/\/www.pressenza.com\/de\/author\/pressenza-berlin\/"}]}},"place":"","original_article_url":"","_links":{"self":[{"href":"https:\/\/www.pressenza.com\/de\/wp-json\/wp\/v2\/posts\/2695434","targetHints":{"allow":["GET"]}}],"collection":[{"href":"https:\/\/www.pressenza.com\/de\/wp-json\/wp\/v2\/posts"}],"about":[{"href":"https:\/\/www.pressenza.com\/de\/wp-json\/wp\/v2\/types\/post"}],"author":[{"embeddable":true,"href":"https:\/\/www.pressenza.com\/de\/wp-json\/wp\/v2\/users\/1095"}],"replies":[{"embeddable":true,"href":"https:\/\/www.pressenza.com\/de\/wp-json\/wp\/v2\/comments?post=2695434"}],"version-history":[{"count":1,"href":"https:\/\/www.pressenza.com\/de\/wp-json\/wp\/v2\/posts\/2695434\/revisions"}],"predecessor-version":[{"id":2695436,"href":"https:\/\/www.pressenza.com\/de\/wp-json\/wp\/v2\/posts\/2695434\/revisions\/2695436"}],"wp:featuredmedia":[{"embeddable":true,"href":"https:\/\/www.pressenza.com\/de\/wp-json\/wp\/v2\/media\/2695438"}],"wp:attachment":[{"href":"https:\/\/www.pressenza.com\/de\/wp-json\/wp\/v2\/media?parent=2695434"}],"wp:term":[{"taxonomy":"category","embeddable":true,"href":"https:\/\/www.pressenza.com\/de\/wp-json\/wp\/v2\/categories?post=2695434"},{"taxonomy":"post_tag","embeddable":true,"href":"https:\/\/www.pressenza.com\/de\/wp-json\/wp\/v2\/tags?post=2695434"}],"curies":[{"name":"wp","href":"https:\/\/api.w.org\/{rel}","templated":true}]}}