{"id":2695374,"date":"2026-04-25T09:50:33","date_gmt":"2026-04-25T08:50:33","guid":{"rendered":"https:\/\/www.pressenza.com\/?p=2695374"},"modified":"2026-04-25T09:52:19","modified_gmt":"2026-04-25T08:52:19","slug":"den-blick-veraendern-gewaltfreier-journalismus-in-der-praxis","status":"publish","type":"post","link":"https:\/\/www.pressenza.com\/de\/2026\/04\/den-blick-veraendern-gewaltfreier-journalismus-in-der-praxis\/","title":{"rendered":"Den Blick ver\u00e4ndern \u2013 gewaltfreier Journalismus in der Praxis"},"content":{"rendered":"<p><strong>In einem Medienkontext, der von Angst, Polarisierung und vereinfachten Darstellungen von Konflikten gepr\u00e4gt ist, er\u00f6ffnen einige Initiativen neue Wege. In diesem Sinne nahmen die internationale Nachrichtenagentur <a href=\"https:\/\/www.pressenza.com\/de\/\" target=\"_blank\" rel=\"noopener\">Pressenza<\/a> und das <a href=\"https:\/\/o-nv.org\/fr\/\" target=\"_blank\" rel=\"noopener\">Observatoire de la Non-Violence<\/a> am 11. April 2026 in Paris beim Forum <a href=\"https:\/\/www.preparelapaix.org\/\" target=\"_blank\" rel=\"noopener\">\u201ePr\u00e9pare la Paix\u201c<\/a> teil.<\/strong><\/p>\n<p>Den ganzen Tag \u00fcber tauschten Vereine, Kollektive und engagierte B\u00fcrger:innen ihre Ans\u00e4tze zum Aufbau einer Kultur des Friedens aus. Doch jenseits der Beitr\u00e4ge zog sich eine zentrale Frage durch alle Gespr\u00e4che: Wie k\u00f6nnen wir unsere Wahrnehmung der Welt \u2013 und damit auch unser Handeln \u2013 ver\u00e4ndern?<\/p>\n<h3><strong>Die Macht \u00fcber unseren Blick zur\u00fcckgewinnen<\/strong><\/h3>\n<p>Das Programm bot die Gelegenheit, drei grundlegende Dimensionen zu erkunden: unsere Beziehung zur Welt, zu anderen und zu uns selbst. Hinter diesen Themen stand eine zentrale Herausforderung: sich von einer fatalistischen Sicht auf Gewalt zu l\u00f6sen.<\/p>\n<p>Denn Gewalt zeigt sich nicht nur in den Ereignissen selbst. Sie zeigt sich auch in den Erz\u00e4hlungen, in den Deutungsrahmen und in dem, was wir sichtbar machen \u2013 oder ausblenden. Vor diesem Hintergrund ist Gewaltfreiheit nicht nur eine moralische Haltung. Sie wird zu einem Instrument, mit dem wir die Realit\u00e4t deuten k\u00f6nnen.<\/p>\n<h3><strong>Anders zu informieren bedeutet also bereits zu handeln<\/strong><\/h3>\n<p>An ihrem Stand stellten Pressenza und das Observatoire de la Non-Violence die Werke <a href=\"https:\/\/www.pressenza.com\/de\/journalisme-non-violent\/\" target=\"_blank\" rel=\"noopener\"><em>Journalisme Non-Violent<\/em><\/a> und <a href=\"https:\/\/www.pressenza.com\/fr\/tag\/pistes-pour-la-non-violence\/\" target=\"_blank\" rel=\"noopener\"><em>Pistes pour la Non-Violence<\/em><\/a> vor \u2013 eine Einladung, die Rolle von Information grunds\u00e4tzlich neu zu denken: nicht mehr als blo\u00dfen Spiegel der Welt, sondern als Hebel f\u00fcr Ver\u00e4nderung.<\/p>\n<p>Denn jede Information hat Wirkung. Sie beeinflusst unsere Emotionen, lenkt unsere Wahrnehmung und pr\u00e4gt unsere Entscheidungen. Daraus erw\u00e4chst eine Verantwortung: Welche Welt erschaffen wir durch das, was wir erz\u00e4hlen?<\/p>\n<h3><strong>Ein interaktiver Workshop zum Erleben der Umkehrbarkeit<\/strong><\/h3>\n<p>Fernab eines klassischen Top-down-Formats stellte der von Pressenza angebotene Workshop die Teilnehmenden in den Mittelpunkt des Erlebens.<\/p>\n<p><strong>Der erste Schritt bestand darin, die Funktionsweise des Bewusstseins zu verstehen<\/strong> und zu entdecken, was es jedem Menschen erm\u00f6glicht, dem Kreislauf der Gewalt zu entkommen. Es ging darum zu erkennen, wie wir unsere Umkehrbarkeit nutzen k\u00f6nnen, um Abstand zu unseren Pr\u00e4gungen, spontanen Emotionen und gewohnten Reaktionsmustern zu gewinnen. Dank der Umkehrbarkeit unseres Bewusstseins k\u00f6nnen wir unsere Absicht in Gang setzen, unsere Entscheidungen definieren und eine neue Haltung zugunsten von Frieden und Gewaltfreiheit entwickeln.<\/p>\n<p>Denn zwischen Reiz und Antwort liegt ein Raum \u2013 und in diesem Raum liegt unsere Freiheit.<\/p>\n<p><img loading=\"lazy\" decoding=\"async\" class=\"alignnone \" src=\"https:\/\/www.pressenza.com\/wp-content\/uploads\/2026\/04\/2-fonctionnement-psychisme.jpg\" width=\"827\" height=\"507\" \/><\/p>\n<p><strong>Zweiter Schritt: Unsere Reaktionen auf Informationen entschl\u00fcsseln<\/strong><\/p>\n<p>Anhand von Bildern sozialer Mobilisierungen wurde jede*r eingeladen, die eigenen Emotionen zu beobachten: Angst, Ablehnung, Bewunderung, Engagement \u2026<\/p>\n<p>Diese gemeinsame Arbeit machte einen entscheidenden Punkt sichtbar: Unsere Reaktionen sind niemals neutral. Sie beruhen auf mentalen Konstruktionen und verinnerlichten Erz\u00e4hlungen, die oft unsichtbar bleiben. Eine neue Sichtweise zu entwickeln bedeutet daher auch, diese Automatismen zu hinterfragen.<\/p>\n<p><img loading=\"lazy\" decoding=\"async\" class=\"alignnone \" src=\"https:\/\/www.pressenza.com\/wp-content\/uploads\/2026\/04\/3-atelier-1.jpg\" width=\"825\" height=\"549\" \/><\/p>\n<p><img loading=\"lazy\" decoding=\"async\" class=\"aligncenter size-medium\" src=\"https:\/\/www.pressenza.com\/wp-content\/uploads\/2026\/04\/4-atelier.jpg\" width=\"500\" height=\"720\" \/><\/p>\n<p>In kleinen Gruppen drehten sich die Gespr\u00e4che um die ersten Emotionen und Reaktionen: Worauf beruhen sie? Wie l\u00e4sst sich eine Interpretation entwickeln, die auf Frieden und Gewaltfreiheit ausgerichtet ist? Und auf welcher Grundlage?<\/p>\n<div class=\"post-gallery\">\n\t\t\t<figure class=\"post-gallery-item\">\n\t\t\t\t<img decoding=\"async\" src=\"https:\/\/www.pressenza.com\/wp-content\/uploads\/2026\/04\/5.jpg\" loading=\"lazy\">\n\t\t\t\t<figcaption>\n\t\t\t\t\t\n\t\t\t\t<\/figcaption>\n\t\t\t<\/figure>\n\t\t\t<figure class=\"post-gallery-item\">\n\t\t\t\t<img decoding=\"async\" src=\"https:\/\/www.pressenza.com\/wp-content\/uploads\/2026\/04\/6.jpg\" loading=\"lazy\">\n\t\t\t\t<figcaption>\n\t\t\t\t\t\n\t\t\t\t<\/figcaption>\n\t\t\t<\/figure>\n\t\t\t<figure class=\"post-gallery-item\">\n\t\t\t\t<img decoding=\"async\" src=\"https:\/\/www.pressenza.com\/wp-content\/uploads\/2026\/04\/7.jpg\" loading=\"lazy\">\n\t\t\t\t<figcaption>\n\t\t\t\t\t\n\t\t\t\t<\/figcaption>\n\t\t\t<\/figure><\/div>\n<p><strong>Dritter Schritt: Pers\u00f6nliche Ver\u00e4nderung und soziales Handeln verbinden<\/strong><\/p>\n<p>Im Austausch \u00fcber pers\u00f6nliche Erfahrungen identifizierten die Teilnehmenden jene Momente, in denen ein innerer Wandel eine Ver\u00e4nderung der Haltung m\u00f6glich machte.<\/p>\n<blockquote><p><em>Ein Gef\u00fchl, das sich bes\u00e4nftigt.<\/em><br \/>\n<em>Ein Verst\u00e4ndnis, das sich erweitert.<\/em><br \/>\n<em>Ein Blick, der sich ver\u00e4ndert.<\/em><\/p><\/blockquote>\n<p>So entstehen stille Mikro-Revolutionen, die \u2013 miteinander verbunden \u2013 dazu beitragen, die Welt zu ver\u00e4ndern.<\/p>\n<h3><strong>Journalismus: Angst sch\u00fcren oder Menschlichkeit f\u00f6rdern?<\/strong><\/h3>\n<p>Im Laufe des Austauschs wurde deutlich: Informationen sind niemals neutral. Sie k\u00f6nnen Menschen in Angst gefangen halten, Spaltungen vertiefen und das Gef\u00fchl der Ohnmacht verst\u00e4rken. Sie k\u00f6nnen aber auch neue Perspektiven er\u00f6ffnen, Initiativen des Wandels sichtbar machen und Handlungsf\u00e4higkeit zur\u00fcckgeben.<\/p>\n<p>Der gewaltfreie Journalismus entscheidet sich bewusst f\u00fcr diesen zweiten Weg.<\/p>\n<blockquote><p><em>Er leugnet Konflikte nicht.<\/em><br \/>\n<em>Er vereinfacht sie nicht.<\/em><br \/>\n<em>Er beleuchtet sie, ordnet sie ein und richtet den Fokus auf jene, die daran arbeiten, Konflikte zu \u00fcberwinden.<\/em><\/p><\/blockquote>\n<p>In einer Medienlandschaft, die mit be\u00e4ngstigenden Informationen \u00fcberflutet ist, ist die Entscheidung, die Dynamiken des Wandels zu zeigen, ein zutiefst politischer Akt.<\/p>\n<blockquote><p><em>Es bedeutet, das Schicksal abzulehnen.<\/em><br \/>\n<em>Es bedeutet, der Realit\u00e4t ihre Komplexit\u00e4t zur\u00fcckzugeben.<\/em><br \/>\n<em>Es bedeutet, die Handlungsf\u00e4higkeit von Einzelpersonen und Gemeinschaften anzuerkennen.<\/em><\/p><\/blockquote>\n<p>In diesem Sinne beschr\u00e4nkt sich gewaltfreier Journalismus nicht darauf, zu informieren. Er tr\u00e4gt zum Aufbau einer anderen Vorstellungswelt bei.<\/p>\n<h3><strong>Eine Einladung zum Handeln<\/strong><\/h3>\n<p>Dieser interaktive Workshop vermittelte nicht nur Werkzeuge. Er stellte auch eine Frage, die uns alle betrifft: Welchen Blick w\u00e4hlen wir auf die Welt?<br \/>\nDenn von diesem Blick h\u00e4ngt ab, wie wir in der Welt handeln. Und vielleicht auch unsere F\u00e4higkeit, sie zu ver\u00e4ndern.<\/p>\n<p><iframe loading=\"lazy\" title=\"Pr\u00e9pare la Paix\" width=\"500\" height=\"281\" src=\"https:\/\/www.youtube.com\/embed\/AWxQEUzT-y0?feature=oembed\" frameborder=\"0\" allow=\"accelerometer; autoplay; clipboard-write; encrypted-media; gyroscope; picture-in-picture; web-share\" referrerpolicy=\"strict-origin-when-cross-origin\" allowfullscreen><\/iframe><\/p>\n<p><strong><em>Bilder von Brigitte Cano. Die \u00dcbersetzung aus dem Franz\u00f6sischen wurde von Kornelia Henrichmann vom ehrenamtlichen Pressenza-\u00dcbersetzungsteam erstellt. <\/em><\/strong><a href=\"https:\/\/www.pressenza.com\/de\/mitarbeiten\/\" target=\"_blank\" rel=\"noopener\"><strong><em>Wir suchen Freiwillige!<\/em><\/strong><\/a><\/p>\n","protected":false},"excerpt":{"rendered":"<p>In einem Medienkontext, der von Angst, Polarisierung und vereinfachten Darstellungen von Konflikten gepr\u00e4gt ist, er\u00f6ffnen einige Initiativen neue Wege. In diesem Sinne nahmen die internationale Nachrichtenagentur Pressenza und das Observatoire de la Non-Violence am 11. April 2026 in Paris beim&hellip;<\/p>\n","protected":false},"author":926,"featured_media":2695376,"comment_status":"closed","ping_status":"closed","sticky":false,"template":"","format":"standard","meta":{"footnotes":""},"categories":[9150,9167,9166,9156,11387],"tags":[68761,127571,96661,22229,9227,32435,51703,57606,135322,135826,63447,155858,9181,73558,121333,104914],"class_list":["post-2695374","post","type-post","status-publish","format-standard","has-post-thumbnail","hentry","category-europa-de","category-frieden-und-abruestung","category-gewaltfreiheit","category-kultur-und-medien","category-originalinhalt","tag-bewusstsein","tag-frieden-de","tag-gewaltfreier-journalismus","tag-gewaltfreiheit","tag-gewaltlosigkeit","tag-hoffnung","tag-in-eigener-sache","tag-kommunikation","tag-kultur-des-friedens","tag-medienethik","tag-paris-de","tag-prepare-la-paix","tag-pressenza-de","tag-soziale-bewegungen","tag-wahrnehmung","tag-workshop-de"],"yoast_head":"<!-- This site is optimized with the Yoast SEO plugin v27.1.1 - https:\/\/yoast.com\/product\/yoast-seo-wordpress\/ -->\n<title>Den Blick ver\u00e4ndern \u2013 gewaltfreier Journalismus in der Praxis<\/title>\n<meta name=\"description\" content=\"In einem Medienkontext, der von Angst, Polarisierung und vereinfachten Darstellungen von Konflikten gepr\u00e4gt ist, er\u00f6ffnen einige Initiativen neue Wege. In\" \/>\n<meta name=\"robots\" content=\"index, follow, max-snippet:-1, max-image-preview:large, max-video-preview:-1\" \/>\n<link rel=\"canonical\" href=\"https:\/\/www.pressenza.com\/de\/2026\/04\/den-blick-veraendern-gewaltfreier-journalismus-in-der-praxis\/\" \/>\n<meta property=\"og:locale\" content=\"de_DE\" \/>\n<meta property=\"og:type\" content=\"article\" \/>\n<meta property=\"og:title\" content=\"Den Blick ver\u00e4ndern \u2013 gewaltfreier Journalismus in der Praxis\" \/>\n<meta property=\"og:description\" content=\"In einem Medienkontext, der von Angst, Polarisierung und vereinfachten Darstellungen von Konflikten gepr\u00e4gt ist, er\u00f6ffnen einige Initiativen neue Wege. In\" \/>\n<meta property=\"og:url\" content=\"https:\/\/www.pressenza.com\/de\/2026\/04\/den-blick-veraendern-gewaltfreier-journalismus-in-der-praxis\/\" \/>\n<meta property=\"og:site_name\" content=\"Pressenza\" \/>\n<meta property=\"article:publisher\" content=\"https:\/\/www.facebook.com\/PressenzaItalia\" \/>\n<meta property=\"article:published_time\" content=\"2026-04-25T08:50:33+00:00\" \/>\n<meta property=\"article:modified_time\" content=\"2026-04-25T08:52:19+00:00\" \/>\n<meta property=\"og:image\" content=\"https:\/\/www.pressenza.com\/wp-content\/uploads\/2026\/04\/1.jpg\" \/>\n\t<meta property=\"og:image:width\" content=\"821\" \/>\n\t<meta property=\"og:image:height\" content=\"546\" \/>\n\t<meta property=\"og:image:type\" content=\"image\/jpeg\" \/>\n<meta name=\"author\" content=\"R\u00e9daction France\" \/>\n<meta name=\"twitter:card\" content=\"summary_large_image\" \/>\n<meta name=\"twitter:creator\" content=\"@PressenzaIPA\" \/>\n<meta name=\"twitter:site\" content=\"@PressenzaIPA\" \/>\n<meta name=\"twitter:label1\" content=\"Verfasst von\" \/>\n\t<meta name=\"twitter:data1\" content=\"R\u00e9daction France\" \/>\n\t<meta name=\"twitter:label2\" content=\"Gesch\u00e4tzte Lesezeit\" \/>\n\t<meta name=\"twitter:data2\" content=\"5\u00a0Minuten\" \/>\n<script type=\"application\/ld+json\" class=\"yoast-schema-graph\">{\"@context\":\"https:\/\/schema.org\",\"@graph\":[{\"@type\":\"Article\",\"@id\":\"https:\/\/www.pressenza.com\/de\/2026\/04\/den-blick-veraendern-gewaltfreier-journalismus-in-der-praxis\/#article\",\"isPartOf\":{\"@id\":\"https:\/\/www.pressenza.com\/de\/2026\/04\/den-blick-veraendern-gewaltfreier-journalismus-in-der-praxis\/\"},\"author\":{\"name\":\"R\u00e9daction France\",\"@id\":\"https:\/\/www.pressenza.com\/de\/#\/schema\/person\/3c9fe6670cc2cffbd37562f87b98e869\"},\"headline\":\"Den Blick ver\u00e4ndern \u2013 gewaltfreier Journalismus in der Praxis\",\"datePublished\":\"2026-04-25T08:50:33+00:00\",\"dateModified\":\"2026-04-25T08:52:19+00:00\",\"mainEntityOfPage\":{\"@id\":\"https:\/\/www.pressenza.com\/de\/2026\/04\/den-blick-veraendern-gewaltfreier-journalismus-in-der-praxis\/\"},\"wordCount\":813,\"publisher\":{\"@id\":\"https:\/\/www.pressenza.com\/de\/#organization\"},\"image\":{\"@id\":\"https:\/\/www.pressenza.com\/de\/2026\/04\/den-blick-veraendern-gewaltfreier-journalismus-in-der-praxis\/#primaryimage\"},\"thumbnailUrl\":\"https:\/\/www.pressenza.com\/wp-content\/uploads\/2026\/04\/1.jpg\",\"keywords\":[\"Bewusstsein\",\"Frieden\",\"Gewaltfreier Journalismus\",\"Gewaltfreiheit\",\"Gewaltlosigkeit\",\"Hoffnung\",\"in eigener Sache\",\"Kommunikation\",\"Kultur des Friedens\",\"Medienethik\",\"Paris\",\"Pr\u00e9pare la Paix\",\"Pressenza\",\"soziale Bewegungen\",\"Wahrnehmung\",\"workshop\"],\"articleSection\":[\"Europa\",\"Frieden und Abr\u00fcstung\",\"Gewaltfreiheit\",\"Kultur und Medien\",\"Originalinhalt\"],\"inLanguage\":\"de\"},{\"@type\":\"WebPage\",\"@id\":\"https:\/\/www.pressenza.com\/de\/2026\/04\/den-blick-veraendern-gewaltfreier-journalismus-in-der-praxis\/\",\"url\":\"https:\/\/www.pressenza.com\/de\/2026\/04\/den-blick-veraendern-gewaltfreier-journalismus-in-der-praxis\/\",\"name\":\"Den Blick ver\u00e4ndern \u2013 gewaltfreier Journalismus in der Praxis\",\"isPartOf\":{\"@id\":\"https:\/\/www.pressenza.com\/de\/#website\"},\"primaryImageOfPage\":{\"@id\":\"https:\/\/www.pressenza.com\/de\/2026\/04\/den-blick-veraendern-gewaltfreier-journalismus-in-der-praxis\/#primaryimage\"},\"image\":{\"@id\":\"https:\/\/www.pressenza.com\/de\/2026\/04\/den-blick-veraendern-gewaltfreier-journalismus-in-der-praxis\/#primaryimage\"},\"thumbnailUrl\":\"https:\/\/www.pressenza.com\/wp-content\/uploads\/2026\/04\/1.jpg\",\"datePublished\":\"2026-04-25T08:50:33+00:00\",\"dateModified\":\"2026-04-25T08:52:19+00:00\",\"description\":\"In einem Medienkontext, der von Angst, Polarisierung und vereinfachten Darstellungen von Konflikten gepr\u00e4gt ist, er\u00f6ffnen einige Initiativen neue Wege. In\",\"breadcrumb\":{\"@id\":\"https:\/\/www.pressenza.com\/de\/2026\/04\/den-blick-veraendern-gewaltfreier-journalismus-in-der-praxis\/#breadcrumb\"},\"inLanguage\":\"de\",\"potentialAction\":[{\"@type\":\"ReadAction\",\"target\":[\"https:\/\/www.pressenza.com\/de\/2026\/04\/den-blick-veraendern-gewaltfreier-journalismus-in-der-praxis\/\"]}]},{\"@type\":\"ImageObject\",\"inLanguage\":\"de\",\"@id\":\"https:\/\/www.pressenza.com\/de\/2026\/04\/den-blick-veraendern-gewaltfreier-journalismus-in-der-praxis\/#primaryimage\",\"url\":\"https:\/\/www.pressenza.com\/wp-content\/uploads\/2026\/04\/1.jpg\",\"contentUrl\":\"https:\/\/www.pressenza.com\/wp-content\/uploads\/2026\/04\/1.jpg\",\"width\":821,\"height\":546,\"caption\":\"Den Blick ver\u00e4ndern \u2013 gewaltfreier Journalismus in der Praxis\"},{\"@type\":\"BreadcrumbList\",\"@id\":\"https:\/\/www.pressenza.com\/de\/2026\/04\/den-blick-veraendern-gewaltfreier-journalismus-in-der-praxis\/#breadcrumb\",\"itemListElement\":[{\"@type\":\"ListItem\",\"position\":1,\"name\":\"Accueil\",\"item\":\"https:\/\/www.pressenza.com\/de\/\"},{\"@type\":\"ListItem\",\"position\":2,\"name\":\"Den Blick ver\u00e4ndern \u2013 gewaltfreier Journalismus in der Praxis\"}]},{\"@type\":\"WebSite\",\"@id\":\"https:\/\/www.pressenza.com\/de\/#website\",\"url\":\"https:\/\/www.pressenza.com\/de\/\",\"name\":\"Pressenza\",\"description\":\"International Press Agency\",\"publisher\":{\"@id\":\"https:\/\/www.pressenza.com\/de\/#organization\"},\"potentialAction\":[{\"@type\":\"SearchAction\",\"target\":{\"@type\":\"EntryPoint\",\"urlTemplate\":\"https:\/\/www.pressenza.com\/de\/?s={search_term_string}\"},\"query-input\":{\"@type\":\"PropertyValueSpecification\",\"valueRequired\":true,\"valueName\":\"search_term_string\"}}],\"inLanguage\":\"de\"},{\"@type\":\"Organization\",\"@id\":\"https:\/\/www.pressenza.com\/de\/#organization\",\"name\":\"Pressenza\",\"url\":\"https:\/\/www.pressenza.com\/de\/\",\"logo\":{\"@type\":\"ImageObject\",\"inLanguage\":\"de\",\"@id\":\"https:\/\/www.pressenza.com\/de\/#\/schema\/logo\/image\/\",\"url\":\"https:\/\/www.pressenza.com\/wp-content\/uploads\/2022\/10\/pressenza_logo_200x200.jpg\",\"contentUrl\":\"https:\/\/www.pressenza.com\/wp-content\/uploads\/2022\/10\/pressenza_logo_200x200.jpg\",\"width\":200,\"height\":200,\"caption\":\"Pressenza\"},\"image\":{\"@id\":\"https:\/\/www.pressenza.com\/de\/#\/schema\/logo\/image\/\"},\"sameAs\":[\"https:\/\/www.facebook.com\/PressenzaItalia\",\"https:\/\/x.com\/PressenzaIPA\"]},{\"@type\":\"Person\",\"@id\":\"https:\/\/www.pressenza.com\/de\/#\/schema\/person\/3c9fe6670cc2cffbd37562f87b98e869\",\"name\":\"R\u00e9daction France\",\"description\":\"News published by the Pressenza bureau in France\",\"sameAs\":[\"http:\/\/www.pressenza.com\/fr\"],\"url\":\"https:\/\/www.pressenza.com\/de\/author\/redactionfrance\/\"}]}<\/script>\n<!-- \/ Yoast SEO plugin. -->","yoast_head_json":{"title":"Den Blick ver\u00e4ndern \u2013 gewaltfreier Journalismus in der Praxis","description":"In einem Medienkontext, der von Angst, Polarisierung und vereinfachten Darstellungen von Konflikten gepr\u00e4gt ist, er\u00f6ffnen einige Initiativen neue Wege. In","robots":{"index":"index","follow":"follow","max-snippet":"max-snippet:-1","max-image-preview":"max-image-preview:large","max-video-preview":"max-video-preview:-1"},"canonical":"https:\/\/www.pressenza.com\/de\/2026\/04\/den-blick-veraendern-gewaltfreier-journalismus-in-der-praxis\/","og_locale":"de_DE","og_type":"article","og_title":"Den Blick ver\u00e4ndern \u2013 gewaltfreier Journalismus in der Praxis","og_description":"In einem Medienkontext, der von Angst, Polarisierung und vereinfachten Darstellungen von Konflikten gepr\u00e4gt ist, er\u00f6ffnen einige Initiativen neue Wege. In","og_url":"https:\/\/www.pressenza.com\/de\/2026\/04\/den-blick-veraendern-gewaltfreier-journalismus-in-der-praxis\/","og_site_name":"Pressenza","article_publisher":"https:\/\/www.facebook.com\/PressenzaItalia","article_published_time":"2026-04-25T08:50:33+00:00","article_modified_time":"2026-04-25T08:52:19+00:00","og_image":[{"width":821,"height":546,"url":"https:\/\/www.pressenza.com\/wp-content\/uploads\/2026\/04\/1.jpg","type":"image\/jpeg"}],"author":"R\u00e9daction France","twitter_card":"summary_large_image","twitter_creator":"@PressenzaIPA","twitter_site":"@PressenzaIPA","twitter_misc":{"Verfasst von":"R\u00e9daction France","Gesch\u00e4tzte Lesezeit":"5\u00a0Minuten"},"schema":{"@context":"https:\/\/schema.org","@graph":[{"@type":"Article","@id":"https:\/\/www.pressenza.com\/de\/2026\/04\/den-blick-veraendern-gewaltfreier-journalismus-in-der-praxis\/#article","isPartOf":{"@id":"https:\/\/www.pressenza.com\/de\/2026\/04\/den-blick-veraendern-gewaltfreier-journalismus-in-der-praxis\/"},"author":{"name":"R\u00e9daction France","@id":"https:\/\/www.pressenza.com\/de\/#\/schema\/person\/3c9fe6670cc2cffbd37562f87b98e869"},"headline":"Den Blick ver\u00e4ndern \u2013 gewaltfreier Journalismus in der Praxis","datePublished":"2026-04-25T08:50:33+00:00","dateModified":"2026-04-25T08:52:19+00:00","mainEntityOfPage":{"@id":"https:\/\/www.pressenza.com\/de\/2026\/04\/den-blick-veraendern-gewaltfreier-journalismus-in-der-praxis\/"},"wordCount":813,"publisher":{"@id":"https:\/\/www.pressenza.com\/de\/#organization"},"image":{"@id":"https:\/\/www.pressenza.com\/de\/2026\/04\/den-blick-veraendern-gewaltfreier-journalismus-in-der-praxis\/#primaryimage"},"thumbnailUrl":"https:\/\/www.pressenza.com\/wp-content\/uploads\/2026\/04\/1.jpg","keywords":["Bewusstsein","Frieden","Gewaltfreier Journalismus","Gewaltfreiheit","Gewaltlosigkeit","Hoffnung","in eigener Sache","Kommunikation","Kultur des Friedens","Medienethik","Paris","Pr\u00e9pare la Paix","Pressenza","soziale Bewegungen","Wahrnehmung","workshop"],"articleSection":["Europa","Frieden und Abr\u00fcstung","Gewaltfreiheit","Kultur und Medien","Originalinhalt"],"inLanguage":"de"},{"@type":"WebPage","@id":"https:\/\/www.pressenza.com\/de\/2026\/04\/den-blick-veraendern-gewaltfreier-journalismus-in-der-praxis\/","url":"https:\/\/www.pressenza.com\/de\/2026\/04\/den-blick-veraendern-gewaltfreier-journalismus-in-der-praxis\/","name":"Den Blick ver\u00e4ndern \u2013 gewaltfreier Journalismus in der Praxis","isPartOf":{"@id":"https:\/\/www.pressenza.com\/de\/#website"},"primaryImageOfPage":{"@id":"https:\/\/www.pressenza.com\/de\/2026\/04\/den-blick-veraendern-gewaltfreier-journalismus-in-der-praxis\/#primaryimage"},"image":{"@id":"https:\/\/www.pressenza.com\/de\/2026\/04\/den-blick-veraendern-gewaltfreier-journalismus-in-der-praxis\/#primaryimage"},"thumbnailUrl":"https:\/\/www.pressenza.com\/wp-content\/uploads\/2026\/04\/1.jpg","datePublished":"2026-04-25T08:50:33+00:00","dateModified":"2026-04-25T08:52:19+00:00","description":"In einem Medienkontext, der von Angst, Polarisierung und vereinfachten Darstellungen von Konflikten gepr\u00e4gt ist, er\u00f6ffnen einige Initiativen neue Wege. In","breadcrumb":{"@id":"https:\/\/www.pressenza.com\/de\/2026\/04\/den-blick-veraendern-gewaltfreier-journalismus-in-der-praxis\/#breadcrumb"},"inLanguage":"de","potentialAction":[{"@type":"ReadAction","target":["https:\/\/www.pressenza.com\/de\/2026\/04\/den-blick-veraendern-gewaltfreier-journalismus-in-der-praxis\/"]}]},{"@type":"ImageObject","inLanguage":"de","@id":"https:\/\/www.pressenza.com\/de\/2026\/04\/den-blick-veraendern-gewaltfreier-journalismus-in-der-praxis\/#primaryimage","url":"https:\/\/www.pressenza.com\/wp-content\/uploads\/2026\/04\/1.jpg","contentUrl":"https:\/\/www.pressenza.com\/wp-content\/uploads\/2026\/04\/1.jpg","width":821,"height":546,"caption":"Den Blick ver\u00e4ndern \u2013 gewaltfreier Journalismus in der Praxis"},{"@type":"BreadcrumbList","@id":"https:\/\/www.pressenza.com\/de\/2026\/04\/den-blick-veraendern-gewaltfreier-journalismus-in-der-praxis\/#breadcrumb","itemListElement":[{"@type":"ListItem","position":1,"name":"Accueil","item":"https:\/\/www.pressenza.com\/de\/"},{"@type":"ListItem","position":2,"name":"Den Blick ver\u00e4ndern \u2013 gewaltfreier Journalismus in der Praxis"}]},{"@type":"WebSite","@id":"https:\/\/www.pressenza.com\/de\/#website","url":"https:\/\/www.pressenza.com\/de\/","name":"Pressenza","description":"International Press Agency","publisher":{"@id":"https:\/\/www.pressenza.com\/de\/#organization"},"potentialAction":[{"@type":"SearchAction","target":{"@type":"EntryPoint","urlTemplate":"https:\/\/www.pressenza.com\/de\/?s={search_term_string}"},"query-input":{"@type":"PropertyValueSpecification","valueRequired":true,"valueName":"search_term_string"}}],"inLanguage":"de"},{"@type":"Organization","@id":"https:\/\/www.pressenza.com\/de\/#organization","name":"Pressenza","url":"https:\/\/www.pressenza.com\/de\/","logo":{"@type":"ImageObject","inLanguage":"de","@id":"https:\/\/www.pressenza.com\/de\/#\/schema\/logo\/image\/","url":"https:\/\/www.pressenza.com\/wp-content\/uploads\/2022\/10\/pressenza_logo_200x200.jpg","contentUrl":"https:\/\/www.pressenza.com\/wp-content\/uploads\/2022\/10\/pressenza_logo_200x200.jpg","width":200,"height":200,"caption":"Pressenza"},"image":{"@id":"https:\/\/www.pressenza.com\/de\/#\/schema\/logo\/image\/"},"sameAs":["https:\/\/www.facebook.com\/PressenzaItalia","https:\/\/x.com\/PressenzaIPA"]},{"@type":"Person","@id":"https:\/\/www.pressenza.com\/de\/#\/schema\/person\/3c9fe6670cc2cffbd37562f87b98e869","name":"R\u00e9daction France","description":"News published by the Pressenza bureau in France","sameAs":["http:\/\/www.pressenza.com\/fr"],"url":"https:\/\/www.pressenza.com\/de\/author\/redactionfrance\/"}]}},"place":"Paris","original_article_url":"","_links":{"self":[{"href":"https:\/\/www.pressenza.com\/de\/wp-json\/wp\/v2\/posts\/2695374","targetHints":{"allow":["GET"]}}],"collection":[{"href":"https:\/\/www.pressenza.com\/de\/wp-json\/wp\/v2\/posts"}],"about":[{"href":"https:\/\/www.pressenza.com\/de\/wp-json\/wp\/v2\/types\/post"}],"author":[{"embeddable":true,"href":"https:\/\/www.pressenza.com\/de\/wp-json\/wp\/v2\/users\/926"}],"replies":[{"embeddable":true,"href":"https:\/\/www.pressenza.com\/de\/wp-json\/wp\/v2\/comments?post=2695374"}],"version-history":[{"count":6,"href":"https:\/\/www.pressenza.com\/de\/wp-json\/wp\/v2\/posts\/2695374\/revisions"}],"predecessor-version":[{"id":2695384,"href":"https:\/\/www.pressenza.com\/de\/wp-json\/wp\/v2\/posts\/2695374\/revisions\/2695384"}],"wp:featuredmedia":[{"embeddable":true,"href":"https:\/\/www.pressenza.com\/de\/wp-json\/wp\/v2\/media\/2695376"}],"wp:attachment":[{"href":"https:\/\/www.pressenza.com\/de\/wp-json\/wp\/v2\/media?parent=2695374"}],"wp:term":[{"taxonomy":"category","embeddable":true,"href":"https:\/\/www.pressenza.com\/de\/wp-json\/wp\/v2\/categories?post=2695374"},{"taxonomy":"post_tag","embeddable":true,"href":"https:\/\/www.pressenza.com\/de\/wp-json\/wp\/v2\/tags?post=2695374"}],"curies":[{"name":"wp","href":"https:\/\/api.w.org\/{rel}","templated":true}]}}