{"id":2695133,"date":"2026-04-24T11:08:16","date_gmt":"2026-04-24T10:08:16","guid":{"rendered":"https:\/\/www.pressenza.com\/?p=2695133"},"modified":"2026-04-24T11:08:16","modified_gmt":"2026-04-24T10:08:16","slug":"nicht-der-kaiser-der-welt","status":"publish","type":"post","link":"https:\/\/www.pressenza.com\/de\/2026\/04\/nicht-der-kaiser-der-welt\/","title":{"rendered":"Nicht der Kaiser der Welt"},"content":{"rendered":"<p><strong>Deutschland und Brasilien intensivieren ihre Kooperation, nicht zuletzt in der R\u00fcstung. Lula sucht R\u00fcckendeckung gegen allerlei \u00dcbergriffe der Trump-Administration auch in Berlin und protestiert, Trump sei nicht \u201eKaiser der Welt\u201c.<\/strong><\/p>\n<p>Deutschland und Brasilien bauen ihre Kooperation aus und nehmen neue gemeinsame Projekte insbesondere auf dem Rohstoffsektor sowie in der R\u00fcstungsbranche in den Blick. Dies ist ein Ergebnis der Gespr\u00e4che, die Bundeskanzler Friedrich Merz sowie Brasiliens Pr\u00e4sident Luis In\u00e1cio Lula da Silva am gestrigen Montag in Hannover f\u00fchrten. Unter anderem wird Brasiliens Marine, die schon vier Fregatten bei dem deutschen Kriegsschiffbauer TKMS in Auftrag gegeben hat, vier weitere Exemplare kaufen. Den Rahmen der Verhandlungen bildeten die Hannover Messe, deren diesj\u00e4hriges Gastland Brasilien ist, sowie die dritten deutsch-brasilianischen Regierungskonsultationen. Ursache f\u00fcr die Intensivierung der Zusammenarbeit ist nicht zuletzt, dass US-Pr\u00e4sident Donald Trump Bras\u00edlia massiv unter Druck setzt. Zum einen fordert er exklusiven Zugriff auf die Vorr\u00e4te des Landes an Seltenen Erden. Zum anderen sucht seine Regierung direkten Einfluss auf die Pr\u00e4sidentschaftswahl in Brasilien im Oktober zu nehmen. Lula ist um R\u00fcckendeckung gegen die US-\u00dcbergriffe bem\u00fcht, pl\u00e4diert explizit f\u00fcr Multilateralismus und protestiert: \u201eTrump wurde nicht zum Kaiser der Welt gew\u00e4hlt.\u201c<\/p>\n<p><strong>Shield of the Americas<\/strong><\/p>\n<p>Lulas Besuch in Berlin fand vor einem politisch sensiblen Hintergrund statt. Die Trump-Administration hat angefangen, Lateinamerikas bestehende Regionalorganisationen \u2013 die Organization of American States (OAS) sowie die Community of Latin American and Caribbean States (CELAC) \u2013 zu spalten und an ihre Stelle eine neue Organisation zu setzen, die lediglich rechts sowie ultrarechts regierte Staaten umfasst: den Zusammenschluss Shield of the Americas. Ihm geh\u00f6ren bislang zw\u00f6lf Staaten an, darunter neben den USA Argentinien unter Pr\u00e4sident Javier Milei, El Salvador unter dem f\u00fcr seine inhumane Gef\u00e4ngnispolitik bekannten Pr\u00e4sidenten Nayib Bukele und Ecuador unter Pr\u00e4sident Daniel Noboa, dem Spross einer schwerreichen Bananendynastie. Offiziell dient Shield of the Americas dem Kampf gegen Drogenkartelle. Dazu soll vor allem auf ein milit\u00e4risches Vorgehen gesetzt werden, wie die Trump-Administration es in der Karibik tut; dort brachten US-Milit\u00e4rs mit bislang 52 Raketenangriffen auf angebliche oder tats\u00e4chliche Drogenboote mittlerweile mindestens 180 Personen um.[1] Beobachter vermuten, langfristig solle das Rechtsau\u00dfenb\u00fcndnis auch zu Washingtons Kampf gegen Chinas Einfluss auf dem Kontinent beitragen.[2] Die drei bev\u00f6lkerungsreichsten Staaten \u2013 Brasilien, Mexiko, Kolumbien \u2013 werden heute eher links regiert und geh\u00f6ren dem Zusammenschluss nicht an.<\/p>\n<p><strong>Wahlkampfhilfe f\u00fcr Fl\u00e1vio Bolsonaro<\/strong><\/p>\n<p>Das kann sich freilich \u00e4ndern. In Brasilien finden im Oktober Pr\u00e4sidentschaftswahlen statt. Ob Lula dabei ein weiteres Mal antritt, steht noch nicht offiziell fest. Gegen ihn kandidieren wird, da Ex-Pr\u00e4sident Jair Bolsonaro aufgrund seines Umsturzversuchs von Anfang 2023 in Haft und sein urspr\u00fcnglich als politischer Nachfolger vorgesehener Sohn Eduardo wegen N\u00f6tigung der Justiz angeklagt ist und im US-Exil lebt, sein \u00e4ltester Sohn Fl\u00e1vio.[3] Lula hatte in Umfragen lange Zeit einen gro\u00dfen Vorsprung vor Fl\u00e1vio Bolsonaro, bis dieser Ende 2025 aufzuholen begann. Inzwischen scheint Lulas Sieg nicht mehr gesichert. Trump setzt sich klar f\u00fcr Fl\u00e1vio Bolsonaro ein, der ihm \u2013 wie der gesamte Bolsonaro-Clan \u2013 politisch nahesteht. Vor einigen Wochen versuchte ein einflussreicher Mitarbeiter des US-Au\u00dfenministeriums, Darren Beattie, Jair Bolsonaro PR-wirksam im Gef\u00e4ngnis zu besuchen und zudem Fl\u00e1vio zu treffen \u2013 eine kaum verh\u00fcllte Wahlkampfhilfe. Die Regierung Lula verwahrte sich gegen die offene Einmischung in die inneren Angelegenheiten ihres Landes und verweigerte Beattie die Einreise.[4] Trump hatte bereits zuvor versucht, durch die Verh\u00e4ngung von Strafz\u00f6llen die Einstellung des Strafverfahrens gegen Jair Bolsonaro zu erpressen \u2013 ohne Erfolg.<\/p>\n<p><strong>\u201eNicht pausenlos mit Krieg drohen\u201c<\/strong><\/p>\n<p>Entsprechend dem eskalierenden Konflikt mit Washington hat sich Lula vor Beginn der dritten deutsch-brasilianischen Regierungskonsultationen am gestrigen Montag mehrmals recht scharf \u00fcber die Politik der Trump-Administration ge\u00e4u\u00dfert. So erkl\u00e4rte er vergangene Woche in einem Interview mit der Zeitschrift Der Spiegel: \u201eTrump wurde nicht zum Kaiser der Welt gew\u00e4hlt. Er kann anderen L\u00e4ndern nicht pausenlos mit Krieg drohen.\u201c[5] Die Welt sei dabei, \u201esich in einen einzigen Kriegsschauplatz zu verwandeln\u201c; man m\u00fcsse sie daher dringend \u201ein Ordnung bringen\u201c. In einem Namensbeitrag f\u00fcr die Tageszeitung Der Tagesspiegel erkl\u00e4rte Lula: \u201eIch bin \u00fcberzeugt, dass der Multilateralismus alternativlos ist.\u201c Unilaterales Vorgehen gewinne bedauerlicherweise \u201ein den internationalen Beziehungen an Boden\u201c.[6] Gemeinsam mit Deutschland wolle Brasilien deshalb multilateraler Politik eine neue St\u00e4rke verschaffen. Bei der Er\u00f6ffnung der Hannover Messe am Sonntag urteilte Lula, der Krieg der USA und Israels gegen Iran sei \u201eWahnsinn\u201c; es gehe nicht an, dass weltweit inzwischen rund 2,7 Billionen US-Dollar pro Jahr f\u00fcr Kriege ausgegeben w\u00fcrden, w\u00e4hrend weiterhin zahllose Menschen in Armut lebten oder gar Hunger litten.[7] Das m\u00fcsse sich dringend \u00e4ndern, forderte Brasiliens Pr\u00e4sident.<\/p>\n<p><strong>Seltene Erden<\/strong><\/p>\n<p>Um \u2013 im Sinne einer multilateralen Ordnung \u2013 dem erstarkenden Einfluss der Vereinigten Staaten auf Brasiliens wichtigen Rohstoffsektor ein Gegengewicht entgegenzusetzen, schlug Lula Bundeskanzler Friedrich Merz am gestrigen Montag eine engere Zusammenarbeit in puncto Bodensch\u00e4tze vor. Brasilien verf\u00fcgt \u00fcber gro\u00dfe Mengen an Rohstoffen, darunter auch besonders begehrte wie Niob, das f\u00fcr die Produktion von Solarzellen ben\u00f6tigt wird, sowie Seltene Erden. Insbesondere um die Seltenen Erden ist ein heftiger Konkurrenzkampf entbrannt. Bisher werden sie von dem brasilianischen Unternehmen Serra Verde gef\u00f6rdert.[8] Dieses lie\u00df die Seltenen Erden bislang in China aufbereiten. K\u00fcrzlich hat es allerdings im Gegenzug gegen einen hohen Kredit aus den USA zusagen m\u00fcssen, seine Seltenen Erden nur noch an die Vereinigten Staaten, allenfalls an deren Verb\u00fcndete zu liefern.[9] Die Folgen sind nicht ganz klar, da in Brasilien die Rechte zur Vergabe von Rohstoffen bei der Regierung liegen. Diese dringt nun darauf, die Aufbereitung der Seltenen Erden im eigenen Land anzusiedeln, um \u00fcber gr\u00f6\u00dfere Teile der Wertsch\u00f6pfungsketten zu verf\u00fcgen.[10] Vor diesem Hintergrund hat Lula Merz jetzt angeboten, neben US-amerikanischen und chinesischen k\u00f6nnten auch deutsche Unternehmen sich daran beteiligen.<\/p>\n<p><strong>Kriegsschiffe<\/strong><\/p>\n<p>Dar\u00fcber hinaus bauen Deutschland und Brasilien ihre Milit\u00e4r- und R\u00fcstungskooperation aus. Wie das deutsche Verteidigungsministerium berichtet, unterzeichneten Verteidigungsminister Boris Pistorius und Brasiliens Au\u00dfenminister Mauro Vieira am Montag in Hannover eine Absichtserkl\u00e4rung, die zum einen vorsieht, dass Berlin und Bras\u00edlia \u201ebei diversen maritimen, landgest\u00fctzten und luftgest\u00fctzten Beschaffungsprojekten verst\u00e4rkt zusammenarbeiten\u201c.[11] Dies solle \u201eden gesamten Prozess\u201c der Beschaffung umfassen: \u201evon der Vertragsverhandlung \u00fcber die Ausbildung bis hin zur Integration und dem Betrieb der Systeme\u201c. Dar\u00fcber hinaus einigten sich beide Seiten auf die Lieferung von vier weiteren Fregatten an die brasilianische Marine. Deutschland geh\u00f6rt traditionell nicht zu den wichtigsten Waffenlieferanten des s\u00fcdamerikanischen Landes, das seine R\u00fcstungsg\u00fcter bislang eher in Frankreich, Italien sowie den Vereinigten Staaten beschafft. Im Jahr 2019 gelang es TKMS allerdings, einen Auftrag zur Lieferung von vier Fregatten des Typs MEKO A-100 an Brasilien zu erhalten. Die Schiffe werden in Brasilien gebaut \u2013 von dem Konsortium \u00c1guas Azuis in Itaja\u00ed einige hundert Kilometer s\u00fcdlich von S\u00e3o Paulo, das von TKMS und dem brasilianischen Konzern Embraer gebildet worden ist. \u00c1guas Azuis soll nun vier weitere Fregatten bauen \u2013 ein Vorgeschmack auf die allgemeine Ausweitung der R\u00fcstungskooperation.<\/p>\n<p>&nbsp;<\/p>\n<p>[1] Lazaro Gamio, Carol Rosenberg, Charlie Savage: Tracking U.S. Military Killings in Boat Attacks. nytimes.com.<\/p>\n<p>[2], [3] S. dazu <a href=\"https:\/\/www.german-foreign-policy.com\/news\/detail\/10350\" target=\"_blank\" rel=\"noopener\">Die Unterwerfung Lateinamerikas (II)<\/a>.<\/p>\n<p>[4] Michael Pooler: Brazil blocks visit of Trump official to see jailed Jair Bolsonaro. ft.com 14.03.2026.<\/p>\n<p>[5] Marian Blasberg, Jens Gl\u00fcsing: \u201eTrump wurde nicht zum Kaiser der Welt gew\u00e4hlt\u201c. spiegel.de 16.04.2026.<\/p>\n<p>[6] Luis In\u00e1cio Lula da Silva: Brasiliens Pr\u00e4sident setzt auf Zusammenarbeit. tagesspiegel.de 17.04.2026.<\/p>\n<p>[7] Lula prangert \u201eWahnsinn\u201c des Iran-Krieges an. tagesspiegel.de 20.04.2026.<\/p>\n<p>[8] Ana Ionova, Ju Faddul: Brazil Hesitates as U.S. Pushes Rare Earths Partnership. nytimes.com 20.03.2026.<\/p>\n<p>[9] Camilla Hodgson, Michael Pooler: US secures rare earths supply as part of $565mn loan to Brazil mining group. ft.com 01.04.2026.<\/p>\n<p>[10] Igor Patrick: Brazil demands rare earths be processed at home as US and China compete. scmp.com 15.04.2026.<\/p>\n<p>[11] Deutschland und Brasilien st\u00e4rken verteidigungspolitische Partnerschaft. bmvg.de 20.04.2026.<\/p>\n","protected":false},"excerpt":{"rendered":"<p>Deutschland und Brasilien intensivieren ihre Kooperation, nicht zuletzt in der R\u00fcstung. Lula sucht R\u00fcckendeckung gegen allerlei \u00dcbergriffe der Trump-Administration auch in Berlin und protestiert, Trump sei nicht \u201eKaiser der Welt\u201c. Deutschland und Brasilien bauen ihre Kooperation aus und nehmen neue&hellip;<\/p>\n","protected":false},"author":1516,"featured_media":2695136,"comment_status":"closed","ping_status":"closed","sticky":false,"template":"","format":"standard","meta":{"footnotes":""},"categories":[9167,7835,9168,9158],"tags":[10395,155788,110032,56143,33534,146714,19578],"class_list":["post-2695133","post","type-post","status-publish","format-standard","has-post-thumbnail","hentry","category-frieden-und-abruestung","category-international-de","category-politik","category-wirtschaft","tag-brasilien","tag-hendelskonflikt","tag-multilateralismus","tag-rohstoffe","tag-ruestung","tag-seltene-erden","tag-wahlen"],"yoast_head":"<!-- This site is optimized with the Yoast SEO plugin v27.1.1 - https:\/\/yoast.com\/product\/yoast-seo-wordpress\/ -->\n<title>Nicht der Kaiser der Welt<\/title>\n<meta name=\"description\" content=\"Deutschland und Brasilien intensivieren ihre Kooperation, nicht zuletzt in der R\u00fcstung. Lula sucht R\u00fcckendeckung gegen allerlei \u00dcbergriffe der\" \/>\n<meta name=\"robots\" content=\"index, follow, max-snippet:-1, max-image-preview:large, max-video-preview:-1\" \/>\n<link rel=\"canonical\" href=\"https:\/\/www.pressenza.com\/de\/2026\/04\/nicht-der-kaiser-der-welt\/\" \/>\n<meta property=\"og:locale\" content=\"de_DE\" \/>\n<meta property=\"og:type\" content=\"article\" \/>\n<meta property=\"og:title\" content=\"Nicht der Kaiser der Welt\" \/>\n<meta property=\"og:description\" content=\"Deutschland und Brasilien intensivieren ihre Kooperation, nicht zuletzt in der R\u00fcstung. Lula sucht R\u00fcckendeckung gegen allerlei \u00dcbergriffe der\" \/>\n<meta property=\"og:url\" content=\"https:\/\/www.pressenza.com\/de\/2026\/04\/nicht-der-kaiser-der-welt\/\" \/>\n<meta property=\"og:site_name\" content=\"Pressenza\" \/>\n<meta property=\"article:publisher\" content=\"https:\/\/www.facebook.com\/PressenzaItalia\" \/>\n<meta property=\"article:published_time\" content=\"2026-04-24T10:08:16+00:00\" \/>\n<meta property=\"og:image\" content=\"https:\/\/www.pressenza.com\/wp-content\/uploads\/2026\/04\/IMG_3569.jpeg\" \/>\n\t<meta property=\"og:image:width\" content=\"1280\" \/>\n\t<meta property=\"og:image:height\" content=\"840\" \/>\n\t<meta property=\"og:image:type\" content=\"image\/jpeg\" \/>\n<meta name=\"author\" content=\"GERMAN-FOREIGN-POLICY.com\" \/>\n<meta name=\"twitter:card\" content=\"summary_large_image\" \/>\n<meta name=\"twitter:creator\" content=\"@PressenzaIPA\" \/>\n<meta name=\"twitter:site\" content=\"@PressenzaIPA\" \/>\n<meta name=\"twitter:label1\" content=\"Verfasst von\" \/>\n\t<meta name=\"twitter:data1\" content=\"GERMAN-FOREIGN-POLICY.com\" \/>\n\t<meta name=\"twitter:label2\" content=\"Gesch\u00e4tzte Lesezeit\" \/>\n\t<meta name=\"twitter:data2\" content=\"8\u00a0Minuten\" \/>\n<script type=\"application\/ld+json\" class=\"yoast-schema-graph\">{\"@context\":\"https:\/\/schema.org\",\"@graph\":[{\"@type\":\"Article\",\"@id\":\"https:\/\/www.pressenza.com\/de\/2026\/04\/nicht-der-kaiser-der-welt\/#article\",\"isPartOf\":{\"@id\":\"https:\/\/www.pressenza.com\/de\/2026\/04\/nicht-der-kaiser-der-welt\/\"},\"author\":{\"name\":\"GERMAN-FOREIGN-POLICY.com\",\"@id\":\"https:\/\/www.pressenza.com\/de\/#\/schema\/person\/65976e5880ee37f0ffc0cea7b0d6f456\"},\"headline\":\"Nicht der Kaiser der Welt\",\"datePublished\":\"2026-04-24T10:08:16+00:00\",\"mainEntityOfPage\":{\"@id\":\"https:\/\/www.pressenza.com\/de\/2026\/04\/nicht-der-kaiser-der-welt\/\"},\"wordCount\":1312,\"publisher\":{\"@id\":\"https:\/\/www.pressenza.com\/de\/#organization\"},\"image\":{\"@id\":\"https:\/\/www.pressenza.com\/de\/2026\/04\/nicht-der-kaiser-der-welt\/#primaryimage\"},\"thumbnailUrl\":\"https:\/\/www.pressenza.com\/wp-content\/uploads\/2026\/04\/IMG_3569.jpeg\",\"keywords\":[\"Brasilien\",\"Hendelskonflikt\",\"Multilateralismus\",\"Rohstoffe\",\"R\u00fcstung\",\"Seltene Erden\",\"Wahlen\"],\"articleSection\":[\"Frieden und Abr\u00fcstung\",\"International\",\"Politik\",\"Wirtschaft\"],\"inLanguage\":\"de\"},{\"@type\":\"WebPage\",\"@id\":\"https:\/\/www.pressenza.com\/de\/2026\/04\/nicht-der-kaiser-der-welt\/\",\"url\":\"https:\/\/www.pressenza.com\/de\/2026\/04\/nicht-der-kaiser-der-welt\/\",\"name\":\"Nicht der Kaiser der Welt\",\"isPartOf\":{\"@id\":\"https:\/\/www.pressenza.com\/de\/#website\"},\"primaryImageOfPage\":{\"@id\":\"https:\/\/www.pressenza.com\/de\/2026\/04\/nicht-der-kaiser-der-welt\/#primaryimage\"},\"image\":{\"@id\":\"https:\/\/www.pressenza.com\/de\/2026\/04\/nicht-der-kaiser-der-welt\/#primaryimage\"},\"thumbnailUrl\":\"https:\/\/www.pressenza.com\/wp-content\/uploads\/2026\/04\/IMG_3569.jpeg\",\"datePublished\":\"2026-04-24T10:08:16+00:00\",\"description\":\"Deutschland und Brasilien intensivieren ihre Kooperation, nicht zuletzt in der R\u00fcstung. Lula sucht R\u00fcckendeckung gegen allerlei \u00dcbergriffe der\",\"breadcrumb\":{\"@id\":\"https:\/\/www.pressenza.com\/de\/2026\/04\/nicht-der-kaiser-der-welt\/#breadcrumb\"},\"inLanguage\":\"de\",\"potentialAction\":[{\"@type\":\"ReadAction\",\"target\":[\"https:\/\/www.pressenza.com\/de\/2026\/04\/nicht-der-kaiser-der-welt\/\"]}]},{\"@type\":\"ImageObject\",\"inLanguage\":\"de\",\"@id\":\"https:\/\/www.pressenza.com\/de\/2026\/04\/nicht-der-kaiser-der-welt\/#primaryimage\",\"url\":\"https:\/\/www.pressenza.com\/wp-content\/uploads\/2026\/04\/IMG_3569.jpeg\",\"contentUrl\":\"https:\/\/www.pressenza.com\/wp-content\/uploads\/2026\/04\/IMG_3569.jpeg\",\"width\":1280,\"height\":840},{\"@type\":\"BreadcrumbList\",\"@id\":\"https:\/\/www.pressenza.com\/de\/2026\/04\/nicht-der-kaiser-der-welt\/#breadcrumb\",\"itemListElement\":[{\"@type\":\"ListItem\",\"position\":1,\"name\":\"Accueil\",\"item\":\"https:\/\/www.pressenza.com\/de\/\"},{\"@type\":\"ListItem\",\"position\":2,\"name\":\"Nicht der Kaiser der Welt\"}]},{\"@type\":\"WebSite\",\"@id\":\"https:\/\/www.pressenza.com\/de\/#website\",\"url\":\"https:\/\/www.pressenza.com\/de\/\",\"name\":\"Pressenza\",\"description\":\"International Press Agency\",\"publisher\":{\"@id\":\"https:\/\/www.pressenza.com\/de\/#organization\"},\"potentialAction\":[{\"@type\":\"SearchAction\",\"target\":{\"@type\":\"EntryPoint\",\"urlTemplate\":\"https:\/\/www.pressenza.com\/de\/?s={search_term_string}\"},\"query-input\":{\"@type\":\"PropertyValueSpecification\",\"valueRequired\":true,\"valueName\":\"search_term_string\"}}],\"inLanguage\":\"de\"},{\"@type\":\"Organization\",\"@id\":\"https:\/\/www.pressenza.com\/de\/#organization\",\"name\":\"Pressenza\",\"url\":\"https:\/\/www.pressenza.com\/de\/\",\"logo\":{\"@type\":\"ImageObject\",\"inLanguage\":\"de\",\"@id\":\"https:\/\/www.pressenza.com\/de\/#\/schema\/logo\/image\/\",\"url\":\"https:\/\/www.pressenza.com\/wp-content\/uploads\/2022\/10\/pressenza_logo_200x200.jpg\",\"contentUrl\":\"https:\/\/www.pressenza.com\/wp-content\/uploads\/2022\/10\/pressenza_logo_200x200.jpg\",\"width\":200,\"height\":200,\"caption\":\"Pressenza\"},\"image\":{\"@id\":\"https:\/\/www.pressenza.com\/de\/#\/schema\/logo\/image\/\"},\"sameAs\":[\"https:\/\/www.facebook.com\/PressenzaItalia\",\"https:\/\/x.com\/PressenzaIPA\"]},{\"@type\":\"Person\",\"@id\":\"https:\/\/www.pressenza.com\/de\/#\/schema\/person\/65976e5880ee37f0ffc0cea7b0d6f456\",\"name\":\"GERMAN-FOREIGN-POLICY.com\",\"description\":\"Information on German Foreign Policy Articles and photographs by german-foreign-policy.com on Pressenza do not fall under the Creative Commons license and are not reproducible in any way. \\\"Information on German Foreign Policy\\\" (german-foreign-policy.com) is compiled by a group of independent journalists and social scientists who observe, on an ongoing basis, Germany's renewed attempts to regain great power status in the economic, military and political arena.\",\"url\":\"https:\/\/www.pressenza.com\/de\/author\/german-foreign-policy-com\/\"}]}<\/script>\n<!-- \/ Yoast SEO plugin. -->","yoast_head_json":{"title":"Nicht der Kaiser der Welt","description":"Deutschland und Brasilien intensivieren ihre Kooperation, nicht zuletzt in der R\u00fcstung. Lula sucht R\u00fcckendeckung gegen allerlei \u00dcbergriffe der","robots":{"index":"index","follow":"follow","max-snippet":"max-snippet:-1","max-image-preview":"max-image-preview:large","max-video-preview":"max-video-preview:-1"},"canonical":"https:\/\/www.pressenza.com\/de\/2026\/04\/nicht-der-kaiser-der-welt\/","og_locale":"de_DE","og_type":"article","og_title":"Nicht der Kaiser der Welt","og_description":"Deutschland und Brasilien intensivieren ihre Kooperation, nicht zuletzt in der R\u00fcstung. Lula sucht R\u00fcckendeckung gegen allerlei \u00dcbergriffe der","og_url":"https:\/\/www.pressenza.com\/de\/2026\/04\/nicht-der-kaiser-der-welt\/","og_site_name":"Pressenza","article_publisher":"https:\/\/www.facebook.com\/PressenzaItalia","article_published_time":"2026-04-24T10:08:16+00:00","og_image":[{"width":1280,"height":840,"url":"https:\/\/www.pressenza.com\/wp-content\/uploads\/2026\/04\/IMG_3569.jpeg","type":"image\/jpeg"}],"author":"GERMAN-FOREIGN-POLICY.com","twitter_card":"summary_large_image","twitter_creator":"@PressenzaIPA","twitter_site":"@PressenzaIPA","twitter_misc":{"Verfasst von":"GERMAN-FOREIGN-POLICY.com","Gesch\u00e4tzte Lesezeit":"8\u00a0Minuten"},"schema":{"@context":"https:\/\/schema.org","@graph":[{"@type":"Article","@id":"https:\/\/www.pressenza.com\/de\/2026\/04\/nicht-der-kaiser-der-welt\/#article","isPartOf":{"@id":"https:\/\/www.pressenza.com\/de\/2026\/04\/nicht-der-kaiser-der-welt\/"},"author":{"name":"GERMAN-FOREIGN-POLICY.com","@id":"https:\/\/www.pressenza.com\/de\/#\/schema\/person\/65976e5880ee37f0ffc0cea7b0d6f456"},"headline":"Nicht der Kaiser der Welt","datePublished":"2026-04-24T10:08:16+00:00","mainEntityOfPage":{"@id":"https:\/\/www.pressenza.com\/de\/2026\/04\/nicht-der-kaiser-der-welt\/"},"wordCount":1312,"publisher":{"@id":"https:\/\/www.pressenza.com\/de\/#organization"},"image":{"@id":"https:\/\/www.pressenza.com\/de\/2026\/04\/nicht-der-kaiser-der-welt\/#primaryimage"},"thumbnailUrl":"https:\/\/www.pressenza.com\/wp-content\/uploads\/2026\/04\/IMG_3569.jpeg","keywords":["Brasilien","Hendelskonflikt","Multilateralismus","Rohstoffe","R\u00fcstung","Seltene Erden","Wahlen"],"articleSection":["Frieden und Abr\u00fcstung","International","Politik","Wirtschaft"],"inLanguage":"de"},{"@type":"WebPage","@id":"https:\/\/www.pressenza.com\/de\/2026\/04\/nicht-der-kaiser-der-welt\/","url":"https:\/\/www.pressenza.com\/de\/2026\/04\/nicht-der-kaiser-der-welt\/","name":"Nicht der Kaiser der Welt","isPartOf":{"@id":"https:\/\/www.pressenza.com\/de\/#website"},"primaryImageOfPage":{"@id":"https:\/\/www.pressenza.com\/de\/2026\/04\/nicht-der-kaiser-der-welt\/#primaryimage"},"image":{"@id":"https:\/\/www.pressenza.com\/de\/2026\/04\/nicht-der-kaiser-der-welt\/#primaryimage"},"thumbnailUrl":"https:\/\/www.pressenza.com\/wp-content\/uploads\/2026\/04\/IMG_3569.jpeg","datePublished":"2026-04-24T10:08:16+00:00","description":"Deutschland und Brasilien intensivieren ihre Kooperation, nicht zuletzt in der R\u00fcstung. Lula sucht R\u00fcckendeckung gegen allerlei \u00dcbergriffe der","breadcrumb":{"@id":"https:\/\/www.pressenza.com\/de\/2026\/04\/nicht-der-kaiser-der-welt\/#breadcrumb"},"inLanguage":"de","potentialAction":[{"@type":"ReadAction","target":["https:\/\/www.pressenza.com\/de\/2026\/04\/nicht-der-kaiser-der-welt\/"]}]},{"@type":"ImageObject","inLanguage":"de","@id":"https:\/\/www.pressenza.com\/de\/2026\/04\/nicht-der-kaiser-der-welt\/#primaryimage","url":"https:\/\/www.pressenza.com\/wp-content\/uploads\/2026\/04\/IMG_3569.jpeg","contentUrl":"https:\/\/www.pressenza.com\/wp-content\/uploads\/2026\/04\/IMG_3569.jpeg","width":1280,"height":840},{"@type":"BreadcrumbList","@id":"https:\/\/www.pressenza.com\/de\/2026\/04\/nicht-der-kaiser-der-welt\/#breadcrumb","itemListElement":[{"@type":"ListItem","position":1,"name":"Accueil","item":"https:\/\/www.pressenza.com\/de\/"},{"@type":"ListItem","position":2,"name":"Nicht der Kaiser der Welt"}]},{"@type":"WebSite","@id":"https:\/\/www.pressenza.com\/de\/#website","url":"https:\/\/www.pressenza.com\/de\/","name":"Pressenza","description":"International Press Agency","publisher":{"@id":"https:\/\/www.pressenza.com\/de\/#organization"},"potentialAction":[{"@type":"SearchAction","target":{"@type":"EntryPoint","urlTemplate":"https:\/\/www.pressenza.com\/de\/?s={search_term_string}"},"query-input":{"@type":"PropertyValueSpecification","valueRequired":true,"valueName":"search_term_string"}}],"inLanguage":"de"},{"@type":"Organization","@id":"https:\/\/www.pressenza.com\/de\/#organization","name":"Pressenza","url":"https:\/\/www.pressenza.com\/de\/","logo":{"@type":"ImageObject","inLanguage":"de","@id":"https:\/\/www.pressenza.com\/de\/#\/schema\/logo\/image\/","url":"https:\/\/www.pressenza.com\/wp-content\/uploads\/2022\/10\/pressenza_logo_200x200.jpg","contentUrl":"https:\/\/www.pressenza.com\/wp-content\/uploads\/2022\/10\/pressenza_logo_200x200.jpg","width":200,"height":200,"caption":"Pressenza"},"image":{"@id":"https:\/\/www.pressenza.com\/de\/#\/schema\/logo\/image\/"},"sameAs":["https:\/\/www.facebook.com\/PressenzaItalia","https:\/\/x.com\/PressenzaIPA"]},{"@type":"Person","@id":"https:\/\/www.pressenza.com\/de\/#\/schema\/person\/65976e5880ee37f0ffc0cea7b0d6f456","name":"GERMAN-FOREIGN-POLICY.com","description":"Information on German Foreign Policy Articles and photographs by german-foreign-policy.com on Pressenza do not fall under the Creative Commons license and are not reproducible in any way. \"Information on German Foreign Policy\" (german-foreign-policy.com) is compiled by a group of independent journalists and social scientists who observe, on an ongoing basis, Germany's renewed attempts to regain great power status in the economic, military and political arena.","url":"https:\/\/www.pressenza.com\/de\/author\/german-foreign-policy-com\/"}]}},"place":"","original_article_url":"https:\/\/www.german-foreign-policy.com\/news\/detail\/10372","_links":{"self":[{"href":"https:\/\/www.pressenza.com\/de\/wp-json\/wp\/v2\/posts\/2695133","targetHints":{"allow":["GET"]}}],"collection":[{"href":"https:\/\/www.pressenza.com\/de\/wp-json\/wp\/v2\/posts"}],"about":[{"href":"https:\/\/www.pressenza.com\/de\/wp-json\/wp\/v2\/types\/post"}],"author":[{"embeddable":true,"href":"https:\/\/www.pressenza.com\/de\/wp-json\/wp\/v2\/users\/1516"}],"replies":[{"embeddable":true,"href":"https:\/\/www.pressenza.com\/de\/wp-json\/wp\/v2\/comments?post=2695133"}],"version-history":[{"count":3,"href":"https:\/\/www.pressenza.com\/de\/wp-json\/wp\/v2\/posts\/2695133\/revisions"}],"predecessor-version":[{"id":2695135,"href":"https:\/\/www.pressenza.com\/de\/wp-json\/wp\/v2\/posts\/2695133\/revisions\/2695135"}],"wp:featuredmedia":[{"embeddable":true,"href":"https:\/\/www.pressenza.com\/de\/wp-json\/wp\/v2\/media\/2695136"}],"wp:attachment":[{"href":"https:\/\/www.pressenza.com\/de\/wp-json\/wp\/v2\/media?parent=2695133"}],"wp:term":[{"taxonomy":"category","embeddable":true,"href":"https:\/\/www.pressenza.com\/de\/wp-json\/wp\/v2\/categories?post=2695133"},{"taxonomy":"post_tag","embeddable":true,"href":"https:\/\/www.pressenza.com\/de\/wp-json\/wp\/v2\/tags?post=2695133"}],"curies":[{"name":"wp","href":"https:\/\/api.w.org\/{rel}","templated":true}]}}