{"id":2695128,"date":"2026-04-27T08:00:26","date_gmt":"2026-04-27T07:00:26","guid":{"rendered":"https:\/\/www.pressenza.com\/?p=2695128"},"modified":"2026-04-27T08:00:26","modified_gmt":"2026-04-27T07:00:26","slug":"eine-muede-bevoelkerung-mit-dem-wunsch-nach-veraenderung","status":"publish","type":"post","link":"https:\/\/www.pressenza.com\/de\/2026\/04\/eine-muede-bevoelkerung-mit-dem-wunsch-nach-veraenderung\/","title":{"rendered":"Eine m\u00fcde Bev\u00f6lkerung mit dem Wunsch nach Ver\u00e4nderung"},"content":{"rendered":"<div class=\"lan-post__item-subtitle typography__subtitle\">\n<p><strong>Die aktuelle Erd\u00f6lblockade durch die USA trifft ein wirtschaftlich geschw\u00e4chtes Land<\/strong><\/p>\n<\/div>\n<div class=\"lan-post__item-teaser\">\n<p>Nach dem Angriff der USA auf Venezuela verh\u00e4ngte US-Pr\u00e4sident Donald Trump Ende Januar eine weitere Blockade gegen die Insel im Golf von Mexiko. Die Bev\u00f6lkerung hat Strategien erschaffen, mit dem Mangel umzugehen, doch sie ist m\u00fcde und hofft auf Wandel. Wohin wei\u00df niemand so recht. Eine pers\u00f6nliche Moment\u00adaufnahme vor Ort.<\/p>\n<p>Nach einem Moment der Dunkelheit begr\u00fc\u00dfen die Besucher*innen eines Restaurants mit einem freudigen Schrei und Klatschen den Strom, als dieser nach einem weiteren Stromausfall in Kuba wieder l\u00e4uft. Es ist der 17. M\u00e4rz 2026 im Stadtteil Vedado, einer eigentlich privilegierten Zone von La Habana, die selten von Stromausf\u00e4llen betroffen ist, da sich dort viele Hotels befinden. Zu diesem Zeitpunkt ahnte noch niemand, dass keine Woche sp\u00e4ter ein erneuter Blackout die Stromversorgung lahmlegen wird. Einer von vielen, seit dem ersten landesweiten Ausfall im Oktober 2024. Seit mehreren Jahren sind die Auswirkungen durch die erneute Einstufung Kubas als \u201estaatlichen Unterst\u00fctzer des Terrorismus\u201c durch die erste Trump-Administration im Jahr 2021 und der dadurch wieder versch\u00e4rften Sanktionen nicht mehr zu ignorieren: Regelm\u00e4\u00dfige landesweite Stromausf\u00e4lle, erh\u00f6hte Lebensmittelpreise, Versorgungseinschr\u00e4nkungen sowie der deutlich reduzierte Tourismus erschweren das Leben der Menschen.<\/p>\n<p>Ende Januar eskalierte die Sanktionspolitik der USA. Der US-Pr\u00e4sident verbot den Verkauf von \u00d6l an die Insel und drohte mit Strafz\u00f6llen gegen L\u00e4nder, die sich dem widersetzen. Nur ein \u00d6ltanker aus Russland konnte seitdem die Insel erreichen. \u201eAufgrund des Mangels kann ich nur noch Notf\u00e4lle behandeln\u201c erz\u00e4hlt der junge pal\u00e4stinensische Assistenzarzt Murid Abukhater. \u201eIch muss notwendige Operationen aufgrund von Mangel an Strom, Materialien und Medikamenten aussetzen\u201c. Urspr\u00fcnglich kam er vor neun Jahren aus Gaza nach Kuba, um Medizin zu studieren. Der Mangel schr\u00e4nkt das gesamte Leben ein.<\/p>\n<p>Viele Kubaner*innen sind sich einig: Seit der Corona-Pandemie im Jahr 2020 hat sich die wirtschaftliche Situation laufend verschlechtert. Besonders betroffen sind die l\u00e4ndlichen Gebiete, die bereits vor der US-Erd\u00f6lblockade dieses Jahres nur bis zu drei Stunden Strom am Tag zur Verf\u00fcgung hatten. Dass es nun auch in La Habana sowie in den privilegierteren Zonen der Stadt immer h\u00e4ufiger zu Stromausf\u00e4llen kommt, zeigt eine neue Qualit\u00e4t der Versorgungskrise. Obwohl es an \u00d6l fehlt, bleibt die Gesellschaft in Bewegung: Auf den Stra\u00dfen fahren elektrische Transportfahrzeuge wie kleine Autos und Motorr\u00e4der. Trotz langer Warteschlangen und hohen Benzinkosten sieht man zunehmend mehr aus dem Ausland importierte Pick-Ups. Menschen mit entsprechenden finanziellen Mitteln, h\u00e4ufig durch Unterst\u00fctzung von Familienangeh\u00f6rigen im Ausland, k\u00f6nnen sich derweil immer st\u00e4rker vom staatlichen Stromnetz.<\/p>\n<\/div>\n<blockquote><p><strong>In der Versorgungskrise wachsen W\u00fcnsche nach Ver\u00e4nderungen<\/strong><\/p><\/blockquote>\n<p>In der Viazul, einer teuren Busverbindung von Santiago de Cuba bis nach La Habana, sitze ich neben einer Holguinera (Bewohnerin der Stadt Holgu\u00edn im Osten Kubas), die vor 20 Jahren nach Italien ausgewandert ist. \u201eIch bin mit mehreren Tausend Euro hergekommen, um Solarpanels mitsamt Akkuspeicher im Haus meiner Mutter zu installieren\u201c, sagt sie und zeigt das Ergebnis auf ihrem Handy.<br \/>\nDas Haus ist gro\u00df. Sie zeigt mir Fotos vom Badezimmer mit einem bunten Badevorhang, den sie aus Italien mitgebracht hat. Die Solarpanels wurden auf ihrem Dach befestigt. \u201eSollte es wieder zu l\u00e4nger andauernden Stromausf\u00e4llen kommen, k\u00f6nnen meine Nachbarn unsere K\u00fcche benutzen\u201c erz\u00e4hlte sie, w\u00e4hrend sie mir Bilder einer gro\u00dfen K\u00fcche zeigt. Sie macht einen zerrissenen und traurigen Eindruck. \u201eIch w\u00fcrde lieber auf Kuba leben, mit meiner Mutter, meiner Schwester und meinem Neffen. Aber ich habe meinen Mann in Italien und er ist krank.\u201c Sie wirkt auf mich wie eine sehr starke Frau und stolze Tante und l\u00e4dt mich bereits zu Beginn unseres Gespr\u00e4chs zu sich nach Italien ein.<\/p>\n<p>Kubaner*innen mussten lernen, Strategien im Umgang mit den ihnen immer wieder auferlegten Herausforderungen zu entwickeln, die vor allem die allt\u00e4gliche Lebensbew\u00e4ltigung treffen. In diesem Zusammenhang wird oft von der \u201ekubanischen Resilienz\u201c gesprochen, die als naturgegebene Eigenschaft dargestellt wird. Doch was romantisch klingt, birgt die Gefahr der Normalisierung von prek\u00e4ren Lebensbedingungen, unter denen Kubaner*innen auf der st\u00e4ndigen Suche nach L\u00f6sungen zur Sicherstellung ihres \u00dcberlebens sind. Die Ungewissheit und die Angst \u00fcber die Zukunft Kubas ist sp\u00fcrbar. Die Menschen sind m\u00fcde: Sie wollen und brauchen Ver\u00e4nderung \u2013 doch wie diese Ver\u00e4nderung aussehen soll, unterscheidet sich in ihren Ansichten.<\/p>\n<p>Im Gegensatz zum kubanischen Musiker Silvio Rodr\u00edguez, der j\u00fcngst eine Waffe forderte, um die Revolution zu verteidigen, glaubt die Tante einer Freundin an Dialog mit der US-Regierung. \u201eIrgendwas muss sich \u00e4ndern\u201c, sagt sie. \u201eIch w\u00fcnsche mir Dialog mit der US-Regierung und dass es zu einer Vereinbarung kommt.\u201c Ihre Prognose f\u00fcr Kuba lautet: \u201eIch glaube, dass sich Kuba f\u00fcr den nordamerikanischen Markt \u00f6ffnen wird.\u201c Ich h\u00f6re darin die Hoffnung auf bessere Lebensbedingungen.<br \/>\nUnzufriedenheit und Misstrauen gegen\u00fcber der kubanischen Regierung und Kuba als sozialistisches Projekt scheinen vor allem von den j\u00fcngeren Generationen auszugehen. Am ersten Tag des nationalen Stromausfalls lasse ich mir Fake-Wimpern in einem Beauty-Salon in Holgu\u00edn anbringen. Der Ventilator surrt und Licht scheint auf mein Gesicht. Auch dieser Beauty-Salon funktioniert mit einer alternativen Stromversorgung. Die Wimpern-Stylistin tr\u00e4gt ein Salon-Outfit, gegl\u00e4ttete Haare und hat selbst auch Fake-Wimpern \u2013 f\u00fcr die ich ihr ein Kompliment gebe. \u201eIch stehe nicht hinter der aktuellen Regierung\u201c berichtet sie mir.<\/p>\n<p>\u201eAber ich liebe marxistische Theorie\u201c erg\u00e4nzt sie und empfiehlt mir einen Influencer. Als ich ihr von meiner politischen Arbeit in Deutschland berichte, bezeichnet sie mich als \u201ecamarada roja\u201c (rote Genossin) und lacht dabei. Fehlende Unterst\u00fctzung f\u00fcr die aktuelle Regierung bedeutet nicht gleich eine Ablehnung des politischen Projekts in Kuba oder Zuwendung zu den USA.<br \/>\nIn den Augen der kubanischen Regierung gibt es diejenigen, die hinter ihr und der Revolution stehen. Staatskritische Stimmen wurden bereits in der Vergangenheit mit Repressionen beantwortet. Wie im Fall der zwei Influencer des Youtube-Kanales El 4tico, die zu einer Haftstrafe verurteilt wurden, da ihre Inhalte als konterrevolution\u00e4r gedeutet wurden. Dabei ist das tats\u00e4chliche Gesellschaftsbild deutlich komplexer.<\/p>\n<blockquote><p><strong>Kubas Zukunft jenseits innerer Spannungen<\/strong><\/p><\/blockquote>\n<div class=\"lan-post__item-post\">\n<p>Die Uneinigkeit in der kubanischen Bev\u00f6lkerung \u00fcber die Zukunft Kubas l\u00e4sst sich nur verstehen, wenn man innere und \u00e4u\u00dfere Faktoren zusammen denkt: Die US-Sanktionen zielen darauf ab, die kubanische Wirtschaft zu destabilisieren, einen politischen Wandel zu erzwingen und antikommunistische Narrative zu st\u00e4rken. Gleich\u00adzeitig steht die kubanische Regierung in der Verantwortung eigene Fehler und Vers\u00e4umnisse transparent zu kommunizieren und aufzuarbeiten. Schafft es die Revolution sich gegenEinflussnahme von au\u00dfen zu wehren und auch das Vertrauen der j\u00fcngeren Generationen in den revolution\u00e4ren Prozess zu gewinnen?<\/p>\n<p>Trotz innerer Widerspr\u00fcche eint Kubaner*innen der Wunsch nach Ver\u00e4nderung. Wie auch immer diese Ver\u00e4nderung gestaltet wird \u2013 die kubanische Souver\u00e4nit\u00e4t darf dabei nicht angezweifelt werden. Kein Milit\u00e4rangriff der USA wie in Venezuela soll \u00fcber die Zukunft des Landes entscheiden, sondern die Bev\u00f6lkerung selbst. F\u00fcnf Minuten entfernt von der Bar im Vedado, in der zwischenzeitlich wieder der Strom flie\u00dft, befindet sich der sonst viel befahrene Malec\u00f3n. Die Stra\u00dfen sind leer, es regnet und windet und mehrere Meter hohe Wellen klatschen mit voller Wucht gegen die Mauern des Malec\u00f3ns und flie\u00dfen bis in angrenzende Viertel von La Habana. Das Salzwasser frisst langsam an den alten, heruntergekommen H\u00e4usern der Altstadt, die teilweise leer stehen. Doch bislang h\u00e4lt der Malec\u00f3n weiter stand und f\u00e4ngt den Gro\u00dfteil der Wellen ab \u2013 wie die kubanische Bev\u00f6lkerung.<\/p>\n<\/div>\n<div class=\"lan-post__item-infokasten\">\n<p><em>Marysol Frasch war Teil der der Solidarit\u00e4tsbrigade der Rosa-Luxemburg-Stiftung, die im Februar 2026 nach Kuba fuhr. Sie absolvierte au\u00dferdem ein Auslandspraxissemester an der\u00a0<\/em><\/p>\n<p>Universidad de Holgu\u00edn im Jahr 2024\/2025.<\/p>\n<\/div>\n<p>&nbsp;<\/p>\n","protected":false},"excerpt":{"rendered":"<p>Die aktuelle Erd\u00f6lblockade durch die USA trifft ein wirtschaftlich geschw\u00e4chtes Land Nach dem Angriff der USA auf Venezuela verh\u00e4ngte US-Pr\u00e4sident Donald Trump Ende Januar eine weitere Blockade gegen die Insel im Golf von Mexiko. Die Bev\u00f6lkerung hat Strategien erschaffen, mit&hellip;<\/p>\n","protected":false},"author":1631,"featured_media":2695131,"comment_status":"closed","ping_status":"closed","sticky":false,"template":"","format":"standard","meta":{"footnotes":""},"categories":[7835,9168],"tags":[96133,19191,19156,28822,58092,28922,9767,101125],"class_list":["post-2695128","post","type-post","status-publish","format-standard","has-post-thumbnail","hentry","category-international-de","category-politik","tag-energiekrise","tag-kuba","tag-lateinamerika","tag-sanktionen","tag-stromausfall","tag-tourismus","tag-usa-de","tag-versorgung"],"yoast_head":"<!-- This site is optimized with the Yoast SEO plugin v27.1.1 - https:\/\/yoast.com\/product\/yoast-seo-wordpress\/ -->\n<title>Eine m\u00fcde Bev\u00f6lkerung mit dem Wunsch nach Ver\u00e4nderung<\/title>\n<meta name=\"description\" content=\"Die aktuelle Erd\u00f6lblockade durch die USA trifft ein wirtschaftlich geschw\u00e4chtes Land Nach dem Angriff der USA auf Venezuela verh\u00e4ngte US-Pr\u00e4sident Donald\" \/>\n<meta name=\"robots\" content=\"index, follow, max-snippet:-1, max-image-preview:large, max-video-preview:-1\" \/>\n<link rel=\"canonical\" href=\"https:\/\/www.pressenza.com\/de\/2026\/04\/eine-muede-bevoelkerung-mit-dem-wunsch-nach-veraenderung\/\" \/>\n<meta property=\"og:locale\" content=\"de_DE\" \/>\n<meta property=\"og:type\" content=\"article\" \/>\n<meta property=\"og:title\" content=\"Eine m\u00fcde Bev\u00f6lkerung mit dem Wunsch nach Ver\u00e4nderung\" \/>\n<meta property=\"og:description\" content=\"Die aktuelle Erd\u00f6lblockade durch die USA trifft ein wirtschaftlich geschw\u00e4chtes Land Nach dem Angriff der USA auf Venezuela verh\u00e4ngte US-Pr\u00e4sident Donald\" \/>\n<meta property=\"og:url\" content=\"https:\/\/www.pressenza.com\/de\/2026\/04\/eine-muede-bevoelkerung-mit-dem-wunsch-nach-veraenderung\/\" \/>\n<meta property=\"og:site_name\" content=\"Pressenza\" \/>\n<meta property=\"article:publisher\" content=\"https:\/\/www.facebook.com\/PressenzaItalia\" \/>\n<meta property=\"article:published_time\" content=\"2026-04-27T07:00:26+00:00\" \/>\n<meta property=\"og:image\" content=\"https:\/\/www.pressenza.com\/wp-content\/uploads\/2026\/04\/IMG_3568.jpeg\" \/>\n\t<meta property=\"og:image:width\" content=\"1280\" \/>\n\t<meta property=\"og:image:height\" content=\"861\" \/>\n\t<meta property=\"og:image:type\" content=\"image\/jpeg\" \/>\n<meta name=\"author\" content=\"Lateinamerika Nachrichten\" \/>\n<meta name=\"twitter:card\" content=\"summary_large_image\" \/>\n<meta name=\"twitter:creator\" content=\"@PressenzaIPA\" \/>\n<meta name=\"twitter:site\" content=\"@PressenzaIPA\" \/>\n<meta name=\"twitter:label1\" content=\"Verfasst von\" \/>\n\t<meta name=\"twitter:data1\" content=\"Lateinamerika Nachrichten\" \/>\n\t<meta name=\"twitter:label2\" content=\"Gesch\u00e4tzte Lesezeit\" \/>\n\t<meta name=\"twitter:data2\" content=\"7\u00a0Minuten\" \/>\n<script type=\"application\/ld+json\" class=\"yoast-schema-graph\">{\"@context\":\"https:\/\/schema.org\",\"@graph\":[{\"@type\":\"Article\",\"@id\":\"https:\/\/www.pressenza.com\/de\/2026\/04\/eine-muede-bevoelkerung-mit-dem-wunsch-nach-veraenderung\/#article\",\"isPartOf\":{\"@id\":\"https:\/\/www.pressenza.com\/de\/2026\/04\/eine-muede-bevoelkerung-mit-dem-wunsch-nach-veraenderung\/\"},\"author\":{\"name\":\"Lateinamerika Nachrichten\",\"@id\":\"https:\/\/www.pressenza.com\/de\/#\/schema\/person\/ca80be2ec1663515ce690c04e8a674af\"},\"headline\":\"Eine m\u00fcde Bev\u00f6lkerung mit dem Wunsch nach Ver\u00e4nderung\",\"datePublished\":\"2026-04-27T07:00:26+00:00\",\"mainEntityOfPage\":{\"@id\":\"https:\/\/www.pressenza.com\/de\/2026\/04\/eine-muede-bevoelkerung-mit-dem-wunsch-nach-veraenderung\/\"},\"wordCount\":1301,\"publisher\":{\"@id\":\"https:\/\/www.pressenza.com\/de\/#organization\"},\"image\":{\"@id\":\"https:\/\/www.pressenza.com\/de\/2026\/04\/eine-muede-bevoelkerung-mit-dem-wunsch-nach-veraenderung\/#primaryimage\"},\"thumbnailUrl\":\"https:\/\/www.pressenza.com\/wp-content\/uploads\/2026\/04\/IMG_3568.jpeg\",\"keywords\":[\"Energiekrise\",\"Kuba\",\"Lateinamerika\",\"Sanktionen\",\"Stromausfall\",\"Tourismus\",\"USA\",\"Versorgung\"],\"articleSection\":[\"International\",\"Politik\"],\"inLanguage\":\"de\"},{\"@type\":\"WebPage\",\"@id\":\"https:\/\/www.pressenza.com\/de\/2026\/04\/eine-muede-bevoelkerung-mit-dem-wunsch-nach-veraenderung\/\",\"url\":\"https:\/\/www.pressenza.com\/de\/2026\/04\/eine-muede-bevoelkerung-mit-dem-wunsch-nach-veraenderung\/\",\"name\":\"Eine m\u00fcde Bev\u00f6lkerung mit dem Wunsch nach Ver\u00e4nderung\",\"isPartOf\":{\"@id\":\"https:\/\/www.pressenza.com\/de\/#website\"},\"primaryImageOfPage\":{\"@id\":\"https:\/\/www.pressenza.com\/de\/2026\/04\/eine-muede-bevoelkerung-mit-dem-wunsch-nach-veraenderung\/#primaryimage\"},\"image\":{\"@id\":\"https:\/\/www.pressenza.com\/de\/2026\/04\/eine-muede-bevoelkerung-mit-dem-wunsch-nach-veraenderung\/#primaryimage\"},\"thumbnailUrl\":\"https:\/\/www.pressenza.com\/wp-content\/uploads\/2026\/04\/IMG_3568.jpeg\",\"datePublished\":\"2026-04-27T07:00:26+00:00\",\"description\":\"Die aktuelle Erd\u00f6lblockade durch die USA trifft ein wirtschaftlich geschw\u00e4chtes Land Nach dem Angriff der USA auf Venezuela verh\u00e4ngte US-Pr\u00e4sident Donald\",\"breadcrumb\":{\"@id\":\"https:\/\/www.pressenza.com\/de\/2026\/04\/eine-muede-bevoelkerung-mit-dem-wunsch-nach-veraenderung\/#breadcrumb\"},\"inLanguage\":\"de\",\"potentialAction\":[{\"@type\":\"ReadAction\",\"target\":[\"https:\/\/www.pressenza.com\/de\/2026\/04\/eine-muede-bevoelkerung-mit-dem-wunsch-nach-veraenderung\/\"]}]},{\"@type\":\"ImageObject\",\"inLanguage\":\"de\",\"@id\":\"https:\/\/www.pressenza.com\/de\/2026\/04\/eine-muede-bevoelkerung-mit-dem-wunsch-nach-veraenderung\/#primaryimage\",\"url\":\"https:\/\/www.pressenza.com\/wp-content\/uploads\/2026\/04\/IMG_3568.jpeg\",\"contentUrl\":\"https:\/\/www.pressenza.com\/wp-content\/uploads\/2026\/04\/IMG_3568.jpeg\",\"width\":1280,\"height\":861},{\"@type\":\"BreadcrumbList\",\"@id\":\"https:\/\/www.pressenza.com\/de\/2026\/04\/eine-muede-bevoelkerung-mit-dem-wunsch-nach-veraenderung\/#breadcrumb\",\"itemListElement\":[{\"@type\":\"ListItem\",\"position\":1,\"name\":\"Accueil\",\"item\":\"https:\/\/www.pressenza.com\/de\/\"},{\"@type\":\"ListItem\",\"position\":2,\"name\":\"Eine m\u00fcde Bev\u00f6lkerung mit dem Wunsch nach Ver\u00e4nderung\"}]},{\"@type\":\"WebSite\",\"@id\":\"https:\/\/www.pressenza.com\/de\/#website\",\"url\":\"https:\/\/www.pressenza.com\/de\/\",\"name\":\"Pressenza\",\"description\":\"International Press Agency\",\"publisher\":{\"@id\":\"https:\/\/www.pressenza.com\/de\/#organization\"},\"potentialAction\":[{\"@type\":\"SearchAction\",\"target\":{\"@type\":\"EntryPoint\",\"urlTemplate\":\"https:\/\/www.pressenza.com\/de\/?s={search_term_string}\"},\"query-input\":{\"@type\":\"PropertyValueSpecification\",\"valueRequired\":true,\"valueName\":\"search_term_string\"}}],\"inLanguage\":\"de\"},{\"@type\":\"Organization\",\"@id\":\"https:\/\/www.pressenza.com\/de\/#organization\",\"name\":\"Pressenza\",\"url\":\"https:\/\/www.pressenza.com\/de\/\",\"logo\":{\"@type\":\"ImageObject\",\"inLanguage\":\"de\",\"@id\":\"https:\/\/www.pressenza.com\/de\/#\/schema\/logo\/image\/\",\"url\":\"https:\/\/www.pressenza.com\/wp-content\/uploads\/2022\/10\/pressenza_logo_200x200.jpg\",\"contentUrl\":\"https:\/\/www.pressenza.com\/wp-content\/uploads\/2022\/10\/pressenza_logo_200x200.jpg\",\"width\":200,\"height\":200,\"caption\":\"Pressenza\"},\"image\":{\"@id\":\"https:\/\/www.pressenza.com\/de\/#\/schema\/logo\/image\/\"},\"sameAs\":[\"https:\/\/www.facebook.com\/PressenzaItalia\",\"https:\/\/x.com\/PressenzaIPA\"]},{\"@type\":\"Person\",\"@id\":\"https:\/\/www.pressenza.com\/de\/#\/schema\/person\/ca80be2ec1663515ce690c04e8a674af\",\"name\":\"Lateinamerika Nachrichten\",\"description\":\"Die Lateinamerika Nachrichten berichten seit 1973 unabh\u00e4ngig, kritisch und solidarisch \u00fcber aktuelle Entwicklungen in Politik, Gesellschaft und Kultur. Ziel ihrer Berichterstattung ist es dabei auch den Konformismus vieler Medien zu \u00fcberwinden und emanzipatorischem Handeln auf der Spur zu sein. Die auf Pressenza ver\u00f6ffentlichten Artikel und Fotografien von Lateinamerika-Nachrichten unterliegen nicht der Creative Commons Lizenz. Wiederver\u00f6ffentlichung ist erw\u00fcnscht unter Angabe der Quelle und nach R\u00fccksprache mit der Lateinamerika-Nachrichten Redaktion.\",\"url\":\"https:\/\/www.pressenza.com\/de\/author\/lateinamerika-nachrichten\/\"}]}<\/script>\n<!-- \/ Yoast SEO plugin. -->","yoast_head_json":{"title":"Eine m\u00fcde Bev\u00f6lkerung mit dem Wunsch nach Ver\u00e4nderung","description":"Die aktuelle Erd\u00f6lblockade durch die USA trifft ein wirtschaftlich geschw\u00e4chtes Land Nach dem Angriff der USA auf Venezuela verh\u00e4ngte US-Pr\u00e4sident Donald","robots":{"index":"index","follow":"follow","max-snippet":"max-snippet:-1","max-image-preview":"max-image-preview:large","max-video-preview":"max-video-preview:-1"},"canonical":"https:\/\/www.pressenza.com\/de\/2026\/04\/eine-muede-bevoelkerung-mit-dem-wunsch-nach-veraenderung\/","og_locale":"de_DE","og_type":"article","og_title":"Eine m\u00fcde Bev\u00f6lkerung mit dem Wunsch nach Ver\u00e4nderung","og_description":"Die aktuelle Erd\u00f6lblockade durch die USA trifft ein wirtschaftlich geschw\u00e4chtes Land Nach dem Angriff der USA auf Venezuela verh\u00e4ngte US-Pr\u00e4sident Donald","og_url":"https:\/\/www.pressenza.com\/de\/2026\/04\/eine-muede-bevoelkerung-mit-dem-wunsch-nach-veraenderung\/","og_site_name":"Pressenza","article_publisher":"https:\/\/www.facebook.com\/PressenzaItalia","article_published_time":"2026-04-27T07:00:26+00:00","og_image":[{"width":1280,"height":861,"url":"https:\/\/www.pressenza.com\/wp-content\/uploads\/2026\/04\/IMG_3568.jpeg","type":"image\/jpeg"}],"author":"Lateinamerika Nachrichten","twitter_card":"summary_large_image","twitter_creator":"@PressenzaIPA","twitter_site":"@PressenzaIPA","twitter_misc":{"Verfasst von":"Lateinamerika Nachrichten","Gesch\u00e4tzte Lesezeit":"7\u00a0Minuten"},"schema":{"@context":"https:\/\/schema.org","@graph":[{"@type":"Article","@id":"https:\/\/www.pressenza.com\/de\/2026\/04\/eine-muede-bevoelkerung-mit-dem-wunsch-nach-veraenderung\/#article","isPartOf":{"@id":"https:\/\/www.pressenza.com\/de\/2026\/04\/eine-muede-bevoelkerung-mit-dem-wunsch-nach-veraenderung\/"},"author":{"name":"Lateinamerika Nachrichten","@id":"https:\/\/www.pressenza.com\/de\/#\/schema\/person\/ca80be2ec1663515ce690c04e8a674af"},"headline":"Eine m\u00fcde Bev\u00f6lkerung mit dem Wunsch nach Ver\u00e4nderung","datePublished":"2026-04-27T07:00:26+00:00","mainEntityOfPage":{"@id":"https:\/\/www.pressenza.com\/de\/2026\/04\/eine-muede-bevoelkerung-mit-dem-wunsch-nach-veraenderung\/"},"wordCount":1301,"publisher":{"@id":"https:\/\/www.pressenza.com\/de\/#organization"},"image":{"@id":"https:\/\/www.pressenza.com\/de\/2026\/04\/eine-muede-bevoelkerung-mit-dem-wunsch-nach-veraenderung\/#primaryimage"},"thumbnailUrl":"https:\/\/www.pressenza.com\/wp-content\/uploads\/2026\/04\/IMG_3568.jpeg","keywords":["Energiekrise","Kuba","Lateinamerika","Sanktionen","Stromausfall","Tourismus","USA","Versorgung"],"articleSection":["International","Politik"],"inLanguage":"de"},{"@type":"WebPage","@id":"https:\/\/www.pressenza.com\/de\/2026\/04\/eine-muede-bevoelkerung-mit-dem-wunsch-nach-veraenderung\/","url":"https:\/\/www.pressenza.com\/de\/2026\/04\/eine-muede-bevoelkerung-mit-dem-wunsch-nach-veraenderung\/","name":"Eine m\u00fcde Bev\u00f6lkerung mit dem Wunsch nach Ver\u00e4nderung","isPartOf":{"@id":"https:\/\/www.pressenza.com\/de\/#website"},"primaryImageOfPage":{"@id":"https:\/\/www.pressenza.com\/de\/2026\/04\/eine-muede-bevoelkerung-mit-dem-wunsch-nach-veraenderung\/#primaryimage"},"image":{"@id":"https:\/\/www.pressenza.com\/de\/2026\/04\/eine-muede-bevoelkerung-mit-dem-wunsch-nach-veraenderung\/#primaryimage"},"thumbnailUrl":"https:\/\/www.pressenza.com\/wp-content\/uploads\/2026\/04\/IMG_3568.jpeg","datePublished":"2026-04-27T07:00:26+00:00","description":"Die aktuelle Erd\u00f6lblockade durch die USA trifft ein wirtschaftlich geschw\u00e4chtes Land Nach dem Angriff der USA auf Venezuela verh\u00e4ngte US-Pr\u00e4sident Donald","breadcrumb":{"@id":"https:\/\/www.pressenza.com\/de\/2026\/04\/eine-muede-bevoelkerung-mit-dem-wunsch-nach-veraenderung\/#breadcrumb"},"inLanguage":"de","potentialAction":[{"@type":"ReadAction","target":["https:\/\/www.pressenza.com\/de\/2026\/04\/eine-muede-bevoelkerung-mit-dem-wunsch-nach-veraenderung\/"]}]},{"@type":"ImageObject","inLanguage":"de","@id":"https:\/\/www.pressenza.com\/de\/2026\/04\/eine-muede-bevoelkerung-mit-dem-wunsch-nach-veraenderung\/#primaryimage","url":"https:\/\/www.pressenza.com\/wp-content\/uploads\/2026\/04\/IMG_3568.jpeg","contentUrl":"https:\/\/www.pressenza.com\/wp-content\/uploads\/2026\/04\/IMG_3568.jpeg","width":1280,"height":861},{"@type":"BreadcrumbList","@id":"https:\/\/www.pressenza.com\/de\/2026\/04\/eine-muede-bevoelkerung-mit-dem-wunsch-nach-veraenderung\/#breadcrumb","itemListElement":[{"@type":"ListItem","position":1,"name":"Accueil","item":"https:\/\/www.pressenza.com\/de\/"},{"@type":"ListItem","position":2,"name":"Eine m\u00fcde Bev\u00f6lkerung mit dem Wunsch nach Ver\u00e4nderung"}]},{"@type":"WebSite","@id":"https:\/\/www.pressenza.com\/de\/#website","url":"https:\/\/www.pressenza.com\/de\/","name":"Pressenza","description":"International Press Agency","publisher":{"@id":"https:\/\/www.pressenza.com\/de\/#organization"},"potentialAction":[{"@type":"SearchAction","target":{"@type":"EntryPoint","urlTemplate":"https:\/\/www.pressenza.com\/de\/?s={search_term_string}"},"query-input":{"@type":"PropertyValueSpecification","valueRequired":true,"valueName":"search_term_string"}}],"inLanguage":"de"},{"@type":"Organization","@id":"https:\/\/www.pressenza.com\/de\/#organization","name":"Pressenza","url":"https:\/\/www.pressenza.com\/de\/","logo":{"@type":"ImageObject","inLanguage":"de","@id":"https:\/\/www.pressenza.com\/de\/#\/schema\/logo\/image\/","url":"https:\/\/www.pressenza.com\/wp-content\/uploads\/2022\/10\/pressenza_logo_200x200.jpg","contentUrl":"https:\/\/www.pressenza.com\/wp-content\/uploads\/2022\/10\/pressenza_logo_200x200.jpg","width":200,"height":200,"caption":"Pressenza"},"image":{"@id":"https:\/\/www.pressenza.com\/de\/#\/schema\/logo\/image\/"},"sameAs":["https:\/\/www.facebook.com\/PressenzaItalia","https:\/\/x.com\/PressenzaIPA"]},{"@type":"Person","@id":"https:\/\/www.pressenza.com\/de\/#\/schema\/person\/ca80be2ec1663515ce690c04e8a674af","name":"Lateinamerika Nachrichten","description":"Die Lateinamerika Nachrichten berichten seit 1973 unabh\u00e4ngig, kritisch und solidarisch \u00fcber aktuelle Entwicklungen in Politik, Gesellschaft und Kultur. Ziel ihrer Berichterstattung ist es dabei auch den Konformismus vieler Medien zu \u00fcberwinden und emanzipatorischem Handeln auf der Spur zu sein. Die auf Pressenza ver\u00f6ffentlichten Artikel und Fotografien von Lateinamerika-Nachrichten unterliegen nicht der Creative Commons Lizenz. Wiederver\u00f6ffentlichung ist erw\u00fcnscht unter Angabe der Quelle und nach R\u00fccksprache mit der Lateinamerika-Nachrichten Redaktion.","url":"https:\/\/www.pressenza.com\/de\/author\/lateinamerika-nachrichten\/"}]}},"place":"","original_article_url":"https:\/\/lateinamerika-nachrichten.de\/artikel\/eine-muede-bevoelkerung-mit-dem-wunsch-nach-veraenderung\/","_links":{"self":[{"href":"https:\/\/www.pressenza.com\/de\/wp-json\/wp\/v2\/posts\/2695128","targetHints":{"allow":["GET"]}}],"collection":[{"href":"https:\/\/www.pressenza.com\/de\/wp-json\/wp\/v2\/posts"}],"about":[{"href":"https:\/\/www.pressenza.com\/de\/wp-json\/wp\/v2\/types\/post"}],"author":[{"embeddable":true,"href":"https:\/\/www.pressenza.com\/de\/wp-json\/wp\/v2\/users\/1631"}],"replies":[{"embeddable":true,"href":"https:\/\/www.pressenza.com\/de\/wp-json\/wp\/v2\/comments?post=2695128"}],"version-history":[{"count":1,"href":"https:\/\/www.pressenza.com\/de\/wp-json\/wp\/v2\/posts\/2695128\/revisions"}],"predecessor-version":[{"id":2695130,"href":"https:\/\/www.pressenza.com\/de\/wp-json\/wp\/v2\/posts\/2695128\/revisions\/2695130"}],"wp:featuredmedia":[{"embeddable":true,"href":"https:\/\/www.pressenza.com\/de\/wp-json\/wp\/v2\/media\/2695131"}],"wp:attachment":[{"href":"https:\/\/www.pressenza.com\/de\/wp-json\/wp\/v2\/media?parent=2695128"}],"wp:term":[{"taxonomy":"category","embeddable":true,"href":"https:\/\/www.pressenza.com\/de\/wp-json\/wp\/v2\/categories?post=2695128"},{"taxonomy":"post_tag","embeddable":true,"href":"https:\/\/www.pressenza.com\/de\/wp-json\/wp\/v2\/tags?post=2695128"}],"curies":[{"name":"wp","href":"https:\/\/api.w.org\/{rel}","templated":true}]}}