{"id":2694976,"date":"2026-04-23T13:51:33","date_gmt":"2026-04-23T12:51:33","guid":{"rendered":"https:\/\/www.pressenza.com\/?p=2694976"},"modified":"2026-04-23T13:51:33","modified_gmt":"2026-04-23T12:51:33","slug":"menschen-aus-dem-gesundheitswesen-fuer-frieden-und-abruestung-ippnw-jahrestreffen-in-jena","status":"publish","type":"post","link":"https:\/\/www.pressenza.com\/de\/2026\/04\/menschen-aus-dem-gesundheitswesen-fuer-frieden-und-abruestung-ippnw-jahrestreffen-in-jena\/","title":{"rendered":"Menschen aus dem Gesundheitswesen f\u00fcr Frieden und Abr\u00fcstung &#8211; IPPNW-Jahrestreffen in Jena"},"content":{"rendered":"<p><strong>Vom 24. bis 26. April<\/strong> findet in Jena das diesj\u00e4hrige Jahrestreffen der Friedens- und Gesundheitsorganisation IPPNW statt. Geplant sind \u00f6ffentliche Vortr\u00e4ge, Workshops, eine Podiumsdiskussion sowie eine \u00f6ffentliche Abschlussveranstaltung unter dem Motto \u201eJena singt f\u00fcr den Frieden\u201c am Sonntag.<br \/>\nBesonders weisen wir auf die folgenden \u00f6ffentlichen Veranstaltungen hin<strong>: <\/strong><\/p>\n<p><strong>Vortrag \u201eNach der \u201aZeitenwende\u2018: R\u00fcstung erzeugt Krieg\u201c von Prof. Dr. Klaus D\u00f6rre (Prof. em. f\u00fcr Arbeits-, Industrie- und Wirtschaftssoziologie an der Friedrich-Schiller-Universit\u00e4t Jena)<br \/>\n<\/strong>Anstatt einer R\u00fcstungskonversion erleben wir derzeit eine Konversion zur R\u00fcstungsindustrie. Die Bundesregierung investiert Hunderte Milliarden, um Deutschland \u201ekriegstauglich\u201c zu machen \u2013 von der Infrastruktur bis zu Krankenh\u00e4usern. Der sozial-\u00f6kologische Umbau bleibt dabei auf der Strecke. Die Folgen sind verheerend: Abgesehen von Tod und Leid in Konflikten ist die Aufr\u00fcstung selbst \u00f6kologisch katastrophal. Der deutsche Milit\u00e4rsektor verursacht j\u00e4hrlich 4,5 Millionen Tonnen CO\u2082 \u2013 so viel wie eine Million Autos. Wer die R\u00fcstungsproduktion langfristig steigert, erh\u00f6ht auch die Chancen f\u00fcr deren Einsatz.<br \/>\nFreitag, 24. April 2026, 19 Uhr<br \/>\nOrt: Unicampus Jena, Carl-Zei\u00df-Str. 3, H\u00f6rsaal 3<\/p>\n<p><strong>Der Politikwissenschaftler Prof. Dr. Johannes Varwick referiert im Workshop \u201eEntspannungspolitik 2.0\u201c <\/strong>\u00fcber Konsequenzen, die sich aus der historischen Entspannungspolitik f\u00fcr eine tats\u00e4chliche \u201eZeitenwende\u201c in der heutigen Zeit ergeben.<br \/>\nSamstag, 25. April 2026, 11-12.30 Uhr<br \/>\nOrt: Akademiehotel Jena, Am Stadion 1, 07749 Jena<\/p>\n<p><strong>Podiumsdiskussion: \u201eAuf dem Weg in eine Abschiebegesellschaft?<br \/>\n<\/strong>Die Reform des Gemeinsamen Europ\u00e4ischen Asylsystem GEAS 2024 wurde als weitere Aush\u00f6hlung des Asylrechts und als Angriff auf Menschenrechte und Rechtsstaat kritisiert. Das Gesetz beinhaltet st\u00e4rkere Freiheitsbeschr\u00e4nkungen, mehr Leistungsk\u00fcrzungen f\u00fcr Gefl\u00fcchtete und mehr Verfahren mit dem prim\u00e4ren Ziel schneller Abschiebungen All dies wird massive Auswirkungen auf die Gesundheit und den Zugang zur Gesundheitsversorgung von schutzsuchenden Menschen haben.<br \/>\nReferentinnen: Claire Deery, Migrationsrechtsexpertin und Rechtsanw\u00e4ltin; Ulrike Schneck, Vorstandsvorsitzende Bundesweite Arbeitsgemeinschaft der Psychosozialen Zentren f\u00fcr Fl\u00fcchtlinge und Folteropfer e. V. (BAfF e. V.)\/IPPNW, D\u00e9sir\u00e9e Gap\u00e9 (Black Action Jena) und K (ROSA e.V.).<br \/>\nSonntag, 26. April 2026, 10 Uhr<br \/>\nOrt: Akademiehotel Jena<\/p>\n<p><strong>Jena singt f\u00fcr den Frieden<br \/>\n<\/strong>Die IPPNW l\u00e4dt zu einem \u00f6ffentlichen Friedenssingen in die Innenstadt von Jena ein. Die Veranstalter erwarten zahlreiche Ch\u00f6re, Musikgruppen und Solist*innen zu einer starken gemeinsamen Kundgebung. Musik als Weltsprache verbindet Menschen unterschiedlicher Herkunft, Kulturen und Glaubensrichtungen. Gerade in kriegerischen und beunruhigenden Zeiten sind alle herzlich willkommen, mit ihrer Stimme ein Zeichen zu setzen \u2013 gegen Krieg und Gewalt und f\u00fcr Menschlichkeit und Zusammenhalt.<br \/>\nSonntag, 26. April 2026, 13.30 Uhr<br \/>\nOrt: Kirchplatz Jena, 07743 Jena<\/p>\n","protected":false},"excerpt":{"rendered":"<p>Vom 24. bis 26. April findet in Jena das diesj\u00e4hrige Jahrestreffen der Friedens- und Gesundheitsorganisation IPPNW statt. Geplant sind \u00f6ffentliche Vortr\u00e4ge, Workshops, eine Podiumsdiskussion sowie eine \u00f6ffentliche Abschlussveranstaltung unter dem Motto \u201eJena singt f\u00fcr den Frieden\u201c am Sonntag. Besonders weisen&hellip;<\/p>\n","protected":false},"author":1211,"featured_media":2694977,"comment_status":"closed","ping_status":"closed","sticky":false,"template":"","format":"standard","meta":{"footnotes":""},"categories":[9150,9167,9168,9145],"tags":[9182,155750,155749],"class_list":["post-2694976","post","type-post","status-publish","format-standard","has-post-thumbnail","hentry","category-europa-de","category-frieden-und-abruestung","category-politik","category-pressemitteilungen","tag-deutschland","tag-ippnw-jahrestreffen","tag-jena"],"yoast_head":"<!-- This site is optimized with the Yoast SEO plugin v27.1.1 - https:\/\/yoast.com\/product\/yoast-seo-wordpress\/ -->\n<title>Menschen aus dem Gesundheitswesen f\u00fcr Frieden und Abr\u00fcstung - IPPNW-Jahrestreffen in Jena<\/title>\n<meta name=\"description\" content=\"Vom 24. bis 26. April findet in Jena das diesj\u00e4hrige Jahrestreffen der Friedens- und Gesundheitsorganisation IPPNW statt. Geplant sind \u00f6ffentliche\" \/>\n<meta name=\"robots\" content=\"index, follow, max-snippet:-1, max-image-preview:large, max-video-preview:-1\" \/>\n<link rel=\"canonical\" href=\"https:\/\/www.pressenza.com\/de\/2026\/04\/menschen-aus-dem-gesundheitswesen-fuer-frieden-und-abruestung-ippnw-jahrestreffen-in-jena\/\" \/>\n<meta property=\"og:locale\" content=\"de_DE\" \/>\n<meta property=\"og:type\" content=\"article\" \/>\n<meta property=\"og:title\" content=\"Menschen aus dem Gesundheitswesen f\u00fcr Frieden und Abr\u00fcstung - IPPNW-Jahrestreffen in Jena\" \/>\n<meta property=\"og:description\" content=\"Vom 24. bis 26. April findet in Jena das diesj\u00e4hrige Jahrestreffen der Friedens- und Gesundheitsorganisation IPPNW statt. Geplant sind \u00f6ffentliche\" \/>\n<meta property=\"og:url\" content=\"https:\/\/www.pressenza.com\/de\/2026\/04\/menschen-aus-dem-gesundheitswesen-fuer-frieden-und-abruestung-ippnw-jahrestreffen-in-jena\/\" \/>\n<meta property=\"og:site_name\" content=\"Pressenza\" \/>\n<meta property=\"article:publisher\" content=\"https:\/\/www.facebook.com\/PressenzaItalia\" \/>\n<meta property=\"article:published_time\" content=\"2026-04-23T12:51:33+00:00\" \/>\n<meta property=\"og:image\" content=\"https:\/\/www.pressenza.com\/wp-content\/uploads\/2026\/04\/Jena.png\" \/>\n\t<meta property=\"og:image:width\" content=\"820\" \/>\n\t<meta property=\"og:image:height\" content=\"551\" \/>\n\t<meta property=\"og:image:type\" content=\"image\/png\" \/>\n<meta name=\"author\" content=\"International Physicians for the Prevention of Nuclear War\" \/>\n<meta name=\"twitter:card\" content=\"summary_large_image\" \/>\n<meta name=\"twitter:creator\" content=\"@IPPNW\" \/>\n<meta name=\"twitter:site\" content=\"@PressenzaIPA\" \/>\n<meta name=\"twitter:label1\" content=\"Verfasst von\" \/>\n\t<meta name=\"twitter:data1\" content=\"International Physicians for the Prevention of Nuclear War\" \/>\n\t<meta name=\"twitter:label2\" content=\"Gesch\u00e4tzte Lesezeit\" \/>\n\t<meta name=\"twitter:data2\" content=\"3\u00a0Minuten\" \/>\n<script type=\"application\/ld+json\" class=\"yoast-schema-graph\">{\"@context\":\"https:\/\/schema.org\",\"@graph\":[{\"@type\":\"Article\",\"@id\":\"https:\/\/www.pressenza.com\/de\/2026\/04\/menschen-aus-dem-gesundheitswesen-fuer-frieden-und-abruestung-ippnw-jahrestreffen-in-jena\/#article\",\"isPartOf\":{\"@id\":\"https:\/\/www.pressenza.com\/de\/2026\/04\/menschen-aus-dem-gesundheitswesen-fuer-frieden-und-abruestung-ippnw-jahrestreffen-in-jena\/\"},\"author\":{\"name\":\"International Physicians for the Prevention of Nuclear War\",\"@id\":\"https:\/\/www.pressenza.com\/de\/#\/schema\/person\/7389c2189c7efb5eb07888cb468068aa\"},\"headline\":\"Menschen aus dem Gesundheitswesen f\u00fcr Frieden und Abr\u00fcstung &#8211; IPPNW-Jahrestreffen in Jena\",\"datePublished\":\"2026-04-23T12:51:33+00:00\",\"mainEntityOfPage\":{\"@id\":\"https:\/\/www.pressenza.com\/de\/2026\/04\/menschen-aus-dem-gesundheitswesen-fuer-frieden-und-abruestung-ippnw-jahrestreffen-in-jena\/\"},\"wordCount\":420,\"publisher\":{\"@id\":\"https:\/\/www.pressenza.com\/de\/#organization\"},\"image\":{\"@id\":\"https:\/\/www.pressenza.com\/de\/2026\/04\/menschen-aus-dem-gesundheitswesen-fuer-frieden-und-abruestung-ippnw-jahrestreffen-in-jena\/#primaryimage\"},\"thumbnailUrl\":\"https:\/\/www.pressenza.com\/wp-content\/uploads\/2026\/04\/Jena.png\",\"keywords\":[\"Deutschland\",\"IPPNW-Jahrestreffen\",\"Jena\"],\"articleSection\":[\"Europa\",\"Frieden und Abr\u00fcstung\",\"Politik\",\"Pressemitteilungen\"],\"inLanguage\":\"de\"},{\"@type\":\"WebPage\",\"@id\":\"https:\/\/www.pressenza.com\/de\/2026\/04\/menschen-aus-dem-gesundheitswesen-fuer-frieden-und-abruestung-ippnw-jahrestreffen-in-jena\/\",\"url\":\"https:\/\/www.pressenza.com\/de\/2026\/04\/menschen-aus-dem-gesundheitswesen-fuer-frieden-und-abruestung-ippnw-jahrestreffen-in-jena\/\",\"name\":\"Menschen aus dem Gesundheitswesen f\u00fcr Frieden und Abr\u00fcstung - IPPNW-Jahrestreffen in Jena\",\"isPartOf\":{\"@id\":\"https:\/\/www.pressenza.com\/de\/#website\"},\"primaryImageOfPage\":{\"@id\":\"https:\/\/www.pressenza.com\/de\/2026\/04\/menschen-aus-dem-gesundheitswesen-fuer-frieden-und-abruestung-ippnw-jahrestreffen-in-jena\/#primaryimage\"},\"image\":{\"@id\":\"https:\/\/www.pressenza.com\/de\/2026\/04\/menschen-aus-dem-gesundheitswesen-fuer-frieden-und-abruestung-ippnw-jahrestreffen-in-jena\/#primaryimage\"},\"thumbnailUrl\":\"https:\/\/www.pressenza.com\/wp-content\/uploads\/2026\/04\/Jena.png\",\"datePublished\":\"2026-04-23T12:51:33+00:00\",\"description\":\"Vom 24. bis 26. April findet in Jena das diesj\u00e4hrige Jahrestreffen der Friedens- und Gesundheitsorganisation IPPNW statt. Geplant sind \u00f6ffentliche\",\"breadcrumb\":{\"@id\":\"https:\/\/www.pressenza.com\/de\/2026\/04\/menschen-aus-dem-gesundheitswesen-fuer-frieden-und-abruestung-ippnw-jahrestreffen-in-jena\/#breadcrumb\"},\"inLanguage\":\"de\",\"potentialAction\":[{\"@type\":\"ReadAction\",\"target\":[\"https:\/\/www.pressenza.com\/de\/2026\/04\/menschen-aus-dem-gesundheitswesen-fuer-frieden-und-abruestung-ippnw-jahrestreffen-in-jena\/\"]}]},{\"@type\":\"ImageObject\",\"inLanguage\":\"de\",\"@id\":\"https:\/\/www.pressenza.com\/de\/2026\/04\/menschen-aus-dem-gesundheitswesen-fuer-frieden-und-abruestung-ippnw-jahrestreffen-in-jena\/#primaryimage\",\"url\":\"https:\/\/www.pressenza.com\/wp-content\/uploads\/2026\/04\/Jena.png\",\"contentUrl\":\"https:\/\/www.pressenza.com\/wp-content\/uploads\/2026\/04\/Jena.png\",\"width\":820,\"height\":551},{\"@type\":\"BreadcrumbList\",\"@id\":\"https:\/\/www.pressenza.com\/de\/2026\/04\/menschen-aus-dem-gesundheitswesen-fuer-frieden-und-abruestung-ippnw-jahrestreffen-in-jena\/#breadcrumb\",\"itemListElement\":[{\"@type\":\"ListItem\",\"position\":1,\"name\":\"Accueil\",\"item\":\"https:\/\/www.pressenza.com\/de\/\"},{\"@type\":\"ListItem\",\"position\":2,\"name\":\"Menschen aus dem Gesundheitswesen f\u00fcr Frieden und Abr\u00fcstung &#8211; IPPNW-Jahrestreffen in Jena\"}]},{\"@type\":\"WebSite\",\"@id\":\"https:\/\/www.pressenza.com\/de\/#website\",\"url\":\"https:\/\/www.pressenza.com\/de\/\",\"name\":\"Pressenza\",\"description\":\"International Press Agency\",\"publisher\":{\"@id\":\"https:\/\/www.pressenza.com\/de\/#organization\"},\"potentialAction\":[{\"@type\":\"SearchAction\",\"target\":{\"@type\":\"EntryPoint\",\"urlTemplate\":\"https:\/\/www.pressenza.com\/de\/?s={search_term_string}\"},\"query-input\":{\"@type\":\"PropertyValueSpecification\",\"valueRequired\":true,\"valueName\":\"search_term_string\"}}],\"inLanguage\":\"de\"},{\"@type\":\"Organization\",\"@id\":\"https:\/\/www.pressenza.com\/de\/#organization\",\"name\":\"Pressenza\",\"url\":\"https:\/\/www.pressenza.com\/de\/\",\"logo\":{\"@type\":\"ImageObject\",\"inLanguage\":\"de\",\"@id\":\"https:\/\/www.pressenza.com\/de\/#\/schema\/logo\/image\/\",\"url\":\"https:\/\/www.pressenza.com\/wp-content\/uploads\/2022\/10\/pressenza_logo_200x200.jpg\",\"contentUrl\":\"https:\/\/www.pressenza.com\/wp-content\/uploads\/2022\/10\/pressenza_logo_200x200.jpg\",\"width\":200,\"height\":200,\"caption\":\"Pressenza\"},\"image\":{\"@id\":\"https:\/\/www.pressenza.com\/de\/#\/schema\/logo\/image\/\"},\"sameAs\":[\"https:\/\/www.facebook.com\/PressenzaItalia\",\"https:\/\/x.com\/PressenzaIPA\"]},{\"@type\":\"Person\",\"@id\":\"https:\/\/www.pressenza.com\/de\/#\/schema\/person\/7389c2189c7efb5eb07888cb468068aa\",\"name\":\"International Physicians for the Prevention of Nuclear War\",\"description\":\"IPPNW is a non-partisan federation of national medical groups in 64 countries, representing tens of thousands of doctors, medical students, other health workers, and concerned citizens who share the common goal of creating a more peaceful and secure world freed from the threat of nuclear annihilation. www.ippnw.org\",\"sameAs\":[\"https:\/\/x.com\/IPPNW\"],\"url\":\"https:\/\/www.pressenza.com\/de\/author\/ippnw\/\"}]}<\/script>\n<!-- \/ Yoast SEO plugin. -->","yoast_head_json":{"title":"Menschen aus dem Gesundheitswesen f\u00fcr Frieden und Abr\u00fcstung - IPPNW-Jahrestreffen in Jena","description":"Vom 24. bis 26. April findet in Jena das diesj\u00e4hrige Jahrestreffen der Friedens- und Gesundheitsorganisation IPPNW statt. Geplant sind \u00f6ffentliche","robots":{"index":"index","follow":"follow","max-snippet":"max-snippet:-1","max-image-preview":"max-image-preview:large","max-video-preview":"max-video-preview:-1"},"canonical":"https:\/\/www.pressenza.com\/de\/2026\/04\/menschen-aus-dem-gesundheitswesen-fuer-frieden-und-abruestung-ippnw-jahrestreffen-in-jena\/","og_locale":"de_DE","og_type":"article","og_title":"Menschen aus dem Gesundheitswesen f\u00fcr Frieden und Abr\u00fcstung - IPPNW-Jahrestreffen in Jena","og_description":"Vom 24. bis 26. April findet in Jena das diesj\u00e4hrige Jahrestreffen der Friedens- und Gesundheitsorganisation IPPNW statt. Geplant sind \u00f6ffentliche","og_url":"https:\/\/www.pressenza.com\/de\/2026\/04\/menschen-aus-dem-gesundheitswesen-fuer-frieden-und-abruestung-ippnw-jahrestreffen-in-jena\/","og_site_name":"Pressenza","article_publisher":"https:\/\/www.facebook.com\/PressenzaItalia","article_published_time":"2026-04-23T12:51:33+00:00","og_image":[{"width":820,"height":551,"url":"https:\/\/www.pressenza.com\/wp-content\/uploads\/2026\/04\/Jena.png","type":"image\/png"}],"author":"International Physicians for the Prevention of Nuclear War","twitter_card":"summary_large_image","twitter_creator":"@IPPNW","twitter_site":"@PressenzaIPA","twitter_misc":{"Verfasst von":"International Physicians for the Prevention of Nuclear War","Gesch\u00e4tzte Lesezeit":"3\u00a0Minuten"},"schema":{"@context":"https:\/\/schema.org","@graph":[{"@type":"Article","@id":"https:\/\/www.pressenza.com\/de\/2026\/04\/menschen-aus-dem-gesundheitswesen-fuer-frieden-und-abruestung-ippnw-jahrestreffen-in-jena\/#article","isPartOf":{"@id":"https:\/\/www.pressenza.com\/de\/2026\/04\/menschen-aus-dem-gesundheitswesen-fuer-frieden-und-abruestung-ippnw-jahrestreffen-in-jena\/"},"author":{"name":"International Physicians for the Prevention of Nuclear War","@id":"https:\/\/www.pressenza.com\/de\/#\/schema\/person\/7389c2189c7efb5eb07888cb468068aa"},"headline":"Menschen aus dem Gesundheitswesen f\u00fcr Frieden und Abr\u00fcstung &#8211; IPPNW-Jahrestreffen in Jena","datePublished":"2026-04-23T12:51:33+00:00","mainEntityOfPage":{"@id":"https:\/\/www.pressenza.com\/de\/2026\/04\/menschen-aus-dem-gesundheitswesen-fuer-frieden-und-abruestung-ippnw-jahrestreffen-in-jena\/"},"wordCount":420,"publisher":{"@id":"https:\/\/www.pressenza.com\/de\/#organization"},"image":{"@id":"https:\/\/www.pressenza.com\/de\/2026\/04\/menschen-aus-dem-gesundheitswesen-fuer-frieden-und-abruestung-ippnw-jahrestreffen-in-jena\/#primaryimage"},"thumbnailUrl":"https:\/\/www.pressenza.com\/wp-content\/uploads\/2026\/04\/Jena.png","keywords":["Deutschland","IPPNW-Jahrestreffen","Jena"],"articleSection":["Europa","Frieden und Abr\u00fcstung","Politik","Pressemitteilungen"],"inLanguage":"de"},{"@type":"WebPage","@id":"https:\/\/www.pressenza.com\/de\/2026\/04\/menschen-aus-dem-gesundheitswesen-fuer-frieden-und-abruestung-ippnw-jahrestreffen-in-jena\/","url":"https:\/\/www.pressenza.com\/de\/2026\/04\/menschen-aus-dem-gesundheitswesen-fuer-frieden-und-abruestung-ippnw-jahrestreffen-in-jena\/","name":"Menschen aus dem Gesundheitswesen f\u00fcr Frieden und Abr\u00fcstung - IPPNW-Jahrestreffen in Jena","isPartOf":{"@id":"https:\/\/www.pressenza.com\/de\/#website"},"primaryImageOfPage":{"@id":"https:\/\/www.pressenza.com\/de\/2026\/04\/menschen-aus-dem-gesundheitswesen-fuer-frieden-und-abruestung-ippnw-jahrestreffen-in-jena\/#primaryimage"},"image":{"@id":"https:\/\/www.pressenza.com\/de\/2026\/04\/menschen-aus-dem-gesundheitswesen-fuer-frieden-und-abruestung-ippnw-jahrestreffen-in-jena\/#primaryimage"},"thumbnailUrl":"https:\/\/www.pressenza.com\/wp-content\/uploads\/2026\/04\/Jena.png","datePublished":"2026-04-23T12:51:33+00:00","description":"Vom 24. bis 26. April findet in Jena das diesj\u00e4hrige Jahrestreffen der Friedens- und Gesundheitsorganisation IPPNW statt. Geplant sind \u00f6ffentliche","breadcrumb":{"@id":"https:\/\/www.pressenza.com\/de\/2026\/04\/menschen-aus-dem-gesundheitswesen-fuer-frieden-und-abruestung-ippnw-jahrestreffen-in-jena\/#breadcrumb"},"inLanguage":"de","potentialAction":[{"@type":"ReadAction","target":["https:\/\/www.pressenza.com\/de\/2026\/04\/menschen-aus-dem-gesundheitswesen-fuer-frieden-und-abruestung-ippnw-jahrestreffen-in-jena\/"]}]},{"@type":"ImageObject","inLanguage":"de","@id":"https:\/\/www.pressenza.com\/de\/2026\/04\/menschen-aus-dem-gesundheitswesen-fuer-frieden-und-abruestung-ippnw-jahrestreffen-in-jena\/#primaryimage","url":"https:\/\/www.pressenza.com\/wp-content\/uploads\/2026\/04\/Jena.png","contentUrl":"https:\/\/www.pressenza.com\/wp-content\/uploads\/2026\/04\/Jena.png","width":820,"height":551},{"@type":"BreadcrumbList","@id":"https:\/\/www.pressenza.com\/de\/2026\/04\/menschen-aus-dem-gesundheitswesen-fuer-frieden-und-abruestung-ippnw-jahrestreffen-in-jena\/#breadcrumb","itemListElement":[{"@type":"ListItem","position":1,"name":"Accueil","item":"https:\/\/www.pressenza.com\/de\/"},{"@type":"ListItem","position":2,"name":"Menschen aus dem Gesundheitswesen f\u00fcr Frieden und Abr\u00fcstung &#8211; IPPNW-Jahrestreffen in Jena"}]},{"@type":"WebSite","@id":"https:\/\/www.pressenza.com\/de\/#website","url":"https:\/\/www.pressenza.com\/de\/","name":"Pressenza","description":"International Press Agency","publisher":{"@id":"https:\/\/www.pressenza.com\/de\/#organization"},"potentialAction":[{"@type":"SearchAction","target":{"@type":"EntryPoint","urlTemplate":"https:\/\/www.pressenza.com\/de\/?s={search_term_string}"},"query-input":{"@type":"PropertyValueSpecification","valueRequired":true,"valueName":"search_term_string"}}],"inLanguage":"de"},{"@type":"Organization","@id":"https:\/\/www.pressenza.com\/de\/#organization","name":"Pressenza","url":"https:\/\/www.pressenza.com\/de\/","logo":{"@type":"ImageObject","inLanguage":"de","@id":"https:\/\/www.pressenza.com\/de\/#\/schema\/logo\/image\/","url":"https:\/\/www.pressenza.com\/wp-content\/uploads\/2022\/10\/pressenza_logo_200x200.jpg","contentUrl":"https:\/\/www.pressenza.com\/wp-content\/uploads\/2022\/10\/pressenza_logo_200x200.jpg","width":200,"height":200,"caption":"Pressenza"},"image":{"@id":"https:\/\/www.pressenza.com\/de\/#\/schema\/logo\/image\/"},"sameAs":["https:\/\/www.facebook.com\/PressenzaItalia","https:\/\/x.com\/PressenzaIPA"]},{"@type":"Person","@id":"https:\/\/www.pressenza.com\/de\/#\/schema\/person\/7389c2189c7efb5eb07888cb468068aa","name":"International Physicians for the Prevention of Nuclear War","description":"IPPNW is a non-partisan federation of national medical groups in 64 countries, representing tens of thousands of doctors, medical students, other health workers, and concerned citizens who share the common goal of creating a more peaceful and secure world freed from the threat of nuclear annihilation. www.ippnw.org","sameAs":["https:\/\/x.com\/IPPNW"],"url":"https:\/\/www.pressenza.com\/de\/author\/ippnw\/"}]}},"place":"","original_article_url":"https:\/\/www.ippnw.de\/presse\/artikel\/de\/menschen-aus-dem-gesundheitswesen-fue.html","_links":{"self":[{"href":"https:\/\/www.pressenza.com\/de\/wp-json\/wp\/v2\/posts\/2694976","targetHints":{"allow":["GET"]}}],"collection":[{"href":"https:\/\/www.pressenza.com\/de\/wp-json\/wp\/v2\/posts"}],"about":[{"href":"https:\/\/www.pressenza.com\/de\/wp-json\/wp\/v2\/types\/post"}],"author":[{"embeddable":true,"href":"https:\/\/www.pressenza.com\/de\/wp-json\/wp\/v2\/users\/1211"}],"replies":[{"embeddable":true,"href":"https:\/\/www.pressenza.com\/de\/wp-json\/wp\/v2\/comments?post=2694976"}],"version-history":[{"count":3,"href":"https:\/\/www.pressenza.com\/de\/wp-json\/wp\/v2\/posts\/2694976\/revisions"}],"predecessor-version":[{"id":2694980,"href":"https:\/\/www.pressenza.com\/de\/wp-json\/wp\/v2\/posts\/2694976\/revisions\/2694980"}],"wp:featuredmedia":[{"embeddable":true,"href":"https:\/\/www.pressenza.com\/de\/wp-json\/wp\/v2\/media\/2694977"}],"wp:attachment":[{"href":"https:\/\/www.pressenza.com\/de\/wp-json\/wp\/v2\/media?parent=2694976"}],"wp:term":[{"taxonomy":"category","embeddable":true,"href":"https:\/\/www.pressenza.com\/de\/wp-json\/wp\/v2\/categories?post=2694976"},{"taxonomy":"post_tag","embeddable":true,"href":"https:\/\/www.pressenza.com\/de\/wp-json\/wp\/v2\/tags?post=2694976"}],"curies":[{"name":"wp","href":"https:\/\/api.w.org\/{rel}","templated":true}]}}