{"id":2689551,"date":"2026-04-03T10:09:39","date_gmt":"2026-04-03T09:09:39","guid":{"rendered":"https:\/\/www.pressenza.com\/?p=2689551"},"modified":"2026-04-03T10:09:39","modified_gmt":"2026-04-03T09:09:39","slug":"die-ignorierte-krise","status":"publish","type":"post","link":"https:\/\/www.pressenza.com\/de\/2026\/04\/die-ignorierte-krise\/","title":{"rendered":"Die ignorierte Krise"},"content":{"rendered":"<div class=\"simple-page__article-abstract aos-init aos-animate\" data-aos=\"fade-up\"><strong>Krieg, Energiekrise, Teuerung, Machtmissbrauch und Gewalt gegen Frauen. Die Medien sind voll mit Krisen. Nur \u00fcber eine reden wir nicht mehr. Dabei ist es dringender denn je, denn ihre L\u00f6sung w\u00fcrde uns auch im Kampf gegen andere Krisen helfen. Ein Kommentar von Lisa Wohlgenannt. (Moment.at)<\/strong><\/div>\n<div data-aos=\"fade-up\"><\/div>\n<div data-aos=\"fade-up\">Ich verstehe es. <a href=\"https:\/\/orf.at\/stories\/3425372\/\" target=\"_blank\" rel=\"noopener\">Iran<\/a><a href=\"https:\/\/orf.at\/stories\/3425372\/\" target=\"_blank\" rel=\"noopener\">,<\/a> <a href=\"https:\/\/www.zeit.de\/thema\/krieg-in-ukraine\">Ukraine,<\/a> <a href=\"https:\/\/www.ohchr.org\/en\/press-releases\/2025\/09\/israel-has-committed-genocide-gaza-strip-un-commission-finds\">Gaza<\/a>. Die explodierenden Preise als Folge der Konflikte. Nachrichten von Machtmissbrauch und Gewalt an Frauen durch M\u00e4nner. Und das ist nur eine Auswahl der Schlagzeilen der vergangenen Wochen. In jedem Medium, auf jeder Plattform: Krise.<\/div>\n<div class=\"simple-page__article-wysiwyg wysiwyg-content aos-init aos-animate\" data-aos=\"fade-up\">\n<article class=\"wysiwyg-block\">\n<div class=\"wysiwyg-content\">\n<p>Und im Journalismus noch mehr Krise: Journalist:innen werden gek\u00fcndigt, Stellen abgebaut. Die Arbeit wird aber eher mehr als\u00a0 weniger, wir sollen ja \u00fcber all die Krisen berichten. Krise!<\/p>\n<p>Ich verstehe es. Ich verstehe, dass wir nicht noch mehr Krisen wollen. Das Problem ist: nur weil wir nicht mehr dr\u00fcber reden, ist sie nicht weg. Im Gegenteil. Die Klimakrise ist da und sie droht uns zu entgleiten &#8211; und wir reden einfach nicht mehr dar\u00fcber.<\/p>\n<p><strong>Die wichtigsten ignorierten Nachrichten<\/strong><\/p>\n<p>Ein paar aktuelle Nachrichten, die du vielleicht verpasst hast:<a href=\"https:\/\/www.derstandard.at\/story\/3000000313348\/hitzekuppel-l228sst-usa-schon-im-m228rz-br252ten\"> Nordamerika leidet gerade an einer starken Hitzewelle<\/a> mit Temperaturen bis zu 43,3 Grad Celsius. Weltweit waren die Jahre 2015 bis 2025 die<a href=\"https:\/\/www.reuters.com\/sustainability\/cop\/un-weather-agency-confirms-hottest-decade-record-2026-03-23\/?utm_source=chatgpt.com\"> hei\u00dfesten elf Jahre<\/a> seit Beginn der Aufzeichnungen 1850. Der CO2-Gehalt in der Luft ist so hoch wie seit zwei Millionen Jahren nicht, und er steigt weiter \u2013 auch wegen der anderen Krisen: In den ersten zwei Wochen des Kriegs im Iran<a href=\"https:\/\/www.theguardian.com\/world\/2026\/mar\/21\/middle-east-iran-conflict-environment-climate\"> wurden f\u00fcnf Millionen Tonnen CO2<\/a> verursacht, insbesondere durch Angriffe auf fossile Infrastruktur. Dabei m\u00fcssten die Treibhausgasemissionen ganz dringend sinken.<\/p>\n<p>2025 war das<a href=\"https:\/\/climate.copernicus.eu\/copernicus-2025-was-third-hottest-year-record?utm_source=chatgpt.com\"> drittw\u00e4rmste Jahr<\/a> der Messgeschichte. Zum ersten Mal haben wir \u00fcber drei Jahre hinweg die mittlere Temperatur um 1,5 Grad gegen\u00fcber dem vorindustriellen Zeitalter \u00fcberschritten (warum es trotzdem nicht \u201ceh scho wurscht\u201d ist, <a href=\"https:\/\/www.moment.at\/story\/15-grad-ziel-verfehlt-was-du-wissen-musst\/\">liest du hier.<\/a>) Die Erderhitzung hat sich dabei auch noch beschleunigt \u2013 von 0,2 Grad Celsius pro Jahrzehnt bis 2015 auf rund 0,35 Grad. Zugleich zeigt eine Studie: Die Folgen der Klimakrise k\u00f6nnten bereits bei einer<a href=\"https:\/\/www.nature.com\/articles\/s41586-026-10237-9\"> Erw\u00e4rmung von zwei Grad Celsius so schlimm sein wie bislang erst ab drei oder vier Grad angenommen<\/a>. Wir sollten also alles tun, um deutlich unter zwei Grad Erderhitzung zu bleiben.<\/p>\n<p><strong>Falsche Richtung, werte Regierung!<\/strong><\/p>\n<p>Stattdessen k\u00fcrzt die aktuelle schwarz-rot-pinke Regierung in \u00d6sterreich das Geld f\u00fcr den Klimaschutz zusammen &#8211; von<a href=\"https:\/\/www.momentum-institut.at\/wp-content\/uploads\/2025\/11\/2025-11-PB-Budgetwirksamer-Klimaschutz-Momentum-Institut.pdf\"> 3 Milliarden Euro auf 0,9 Milliarden Euro.<\/a> Klimasch\u00e4dliche Subventionen wie Dieselprivileg oder Pendlerpauschale hingegen wurden nicht gek\u00fcrzt,<a href=\"https:\/\/www.momentum-institut.at\/wp-content\/uploads\/2025\/11\/2025-11-PB-Budgetwirksamer-Klimaschutz-Momentum-Institut.pdf\">im Gegenteil<\/a>. Schon 2022 zeigte eine <a href=\"https:\/\/www.wifo.ac.at\/wp-content\/uploads\/upload-5121\/s_2022_klimakontraproduktive_subventionen_69687_.pdf\">WIFO-Analyse,<\/a> dass wir j\u00e4hrlich bis zu 5,7 Milliarden Euro f\u00fcr klimasch\u00e4dliches Verhalten ausgeben. Heute ist es also mit ziemlicher Sicherheit noch mehr. Wie viel genau, dazu gibt es keine Zahlen. Zwar hat die Regierung\u00a0 eine <a href=\"https:\/\/www.bmf.gv.at\/themen\/klimapolitik\/green_Budgeting\/Kontraproduktive-Ma%C3%9Fnahmen\/Arbeitsgruppe-Kontraproduktive-Anreize-und-Subventionen.html\">\u201eArbeitsgruppe Kontraproduktive Anreize und Subventionen\u201c<\/a> eingerichtet, Ergebnisse liegen aber noch nicht vor.<\/p>\n<p>Wo bereits \u201eErgebnisse\u201d vorliegen, das ist der <a href=\"https:\/\/www.moment.at\/tag\/letzte-generation\/\">Gro\u00dfprozess gegen die Aktivist:innen <\/a>der ehemaligen Letzten Generation. Dabei werden Menschen<a href=\"https:\/\/www.moment.at\/story\/letzte-generation-3-prozesstag-schuldsprueche\/\"> kriminalisiert und bestraft,<\/a> die mit zivilem Ungehorsam friedlich auf genau diese Probleme aufmerksam gemacht haben.<\/p>\n<p>\u00dcbrigens: Schafft \u00d6sterreich es nicht, die Emissionen bis 2030 um 48 Prozent zu verringern, drohen <a href=\"https:\/\/kontext-institut.at\/inhalte\/klimaziele-kosten-oesterreich\/\">Strafen von bis zu zehn Milliarden Euro.<\/a> Dann investieren wir das Geld doch lieber in eine bessere Zukunft als es f\u00fcr Strafen auszugeben.<\/p>\n<p><strong>Vergessene Krise<\/strong><\/p>\n<p>\u00d6sterreich rast also in die v\u00f6llig falsche Richtung und dennoch: Wir lesen, h\u00f6ren, sehen fast nichts davon. Das <a href=\"https:\/\/www.klimajournalismus.at\/grafik-des-monats-robin-kohrs\/\">Netzwerk Klimajournalismus<\/a>* hat die Meldungen der Presseagentur APA ausgewertet und festgestellt, dass die Zahl der Berichte \u00fcber das Klima 2025 gegen\u00fcber dem H\u00f6chststand der drei Vorjahre um rund ein Drittel eingebrochen ist.<\/p>\n<p>Am \u00d6sterreichischen <a href=\"https:\/\/www.moment.at\/story\/earth-overshoot-day-ressourcen-osterreich\/\">Earth Overshoot Day<\/a> werden wir lesen, dass wir unser Jahreskontingent an Ressourcen bereits am 2. April aufgebraucht haben. Dass wir vier Planeten br\u00e4uchten, w\u00fcrden alle auf der Welt so leben wie die Menschen in \u00d6sterreich. Und dann? Ich f\u00fcrchte, dann werden wir die Klimakrise wieder vergessen.<\/p>\n<p><strong>\u00dcber\u2019s Klima zu reden, ist jetzt wichtiger denn je<\/strong><\/p>\n<p>Doch der Kampf gegen die Klimakrise ist jetzt wichtiger denn je. Erstens, weil uns die Zeit davonrennt, um unsere Lebensgrundlage zu sch\u00fctzen. Zweitens, weil die unterschiedlichen Krisen alle zusammenh\u00e4ngen und Klimaschutz auch in anderen Bereichen hilft.<\/p>\n<p>Mit zunehmender Klimakrise schmelzen Gletscher und Eisschilde, der Meeresspiegel steigt und ganze Landstriche werden \u00fcberflutet. In anderen Regionen wird es so hei\u00df und trocken, dass sie ebenfalls unbewohnbar werden. Wetterextreme wie Hitze, D\u00fcrren, Hagel und Hochwasser werden wahrscheinlicher und kosten Menschenleben \u2013 auch, weil sie die sichere Versorgung mit Trinkwasser und Lebensmitteln erschweren. Es drohen noch mehr Kriege um Ressourcen. Krise!<\/p>\n<p><strong>Klimaschutz: Noch mehr Krisen vermeiden<\/strong><\/p>\n<p>Klimaschutz hingegen hilft, sauberes Trinkwasser und die Lebensmittelversorgung zu sichern und so zuk\u00fcnftige Konflikte zu vermeiden.<\/p>\n<p>Gesunde B\u00f6den, W\u00e4lder und Wiesen nehmen sowohl CO2 als auch Wasser auf. Sie sch\u00fctzen uns vor Hochwasser, liefern Trinkwasser und versorgen uns mit Lebensmitteln. Erneuerbare Energien machen uns unabh\u00e4ngiger von fossilen \u2013 die bereits eine gro\u00dfe Rolle in Konflikten spielen. Weniger Konflikte w\u00fcrden vor allem bedeuten, dass weniger Menschen sterben. Weniger Konflikte w\u00fcrden auch weniger Energiekrisen und Preis-Schocks an der Zapfs\u00e4ule bedeuten.<\/p>\n<p>Gr\u00fcnere St\u00e4dte w\u00fcrden die Luft reinigen und im Sommer k\u00fchlen \u2013 das bedeutet weniger Hitzetote. Eine <span class=\"glossary-word\" data-tippy-content=\"Die Verkehrswende soll zu einem grundlegenden Umbau des Verkehrssystems und einem Umstieg der Gesellschaft auf umweltfreundliche Mobilit\u00e4t f\u00fchren.\">Verkehrswende<\/span> mit\u00a0 einem Ausbau von \u00d6ffis, Rad- und Fu\u00dfwegen sowie Tempolimits f\u00fcr den motorisierten Individualverkehr w\u00fcrde Menschen unabh\u00e4ngiger machen, ebenfalls die Luft besser und Unf\u00e4lle seltener \u2013 es g\u00e4be weniger Verletzte und Verkehrstote.<\/p>\n<p>Wir m\u00fcssen also weiter \u00fcber das Klima reden. Damit aus der vergessenen Krise keine absolute Katastrophe wird, sondern eine friedlichere, ges\u00fcndere, gr\u00fcnere Zukunft. Lasst uns wieder mehr \u00fcber das Klima reden. Nicht nur am Earth Overshoot Day.<\/p>\n<p><i>*Transparenzhinweis: Die Autorin ist Mitglied im Vorstand des Netzwerk Klimajournalismus \u00d6sterreich<\/i><\/p>\n<p>&nbsp;<\/p>\n<\/div>\n<\/article>\n<\/div>\n","protected":false},"excerpt":{"rendered":"<p>Krieg, Energiekrise, Teuerung, Machtmissbrauch und Gewalt gegen Frauen. Die Medien sind voll mit Krisen. Nur \u00fcber eine reden wir nicht mehr. Dabei ist es dringender denn je, denn ihre L\u00f6sung w\u00fcrde uns auch im Kampf gegen andere Krisen helfen. Ein&hellip;<\/p>\n","protected":false},"author":1096,"featured_media":2689556,"comment_status":"closed","ping_status":"closed","sticky":false,"template":"","format":"standard","meta":{"footnotes":""},"categories":[9150,9143,9157,9168],"tags":[96133,76209,16322,56309,30246,140265,32816,30244],"class_list":["post-2689551","post","type-post","status-publish","format-standard","has-post-thumbnail","hentry","category-europa-de","category-meinungen","category-oekologie-und-umwelt","category-politik","tag-energiekrise","tag-femizide","tag-journalismus","tag-klimakrise","tag-klimaschutz","tag-machtmissbrauch","tag-treibhausgasemissionen","tag-umwelt"],"yoast_head":"<!-- This site is optimized with the Yoast SEO plugin v27.1.1 - https:\/\/yoast.com\/product\/yoast-seo-wordpress\/ -->\n<title>Die ignorierte Krise<\/title>\n<meta name=\"description\" content=\"Krieg, Energiekrise, Teuerung, Machtmissbrauch und Gewalt gegen Frauen. Die Medien sind voll mit Krisen. Nur \u00fcber eine reden wir nicht mehr. Dabei ist es\" \/>\n<meta name=\"robots\" content=\"index, follow, max-snippet:-1, max-image-preview:large, max-video-preview:-1\" \/>\n<link rel=\"canonical\" href=\"https:\/\/www.pressenza.com\/de\/2026\/04\/die-ignorierte-krise\/\" \/>\n<meta property=\"og:locale\" content=\"de_DE\" \/>\n<meta property=\"og:type\" content=\"article\" \/>\n<meta property=\"og:title\" content=\"Die ignorierte Krise\" \/>\n<meta property=\"og:description\" content=\"Krieg, Energiekrise, Teuerung, Machtmissbrauch und Gewalt gegen Frauen. Die Medien sind voll mit Krisen. Nur \u00fcber eine reden wir nicht mehr. Dabei ist es\" \/>\n<meta property=\"og:url\" content=\"https:\/\/www.pressenza.com\/de\/2026\/04\/die-ignorierte-krise\/\" \/>\n<meta property=\"og:site_name\" content=\"Pressenza\" \/>\n<meta property=\"article:publisher\" content=\"https:\/\/www.facebook.com\/PressenzaItalia\" \/>\n<meta property=\"article:published_time\" content=\"2026-04-03T09:09:39+00:00\" \/>\n<meta property=\"og:image\" content=\"https:\/\/www.pressenza.com\/wp-content\/uploads\/2026\/04\/IMG_3554.jpeg\" \/>\n\t<meta property=\"og:image:width\" content=\"1030\" \/>\n\t<meta property=\"og:image:height\" content=\"800\" \/>\n\t<meta property=\"og:image:type\" content=\"image\/jpeg\" \/>\n<meta name=\"author\" content=\"Pressenza Wien\" \/>\n<meta name=\"twitter:card\" content=\"summary_large_image\" \/>\n<meta name=\"twitter:creator\" content=\"@pressenza_ger\" \/>\n<meta name=\"twitter:site\" content=\"@PressenzaIPA\" \/>\n<meta name=\"twitter:label1\" content=\"Verfasst von\" \/>\n\t<meta name=\"twitter:data1\" content=\"Pressenza Wien\" \/>\n\t<meta name=\"twitter:label2\" content=\"Gesch\u00e4tzte Lesezeit\" \/>\n\t<meta name=\"twitter:data2\" content=\"6\u00a0Minuten\" \/>\n<script type=\"application\/ld+json\" class=\"yoast-schema-graph\">{\"@context\":\"https:\/\/schema.org\",\"@graph\":[{\"@type\":\"Article\",\"@id\":\"https:\/\/www.pressenza.com\/de\/2026\/04\/die-ignorierte-krise\/#article\",\"isPartOf\":{\"@id\":\"https:\/\/www.pressenza.com\/de\/2026\/04\/die-ignorierte-krise\/\"},\"author\":{\"name\":\"Pressenza Wien\",\"@id\":\"https:\/\/www.pressenza.com\/de\/#\/schema\/person\/3df859e5bf9b19ab936f666e0177e38b\"},\"headline\":\"Die ignorierte Krise\",\"datePublished\":\"2026-04-03T09:09:39+00:00\",\"mainEntityOfPage\":{\"@id\":\"https:\/\/www.pressenza.com\/de\/2026\/04\/die-ignorierte-krise\/\"},\"wordCount\":942,\"publisher\":{\"@id\":\"https:\/\/www.pressenza.com\/de\/#organization\"},\"image\":{\"@id\":\"https:\/\/www.pressenza.com\/de\/2026\/04\/die-ignorierte-krise\/#primaryimage\"},\"thumbnailUrl\":\"https:\/\/www.pressenza.com\/wp-content\/uploads\/2026\/04\/IMG_3554.jpeg\",\"keywords\":[\"Energiekrise\",\"Femizide\",\"Journalismus\",\"Klimakrise\",\"Klimaschutz\",\"Machtmissbrauch\",\"Treibhausgasemissionen\",\"Umwelt\"],\"articleSection\":[\"Europa\",\"Meinungen\",\"\u00d6kologie und Umwelt\",\"Politik\"],\"inLanguage\":\"de\"},{\"@type\":\"WebPage\",\"@id\":\"https:\/\/www.pressenza.com\/de\/2026\/04\/die-ignorierte-krise\/\",\"url\":\"https:\/\/www.pressenza.com\/de\/2026\/04\/die-ignorierte-krise\/\",\"name\":\"Die ignorierte Krise\",\"isPartOf\":{\"@id\":\"https:\/\/www.pressenza.com\/de\/#website\"},\"primaryImageOfPage\":{\"@id\":\"https:\/\/www.pressenza.com\/de\/2026\/04\/die-ignorierte-krise\/#primaryimage\"},\"image\":{\"@id\":\"https:\/\/www.pressenza.com\/de\/2026\/04\/die-ignorierte-krise\/#primaryimage\"},\"thumbnailUrl\":\"https:\/\/www.pressenza.com\/wp-content\/uploads\/2026\/04\/IMG_3554.jpeg\",\"datePublished\":\"2026-04-03T09:09:39+00:00\",\"description\":\"Krieg, Energiekrise, Teuerung, Machtmissbrauch und Gewalt gegen Frauen. Die Medien sind voll mit Krisen. Nur \u00fcber eine reden wir nicht mehr. Dabei ist es\",\"breadcrumb\":{\"@id\":\"https:\/\/www.pressenza.com\/de\/2026\/04\/die-ignorierte-krise\/#breadcrumb\"},\"inLanguage\":\"de\",\"potentialAction\":[{\"@type\":\"ReadAction\",\"target\":[\"https:\/\/www.pressenza.com\/de\/2026\/04\/die-ignorierte-krise\/\"]}]},{\"@type\":\"ImageObject\",\"inLanguage\":\"de\",\"@id\":\"https:\/\/www.pressenza.com\/de\/2026\/04\/die-ignorierte-krise\/#primaryimage\",\"url\":\"https:\/\/www.pressenza.com\/wp-content\/uploads\/2026\/04\/IMG_3554.jpeg\",\"contentUrl\":\"https:\/\/www.pressenza.com\/wp-content\/uploads\/2026\/04\/IMG_3554.jpeg\",\"width\":1030,\"height\":800},{\"@type\":\"BreadcrumbList\",\"@id\":\"https:\/\/www.pressenza.com\/de\/2026\/04\/die-ignorierte-krise\/#breadcrumb\",\"itemListElement\":[{\"@type\":\"ListItem\",\"position\":1,\"name\":\"Accueil\",\"item\":\"https:\/\/www.pressenza.com\/de\/\"},{\"@type\":\"ListItem\",\"position\":2,\"name\":\"Die ignorierte Krise\"}]},{\"@type\":\"WebSite\",\"@id\":\"https:\/\/www.pressenza.com\/de\/#website\",\"url\":\"https:\/\/www.pressenza.com\/de\/\",\"name\":\"Pressenza\",\"description\":\"International Press Agency\",\"publisher\":{\"@id\":\"https:\/\/www.pressenza.com\/de\/#organization\"},\"potentialAction\":[{\"@type\":\"SearchAction\",\"target\":{\"@type\":\"EntryPoint\",\"urlTemplate\":\"https:\/\/www.pressenza.com\/de\/?s={search_term_string}\"},\"query-input\":{\"@type\":\"PropertyValueSpecification\",\"valueRequired\":true,\"valueName\":\"search_term_string\"}}],\"inLanguage\":\"de\"},{\"@type\":\"Organization\",\"@id\":\"https:\/\/www.pressenza.com\/de\/#organization\",\"name\":\"Pressenza\",\"url\":\"https:\/\/www.pressenza.com\/de\/\",\"logo\":{\"@type\":\"ImageObject\",\"inLanguage\":\"de\",\"@id\":\"https:\/\/www.pressenza.com\/de\/#\/schema\/logo\/image\/\",\"url\":\"https:\/\/www.pressenza.com\/wp-content\/uploads\/2022\/10\/pressenza_logo_200x200.jpg\",\"contentUrl\":\"https:\/\/www.pressenza.com\/wp-content\/uploads\/2022\/10\/pressenza_logo_200x200.jpg\",\"width\":200,\"height\":200,\"caption\":\"Pressenza\"},\"image\":{\"@id\":\"https:\/\/www.pressenza.com\/de\/#\/schema\/logo\/image\/\"},\"sameAs\":[\"https:\/\/www.facebook.com\/PressenzaItalia\",\"https:\/\/x.com\/PressenzaIPA\"]},{\"@type\":\"Person\",\"@id\":\"https:\/\/www.pressenza.com\/de\/#\/schema\/person\/3df859e5bf9b19ab936f666e0177e38b\",\"name\":\"Pressenza Wien\",\"description\":\"News from the Pressenza Bureau in Vienna, Austria\",\"sameAs\":[\"https:\/\/x.com\/pressenza_ger\"],\"url\":\"https:\/\/www.pressenza.com\/de\/author\/pressenza-wien\/\"}]}<\/script>\n<!-- \/ Yoast SEO plugin. -->","yoast_head_json":{"title":"Die ignorierte Krise","description":"Krieg, Energiekrise, Teuerung, Machtmissbrauch und Gewalt gegen Frauen. Die Medien sind voll mit Krisen. Nur \u00fcber eine reden wir nicht mehr. Dabei ist es","robots":{"index":"index","follow":"follow","max-snippet":"max-snippet:-1","max-image-preview":"max-image-preview:large","max-video-preview":"max-video-preview:-1"},"canonical":"https:\/\/www.pressenza.com\/de\/2026\/04\/die-ignorierte-krise\/","og_locale":"de_DE","og_type":"article","og_title":"Die ignorierte Krise","og_description":"Krieg, Energiekrise, Teuerung, Machtmissbrauch und Gewalt gegen Frauen. Die Medien sind voll mit Krisen. Nur \u00fcber eine reden wir nicht mehr. Dabei ist es","og_url":"https:\/\/www.pressenza.com\/de\/2026\/04\/die-ignorierte-krise\/","og_site_name":"Pressenza","article_publisher":"https:\/\/www.facebook.com\/PressenzaItalia","article_published_time":"2026-04-03T09:09:39+00:00","og_image":[{"width":1030,"height":800,"url":"https:\/\/www.pressenza.com\/wp-content\/uploads\/2026\/04\/IMG_3554.jpeg","type":"image\/jpeg"}],"author":"Pressenza Wien","twitter_card":"summary_large_image","twitter_creator":"@pressenza_ger","twitter_site":"@PressenzaIPA","twitter_misc":{"Verfasst von":"Pressenza Wien","Gesch\u00e4tzte Lesezeit":"6\u00a0Minuten"},"schema":{"@context":"https:\/\/schema.org","@graph":[{"@type":"Article","@id":"https:\/\/www.pressenza.com\/de\/2026\/04\/die-ignorierte-krise\/#article","isPartOf":{"@id":"https:\/\/www.pressenza.com\/de\/2026\/04\/die-ignorierte-krise\/"},"author":{"name":"Pressenza Wien","@id":"https:\/\/www.pressenza.com\/de\/#\/schema\/person\/3df859e5bf9b19ab936f666e0177e38b"},"headline":"Die ignorierte Krise","datePublished":"2026-04-03T09:09:39+00:00","mainEntityOfPage":{"@id":"https:\/\/www.pressenza.com\/de\/2026\/04\/die-ignorierte-krise\/"},"wordCount":942,"publisher":{"@id":"https:\/\/www.pressenza.com\/de\/#organization"},"image":{"@id":"https:\/\/www.pressenza.com\/de\/2026\/04\/die-ignorierte-krise\/#primaryimage"},"thumbnailUrl":"https:\/\/www.pressenza.com\/wp-content\/uploads\/2026\/04\/IMG_3554.jpeg","keywords":["Energiekrise","Femizide","Journalismus","Klimakrise","Klimaschutz","Machtmissbrauch","Treibhausgasemissionen","Umwelt"],"articleSection":["Europa","Meinungen","\u00d6kologie und Umwelt","Politik"],"inLanguage":"de"},{"@type":"WebPage","@id":"https:\/\/www.pressenza.com\/de\/2026\/04\/die-ignorierte-krise\/","url":"https:\/\/www.pressenza.com\/de\/2026\/04\/die-ignorierte-krise\/","name":"Die ignorierte Krise","isPartOf":{"@id":"https:\/\/www.pressenza.com\/de\/#website"},"primaryImageOfPage":{"@id":"https:\/\/www.pressenza.com\/de\/2026\/04\/die-ignorierte-krise\/#primaryimage"},"image":{"@id":"https:\/\/www.pressenza.com\/de\/2026\/04\/die-ignorierte-krise\/#primaryimage"},"thumbnailUrl":"https:\/\/www.pressenza.com\/wp-content\/uploads\/2026\/04\/IMG_3554.jpeg","datePublished":"2026-04-03T09:09:39+00:00","description":"Krieg, Energiekrise, Teuerung, Machtmissbrauch und Gewalt gegen Frauen. Die Medien sind voll mit Krisen. Nur \u00fcber eine reden wir nicht mehr. Dabei ist es","breadcrumb":{"@id":"https:\/\/www.pressenza.com\/de\/2026\/04\/die-ignorierte-krise\/#breadcrumb"},"inLanguage":"de","potentialAction":[{"@type":"ReadAction","target":["https:\/\/www.pressenza.com\/de\/2026\/04\/die-ignorierte-krise\/"]}]},{"@type":"ImageObject","inLanguage":"de","@id":"https:\/\/www.pressenza.com\/de\/2026\/04\/die-ignorierte-krise\/#primaryimage","url":"https:\/\/www.pressenza.com\/wp-content\/uploads\/2026\/04\/IMG_3554.jpeg","contentUrl":"https:\/\/www.pressenza.com\/wp-content\/uploads\/2026\/04\/IMG_3554.jpeg","width":1030,"height":800},{"@type":"BreadcrumbList","@id":"https:\/\/www.pressenza.com\/de\/2026\/04\/die-ignorierte-krise\/#breadcrumb","itemListElement":[{"@type":"ListItem","position":1,"name":"Accueil","item":"https:\/\/www.pressenza.com\/de\/"},{"@type":"ListItem","position":2,"name":"Die ignorierte Krise"}]},{"@type":"WebSite","@id":"https:\/\/www.pressenza.com\/de\/#website","url":"https:\/\/www.pressenza.com\/de\/","name":"Pressenza","description":"International Press Agency","publisher":{"@id":"https:\/\/www.pressenza.com\/de\/#organization"},"potentialAction":[{"@type":"SearchAction","target":{"@type":"EntryPoint","urlTemplate":"https:\/\/www.pressenza.com\/de\/?s={search_term_string}"},"query-input":{"@type":"PropertyValueSpecification","valueRequired":true,"valueName":"search_term_string"}}],"inLanguage":"de"},{"@type":"Organization","@id":"https:\/\/www.pressenza.com\/de\/#organization","name":"Pressenza","url":"https:\/\/www.pressenza.com\/de\/","logo":{"@type":"ImageObject","inLanguage":"de","@id":"https:\/\/www.pressenza.com\/de\/#\/schema\/logo\/image\/","url":"https:\/\/www.pressenza.com\/wp-content\/uploads\/2022\/10\/pressenza_logo_200x200.jpg","contentUrl":"https:\/\/www.pressenza.com\/wp-content\/uploads\/2022\/10\/pressenza_logo_200x200.jpg","width":200,"height":200,"caption":"Pressenza"},"image":{"@id":"https:\/\/www.pressenza.com\/de\/#\/schema\/logo\/image\/"},"sameAs":["https:\/\/www.facebook.com\/PressenzaItalia","https:\/\/x.com\/PressenzaIPA"]},{"@type":"Person","@id":"https:\/\/www.pressenza.com\/de\/#\/schema\/person\/3df859e5bf9b19ab936f666e0177e38b","name":"Pressenza Wien","description":"News from the Pressenza Bureau in Vienna, Austria","sameAs":["https:\/\/x.com\/pressenza_ger"],"url":"https:\/\/www.pressenza.com\/de\/author\/pressenza-wien\/"}]}},"place":"","original_article_url":"https:\/\/www.moment.at\/story\/klimakrise-ignoriert\/","_links":{"self":[{"href":"https:\/\/www.pressenza.com\/de\/wp-json\/wp\/v2\/posts\/2689551","targetHints":{"allow":["GET"]}}],"collection":[{"href":"https:\/\/www.pressenza.com\/de\/wp-json\/wp\/v2\/posts"}],"about":[{"href":"https:\/\/www.pressenza.com\/de\/wp-json\/wp\/v2\/types\/post"}],"author":[{"embeddable":true,"href":"https:\/\/www.pressenza.com\/de\/wp-json\/wp\/v2\/users\/1096"}],"replies":[{"embeddable":true,"href":"https:\/\/www.pressenza.com\/de\/wp-json\/wp\/v2\/comments?post=2689551"}],"version-history":[{"count":3,"href":"https:\/\/www.pressenza.com\/de\/wp-json\/wp\/v2\/posts\/2689551\/revisions"}],"predecessor-version":[{"id":2689553,"href":"https:\/\/www.pressenza.com\/de\/wp-json\/wp\/v2\/posts\/2689551\/revisions\/2689553"}],"wp:featuredmedia":[{"embeddable":true,"href":"https:\/\/www.pressenza.com\/de\/wp-json\/wp\/v2\/media\/2689556"}],"wp:attachment":[{"href":"https:\/\/www.pressenza.com\/de\/wp-json\/wp\/v2\/media?parent=2689551"}],"wp:term":[{"taxonomy":"category","embeddable":true,"href":"https:\/\/www.pressenza.com\/de\/wp-json\/wp\/v2\/categories?post=2689551"},{"taxonomy":"post_tag","embeddable":true,"href":"https:\/\/www.pressenza.com\/de\/wp-json\/wp\/v2\/tags?post=2689551"}],"curies":[{"name":"wp","href":"https:\/\/api.w.org\/{rel}","templated":true}]}}