{"id":2689547,"date":"2026-04-02T08:35:36","date_gmt":"2026-04-02T07:35:36","guid":{"rendered":"https:\/\/www.pressenza.com\/?p=2689547"},"modified":"2026-04-02T08:35:36","modified_gmt":"2026-04-02T07:35:36","slug":"pro-asyl-und-fluechtlingsraete-der-bundeslaender-zum-besuch-von-ahmed-al-scharaa-keine-abschiebedeals-auf-dem-ruecken-von-menschenrechten","status":"publish","type":"post","link":"https:\/\/www.pressenza.com\/de\/2026\/04\/pro-asyl-und-fluechtlingsraete-der-bundeslaender-zum-besuch-von-ahmed-al-scharaa-keine-abschiebedeals-auf-dem-ruecken-von-menschenrechten\/","title":{"rendered":"PRO ASYL und Fl\u00fcchtlingsr\u00e4te der Bundesl\u00e4nder zum Besuch von Ahmed al-Scharaa: Keine Abschiebedeals auf dem R\u00fccken von Menschenrechten!"},"content":{"rendered":"<p><b>PRO ASYL und Landesfl\u00fcchtlingsr\u00e4te kritisieren den f\u00fcr den heutigen Montag\u00a0 geplanten Empfang des syrischen Machthabers Ahmed al-Scharaa durch die Bundesregierung scharf. Selbst nach den\u00a0 Massakern in Syrien an Alawit*innen, Drus*innen, Kurd*innen und anderen Minderheiten empf\u00e4ngt die Bundesregierung einen Mann, dessen Truppen an schwersten Menschenrechtsverbrechen beteiligt\u00a0sind.<\/b><\/p>\n<p>\u201eEs ist ein fataler Widerspruch, wenn sich deutsche Politikerinnen und Politiker auf Menschenrechte berufen, gleichzeitig aber mit Akteuren kooperieren, die schwere Menschenrechtsverletzungen zu verantworten haben\u201c, erkl\u00e4rt Emily Barnickel vom Fl\u00fcchtlingsrat Berlin. \u201eEine solche Politik tr\u00e4gt zur Normalisierung von Gewaltregimen bei und untergr\u00e4bt den Schutz von Gefl\u00fcchteten.\u201c<\/p>\n<p>\u201eDie Gespr\u00e4che mit dem islamistischen \u00dcbergangspr\u00e4sidenten drohen vor allem, eine zynische und v\u00f6llig realit\u00e4tsferne R\u00fcckf\u00fchrungsdebatte in Deutschland zu befeuern. Notwendige Kooperationen beim Wiederaufbau in Syrien m\u00fcssen an klare menschenrechtliche Standards und den wirksamen Schutz von Minderheiten gekn\u00fcpft werden\u201c, so Karl Kopp, Gesch\u00e4ftsf\u00fchrer von PRO\u00a0ASYL.<\/p>\n<p><b>Empfang von al-Scharaa legitimiert dessen Herrschaft<\/b><\/p>\n<p>W\u00e4hrend in Berlin \u00fcber den Wiederaufbau Syriens und die Abschiebung von gefl\u00fcchteten Syrer*innen verhandelt wird, w\u00e4chst die Gewalt gegen marginalisierte Bev\u00f6lkerungsgruppen in dem Land: Kurd*innen, Jesid*innen, Drus*innen, Alawit*innen und LGBTQIA+-Personen sind von Vertreibung, Gewalt und Zerst\u00f6rung ziviler Infrastruktur betroffen. Auch wenn Teile der Bundesregierung krampfhaft versuchen, ein anderes Bild zu zeichnen: Syrien ist auch \u00fcber ein Jahr nach dem Sturz des Assad-Regimes<a href=\"https:\/\/www.proasyl.de\/material\/positionspapier-syrien\/\"> nicht sicher<\/a>.<\/p>\n<p>Die Landesfl\u00fcchtlingsr\u00e4te und PRO ASYL warnen vor einer solchen Zusammenarbeit ohne wirksame menschenrechtliche Bedingungen: Sie f\u00fchrt \u00a0zur politischen Legitimation eines Regimes, welches weiterhin f\u00fcr Gewalt und Vertreibung von religi\u00f6sen oder ethnischen Gruppen sowie LGBTQIA+-Personen steht.<\/p>\n<p>Das Signal, das die Bundesregierung mit ihren Bem\u00fchungen um Abschiebungen und mit dem Empfang von al-Scharaa an die syrische Community in Deutschland sendet, ist fatal und ausgrenzend: \u201eUm euch loszuwerden, ist uns jedes Mittel recht.\u201c Diese Syrienpolitik besch\u00e4digt das Vertrauen bei Hunderttausenden von Menschen, die in Deutschland Schutz gesucht haben und l\u00e4ngst Teil dieser Gesellschaft geworden\u00a0sind.<\/p>\n<p><b>Die Landesfl\u00fcchtlingsr\u00e4te und PRO ASYL fordern von der Bundesregierung:<\/b><\/p>\n<ol>\n<li>Einen sofortigen und uneingeschr\u00e4nkten Abschiebestopp nach Syrien.<\/li>\n<\/ol>\n<p>Abschiebungen in ein Land, in dem weiterhin Massaker unter Beteiligung der Truppen des Machthabers stattfinden k\u00f6nnen und die humanit\u00e4re Lage katastrophal ist, sind mit den internationalen und europ\u00e4ischen Menschenrechtsverpflichtungen unvereinbar.<\/p>\n<ol start=\"2\">\n<li>Keine Ablehnungen im Asylverfahren von syrischen Schutzsuchenden und mindestens Schutz f\u00fcr Angeh\u00f6rige von Minderheiten.<\/li>\n<\/ol>\n<p>Das Bundesamt muss bei den Asylantr\u00e4gen, bei denen\u00a0 Bedrohung oder Verfolgung klar erkennbar sind, zeitnah entscheiden und Schutz zuerkennen. Das gilt f\u00fcr Angeh\u00f6rige ethnischer und religi\u00f6ser Minderheiten sowie f\u00fcr Menschen weiterer vulnerabler Gruppen. Bei Asylantr\u00e4gen anderer Personengruppen sollte das Bundesamt abwarten und keine Asylantr\u00e4ge ablehnen, solange die Situation in Syrien so unsicher\u00a0ist.<\/p>\n<ol start=\"3\">\n<li>Keine Widerrufsverfahren, solange Unterdr\u00fcckung, Gewalt und Menschenrechtsverletzungen anhalten.<\/li>\n<li>Keine politische Normalisierung oder diplomatische Aufwertung von Akteuren, die f\u00fcr schwere Menschenrechtsverletzungen verantwortlich\u00a0sind.<\/li>\n<li>Eine Syrien-Politik, die sich nicht an kurzfristiger migrationspolitischer Abschreckung, sondern an Menschenrechten, Schutz und langfristiger Stabilit\u00e4t orientiert.<\/li>\n<\/ol>\n","protected":false},"excerpt":{"rendered":"<p>PRO ASYL und Landesfl\u00fcchtlingsr\u00e4te kritisieren den f\u00fcr den heutigen Montag\u00a0 geplanten Empfang des syrischen Machthabers Ahmed al-Scharaa durch die Bundesregierung scharf. Selbst nach den\u00a0 Massakern in Syrien an Alawit*innen, Drus*innen, Kurd*innen und anderen Minderheiten empf\u00e4ngt die Bundesregierung einen Mann, dessen&hellip;<\/p>\n","protected":false},"author":1411,"featured_media":2689549,"comment_status":"closed","ping_status":"closed","sticky":false,"template":"","format":"standard","meta":{"footnotes":""},"categories":[9150,9161,9168,9145],"tags":[129932,10412,71813,14751,9914,18395,9837],"class_list":["post-2689547","post","type-post","status-publish","format-standard","has-post-thumbnail","hentry","category-europa-de","category-menschenrechte","category-politik","category-pressemitteilungen","tag-abschiebestopp","tag-asyl","tag-fluechtlingsschutz","tag-menschenrechtsverletzungen","tag-minderheiten","tag-solidaritat","tag-syrien"],"yoast_head":"<!-- This site is optimized with the Yoast SEO plugin v27.1.1 - https:\/\/yoast.com\/product\/yoast-seo-wordpress\/ -->\n<title>PRO ASYL und Fl\u00fcchtlingsr\u00e4te der Bundesl\u00e4nder zum Besuch von Ahmed al-Scharaa: Keine Abschiebedeals auf dem R\u00fccken von Menschenrechten!<\/title>\n<meta name=\"description\" content=\"PRO ASYL und Landesfl\u00fcchtlingsr\u00e4te kritisieren den f\u00fcr den heutigen Montag\u00a0 geplanten Empfang des syrischen Machthabers Ahmed al-Scharaa durch die\" \/>\n<meta name=\"robots\" content=\"index, follow, max-snippet:-1, max-image-preview:large, max-video-preview:-1\" \/>\n<link rel=\"canonical\" href=\"https:\/\/www.pressenza.com\/de\/2026\/04\/pro-asyl-und-fluechtlingsraete-der-bundeslaender-zum-besuch-von-ahmed-al-scharaa-keine-abschiebedeals-auf-dem-ruecken-von-menschenrechten\/\" \/>\n<meta property=\"og:locale\" content=\"de_DE\" \/>\n<meta property=\"og:type\" content=\"article\" \/>\n<meta property=\"og:title\" content=\"PRO ASYL und Fl\u00fcchtlingsr\u00e4te der Bundesl\u00e4nder zum Besuch von Ahmed al-Scharaa: Keine Abschiebedeals auf dem R\u00fccken von Menschenrechten!\" \/>\n<meta property=\"og:description\" content=\"PRO ASYL und Landesfl\u00fcchtlingsr\u00e4te kritisieren den f\u00fcr den heutigen Montag\u00a0 geplanten Empfang des syrischen Machthabers Ahmed al-Scharaa durch die\" \/>\n<meta property=\"og:url\" content=\"https:\/\/www.pressenza.com\/de\/2026\/04\/pro-asyl-und-fluechtlingsraete-der-bundeslaender-zum-besuch-von-ahmed-al-scharaa-keine-abschiebedeals-auf-dem-ruecken-von-menschenrechten\/\" \/>\n<meta property=\"og:site_name\" content=\"Pressenza\" \/>\n<meta property=\"article:publisher\" content=\"https:\/\/www.facebook.com\/PressenzaItalia\" \/>\n<meta property=\"article:published_time\" content=\"2026-04-02T07:35:36+00:00\" \/>\n<meta property=\"og:image\" content=\"https:\/\/www.pressenza.com\/wp-content\/uploads\/2026\/04\/IMG_3553.jpeg\" \/>\n\t<meta property=\"og:image:width\" content=\"1280\" \/>\n\t<meta property=\"og:image:height\" content=\"757\" \/>\n\t<meta property=\"og:image:type\" content=\"image\/jpeg\" \/>\n<meta name=\"author\" content=\"Pro Asyl\" \/>\n<meta name=\"twitter:card\" content=\"summary_large_image\" \/>\n<meta name=\"twitter:creator\" content=\"@PressenzaIPA\" \/>\n<meta name=\"twitter:site\" content=\"@PressenzaIPA\" \/>\n<meta name=\"twitter:label1\" content=\"Verfasst von\" \/>\n\t<meta name=\"twitter:data1\" content=\"Pro Asyl\" \/>\n\t<meta name=\"twitter:label2\" content=\"Gesch\u00e4tzte Lesezeit\" \/>\n\t<meta name=\"twitter:data2\" content=\"3\u00a0Minuten\" \/>\n<script type=\"application\/ld+json\" class=\"yoast-schema-graph\">{\"@context\":\"https:\/\/schema.org\",\"@graph\":[{\"@type\":\"Article\",\"@id\":\"https:\/\/www.pressenza.com\/de\/2026\/04\/pro-asyl-und-fluechtlingsraete-der-bundeslaender-zum-besuch-von-ahmed-al-scharaa-keine-abschiebedeals-auf-dem-ruecken-von-menschenrechten\/#article\",\"isPartOf\":{\"@id\":\"https:\/\/www.pressenza.com\/de\/2026\/04\/pro-asyl-und-fluechtlingsraete-der-bundeslaender-zum-besuch-von-ahmed-al-scharaa-keine-abschiebedeals-auf-dem-ruecken-von-menschenrechten\/\"},\"author\":{\"name\":\"Pro Asyl\",\"@id\":\"https:\/\/www.pressenza.com\/de\/#\/schema\/person\/2a2e2e83a39e4cf3cf67ecb1e0760b14\"},\"headline\":\"PRO ASYL und Fl\u00fcchtlingsr\u00e4te der Bundesl\u00e4nder zum Besuch von Ahmed al-Scharaa: Keine Abschiebedeals auf dem R\u00fccken von Menschenrechten!\",\"datePublished\":\"2026-04-02T07:35:36+00:00\",\"mainEntityOfPage\":{\"@id\":\"https:\/\/www.pressenza.com\/de\/2026\/04\/pro-asyl-und-fluechtlingsraete-der-bundeslaender-zum-besuch-von-ahmed-al-scharaa-keine-abschiebedeals-auf-dem-ruecken-von-menschenrechten\/\"},\"wordCount\":533,\"publisher\":{\"@id\":\"https:\/\/www.pressenza.com\/de\/#organization\"},\"image\":{\"@id\":\"https:\/\/www.pressenza.com\/de\/2026\/04\/pro-asyl-und-fluechtlingsraete-der-bundeslaender-zum-besuch-von-ahmed-al-scharaa-keine-abschiebedeals-auf-dem-ruecken-von-menschenrechten\/#primaryimage\"},\"thumbnailUrl\":\"https:\/\/www.pressenza.com\/wp-content\/uploads\/2026\/04\/IMG_3553.jpeg\",\"keywords\":[\"Abschiebestopp\",\"Asyl\",\"Fl\u00fcchtlingsschutz\",\"Menschenrechtsverletzungen\",\"Minderheiten\",\"Solidarit\u00e4t\",\"Syrien\"],\"articleSection\":[\"Europa\",\"Menschenrechte\",\"Politik\",\"Pressemitteilungen\"],\"inLanguage\":\"de\"},{\"@type\":\"WebPage\",\"@id\":\"https:\/\/www.pressenza.com\/de\/2026\/04\/pro-asyl-und-fluechtlingsraete-der-bundeslaender-zum-besuch-von-ahmed-al-scharaa-keine-abschiebedeals-auf-dem-ruecken-von-menschenrechten\/\",\"url\":\"https:\/\/www.pressenza.com\/de\/2026\/04\/pro-asyl-und-fluechtlingsraete-der-bundeslaender-zum-besuch-von-ahmed-al-scharaa-keine-abschiebedeals-auf-dem-ruecken-von-menschenrechten\/\",\"name\":\"PRO ASYL und Fl\u00fcchtlingsr\u00e4te der Bundesl\u00e4nder zum Besuch von Ahmed al-Scharaa: Keine Abschiebedeals auf dem R\u00fccken von Menschenrechten!\",\"isPartOf\":{\"@id\":\"https:\/\/www.pressenza.com\/de\/#website\"},\"primaryImageOfPage\":{\"@id\":\"https:\/\/www.pressenza.com\/de\/2026\/04\/pro-asyl-und-fluechtlingsraete-der-bundeslaender-zum-besuch-von-ahmed-al-scharaa-keine-abschiebedeals-auf-dem-ruecken-von-menschenrechten\/#primaryimage\"},\"image\":{\"@id\":\"https:\/\/www.pressenza.com\/de\/2026\/04\/pro-asyl-und-fluechtlingsraete-der-bundeslaender-zum-besuch-von-ahmed-al-scharaa-keine-abschiebedeals-auf-dem-ruecken-von-menschenrechten\/#primaryimage\"},\"thumbnailUrl\":\"https:\/\/www.pressenza.com\/wp-content\/uploads\/2026\/04\/IMG_3553.jpeg\",\"datePublished\":\"2026-04-02T07:35:36+00:00\",\"description\":\"PRO ASYL und Landesfl\u00fcchtlingsr\u00e4te kritisieren den f\u00fcr den heutigen Montag\u00a0 geplanten Empfang des syrischen Machthabers Ahmed al-Scharaa durch die\",\"breadcrumb\":{\"@id\":\"https:\/\/www.pressenza.com\/de\/2026\/04\/pro-asyl-und-fluechtlingsraete-der-bundeslaender-zum-besuch-von-ahmed-al-scharaa-keine-abschiebedeals-auf-dem-ruecken-von-menschenrechten\/#breadcrumb\"},\"inLanguage\":\"de\",\"potentialAction\":[{\"@type\":\"ReadAction\",\"target\":[\"https:\/\/www.pressenza.com\/de\/2026\/04\/pro-asyl-und-fluechtlingsraete-der-bundeslaender-zum-besuch-von-ahmed-al-scharaa-keine-abschiebedeals-auf-dem-ruecken-von-menschenrechten\/\"]}]},{\"@type\":\"ImageObject\",\"inLanguage\":\"de\",\"@id\":\"https:\/\/www.pressenza.com\/de\/2026\/04\/pro-asyl-und-fluechtlingsraete-der-bundeslaender-zum-besuch-von-ahmed-al-scharaa-keine-abschiebedeals-auf-dem-ruecken-von-menschenrechten\/#primaryimage\",\"url\":\"https:\/\/www.pressenza.com\/wp-content\/uploads\/2026\/04\/IMG_3553.jpeg\",\"contentUrl\":\"https:\/\/www.pressenza.com\/wp-content\/uploads\/2026\/04\/IMG_3553.jpeg\",\"width\":1280,\"height\":757},{\"@type\":\"BreadcrumbList\",\"@id\":\"https:\/\/www.pressenza.com\/de\/2026\/04\/pro-asyl-und-fluechtlingsraete-der-bundeslaender-zum-besuch-von-ahmed-al-scharaa-keine-abschiebedeals-auf-dem-ruecken-von-menschenrechten\/#breadcrumb\",\"itemListElement\":[{\"@type\":\"ListItem\",\"position\":1,\"name\":\"Accueil\",\"item\":\"https:\/\/www.pressenza.com\/de\/\"},{\"@type\":\"ListItem\",\"position\":2,\"name\":\"PRO ASYL und Fl\u00fcchtlingsr\u00e4te der Bundesl\u00e4nder zum Besuch von Ahmed al-Scharaa: Keine Abschiebedeals auf dem R\u00fccken von Menschenrechten!\"}]},{\"@type\":\"WebSite\",\"@id\":\"https:\/\/www.pressenza.com\/de\/#website\",\"url\":\"https:\/\/www.pressenza.com\/de\/\",\"name\":\"Pressenza\",\"description\":\"International Press Agency\",\"publisher\":{\"@id\":\"https:\/\/www.pressenza.com\/de\/#organization\"},\"potentialAction\":[{\"@type\":\"SearchAction\",\"target\":{\"@type\":\"EntryPoint\",\"urlTemplate\":\"https:\/\/www.pressenza.com\/de\/?s={search_term_string}\"},\"query-input\":{\"@type\":\"PropertyValueSpecification\",\"valueRequired\":true,\"valueName\":\"search_term_string\"}}],\"inLanguage\":\"de\"},{\"@type\":\"Organization\",\"@id\":\"https:\/\/www.pressenza.com\/de\/#organization\",\"name\":\"Pressenza\",\"url\":\"https:\/\/www.pressenza.com\/de\/\",\"logo\":{\"@type\":\"ImageObject\",\"inLanguage\":\"de\",\"@id\":\"https:\/\/www.pressenza.com\/de\/#\/schema\/logo\/image\/\",\"url\":\"https:\/\/www.pressenza.com\/wp-content\/uploads\/2022\/10\/pressenza_logo_200x200.jpg\",\"contentUrl\":\"https:\/\/www.pressenza.com\/wp-content\/uploads\/2022\/10\/pressenza_logo_200x200.jpg\",\"width\":200,\"height\":200,\"caption\":\"Pressenza\"},\"image\":{\"@id\":\"https:\/\/www.pressenza.com\/de\/#\/schema\/logo\/image\/\"},\"sameAs\":[\"https:\/\/www.facebook.com\/PressenzaItalia\",\"https:\/\/x.com\/PressenzaIPA\"]},{\"@type\":\"Person\",\"@id\":\"https:\/\/www.pressenza.com\/de\/#\/schema\/person\/2a2e2e83a39e4cf3cf67ecb1e0760b14\",\"name\":\"Pro Asyl\",\"description\":\"Ist die selbstbestimmte und unabh\u00e4ngige Stimme f\u00fcr die Menschenrechte und den Schutz von Fl\u00fcchtlingen in Deutschland und Europa. Es ist ein Verein dessen Arbeit durch Mitgliedsbeitr\u00e4ge, Spenden und Stiftungszuwendungen finanziert wird.\",\"sameAs\":[\"https:\/\/www.proasyl.de\"],\"url\":\"https:\/\/www.pressenza.com\/de\/author\/pro-asyl\/\"}]}<\/script>\n<!-- \/ Yoast SEO plugin. -->","yoast_head_json":{"title":"PRO ASYL und Fl\u00fcchtlingsr\u00e4te der Bundesl\u00e4nder zum Besuch von Ahmed al-Scharaa: Keine Abschiebedeals auf dem R\u00fccken von Menschenrechten!","description":"PRO ASYL und Landesfl\u00fcchtlingsr\u00e4te kritisieren den f\u00fcr den heutigen Montag\u00a0 geplanten Empfang des syrischen Machthabers Ahmed al-Scharaa durch die","robots":{"index":"index","follow":"follow","max-snippet":"max-snippet:-1","max-image-preview":"max-image-preview:large","max-video-preview":"max-video-preview:-1"},"canonical":"https:\/\/www.pressenza.com\/de\/2026\/04\/pro-asyl-und-fluechtlingsraete-der-bundeslaender-zum-besuch-von-ahmed-al-scharaa-keine-abschiebedeals-auf-dem-ruecken-von-menschenrechten\/","og_locale":"de_DE","og_type":"article","og_title":"PRO ASYL und Fl\u00fcchtlingsr\u00e4te der Bundesl\u00e4nder zum Besuch von Ahmed al-Scharaa: Keine Abschiebedeals auf dem R\u00fccken von Menschenrechten!","og_description":"PRO ASYL und Landesfl\u00fcchtlingsr\u00e4te kritisieren den f\u00fcr den heutigen Montag\u00a0 geplanten Empfang des syrischen Machthabers Ahmed al-Scharaa durch die","og_url":"https:\/\/www.pressenza.com\/de\/2026\/04\/pro-asyl-und-fluechtlingsraete-der-bundeslaender-zum-besuch-von-ahmed-al-scharaa-keine-abschiebedeals-auf-dem-ruecken-von-menschenrechten\/","og_site_name":"Pressenza","article_publisher":"https:\/\/www.facebook.com\/PressenzaItalia","article_published_time":"2026-04-02T07:35:36+00:00","og_image":[{"width":1280,"height":757,"url":"https:\/\/www.pressenza.com\/wp-content\/uploads\/2026\/04\/IMG_3553.jpeg","type":"image\/jpeg"}],"author":"Pro Asyl","twitter_card":"summary_large_image","twitter_creator":"@PressenzaIPA","twitter_site":"@PressenzaIPA","twitter_misc":{"Verfasst von":"Pro Asyl","Gesch\u00e4tzte Lesezeit":"3\u00a0Minuten"},"schema":{"@context":"https:\/\/schema.org","@graph":[{"@type":"Article","@id":"https:\/\/www.pressenza.com\/de\/2026\/04\/pro-asyl-und-fluechtlingsraete-der-bundeslaender-zum-besuch-von-ahmed-al-scharaa-keine-abschiebedeals-auf-dem-ruecken-von-menschenrechten\/#article","isPartOf":{"@id":"https:\/\/www.pressenza.com\/de\/2026\/04\/pro-asyl-und-fluechtlingsraete-der-bundeslaender-zum-besuch-von-ahmed-al-scharaa-keine-abschiebedeals-auf-dem-ruecken-von-menschenrechten\/"},"author":{"name":"Pro Asyl","@id":"https:\/\/www.pressenza.com\/de\/#\/schema\/person\/2a2e2e83a39e4cf3cf67ecb1e0760b14"},"headline":"PRO ASYL und Fl\u00fcchtlingsr\u00e4te der Bundesl\u00e4nder zum Besuch von Ahmed al-Scharaa: Keine Abschiebedeals auf dem R\u00fccken von Menschenrechten!","datePublished":"2026-04-02T07:35:36+00:00","mainEntityOfPage":{"@id":"https:\/\/www.pressenza.com\/de\/2026\/04\/pro-asyl-und-fluechtlingsraete-der-bundeslaender-zum-besuch-von-ahmed-al-scharaa-keine-abschiebedeals-auf-dem-ruecken-von-menschenrechten\/"},"wordCount":533,"publisher":{"@id":"https:\/\/www.pressenza.com\/de\/#organization"},"image":{"@id":"https:\/\/www.pressenza.com\/de\/2026\/04\/pro-asyl-und-fluechtlingsraete-der-bundeslaender-zum-besuch-von-ahmed-al-scharaa-keine-abschiebedeals-auf-dem-ruecken-von-menschenrechten\/#primaryimage"},"thumbnailUrl":"https:\/\/www.pressenza.com\/wp-content\/uploads\/2026\/04\/IMG_3553.jpeg","keywords":["Abschiebestopp","Asyl","Fl\u00fcchtlingsschutz","Menschenrechtsverletzungen","Minderheiten","Solidarit\u00e4t","Syrien"],"articleSection":["Europa","Menschenrechte","Politik","Pressemitteilungen"],"inLanguage":"de"},{"@type":"WebPage","@id":"https:\/\/www.pressenza.com\/de\/2026\/04\/pro-asyl-und-fluechtlingsraete-der-bundeslaender-zum-besuch-von-ahmed-al-scharaa-keine-abschiebedeals-auf-dem-ruecken-von-menschenrechten\/","url":"https:\/\/www.pressenza.com\/de\/2026\/04\/pro-asyl-und-fluechtlingsraete-der-bundeslaender-zum-besuch-von-ahmed-al-scharaa-keine-abschiebedeals-auf-dem-ruecken-von-menschenrechten\/","name":"PRO ASYL und Fl\u00fcchtlingsr\u00e4te der Bundesl\u00e4nder zum Besuch von Ahmed al-Scharaa: Keine Abschiebedeals auf dem R\u00fccken von Menschenrechten!","isPartOf":{"@id":"https:\/\/www.pressenza.com\/de\/#website"},"primaryImageOfPage":{"@id":"https:\/\/www.pressenza.com\/de\/2026\/04\/pro-asyl-und-fluechtlingsraete-der-bundeslaender-zum-besuch-von-ahmed-al-scharaa-keine-abschiebedeals-auf-dem-ruecken-von-menschenrechten\/#primaryimage"},"image":{"@id":"https:\/\/www.pressenza.com\/de\/2026\/04\/pro-asyl-und-fluechtlingsraete-der-bundeslaender-zum-besuch-von-ahmed-al-scharaa-keine-abschiebedeals-auf-dem-ruecken-von-menschenrechten\/#primaryimage"},"thumbnailUrl":"https:\/\/www.pressenza.com\/wp-content\/uploads\/2026\/04\/IMG_3553.jpeg","datePublished":"2026-04-02T07:35:36+00:00","description":"PRO ASYL und Landesfl\u00fcchtlingsr\u00e4te kritisieren den f\u00fcr den heutigen Montag\u00a0 geplanten Empfang des syrischen Machthabers Ahmed al-Scharaa durch die","breadcrumb":{"@id":"https:\/\/www.pressenza.com\/de\/2026\/04\/pro-asyl-und-fluechtlingsraete-der-bundeslaender-zum-besuch-von-ahmed-al-scharaa-keine-abschiebedeals-auf-dem-ruecken-von-menschenrechten\/#breadcrumb"},"inLanguage":"de","potentialAction":[{"@type":"ReadAction","target":["https:\/\/www.pressenza.com\/de\/2026\/04\/pro-asyl-und-fluechtlingsraete-der-bundeslaender-zum-besuch-von-ahmed-al-scharaa-keine-abschiebedeals-auf-dem-ruecken-von-menschenrechten\/"]}]},{"@type":"ImageObject","inLanguage":"de","@id":"https:\/\/www.pressenza.com\/de\/2026\/04\/pro-asyl-und-fluechtlingsraete-der-bundeslaender-zum-besuch-von-ahmed-al-scharaa-keine-abschiebedeals-auf-dem-ruecken-von-menschenrechten\/#primaryimage","url":"https:\/\/www.pressenza.com\/wp-content\/uploads\/2026\/04\/IMG_3553.jpeg","contentUrl":"https:\/\/www.pressenza.com\/wp-content\/uploads\/2026\/04\/IMG_3553.jpeg","width":1280,"height":757},{"@type":"BreadcrumbList","@id":"https:\/\/www.pressenza.com\/de\/2026\/04\/pro-asyl-und-fluechtlingsraete-der-bundeslaender-zum-besuch-von-ahmed-al-scharaa-keine-abschiebedeals-auf-dem-ruecken-von-menschenrechten\/#breadcrumb","itemListElement":[{"@type":"ListItem","position":1,"name":"Accueil","item":"https:\/\/www.pressenza.com\/de\/"},{"@type":"ListItem","position":2,"name":"PRO ASYL und Fl\u00fcchtlingsr\u00e4te der Bundesl\u00e4nder zum Besuch von Ahmed al-Scharaa: Keine Abschiebedeals auf dem R\u00fccken von Menschenrechten!"}]},{"@type":"WebSite","@id":"https:\/\/www.pressenza.com\/de\/#website","url":"https:\/\/www.pressenza.com\/de\/","name":"Pressenza","description":"International Press Agency","publisher":{"@id":"https:\/\/www.pressenza.com\/de\/#organization"},"potentialAction":[{"@type":"SearchAction","target":{"@type":"EntryPoint","urlTemplate":"https:\/\/www.pressenza.com\/de\/?s={search_term_string}"},"query-input":{"@type":"PropertyValueSpecification","valueRequired":true,"valueName":"search_term_string"}}],"inLanguage":"de"},{"@type":"Organization","@id":"https:\/\/www.pressenza.com\/de\/#organization","name":"Pressenza","url":"https:\/\/www.pressenza.com\/de\/","logo":{"@type":"ImageObject","inLanguage":"de","@id":"https:\/\/www.pressenza.com\/de\/#\/schema\/logo\/image\/","url":"https:\/\/www.pressenza.com\/wp-content\/uploads\/2022\/10\/pressenza_logo_200x200.jpg","contentUrl":"https:\/\/www.pressenza.com\/wp-content\/uploads\/2022\/10\/pressenza_logo_200x200.jpg","width":200,"height":200,"caption":"Pressenza"},"image":{"@id":"https:\/\/www.pressenza.com\/de\/#\/schema\/logo\/image\/"},"sameAs":["https:\/\/www.facebook.com\/PressenzaItalia","https:\/\/x.com\/PressenzaIPA"]},{"@type":"Person","@id":"https:\/\/www.pressenza.com\/de\/#\/schema\/person\/2a2e2e83a39e4cf3cf67ecb1e0760b14","name":"Pro Asyl","description":"Ist die selbstbestimmte und unabh\u00e4ngige Stimme f\u00fcr die Menschenrechte und den Schutz von Fl\u00fcchtlingen in Deutschland und Europa. Es ist ein Verein dessen Arbeit durch Mitgliedsbeitr\u00e4ge, Spenden und Stiftungszuwendungen finanziert wird.","sameAs":["https:\/\/www.proasyl.de"],"url":"https:\/\/www.pressenza.com\/de\/author\/pro-asyl\/"}]}},"place":"","original_article_url":"https:\/\/www.proasyl.de\/pressemitteilung\/pro-asyl-und-fluechtlingsraete-der-bundeslaender-zum-besuch-von-ahmed-al-scharaa-keine-abschiebedeals-auf-dem-ruecken-von-menschenrechten\/","_links":{"self":[{"href":"https:\/\/www.pressenza.com\/de\/wp-json\/wp\/v2\/posts\/2689547","targetHints":{"allow":["GET"]}}],"collection":[{"href":"https:\/\/www.pressenza.com\/de\/wp-json\/wp\/v2\/posts"}],"about":[{"href":"https:\/\/www.pressenza.com\/de\/wp-json\/wp\/v2\/types\/post"}],"author":[{"embeddable":true,"href":"https:\/\/www.pressenza.com\/de\/wp-json\/wp\/v2\/users\/1411"}],"replies":[{"embeddable":true,"href":"https:\/\/www.pressenza.com\/de\/wp-json\/wp\/v2\/comments?post=2689547"}],"version-history":[{"count":2,"href":"https:\/\/www.pressenza.com\/de\/wp-json\/wp\/v2\/posts\/2689547\/revisions"}],"predecessor-version":[{"id":2689550,"href":"https:\/\/www.pressenza.com\/de\/wp-json\/wp\/v2\/posts\/2689547\/revisions\/2689550"}],"wp:featuredmedia":[{"embeddable":true,"href":"https:\/\/www.pressenza.com\/de\/wp-json\/wp\/v2\/media\/2689549"}],"wp:attachment":[{"href":"https:\/\/www.pressenza.com\/de\/wp-json\/wp\/v2\/media?parent=2689547"}],"wp:term":[{"taxonomy":"category","embeddable":true,"href":"https:\/\/www.pressenza.com\/de\/wp-json\/wp\/v2\/categories?post=2689547"},{"taxonomy":"post_tag","embeddable":true,"href":"https:\/\/www.pressenza.com\/de\/wp-json\/wp\/v2\/tags?post=2689547"}],"curies":[{"name":"wp","href":"https:\/\/api.w.org\/{rel}","templated":true}]}}