{"id":2688984,"date":"2026-03-31T08:26:48","date_gmt":"2026-03-31T07:26:48","guid":{"rendered":"https:\/\/www.pressenza.com\/?p=2688984"},"modified":"2026-03-31T08:26:48","modified_gmt":"2026-03-31T07:26:48","slug":"geschichten-des-vorausliebens-eins-sein-im-widerspruch","status":"publish","type":"post","link":"https:\/\/www.pressenza.com\/de\/2026\/03\/geschichten-des-vorausliebens-eins-sein-im-widerspruch\/","title":{"rendered":"Geschichten des Vorausliebens: Eins sein im Widerspruch"},"content":{"rendered":"<p><strong>Im Almanach 2026 von Oya erz\u00e4hlen Menschen in 21 Geschichten, wie sie vorauslieben \u2013 an Orten des guten Lebens, auf Wanderschaft, in Widerstands- und Suchbewegungen. Die Einf\u00fchrung dazu ist <\/strong><a href=\"https:\/\/www.pressenza.com\/de\/2026\/03\/was-liebt-ihr-voraus\/\" target=\"_blank\" rel=\"noopener\"><strong>hier<\/strong><\/a><strong> zu finden.<\/strong><\/p>\n<p>In der Stille, die den Vierseithof der \u00bbAllmende Holzhausen\u00ab heute umgibt, liegt ein Zauber &#8211; und die Frage: Wie entsteht Verbindlichkeit, um eine Allmende langfristig gemeinsam zu h\u00fcten?<\/p>\n<p>von Ann-Marie Weber, aufgeschrieben von Anja Marwege<\/p>\n<blockquote><p><strong>Wer seid ihr und wie viele?<\/strong><\/p>\n<p>Gestartet mit sechs Familien und breitem Kreis an Mitwirkenden sind wir seit vier Jahren eine Erwachsene, drei Kinder und gelegentliche G\u00e4ste.<\/p>\n<p><strong>Seit wann gibt es euch?<\/strong><\/p>\n<p>2016<\/p>\n<p>Wie seid ihr verfasst?<\/p>\n<p><strong>Von 2016 bis 2021 als Verein, seitdem als privat gehaltene Allmende<\/strong><\/p>\n<p>Wo seid ihr zu finden?<\/p>\n<p><strong>Holzhausen im Marburg-Gie\u00dfener Lahntal<\/strong><\/p>\n<p><a href=\"https:\/\/allmende-holzhausen.de\/\" target=\"_blank\" rel=\"noopener\">allmende-holzhausen.de<\/a><\/p>\n<p><strong>St\u00f6bern im Oya-Archiv?<\/strong><\/p>\n<p>Ann-Marie Weber, \u00bbCommoning in der Allmende Holzhausen\u00ab in: <a href=\"https:\/\/lesen.oya-online.de\/texte\/3488-commoning-in-der-allmende-holzhausen.html\" target=\"_blank\" rel=\"noopener\">Oya 59\/2020, S. 69.<\/a><\/p><\/blockquote>\n<p>Als Kind war ich st\u00e4ndig auf Baustellen. Sp\u00e4ter machte ich die Ausbildung zur Bauzeichnerin. Ich arbeite nicht in diesem Berufsfeld, tr\u00e4ume aber davon, einmal in einem runden Strohballenhaus hinten auf der Wiese zu leben. Doch das wird der Denkmalschutz hier in Holzhausen nicht zulassen, denn er bewahrt: die Ecken. Alles, was gebaut wird, muss einer Scheune \u00e4hneln. Und die sind eckig, nicht rund. Mit Blick auf die multiplen Krisen, die wir auf uns zukommen sahen &#8211; nicht nur die \u00f6kologische, sondern auch den faschistischen Backlash -, kauften wir, damals noch als Paar, einen Vierseitenhof in einem 34-Seelen-Dorf, der vielleicht einmal gut zu verteidigen sein w\u00fcrde. Um uns bildete sich ein Ackerkollektiv aus sechs Familien, die gemeinsam das Land bestellten und ein Verein, mit dem wir Bildungsveranstaltungen machten, nach dem Motto \u00bbEinmachen f\u00fcr den Klimaschutz\u00ab. Wenn ich in der K\u00fcche in die Ecken gucke, denke ich: Da bleibt nicht nur der Staub h\u00e4ngen, sondern auch die Energie. Drau\u00dfen runde ich meine Wege und auch die Felder ab.<\/p>\n<p>Dann verunm\u00f6glichte die Pandemie \u00f6ffentliche Veranstaltungen, F\u00f6rdermittel liefen aus. Daran h\u00e4ngten sich pers\u00f6nliche Krisen. Das Scheitern begann. Mittlerweile lebe ich mit meinen drei Kindern allein auf dem Hof. Seit vier Jahren bin ich alleinerziehend und gehe lohnarbeiten, damit ich mir den Hof leisten kann. Woran halte ich hier noch fest? Der Ort sieht so aus, als w\u00fcrde eine Person allein versuchen, ihn zu pflegen &#8211; was nicht m\u00f6glich ist. Ich mache es trotzdem. Ich halte an der Idee fest und glaube, dass Orte wie dieser gebraucht werden.<\/p>\n<p>Mein Acker liegt um den Friedhof herum. Das ist gar nicht gut. Er ist eine B\u00fchne. Einen Monokulturacker in so etwas Wildes, Diverses zu verwandeln ist ein Angriff auf die Sehgewohnheiten. Die, die da unter der Erde liegen, k\u00f6nnen vielleicht eher verstehen, was ich tue. Aber die, die gie\u00dfen kommen, die finden es nicht gut. Nun haben sie sich selbst eine Hecke gepflanzt und ich muss keinen Piet\u00e4tsstreifen mehr pflanzen, um die Menschen zu entlasten.<\/p>\n<p>Wie tr\u00e4gt sich dieser Hof? Immer wieder nutzen Menschen die \u00bbKolle\u00ab, eine kollektive G\u00e4stewohnung und die Wiese beherbergt gelegentlich Menschen mit ihren Bauw\u00e4gen. Mein Cousin ist immer mal da. Dann bekomme ich eine Ahnung davon, wie ein matrilokaler Lebensort sein k\u00f6nnte, der nicht von einer romantischen Liebesbeziehung ausgeht, sondern von engen Beziehungen, auf die ich mich verlassen kann und die gemeinsam Verantwortung tragen.<\/p>\n<p>Ich besitze einen gro\u00dfen Hof und Land drumherum. Jahrelang war das Grund genug, um freiz\u00fcgig damit umzugehen. Als Ausgleich f\u00fcr das Privileg, etwas zu besitzen, f\u00fchlte ich die Verpflichtung, geben zu m\u00fcssen. Dabei bin ich \u00fcber meine Grenzen gegangen. Es reicht nicht, einen tollen Energiefluss zu haben und im v\u00f6lligen Vertrauen zu sein in einer Welt, die in Euros gez\u00e4hlt wird. Wir sagten immer, ihr seid alle eingeladen, wenn wir danach den Boden besser hinterlassen als vorher. Das reicht aber in Zeiten wie diesen, wo alle sich ohnehin schon am Ende f\u00fchlen, nicht aus. In einer Fahrradwerkstatt, wo alle auf ihre Bed\u00fcrfnisse achten und mal drei Tage nichts tun, funktioniert Commoning anders, als in einem Ackerkollektiv, wo es um Lebewesen geht und wo viele auf ihre Bed\u00fcrfnisse achten, w\u00e4hrend eine die Pflanzen gie\u00dft, damit sie nicht sterben, und dabei \u00fcber ihre Grenzen geht. Ich bin am Ende dieses Scheiterns angekommen.<\/p>\n<p>Der Hof ist Privateigentum. L\u00e4sst sich Allmende eigentlich auf privatem Boden leben? Es gibt Leute, die kein Geld haben, den Hof aber nach dem Prinzip des Mietsh\u00e4usersyndikats \u00fcbernehmen w\u00fcrden. Ich kann mir aber keine Miete f\u00fcr mich und meine drei Kinder in einem Syndikatsprojekt leisten. Das ist zu teuer. Ich m\u00fcsste f\u00fcr die Miete lohnarbeiten gehen.<\/p>\n<p>Unter Menschen f\u00fchle ich mich oft viel einsamer, als wenn ich allein auf dem Acker stehe. Sobald ich drau\u00dfen bin, ist da diese <em>unio mystica<\/em>, ich bin eins. Wenn ich hingegen am Schreibtisch sitze und denke: \u00bbOh, der Acker sieht aus, und hier ist alles dreckig, speckig und ungepflegt!\u00ab, dann wird das Gef\u00fchl \u00bbIch bin gescheitert\u00ab gen\u00e4hrt. Wenn ich aber sehe, was dieser Ort mit Menschen macht, dann besteht kein Zweifel, dass ich weitermache. Die Leute kommen runter. Das ist eine ganz eigene Art von Frieden. Das strahlt mein Ort aus. Diesen Raum kann ich halten. Der Schl\u00fcssel ist Ambiguit\u00e4tstoleranz. Widerspr\u00fcchlichkeit aushalten lernen, das ist eine Kernkompetenz in meiner Bildungsarbeit. zeitweise leisteten straff\u00e4llige Jugendliche bei uns Sozialstunden. \u00fcblicherweise setzten ihre Begleiter sie, nachdem sie anderswo Hecken geschnitten oder Mauern abgerissen hatten, an unterschiedlichen Stellen der Stadt aus, weil sie sonst nach dem Arbeitseinsatz aufeinander losgegangen w\u00e4ren. \u00bbWenn wir bei euch waren, brauchten wir das nicht\u00ab, sagten sie sp\u00e4ter zu mir.<\/p>\n<blockquote>\n<h2>Ich habe gelernt, dass ein Zauber zutage tritt, wenn ich den Schmerz ehre und anerkenne<\/h2>\n<\/blockquote>\n<p>Nun mache ich eine Ausbildung bei Ursula und David Seghezzi. Bei den Ritualen h\u00f6re ich einen Ruf. Ich kenne ihn, seit ich klein bin. Das ist meine Aufgabe. Anfang des Jahres hatte ich ein Ritualerlebnis, bei dem ich erkannte: Ich mache den Hof hier nicht f\u00fcr mich. Es geht nicht um mein pers\u00f6nliches Scheitern, nicht um meine Selbstverwirklichung. Bei dem, was ich tue, geht es um etwas Kollektives. Das Scheitern hat f\u00fcr mich politische Konzepte in den Hintergrund, und die Verbundenheit als Grundlage von allem zu Tage treten lassen. Ich kann \u00fcber Pflegnutzen, kann \u00fcber Commoning, \u00fcber Weisen des Angebundenseins sprechen &#8211; im Schmerz, im Hoffen, im Tun. Alles gleichzeitig. Aus der tiefen\u00f6kologischen Arbeit von Joanna Macy (1929-2025) habe ich gelernt, dass ein Zauber zutage tritt, wenn ich den Schmerz ehre und anerkenne: Es wird nicht alles gut sein. Nirgendwo ist alles immer gut.<\/p>\n<hr \/>\n<p><strong><img loading=\"lazy\" decoding=\"async\" class=\" wp-image-2688986 alignleft\" src=\"https:\/\/www.pressenza.com\/wp-content\/uploads\/2026\/03\/teaser-01-oya-almanach-2026-quer-5.jpg\" alt=\"\" width=\"72\" height=\"50\" \/>Der Almanach 2026 ist hier zu finden: <\/strong><a href=\"https:\/\/lesen.oya-online.de\/ausgaben\/84-almanach-2026.html\" target=\"_blank\" rel=\"noopener\"><strong>https:\/\/lesen.oya-online.de\/texte\/browse\/almanach\/<\/strong><\/a><\/p>\n","protected":false},"excerpt":{"rendered":"<p>Im Almanach 2026 von Oya erz\u00e4hlen Menschen in 21 Geschichten, wie sie vorauslieben \u2013 an Orten des guten Lebens, auf Wanderschaft, in Widerstands- und Suchbewegungen. Die Einf\u00fchrung dazu ist hier zu finden. In der Stille, die den Vierseithof der \u00bbAllmende&hellip;<\/p>\n","protected":false},"author":2604,"featured_media":2688989,"comment_status":"closed","ping_status":"closed","sticky":false,"template":"","format":"standard","meta":{"footnotes":""},"categories":[9150,153532,9157,9158],"tags":[153624,9182,154497],"class_list":["post-2688984","post","type-post","status-publish","format-standard","has-post-thumbnail","hentry","category-europa-de","category-gemeinschaft","category-oekologie-und-umwelt","category-wirtschaft","tag-allmende","tag-deutschland","tag-landwirtschaftskollektiv"],"yoast_head":"<!-- This site is optimized with the Yoast SEO plugin v27.1.1 - https:\/\/yoast.com\/product\/yoast-seo-wordpress\/ -->\n<title>Geschichten des Vorausliebens: Eins sein im Widerspruch<\/title>\n<meta name=\"description\" content=\"Im Almanach 2026 von Oya erz\u00e4hlen Menschen in 21 Geschichten, wie sie vorauslieben \u2013 an Orten des guten Lebens, auf Wanderschaft, in Widerstands- und\" \/>\n<meta name=\"robots\" content=\"index, follow, max-snippet:-1, max-image-preview:large, max-video-preview:-1\" \/>\n<link rel=\"canonical\" href=\"https:\/\/www.pressenza.com\/de\/2026\/03\/geschichten-des-vorausliebens-eins-sein-im-widerspruch\/\" \/>\n<meta property=\"og:locale\" content=\"de_DE\" \/>\n<meta property=\"og:type\" content=\"article\" \/>\n<meta property=\"og:title\" content=\"Geschichten des Vorausliebens: Eins sein im Widerspruch\" \/>\n<meta property=\"og:description\" content=\"Im Almanach 2026 von Oya erz\u00e4hlen Menschen in 21 Geschichten, wie sie vorauslieben \u2013 an Orten des guten Lebens, auf Wanderschaft, in Widerstands- und\" \/>\n<meta property=\"og:url\" content=\"https:\/\/www.pressenza.com\/de\/2026\/03\/geschichten-des-vorausliebens-eins-sein-im-widerspruch\/\" \/>\n<meta property=\"og:site_name\" content=\"Pressenza\" \/>\n<meta property=\"article:publisher\" content=\"https:\/\/www.facebook.com\/PressenzaItalia\" \/>\n<meta property=\"article:published_time\" content=\"2026-03-31T07:26:48+00:00\" \/>\n<meta property=\"og:image\" content=\"https:\/\/www.pressenza.com\/wp-content\/uploads\/2026\/03\/Holzhausen.png\" \/>\n\t<meta property=\"og:image:width\" content=\"820\" \/>\n\t<meta property=\"og:image:height\" content=\"568\" \/>\n\t<meta property=\"og:image:type\" content=\"image\/png\" \/>\n<meta name=\"author\" content=\"Oya\" \/>\n<meta name=\"twitter:card\" content=\"summary_large_image\" \/>\n<meta name=\"twitter:creator\" content=\"@PressenzaIPA\" \/>\n<meta name=\"twitter:site\" content=\"@PressenzaIPA\" \/>\n<meta name=\"twitter:label1\" content=\"Verfasst von\" \/>\n\t<meta name=\"twitter:data1\" content=\"Oya\" \/>\n\t<meta name=\"twitter:label2\" content=\"Gesch\u00e4tzte Lesezeit\" \/>\n\t<meta name=\"twitter:data2\" content=\"6\u00a0Minuten\" \/>\n<script type=\"application\/ld+json\" class=\"yoast-schema-graph\">{\"@context\":\"https:\/\/schema.org\",\"@graph\":[{\"@type\":\"Article\",\"@id\":\"https:\/\/www.pressenza.com\/de\/2026\/03\/geschichten-des-vorausliebens-eins-sein-im-widerspruch\/#article\",\"isPartOf\":{\"@id\":\"https:\/\/www.pressenza.com\/de\/2026\/03\/geschichten-des-vorausliebens-eins-sein-im-widerspruch\/\"},\"author\":{\"name\":\"Oya\",\"@id\":\"https:\/\/www.pressenza.com\/de\/#\/schema\/person\/7ff0812531329527e08b240dd8e44213\"},\"headline\":\"Geschichten des Vorausliebens: Eins sein im Widerspruch\",\"datePublished\":\"2026-03-31T07:26:48+00:00\",\"mainEntityOfPage\":{\"@id\":\"https:\/\/www.pressenza.com\/de\/2026\/03\/geschichten-des-vorausliebens-eins-sein-im-widerspruch\/\"},\"wordCount\":1130,\"publisher\":{\"@id\":\"https:\/\/www.pressenza.com\/de\/#organization\"},\"image\":{\"@id\":\"https:\/\/www.pressenza.com\/de\/2026\/03\/geschichten-des-vorausliebens-eins-sein-im-widerspruch\/#primaryimage\"},\"thumbnailUrl\":\"https:\/\/www.pressenza.com\/wp-content\/uploads\/2026\/03\/Holzhausen.png\",\"keywords\":[\"Allmende\",\"Deutschland\",\"Landwirtschaftskollektiv\"],\"articleSection\":[\"Europa\",\"Gemeinschaft\",\"\u00d6kologie und Umwelt\",\"Wirtschaft\"],\"inLanguage\":\"de\"},{\"@type\":\"WebPage\",\"@id\":\"https:\/\/www.pressenza.com\/de\/2026\/03\/geschichten-des-vorausliebens-eins-sein-im-widerspruch\/\",\"url\":\"https:\/\/www.pressenza.com\/de\/2026\/03\/geschichten-des-vorausliebens-eins-sein-im-widerspruch\/\",\"name\":\"Geschichten des Vorausliebens: Eins sein im Widerspruch\",\"isPartOf\":{\"@id\":\"https:\/\/www.pressenza.com\/de\/#website\"},\"primaryImageOfPage\":{\"@id\":\"https:\/\/www.pressenza.com\/de\/2026\/03\/geschichten-des-vorausliebens-eins-sein-im-widerspruch\/#primaryimage\"},\"image\":{\"@id\":\"https:\/\/www.pressenza.com\/de\/2026\/03\/geschichten-des-vorausliebens-eins-sein-im-widerspruch\/#primaryimage\"},\"thumbnailUrl\":\"https:\/\/www.pressenza.com\/wp-content\/uploads\/2026\/03\/Holzhausen.png\",\"datePublished\":\"2026-03-31T07:26:48+00:00\",\"description\":\"Im Almanach 2026 von Oya erz\u00e4hlen Menschen in 21 Geschichten, wie sie vorauslieben \u2013 an Orten des guten Lebens, auf Wanderschaft, in Widerstands- und\",\"breadcrumb\":{\"@id\":\"https:\/\/www.pressenza.com\/de\/2026\/03\/geschichten-des-vorausliebens-eins-sein-im-widerspruch\/#breadcrumb\"},\"inLanguage\":\"de\",\"potentialAction\":[{\"@type\":\"ReadAction\",\"target\":[\"https:\/\/www.pressenza.com\/de\/2026\/03\/geschichten-des-vorausliebens-eins-sein-im-widerspruch\/\"]}]},{\"@type\":\"ImageObject\",\"inLanguage\":\"de\",\"@id\":\"https:\/\/www.pressenza.com\/de\/2026\/03\/geschichten-des-vorausliebens-eins-sein-im-widerspruch\/#primaryimage\",\"url\":\"https:\/\/www.pressenza.com\/wp-content\/uploads\/2026\/03\/Holzhausen.png\",\"contentUrl\":\"https:\/\/www.pressenza.com\/wp-content\/uploads\/2026\/03\/Holzhausen.png\",\"width\":820,\"height\":568,\"caption\":\"Der Gem\u00fcseacker der \u00bbAllmende Holzhausen\u00ab. In den vergangenen Jahren bestellte Ann-Marie Weber den Hof allein - nach Redaktionsschluss tauchte die Idee auf, ihn in andere H\u00e4nde zu \u00fcbergeben. (Foto: Ann-Marie Weber)\"},{\"@type\":\"BreadcrumbList\",\"@id\":\"https:\/\/www.pressenza.com\/de\/2026\/03\/geschichten-des-vorausliebens-eins-sein-im-widerspruch\/#breadcrumb\",\"itemListElement\":[{\"@type\":\"ListItem\",\"position\":1,\"name\":\"Accueil\",\"item\":\"https:\/\/www.pressenza.com\/de\/\"},{\"@type\":\"ListItem\",\"position\":2,\"name\":\"Geschichten des Vorausliebens: Eins sein im Widerspruch\"}]},{\"@type\":\"WebSite\",\"@id\":\"https:\/\/www.pressenza.com\/de\/#website\",\"url\":\"https:\/\/www.pressenza.com\/de\/\",\"name\":\"Pressenza\",\"description\":\"International Press Agency\",\"publisher\":{\"@id\":\"https:\/\/www.pressenza.com\/de\/#organization\"},\"potentialAction\":[{\"@type\":\"SearchAction\",\"target\":{\"@type\":\"EntryPoint\",\"urlTemplate\":\"https:\/\/www.pressenza.com\/de\/?s={search_term_string}\"},\"query-input\":{\"@type\":\"PropertyValueSpecification\",\"valueRequired\":true,\"valueName\":\"search_term_string\"}}],\"inLanguage\":\"de\"},{\"@type\":\"Organization\",\"@id\":\"https:\/\/www.pressenza.com\/de\/#organization\",\"name\":\"Pressenza\",\"url\":\"https:\/\/www.pressenza.com\/de\/\",\"logo\":{\"@type\":\"ImageObject\",\"inLanguage\":\"de\",\"@id\":\"https:\/\/www.pressenza.com\/de\/#\/schema\/logo\/image\/\",\"url\":\"https:\/\/www.pressenza.com\/wp-content\/uploads\/2022\/10\/pressenza_logo_200x200.jpg\",\"contentUrl\":\"https:\/\/www.pressenza.com\/wp-content\/uploads\/2022\/10\/pressenza_logo_200x200.jpg\",\"width\":200,\"height\":200,\"caption\":\"Pressenza\"},\"image\":{\"@id\":\"https:\/\/www.pressenza.com\/de\/#\/schema\/logo\/image\/\"},\"sameAs\":[\"https:\/\/www.facebook.com\/PressenzaItalia\",\"https:\/\/x.com\/PressenzaIPA\"]},{\"@type\":\"Person\",\"@id\":\"https:\/\/www.pressenza.com\/de\/#\/schema\/person\/7ff0812531329527e08b240dd8e44213\",\"name\":\"Oya\",\"sameAs\":[\"https:\/\/oya-online.de\/\"],\"url\":\"https:\/\/www.pressenza.com\/de\/author\/oya\/\"}]}<\/script>\n<!-- \/ Yoast SEO plugin. -->","yoast_head_json":{"title":"Geschichten des Vorausliebens: Eins sein im Widerspruch","description":"Im Almanach 2026 von Oya erz\u00e4hlen Menschen in 21 Geschichten, wie sie vorauslieben \u2013 an Orten des guten Lebens, auf Wanderschaft, in Widerstands- und","robots":{"index":"index","follow":"follow","max-snippet":"max-snippet:-1","max-image-preview":"max-image-preview:large","max-video-preview":"max-video-preview:-1"},"canonical":"https:\/\/www.pressenza.com\/de\/2026\/03\/geschichten-des-vorausliebens-eins-sein-im-widerspruch\/","og_locale":"de_DE","og_type":"article","og_title":"Geschichten des Vorausliebens: Eins sein im Widerspruch","og_description":"Im Almanach 2026 von Oya erz\u00e4hlen Menschen in 21 Geschichten, wie sie vorauslieben \u2013 an Orten des guten Lebens, auf Wanderschaft, in Widerstands- und","og_url":"https:\/\/www.pressenza.com\/de\/2026\/03\/geschichten-des-vorausliebens-eins-sein-im-widerspruch\/","og_site_name":"Pressenza","article_publisher":"https:\/\/www.facebook.com\/PressenzaItalia","article_published_time":"2026-03-31T07:26:48+00:00","og_image":[{"width":820,"height":568,"url":"https:\/\/www.pressenza.com\/wp-content\/uploads\/2026\/03\/Holzhausen.png","type":"image\/png"}],"author":"Oya","twitter_card":"summary_large_image","twitter_creator":"@PressenzaIPA","twitter_site":"@PressenzaIPA","twitter_misc":{"Verfasst von":"Oya","Gesch\u00e4tzte Lesezeit":"6\u00a0Minuten"},"schema":{"@context":"https:\/\/schema.org","@graph":[{"@type":"Article","@id":"https:\/\/www.pressenza.com\/de\/2026\/03\/geschichten-des-vorausliebens-eins-sein-im-widerspruch\/#article","isPartOf":{"@id":"https:\/\/www.pressenza.com\/de\/2026\/03\/geschichten-des-vorausliebens-eins-sein-im-widerspruch\/"},"author":{"name":"Oya","@id":"https:\/\/www.pressenza.com\/de\/#\/schema\/person\/7ff0812531329527e08b240dd8e44213"},"headline":"Geschichten des Vorausliebens: Eins sein im Widerspruch","datePublished":"2026-03-31T07:26:48+00:00","mainEntityOfPage":{"@id":"https:\/\/www.pressenza.com\/de\/2026\/03\/geschichten-des-vorausliebens-eins-sein-im-widerspruch\/"},"wordCount":1130,"publisher":{"@id":"https:\/\/www.pressenza.com\/de\/#organization"},"image":{"@id":"https:\/\/www.pressenza.com\/de\/2026\/03\/geschichten-des-vorausliebens-eins-sein-im-widerspruch\/#primaryimage"},"thumbnailUrl":"https:\/\/www.pressenza.com\/wp-content\/uploads\/2026\/03\/Holzhausen.png","keywords":["Allmende","Deutschland","Landwirtschaftskollektiv"],"articleSection":["Europa","Gemeinschaft","\u00d6kologie und Umwelt","Wirtschaft"],"inLanguage":"de"},{"@type":"WebPage","@id":"https:\/\/www.pressenza.com\/de\/2026\/03\/geschichten-des-vorausliebens-eins-sein-im-widerspruch\/","url":"https:\/\/www.pressenza.com\/de\/2026\/03\/geschichten-des-vorausliebens-eins-sein-im-widerspruch\/","name":"Geschichten des Vorausliebens: Eins sein im Widerspruch","isPartOf":{"@id":"https:\/\/www.pressenza.com\/de\/#website"},"primaryImageOfPage":{"@id":"https:\/\/www.pressenza.com\/de\/2026\/03\/geschichten-des-vorausliebens-eins-sein-im-widerspruch\/#primaryimage"},"image":{"@id":"https:\/\/www.pressenza.com\/de\/2026\/03\/geschichten-des-vorausliebens-eins-sein-im-widerspruch\/#primaryimage"},"thumbnailUrl":"https:\/\/www.pressenza.com\/wp-content\/uploads\/2026\/03\/Holzhausen.png","datePublished":"2026-03-31T07:26:48+00:00","description":"Im Almanach 2026 von Oya erz\u00e4hlen Menschen in 21 Geschichten, wie sie vorauslieben \u2013 an Orten des guten Lebens, auf Wanderschaft, in Widerstands- und","breadcrumb":{"@id":"https:\/\/www.pressenza.com\/de\/2026\/03\/geschichten-des-vorausliebens-eins-sein-im-widerspruch\/#breadcrumb"},"inLanguage":"de","potentialAction":[{"@type":"ReadAction","target":["https:\/\/www.pressenza.com\/de\/2026\/03\/geschichten-des-vorausliebens-eins-sein-im-widerspruch\/"]}]},{"@type":"ImageObject","inLanguage":"de","@id":"https:\/\/www.pressenza.com\/de\/2026\/03\/geschichten-des-vorausliebens-eins-sein-im-widerspruch\/#primaryimage","url":"https:\/\/www.pressenza.com\/wp-content\/uploads\/2026\/03\/Holzhausen.png","contentUrl":"https:\/\/www.pressenza.com\/wp-content\/uploads\/2026\/03\/Holzhausen.png","width":820,"height":568,"caption":"Der Gem\u00fcseacker der \u00bbAllmende Holzhausen\u00ab. In den vergangenen Jahren bestellte Ann-Marie Weber den Hof allein - nach Redaktionsschluss tauchte die Idee auf, ihn in andere H\u00e4nde zu \u00fcbergeben. (Foto: Ann-Marie Weber)"},{"@type":"BreadcrumbList","@id":"https:\/\/www.pressenza.com\/de\/2026\/03\/geschichten-des-vorausliebens-eins-sein-im-widerspruch\/#breadcrumb","itemListElement":[{"@type":"ListItem","position":1,"name":"Accueil","item":"https:\/\/www.pressenza.com\/de\/"},{"@type":"ListItem","position":2,"name":"Geschichten des Vorausliebens: Eins sein im Widerspruch"}]},{"@type":"WebSite","@id":"https:\/\/www.pressenza.com\/de\/#website","url":"https:\/\/www.pressenza.com\/de\/","name":"Pressenza","description":"International Press Agency","publisher":{"@id":"https:\/\/www.pressenza.com\/de\/#organization"},"potentialAction":[{"@type":"SearchAction","target":{"@type":"EntryPoint","urlTemplate":"https:\/\/www.pressenza.com\/de\/?s={search_term_string}"},"query-input":{"@type":"PropertyValueSpecification","valueRequired":true,"valueName":"search_term_string"}}],"inLanguage":"de"},{"@type":"Organization","@id":"https:\/\/www.pressenza.com\/de\/#organization","name":"Pressenza","url":"https:\/\/www.pressenza.com\/de\/","logo":{"@type":"ImageObject","inLanguage":"de","@id":"https:\/\/www.pressenza.com\/de\/#\/schema\/logo\/image\/","url":"https:\/\/www.pressenza.com\/wp-content\/uploads\/2022\/10\/pressenza_logo_200x200.jpg","contentUrl":"https:\/\/www.pressenza.com\/wp-content\/uploads\/2022\/10\/pressenza_logo_200x200.jpg","width":200,"height":200,"caption":"Pressenza"},"image":{"@id":"https:\/\/www.pressenza.com\/de\/#\/schema\/logo\/image\/"},"sameAs":["https:\/\/www.facebook.com\/PressenzaItalia","https:\/\/x.com\/PressenzaIPA"]},{"@type":"Person","@id":"https:\/\/www.pressenza.com\/de\/#\/schema\/person\/7ff0812531329527e08b240dd8e44213","name":"Oya","sameAs":["https:\/\/oya-online.de\/"],"url":"https:\/\/www.pressenza.com\/de\/author\/oya\/"}]}},"place":"","original_article_url":"","_links":{"self":[{"href":"https:\/\/www.pressenza.com\/de\/wp-json\/wp\/v2\/posts\/2688984","targetHints":{"allow":["GET"]}}],"collection":[{"href":"https:\/\/www.pressenza.com\/de\/wp-json\/wp\/v2\/posts"}],"about":[{"href":"https:\/\/www.pressenza.com\/de\/wp-json\/wp\/v2\/types\/post"}],"author":[{"embeddable":true,"href":"https:\/\/www.pressenza.com\/de\/wp-json\/wp\/v2\/users\/2604"}],"replies":[{"embeddable":true,"href":"https:\/\/www.pressenza.com\/de\/wp-json\/wp\/v2\/comments?post=2688984"}],"version-history":[{"count":3,"href":"https:\/\/www.pressenza.com\/de\/wp-json\/wp\/v2\/posts\/2688984\/revisions"}],"predecessor-version":[{"id":2688992,"href":"https:\/\/www.pressenza.com\/de\/wp-json\/wp\/v2\/posts\/2688984\/revisions\/2688992"}],"wp:featuredmedia":[{"embeddable":true,"href":"https:\/\/www.pressenza.com\/de\/wp-json\/wp\/v2\/media\/2688989"}],"wp:attachment":[{"href":"https:\/\/www.pressenza.com\/de\/wp-json\/wp\/v2\/media?parent=2688984"}],"wp:term":[{"taxonomy":"category","embeddable":true,"href":"https:\/\/www.pressenza.com\/de\/wp-json\/wp\/v2\/categories?post=2688984"},{"taxonomy":"post_tag","embeddable":true,"href":"https:\/\/www.pressenza.com\/de\/wp-json\/wp\/v2\/tags?post=2688984"}],"curies":[{"name":"wp","href":"https:\/\/api.w.org\/{rel}","templated":true}]}}