{"id":2683687,"date":"2026-03-12T17:40:39","date_gmt":"2026-03-12T17:40:39","guid":{"rendered":"https:\/\/www.pressenza.com\/?p=2683687"},"modified":"2026-03-12T17:40:39","modified_gmt":"2026-03-12T17:40:39","slug":"libanon-hunderttausende-wegen-israels-evakuierungsbefehlen-auf-der-flucht","status":"publish","type":"post","link":"https:\/\/www.pressenza.com\/de\/2026\/03\/libanon-hunderttausende-wegen-israels-evakuierungsbefehlen-auf-der-flucht\/","title":{"rendered":"Libanon: Hunderttausende wegen Israels Evakuierungsbefehlen auf der Flucht"},"content":{"rendered":"<p><strong>10.03.2026 In den vergangenen vier Tagen hat das israelische Milit\u00e4r im Libanon weitreichende Evakuierungsbefehle erlassen, die Hunderttausende Menschen in die Flucht treiben. Diese pauschalen Aufforderungen sch\u00fcren Panik und versch\u00e4rfen eine ohnehin dramatische humanit\u00e4re Krise. Alle Konfliktparteien, die israelische Regierung und die Hisbollah, m\u00fcssen das humanit\u00e4re V\u00f6lkerrecht achten und die Zivilbev\u00f6lkerung endlich sch\u00fctzen.<\/strong><\/p>\n<p>Die israelischen Angriffe auf den Libanon halten an \u2013 und die Leidtragenden sind vor allem Zivilist*innen im Land. In den vergangenen vier Tagen hat Israel wiederholt gro\u00dfr\u00e4umige und vage formulierte Evakuierungsbefehle f\u00fcr den gesamten Libanon erlassen.<\/p>\n<p>Davon sind mehr als 100 D\u00f6rfer und St\u00e4dte im S\u00fcden und Osten des Landes sowie die gesamten s\u00fcdlichen Vororte von Beirut betroffen. Die Anordnungen haben Hunderttausende Menschen vertrieben.<\/p>\n<p>Kristine Beckerle, stellvertretende Regionaldirektorin f\u00fcr den Nahen Osten und Nordafrika bei Amnesty International, sagt:<\/p>\n<p>&nbsp;<\/p>\n<blockquote><p><strong>&#8222;Die Zivilbev\u00f6lkerung im Libanon wird erneut von einem Milit\u00e4r, das in fr\u00fcheren Konflikten seine Bereitschaft gezeigt hat, durch rechtswidrige Angriffe erheblichen Schaden unter der Zivilbev\u00f6lkerung anzurichten, zur Massenflucht aufgefordert.<\/strong><\/p>\n<p><strong>Die pauschalen Evakuierungsbefehle haben Panik und Terror ausgel\u00f6st. Hunderttausende Menschen wurden vertrieben. F\u00fcr die Bev\u00f6lkerung im Libanon bedeutet das eine erneute humanit\u00e4re Katastrophe. Dabei sind die Menschen zutiefst ersch\u00f6pft und brauchen Stabilit\u00e4t statt weiterer Krisen.&#8220;<\/strong><\/p><\/blockquote>\n<p>Zwischen dem 3. und 6. M\u00e4rz 2026 erlie\u00df das israelische Milit\u00e4r eine Serie von Evakuierungsbefehlen f\u00fcr ganze St\u00e4dte und D\u00f6rfer im S\u00fcdlibanon und in Teilen der Bekaa-Ebene. Am 5. M\u00e4rz forderte das Milit\u00e4r die gesamte Bev\u00f6lkerung s\u00fcdlich des Litani-Flusses auf, &#8222;unverz\u00fcglich&#8220; zu fliehen.<\/p>\n<p><strong>Hintergrund der Eskalation<\/strong><\/p>\n<p>Die aktuellen K\u00e4mpfe haben eine Vorgeschichte: Nach dem Ausbruch der Feindseligkeiten zwischen Israel und der Hamas im Oktober 2023 startete die Hisbollah Angriffe auf Nordisrael. Daraufhin lieferten sich beide Seiten grenz\u00fcberschreitende Gefechte. Trotz eines 2024 vereinbarten Waffenstillstands f\u00fchrte Israel fast t\u00e4glich Angriffe im S\u00fcdlibanon und in der Bekaa-Region durch, bei denen mindestens 127 Zivilist*innen get\u00f6tet wurden.<\/p>\n<p>Am 2. M\u00e4rz 2026 startete die Hisbollah wiederum eine Reihe von Angriffen auf Israel, als Reaktion auf die T\u00f6tung des Obersten F\u00fchrers der Islamischen Republik Iran Ali Khamenei nach einem Angriff der USA und Israels auf den Iran.<\/p>\n<p><strong>Keine Schutzgarantien f\u00fcr die Zivilbev\u00f6lkerung<\/strong><\/p>\n<p>Die \u00fcberm\u00e4\u00dfig weit gefassten Warnungen des israelischen Milit\u00e4rs stellen keine wirksamen Schutzgarantien dar und entsprechen damit nicht den v\u00f6lkerrechtlichen Anforderungen an Evakuierungen. Die Zivilbev\u00f6lkerung im Libanon wird im Unklaren gelassen:<\/p>\n<p>Die Betroffenen erhalten keine aussagekr\u00e4ftigen Informationen dar\u00fcber, wo und wann das israelische Milit\u00e4r zuschlagen k\u00f6nnte.<\/p>\n<p>Es fehlen die n\u00f6tigen Informationen, um fundierte Entscheidungen dar\u00fcber zu treffen, ob und wie lange sie fliehen sollen.<\/p>\n<p>Viele Menschen, darunter \u00c4ltere, Kinder und Menschen mit Behinderungen, k\u00f6nnen gar nicht evakuiert werden oder haben keinen sicheren Ort, an den sie sich begeben k\u00f6nnen.<\/p>\n<p>Trotz der Evakuierungsaufrufe gelten die Regeln des Kriegsrechts weiter. &#8222;Die Anordnung von Massenevakuierungen gibt dem israelischen Milit\u00e4r weder das Recht, diese Gebiete als Feuerzonen zu behandeln, noch entbindet sie Israel von seinen Verpflichtungen nach dem humanit\u00e4ren V\u00f6lkerrecht, Zivilist*innen zu sch\u00fctzen&#8220;, so Beckerle.<\/p>\n<p><strong>Doch die Realit\u00e4t sieht anders aus: \u00a0<\/strong><\/p>\n<ul>\n<li>In den 24 Stunden seit der Anordnung der Massenevakuierung der s\u00fcdlichen Vororte von Beirut hat das israelische Milit\u00e4r beispielsweise wiederholt Luftangriffe durchgef\u00fchrt, viele davon v\u00f6llig ohne Vorwarnung.<\/li>\n<li>Weniger als 100 Stunden nach der erneuten Eskalation der K\u00e4mpfe waren laut dem Norwegischen Fl\u00fcchtlingsrat bereits mehr als 300.000 Menschen im ganzen Land auf der Flucht.<\/li>\n<li>Am 6. M\u00e4rz gab das libanesische Notfallzentrum f\u00fcr \u00f6ffentliche Gesundheit bekannt, dass seit dem 2. M\u00e4rz 217 Menschen get\u00f6tet und 798 verletzt wurden. Mehr als 110.000 Vertriebene mussten in Sammelunterk\u00fcnften untergebracht werden.<\/li>\n<\/ul>\n<p>Das israelische Milit\u00e4r hat wiederholt Evakuierungen angeordnet. Zudem hat es in \u00fcber zwei Dutzend Gemeinden an der libanesischen Grenze massiv ziviles Eigentum zerst\u00f6rt. Dies geschah sowohl vor als auch nach dem Waffenstillstand im November 2024.<\/p>\n<p>Das weckt gro\u00dfe Sorge: Es besteht der Verdacht, dass einige dieser Befehle darauf abzielen, Zivilist*innen gewaltsam und f\u00fcr immer zu vertreiben. Eine solche dauerhafte Vertreibung ist laut dem humanit\u00e4ren V\u00f6lkerrecht verboten und in der Vergangenheit blieben israelische Verst\u00f6\u00dfe gegen das V\u00f6lkerrecht straffrei.<\/p>\n<p>Das hat die israelische Regierung nun dazu ermutigt, solche Taten zu wiederholen \u2013 Zivilist*innen geraten dadurch erneut in gro\u00dfe Gefahr.<\/p>\n<p><strong>Alle Vorf\u00e4lle m\u00fcssen untersucht werden<\/strong><\/p>\n<p>Wir fordern eine Aufarbeitung aller Vorf\u00e4lle: Seit Oktober 2023 hat Amnesty International Israels rechtswidrige Angriffe auf Zivilist*innen und zivile Objekte, den Einsatz von wei\u00dfem Phosphor und die umfangreichen Zerst\u00f6rungen in Grenzd\u00f6rfern genau dokumentiert.<\/p>\n<p>Ebenso haben wir die wiederholten Raketenangriffe der Hisbollah auf zivile Gebiete in Israel dokumentiert. All dies muss als Kriegsverbrechen untersucht werden.<\/p>\n<p>&nbsp;<\/p>\n","protected":false},"excerpt":{"rendered":"<p>10.03.2026 In den vergangenen vier Tagen hat das israelische Milit\u00e4r im Libanon weitreichende Evakuierungsbefehle erlassen, die Hunderttausende Menschen in die Flucht treiben. Diese pauschalen Aufforderungen sch\u00fcren Panik und versch\u00e4rfen eine ohnehin dramatische humanit\u00e4re Krise. Alle Konfliktparteien, die israelische Regierung und&hellip;<\/p>\n","protected":false},"author":432,"featured_media":2683704,"comment_status":"closed","ping_status":"closed","sticky":false,"template":"","format":"standard","meta":{"footnotes":""},"categories":[9167,9151,9145],"tags":[153400,10570,55501],"class_list":["post-2683687","post","type-post","status-publish","format-standard","has-post-thumbnail","hentry","category-frieden-und-abruestung","category-mittlerer-osten","category-pressemitteilungen","tag-israelische-luftangriffe","tag-libanon","tag-massenvertreibung"],"yoast_head":"<!-- This site is optimized with the Yoast SEO plugin v27.1.1 - https:\/\/yoast.com\/product\/yoast-seo-wordpress\/ -->\n<title>Libanon: Hunderttausende wegen Israels Evakuierungsbefehlen auf der Flucht<\/title>\n<meta name=\"description\" content=\"10.03.2026 In den vergangenen vier Tagen hat das israelische Milit\u00e4r im Libanon weitreichende Evakuierungsbefehle erlassen, die Hunderttausende Menschen\" \/>\n<meta name=\"robots\" content=\"index, follow, max-snippet:-1, max-image-preview:large, max-video-preview:-1\" \/>\n<link rel=\"canonical\" href=\"https:\/\/www.pressenza.com\/de\/2026\/03\/libanon-hunderttausende-wegen-israels-evakuierungsbefehlen-auf-der-flucht\/\" \/>\n<meta property=\"og:locale\" content=\"de_DE\" \/>\n<meta property=\"og:type\" content=\"article\" \/>\n<meta property=\"og:title\" content=\"Libanon: Hunderttausende wegen Israels Evakuierungsbefehlen auf der Flucht\" \/>\n<meta property=\"og:description\" content=\"10.03.2026 In den vergangenen vier Tagen hat das israelische Milit\u00e4r im Libanon weitreichende Evakuierungsbefehle erlassen, die Hunderttausende Menschen\" \/>\n<meta property=\"og:url\" content=\"https:\/\/www.pressenza.com\/de\/2026\/03\/libanon-hunderttausende-wegen-israels-evakuierungsbefehlen-auf-der-flucht\/\" \/>\n<meta property=\"og:site_name\" content=\"Pressenza\" \/>\n<meta property=\"article:publisher\" content=\"https:\/\/www.facebook.com\/PressenzaItalia\" \/>\n<meta property=\"article:author\" content=\"https:\/\/www.facebook.com\/amnestyglobal\" \/>\n<meta property=\"article:published_time\" content=\"2026-03-12T17:40:39+00:00\" \/>\n<meta property=\"og:image\" content=\"https:\/\/www.pressenza.com\/wp-content\/uploads\/2026\/03\/Libanon-Flucht-Zivilbevoelkerung-Zivilisten-Evakuierung-Luftangriffe-Israel-Bekaa-Ebene-Maerz-2026-1.webp\" \/>\n\t<meta property=\"og:image:width\" content=\"820\" \/>\n\t<meta property=\"og:image:height\" content=\"578\" \/>\n\t<meta property=\"og:image:type\" content=\"image\/webp\" \/>\n<meta name=\"author\" content=\"Amnesty International\" \/>\n<meta name=\"twitter:card\" content=\"summary_large_image\" \/>\n<meta name=\"twitter:creator\" content=\"@amnesty\" \/>\n<meta name=\"twitter:site\" content=\"@PressenzaIPA\" \/>\n<meta name=\"twitter:label1\" content=\"Verfasst von\" \/>\n\t<meta name=\"twitter:data1\" content=\"Amnesty International\" \/>\n\t<meta name=\"twitter:label2\" content=\"Gesch\u00e4tzte Lesezeit\" \/>\n\t<meta name=\"twitter:data2\" content=\"4\u00a0Minuten\" \/>\n<script type=\"application\/ld+json\" class=\"yoast-schema-graph\">{\"@context\":\"https:\/\/schema.org\",\"@graph\":[{\"@type\":\"Article\",\"@id\":\"https:\/\/www.pressenza.com\/de\/2026\/03\/libanon-hunderttausende-wegen-israels-evakuierungsbefehlen-auf-der-flucht\/#article\",\"isPartOf\":{\"@id\":\"https:\/\/www.pressenza.com\/de\/2026\/03\/libanon-hunderttausende-wegen-israels-evakuierungsbefehlen-auf-der-flucht\/\"},\"author\":{\"name\":\"Amnesty International\",\"@id\":\"https:\/\/www.pressenza.com\/de\/#\/schema\/person\/9b981b05c7ecf09292e6acb3223b2d9d\"},\"headline\":\"Libanon: Hunderttausende wegen Israels Evakuierungsbefehlen auf der Flucht\",\"datePublished\":\"2026-03-12T17:40:39+00:00\",\"mainEntityOfPage\":{\"@id\":\"https:\/\/www.pressenza.com\/de\/2026\/03\/libanon-hunderttausende-wegen-israels-evakuierungsbefehlen-auf-der-flucht\/\"},\"wordCount\":801,\"publisher\":{\"@id\":\"https:\/\/www.pressenza.com\/de\/#organization\"},\"image\":{\"@id\":\"https:\/\/www.pressenza.com\/de\/2026\/03\/libanon-hunderttausende-wegen-israels-evakuierungsbefehlen-auf-der-flucht\/#primaryimage\"},\"thumbnailUrl\":\"https:\/\/www.pressenza.com\/wp-content\/uploads\/2026\/03\/Libanon-Flucht-Zivilbevoelkerung-Zivilisten-Evakuierung-Luftangriffe-Israel-Bekaa-Ebene-Maerz-2026-1.webp\",\"keywords\":[\"israelische Luftangriffe\",\"Libanon\",\"Massenvertreibung\"],\"articleSection\":[\"Frieden und Abr\u00fcstung\",\"Mittlerer Osten\",\"Pressemitteilungen\"],\"inLanguage\":\"de\"},{\"@type\":\"WebPage\",\"@id\":\"https:\/\/www.pressenza.com\/de\/2026\/03\/libanon-hunderttausende-wegen-israels-evakuierungsbefehlen-auf-der-flucht\/\",\"url\":\"https:\/\/www.pressenza.com\/de\/2026\/03\/libanon-hunderttausende-wegen-israels-evakuierungsbefehlen-auf-der-flucht\/\",\"name\":\"Libanon: Hunderttausende wegen Israels Evakuierungsbefehlen auf der Flucht\",\"isPartOf\":{\"@id\":\"https:\/\/www.pressenza.com\/de\/#website\"},\"primaryImageOfPage\":{\"@id\":\"https:\/\/www.pressenza.com\/de\/2026\/03\/libanon-hunderttausende-wegen-israels-evakuierungsbefehlen-auf-der-flucht\/#primaryimage\"},\"image\":{\"@id\":\"https:\/\/www.pressenza.com\/de\/2026\/03\/libanon-hunderttausende-wegen-israels-evakuierungsbefehlen-auf-der-flucht\/#primaryimage\"},\"thumbnailUrl\":\"https:\/\/www.pressenza.com\/wp-content\/uploads\/2026\/03\/Libanon-Flucht-Zivilbevoelkerung-Zivilisten-Evakuierung-Luftangriffe-Israel-Bekaa-Ebene-Maerz-2026-1.webp\",\"datePublished\":\"2026-03-12T17:40:39+00:00\",\"description\":\"10.03.2026 In den vergangenen vier Tagen hat das israelische Milit\u00e4r im Libanon weitreichende Evakuierungsbefehle erlassen, die Hunderttausende Menschen\",\"breadcrumb\":{\"@id\":\"https:\/\/www.pressenza.com\/de\/2026\/03\/libanon-hunderttausende-wegen-israels-evakuierungsbefehlen-auf-der-flucht\/#breadcrumb\"},\"inLanguage\":\"de\",\"potentialAction\":[{\"@type\":\"ReadAction\",\"target\":[\"https:\/\/www.pressenza.com\/de\/2026\/03\/libanon-hunderttausende-wegen-israels-evakuierungsbefehlen-auf-der-flucht\/\"]}]},{\"@type\":\"ImageObject\",\"inLanguage\":\"de\",\"@id\":\"https:\/\/www.pressenza.com\/de\/2026\/03\/libanon-hunderttausende-wegen-israels-evakuierungsbefehlen-auf-der-flucht\/#primaryimage\",\"url\":\"https:\/\/www.pressenza.com\/wp-content\/uploads\/2026\/03\/Libanon-Flucht-Zivilbevoelkerung-Zivilisten-Evakuierung-Luftangriffe-Israel-Bekaa-Ebene-Maerz-2026-1.webp\",\"contentUrl\":\"https:\/\/www.pressenza.com\/wp-content\/uploads\/2026\/03\/Libanon-Flucht-Zivilbevoelkerung-Zivilisten-Evakuierung-Luftangriffe-Israel-Bekaa-Ebene-Maerz-2026-1.webp\",\"width\":820,\"height\":578,\"caption\":\"Tausende Menschen flohen am 2. M\u00e4rz 2026 im S\u00fcdlibanon und in der Bekaa-Ebene Richtung Norden, nachdem das israelische Milit\u00e4r schwere Luftangriffe und Bombardements angek\u00fcndigt hatte. (\u00a9 Anadolu via Getty Images)\"},{\"@type\":\"BreadcrumbList\",\"@id\":\"https:\/\/www.pressenza.com\/de\/2026\/03\/libanon-hunderttausende-wegen-israels-evakuierungsbefehlen-auf-der-flucht\/#breadcrumb\",\"itemListElement\":[{\"@type\":\"ListItem\",\"position\":1,\"name\":\"Accueil\",\"item\":\"https:\/\/www.pressenza.com\/de\/\"},{\"@type\":\"ListItem\",\"position\":2,\"name\":\"Libanon: Hunderttausende wegen Israels Evakuierungsbefehlen auf der Flucht\"}]},{\"@type\":\"WebSite\",\"@id\":\"https:\/\/www.pressenza.com\/de\/#website\",\"url\":\"https:\/\/www.pressenza.com\/de\/\",\"name\":\"Pressenza\",\"description\":\"International Press Agency\",\"publisher\":{\"@id\":\"https:\/\/www.pressenza.com\/de\/#organization\"},\"potentialAction\":[{\"@type\":\"SearchAction\",\"target\":{\"@type\":\"EntryPoint\",\"urlTemplate\":\"https:\/\/www.pressenza.com\/de\/?s={search_term_string}\"},\"query-input\":{\"@type\":\"PropertyValueSpecification\",\"valueRequired\":true,\"valueName\":\"search_term_string\"}}],\"inLanguage\":\"de\"},{\"@type\":\"Organization\",\"@id\":\"https:\/\/www.pressenza.com\/de\/#organization\",\"name\":\"Pressenza\",\"url\":\"https:\/\/www.pressenza.com\/de\/\",\"logo\":{\"@type\":\"ImageObject\",\"inLanguage\":\"de\",\"@id\":\"https:\/\/www.pressenza.com\/de\/#\/schema\/logo\/image\/\",\"url\":\"https:\/\/www.pressenza.com\/wp-content\/uploads\/2022\/10\/pressenza_logo_200x200.jpg\",\"contentUrl\":\"https:\/\/www.pressenza.com\/wp-content\/uploads\/2022\/10\/pressenza_logo_200x200.jpg\",\"width\":200,\"height\":200,\"caption\":\"Pressenza\"},\"image\":{\"@id\":\"https:\/\/www.pressenza.com\/de\/#\/schema\/logo\/image\/\"},\"sameAs\":[\"https:\/\/www.facebook.com\/PressenzaItalia\",\"https:\/\/x.com\/PressenzaIPA\"]},{\"@type\":\"Person\",\"@id\":\"https:\/\/www.pressenza.com\/de\/#\/schema\/person\/9b981b05c7ecf09292e6acb3223b2d9d\",\"name\":\"Amnesty International\",\"description\":\"Amnesty International is a global movement of more than 3 million supporters, members and activists in over 150 countries and territories who campaign to end grave abuses of human rights. Our vision is for every person to enjoy all the rights enshrined in the Universal Declaration of Human Rights and other international human rights standards. www.amnesty.org\",\"sameAs\":[\"http:\/\/www.amnesty.it\",\"https:\/\/www.facebook.com\/amnestyglobal\",\"https:\/\/x.com\/amnesty\"],\"url\":\"https:\/\/www.pressenza.com\/de\/author\/amnesty-international\/\"}]}<\/script>\n<!-- \/ Yoast SEO plugin. -->","yoast_head_json":{"title":"Libanon: Hunderttausende wegen Israels Evakuierungsbefehlen auf der Flucht","description":"10.03.2026 In den vergangenen vier Tagen hat das israelische Milit\u00e4r im Libanon weitreichende Evakuierungsbefehle erlassen, die Hunderttausende Menschen","robots":{"index":"index","follow":"follow","max-snippet":"max-snippet:-1","max-image-preview":"max-image-preview:large","max-video-preview":"max-video-preview:-1"},"canonical":"https:\/\/www.pressenza.com\/de\/2026\/03\/libanon-hunderttausende-wegen-israels-evakuierungsbefehlen-auf-der-flucht\/","og_locale":"de_DE","og_type":"article","og_title":"Libanon: Hunderttausende wegen Israels Evakuierungsbefehlen auf der Flucht","og_description":"10.03.2026 In den vergangenen vier Tagen hat das israelische Milit\u00e4r im Libanon weitreichende Evakuierungsbefehle erlassen, die Hunderttausende Menschen","og_url":"https:\/\/www.pressenza.com\/de\/2026\/03\/libanon-hunderttausende-wegen-israels-evakuierungsbefehlen-auf-der-flucht\/","og_site_name":"Pressenza","article_publisher":"https:\/\/www.facebook.com\/PressenzaItalia","article_author":"https:\/\/www.facebook.com\/amnestyglobal","article_published_time":"2026-03-12T17:40:39+00:00","og_image":[{"width":820,"height":578,"url":"https:\/\/www.pressenza.com\/wp-content\/uploads\/2026\/03\/Libanon-Flucht-Zivilbevoelkerung-Zivilisten-Evakuierung-Luftangriffe-Israel-Bekaa-Ebene-Maerz-2026-1.webp","type":"image\/webp"}],"author":"Amnesty International","twitter_card":"summary_large_image","twitter_creator":"@amnesty","twitter_site":"@PressenzaIPA","twitter_misc":{"Verfasst von":"Amnesty International","Gesch\u00e4tzte Lesezeit":"4\u00a0Minuten"},"schema":{"@context":"https:\/\/schema.org","@graph":[{"@type":"Article","@id":"https:\/\/www.pressenza.com\/de\/2026\/03\/libanon-hunderttausende-wegen-israels-evakuierungsbefehlen-auf-der-flucht\/#article","isPartOf":{"@id":"https:\/\/www.pressenza.com\/de\/2026\/03\/libanon-hunderttausende-wegen-israels-evakuierungsbefehlen-auf-der-flucht\/"},"author":{"name":"Amnesty International","@id":"https:\/\/www.pressenza.com\/de\/#\/schema\/person\/9b981b05c7ecf09292e6acb3223b2d9d"},"headline":"Libanon: Hunderttausende wegen Israels Evakuierungsbefehlen auf der Flucht","datePublished":"2026-03-12T17:40:39+00:00","mainEntityOfPage":{"@id":"https:\/\/www.pressenza.com\/de\/2026\/03\/libanon-hunderttausende-wegen-israels-evakuierungsbefehlen-auf-der-flucht\/"},"wordCount":801,"publisher":{"@id":"https:\/\/www.pressenza.com\/de\/#organization"},"image":{"@id":"https:\/\/www.pressenza.com\/de\/2026\/03\/libanon-hunderttausende-wegen-israels-evakuierungsbefehlen-auf-der-flucht\/#primaryimage"},"thumbnailUrl":"https:\/\/www.pressenza.com\/wp-content\/uploads\/2026\/03\/Libanon-Flucht-Zivilbevoelkerung-Zivilisten-Evakuierung-Luftangriffe-Israel-Bekaa-Ebene-Maerz-2026-1.webp","keywords":["israelische Luftangriffe","Libanon","Massenvertreibung"],"articleSection":["Frieden und Abr\u00fcstung","Mittlerer Osten","Pressemitteilungen"],"inLanguage":"de"},{"@type":"WebPage","@id":"https:\/\/www.pressenza.com\/de\/2026\/03\/libanon-hunderttausende-wegen-israels-evakuierungsbefehlen-auf-der-flucht\/","url":"https:\/\/www.pressenza.com\/de\/2026\/03\/libanon-hunderttausende-wegen-israels-evakuierungsbefehlen-auf-der-flucht\/","name":"Libanon: Hunderttausende wegen Israels Evakuierungsbefehlen auf der Flucht","isPartOf":{"@id":"https:\/\/www.pressenza.com\/de\/#website"},"primaryImageOfPage":{"@id":"https:\/\/www.pressenza.com\/de\/2026\/03\/libanon-hunderttausende-wegen-israels-evakuierungsbefehlen-auf-der-flucht\/#primaryimage"},"image":{"@id":"https:\/\/www.pressenza.com\/de\/2026\/03\/libanon-hunderttausende-wegen-israels-evakuierungsbefehlen-auf-der-flucht\/#primaryimage"},"thumbnailUrl":"https:\/\/www.pressenza.com\/wp-content\/uploads\/2026\/03\/Libanon-Flucht-Zivilbevoelkerung-Zivilisten-Evakuierung-Luftangriffe-Israel-Bekaa-Ebene-Maerz-2026-1.webp","datePublished":"2026-03-12T17:40:39+00:00","description":"10.03.2026 In den vergangenen vier Tagen hat das israelische Milit\u00e4r im Libanon weitreichende Evakuierungsbefehle erlassen, die Hunderttausende Menschen","breadcrumb":{"@id":"https:\/\/www.pressenza.com\/de\/2026\/03\/libanon-hunderttausende-wegen-israels-evakuierungsbefehlen-auf-der-flucht\/#breadcrumb"},"inLanguage":"de","potentialAction":[{"@type":"ReadAction","target":["https:\/\/www.pressenza.com\/de\/2026\/03\/libanon-hunderttausende-wegen-israels-evakuierungsbefehlen-auf-der-flucht\/"]}]},{"@type":"ImageObject","inLanguage":"de","@id":"https:\/\/www.pressenza.com\/de\/2026\/03\/libanon-hunderttausende-wegen-israels-evakuierungsbefehlen-auf-der-flucht\/#primaryimage","url":"https:\/\/www.pressenza.com\/wp-content\/uploads\/2026\/03\/Libanon-Flucht-Zivilbevoelkerung-Zivilisten-Evakuierung-Luftangriffe-Israel-Bekaa-Ebene-Maerz-2026-1.webp","contentUrl":"https:\/\/www.pressenza.com\/wp-content\/uploads\/2026\/03\/Libanon-Flucht-Zivilbevoelkerung-Zivilisten-Evakuierung-Luftangriffe-Israel-Bekaa-Ebene-Maerz-2026-1.webp","width":820,"height":578,"caption":"Tausende Menschen flohen am 2. M\u00e4rz 2026 im S\u00fcdlibanon und in der Bekaa-Ebene Richtung Norden, nachdem das israelische Milit\u00e4r schwere Luftangriffe und Bombardements angek\u00fcndigt hatte. (\u00a9 Anadolu via Getty Images)"},{"@type":"BreadcrumbList","@id":"https:\/\/www.pressenza.com\/de\/2026\/03\/libanon-hunderttausende-wegen-israels-evakuierungsbefehlen-auf-der-flucht\/#breadcrumb","itemListElement":[{"@type":"ListItem","position":1,"name":"Accueil","item":"https:\/\/www.pressenza.com\/de\/"},{"@type":"ListItem","position":2,"name":"Libanon: Hunderttausende wegen Israels Evakuierungsbefehlen auf der Flucht"}]},{"@type":"WebSite","@id":"https:\/\/www.pressenza.com\/de\/#website","url":"https:\/\/www.pressenza.com\/de\/","name":"Pressenza","description":"International Press Agency","publisher":{"@id":"https:\/\/www.pressenza.com\/de\/#organization"},"potentialAction":[{"@type":"SearchAction","target":{"@type":"EntryPoint","urlTemplate":"https:\/\/www.pressenza.com\/de\/?s={search_term_string}"},"query-input":{"@type":"PropertyValueSpecification","valueRequired":true,"valueName":"search_term_string"}}],"inLanguage":"de"},{"@type":"Organization","@id":"https:\/\/www.pressenza.com\/de\/#organization","name":"Pressenza","url":"https:\/\/www.pressenza.com\/de\/","logo":{"@type":"ImageObject","inLanguage":"de","@id":"https:\/\/www.pressenza.com\/de\/#\/schema\/logo\/image\/","url":"https:\/\/www.pressenza.com\/wp-content\/uploads\/2022\/10\/pressenza_logo_200x200.jpg","contentUrl":"https:\/\/www.pressenza.com\/wp-content\/uploads\/2022\/10\/pressenza_logo_200x200.jpg","width":200,"height":200,"caption":"Pressenza"},"image":{"@id":"https:\/\/www.pressenza.com\/de\/#\/schema\/logo\/image\/"},"sameAs":["https:\/\/www.facebook.com\/PressenzaItalia","https:\/\/x.com\/PressenzaIPA"]},{"@type":"Person","@id":"https:\/\/www.pressenza.com\/de\/#\/schema\/person\/9b981b05c7ecf09292e6acb3223b2d9d","name":"Amnesty International","description":"Amnesty International is a global movement of more than 3 million supporters, members and activists in over 150 countries and territories who campaign to end grave abuses of human rights. Our vision is for every person to enjoy all the rights enshrined in the Universal Declaration of Human Rights and other international human rights standards. www.amnesty.org","sameAs":["http:\/\/www.amnesty.it","https:\/\/www.facebook.com\/amnestyglobal","https:\/\/x.com\/amnesty"],"url":"https:\/\/www.pressenza.com\/de\/author\/amnesty-international\/"}]}},"place":"","original_article_url":"https:\/\/www.amnesty.de\/informieren\/aktuelles","_links":{"self":[{"href":"https:\/\/www.pressenza.com\/de\/wp-json\/wp\/v2\/posts\/2683687","targetHints":{"allow":["GET"]}}],"collection":[{"href":"https:\/\/www.pressenza.com\/de\/wp-json\/wp\/v2\/posts"}],"about":[{"href":"https:\/\/www.pressenza.com\/de\/wp-json\/wp\/v2\/types\/post"}],"author":[{"embeddable":true,"href":"https:\/\/www.pressenza.com\/de\/wp-json\/wp\/v2\/users\/432"}],"replies":[{"embeddable":true,"href":"https:\/\/www.pressenza.com\/de\/wp-json\/wp\/v2\/comments?post=2683687"}],"version-history":[{"count":1,"href":"https:\/\/www.pressenza.com\/de\/wp-json\/wp\/v2\/posts\/2683687\/revisions"}],"predecessor-version":[{"id":2683710,"href":"https:\/\/www.pressenza.com\/de\/wp-json\/wp\/v2\/posts\/2683687\/revisions\/2683710"}],"wp:featuredmedia":[{"embeddable":true,"href":"https:\/\/www.pressenza.com\/de\/wp-json\/wp\/v2\/media\/2683704"}],"wp:attachment":[{"href":"https:\/\/www.pressenza.com\/de\/wp-json\/wp\/v2\/media?parent=2683687"}],"wp:term":[{"taxonomy":"category","embeddable":true,"href":"https:\/\/www.pressenza.com\/de\/wp-json\/wp\/v2\/categories?post=2683687"},{"taxonomy":"post_tag","embeddable":true,"href":"https:\/\/www.pressenza.com\/de\/wp-json\/wp\/v2\/tags?post=2683687"}],"curies":[{"name":"wp","href":"https:\/\/api.w.org\/{rel}","templated":true}]}}