{"id":2683663,"date":"2026-03-12T16:58:40","date_gmt":"2026-03-12T16:58:40","guid":{"rendered":"https:\/\/www.pressenza.com\/?p=2683663"},"modified":"2026-03-12T16:58:40","modified_gmt":"2026-03-12T16:58:40","slug":"eines-der-aeltesten-noch-besetzten-wohn-und-kulturraeume-der-schweiz-soll-gewaltsam-geraeumt-werden-winterthur-selbstverwaltete-kulturraeume-von-raeumung-bedroht","status":"publish","type":"post","link":"https:\/\/www.pressenza.com\/de\/2026\/03\/eines-der-aeltesten-noch-besetzten-wohn-und-kulturraeume-der-schweiz-soll-gewaltsam-geraeumt-werden-winterthur-selbstverwaltete-kulturraeume-von-raeumung-bedroht\/","title":{"rendered":"Eines der \u00e4ltesten noch besetzten Wohn- und Kulturr\u00e4ume der Schweiz soll gewaltsam ger\u00e4umt werden &#8211; Winterthur: Selbstverwaltete Kulturr\u00e4ume von R\u00e4umung bedroht"},"content":{"rendered":"<p>Wie in vielen anderen St\u00e4dten ist auch in Winterthur der bezahlbare Wohn- und Kulturraum unter starkem Druck. Aus jedem Haus und St\u00fcck Boden soll m\u00f6glichst viel Profit gepresst werden.<\/p>\n<p>Die Gisi, seit 1997 besetzt, ist akut r\u00e4umungsbedroht. Die R\u00e4umung soll im Fr\u00fchjahr 2026 erfolgen. Alle Versuche mit der SKKG in einen ernsthaften Dialog zu treten, sind gescheitert. Die Wagenpl\u00e4tze \u00abFrostschutz\u00bb und \u00abMumpitz\u00bb sind ebenfalls r\u00e4umungsbedroht. W\u00e4hrend die Bewohner:innen versuchen, mit der Stadt \u00fcber einen langfristigen Verbleib zu sprechen, verweigert die Stadt den Dialog und geht gegen die Bewohner:innen mit Gerichtsverfahren vor.<\/p>\n<p>Die selbstverwalteten H\u00e4user und Wagenpl\u00e4tze sind Teil eines vielf\u00e4ltigen Netzwerks selbstorganisierter R\u00e4ume und Betriebe. Sie sind Teil der Kultur und Geschichte dieser Stadt. Sie sind dringend ben\u00f6tigter, g\u00fcnstiger Wohn- und Kulturraum f\u00fcr viele. Sie sind f\u00fcr uns aus der Stadt nicht wegzudenken.<br \/>\nIn Zeiten der akuten Wohnungsnot, in der viele Lohnabh\u00e4ngige M\u00fche haben, die steigenden Mieten zu bezahlen, d\u00fcrfen wir der Zerst\u00f6rung von g\u00fcnstigem Wohnraum nicht tatenlos zusehen.<\/p>\n<p>Um unseren Forderungen Nachdruck zu verleihen, <a href=\"https:\/\/act.campax.org\/petitions\/gisi-bleibt-fur-den-erhalt-des-selbstverwalteten-wohn-und-kulturraums-in-winterthur\" target=\"_blank\" rel=\"noopener\">haben wir Unterschriften gesammelt<\/a>. Gemeinsam \u00fcbergeben wir die gesammelten Unterschriften der Gisi-bleibt-Petition sowie einen <a href=\"http:\/\/www.wohnraumverteidigen.org\/offenerbrief\/\" target=\"_blank\" rel=\"noopener\">offenen Brief an die SKKG und die Stadtverwaltung<\/a>. Konkret fordern wir sie dazu auf, mit den Bewohner:innen der selbstverwalteten H\u00e4user und Wagenpl\u00e4tze in einen ernsthaften Dialog zu treten, statt auf R\u00e4umung, Gewalt und Zerst\u00f6rung zu setzen.<\/p>\n<p>Seit einiger Zeit versuchen wir, die selbstverwalteten H\u00e4user und Wagenpl\u00e4tze von Winterthur vor der R\u00e4umung und Zerst\u00f6rung zu bewahren. Diese H\u00e4user und Pl\u00e4tze sind seit Jahrzehnten Wohn- und Kulturraum f\u00fcr viele Leute.<\/p>\n<p>Wie in vielen anderen St\u00e4dten sind auch in Winterthur der bezahlbare Wohnraum und unkommerzielle Kulturr\u00e4ume unter starkem Druck. Aus jedem Haus und St\u00fcck Boden soll m\u00f6glichst viel Profit gepresst werden. Um das zu erreichen, werden Leerk\u00fcndigungen, Abriss und lukrative Neubauten vorangetrieben. Die Stadt Winterthur betreibt seit Jahrzehnten eine neoliberale Standortpolitik, die Reiche anziehen und Arme vertreiben soll. Die Immobilienwirtschaft macht Kasse.<\/p>\n<p>Vor ein paar Jahren hat die Stefanini-Stiftung f\u00fcr Kunst, Kultur und Geschichte SKKG &#8211; eine der gr\u00f6\u00dften Eigent\u00fcmerinnen von g\u00fcnstigem, aber schlecht unterhaltenem Wohnraum in Winterthur &#8211; ihre so genannten \u00abSanierungsoffensive\u00bb angek\u00fcndigt. Die SKKG besitzt \u00fcber 1300 Wohnungen in Winterthur und \u00fcber 2200 Wohnungen in der gesamten Schweiz. Die Stiftung hat in der Zwischenzeit mehrere Altstadth\u00e4user totalsaniert und danach die Mieten deutlich erh\u00f6ht. Neben der Sanierung ihrer Altstadth\u00e4user plant die SKKG auch die Sanierung oder den Abriss aller gro\u00dfen Blocksiedlungen in den Au\u00dfenquartieren. Ihr erkl\u00e4rtes Ziel ist, die Rendite deutlich zu erh\u00f6hen. Sie nimmt dabei die Verdr\u00e4ngung der bisherigen Bewohner:innen in Kauf.<\/p>\n<p>Auch drei der sieben selbstverwalteten Stefanini-H\u00e4user und zwei Wagenpl\u00e4tze (auf st\u00e4dtischem Boden) sind akut von einer R\u00e4umung und Zerst\u00f6rung bedroht. Trotz mehrerer Versuche der Bewohner:innen, mit der SKKG und der Stadt \u00fcber einen langfristigen Verbleib zu verhandeln, setzen beide auf Vertreibung.<br \/>\nWir haben uns 2020 als H\u00e4uservernetzung Winterthur zusammengeschlossen, um den selbstverwalteten Wohn- und Kulturraum zu erhalten.<\/p>\n<p>Wir haben der SKKG ernst gemeinte Vorschl\u00e4ge zum sozial und \u00f6kologisch nachhaltigen Erhalt des Wohn- und Kulturraums an der General-Guisan-Stra\u00dfe 31, an der Z\u00fcrcherstra\u00dfe 117 und an der Schaffhauserstra\u00dfe 62 vorgelegt. Wir haben einen realistischen Renovationsplan ausgearbeitet und eine \u00dcbernahme der H\u00e4user im Baurecht vorgeschlagen. Die SKKG hat Verhandlungen kategorisch abgelehnt und stattdessen die R\u00e4umung der H\u00e4user angek\u00fcndigt.<\/p>\n<p>Die R\u00e4umung des \u00e4ltesten selbstverwalteten Hauses der Stadt, der General-Guisan-Stra\u00dfe 31, soll im Fr\u00fchjahr 2026 erfolgen, obwohl ein Rechtsstreit vor dem Obergericht h\u00e4ngig ist und noch keine Baubewilligung vorliegt. Die R\u00e4umung der Z\u00fcrcherstra\u00dfe 117 und der Schaffhauserstra\u00dfe 62 wurde angek\u00fcndigt und soll 2027 erfolgen. Und das in Zeiten der akuten Wohnungsnot.<\/p>\n<p>Die Bewohner:innen der Wagenpl\u00e4tze \u00abFrostschutz\u00bb und \u00abMumpitz \u201eversuchen ihrerseits seit langem, mit der Stadt \u00fcber einen langfristigen Verbleib zu sprechen. Die Stadt verweigert den Dialog und geht gegen die Bewohner:innen mit Gerichtsverfahren vor. Dem Wagenplatz \u00abFrostschutz\u00bb wurde die R\u00e4umung im September 2026 angedroht, weil die Stadt das Gebiet um den Sch\u00fctzenweiher aufwerten m\u00f6chte. Dabei verlieren auch die rund 50 Dauercamper:innen auf dem Campingplatz ihr Zuhause (dieser soll in ein TCS-Vierstern-Glamping umgewandelt werden). Gegen diesen unsozialen Plan der Stadt wurde das Referendum ergriffen.<\/p>\n<p>Wir sind auf bezahlbaren Wohnraum und unkommerziellen Kulturraum dringend angewiesen. Es gibt kaum noch g\u00fcnstige Wohnungen in der Stadt. Die selbstverwalteten H\u00e4user und Pl\u00e4tze werden seit Jahrzehnten von vielen Leuten genutzt, bewohnt und geliebt. Wir k\u00f6nnen sie nicht einfach kampflos aufgeben. Denn wir haben keine Anschlussl\u00f6sung und k\u00f6nnen uns keine der vielleicht 100 noch nicht vermieteten, da zu teuren Wohnungen in Winterthur (0,17 % Leerstand) leisten.<\/p>\n<p style=\"text-align: right;\"><a href=\"https:\/\/www.untergrund-bl\u00e4ttle.ch\/autorinnen\/?q=pm\" target=\"_blank\" rel=\"noopener\">pm<\/a><\/p>\n<p>&nbsp;<\/p>\n","protected":false},"excerpt":{"rendered":"<p>Wie in vielen anderen St\u00e4dten ist auch in Winterthur der bezahlbare Wohn- und Kulturraum unter starkem Druck. Aus jedem Haus und St\u00fcck Boden soll m\u00f6glichst viel Profit gepresst werden. Die Gisi, seit 1997 besetzt, ist akut r\u00e4umungsbedroht. Die R\u00e4umung soll&hellip;<\/p>\n","protected":false},"author":1556,"featured_media":2683670,"comment_status":"closed","ping_status":"closed","sticky":false,"template":"","format":"standard","meta":{"footnotes":""},"categories":[9150,9161,9168,9158],"tags":[153396,9183,153398,153397,120641,73270],"class_list":["post-2683663","post","type-post","status-publish","format-standard","has-post-thumbnail","hentry","category-europa-de","category-menschenrechte","category-politik","category-wirtschaft","tag-bauwagenplaetze","tag-schweiz","tag-skkg","tag-winterthur","tag-wohnungsmarkt","tag-zwangsraeumungen"],"yoast_head":"<!-- This site is optimized with the Yoast SEO plugin v27.1.1 - https:\/\/yoast.com\/product\/yoast-seo-wordpress\/ -->\n<title>Eines der \u00e4ltesten noch besetzten Wohn- und Kulturr\u00e4ume der Schweiz soll gewaltsam ger\u00e4umt werden - Winterthur: Selbstverwaltete Kulturr\u00e4ume von R\u00e4umung bedroht<\/title>\n<meta name=\"description\" content=\"Wie in vielen anderen St\u00e4dten ist auch in Winterthur der bezahlbare Wohn- und Kulturraum unter starkem Druck. Aus jedem Haus und St\u00fcck Boden soll\" \/>\n<meta name=\"robots\" content=\"index, follow, max-snippet:-1, max-image-preview:large, max-video-preview:-1\" \/>\n<link rel=\"canonical\" href=\"https:\/\/www.pressenza.com\/de\/2026\/03\/eines-der-aeltesten-noch-besetzten-wohn-und-kulturraeume-der-schweiz-soll-gewaltsam-geraeumt-werden-winterthur-selbstverwaltete-kulturraeume-von-raeumung-bedroht\/\" \/>\n<meta property=\"og:locale\" content=\"de_DE\" \/>\n<meta property=\"og:type\" content=\"article\" \/>\n<meta property=\"og:title\" content=\"Eines der \u00e4ltesten noch besetzten Wohn- und Kulturr\u00e4ume der Schweiz soll gewaltsam ger\u00e4umt werden - Winterthur: Selbstverwaltete Kulturr\u00e4ume von R\u00e4umung bedroht\" \/>\n<meta property=\"og:description\" content=\"Wie in vielen anderen St\u00e4dten ist auch in Winterthur der bezahlbare Wohn- und Kulturraum unter starkem Druck. Aus jedem Haus und St\u00fcck Boden soll\" \/>\n<meta property=\"og:url\" content=\"https:\/\/www.pressenza.com\/de\/2026\/03\/eines-der-aeltesten-noch-besetzten-wohn-und-kulturraeume-der-schweiz-soll-gewaltsam-geraeumt-werden-winterthur-selbstverwaltete-kulturraeume-von-raeumung-bedroht\/\" \/>\n<meta property=\"og:site_name\" content=\"Pressenza\" \/>\n<meta property=\"article:publisher\" content=\"https:\/\/www.facebook.com\/PressenzaItalia\" \/>\n<meta property=\"article:published_time\" content=\"2026-03-12T16:58:40+00:00\" \/>\n<meta property=\"og:image\" content=\"https:\/\/www.pressenza.com\/wp-content\/uploads\/2026\/03\/winterthur-selbstverwaltete-kulturraeume-von-raeumung-bedroht_w.webp\" \/>\n\t<meta property=\"og:image:width\" content=\"912\" \/>\n\t<meta property=\"og:image:height\" content=\"758\" \/>\n\t<meta property=\"og:image:type\" content=\"image\/webp\" \/>\n<meta name=\"author\" content=\"Untergrund-Bl\u00e4ttle\" \/>\n<meta name=\"twitter:card\" content=\"summary_large_image\" \/>\n<meta name=\"twitter:creator\" content=\"@PressenzaIPA\" \/>\n<meta name=\"twitter:site\" content=\"@PressenzaIPA\" \/>\n<meta name=\"twitter:label1\" content=\"Verfasst von\" \/>\n\t<meta name=\"twitter:data1\" content=\"Untergrund-Bl\u00e4ttle\" \/>\n\t<meta name=\"twitter:label2\" content=\"Gesch\u00e4tzte Lesezeit\" \/>\n\t<meta name=\"twitter:data2\" content=\"5\u00a0Minuten\" \/>\n<script type=\"application\/ld+json\" class=\"yoast-schema-graph\">{\"@context\":\"https:\/\/schema.org\",\"@graph\":[{\"@type\":\"Article\",\"@id\":\"https:\/\/www.pressenza.com\/de\/2026\/03\/eines-der-aeltesten-noch-besetzten-wohn-und-kulturraeume-der-schweiz-soll-gewaltsam-geraeumt-werden-winterthur-selbstverwaltete-kulturraeume-von-raeumung-bedroht\/#article\",\"isPartOf\":{\"@id\":\"https:\/\/www.pressenza.com\/de\/2026\/03\/eines-der-aeltesten-noch-besetzten-wohn-und-kulturraeume-der-schweiz-soll-gewaltsam-geraeumt-werden-winterthur-selbstverwaltete-kulturraeume-von-raeumung-bedroht\/\"},\"author\":{\"name\":\"Untergrund-Bl\u00e4ttle\",\"@id\":\"https:\/\/www.pressenza.com\/de\/#\/schema\/person\/769b3fca5f2f2d48f505e01a952bd7db\"},\"headline\":\"Eines der \u00e4ltesten noch besetzten Wohn- und Kulturr\u00e4ume der Schweiz soll gewaltsam ger\u00e4umt werden &#8211; Winterthur: Selbstverwaltete Kulturr\u00e4ume von R\u00e4umung bedroht\",\"datePublished\":\"2026-03-12T16:58:40+00:00\",\"mainEntityOfPage\":{\"@id\":\"https:\/\/www.pressenza.com\/de\/2026\/03\/eines-der-aeltesten-noch-besetzten-wohn-und-kulturraeume-der-schweiz-soll-gewaltsam-geraeumt-werden-winterthur-selbstverwaltete-kulturraeume-von-raeumung-bedroht\/\"},\"wordCount\":826,\"publisher\":{\"@id\":\"https:\/\/www.pressenza.com\/de\/#organization\"},\"image\":{\"@id\":\"https:\/\/www.pressenza.com\/de\/2026\/03\/eines-der-aeltesten-noch-besetzten-wohn-und-kulturraeume-der-schweiz-soll-gewaltsam-geraeumt-werden-winterthur-selbstverwaltete-kulturraeume-von-raeumung-bedroht\/#primaryimage\"},\"thumbnailUrl\":\"https:\/\/www.pressenza.com\/wp-content\/uploads\/2026\/03\/winterthur-selbstverwaltete-kulturraeume-von-raeumung-bedroht_w.webp\",\"keywords\":[\"Bauwagenpl\u00e4tze\",\"Schweiz\",\"SKKG\",\"Winterthur\",\"Wohnungsmarkt\",\"Zwangsr\u00e4umungen\"],\"articleSection\":[\"Europa\",\"Menschenrechte\",\"Politik\",\"Wirtschaft\"],\"inLanguage\":\"de\"},{\"@type\":\"WebPage\",\"@id\":\"https:\/\/www.pressenza.com\/de\/2026\/03\/eines-der-aeltesten-noch-besetzten-wohn-und-kulturraeume-der-schweiz-soll-gewaltsam-geraeumt-werden-winterthur-selbstverwaltete-kulturraeume-von-raeumung-bedroht\/\",\"url\":\"https:\/\/www.pressenza.com\/de\/2026\/03\/eines-der-aeltesten-noch-besetzten-wohn-und-kulturraeume-der-schweiz-soll-gewaltsam-geraeumt-werden-winterthur-selbstverwaltete-kulturraeume-von-raeumung-bedroht\/\",\"name\":\"Eines der \u00e4ltesten noch besetzten Wohn- und Kulturr\u00e4ume der Schweiz soll gewaltsam ger\u00e4umt werden - Winterthur: Selbstverwaltete Kulturr\u00e4ume von R\u00e4umung bedroht\",\"isPartOf\":{\"@id\":\"https:\/\/www.pressenza.com\/de\/#website\"},\"primaryImageOfPage\":{\"@id\":\"https:\/\/www.pressenza.com\/de\/2026\/03\/eines-der-aeltesten-noch-besetzten-wohn-und-kulturraeume-der-schweiz-soll-gewaltsam-geraeumt-werden-winterthur-selbstverwaltete-kulturraeume-von-raeumung-bedroht\/#primaryimage\"},\"image\":{\"@id\":\"https:\/\/www.pressenza.com\/de\/2026\/03\/eines-der-aeltesten-noch-besetzten-wohn-und-kulturraeume-der-schweiz-soll-gewaltsam-geraeumt-werden-winterthur-selbstverwaltete-kulturraeume-von-raeumung-bedroht\/#primaryimage\"},\"thumbnailUrl\":\"https:\/\/www.pressenza.com\/wp-content\/uploads\/2026\/03\/winterthur-selbstverwaltete-kulturraeume-von-raeumung-bedroht_w.webp\",\"datePublished\":\"2026-03-12T16:58:40+00:00\",\"description\":\"Wie in vielen anderen St\u00e4dten ist auch in Winterthur der bezahlbare Wohn- und Kulturraum unter starkem Druck. Aus jedem Haus und St\u00fcck Boden soll\",\"breadcrumb\":{\"@id\":\"https:\/\/www.pressenza.com\/de\/2026\/03\/eines-der-aeltesten-noch-besetzten-wohn-und-kulturraeume-der-schweiz-soll-gewaltsam-geraeumt-werden-winterthur-selbstverwaltete-kulturraeume-von-raeumung-bedroht\/#breadcrumb\"},\"inLanguage\":\"de\",\"potentialAction\":[{\"@type\":\"ReadAction\",\"target\":[\"https:\/\/www.pressenza.com\/de\/2026\/03\/eines-der-aeltesten-noch-besetzten-wohn-und-kulturraeume-der-schweiz-soll-gewaltsam-geraeumt-werden-winterthur-selbstverwaltete-kulturraeume-von-raeumung-bedroht\/\"]}]},{\"@type\":\"ImageObject\",\"inLanguage\":\"de\",\"@id\":\"https:\/\/www.pressenza.com\/de\/2026\/03\/eines-der-aeltesten-noch-besetzten-wohn-und-kulturraeume-der-schweiz-soll-gewaltsam-geraeumt-werden-winterthur-selbstverwaltete-kulturraeume-von-raeumung-bedroht\/#primaryimage\",\"url\":\"https:\/\/www.pressenza.com\/wp-content\/uploads\/2026\/03\/winterthur-selbstverwaltete-kulturraeume-von-raeumung-bedroht_w.webp\",\"contentUrl\":\"https:\/\/www.pressenza.com\/wp-content\/uploads\/2026\/03\/winterthur-selbstverwaltete-kulturraeume-von-raeumung-bedroht_w.webp\",\"width\":912,\"height\":758,\"caption\":\"Gisi in Winterthur. (Foto: zVg)\"},{\"@type\":\"BreadcrumbList\",\"@id\":\"https:\/\/www.pressenza.com\/de\/2026\/03\/eines-der-aeltesten-noch-besetzten-wohn-und-kulturraeume-der-schweiz-soll-gewaltsam-geraeumt-werden-winterthur-selbstverwaltete-kulturraeume-von-raeumung-bedroht\/#breadcrumb\",\"itemListElement\":[{\"@type\":\"ListItem\",\"position\":1,\"name\":\"Accueil\",\"item\":\"https:\/\/www.pressenza.com\/de\/\"},{\"@type\":\"ListItem\",\"position\":2,\"name\":\"Eines der \u00e4ltesten noch besetzten Wohn- und Kulturr\u00e4ume der Schweiz soll gewaltsam ger\u00e4umt werden &#8211; Winterthur: Selbstverwaltete Kulturr\u00e4ume von R\u00e4umung bedroht\"}]},{\"@type\":\"WebSite\",\"@id\":\"https:\/\/www.pressenza.com\/de\/#website\",\"url\":\"https:\/\/www.pressenza.com\/de\/\",\"name\":\"Pressenza\",\"description\":\"International Press Agency\",\"publisher\":{\"@id\":\"https:\/\/www.pressenza.com\/de\/#organization\"},\"potentialAction\":[{\"@type\":\"SearchAction\",\"target\":{\"@type\":\"EntryPoint\",\"urlTemplate\":\"https:\/\/www.pressenza.com\/de\/?s={search_term_string}\"},\"query-input\":{\"@type\":\"PropertyValueSpecification\",\"valueRequired\":true,\"valueName\":\"search_term_string\"}}],\"inLanguage\":\"de\"},{\"@type\":\"Organization\",\"@id\":\"https:\/\/www.pressenza.com\/de\/#organization\",\"name\":\"Pressenza\",\"url\":\"https:\/\/www.pressenza.com\/de\/\",\"logo\":{\"@type\":\"ImageObject\",\"inLanguage\":\"de\",\"@id\":\"https:\/\/www.pressenza.com\/de\/#\/schema\/logo\/image\/\",\"url\":\"https:\/\/www.pressenza.com\/wp-content\/uploads\/2022\/10\/pressenza_logo_200x200.jpg\",\"contentUrl\":\"https:\/\/www.pressenza.com\/wp-content\/uploads\/2022\/10\/pressenza_logo_200x200.jpg\",\"width\":200,\"height\":200,\"caption\":\"Pressenza\"},\"image\":{\"@id\":\"https:\/\/www.pressenza.com\/de\/#\/schema\/logo\/image\/\"},\"sameAs\":[\"https:\/\/www.facebook.com\/PressenzaItalia\",\"https:\/\/x.com\/PressenzaIPA\"]},{\"@type\":\"Person\",\"@id\":\"https:\/\/www.pressenza.com\/de\/#\/schema\/person\/769b3fca5f2f2d48f505e01a952bd7db\",\"name\":\"Untergrund-Bl\u00e4ttle\",\"description\":\"Online-Magazin f\u00fcr kritischen Journalismus aus dem Grossraum Z\u00fcrich. Untergrund-Bl\u00e4ttle publizieren analytische und kontroverse Texte zu den Themenschwerpunkten Politik, Gesellschaft, \u00d6konomie und \u00d6kologie. Ein ganz besonderes Augenmerk gilt dabei auch dem kulturellen Teil. Der inhaltlich und redaktionelle Anspruch liegt unter anderem darin, Synergien innerhalb von linken Str\u00f6mungen herzustellen.\",\"sameAs\":[\"http:\/\/www.xn--untergrund-blttle-2qb.ch\/\"],\"url\":\"https:\/\/www.pressenza.com\/de\/author\/untergrund-blaettle\/\"}]}<\/script>\n<!-- \/ Yoast SEO plugin. -->","yoast_head_json":{"title":"Eines der \u00e4ltesten noch besetzten Wohn- und Kulturr\u00e4ume der Schweiz soll gewaltsam ger\u00e4umt werden - Winterthur: Selbstverwaltete Kulturr\u00e4ume von R\u00e4umung bedroht","description":"Wie in vielen anderen St\u00e4dten ist auch in Winterthur der bezahlbare Wohn- und Kulturraum unter starkem Druck. Aus jedem Haus und St\u00fcck Boden soll","robots":{"index":"index","follow":"follow","max-snippet":"max-snippet:-1","max-image-preview":"max-image-preview:large","max-video-preview":"max-video-preview:-1"},"canonical":"https:\/\/www.pressenza.com\/de\/2026\/03\/eines-der-aeltesten-noch-besetzten-wohn-und-kulturraeume-der-schweiz-soll-gewaltsam-geraeumt-werden-winterthur-selbstverwaltete-kulturraeume-von-raeumung-bedroht\/","og_locale":"de_DE","og_type":"article","og_title":"Eines der \u00e4ltesten noch besetzten Wohn- und Kulturr\u00e4ume der Schweiz soll gewaltsam ger\u00e4umt werden - Winterthur: Selbstverwaltete Kulturr\u00e4ume von R\u00e4umung bedroht","og_description":"Wie in vielen anderen St\u00e4dten ist auch in Winterthur der bezahlbare Wohn- und Kulturraum unter starkem Druck. Aus jedem Haus und St\u00fcck Boden soll","og_url":"https:\/\/www.pressenza.com\/de\/2026\/03\/eines-der-aeltesten-noch-besetzten-wohn-und-kulturraeume-der-schweiz-soll-gewaltsam-geraeumt-werden-winterthur-selbstverwaltete-kulturraeume-von-raeumung-bedroht\/","og_site_name":"Pressenza","article_publisher":"https:\/\/www.facebook.com\/PressenzaItalia","article_published_time":"2026-03-12T16:58:40+00:00","og_image":[{"width":912,"height":758,"url":"https:\/\/www.pressenza.com\/wp-content\/uploads\/2026\/03\/winterthur-selbstverwaltete-kulturraeume-von-raeumung-bedroht_w.webp","type":"image\/webp"}],"author":"Untergrund-Bl\u00e4ttle","twitter_card":"summary_large_image","twitter_creator":"@PressenzaIPA","twitter_site":"@PressenzaIPA","twitter_misc":{"Verfasst von":"Untergrund-Bl\u00e4ttle","Gesch\u00e4tzte Lesezeit":"5\u00a0Minuten"},"schema":{"@context":"https:\/\/schema.org","@graph":[{"@type":"Article","@id":"https:\/\/www.pressenza.com\/de\/2026\/03\/eines-der-aeltesten-noch-besetzten-wohn-und-kulturraeume-der-schweiz-soll-gewaltsam-geraeumt-werden-winterthur-selbstverwaltete-kulturraeume-von-raeumung-bedroht\/#article","isPartOf":{"@id":"https:\/\/www.pressenza.com\/de\/2026\/03\/eines-der-aeltesten-noch-besetzten-wohn-und-kulturraeume-der-schweiz-soll-gewaltsam-geraeumt-werden-winterthur-selbstverwaltete-kulturraeume-von-raeumung-bedroht\/"},"author":{"name":"Untergrund-Bl\u00e4ttle","@id":"https:\/\/www.pressenza.com\/de\/#\/schema\/person\/769b3fca5f2f2d48f505e01a952bd7db"},"headline":"Eines der \u00e4ltesten noch besetzten Wohn- und Kulturr\u00e4ume der Schweiz soll gewaltsam ger\u00e4umt werden &#8211; Winterthur: Selbstverwaltete Kulturr\u00e4ume von R\u00e4umung bedroht","datePublished":"2026-03-12T16:58:40+00:00","mainEntityOfPage":{"@id":"https:\/\/www.pressenza.com\/de\/2026\/03\/eines-der-aeltesten-noch-besetzten-wohn-und-kulturraeume-der-schweiz-soll-gewaltsam-geraeumt-werden-winterthur-selbstverwaltete-kulturraeume-von-raeumung-bedroht\/"},"wordCount":826,"publisher":{"@id":"https:\/\/www.pressenza.com\/de\/#organization"},"image":{"@id":"https:\/\/www.pressenza.com\/de\/2026\/03\/eines-der-aeltesten-noch-besetzten-wohn-und-kulturraeume-der-schweiz-soll-gewaltsam-geraeumt-werden-winterthur-selbstverwaltete-kulturraeume-von-raeumung-bedroht\/#primaryimage"},"thumbnailUrl":"https:\/\/www.pressenza.com\/wp-content\/uploads\/2026\/03\/winterthur-selbstverwaltete-kulturraeume-von-raeumung-bedroht_w.webp","keywords":["Bauwagenpl\u00e4tze","Schweiz","SKKG","Winterthur","Wohnungsmarkt","Zwangsr\u00e4umungen"],"articleSection":["Europa","Menschenrechte","Politik","Wirtschaft"],"inLanguage":"de"},{"@type":"WebPage","@id":"https:\/\/www.pressenza.com\/de\/2026\/03\/eines-der-aeltesten-noch-besetzten-wohn-und-kulturraeume-der-schweiz-soll-gewaltsam-geraeumt-werden-winterthur-selbstverwaltete-kulturraeume-von-raeumung-bedroht\/","url":"https:\/\/www.pressenza.com\/de\/2026\/03\/eines-der-aeltesten-noch-besetzten-wohn-und-kulturraeume-der-schweiz-soll-gewaltsam-geraeumt-werden-winterthur-selbstverwaltete-kulturraeume-von-raeumung-bedroht\/","name":"Eines der \u00e4ltesten noch besetzten Wohn- und Kulturr\u00e4ume der Schweiz soll gewaltsam ger\u00e4umt werden - Winterthur: Selbstverwaltete Kulturr\u00e4ume von R\u00e4umung bedroht","isPartOf":{"@id":"https:\/\/www.pressenza.com\/de\/#website"},"primaryImageOfPage":{"@id":"https:\/\/www.pressenza.com\/de\/2026\/03\/eines-der-aeltesten-noch-besetzten-wohn-und-kulturraeume-der-schweiz-soll-gewaltsam-geraeumt-werden-winterthur-selbstverwaltete-kulturraeume-von-raeumung-bedroht\/#primaryimage"},"image":{"@id":"https:\/\/www.pressenza.com\/de\/2026\/03\/eines-der-aeltesten-noch-besetzten-wohn-und-kulturraeume-der-schweiz-soll-gewaltsam-geraeumt-werden-winterthur-selbstverwaltete-kulturraeume-von-raeumung-bedroht\/#primaryimage"},"thumbnailUrl":"https:\/\/www.pressenza.com\/wp-content\/uploads\/2026\/03\/winterthur-selbstverwaltete-kulturraeume-von-raeumung-bedroht_w.webp","datePublished":"2026-03-12T16:58:40+00:00","description":"Wie in vielen anderen St\u00e4dten ist auch in Winterthur der bezahlbare Wohn- und Kulturraum unter starkem Druck. Aus jedem Haus und St\u00fcck Boden soll","breadcrumb":{"@id":"https:\/\/www.pressenza.com\/de\/2026\/03\/eines-der-aeltesten-noch-besetzten-wohn-und-kulturraeume-der-schweiz-soll-gewaltsam-geraeumt-werden-winterthur-selbstverwaltete-kulturraeume-von-raeumung-bedroht\/#breadcrumb"},"inLanguage":"de","potentialAction":[{"@type":"ReadAction","target":["https:\/\/www.pressenza.com\/de\/2026\/03\/eines-der-aeltesten-noch-besetzten-wohn-und-kulturraeume-der-schweiz-soll-gewaltsam-geraeumt-werden-winterthur-selbstverwaltete-kulturraeume-von-raeumung-bedroht\/"]}]},{"@type":"ImageObject","inLanguage":"de","@id":"https:\/\/www.pressenza.com\/de\/2026\/03\/eines-der-aeltesten-noch-besetzten-wohn-und-kulturraeume-der-schweiz-soll-gewaltsam-geraeumt-werden-winterthur-selbstverwaltete-kulturraeume-von-raeumung-bedroht\/#primaryimage","url":"https:\/\/www.pressenza.com\/wp-content\/uploads\/2026\/03\/winterthur-selbstverwaltete-kulturraeume-von-raeumung-bedroht_w.webp","contentUrl":"https:\/\/www.pressenza.com\/wp-content\/uploads\/2026\/03\/winterthur-selbstverwaltete-kulturraeume-von-raeumung-bedroht_w.webp","width":912,"height":758,"caption":"Gisi in Winterthur. (Foto: zVg)"},{"@type":"BreadcrumbList","@id":"https:\/\/www.pressenza.com\/de\/2026\/03\/eines-der-aeltesten-noch-besetzten-wohn-und-kulturraeume-der-schweiz-soll-gewaltsam-geraeumt-werden-winterthur-selbstverwaltete-kulturraeume-von-raeumung-bedroht\/#breadcrumb","itemListElement":[{"@type":"ListItem","position":1,"name":"Accueil","item":"https:\/\/www.pressenza.com\/de\/"},{"@type":"ListItem","position":2,"name":"Eines der \u00e4ltesten noch besetzten Wohn- und Kulturr\u00e4ume der Schweiz soll gewaltsam ger\u00e4umt werden &#8211; Winterthur: Selbstverwaltete Kulturr\u00e4ume von R\u00e4umung bedroht"}]},{"@type":"WebSite","@id":"https:\/\/www.pressenza.com\/de\/#website","url":"https:\/\/www.pressenza.com\/de\/","name":"Pressenza","description":"International Press Agency","publisher":{"@id":"https:\/\/www.pressenza.com\/de\/#organization"},"potentialAction":[{"@type":"SearchAction","target":{"@type":"EntryPoint","urlTemplate":"https:\/\/www.pressenza.com\/de\/?s={search_term_string}"},"query-input":{"@type":"PropertyValueSpecification","valueRequired":true,"valueName":"search_term_string"}}],"inLanguage":"de"},{"@type":"Organization","@id":"https:\/\/www.pressenza.com\/de\/#organization","name":"Pressenza","url":"https:\/\/www.pressenza.com\/de\/","logo":{"@type":"ImageObject","inLanguage":"de","@id":"https:\/\/www.pressenza.com\/de\/#\/schema\/logo\/image\/","url":"https:\/\/www.pressenza.com\/wp-content\/uploads\/2022\/10\/pressenza_logo_200x200.jpg","contentUrl":"https:\/\/www.pressenza.com\/wp-content\/uploads\/2022\/10\/pressenza_logo_200x200.jpg","width":200,"height":200,"caption":"Pressenza"},"image":{"@id":"https:\/\/www.pressenza.com\/de\/#\/schema\/logo\/image\/"},"sameAs":["https:\/\/www.facebook.com\/PressenzaItalia","https:\/\/x.com\/PressenzaIPA"]},{"@type":"Person","@id":"https:\/\/www.pressenza.com\/de\/#\/schema\/person\/769b3fca5f2f2d48f505e01a952bd7db","name":"Untergrund-Bl\u00e4ttle","description":"Online-Magazin f\u00fcr kritischen Journalismus aus dem Grossraum Z\u00fcrich. Untergrund-Bl\u00e4ttle publizieren analytische und kontroverse Texte zu den Themenschwerpunkten Politik, Gesellschaft, \u00d6konomie und \u00d6kologie. Ein ganz besonderes Augenmerk gilt dabei auch dem kulturellen Teil. Der inhaltlich und redaktionelle Anspruch liegt unter anderem darin, Synergien innerhalb von linken Str\u00f6mungen herzustellen.","sameAs":["http:\/\/www.xn--untergrund-blttle-2qb.ch\/"],"url":"https:\/\/www.pressenza.com\/de\/author\/untergrund-blaettle\/"}]}},"place":"","original_article_url":"https:\/\/www.untergrund-bl\u00e4ttle.ch\/politik\/schweiz\/winterthur-selbstverwaltete-kulturraeume-von-raeumung-bedroht-009565.html","_links":{"self":[{"href":"https:\/\/www.pressenza.com\/de\/wp-json\/wp\/v2\/posts\/2683663","targetHints":{"allow":["GET"]}}],"collection":[{"href":"https:\/\/www.pressenza.com\/de\/wp-json\/wp\/v2\/posts"}],"about":[{"href":"https:\/\/www.pressenza.com\/de\/wp-json\/wp\/v2\/types\/post"}],"author":[{"embeddable":true,"href":"https:\/\/www.pressenza.com\/de\/wp-json\/wp\/v2\/users\/1556"}],"replies":[{"embeddable":true,"href":"https:\/\/www.pressenza.com\/de\/wp-json\/wp\/v2\/comments?post=2683663"}],"version-history":[{"count":2,"href":"https:\/\/www.pressenza.com\/de\/wp-json\/wp\/v2\/posts\/2683663\/revisions"}],"predecessor-version":[{"id":2683672,"href":"https:\/\/www.pressenza.com\/de\/wp-json\/wp\/v2\/posts\/2683663\/revisions\/2683672"}],"wp:featuredmedia":[{"embeddable":true,"href":"https:\/\/www.pressenza.com\/de\/wp-json\/wp\/v2\/media\/2683670"}],"wp:attachment":[{"href":"https:\/\/www.pressenza.com\/de\/wp-json\/wp\/v2\/media?parent=2683663"}],"wp:term":[{"taxonomy":"category","embeddable":true,"href":"https:\/\/www.pressenza.com\/de\/wp-json\/wp\/v2\/categories?post=2683663"},{"taxonomy":"post_tag","embeddable":true,"href":"https:\/\/www.pressenza.com\/de\/wp-json\/wp\/v2\/tags?post=2683663"}],"curies":[{"name":"wp","href":"https:\/\/api.w.org\/{rel}","templated":true}]}}