{"id":2682804,"date":"2026-03-09T22:07:44","date_gmt":"2026-03-09T22:07:44","guid":{"rendered":"https:\/\/www.pressenza.com\/?p=2682804"},"modified":"2026-03-09T22:07:44","modified_gmt":"2026-03-09T22:07:44","slug":"ueber-50-000-schuelerinnen-bundesweit-im-streik-gegen-die-wehrpflicht","status":"publish","type":"post","link":"https:\/\/www.pressenza.com\/de\/2026\/03\/ueber-50-000-schuelerinnen-bundesweit-im-streik-gegen-die-wehrpflicht\/","title":{"rendered":"\u00dcber 50.000 Sch\u00fcler:innen bundesweit im Streik gegen die Wehrpflicht"},"content":{"rendered":"<p><strong>Erneut sind tausende Sch\u00fcler:innen in \u00fcber 130 St\u00e4dten gegen die Wehrpflicht auf die Stra\u00dfe gegangen. Unterst\u00fctzung erhielten sie dabei von Gewerkschafter:innen und Friedensbewegung. In Berlin beispielsweise von der GEW, der EVG Jugend und dem Arbeitskreis Internationalismus Metall, auch einige Ver.di Westen waren im Demozug zu erkennen. Die Ver.di Jugend hatte sich am Vorabend ebenfalls mit dem bundesweiten Sch\u00fclerstreik solidarisiert.<\/strong><\/p>\n<p>\u201eAls GEW BERLIN sagen wir ganz klar, dass das sogenannte Wehrdienst-Modernisierungsgesetz ein massiver Eingriff in die Lebensplanung und Selbstbestimmung junger Menschen ist! Denn es bedeutet nichts anderes als die Wiedereinf\u00fchrung der Wehrpflicht!\u201c\u00a0<cite>Marie Viney \u2013 GEW Landesvorstand<\/cite><\/p>\n<h4 id=\"konstantins-rede-auf-dem-schuelerstreik\" class=\"wp-block-heading\"><strong>Konstantins Rede auf dem Sch\u00fclerstreik<\/strong><\/h4>\n<p><iframe loading=\"lazy\" title=\"Gewerkschafter gegen Wehrpflicht\" width=\"500\" height=\"281\" src=\"https:\/\/www.youtube.com\/embed\/anS7RsUrVAw?feature=oembed\" frameborder=\"0\" allow=\"accelerometer; autoplay; clipboard-write; encrypted-media; gyroscope; picture-in-picture; web-share\" referrerpolicy=\"strict-origin-when-cross-origin\" allowfullscreen><\/iframe><\/p>\n<p><strong>Sch\u00fcler:innen trotz Repression entschlossen<\/strong><\/p>\n<p>Die Sch\u00fcler:innen machten auf Transparenten und in ihren Reden deutlich, dass sie einen Zwangsdienst an der Waffe ablehnen. Immer wieder stimmten sie die Parolen \u201eNie wieder Wehrpflicht\u201c und \u201eDie Reichen wollen Krieg, die Jugend eine Zukunft!\u201c an. Die Demonstrationen waren wie schon im Dezember klar internationalistisch gepr\u00e4gt. In einigen St\u00e4dten gab es Berichte \u00fcber Repressionen. So sollen in Stuttgart und Frankfurt beispielsweise Sch\u00fcler:innen in der Schule eingeschlossen worden sein, um nicht am Schulstreik teilzunehmen. Solche Ma\u00dfnahmen d\u00fcrften rechtswidrig sein und sind scharf zu verurteilen. In M\u00fcnchen sollen Sch\u00fcler:innen von der Polizei in ihre Schulen zur\u00fcckgezwungen worden sein. Eine Gesellschaft, die stets betont wie wichtig ihr demokratische Werte sind, sollte die Meinungs- und Versammlungsfreiheit wertsch\u00e4tzen und auf solche Repressalien gegen\u00fcber der Jugend verzichten. Die Berliner Polizei fiel mit bemerkenswertem Verfolgungseifer gegen Plakate auf, die sie als beleidigend gegen\u00fcber Bundeskanzler Merz einstufte. [1]<\/p>\n<h4 id=\"kleine-fotogalerie-von-ingo-mueller\" class=\"wp-block-heading\"><strong>Kleine Fotogalerie von Ingo M\u00fcller<\/strong><\/h4>\n<div class=\"post-gallery\">\n\t\t\t<figure class=\"post-gallery-item\">\n\t\t\t\t<img decoding=\"async\" src=\"https:\/\/www.pressenza.com\/wp-content\/uploads\/2026\/03\/streik_08-820x547.jpg\" loading=\"lazy\">\n\t\t\t\t<figcaption>\n\t\t\t\t\t\n\t\t\t\t<\/figcaption>\n\t\t\t<\/figure>\n\t\t\t<figure class=\"post-gallery-item\">\n\t\t\t\t<img decoding=\"async\" src=\"https:\/\/www.pressenza.com\/wp-content\/uploads\/2026\/03\/streik_07-820x547.jpg\" loading=\"lazy\">\n\t\t\t\t<figcaption>\n\t\t\t\t\t\n\t\t\t\t<\/figcaption>\n\t\t\t<\/figure>\n\t\t\t<figure class=\"post-gallery-item\">\n\t\t\t\t<img decoding=\"async\" src=\"https:\/\/www.pressenza.com\/wp-content\/uploads\/2026\/03\/streik_06-e1773091214877.jpg\" loading=\"lazy\">\n\t\t\t\t<figcaption>\n\t\t\t\t\t\n\t\t\t\t<\/figcaption>\n\t\t\t<\/figure>\n\t\t\t<figure class=\"post-gallery-item\">\n\t\t\t\t<img decoding=\"async\" src=\"https:\/\/www.pressenza.com\/wp-content\/uploads\/2026\/03\/streik_05-e1773090762884.jpg\" loading=\"lazy\">\n\t\t\t\t<figcaption>\n\t\t\t\t\t\n\t\t\t\t<\/figcaption>\n\t\t\t<\/figure>\n\t\t\t<figure class=\"post-gallery-item\">\n\t\t\t\t<img decoding=\"async\" src=\"https:\/\/www.pressenza.com\/wp-content\/uploads\/2026\/03\/streik_04-820x765.jpg\" loading=\"lazy\">\n\t\t\t\t<figcaption>\n\t\t\t\t\t\n\t\t\t\t<\/figcaption>\n\t\t\t<\/figure>\n\t\t\t<figure class=\"post-gallery-item\">\n\t\t\t\t<img decoding=\"async\" src=\"https:\/\/www.pressenza.com\/wp-content\/uploads\/2026\/03\/streik_03-820x507.jpg\" loading=\"lazy\">\n\t\t\t\t<figcaption>\n\t\t\t\t\t\n\t\t\t\t<\/figcaption>\n\t\t\t<\/figure>\n\t\t\t<figure class=\"post-gallery-item\">\n\t\t\t\t<img decoding=\"async\" src=\"https:\/\/www.pressenza.com\/wp-content\/uploads\/2026\/03\/streik_02-e1773090665689.jpg\" loading=\"lazy\">\n\t\t\t\t<figcaption>\n\t\t\t\t\t\n\t\t\t\t<\/figcaption>\n\t\t\t<\/figure>\n\t\t\t<figure class=\"post-gallery-item\">\n\t\t\t\t<img decoding=\"async\" src=\"https:\/\/www.pressenza.com\/wp-content\/uploads\/2026\/03\/streik_01-820x647.jpg\" loading=\"lazy\">\n\t\t\t\t<figcaption>\n\t\t\t\t\t\n\t\t\t\t<\/figcaption>\n\t\t\t<\/figure>\n\t\t\t<figure class=\"post-gallery-item\">\n\t\t\t\t<img decoding=\"async\" src=\"https:\/\/www.pressenza.com\/wp-content\/uploads\/2026\/03\/streik_17-820x722.jpg\" loading=\"lazy\">\n\t\t\t\t<figcaption>\n\t\t\t\t\t\n\t\t\t\t<\/figcaption>\n\t\t\t<\/figure>\n\t\t\t<figure class=\"post-gallery-item\">\n\t\t\t\t<img decoding=\"async\" src=\"https:\/\/www.pressenza.com\/wp-content\/uploads\/2026\/03\/streik_16.jpg\" loading=\"lazy\">\n\t\t\t\t<figcaption>\n\t\t\t\t\t\n\t\t\t\t<\/figcaption>\n\t\t\t<\/figure>\n\t\t\t<figure class=\"post-gallery-item\">\n\t\t\t\t<img decoding=\"async\" src=\"https:\/\/www.pressenza.com\/wp-content\/uploads\/2026\/03\/streik_15-e1773090525341.jpg\" loading=\"lazy\">\n\t\t\t\t<figcaption>\n\t\t\t\t\t\n\t\t\t\t<\/figcaption>\n\t\t\t<\/figure>\n\t\t\t<figure class=\"post-gallery-item\">\n\t\t\t\t<img decoding=\"async\" src=\"https:\/\/www.pressenza.com\/wp-content\/uploads\/2026\/03\/streik_14-820x556.jpg\" loading=\"lazy\">\n\t\t\t\t<figcaption>\n\t\t\t\t\t\n\t\t\t\t<\/figcaption>\n\t\t\t<\/figure>\n\t\t\t<figure class=\"post-gallery-item\">\n\t\t\t\t<img decoding=\"async\" src=\"https:\/\/www.pressenza.com\/wp-content\/uploads\/2026\/03\/streik_13-820x488.jpg\" loading=\"lazy\">\n\t\t\t\t<figcaption>\n\t\t\t\t\t\n\t\t\t\t<\/figcaption>\n\t\t\t<\/figure>\n\t\t\t<figure class=\"post-gallery-item\">\n\t\t\t\t<img decoding=\"async\" src=\"https:\/\/www.pressenza.com\/wp-content\/uploads\/2026\/03\/streik_12-820x687.jpg\" loading=\"lazy\">\n\t\t\t\t<figcaption>\n\t\t\t\t\t\n\t\t\t\t<\/figcaption>\n\t\t\t<\/figure>\n\t\t\t<figure class=\"post-gallery-item\">\n\t\t\t\t<img decoding=\"async\" src=\"https:\/\/www.pressenza.com\/wp-content\/uploads\/2026\/03\/streik_11-820x638.jpg\" loading=\"lazy\">\n\t\t\t\t<figcaption>\n\t\t\t\t\t\n\t\t\t\t<\/figcaption>\n\t\t\t<\/figure>\n\t\t\t<figure class=\"post-gallery-item\">\n\t\t\t\t<img decoding=\"async\" src=\"https:\/\/www.pressenza.com\/wp-content\/uploads\/2026\/03\/streik_10-e1773090570995.jpg\" loading=\"lazy\">\n\t\t\t\t<figcaption>\n\t\t\t\t\t\n\t\t\t\t<\/figcaption>\n\t\t\t<\/figure>\n\t\t\t<figure class=\"post-gallery-item\">\n\t\t\t\t<img decoding=\"async\" src=\"https:\/\/www.pressenza.com\/wp-content\/uploads\/2026\/03\/streik_09-820x547.jpg\" loading=\"lazy\">\n\t\t\t\t<figcaption>\n\t\t\t\t\t\n\t\t\t\t<\/figcaption>\n\t\t\t<\/figure>\n\t\t\t<figure class=\"post-gallery-item\">\n\t\t\t\t<img decoding=\"async\" src=\"https:\/\/www.pressenza.com\/wp-content\/uploads\/2026\/03\/streik_18.jpg\" loading=\"lazy\">\n\t\t\t\t<figcaption>\n\t\t\t\t\t\n\t\t\t\t<\/figcaption>\n\t\t\t<\/figure>\n\t\t\t<figure class=\"post-gallery-item\">\n\t\t\t\t<img decoding=\"async\" src=\"https:\/\/www.pressenza.com\/wp-content\/uploads\/2026\/03\/streik_19.jpg\" loading=\"lazy\">\n\t\t\t\t<figcaption>\n\t\t\t\t\t\n\t\t\t\t<\/figcaption>\n\t\t\t<\/figure>\n\t\t\t<figure class=\"post-gallery-item\">\n\t\t\t\t<img decoding=\"async\" src=\"https:\/\/www.pressenza.com\/wp-content\/uploads\/2026\/03\/streik_20-820x574.jpg\" loading=\"lazy\">\n\t\t\t\t<figcaption>\n\t\t\t\t\t\n\t\t\t\t<\/figcaption>\n\t\t\t<\/figure><\/div>\n<p><strong>Kurzvideo \u00fcber die Demo zum Oranienplatz<\/strong><\/p>\n<p><iframe loading=\"lazy\" title=\"Sch\u00fclerstreik gegen Wehrpflicht 05.03.2026\" width=\"500\" height=\"281\" src=\"https:\/\/www.youtube.com\/embed\/qvNVJyNbMuA?feature=oembed\" frameborder=\"0\" allow=\"accelerometer; autoplay; clipboard-write; encrypted-media; gyroscope; picture-in-picture; web-share\" referrerpolicy=\"strict-origin-when-cross-origin\" allowfullscreen><\/iframe><\/p>\n<p><strong>N\u00e4chster Streiktag in Planung<\/strong><\/p>\n<p>Die Sch\u00fcler:innen scheinen sich jedenfalls nicht einsch\u00fcchtern zu lassen und planen bereits den n\u00e4chsten Streiktag. Schon kurz vor dem Streik gaben sie bekannt, dass der n\u00e4chste Schulstreik am 08. Mai 2026 statt finden soll. Es ist zu hoffen, dass sich dann noch deutlich mehr Sch\u00fcler:innen anschlie\u00dfen und die Bewegung gegen den Militarismus insgesamt w\u00e4chst. Eine Bundesregierung, die nicht in der Lage ist v\u00f6lkerrechtswidrige Angriffskriege ihrer Verb\u00fcndeten zu benennen, sondern in Teilen offen mit einem Kriegseintritt gegen Iran kokettiert, macht deutlich, dass dies dringend erforderlich ist. [2]<\/p>\n<h4 id=\"internationale-solidaritaet-aufbauen\" class=\"wp-block-heading\"><strong>Internationale Solidarit\u00e4t aufbauen<\/strong><\/h4>\n<p>Die Regierenden m\u00fcssen zum Umdenken gezwungen werden. Es ist ein ermutigendes Zeichen, dass die Sch\u00fcler:innen eine bundesweite Streikbewegung auf die Beine stellen konnten. Doch das kann nur der Anfang sein. Hoffnung macht, dass sich auch weltweit viele Jugendverb\u00e4nde mit den Sch\u00fcler:innen in Deutschland solidarisierten. In Italien kam es zu Solidarit\u00e4tsstreiks von Sch\u00fcler:innen. Aus Frankreich gab es unter anderem eine Solidarit\u00e4tserkl\u00e4rung der Bildungsgewerkschaft FNEC FP-FO, die die Militarisierung des Bildungswesens in einen geopolitischen Kontext setzt. Solche klaren Worte lassen die deutschen Gewerkschaften in der Summe nach wie vor vermissen.<\/p>\n<div class=\"speaker-mute footnotes_reference_container\">\n<div class=\"footnote_container_prepare\">\n<p>&nbsp;<\/p>\n<\/div>\n<div id=\"footnote_references_container_66700_1\">\n<table class=\"footnotes_table footnote-reference-container\">\n<caption class=\"accessibility\">References<\/caption>\n<tbody>\n<tr class=\"footnotes_plugin_reference_row\">\n<th class=\"footnote_plugin_index_combi pointer\" scope=\"row\"><a id=\"footnote_plugin_reference_66700_1_1\" class=\"footnote_backlink\"><\/a><span class=\"footnote_index_arrow\">\u2191<\/span>1<\/th>\n<td class=\"footnote_plugin_text\"><a href=\"https:\/\/www.berliner-zeitung.de\/mensch-metropole\/beleidigendes-merz-plakat-bei-wehrpflicht-demo-polizei-ermittelt-gegen-18-jaehrigen-li.10022951\" target=\"_blank\" rel=\"noreferrer noopener\">beleidigendes-merz-plakat<\/a><\/td>\n<\/tr>\n<tr class=\"footnotes_plugin_reference_row\">\n<th class=\"footnote_plugin_index_combi pointer\" scope=\"row\"><a id=\"footnote_plugin_reference_66700_1_2\" class=\"footnote_backlink\"><\/a><span class=\"footnote_index_arrow\">\u2191<\/span>2<\/th>\n<td class=\"footnote_plugin_text\"><a href=\"https:\/\/schulstreikgegenwehrpflicht.com\/\" target=\"_blank\" rel=\"noreferrer noopener\">Webseite von Schulstreik<\/a>\u00a0und auf\u00a0<a href=\"https:\/\/www.instagram.com\/schulstreikgegenwehrpflicht\/\" target=\"_blank\" rel=\"noreferrer noopener\">Instagram<\/a><\/td>\n<\/tr>\n<\/tbody>\n<\/table>\n<\/div>\n<\/div>\n","protected":false},"excerpt":{"rendered":"<p>Erneut sind tausende Sch\u00fcler:innen in \u00fcber 130 St\u00e4dten gegen die Wehrpflicht auf die Stra\u00dfe gegangen. Unterst\u00fctzung erhielten sie dabei von Gewerkschafter:innen und Friedensbewegung. In Berlin beispielsweise von der GEW, der EVG Jugend und dem Arbeitskreis Internationalismus Metall, auch einige Ver.di&hellip;<\/p>\n","protected":false},"author":2181,"featured_media":2682843,"comment_status":"closed","ping_status":"closed","sticky":false,"template":"","format":"standard","meta":{"footnotes":""},"categories":[9159,9150,9144,9167,9166,46978,9161,9168,9158],"tags":[153141,153142,147786,153143,140971,153140,57684,14614,32519],"class_list":["post-2682804","post","type-post","status-publish","format-standard","has-post-thumbnail","hentry","category-bildung","category-europa-de","category-fotoreportagen","category-frieden-und-abruestung","category-gewaltfreiheit","category-jugend","category-menschenrechte","category-politik","category-wirtschaft","tag-arbeitskreis-internationalismus-metall","tag-evg-jugend","tag-gew","tag-lebensplanung","tag-nein-zur-wehrpflicht","tag-schuelerstreik","tag-selbstbestimmung","tag-ver-di","tag-zukunft"],"yoast_head":"<!-- This site is optimized with the Yoast SEO plugin v27.1.1 - https:\/\/yoast.com\/product\/yoast-seo-wordpress\/ -->\n<title>\u00dcber 50.000 Sch\u00fcler:innen bundesweit im Streik gegen die Wehrpflicht<\/title>\n<meta name=\"description\" content=\"Erneut sind tausende Sch\u00fcler:innen in \u00fcber 130 St\u00e4dten gegen die Wehrpflicht auf die Stra\u00dfe gegangen. Unterst\u00fctzung erhielten sie dabei von\" \/>\n<meta name=\"robots\" content=\"index, follow, max-snippet:-1, max-image-preview:large, max-video-preview:-1\" \/>\n<link rel=\"canonical\" href=\"https:\/\/www.pressenza.com\/de\/2026\/03\/ueber-50-000-schuelerinnen-bundesweit-im-streik-gegen-die-wehrpflicht\/\" \/>\n<meta property=\"og:locale\" content=\"de_DE\" \/>\n<meta property=\"og:type\" content=\"article\" \/>\n<meta property=\"og:title\" content=\"\u00dcber 50.000 Sch\u00fcler:innen bundesweit im Streik gegen die Wehrpflicht\" \/>\n<meta property=\"og:description\" content=\"Erneut sind tausende Sch\u00fcler:innen in \u00fcber 130 St\u00e4dten gegen die Wehrpflicht auf die Stra\u00dfe gegangen. Unterst\u00fctzung erhielten sie dabei von\" \/>\n<meta property=\"og:url\" content=\"https:\/\/www.pressenza.com\/de\/2026\/03\/ueber-50-000-schuelerinnen-bundesweit-im-streik-gegen-die-wehrpflicht\/\" \/>\n<meta property=\"og:site_name\" content=\"Pressenza\" \/>\n<meta property=\"article:publisher\" content=\"https:\/\/www.facebook.com\/PressenzaItalia\" \/>\n<meta property=\"article:published_time\" content=\"2026-03-09T22:07:44+00:00\" \/>\n<meta property=\"og:image\" content=\"https:\/\/www.pressenza.com\/wp-content\/uploads\/2026\/03\/Schuelerstreik-e1773093558299.jpg\" \/>\n\t<meta property=\"og:image:width\" content=\"900\" \/>\n\t<meta property=\"og:image:height\" content=\"630\" \/>\n\t<meta property=\"og:image:type\" content=\"image\/jpeg\" \/>\n<meta name=\"author\" content=\"Forum Gewerkschaftliche Linke Berlin\" \/>\n<meta name=\"twitter:card\" content=\"summary_large_image\" \/>\n<meta name=\"twitter:creator\" content=\"@PressenzaIPA\" \/>\n<meta name=\"twitter:site\" content=\"@PressenzaIPA\" \/>\n<meta name=\"twitter:label1\" content=\"Verfasst von\" \/>\n\t<meta name=\"twitter:data1\" content=\"Forum Gewerkschaftliche Linke Berlin\" \/>\n\t<meta name=\"twitter:label2\" content=\"Gesch\u00e4tzte Lesezeit\" \/>\n\t<meta name=\"twitter:data2\" content=\"3\u00a0Minuten\" \/>\n<script type=\"application\/ld+json\" class=\"yoast-schema-graph\">{\"@context\":\"https:\/\/schema.org\",\"@graph\":[{\"@type\":\"Article\",\"@id\":\"https:\/\/www.pressenza.com\/de\/2026\/03\/ueber-50-000-schuelerinnen-bundesweit-im-streik-gegen-die-wehrpflicht\/#article\",\"isPartOf\":{\"@id\":\"https:\/\/www.pressenza.com\/de\/2026\/03\/ueber-50-000-schuelerinnen-bundesweit-im-streik-gegen-die-wehrpflicht\/\"},\"author\":{\"name\":\"Forum Gewerkschaftliche Linke Berlin\",\"@id\":\"https:\/\/www.pressenza.com\/de\/#\/schema\/person\/ff43d0b44021bc5d26198176a46ae147\"},\"headline\":\"\u00dcber 50.000 Sch\u00fcler:innen bundesweit im Streik gegen die Wehrpflicht\",\"datePublished\":\"2026-03-09T22:07:44+00:00\",\"mainEntityOfPage\":{\"@id\":\"https:\/\/www.pressenza.com\/de\/2026\/03\/ueber-50-000-schuelerinnen-bundesweit-im-streik-gegen-die-wehrpflicht\/\"},\"wordCount\":521,\"publisher\":{\"@id\":\"https:\/\/www.pressenza.com\/de\/#organization\"},\"image\":{\"@id\":\"https:\/\/www.pressenza.com\/de\/2026\/03\/ueber-50-000-schuelerinnen-bundesweit-im-streik-gegen-die-wehrpflicht\/#primaryimage\"},\"thumbnailUrl\":\"https:\/\/www.pressenza.com\/wp-content\/uploads\/2026\/03\/Schuelerstreik-e1773093558299.jpg\",\"keywords\":[\"Arbeitskreis Internationalismus Metall\",\"EVG Jugend\",\"GEW\",\"Lebensplanung\",\"Nein zur Wehrpflicht\",\"Sch\u00fclerstreik\",\"Selbstbestimmung\",\"ver.di\",\"Zukunft\"],\"articleSection\":[\"Bildung\",\"Europa\",\"Fotoreportagen\",\"Frieden und Abr\u00fcstung\",\"Gewaltfreiheit\",\"Jugend\",\"Menschenrechte\",\"Politik\",\"Wirtschaft\"],\"inLanguage\":\"de\"},{\"@type\":\"WebPage\",\"@id\":\"https:\/\/www.pressenza.com\/de\/2026\/03\/ueber-50-000-schuelerinnen-bundesweit-im-streik-gegen-die-wehrpflicht\/\",\"url\":\"https:\/\/www.pressenza.com\/de\/2026\/03\/ueber-50-000-schuelerinnen-bundesweit-im-streik-gegen-die-wehrpflicht\/\",\"name\":\"\u00dcber 50.000 Sch\u00fcler:innen bundesweit im Streik gegen die Wehrpflicht\",\"isPartOf\":{\"@id\":\"https:\/\/www.pressenza.com\/de\/#website\"},\"primaryImageOfPage\":{\"@id\":\"https:\/\/www.pressenza.com\/de\/2026\/03\/ueber-50-000-schuelerinnen-bundesweit-im-streik-gegen-die-wehrpflicht\/#primaryimage\"},\"image\":{\"@id\":\"https:\/\/www.pressenza.com\/de\/2026\/03\/ueber-50-000-schuelerinnen-bundesweit-im-streik-gegen-die-wehrpflicht\/#primaryimage\"},\"thumbnailUrl\":\"https:\/\/www.pressenza.com\/wp-content\/uploads\/2026\/03\/Schuelerstreik-e1773093558299.jpg\",\"datePublished\":\"2026-03-09T22:07:44+00:00\",\"description\":\"Erneut sind tausende Sch\u00fcler:innen in \u00fcber 130 St\u00e4dten gegen die Wehrpflicht auf die Stra\u00dfe gegangen. Unterst\u00fctzung erhielten sie dabei von\",\"breadcrumb\":{\"@id\":\"https:\/\/www.pressenza.com\/de\/2026\/03\/ueber-50-000-schuelerinnen-bundesweit-im-streik-gegen-die-wehrpflicht\/#breadcrumb\"},\"inLanguage\":\"de\",\"potentialAction\":[{\"@type\":\"ReadAction\",\"target\":[\"https:\/\/www.pressenza.com\/de\/2026\/03\/ueber-50-000-schuelerinnen-bundesweit-im-streik-gegen-die-wehrpflicht\/\"]}]},{\"@type\":\"ImageObject\",\"inLanguage\":\"de\",\"@id\":\"https:\/\/www.pressenza.com\/de\/2026\/03\/ueber-50-000-schuelerinnen-bundesweit-im-streik-gegen-die-wehrpflicht\/#primaryimage\",\"url\":\"https:\/\/www.pressenza.com\/wp-content\/uploads\/2026\/03\/Schuelerstreik-e1773093558299.jpg\",\"contentUrl\":\"https:\/\/www.pressenza.com\/wp-content\/uploads\/2026\/03\/Schuelerstreik-e1773093558299.jpg\",\"width\":900,\"height\":630},{\"@type\":\"BreadcrumbList\",\"@id\":\"https:\/\/www.pressenza.com\/de\/2026\/03\/ueber-50-000-schuelerinnen-bundesweit-im-streik-gegen-die-wehrpflicht\/#breadcrumb\",\"itemListElement\":[{\"@type\":\"ListItem\",\"position\":1,\"name\":\"Accueil\",\"item\":\"https:\/\/www.pressenza.com\/de\/\"},{\"@type\":\"ListItem\",\"position\":2,\"name\":\"\u00dcber 50.000 Sch\u00fcler:innen bundesweit im Streik gegen die Wehrpflicht\"}]},{\"@type\":\"WebSite\",\"@id\":\"https:\/\/www.pressenza.com\/de\/#website\",\"url\":\"https:\/\/www.pressenza.com\/de\/\",\"name\":\"Pressenza\",\"description\":\"International Press Agency\",\"publisher\":{\"@id\":\"https:\/\/www.pressenza.com\/de\/#organization\"},\"potentialAction\":[{\"@type\":\"SearchAction\",\"target\":{\"@type\":\"EntryPoint\",\"urlTemplate\":\"https:\/\/www.pressenza.com\/de\/?s={search_term_string}\"},\"query-input\":{\"@type\":\"PropertyValueSpecification\",\"valueRequired\":true,\"valueName\":\"search_term_string\"}}],\"inLanguage\":\"de\"},{\"@type\":\"Organization\",\"@id\":\"https:\/\/www.pressenza.com\/de\/#organization\",\"name\":\"Pressenza\",\"url\":\"https:\/\/www.pressenza.com\/de\/\",\"logo\":{\"@type\":\"ImageObject\",\"inLanguage\":\"de\",\"@id\":\"https:\/\/www.pressenza.com\/de\/#\/schema\/logo\/image\/\",\"url\":\"https:\/\/www.pressenza.com\/wp-content\/uploads\/2022\/10\/pressenza_logo_200x200.jpg\",\"contentUrl\":\"https:\/\/www.pressenza.com\/wp-content\/uploads\/2022\/10\/pressenza_logo_200x200.jpg\",\"width\":200,\"height\":200,\"caption\":\"Pressenza\"},\"image\":{\"@id\":\"https:\/\/www.pressenza.com\/de\/#\/schema\/logo\/image\/\"},\"sameAs\":[\"https:\/\/www.facebook.com\/PressenzaItalia\",\"https:\/\/x.com\/PressenzaIPA\"]},{\"@type\":\"Person\",\"@id\":\"https:\/\/www.pressenza.com\/de\/#\/schema\/person\/ff43d0b44021bc5d26198176a46ae147\",\"name\":\"Forum Gewerkschaftliche Linke Berlin\",\"description\":\"\u201eForum gewerkschaftliche Linke Berlin\u201c hat sich Anfang des Jahres 2022 aus Mitgliedern der Gewerkschaften IG Metall und ver.di gebildet. \u00dcber die Gewerkschaftsarbeit hinaus sind wir in sozialen Bewegungen vor allem zu den Themen Frieden, Klima und Antifaschismus aktiv.\",\"sameAs\":[\"https:\/\/gewerkschaftliche-linke-berlin.de\/\"],\"url\":\"https:\/\/www.pressenza.com\/de\/author\/forum-gewerkschaftliche-linke-berlin\/\"}]}<\/script>\n<!-- \/ Yoast SEO plugin. -->","yoast_head_json":{"title":"\u00dcber 50.000 Sch\u00fcler:innen bundesweit im Streik gegen die Wehrpflicht","description":"Erneut sind tausende Sch\u00fcler:innen in \u00fcber 130 St\u00e4dten gegen die Wehrpflicht auf die Stra\u00dfe gegangen. Unterst\u00fctzung erhielten sie dabei von","robots":{"index":"index","follow":"follow","max-snippet":"max-snippet:-1","max-image-preview":"max-image-preview:large","max-video-preview":"max-video-preview:-1"},"canonical":"https:\/\/www.pressenza.com\/de\/2026\/03\/ueber-50-000-schuelerinnen-bundesweit-im-streik-gegen-die-wehrpflicht\/","og_locale":"de_DE","og_type":"article","og_title":"\u00dcber 50.000 Sch\u00fcler:innen bundesweit im Streik gegen die Wehrpflicht","og_description":"Erneut sind tausende Sch\u00fcler:innen in \u00fcber 130 St\u00e4dten gegen die Wehrpflicht auf die Stra\u00dfe gegangen. Unterst\u00fctzung erhielten sie dabei von","og_url":"https:\/\/www.pressenza.com\/de\/2026\/03\/ueber-50-000-schuelerinnen-bundesweit-im-streik-gegen-die-wehrpflicht\/","og_site_name":"Pressenza","article_publisher":"https:\/\/www.facebook.com\/PressenzaItalia","article_published_time":"2026-03-09T22:07:44+00:00","og_image":[{"width":900,"height":630,"url":"https:\/\/www.pressenza.com\/wp-content\/uploads\/2026\/03\/Schuelerstreik-e1773093558299.jpg","type":"image\/jpeg"}],"author":"Forum Gewerkschaftliche Linke Berlin","twitter_card":"summary_large_image","twitter_creator":"@PressenzaIPA","twitter_site":"@PressenzaIPA","twitter_misc":{"Verfasst von":"Forum Gewerkschaftliche Linke Berlin","Gesch\u00e4tzte Lesezeit":"3\u00a0Minuten"},"schema":{"@context":"https:\/\/schema.org","@graph":[{"@type":"Article","@id":"https:\/\/www.pressenza.com\/de\/2026\/03\/ueber-50-000-schuelerinnen-bundesweit-im-streik-gegen-die-wehrpflicht\/#article","isPartOf":{"@id":"https:\/\/www.pressenza.com\/de\/2026\/03\/ueber-50-000-schuelerinnen-bundesweit-im-streik-gegen-die-wehrpflicht\/"},"author":{"name":"Forum Gewerkschaftliche Linke Berlin","@id":"https:\/\/www.pressenza.com\/de\/#\/schema\/person\/ff43d0b44021bc5d26198176a46ae147"},"headline":"\u00dcber 50.000 Sch\u00fcler:innen bundesweit im Streik gegen die Wehrpflicht","datePublished":"2026-03-09T22:07:44+00:00","mainEntityOfPage":{"@id":"https:\/\/www.pressenza.com\/de\/2026\/03\/ueber-50-000-schuelerinnen-bundesweit-im-streik-gegen-die-wehrpflicht\/"},"wordCount":521,"publisher":{"@id":"https:\/\/www.pressenza.com\/de\/#organization"},"image":{"@id":"https:\/\/www.pressenza.com\/de\/2026\/03\/ueber-50-000-schuelerinnen-bundesweit-im-streik-gegen-die-wehrpflicht\/#primaryimage"},"thumbnailUrl":"https:\/\/www.pressenza.com\/wp-content\/uploads\/2026\/03\/Schuelerstreik-e1773093558299.jpg","keywords":["Arbeitskreis Internationalismus Metall","EVG Jugend","GEW","Lebensplanung","Nein zur Wehrpflicht","Sch\u00fclerstreik","Selbstbestimmung","ver.di","Zukunft"],"articleSection":["Bildung","Europa","Fotoreportagen","Frieden und Abr\u00fcstung","Gewaltfreiheit","Jugend","Menschenrechte","Politik","Wirtschaft"],"inLanguage":"de"},{"@type":"WebPage","@id":"https:\/\/www.pressenza.com\/de\/2026\/03\/ueber-50-000-schuelerinnen-bundesweit-im-streik-gegen-die-wehrpflicht\/","url":"https:\/\/www.pressenza.com\/de\/2026\/03\/ueber-50-000-schuelerinnen-bundesweit-im-streik-gegen-die-wehrpflicht\/","name":"\u00dcber 50.000 Sch\u00fcler:innen bundesweit im Streik gegen die Wehrpflicht","isPartOf":{"@id":"https:\/\/www.pressenza.com\/de\/#website"},"primaryImageOfPage":{"@id":"https:\/\/www.pressenza.com\/de\/2026\/03\/ueber-50-000-schuelerinnen-bundesweit-im-streik-gegen-die-wehrpflicht\/#primaryimage"},"image":{"@id":"https:\/\/www.pressenza.com\/de\/2026\/03\/ueber-50-000-schuelerinnen-bundesweit-im-streik-gegen-die-wehrpflicht\/#primaryimage"},"thumbnailUrl":"https:\/\/www.pressenza.com\/wp-content\/uploads\/2026\/03\/Schuelerstreik-e1773093558299.jpg","datePublished":"2026-03-09T22:07:44+00:00","description":"Erneut sind tausende Sch\u00fcler:innen in \u00fcber 130 St\u00e4dten gegen die Wehrpflicht auf die Stra\u00dfe gegangen. Unterst\u00fctzung erhielten sie dabei von","breadcrumb":{"@id":"https:\/\/www.pressenza.com\/de\/2026\/03\/ueber-50-000-schuelerinnen-bundesweit-im-streik-gegen-die-wehrpflicht\/#breadcrumb"},"inLanguage":"de","potentialAction":[{"@type":"ReadAction","target":["https:\/\/www.pressenza.com\/de\/2026\/03\/ueber-50-000-schuelerinnen-bundesweit-im-streik-gegen-die-wehrpflicht\/"]}]},{"@type":"ImageObject","inLanguage":"de","@id":"https:\/\/www.pressenza.com\/de\/2026\/03\/ueber-50-000-schuelerinnen-bundesweit-im-streik-gegen-die-wehrpflicht\/#primaryimage","url":"https:\/\/www.pressenza.com\/wp-content\/uploads\/2026\/03\/Schuelerstreik-e1773093558299.jpg","contentUrl":"https:\/\/www.pressenza.com\/wp-content\/uploads\/2026\/03\/Schuelerstreik-e1773093558299.jpg","width":900,"height":630},{"@type":"BreadcrumbList","@id":"https:\/\/www.pressenza.com\/de\/2026\/03\/ueber-50-000-schuelerinnen-bundesweit-im-streik-gegen-die-wehrpflicht\/#breadcrumb","itemListElement":[{"@type":"ListItem","position":1,"name":"Accueil","item":"https:\/\/www.pressenza.com\/de\/"},{"@type":"ListItem","position":2,"name":"\u00dcber 50.000 Sch\u00fcler:innen bundesweit im Streik gegen die Wehrpflicht"}]},{"@type":"WebSite","@id":"https:\/\/www.pressenza.com\/de\/#website","url":"https:\/\/www.pressenza.com\/de\/","name":"Pressenza","description":"International Press Agency","publisher":{"@id":"https:\/\/www.pressenza.com\/de\/#organization"},"potentialAction":[{"@type":"SearchAction","target":{"@type":"EntryPoint","urlTemplate":"https:\/\/www.pressenza.com\/de\/?s={search_term_string}"},"query-input":{"@type":"PropertyValueSpecification","valueRequired":true,"valueName":"search_term_string"}}],"inLanguage":"de"},{"@type":"Organization","@id":"https:\/\/www.pressenza.com\/de\/#organization","name":"Pressenza","url":"https:\/\/www.pressenza.com\/de\/","logo":{"@type":"ImageObject","inLanguage":"de","@id":"https:\/\/www.pressenza.com\/de\/#\/schema\/logo\/image\/","url":"https:\/\/www.pressenza.com\/wp-content\/uploads\/2022\/10\/pressenza_logo_200x200.jpg","contentUrl":"https:\/\/www.pressenza.com\/wp-content\/uploads\/2022\/10\/pressenza_logo_200x200.jpg","width":200,"height":200,"caption":"Pressenza"},"image":{"@id":"https:\/\/www.pressenza.com\/de\/#\/schema\/logo\/image\/"},"sameAs":["https:\/\/www.facebook.com\/PressenzaItalia","https:\/\/x.com\/PressenzaIPA"]},{"@type":"Person","@id":"https:\/\/www.pressenza.com\/de\/#\/schema\/person\/ff43d0b44021bc5d26198176a46ae147","name":"Forum Gewerkschaftliche Linke Berlin","description":"\u201eForum gewerkschaftliche Linke Berlin\u201c hat sich Anfang des Jahres 2022 aus Mitgliedern der Gewerkschaften IG Metall und ver.di gebildet. \u00dcber die Gewerkschaftsarbeit hinaus sind wir in sozialen Bewegungen vor allem zu den Themen Frieden, Klima und Antifaschismus aktiv.","sameAs":["https:\/\/gewerkschaftliche-linke-berlin.de\/"],"url":"https:\/\/www.pressenza.com\/de\/author\/forum-gewerkschaftliche-linke-berlin\/"}]}},"place":"","original_article_url":"https:\/\/gewerkschaftliche-linke-berlin.de\/ueber-50-000-schuelerinnen-bundesweit-im-streik-gegen-die-wehrpflicht\/","_links":{"self":[{"href":"https:\/\/www.pressenza.com\/de\/wp-json\/wp\/v2\/posts\/2682804","targetHints":{"allow":["GET"]}}],"collection":[{"href":"https:\/\/www.pressenza.com\/de\/wp-json\/wp\/v2\/posts"}],"about":[{"href":"https:\/\/www.pressenza.com\/de\/wp-json\/wp\/v2\/types\/post"}],"author":[{"embeddable":true,"href":"https:\/\/www.pressenza.com\/de\/wp-json\/wp\/v2\/users\/2181"}],"replies":[{"embeddable":true,"href":"https:\/\/www.pressenza.com\/de\/wp-json\/wp\/v2\/comments?post=2682804"}],"version-history":[{"count":6,"href":"https:\/\/www.pressenza.com\/de\/wp-json\/wp\/v2\/posts\/2682804\/revisions"}],"predecessor-version":[{"id":2682844,"href":"https:\/\/www.pressenza.com\/de\/wp-json\/wp\/v2\/posts\/2682804\/revisions\/2682844"}],"wp:featuredmedia":[{"embeddable":true,"href":"https:\/\/www.pressenza.com\/de\/wp-json\/wp\/v2\/media\/2682843"}],"wp:attachment":[{"href":"https:\/\/www.pressenza.com\/de\/wp-json\/wp\/v2\/media?parent=2682804"}],"wp:term":[{"taxonomy":"category","embeddable":true,"href":"https:\/\/www.pressenza.com\/de\/wp-json\/wp\/v2\/categories?post=2682804"},{"taxonomy":"post_tag","embeddable":true,"href":"https:\/\/www.pressenza.com\/de\/wp-json\/wp\/v2\/tags?post=2682804"}],"curies":[{"name":"wp","href":"https:\/\/api.w.org\/{rel}","templated":true}]}}