{"id":2682040,"date":"2026-03-07T15:51:05","date_gmt":"2026-03-07T15:51:05","guid":{"rendered":"https:\/\/www.pressenza.com\/?p=2682040"},"modified":"2026-03-07T16:03:51","modified_gmt":"2026-03-07T16:03:51","slug":"ein-manifest-aus-dem-iran-nein-zum-krieg","status":"publish","type":"post","link":"https:\/\/www.pressenza.com\/de\/2026\/03\/ein-manifest-aus-dem-iran-nein-zum-krieg\/","title":{"rendered":"Ein Manifest aus dem Iran: Nein zum Krieg"},"content":{"rendered":"<p><strong>Wir ver\u00f6ffentlichen einen bedeutenden Appell von 353 iranischen Aktivist:innen und Akademiker:innen, die im Iran leben. Sie haben ein Manifest mit einem einfachen und unmissverst\u00e4ndlichen Titel ver\u00f6ffentlicht:\u00a0\u201eNein zum Krieg.\u201c<\/strong><\/p>\n<p>Es ist wichtig, der kriegstreiberischen iranischen Diaspora und ihren westlichen Unterst\u00fctzer:innen zu zeigen, welche tats\u00e4chlichen Forderungen diejenigen erheben, die im Land leben. Es stimmt nicht, dass die im Iran ans\u00e4ssigen Iraner:innen \u2013 also jene, die Trumps erste Ziele w\u00e4ren \u2013 einen Krieg wollen. Jene innerhalb und au\u00dferhalb der akademischen Welt, die Trump daf\u00fcr gedankt haben, dass er das iranische Volk \u201ebefreien\u201c will, sollten wissen, dass er\u00a0niemanden repr\u00e4sentiert. Man kann nicht bequem von seinem Zuhause im Westen aus das Leben von Millionen unschuldiger Menschen aufs Spiel setzen.<\/p>\n<p>Dieses Manifest verurteilt politische Repression, das Massaker an Demonstrierenden sowie jede ausl\u00e4ndische Invasion, da all dies dem nationalen Interesse zuwiderl\u00e4uft.<\/p>\n<blockquote>\n<h3><strong>\u201eNein zum Krieg gegen den Iran\u201c<\/strong><\/h3>\n<p>Krieg ist das schlimmste \u00dcbel, das die Politik hervorbringen kann. Er t\u00f6tet, zerst\u00f6rt und st\u00fcrzt Familien in Trauer. Er vernichtet Infrastruktur, erzeugt Armut, opfert Unschuldige und sch\u00fcrt neue Gewalt. Er mindert unsere F\u00e4higkeit, mit Krisen umzugehen, und verdunkelt jede Aussicht auf Entwicklung, Demokratie und Gerechtigkeit f\u00fcr den Iran.<\/p>\n<p>Netanjahu und die Falken in Washington zielen mit kriegerischer Rhetorik, Sanktionen und Drohungen ausdr\u00fccklich darauf ab, unser Land zu destabilisieren und zu schw\u00e4chen. Die Trag\u00f6dien vom Januar 2026 \u2013 so schmerzhaft sie auch sind \u2013 k\u00f6nnen keinen Krieg rechtfertigen, kein weiteres Leid f\u00fcr unsere Landsleute und keine Zerst\u00f6rung unseres Landes.<\/p>\n<p>Wir, Iranerinnen und Iraner unterschiedlicher politischer \u00dcberzeugungen, lehnen\u00a0jede Aggression gegen unser Land entschieden ab. Wir sind \u00fcberzeugt, dass die L\u00f6sung \u2013 so schwer sie auch zu erreichen sein mag \u2013\u00a0im Iran selbst liegt: in konstruktiver Ver\u00e4nderung, in der Erneuerung der Gesellschaft, in einem Wandel von unten nach oben. Das ist der Weg nach vorn.\u00a0Nicht der Krieg.<\/p>\n<p>Deshalb rufen wir dazu auf, eine\u00a0starke und einhellige Stimme gegen jede Logik der Kriegstreiberei\u00a0zu erheben. Im Angesicht jeglicher Aggression werden wir an der Seite unseres Landes stehen. Und wir laden alle unsere Mitb\u00fcrger:innen \u2013 insbesondere jene mit Stimme, Sichtbarkeit und Glaubw\u00fcrdigkeit \u2013 ein, sich diesem Widerstand mit noch gr\u00f6\u00dferer Entschlossenheit anzuschlie\u00dfen.<\/p>\n<p>Unterzeichnet von 353 Politiker:innen, Intellektuellen sowie zivilgesellschaftlichen Aktivist:innen aus dem Iran, die ein breites Spektrum politischer Ansichten repr\u00e4sentieren.<\/p><\/blockquote>\n<p><strong><em>Die \u00dcbersetzung aus dem Italienischen wurde vom ehrenamtlichen Pressenza-\u00dcbersetzungsteam erstellt. <a href=\"https:\/\/www.pressenza.com\/de\/mitarbeiten\/\" target=\"_blank\" rel=\"noopener\">Wir suchen Freiwillige!<\/a><\/em><\/strong><\/p>\n","protected":false},"excerpt":{"rendered":"<p>Wir ver\u00f6ffentlichen einen bedeutenden Appell von 353 iranischen Aktivist:innen und Akademiker:innen, die im Iran leben. Sie haben ein Manifest mit einem einfachen und unmissverst\u00e4ndlichen Titel ver\u00f6ffentlicht:\u00a0\u201eNein zum Krieg.\u201c Es ist wichtig, der kriegstreiberischen iranischen Diaspora und ihren westlichen Unterst\u00fctzer:innen zu&hellip;<\/p>\n","protected":false},"author":19,"featured_media":2682046,"comment_status":"closed","ping_status":"closed","sticky":false,"template":"","format":"standard","meta":{"footnotes":""},"categories":[9167,9166,7835,9151,11387],"tags":[34449,51246,54494,26189,127571,9358,22229,140699,10228,9799,10466,86938,10404,28822,42283],"class_list":["post-2682040","post","type-post","status-publish","format-standard","has-post-thumbnail","hentry","category-frieden-und-abruestung","category-gewaltfreiheit","category-international-de","category-mittlerer-osten","category-originalinhalt","tag-naher-osten","tag-antikrieg","tag-diplomatie","tag-donald-trump-de","tag-frieden-de","tag-friedensbewegung","tag-gewaltfreiheit","tag-internationale-politik","tag-iran-de","tag-israel-de","tag-krieg","tag-manifest-de","tag-nein-zum-krieg","tag-sanktionen","tag-zivilgesellschaft"],"yoast_head":"<!-- This site is optimized with the Yoast SEO plugin v27.1.1 - https:\/\/yoast.com\/product\/yoast-seo-wordpress\/ -->\n<title>Ein Manifest aus dem Iran: Nein zum Krieg<\/title>\n<meta name=\"description\" content=\"Wir ver\u00f6ffentlichen einen bedeutenden Appell von 353 iranischen Aktivist:innen und Akademiker:innen, die im Iran leben. Sie haben ein Manifest mit einem\" \/>\n<meta name=\"robots\" content=\"index, follow, max-snippet:-1, max-image-preview:large, max-video-preview:-1\" \/>\n<link rel=\"canonical\" href=\"https:\/\/www.pressenza.com\/de\/2026\/03\/ein-manifest-aus-dem-iran-nein-zum-krieg\/\" \/>\n<meta property=\"og:locale\" content=\"de_DE\" \/>\n<meta property=\"og:type\" content=\"article\" \/>\n<meta property=\"og:title\" content=\"Ein Manifest aus dem Iran: Nein zum Krieg\" \/>\n<meta property=\"og:description\" content=\"Wir ver\u00f6ffentlichen einen bedeutenden Appell von 353 iranischen Aktivist:innen und Akademiker:innen, die im Iran leben. Sie haben ein Manifest mit einem\" \/>\n<meta property=\"og:url\" content=\"https:\/\/www.pressenza.com\/de\/2026\/03\/ein-manifest-aus-dem-iran-nein-zum-krieg\/\" \/>\n<meta property=\"og:site_name\" content=\"Pressenza\" \/>\n<meta property=\"article:publisher\" content=\"https:\/\/www.facebook.com\/PressenzaItalia\" \/>\n<meta property=\"article:author\" content=\"https:\/\/www.facebook.com\/pressenza\" \/>\n<meta property=\"article:published_time\" content=\"2026-03-07T15:51:05+00:00\" \/>\n<meta property=\"article:modified_time\" content=\"2026-03-07T16:03:51+00:00\" \/>\n<meta property=\"og:image\" content=\"https:\/\/www.pressenza.com\/wp-content\/uploads\/2026\/03\/No-to-war-against-Iran-lists-353-signatories-inside-a-map-1.png\" \/>\n\t<meta property=\"og:image:width\" content=\"820\" \/>\n\t<meta property=\"og:image:height\" content=\"615\" \/>\n\t<meta property=\"og:image:type\" content=\"image\/png\" \/>\n<meta name=\"author\" content=\"Pressenza IPA\" \/>\n<meta name=\"twitter:card\" content=\"summary_large_image\" \/>\n<meta name=\"twitter:creator\" content=\"@PressenzaIPA\" \/>\n<meta name=\"twitter:site\" content=\"@PressenzaIPA\" \/>\n<meta name=\"twitter:label1\" content=\"Verfasst von\" \/>\n\t<meta name=\"twitter:data1\" content=\"Pressenza IPA\" \/>\n\t<meta name=\"twitter:label2\" content=\"Gesch\u00e4tzte Lesezeit\" \/>\n\t<meta name=\"twitter:data2\" content=\"2\u00a0Minuten\" \/>\n<script type=\"application\/ld+json\" class=\"yoast-schema-graph\">{\"@context\":\"https:\/\/schema.org\",\"@graph\":[{\"@type\":\"Article\",\"@id\":\"https:\/\/www.pressenza.com\/de\/2026\/03\/ein-manifest-aus-dem-iran-nein-zum-krieg\/#article\",\"isPartOf\":{\"@id\":\"https:\/\/www.pressenza.com\/de\/2026\/03\/ein-manifest-aus-dem-iran-nein-zum-krieg\/\"},\"author\":{\"name\":\"Pressenza IPA\",\"@id\":\"https:\/\/www.pressenza.com\/de\/#\/schema\/person\/010e5d02bcf40965427a1289a4cc8d75\"},\"headline\":\"Ein Manifest aus dem Iran: Nein zum Krieg\",\"datePublished\":\"2026-03-07T15:51:05+00:00\",\"dateModified\":\"2026-03-07T16:03:51+00:00\",\"mainEntityOfPage\":{\"@id\":\"https:\/\/www.pressenza.com\/de\/2026\/03\/ein-manifest-aus-dem-iran-nein-zum-krieg\/\"},\"wordCount\":419,\"publisher\":{\"@id\":\"https:\/\/www.pressenza.com\/de\/#organization\"},\"image\":{\"@id\":\"https:\/\/www.pressenza.com\/de\/2026\/03\/ein-manifest-aus-dem-iran-nein-zum-krieg\/#primaryimage\"},\"thumbnailUrl\":\"https:\/\/www.pressenza.com\/wp-content\/uploads\/2026\/03\/No-to-war-against-Iran-lists-353-signatories-inside-a-map-1.png\",\"keywords\":[\"# Naher Osten\",\"Antikrieg\",\"Diplomatie\",\"Donald Trump\",\"Frieden\",\"Friedensbewegung\",\"Gewaltfreiheit\",\"internationale Politik\",\"Iran\",\"Israel\",\"Krieg\",\"Manifest\",\"nein zum krieg\",\"Sanktionen\",\"Zivilgesellschaft\"],\"articleSection\":[\"Frieden und Abr\u00fcstung\",\"Gewaltfreiheit\",\"International\",\"Mittlerer Osten\",\"Originalinhalt\"],\"inLanguage\":\"de\"},{\"@type\":\"WebPage\",\"@id\":\"https:\/\/www.pressenza.com\/de\/2026\/03\/ein-manifest-aus-dem-iran-nein-zum-krieg\/\",\"url\":\"https:\/\/www.pressenza.com\/de\/2026\/03\/ein-manifest-aus-dem-iran-nein-zum-krieg\/\",\"name\":\"Ein Manifest aus dem Iran: Nein zum Krieg\",\"isPartOf\":{\"@id\":\"https:\/\/www.pressenza.com\/de\/#website\"},\"primaryImageOfPage\":{\"@id\":\"https:\/\/www.pressenza.com\/de\/2026\/03\/ein-manifest-aus-dem-iran-nein-zum-krieg\/#primaryimage\"},\"image\":{\"@id\":\"https:\/\/www.pressenza.com\/de\/2026\/03\/ein-manifest-aus-dem-iran-nein-zum-krieg\/#primaryimage\"},\"thumbnailUrl\":\"https:\/\/www.pressenza.com\/wp-content\/uploads\/2026\/03\/No-to-war-against-Iran-lists-353-signatories-inside-a-map-1.png\",\"datePublished\":\"2026-03-07T15:51:05+00:00\",\"dateModified\":\"2026-03-07T16:03:51+00:00\",\"description\":\"Wir ver\u00f6ffentlichen einen bedeutenden Appell von 353 iranischen Aktivist:innen und Akademiker:innen, die im Iran leben. Sie haben ein Manifest mit einem\",\"breadcrumb\":{\"@id\":\"https:\/\/www.pressenza.com\/de\/2026\/03\/ein-manifest-aus-dem-iran-nein-zum-krieg\/#breadcrumb\"},\"inLanguage\":\"de\",\"potentialAction\":[{\"@type\":\"ReadAction\",\"target\":[\"https:\/\/www.pressenza.com\/de\/2026\/03\/ein-manifest-aus-dem-iran-nein-zum-krieg\/\"]}]},{\"@type\":\"ImageObject\",\"inLanguage\":\"de\",\"@id\":\"https:\/\/www.pressenza.com\/de\/2026\/03\/ein-manifest-aus-dem-iran-nein-zum-krieg\/#primaryimage\",\"url\":\"https:\/\/www.pressenza.com\/wp-content\/uploads\/2026\/03\/No-to-war-against-Iran-lists-353-signatories-inside-a-map-1.png\",\"contentUrl\":\"https:\/\/www.pressenza.com\/wp-content\/uploads\/2026\/03\/No-to-war-against-Iran-lists-353-signatories-inside-a-map-1.png\",\"width\":820,\"height\":615,\"caption\":\"Ein Manifest aus dem Iran: Nein zum Krieg\"},{\"@type\":\"BreadcrumbList\",\"@id\":\"https:\/\/www.pressenza.com\/de\/2026\/03\/ein-manifest-aus-dem-iran-nein-zum-krieg\/#breadcrumb\",\"itemListElement\":[{\"@type\":\"ListItem\",\"position\":1,\"name\":\"Accueil\",\"item\":\"https:\/\/www.pressenza.com\/de\/\"},{\"@type\":\"ListItem\",\"position\":2,\"name\":\"Ein Manifest aus dem Iran: Nein zum Krieg\"}]},{\"@type\":\"WebSite\",\"@id\":\"https:\/\/www.pressenza.com\/de\/#website\",\"url\":\"https:\/\/www.pressenza.com\/de\/\",\"name\":\"Pressenza\",\"description\":\"International Press Agency\",\"publisher\":{\"@id\":\"https:\/\/www.pressenza.com\/de\/#organization\"},\"potentialAction\":[{\"@type\":\"SearchAction\",\"target\":{\"@type\":\"EntryPoint\",\"urlTemplate\":\"https:\/\/www.pressenza.com\/de\/?s={search_term_string}\"},\"query-input\":{\"@type\":\"PropertyValueSpecification\",\"valueRequired\":true,\"valueName\":\"search_term_string\"}}],\"inLanguage\":\"de\"},{\"@type\":\"Organization\",\"@id\":\"https:\/\/www.pressenza.com\/de\/#organization\",\"name\":\"Pressenza\",\"url\":\"https:\/\/www.pressenza.com\/de\/\",\"logo\":{\"@type\":\"ImageObject\",\"inLanguage\":\"de\",\"@id\":\"https:\/\/www.pressenza.com\/de\/#\/schema\/logo\/image\/\",\"url\":\"https:\/\/www.pressenza.com\/wp-content\/uploads\/2022\/10\/pressenza_logo_200x200.jpg\",\"contentUrl\":\"https:\/\/www.pressenza.com\/wp-content\/uploads\/2022\/10\/pressenza_logo_200x200.jpg\",\"width\":200,\"height\":200,\"caption\":\"Pressenza\"},\"image\":{\"@id\":\"https:\/\/www.pressenza.com\/de\/#\/schema\/logo\/image\/\"},\"sameAs\":[\"https:\/\/www.facebook.com\/PressenzaItalia\",\"https:\/\/x.com\/PressenzaIPA\"]},{\"@type\":\"Person\",\"@id\":\"https:\/\/www.pressenza.com\/de\/#\/schema\/person\/010e5d02bcf40965427a1289a4cc8d75\",\"name\":\"Pressenza IPA\",\"description\":\"News from Pressenza IPA correspondents\",\"sameAs\":[\"https:\/\/www.facebook.com\/pressenza\",\"https:\/\/x.com\/PressenzaIPA\"],\"url\":\"https:\/\/www.pressenza.com\/de\/author\/pressenza-ipa\/\"}]}<\/script>\n<!-- \/ Yoast SEO plugin. -->","yoast_head_json":{"title":"Ein Manifest aus dem Iran: Nein zum Krieg","description":"Wir ver\u00f6ffentlichen einen bedeutenden Appell von 353 iranischen Aktivist:innen und Akademiker:innen, die im Iran leben. Sie haben ein Manifest mit einem","robots":{"index":"index","follow":"follow","max-snippet":"max-snippet:-1","max-image-preview":"max-image-preview:large","max-video-preview":"max-video-preview:-1"},"canonical":"https:\/\/www.pressenza.com\/de\/2026\/03\/ein-manifest-aus-dem-iran-nein-zum-krieg\/","og_locale":"de_DE","og_type":"article","og_title":"Ein Manifest aus dem Iran: Nein zum Krieg","og_description":"Wir ver\u00f6ffentlichen einen bedeutenden Appell von 353 iranischen Aktivist:innen und Akademiker:innen, die im Iran leben. Sie haben ein Manifest mit einem","og_url":"https:\/\/www.pressenza.com\/de\/2026\/03\/ein-manifest-aus-dem-iran-nein-zum-krieg\/","og_site_name":"Pressenza","article_publisher":"https:\/\/www.facebook.com\/PressenzaItalia","article_author":"https:\/\/www.facebook.com\/pressenza","article_published_time":"2026-03-07T15:51:05+00:00","article_modified_time":"2026-03-07T16:03:51+00:00","og_image":[{"width":820,"height":615,"url":"https:\/\/www.pressenza.com\/wp-content\/uploads\/2026\/03\/No-to-war-against-Iran-lists-353-signatories-inside-a-map-1.png","type":"image\/png"}],"author":"Pressenza IPA","twitter_card":"summary_large_image","twitter_creator":"@PressenzaIPA","twitter_site":"@PressenzaIPA","twitter_misc":{"Verfasst von":"Pressenza IPA","Gesch\u00e4tzte Lesezeit":"2\u00a0Minuten"},"schema":{"@context":"https:\/\/schema.org","@graph":[{"@type":"Article","@id":"https:\/\/www.pressenza.com\/de\/2026\/03\/ein-manifest-aus-dem-iran-nein-zum-krieg\/#article","isPartOf":{"@id":"https:\/\/www.pressenza.com\/de\/2026\/03\/ein-manifest-aus-dem-iran-nein-zum-krieg\/"},"author":{"name":"Pressenza IPA","@id":"https:\/\/www.pressenza.com\/de\/#\/schema\/person\/010e5d02bcf40965427a1289a4cc8d75"},"headline":"Ein Manifest aus dem Iran: Nein zum Krieg","datePublished":"2026-03-07T15:51:05+00:00","dateModified":"2026-03-07T16:03:51+00:00","mainEntityOfPage":{"@id":"https:\/\/www.pressenza.com\/de\/2026\/03\/ein-manifest-aus-dem-iran-nein-zum-krieg\/"},"wordCount":419,"publisher":{"@id":"https:\/\/www.pressenza.com\/de\/#organization"},"image":{"@id":"https:\/\/www.pressenza.com\/de\/2026\/03\/ein-manifest-aus-dem-iran-nein-zum-krieg\/#primaryimage"},"thumbnailUrl":"https:\/\/www.pressenza.com\/wp-content\/uploads\/2026\/03\/No-to-war-against-Iran-lists-353-signatories-inside-a-map-1.png","keywords":["# Naher Osten","Antikrieg","Diplomatie","Donald Trump","Frieden","Friedensbewegung","Gewaltfreiheit","internationale Politik","Iran","Israel","Krieg","Manifest","nein zum krieg","Sanktionen","Zivilgesellschaft"],"articleSection":["Frieden und Abr\u00fcstung","Gewaltfreiheit","International","Mittlerer Osten","Originalinhalt"],"inLanguage":"de"},{"@type":"WebPage","@id":"https:\/\/www.pressenza.com\/de\/2026\/03\/ein-manifest-aus-dem-iran-nein-zum-krieg\/","url":"https:\/\/www.pressenza.com\/de\/2026\/03\/ein-manifest-aus-dem-iran-nein-zum-krieg\/","name":"Ein Manifest aus dem Iran: Nein zum Krieg","isPartOf":{"@id":"https:\/\/www.pressenza.com\/de\/#website"},"primaryImageOfPage":{"@id":"https:\/\/www.pressenza.com\/de\/2026\/03\/ein-manifest-aus-dem-iran-nein-zum-krieg\/#primaryimage"},"image":{"@id":"https:\/\/www.pressenza.com\/de\/2026\/03\/ein-manifest-aus-dem-iran-nein-zum-krieg\/#primaryimage"},"thumbnailUrl":"https:\/\/www.pressenza.com\/wp-content\/uploads\/2026\/03\/No-to-war-against-Iran-lists-353-signatories-inside-a-map-1.png","datePublished":"2026-03-07T15:51:05+00:00","dateModified":"2026-03-07T16:03:51+00:00","description":"Wir ver\u00f6ffentlichen einen bedeutenden Appell von 353 iranischen Aktivist:innen und Akademiker:innen, die im Iran leben. Sie haben ein Manifest mit einem","breadcrumb":{"@id":"https:\/\/www.pressenza.com\/de\/2026\/03\/ein-manifest-aus-dem-iran-nein-zum-krieg\/#breadcrumb"},"inLanguage":"de","potentialAction":[{"@type":"ReadAction","target":["https:\/\/www.pressenza.com\/de\/2026\/03\/ein-manifest-aus-dem-iran-nein-zum-krieg\/"]}]},{"@type":"ImageObject","inLanguage":"de","@id":"https:\/\/www.pressenza.com\/de\/2026\/03\/ein-manifest-aus-dem-iran-nein-zum-krieg\/#primaryimage","url":"https:\/\/www.pressenza.com\/wp-content\/uploads\/2026\/03\/No-to-war-against-Iran-lists-353-signatories-inside-a-map-1.png","contentUrl":"https:\/\/www.pressenza.com\/wp-content\/uploads\/2026\/03\/No-to-war-against-Iran-lists-353-signatories-inside-a-map-1.png","width":820,"height":615,"caption":"Ein Manifest aus dem Iran: Nein zum Krieg"},{"@type":"BreadcrumbList","@id":"https:\/\/www.pressenza.com\/de\/2026\/03\/ein-manifest-aus-dem-iran-nein-zum-krieg\/#breadcrumb","itemListElement":[{"@type":"ListItem","position":1,"name":"Accueil","item":"https:\/\/www.pressenza.com\/de\/"},{"@type":"ListItem","position":2,"name":"Ein Manifest aus dem Iran: Nein zum Krieg"}]},{"@type":"WebSite","@id":"https:\/\/www.pressenza.com\/de\/#website","url":"https:\/\/www.pressenza.com\/de\/","name":"Pressenza","description":"International Press Agency","publisher":{"@id":"https:\/\/www.pressenza.com\/de\/#organization"},"potentialAction":[{"@type":"SearchAction","target":{"@type":"EntryPoint","urlTemplate":"https:\/\/www.pressenza.com\/de\/?s={search_term_string}"},"query-input":{"@type":"PropertyValueSpecification","valueRequired":true,"valueName":"search_term_string"}}],"inLanguage":"de"},{"@type":"Organization","@id":"https:\/\/www.pressenza.com\/de\/#organization","name":"Pressenza","url":"https:\/\/www.pressenza.com\/de\/","logo":{"@type":"ImageObject","inLanguage":"de","@id":"https:\/\/www.pressenza.com\/de\/#\/schema\/logo\/image\/","url":"https:\/\/www.pressenza.com\/wp-content\/uploads\/2022\/10\/pressenza_logo_200x200.jpg","contentUrl":"https:\/\/www.pressenza.com\/wp-content\/uploads\/2022\/10\/pressenza_logo_200x200.jpg","width":200,"height":200,"caption":"Pressenza"},"image":{"@id":"https:\/\/www.pressenza.com\/de\/#\/schema\/logo\/image\/"},"sameAs":["https:\/\/www.facebook.com\/PressenzaItalia","https:\/\/x.com\/PressenzaIPA"]},{"@type":"Person","@id":"https:\/\/www.pressenza.com\/de\/#\/schema\/person\/010e5d02bcf40965427a1289a4cc8d75","name":"Pressenza IPA","description":"News from Pressenza IPA correspondents","sameAs":["https:\/\/www.facebook.com\/pressenza","https:\/\/x.com\/PressenzaIPA"],"url":"https:\/\/www.pressenza.com\/de\/author\/pressenza-ipa\/"}]}},"place":"","original_article_url":"","_links":{"self":[{"href":"https:\/\/www.pressenza.com\/de\/wp-json\/wp\/v2\/posts\/2682040","targetHints":{"allow":["GET"]}}],"collection":[{"href":"https:\/\/www.pressenza.com\/de\/wp-json\/wp\/v2\/posts"}],"about":[{"href":"https:\/\/www.pressenza.com\/de\/wp-json\/wp\/v2\/types\/post"}],"author":[{"embeddable":true,"href":"https:\/\/www.pressenza.com\/de\/wp-json\/wp\/v2\/users\/19"}],"replies":[{"embeddable":true,"href":"https:\/\/www.pressenza.com\/de\/wp-json\/wp\/v2\/comments?post=2682040"}],"version-history":[{"count":3,"href":"https:\/\/www.pressenza.com\/de\/wp-json\/wp\/v2\/posts\/2682040\/revisions"}],"predecessor-version":[{"id":2682043,"href":"https:\/\/www.pressenza.com\/de\/wp-json\/wp\/v2\/posts\/2682040\/revisions\/2682043"}],"wp:featuredmedia":[{"embeddable":true,"href":"https:\/\/www.pressenza.com\/de\/wp-json\/wp\/v2\/media\/2682046"}],"wp:attachment":[{"href":"https:\/\/www.pressenza.com\/de\/wp-json\/wp\/v2\/media?parent=2682040"}],"wp:term":[{"taxonomy":"category","embeddable":true,"href":"https:\/\/www.pressenza.com\/de\/wp-json\/wp\/v2\/categories?post=2682040"},{"taxonomy":"post_tag","embeddable":true,"href":"https:\/\/www.pressenza.com\/de\/wp-json\/wp\/v2\/tags?post=2682040"}],"curies":[{"name":"wp","href":"https:\/\/api.w.org\/{rel}","templated":true}]}}