{"id":2676530,"date":"2026-02-15T09:04:38","date_gmt":"2026-02-15T09:04:38","guid":{"rendered":"https:\/\/www.pressenza.com\/?p=2676530"},"modified":"2026-02-15T09:04:38","modified_gmt":"2026-02-15T09:04:38","slug":"internationale-koalition-plant-hilfskonvoi-nach-kuba","status":"publish","type":"post","link":"https:\/\/www.pressenza.com\/de\/2026\/02\/internationale-koalition-plant-hilfskonvoi-nach-kuba\/","title":{"rendered":"Internationale Koalition plant Hilfskonvoi nach Kuba"},"content":{"rendered":"<p><strong>B\u00fcndnis aus sozialen Bewegungen, Gewerkschaften und Hilfsorganisationen koordiniert die Fahrt. Geplant sind Lieferungen von Lebensmitteln und Medikamenten. Ausl\u00f6ser ist US-Energieblockade, die \u00d6limporte nach Kuba stoppt<\/strong><\/p>\n<p><strong>Von <a href=\"https:\/\/amerika21.de\/autor\/marcel-kunzmann\">Marcel Kunzmann<\/a><\/strong><\/p>\n<p>Havanna\/Madrid\/London. Eine internationale Koalition aus sozialen Bewegungen, Gewerkschaften und humanit\u00e4ren Organisationen hat am Dienstag angek\u00fcndigt, im M\u00e4rz einen Schiffskonvoi mit Lebensmitteln und Medikamenten nach Kuba zu entsenden. Die Initiative reagiert auf die sich verschlechternde Versorgungslage infolge der US-Energieblockade, durch die keine Erd\u00f6llieferungen mehr in Kuba ankommen.<\/p>\n<p>Die Flotilla &#8222;Nuestra Am\u00e9rica&#8220; soll durch die Karibik nach Kuba fahren und Versorgungsg\u00fcter liefern, wie die Organisatoren gegen\u00fcber der spanischen Zeitung elDiario mitteilten. Vorbild ist die Globale\u00a0Sumud-Flotilla, die im vergangenen Jahr versuchte, die israelische Seeblockade des Gazastreifens zu durchbrechen.<\/p>\n<p>&#8222;Wir bereiten uns darauf vor, nach Kuba zu segeln, um die Blockade zu durchbrechen, Lebensmittel und Medikamente zu bringen&#8220;, sagte David Adler vom Kollektiv Progressive International. Die j\u00fcngsten Sanktionsversch\u00e4rfungen h\u00e4tten Kraftstoffimporte unterbrochen, Flugzeuge am Boden festgehalten und das Land zu landesweiten Sparma\u00dfnahmen gezwungen.<\/p>\n<p>Zu den Unterst\u00fctzern geh\u00f6ren der britische Parlamentsabgeordnete Jeremy Corbyn, die demokratische US-Kongressabgeordnete Rashida Tlaib und die ehemalige B\u00fcrgermeisterin von Barcelona, Ada Colau. &#8222;Die Trump-Administration erstickt das kubanische Volk&#8220;, erkl\u00e4rte Tlaib.<\/p>\n<p>Parallel zur geplanten Flotilla treffen bereits staatliche Hilfslieferungen ein. Mexiko hat 800 Tonnen Hilfsg\u00fcter nach Kuba geliefert, &#8230;<\/p>\n<hr \/>\n<p><img loading=\"lazy\" decoding=\"async\" class=\" wp-image-2612492 alignleft\" src=\"https:\/\/cdn77.pressenza.com\/wp-content\/uploads\/2025\/06\/amerika-21.jpg\" alt=\"\" width=\"119\" height=\"60\" \/>Den vollst\u00e4ndigen Text finden Sie hier:<\/p>\n<p>https:\/\/amerika21.de\/2026\/02\/282852\/hilfsmission-flotilla-kuba<\/p>\n","protected":false},"excerpt":{"rendered":"<p>B\u00fcndnis aus sozialen Bewegungen, Gewerkschaften und Hilfsorganisationen koordiniert die Fahrt. Geplant sind Lieferungen von Lebensmitteln und Medikamenten. Ausl\u00f6ser ist US-Energieblockade, die \u00d6limporte nach Kuba stoppt Von Marcel Kunzmann Havanna\/Madrid\/London. Eine internationale Koalition aus sozialen Bewegungen, Gewerkschaften und humanit\u00e4ren Organisationen hat&hellip;<\/p>\n","protected":false},"author":2427,"featured_media":2676533,"comment_status":"closed","ping_status":"closed","sticky":false,"template":"","format":"standard","meta":{"footnotes":""},"categories":[9164,9149,9168,9158],"tags":[41523],"class_list":["post-2676530","post","type-post","status-publish","format-standard","has-post-thumbnail","hentry","category-internationale-angelegenheiten","category-mittelamerika","category-politik","category-wirtschaft","tag-handelsblockade-gegen-kuba"],"yoast_head":"<!-- This site is optimized with the Yoast SEO plugin v27.1.1 - https:\/\/yoast.com\/product\/yoast-seo-wordpress\/ -->\n<title>Internationale Koalition plant Hilfskonvoi nach Kuba<\/title>\n<meta name=\"description\" content=\"B\u00fcndnis aus sozialen Bewegungen, Gewerkschaften und Hilfsorganisationen koordiniert die Fahrt. Geplant sind Lieferungen von Lebensmitteln und\" \/>\n<meta name=\"robots\" content=\"index, follow, max-snippet:-1, max-image-preview:large, max-video-preview:-1\" \/>\n<link rel=\"canonical\" href=\"https:\/\/www.pressenza.com\/de\/2026\/02\/internationale-koalition-plant-hilfskonvoi-nach-kuba\/\" \/>\n<meta property=\"og:locale\" content=\"de_DE\" \/>\n<meta property=\"og:type\" content=\"article\" \/>\n<meta property=\"og:title\" content=\"Internationale Koalition plant Hilfskonvoi nach Kuba\" \/>\n<meta property=\"og:description\" content=\"B\u00fcndnis aus sozialen Bewegungen, Gewerkschaften und Hilfsorganisationen koordiniert die Fahrt. Geplant sind Lieferungen von Lebensmitteln und\" \/>\n<meta property=\"og:url\" content=\"https:\/\/www.pressenza.com\/de\/2026\/02\/internationale-koalition-plant-hilfskonvoi-nach-kuba\/\" \/>\n<meta property=\"og:site_name\" content=\"Pressenza\" \/>\n<meta property=\"article:publisher\" content=\"https:\/\/www.facebook.com\/PressenzaItalia\" \/>\n<meta property=\"article:published_time\" content=\"2026-02-15T09:04:38+00:00\" \/>\n<meta property=\"og:image\" content=\"https:\/\/www.pressenza.com\/wp-content\/uploads\/2026\/02\/nuestra_america_flotilla.jpg\" \/>\n\t<meta property=\"og:image:width\" content=\"820\" \/>\n\t<meta property=\"og:image:height\" content=\"656\" \/>\n\t<meta property=\"og:image:type\" content=\"image\/jpeg\" \/>\n<meta name=\"author\" content=\"Pressenza Hannover\" \/>\n<meta name=\"twitter:card\" content=\"summary_large_image\" \/>\n<meta name=\"twitter:creator\" content=\"@PressenzaIPA\" \/>\n<meta name=\"twitter:site\" content=\"@PressenzaIPA\" \/>\n<meta name=\"twitter:label1\" content=\"Verfasst von\" \/>\n\t<meta name=\"twitter:data1\" content=\"Pressenza Hannover\" \/>\n\t<meta name=\"twitter:label2\" content=\"Gesch\u00e4tzte Lesezeit\" \/>\n\t<meta name=\"twitter:data2\" content=\"2\u00a0Minuten\" \/>\n<script type=\"application\/ld+json\" class=\"yoast-schema-graph\">{\"@context\":\"https:\/\/schema.org\",\"@graph\":[{\"@type\":\"Article\",\"@id\":\"https:\/\/www.pressenza.com\/de\/2026\/02\/internationale-koalition-plant-hilfskonvoi-nach-kuba\/#article\",\"isPartOf\":{\"@id\":\"https:\/\/www.pressenza.com\/de\/2026\/02\/internationale-koalition-plant-hilfskonvoi-nach-kuba\/\"},\"author\":{\"name\":\"Pressenza Hannover\",\"@id\":\"https:\/\/www.pressenza.com\/de\/#\/schema\/person\/5d0d34d34f0e263dafff0e8cd50eb438\"},\"headline\":\"Internationale Koalition plant Hilfskonvoi nach Kuba\",\"datePublished\":\"2026-02-15T09:04:38+00:00\",\"mainEntityOfPage\":{\"@id\":\"https:\/\/www.pressenza.com\/de\/2026\/02\/internationale-koalition-plant-hilfskonvoi-nach-kuba\/\"},\"wordCount\":240,\"publisher\":{\"@id\":\"https:\/\/www.pressenza.com\/de\/#organization\"},\"image\":{\"@id\":\"https:\/\/www.pressenza.com\/de\/2026\/02\/internationale-koalition-plant-hilfskonvoi-nach-kuba\/#primaryimage\"},\"thumbnailUrl\":\"https:\/\/www.pressenza.com\/wp-content\/uploads\/2026\/02\/nuestra_america_flotilla.jpg\",\"keywords\":[\"Handelsblockade gegen Kuba\"],\"articleSection\":[\"Internationale Angelegenheiten\",\"Mittelamerika\",\"Politik\",\"Wirtschaft\"],\"inLanguage\":\"de\"},{\"@type\":\"WebPage\",\"@id\":\"https:\/\/www.pressenza.com\/de\/2026\/02\/internationale-koalition-plant-hilfskonvoi-nach-kuba\/\",\"url\":\"https:\/\/www.pressenza.com\/de\/2026\/02\/internationale-koalition-plant-hilfskonvoi-nach-kuba\/\",\"name\":\"Internationale Koalition plant Hilfskonvoi nach Kuba\",\"isPartOf\":{\"@id\":\"https:\/\/www.pressenza.com\/de\/#website\"},\"primaryImageOfPage\":{\"@id\":\"https:\/\/www.pressenza.com\/de\/2026\/02\/internationale-koalition-plant-hilfskonvoi-nach-kuba\/#primaryimage\"},\"image\":{\"@id\":\"https:\/\/www.pressenza.com\/de\/2026\/02\/internationale-koalition-plant-hilfskonvoi-nach-kuba\/#primaryimage\"},\"thumbnailUrl\":\"https:\/\/www.pressenza.com\/wp-content\/uploads\/2026\/02\/nuestra_america_flotilla.jpg\",\"datePublished\":\"2026-02-15T09:04:38+00:00\",\"description\":\"B\u00fcndnis aus sozialen Bewegungen, Gewerkschaften und Hilfsorganisationen koordiniert die Fahrt. Geplant sind Lieferungen von Lebensmitteln und\",\"breadcrumb\":{\"@id\":\"https:\/\/www.pressenza.com\/de\/2026\/02\/internationale-koalition-plant-hilfskonvoi-nach-kuba\/#breadcrumb\"},\"inLanguage\":\"de\",\"potentialAction\":[{\"@type\":\"ReadAction\",\"target\":[\"https:\/\/www.pressenza.com\/de\/2026\/02\/internationale-koalition-plant-hilfskonvoi-nach-kuba\/\"]}]},{\"@type\":\"ImageObject\",\"inLanguage\":\"de\",\"@id\":\"https:\/\/www.pressenza.com\/de\/2026\/02\/internationale-koalition-plant-hilfskonvoi-nach-kuba\/#primaryimage\",\"url\":\"https:\/\/www.pressenza.com\/wp-content\/uploads\/2026\/02\/nuestra_america_flotilla.jpg\",\"contentUrl\":\"https:\/\/www.pressenza.com\/wp-content\/uploads\/2026\/02\/nuestra_america_flotilla.jpg\",\"width\":820,\"height\":656,\"caption\":\"Die Solidarit\u00e4tsflotte Nuestra Am\u00e9rica will Hilfsg\u00fcter nach Kuba bringen (Quelle: @ProgIntl)\"},{\"@type\":\"BreadcrumbList\",\"@id\":\"https:\/\/www.pressenza.com\/de\/2026\/02\/internationale-koalition-plant-hilfskonvoi-nach-kuba\/#breadcrumb\",\"itemListElement\":[{\"@type\":\"ListItem\",\"position\":1,\"name\":\"Accueil\",\"item\":\"https:\/\/www.pressenza.com\/de\/\"},{\"@type\":\"ListItem\",\"position\":2,\"name\":\"Internationale Koalition plant Hilfskonvoi nach Kuba\"}]},{\"@type\":\"WebSite\",\"@id\":\"https:\/\/www.pressenza.com\/de\/#website\",\"url\":\"https:\/\/www.pressenza.com\/de\/\",\"name\":\"Pressenza\",\"description\":\"International Press Agency\",\"publisher\":{\"@id\":\"https:\/\/www.pressenza.com\/de\/#organization\"},\"potentialAction\":[{\"@type\":\"SearchAction\",\"target\":{\"@type\":\"EntryPoint\",\"urlTemplate\":\"https:\/\/www.pressenza.com\/de\/?s={search_term_string}\"},\"query-input\":{\"@type\":\"PropertyValueSpecification\",\"valueRequired\":true,\"valueName\":\"search_term_string\"}}],\"inLanguage\":\"de\"},{\"@type\":\"Organization\",\"@id\":\"https:\/\/www.pressenza.com\/de\/#organization\",\"name\":\"Pressenza\",\"url\":\"https:\/\/www.pressenza.com\/de\/\",\"logo\":{\"@type\":\"ImageObject\",\"inLanguage\":\"de\",\"@id\":\"https:\/\/www.pressenza.com\/de\/#\/schema\/logo\/image\/\",\"url\":\"https:\/\/www.pressenza.com\/wp-content\/uploads\/2022\/10\/pressenza_logo_200x200.jpg\",\"contentUrl\":\"https:\/\/www.pressenza.com\/wp-content\/uploads\/2022\/10\/pressenza_logo_200x200.jpg\",\"width\":200,\"height\":200,\"caption\":\"Pressenza\"},\"image\":{\"@id\":\"https:\/\/www.pressenza.com\/de\/#\/schema\/logo\/image\/\"},\"sameAs\":[\"https:\/\/www.facebook.com\/PressenzaItalia\",\"https:\/\/x.com\/PressenzaIPA\"]},{\"@type\":\"Person\",\"@id\":\"https:\/\/www.pressenza.com\/de\/#\/schema\/person\/5d0d34d34f0e263dafff0e8cd50eb438\",\"name\":\"Pressenza Hannover\",\"description\":\"News from the Pressenza bureau in Hannover, Germany\",\"url\":\"https:\/\/www.pressenza.com\/de\/author\/pressenza-hannover\/\"}]}<\/script>\n<!-- \/ Yoast SEO plugin. -->","yoast_head_json":{"title":"Internationale Koalition plant Hilfskonvoi nach Kuba","description":"B\u00fcndnis aus sozialen Bewegungen, Gewerkschaften und Hilfsorganisationen koordiniert die Fahrt. Geplant sind Lieferungen von Lebensmitteln und","robots":{"index":"index","follow":"follow","max-snippet":"max-snippet:-1","max-image-preview":"max-image-preview:large","max-video-preview":"max-video-preview:-1"},"canonical":"https:\/\/www.pressenza.com\/de\/2026\/02\/internationale-koalition-plant-hilfskonvoi-nach-kuba\/","og_locale":"de_DE","og_type":"article","og_title":"Internationale Koalition plant Hilfskonvoi nach Kuba","og_description":"B\u00fcndnis aus sozialen Bewegungen, Gewerkschaften und Hilfsorganisationen koordiniert die Fahrt. Geplant sind Lieferungen von Lebensmitteln und","og_url":"https:\/\/www.pressenza.com\/de\/2026\/02\/internationale-koalition-plant-hilfskonvoi-nach-kuba\/","og_site_name":"Pressenza","article_publisher":"https:\/\/www.facebook.com\/PressenzaItalia","article_published_time":"2026-02-15T09:04:38+00:00","og_image":[{"width":820,"height":656,"url":"https:\/\/www.pressenza.com\/wp-content\/uploads\/2026\/02\/nuestra_america_flotilla.jpg","type":"image\/jpeg"}],"author":"Pressenza Hannover","twitter_card":"summary_large_image","twitter_creator":"@PressenzaIPA","twitter_site":"@PressenzaIPA","twitter_misc":{"Verfasst von":"Pressenza Hannover","Gesch\u00e4tzte Lesezeit":"2\u00a0Minuten"},"schema":{"@context":"https:\/\/schema.org","@graph":[{"@type":"Article","@id":"https:\/\/www.pressenza.com\/de\/2026\/02\/internationale-koalition-plant-hilfskonvoi-nach-kuba\/#article","isPartOf":{"@id":"https:\/\/www.pressenza.com\/de\/2026\/02\/internationale-koalition-plant-hilfskonvoi-nach-kuba\/"},"author":{"name":"Pressenza Hannover","@id":"https:\/\/www.pressenza.com\/de\/#\/schema\/person\/5d0d34d34f0e263dafff0e8cd50eb438"},"headline":"Internationale Koalition plant Hilfskonvoi nach Kuba","datePublished":"2026-02-15T09:04:38+00:00","mainEntityOfPage":{"@id":"https:\/\/www.pressenza.com\/de\/2026\/02\/internationale-koalition-plant-hilfskonvoi-nach-kuba\/"},"wordCount":240,"publisher":{"@id":"https:\/\/www.pressenza.com\/de\/#organization"},"image":{"@id":"https:\/\/www.pressenza.com\/de\/2026\/02\/internationale-koalition-plant-hilfskonvoi-nach-kuba\/#primaryimage"},"thumbnailUrl":"https:\/\/www.pressenza.com\/wp-content\/uploads\/2026\/02\/nuestra_america_flotilla.jpg","keywords":["Handelsblockade gegen Kuba"],"articleSection":["Internationale Angelegenheiten","Mittelamerika","Politik","Wirtschaft"],"inLanguage":"de"},{"@type":"WebPage","@id":"https:\/\/www.pressenza.com\/de\/2026\/02\/internationale-koalition-plant-hilfskonvoi-nach-kuba\/","url":"https:\/\/www.pressenza.com\/de\/2026\/02\/internationale-koalition-plant-hilfskonvoi-nach-kuba\/","name":"Internationale Koalition plant Hilfskonvoi nach Kuba","isPartOf":{"@id":"https:\/\/www.pressenza.com\/de\/#website"},"primaryImageOfPage":{"@id":"https:\/\/www.pressenza.com\/de\/2026\/02\/internationale-koalition-plant-hilfskonvoi-nach-kuba\/#primaryimage"},"image":{"@id":"https:\/\/www.pressenza.com\/de\/2026\/02\/internationale-koalition-plant-hilfskonvoi-nach-kuba\/#primaryimage"},"thumbnailUrl":"https:\/\/www.pressenza.com\/wp-content\/uploads\/2026\/02\/nuestra_america_flotilla.jpg","datePublished":"2026-02-15T09:04:38+00:00","description":"B\u00fcndnis aus sozialen Bewegungen, Gewerkschaften und Hilfsorganisationen koordiniert die Fahrt. Geplant sind Lieferungen von Lebensmitteln und","breadcrumb":{"@id":"https:\/\/www.pressenza.com\/de\/2026\/02\/internationale-koalition-plant-hilfskonvoi-nach-kuba\/#breadcrumb"},"inLanguage":"de","potentialAction":[{"@type":"ReadAction","target":["https:\/\/www.pressenza.com\/de\/2026\/02\/internationale-koalition-plant-hilfskonvoi-nach-kuba\/"]}]},{"@type":"ImageObject","inLanguage":"de","@id":"https:\/\/www.pressenza.com\/de\/2026\/02\/internationale-koalition-plant-hilfskonvoi-nach-kuba\/#primaryimage","url":"https:\/\/www.pressenza.com\/wp-content\/uploads\/2026\/02\/nuestra_america_flotilla.jpg","contentUrl":"https:\/\/www.pressenza.com\/wp-content\/uploads\/2026\/02\/nuestra_america_flotilla.jpg","width":820,"height":656,"caption":"Die Solidarit\u00e4tsflotte Nuestra Am\u00e9rica will Hilfsg\u00fcter nach Kuba bringen (Quelle: @ProgIntl)"},{"@type":"BreadcrumbList","@id":"https:\/\/www.pressenza.com\/de\/2026\/02\/internationale-koalition-plant-hilfskonvoi-nach-kuba\/#breadcrumb","itemListElement":[{"@type":"ListItem","position":1,"name":"Accueil","item":"https:\/\/www.pressenza.com\/de\/"},{"@type":"ListItem","position":2,"name":"Internationale Koalition plant Hilfskonvoi nach Kuba"}]},{"@type":"WebSite","@id":"https:\/\/www.pressenza.com\/de\/#website","url":"https:\/\/www.pressenza.com\/de\/","name":"Pressenza","description":"International Press Agency","publisher":{"@id":"https:\/\/www.pressenza.com\/de\/#organization"},"potentialAction":[{"@type":"SearchAction","target":{"@type":"EntryPoint","urlTemplate":"https:\/\/www.pressenza.com\/de\/?s={search_term_string}"},"query-input":{"@type":"PropertyValueSpecification","valueRequired":true,"valueName":"search_term_string"}}],"inLanguage":"de"},{"@type":"Organization","@id":"https:\/\/www.pressenza.com\/de\/#organization","name":"Pressenza","url":"https:\/\/www.pressenza.com\/de\/","logo":{"@type":"ImageObject","inLanguage":"de","@id":"https:\/\/www.pressenza.com\/de\/#\/schema\/logo\/image\/","url":"https:\/\/www.pressenza.com\/wp-content\/uploads\/2022\/10\/pressenza_logo_200x200.jpg","contentUrl":"https:\/\/www.pressenza.com\/wp-content\/uploads\/2022\/10\/pressenza_logo_200x200.jpg","width":200,"height":200,"caption":"Pressenza"},"image":{"@id":"https:\/\/www.pressenza.com\/de\/#\/schema\/logo\/image\/"},"sameAs":["https:\/\/www.facebook.com\/PressenzaItalia","https:\/\/x.com\/PressenzaIPA"]},{"@type":"Person","@id":"https:\/\/www.pressenza.com\/de\/#\/schema\/person\/5d0d34d34f0e263dafff0e8cd50eb438","name":"Pressenza Hannover","description":"News from the Pressenza bureau in Hannover, Germany","url":"https:\/\/www.pressenza.com\/de\/author\/pressenza-hannover\/"}]}},"place":"amerika 21","original_article_url":"https:\/\/amerika21.de\/2026\/02\/282852\/hilfsmission-flotilla-kuba","_links":{"self":[{"href":"https:\/\/www.pressenza.com\/de\/wp-json\/wp\/v2\/posts\/2676530","targetHints":{"allow":["GET"]}}],"collection":[{"href":"https:\/\/www.pressenza.com\/de\/wp-json\/wp\/v2\/posts"}],"about":[{"href":"https:\/\/www.pressenza.com\/de\/wp-json\/wp\/v2\/types\/post"}],"author":[{"embeddable":true,"href":"https:\/\/www.pressenza.com\/de\/wp-json\/wp\/v2\/users\/2427"}],"replies":[{"embeddable":true,"href":"https:\/\/www.pressenza.com\/de\/wp-json\/wp\/v2\/comments?post=2676530"}],"version-history":[{"count":2,"href":"https:\/\/www.pressenza.com\/de\/wp-json\/wp\/v2\/posts\/2676530\/revisions"}],"predecessor-version":[{"id":2676539,"href":"https:\/\/www.pressenza.com\/de\/wp-json\/wp\/v2\/posts\/2676530\/revisions\/2676539"}],"wp:featuredmedia":[{"embeddable":true,"href":"https:\/\/www.pressenza.com\/de\/wp-json\/wp\/v2\/media\/2676533"}],"wp:attachment":[{"href":"https:\/\/www.pressenza.com\/de\/wp-json\/wp\/v2\/media?parent=2676530"}],"wp:term":[{"taxonomy":"category","embeddable":true,"href":"https:\/\/www.pressenza.com\/de\/wp-json\/wp\/v2\/categories?post=2676530"},{"taxonomy":"post_tag","embeddable":true,"href":"https:\/\/www.pressenza.com\/de\/wp-json\/wp\/v2\/tags?post=2676530"}],"curies":[{"name":"wp","href":"https:\/\/api.w.org\/{rel}","templated":true}]}}