{"id":2672504,"date":"2026-02-01T13:38:16","date_gmt":"2026-02-01T13:38:16","guid":{"rendered":"https:\/\/www.pressenza.com\/?p=2672504"},"modified":"2026-02-01T13:38:16","modified_gmt":"2026-02-01T13:38:16","slug":"am-puls-des-wachhunds","status":"publish","type":"post","link":"https:\/\/www.pressenza.com\/de\/2026\/02\/am-puls-des-wachhunds\/","title":{"rendered":"Am Puls des Wachhunds"},"content":{"rendered":"<p><strong>Eine sehenswerte Doku zeigt den couragierten Journalisten Seymour Hersh ungesch\u00f6nt. Und hilft, Trumps USA zu verstehen.<\/strong><\/p>\n<p><em><a href=\"mailto:pascal.sigg@infosperber.ch\">Pascal Sigg<\/a><\/em> f\u00fcr die Online-Zeitung <a href=\"https:\/\/www.infosperber.ch\/medien\/am-puls-des-wachhunds\/\" target=\"_blank\" rel=\"noopener\">INFOsperber<\/a><\/p>\n<p>Der US-Journalist Seymour Hersh gilt als Held der Nonkonformisten. Weshalb zeigt die seit wenigen Wochen laufende <a href=\"https:\/\/www.netflix.com\/ch\/title\/82145211\" target=\"_blank\" rel=\"noopener\">Netflix-Doku \u00abCover-Up\u00bb<\/a>. Verantwortlich f\u00fcr den Film zeichnet die US-Regisseurin Laura Poitras. Sie erhielt f\u00fcr die Edward-Snowden-Doku \u00abCitizenfour\u00bb (2014) einen Oscar und widmete sich mit \u00abRisk\u00bb (2016) Wikileaks-Gr\u00fcnder Julian Assange.<\/p>\n<p>In ihrem neusten Werk, das unl\u00e4ngst ebenfalls auf die Oscar-Shortlist gesetzt wurde, widmet sich Poitras dem heute 88-j\u00e4hrigen Investigativjournalisten Hersh. Mit Zusammenschnitten faszinierender Archiv-Aufnahmen erz\u00e4hlt sie aber nicht nur Leben und Karriere des bekannten Reporters.<\/p>\n<p>Poitras verfolgt auch eine h\u00e4ufig ausgeblendete Geschichte, welche die gegenw\u00e4rtigen imperialen Gel\u00fcste der USA unter Trump, die Unterdr\u00fcckung politischer Gegner oder die Unterst\u00fctzung israelischer Kriegsverbrecher als Konsequenzen vergangener Straflosigkeit erkl\u00e4ren kann.<\/p>\n<p><strong>20 Jahre bis zum Film<\/strong><\/p>\n<p>Daf\u00fcr braucht es einen langen Atem. Poitras fragte Hersh bereits 2004 an, ob er sich f\u00fcr einen Dokumentarfilm begleiten lassen w\u00fcrde. Damals, zu Beginn des zweiten Irakkriegs, war er die lauteste der sehr wenig kritischen Stimmen, welche das Vorgehen der Bush-Regierung nach 9\/11 hinterfragten. Poitras reiste damals in den Irak, fassungslos dar\u00fcber, wie obrigkeitsh\u00f6rig die gro\u00dfen US-Massenmedien \u00fcber die Kriegsvorbereitungen berichteten. Im Irak drehte Poitras den Film \u00abMy Country, My Country\u00bb (2006). Nach ihrer R\u00fcckkehr in die USA nahm sie Kontakt mit Hersh auf, doch dieser lehnte ab. 20 Jahre sp\u00e4ter sagte er doch zu.<\/p>\n<p><iframe loading=\"lazy\" title=\"My County, My Country (Documentary)\" width=\"500\" height=\"281\" src=\"https:\/\/www.youtube.com\/embed\/9KGoa1QKezg?feature=oembed\" frameborder=\"0\" allow=\"accelerometer; autoplay; clipboard-write; encrypted-media; gyroscope; picture-in-picture; web-share\" referrerpolicy=\"strict-origin-when-cross-origin\" allowfullscreen><\/iframe><\/p>\n<p>Laura Poitras\u2018 Dokumentarfilm \u00abMy Country, My Country\u00bb (2006) in voller L\u00e4nge auf (Youtube)<\/p>\n<p>\u00abWir waren von Beginn weg interessiert an Hershs Recherchen\u00bb, sagte Poitras Anfang Dezember in einem Interview. \u00abAber auch an den Mustern, die wir \u00fcber ein halbes Jahrhundert sehen konnten, den Gr\u00e4ueltaten, den Vertuschungen, der Straflosigkeit und der Rolle des investigativen Journalismus beim Durchbrechen dieses Teufelskreises.\u00bb<\/p>\n<p><strong>Hersh: Investigativjournalist als Historiker<\/strong><\/p>\n<p>Der Film zeigt Hersh denn auch als stellvertretend f\u00fcr einen kritischen, couragierten Investigativjournalismus in den USA, hochrelevant f\u00fcr die \u00d6ffentlichkeit und gleichzeitig aufgrund seiner Sonderfunktion immer in der Rolle eines Au\u00dfenseiters. So sagt Hersh im Film: \u00abEs gibt eine Geschichte der USA, die sehr schwer zu schreiben ist\u00bb. Er meint damit die Geschichte des Imperiums, das verdeckt operiert und deshalb kaum \u00f6ffentliche Rechenschaft f\u00fcr seine Taten ablegen muss \u2013 obschon es schreckliche Verbrechen begeht.<\/p>\n<p>Der Film legt nahe, dass das unkritische Verh\u00e4ltnis zur Regierung zu gro\u00dfen Teilen an einer Art Selbstzensur vieler US-Medien liegt. Denn Hersh sticht heraus, indem er gerade tut, was andere nicht tun: Nachhaken und sich nicht mit Phrasen begn\u00fcgen.<\/p>\n<p>Poitras\u2019 Geschichte beginnt mit Hershs Vater, einem litauischen Juden, der 1921 per Schiff aus Hamburg nach Boston fl\u00fcchtete und in den USA eine polnische J\u00fcdin heiratete, die gem\u00e4\u00df Hersh selber wie gedruckt log. Im bildungsfernen Haushalt lernte der clevere Hersh dank eifriger Buchlekt\u00fcren die Welt und eine bestimmte Art des Denkens kennen. Sp\u00e4ter gelangte er \u00fcber Umwege an die Uni Chicago, wo er ein Geschichtsstudium erfolgreich abschloss. Seine Karriere begann er bei der Chicagoer Lokalzeitung \u00abCity News\u00bb. Zuerst als Zeitungsverk\u00e4ufer, dann als Polizei-Reporter. Dieser Berufseinstieg im hochmafi\u00f6sen Chicago der 1960er-Jahre machte ihn besonders scharfsinnig.<\/p>\n<p>Sp\u00e4ter gelangte er zur Nachrichtenagentur Associated Press, wo er als Pentagon-Korrespondent eigensinnig recherchierte. Erste Gr\u00e4ueltaten der US-Armee in Vietnam, bekannt als My-Lai-Massaker, deckte er kurz darauf als freischaffender Reporter auf. Weil gro\u00dfe Medien seine explosive Recherche nicht publizieren wollte, ver\u00f6ffentlichte er sie mit Hilfe einer kleinen Agentur auf den Frontseiten unz\u00e4hliger regionaler Tageszeitungen. Von da an war Hersh am Puls der Geheimnisse der US-Regierung: Watergate-Skandal, Abu-Ghraib-Folter, Bin-Laden-Ermordung.<\/p>\n<p><strong>Hersh wollte aussteigen<\/strong><\/p>\n<p>Mit seinem kompromisslosen Eifer eckte Hersh immer wieder an. So verlie\u00df er die New York Times, weil eine Recherche \u00fcber gro\u00dfe US-Konzerne intern blockiert wurde. Der Film zeigt auch, dass Hersh das Filmprojekt abbrechen wollte, weil er Angst um einige seiner Quellen hatte, deren Namen das Filmteam im Rahmen seiner Recherchen in Archivmaterial fand. \u00abDie Anspannung war definitiv hoch\u00bb, sagte Poitras dazu. \u00abEr ist jemand, der sagt, was er im Moment gerade denkt. Das ist gro\u00dfartig f\u00fcr uns Filmemachenden.\u00bb Ein langes Gespr\u00e4ch des Produzenten Mark Obenhaus habe Hersh dann aber dazu bewogen, auf seine Entscheidung zur\u00fcckzukommen.<\/p>\n<p>Interessanter ist die Anspannung im Film aber da, wo Hershs Heldenstatus ins Wanken kommt, weil Poitras den Spie\u00df umdreht. Dazu zerrt sie Hersh hinter dem Quellenschutz, der im Journalismus seinerseits zwecks Vertuschung vorgeschoben werden k\u00f6nnte, hervor. Hersh <a href=\"https:\/\/seymourhersh.substack.com\/\" target=\"_blank\" rel=\"noopener\">publiziert auch heute<\/a> noch Recherchen, die f\u00fcr Aufsehen sorgen. Doch dass er sich bei einem Artikel \u00fcber die Sprengung der Nordstream-Pipeline auf blo\u00df eine Quelle st\u00fctzte, <a href=\"https:\/\/english.elpais.com\/usa\/2023-02-28\/legendary-journalist-seymour-hersh-under-fire-for-his-reporting-on-the-nord-stream-pipeline-sabotage.html\" target=\"_blank\" rel=\"noopener\">sorgte f\u00fcr einiges Kopfsch\u00fctteln<\/a>. Was, wenn diese Quelle nicht die Wahrheit sagte? Hersh findet lapidar, dann habe er eben 20 Jahre lang dem Falschen vertraut.<\/p>\n<p><strong>Hersh gibt zu: Er war zu unkritisch<\/strong><\/p>\n<p>Souver\u00e4n reagiert er hingegen, als Poitras ihn auf die <a href=\"https:\/\/www.prospectmagazine.co.uk\/politics\/41463\/whatever-happened-to-seymour-hersh\" target=\"_blank\" rel=\"noopener\">vehemente, gut belegte Kritik an seiner Verteidigung der Gr\u00e4ueltaten<\/a> des syrischen Ex-Diktator Bashar al-Assad anspricht. Hersh findet im Film: \u00abIch traf ihn ein paarmal und glaubte nicht, dass er in der Lage war zu tun, was er tat.\u00bb Dies sei ein perfektes Beispiel daf\u00fcr, der Macht zu nahe gekommen zu sein. \u00abNennen wir es falsch, sehr falsch. Ich war nicht perfekt.\u00bb<\/p>\n<p><iframe loading=\"lazy\" title=\"Laura Poitras, Mark Obenhaus, Seymour Hersh &amp; More on Cover-Up\" width=\"500\" height=\"281\" src=\"https:\/\/www.youtube.com\/embed\/j9MTGWbQQx0?feature=oembed\" frameborder=\"0\" allow=\"accelerometer; autoplay; clipboard-write; encrypted-media; gyroscope; picture-in-picture; web-share\" referrerpolicy=\"strict-origin-when-cross-origin\" allowfullscreen><\/iframe><\/p>\n<p>Podiumsgespr\u00e4ch mit Hersh und Poitras am New York Film Festival im Herbst 2025.<\/p>\n","protected":false},"excerpt":{"rendered":"<p>Eine sehenswerte Doku zeigt den couragierten Journalisten Seymour Hersh ungesch\u00f6nt. Und hilft, Trumps USA zu verstehen. Pascal Sigg f\u00fcr die Online-Zeitung INFOsperber Der US-Journalist Seymour Hersh gilt als Held der Nonkonformisten. Weshalb zeigt die seit wenigen Wochen laufende Netflix-Doku \u00abCover-Up\u00bb.&hellip;<\/p>\n","protected":false},"author":1855,"featured_media":2672508,"comment_status":"closed","ping_status":"closed","sticky":false,"template":"","format":"standard","meta":{"footnotes":""},"categories":[9156,9168],"tags":[27888,92377],"class_list":["post-2672504","post","type-post","status-publish","format-standard","has-post-thumbnail","hentry","category-kultur-und-medien","category-politik","tag-investigativer-journalismus","tag-seymour-m-hersh"],"yoast_head":"<!-- This site is optimized with the Yoast SEO plugin v27.1.1 - https:\/\/yoast.com\/product\/yoast-seo-wordpress\/ -->\n<title>Am Puls des Wachhunds<\/title>\n<meta name=\"description\" content=\"Eine sehenswerte Doku zeigt den couragierten Journalisten Seymour Hersh ungesch\u00f6nt. Und hilft, Trumps USA zu verstehen. Pascal Sigg f\u00fcr die Online-Zeitung\" \/>\n<meta name=\"robots\" content=\"index, follow, max-snippet:-1, max-image-preview:large, max-video-preview:-1\" \/>\n<link rel=\"canonical\" href=\"https:\/\/www.pressenza.com\/de\/2026\/02\/am-puls-des-wachhunds\/\" \/>\n<meta property=\"og:locale\" content=\"de_DE\" \/>\n<meta property=\"og:type\" content=\"article\" \/>\n<meta property=\"og:title\" content=\"Am Puls des Wachhunds\" \/>\n<meta property=\"og:description\" content=\"Eine sehenswerte Doku zeigt den couragierten Journalisten Seymour Hersh ungesch\u00f6nt. Und hilft, Trumps USA zu verstehen. Pascal Sigg f\u00fcr die Online-Zeitung\" \/>\n<meta property=\"og:url\" content=\"https:\/\/www.pressenza.com\/de\/2026\/02\/am-puls-des-wachhunds\/\" \/>\n<meta property=\"og:site_name\" content=\"Pressenza\" \/>\n<meta property=\"article:publisher\" content=\"https:\/\/www.facebook.com\/PressenzaItalia\" \/>\n<meta property=\"article:published_time\" content=\"2026-02-01T13:38:16+00:00\" \/>\n<meta property=\"og:image\" content=\"https:\/\/www.pressenza.com\/wp-content\/uploads\/2026\/02\/Hersh_Netflix-1024x616-1.jpg\" \/>\n\t<meta property=\"og:image:width\" content=\"1024\" \/>\n\t<meta property=\"og:image:height\" content=\"616\" \/>\n\t<meta property=\"og:image:type\" content=\"image\/jpeg\" \/>\n<meta name=\"author\" content=\"INFOsperber\" \/>\n<meta name=\"twitter:card\" content=\"summary_large_image\" \/>\n<meta name=\"twitter:creator\" content=\"@PressenzaIPA\" \/>\n<meta name=\"twitter:site\" content=\"@PressenzaIPA\" \/>\n<meta name=\"twitter:label1\" content=\"Verfasst von\" \/>\n\t<meta name=\"twitter:data1\" content=\"INFOsperber\" \/>\n\t<meta name=\"twitter:label2\" content=\"Gesch\u00e4tzte Lesezeit\" \/>\n\t<meta name=\"twitter:data2\" content=\"5\u00a0Minuten\" \/>\n<script type=\"application\/ld+json\" class=\"yoast-schema-graph\">{\"@context\":\"https:\/\/schema.org\",\"@graph\":[{\"@type\":\"Article\",\"@id\":\"https:\/\/www.pressenza.com\/de\/2026\/02\/am-puls-des-wachhunds\/#article\",\"isPartOf\":{\"@id\":\"https:\/\/www.pressenza.com\/de\/2026\/02\/am-puls-des-wachhunds\/\"},\"author\":{\"name\":\"INFOsperber\",\"@id\":\"https:\/\/www.pressenza.com\/de\/#\/schema\/person\/77735f6583e3041b31ebc7b93a284357\"},\"headline\":\"Am Puls des Wachhunds\",\"datePublished\":\"2026-02-01T13:38:16+00:00\",\"mainEntityOfPage\":{\"@id\":\"https:\/\/www.pressenza.com\/de\/2026\/02\/am-puls-des-wachhunds\/\"},\"wordCount\":914,\"publisher\":{\"@id\":\"https:\/\/www.pressenza.com\/de\/#organization\"},\"image\":{\"@id\":\"https:\/\/www.pressenza.com\/de\/2026\/02\/am-puls-des-wachhunds\/#primaryimage\"},\"thumbnailUrl\":\"https:\/\/www.pressenza.com\/wp-content\/uploads\/2026\/02\/Hersh_Netflix-1024x616-1.jpg\",\"keywords\":[\"investigativer Journalismus\",\"Seymour M. Hersh\"],\"articleSection\":[\"Kultur und Medien\",\"Politik\"],\"inLanguage\":\"de\"},{\"@type\":\"WebPage\",\"@id\":\"https:\/\/www.pressenza.com\/de\/2026\/02\/am-puls-des-wachhunds\/\",\"url\":\"https:\/\/www.pressenza.com\/de\/2026\/02\/am-puls-des-wachhunds\/\",\"name\":\"Am Puls des Wachhunds\",\"isPartOf\":{\"@id\":\"https:\/\/www.pressenza.com\/de\/#website\"},\"primaryImageOfPage\":{\"@id\":\"https:\/\/www.pressenza.com\/de\/2026\/02\/am-puls-des-wachhunds\/#primaryimage\"},\"image\":{\"@id\":\"https:\/\/www.pressenza.com\/de\/2026\/02\/am-puls-des-wachhunds\/#primaryimage\"},\"thumbnailUrl\":\"https:\/\/www.pressenza.com\/wp-content\/uploads\/2026\/02\/Hersh_Netflix-1024x616-1.jpg\",\"datePublished\":\"2026-02-01T13:38:16+00:00\",\"description\":\"Eine sehenswerte Doku zeigt den couragierten Journalisten Seymour Hersh ungesch\u00f6nt. Und hilft, Trumps USA zu verstehen. Pascal Sigg f\u00fcr die Online-Zeitung\",\"breadcrumb\":{\"@id\":\"https:\/\/www.pressenza.com\/de\/2026\/02\/am-puls-des-wachhunds\/#breadcrumb\"},\"inLanguage\":\"de\",\"potentialAction\":[{\"@type\":\"ReadAction\",\"target\":[\"https:\/\/www.pressenza.com\/de\/2026\/02\/am-puls-des-wachhunds\/\"]}]},{\"@type\":\"ImageObject\",\"inLanguage\":\"de\",\"@id\":\"https:\/\/www.pressenza.com\/de\/2026\/02\/am-puls-des-wachhunds\/#primaryimage\",\"url\":\"https:\/\/www.pressenza.com\/wp-content\/uploads\/2026\/02\/Hersh_Netflix-1024x616-1.jpg\",\"contentUrl\":\"https:\/\/www.pressenza.com\/wp-content\/uploads\/2026\/02\/Hersh_Netflix-1024x616-1.jpg\",\"width\":1024,\"height\":616,\"caption\":\"88 Jahre alt und kaum m\u00fcde: Seymour Hersh in seinem B\u00fcro. (\u00a9 Netflix)\"},{\"@type\":\"BreadcrumbList\",\"@id\":\"https:\/\/www.pressenza.com\/de\/2026\/02\/am-puls-des-wachhunds\/#breadcrumb\",\"itemListElement\":[{\"@type\":\"ListItem\",\"position\":1,\"name\":\"Accueil\",\"item\":\"https:\/\/www.pressenza.com\/de\/\"},{\"@type\":\"ListItem\",\"position\":2,\"name\":\"Am Puls des Wachhunds\"}]},{\"@type\":\"WebSite\",\"@id\":\"https:\/\/www.pressenza.com\/de\/#website\",\"url\":\"https:\/\/www.pressenza.com\/de\/\",\"name\":\"Pressenza\",\"description\":\"International Press Agency\",\"publisher\":{\"@id\":\"https:\/\/www.pressenza.com\/de\/#organization\"},\"potentialAction\":[{\"@type\":\"SearchAction\",\"target\":{\"@type\":\"EntryPoint\",\"urlTemplate\":\"https:\/\/www.pressenza.com\/de\/?s={search_term_string}\"},\"query-input\":{\"@type\":\"PropertyValueSpecification\",\"valueRequired\":true,\"valueName\":\"search_term_string\"}}],\"inLanguage\":\"de\"},{\"@type\":\"Organization\",\"@id\":\"https:\/\/www.pressenza.com\/de\/#organization\",\"name\":\"Pressenza\",\"url\":\"https:\/\/www.pressenza.com\/de\/\",\"logo\":{\"@type\":\"ImageObject\",\"inLanguage\":\"de\",\"@id\":\"https:\/\/www.pressenza.com\/de\/#\/schema\/logo\/image\/\",\"url\":\"https:\/\/www.pressenza.com\/wp-content\/uploads\/2022\/10\/pressenza_logo_200x200.jpg\",\"contentUrl\":\"https:\/\/www.pressenza.com\/wp-content\/uploads\/2022\/10\/pressenza_logo_200x200.jpg\",\"width\":200,\"height\":200,\"caption\":\"Pressenza\"},\"image\":{\"@id\":\"https:\/\/www.pressenza.com\/de\/#\/schema\/logo\/image\/\"},\"sameAs\":[\"https:\/\/www.facebook.com\/PressenzaItalia\",\"https:\/\/x.com\/PressenzaIPA\"]},{\"@type\":\"Person\",\"@id\":\"https:\/\/www.pressenza.com\/de\/#\/schema\/person\/77735f6583e3041b31ebc7b93a284357\",\"name\":\"INFOsperber\",\"description\":\"Infosperber.ch - sieht, was andere \u00fcbersehen Die Schweizer Internet-Zeitung richtet sich an Entscheidungstr\u00e4ger in Gesellschaft, Wirtschaft und Politik sowie alle, die erg\u00e4nzende Informationen zu den grossen Medien suchen. Infosperber will die grossen Informations-Medien nicht konkurrenzieren, sondern diese erg\u00e4nzen. \u00a9 Das Weiterverbreiten s\u00e4mtlicher auf dem gemeinn\u00fctzigen Portal www.infosperber.ch enthaltenen Texte ist ohne Kostenfolge erlaubt, sofern die Texte integral ohne K\u00fcrzung und mit Quellenangaben (Autor und \u00abInfosperber\u00bb) verbreitet werden. Bei einer Online-Nutzung ist die Quellenangabe m\u00f6glichst schon am Anfang des Artikels mit einem Link auf infosperber.ch zu versehen. F\u00fcr das Verbreiten von gek\u00fcrzten oder abge\u00e4nderten Texten ist das schriftliche Einverst\u00e4ndnis der AutorInnen erforderlich.\",\"sameAs\":[\"https:\/\/www.infosperber.ch\/\"],\"url\":\"https:\/\/www.pressenza.com\/de\/author\/infosperber\/\"}]}<\/script>\n<!-- \/ Yoast SEO plugin. -->","yoast_head_json":{"title":"Am Puls des Wachhunds","description":"Eine sehenswerte Doku zeigt den couragierten Journalisten Seymour Hersh ungesch\u00f6nt. Und hilft, Trumps USA zu verstehen. Pascal Sigg f\u00fcr die Online-Zeitung","robots":{"index":"index","follow":"follow","max-snippet":"max-snippet:-1","max-image-preview":"max-image-preview:large","max-video-preview":"max-video-preview:-1"},"canonical":"https:\/\/www.pressenza.com\/de\/2026\/02\/am-puls-des-wachhunds\/","og_locale":"de_DE","og_type":"article","og_title":"Am Puls des Wachhunds","og_description":"Eine sehenswerte Doku zeigt den couragierten Journalisten Seymour Hersh ungesch\u00f6nt. Und hilft, Trumps USA zu verstehen. Pascal Sigg f\u00fcr die Online-Zeitung","og_url":"https:\/\/www.pressenza.com\/de\/2026\/02\/am-puls-des-wachhunds\/","og_site_name":"Pressenza","article_publisher":"https:\/\/www.facebook.com\/PressenzaItalia","article_published_time":"2026-02-01T13:38:16+00:00","og_image":[{"width":1024,"height":616,"url":"https:\/\/www.pressenza.com\/wp-content\/uploads\/2026\/02\/Hersh_Netflix-1024x616-1.jpg","type":"image\/jpeg"}],"author":"INFOsperber","twitter_card":"summary_large_image","twitter_creator":"@PressenzaIPA","twitter_site":"@PressenzaIPA","twitter_misc":{"Verfasst von":"INFOsperber","Gesch\u00e4tzte Lesezeit":"5\u00a0Minuten"},"schema":{"@context":"https:\/\/schema.org","@graph":[{"@type":"Article","@id":"https:\/\/www.pressenza.com\/de\/2026\/02\/am-puls-des-wachhunds\/#article","isPartOf":{"@id":"https:\/\/www.pressenza.com\/de\/2026\/02\/am-puls-des-wachhunds\/"},"author":{"name":"INFOsperber","@id":"https:\/\/www.pressenza.com\/de\/#\/schema\/person\/77735f6583e3041b31ebc7b93a284357"},"headline":"Am Puls des Wachhunds","datePublished":"2026-02-01T13:38:16+00:00","mainEntityOfPage":{"@id":"https:\/\/www.pressenza.com\/de\/2026\/02\/am-puls-des-wachhunds\/"},"wordCount":914,"publisher":{"@id":"https:\/\/www.pressenza.com\/de\/#organization"},"image":{"@id":"https:\/\/www.pressenza.com\/de\/2026\/02\/am-puls-des-wachhunds\/#primaryimage"},"thumbnailUrl":"https:\/\/www.pressenza.com\/wp-content\/uploads\/2026\/02\/Hersh_Netflix-1024x616-1.jpg","keywords":["investigativer Journalismus","Seymour M. Hersh"],"articleSection":["Kultur und Medien","Politik"],"inLanguage":"de"},{"@type":"WebPage","@id":"https:\/\/www.pressenza.com\/de\/2026\/02\/am-puls-des-wachhunds\/","url":"https:\/\/www.pressenza.com\/de\/2026\/02\/am-puls-des-wachhunds\/","name":"Am Puls des Wachhunds","isPartOf":{"@id":"https:\/\/www.pressenza.com\/de\/#website"},"primaryImageOfPage":{"@id":"https:\/\/www.pressenza.com\/de\/2026\/02\/am-puls-des-wachhunds\/#primaryimage"},"image":{"@id":"https:\/\/www.pressenza.com\/de\/2026\/02\/am-puls-des-wachhunds\/#primaryimage"},"thumbnailUrl":"https:\/\/www.pressenza.com\/wp-content\/uploads\/2026\/02\/Hersh_Netflix-1024x616-1.jpg","datePublished":"2026-02-01T13:38:16+00:00","description":"Eine sehenswerte Doku zeigt den couragierten Journalisten Seymour Hersh ungesch\u00f6nt. Und hilft, Trumps USA zu verstehen. Pascal Sigg f\u00fcr die Online-Zeitung","breadcrumb":{"@id":"https:\/\/www.pressenza.com\/de\/2026\/02\/am-puls-des-wachhunds\/#breadcrumb"},"inLanguage":"de","potentialAction":[{"@type":"ReadAction","target":["https:\/\/www.pressenza.com\/de\/2026\/02\/am-puls-des-wachhunds\/"]}]},{"@type":"ImageObject","inLanguage":"de","@id":"https:\/\/www.pressenza.com\/de\/2026\/02\/am-puls-des-wachhunds\/#primaryimage","url":"https:\/\/www.pressenza.com\/wp-content\/uploads\/2026\/02\/Hersh_Netflix-1024x616-1.jpg","contentUrl":"https:\/\/www.pressenza.com\/wp-content\/uploads\/2026\/02\/Hersh_Netflix-1024x616-1.jpg","width":1024,"height":616,"caption":"88 Jahre alt und kaum m\u00fcde: Seymour Hersh in seinem B\u00fcro. (\u00a9 Netflix)"},{"@type":"BreadcrumbList","@id":"https:\/\/www.pressenza.com\/de\/2026\/02\/am-puls-des-wachhunds\/#breadcrumb","itemListElement":[{"@type":"ListItem","position":1,"name":"Accueil","item":"https:\/\/www.pressenza.com\/de\/"},{"@type":"ListItem","position":2,"name":"Am Puls des Wachhunds"}]},{"@type":"WebSite","@id":"https:\/\/www.pressenza.com\/de\/#website","url":"https:\/\/www.pressenza.com\/de\/","name":"Pressenza","description":"International Press Agency","publisher":{"@id":"https:\/\/www.pressenza.com\/de\/#organization"},"potentialAction":[{"@type":"SearchAction","target":{"@type":"EntryPoint","urlTemplate":"https:\/\/www.pressenza.com\/de\/?s={search_term_string}"},"query-input":{"@type":"PropertyValueSpecification","valueRequired":true,"valueName":"search_term_string"}}],"inLanguage":"de"},{"@type":"Organization","@id":"https:\/\/www.pressenza.com\/de\/#organization","name":"Pressenza","url":"https:\/\/www.pressenza.com\/de\/","logo":{"@type":"ImageObject","inLanguage":"de","@id":"https:\/\/www.pressenza.com\/de\/#\/schema\/logo\/image\/","url":"https:\/\/www.pressenza.com\/wp-content\/uploads\/2022\/10\/pressenza_logo_200x200.jpg","contentUrl":"https:\/\/www.pressenza.com\/wp-content\/uploads\/2022\/10\/pressenza_logo_200x200.jpg","width":200,"height":200,"caption":"Pressenza"},"image":{"@id":"https:\/\/www.pressenza.com\/de\/#\/schema\/logo\/image\/"},"sameAs":["https:\/\/www.facebook.com\/PressenzaItalia","https:\/\/x.com\/PressenzaIPA"]},{"@type":"Person","@id":"https:\/\/www.pressenza.com\/de\/#\/schema\/person\/77735f6583e3041b31ebc7b93a284357","name":"INFOsperber","description":"Infosperber.ch - sieht, was andere \u00fcbersehen Die Schweizer Internet-Zeitung richtet sich an Entscheidungstr\u00e4ger in Gesellschaft, Wirtschaft und Politik sowie alle, die erg\u00e4nzende Informationen zu den grossen Medien suchen. Infosperber will die grossen Informations-Medien nicht konkurrenzieren, sondern diese erg\u00e4nzen. \u00a9 Das Weiterverbreiten s\u00e4mtlicher auf dem gemeinn\u00fctzigen Portal www.infosperber.ch enthaltenen Texte ist ohne Kostenfolge erlaubt, sofern die Texte integral ohne K\u00fcrzung und mit Quellenangaben (Autor und \u00abInfosperber\u00bb) verbreitet werden. Bei einer Online-Nutzung ist die Quellenangabe m\u00f6glichst schon am Anfang des Artikels mit einem Link auf infosperber.ch zu versehen. F\u00fcr das Verbreiten von gek\u00fcrzten oder abge\u00e4nderten Texten ist das schriftliche Einverst\u00e4ndnis der AutorInnen erforderlich.","sameAs":["https:\/\/www.infosperber.ch\/"],"url":"https:\/\/www.pressenza.com\/de\/author\/infosperber\/"}]}},"place":"","original_article_url":"https:\/\/www.infosperber.ch\/medien\/am-puls-des-wachhunds\/","_links":{"self":[{"href":"https:\/\/www.pressenza.com\/de\/wp-json\/wp\/v2\/posts\/2672504","targetHints":{"allow":["GET"]}}],"collection":[{"href":"https:\/\/www.pressenza.com\/de\/wp-json\/wp\/v2\/posts"}],"about":[{"href":"https:\/\/www.pressenza.com\/de\/wp-json\/wp\/v2\/types\/post"}],"author":[{"embeddable":true,"href":"https:\/\/www.pressenza.com\/de\/wp-json\/wp\/v2\/users\/1855"}],"replies":[{"embeddable":true,"href":"https:\/\/www.pressenza.com\/de\/wp-json\/wp\/v2\/comments?post=2672504"}],"version-history":[{"count":2,"href":"https:\/\/www.pressenza.com\/de\/wp-json\/wp\/v2\/posts\/2672504\/revisions"}],"predecessor-version":[{"id":2672511,"href":"https:\/\/www.pressenza.com\/de\/wp-json\/wp\/v2\/posts\/2672504\/revisions\/2672511"}],"wp:featuredmedia":[{"embeddable":true,"href":"https:\/\/www.pressenza.com\/de\/wp-json\/wp\/v2\/media\/2672508"}],"wp:attachment":[{"href":"https:\/\/www.pressenza.com\/de\/wp-json\/wp\/v2\/media?parent=2672504"}],"wp:term":[{"taxonomy":"category","embeddable":true,"href":"https:\/\/www.pressenza.com\/de\/wp-json\/wp\/v2\/categories?post=2672504"},{"taxonomy":"post_tag","embeddable":true,"href":"https:\/\/www.pressenza.com\/de\/wp-json\/wp\/v2\/tags?post=2672504"}],"curies":[{"name":"wp","href":"https:\/\/api.w.org\/{rel}","templated":true}]}}