{"id":2671711,"date":"2026-01-29T15:54:02","date_gmt":"2026-01-29T15:54:02","guid":{"rendered":"https:\/\/www.pressenza.com\/?p=2671711"},"modified":"2026-01-29T15:54:02","modified_gmt":"2026-01-29T15:54:02","slug":"die-usa-sind-nicht-laenger-mitglied-der-who","status":"publish","type":"post","link":"https:\/\/www.pressenza.com\/de\/2026\/01\/die-usa-sind-nicht-laenger-mitglied-der-who\/","title":{"rendered":"Die USA sind nicht l\u00e4nger Mitglied der WHO"},"content":{"rendered":"<p>Die Vereinigten Staaten haben\u00a0<strong>offiziell ihren Austritt aus der Weltgesundheitsorganisation (WHO) abgeschlossen<\/strong>, was einen historischen Bruch nach fast\u00a0<strong>78 Jahren als Mitgliedsstaat<\/strong>\u00a0markiert und ihren Status als gr\u00f6\u00dfter Geldgeber der Organisation beendet.<\/p>\n<p>Der Austritt wurde am\u00a0<strong>22. Januar 2026<\/strong> rechtskr\u00e4ftig, genau ein Jahr nachdem Pr\u00e4sident Donald Trump beim Antrittstag seiner zweiten Amtszeit eine Exekutivanordnung unterzeichnet hatte, die Executive Order 14155, um den Austritt einzuleiten. Den Austritt eines Mitgliedstaates hat es bei der WHO, einer 1948 gegr\u00fcndete UN-Organisation <strong>zur Koordination des globalen Gesundheitswesens<\/strong>, noch nie zuvor gegeben.<\/p>\n<h3><strong>Der zeitliche Ablauf der wichtigsten Ereignisse<\/strong><\/h3>\n<p><strong>20. Januar 2025<\/strong><\/p>\n<ul>\n<li>An seinem ersten Tag zur\u00fcck im Wei\u00dfen Haus unterzeichnete Pr\u00e4sident Trump die Executive Order 14155, in der <strong>er die Vereinten Nationen und die WHO offiziell \u00fcber die Absicht der Vereinigten Staaten <\/strong>informierte, sich aus der globalen Gesundheitsorganisation zur\u00fcckziehen zu werden, mit der Begr\u00fcndung von angeblichen Missmanagement bei der COVID-19-Pandemie, von Vers\u00e4umnissen bei der Umsetzung von Reformen und von politischer Einflussnahme durch Mitgliedstaaten.<\/li>\n<\/ul>\n<p><strong>22. Januar 2026<\/strong><\/p>\n<ul>\n<li>Nach der vorgeschriebenen <strong>einj\u00e4hrigen K\u00fcndigungsfrist<\/strong> endete offiziell die Mitgliedschaft der Vereinigten Staaten in der WHO.<\/li>\n<li>Die US-Regierung <strong>stellte jegliche Finanzierung der WHO ein, <\/strong>rief Personal aus ihren B\u00fcros zur\u00fcck und beendete die Teilnahme an WHO-F\u00fchrungsgremien und in technischen Gruppen.<\/li>\n<li>Die WHO stellte fest, dass die Vereinigten Staaten ihr f\u00fcr die Haushaltsjahre 2024 und 2025 weiterhin <strong>betr\u00e4chtliche Beitr\u00e4ge schulden<\/strong>\u00a0\u2013 gesch\u00e4tzt ca. <strong>260 Millionen US-Dollar<\/strong> \u2013 was eine extreme finanzielle Belastung f\u00fcr die Beh\u00f6rde darstellt.<\/li>\n<\/ul>\n<h3><strong>Offizielle Antworten und Reaktionen<\/strong><\/h3>\n<ul>\n<li><strong>WHO-Generaldirektor Tedros Adhanom Ghebreyesus <\/strong>\u00e4u\u00dferte &#8222;tiefes Bedauern&#8220; \u00fcber die Entscheidung und warnte, dass der Verlust der US-Unterst\u00fctzung die globale Koordination gegen Infektionskrankheiten \u2013 eine Kernaufgabe der Beh\u00f6rde \u2013 unterminiere.<\/li>\n<li>Das US-Gesundheitsministerium und das Au\u00dfenministerium rechtfertigten den R\u00fcckzug mit angeblichen Vers\u00e4umnissen der WHO bei vergangenen Gesundheitskrisen und beteuerten, <strong>bilaterale Kooperationen <\/strong>mit einzelnen L\u00e4ndern in Gesundheitsfragen zu planen anstatt eine multilaterale Zusammenarbeit zu verfolgen.<\/li>\n<li>Gesundheitsbeh\u00f6rden, darunter die\u00a0<strong>Infectious Diseases Society of America<\/strong>, verurteilten den R\u00fcckzug als &#8222;kurzsichtig&#8220; und warnten, dass dies die\u00a0<strong>\u00dcberwachung von und die Antwort auf Krankheiten <\/strong>schw\u00e4chen k\u00f6nnte, insbesondere bei Influenza, Ebola und anderen globalen Bedrohungen.<\/li>\n<li>Einige Chefs von US-Bundesl\u00e4ndern, wie\u00a0<strong>der Gouverneur von Colorado, Jared Polis, kritisierten die Bundesentscheidung <\/strong>und argumentierten, dass die globale Gesundheitszusammenarbeit auch Amerikaner sch\u00fctze und die Bundesstaaten nun ihre eigenen Gesundheitskoordinationsbem\u00fchungen verst\u00e4rken m\u00fcssten.<\/li>\n<\/ul>\n<h3><strong>Konsequenzen und Bedenken von Experten<\/strong><\/h3>\n<p><strong>Finanzielle Auswirkungen auf die WHO:<\/strong><br \/>\nDie Vereinigten Staaten trugen historisch ca. <strong>18 % zum Gesamtbudget der WHO<\/strong>\u00a0bei. Ihr Austritt und die unbezahlten Beitr\u00e4ge haben die Beh\u00f6rde gezwungen<strong>, Budgetk\u00fcrzungen vorzunehmen, Personal abzubauen und Projekte zur\u00fcckzufahren<\/strong>, was bezogen auf Gesundheitsinitiativen in \u00e4rmeren L\u00e4ndern Sorge bereitet.<\/p>\n<p><strong>Krankheits\u00fcberwachung und Antwort auf Ausbr\u00fcche:<\/strong><br \/>\nExperten warnten, dass ein US-Austritt aus den Datenaustauschsystemen der WHO\u00a0 &#8211; wie etwa die \u00dcberwachung von Grippest\u00e4mmen als wichtiger Ma\u00dfnahme f\u00fcr die j\u00e4hrliche Impfstoffaktualisierung &#8211; das fr\u00fchzeitige Erkennen von Ausbr\u00fcchen behindern und die internationale Bereitschaft schw\u00e4chen k\u00f6nnte.<\/p>\n<p><strong>Globale Zusammenarbeit und Einfluss:<\/strong><\/p>\n<p>Analysten argumentieren, dass der Austritt der USA es anderen M\u00e4chten, darunter China und Russland, erm\u00f6glichen k\u00f6nnte, ihren Einfluss innerhalb der WHO zu vergr\u00f6\u00dfern und so das Gleichgewicht der globalen Gesundheitspolitik zu verschieben.<\/p>\n<p><strong>Juristische und verfahrensrechtliche Debatten:<\/strong><br \/>\nEinige Rechtsexperten bezweifeln, ob ein Pr\u00e4sident einseitig und ohne ausdr\u00fcckliche Entscheidung des Kongresses aus der WHO austreten kann, da die USA 1948 kraft eines Kongressbeschlusses der Organisation beigetreten sind.<\/p>\n<h3><strong>Aktuelle Entwicklungen (Stand: 23. Januar 2026)<\/strong><\/h3>\n<ul>\n<li>Die WHO-Mitgliedstaaten werden bei den bevorstehenden Sitzungen des WHO-Exekutivrats im Februar wahrscheinlich besprechen, wie die\u00a0<strong>ausstehenden finanziellen Verpflichtungen der USA <\/strong>gehandhabt werden sollen.<\/li>\n<li>Unterdessen betonen US-Gesundheitsbeh\u00f6rden ihr Engagement in\u00a0<strong>alternativen weltweiten Gesundheitspartnerschaften<\/strong>, obwohl die Einzelheiten solcher Pl\u00e4ne noch nicht vollst\u00e4ndig dargelegt wurden.<\/li>\n<\/ul>\n<p>Der Austritt markiert einen bedeutenden Wandel in der Global Health Governance mit weitreichenden Auswirkungen auf die internationale Zusammenarbeit,\u00a0 die Krankheitsvorsorge, und die zuk\u00fcnftige Rolle der Vereinigten Staaten in multilateralen Einrichtungen.<\/p>\n<p><strong>(AP \/ Reuters \/ WHO \/ Regierungsquellen)<\/strong><\/p>\n<p>&nbsp;<\/p>\n<p><strong><em>Die \u00dcbersetzung aus dem Englischen wurde von Ursula Nollenberger vom ehrenamtlichen Pressenza-\u00dcbersetzungsteam erstellt. <\/em><\/strong><a href=\"https:\/\/www.pressenza.com\/de\/mitarbeiten\/\"><strong><em>Wir suchen Freiwillige!<\/em><\/strong><\/a><\/p>\n","protected":false},"excerpt":{"rendered":"<p>Die Vereinigten Staaten haben\u00a0offiziell ihren Austritt aus der Weltgesundheitsorganisation (WHO) abgeschlossen, was einen historischen Bruch nach fast\u00a078 Jahren als Mitgliedsstaat\u00a0markiert und ihren Status als gr\u00f6\u00dfter Geldgeber der Organisation beendet. Der Austritt wurde am\u00a022. Januar 2026 rechtskr\u00e4ftig, genau ein Jahr nachdem&hellip;<\/p>\n","protected":false},"author":19,"featured_media":2671715,"comment_status":"closed","ping_status":"closed","sticky":false,"template":"","format":"standard","meta":{"footnotes":""},"categories":[9160,7835,9164,11387],"tags":[149455,9767,82915],"class_list":["post-2671711","post","type-post","status-publish","format-standard","has-post-thumbnail","hentry","category-gesundheit","category-international-de","category-internationale-angelegenheiten","category-originalinhalt","tag-us-praesident-donald-trump","tag-usa-de","tag-world-health-organisation-who"],"yoast_head":"<!-- This site is optimized with the Yoast SEO plugin v27.1.1 - https:\/\/yoast.com\/product\/yoast-seo-wordpress\/ -->\n<title>Die USA sind nicht l\u00e4nger Mitglied der WHO<\/title>\n<meta name=\"description\" content=\"Die Vereinigten Staaten haben\u00a0offiziell ihren Austritt aus der Weltgesundheitsorganisation (WHO) abgeschlossen, was einen historischen Bruch nach fast\u00a078\" \/>\n<meta name=\"robots\" content=\"index, follow, max-snippet:-1, max-image-preview:large, max-video-preview:-1\" \/>\n<link rel=\"canonical\" href=\"https:\/\/www.pressenza.com\/de\/2026\/01\/die-usa-sind-nicht-laenger-mitglied-der-who\/\" \/>\n<meta property=\"og:locale\" content=\"de_DE\" \/>\n<meta property=\"og:type\" content=\"article\" \/>\n<meta property=\"og:title\" content=\"Die USA sind nicht l\u00e4nger Mitglied der WHO\" \/>\n<meta property=\"og:description\" content=\"Die Vereinigten Staaten haben\u00a0offiziell ihren Austritt aus der Weltgesundheitsorganisation (WHO) abgeschlossen, was einen historischen Bruch nach fast\u00a078\" \/>\n<meta property=\"og:url\" content=\"https:\/\/www.pressenza.com\/de\/2026\/01\/die-usa-sind-nicht-laenger-mitglied-der-who\/\" \/>\n<meta property=\"og:site_name\" content=\"Pressenza\" \/>\n<meta property=\"article:publisher\" content=\"https:\/\/www.facebook.com\/PressenzaItalia\" \/>\n<meta property=\"article:author\" content=\"https:\/\/www.facebook.com\/pressenza\" \/>\n<meta property=\"article:published_time\" content=\"2026-01-29T15:54:02+00:00\" \/>\n<meta property=\"og:image\" content=\"https:\/\/www.pressenza.com\/wp-content\/uploads\/2026\/01\/tedros_who-720x377-2.jpg\" \/>\n\t<meta property=\"og:image:width\" content=\"820\" \/>\n\t<meta property=\"og:image:height\" content=\"464\" \/>\n\t<meta property=\"og:image:type\" content=\"image\/jpeg\" \/>\n<meta name=\"author\" content=\"Pressenza IPA\" \/>\n<meta name=\"twitter:card\" content=\"summary_large_image\" \/>\n<meta name=\"twitter:creator\" content=\"@PressenzaIPA\" \/>\n<meta name=\"twitter:site\" content=\"@PressenzaIPA\" \/>\n<meta name=\"twitter:label1\" content=\"Verfasst von\" \/>\n\t<meta name=\"twitter:data1\" content=\"Pressenza IPA\" \/>\n\t<meta name=\"twitter:label2\" content=\"Gesch\u00e4tzte Lesezeit\" \/>\n\t<meta name=\"twitter:data2\" content=\"4\u00a0Minuten\" \/>\n<script type=\"application\/ld+json\" class=\"yoast-schema-graph\">{\"@context\":\"https:\/\/schema.org\",\"@graph\":[{\"@type\":\"Article\",\"@id\":\"https:\/\/www.pressenza.com\/de\/2026\/01\/die-usa-sind-nicht-laenger-mitglied-der-who\/#article\",\"isPartOf\":{\"@id\":\"https:\/\/www.pressenza.com\/de\/2026\/01\/die-usa-sind-nicht-laenger-mitglied-der-who\/\"},\"author\":{\"name\":\"Pressenza IPA\",\"@id\":\"https:\/\/www.pressenza.com\/de\/#\/schema\/person\/010e5d02bcf40965427a1289a4cc8d75\"},\"headline\":\"Die USA sind nicht l\u00e4nger Mitglied der WHO\",\"datePublished\":\"2026-01-29T15:54:02+00:00\",\"mainEntityOfPage\":{\"@id\":\"https:\/\/www.pressenza.com\/de\/2026\/01\/die-usa-sind-nicht-laenger-mitglied-der-who\/\"},\"wordCount\":677,\"publisher\":{\"@id\":\"https:\/\/www.pressenza.com\/de\/#organization\"},\"image\":{\"@id\":\"https:\/\/www.pressenza.com\/de\/2026\/01\/die-usa-sind-nicht-laenger-mitglied-der-who\/#primaryimage\"},\"thumbnailUrl\":\"https:\/\/www.pressenza.com\/wp-content\/uploads\/2026\/01\/tedros_who-720x377-2.jpg\",\"keywords\":[\"US-Pr\u00e4sident Donald Trump\",\"USA\",\"World Health Organisation (WHO)\"],\"articleSection\":[\"Gesundheit\",\"International\",\"Internationale Angelegenheiten\",\"Originalinhalt\"],\"inLanguage\":\"de\"},{\"@type\":\"WebPage\",\"@id\":\"https:\/\/www.pressenza.com\/de\/2026\/01\/die-usa-sind-nicht-laenger-mitglied-der-who\/\",\"url\":\"https:\/\/www.pressenza.com\/de\/2026\/01\/die-usa-sind-nicht-laenger-mitglied-der-who\/\",\"name\":\"Die USA sind nicht l\u00e4nger Mitglied der WHO\",\"isPartOf\":{\"@id\":\"https:\/\/www.pressenza.com\/de\/#website\"},\"primaryImageOfPage\":{\"@id\":\"https:\/\/www.pressenza.com\/de\/2026\/01\/die-usa-sind-nicht-laenger-mitglied-der-who\/#primaryimage\"},\"image\":{\"@id\":\"https:\/\/www.pressenza.com\/de\/2026\/01\/die-usa-sind-nicht-laenger-mitglied-der-who\/#primaryimage\"},\"thumbnailUrl\":\"https:\/\/www.pressenza.com\/wp-content\/uploads\/2026\/01\/tedros_who-720x377-2.jpg\",\"datePublished\":\"2026-01-29T15:54:02+00:00\",\"description\":\"Die Vereinigten Staaten haben\u00a0offiziell ihren Austritt aus der Weltgesundheitsorganisation (WHO) abgeschlossen, was einen historischen Bruch nach fast\u00a078\",\"breadcrumb\":{\"@id\":\"https:\/\/www.pressenza.com\/de\/2026\/01\/die-usa-sind-nicht-laenger-mitglied-der-who\/#breadcrumb\"},\"inLanguage\":\"de\",\"potentialAction\":[{\"@type\":\"ReadAction\",\"target\":[\"https:\/\/www.pressenza.com\/de\/2026\/01\/die-usa-sind-nicht-laenger-mitglied-der-who\/\"]}]},{\"@type\":\"ImageObject\",\"inLanguage\":\"de\",\"@id\":\"https:\/\/www.pressenza.com\/de\/2026\/01\/die-usa-sind-nicht-laenger-mitglied-der-who\/#primaryimage\",\"url\":\"https:\/\/www.pressenza.com\/wp-content\/uploads\/2026\/01\/tedros_who-720x377-2.jpg\",\"contentUrl\":\"https:\/\/www.pressenza.com\/wp-content\/uploads\/2026\/01\/tedros_who-720x377-2.jpg\",\"width\":820,\"height\":464,\"caption\":\"(Foto von WHO\/Twitter)\"},{\"@type\":\"BreadcrumbList\",\"@id\":\"https:\/\/www.pressenza.com\/de\/2026\/01\/die-usa-sind-nicht-laenger-mitglied-der-who\/#breadcrumb\",\"itemListElement\":[{\"@type\":\"ListItem\",\"position\":1,\"name\":\"Accueil\",\"item\":\"https:\/\/www.pressenza.com\/de\/\"},{\"@type\":\"ListItem\",\"position\":2,\"name\":\"Die USA sind nicht l\u00e4nger Mitglied der WHO\"}]},{\"@type\":\"WebSite\",\"@id\":\"https:\/\/www.pressenza.com\/de\/#website\",\"url\":\"https:\/\/www.pressenza.com\/de\/\",\"name\":\"Pressenza\",\"description\":\"International Press Agency\",\"publisher\":{\"@id\":\"https:\/\/www.pressenza.com\/de\/#organization\"},\"potentialAction\":[{\"@type\":\"SearchAction\",\"target\":{\"@type\":\"EntryPoint\",\"urlTemplate\":\"https:\/\/www.pressenza.com\/de\/?s={search_term_string}\"},\"query-input\":{\"@type\":\"PropertyValueSpecification\",\"valueRequired\":true,\"valueName\":\"search_term_string\"}}],\"inLanguage\":\"de\"},{\"@type\":\"Organization\",\"@id\":\"https:\/\/www.pressenza.com\/de\/#organization\",\"name\":\"Pressenza\",\"url\":\"https:\/\/www.pressenza.com\/de\/\",\"logo\":{\"@type\":\"ImageObject\",\"inLanguage\":\"de\",\"@id\":\"https:\/\/www.pressenza.com\/de\/#\/schema\/logo\/image\/\",\"url\":\"https:\/\/www.pressenza.com\/wp-content\/uploads\/2022\/10\/pressenza_logo_200x200.jpg\",\"contentUrl\":\"https:\/\/www.pressenza.com\/wp-content\/uploads\/2022\/10\/pressenza_logo_200x200.jpg\",\"width\":200,\"height\":200,\"caption\":\"Pressenza\"},\"image\":{\"@id\":\"https:\/\/www.pressenza.com\/de\/#\/schema\/logo\/image\/\"},\"sameAs\":[\"https:\/\/www.facebook.com\/PressenzaItalia\",\"https:\/\/x.com\/PressenzaIPA\"]},{\"@type\":\"Person\",\"@id\":\"https:\/\/www.pressenza.com\/de\/#\/schema\/person\/010e5d02bcf40965427a1289a4cc8d75\",\"name\":\"Pressenza IPA\",\"description\":\"News from Pressenza IPA correspondents\",\"sameAs\":[\"https:\/\/www.facebook.com\/pressenza\",\"https:\/\/x.com\/PressenzaIPA\"],\"url\":\"https:\/\/www.pressenza.com\/de\/author\/pressenza-ipa\/\"}]}<\/script>\n<!-- \/ Yoast SEO plugin. -->","yoast_head_json":{"title":"Die USA sind nicht l\u00e4nger Mitglied der WHO","description":"Die Vereinigten Staaten haben\u00a0offiziell ihren Austritt aus der Weltgesundheitsorganisation (WHO) abgeschlossen, was einen historischen Bruch nach fast\u00a078","robots":{"index":"index","follow":"follow","max-snippet":"max-snippet:-1","max-image-preview":"max-image-preview:large","max-video-preview":"max-video-preview:-1"},"canonical":"https:\/\/www.pressenza.com\/de\/2026\/01\/die-usa-sind-nicht-laenger-mitglied-der-who\/","og_locale":"de_DE","og_type":"article","og_title":"Die USA sind nicht l\u00e4nger Mitglied der WHO","og_description":"Die Vereinigten Staaten haben\u00a0offiziell ihren Austritt aus der Weltgesundheitsorganisation (WHO) abgeschlossen, was einen historischen Bruch nach fast\u00a078","og_url":"https:\/\/www.pressenza.com\/de\/2026\/01\/die-usa-sind-nicht-laenger-mitglied-der-who\/","og_site_name":"Pressenza","article_publisher":"https:\/\/www.facebook.com\/PressenzaItalia","article_author":"https:\/\/www.facebook.com\/pressenza","article_published_time":"2026-01-29T15:54:02+00:00","og_image":[{"width":820,"height":464,"url":"https:\/\/www.pressenza.com\/wp-content\/uploads\/2026\/01\/tedros_who-720x377-2.jpg","type":"image\/jpeg"}],"author":"Pressenza IPA","twitter_card":"summary_large_image","twitter_creator":"@PressenzaIPA","twitter_site":"@PressenzaIPA","twitter_misc":{"Verfasst von":"Pressenza IPA","Gesch\u00e4tzte Lesezeit":"4\u00a0Minuten"},"schema":{"@context":"https:\/\/schema.org","@graph":[{"@type":"Article","@id":"https:\/\/www.pressenza.com\/de\/2026\/01\/die-usa-sind-nicht-laenger-mitglied-der-who\/#article","isPartOf":{"@id":"https:\/\/www.pressenza.com\/de\/2026\/01\/die-usa-sind-nicht-laenger-mitglied-der-who\/"},"author":{"name":"Pressenza IPA","@id":"https:\/\/www.pressenza.com\/de\/#\/schema\/person\/010e5d02bcf40965427a1289a4cc8d75"},"headline":"Die USA sind nicht l\u00e4nger Mitglied der WHO","datePublished":"2026-01-29T15:54:02+00:00","mainEntityOfPage":{"@id":"https:\/\/www.pressenza.com\/de\/2026\/01\/die-usa-sind-nicht-laenger-mitglied-der-who\/"},"wordCount":677,"publisher":{"@id":"https:\/\/www.pressenza.com\/de\/#organization"},"image":{"@id":"https:\/\/www.pressenza.com\/de\/2026\/01\/die-usa-sind-nicht-laenger-mitglied-der-who\/#primaryimage"},"thumbnailUrl":"https:\/\/www.pressenza.com\/wp-content\/uploads\/2026\/01\/tedros_who-720x377-2.jpg","keywords":["US-Pr\u00e4sident Donald Trump","USA","World Health Organisation (WHO)"],"articleSection":["Gesundheit","International","Internationale Angelegenheiten","Originalinhalt"],"inLanguage":"de"},{"@type":"WebPage","@id":"https:\/\/www.pressenza.com\/de\/2026\/01\/die-usa-sind-nicht-laenger-mitglied-der-who\/","url":"https:\/\/www.pressenza.com\/de\/2026\/01\/die-usa-sind-nicht-laenger-mitglied-der-who\/","name":"Die USA sind nicht l\u00e4nger Mitglied der WHO","isPartOf":{"@id":"https:\/\/www.pressenza.com\/de\/#website"},"primaryImageOfPage":{"@id":"https:\/\/www.pressenza.com\/de\/2026\/01\/die-usa-sind-nicht-laenger-mitglied-der-who\/#primaryimage"},"image":{"@id":"https:\/\/www.pressenza.com\/de\/2026\/01\/die-usa-sind-nicht-laenger-mitglied-der-who\/#primaryimage"},"thumbnailUrl":"https:\/\/www.pressenza.com\/wp-content\/uploads\/2026\/01\/tedros_who-720x377-2.jpg","datePublished":"2026-01-29T15:54:02+00:00","description":"Die Vereinigten Staaten haben\u00a0offiziell ihren Austritt aus der Weltgesundheitsorganisation (WHO) abgeschlossen, was einen historischen Bruch nach fast\u00a078","breadcrumb":{"@id":"https:\/\/www.pressenza.com\/de\/2026\/01\/die-usa-sind-nicht-laenger-mitglied-der-who\/#breadcrumb"},"inLanguage":"de","potentialAction":[{"@type":"ReadAction","target":["https:\/\/www.pressenza.com\/de\/2026\/01\/die-usa-sind-nicht-laenger-mitglied-der-who\/"]}]},{"@type":"ImageObject","inLanguage":"de","@id":"https:\/\/www.pressenza.com\/de\/2026\/01\/die-usa-sind-nicht-laenger-mitglied-der-who\/#primaryimage","url":"https:\/\/www.pressenza.com\/wp-content\/uploads\/2026\/01\/tedros_who-720x377-2.jpg","contentUrl":"https:\/\/www.pressenza.com\/wp-content\/uploads\/2026\/01\/tedros_who-720x377-2.jpg","width":820,"height":464,"caption":"(Foto von WHO\/Twitter)"},{"@type":"BreadcrumbList","@id":"https:\/\/www.pressenza.com\/de\/2026\/01\/die-usa-sind-nicht-laenger-mitglied-der-who\/#breadcrumb","itemListElement":[{"@type":"ListItem","position":1,"name":"Accueil","item":"https:\/\/www.pressenza.com\/de\/"},{"@type":"ListItem","position":2,"name":"Die USA sind nicht l\u00e4nger Mitglied der WHO"}]},{"@type":"WebSite","@id":"https:\/\/www.pressenza.com\/de\/#website","url":"https:\/\/www.pressenza.com\/de\/","name":"Pressenza","description":"International Press Agency","publisher":{"@id":"https:\/\/www.pressenza.com\/de\/#organization"},"potentialAction":[{"@type":"SearchAction","target":{"@type":"EntryPoint","urlTemplate":"https:\/\/www.pressenza.com\/de\/?s={search_term_string}"},"query-input":{"@type":"PropertyValueSpecification","valueRequired":true,"valueName":"search_term_string"}}],"inLanguage":"de"},{"@type":"Organization","@id":"https:\/\/www.pressenza.com\/de\/#organization","name":"Pressenza","url":"https:\/\/www.pressenza.com\/de\/","logo":{"@type":"ImageObject","inLanguage":"de","@id":"https:\/\/www.pressenza.com\/de\/#\/schema\/logo\/image\/","url":"https:\/\/www.pressenza.com\/wp-content\/uploads\/2022\/10\/pressenza_logo_200x200.jpg","contentUrl":"https:\/\/www.pressenza.com\/wp-content\/uploads\/2022\/10\/pressenza_logo_200x200.jpg","width":200,"height":200,"caption":"Pressenza"},"image":{"@id":"https:\/\/www.pressenza.com\/de\/#\/schema\/logo\/image\/"},"sameAs":["https:\/\/www.facebook.com\/PressenzaItalia","https:\/\/x.com\/PressenzaIPA"]},{"@type":"Person","@id":"https:\/\/www.pressenza.com\/de\/#\/schema\/person\/010e5d02bcf40965427a1289a4cc8d75","name":"Pressenza IPA","description":"News from Pressenza IPA correspondents","sameAs":["https:\/\/www.facebook.com\/pressenza","https:\/\/x.com\/PressenzaIPA"],"url":"https:\/\/www.pressenza.com\/de\/author\/pressenza-ipa\/"}]}},"place":"","original_article_url":"","_links":{"self":[{"href":"https:\/\/www.pressenza.com\/de\/wp-json\/wp\/v2\/posts\/2671711","targetHints":{"allow":["GET"]}}],"collection":[{"href":"https:\/\/www.pressenza.com\/de\/wp-json\/wp\/v2\/posts"}],"about":[{"href":"https:\/\/www.pressenza.com\/de\/wp-json\/wp\/v2\/types\/post"}],"author":[{"embeddable":true,"href":"https:\/\/www.pressenza.com\/de\/wp-json\/wp\/v2\/users\/19"}],"replies":[{"embeddable":true,"href":"https:\/\/www.pressenza.com\/de\/wp-json\/wp\/v2\/comments?post=2671711"}],"version-history":[{"count":1,"href":"https:\/\/www.pressenza.com\/de\/wp-json\/wp\/v2\/posts\/2671711\/revisions"}],"predecessor-version":[{"id":2671717,"href":"https:\/\/www.pressenza.com\/de\/wp-json\/wp\/v2\/posts\/2671711\/revisions\/2671717"}],"wp:featuredmedia":[{"embeddable":true,"href":"https:\/\/www.pressenza.com\/de\/wp-json\/wp\/v2\/media\/2671715"}],"wp:attachment":[{"href":"https:\/\/www.pressenza.com\/de\/wp-json\/wp\/v2\/media?parent=2671711"}],"wp:term":[{"taxonomy":"category","embeddable":true,"href":"https:\/\/www.pressenza.com\/de\/wp-json\/wp\/v2\/categories?post=2671711"},{"taxonomy":"post_tag","embeddable":true,"href":"https:\/\/www.pressenza.com\/de\/wp-json\/wp\/v2\/tags?post=2671711"}],"curies":[{"name":"wp","href":"https:\/\/api.w.org\/{rel}","templated":true}]}}