{"id":2671459,"date":"2026-01-28T17:25:44","date_gmt":"2026-01-28T17:25:44","guid":{"rendered":"https:\/\/www.pressenza.com\/?p=2671459"},"modified":"2026-01-28T17:25:44","modified_gmt":"2026-01-28T17:25:44","slug":"peacewalk-lasst-uns-einfach-fuer-den-frieden-wandern-auf-dem-laengsten-friedenspfad-der-welt","status":"publish","type":"post","link":"https:\/\/www.pressenza.com\/de\/2026\/01\/peacewalk-lasst-uns-einfach-fuer-den-frieden-wandern-auf-dem-laengsten-friedenspfad-der-welt\/","title":{"rendered":"PEACEWALK: Lasst uns einfach f\u00fcr den Frieden wandern \u2013 auf dem l\u00e4ngsten Friedenspfad der Welt."},"content":{"rendered":"<p><em>Schlie\u00df dich an f\u00fcr eine Stunde, einen Tag, eine Woche oder mache die ganze Wanderung von Europa nach Al-Quds\/Jerusalem. Lasst uns diese Wanderung gemeinsam gestalten.<\/em><\/p>\n<p><strong>Einf\u00fchrung:<\/strong> Der Peacewalk ist eine Bewegung, die Menschen aus der ganzen Welt dazu aufruft, gemeinsam f\u00fcr den Frieden zu wandern und dabei zu lernen, was echter Frieden bedeutet. Er ist eine gemeinsame Pilgerreise von den entlegensten Enden Europas nach Al-Quds\/Jerusalem, dem ber\u00fchmten Jerusalem Way folgend, dem l\u00e4ngsten Friedenspfad der Welt. Alle k\u00f6nnen f\u00fcr eine Stunde, einen Tag, eine Woche oder die gesamte Wanderung mitmachen. Diese Pilgerschaft bedeutet eine Verpflichtung zum Frieden durch geteilte Erfahrungen und Verst\u00e4ndigung.<\/p>\n<p><strong>Zweck und Begr\u00fcndung: <\/strong>Die Initiative befasst sich mit der Hilflosigkeit angesichts der schrecklichen Lage in Pal\u00e4stina und Israel und der Spaltung, die sie weltweit verursacht. Friedensm\u00e4rsche waren in der Geschichte schon immer ein Mittel des Widerstands der Machtlosen. Dieser Friedensmarsch hat zum Ziel, von pal\u00e4stinensischen und israelischen Friedensstiftenden zu lernen und dabei ihre Arbeit zu unterst\u00fctzen. So k\u00f6nnen sich dabei Menschen aus der ganzen Welt f\u00fcr Friedensf\u00f6rderung einsetzen. Das gemeinsame Wandern f\u00f6rdert Dialog und Verst\u00e4ndigung und gibt den Teilnehmenden die M\u00f6glichkeit, nachzudenken, Kontakte zu kn\u00fcpfen und die wichtige Arbeit der Vers\u00f6hnung kennenzulernen. Expert:innenen werden gebeten, ihre Erfahrungen zu teilen. So wie der Krieg in Israel und Pal\u00e4stina die Welt spalten kann, k\u00f6nnen Friedensstiftende die Welt vereinen.<\/p>\n<p><strong>Ziele<\/strong><\/p>\n<ol>\n<li><strong>Frieden f\u00f6rdern<\/strong>: Zeigen, wie man Konflikte mit gewaltfreien Aktionen und Gespr\u00e4chen l\u00f6sen kann.<\/li>\n<li><strong>Verbindungen schaffen<\/strong>: Friedensstiftende, Leitende von Gemeinschaften und Teilnehmende zusammenbringen.<\/li>\n<li><strong>Bewusstsein schaffen<\/strong>: Deutlich machen, wie wichtig nachhaltige Gerechtigkeit und Friedensprozesse sind.<\/li>\n<li><strong>Lernen f\u00f6rdern<\/strong>: \u00dcber Diskussionen und Vortr\u00e4ge mit Expert:innen, K\u00fcnstler:innen und Aktivist:innen zusammentreffen.<\/li>\n<\/ol>\n<p><strong>Hauptmerkmale<\/strong><\/p>\n<ul>\n<li><strong>Ein ganzes Jahr Friedensfest<\/strong>: Musik, Events, Treffen unterwegs!<\/li>\n<li><strong>Ein ganzes Jahr Friedensschule<\/strong>: Treffen mit friedensstiftenden Pers\u00f6nlichkeiten und F\u00fchrungskr\u00e4ften der Vers\u00f6hnung.<\/li>\n<li><strong>Ein ganzes Jahr Spendenaktion<\/strong>: Sammeln von Spenden f\u00fcr pal\u00e4stinensisch-israelische Friedensbem\u00fchungen<\/li>\n<\/ul>\n<p><strong>Aufruf zum Handeln<\/strong><\/p>\n<ul>\n<li><strong>In Frieden investieren<\/strong>: Sich zu Vers\u00f6hnung und Diplomatie verpflichten.<\/li>\n<li><strong>Lokale Stimmen anerkennen<\/strong>: Friedensbem\u00fchungen der Basis unterst\u00fctzen.<\/li>\n<li><strong>Frieden praktizieren<\/strong>: Friedensstiftung ist eine F\u00e4higkeit, die man lernen kann.<\/li>\n<\/ul>\n<p><strong>Inspiration und Vision<\/strong><\/p>\n<p>Inspiriert von Friedensaktivist:innen wie Maoz Inon und Aziz Abu Sarah, Hamze Awawde und Magen Inon, Women of the Sun und Women Wage Peace \u2013 und von Initiativen wie dem Civil March for Aleppo, den franz\u00f6sischen Schweigeprotesten und den Martin Luther King-B\u00fcrgerrechtsm\u00e4rschen.<\/p>\n<p><strong>Logistik<\/strong><\/p>\n<ul>\n<li><strong>Route<\/strong>: Verschiedene Startpunkte in ganz Europa, die alle dem <strong>JERUSALEM Way<\/strong> (<a href=\"http:\/\/jerusalemway.org\/\" target=\"_blank\" rel=\"noopener\">jerusalemway.org<\/a>) folgen und in Jerusalem enden.<\/li>\n<li><strong>Tempo<\/strong>: 15\u201325 km pro Tag, damit es f\u00fcr alle machbar ist.<\/li>\n<li><strong>Selbst organisiert<\/strong>: Alle Wandernden sind Pilger:innen, die f\u00fcr ihren eigenen Weg verantwortlich sind \u2013 unterst\u00fctzt von L\u00e4nderteams und anderen Wandernden.<\/li>\n<li><strong>Kooperationen<\/strong>: Der Peacewalk wird von der Stichting PopUpWerk (unter der Leitung von Rikko Voorberg), dem JERUSALEMWAY-Team (unter der Leitung von Johannes Aschauer) und dem Glocalspirit-Team organisiert.<\/li>\n<\/ul>\n<p>Die ersten Schritte des Peacewalk (Hauptroute) werden am 31. Januar 2026 in Finisterre, Spanien, unternommen.<\/p>\n<p>Verfolge diese Reise unter <a href=\"https:\/\/peacewalk.info\/\" target=\"_blank\" rel=\"noopener\">peacewalk.info<\/a><\/p>\n<p>&nbsp;<\/p>\n<p><strong><em>Die \u00dcbersetzung aus dem Englischen wurde von Domenica Ott vom ehrenamtlichen Pressenza-\u00dcbersetzungsteam erstellt. <\/em><\/strong><a href=\"https:\/\/www.pressenza.com\/de\/mitarbeiten\/\"><strong><em>Wir suchen Freiwillige!<\/em><\/strong><\/a><\/p>\n<p>&nbsp;<\/p>\n","protected":false},"excerpt":{"rendered":"<p>Schlie\u00df dich an f\u00fcr eine Stunde, einen Tag, eine Woche oder mache die ganze Wanderung von Europa nach Al-Quds\/Jerusalem. Lasst uns diese Wanderung gemeinsam gestalten. Einf\u00fchrung: Der Peacewalk ist eine Bewegung, die Menschen aus der ganzen Welt dazu aufruft, gemeinsam&hellip;<\/p>\n","protected":false},"author":1946,"featured_media":2671464,"comment_status":"closed","ping_status":"closed","sticky":false,"template":"","format":"standard","meta":{"footnotes":""},"categories":[9167,9145],"tags":[150505,150506],"class_list":["post-2671459","post","type-post","status-publish","format-standard","has-post-thumbnail","hentry","category-frieden-und-abruestung","category-pressemitteilungen","tag-jerusalem-way","tag-peacewalk"],"yoast_head":"<!-- This site is optimized with the Yoast SEO plugin v27.1.1 - https:\/\/yoast.com\/product\/yoast-seo-wordpress\/ -->\n<title>PEACEWALK: Lasst uns einfach f\u00fcr den Frieden wandern \u2013 auf dem l\u00e4ngsten Friedenspfad der Welt.<\/title>\n<meta name=\"description\" content=\"Schlie\u00df dich an f\u00fcr eine Stunde, einen Tag, eine Woche oder mache die ganze Wanderung von Europa nach Al-Quds\/Jerusalem. Lasst uns diese Wanderung\" \/>\n<meta name=\"robots\" content=\"index, follow, max-snippet:-1, max-image-preview:large, max-video-preview:-1\" \/>\n<link rel=\"canonical\" href=\"https:\/\/www.pressenza.com\/de\/2026\/01\/peacewalk-lasst-uns-einfach-fuer-den-frieden-wandern-auf-dem-laengsten-friedenspfad-der-welt\/\" \/>\n<meta property=\"og:locale\" content=\"de_DE\" \/>\n<meta property=\"og:type\" content=\"article\" \/>\n<meta property=\"og:title\" content=\"PEACEWALK: Lasst uns einfach f\u00fcr den Frieden wandern \u2013 auf dem l\u00e4ngsten Friedenspfad der Welt.\" \/>\n<meta property=\"og:description\" content=\"Schlie\u00df dich an f\u00fcr eine Stunde, einen Tag, eine Woche oder mache die ganze Wanderung von Europa nach Al-Quds\/Jerusalem. Lasst uns diese Wanderung\" \/>\n<meta property=\"og:url\" content=\"https:\/\/www.pressenza.com\/de\/2026\/01\/peacewalk-lasst-uns-einfach-fuer-den-frieden-wandern-auf-dem-laengsten-friedenspfad-der-welt\/\" \/>\n<meta property=\"og:site_name\" content=\"Pressenza\" \/>\n<meta property=\"article:publisher\" content=\"https:\/\/www.facebook.com\/PressenzaItalia\" \/>\n<meta property=\"article:published_time\" content=\"2026-01-28T17:25:44+00:00\" \/>\n<meta property=\"og:image\" content=\"https:\/\/www.pressenza.com\/wp-content\/uploads\/2026\/01\/map-3-820x595-1.jpeg\" \/>\n\t<meta property=\"og:image:width\" content=\"820\" \/>\n\t<meta property=\"og:image:height\" content=\"595\" \/>\n\t<meta property=\"og:image:type\" content=\"image\/jpeg\" \/>\n<meta name=\"author\" content=\"Davide Bertok\" \/>\n<meta name=\"twitter:card\" content=\"summary_large_image\" \/>\n<meta name=\"twitter:creator\" content=\"@PressenzaIPA\" \/>\n<meta name=\"twitter:site\" content=\"@PressenzaIPA\" \/>\n<meta name=\"twitter:label1\" content=\"Verfasst von\" \/>\n\t<meta name=\"twitter:data1\" content=\"Davide Bertok\" \/>\n\t<meta name=\"twitter:label2\" content=\"Gesch\u00e4tzte Lesezeit\" \/>\n\t<meta name=\"twitter:data2\" content=\"3\u00a0Minuten\" \/>\n<script type=\"application\/ld+json\" class=\"yoast-schema-graph\">{\"@context\":\"https:\/\/schema.org\",\"@graph\":[{\"@type\":\"Article\",\"@id\":\"https:\/\/www.pressenza.com\/de\/2026\/01\/peacewalk-lasst-uns-einfach-fuer-den-frieden-wandern-auf-dem-laengsten-friedenspfad-der-welt\/#article\",\"isPartOf\":{\"@id\":\"https:\/\/www.pressenza.com\/de\/2026\/01\/peacewalk-lasst-uns-einfach-fuer-den-frieden-wandern-auf-dem-laengsten-friedenspfad-der-welt\/\"},\"author\":{\"name\":\"Davide Bertok\",\"@id\":\"https:\/\/www.pressenza.com\/de\/#\/schema\/person\/18dc6bca29dcad90df2835e03d08149c\"},\"headline\":\"PEACEWALK: Lasst uns einfach f\u00fcr den Frieden wandern \u2013 auf dem l\u00e4ngsten Friedenspfad der Welt.\",\"datePublished\":\"2026-01-28T17:25:44+00:00\",\"mainEntityOfPage\":{\"@id\":\"https:\/\/www.pressenza.com\/de\/2026\/01\/peacewalk-lasst-uns-einfach-fuer-den-frieden-wandern-auf-dem-laengsten-friedenspfad-der-welt\/\"},\"wordCount\":549,\"publisher\":{\"@id\":\"https:\/\/www.pressenza.com\/de\/#organization\"},\"image\":{\"@id\":\"https:\/\/www.pressenza.com\/de\/2026\/01\/peacewalk-lasst-uns-einfach-fuer-den-frieden-wandern-auf-dem-laengsten-friedenspfad-der-welt\/#primaryimage\"},\"thumbnailUrl\":\"https:\/\/www.pressenza.com\/wp-content\/uploads\/2026\/01\/map-3-820x595-1.jpeg\",\"keywords\":[\"Jerusalem Way\",\"Peacewalk\"],\"articleSection\":[\"Frieden und Abr\u00fcstung\",\"Pressemitteilungen\"],\"inLanguage\":\"de\"},{\"@type\":\"WebPage\",\"@id\":\"https:\/\/www.pressenza.com\/de\/2026\/01\/peacewalk-lasst-uns-einfach-fuer-den-frieden-wandern-auf-dem-laengsten-friedenspfad-der-welt\/\",\"url\":\"https:\/\/www.pressenza.com\/de\/2026\/01\/peacewalk-lasst-uns-einfach-fuer-den-frieden-wandern-auf-dem-laengsten-friedenspfad-der-welt\/\",\"name\":\"PEACEWALK: Lasst uns einfach f\u00fcr den Frieden wandern \u2013 auf dem l\u00e4ngsten Friedenspfad der Welt.\",\"isPartOf\":{\"@id\":\"https:\/\/www.pressenza.com\/de\/#website\"},\"primaryImageOfPage\":{\"@id\":\"https:\/\/www.pressenza.com\/de\/2026\/01\/peacewalk-lasst-uns-einfach-fuer-den-frieden-wandern-auf-dem-laengsten-friedenspfad-der-welt\/#primaryimage\"},\"image\":{\"@id\":\"https:\/\/www.pressenza.com\/de\/2026\/01\/peacewalk-lasst-uns-einfach-fuer-den-frieden-wandern-auf-dem-laengsten-friedenspfad-der-welt\/#primaryimage\"},\"thumbnailUrl\":\"https:\/\/www.pressenza.com\/wp-content\/uploads\/2026\/01\/map-3-820x595-1.jpeg\",\"datePublished\":\"2026-01-28T17:25:44+00:00\",\"description\":\"Schlie\u00df dich an f\u00fcr eine Stunde, einen Tag, eine Woche oder mache die ganze Wanderung von Europa nach Al-Quds\/Jerusalem. Lasst uns diese Wanderung\",\"breadcrumb\":{\"@id\":\"https:\/\/www.pressenza.com\/de\/2026\/01\/peacewalk-lasst-uns-einfach-fuer-den-frieden-wandern-auf-dem-laengsten-friedenspfad-der-welt\/#breadcrumb\"},\"inLanguage\":\"de\",\"potentialAction\":[{\"@type\":\"ReadAction\",\"target\":[\"https:\/\/www.pressenza.com\/de\/2026\/01\/peacewalk-lasst-uns-einfach-fuer-den-frieden-wandern-auf-dem-laengsten-friedenspfad-der-welt\/\"]}]},{\"@type\":\"ImageObject\",\"inLanguage\":\"de\",\"@id\":\"https:\/\/www.pressenza.com\/de\/2026\/01\/peacewalk-lasst-uns-einfach-fuer-den-frieden-wandern-auf-dem-laengsten-friedenspfad-der-welt\/#primaryimage\",\"url\":\"https:\/\/www.pressenza.com\/wp-content\/uploads\/2026\/01\/map-3-820x595-1.jpeg\",\"contentUrl\":\"https:\/\/www.pressenza.com\/wp-content\/uploads\/2026\/01\/map-3-820x595-1.jpeg\",\"width\":820,\"height\":595},{\"@type\":\"BreadcrumbList\",\"@id\":\"https:\/\/www.pressenza.com\/de\/2026\/01\/peacewalk-lasst-uns-einfach-fuer-den-frieden-wandern-auf-dem-laengsten-friedenspfad-der-welt\/#breadcrumb\",\"itemListElement\":[{\"@type\":\"ListItem\",\"position\":1,\"name\":\"Accueil\",\"item\":\"https:\/\/www.pressenza.com\/de\/\"},{\"@type\":\"ListItem\",\"position\":2,\"name\":\"PEACEWALK: Lasst uns einfach f\u00fcr den Frieden wandern \u2013 auf dem l\u00e4ngsten Friedenspfad der Welt.\"}]},{\"@type\":\"WebSite\",\"@id\":\"https:\/\/www.pressenza.com\/de\/#website\",\"url\":\"https:\/\/www.pressenza.com\/de\/\",\"name\":\"Pressenza\",\"description\":\"International Press Agency\",\"publisher\":{\"@id\":\"https:\/\/www.pressenza.com\/de\/#organization\"},\"potentialAction\":[{\"@type\":\"SearchAction\",\"target\":{\"@type\":\"EntryPoint\",\"urlTemplate\":\"https:\/\/www.pressenza.com\/de\/?s={search_term_string}\"},\"query-input\":{\"@type\":\"PropertyValueSpecification\",\"valueRequired\":true,\"valueName\":\"search_term_string\"}}],\"inLanguage\":\"de\"},{\"@type\":\"Organization\",\"@id\":\"https:\/\/www.pressenza.com\/de\/#organization\",\"name\":\"Pressenza\",\"url\":\"https:\/\/www.pressenza.com\/de\/\",\"logo\":{\"@type\":\"ImageObject\",\"inLanguage\":\"de\",\"@id\":\"https:\/\/www.pressenza.com\/de\/#\/schema\/logo\/image\/\",\"url\":\"https:\/\/www.pressenza.com\/wp-content\/uploads\/2022\/10\/pressenza_logo_200x200.jpg\",\"contentUrl\":\"https:\/\/www.pressenza.com\/wp-content\/uploads\/2022\/10\/pressenza_logo_200x200.jpg\",\"width\":200,\"height\":200,\"caption\":\"Pressenza\"},\"image\":{\"@id\":\"https:\/\/www.pressenza.com\/de\/#\/schema\/logo\/image\/\"},\"sameAs\":[\"https:\/\/www.facebook.com\/PressenzaItalia\",\"https:\/\/x.com\/PressenzaIPA\"]},{\"@type\":\"Person\",\"@id\":\"https:\/\/www.pressenza.com\/de\/#\/schema\/person\/18dc6bca29dcad90df2835e03d08149c\",\"name\":\"Davide Bertok\",\"description\":\"Attivista nel Movimento Umanista dal 1997 e poi in Mondo Senza Guerre e Senza Violenza dal 2010, ha partecipato all'organizzazione della prima e seconda Marcia Mondiale per la pace e la Nonviolenza. Redattore di Pressenza dal 2020 si propone di raccontare quanto avviene nell'ambito del disarmo, pace, convivenza, immigrazione, diritti umani, sociale, ecologia,politica a Trieste e dintorni.\",\"url\":\"https:\/\/www.pressenza.com\/de\/author\/davide-bertok\/\"}]}<\/script>\n<!-- \/ Yoast SEO plugin. -->","yoast_head_json":{"title":"PEACEWALK: Lasst uns einfach f\u00fcr den Frieden wandern \u2013 auf dem l\u00e4ngsten Friedenspfad der Welt.","description":"Schlie\u00df dich an f\u00fcr eine Stunde, einen Tag, eine Woche oder mache die ganze Wanderung von Europa nach Al-Quds\/Jerusalem. Lasst uns diese Wanderung","robots":{"index":"index","follow":"follow","max-snippet":"max-snippet:-1","max-image-preview":"max-image-preview:large","max-video-preview":"max-video-preview:-1"},"canonical":"https:\/\/www.pressenza.com\/de\/2026\/01\/peacewalk-lasst-uns-einfach-fuer-den-frieden-wandern-auf-dem-laengsten-friedenspfad-der-welt\/","og_locale":"de_DE","og_type":"article","og_title":"PEACEWALK: Lasst uns einfach f\u00fcr den Frieden wandern \u2013 auf dem l\u00e4ngsten Friedenspfad der Welt.","og_description":"Schlie\u00df dich an f\u00fcr eine Stunde, einen Tag, eine Woche oder mache die ganze Wanderung von Europa nach Al-Quds\/Jerusalem. Lasst uns diese Wanderung","og_url":"https:\/\/www.pressenza.com\/de\/2026\/01\/peacewalk-lasst-uns-einfach-fuer-den-frieden-wandern-auf-dem-laengsten-friedenspfad-der-welt\/","og_site_name":"Pressenza","article_publisher":"https:\/\/www.facebook.com\/PressenzaItalia","article_published_time":"2026-01-28T17:25:44+00:00","og_image":[{"width":820,"height":595,"url":"https:\/\/www.pressenza.com\/wp-content\/uploads\/2026\/01\/map-3-820x595-1.jpeg","type":"image\/jpeg"}],"author":"Davide Bertok","twitter_card":"summary_large_image","twitter_creator":"@PressenzaIPA","twitter_site":"@PressenzaIPA","twitter_misc":{"Verfasst von":"Davide Bertok","Gesch\u00e4tzte Lesezeit":"3\u00a0Minuten"},"schema":{"@context":"https:\/\/schema.org","@graph":[{"@type":"Article","@id":"https:\/\/www.pressenza.com\/de\/2026\/01\/peacewalk-lasst-uns-einfach-fuer-den-frieden-wandern-auf-dem-laengsten-friedenspfad-der-welt\/#article","isPartOf":{"@id":"https:\/\/www.pressenza.com\/de\/2026\/01\/peacewalk-lasst-uns-einfach-fuer-den-frieden-wandern-auf-dem-laengsten-friedenspfad-der-welt\/"},"author":{"name":"Davide Bertok","@id":"https:\/\/www.pressenza.com\/de\/#\/schema\/person\/18dc6bca29dcad90df2835e03d08149c"},"headline":"PEACEWALK: Lasst uns einfach f\u00fcr den Frieden wandern \u2013 auf dem l\u00e4ngsten Friedenspfad der Welt.","datePublished":"2026-01-28T17:25:44+00:00","mainEntityOfPage":{"@id":"https:\/\/www.pressenza.com\/de\/2026\/01\/peacewalk-lasst-uns-einfach-fuer-den-frieden-wandern-auf-dem-laengsten-friedenspfad-der-welt\/"},"wordCount":549,"publisher":{"@id":"https:\/\/www.pressenza.com\/de\/#organization"},"image":{"@id":"https:\/\/www.pressenza.com\/de\/2026\/01\/peacewalk-lasst-uns-einfach-fuer-den-frieden-wandern-auf-dem-laengsten-friedenspfad-der-welt\/#primaryimage"},"thumbnailUrl":"https:\/\/www.pressenza.com\/wp-content\/uploads\/2026\/01\/map-3-820x595-1.jpeg","keywords":["Jerusalem Way","Peacewalk"],"articleSection":["Frieden und Abr\u00fcstung","Pressemitteilungen"],"inLanguage":"de"},{"@type":"WebPage","@id":"https:\/\/www.pressenza.com\/de\/2026\/01\/peacewalk-lasst-uns-einfach-fuer-den-frieden-wandern-auf-dem-laengsten-friedenspfad-der-welt\/","url":"https:\/\/www.pressenza.com\/de\/2026\/01\/peacewalk-lasst-uns-einfach-fuer-den-frieden-wandern-auf-dem-laengsten-friedenspfad-der-welt\/","name":"PEACEWALK: Lasst uns einfach f\u00fcr den Frieden wandern \u2013 auf dem l\u00e4ngsten Friedenspfad der Welt.","isPartOf":{"@id":"https:\/\/www.pressenza.com\/de\/#website"},"primaryImageOfPage":{"@id":"https:\/\/www.pressenza.com\/de\/2026\/01\/peacewalk-lasst-uns-einfach-fuer-den-frieden-wandern-auf-dem-laengsten-friedenspfad-der-welt\/#primaryimage"},"image":{"@id":"https:\/\/www.pressenza.com\/de\/2026\/01\/peacewalk-lasst-uns-einfach-fuer-den-frieden-wandern-auf-dem-laengsten-friedenspfad-der-welt\/#primaryimage"},"thumbnailUrl":"https:\/\/www.pressenza.com\/wp-content\/uploads\/2026\/01\/map-3-820x595-1.jpeg","datePublished":"2026-01-28T17:25:44+00:00","description":"Schlie\u00df dich an f\u00fcr eine Stunde, einen Tag, eine Woche oder mache die ganze Wanderung von Europa nach Al-Quds\/Jerusalem. Lasst uns diese Wanderung","breadcrumb":{"@id":"https:\/\/www.pressenza.com\/de\/2026\/01\/peacewalk-lasst-uns-einfach-fuer-den-frieden-wandern-auf-dem-laengsten-friedenspfad-der-welt\/#breadcrumb"},"inLanguage":"de","potentialAction":[{"@type":"ReadAction","target":["https:\/\/www.pressenza.com\/de\/2026\/01\/peacewalk-lasst-uns-einfach-fuer-den-frieden-wandern-auf-dem-laengsten-friedenspfad-der-welt\/"]}]},{"@type":"ImageObject","inLanguage":"de","@id":"https:\/\/www.pressenza.com\/de\/2026\/01\/peacewalk-lasst-uns-einfach-fuer-den-frieden-wandern-auf-dem-laengsten-friedenspfad-der-welt\/#primaryimage","url":"https:\/\/www.pressenza.com\/wp-content\/uploads\/2026\/01\/map-3-820x595-1.jpeg","contentUrl":"https:\/\/www.pressenza.com\/wp-content\/uploads\/2026\/01\/map-3-820x595-1.jpeg","width":820,"height":595},{"@type":"BreadcrumbList","@id":"https:\/\/www.pressenza.com\/de\/2026\/01\/peacewalk-lasst-uns-einfach-fuer-den-frieden-wandern-auf-dem-laengsten-friedenspfad-der-welt\/#breadcrumb","itemListElement":[{"@type":"ListItem","position":1,"name":"Accueil","item":"https:\/\/www.pressenza.com\/de\/"},{"@type":"ListItem","position":2,"name":"PEACEWALK: Lasst uns einfach f\u00fcr den Frieden wandern \u2013 auf dem l\u00e4ngsten Friedenspfad der Welt."}]},{"@type":"WebSite","@id":"https:\/\/www.pressenza.com\/de\/#website","url":"https:\/\/www.pressenza.com\/de\/","name":"Pressenza","description":"International Press Agency","publisher":{"@id":"https:\/\/www.pressenza.com\/de\/#organization"},"potentialAction":[{"@type":"SearchAction","target":{"@type":"EntryPoint","urlTemplate":"https:\/\/www.pressenza.com\/de\/?s={search_term_string}"},"query-input":{"@type":"PropertyValueSpecification","valueRequired":true,"valueName":"search_term_string"}}],"inLanguage":"de"},{"@type":"Organization","@id":"https:\/\/www.pressenza.com\/de\/#organization","name":"Pressenza","url":"https:\/\/www.pressenza.com\/de\/","logo":{"@type":"ImageObject","inLanguage":"de","@id":"https:\/\/www.pressenza.com\/de\/#\/schema\/logo\/image\/","url":"https:\/\/www.pressenza.com\/wp-content\/uploads\/2022\/10\/pressenza_logo_200x200.jpg","contentUrl":"https:\/\/www.pressenza.com\/wp-content\/uploads\/2022\/10\/pressenza_logo_200x200.jpg","width":200,"height":200,"caption":"Pressenza"},"image":{"@id":"https:\/\/www.pressenza.com\/de\/#\/schema\/logo\/image\/"},"sameAs":["https:\/\/www.facebook.com\/PressenzaItalia","https:\/\/x.com\/PressenzaIPA"]},{"@type":"Person","@id":"https:\/\/www.pressenza.com\/de\/#\/schema\/person\/18dc6bca29dcad90df2835e03d08149c","name":"Davide Bertok","description":"Attivista nel Movimento Umanista dal 1997 e poi in Mondo Senza Guerre e Senza Violenza dal 2010, ha partecipato all'organizzazione della prima e seconda Marcia Mondiale per la pace e la Nonviolenza. Redattore di Pressenza dal 2020 si propone di raccontare quanto avviene nell'ambito del disarmo, pace, convivenza, immigrazione, diritti umani, sociale, ecologia,politica a Trieste e dintorni.","url":"https:\/\/www.pressenza.com\/de\/author\/davide-bertok\/"}]}},"place":"","original_article_url":"","_links":{"self":[{"href":"https:\/\/www.pressenza.com\/de\/wp-json\/wp\/v2\/posts\/2671459","targetHints":{"allow":["GET"]}}],"collection":[{"href":"https:\/\/www.pressenza.com\/de\/wp-json\/wp\/v2\/posts"}],"about":[{"href":"https:\/\/www.pressenza.com\/de\/wp-json\/wp\/v2\/types\/post"}],"author":[{"embeddable":true,"href":"https:\/\/www.pressenza.com\/de\/wp-json\/wp\/v2\/users\/1946"}],"replies":[{"embeddable":true,"href":"https:\/\/www.pressenza.com\/de\/wp-json\/wp\/v2\/comments?post=2671459"}],"version-history":[{"count":3,"href":"https:\/\/www.pressenza.com\/de\/wp-json\/wp\/v2\/posts\/2671459\/revisions"}],"predecessor-version":[{"id":2671467,"href":"https:\/\/www.pressenza.com\/de\/wp-json\/wp\/v2\/posts\/2671459\/revisions\/2671467"}],"wp:featuredmedia":[{"embeddable":true,"href":"https:\/\/www.pressenza.com\/de\/wp-json\/wp\/v2\/media\/2671464"}],"wp:attachment":[{"href":"https:\/\/www.pressenza.com\/de\/wp-json\/wp\/v2\/media?parent=2671459"}],"wp:term":[{"taxonomy":"category","embeddable":true,"href":"https:\/\/www.pressenza.com\/de\/wp-json\/wp\/v2\/categories?post=2671459"},{"taxonomy":"post_tag","embeddable":true,"href":"https:\/\/www.pressenza.com\/de\/wp-json\/wp\/v2\/tags?post=2671459"}],"curies":[{"name":"wp","href":"https:\/\/api.w.org\/{rel}","templated":true}]}}