{"id":2669427,"date":"2026-01-20T21:54:38","date_gmt":"2026-01-20T21:54:38","guid":{"rendered":"https:\/\/www.pressenza.com\/?p=2669427"},"modified":"2026-01-20T21:54:38","modified_gmt":"2026-01-20T21:54:38","slug":"gegen-den-strom-der-gewalt-zivilgesellschaftliche-stimmen-fuer-frieden-und-dialog","status":"publish","type":"post","link":"https:\/\/www.pressenza.com\/de\/2026\/01\/gegen-den-strom-der-gewalt-zivilgesellschaftliche-stimmen-fuer-frieden-und-dialog\/","title":{"rendered":"\u201eGegen den Strom der Gewalt\u201c \u2013 Zivilgesellschaftliche Stimmen f\u00fcr Frieden und Dialog"},"content":{"rendered":"<p><strong>Die Internationale M\u00fcnchner Friedenskonferenz 2026 steht unter dem Motto \u201eGegen den Strom der Gewalt\u201c. In einer Zeit zunehmender Kriege, Militarisierung und machtpolitischer Eskalationen r\u00fcckt die Konferenz den Mut in den Mittelpunkt, sich staatlicher Gewaltlogik, Aufr\u00fcstung und Kriegspolitik entgegenzustellen.<\/strong><\/p>\n<p>Ziel ist es, zivilgesellschaftliche Perspektiven zu st\u00e4rken und R\u00e4ume f\u00fcr Dialog, Kritik und solidarisches Handeln zu er\u00f6ffnen. W\u00e4hrend friedenspolitische Fragen in der internationalen Politik und auf der gleichzeitig stattfindenden M\u00fcnchner Sicherheitskonferenz (MSC) zunehmend in den Hintergrund geraten, setzt die M\u00fcnchner Friedenskonferenz bewusst einen Kontrapunkt: Sie bringt Aktivist:innen, Wissenschaftler:innen, K\u00fcnstler:innen und Journalist:innen zusammen, um \u00fcber gewaltfreie Alternativen, Verantwortung und internationale Solidarit\u00e4t zu diskutieren.<\/p>\n<p><strong>Thematische Schwerpunkte 2026<\/strong><\/p>\n<p><strong>Freitagabend, 13.02.2026: Kriegsdienstverweigerung<\/strong><\/p>\n<p>Im Mittelpunkt des Er\u00f6ffnungsabends stehen pers\u00f6nliche Erfahrungen von Kriegsdienstverweigerer:innen aus verschiedenen L\u00e4ndern. Sofia Orr, Timofey Vaskin, Yan Kormilitsyn, Franz Nadler und Simon David Dressler berichten von ihrem Widerstand als Kriegsdienstverweigerer und Verweigererinnen gegen milit\u00e4rische Logiken und staatliche Gewalt. Erg\u00e4nzend stellt Katharina Rottmayr-Czerny das Netzwerk Friedenssteuer vor.<\/p>\n<p><strong>Samstagabend, 14.02.2026: Sanktionen und Boykotte<\/strong><\/p>\n<p>Eine prominent besetzte Podiumsdiskussion beleuchtet Sanktionen und Boykotte als politische und zivilgesellschaftliche Instrumente zwischen Machtpolitik, moralischer Verantwortung und internationalem Recht. Auf dem Podium diskutieren Deborah Feldman, Shir Hever, Khaled El Mahmoud und Isabel Feichtner. Die Moderation \u00fcbernimmt Kristin Helberg, Initiatorin von \u201eZeit zu reden\u201c.<\/p>\n<p><strong>Begleitprogramm<\/strong><\/p>\n<p>Workshops, Ausstellungen, musikalische Beitr\u00e4ge sowie eine Buchlesung des Publizisten Fabian Scheidler er\u00f6ffnen zus\u00e4tzliche Zug\u00e4nge zu Fragen von Gewaltfreiheit, Verantwortung und gesellschaftlichem Wandel.<\/p>\n<p>Weitere Informationen zu Programm, Mitwirkenden und Veranstaltungsort finden Sie unter: <a class=\"ml-react-markdown-inline-token ml-react-markdown-token-link\" href=\"https:\/\/friedenskonferenz.info\/\" target=\"_blank\" rel=\"noopener noreferrer\"><span class=\"ml-react-markdown-inline-token ml-react-markdown-token-raw\">https:\/\/friedenskonferenz.info\/<\/span><\/a><\/p>\n","protected":false},"excerpt":{"rendered":"<p>Die Internationale M\u00fcnchner Friedenskonferenz 2026 steht unter dem Motto \u201eGegen den Strom der Gewalt\u201c. In einer Zeit zunehmender Kriege, Militarisierung und machtpolitischer Eskalationen r\u00fcckt die Konferenz den Mut in den Mittelpunkt, sich staatlicher Gewaltlogik, Aufr\u00fcstung und Kriegspolitik entgegenzustellen. Ziel ist&hellip;<\/p>\n","protected":false},"author":1097,"featured_media":2669435,"comment_status":"closed","ping_status":"closed","sticky":false,"template":"","format":"standard","meta":{"footnotes":""},"categories":[9159,9150,9167,9166,9145],"tags":[148908,150115,150117,150116],"class_list":["post-2669427","post","type-post","status-publish","format-standard","has-post-thumbnail","hentry","category-bildung","category-europa-de","category-frieden-und-abruestung","category-gewaltfreiheit","category-pressemitteilungen","tag-gewaltfreie-alternativen","tag-internationale-muenchner-friedenskonferenz-2026","tag-solidarisches-handeln","tag-zivilgesellschaftliche-perspektiven"],"yoast_head":"<!-- This site is optimized with the Yoast SEO plugin v27.1.1 - https:\/\/yoast.com\/product\/yoast-seo-wordpress\/ -->\n<title>\u201eGegen den Strom der Gewalt\u201c \u2013 Zivilgesellschaftliche Stimmen f\u00fcr Frieden und Dialog<\/title>\n<meta name=\"description\" content=\"Die Internationale M\u00fcnchner Friedenskonferenz 2026 steht unter dem Motto \u201eGegen den Strom der Gewalt\u201c. In einer Zeit zunehmender Kriege, Militarisierung\" \/>\n<meta name=\"robots\" content=\"index, follow, max-snippet:-1, max-image-preview:large, max-video-preview:-1\" \/>\n<link rel=\"canonical\" href=\"https:\/\/www.pressenza.com\/de\/2026\/01\/gegen-den-strom-der-gewalt-zivilgesellschaftliche-stimmen-fuer-frieden-und-dialog\/\" \/>\n<meta property=\"og:locale\" content=\"de_DE\" \/>\n<meta property=\"og:type\" content=\"article\" \/>\n<meta property=\"og:title\" content=\"\u201eGegen den Strom der Gewalt\u201c \u2013 Zivilgesellschaftliche Stimmen f\u00fcr Frieden und Dialog\" \/>\n<meta property=\"og:description\" content=\"Die Internationale M\u00fcnchner Friedenskonferenz 2026 steht unter dem Motto \u201eGegen den Strom der Gewalt\u201c. In einer Zeit zunehmender Kriege, Militarisierung\" \/>\n<meta property=\"og:url\" content=\"https:\/\/www.pressenza.com\/de\/2026\/01\/gegen-den-strom-der-gewalt-zivilgesellschaftliche-stimmen-fuer-frieden-und-dialog\/\" \/>\n<meta property=\"og:site_name\" content=\"Pressenza\" \/>\n<meta property=\"article:publisher\" content=\"https:\/\/www.facebook.com\/PressenzaItalia\" \/>\n<meta property=\"article:author\" content=\"https:\/\/www.facebook.com\/Pressenza-Deutschland-sterreich-Schweiz-281675388658060\/timeline\/\" \/>\n<meta property=\"article:published_time\" content=\"2026-01-20T21:54:38+00:00\" \/>\n<meta property=\"og:image\" content=\"https:\/\/www.pressenza.com\/wp-content\/uploads\/2026\/01\/nein-zum-krieg-1.jpg\" \/>\n\t<meta property=\"og:image:width\" content=\"960\" \/>\n\t<meta property=\"og:image:height\" content=\"640\" \/>\n\t<meta property=\"og:image:type\" content=\"image\/jpeg\" \/>\n<meta name=\"author\" content=\"Pressenza Muenchen\" \/>\n<meta name=\"twitter:card\" content=\"summary_large_image\" \/>\n<meta name=\"twitter:creator\" content=\"@pressenza_ger\" \/>\n<meta name=\"twitter:site\" content=\"@PressenzaIPA\" \/>\n<meta name=\"twitter:label1\" content=\"Verfasst von\" \/>\n\t<meta name=\"twitter:data1\" content=\"Pressenza Muenchen\" \/>\n\t<meta name=\"twitter:label2\" content=\"Gesch\u00e4tzte Lesezeit\" \/>\n\t<meta name=\"twitter:data2\" content=\"2\u00a0Minuten\" \/>\n<script type=\"application\/ld+json\" class=\"yoast-schema-graph\">{\"@context\":\"https:\/\/schema.org\",\"@graph\":[{\"@type\":\"Article\",\"@id\":\"https:\/\/www.pressenza.com\/de\/2026\/01\/gegen-den-strom-der-gewalt-zivilgesellschaftliche-stimmen-fuer-frieden-und-dialog\/#article\",\"isPartOf\":{\"@id\":\"https:\/\/www.pressenza.com\/de\/2026\/01\/gegen-den-strom-der-gewalt-zivilgesellschaftliche-stimmen-fuer-frieden-und-dialog\/\"},\"author\":{\"name\":\"Pressenza Muenchen\",\"@id\":\"https:\/\/www.pressenza.com\/de\/#\/schema\/person\/0069724cfb2cb9785368a167d0d900b7\"},\"headline\":\"\u201eGegen den Strom der Gewalt\u201c \u2013 Zivilgesellschaftliche Stimmen f\u00fcr Frieden und Dialog\",\"datePublished\":\"2026-01-20T21:54:38+00:00\",\"mainEntityOfPage\":{\"@id\":\"https:\/\/www.pressenza.com\/de\/2026\/01\/gegen-den-strom-der-gewalt-zivilgesellschaftliche-stimmen-fuer-frieden-und-dialog\/\"},\"wordCount\":271,\"publisher\":{\"@id\":\"https:\/\/www.pressenza.com\/de\/#organization\"},\"image\":{\"@id\":\"https:\/\/www.pressenza.com\/de\/2026\/01\/gegen-den-strom-der-gewalt-zivilgesellschaftliche-stimmen-fuer-frieden-und-dialog\/#primaryimage\"},\"thumbnailUrl\":\"https:\/\/www.pressenza.com\/wp-content\/uploads\/2026\/01\/nein-zum-krieg-1.jpg\",\"keywords\":[\"gewaltfreie Alternativen\",\"Internationale M\u00fcnchner Friedenskonferenz 2026\",\"solidarisches Handeln\",\"zivilgesellschaftliche Perspektiven\"],\"articleSection\":[\"Bildung\",\"Europa\",\"Frieden und Abr\u00fcstung\",\"Gewaltfreiheit\",\"Pressemitteilungen\"],\"inLanguage\":\"de\"},{\"@type\":\"WebPage\",\"@id\":\"https:\/\/www.pressenza.com\/de\/2026\/01\/gegen-den-strom-der-gewalt-zivilgesellschaftliche-stimmen-fuer-frieden-und-dialog\/\",\"url\":\"https:\/\/www.pressenza.com\/de\/2026\/01\/gegen-den-strom-der-gewalt-zivilgesellschaftliche-stimmen-fuer-frieden-und-dialog\/\",\"name\":\"\u201eGegen den Strom der Gewalt\u201c \u2013 Zivilgesellschaftliche Stimmen f\u00fcr Frieden und Dialog\",\"isPartOf\":{\"@id\":\"https:\/\/www.pressenza.com\/de\/#website\"},\"primaryImageOfPage\":{\"@id\":\"https:\/\/www.pressenza.com\/de\/2026\/01\/gegen-den-strom-der-gewalt-zivilgesellschaftliche-stimmen-fuer-frieden-und-dialog\/#primaryimage\"},\"image\":{\"@id\":\"https:\/\/www.pressenza.com\/de\/2026\/01\/gegen-den-strom-der-gewalt-zivilgesellschaftliche-stimmen-fuer-frieden-und-dialog\/#primaryimage\"},\"thumbnailUrl\":\"https:\/\/www.pressenza.com\/wp-content\/uploads\/2026\/01\/nein-zum-krieg-1.jpg\",\"datePublished\":\"2026-01-20T21:54:38+00:00\",\"description\":\"Die Internationale M\u00fcnchner Friedenskonferenz 2026 steht unter dem Motto \u201eGegen den Strom der Gewalt\u201c. In einer Zeit zunehmender Kriege, Militarisierung\",\"breadcrumb\":{\"@id\":\"https:\/\/www.pressenza.com\/de\/2026\/01\/gegen-den-strom-der-gewalt-zivilgesellschaftliche-stimmen-fuer-frieden-und-dialog\/#breadcrumb\"},\"inLanguage\":\"de\",\"potentialAction\":[{\"@type\":\"ReadAction\",\"target\":[\"https:\/\/www.pressenza.com\/de\/2026\/01\/gegen-den-strom-der-gewalt-zivilgesellschaftliche-stimmen-fuer-frieden-und-dialog\/\"]}]},{\"@type\":\"ImageObject\",\"inLanguage\":\"de\",\"@id\":\"https:\/\/www.pressenza.com\/de\/2026\/01\/gegen-den-strom-der-gewalt-zivilgesellschaftliche-stimmen-fuer-frieden-und-dialog\/#primaryimage\",\"url\":\"https:\/\/www.pressenza.com\/wp-content\/uploads\/2026\/01\/nein-zum-krieg-1.jpg\",\"contentUrl\":\"https:\/\/www.pressenza.com\/wp-content\/uploads\/2026\/01\/nein-zum-krieg-1.jpg\",\"width\":960,\"height\":640},{\"@type\":\"BreadcrumbList\",\"@id\":\"https:\/\/www.pressenza.com\/de\/2026\/01\/gegen-den-strom-der-gewalt-zivilgesellschaftliche-stimmen-fuer-frieden-und-dialog\/#breadcrumb\",\"itemListElement\":[{\"@type\":\"ListItem\",\"position\":1,\"name\":\"Accueil\",\"item\":\"https:\/\/www.pressenza.com\/de\/\"},{\"@type\":\"ListItem\",\"position\":2,\"name\":\"\u201eGegen den Strom der Gewalt\u201c \u2013 Zivilgesellschaftliche Stimmen f\u00fcr Frieden und Dialog\"}]},{\"@type\":\"WebSite\",\"@id\":\"https:\/\/www.pressenza.com\/de\/#website\",\"url\":\"https:\/\/www.pressenza.com\/de\/\",\"name\":\"Pressenza\",\"description\":\"International Press Agency\",\"publisher\":{\"@id\":\"https:\/\/www.pressenza.com\/de\/#organization\"},\"potentialAction\":[{\"@type\":\"SearchAction\",\"target\":{\"@type\":\"EntryPoint\",\"urlTemplate\":\"https:\/\/www.pressenza.com\/de\/?s={search_term_string}\"},\"query-input\":{\"@type\":\"PropertyValueSpecification\",\"valueRequired\":true,\"valueName\":\"search_term_string\"}}],\"inLanguage\":\"de\"},{\"@type\":\"Organization\",\"@id\":\"https:\/\/www.pressenza.com\/de\/#organization\",\"name\":\"Pressenza\",\"url\":\"https:\/\/www.pressenza.com\/de\/\",\"logo\":{\"@type\":\"ImageObject\",\"inLanguage\":\"de\",\"@id\":\"https:\/\/www.pressenza.com\/de\/#\/schema\/logo\/image\/\",\"url\":\"https:\/\/www.pressenza.com\/wp-content\/uploads\/2022\/10\/pressenza_logo_200x200.jpg\",\"contentUrl\":\"https:\/\/www.pressenza.com\/wp-content\/uploads\/2022\/10\/pressenza_logo_200x200.jpg\",\"width\":200,\"height\":200,\"caption\":\"Pressenza\"},\"image\":{\"@id\":\"https:\/\/www.pressenza.com\/de\/#\/schema\/logo\/image\/\"},\"sameAs\":[\"https:\/\/www.facebook.com\/PressenzaItalia\",\"https:\/\/x.com\/PressenzaIPA\"]},{\"@type\":\"Person\",\"@id\":\"https:\/\/www.pressenza.com\/de\/#\/schema\/person\/0069724cfb2cb9785368a167d0d900b7\",\"name\":\"Pressenza Muenchen\",\"description\":\"News from the Pressenza bureau in Munich, Germany\",\"sameAs\":[\"https:\/\/www.facebook.com\/Pressenza-Deutschland-sterreich-Schweiz-281675388658060\/timeline\/\",\"https:\/\/x.com\/pressenza_ger\"],\"url\":\"https:\/\/www.pressenza.com\/de\/author\/pressenza-muenchen\/\"}]}<\/script>\n<!-- \/ Yoast SEO plugin. -->","yoast_head_json":{"title":"\u201eGegen den Strom der Gewalt\u201c \u2013 Zivilgesellschaftliche Stimmen f\u00fcr Frieden und Dialog","description":"Die Internationale M\u00fcnchner Friedenskonferenz 2026 steht unter dem Motto \u201eGegen den Strom der Gewalt\u201c. In einer Zeit zunehmender Kriege, Militarisierung","robots":{"index":"index","follow":"follow","max-snippet":"max-snippet:-1","max-image-preview":"max-image-preview:large","max-video-preview":"max-video-preview:-1"},"canonical":"https:\/\/www.pressenza.com\/de\/2026\/01\/gegen-den-strom-der-gewalt-zivilgesellschaftliche-stimmen-fuer-frieden-und-dialog\/","og_locale":"de_DE","og_type":"article","og_title":"\u201eGegen den Strom der Gewalt\u201c \u2013 Zivilgesellschaftliche Stimmen f\u00fcr Frieden und Dialog","og_description":"Die Internationale M\u00fcnchner Friedenskonferenz 2026 steht unter dem Motto \u201eGegen den Strom der Gewalt\u201c. In einer Zeit zunehmender Kriege, Militarisierung","og_url":"https:\/\/www.pressenza.com\/de\/2026\/01\/gegen-den-strom-der-gewalt-zivilgesellschaftliche-stimmen-fuer-frieden-und-dialog\/","og_site_name":"Pressenza","article_publisher":"https:\/\/www.facebook.com\/PressenzaItalia","article_author":"https:\/\/www.facebook.com\/Pressenza-Deutschland-sterreich-Schweiz-281675388658060\/timeline\/","article_published_time":"2026-01-20T21:54:38+00:00","og_image":[{"width":960,"height":640,"url":"https:\/\/www.pressenza.com\/wp-content\/uploads\/2026\/01\/nein-zum-krieg-1.jpg","type":"image\/jpeg"}],"author":"Pressenza Muenchen","twitter_card":"summary_large_image","twitter_creator":"@pressenza_ger","twitter_site":"@PressenzaIPA","twitter_misc":{"Verfasst von":"Pressenza Muenchen","Gesch\u00e4tzte Lesezeit":"2\u00a0Minuten"},"schema":{"@context":"https:\/\/schema.org","@graph":[{"@type":"Article","@id":"https:\/\/www.pressenza.com\/de\/2026\/01\/gegen-den-strom-der-gewalt-zivilgesellschaftliche-stimmen-fuer-frieden-und-dialog\/#article","isPartOf":{"@id":"https:\/\/www.pressenza.com\/de\/2026\/01\/gegen-den-strom-der-gewalt-zivilgesellschaftliche-stimmen-fuer-frieden-und-dialog\/"},"author":{"name":"Pressenza Muenchen","@id":"https:\/\/www.pressenza.com\/de\/#\/schema\/person\/0069724cfb2cb9785368a167d0d900b7"},"headline":"\u201eGegen den Strom der Gewalt\u201c \u2013 Zivilgesellschaftliche Stimmen f\u00fcr Frieden und Dialog","datePublished":"2026-01-20T21:54:38+00:00","mainEntityOfPage":{"@id":"https:\/\/www.pressenza.com\/de\/2026\/01\/gegen-den-strom-der-gewalt-zivilgesellschaftliche-stimmen-fuer-frieden-und-dialog\/"},"wordCount":271,"publisher":{"@id":"https:\/\/www.pressenza.com\/de\/#organization"},"image":{"@id":"https:\/\/www.pressenza.com\/de\/2026\/01\/gegen-den-strom-der-gewalt-zivilgesellschaftliche-stimmen-fuer-frieden-und-dialog\/#primaryimage"},"thumbnailUrl":"https:\/\/www.pressenza.com\/wp-content\/uploads\/2026\/01\/nein-zum-krieg-1.jpg","keywords":["gewaltfreie Alternativen","Internationale M\u00fcnchner Friedenskonferenz 2026","solidarisches Handeln","zivilgesellschaftliche Perspektiven"],"articleSection":["Bildung","Europa","Frieden und Abr\u00fcstung","Gewaltfreiheit","Pressemitteilungen"],"inLanguage":"de"},{"@type":"WebPage","@id":"https:\/\/www.pressenza.com\/de\/2026\/01\/gegen-den-strom-der-gewalt-zivilgesellschaftliche-stimmen-fuer-frieden-und-dialog\/","url":"https:\/\/www.pressenza.com\/de\/2026\/01\/gegen-den-strom-der-gewalt-zivilgesellschaftliche-stimmen-fuer-frieden-und-dialog\/","name":"\u201eGegen den Strom der Gewalt\u201c \u2013 Zivilgesellschaftliche Stimmen f\u00fcr Frieden und Dialog","isPartOf":{"@id":"https:\/\/www.pressenza.com\/de\/#website"},"primaryImageOfPage":{"@id":"https:\/\/www.pressenza.com\/de\/2026\/01\/gegen-den-strom-der-gewalt-zivilgesellschaftliche-stimmen-fuer-frieden-und-dialog\/#primaryimage"},"image":{"@id":"https:\/\/www.pressenza.com\/de\/2026\/01\/gegen-den-strom-der-gewalt-zivilgesellschaftliche-stimmen-fuer-frieden-und-dialog\/#primaryimage"},"thumbnailUrl":"https:\/\/www.pressenza.com\/wp-content\/uploads\/2026\/01\/nein-zum-krieg-1.jpg","datePublished":"2026-01-20T21:54:38+00:00","description":"Die Internationale M\u00fcnchner Friedenskonferenz 2026 steht unter dem Motto \u201eGegen den Strom der Gewalt\u201c. In einer Zeit zunehmender Kriege, Militarisierung","breadcrumb":{"@id":"https:\/\/www.pressenza.com\/de\/2026\/01\/gegen-den-strom-der-gewalt-zivilgesellschaftliche-stimmen-fuer-frieden-und-dialog\/#breadcrumb"},"inLanguage":"de","potentialAction":[{"@type":"ReadAction","target":["https:\/\/www.pressenza.com\/de\/2026\/01\/gegen-den-strom-der-gewalt-zivilgesellschaftliche-stimmen-fuer-frieden-und-dialog\/"]}]},{"@type":"ImageObject","inLanguage":"de","@id":"https:\/\/www.pressenza.com\/de\/2026\/01\/gegen-den-strom-der-gewalt-zivilgesellschaftliche-stimmen-fuer-frieden-und-dialog\/#primaryimage","url":"https:\/\/www.pressenza.com\/wp-content\/uploads\/2026\/01\/nein-zum-krieg-1.jpg","contentUrl":"https:\/\/www.pressenza.com\/wp-content\/uploads\/2026\/01\/nein-zum-krieg-1.jpg","width":960,"height":640},{"@type":"BreadcrumbList","@id":"https:\/\/www.pressenza.com\/de\/2026\/01\/gegen-den-strom-der-gewalt-zivilgesellschaftliche-stimmen-fuer-frieden-und-dialog\/#breadcrumb","itemListElement":[{"@type":"ListItem","position":1,"name":"Accueil","item":"https:\/\/www.pressenza.com\/de\/"},{"@type":"ListItem","position":2,"name":"\u201eGegen den Strom der Gewalt\u201c \u2013 Zivilgesellschaftliche Stimmen f\u00fcr Frieden und Dialog"}]},{"@type":"WebSite","@id":"https:\/\/www.pressenza.com\/de\/#website","url":"https:\/\/www.pressenza.com\/de\/","name":"Pressenza","description":"International Press Agency","publisher":{"@id":"https:\/\/www.pressenza.com\/de\/#organization"},"potentialAction":[{"@type":"SearchAction","target":{"@type":"EntryPoint","urlTemplate":"https:\/\/www.pressenza.com\/de\/?s={search_term_string}"},"query-input":{"@type":"PropertyValueSpecification","valueRequired":true,"valueName":"search_term_string"}}],"inLanguage":"de"},{"@type":"Organization","@id":"https:\/\/www.pressenza.com\/de\/#organization","name":"Pressenza","url":"https:\/\/www.pressenza.com\/de\/","logo":{"@type":"ImageObject","inLanguage":"de","@id":"https:\/\/www.pressenza.com\/de\/#\/schema\/logo\/image\/","url":"https:\/\/www.pressenza.com\/wp-content\/uploads\/2022\/10\/pressenza_logo_200x200.jpg","contentUrl":"https:\/\/www.pressenza.com\/wp-content\/uploads\/2022\/10\/pressenza_logo_200x200.jpg","width":200,"height":200,"caption":"Pressenza"},"image":{"@id":"https:\/\/www.pressenza.com\/de\/#\/schema\/logo\/image\/"},"sameAs":["https:\/\/www.facebook.com\/PressenzaItalia","https:\/\/x.com\/PressenzaIPA"]},{"@type":"Person","@id":"https:\/\/www.pressenza.com\/de\/#\/schema\/person\/0069724cfb2cb9785368a167d0d900b7","name":"Pressenza Muenchen","description":"News from the Pressenza bureau in Munich, Germany","sameAs":["https:\/\/www.facebook.com\/Pressenza-Deutschland-sterreich-Schweiz-281675388658060\/timeline\/","https:\/\/x.com\/pressenza_ger"],"url":"https:\/\/www.pressenza.com\/de\/author\/pressenza-muenchen\/"}]}},"place":"M\u00fcnchen","original_article_url":"https:\/\/friedenskonferenz.info\/","_links":{"self":[{"href":"https:\/\/www.pressenza.com\/de\/wp-json\/wp\/v2\/posts\/2669427","targetHints":{"allow":["GET"]}}],"collection":[{"href":"https:\/\/www.pressenza.com\/de\/wp-json\/wp\/v2\/posts"}],"about":[{"href":"https:\/\/www.pressenza.com\/de\/wp-json\/wp\/v2\/types\/post"}],"author":[{"embeddable":true,"href":"https:\/\/www.pressenza.com\/de\/wp-json\/wp\/v2\/users\/1097"}],"replies":[{"embeddable":true,"href":"https:\/\/www.pressenza.com\/de\/wp-json\/wp\/v2\/comments?post=2669427"}],"version-history":[{"count":1,"href":"https:\/\/www.pressenza.com\/de\/wp-json\/wp\/v2\/posts\/2669427\/revisions"}],"predecessor-version":[{"id":2669432,"href":"https:\/\/www.pressenza.com\/de\/wp-json\/wp\/v2\/posts\/2669427\/revisions\/2669432"}],"wp:featuredmedia":[{"embeddable":true,"href":"https:\/\/www.pressenza.com\/de\/wp-json\/wp\/v2\/media\/2669435"}],"wp:attachment":[{"href":"https:\/\/www.pressenza.com\/de\/wp-json\/wp\/v2\/media?parent=2669427"}],"wp:term":[{"taxonomy":"category","embeddable":true,"href":"https:\/\/www.pressenza.com\/de\/wp-json\/wp\/v2\/categories?post=2669427"},{"taxonomy":"post_tag","embeddable":true,"href":"https:\/\/www.pressenza.com\/de\/wp-json\/wp\/v2\/tags?post=2669427"}],"curies":[{"name":"wp","href":"https:\/\/api.w.org\/{rel}","templated":true}]}}