{"id":2666755,"date":"2026-01-09T13:05:00","date_gmt":"2026-01-09T13:05:00","guid":{"rendered":"https:\/\/www.pressenza.com\/?p=2666755"},"modified":"2026-01-09T13:05:00","modified_gmt":"2026-01-09T13:05:00","slug":"iran-zahl-der-toten-und-verletzten-steigt-bei-massenprotesten","status":"publish","type":"post","link":"https:\/\/www.pressenza.com\/de\/2026\/01\/iran-zahl-der-toten-und-verletzten-steigt-bei-massenprotesten\/","title":{"rendered":"Iran &#8211; Zahl der Toten und Verletzten steigt bei Massenprotesten"},"content":{"rendered":"<p>Seit dem 28. Dezember 2025 gehen iranische Sicherheitskr\u00e4fte mit t\u00f6dlicher Gewalt gegen landesweite Proteste vor. Laut Amnesty International und Human Rights Watch wurden bisher mindestens 28 Menschen \u2013 darunter Kinder \u2013 in 13 St\u00e4dten erschossen. Hunderte wurden willk\u00fcrlich festgenommen und sind von Folter und Misshandlung bedroht.<\/p>\n<p>Die Menschenrechtsorganisationen dokumentieren den Einsatz von Schusswaffen, Schrotmunition, Tr\u00e4nengas und brutalen Schl\u00e4gen gegen \u00fcberwiegend friedliche Demonstrierende. Besonders betroffen sind die Provinzen Lorestan und Ilam, in denen kurdische und lurische ethnische Minderheiten leben.<\/p>\n<p>Die Gewalt ist begleitet von massenhaften willk\u00fcrlichen Festnahmen, n\u00e4chtlichen Hausdurchsuchungen und dem Verschwindenlassen von Personen. Unter den Inhaftierten sind auch Minderj\u00e4hrige im Alter von nur 14 Jahren. Viele werden ohne Kontakt zur Aussenwelt festgehalten und sind einem hohen Risiko von Folter und Misshandlung ausgesetzt.<\/p>\n<p>Amnesty International und Human Rights Watch f\u00fchrten in den letzten Tagen Interviews mit insgesamt 26 Personen im Iran, darunter Menschenrechtsverteidiger*innen, Journalist*innen und ein*e Mediziner*in, \u00fcberpr\u00fcften offizielle Erkl\u00e4rungen staatlicher Stellen und analysierten Dutzende von verifizierten Videos, die online ver\u00f6ffentlicht oder den Organisationen zur Verf\u00fcgung gestellt wurden. Ein*e von Amnesty International konsultierte*r unabh\u00e4ngige*r Patholog*in untersuchte zudem Bilder von verletzten oder get\u00f6teten Demonstrant*innen.<\/p>\n<p><strong>Amnesty International und Human Rights Watch fordern:<\/strong><\/p>\n<ul>\n<li>Der <strong>rechtswidrige Einsatz t\u00f6dlicher Gewalt <\/strong>durch die iranischen Sicherheitskr\u00e4fte muss sofort eingestellt werden.<\/li>\n<li><strong>Alle wegen friedlicher Proteste Inhaftierten<\/strong> m\u00fcssen sofort und bedingungslos freigelassen werden.<\/li>\n<li>Es braucht <strong>eine internationale Strafverfolgung der Verantwortlichen <\/strong>nach dem Prinzip der universellen Gerichtsbarkeit. Daf\u00fcr sollten Staatsanwaltschaften weltweit Verfahren nach dem Weltrechtsprinzip einleiten und Haftbefehle gegen diejenigen erlassen, die verd\u00e4chtigt werden, f\u00fcr Verst\u00f6sse internationalen Rechts verantwortlich zu sein.<\/li>\n<\/ul>\n","protected":false},"excerpt":{"rendered":"<p>Seit dem 28. Dezember 2025 gehen iranische Sicherheitskr\u00e4fte mit t\u00f6dlicher Gewalt gegen landesweite Proteste vor. Laut Amnesty International und Human Rights Watch wurden bisher mindestens 28 Menschen \u2013 darunter Kinder \u2013 in 13 St\u00e4dten erschossen. Hunderte wurden willk\u00fcrlich festgenommen und&hellip;<\/p>\n","protected":false},"author":432,"featured_media":2666758,"comment_status":"closed","ping_status":"closed","sticky":false,"template":"","format":"standard","meta":{"footnotes":""},"categories":[9161,9151,9168,9145],"tags":[10228,66750],"class_list":["post-2666755","post","type-post","status-publish","format-standard","has-post-thumbnail","hentry","category-menschenrechte","category-mittlerer-osten","category-politik","category-pressemitteilungen","tag-iran-de","tag-massenproteste"],"yoast_head":"<!-- This site is optimized with the Yoast SEO plugin v27.1.1 - https:\/\/yoast.com\/product\/yoast-seo-wordpress\/ -->\n<title>Iran - Zahl der Toten und Verletzten steigt bei Massenprotesten<\/title>\n<meta name=\"description\" content=\"Seit dem 28. Dezember 2025 gehen iranische Sicherheitskr\u00e4fte mit t\u00f6dlicher Gewalt gegen landesweite Proteste vor. Laut Amnesty International und Human\" \/>\n<meta name=\"robots\" content=\"index, follow, max-snippet:-1, max-image-preview:large, max-video-preview:-1\" \/>\n<link rel=\"canonical\" href=\"https:\/\/www.pressenza.com\/de\/2026\/01\/iran-zahl-der-toten-und-verletzten-steigt-bei-massenprotesten\/\" \/>\n<meta property=\"og:locale\" content=\"de_DE\" \/>\n<meta property=\"og:type\" content=\"article\" \/>\n<meta property=\"og:title\" content=\"Iran - Zahl der Toten und Verletzten steigt bei Massenprotesten\" \/>\n<meta property=\"og:description\" content=\"Seit dem 28. Dezember 2025 gehen iranische Sicherheitskr\u00e4fte mit t\u00f6dlicher Gewalt gegen landesweite Proteste vor. Laut Amnesty International und Human\" \/>\n<meta property=\"og:url\" content=\"https:\/\/www.pressenza.com\/de\/2026\/01\/iran-zahl-der-toten-und-verletzten-steigt-bei-massenprotesten\/\" \/>\n<meta property=\"og:site_name\" content=\"Pressenza\" \/>\n<meta property=\"article:publisher\" content=\"https:\/\/www.facebook.com\/PressenzaItalia\" \/>\n<meta property=\"article:author\" content=\"https:\/\/www.facebook.com\/amnestyglobal\" \/>\n<meta property=\"article:published_time\" content=\"2026-01-09T13:05:00+00:00\" \/>\n<meta property=\"og:image\" content=\"https:\/\/www.pressenza.com\/wp-content\/uploads\/2026\/01\/a20d890d-5cbb-4cf4-9604-19b45a941c31-2.jpeg\" \/>\n\t<meta property=\"og:image:width\" content=\"820\" \/>\n\t<meta property=\"og:image:height\" content=\"524\" \/>\n\t<meta property=\"og:image:type\" content=\"image\/jpeg\" \/>\n<meta name=\"author\" content=\"Amnesty International\" \/>\n<meta name=\"twitter:card\" content=\"summary_large_image\" \/>\n<meta name=\"twitter:creator\" content=\"@amnesty\" \/>\n<meta name=\"twitter:site\" content=\"@PressenzaIPA\" \/>\n<meta name=\"twitter:label1\" content=\"Verfasst von\" \/>\n\t<meta name=\"twitter:data1\" content=\"Amnesty International\" \/>\n\t<meta name=\"twitter:label2\" content=\"Gesch\u00e4tzte Lesezeit\" \/>\n\t<meta name=\"twitter:data2\" content=\"2\u00a0Minuten\" \/>\n<script type=\"application\/ld+json\" class=\"yoast-schema-graph\">{\"@context\":\"https:\/\/schema.org\",\"@graph\":[{\"@type\":\"Article\",\"@id\":\"https:\/\/www.pressenza.com\/de\/2026\/01\/iran-zahl-der-toten-und-verletzten-steigt-bei-massenprotesten\/#article\",\"isPartOf\":{\"@id\":\"https:\/\/www.pressenza.com\/de\/2026\/01\/iran-zahl-der-toten-und-verletzten-steigt-bei-massenprotesten\/\"},\"author\":{\"name\":\"Amnesty International\",\"@id\":\"https:\/\/www.pressenza.com\/de\/#\/schema\/person\/9b981b05c7ecf09292e6acb3223b2d9d\"},\"headline\":\"Iran &#8211; Zahl der Toten und Verletzten steigt bei Massenprotesten\",\"datePublished\":\"2026-01-09T13:05:00+00:00\",\"mainEntityOfPage\":{\"@id\":\"https:\/\/www.pressenza.com\/de\/2026\/01\/iran-zahl-der-toten-und-verletzten-steigt-bei-massenprotesten\/\"},\"wordCount\":284,\"publisher\":{\"@id\":\"https:\/\/www.pressenza.com\/de\/#organization\"},\"image\":{\"@id\":\"https:\/\/www.pressenza.com\/de\/2026\/01\/iran-zahl-der-toten-und-verletzten-steigt-bei-massenprotesten\/#primaryimage\"},\"thumbnailUrl\":\"https:\/\/www.pressenza.com\/wp-content\/uploads\/2026\/01\/a20d890d-5cbb-4cf4-9604-19b45a941c31-2.jpeg\",\"keywords\":[\"Iran\",\"Massenproteste\"],\"articleSection\":[\"Menschenrechte\",\"Mittlerer Osten\",\"Politik\",\"Pressemitteilungen\"],\"inLanguage\":\"de\"},{\"@type\":\"WebPage\",\"@id\":\"https:\/\/www.pressenza.com\/de\/2026\/01\/iran-zahl-der-toten-und-verletzten-steigt-bei-massenprotesten\/\",\"url\":\"https:\/\/www.pressenza.com\/de\/2026\/01\/iran-zahl-der-toten-und-verletzten-steigt-bei-massenprotesten\/\",\"name\":\"Iran - Zahl der Toten und Verletzten steigt bei Massenprotesten\",\"isPartOf\":{\"@id\":\"https:\/\/www.pressenza.com\/de\/#website\"},\"primaryImageOfPage\":{\"@id\":\"https:\/\/www.pressenza.com\/de\/2026\/01\/iran-zahl-der-toten-und-verletzten-steigt-bei-massenprotesten\/#primaryimage\"},\"image\":{\"@id\":\"https:\/\/www.pressenza.com\/de\/2026\/01\/iran-zahl-der-toten-und-verletzten-steigt-bei-massenprotesten\/#primaryimage\"},\"thumbnailUrl\":\"https:\/\/www.pressenza.com\/wp-content\/uploads\/2026\/01\/a20d890d-5cbb-4cf4-9604-19b45a941c31-2.jpeg\",\"datePublished\":\"2026-01-09T13:05:00+00:00\",\"description\":\"Seit dem 28. Dezember 2025 gehen iranische Sicherheitskr\u00e4fte mit t\u00f6dlicher Gewalt gegen landesweite Proteste vor. Laut Amnesty International und Human\",\"breadcrumb\":{\"@id\":\"https:\/\/www.pressenza.com\/de\/2026\/01\/iran-zahl-der-toten-und-verletzten-steigt-bei-massenprotesten\/#breadcrumb\"},\"inLanguage\":\"de\",\"potentialAction\":[{\"@type\":\"ReadAction\",\"target\":[\"https:\/\/www.pressenza.com\/de\/2026\/01\/iran-zahl-der-toten-und-verletzten-steigt-bei-massenprotesten\/\"]}]},{\"@type\":\"ImageObject\",\"inLanguage\":\"de\",\"@id\":\"https:\/\/www.pressenza.com\/de\/2026\/01\/iran-zahl-der-toten-und-verletzten-steigt-bei-massenprotesten\/#primaryimage\",\"url\":\"https:\/\/www.pressenza.com\/wp-content\/uploads\/2026\/01\/a20d890d-5cbb-4cf4-9604-19b45a941c31-2.jpeg\",\"contentUrl\":\"https:\/\/www.pressenza.com\/wp-content\/uploads\/2026\/01\/a20d890d-5cbb-4cf4-9604-19b45a941c31-2.jpeg\",\"width\":820,\"height\":524,\"caption\":\"Bilder von 28 Menschen, die zwischen dem 31. Dezember 2025 und dem 3. Januar 2026 bei der Niederschlagung von Protesten im Iran von iranischen Sicherheitskr\u00e4ften get\u00f6tet wurden. (\u00a9 Amnesty International)\"},{\"@type\":\"BreadcrumbList\",\"@id\":\"https:\/\/www.pressenza.com\/de\/2026\/01\/iran-zahl-der-toten-und-verletzten-steigt-bei-massenprotesten\/#breadcrumb\",\"itemListElement\":[{\"@type\":\"ListItem\",\"position\":1,\"name\":\"Accueil\",\"item\":\"https:\/\/www.pressenza.com\/de\/\"},{\"@type\":\"ListItem\",\"position\":2,\"name\":\"Iran &#8211; Zahl der Toten und Verletzten steigt bei Massenprotesten\"}]},{\"@type\":\"WebSite\",\"@id\":\"https:\/\/www.pressenza.com\/de\/#website\",\"url\":\"https:\/\/www.pressenza.com\/de\/\",\"name\":\"Pressenza\",\"description\":\"International Press Agency\",\"publisher\":{\"@id\":\"https:\/\/www.pressenza.com\/de\/#organization\"},\"potentialAction\":[{\"@type\":\"SearchAction\",\"target\":{\"@type\":\"EntryPoint\",\"urlTemplate\":\"https:\/\/www.pressenza.com\/de\/?s={search_term_string}\"},\"query-input\":{\"@type\":\"PropertyValueSpecification\",\"valueRequired\":true,\"valueName\":\"search_term_string\"}}],\"inLanguage\":\"de\"},{\"@type\":\"Organization\",\"@id\":\"https:\/\/www.pressenza.com\/de\/#organization\",\"name\":\"Pressenza\",\"url\":\"https:\/\/www.pressenza.com\/de\/\",\"logo\":{\"@type\":\"ImageObject\",\"inLanguage\":\"de\",\"@id\":\"https:\/\/www.pressenza.com\/de\/#\/schema\/logo\/image\/\",\"url\":\"https:\/\/www.pressenza.com\/wp-content\/uploads\/2022\/10\/pressenza_logo_200x200.jpg\",\"contentUrl\":\"https:\/\/www.pressenza.com\/wp-content\/uploads\/2022\/10\/pressenza_logo_200x200.jpg\",\"width\":200,\"height\":200,\"caption\":\"Pressenza\"},\"image\":{\"@id\":\"https:\/\/www.pressenza.com\/de\/#\/schema\/logo\/image\/\"},\"sameAs\":[\"https:\/\/www.facebook.com\/PressenzaItalia\",\"https:\/\/x.com\/PressenzaIPA\"]},{\"@type\":\"Person\",\"@id\":\"https:\/\/www.pressenza.com\/de\/#\/schema\/person\/9b981b05c7ecf09292e6acb3223b2d9d\",\"name\":\"Amnesty International\",\"description\":\"Amnesty International is a global movement of more than 3 million supporters, members and activists in over 150 countries and territories who campaign to end grave abuses of human rights. Our vision is for every person to enjoy all the rights enshrined in the Universal Declaration of Human Rights and other international human rights standards. www.amnesty.org\",\"sameAs\":[\"http:\/\/www.amnesty.it\",\"https:\/\/www.facebook.com\/amnestyglobal\",\"https:\/\/x.com\/amnesty\"],\"url\":\"https:\/\/www.pressenza.com\/de\/author\/amnesty-international\/\"}]}<\/script>\n<!-- \/ Yoast SEO plugin. -->","yoast_head_json":{"title":"Iran - Zahl der Toten und Verletzten steigt bei Massenprotesten","description":"Seit dem 28. Dezember 2025 gehen iranische Sicherheitskr\u00e4fte mit t\u00f6dlicher Gewalt gegen landesweite Proteste vor. Laut Amnesty International und Human","robots":{"index":"index","follow":"follow","max-snippet":"max-snippet:-1","max-image-preview":"max-image-preview:large","max-video-preview":"max-video-preview:-1"},"canonical":"https:\/\/www.pressenza.com\/de\/2026\/01\/iran-zahl-der-toten-und-verletzten-steigt-bei-massenprotesten\/","og_locale":"de_DE","og_type":"article","og_title":"Iran - Zahl der Toten und Verletzten steigt bei Massenprotesten","og_description":"Seit dem 28. Dezember 2025 gehen iranische Sicherheitskr\u00e4fte mit t\u00f6dlicher Gewalt gegen landesweite Proteste vor. Laut Amnesty International und Human","og_url":"https:\/\/www.pressenza.com\/de\/2026\/01\/iran-zahl-der-toten-und-verletzten-steigt-bei-massenprotesten\/","og_site_name":"Pressenza","article_publisher":"https:\/\/www.facebook.com\/PressenzaItalia","article_author":"https:\/\/www.facebook.com\/amnestyglobal","article_published_time":"2026-01-09T13:05:00+00:00","og_image":[{"width":820,"height":524,"url":"https:\/\/www.pressenza.com\/wp-content\/uploads\/2026\/01\/a20d890d-5cbb-4cf4-9604-19b45a941c31-2.jpeg","type":"image\/jpeg"}],"author":"Amnesty International","twitter_card":"summary_large_image","twitter_creator":"@amnesty","twitter_site":"@PressenzaIPA","twitter_misc":{"Verfasst von":"Amnesty International","Gesch\u00e4tzte Lesezeit":"2\u00a0Minuten"},"schema":{"@context":"https:\/\/schema.org","@graph":[{"@type":"Article","@id":"https:\/\/www.pressenza.com\/de\/2026\/01\/iran-zahl-der-toten-und-verletzten-steigt-bei-massenprotesten\/#article","isPartOf":{"@id":"https:\/\/www.pressenza.com\/de\/2026\/01\/iran-zahl-der-toten-und-verletzten-steigt-bei-massenprotesten\/"},"author":{"name":"Amnesty International","@id":"https:\/\/www.pressenza.com\/de\/#\/schema\/person\/9b981b05c7ecf09292e6acb3223b2d9d"},"headline":"Iran &#8211; Zahl der Toten und Verletzten steigt bei Massenprotesten","datePublished":"2026-01-09T13:05:00+00:00","mainEntityOfPage":{"@id":"https:\/\/www.pressenza.com\/de\/2026\/01\/iran-zahl-der-toten-und-verletzten-steigt-bei-massenprotesten\/"},"wordCount":284,"publisher":{"@id":"https:\/\/www.pressenza.com\/de\/#organization"},"image":{"@id":"https:\/\/www.pressenza.com\/de\/2026\/01\/iran-zahl-der-toten-und-verletzten-steigt-bei-massenprotesten\/#primaryimage"},"thumbnailUrl":"https:\/\/www.pressenza.com\/wp-content\/uploads\/2026\/01\/a20d890d-5cbb-4cf4-9604-19b45a941c31-2.jpeg","keywords":["Iran","Massenproteste"],"articleSection":["Menschenrechte","Mittlerer Osten","Politik","Pressemitteilungen"],"inLanguage":"de"},{"@type":"WebPage","@id":"https:\/\/www.pressenza.com\/de\/2026\/01\/iran-zahl-der-toten-und-verletzten-steigt-bei-massenprotesten\/","url":"https:\/\/www.pressenza.com\/de\/2026\/01\/iran-zahl-der-toten-und-verletzten-steigt-bei-massenprotesten\/","name":"Iran - Zahl der Toten und Verletzten steigt bei Massenprotesten","isPartOf":{"@id":"https:\/\/www.pressenza.com\/de\/#website"},"primaryImageOfPage":{"@id":"https:\/\/www.pressenza.com\/de\/2026\/01\/iran-zahl-der-toten-und-verletzten-steigt-bei-massenprotesten\/#primaryimage"},"image":{"@id":"https:\/\/www.pressenza.com\/de\/2026\/01\/iran-zahl-der-toten-und-verletzten-steigt-bei-massenprotesten\/#primaryimage"},"thumbnailUrl":"https:\/\/www.pressenza.com\/wp-content\/uploads\/2026\/01\/a20d890d-5cbb-4cf4-9604-19b45a941c31-2.jpeg","datePublished":"2026-01-09T13:05:00+00:00","description":"Seit dem 28. Dezember 2025 gehen iranische Sicherheitskr\u00e4fte mit t\u00f6dlicher Gewalt gegen landesweite Proteste vor. Laut Amnesty International und Human","breadcrumb":{"@id":"https:\/\/www.pressenza.com\/de\/2026\/01\/iran-zahl-der-toten-und-verletzten-steigt-bei-massenprotesten\/#breadcrumb"},"inLanguage":"de","potentialAction":[{"@type":"ReadAction","target":["https:\/\/www.pressenza.com\/de\/2026\/01\/iran-zahl-der-toten-und-verletzten-steigt-bei-massenprotesten\/"]}]},{"@type":"ImageObject","inLanguage":"de","@id":"https:\/\/www.pressenza.com\/de\/2026\/01\/iran-zahl-der-toten-und-verletzten-steigt-bei-massenprotesten\/#primaryimage","url":"https:\/\/www.pressenza.com\/wp-content\/uploads\/2026\/01\/a20d890d-5cbb-4cf4-9604-19b45a941c31-2.jpeg","contentUrl":"https:\/\/www.pressenza.com\/wp-content\/uploads\/2026\/01\/a20d890d-5cbb-4cf4-9604-19b45a941c31-2.jpeg","width":820,"height":524,"caption":"Bilder von 28 Menschen, die zwischen dem 31. Dezember 2025 und dem 3. Januar 2026 bei der Niederschlagung von Protesten im Iran von iranischen Sicherheitskr\u00e4ften get\u00f6tet wurden. (\u00a9 Amnesty International)"},{"@type":"BreadcrumbList","@id":"https:\/\/www.pressenza.com\/de\/2026\/01\/iran-zahl-der-toten-und-verletzten-steigt-bei-massenprotesten\/#breadcrumb","itemListElement":[{"@type":"ListItem","position":1,"name":"Accueil","item":"https:\/\/www.pressenza.com\/de\/"},{"@type":"ListItem","position":2,"name":"Iran &#8211; Zahl der Toten und Verletzten steigt bei Massenprotesten"}]},{"@type":"WebSite","@id":"https:\/\/www.pressenza.com\/de\/#website","url":"https:\/\/www.pressenza.com\/de\/","name":"Pressenza","description":"International Press Agency","publisher":{"@id":"https:\/\/www.pressenza.com\/de\/#organization"},"potentialAction":[{"@type":"SearchAction","target":{"@type":"EntryPoint","urlTemplate":"https:\/\/www.pressenza.com\/de\/?s={search_term_string}"},"query-input":{"@type":"PropertyValueSpecification","valueRequired":true,"valueName":"search_term_string"}}],"inLanguage":"de"},{"@type":"Organization","@id":"https:\/\/www.pressenza.com\/de\/#organization","name":"Pressenza","url":"https:\/\/www.pressenza.com\/de\/","logo":{"@type":"ImageObject","inLanguage":"de","@id":"https:\/\/www.pressenza.com\/de\/#\/schema\/logo\/image\/","url":"https:\/\/www.pressenza.com\/wp-content\/uploads\/2022\/10\/pressenza_logo_200x200.jpg","contentUrl":"https:\/\/www.pressenza.com\/wp-content\/uploads\/2022\/10\/pressenza_logo_200x200.jpg","width":200,"height":200,"caption":"Pressenza"},"image":{"@id":"https:\/\/www.pressenza.com\/de\/#\/schema\/logo\/image\/"},"sameAs":["https:\/\/www.facebook.com\/PressenzaItalia","https:\/\/x.com\/PressenzaIPA"]},{"@type":"Person","@id":"https:\/\/www.pressenza.com\/de\/#\/schema\/person\/9b981b05c7ecf09292e6acb3223b2d9d","name":"Amnesty International","description":"Amnesty International is a global movement of more than 3 million supporters, members and activists in over 150 countries and territories who campaign to end grave abuses of human rights. Our vision is for every person to enjoy all the rights enshrined in the Universal Declaration of Human Rights and other international human rights standards. www.amnesty.org","sameAs":["http:\/\/www.amnesty.it","https:\/\/www.facebook.com\/amnestyglobal","https:\/\/x.com\/amnesty"],"url":"https:\/\/www.pressenza.com\/de\/author\/amnesty-international\/"}]}},"place":"","original_article_url":"https:\/\/www.amnesty.ch\/de\/laender\/naher-osten-nordafrika\/iran\/dok\/2026\/zahl-der-toten-und-verletzten-steigt-bei-massenprotesten","_links":{"self":[{"href":"https:\/\/www.pressenza.com\/de\/wp-json\/wp\/v2\/posts\/2666755","targetHints":{"allow":["GET"]}}],"collection":[{"href":"https:\/\/www.pressenza.com\/de\/wp-json\/wp\/v2\/posts"}],"about":[{"href":"https:\/\/www.pressenza.com\/de\/wp-json\/wp\/v2\/types\/post"}],"author":[{"embeddable":true,"href":"https:\/\/www.pressenza.com\/de\/wp-json\/wp\/v2\/users\/432"}],"replies":[{"embeddable":true,"href":"https:\/\/www.pressenza.com\/de\/wp-json\/wp\/v2\/comments?post=2666755"}],"version-history":[{"count":1,"href":"https:\/\/www.pressenza.com\/de\/wp-json\/wp\/v2\/posts\/2666755\/revisions"}],"predecessor-version":[{"id":2666759,"href":"https:\/\/www.pressenza.com\/de\/wp-json\/wp\/v2\/posts\/2666755\/revisions\/2666759"}],"wp:featuredmedia":[{"embeddable":true,"href":"https:\/\/www.pressenza.com\/de\/wp-json\/wp\/v2\/media\/2666758"}],"wp:attachment":[{"href":"https:\/\/www.pressenza.com\/de\/wp-json\/wp\/v2\/media?parent=2666755"}],"wp:term":[{"taxonomy":"category","embeddable":true,"href":"https:\/\/www.pressenza.com\/de\/wp-json\/wp\/v2\/categories?post=2666755"},{"taxonomy":"post_tag","embeddable":true,"href":"https:\/\/www.pressenza.com\/de\/wp-json\/wp\/v2\/tags?post=2666755"}],"curies":[{"name":"wp","href":"https:\/\/api.w.org\/{rel}","templated":true}]}}