{"id":2663078,"date":"2025-12-22T14:35:31","date_gmt":"2025-12-22T14:35:31","guid":{"rendered":"https:\/\/www.pressenza.com\/?p=2663078"},"modified":"2025-12-22T14:35:31","modified_gmt":"2025-12-22T14:35:31","slug":"interview-mit-tomas-hirsch-ueber-die-wahlniederlage-der-linken-in-chile","status":"publish","type":"post","link":"https:\/\/www.pressenza.com\/de\/2025\/12\/interview-mit-tomas-hirsch-ueber-die-wahlniederlage-der-linken-in-chile\/","title":{"rendered":"Interview mit Tom\u00e1s Hirsch \u00fcber die Wahlniederlage der Linken in Chile"},"content":{"rendered":"<p><strong>Zu Beginn seiner Ausf\u00fchrungen zu den Ursachen f\u00fcr die Niederlage der Regierungspartei bei den Pr\u00e4sidentschaftswahlen vom 14. Dezember betonte der ehemalige Abgeordnete Tom\u00e1s Hirsch von der Partei Acci\u00f3n Humanista, dass \u201edie Probleme, die die B\u00fcrger plagten oder plagen, nicht mit den Antworten \u00fcbereinstimmten, die wir und die Regierung gegeben haben\u201d.<\/strong><\/p>\n<p>Er pr\u00e4zisierte jedoch, dass \u201ediese Niederlage eine ruhige, gr\u00fcndliche Analyse erfordert, die die vielf\u00e4ltigen Ursachen ber\u00fccksichtigt, die sie erkl\u00e4ren k\u00f6nnen\u201d. Es w\u00e4re \u201e\u00e4u\u00dferst ungerecht, die Niederlage auf M\u00e4ngel, Vers\u00e4umnisse oder Schw\u00e4chen der Kandidatin, des Wahlkomitees oder der Kampagne zur\u00fcckzuf\u00fchren\u201d, betonte er au\u00dferdem. Hirsch f\u00fcgte hinzu, dass es ab M\u00e4rz, wenn Kast sein Amt antritt, von grundlegender Bedeutung sei, \u201esehr aktiv zu bleiben und die F\u00e4higkeit zur Organisation und Mobilisierung zu bewahren\u201d.<\/p>\n<p><em>Von Hugo Guzm\u00e1n, Journalist f\u00fcr \u201eEl Siglo\u201c<\/em><\/p>\n<p><strong><em>Wo w\u00fcrden Sie auf Anhieb die Faktoren ansiedeln, die zu dieser Niederlage von Jeannette Jara gef\u00fchrt haben?<\/em><\/strong><\/p>\n<p>Diese Niederlage erfordert eine ruhige und gr\u00fcndliche Analyse, die mehrere Ursachen ber\u00fccksichtigt. Auf den ersten Blick gibt es nicht den einen ausschlaggebenden Aspekt, sondern eine Anh\u00e4ufung von Faktoren, die sich zudem \u00fcber einen l\u00e4ngeren Zeitraum erstrecken.<\/p>\n<p><strong><em>Ist einer dieser Aspekte, dass der Vormarsch der extremen Rechten nicht aufgehalten wurde?<\/em><\/strong><\/p>\n<p>Was in Chile passiert ist, unterscheidet sich nicht von dem, was wir auf internationaler Ebene beobachten konnten. In vielen L\u00e4ndern, insbesondere in unserer Region, hat sich ein Rechtsruck und ein Erstarken der extremen Rechten vollzogen. In der Bev\u00f6lkerung mehrerer L\u00e4nder besteht zudem die klare Tendenz, gegen die Regierungspartei zu stimmen. Das weist auf Frustration, Entt\u00e4uschung und eine wachsende Kluft zwischen den Erwartungen der B\u00fcrger und dem, was progressive oder linke Regierungen tats\u00e4chlich erreichen k\u00f6nnen, hin. Im Falle Chiles gab es zweifellos eine Entt\u00e4uschung eines bedeutenden Teils der B\u00fcrger hinsichtlich der Erwartungen, die sie in die Regierung von Gabriel Boric gesetzt hatten.<\/p>\n<p><strong><em>Es hei\u00dft, man sei nicht auf die Forderungen oder Sensibilit\u00e4ten der B\u00fcrger eingegangen.<\/em><\/strong><\/p>\n<p>Tatsache ist, dass die Probleme, mit denen die B\u00fcrger zu k\u00e4mpfen haben, nicht mit den Antworten \u00fcbereinstimmen, die wir und die Regierung gegeben haben. Ich beziehe mich dabei auf die gravierendsten Probleme der B\u00fcrger: die \u00f6ffentliche Sicherheit, die organisierte Kriminalit\u00e4t, die pers\u00f6nliche und famili\u00e4re wirtschaftliche Situation, die Besch\u00e4ftigung, die L\u00f6hne und der Zugang zur Gesundheitsversorgung. Dies sind Aspekte, die nicht mit der von den B\u00fcrgern erwarteten Priorit\u00e4t ber\u00fccksichtigt wurden.<\/p>\n<p><strong><em>Wie ist die Leistung der Kandidatin Jeannette Jara und ihres Wahlkampfteams zu bewerten?<\/em><\/strong><\/p>\n<p>Es w\u00e4re \u00e4u\u00dferst unfair, die Niederlage auf M\u00e4ngel, Fehler oder Schw\u00e4chen der Kandidatin, ihres Teams oder der Kampagne zur\u00fcckzuf\u00fchren. Ich glaube, dass unsere Kandidatin in dieser Kampagne alles gegeben hat. Sie hatte viel zu bieten, was Antworten, L\u00f6sungen und Vereinbarungen betrifft, die sie als Ministerin f\u00fcr Arbeit und Soziales in f\u00fcr die Menschen relevanten Themenbereichen erreicht hat. Ich schlie\u00dfe jegliche Unzul\u00e4nglichkeit oder Schw\u00e4che der Kandidatin und der Kampagne aus. Das Geschehene ist meiner Meinung nach eher als strukturelles Problem zu betrachten. Es gibt Erwartungen der B\u00fcrger, die nicht in der Weise erf\u00fcllt wurden, wie sie es erwartet hatten.<\/p>\n<p><strong><em>Teilen Sie also die These, dass die extreme Rechte voranschreitet, weil der progressive Sektor und die Linke nicht auf die Forderungen der B\u00fcrger eingehen?<\/em><\/strong><\/p>\n<p>Es ist wichtig, dass die Linke und der Progressismus Selbstkritik \u00fcben, was ihre Handlungsweise der letzten drei Jahrzehnte betrifft. Warum ich das so sehe? Weil man, wenn man den dritten Weg der Sozialdemokratie betrachtet, das neoliberale Modell in gewisser Weise akzeptiert und best\u00e4tigt, indem man versucht, es zu \u00fcberarbeiten, zu humanisieren und verdaulicher zu machen. Damit hat man bereits eine Schlacht verloren und beginnt, die Vorschl\u00e4ge, Projekte und Ziele zu verw\u00e4ssern, f\u00fcr die die Linke historisch steht und die einen strukturellen Wandel zur Verbesserung der Lebensbedingungen der Menschen zum Ziel haben. Schon jetzt ist zu sehen, wie die Verkleinerung des Staates, der Abbau sozialer Programme und das Vorantreiben von Privatisierungsprozessen akzeptiert werden. All das wird Teil der progressiven Welt. Was wir beobachten, ist, wie das Gro\u00dfkapital letztlich die direkte Kontrolle \u00fcber die Zukunft der L\u00e4nder \u00fcbernimmt und sie zu einem Para-Staat mit minimalem staatlichem Einfluss macht. Das ist eine brenzlige Situation, denn der Staat wird drastisch verkleinert und daran gehindert, \u00fcber die Ressourcen zu verf\u00fcgen, um auf die Bed\u00fcrfnisse der B\u00fcrger zu reagieren. Die B\u00fcrger beginnen, sich Sorgen zu machen, weil sie keine L\u00f6sungen sehen. Dann tritt eine rechte Partei auf den Plan, die f\u00fcr die Verkleinerung des Staates verantwortlich ist, und macht ein simplifizierendes Angebot. In ihrer Not unterst\u00fctzen die Menschen sie schlie\u00dflich.<\/p>\n<p><strong><em>Wie sehen Sie die Situation der Unsicherheit, die sich gef\u00e4hrlich abzeichnet und der Situation Argentiniens mit dem \u201everr\u00fcckten\u201c Javier Milei \u00e4hnelt?<\/em><\/strong><\/p>\n<p>Es zeichnet sich eine komplexe Zeit ab, in der es von grundlegender Bedeutung sein wird, die Fortschritte im Bereich der sozialen Rechte zu vertiefen, auf mehr Demokratie hinzuarbeiten und die erzielten Ergebnisse zu verteidigen. Gemeinsam m\u00fcssen wir daran arbeiten, R\u00fcckschritte zu verhindern, die den Menschen schaden k\u00f6nnten. Ab M\u00e4rz wird es entscheidend sein, aktiv zu bleiben, uns bei Bedarf zu organisieren und zu mobilisieren, um die errungenen Rechte durchzusetzen. Daf\u00fcr m\u00fcssen wir alle politischen und sozialen Kr\u00e4fte mobilisieren. Dabei ist es wichtig, gemeinsam zu arbeiten, ohne Ausgrenzungen jeglicher Art, sondern im Gegenteil, indem man andere Sektoren einbezieht.<\/p>\n<p><strong><em>Sind Sie der Meinung, dass diese Einheit, Koordination oder sogar Koalition von der Christdemokratie bis zur Linken beibehalten werden sollte?<\/em><\/strong><\/p>\n<p>Wir k\u00f6nnen nur dann gemeinsam arbeiten, wenn wir auch gemeinsame Ziele haben. Das darf keine reine Formalit\u00e4t sein, es darf keine Frage der Rhetorik sein. Und ich muss Ihnen sagen, dass ich, w\u00e4hrend von Einheit gesprochen wird, politische Bereiche unserer Welt sehe. Ich sehe beispielsweise Vertreter der Sozialistischen Partei und der Partei f\u00fcr Demokratie, die eine Gesetzgebung des politischen Systems und der politischen Parteien vorantreiben. Diese versiegelt das System gewisserma\u00dfen mit einem Schloss und verhindert die Gr\u00fcndung und Entwicklung neuer Parteien. Das erscheint mir gravierend und f\u00fcr eine echte Demokratie \u00e4u\u00dferst gef\u00e4hrlich. Au\u00dferdem bedeutet dies, die Geschichte der Parteien zu vergessen, die stets klein beginnen, als neue Kraft, und dann immer mehr W\u00e4hler gewinnen. Der von der Regierung gef\u00f6rderte Versuch, das politische System mit einem Schloss zu versehen, ist eine \u00e4u\u00dferst schwerwiegende Angelegenheit. Er kann den Aufbau eines einheitlichen Projekts f\u00fcr unsere Welt verhindern, wenn einige die Absicht haben, andere auszuschlie\u00dfen.<\/p>\n<p><strong><em>In diesen Tagen wurde dar\u00fcber gesprochen, dass mit dem Antritt einer rechtsextremen Regierung die soziale Bewegung in Alarmbereitschaft ist. In diesem Bereich wird dies als bedrohlich angesehen. Abgesehen von den politischen Parteien: Wie sehen Sie die Rolle der sozialen Bewegungen und der Zivilgesellschaft in der bevorstehenden Zeit?<\/em><\/strong><\/p>\n<p>Ein Blick in die Geschichte zeigt, dass bedeutende gesellschaftliche Ver\u00e4nderungen stets das Ergebnis sozialer Organisation und Mobilisierung waren. Dies l\u00e4sst sich anhand der Geschichte nachvollziehen: vom Ende der Sklaverei \u00fcber das Wahlrecht f\u00fcr Frauen bis hin zum Achtstundentag und zahlreichen weiteren Fortschritten der Menschheit. Gerade jetzt halte ich es f\u00fcr grundlegend wichtig, die soziale Organisation und Mobilisierung zu st\u00e4rken, wann immer dies notwendig ist. Wenn wir nur passive Beobachter bleiben, werden wir einen R\u00fcckschritt erleben, der viel Schmerz und Leid verursachen wird \u2013 insbesondere f\u00fcr Menschen in prek\u00e4ren Situationen. Wir haben die historische Verantwortung, zusammenzuarbeiten, uns zu organisieren, uns zu mobilisieren und die Rechte von Arbeitnehmern, Frauen, Studenten, \u00e4lteren Menschen, sexuellen Minderheiten und der Kulturszene zu verteidigen \u2013 insbesondere, wenn diese Rechte gef\u00e4hrdet sind.<\/p>\n<p><strong><em>Die \u00dcbersetzung aus dem Spanischen wurde von Kornelia Henrichmann vom ehrenamtlichen Pressenza-\u00dcbersetzungsteam erstellt. <\/em><\/strong><a href=\"https:\/\/www.pressenza.com\/de\/mitarbeiten\/\"><strong><em>Wir suchen Freiwillige!<\/em><\/strong><\/a><\/p>\n","protected":false},"excerpt":{"rendered":"<p>Zu Beginn seiner Ausf\u00fchrungen zu den Ursachen f\u00fcr die Niederlage der Regierungspartei bei den Pr\u00e4sidentschaftswahlen vom 14. Dezember betonte der ehemalige Abgeordnete Tom\u00e1s Hirsch von der Partei Acci\u00f3n Humanista, dass \u201edie Probleme, die die B\u00fcrger plagten oder plagen, nicht mit&hellip;<\/p>\n","protected":false},"author":2267,"featured_media":2663079,"comment_status":"closed","ping_status":"closed","sticky":false,"template":"","format":"standard","meta":{"footnotes":""},"categories":[9142,9168,9154],"tags":[79856,10608,9821,94133,146621,96986,148611,49822,148612,148610,73558,17514,89710,66082,32418,148609],"class_list":["post-2663078","post","type-post","status-publish","format-standard","has-post-thumbnail","hentry","category-interviews-de","category-politik","category-suedamerika","tag-accion-humanista","tag-chile-de","tag-demokratie","tag-gabriel-boric-de","tag-jeannette-jara","tag-jose-antonio-kast-de","tag-linke-in-lateinamerika","tag-pinochet-diktatur","tag-politische-analyse","tag-rechte-parteien","tag-soziale-bewegungen","tag-soziale-gerechtigkeit","tag-stichwahl","tag-tomas-hirsch-de","tag-wahlkampf","tag-wahlniederlage"],"yoast_head":"<!-- This site is optimized with the Yoast SEO plugin v27.1.1 - https:\/\/yoast.com\/product\/yoast-seo-wordpress\/ -->\n<title>Interview mit Tom\u00e1s Hirsch \u00fcber die Wahlniederlage der Linken in Chile<\/title>\n<meta name=\"description\" content=\"Zu Beginn seiner Ausf\u00fchrungen zu den Ursachen f\u00fcr die Niederlage der Regierungspartei bei den Pr\u00e4sidentschaftswahlen vom 14. Dezember betonte der\" \/>\n<meta name=\"robots\" content=\"index, follow, max-snippet:-1, max-image-preview:large, max-video-preview:-1\" \/>\n<link rel=\"canonical\" href=\"https:\/\/www.pressenza.com\/de\/2025\/12\/interview-mit-tomas-hirsch-ueber-die-wahlniederlage-der-linken-in-chile\/\" \/>\n<meta property=\"og:locale\" content=\"de_DE\" \/>\n<meta property=\"og:type\" content=\"article\" \/>\n<meta property=\"og:title\" content=\"Interview mit Tom\u00e1s Hirsch \u00fcber die Wahlniederlage der Linken in Chile\" \/>\n<meta property=\"og:description\" content=\"Zu Beginn seiner Ausf\u00fchrungen zu den Ursachen f\u00fcr die Niederlage der Regierungspartei bei den Pr\u00e4sidentschaftswahlen vom 14. Dezember betonte der\" \/>\n<meta property=\"og:url\" content=\"https:\/\/www.pressenza.com\/de\/2025\/12\/interview-mit-tomas-hirsch-ueber-die-wahlniederlage-der-linken-in-chile\/\" \/>\n<meta property=\"og:site_name\" content=\"Pressenza\" \/>\n<meta property=\"article:publisher\" content=\"https:\/\/www.facebook.com\/PressenzaItalia\" \/>\n<meta property=\"article:published_time\" content=\"2025-12-22T14:35:31+00:00\" \/>\n<meta property=\"og:image\" content=\"https:\/\/www.pressenza.com\/wp-content\/uploads\/2025\/12\/Nano-Gacitua.jpeg\" \/>\n\t<meta property=\"og:image:width\" content=\"1280\" \/>\n\t<meta property=\"og:image:height\" content=\"960\" \/>\n\t<meta property=\"og:image:type\" content=\"image\/jpeg\" \/>\n<meta name=\"author\" content=\"El Siglo\" \/>\n<meta name=\"twitter:card\" content=\"summary_large_image\" \/>\n<meta name=\"twitter:creator\" content=\"@PressenzaIPA\" \/>\n<meta name=\"twitter:site\" content=\"@PressenzaIPA\" \/>\n<meta name=\"twitter:label1\" content=\"Verfasst von\" \/>\n\t<meta name=\"twitter:data1\" content=\"El Siglo\" \/>\n\t<meta name=\"twitter:label2\" content=\"Gesch\u00e4tzte Lesezeit\" \/>\n\t<meta name=\"twitter:data2\" content=\"7\u00a0Minuten\" \/>\n<script type=\"application\/ld+json\" class=\"yoast-schema-graph\">{\"@context\":\"https:\/\/schema.org\",\"@graph\":[{\"@type\":\"Article\",\"@id\":\"https:\/\/www.pressenza.com\/de\/2025\/12\/interview-mit-tomas-hirsch-ueber-die-wahlniederlage-der-linken-in-chile\/#article\",\"isPartOf\":{\"@id\":\"https:\/\/www.pressenza.com\/de\/2025\/12\/interview-mit-tomas-hirsch-ueber-die-wahlniederlage-der-linken-in-chile\/\"},\"author\":{\"name\":\"El Siglo\",\"@id\":\"https:\/\/www.pressenza.com\/de\/#\/schema\/person\/3c878b6a6af4983c664120d236135284\"},\"headline\":\"Interview mit Tom\u00e1s Hirsch \u00fcber die Wahlniederlage der Linken in Chile\",\"datePublished\":\"2025-12-22T14:35:31+00:00\",\"mainEntityOfPage\":{\"@id\":\"https:\/\/www.pressenza.com\/de\/2025\/12\/interview-mit-tomas-hirsch-ueber-die-wahlniederlage-der-linken-in-chile\/\"},\"wordCount\":1329,\"publisher\":{\"@id\":\"https:\/\/www.pressenza.com\/de\/#organization\"},\"image\":{\"@id\":\"https:\/\/www.pressenza.com\/de\/2025\/12\/interview-mit-tomas-hirsch-ueber-die-wahlniederlage-der-linken-in-chile\/#primaryimage\"},\"thumbnailUrl\":\"https:\/\/www.pressenza.com\/wp-content\/uploads\/2025\/12\/Nano-Gacitua.jpeg\",\"keywords\":[\"Acci\u00f3n Humanista\",\"Chile\",\"Demokratie\",\"Gabriel Boric\",\"Jeannette Jara\",\"Jos\u00e9 Antonio Kast\",\"Linke in Lateinamerika\",\"Pinochet-Diktatur\",\"politische Analyse\",\"rechte Parteien\",\"soziale Bewegungen\",\"soziale Gerechtigkeit\",\"Stichwahl\",\"Tom\u00e1s Hirsch\",\"Wahlkampf\",\"Wahlniederlage\"],\"articleSection\":[\"Interviews\",\"Politik\",\"S\u00fcdamerika\"],\"inLanguage\":\"de\"},{\"@type\":\"WebPage\",\"@id\":\"https:\/\/www.pressenza.com\/de\/2025\/12\/interview-mit-tomas-hirsch-ueber-die-wahlniederlage-der-linken-in-chile\/\",\"url\":\"https:\/\/www.pressenza.com\/de\/2025\/12\/interview-mit-tomas-hirsch-ueber-die-wahlniederlage-der-linken-in-chile\/\",\"name\":\"Interview mit Tom\u00e1s Hirsch \u00fcber die Wahlniederlage der Linken in Chile\",\"isPartOf\":{\"@id\":\"https:\/\/www.pressenza.com\/de\/#website\"},\"primaryImageOfPage\":{\"@id\":\"https:\/\/www.pressenza.com\/de\/2025\/12\/interview-mit-tomas-hirsch-ueber-die-wahlniederlage-der-linken-in-chile\/#primaryimage\"},\"image\":{\"@id\":\"https:\/\/www.pressenza.com\/de\/2025\/12\/interview-mit-tomas-hirsch-ueber-die-wahlniederlage-der-linken-in-chile\/#primaryimage\"},\"thumbnailUrl\":\"https:\/\/www.pressenza.com\/wp-content\/uploads\/2025\/12\/Nano-Gacitua.jpeg\",\"datePublished\":\"2025-12-22T14:35:31+00:00\",\"description\":\"Zu Beginn seiner Ausf\u00fchrungen zu den Ursachen f\u00fcr die Niederlage der Regierungspartei bei den Pr\u00e4sidentschaftswahlen vom 14. Dezember betonte der\",\"breadcrumb\":{\"@id\":\"https:\/\/www.pressenza.com\/de\/2025\/12\/interview-mit-tomas-hirsch-ueber-die-wahlniederlage-der-linken-in-chile\/#breadcrumb\"},\"inLanguage\":\"de\",\"potentialAction\":[{\"@type\":\"ReadAction\",\"target\":[\"https:\/\/www.pressenza.com\/de\/2025\/12\/interview-mit-tomas-hirsch-ueber-die-wahlniederlage-der-linken-in-chile\/\"]}]},{\"@type\":\"ImageObject\",\"inLanguage\":\"de\",\"@id\":\"https:\/\/www.pressenza.com\/de\/2025\/12\/interview-mit-tomas-hirsch-ueber-die-wahlniederlage-der-linken-in-chile\/#primaryimage\",\"url\":\"https:\/\/www.pressenza.com\/wp-content\/uploads\/2025\/12\/Nano-Gacitua.jpeg\",\"contentUrl\":\"https:\/\/www.pressenza.com\/wp-content\/uploads\/2025\/12\/Nano-Gacitua.jpeg\",\"width\":1280,\"height\":960},{\"@type\":\"BreadcrumbList\",\"@id\":\"https:\/\/www.pressenza.com\/de\/2025\/12\/interview-mit-tomas-hirsch-ueber-die-wahlniederlage-der-linken-in-chile\/#breadcrumb\",\"itemListElement\":[{\"@type\":\"ListItem\",\"position\":1,\"name\":\"Accueil\",\"item\":\"https:\/\/www.pressenza.com\/de\/\"},{\"@type\":\"ListItem\",\"position\":2,\"name\":\"Interview mit Tom\u00e1s Hirsch \u00fcber die Wahlniederlage der Linken in Chile\"}]},{\"@type\":\"WebSite\",\"@id\":\"https:\/\/www.pressenza.com\/de\/#website\",\"url\":\"https:\/\/www.pressenza.com\/de\/\",\"name\":\"Pressenza\",\"description\":\"International Press Agency\",\"publisher\":{\"@id\":\"https:\/\/www.pressenza.com\/de\/#organization\"},\"potentialAction\":[{\"@type\":\"SearchAction\",\"target\":{\"@type\":\"EntryPoint\",\"urlTemplate\":\"https:\/\/www.pressenza.com\/de\/?s={search_term_string}\"},\"query-input\":{\"@type\":\"PropertyValueSpecification\",\"valueRequired\":true,\"valueName\":\"search_term_string\"}}],\"inLanguage\":\"de\"},{\"@type\":\"Organization\",\"@id\":\"https:\/\/www.pressenza.com\/de\/#organization\",\"name\":\"Pressenza\",\"url\":\"https:\/\/www.pressenza.com\/de\/\",\"logo\":{\"@type\":\"ImageObject\",\"inLanguage\":\"de\",\"@id\":\"https:\/\/www.pressenza.com\/de\/#\/schema\/logo\/image\/\",\"url\":\"https:\/\/www.pressenza.com\/wp-content\/uploads\/2022\/10\/pressenza_logo_200x200.jpg\",\"contentUrl\":\"https:\/\/www.pressenza.com\/wp-content\/uploads\/2022\/10\/pressenza_logo_200x200.jpg\",\"width\":200,\"height\":200,\"caption\":\"Pressenza\"},\"image\":{\"@id\":\"https:\/\/www.pressenza.com\/de\/#\/schema\/logo\/image\/\"},\"sameAs\":[\"https:\/\/www.facebook.com\/PressenzaItalia\",\"https:\/\/x.com\/PressenzaIPA\"]},{\"@type\":\"Person\",\"@id\":\"https:\/\/www.pressenza.com\/de\/#\/schema\/person\/3c878b6a6af4983c664120d236135284\",\"name\":\"El Siglo\",\"description\":\"Publicaci\u00f3n oficial del Partido Comunista de Chile.\",\"sameAs\":[\"https:\/\/elsiglo.cl\"],\"url\":\"https:\/\/www.pressenza.com\/de\/author\/el-siglo\/\"}]}<\/script>\n<!-- \/ Yoast SEO plugin. -->","yoast_head_json":{"title":"Interview mit Tom\u00e1s Hirsch \u00fcber die Wahlniederlage der Linken in Chile","description":"Zu Beginn seiner Ausf\u00fchrungen zu den Ursachen f\u00fcr die Niederlage der Regierungspartei bei den Pr\u00e4sidentschaftswahlen vom 14. Dezember betonte der","robots":{"index":"index","follow":"follow","max-snippet":"max-snippet:-1","max-image-preview":"max-image-preview:large","max-video-preview":"max-video-preview:-1"},"canonical":"https:\/\/www.pressenza.com\/de\/2025\/12\/interview-mit-tomas-hirsch-ueber-die-wahlniederlage-der-linken-in-chile\/","og_locale":"de_DE","og_type":"article","og_title":"Interview mit Tom\u00e1s Hirsch \u00fcber die Wahlniederlage der Linken in Chile","og_description":"Zu Beginn seiner Ausf\u00fchrungen zu den Ursachen f\u00fcr die Niederlage der Regierungspartei bei den Pr\u00e4sidentschaftswahlen vom 14. Dezember betonte der","og_url":"https:\/\/www.pressenza.com\/de\/2025\/12\/interview-mit-tomas-hirsch-ueber-die-wahlniederlage-der-linken-in-chile\/","og_site_name":"Pressenza","article_publisher":"https:\/\/www.facebook.com\/PressenzaItalia","article_published_time":"2025-12-22T14:35:31+00:00","og_image":[{"width":1280,"height":960,"url":"https:\/\/www.pressenza.com\/wp-content\/uploads\/2025\/12\/Nano-Gacitua.jpeg","type":"image\/jpeg"}],"author":"El Siglo","twitter_card":"summary_large_image","twitter_creator":"@PressenzaIPA","twitter_site":"@PressenzaIPA","twitter_misc":{"Verfasst von":"El Siglo","Gesch\u00e4tzte Lesezeit":"7\u00a0Minuten"},"schema":{"@context":"https:\/\/schema.org","@graph":[{"@type":"Article","@id":"https:\/\/www.pressenza.com\/de\/2025\/12\/interview-mit-tomas-hirsch-ueber-die-wahlniederlage-der-linken-in-chile\/#article","isPartOf":{"@id":"https:\/\/www.pressenza.com\/de\/2025\/12\/interview-mit-tomas-hirsch-ueber-die-wahlniederlage-der-linken-in-chile\/"},"author":{"name":"El Siglo","@id":"https:\/\/www.pressenza.com\/de\/#\/schema\/person\/3c878b6a6af4983c664120d236135284"},"headline":"Interview mit Tom\u00e1s Hirsch \u00fcber die Wahlniederlage der Linken in Chile","datePublished":"2025-12-22T14:35:31+00:00","mainEntityOfPage":{"@id":"https:\/\/www.pressenza.com\/de\/2025\/12\/interview-mit-tomas-hirsch-ueber-die-wahlniederlage-der-linken-in-chile\/"},"wordCount":1329,"publisher":{"@id":"https:\/\/www.pressenza.com\/de\/#organization"},"image":{"@id":"https:\/\/www.pressenza.com\/de\/2025\/12\/interview-mit-tomas-hirsch-ueber-die-wahlniederlage-der-linken-in-chile\/#primaryimage"},"thumbnailUrl":"https:\/\/www.pressenza.com\/wp-content\/uploads\/2025\/12\/Nano-Gacitua.jpeg","keywords":["Acci\u00f3n Humanista","Chile","Demokratie","Gabriel Boric","Jeannette Jara","Jos\u00e9 Antonio Kast","Linke in Lateinamerika","Pinochet-Diktatur","politische Analyse","rechte Parteien","soziale Bewegungen","soziale Gerechtigkeit","Stichwahl","Tom\u00e1s Hirsch","Wahlkampf","Wahlniederlage"],"articleSection":["Interviews","Politik","S\u00fcdamerika"],"inLanguage":"de"},{"@type":"WebPage","@id":"https:\/\/www.pressenza.com\/de\/2025\/12\/interview-mit-tomas-hirsch-ueber-die-wahlniederlage-der-linken-in-chile\/","url":"https:\/\/www.pressenza.com\/de\/2025\/12\/interview-mit-tomas-hirsch-ueber-die-wahlniederlage-der-linken-in-chile\/","name":"Interview mit Tom\u00e1s Hirsch \u00fcber die Wahlniederlage der Linken in Chile","isPartOf":{"@id":"https:\/\/www.pressenza.com\/de\/#website"},"primaryImageOfPage":{"@id":"https:\/\/www.pressenza.com\/de\/2025\/12\/interview-mit-tomas-hirsch-ueber-die-wahlniederlage-der-linken-in-chile\/#primaryimage"},"image":{"@id":"https:\/\/www.pressenza.com\/de\/2025\/12\/interview-mit-tomas-hirsch-ueber-die-wahlniederlage-der-linken-in-chile\/#primaryimage"},"thumbnailUrl":"https:\/\/www.pressenza.com\/wp-content\/uploads\/2025\/12\/Nano-Gacitua.jpeg","datePublished":"2025-12-22T14:35:31+00:00","description":"Zu Beginn seiner Ausf\u00fchrungen zu den Ursachen f\u00fcr die Niederlage der Regierungspartei bei den Pr\u00e4sidentschaftswahlen vom 14. Dezember betonte der","breadcrumb":{"@id":"https:\/\/www.pressenza.com\/de\/2025\/12\/interview-mit-tomas-hirsch-ueber-die-wahlniederlage-der-linken-in-chile\/#breadcrumb"},"inLanguage":"de","potentialAction":[{"@type":"ReadAction","target":["https:\/\/www.pressenza.com\/de\/2025\/12\/interview-mit-tomas-hirsch-ueber-die-wahlniederlage-der-linken-in-chile\/"]}]},{"@type":"ImageObject","inLanguage":"de","@id":"https:\/\/www.pressenza.com\/de\/2025\/12\/interview-mit-tomas-hirsch-ueber-die-wahlniederlage-der-linken-in-chile\/#primaryimage","url":"https:\/\/www.pressenza.com\/wp-content\/uploads\/2025\/12\/Nano-Gacitua.jpeg","contentUrl":"https:\/\/www.pressenza.com\/wp-content\/uploads\/2025\/12\/Nano-Gacitua.jpeg","width":1280,"height":960},{"@type":"BreadcrumbList","@id":"https:\/\/www.pressenza.com\/de\/2025\/12\/interview-mit-tomas-hirsch-ueber-die-wahlniederlage-der-linken-in-chile\/#breadcrumb","itemListElement":[{"@type":"ListItem","position":1,"name":"Accueil","item":"https:\/\/www.pressenza.com\/de\/"},{"@type":"ListItem","position":2,"name":"Interview mit Tom\u00e1s Hirsch \u00fcber die Wahlniederlage der Linken in Chile"}]},{"@type":"WebSite","@id":"https:\/\/www.pressenza.com\/de\/#website","url":"https:\/\/www.pressenza.com\/de\/","name":"Pressenza","description":"International Press Agency","publisher":{"@id":"https:\/\/www.pressenza.com\/de\/#organization"},"potentialAction":[{"@type":"SearchAction","target":{"@type":"EntryPoint","urlTemplate":"https:\/\/www.pressenza.com\/de\/?s={search_term_string}"},"query-input":{"@type":"PropertyValueSpecification","valueRequired":true,"valueName":"search_term_string"}}],"inLanguage":"de"},{"@type":"Organization","@id":"https:\/\/www.pressenza.com\/de\/#organization","name":"Pressenza","url":"https:\/\/www.pressenza.com\/de\/","logo":{"@type":"ImageObject","inLanguage":"de","@id":"https:\/\/www.pressenza.com\/de\/#\/schema\/logo\/image\/","url":"https:\/\/www.pressenza.com\/wp-content\/uploads\/2022\/10\/pressenza_logo_200x200.jpg","contentUrl":"https:\/\/www.pressenza.com\/wp-content\/uploads\/2022\/10\/pressenza_logo_200x200.jpg","width":200,"height":200,"caption":"Pressenza"},"image":{"@id":"https:\/\/www.pressenza.com\/de\/#\/schema\/logo\/image\/"},"sameAs":["https:\/\/www.facebook.com\/PressenzaItalia","https:\/\/x.com\/PressenzaIPA"]},{"@type":"Person","@id":"https:\/\/www.pressenza.com\/de\/#\/schema\/person\/3c878b6a6af4983c664120d236135284","name":"El Siglo","description":"Publicaci\u00f3n oficial del Partido Comunista de Chile.","sameAs":["https:\/\/elsiglo.cl"],"url":"https:\/\/www.pressenza.com\/de\/author\/el-siglo\/"}]}},"place":"","original_article_url":"https:\/\/elsiglo.cl\/hay-carencias-y-expectativas-de-la-ciudadania-que-no-fueron-respondidas-del-modo-que-la-gente-esperaba-tomas-hirsch\/","_links":{"self":[{"href":"https:\/\/www.pressenza.com\/de\/wp-json\/wp\/v2\/posts\/2663078","targetHints":{"allow":["GET"]}}],"collection":[{"href":"https:\/\/www.pressenza.com\/de\/wp-json\/wp\/v2\/posts"}],"about":[{"href":"https:\/\/www.pressenza.com\/de\/wp-json\/wp\/v2\/types\/post"}],"author":[{"embeddable":true,"href":"https:\/\/www.pressenza.com\/de\/wp-json\/wp\/v2\/users\/2267"}],"replies":[{"embeddable":true,"href":"https:\/\/www.pressenza.com\/de\/wp-json\/wp\/v2\/comments?post=2663078"}],"version-history":[{"count":1,"href":"https:\/\/www.pressenza.com\/de\/wp-json\/wp\/v2\/posts\/2663078\/revisions"}],"predecessor-version":[{"id":2663082,"href":"https:\/\/www.pressenza.com\/de\/wp-json\/wp\/v2\/posts\/2663078\/revisions\/2663082"}],"wp:featuredmedia":[{"embeddable":true,"href":"https:\/\/www.pressenza.com\/de\/wp-json\/wp\/v2\/media\/2663079"}],"wp:attachment":[{"href":"https:\/\/www.pressenza.com\/de\/wp-json\/wp\/v2\/media?parent=2663078"}],"wp:term":[{"taxonomy":"category","embeddable":true,"href":"https:\/\/www.pressenza.com\/de\/wp-json\/wp\/v2\/categories?post=2663078"},{"taxonomy":"post_tag","embeddable":true,"href":"https:\/\/www.pressenza.com\/de\/wp-json\/wp\/v2\/tags?post=2663078"}],"curies":[{"name":"wp","href":"https:\/\/api.w.org\/{rel}","templated":true}]}}