{"id":2660752,"date":"2025-12-12T16:19:15","date_gmt":"2025-12-12T16:19:15","guid":{"rendered":"https:\/\/www.pressenza.com\/?p=2660752"},"modified":"2025-12-12T16:21:32","modified_gmt":"2025-12-12T16:21:32","slug":"stichwahl-in-chile-die-entscheidung-zwischen-fortschritt-und-rueckschritt","status":"publish","type":"post","link":"https:\/\/www.pressenza.com\/de\/2025\/12\/stichwahl-in-chile-die-entscheidung-zwischen-fortschritt-und-rueckschritt\/","title":{"rendered":"Stichwahl in Chile: Die Entscheidung zwischen Fortschritt und R\u00fcckschritt"},"content":{"rendered":"<p><strong>Die Stichwahl ist der Moment der Wahrheit. Es ist der Moment, in dem Worte zu klaren Verpflichtungen werden m\u00fcssen und in dem Versprechen am Alltag von Millionen Chileninnen und Chilenen gemessen werden.<\/strong><\/p>\n<p>Der erste Wahlgang der chilenischen Pr\u00e4sidentschaftswahlen war gepr\u00e4gt von Zersplitterung: Acht Kandidaten, vielf\u00e4ltige Diskurse und eine Bev\u00f6lkerung, die sich zwischen unterschiedlichen Versprechungen und Diagnosen zurechtfinden musste. Bei der Stichwahl ist das anders. Hier geht es nicht darum, zwischen einzelnen Personen zu w\u00e4hlen, sondern zwischen zwei Zukunftskonzepten f\u00fcr das Land. Wie ich bereits gesagt habe, ist es etwas anderes, zwischen acht Kandidaten zu w\u00e4hlen, als zwei Zukunftsvisionen f\u00fcr das Land gegen\u00fcberzustellen.<\/p>\n<p>Heute steht Chile vor einer folgenschweren Entscheidung: Entweder den Weg der Erweiterung der Rechte und der St\u00e4rkung der Demokratie weiterzugehen, oder zu einem Modell zur\u00fcckzukehren, das Privilegien konzentriert und das Erreichte wieder schw\u00e4cht. In dieser Debatte ist die garantierte Grundrente (PGU) zu einem Symbol daf\u00fcr geworden, was auf dem Spiel steht.<\/p>\n<p>Die PGU wurde geschaffen, um auf Jahrzehnte der Ungerechtigkeit im Rentensystem zu reagieren und \u00e4lteren Menschen ein Mindestma\u00df an W\u00fcrde zu garantieren. Sie ist kein Geschenk, sondern ein Recht, das dank des sozialen Drucks und des politischen Willens, ein gerechteres Land zu schaffen, errungen wurde. Jeannette Jara hat dieses Recht verteidigt und gest\u00e4rkt, indem sie sich f\u00fcr seine Ausweitung einsetzte und daf\u00fcr sorgte, dass mehr Menschen davon profitieren. Ihr Engagement ist klar: Die PGU wird nicht gek\u00fcrzt, sondern verbessert.<\/p>\n<p>Aber es geht nicht nur um die PGU. In der Stichwahl stehen auch unterschiedliche Sichtweisen auf unsere j\u00fcngste Geschichte und die uneingeschr\u00e4nkte Achtung der Menschenrechte gegen\u00fcber.<\/p>\n<p>Jos\u00e9 Antonio Kast hat \u00f6ffentlich seine Bereitschaft bekundet, den wegen Verbrechen gegen die Menschlichkeit Verurteilten, die in Punta Peuco inhaftiert sind, Verg\u00fcnstigungen oder sogar Begnadigungen zu gew\u00e4hren. Er f\u00fchrt humanit\u00e4re Gr\u00fcnde f\u00fcr diejenigen an, die krank oder hochbetagt sind.<\/p>\n<p>Diese Haltung ist keineswegs neutral, sondern zeugt von Nachsicht gegen\u00fcber denjenigen, die sich w\u00e4hrend der Diktatur schwerer Menschenrechtsverletzungen schuldig gemacht haben. Demgegen\u00fcber steht Jeannette Jara f\u00fcr die Option, dass Demokratie auf Erinnerung, Gerechtigkeit und der W\u00fcrde der Opfer fu\u00dfen muss. Sie bekr\u00e4ftigt, dass Menschenrechte nicht verhandelbar sind und unter keinem Vorwand relativiert werden d\u00fcrfen.<\/p>\n<p>Die Stichwahl zwingt uns, uns unverbl\u00fcmt zu fragen: Wollen wir ein Chile, das angemessene Renten und eine universelle Sozialversicherung garantiert, oder ein Chile, das diese Rechte an private Unternehmen abgibt?<\/p>\n<p>Wollen wir eine Demokratie, die auf errungenen Rechten aufbaut, oder eine Demokratie, die sich zur\u00fcckentwickelt und Ausgrenzung normalisiert?<\/p>\n<p>Es geht nicht um Nuancen. Es geht um die Wahl zwischen Fortschritt und R\u00fcckschritt. Zwischen einem Land, das die W\u00fcrde jedes Einzelnen anerkennt, und einem Land, das Ausgrenzung normalisiert. Zwischen einem Projekt, das das Erreichte verteidigt und den Weg f\u00fcr neue Ver\u00e4nderungen ebnet, und einem Projekt, das das Erreichte wieder abzubauen droht.<\/p>\n<p>Die Stichwahl ist der Moment der Wahrheit. Es ist der Moment, in dem Worte zu klaren Verpflichtungen werden m\u00fcssen und in dem Versprechen am Alltag von Millionen Chileninnen und Chileninnen gemessen werden m\u00fcssen. In dieser Auseinandersetzung ist Jeannette Jara die beste Option, um die Demokratie zu sch\u00fctzen, die Fortschritte zu verteidigen und sicherzustellen, dass Chile ein Land der Rechte und nicht der Privilegien bleibt.<\/p>\n<p>Denn bei dieser Wahl geht es nicht nur darum, eine Person zu w\u00e4hlen. Es geht darum, zu entscheiden, was f\u00fcr ein Land wir sein wollen. Heute haben wir die Wahl zwischen einem Chile, das sich in Richtung Gerechtigkeit und Demokratie entwickelt, und einem Chile, das in Richtung Ungleichheit, Angst und Straflosigkeit zur\u00fcckf\u00e4llt.<\/p>\n<p><strong><em>Die \u00dcbersetzung aus dem Spanischen wurde von Kornelia Henrichmann vom ehrenamtlichen Pressenza-\u00dcbersetzungsteam erstellt. <\/em><\/strong><a href=\"https:\/\/www.pressenza.com\/de\/mitarbeiten\/\" target=\"_blank\" rel=\"noopener\"><strong><em>Wir suchen Freiwillige!<\/em><\/strong><\/a><\/p>\n","protected":false},"excerpt":{"rendered":"<p>Die Stichwahl ist der Moment der Wahrheit. Es ist der Moment, in dem Worte zu klaren Verpflichtungen werden m\u00fcssen und in dem Versprechen am Alltag von Millionen Chileninnen und Chilenen gemessen werden. Der erste Wahlgang der chilenischen Pr\u00e4sidentschaftswahlen war gepr\u00e4gt&hellip;<\/p>\n","protected":false},"author":18,"featured_media":2660753,"comment_status":"closed","ping_status":"closed","sticky":false,"template":"","format":"standard","meta":{"footnotes":""},"categories":[9143,11387,9168,9154],"tags":[10608,9821,148076,125365,146621,96986,22228,49822,68430,17514,89710,41723,32418],"class_list":["post-2660752","post","type-post","status-publish","format-standard","has-post-thumbnail","hentry","category-meinungen","category-originalinhalt","category-politik","category-suedamerika","tag-chile-de","tag-demokratie","tag-erinnerungspolitik","tag-gesellschaftlicher-wandel","tag-jeannette-jara","tag-jose-antonio-kast-de","tag-menschenrechte","tag-pinochet-diktatur","tag-rentenreform","tag-soziale-gerechtigkeit","tag-stichwahl","tag-verbrechen-gegen-die-menschlichkeit","tag-wahlkampf"],"yoast_head":"<!-- This site is optimized with the Yoast SEO plugin v27.1.1 - https:\/\/yoast.com\/product\/yoast-seo-wordpress\/ -->\n<title>Stichwahl in Chile: Die Entscheidung zwischen Fortschritt und R\u00fcckschritt<\/title>\n<meta name=\"description\" content=\"Die Stichwahl ist der Moment der Wahrheit. Es ist der Moment, in dem Worte zu klaren Verpflichtungen werden m\u00fcssen und in dem Versprechen am Alltag von\" \/>\n<meta name=\"robots\" content=\"index, follow, max-snippet:-1, max-image-preview:large, max-video-preview:-1\" \/>\n<link rel=\"canonical\" href=\"https:\/\/www.pressenza.com\/de\/2025\/12\/stichwahl-in-chile-die-entscheidung-zwischen-fortschritt-und-rueckschritt\/\" \/>\n<meta property=\"og:locale\" content=\"de_DE\" \/>\n<meta property=\"og:type\" content=\"article\" \/>\n<meta property=\"og:title\" content=\"Stichwahl in Chile: Die Entscheidung zwischen Fortschritt und R\u00fcckschritt\" \/>\n<meta property=\"og:description\" content=\"Die Stichwahl ist der Moment der Wahrheit. Es ist der Moment, in dem Worte zu klaren Verpflichtungen werden m\u00fcssen und in dem Versprechen am Alltag von\" \/>\n<meta property=\"og:url\" content=\"https:\/\/www.pressenza.com\/de\/2025\/12\/stichwahl-in-chile-die-entscheidung-zwischen-fortschritt-und-rueckschritt\/\" \/>\n<meta property=\"og:site_name\" content=\"Pressenza\" \/>\n<meta property=\"article:publisher\" content=\"https:\/\/www.facebook.com\/PressenzaItalia\" \/>\n<meta property=\"article:published_time\" content=\"2025-12-12T16:19:15+00:00\" \/>\n<meta property=\"article:modified_time\" content=\"2025-12-12T16:21:32+00:00\" \/>\n<meta property=\"og:image\" content=\"https:\/\/www.pressenza.com\/wp-content\/uploads\/2025\/12\/urna-electoral.jpg\" \/>\n\t<meta property=\"og:image:width\" content=\"1920\" \/>\n\t<meta property=\"og:image:height\" content=\"1280\" \/>\n\t<meta property=\"og:image:type\" content=\"image\/jpeg\" \/>\n<meta name=\"author\" content=\"Tom\u00e1s Hirsch\" \/>\n<meta name=\"twitter:card\" content=\"summary_large_image\" \/>\n<meta name=\"twitter:creator\" content=\"@PressenzaIPA\" \/>\n<meta name=\"twitter:site\" content=\"@PressenzaIPA\" \/>\n<meta name=\"twitter:label1\" content=\"Verfasst von\" \/>\n\t<meta name=\"twitter:data1\" content=\"Tom\u00e1s Hirsch\" \/>\n\t<meta name=\"twitter:label2\" content=\"Gesch\u00e4tzte Lesezeit\" \/>\n\t<meta name=\"twitter:data2\" content=\"4\u00a0Minuten\" \/>\n<script type=\"application\/ld+json\" class=\"yoast-schema-graph\">{\"@context\":\"https:\/\/schema.org\",\"@graph\":[{\"@type\":\"Article\",\"@id\":\"https:\/\/www.pressenza.com\/de\/2025\/12\/stichwahl-in-chile-die-entscheidung-zwischen-fortschritt-und-rueckschritt\/#article\",\"isPartOf\":{\"@id\":\"https:\/\/www.pressenza.com\/de\/2025\/12\/stichwahl-in-chile-die-entscheidung-zwischen-fortschritt-und-rueckschritt\/\"},\"author\":{\"name\":\"Tom\u00e1s Hirsch\",\"@id\":\"https:\/\/www.pressenza.com\/de\/#\/schema\/person\/410c2763d16d8c23bafdff4e19d0d35b\"},\"headline\":\"Stichwahl in Chile: Die Entscheidung zwischen Fortschritt und R\u00fcckschritt\",\"datePublished\":\"2025-12-12T16:19:15+00:00\",\"dateModified\":\"2025-12-12T16:21:32+00:00\",\"mainEntityOfPage\":{\"@id\":\"https:\/\/www.pressenza.com\/de\/2025\/12\/stichwahl-in-chile-die-entscheidung-zwischen-fortschritt-und-rueckschritt\/\"},\"wordCount\":643,\"publisher\":{\"@id\":\"https:\/\/www.pressenza.com\/de\/#organization\"},\"image\":{\"@id\":\"https:\/\/www.pressenza.com\/de\/2025\/12\/stichwahl-in-chile-die-entscheidung-zwischen-fortschritt-und-rueckschritt\/#primaryimage\"},\"thumbnailUrl\":\"https:\/\/www.pressenza.com\/wp-content\/uploads\/2025\/12\/urna-electoral.jpg\",\"keywords\":[\"Chile\",\"Demokratie\",\"Erinnerungspolitik\",\"gesellschaftlicher Wandel\",\"Jeannette Jara\",\"Jos\u00e9 Antonio Kast\",\"Menschenrechte\",\"Pinochet-Diktatur\",\"Rentenreform\",\"soziale Gerechtigkeit\",\"Stichwahl\",\"Verbrechen gegen die Menschlichkeit\",\"Wahlkampf\"],\"articleSection\":[\"Meinungen\",\"Originalinhalt\",\"Politik\",\"S\u00fcdamerika\"],\"inLanguage\":\"de\"},{\"@type\":\"WebPage\",\"@id\":\"https:\/\/www.pressenza.com\/de\/2025\/12\/stichwahl-in-chile-die-entscheidung-zwischen-fortschritt-und-rueckschritt\/\",\"url\":\"https:\/\/www.pressenza.com\/de\/2025\/12\/stichwahl-in-chile-die-entscheidung-zwischen-fortschritt-und-rueckschritt\/\",\"name\":\"Stichwahl in Chile: Die Entscheidung zwischen Fortschritt und R\u00fcckschritt\",\"isPartOf\":{\"@id\":\"https:\/\/www.pressenza.com\/de\/#website\"},\"primaryImageOfPage\":{\"@id\":\"https:\/\/www.pressenza.com\/de\/2025\/12\/stichwahl-in-chile-die-entscheidung-zwischen-fortschritt-und-rueckschritt\/#primaryimage\"},\"image\":{\"@id\":\"https:\/\/www.pressenza.com\/de\/2025\/12\/stichwahl-in-chile-die-entscheidung-zwischen-fortschritt-und-rueckschritt\/#primaryimage\"},\"thumbnailUrl\":\"https:\/\/www.pressenza.com\/wp-content\/uploads\/2025\/12\/urna-electoral.jpg\",\"datePublished\":\"2025-12-12T16:19:15+00:00\",\"dateModified\":\"2025-12-12T16:21:32+00:00\",\"description\":\"Die Stichwahl ist der Moment der Wahrheit. Es ist der Moment, in dem Worte zu klaren Verpflichtungen werden m\u00fcssen und in dem Versprechen am Alltag von\",\"breadcrumb\":{\"@id\":\"https:\/\/www.pressenza.com\/de\/2025\/12\/stichwahl-in-chile-die-entscheidung-zwischen-fortschritt-und-rueckschritt\/#breadcrumb\"},\"inLanguage\":\"de\",\"potentialAction\":[{\"@type\":\"ReadAction\",\"target\":[\"https:\/\/www.pressenza.com\/de\/2025\/12\/stichwahl-in-chile-die-entscheidung-zwischen-fortschritt-und-rueckschritt\/\"]}]},{\"@type\":\"ImageObject\",\"inLanguage\":\"de\",\"@id\":\"https:\/\/www.pressenza.com\/de\/2025\/12\/stichwahl-in-chile-die-entscheidung-zwischen-fortschritt-und-rueckschritt\/#primaryimage\",\"url\":\"https:\/\/www.pressenza.com\/wp-content\/uploads\/2025\/12\/urna-electoral.jpg\",\"contentUrl\":\"https:\/\/www.pressenza.com\/wp-content\/uploads\/2025\/12\/urna-electoral.jpg\",\"width\":1920,\"height\":1280},{\"@type\":\"BreadcrumbList\",\"@id\":\"https:\/\/www.pressenza.com\/de\/2025\/12\/stichwahl-in-chile-die-entscheidung-zwischen-fortschritt-und-rueckschritt\/#breadcrumb\",\"itemListElement\":[{\"@type\":\"ListItem\",\"position\":1,\"name\":\"Accueil\",\"item\":\"https:\/\/www.pressenza.com\/de\/\"},{\"@type\":\"ListItem\",\"position\":2,\"name\":\"Stichwahl in Chile: Die Entscheidung zwischen Fortschritt und R\u00fcckschritt\"}]},{\"@type\":\"WebSite\",\"@id\":\"https:\/\/www.pressenza.com\/de\/#website\",\"url\":\"https:\/\/www.pressenza.com\/de\/\",\"name\":\"Pressenza\",\"description\":\"International Press Agency\",\"publisher\":{\"@id\":\"https:\/\/www.pressenza.com\/de\/#organization\"},\"potentialAction\":[{\"@type\":\"SearchAction\",\"target\":{\"@type\":\"EntryPoint\",\"urlTemplate\":\"https:\/\/www.pressenza.com\/de\/?s={search_term_string}\"},\"query-input\":{\"@type\":\"PropertyValueSpecification\",\"valueRequired\":true,\"valueName\":\"search_term_string\"}}],\"inLanguage\":\"de\"},{\"@type\":\"Organization\",\"@id\":\"https:\/\/www.pressenza.com\/de\/#organization\",\"name\":\"Pressenza\",\"url\":\"https:\/\/www.pressenza.com\/de\/\",\"logo\":{\"@type\":\"ImageObject\",\"inLanguage\":\"de\",\"@id\":\"https:\/\/www.pressenza.com\/de\/#\/schema\/logo\/image\/\",\"url\":\"https:\/\/www.pressenza.com\/wp-content\/uploads\/2022\/10\/pressenza_logo_200x200.jpg\",\"contentUrl\":\"https:\/\/www.pressenza.com\/wp-content\/uploads\/2022\/10\/pressenza_logo_200x200.jpg\",\"width\":200,\"height\":200,\"caption\":\"Pressenza\"},\"image\":{\"@id\":\"https:\/\/www.pressenza.com\/de\/#\/schema\/logo\/image\/\"},\"sameAs\":[\"https:\/\/www.facebook.com\/PressenzaItalia\",\"https:\/\/x.com\/PressenzaIPA\"]},{\"@type\":\"Person\",\"@id\":\"https:\/\/www.pressenza.com\/de\/#\/schema\/person\/410c2763d16d8c23bafdff4e19d0d35b\",\"name\":\"Tom\u00e1s Hirsch\",\"description\":\"Tom\u00e1s lives in Santiago de Chile. He has been a member of the Humanist Party since its inception in 1985 and resigned in 2020. He was the spokesperson for New Humanism in Latin America and was twice a presidential candidate for the Chilean left-wing parties. He is currently one of the most progressive Chilean deputies.\",\"url\":\"https:\/\/www.pressenza.com\/de\/author\/tomas-hirsch\/\"}]}<\/script>\n<!-- \/ Yoast SEO plugin. -->","yoast_head_json":{"title":"Stichwahl in Chile: Die Entscheidung zwischen Fortschritt und R\u00fcckschritt","description":"Die Stichwahl ist der Moment der Wahrheit. Es ist der Moment, in dem Worte zu klaren Verpflichtungen werden m\u00fcssen und in dem Versprechen am Alltag von","robots":{"index":"index","follow":"follow","max-snippet":"max-snippet:-1","max-image-preview":"max-image-preview:large","max-video-preview":"max-video-preview:-1"},"canonical":"https:\/\/www.pressenza.com\/de\/2025\/12\/stichwahl-in-chile-die-entscheidung-zwischen-fortschritt-und-rueckschritt\/","og_locale":"de_DE","og_type":"article","og_title":"Stichwahl in Chile: Die Entscheidung zwischen Fortschritt und R\u00fcckschritt","og_description":"Die Stichwahl ist der Moment der Wahrheit. Es ist der Moment, in dem Worte zu klaren Verpflichtungen werden m\u00fcssen und in dem Versprechen am Alltag von","og_url":"https:\/\/www.pressenza.com\/de\/2025\/12\/stichwahl-in-chile-die-entscheidung-zwischen-fortschritt-und-rueckschritt\/","og_site_name":"Pressenza","article_publisher":"https:\/\/www.facebook.com\/PressenzaItalia","article_published_time":"2025-12-12T16:19:15+00:00","article_modified_time":"2025-12-12T16:21:32+00:00","og_image":[{"width":1920,"height":1280,"url":"https:\/\/www.pressenza.com\/wp-content\/uploads\/2025\/12\/urna-electoral.jpg","type":"image\/jpeg"}],"author":"Tom\u00e1s Hirsch","twitter_card":"summary_large_image","twitter_creator":"@PressenzaIPA","twitter_site":"@PressenzaIPA","twitter_misc":{"Verfasst von":"Tom\u00e1s Hirsch","Gesch\u00e4tzte Lesezeit":"4\u00a0Minuten"},"schema":{"@context":"https:\/\/schema.org","@graph":[{"@type":"Article","@id":"https:\/\/www.pressenza.com\/de\/2025\/12\/stichwahl-in-chile-die-entscheidung-zwischen-fortschritt-und-rueckschritt\/#article","isPartOf":{"@id":"https:\/\/www.pressenza.com\/de\/2025\/12\/stichwahl-in-chile-die-entscheidung-zwischen-fortschritt-und-rueckschritt\/"},"author":{"name":"Tom\u00e1s Hirsch","@id":"https:\/\/www.pressenza.com\/de\/#\/schema\/person\/410c2763d16d8c23bafdff4e19d0d35b"},"headline":"Stichwahl in Chile: Die Entscheidung zwischen Fortschritt und R\u00fcckschritt","datePublished":"2025-12-12T16:19:15+00:00","dateModified":"2025-12-12T16:21:32+00:00","mainEntityOfPage":{"@id":"https:\/\/www.pressenza.com\/de\/2025\/12\/stichwahl-in-chile-die-entscheidung-zwischen-fortschritt-und-rueckschritt\/"},"wordCount":643,"publisher":{"@id":"https:\/\/www.pressenza.com\/de\/#organization"},"image":{"@id":"https:\/\/www.pressenza.com\/de\/2025\/12\/stichwahl-in-chile-die-entscheidung-zwischen-fortschritt-und-rueckschritt\/#primaryimage"},"thumbnailUrl":"https:\/\/www.pressenza.com\/wp-content\/uploads\/2025\/12\/urna-electoral.jpg","keywords":["Chile","Demokratie","Erinnerungspolitik","gesellschaftlicher Wandel","Jeannette Jara","Jos\u00e9 Antonio Kast","Menschenrechte","Pinochet-Diktatur","Rentenreform","soziale Gerechtigkeit","Stichwahl","Verbrechen gegen die Menschlichkeit","Wahlkampf"],"articleSection":["Meinungen","Originalinhalt","Politik","S\u00fcdamerika"],"inLanguage":"de"},{"@type":"WebPage","@id":"https:\/\/www.pressenza.com\/de\/2025\/12\/stichwahl-in-chile-die-entscheidung-zwischen-fortschritt-und-rueckschritt\/","url":"https:\/\/www.pressenza.com\/de\/2025\/12\/stichwahl-in-chile-die-entscheidung-zwischen-fortschritt-und-rueckschritt\/","name":"Stichwahl in Chile: Die Entscheidung zwischen Fortschritt und R\u00fcckschritt","isPartOf":{"@id":"https:\/\/www.pressenza.com\/de\/#website"},"primaryImageOfPage":{"@id":"https:\/\/www.pressenza.com\/de\/2025\/12\/stichwahl-in-chile-die-entscheidung-zwischen-fortschritt-und-rueckschritt\/#primaryimage"},"image":{"@id":"https:\/\/www.pressenza.com\/de\/2025\/12\/stichwahl-in-chile-die-entscheidung-zwischen-fortschritt-und-rueckschritt\/#primaryimage"},"thumbnailUrl":"https:\/\/www.pressenza.com\/wp-content\/uploads\/2025\/12\/urna-electoral.jpg","datePublished":"2025-12-12T16:19:15+00:00","dateModified":"2025-12-12T16:21:32+00:00","description":"Die Stichwahl ist der Moment der Wahrheit. Es ist der Moment, in dem Worte zu klaren Verpflichtungen werden m\u00fcssen und in dem Versprechen am Alltag von","breadcrumb":{"@id":"https:\/\/www.pressenza.com\/de\/2025\/12\/stichwahl-in-chile-die-entscheidung-zwischen-fortschritt-und-rueckschritt\/#breadcrumb"},"inLanguage":"de","potentialAction":[{"@type":"ReadAction","target":["https:\/\/www.pressenza.com\/de\/2025\/12\/stichwahl-in-chile-die-entscheidung-zwischen-fortschritt-und-rueckschritt\/"]}]},{"@type":"ImageObject","inLanguage":"de","@id":"https:\/\/www.pressenza.com\/de\/2025\/12\/stichwahl-in-chile-die-entscheidung-zwischen-fortschritt-und-rueckschritt\/#primaryimage","url":"https:\/\/www.pressenza.com\/wp-content\/uploads\/2025\/12\/urna-electoral.jpg","contentUrl":"https:\/\/www.pressenza.com\/wp-content\/uploads\/2025\/12\/urna-electoral.jpg","width":1920,"height":1280},{"@type":"BreadcrumbList","@id":"https:\/\/www.pressenza.com\/de\/2025\/12\/stichwahl-in-chile-die-entscheidung-zwischen-fortschritt-und-rueckschritt\/#breadcrumb","itemListElement":[{"@type":"ListItem","position":1,"name":"Accueil","item":"https:\/\/www.pressenza.com\/de\/"},{"@type":"ListItem","position":2,"name":"Stichwahl in Chile: Die Entscheidung zwischen Fortschritt und R\u00fcckschritt"}]},{"@type":"WebSite","@id":"https:\/\/www.pressenza.com\/de\/#website","url":"https:\/\/www.pressenza.com\/de\/","name":"Pressenza","description":"International Press Agency","publisher":{"@id":"https:\/\/www.pressenza.com\/de\/#organization"},"potentialAction":[{"@type":"SearchAction","target":{"@type":"EntryPoint","urlTemplate":"https:\/\/www.pressenza.com\/de\/?s={search_term_string}"},"query-input":{"@type":"PropertyValueSpecification","valueRequired":true,"valueName":"search_term_string"}}],"inLanguage":"de"},{"@type":"Organization","@id":"https:\/\/www.pressenza.com\/de\/#organization","name":"Pressenza","url":"https:\/\/www.pressenza.com\/de\/","logo":{"@type":"ImageObject","inLanguage":"de","@id":"https:\/\/www.pressenza.com\/de\/#\/schema\/logo\/image\/","url":"https:\/\/www.pressenza.com\/wp-content\/uploads\/2022\/10\/pressenza_logo_200x200.jpg","contentUrl":"https:\/\/www.pressenza.com\/wp-content\/uploads\/2022\/10\/pressenza_logo_200x200.jpg","width":200,"height":200,"caption":"Pressenza"},"image":{"@id":"https:\/\/www.pressenza.com\/de\/#\/schema\/logo\/image\/"},"sameAs":["https:\/\/www.facebook.com\/PressenzaItalia","https:\/\/x.com\/PressenzaIPA"]},{"@type":"Person","@id":"https:\/\/www.pressenza.com\/de\/#\/schema\/person\/410c2763d16d8c23bafdff4e19d0d35b","name":"Tom\u00e1s Hirsch","description":"Tom\u00e1s lives in Santiago de Chile. He has been a member of the Humanist Party since its inception in 1985 and resigned in 2020. He was the spokesperson for New Humanism in Latin America and was twice a presidential candidate for the Chilean left-wing parties. He is currently one of the most progressive Chilean deputies.","url":"https:\/\/www.pressenza.com\/de\/author\/tomas-hirsch\/"}]}},"place":"","original_article_url":"","_links":{"self":[{"href":"https:\/\/www.pressenza.com\/de\/wp-json\/wp\/v2\/posts\/2660752","targetHints":{"allow":["GET"]}}],"collection":[{"href":"https:\/\/www.pressenza.com\/de\/wp-json\/wp\/v2\/posts"}],"about":[{"href":"https:\/\/www.pressenza.com\/de\/wp-json\/wp\/v2\/types\/post"}],"author":[{"embeddable":true,"href":"https:\/\/www.pressenza.com\/de\/wp-json\/wp\/v2\/users\/18"}],"replies":[{"embeddable":true,"href":"https:\/\/www.pressenza.com\/de\/wp-json\/wp\/v2\/comments?post=2660752"}],"version-history":[{"count":1,"href":"https:\/\/www.pressenza.com\/de\/wp-json\/wp\/v2\/posts\/2660752\/revisions"}],"predecessor-version":[{"id":2660754,"href":"https:\/\/www.pressenza.com\/de\/wp-json\/wp\/v2\/posts\/2660752\/revisions\/2660754"}],"wp:featuredmedia":[{"embeddable":true,"href":"https:\/\/www.pressenza.com\/de\/wp-json\/wp\/v2\/media\/2660753"}],"wp:attachment":[{"href":"https:\/\/www.pressenza.com\/de\/wp-json\/wp\/v2\/media?parent=2660752"}],"wp:term":[{"taxonomy":"category","embeddable":true,"href":"https:\/\/www.pressenza.com\/de\/wp-json\/wp\/v2\/categories?post=2660752"},{"taxonomy":"post_tag","embeddable":true,"href":"https:\/\/www.pressenza.com\/de\/wp-json\/wp\/v2\/tags?post=2660752"}],"curies":[{"name":"wp","href":"https:\/\/api.w.org\/{rel}","templated":true}]}}