{"id":2648714,"date":"2025-10-30T08:49:51","date_gmt":"2025-10-30T08:49:51","guid":{"rendered":"https:\/\/www.pressenza.com\/?p=2648714"},"modified":"2025-10-30T09:23:32","modified_gmt":"2025-10-30T09:23:32","slug":"die-reichsten-01-stossen-an-einem-tag-mehr-co%e2%82%82-aus-als-die-aermere-haelfte-der-welt-in-einem-ganzen-jahr","status":"publish","type":"post","link":"https:\/\/www.pressenza.com\/de\/2025\/10\/die-reichsten-01-stossen-an-einem-tag-mehr-co%e2%82%82-aus-als-die-aermere-haelfte-der-welt-in-einem-ganzen-jahr\/","title":{"rendered":"Die Reichsten 0,1 % sto\u00dfen an einem Tag mehr CO\u2082 aus als die \u00e4rmere H\u00e4lfte der Welt in einem ganzen Jahr"},"content":{"rendered":"<p data-start=\"388\" data-end=\"731\"><strong>Eine neue Studie der Entwicklungsorganisation Oxfam legt offen, wie extrem ungleich die Verantwortung f\u00fcr die Klimakrise verteilt ist. Demnach verursacht eine Person aus dem reichsten 0,1 Prozent der Weltbev\u00f6lkerung an einem einzigen Tag mehr Treibhausgase als jemand aus der \u00e4rmsten H\u00e4lfte der Menschheit im gesamten Jahr.<\/strong><\/p>\n<p data-start=\"733\" data-end=\"800\"><strong>Die Kluft zwischen Arm und Reich w\u00e4chst \u2013 auch beim CO\u2082-Aussto\u00df<\/strong><\/p>\n<p data-start=\"802\" data-end=\"1214\">Seit 1990 ist der Anteil der Emissionen, der auf die wohlhabendsten 0,1 Prozent entf\u00e4llt, um <strong data-start=\"895\" data-end=\"919\">32 Prozent gestiegen<\/strong>, w\u00e4hrend der Anteil der \u00e4rmeren H\u00e4lfte der Weltbev\u00f6lkerung sogar <strong data-start=\"985\" data-end=\"997\">gesunken<\/strong> ist.<br data-start=\"1002\" data-end=\"1005\" \/>W\u00fcrde die gesamte Menschheit so leben wie diese Elite, w\u00e4re das <strong data-start=\"1069\" data-end=\"1104\">verbleibende globale CO\u2082-Budget<\/strong>, das eine Begrenzung der Erderw\u00e4rmung auf 1,5 Grad erm\u00f6glicht, <strong data-start=\"1168\" data-end=\"1211\">in weniger als drei Wochen aufgebraucht<\/strong>.<\/p>\n<p data-start=\"1216\" data-end=\"1659\">Um dieses Ziel einzuhalten, m\u00fcssten die Reichsten ihre <strong data-start=\"1271\" data-end=\"1333\">individuellen Emissionen bis 2030 um 99 Prozent reduzieren<\/strong>, so Oxfam.<br data-start=\"1344\" data-end=\"1347\" \/>Eine einzelne Person aus dieser Gruppe verursacht t\u00e4glich rund <strong data-start=\"1410\" data-end=\"1440\">800 Kilogramm Kohlendioxid<\/strong> \u2013 eine Menge, die selbst kein Mensch heben k\u00f6nnte. Zum Vergleich: Die \u00e4rmere H\u00e4lfte der Weltbev\u00f6lkerung st\u00f6\u00dft durchschnittlich nur <strong data-start=\"1572\" data-end=\"1599\">2 Kilogramm CO\u2082 pro Tag<\/strong> aus \u2013 ein Gewicht, das ein Kind problemlos tragen k\u00f6nnte.<\/p>\n<p data-start=\"1666\" data-end=\"1702\"><strong>Luxusleben auf Kosten des Klimas<\/strong><\/p>\n<p data-start=\"1704\" data-end=\"2173\">Die Untersuchung, die im Vorfeld der <strong data-start=\"1741\" data-end=\"1765\">Klimakonferenz COP30<\/strong> im brasilianischen <strong data-start=\"1785\" data-end=\"1794\">Bel\u00e9m<\/strong> ver\u00f6ffentlicht wurde, zeigt, dass die <strong data-start=\"1833\" data-end=\"1869\">klimazerst\u00f6rerischen Lebensstile<\/strong> der Superreichen das verbleibende <strong data-start=\"1904\" data-end=\"1931\">globale Emissionsbudget<\/strong> nahezu aufzehren.<br data-start=\"1949\" data-end=\"1952\" \/>Dar\u00fcber hinaus verdeutlicht der Bericht, wie <strong data-start=\"1997\" data-end=\"2066\">Milliard\u00e4re durch ihren politischen und wirtschaftlichen Einfluss<\/strong> die Abh\u00e4ngigkeit von fossilen Energien aufrechterhalten \u2013 und damit <strong data-start=\"2135\" data-end=\"2170\">ihre eigenen Gewinne maximieren<\/strong>.<\/p>\n<p data-start=\"2175\" data-end=\"2417\">Die Studie mit dem Titel <em data-start=\"2200\" data-end=\"2284\">\u201eClimate Plunder \u2013 Wie eine m\u00e4chtige Minderheit die Welt in die Katastrophe f\u00fchrt\u201c<\/em> belegt: W\u00fcrde jeder Mensch so viel CO\u2082 freisetzen wie die Reichsten, w\u00e4re das gesamte Budget in weniger als drei Wochen ersch\u00f6pft.<\/p>\n<p data-start=\"2424\" data-end=\"2454\"><strong>Gewinne aus der Zerst\u00f6rung<\/strong><\/p>\n<p data-start=\"2456\" data-end=\"2865\">Die wohlhabendsten Menschen verursachen nicht nur \u00fcberproportional hohe Emissionen, sondern <strong data-start=\"2548\" data-end=\"2612\">profitieren zus\u00e4tzlich von den klimasch\u00e4dlichsten Industrien<\/strong>.<br data-start=\"2613\" data-end=\"2616\" \/>Laut Oxfam entstehen durch die <strong data-start=\"2647\" data-end=\"2701\">Investitionen eines durchschnittlichen Milliard\u00e4rs<\/strong> j\u00e4hrlich rund <strong data-start=\"2716\" data-end=\"2756\">1,9 Millionen Tonnen CO\u2082-\u00c4quivalente<\/strong>.<br data-start=\"2757\" data-end=\"2760\" \/>Um denselben Aussto\u00df zu erreichen, m\u00fcsste man <strong data-start=\"2806\" data-end=\"2850\">fast 10.000 Weltumrundungen im Privatjet<\/strong> unternehmen.<\/p>\n<p data-start=\"2867\" data-end=\"3276\">Nahezu <strong data-start=\"2874\" data-end=\"2888\">60 Prozent<\/strong> der milliardenschweren Kapitalanlagen befinden sich in <strong data-start=\"2944\" data-end=\"2990\">Sektoren mit besonders hohem Klimaeinfluss<\/strong>, wie \u00d6l, Gas oder Bergbau.<br data-start=\"3017\" data-end=\"3020\" \/>Diese Investitionen erzeugen <strong data-start=\"3049\" data-end=\"3087\">zweieinhalbmal so viele Emissionen<\/strong> wie ein durchschnittliches Investment im globalen Aktienindex <strong data-start=\"3150\" data-end=\"3162\">S&amp;P 1200<\/strong>.<br data-start=\"3163\" data-end=\"3166\" \/>Zusammengenommen verursachen die <strong data-start=\"3199\" data-end=\"3238\">Portfolios von nur 308 Milliard\u00e4ren<\/strong> mehr Emissionen als <strong data-start=\"3259\" data-end=\"3273\">118 L\u00e4nder<\/strong>.<\/p>\n<p data-start=\"3278\" data-end=\"3392\">Oxfam-Direktor <strong data-start=\"3293\" data-end=\"3310\">Amitabh Behar<\/strong> betont, dass die Klimakrise untrennbar mit sozialer Ungleichheit verbunden sei:<\/p>\n<blockquote data-start=\"3393\" data-end=\"3533\">\n<p data-start=\"3395\" data-end=\"3533\">\u201eDie Reichsten der Welt finanzieren und befeuern die Klimazerst\u00f6rung \u2013 w\u00e4hrend die gro\u00dfe Mehrheit die fatalen Konsequenzen tragen muss.\u201c<\/p>\n<\/blockquote>\n<p data-start=\"3540\" data-end=\"3568\"><strong>Macht, Geld und Einfluss<\/strong><\/p>\n<p data-start=\"3570\" data-end=\"3931\">Neben ihrem \u00fcberm\u00e4\u00dfigen Konsum nutzen die Superreichen laut Oxfam auch ihren <strong data-start=\"3647\" data-end=\"3689\">Einfluss auf politische Entscheidungen<\/strong>, um effektive Klimapolitik zu verhindern.<br data-start=\"3731\" data-end=\"3734\" \/>Bei der letzten Klimakonferenz <strong data-start=\"3765\" data-end=\"3774\">COP29<\/strong> erhielten <strong data-start=\"3785\" data-end=\"3805\">1.773 Lobbyisten<\/strong> aus der Kohle-, \u00d6l- und Gasbranche Zugang \u2013 <strong data-start=\"3850\" data-end=\"3928\">mehr als die zehn am st\u00e4rksten vom Klimawandel betroffenen L\u00e4nder zusammen<\/strong>.<\/p>\n<p data-start=\"3933\" data-end=\"4125\">In mehreren westlichen Staaten, darunter <strong data-start=\"3974\" data-end=\"4029\">die USA, Gro\u00dfbritannien, Frankreich und Deutschland<\/strong>, seien nach <strong data-start=\"4042\" data-end=\"4083\">Gro\u00dfspenden von Klimaskeptiker-Lobbys<\/strong> Klimaschutzgesetze abgeschw\u00e4cht worden.<\/p>\n<p data-start=\"4127\" data-end=\"4178\">Behar kritisiert diese Machtkonzentration scharf:<\/p>\n<blockquote data-start=\"4179\" data-end=\"4650\">\n<p data-start=\"4181\" data-end=\"4426\">\u201eEs ist ein schweres Versagen, dass sich Reichtum und Einfluss in den H\u00e4nden weniger konzentrieren durften \u2013 und diese Macht genutzt wird, um politische Fortschritte zu blockieren und die Welt weiter auf einen zerst\u00f6rerischen Kurs zu zwingen.\u201c<\/p>\n<p data-start=\"4433\" data-end=\"4650\">\u201eWir m\u00fcssen den \u00fcberm\u00e4\u00dfigen Einfluss der Superreichen brechen \u2013 durch <strong data-start=\"4503\" data-end=\"4523\">Verm\u00f6genssteuern<\/strong>, ein <strong data-start=\"4529\" data-end=\"4565\">Lobbyverbot f\u00fcr fossile Konzerne<\/strong> und <strong data-start=\"4570\" data-end=\"4646\">mehr Mitsprache derjenigen, die am st\u00e4rksten unter der Klimakrise leiden<\/strong>.\u201c<\/p>\n<\/blockquote>\n<p data-start=\"4657\" data-end=\"4703\"><strong>Die Folgen: Tod, Armut und Ungerechtigkeit<\/strong><\/p>\n<p data-start=\"4705\" data-end=\"5166\">Die Emissionen des <strong data-start=\"4724\" data-end=\"4746\">reichsten Prozents<\/strong> der Weltbev\u00f6lkerung k\u00f6nnten bis zum Ende des Jahrhunderts <strong data-start=\"4805\" data-end=\"4847\">1,3 Millionen hitzebedingte Todesf\u00e4lle<\/strong> verursachen.<br data-start=\"4860\" data-end=\"4863\" \/>Bis <strong data-start=\"4867\" data-end=\"4875\">2050<\/strong> drohen \u00e4rmeren und mittleren L\u00e4ndern <strong data-start=\"4913\" data-end=\"4968\">wirtschaftliche Verluste von 44 Billionen US-Dollar<\/strong>.<br data-start=\"4969\" data-end=\"4972\" \/>Am h\u00e4rtesten treffen die Folgen jene, die <strong data-start=\"5014\" data-end=\"5063\">am wenigsten zur Klimakrise beigetragen haben<\/strong> \u2013 vor allem <strong data-start=\"5076\" data-end=\"5106\">Menschen im Globalen S\u00fcden<\/strong>, <strong data-start=\"5108\" data-end=\"5118\">Frauen<\/strong>, <strong data-start=\"5120\" data-end=\"5131\">M\u00e4dchen<\/strong> und <strong data-start=\"5136\" data-end=\"5163\">indigene Gemeinschaften<\/strong>.<\/p>\n<p data-start=\"5168\" data-end=\"5429\">Zehn Jahre nach dem <strong data-start=\"5188\" data-end=\"5213\">Pariser Klimaabkommen<\/strong> zieht Oxfam eine ern\u00fcchternde Bilanz:<br data-start=\"5251\" data-end=\"5254\" \/>Seit 2015 haben die <strong data-start=\"5274\" data-end=\"5297\">reichsten 1 Prozent<\/strong> der Welt <strong data-start=\"5307\" data-end=\"5372\">mehr als doppelt so viel vom globalen CO\u2082-Budget aufgebraucht<\/strong> wie die gesamte \u00e4rmere H\u00e4lfte der Menschheit zusammen.<\/p>\n<p data-start=\"5436\" data-end=\"5482\"><strong>Oxfams Forderungen an Regierungen weltweit<\/strong><\/p>\n<p data-start=\"5484\" data-end=\"5707\">Vor Beginn der COP30 ruft Oxfam Regierungen dazu auf, <strong data-start=\"5538\" data-end=\"5593\">die Emissionen der Superreichen drastisch zu senken<\/strong> und deren <strong data-start=\"5604\" data-end=\"5649\">wirtschaftlichen wie politischen Einfluss<\/strong> zu begrenzen.<br data-start=\"5663\" data-end=\"5666\" \/>Die Organisation fordert unter anderem:<\/p>\n<ol data-start=\"5709\" data-end=\"6756\">\n<li data-start=\"5709\" data-end=\"6077\">\n<p data-start=\"5712\" data-end=\"6077\"><strong data-start=\"5712\" data-end=\"5778\">Steuern auf extreme Verm\u00f6gen und \u00dcbergewinne fossiler Konzerne<\/strong> sowie Unterst\u00fctzung eines <strong data-start=\"5805\" data-end=\"5827\">UN-Steuerabkommens<\/strong>, um internationale Gerechtigkeit zu f\u00f6rdern.<br data-start=\"5872\" data-end=\"5875\" \/>Eine <strong data-start=\"5883\" data-end=\"5904\">60-Prozent-Abgabe<\/strong> auf die Einkommen des reichsten 1 Prozent weltweit k\u00f6nnte Emissionen in H\u00f6he der <strong data-start=\"5986\" data-end=\"6021\">gesamten britischen Jahresmenge<\/strong> einsparen und <strong data-start=\"6036\" data-end=\"6063\">6,4 Billionen US-Dollar<\/strong> einbringen.<\/p>\n<\/li>\n<li data-start=\"6078\" data-end=\"6312\">\n<p data-start=\"6081\" data-end=\"6312\"><strong data-start=\"6081\" data-end=\"6136\">Ausschluss fossiler Konzerne von Klimaverhandlungen<\/strong> wie der COP, Einf\u00fchrung strenger <strong data-start=\"6170\" data-end=\"6195\">Nachhaltigkeitsregeln<\/strong> f\u00fcr Unternehmen und Banken sowie Ablehnung von Handelsabkommen, die Konzerninteressen \u00fcber das Gemeinwohl stellen.<\/p>\n<\/li>\n<li data-start=\"6313\" data-end=\"6456\">\n<p data-start=\"6316\" data-end=\"6456\"><strong data-start=\"6316\" data-end=\"6380\">Mehr Beteiligung der Zivilgesellschaft und indigener Gruppen<\/strong> an internationalen Klimagespr\u00e4chen, um Ungleichheiten sichtbar zu machen.<\/p>\n<\/li>\n<li data-start=\"6457\" data-end=\"6591\">\n<p data-start=\"6460\" data-end=\"6591\"><strong data-start=\"6460\" data-end=\"6510\">Faire Verteilung des verbleibenden CO\u2082-Budgets<\/strong>, orientiert an historischer Verantwortung und \u00f6konomischer Leistungsf\u00e4higkeit.<\/p>\n<\/li>\n<li data-start=\"6592\" data-end=\"6756\">\n<p data-start=\"6595\" data-end=\"6756\"><strong data-start=\"6595\" data-end=\"6656\">Eine Wirtschaft, die Mensch und Umwelt \u00fcber Profit stellt<\/strong>, durch Abkehr von neoliberaler Politik hin zu einem nachhaltigen und gerechten Wirtschaftsmodell.<\/p>\n<\/li>\n<\/ol>\n<p>&nbsp;<\/p>\n<p data-start=\"4693\" data-end=\"4850\"><strong data-start=\"4693\" data-end=\"4704\">Quelle:<\/strong><br data-start=\"4704\" data-end=\"4707\" \/>Oxfam International (2025): <em data-start=\"4735\" data-end=\"4810\">Climate Plunder \u2013 How a Powerful Few Are Locking the World into Disaster.<\/em><br data-start=\"4810\" data-end=\"4813\" \/>Ver\u00f6ffentlicht am 28. Oktober 2025.<\/p>\n","protected":false},"excerpt":{"rendered":"<p>Eine neue Studie der Entwicklungsorganisation Oxfam legt offen, wie extrem ungleich die Verantwortung f\u00fcr die Klimakrise verteilt ist. Demnach verursacht eine Person aus dem reichsten 0,1 Prozent der Weltbev\u00f6lkerung an einem einzigen Tag mehr Treibhausgase als jemand aus der \u00e4rmsten&hellip;<\/p>\n","protected":false},"author":1096,"featured_media":2648717,"comment_status":"closed","ping_status":"closed","sticky":false,"template":"","format":"standard","meta":{"footnotes":""},"categories":[9164,9157,11387,9168,9158],"tags":[29111,74150,138385,12395,79097,11005],"class_list":["post-2648714","post","type-post","status-publish","format-standard","has-post-thumbnail","hentry","category-internationale-angelegenheiten","category-oekologie-und-umwelt","category-originalinhalt","category-politik","category-wirtschaft","tag-armut","tag-co2-de","tag-cop30-de","tag-klimawandel","tag-oxfam-de","tag-ungleichheit"],"yoast_head":"<!-- This site is optimized with the Yoast SEO plugin v27.1.1 - https:\/\/yoast.com\/product\/yoast-seo-wordpress\/ -->\n<title>Die Reichsten 0,1 % sto\u00dfen an einem Tag mehr CO\u2082 aus als die \u00e4rmere H\u00e4lfte der Welt in einem ganzen Jahr<\/title>\n<meta name=\"description\" content=\"Eine neue Studie der Entwicklungsorganisation Oxfam legt offen, wie extrem ungleich die Verantwortung f\u00fcr die Klimakrise verteilt ist. Demnach verursacht\" \/>\n<meta name=\"robots\" content=\"index, follow, max-snippet:-1, max-image-preview:large, max-video-preview:-1\" \/>\n<link rel=\"canonical\" href=\"https:\/\/www.pressenza.com\/de\/2025\/10\/die-reichsten-01-stossen-an-einem-tag-mehr-co%e2%82%82-aus-als-die-aermere-haelfte-der-welt-in-einem-ganzen-jahr\/\" \/>\n<meta property=\"og:locale\" content=\"de_DE\" \/>\n<meta property=\"og:type\" content=\"article\" \/>\n<meta property=\"og:title\" content=\"Die Reichsten 0,1 % sto\u00dfen an einem Tag mehr CO\u2082 aus als die \u00e4rmere H\u00e4lfte der Welt in einem ganzen Jahr\" \/>\n<meta property=\"og:description\" content=\"Eine neue Studie der Entwicklungsorganisation Oxfam legt offen, wie extrem ungleich die Verantwortung f\u00fcr die Klimakrise verteilt ist. Demnach verursacht\" \/>\n<meta property=\"og:url\" content=\"https:\/\/www.pressenza.com\/de\/2025\/10\/die-reichsten-01-stossen-an-einem-tag-mehr-co%e2%82%82-aus-als-die-aermere-haelfte-der-welt-in-einem-ganzen-jahr\/\" \/>\n<meta property=\"og:site_name\" content=\"Pressenza\" \/>\n<meta property=\"article:publisher\" content=\"https:\/\/www.facebook.com\/PressenzaItalia\" \/>\n<meta property=\"article:published_time\" content=\"2025-10-30T08:49:51+00:00\" \/>\n<meta property=\"article:modified_time\" content=\"2025-10-30T09:23:32+00:00\" \/>\n<meta property=\"og:image\" content=\"https:\/\/www.pressenza.com\/wp-content\/uploads\/2025\/10\/royal-romance-yacht-4446932_1280.jpg\" \/>\n\t<meta property=\"og:image:width\" content=\"1280\" \/>\n\t<meta property=\"og:image:height\" content=\"792\" \/>\n\t<meta property=\"og:image:type\" content=\"image\/jpeg\" \/>\n<meta name=\"author\" content=\"Pressenza Wien\" \/>\n<meta name=\"twitter:card\" content=\"summary_large_image\" \/>\n<meta name=\"twitter:creator\" content=\"@pressenza_ger\" \/>\n<meta name=\"twitter:site\" content=\"@PressenzaIPA\" \/>\n<meta name=\"twitter:label1\" content=\"Verfasst von\" \/>\n\t<meta name=\"twitter:data1\" content=\"Pressenza Wien\" \/>\n\t<meta name=\"twitter:label2\" content=\"Gesch\u00e4tzte Lesezeit\" \/>\n\t<meta name=\"twitter:data2\" content=\"5\u00a0Minuten\" \/>\n<script type=\"application\/ld+json\" class=\"yoast-schema-graph\">{\"@context\":\"https:\/\/schema.org\",\"@graph\":[{\"@type\":\"Article\",\"@id\":\"https:\/\/www.pressenza.com\/de\/2025\/10\/die-reichsten-01-stossen-an-einem-tag-mehr-co%e2%82%82-aus-als-die-aermere-haelfte-der-welt-in-einem-ganzen-jahr\/#article\",\"isPartOf\":{\"@id\":\"https:\/\/www.pressenza.com\/de\/2025\/10\/die-reichsten-01-stossen-an-einem-tag-mehr-co%e2%82%82-aus-als-die-aermere-haelfte-der-welt-in-einem-ganzen-jahr\/\"},\"author\":{\"name\":\"Pressenza Wien\",\"@id\":\"https:\/\/www.pressenza.com\/de\/#\/schema\/person\/3df859e5bf9b19ab936f666e0177e38b\"},\"headline\":\"Die Reichsten 0,1 % sto\u00dfen an einem Tag mehr CO\u2082 aus als die \u00e4rmere H\u00e4lfte der Welt in einem ganzen Jahr\",\"datePublished\":\"2025-10-30T08:49:51+00:00\",\"dateModified\":\"2025-10-30T09:23:32+00:00\",\"mainEntityOfPage\":{\"@id\":\"https:\/\/www.pressenza.com\/de\/2025\/10\/die-reichsten-01-stossen-an-einem-tag-mehr-co%e2%82%82-aus-als-die-aermere-haelfte-der-welt-in-einem-ganzen-jahr\/\"},\"wordCount\":877,\"publisher\":{\"@id\":\"https:\/\/www.pressenza.com\/de\/#organization\"},\"image\":{\"@id\":\"https:\/\/www.pressenza.com\/de\/2025\/10\/die-reichsten-01-stossen-an-einem-tag-mehr-co%e2%82%82-aus-als-die-aermere-haelfte-der-welt-in-einem-ganzen-jahr\/#primaryimage\"},\"thumbnailUrl\":\"https:\/\/www.pressenza.com\/wp-content\/uploads\/2025\/10\/royal-romance-yacht-4446932_1280.jpg\",\"keywords\":[\"Armut\",\"CO2\",\"COP30\",\"Klimawandel\",\"Oxfam\",\"Ungleichheit\"],\"articleSection\":[\"Internationale Angelegenheiten\",\"\u00d6kologie und Umwelt\",\"Originalinhalt\",\"Politik\",\"Wirtschaft\"],\"inLanguage\":\"de\"},{\"@type\":\"WebPage\",\"@id\":\"https:\/\/www.pressenza.com\/de\/2025\/10\/die-reichsten-01-stossen-an-einem-tag-mehr-co%e2%82%82-aus-als-die-aermere-haelfte-der-welt-in-einem-ganzen-jahr\/\",\"url\":\"https:\/\/www.pressenza.com\/de\/2025\/10\/die-reichsten-01-stossen-an-einem-tag-mehr-co%e2%82%82-aus-als-die-aermere-haelfte-der-welt-in-einem-ganzen-jahr\/\",\"name\":\"Die Reichsten 0,1 % sto\u00dfen an einem Tag mehr CO\u2082 aus als die \u00e4rmere H\u00e4lfte der Welt in einem ganzen Jahr\",\"isPartOf\":{\"@id\":\"https:\/\/www.pressenza.com\/de\/#website\"},\"primaryImageOfPage\":{\"@id\":\"https:\/\/www.pressenza.com\/de\/2025\/10\/die-reichsten-01-stossen-an-einem-tag-mehr-co%e2%82%82-aus-als-die-aermere-haelfte-der-welt-in-einem-ganzen-jahr\/#primaryimage\"},\"image\":{\"@id\":\"https:\/\/www.pressenza.com\/de\/2025\/10\/die-reichsten-01-stossen-an-einem-tag-mehr-co%e2%82%82-aus-als-die-aermere-haelfte-der-welt-in-einem-ganzen-jahr\/#primaryimage\"},\"thumbnailUrl\":\"https:\/\/www.pressenza.com\/wp-content\/uploads\/2025\/10\/royal-romance-yacht-4446932_1280.jpg\",\"datePublished\":\"2025-10-30T08:49:51+00:00\",\"dateModified\":\"2025-10-30T09:23:32+00:00\",\"description\":\"Eine neue Studie der Entwicklungsorganisation Oxfam legt offen, wie extrem ungleich die Verantwortung f\u00fcr die Klimakrise verteilt ist. Demnach verursacht\",\"breadcrumb\":{\"@id\":\"https:\/\/www.pressenza.com\/de\/2025\/10\/die-reichsten-01-stossen-an-einem-tag-mehr-co%e2%82%82-aus-als-die-aermere-haelfte-der-welt-in-einem-ganzen-jahr\/#breadcrumb\"},\"inLanguage\":\"de\",\"potentialAction\":[{\"@type\":\"ReadAction\",\"target\":[\"https:\/\/www.pressenza.com\/de\/2025\/10\/die-reichsten-01-stossen-an-einem-tag-mehr-co%e2%82%82-aus-als-die-aermere-haelfte-der-welt-in-einem-ganzen-jahr\/\"]}]},{\"@type\":\"ImageObject\",\"inLanguage\":\"de\",\"@id\":\"https:\/\/www.pressenza.com\/de\/2025\/10\/die-reichsten-01-stossen-an-einem-tag-mehr-co%e2%82%82-aus-als-die-aermere-haelfte-der-welt-in-einem-ganzen-jahr\/#primaryimage\",\"url\":\"https:\/\/www.pressenza.com\/wp-content\/uploads\/2025\/10\/royal-romance-yacht-4446932_1280.jpg\",\"contentUrl\":\"https:\/\/www.pressenza.com\/wp-content\/uploads\/2025\/10\/royal-romance-yacht-4446932_1280.jpg\",\"width\":1280,\"height\":792},{\"@type\":\"BreadcrumbList\",\"@id\":\"https:\/\/www.pressenza.com\/de\/2025\/10\/die-reichsten-01-stossen-an-einem-tag-mehr-co%e2%82%82-aus-als-die-aermere-haelfte-der-welt-in-einem-ganzen-jahr\/#breadcrumb\",\"itemListElement\":[{\"@type\":\"ListItem\",\"position\":1,\"name\":\"Accueil\",\"item\":\"https:\/\/www.pressenza.com\/de\/\"},{\"@type\":\"ListItem\",\"position\":2,\"name\":\"Die Reichsten 0,1 % sto\u00dfen an einem Tag mehr CO\u2082 aus als die \u00e4rmere H\u00e4lfte der Welt in einem ganzen Jahr\"}]},{\"@type\":\"WebSite\",\"@id\":\"https:\/\/www.pressenza.com\/de\/#website\",\"url\":\"https:\/\/www.pressenza.com\/de\/\",\"name\":\"Pressenza\",\"description\":\"International Press Agency\",\"publisher\":{\"@id\":\"https:\/\/www.pressenza.com\/de\/#organization\"},\"potentialAction\":[{\"@type\":\"SearchAction\",\"target\":{\"@type\":\"EntryPoint\",\"urlTemplate\":\"https:\/\/www.pressenza.com\/de\/?s={search_term_string}\"},\"query-input\":{\"@type\":\"PropertyValueSpecification\",\"valueRequired\":true,\"valueName\":\"search_term_string\"}}],\"inLanguage\":\"de\"},{\"@type\":\"Organization\",\"@id\":\"https:\/\/www.pressenza.com\/de\/#organization\",\"name\":\"Pressenza\",\"url\":\"https:\/\/www.pressenza.com\/de\/\",\"logo\":{\"@type\":\"ImageObject\",\"inLanguage\":\"de\",\"@id\":\"https:\/\/www.pressenza.com\/de\/#\/schema\/logo\/image\/\",\"url\":\"https:\/\/www.pressenza.com\/wp-content\/uploads\/2022\/10\/pressenza_logo_200x200.jpg\",\"contentUrl\":\"https:\/\/www.pressenza.com\/wp-content\/uploads\/2022\/10\/pressenza_logo_200x200.jpg\",\"width\":200,\"height\":200,\"caption\":\"Pressenza\"},\"image\":{\"@id\":\"https:\/\/www.pressenza.com\/de\/#\/schema\/logo\/image\/\"},\"sameAs\":[\"https:\/\/www.facebook.com\/PressenzaItalia\",\"https:\/\/x.com\/PressenzaIPA\"]},{\"@type\":\"Person\",\"@id\":\"https:\/\/www.pressenza.com\/de\/#\/schema\/person\/3df859e5bf9b19ab936f666e0177e38b\",\"name\":\"Pressenza Wien\",\"description\":\"News from the Pressenza Bureau in Vienna, Austria\",\"sameAs\":[\"https:\/\/x.com\/pressenza_ger\"],\"url\":\"https:\/\/www.pressenza.com\/de\/author\/pressenza-wien\/\"}]}<\/script>\n<!-- \/ Yoast SEO plugin. -->","yoast_head_json":{"title":"Die Reichsten 0,1 % sto\u00dfen an einem Tag mehr CO\u2082 aus als die \u00e4rmere H\u00e4lfte der Welt in einem ganzen Jahr","description":"Eine neue Studie der Entwicklungsorganisation Oxfam legt offen, wie extrem ungleich die Verantwortung f\u00fcr die Klimakrise verteilt ist. Demnach verursacht","robots":{"index":"index","follow":"follow","max-snippet":"max-snippet:-1","max-image-preview":"max-image-preview:large","max-video-preview":"max-video-preview:-1"},"canonical":"https:\/\/www.pressenza.com\/de\/2025\/10\/die-reichsten-01-stossen-an-einem-tag-mehr-co%e2%82%82-aus-als-die-aermere-haelfte-der-welt-in-einem-ganzen-jahr\/","og_locale":"de_DE","og_type":"article","og_title":"Die Reichsten 0,1 % sto\u00dfen an einem Tag mehr CO\u2082 aus als die \u00e4rmere H\u00e4lfte der Welt in einem ganzen Jahr","og_description":"Eine neue Studie der Entwicklungsorganisation Oxfam legt offen, wie extrem ungleich die Verantwortung f\u00fcr die Klimakrise verteilt ist. Demnach verursacht","og_url":"https:\/\/www.pressenza.com\/de\/2025\/10\/die-reichsten-01-stossen-an-einem-tag-mehr-co%e2%82%82-aus-als-die-aermere-haelfte-der-welt-in-einem-ganzen-jahr\/","og_site_name":"Pressenza","article_publisher":"https:\/\/www.facebook.com\/PressenzaItalia","article_published_time":"2025-10-30T08:49:51+00:00","article_modified_time":"2025-10-30T09:23:32+00:00","og_image":[{"width":1280,"height":792,"url":"https:\/\/www.pressenza.com\/wp-content\/uploads\/2025\/10\/royal-romance-yacht-4446932_1280.jpg","type":"image\/jpeg"}],"author":"Pressenza Wien","twitter_card":"summary_large_image","twitter_creator":"@pressenza_ger","twitter_site":"@PressenzaIPA","twitter_misc":{"Verfasst von":"Pressenza Wien","Gesch\u00e4tzte Lesezeit":"5\u00a0Minuten"},"schema":{"@context":"https:\/\/schema.org","@graph":[{"@type":"Article","@id":"https:\/\/www.pressenza.com\/de\/2025\/10\/die-reichsten-01-stossen-an-einem-tag-mehr-co%e2%82%82-aus-als-die-aermere-haelfte-der-welt-in-einem-ganzen-jahr\/#article","isPartOf":{"@id":"https:\/\/www.pressenza.com\/de\/2025\/10\/die-reichsten-01-stossen-an-einem-tag-mehr-co%e2%82%82-aus-als-die-aermere-haelfte-der-welt-in-einem-ganzen-jahr\/"},"author":{"name":"Pressenza Wien","@id":"https:\/\/www.pressenza.com\/de\/#\/schema\/person\/3df859e5bf9b19ab936f666e0177e38b"},"headline":"Die Reichsten 0,1 % sto\u00dfen an einem Tag mehr CO\u2082 aus als die \u00e4rmere H\u00e4lfte der Welt in einem ganzen Jahr","datePublished":"2025-10-30T08:49:51+00:00","dateModified":"2025-10-30T09:23:32+00:00","mainEntityOfPage":{"@id":"https:\/\/www.pressenza.com\/de\/2025\/10\/die-reichsten-01-stossen-an-einem-tag-mehr-co%e2%82%82-aus-als-die-aermere-haelfte-der-welt-in-einem-ganzen-jahr\/"},"wordCount":877,"publisher":{"@id":"https:\/\/www.pressenza.com\/de\/#organization"},"image":{"@id":"https:\/\/www.pressenza.com\/de\/2025\/10\/die-reichsten-01-stossen-an-einem-tag-mehr-co%e2%82%82-aus-als-die-aermere-haelfte-der-welt-in-einem-ganzen-jahr\/#primaryimage"},"thumbnailUrl":"https:\/\/www.pressenza.com\/wp-content\/uploads\/2025\/10\/royal-romance-yacht-4446932_1280.jpg","keywords":["Armut","CO2","COP30","Klimawandel","Oxfam","Ungleichheit"],"articleSection":["Internationale Angelegenheiten","\u00d6kologie und Umwelt","Originalinhalt","Politik","Wirtschaft"],"inLanguage":"de"},{"@type":"WebPage","@id":"https:\/\/www.pressenza.com\/de\/2025\/10\/die-reichsten-01-stossen-an-einem-tag-mehr-co%e2%82%82-aus-als-die-aermere-haelfte-der-welt-in-einem-ganzen-jahr\/","url":"https:\/\/www.pressenza.com\/de\/2025\/10\/die-reichsten-01-stossen-an-einem-tag-mehr-co%e2%82%82-aus-als-die-aermere-haelfte-der-welt-in-einem-ganzen-jahr\/","name":"Die Reichsten 0,1 % sto\u00dfen an einem Tag mehr CO\u2082 aus als die \u00e4rmere H\u00e4lfte der Welt in einem ganzen Jahr","isPartOf":{"@id":"https:\/\/www.pressenza.com\/de\/#website"},"primaryImageOfPage":{"@id":"https:\/\/www.pressenza.com\/de\/2025\/10\/die-reichsten-01-stossen-an-einem-tag-mehr-co%e2%82%82-aus-als-die-aermere-haelfte-der-welt-in-einem-ganzen-jahr\/#primaryimage"},"image":{"@id":"https:\/\/www.pressenza.com\/de\/2025\/10\/die-reichsten-01-stossen-an-einem-tag-mehr-co%e2%82%82-aus-als-die-aermere-haelfte-der-welt-in-einem-ganzen-jahr\/#primaryimage"},"thumbnailUrl":"https:\/\/www.pressenza.com\/wp-content\/uploads\/2025\/10\/royal-romance-yacht-4446932_1280.jpg","datePublished":"2025-10-30T08:49:51+00:00","dateModified":"2025-10-30T09:23:32+00:00","description":"Eine neue Studie der Entwicklungsorganisation Oxfam legt offen, wie extrem ungleich die Verantwortung f\u00fcr die Klimakrise verteilt ist. Demnach verursacht","breadcrumb":{"@id":"https:\/\/www.pressenza.com\/de\/2025\/10\/die-reichsten-01-stossen-an-einem-tag-mehr-co%e2%82%82-aus-als-die-aermere-haelfte-der-welt-in-einem-ganzen-jahr\/#breadcrumb"},"inLanguage":"de","potentialAction":[{"@type":"ReadAction","target":["https:\/\/www.pressenza.com\/de\/2025\/10\/die-reichsten-01-stossen-an-einem-tag-mehr-co%e2%82%82-aus-als-die-aermere-haelfte-der-welt-in-einem-ganzen-jahr\/"]}]},{"@type":"ImageObject","inLanguage":"de","@id":"https:\/\/www.pressenza.com\/de\/2025\/10\/die-reichsten-01-stossen-an-einem-tag-mehr-co%e2%82%82-aus-als-die-aermere-haelfte-der-welt-in-einem-ganzen-jahr\/#primaryimage","url":"https:\/\/www.pressenza.com\/wp-content\/uploads\/2025\/10\/royal-romance-yacht-4446932_1280.jpg","contentUrl":"https:\/\/www.pressenza.com\/wp-content\/uploads\/2025\/10\/royal-romance-yacht-4446932_1280.jpg","width":1280,"height":792},{"@type":"BreadcrumbList","@id":"https:\/\/www.pressenza.com\/de\/2025\/10\/die-reichsten-01-stossen-an-einem-tag-mehr-co%e2%82%82-aus-als-die-aermere-haelfte-der-welt-in-einem-ganzen-jahr\/#breadcrumb","itemListElement":[{"@type":"ListItem","position":1,"name":"Accueil","item":"https:\/\/www.pressenza.com\/de\/"},{"@type":"ListItem","position":2,"name":"Die Reichsten 0,1 % sto\u00dfen an einem Tag mehr CO\u2082 aus als die \u00e4rmere H\u00e4lfte der Welt in einem ganzen Jahr"}]},{"@type":"WebSite","@id":"https:\/\/www.pressenza.com\/de\/#website","url":"https:\/\/www.pressenza.com\/de\/","name":"Pressenza","description":"International Press Agency","publisher":{"@id":"https:\/\/www.pressenza.com\/de\/#organization"},"potentialAction":[{"@type":"SearchAction","target":{"@type":"EntryPoint","urlTemplate":"https:\/\/www.pressenza.com\/de\/?s={search_term_string}"},"query-input":{"@type":"PropertyValueSpecification","valueRequired":true,"valueName":"search_term_string"}}],"inLanguage":"de"},{"@type":"Organization","@id":"https:\/\/www.pressenza.com\/de\/#organization","name":"Pressenza","url":"https:\/\/www.pressenza.com\/de\/","logo":{"@type":"ImageObject","inLanguage":"de","@id":"https:\/\/www.pressenza.com\/de\/#\/schema\/logo\/image\/","url":"https:\/\/www.pressenza.com\/wp-content\/uploads\/2022\/10\/pressenza_logo_200x200.jpg","contentUrl":"https:\/\/www.pressenza.com\/wp-content\/uploads\/2022\/10\/pressenza_logo_200x200.jpg","width":200,"height":200,"caption":"Pressenza"},"image":{"@id":"https:\/\/www.pressenza.com\/de\/#\/schema\/logo\/image\/"},"sameAs":["https:\/\/www.facebook.com\/PressenzaItalia","https:\/\/x.com\/PressenzaIPA"]},{"@type":"Person","@id":"https:\/\/www.pressenza.com\/de\/#\/schema\/person\/3df859e5bf9b19ab936f666e0177e38b","name":"Pressenza Wien","description":"News from the Pressenza Bureau in Vienna, Austria","sameAs":["https:\/\/x.com\/pressenza_ger"],"url":"https:\/\/www.pressenza.com\/de\/author\/pressenza-wien\/"}]}},"place":"","original_article_url":"","_links":{"self":[{"href":"https:\/\/www.pressenza.com\/de\/wp-json\/wp\/v2\/posts\/2648714","targetHints":{"allow":["GET"]}}],"collection":[{"href":"https:\/\/www.pressenza.com\/de\/wp-json\/wp\/v2\/posts"}],"about":[{"href":"https:\/\/www.pressenza.com\/de\/wp-json\/wp\/v2\/types\/post"}],"author":[{"embeddable":true,"href":"https:\/\/www.pressenza.com\/de\/wp-json\/wp\/v2\/users\/1096"}],"replies":[{"embeddable":true,"href":"https:\/\/www.pressenza.com\/de\/wp-json\/wp\/v2\/comments?post=2648714"}],"version-history":[{"count":3,"href":"https:\/\/www.pressenza.com\/de\/wp-json\/wp\/v2\/posts\/2648714\/revisions"}],"predecessor-version":[{"id":2648718,"href":"https:\/\/www.pressenza.com\/de\/wp-json\/wp\/v2\/posts\/2648714\/revisions\/2648718"}],"wp:featuredmedia":[{"embeddable":true,"href":"https:\/\/www.pressenza.com\/de\/wp-json\/wp\/v2\/media\/2648717"}],"wp:attachment":[{"href":"https:\/\/www.pressenza.com\/de\/wp-json\/wp\/v2\/media?parent=2648714"}],"wp:term":[{"taxonomy":"category","embeddable":true,"href":"https:\/\/www.pressenza.com\/de\/wp-json\/wp\/v2\/categories?post=2648714"},{"taxonomy":"post_tag","embeddable":true,"href":"https:\/\/www.pressenza.com\/de\/wp-json\/wp\/v2\/tags?post=2648714"}],"curies":[{"name":"wp","href":"https:\/\/api.w.org\/{rel}","templated":true}]}}