{"id":2645235,"date":"2025-10-16T13:58:19","date_gmt":"2025-10-16T12:58:19","guid":{"rendered":"https:\/\/www.pressenza.com\/?p=2645235"},"modified":"2025-10-16T09:53:43","modified_gmt":"2025-10-16T08:53:43","slug":"syrien-am-rande-eines-neuen-buergerkriegs","status":"publish","type":"post","link":"https:\/\/www.pressenza.com\/de\/2025\/10\/syrien-am-rande-eines-neuen-buergerkriegs\/","title":{"rendered":"Syrien am Rande eines neuen B\u00fcrgerkriegs"},"content":{"rendered":"<div class=\"entry-content\">\n<p class=\"author-meta\"><strong>Pr\u00e4sident al-Sharaa lobt die Wahlen als Meilenstein im politischen Wandel des Landes \u2013 als w\u00fcrde er die Lage in Syrien verkennen<\/strong><\/p>\n<\/div>\n<div class=\"entry-content clearfix\">\n<p>F\u00fcr den syrischen Interimspr\u00e4sidenten Ahmed al-Sharaa begann diese Woche gut: Am Sonntag hatten in seinem Land die ersten Parlamentswahlen seit dem Sturz des ehemaligen Machthabers Baschar al-Assad ohne nennenswerte Sicherheitsprobleme stattgefunden. Diese Abstimmung sei ein bedeutender Schritt in die richtige Richtung, sagte er strahlend der Presse. Die Abstimmung symbolisiere einen Meilenstein im politischen Wandel seines Landes.<\/p>\n<p><em><a href=\"mailto:amalia@vangent.ch\">Amalia van Gent<\/a><\/em> <em>f\u00fcr die Online-Zeitung <a href=\"https:\/\/www.infosperber.ch\/politik\/syrien-am-rande-eines-neuen-buergerkriegs\/\">INFOsperber<\/a><\/em><\/p>\n<p><strong>Wahlen weder frei noch repr\u00e4sentativ<\/strong><\/p>\n<p>Dabei waren diese Wahlen weder frei noch repr\u00e4sentativ. Das Wahlsystem war kompliziert. Als W\u00e4hler zugelassen waren nicht alle, sondern bloss 6000, dem Pr\u00e4sidenten loyale Personen. 1578 Kandidaten standen zur Wahl, allesamt Personen, welche die Regierung zuvor ausgew\u00e4hlt hatte. Auf diese Weise wurden am Sonntag 140 Parlamentarier gew\u00e4hlt. Weitere 70 Abgeordnete darf der Pr\u00e4sident selbst ernennen. Das gerade gew\u00e4hlte Parlament mit insgesamt 210 Mitgliedern garantiert faktisch, dass der Pr\u00e4sident f\u00fcr die n\u00e4chsten drei Jahre wie jeder andere Autokrat im Nahen Osten auch, ohne Widerspruch und ohne Opposition regieren darf.<\/p>\n<p>Zu den grossen Verlierern geh\u00f6ren die verschiedenen religi\u00f6sen und ethnischen Minderheiten, die immerhin 35 Prozent der Bev\u00f6lkerung ausmachen. Die Alawiten, die mit rund 15 Prozent die gr\u00f6sste religi\u00f6se Minderheit in Syrien bilden, und die Christen unterschiedlicher Konfessionen wurden zur Abstimmung nicht einmal konsultiert. Die Kurden im Nordosten des Landes und die Drusen im S\u00fcden waren laut der offiziellen Verlautbarung aufgrund der \u00abungewissen Sicherheitslage in ihrem Gebiet\u00bb vom komplizierten Wahlsystem ausdr\u00fccklich ausgeschlossen.<\/p>\n<p>Zu den grossen Verlierern dieser Wahlen geh\u00f6ren schliesslich auch die Frauen. Im 210 Mitglieder z\u00e4hlenden Parlament werden nur sechs Frauen sitzen, was gerade einmal vier Prozent der Sitze entspricht.<\/p>\n<p><strong>Ist die Chance auf Frieden vertan?<\/strong><\/p>\n<p>Ist mit dieser Wahl in Syrien eine einmalige Chance zur Einigung des von B\u00fcrgerkrieg und Zerst\u00f6rung geschundenen Landes vertan?<\/p>\n<p>F\u00fcr die USA w\u00e4re es in Wirklichkeit ein Leichtes gewesen, die Regierung vor einer Wahlmanipulation in diesem grossen Stil zu warnen. Nach dem Sturz des Diktators Baschar al-Assad sind die USA der einzige grosse ausl\u00e4ndische Akteur in Syrien. Die USA haben dies jedoch nicht getan.<\/p>\n<p>Statt Damaskus vor Wahlf\u00e4lschungen zu warnen, habe die US-Politik gemeinsam mit der syrischen Regierung versucht, die Minderheiten \u00abdurch st\u00e4ndigen Druck zu zerm\u00fcrben\u00bb, sagte Salih Muslim, ein einflussreicher kurdische Politiker aus Nordsyrien, am Mittwoch gegen\u00fcber der kurdischen Internetplattform \u00abAnf\u00bb. \u00abSie forderten von uns, unsere Autonomie aufzugeben, unsere Waffen abzugeben und bedingungslos Teil des syrischen Staates zu werden\u00bb. Vorrangiges Ziel der US-Regierung war es laut Salih Muslim, bei der 80. Tagung der Vereinten Nationen Ahmed al-Sharaa als den Staatsmann zu legitimieren, der f\u00fcr ein einheitliches Syrien alternativlos w\u00e4re.<\/p>\n<p><strong>Ein Gewinner; kein Verlierer wie Assad<\/strong><\/p>\n<p>Es sei \u00ababsolut wichtig, dass Syrien ein einheitlicher, friedlicher Staat im Zentrum des Nahen Ostens ist\u00bb, best\u00e4tigte gegen\u00fcber der nordirakischen kurdischen Nachrichtenagentur \u00abRudaw\u00bb auch James Jeffrey. Washington arbeite daran, sicherzustellen, dass Ahmed al-Sharaa ein \u00abGewinner und kein Verlierer wird, kein zweiter Assad\u00bb. Denn: \u00abWir haben wirklich keine Alternative. Das ist unsere Politik\u00bb, so Jeffrey. Jeffrey diente von 2019 bis 2020 als Sondergesandter Washingtons f\u00fcr die von den USA gef\u00fchrte globale Koalition gegen den Islamischen Staat (Isis). Seine Stimme hat Gewicht. Wie so oft nach der Macht\u00fcbernahme Donald Trumps f\u00fcgten sich die EU-Staaten und Grossbritannien nach und nach ohne Widerrede dem Willen Washingtons, auch in der Syrien-Frage.<\/p>\n<p>Tatsache ist, dass Ahmed al-Sharaa bei der 80. Tagung der Vereinten Nationen von der Weltgemeinschaft fast wie ein Popstar gefeiert wurde. In zahlreichen Fernsehsendungen war zu sehen, wie sich dieser Al-Qaida-K\u00e4mpfer, der im Westen einst gef\u00fcrchtet war, in einem durchaus freundlichen Gespr\u00e4ch mit General David Petraeus, dem ber\u00fchmtesten Kommandeur der USA im Irakkrieg, austauschte. Surreal? Man k\u00f6nnte meinen: Ja. Schliesslich hatten die USA Al-Sharaa bis 2018 mit einem Kopfgeld von 10\u2019000 US-Dollar zur Fahndung ausgeschrieben.<\/p>\n<p>Auch die Szene, in der Donald Trump Seite an Seite mit seinem t\u00fcrkischen Amtskollegen Recep Tayyip Erdo\u011fan am Kopf eines grossen Tisches sitzt und mit einflussreichen arabischen Politikern \u00fcber die Zukunft Gazas diskutiert, wurde immer wieder gerne ausgestrahlt. Donald Trump bewundert starke M\u00e4nner wie Ahmed al-Sharaa und scheint den t\u00fcrkischen Pr\u00e4sidenten geradezu zu verehren. W\u00e4hrend der gemeinsamen Treffen \u00fcbersch\u00fcttete Trump seinen Gast aus der T\u00fcrkei fortw\u00e4hrend mit Lob, nannte ihn einen \u00abharten Kerl\u00bb, einen \u00abgrossen F\u00fchrer\u00bb und jemanden, den er \u00abrespektiere\u00bb. Erdogan verstehe sich bestens mit \u00abWahlmanipulationen\u00bb, sagte Trump, liess allerdings offen, ob er dies als Bewunderung oder als Kritik meinte.<\/p>\n<p><strong>Carte Blanche<\/strong><\/p>\n<p>Ahmed al-Sharaa und Recep Tayyip Erdo\u011fan kehrten von der 80. Tagung der Vereinten Nationen jedenfalls mit der Gewissheit zur\u00fcck, von der internationalen Gemeinschaft eine Art Carte Blanche f\u00fcr ihre Syrien-Politik erhalten zu haben.<\/p>\n<p>Hochmut ist jedoch oft ein schlechter Ratgeber. Gerade als al-Sharaa der \u00d6ffentlichkeit in Damaskus versicherte, die Wahlen seien f\u00fcr Syrien ein bedeutender Schritt in die richtige Richtung und eine Z\u00e4sur, stand sein Land bereits am Rande eines neuen B\u00fcrgerkriegs. Hatte der syrische Pr\u00e4sident von den gewaltsamen Entwicklungen in der zweitgr\u00f6ssten Stadt Syriens, Aleppo, gewusst und bewusst verschwiegen? Oder hatte er nicht alle mit seiner Regierung verb\u00fcndeten Sicherheitskr\u00e4fte unter Kontrolle?<\/p>\n<p>Laut \u00fcbereinstimmenden Presseberichten haben am vergangenen Montag Nachmittag mit seiner Regierung verb\u00fcndete Truppen in Aleppo alle Zugangsstrassen zu den zwei von Kurden bewohnten und von Kurden kontrollierten Viertel Sheikh Maqsoud und Ashrafiyyeh gesperrt. Es war zwar nicht das erste Mal, dass solche Truppen Hilfs- und medizinische Lieferungen nicht zuliessen und den Zugang zu diesen Vierteln blockierten. Als vergangenen Montag aber alle sieben Zugangsstrassen gesperrt wurden, entstand Panik. Eine Demonstration in den belagerten Vierteln endete t\u00f6dlich. Laut der in Grossbritannien ans\u00e4ssigen Syrischen Beobachtungsstelle f\u00fcr Menschenrechte wurden \u00abmehr als ein Dutzend Demonstranten bei einem gewaltsamen Vorgehen der mit der Regierung in Damaskus verb\u00fcndeten Sicherheitskr\u00e4fte verletzt\u00bb.<\/p>\n<p>Die von Damaskus unterst\u00fctzten Syrischen Weisshelme gaben hingegen an, dass ein Soldat der Regierung get\u00f6tet und f\u00fcnf weitere durch \u00abRaketenbeschuss\u00bb, der aus den kurdischen Vierteln kam, verletzt worden seien.<\/p>\n<p><strong>Ein D\u00e9j\u00e0-vu f\u00fcr die Minderheiten<\/strong><\/p>\n<p>Was auch stimmen mag \u2013 f\u00fcr die Minderheiten mutete das Vorgehen wie ein D\u00e9j\u00e0-vu an. Im M\u00e4rz dieses Jahres wurden in der alawitischen Hochburg der Provinz Latakia \u00fcber 1700 Menschen ermordet und Abertausende in die Flucht getrieben. Laut einem Bericht, den Amnesty International Ende Juli ver\u00f6ffentlichte, waren 298 regierungsnahe Soldaten direkt an den Massakern beteiligt.<\/p>\n<p>Ein Bombenanschlag auf die griechisch-orthodoxe Mar-Elias-Kirche in Damaskus Mitte Juni hatte mindestens 25 Menschen get\u00f6tet und \u00fcber 60 weitere verletzt. Das Attentat, zu dem sich eine Splittergruppe von Dschihadisten bekannt hatte, sorgte f\u00fcr Verunsicherung unter den christlichen Minderheiten. Die neue Migrationswelle der Christen aus Syrien will seither jedenfalls nicht nachlassen.<\/p>\n<p>Nur einen Monat sp\u00e4ter brachen in Suweida, einer Stadt im S\u00fcden des Landes, Unruhen aus. Suweida ist die Heimat der drusischen Minderheit und arabischer St\u00e4mme. Auch das Blutvergiessen in Suweida hatte weit \u00fcber 1000 Menschen das Leben gekostet und Abertausende in die Flucht gezwungen. Als am vergangenen Montag die Gefechte in den kurdischen Vierteln Aleppos begannen, glaubte die kurdische Minderheit, dass nun auch sie an der Reihe sei.<\/p>\n<p><strong>Amerikaner in Alarmstimmung<\/strong><\/p>\n<p>Im Gegensatz zu Christen, Alawiten und Drusen, die kaum \u00fcber nennenswerte Verteidigungskr\u00e4fte verf\u00fcgen, ist die von den Kurden kontrollierte SDF-Miliz von den USA ausgebildet und im Kampf gegen die Dschihadisten des IS mit modernsten Waffen ausger\u00fcstet. Sie ist den mit der Regierung verb\u00fcndeten Truppen ebenb\u00fcrtig, wenn nicht sogar \u00fcberlegen.<\/p>\n<p>Am sp\u00e4ten Montag Abend transportierten US-Milit\u00e4rhubschrauber eine hochrangige Delegation aus der sogenannten Demokratischen Autonomen Verwaltung Nord- und Ostsyriens (Daanes) heimlich nach Damaskus. Bei diesem Flug wurden der oberste Kommandeur der kurdisch gef\u00fchrten Syrischen Demokratischen Kr\u00e4fte (SDF), Mazlum Kobane, die als Aussenministerin fungierende Elham Ahmed, und Rohilat Afrin, Kommandantin der Frauenverteidigungseinheiten (YPJ), vom US-Botschafter Tom Barrack und dem obersten Befehlshaber aller amerikanischen Streitkr\u00e4fte im Nahen Osten, US-Admiral Brad Cooper, begleitet. Offensichtlich waren sich der amerikanische Diplomat und der amerikanische Offizier einig, dass Syrien ihnen um die Ohren fliegen k\u00f6nnte.<\/p>\n<p>Nach einem ausserordentlichen Treffen mit Ahmed al-Sharaa wurde am Dienstag Morgen eine \u00absofortige\u00bb Waffenruhe an allen Fronten im Norden und Nordosten erkl\u00e4rt.<\/p>\n<p>Am Mittwoch meldete die im Nahen Osten meist gut informierte Internetplattform \u00abal-Monitor\u00bb jedoch, dass die Belagerung der kurdischen Stadtteile in Aleppo trotz der Waffenruhe nach wie vor anhalte. Demnach w\u00fcrden syrische Regierungstruppen die Zufuhr von Lebensmitteln und Treibstoff in die \u00fcberwiegend kurdischen Stadtteile Sheikh Maqsud und al-Ashrafiyeh blockieren, die Wasser- und Stromversorgung unterbrechen und Zivilisten daran hindern, das Gebiet zu betreten oder zu verlassen.<\/p>\n<p>Am Donnerstag meldeten sowohl das syrische Verteidigungsministerium als auch die F\u00fchrung der SDF den Ausbruch neuer Gefechte in der N\u00e4he des Tishreen-Staudamms. Dabei beschuldigten sie sich gegenseitig, den gerade abgeschlossenen Waffenstillstand gebrochen zu haben.<\/p>\n<\/div>\n","protected":false},"excerpt":{"rendered":"<p>Pr\u00e4sident al-Sharaa lobt die Wahlen als Meilenstein im politischen Wandel des Landes \u2013 als w\u00fcrde er die Lage in Syrien verkennen F\u00fcr den syrischen Interimspr\u00e4sidenten Ahmed al-Sharaa begann diese Woche gut: Am Sonntag hatten in seinem Land die ersten Parlamentswahlen&hellip;<\/p>\n","protected":false},"author":1855,"featured_media":2645238,"comment_status":"closed","ping_status":"closed","sticky":false,"template":"","format":"standard","meta":{"footnotes":""},"categories":[9148,9161,9168],"tags":[9821,9914,9837,84053,19578,35545],"class_list":["post-2645235","post","type-post","status-publish","format-standard","has-post-thumbnail","hentry","category-asien","category-menschenrechte","category-politik","tag-demokratie","tag-minderheiten","tag-syrien","tag-waffenstillstand","tag-wahlen","tag-wahlrecht"],"yoast_head":"<!-- This site is optimized with the Yoast SEO plugin v27.1.1 - https:\/\/yoast.com\/product\/yoast-seo-wordpress\/ -->\n<title>Syrien am Rande eines neuen B\u00fcrgerkriegs<\/title>\n<meta name=\"description\" content=\"Pr\u00e4sident al-Sharaa lobt die Wahlen als Meilenstein im politischen Wandel des Landes \u2013 als w\u00fcrde er die Lage in Syrien verkennen F\u00fcr den syrischen\" \/>\n<meta name=\"robots\" content=\"index, follow, max-snippet:-1, max-image-preview:large, max-video-preview:-1\" \/>\n<link rel=\"canonical\" href=\"https:\/\/www.pressenza.com\/de\/2025\/10\/syrien-am-rande-eines-neuen-buergerkriegs\/\" \/>\n<meta property=\"og:locale\" content=\"de_DE\" \/>\n<meta property=\"og:type\" content=\"article\" \/>\n<meta property=\"og:title\" content=\"Syrien am Rande eines neuen B\u00fcrgerkriegs\" \/>\n<meta property=\"og:description\" content=\"Pr\u00e4sident al-Sharaa lobt die Wahlen als Meilenstein im politischen Wandel des Landes \u2013 als w\u00fcrde er die Lage in Syrien verkennen F\u00fcr den syrischen\" \/>\n<meta property=\"og:url\" content=\"https:\/\/www.pressenza.com\/de\/2025\/10\/syrien-am-rande-eines-neuen-buergerkriegs\/\" \/>\n<meta property=\"og:site_name\" content=\"Pressenza\" \/>\n<meta property=\"article:publisher\" content=\"https:\/\/www.facebook.com\/PressenzaItalia\" \/>\n<meta property=\"article:published_time\" content=\"2025-10-16T12:58:19+00:00\" \/>\n<meta property=\"og:image\" content=\"https:\/\/www.pressenza.com\/wp-content\/uploads\/2025\/10\/syrien.png\" \/>\n\t<meta property=\"og:image:width\" content=\"1190\" \/>\n\t<meta property=\"og:image:height\" content=\"604\" \/>\n\t<meta property=\"og:image:type\" content=\"image\/png\" \/>\n<meta name=\"author\" content=\"INFOsperber\" \/>\n<meta name=\"twitter:card\" content=\"summary_large_image\" \/>\n<meta name=\"twitter:creator\" content=\"@PressenzaIPA\" \/>\n<meta name=\"twitter:site\" content=\"@PressenzaIPA\" \/>\n<meta name=\"twitter:label1\" content=\"Verfasst von\" \/>\n\t<meta name=\"twitter:data1\" content=\"INFOsperber\" \/>\n\t<meta name=\"twitter:label2\" content=\"Gesch\u00e4tzte Lesezeit\" \/>\n\t<meta name=\"twitter:data2\" content=\"8\u00a0Minuten\" \/>\n<script type=\"application\/ld+json\" class=\"yoast-schema-graph\">{\"@context\":\"https:\/\/schema.org\",\"@graph\":[{\"@type\":\"Article\",\"@id\":\"https:\/\/www.pressenza.com\/de\/2025\/10\/syrien-am-rande-eines-neuen-buergerkriegs\/#article\",\"isPartOf\":{\"@id\":\"https:\/\/www.pressenza.com\/de\/2025\/10\/syrien-am-rande-eines-neuen-buergerkriegs\/\"},\"author\":{\"name\":\"INFOsperber\",\"@id\":\"https:\/\/www.pressenza.com\/de\/#\/schema\/person\/77735f6583e3041b31ebc7b93a284357\"},\"headline\":\"Syrien am Rande eines neuen B\u00fcrgerkriegs\",\"datePublished\":\"2025-10-16T12:58:19+00:00\",\"mainEntityOfPage\":{\"@id\":\"https:\/\/www.pressenza.com\/de\/2025\/10\/syrien-am-rande-eines-neuen-buergerkriegs\/\"},\"wordCount\":1484,\"publisher\":{\"@id\":\"https:\/\/www.pressenza.com\/de\/#organization\"},\"image\":{\"@id\":\"https:\/\/www.pressenza.com\/de\/2025\/10\/syrien-am-rande-eines-neuen-buergerkriegs\/#primaryimage\"},\"thumbnailUrl\":\"https:\/\/www.pressenza.com\/wp-content\/uploads\/2025\/10\/syrien.png\",\"keywords\":[\"Demokratie\",\"Minderheiten\",\"Syrien\",\"Waffenstillstand\",\"Wahlen\",\"Wahlrecht\"],\"articleSection\":[\"Asien\",\"Menschenrechte\",\"Politik\"],\"inLanguage\":\"de\"},{\"@type\":\"WebPage\",\"@id\":\"https:\/\/www.pressenza.com\/de\/2025\/10\/syrien-am-rande-eines-neuen-buergerkriegs\/\",\"url\":\"https:\/\/www.pressenza.com\/de\/2025\/10\/syrien-am-rande-eines-neuen-buergerkriegs\/\",\"name\":\"Syrien am Rande eines neuen B\u00fcrgerkriegs\",\"isPartOf\":{\"@id\":\"https:\/\/www.pressenza.com\/de\/#website\"},\"primaryImageOfPage\":{\"@id\":\"https:\/\/www.pressenza.com\/de\/2025\/10\/syrien-am-rande-eines-neuen-buergerkriegs\/#primaryimage\"},\"image\":{\"@id\":\"https:\/\/www.pressenza.com\/de\/2025\/10\/syrien-am-rande-eines-neuen-buergerkriegs\/#primaryimage\"},\"thumbnailUrl\":\"https:\/\/www.pressenza.com\/wp-content\/uploads\/2025\/10\/syrien.png\",\"datePublished\":\"2025-10-16T12:58:19+00:00\",\"description\":\"Pr\u00e4sident al-Sharaa lobt die Wahlen als Meilenstein im politischen Wandel des Landes \u2013 als w\u00fcrde er die Lage in Syrien verkennen F\u00fcr den syrischen\",\"breadcrumb\":{\"@id\":\"https:\/\/www.pressenza.com\/de\/2025\/10\/syrien-am-rande-eines-neuen-buergerkriegs\/#breadcrumb\"},\"inLanguage\":\"de\",\"potentialAction\":[{\"@type\":\"ReadAction\",\"target\":[\"https:\/\/www.pressenza.com\/de\/2025\/10\/syrien-am-rande-eines-neuen-buergerkriegs\/\"]}]},{\"@type\":\"ImageObject\",\"inLanguage\":\"de\",\"@id\":\"https:\/\/www.pressenza.com\/de\/2025\/10\/syrien-am-rande-eines-neuen-buergerkriegs\/#primaryimage\",\"url\":\"https:\/\/www.pressenza.com\/wp-content\/uploads\/2025\/10\/syrien.png\",\"contentUrl\":\"https:\/\/www.pressenza.com\/wp-content\/uploads\/2025\/10\/syrien.png\",\"width\":1190,\"height\":604},{\"@type\":\"BreadcrumbList\",\"@id\":\"https:\/\/www.pressenza.com\/de\/2025\/10\/syrien-am-rande-eines-neuen-buergerkriegs\/#breadcrumb\",\"itemListElement\":[{\"@type\":\"ListItem\",\"position\":1,\"name\":\"Accueil\",\"item\":\"https:\/\/www.pressenza.com\/de\/\"},{\"@type\":\"ListItem\",\"position\":2,\"name\":\"Syrien am Rande eines neuen B\u00fcrgerkriegs\"}]},{\"@type\":\"WebSite\",\"@id\":\"https:\/\/www.pressenza.com\/de\/#website\",\"url\":\"https:\/\/www.pressenza.com\/de\/\",\"name\":\"Pressenza\",\"description\":\"International Press Agency\",\"publisher\":{\"@id\":\"https:\/\/www.pressenza.com\/de\/#organization\"},\"potentialAction\":[{\"@type\":\"SearchAction\",\"target\":{\"@type\":\"EntryPoint\",\"urlTemplate\":\"https:\/\/www.pressenza.com\/de\/?s={search_term_string}\"},\"query-input\":{\"@type\":\"PropertyValueSpecification\",\"valueRequired\":true,\"valueName\":\"search_term_string\"}}],\"inLanguage\":\"de\"},{\"@type\":\"Organization\",\"@id\":\"https:\/\/www.pressenza.com\/de\/#organization\",\"name\":\"Pressenza\",\"url\":\"https:\/\/www.pressenza.com\/de\/\",\"logo\":{\"@type\":\"ImageObject\",\"inLanguage\":\"de\",\"@id\":\"https:\/\/www.pressenza.com\/de\/#\/schema\/logo\/image\/\",\"url\":\"https:\/\/www.pressenza.com\/wp-content\/uploads\/2022\/10\/pressenza_logo_200x200.jpg\",\"contentUrl\":\"https:\/\/www.pressenza.com\/wp-content\/uploads\/2022\/10\/pressenza_logo_200x200.jpg\",\"width\":200,\"height\":200,\"caption\":\"Pressenza\"},\"image\":{\"@id\":\"https:\/\/www.pressenza.com\/de\/#\/schema\/logo\/image\/\"},\"sameAs\":[\"https:\/\/www.facebook.com\/PressenzaItalia\",\"https:\/\/x.com\/PressenzaIPA\"]},{\"@type\":\"Person\",\"@id\":\"https:\/\/www.pressenza.com\/de\/#\/schema\/person\/77735f6583e3041b31ebc7b93a284357\",\"name\":\"INFOsperber\",\"description\":\"Infosperber.ch - sieht, was andere \u00fcbersehen Die Schweizer Internet-Zeitung richtet sich an Entscheidungstr\u00e4ger in Gesellschaft, Wirtschaft und Politik sowie alle, die erg\u00e4nzende Informationen zu den grossen Medien suchen. Infosperber will die grossen Informations-Medien nicht konkurrenzieren, sondern diese erg\u00e4nzen. \u00a9 Das Weiterverbreiten s\u00e4mtlicher auf dem gemeinn\u00fctzigen Portal www.infosperber.ch enthaltenen Texte ist ohne Kostenfolge erlaubt, sofern die Texte integral ohne K\u00fcrzung und mit Quellenangaben (Autor und \u00abInfosperber\u00bb) verbreitet werden. Bei einer Online-Nutzung ist die Quellenangabe m\u00f6glichst schon am Anfang des Artikels mit einem Link auf infosperber.ch zu versehen. F\u00fcr das Verbreiten von gek\u00fcrzten oder abge\u00e4nderten Texten ist das schriftliche Einverst\u00e4ndnis der AutorInnen erforderlich.\",\"sameAs\":[\"https:\/\/www.infosperber.ch\/\"],\"url\":\"https:\/\/www.pressenza.com\/de\/author\/infosperber\/\"}]}<\/script>\n<!-- \/ Yoast SEO plugin. -->","yoast_head_json":{"title":"Syrien am Rande eines neuen B\u00fcrgerkriegs","description":"Pr\u00e4sident al-Sharaa lobt die Wahlen als Meilenstein im politischen Wandel des Landes \u2013 als w\u00fcrde er die Lage in Syrien verkennen F\u00fcr den syrischen","robots":{"index":"index","follow":"follow","max-snippet":"max-snippet:-1","max-image-preview":"max-image-preview:large","max-video-preview":"max-video-preview:-1"},"canonical":"https:\/\/www.pressenza.com\/de\/2025\/10\/syrien-am-rande-eines-neuen-buergerkriegs\/","og_locale":"de_DE","og_type":"article","og_title":"Syrien am Rande eines neuen B\u00fcrgerkriegs","og_description":"Pr\u00e4sident al-Sharaa lobt die Wahlen als Meilenstein im politischen Wandel des Landes \u2013 als w\u00fcrde er die Lage in Syrien verkennen F\u00fcr den syrischen","og_url":"https:\/\/www.pressenza.com\/de\/2025\/10\/syrien-am-rande-eines-neuen-buergerkriegs\/","og_site_name":"Pressenza","article_publisher":"https:\/\/www.facebook.com\/PressenzaItalia","article_published_time":"2025-10-16T12:58:19+00:00","og_image":[{"width":1190,"height":604,"url":"https:\/\/www.pressenza.com\/wp-content\/uploads\/2025\/10\/syrien.png","type":"image\/png"}],"author":"INFOsperber","twitter_card":"summary_large_image","twitter_creator":"@PressenzaIPA","twitter_site":"@PressenzaIPA","twitter_misc":{"Verfasst von":"INFOsperber","Gesch\u00e4tzte Lesezeit":"8\u00a0Minuten"},"schema":{"@context":"https:\/\/schema.org","@graph":[{"@type":"Article","@id":"https:\/\/www.pressenza.com\/de\/2025\/10\/syrien-am-rande-eines-neuen-buergerkriegs\/#article","isPartOf":{"@id":"https:\/\/www.pressenza.com\/de\/2025\/10\/syrien-am-rande-eines-neuen-buergerkriegs\/"},"author":{"name":"INFOsperber","@id":"https:\/\/www.pressenza.com\/de\/#\/schema\/person\/77735f6583e3041b31ebc7b93a284357"},"headline":"Syrien am Rande eines neuen B\u00fcrgerkriegs","datePublished":"2025-10-16T12:58:19+00:00","mainEntityOfPage":{"@id":"https:\/\/www.pressenza.com\/de\/2025\/10\/syrien-am-rande-eines-neuen-buergerkriegs\/"},"wordCount":1484,"publisher":{"@id":"https:\/\/www.pressenza.com\/de\/#organization"},"image":{"@id":"https:\/\/www.pressenza.com\/de\/2025\/10\/syrien-am-rande-eines-neuen-buergerkriegs\/#primaryimage"},"thumbnailUrl":"https:\/\/www.pressenza.com\/wp-content\/uploads\/2025\/10\/syrien.png","keywords":["Demokratie","Minderheiten","Syrien","Waffenstillstand","Wahlen","Wahlrecht"],"articleSection":["Asien","Menschenrechte","Politik"],"inLanguage":"de"},{"@type":"WebPage","@id":"https:\/\/www.pressenza.com\/de\/2025\/10\/syrien-am-rande-eines-neuen-buergerkriegs\/","url":"https:\/\/www.pressenza.com\/de\/2025\/10\/syrien-am-rande-eines-neuen-buergerkriegs\/","name":"Syrien am Rande eines neuen B\u00fcrgerkriegs","isPartOf":{"@id":"https:\/\/www.pressenza.com\/de\/#website"},"primaryImageOfPage":{"@id":"https:\/\/www.pressenza.com\/de\/2025\/10\/syrien-am-rande-eines-neuen-buergerkriegs\/#primaryimage"},"image":{"@id":"https:\/\/www.pressenza.com\/de\/2025\/10\/syrien-am-rande-eines-neuen-buergerkriegs\/#primaryimage"},"thumbnailUrl":"https:\/\/www.pressenza.com\/wp-content\/uploads\/2025\/10\/syrien.png","datePublished":"2025-10-16T12:58:19+00:00","description":"Pr\u00e4sident al-Sharaa lobt die Wahlen als Meilenstein im politischen Wandel des Landes \u2013 als w\u00fcrde er die Lage in Syrien verkennen F\u00fcr den syrischen","breadcrumb":{"@id":"https:\/\/www.pressenza.com\/de\/2025\/10\/syrien-am-rande-eines-neuen-buergerkriegs\/#breadcrumb"},"inLanguage":"de","potentialAction":[{"@type":"ReadAction","target":["https:\/\/www.pressenza.com\/de\/2025\/10\/syrien-am-rande-eines-neuen-buergerkriegs\/"]}]},{"@type":"ImageObject","inLanguage":"de","@id":"https:\/\/www.pressenza.com\/de\/2025\/10\/syrien-am-rande-eines-neuen-buergerkriegs\/#primaryimage","url":"https:\/\/www.pressenza.com\/wp-content\/uploads\/2025\/10\/syrien.png","contentUrl":"https:\/\/www.pressenza.com\/wp-content\/uploads\/2025\/10\/syrien.png","width":1190,"height":604},{"@type":"BreadcrumbList","@id":"https:\/\/www.pressenza.com\/de\/2025\/10\/syrien-am-rande-eines-neuen-buergerkriegs\/#breadcrumb","itemListElement":[{"@type":"ListItem","position":1,"name":"Accueil","item":"https:\/\/www.pressenza.com\/de\/"},{"@type":"ListItem","position":2,"name":"Syrien am Rande eines neuen B\u00fcrgerkriegs"}]},{"@type":"WebSite","@id":"https:\/\/www.pressenza.com\/de\/#website","url":"https:\/\/www.pressenza.com\/de\/","name":"Pressenza","description":"International Press Agency","publisher":{"@id":"https:\/\/www.pressenza.com\/de\/#organization"},"potentialAction":[{"@type":"SearchAction","target":{"@type":"EntryPoint","urlTemplate":"https:\/\/www.pressenza.com\/de\/?s={search_term_string}"},"query-input":{"@type":"PropertyValueSpecification","valueRequired":true,"valueName":"search_term_string"}}],"inLanguage":"de"},{"@type":"Organization","@id":"https:\/\/www.pressenza.com\/de\/#organization","name":"Pressenza","url":"https:\/\/www.pressenza.com\/de\/","logo":{"@type":"ImageObject","inLanguage":"de","@id":"https:\/\/www.pressenza.com\/de\/#\/schema\/logo\/image\/","url":"https:\/\/www.pressenza.com\/wp-content\/uploads\/2022\/10\/pressenza_logo_200x200.jpg","contentUrl":"https:\/\/www.pressenza.com\/wp-content\/uploads\/2022\/10\/pressenza_logo_200x200.jpg","width":200,"height":200,"caption":"Pressenza"},"image":{"@id":"https:\/\/www.pressenza.com\/de\/#\/schema\/logo\/image\/"},"sameAs":["https:\/\/www.facebook.com\/PressenzaItalia","https:\/\/x.com\/PressenzaIPA"]},{"@type":"Person","@id":"https:\/\/www.pressenza.com\/de\/#\/schema\/person\/77735f6583e3041b31ebc7b93a284357","name":"INFOsperber","description":"Infosperber.ch - sieht, was andere \u00fcbersehen Die Schweizer Internet-Zeitung richtet sich an Entscheidungstr\u00e4ger in Gesellschaft, Wirtschaft und Politik sowie alle, die erg\u00e4nzende Informationen zu den grossen Medien suchen. Infosperber will die grossen Informations-Medien nicht konkurrenzieren, sondern diese erg\u00e4nzen. \u00a9 Das Weiterverbreiten s\u00e4mtlicher auf dem gemeinn\u00fctzigen Portal www.infosperber.ch enthaltenen Texte ist ohne Kostenfolge erlaubt, sofern die Texte integral ohne K\u00fcrzung und mit Quellenangaben (Autor und \u00abInfosperber\u00bb) verbreitet werden. Bei einer Online-Nutzung ist die Quellenangabe m\u00f6glichst schon am Anfang des Artikels mit einem Link auf infosperber.ch zu versehen. F\u00fcr das Verbreiten von gek\u00fcrzten oder abge\u00e4nderten Texten ist das schriftliche Einverst\u00e4ndnis der AutorInnen erforderlich.","sameAs":["https:\/\/www.infosperber.ch\/"],"url":"https:\/\/www.pressenza.com\/de\/author\/infosperber\/"}]}},"place":"","original_article_url":"https:\/\/www.infosperber.ch\/politik\/syrien-am-rande-eines-neuen-buergerkriegs\/","_links":{"self":[{"href":"https:\/\/www.pressenza.com\/de\/wp-json\/wp\/v2\/posts\/2645235","targetHints":{"allow":["GET"]}}],"collection":[{"href":"https:\/\/www.pressenza.com\/de\/wp-json\/wp\/v2\/posts"}],"about":[{"href":"https:\/\/www.pressenza.com\/de\/wp-json\/wp\/v2\/types\/post"}],"author":[{"embeddable":true,"href":"https:\/\/www.pressenza.com\/de\/wp-json\/wp\/v2\/users\/1855"}],"replies":[{"embeddable":true,"href":"https:\/\/www.pressenza.com\/de\/wp-json\/wp\/v2\/comments?post=2645235"}],"version-history":[{"count":1,"href":"https:\/\/www.pressenza.com\/de\/wp-json\/wp\/v2\/posts\/2645235\/revisions"}],"predecessor-version":[{"id":2645237,"href":"https:\/\/www.pressenza.com\/de\/wp-json\/wp\/v2\/posts\/2645235\/revisions\/2645237"}],"wp:featuredmedia":[{"embeddable":true,"href":"https:\/\/www.pressenza.com\/de\/wp-json\/wp\/v2\/media\/2645238"}],"wp:attachment":[{"href":"https:\/\/www.pressenza.com\/de\/wp-json\/wp\/v2\/media?parent=2645235"}],"wp:term":[{"taxonomy":"category","embeddable":true,"href":"https:\/\/www.pressenza.com\/de\/wp-json\/wp\/v2\/categories?post=2645235"},{"taxonomy":"post_tag","embeddable":true,"href":"https:\/\/www.pressenza.com\/de\/wp-json\/wp\/v2\/tags?post=2645235"}],"curies":[{"name":"wp","href":"https:\/\/api.w.org\/{rel}","templated":true}]}}