{"id":2640015,"date":"2025-09-29T19:12:27","date_gmt":"2025-09-29T18:12:27","guid":{"rendered":"https:\/\/www.pressenza.com\/?p=2640015"},"modified":"2025-10-08T10:19:59","modified_gmt":"2025-10-08T09:19:59","slug":"das-wettern-der-woche-auge-um-auge-spahn-um-spahn","status":"publish","type":"post","link":"https:\/\/www.pressenza.com\/de\/2025\/09\/das-wettern-der-woche-auge-um-auge-spahn-um-spahn\/","title":{"rendered":"Das Wettern der Woche: Auge um Auge &#8211;\u00a0Spahn um Spahn"},"content":{"rendered":"<p><strong>Unser Zukunftskanzler Jens Spahn h\u00e4lt\u00a0Charlie\u00a0Kirks Positionen f\u00fcr &#8222;konservativ&#8220;, &#8222;liberal&#8220; und &#8222;sehr klar&#8220;. Fehlt nur noch, dass er\u00a0\u201efaschistisch\u201c gesagt h\u00e4tte. Spahn hat sich bei seinen bekannt guten Kontakten zum Lager des (echt jetzt) gro\u00dfartigen Nordamerika-Lagers offenbar unhaltbar angesteckt. Einfach gro\u00dfartig!<\/strong><\/p>\n<p><iframe loading=\"lazy\" title=\"Auge um Auge, Spahn um Spahn \u2013 Grohmanns &quot;Wettern der Woche&quot;\" width=\"500\" height=\"281\" src=\"https:\/\/www.youtube.com\/embed\/Mv9Fzm7lrUg?feature=oembed\" frameborder=\"0\" allow=\"accelerometer; autoplay; clipboard-write; encrypted-media; gyroscope; picture-in-picture; web-share\" referrerpolicy=\"strict-origin-when-cross-origin\" allowfullscreen><\/iframe><\/p>\n<p>Einfach gro\u00dfartig ist aber auch Spahn Erkenntnis: Die Linke will tats\u00e4chlich das System st\u00fcrzen. Was er nicht wei\u00df und was auch falsch sein k\u00f6nnte: Die System-sprengen-Woller, Fluchthelfer und Brotgeber setzen eher auf die Zehn Gebote und das Neue Testament, also in Richtung \u201eLiebet Euren Nachbarn\u201c oder \u201eDonald, Du sollst doch nicht andauernd Ehen brechen!\u201c (Exodus 20,14), vielleicht auch, ganz schlimm f\u00fcr die Herrscher auf Erden, \u201eDu sollst nicht t\u00f6ten\u201c. Wen nicht? w\u00fcrde in diesen Augenblicken meine Omi Glimbzsch in Zittau verzweifelt fragen.<\/p>\n<p>Einfach gro\u00dfartig: Die andere Seite setzt vornehmlich aufs Auge \u2013 also Auge um Auge, Zahn um Zahn, Span um Span. Auch das ging meistens schief, wie die Geschichte beweist. Selbst ein fundamentaler Seitenwechsel brachte keine Erleichterung f\u00fcr die V\u00f6lker auf Erden: Die h\u00f6rten im Donner der Gesch\u00fctze keine Signale. Das haben sie jetzt davon.<\/p>\n<p>Inzwischen beruhigt sich die Lage. Die AfD landet deutlich an der zweiten Stelle. Elmar Theve\u00dfen wird sich \u2013 wetten? &#8211; entschuldigen, weil er gar kein rechter Journalist ist, wie man im Schw\u00e4bischen sagen t\u00e4t. Und Caren Miosga hat weniger Angst als Dunja Hayali, tr\u00e4gt aber besser ebenso Sonnenbrille und Per\u00fccke beim Ausgehen. Was tragen Sie? Alles ist jetzt normal, legitim, allt\u00e4glich, sch\u00fctzt aber nicht davor, erkannt zu werden.<\/p>\n<p>Dann lieber gleich raus mit der Sprache, liebe Rosa:\u00a0Freiheit ist immer Freiheit der Andersdenkenden.\u00a0Aber wo?<\/p>\n<p><em><a href=\"https:\/\/www.youtube.com\/channel\/UCIUhugD7UAKv8008QIch1Rw\" target=\"_blank\" rel=\"noopener\">Peter Grohmann\u2019s \u201eWettern der Woche\u201c<\/a><\/em><\/p>\n<p><em>Peter Grohmann ist Kabarettist und Koordinator des B\u00fcrgerprojekts Die AnStifter. Hier die Menschenrechtszeitung <a href=\"https:\/\/30tageimnovember.de\/materialien\/\" target=\"_blank\" rel=\"noopener\">herunterladen<\/a>.<\/em><\/p>\n","protected":false},"excerpt":{"rendered":"<p>Unser Zukunftskanzler Jens Spahn h\u00e4lt\u00a0Charlie\u00a0Kirks Positionen f\u00fcr &#8222;konservativ&#8220;, &#8222;liberal&#8220; und &#8222;sehr klar&#8220;. Fehlt nur noch, dass er\u00a0\u201efaschistisch\u201c gesagt h\u00e4tte. Spahn hat sich bei seinen bekannt guten Kontakten zum Lager des (echt jetzt) gro\u00dfartigen Nordamerika-Lagers offenbar unhaltbar angesteckt. Einfach gro\u00dfartig! Einfach&hellip;<\/p>\n","protected":false},"author":2138,"featured_media":2640025,"comment_status":"closed","ping_status":"closed","sticky":false,"template":"","format":"standard","meta":{"footnotes":""},"categories":[9150,9143,9152,11387,9168,27991],"tags":[30368,143656,143655,102467,44782,143654,11219,143653,69382,16239,102468],"class_list":["post-2640015","post","type-post","status-publish","format-standard","has-post-thumbnail","hentry","category-europa-de","category-meinungen","category-nordamerika","category-originalinhalt","category-politik","category-video-de","tag-afd","tag-charlie-kirk","tag-gewaltkritik","tag-glosse","tag-jens-spahn","tag-konservatismus","tag-meinungsfreiheit","tag-rechte-medien","tag-rosa-luxemburg-de","tag-satire-de","tag-wettern-der-woche"],"yoast_head":"<!-- This site is optimized with the Yoast SEO plugin v27.1.1 - https:\/\/yoast.com\/product\/yoast-seo-wordpress\/ -->\n<title>Das Wettern der Woche: Auge um Auge -\u00a0Spahn um Spahn<\/title>\n<meta name=\"description\" content=\"Unser Zukunftskanzler Jens Spahn h\u00e4lt\u00a0Charlie\u00a0Kirks Positionen f\u00fcr &quot;konservativ&quot;, &quot;liberal&quot; und &quot;sehr klar&quot;. Fehlt nur noch, dass er\u00a0\u201efaschistisch\u201c gesagt\" \/>\n<meta name=\"robots\" content=\"index, follow, max-snippet:-1, max-image-preview:large, max-video-preview:-1\" \/>\n<link rel=\"canonical\" href=\"https:\/\/www.pressenza.com\/de\/2025\/09\/das-wettern-der-woche-auge-um-auge-spahn-um-spahn\/\" \/>\n<meta property=\"og:locale\" content=\"de_DE\" \/>\n<meta property=\"og:type\" content=\"article\" \/>\n<meta property=\"og:title\" content=\"Das Wettern der Woche: Auge um Auge -\u00a0Spahn um Spahn\" \/>\n<meta property=\"og:description\" content=\"Unser Zukunftskanzler Jens Spahn h\u00e4lt\u00a0Charlie\u00a0Kirks Positionen f\u00fcr &quot;konservativ&quot;, &quot;liberal&quot; und &quot;sehr klar&quot;. Fehlt nur noch, dass er\u00a0\u201efaschistisch\u201c gesagt\" \/>\n<meta property=\"og:url\" content=\"https:\/\/www.pressenza.com\/de\/2025\/09\/das-wettern-der-woche-auge-um-auge-spahn-um-spahn\/\" \/>\n<meta property=\"og:site_name\" content=\"Pressenza\" \/>\n<meta property=\"article:publisher\" content=\"https:\/\/www.facebook.com\/PressenzaItalia\" \/>\n<meta property=\"article:published_time\" content=\"2025-09-29T18:12:27+00:00\" \/>\n<meta property=\"article:modified_time\" content=\"2025-10-08T09:19:59+00:00\" \/>\n<meta property=\"og:image\" content=\"https:\/\/www.pressenza.com\/wp-content\/uploads\/2025\/09\/Wettern_der_Woche_Spahn_um_Spahn-1.jpg\" \/>\n\t<meta property=\"og:image:width\" content=\"1280\" \/>\n\t<meta property=\"og:image:height\" content=\"720\" \/>\n\t<meta property=\"og:image:type\" content=\"image\/jpeg\" \/>\n<meta name=\"author\" content=\"Peter Grohmann\" \/>\n<meta name=\"twitter:card\" content=\"summary_large_image\" \/>\n<meta name=\"twitter:creator\" content=\"@PressenzaIPA\" \/>\n<meta name=\"twitter:site\" content=\"@PressenzaIPA\" \/>\n<meta name=\"twitter:label1\" content=\"Verfasst von\" \/>\n\t<meta name=\"twitter:data1\" content=\"Peter Grohmann\" \/>\n\t<meta name=\"twitter:label2\" content=\"Gesch\u00e4tzte Lesezeit\" \/>\n\t<meta name=\"twitter:data2\" content=\"2\u00a0Minuten\" \/>\n<script type=\"application\/ld+json\" class=\"yoast-schema-graph\">{\"@context\":\"https:\/\/schema.org\",\"@graph\":[{\"@type\":\"Article\",\"@id\":\"https:\/\/www.pressenza.com\/de\/2025\/09\/das-wettern-der-woche-auge-um-auge-spahn-um-spahn\/#article\",\"isPartOf\":{\"@id\":\"https:\/\/www.pressenza.com\/de\/2025\/09\/das-wettern-der-woche-auge-um-auge-spahn-um-spahn\/\"},\"author\":{\"name\":\"Peter Grohmann\",\"@id\":\"https:\/\/www.pressenza.com\/de\/#\/schema\/person\/13fbb69602a371248f3199c744d1187e\"},\"headline\":\"Das Wettern der Woche: Auge um Auge &#8211;\u00a0Spahn um Spahn\",\"datePublished\":\"2025-09-29T18:12:27+00:00\",\"dateModified\":\"2025-10-08T09:19:59+00:00\",\"mainEntityOfPage\":{\"@id\":\"https:\/\/www.pressenza.com\/de\/2025\/09\/das-wettern-der-woche-auge-um-auge-spahn-um-spahn\/\"},\"wordCount\":322,\"publisher\":{\"@id\":\"https:\/\/www.pressenza.com\/de\/#organization\"},\"image\":{\"@id\":\"https:\/\/www.pressenza.com\/de\/2025\/09\/das-wettern-der-woche-auge-um-auge-spahn-um-spahn\/#primaryimage\"},\"thumbnailUrl\":\"https:\/\/www.pressenza.com\/wp-content\/uploads\/2025\/09\/Wettern_der_Woche_Spahn_um_Spahn-1.jpg\",\"keywords\":[\"AfD\",\"Charlie Kirk\",\"Gewaltkritik\",\"Glosse\",\"Jens Spahn\",\"Konservatismus\",\"Meinungsfreiheit\",\"Rechte Medien\",\"Rosa Luxemburg\",\"satire\",\"Wettern der Woche\"],\"articleSection\":[\"Europa\",\"Meinungen\",\"Nordamerika\",\"Originalinhalt\",\"Politik\",\"Video\"],\"inLanguage\":\"de\"},{\"@type\":\"WebPage\",\"@id\":\"https:\/\/www.pressenza.com\/de\/2025\/09\/das-wettern-der-woche-auge-um-auge-spahn-um-spahn\/\",\"url\":\"https:\/\/www.pressenza.com\/de\/2025\/09\/das-wettern-der-woche-auge-um-auge-spahn-um-spahn\/\",\"name\":\"Das Wettern der Woche: Auge um Auge -\u00a0Spahn um Spahn\",\"isPartOf\":{\"@id\":\"https:\/\/www.pressenza.com\/de\/#website\"},\"primaryImageOfPage\":{\"@id\":\"https:\/\/www.pressenza.com\/de\/2025\/09\/das-wettern-der-woche-auge-um-auge-spahn-um-spahn\/#primaryimage\"},\"image\":{\"@id\":\"https:\/\/www.pressenza.com\/de\/2025\/09\/das-wettern-der-woche-auge-um-auge-spahn-um-spahn\/#primaryimage\"},\"thumbnailUrl\":\"https:\/\/www.pressenza.com\/wp-content\/uploads\/2025\/09\/Wettern_der_Woche_Spahn_um_Spahn-1.jpg\",\"datePublished\":\"2025-09-29T18:12:27+00:00\",\"dateModified\":\"2025-10-08T09:19:59+00:00\",\"description\":\"Unser Zukunftskanzler Jens Spahn h\u00e4lt\u00a0Charlie\u00a0Kirks Positionen f\u00fcr \\\"konservativ\\\", \\\"liberal\\\" und \\\"sehr klar\\\". Fehlt nur noch, dass er\u00a0\u201efaschistisch\u201c gesagt\",\"breadcrumb\":{\"@id\":\"https:\/\/www.pressenza.com\/de\/2025\/09\/das-wettern-der-woche-auge-um-auge-spahn-um-spahn\/#breadcrumb\"},\"inLanguage\":\"de\",\"potentialAction\":[{\"@type\":\"ReadAction\",\"target\":[\"https:\/\/www.pressenza.com\/de\/2025\/09\/das-wettern-der-woche-auge-um-auge-spahn-um-spahn\/\"]}]},{\"@type\":\"ImageObject\",\"inLanguage\":\"de\",\"@id\":\"https:\/\/www.pressenza.com\/de\/2025\/09\/das-wettern-der-woche-auge-um-auge-spahn-um-spahn\/#primaryimage\",\"url\":\"https:\/\/www.pressenza.com\/wp-content\/uploads\/2025\/09\/Wettern_der_Woche_Spahn_um_Spahn-1.jpg\",\"contentUrl\":\"https:\/\/www.pressenza.com\/wp-content\/uploads\/2025\/09\/Wettern_der_Woche_Spahn_um_Spahn-1.jpg\",\"width\":1280,\"height\":720,\"caption\":\"Das Wettern der Woche: Auge um Auge -\u00a0Spahn um Spahn\"},{\"@type\":\"BreadcrumbList\",\"@id\":\"https:\/\/www.pressenza.com\/de\/2025\/09\/das-wettern-der-woche-auge-um-auge-spahn-um-spahn\/#breadcrumb\",\"itemListElement\":[{\"@type\":\"ListItem\",\"position\":1,\"name\":\"Accueil\",\"item\":\"https:\/\/www.pressenza.com\/de\/\"},{\"@type\":\"ListItem\",\"position\":2,\"name\":\"Das Wettern der Woche: Auge um Auge &#8211;\u00a0Spahn um Spahn\"}]},{\"@type\":\"WebSite\",\"@id\":\"https:\/\/www.pressenza.com\/de\/#website\",\"url\":\"https:\/\/www.pressenza.com\/de\/\",\"name\":\"Pressenza\",\"description\":\"International Press Agency\",\"publisher\":{\"@id\":\"https:\/\/www.pressenza.com\/de\/#organization\"},\"potentialAction\":[{\"@type\":\"SearchAction\",\"target\":{\"@type\":\"EntryPoint\",\"urlTemplate\":\"https:\/\/www.pressenza.com\/de\/?s={search_term_string}\"},\"query-input\":{\"@type\":\"PropertyValueSpecification\",\"valueRequired\":true,\"valueName\":\"search_term_string\"}}],\"inLanguage\":\"de\"},{\"@type\":\"Organization\",\"@id\":\"https:\/\/www.pressenza.com\/de\/#organization\",\"name\":\"Pressenza\",\"url\":\"https:\/\/www.pressenza.com\/de\/\",\"logo\":{\"@type\":\"ImageObject\",\"inLanguage\":\"de\",\"@id\":\"https:\/\/www.pressenza.com\/de\/#\/schema\/logo\/image\/\",\"url\":\"https:\/\/www.pressenza.com\/wp-content\/uploads\/2022\/10\/pressenza_logo_200x200.jpg\",\"contentUrl\":\"https:\/\/www.pressenza.com\/wp-content\/uploads\/2022\/10\/pressenza_logo_200x200.jpg\",\"width\":200,\"height\":200,\"caption\":\"Pressenza\"},\"image\":{\"@id\":\"https:\/\/www.pressenza.com\/de\/#\/schema\/logo\/image\/\"},\"sameAs\":[\"https:\/\/www.facebook.com\/PressenzaItalia\",\"https:\/\/x.com\/PressenzaIPA\"]},{\"@type\":\"Person\",\"@id\":\"https:\/\/www.pressenza.com\/de\/#\/schema\/person\/13fbb69602a371248f3199c744d1187e\",\"name\":\"Peter Grohmann\",\"description\":\"(Jahrgang 1937) lebt in Stuttgart, ist Schriftsteller und Kabarettist und arbeitet u.a. f\u00fcr die Wochenzeitung Kontext, de TAZ und diverse andere Medien. Grohmann hat das B\u00fcrgerprojekt Die AnStifter gegr\u00fcndet, heute eine der gro\u00dfen zivilgeellschaftlichen Gruppen mit dem Schwerpunkt \u201egegen Gewalt und Vergessen\u201d. https:\/\/dewiki.de\/Lexikon\/Peter_Grohmann\",\"url\":\"https:\/\/www.pressenza.com\/de\/author\/peter-grohmann\/\"}]}<\/script>\n<!-- \/ Yoast SEO plugin. -->","yoast_head_json":{"title":"Das Wettern der Woche: Auge um Auge -\u00a0Spahn um Spahn","description":"Unser Zukunftskanzler Jens Spahn h\u00e4lt\u00a0Charlie\u00a0Kirks Positionen f\u00fcr \"konservativ\", \"liberal\" und \"sehr klar\". Fehlt nur noch, dass er\u00a0\u201efaschistisch\u201c gesagt","robots":{"index":"index","follow":"follow","max-snippet":"max-snippet:-1","max-image-preview":"max-image-preview:large","max-video-preview":"max-video-preview:-1"},"canonical":"https:\/\/www.pressenza.com\/de\/2025\/09\/das-wettern-der-woche-auge-um-auge-spahn-um-spahn\/","og_locale":"de_DE","og_type":"article","og_title":"Das Wettern der Woche: Auge um Auge -\u00a0Spahn um Spahn","og_description":"Unser Zukunftskanzler Jens Spahn h\u00e4lt\u00a0Charlie\u00a0Kirks Positionen f\u00fcr \"konservativ\", \"liberal\" und \"sehr klar\". Fehlt nur noch, dass er\u00a0\u201efaschistisch\u201c gesagt","og_url":"https:\/\/www.pressenza.com\/de\/2025\/09\/das-wettern-der-woche-auge-um-auge-spahn-um-spahn\/","og_site_name":"Pressenza","article_publisher":"https:\/\/www.facebook.com\/PressenzaItalia","article_published_time":"2025-09-29T18:12:27+00:00","article_modified_time":"2025-10-08T09:19:59+00:00","og_image":[{"width":1280,"height":720,"url":"https:\/\/www.pressenza.com\/wp-content\/uploads\/2025\/09\/Wettern_der_Woche_Spahn_um_Spahn-1.jpg","type":"image\/jpeg"}],"author":"Peter Grohmann","twitter_card":"summary_large_image","twitter_creator":"@PressenzaIPA","twitter_site":"@PressenzaIPA","twitter_misc":{"Verfasst von":"Peter Grohmann","Gesch\u00e4tzte Lesezeit":"2\u00a0Minuten"},"schema":{"@context":"https:\/\/schema.org","@graph":[{"@type":"Article","@id":"https:\/\/www.pressenza.com\/de\/2025\/09\/das-wettern-der-woche-auge-um-auge-spahn-um-spahn\/#article","isPartOf":{"@id":"https:\/\/www.pressenza.com\/de\/2025\/09\/das-wettern-der-woche-auge-um-auge-spahn-um-spahn\/"},"author":{"name":"Peter Grohmann","@id":"https:\/\/www.pressenza.com\/de\/#\/schema\/person\/13fbb69602a371248f3199c744d1187e"},"headline":"Das Wettern der Woche: Auge um Auge &#8211;\u00a0Spahn um Spahn","datePublished":"2025-09-29T18:12:27+00:00","dateModified":"2025-10-08T09:19:59+00:00","mainEntityOfPage":{"@id":"https:\/\/www.pressenza.com\/de\/2025\/09\/das-wettern-der-woche-auge-um-auge-spahn-um-spahn\/"},"wordCount":322,"publisher":{"@id":"https:\/\/www.pressenza.com\/de\/#organization"},"image":{"@id":"https:\/\/www.pressenza.com\/de\/2025\/09\/das-wettern-der-woche-auge-um-auge-spahn-um-spahn\/#primaryimage"},"thumbnailUrl":"https:\/\/www.pressenza.com\/wp-content\/uploads\/2025\/09\/Wettern_der_Woche_Spahn_um_Spahn-1.jpg","keywords":["AfD","Charlie Kirk","Gewaltkritik","Glosse","Jens Spahn","Konservatismus","Meinungsfreiheit","Rechte Medien","Rosa Luxemburg","satire","Wettern der Woche"],"articleSection":["Europa","Meinungen","Nordamerika","Originalinhalt","Politik","Video"],"inLanguage":"de"},{"@type":"WebPage","@id":"https:\/\/www.pressenza.com\/de\/2025\/09\/das-wettern-der-woche-auge-um-auge-spahn-um-spahn\/","url":"https:\/\/www.pressenza.com\/de\/2025\/09\/das-wettern-der-woche-auge-um-auge-spahn-um-spahn\/","name":"Das Wettern der Woche: Auge um Auge -\u00a0Spahn um Spahn","isPartOf":{"@id":"https:\/\/www.pressenza.com\/de\/#website"},"primaryImageOfPage":{"@id":"https:\/\/www.pressenza.com\/de\/2025\/09\/das-wettern-der-woche-auge-um-auge-spahn-um-spahn\/#primaryimage"},"image":{"@id":"https:\/\/www.pressenza.com\/de\/2025\/09\/das-wettern-der-woche-auge-um-auge-spahn-um-spahn\/#primaryimage"},"thumbnailUrl":"https:\/\/www.pressenza.com\/wp-content\/uploads\/2025\/09\/Wettern_der_Woche_Spahn_um_Spahn-1.jpg","datePublished":"2025-09-29T18:12:27+00:00","dateModified":"2025-10-08T09:19:59+00:00","description":"Unser Zukunftskanzler Jens Spahn h\u00e4lt\u00a0Charlie\u00a0Kirks Positionen f\u00fcr \"konservativ\", \"liberal\" und \"sehr klar\". Fehlt nur noch, dass er\u00a0\u201efaschistisch\u201c gesagt","breadcrumb":{"@id":"https:\/\/www.pressenza.com\/de\/2025\/09\/das-wettern-der-woche-auge-um-auge-spahn-um-spahn\/#breadcrumb"},"inLanguage":"de","potentialAction":[{"@type":"ReadAction","target":["https:\/\/www.pressenza.com\/de\/2025\/09\/das-wettern-der-woche-auge-um-auge-spahn-um-spahn\/"]}]},{"@type":"ImageObject","inLanguage":"de","@id":"https:\/\/www.pressenza.com\/de\/2025\/09\/das-wettern-der-woche-auge-um-auge-spahn-um-spahn\/#primaryimage","url":"https:\/\/www.pressenza.com\/wp-content\/uploads\/2025\/09\/Wettern_der_Woche_Spahn_um_Spahn-1.jpg","contentUrl":"https:\/\/www.pressenza.com\/wp-content\/uploads\/2025\/09\/Wettern_der_Woche_Spahn_um_Spahn-1.jpg","width":1280,"height":720,"caption":"Das Wettern der Woche: Auge um Auge -\u00a0Spahn um Spahn"},{"@type":"BreadcrumbList","@id":"https:\/\/www.pressenza.com\/de\/2025\/09\/das-wettern-der-woche-auge-um-auge-spahn-um-spahn\/#breadcrumb","itemListElement":[{"@type":"ListItem","position":1,"name":"Accueil","item":"https:\/\/www.pressenza.com\/de\/"},{"@type":"ListItem","position":2,"name":"Das Wettern der Woche: Auge um Auge &#8211;\u00a0Spahn um Spahn"}]},{"@type":"WebSite","@id":"https:\/\/www.pressenza.com\/de\/#website","url":"https:\/\/www.pressenza.com\/de\/","name":"Pressenza","description":"International Press Agency","publisher":{"@id":"https:\/\/www.pressenza.com\/de\/#organization"},"potentialAction":[{"@type":"SearchAction","target":{"@type":"EntryPoint","urlTemplate":"https:\/\/www.pressenza.com\/de\/?s={search_term_string}"},"query-input":{"@type":"PropertyValueSpecification","valueRequired":true,"valueName":"search_term_string"}}],"inLanguage":"de"},{"@type":"Organization","@id":"https:\/\/www.pressenza.com\/de\/#organization","name":"Pressenza","url":"https:\/\/www.pressenza.com\/de\/","logo":{"@type":"ImageObject","inLanguage":"de","@id":"https:\/\/www.pressenza.com\/de\/#\/schema\/logo\/image\/","url":"https:\/\/www.pressenza.com\/wp-content\/uploads\/2022\/10\/pressenza_logo_200x200.jpg","contentUrl":"https:\/\/www.pressenza.com\/wp-content\/uploads\/2022\/10\/pressenza_logo_200x200.jpg","width":200,"height":200,"caption":"Pressenza"},"image":{"@id":"https:\/\/www.pressenza.com\/de\/#\/schema\/logo\/image\/"},"sameAs":["https:\/\/www.facebook.com\/PressenzaItalia","https:\/\/x.com\/PressenzaIPA"]},{"@type":"Person","@id":"https:\/\/www.pressenza.com\/de\/#\/schema\/person\/13fbb69602a371248f3199c744d1187e","name":"Peter Grohmann","description":"(Jahrgang 1937) lebt in Stuttgart, ist Schriftsteller und Kabarettist und arbeitet u.a. f\u00fcr die Wochenzeitung Kontext, de TAZ und diverse andere Medien. Grohmann hat das B\u00fcrgerprojekt Die AnStifter gegr\u00fcndet, heute eine der gro\u00dfen zivilgeellschaftlichen Gruppen mit dem Schwerpunkt \u201egegen Gewalt und Vergessen\u201d. https:\/\/dewiki.de\/Lexikon\/Peter_Grohmann","url":"https:\/\/www.pressenza.com\/de\/author\/peter-grohmann\/"}]}},"place":"","original_article_url":"","_links":{"self":[{"href":"https:\/\/www.pressenza.com\/de\/wp-json\/wp\/v2\/posts\/2640015","targetHints":{"allow":["GET"]}}],"collection":[{"href":"https:\/\/www.pressenza.com\/de\/wp-json\/wp\/v2\/posts"}],"about":[{"href":"https:\/\/www.pressenza.com\/de\/wp-json\/wp\/v2\/types\/post"}],"author":[{"embeddable":true,"href":"https:\/\/www.pressenza.com\/de\/wp-json\/wp\/v2\/users\/2138"}],"replies":[{"embeddable":true,"href":"https:\/\/www.pressenza.com\/de\/wp-json\/wp\/v2\/comments?post=2640015"}],"version-history":[{"count":2,"href":"https:\/\/www.pressenza.com\/de\/wp-json\/wp\/v2\/posts\/2640015\/revisions"}],"predecessor-version":[{"id":2643269,"href":"https:\/\/www.pressenza.com\/de\/wp-json\/wp\/v2\/posts\/2640015\/revisions\/2643269"}],"wp:featuredmedia":[{"embeddable":true,"href":"https:\/\/www.pressenza.com\/de\/wp-json\/wp\/v2\/media\/2640025"}],"wp:attachment":[{"href":"https:\/\/www.pressenza.com\/de\/wp-json\/wp\/v2\/media?parent=2640015"}],"wp:term":[{"taxonomy":"category","embeddable":true,"href":"https:\/\/www.pressenza.com\/de\/wp-json\/wp\/v2\/categories?post=2640015"},{"taxonomy":"post_tag","embeddable":true,"href":"https:\/\/www.pressenza.com\/de\/wp-json\/wp\/v2\/tags?post=2640015"}],"curies":[{"name":"wp","href":"https:\/\/api.w.org\/{rel}","templated":true}]}}