{"id":2639833,"date":"2025-09-29T08:52:16","date_gmt":"2025-09-29T07:52:16","guid":{"rendered":"https:\/\/www.pressenza.com\/?p=2639833"},"modified":"2025-09-29T08:52:16","modified_gmt":"2025-09-29T07:52:16","slug":"israel-bereitet-eine-militaeroperation-vor-um-die-globale-sumud-flottille-in-internationalen-gewaessern-abzufangen","status":"publish","type":"post","link":"https:\/\/www.pressenza.com\/de\/2025\/09\/israel-bereitet-eine-militaeroperation-vor-um-die-globale-sumud-flottille-in-internationalen-gewaessern-abzufangen\/","title":{"rendered":"Israel bereitet eine Milit\u00e4roperation vor, um die Globale Sumud-Flottille in internationalen Gew\u00e4ssern abzufangen"},"content":{"rendered":"<p>Laut Berichten israelischer Medien und Zeugenaussagen von Informanten plant die israelische Armee, die Globale Sumud-Flottille in der Nacht zum Dienstag, dem 30. September, etwa 180 Kilometer vor der K\u00fcste des Gazastreifens abzufangen. Die Operation w\u00fcrde den Einsatz von mehreren Kommandos von einem gro\u00dfen Kriegsschiff aus beinhalten, um die mehr als 40 Schiffe der humanit\u00e4ren Flottille zu entern, ihre Besatzungen gefangen zu nehmen und sie f\u00fcr 4 oder 5 Tage in Milit\u00e4rgef\u00e4ngnissen festzuhalten, bevor sie abgeschoben werden. Es wird berichtet, dass dieser Zeitraum verk\u00fcrzt werden k\u00f6nnte, wenn die Aktivisten ein Dokument unterzeichnen, das die illegale Einreise nach Israel zugibt und die israelische Souver\u00e4nit\u00e4t \u00fcber Gaza anerkennt \u2013 was die Organisatoren der Hilfsaktion jedoch als falsch zur\u00fcckweisen.<\/p>\n<p>Dr. Thomas Gu\u00e9nol\u00e9, Professor f\u00fcr Internationale Beziehungen und franz\u00f6sischer Freiwilliger an Bord eines der Schiffe, warnt davor, dass das Abfangen der friedlichen humanit\u00e4ren Flottille in internationalen Gew\u00e4ssern einen mehrfachen Versto\u00df gegen das V\u00f6lkerrecht darstellt, darunter Kriegsverbrechen wegen Behinderung humanit\u00e4rer Hilfe und unrechtm\u00e4\u00dfige Inhaftierung humanit\u00e4rer freiwilliger Helfer. Gu\u00e9nol\u00e9 k\u00fcndigt an, dass er, wenn es dazu kommen sollte, nach dem Abfangen einen unbefristeten Hungerstreik beginnen wird, bis er und seine Mitstreiter freigelassen werden.<\/p>\n<p>Die Stelle, an der m\u00f6glicherweise die Enterung erfolgt und der gewaltfreie Charakter der Flottille best\u00e4rken die Warnungen vor einer Kriminalisierung von ziviler Hilfe und von der Unterdr\u00fcckung der internationalen Solidarit\u00e4t mit Gaza in internationalen Gew\u00e4ssern, wodurch nach Ansicht von Experten und Aktivisten das Seerecht und die Menschenrechte verletzt w\u00fcrden.<\/p>\n<p><!--more--><\/p>\n","protected":false},"excerpt":{"rendered":"<p>Laut Berichten israelischer Medien und Zeugenaussagen von Informanten plant die israelische Armee, die Globale Sumud-Flottille in der Nacht zum Dienstag, dem 30. September, etwa 180 Kilometer vor der K\u00fcste des Gazastreifens abzufangen. Die Operation w\u00fcrde den Einsatz von mehreren Kommandos&hellip;<\/p>\n","protected":false},"author":1757,"featured_media":2639837,"comment_status":"closed","ping_status":"closed","sticky":false,"template":"","format":"standard","meta":{"footnotes":""},"categories":[9167,9151,11387],"tags":[143622,11640],"class_list":["post-2639833","post","type-post","status-publish","format-standard","has-post-thumbnail","hentry","category-frieden-und-abruestung","category-mittlerer-osten","category-originalinhalt","tag-globalesumudflotille","tag-gaza-de"],"yoast_head":"<!-- This site is optimized with the Yoast SEO plugin v27.1.1 - https:\/\/yoast.com\/product\/yoast-seo-wordpress\/ -->\n<title>Israel bereitet eine Milit\u00e4roperation vor, um die Globale Sumud-Flottille in internationalen Gew\u00e4ssern abzufangen<\/title>\n<meta name=\"description\" content=\"Laut Berichten israelischer Medien und Zeugenaussagen von Informanten plant die israelische Armee, die Globale Sumud-Flottille in der Nacht zum Dienstag,\" \/>\n<meta name=\"robots\" content=\"index, follow, max-snippet:-1, max-image-preview:large, max-video-preview:-1\" \/>\n<link rel=\"canonical\" href=\"https:\/\/www.pressenza.com\/de\/2025\/09\/israel-bereitet-eine-militaeroperation-vor-um-die-globale-sumud-flottille-in-internationalen-gewaessern-abzufangen\/\" \/>\n<meta property=\"og:locale\" content=\"de_DE\" \/>\n<meta property=\"og:type\" content=\"article\" \/>\n<meta property=\"og:title\" content=\"Israel bereitet eine Milit\u00e4roperation vor, um die Globale Sumud-Flottille in internationalen Gew\u00e4ssern abzufangen\" \/>\n<meta property=\"og:description\" content=\"Laut Berichten israelischer Medien und Zeugenaussagen von Informanten plant die israelische Armee, die Globale Sumud-Flottille in der Nacht zum Dienstag,\" \/>\n<meta property=\"og:url\" content=\"https:\/\/www.pressenza.com\/de\/2025\/09\/israel-bereitet-eine-militaeroperation-vor-um-die-globale-sumud-flottille-in-internationalen-gewaessern-abzufangen\/\" \/>\n<meta property=\"og:site_name\" content=\"Pressenza\" \/>\n<meta property=\"article:publisher\" content=\"https:\/\/www.facebook.com\/PressenzaItalia\" \/>\n<meta property=\"article:published_time\" content=\"2025-09-29T07:52:16+00:00\" \/>\n<meta property=\"og:image\" content=\"https:\/\/www.pressenza.com\/wp-content\/uploads\/2025\/09\/Flotilla-1.png\" \/>\n\t<meta property=\"og:image:width\" content=\"820\" \/>\n\t<meta property=\"og:image:height\" content=\"558\" \/>\n\t<meta property=\"og:image:type\" content=\"image\/png\" \/>\n<meta name=\"author\" content=\"Claudia Aranda\" \/>\n<meta name=\"twitter:card\" content=\"summary_large_image\" \/>\n<meta name=\"twitter:creator\" content=\"@PressenzaIPA\" \/>\n<meta name=\"twitter:site\" content=\"@PressenzaIPA\" \/>\n<meta name=\"twitter:label1\" content=\"Verfasst von\" \/>\n\t<meta name=\"twitter:data1\" content=\"Claudia Aranda\" \/>\n\t<meta name=\"twitter:label2\" content=\"Gesch\u00e4tzte Lesezeit\" \/>\n\t<meta name=\"twitter:data2\" content=\"2\u00a0Minuten\" \/>\n<script type=\"application\/ld+json\" class=\"yoast-schema-graph\">{\"@context\":\"https:\/\/schema.org\",\"@graph\":[{\"@type\":\"Article\",\"@id\":\"https:\/\/www.pressenza.com\/de\/2025\/09\/israel-bereitet-eine-militaeroperation-vor-um-die-globale-sumud-flottille-in-internationalen-gewaessern-abzufangen\/#article\",\"isPartOf\":{\"@id\":\"https:\/\/www.pressenza.com\/de\/2025\/09\/israel-bereitet-eine-militaeroperation-vor-um-die-globale-sumud-flottille-in-internationalen-gewaessern-abzufangen\/\"},\"author\":{\"name\":\"Claudia Aranda\",\"@id\":\"https:\/\/www.pressenza.com\/de\/#\/schema\/person\/7c99b7f1e26cb9e5efedc0b26a398fb5\"},\"headline\":\"Israel bereitet eine Milit\u00e4roperation vor, um die Globale Sumud-Flottille in internationalen Gew\u00e4ssern abzufangen\",\"datePublished\":\"2025-09-29T07:52:16+00:00\",\"mainEntityOfPage\":{\"@id\":\"https:\/\/www.pressenza.com\/de\/2025\/09\/israel-bereitet-eine-militaeroperation-vor-um-die-globale-sumud-flottille-in-internationalen-gewaessern-abzufangen\/\"},\"wordCount\":273,\"publisher\":{\"@id\":\"https:\/\/www.pressenza.com\/de\/#organization\"},\"image\":{\"@id\":\"https:\/\/www.pressenza.com\/de\/2025\/09\/israel-bereitet-eine-militaeroperation-vor-um-die-globale-sumud-flottille-in-internationalen-gewaessern-abzufangen\/#primaryimage\"},\"thumbnailUrl\":\"https:\/\/www.pressenza.com\/wp-content\/uploads\/2025\/09\/Flotilla-1.png\",\"keywords\":[\"#GlobaleSumudFlotille\",\"Gaza\"],\"articleSection\":[\"Frieden und Abr\u00fcstung\",\"Mittlerer Osten\",\"Originalinhalt\"],\"inLanguage\":\"de\"},{\"@type\":\"WebPage\",\"@id\":\"https:\/\/www.pressenza.com\/de\/2025\/09\/israel-bereitet-eine-militaeroperation-vor-um-die-globale-sumud-flottille-in-internationalen-gewaessern-abzufangen\/\",\"url\":\"https:\/\/www.pressenza.com\/de\/2025\/09\/israel-bereitet-eine-militaeroperation-vor-um-die-globale-sumud-flottille-in-internationalen-gewaessern-abzufangen\/\",\"name\":\"Israel bereitet eine Milit\u00e4roperation vor, um die Globale Sumud-Flottille in internationalen Gew\u00e4ssern abzufangen\",\"isPartOf\":{\"@id\":\"https:\/\/www.pressenza.com\/de\/#website\"},\"primaryImageOfPage\":{\"@id\":\"https:\/\/www.pressenza.com\/de\/2025\/09\/israel-bereitet-eine-militaeroperation-vor-um-die-globale-sumud-flottille-in-internationalen-gewaessern-abzufangen\/#primaryimage\"},\"image\":{\"@id\":\"https:\/\/www.pressenza.com\/de\/2025\/09\/israel-bereitet-eine-militaeroperation-vor-um-die-globale-sumud-flottille-in-internationalen-gewaessern-abzufangen\/#primaryimage\"},\"thumbnailUrl\":\"https:\/\/www.pressenza.com\/wp-content\/uploads\/2025\/09\/Flotilla-1.png\",\"datePublished\":\"2025-09-29T07:52:16+00:00\",\"description\":\"Laut Berichten israelischer Medien und Zeugenaussagen von Informanten plant die israelische Armee, die Globale Sumud-Flottille in der Nacht zum Dienstag,\",\"breadcrumb\":{\"@id\":\"https:\/\/www.pressenza.com\/de\/2025\/09\/israel-bereitet-eine-militaeroperation-vor-um-die-globale-sumud-flottille-in-internationalen-gewaessern-abzufangen\/#breadcrumb\"},\"inLanguage\":\"de\",\"potentialAction\":[{\"@type\":\"ReadAction\",\"target\":[\"https:\/\/www.pressenza.com\/de\/2025\/09\/israel-bereitet-eine-militaeroperation-vor-um-die-globale-sumud-flottille-in-internationalen-gewaessern-abzufangen\/\"]}]},{\"@type\":\"ImageObject\",\"inLanguage\":\"de\",\"@id\":\"https:\/\/www.pressenza.com\/de\/2025\/09\/israel-bereitet-eine-militaeroperation-vor-um-die-globale-sumud-flottille-in-internationalen-gewaessern-abzufangen\/#primaryimage\",\"url\":\"https:\/\/www.pressenza.com\/wp-content\/uploads\/2025\/09\/Flotilla-1.png\",\"contentUrl\":\"https:\/\/www.pressenza.com\/wp-content\/uploads\/2025\/09\/Flotilla-1.png\",\"width\":820,\"height\":558,\"caption\":\"(https:\/\/globalsumudflotilla.org\/tracker\/)\"},{\"@type\":\"BreadcrumbList\",\"@id\":\"https:\/\/www.pressenza.com\/de\/2025\/09\/israel-bereitet-eine-militaeroperation-vor-um-die-globale-sumud-flottille-in-internationalen-gewaessern-abzufangen\/#breadcrumb\",\"itemListElement\":[{\"@type\":\"ListItem\",\"position\":1,\"name\":\"Accueil\",\"item\":\"https:\/\/www.pressenza.com\/de\/\"},{\"@type\":\"ListItem\",\"position\":2,\"name\":\"Israel bereitet eine Milit\u00e4roperation vor, um die Globale Sumud-Flottille in internationalen Gew\u00e4ssern abzufangen\"}]},{\"@type\":\"WebSite\",\"@id\":\"https:\/\/www.pressenza.com\/de\/#website\",\"url\":\"https:\/\/www.pressenza.com\/de\/\",\"name\":\"Pressenza\",\"description\":\"International Press Agency\",\"publisher\":{\"@id\":\"https:\/\/www.pressenza.com\/de\/#organization\"},\"potentialAction\":[{\"@type\":\"SearchAction\",\"target\":{\"@type\":\"EntryPoint\",\"urlTemplate\":\"https:\/\/www.pressenza.com\/de\/?s={search_term_string}\"},\"query-input\":{\"@type\":\"PropertyValueSpecification\",\"valueRequired\":true,\"valueName\":\"search_term_string\"}}],\"inLanguage\":\"de\"},{\"@type\":\"Organization\",\"@id\":\"https:\/\/www.pressenza.com\/de\/#organization\",\"name\":\"Pressenza\",\"url\":\"https:\/\/www.pressenza.com\/de\/\",\"logo\":{\"@type\":\"ImageObject\",\"inLanguage\":\"de\",\"@id\":\"https:\/\/www.pressenza.com\/de\/#\/schema\/logo\/image\/\",\"url\":\"https:\/\/www.pressenza.com\/wp-content\/uploads\/2022\/10\/pressenza_logo_200x200.jpg\",\"contentUrl\":\"https:\/\/www.pressenza.com\/wp-content\/uploads\/2022\/10\/pressenza_logo_200x200.jpg\",\"width\":200,\"height\":200,\"caption\":\"Pressenza\"},\"image\":{\"@id\":\"https:\/\/www.pressenza.com\/de\/#\/schema\/logo\/image\/\"},\"sameAs\":[\"https:\/\/www.facebook.com\/PressenzaItalia\",\"https:\/\/x.com\/PressenzaIPA\"]},{\"@type\":\"Person\",\"@id\":\"https:\/\/www.pressenza.com\/de\/#\/schema\/person\/7c99b7f1e26cb9e5efedc0b26a398fb5\",\"name\":\"Claudia Aranda\",\"description\":\"Chilean journalist specializing in Semiotics and Political Analysis. As an international analyst, she focuses on prospective analysis of social processes. Based in Montreal, Quebec, she covers news for Pressenza and explores contemporary philosophical debates within the context of current events. Her work emphasizes human rights, geopolitics, armed conflict, the environment, and technological development. She is a humanist and an activist for social justice causes.\",\"url\":\"https:\/\/www.pressenza.com\/de\/author\/claudia-aranda\/\"}]}<\/script>\n<!-- \/ Yoast SEO plugin. -->","yoast_head_json":{"title":"Israel bereitet eine Milit\u00e4roperation vor, um die Globale Sumud-Flottille in internationalen Gew\u00e4ssern abzufangen","description":"Laut Berichten israelischer Medien und Zeugenaussagen von Informanten plant die israelische Armee, die Globale Sumud-Flottille in der Nacht zum Dienstag,","robots":{"index":"index","follow":"follow","max-snippet":"max-snippet:-1","max-image-preview":"max-image-preview:large","max-video-preview":"max-video-preview:-1"},"canonical":"https:\/\/www.pressenza.com\/de\/2025\/09\/israel-bereitet-eine-militaeroperation-vor-um-die-globale-sumud-flottille-in-internationalen-gewaessern-abzufangen\/","og_locale":"de_DE","og_type":"article","og_title":"Israel bereitet eine Milit\u00e4roperation vor, um die Globale Sumud-Flottille in internationalen Gew\u00e4ssern abzufangen","og_description":"Laut Berichten israelischer Medien und Zeugenaussagen von Informanten plant die israelische Armee, die Globale Sumud-Flottille in der Nacht zum Dienstag,","og_url":"https:\/\/www.pressenza.com\/de\/2025\/09\/israel-bereitet-eine-militaeroperation-vor-um-die-globale-sumud-flottille-in-internationalen-gewaessern-abzufangen\/","og_site_name":"Pressenza","article_publisher":"https:\/\/www.facebook.com\/PressenzaItalia","article_published_time":"2025-09-29T07:52:16+00:00","og_image":[{"width":820,"height":558,"url":"https:\/\/www.pressenza.com\/wp-content\/uploads\/2025\/09\/Flotilla-1.png","type":"image\/png"}],"author":"Claudia Aranda","twitter_card":"summary_large_image","twitter_creator":"@PressenzaIPA","twitter_site":"@PressenzaIPA","twitter_misc":{"Verfasst von":"Claudia Aranda","Gesch\u00e4tzte Lesezeit":"2\u00a0Minuten"},"schema":{"@context":"https:\/\/schema.org","@graph":[{"@type":"Article","@id":"https:\/\/www.pressenza.com\/de\/2025\/09\/israel-bereitet-eine-militaeroperation-vor-um-die-globale-sumud-flottille-in-internationalen-gewaessern-abzufangen\/#article","isPartOf":{"@id":"https:\/\/www.pressenza.com\/de\/2025\/09\/israel-bereitet-eine-militaeroperation-vor-um-die-globale-sumud-flottille-in-internationalen-gewaessern-abzufangen\/"},"author":{"name":"Claudia Aranda","@id":"https:\/\/www.pressenza.com\/de\/#\/schema\/person\/7c99b7f1e26cb9e5efedc0b26a398fb5"},"headline":"Israel bereitet eine Milit\u00e4roperation vor, um die Globale Sumud-Flottille in internationalen Gew\u00e4ssern abzufangen","datePublished":"2025-09-29T07:52:16+00:00","mainEntityOfPage":{"@id":"https:\/\/www.pressenza.com\/de\/2025\/09\/israel-bereitet-eine-militaeroperation-vor-um-die-globale-sumud-flottille-in-internationalen-gewaessern-abzufangen\/"},"wordCount":273,"publisher":{"@id":"https:\/\/www.pressenza.com\/de\/#organization"},"image":{"@id":"https:\/\/www.pressenza.com\/de\/2025\/09\/israel-bereitet-eine-militaeroperation-vor-um-die-globale-sumud-flottille-in-internationalen-gewaessern-abzufangen\/#primaryimage"},"thumbnailUrl":"https:\/\/www.pressenza.com\/wp-content\/uploads\/2025\/09\/Flotilla-1.png","keywords":["#GlobaleSumudFlotille","Gaza"],"articleSection":["Frieden und Abr\u00fcstung","Mittlerer Osten","Originalinhalt"],"inLanguage":"de"},{"@type":"WebPage","@id":"https:\/\/www.pressenza.com\/de\/2025\/09\/israel-bereitet-eine-militaeroperation-vor-um-die-globale-sumud-flottille-in-internationalen-gewaessern-abzufangen\/","url":"https:\/\/www.pressenza.com\/de\/2025\/09\/israel-bereitet-eine-militaeroperation-vor-um-die-globale-sumud-flottille-in-internationalen-gewaessern-abzufangen\/","name":"Israel bereitet eine Milit\u00e4roperation vor, um die Globale Sumud-Flottille in internationalen Gew\u00e4ssern abzufangen","isPartOf":{"@id":"https:\/\/www.pressenza.com\/de\/#website"},"primaryImageOfPage":{"@id":"https:\/\/www.pressenza.com\/de\/2025\/09\/israel-bereitet-eine-militaeroperation-vor-um-die-globale-sumud-flottille-in-internationalen-gewaessern-abzufangen\/#primaryimage"},"image":{"@id":"https:\/\/www.pressenza.com\/de\/2025\/09\/israel-bereitet-eine-militaeroperation-vor-um-die-globale-sumud-flottille-in-internationalen-gewaessern-abzufangen\/#primaryimage"},"thumbnailUrl":"https:\/\/www.pressenza.com\/wp-content\/uploads\/2025\/09\/Flotilla-1.png","datePublished":"2025-09-29T07:52:16+00:00","description":"Laut Berichten israelischer Medien und Zeugenaussagen von Informanten plant die israelische Armee, die Globale Sumud-Flottille in der Nacht zum Dienstag,","breadcrumb":{"@id":"https:\/\/www.pressenza.com\/de\/2025\/09\/israel-bereitet-eine-militaeroperation-vor-um-die-globale-sumud-flottille-in-internationalen-gewaessern-abzufangen\/#breadcrumb"},"inLanguage":"de","potentialAction":[{"@type":"ReadAction","target":["https:\/\/www.pressenza.com\/de\/2025\/09\/israel-bereitet-eine-militaeroperation-vor-um-die-globale-sumud-flottille-in-internationalen-gewaessern-abzufangen\/"]}]},{"@type":"ImageObject","inLanguage":"de","@id":"https:\/\/www.pressenza.com\/de\/2025\/09\/israel-bereitet-eine-militaeroperation-vor-um-die-globale-sumud-flottille-in-internationalen-gewaessern-abzufangen\/#primaryimage","url":"https:\/\/www.pressenza.com\/wp-content\/uploads\/2025\/09\/Flotilla-1.png","contentUrl":"https:\/\/www.pressenza.com\/wp-content\/uploads\/2025\/09\/Flotilla-1.png","width":820,"height":558,"caption":"(https:\/\/globalsumudflotilla.org\/tracker\/)"},{"@type":"BreadcrumbList","@id":"https:\/\/www.pressenza.com\/de\/2025\/09\/israel-bereitet-eine-militaeroperation-vor-um-die-globale-sumud-flottille-in-internationalen-gewaessern-abzufangen\/#breadcrumb","itemListElement":[{"@type":"ListItem","position":1,"name":"Accueil","item":"https:\/\/www.pressenza.com\/de\/"},{"@type":"ListItem","position":2,"name":"Israel bereitet eine Milit\u00e4roperation vor, um die Globale Sumud-Flottille in internationalen Gew\u00e4ssern abzufangen"}]},{"@type":"WebSite","@id":"https:\/\/www.pressenza.com\/de\/#website","url":"https:\/\/www.pressenza.com\/de\/","name":"Pressenza","description":"International Press Agency","publisher":{"@id":"https:\/\/www.pressenza.com\/de\/#organization"},"potentialAction":[{"@type":"SearchAction","target":{"@type":"EntryPoint","urlTemplate":"https:\/\/www.pressenza.com\/de\/?s={search_term_string}"},"query-input":{"@type":"PropertyValueSpecification","valueRequired":true,"valueName":"search_term_string"}}],"inLanguage":"de"},{"@type":"Organization","@id":"https:\/\/www.pressenza.com\/de\/#organization","name":"Pressenza","url":"https:\/\/www.pressenza.com\/de\/","logo":{"@type":"ImageObject","inLanguage":"de","@id":"https:\/\/www.pressenza.com\/de\/#\/schema\/logo\/image\/","url":"https:\/\/www.pressenza.com\/wp-content\/uploads\/2022\/10\/pressenza_logo_200x200.jpg","contentUrl":"https:\/\/www.pressenza.com\/wp-content\/uploads\/2022\/10\/pressenza_logo_200x200.jpg","width":200,"height":200,"caption":"Pressenza"},"image":{"@id":"https:\/\/www.pressenza.com\/de\/#\/schema\/logo\/image\/"},"sameAs":["https:\/\/www.facebook.com\/PressenzaItalia","https:\/\/x.com\/PressenzaIPA"]},{"@type":"Person","@id":"https:\/\/www.pressenza.com\/de\/#\/schema\/person\/7c99b7f1e26cb9e5efedc0b26a398fb5","name":"Claudia Aranda","description":"Chilean journalist specializing in Semiotics and Political Analysis. As an international analyst, she focuses on prospective analysis of social processes. Based in Montreal, Quebec, she covers news for Pressenza and explores contemporary philosophical debates within the context of current events. Her work emphasizes human rights, geopolitics, armed conflict, the environment, and technological development. She is a humanist and an activist for social justice causes.","url":"https:\/\/www.pressenza.com\/de\/author\/claudia-aranda\/"}]}},"place":"Montreal, Canada","original_article_url":"","_links":{"self":[{"href":"https:\/\/www.pressenza.com\/de\/wp-json\/wp\/v2\/posts\/2639833","targetHints":{"allow":["GET"]}}],"collection":[{"href":"https:\/\/www.pressenza.com\/de\/wp-json\/wp\/v2\/posts"}],"about":[{"href":"https:\/\/www.pressenza.com\/de\/wp-json\/wp\/v2\/types\/post"}],"author":[{"embeddable":true,"href":"https:\/\/www.pressenza.com\/de\/wp-json\/wp\/v2\/users\/1757"}],"replies":[{"embeddable":true,"href":"https:\/\/www.pressenza.com\/de\/wp-json\/wp\/v2\/comments?post=2639833"}],"version-history":[{"count":1,"href":"https:\/\/www.pressenza.com\/de\/wp-json\/wp\/v2\/posts\/2639833\/revisions"}],"predecessor-version":[{"id":2639839,"href":"https:\/\/www.pressenza.com\/de\/wp-json\/wp\/v2\/posts\/2639833\/revisions\/2639839"}],"wp:featuredmedia":[{"embeddable":true,"href":"https:\/\/www.pressenza.com\/de\/wp-json\/wp\/v2\/media\/2639837"}],"wp:attachment":[{"href":"https:\/\/www.pressenza.com\/de\/wp-json\/wp\/v2\/media?parent=2639833"}],"wp:term":[{"taxonomy":"category","embeddable":true,"href":"https:\/\/www.pressenza.com\/de\/wp-json\/wp\/v2\/categories?post=2639833"},{"taxonomy":"post_tag","embeddable":true,"href":"https:\/\/www.pressenza.com\/de\/wp-json\/wp\/v2\/tags?post=2639833"}],"curies":[{"name":"wp","href":"https:\/\/api.w.org\/{rel}","templated":true}]}}