{"id":2638505,"date":"2025-09-24T11:34:59","date_gmt":"2025-09-24T10:34:59","guid":{"rendered":"https:\/\/www.pressenza.com\/?p=2638505"},"modified":"2025-09-24T11:34:59","modified_gmt":"2025-09-24T10:34:59","slug":"wir-blockieren-alles-italienweite-demonstrationen-fuer-gaza-und-die-global-sumud-flotilla","status":"publish","type":"post","link":"https:\/\/www.pressenza.com\/de\/2025\/09\/wir-blockieren-alles-italienweite-demonstrationen-fuer-gaza-und-die-global-sumud-flotilla\/","title":{"rendered":"Wir blockieren alles! Italienweite Demonstrationen f\u00fcr Gaza und die Global Sumud Flotilla"},"content":{"rendered":"<p><strong>Der Generalstreik f\u00fcr Gaza und zur Unterst\u00fctzung der Global Sumud Flotilla, der von der Gewerkschaft Unione Sindacale di Base und anderen Gewerkschaften organisiert wurde, findet in Dutzenden von St\u00e4dten in ganz Italien statt, oft bei str\u00f6mendem Regen. <\/strong><\/p>\n<p>Nachfolgend eine Auswahl von Fotos, die einen Eindruck vom Ausma\u00df der Mobilisierung vermitteln. In St\u00e4dten wie Salerno, Venedig und Livorno kam es sogar zu Hafenblockaden.<\/p>\n<p><img loading=\"lazy\" decoding=\"async\" class=\"alignnone wp-image-2637531 size-full\" src=\"https:\/\/www.pressenza.com\/wp-content\/uploads\/2025\/09\/sciopero-Salerno.jpeg\" alt=\"\" width=\"1600\" height=\"738\" srcset=\"https:\/\/www.pressenza.com\/wp-content\/uploads\/2025\/09\/sciopero-Salerno.jpeg 1600w, https:\/\/www.pressenza.com\/wp-content\/uploads\/2025\/09\/sciopero-Salerno-300x138.jpeg 300w, https:\/\/www.pressenza.com\/wp-content\/uploads\/2025\/09\/sciopero-Salerno-820x378.jpeg 820w\" sizes=\"auto, (max-width: 1600px) 100vw, 1600px\" \/><\/p>\n<p><img loading=\"lazy\" decoding=\"async\" class=\"alignnone wp-image-2637530 size-full\" src=\"https:\/\/www.pressenza.com\/wp-content\/uploads\/2025\/09\/sciopero-Salerno-1.jpeg\" alt=\"\" width=\"1600\" height=\"738\" srcset=\"https:\/\/www.pressenza.com\/wp-content\/uploads\/2025\/09\/sciopero-Salerno-1.jpeg 1600w, https:\/\/www.pressenza.com\/wp-content\/uploads\/2025\/09\/sciopero-Salerno-1-300x138.jpeg 300w, https:\/\/www.pressenza.com\/wp-content\/uploads\/2025\/09\/sciopero-Salerno-1-820x378.jpeg 820w\" sizes=\"auto, (max-width: 1600px) 100vw, 1600px\" \/><\/p>\n<p><em>Salerno<\/em><\/p>\n<p><img loading=\"lazy\" decoding=\"async\" class=\"alignnone wp-image-2637534 size-full\" src=\"https:\/\/www.pressenza.com\/wp-content\/uploads\/2025\/09\/sciopero-Livorno.jpeg\" alt=\"\" width=\"1600\" height=\"721\" srcset=\"https:\/\/www.pressenza.com\/wp-content\/uploads\/2025\/09\/sciopero-Livorno.jpeg 1600w, https:\/\/www.pressenza.com\/wp-content\/uploads\/2025\/09\/sciopero-Livorno-300x135.jpeg 300w, https:\/\/www.pressenza.com\/wp-content\/uploads\/2025\/09\/sciopero-Livorno-820x370.jpeg 820w\" sizes=\"auto, (max-width: 1600px) 100vw, 1600px\" \/><\/p>\n<p><em>Livorno<\/em><\/p>\n<p><img loading=\"lazy\" decoding=\"async\" class=\"alignnone wp-image-2637532 size-full\" src=\"https:\/\/www.pressenza.com\/wp-content\/uploads\/2025\/09\/sciopero-Perugia.jpeg\" alt=\"\" width=\"1600\" height=\"1200\" srcset=\"https:\/\/www.pressenza.com\/wp-content\/uploads\/2025\/09\/sciopero-Perugia.jpeg 1600w, https:\/\/www.pressenza.com\/wp-content\/uploads\/2025\/09\/sciopero-Perugia-300x225.jpeg 300w, https:\/\/www.pressenza.com\/wp-content\/uploads\/2025\/09\/sciopero-Perugia-820x615.jpeg 820w\" sizes=\"auto, (max-width: 1600px) 100vw, 1600px\" \/><\/p>\n<p><em>Perugia<\/em><\/p>\n<p><img loading=\"lazy\" decoding=\"async\" class=\"alignnone wp-image-2637535 size-full\" src=\"https:\/\/www.pressenza.com\/wp-content\/uploads\/2025\/09\/sciopero-Pisa.jpeg\" alt=\"\" width=\"1920\" height=\"1080\" srcset=\"https:\/\/www.pressenza.com\/wp-content\/uploads\/2025\/09\/sciopero-Pisa.jpeg 1920w, https:\/\/www.pressenza.com\/wp-content\/uploads\/2025\/09\/sciopero-Pisa-300x169.jpeg 300w, https:\/\/www.pressenza.com\/wp-content\/uploads\/2025\/09\/sciopero-Pisa-820x461.jpeg 820w\" sizes=\"auto, (max-width: 1920px) 100vw, 1920px\" \/><\/p>\n<p><em>Pisa<\/em><\/p>\n<p><img loading=\"lazy\" decoding=\"async\" class=\"alignnone wp-image-2637536 size-full\" src=\"https:\/\/www.pressenza.com\/wp-content\/uploads\/2025\/09\/sciopero-Anzio.jpeg\" alt=\"\" width=\"1920\" height=\"1440\" srcset=\"https:\/\/www.pressenza.com\/wp-content\/uploads\/2025\/09\/sciopero-Anzio.jpeg 1920w, https:\/\/www.pressenza.com\/wp-content\/uploads\/2025\/09\/sciopero-Anzio-300x225.jpeg 300w, https:\/\/www.pressenza.com\/wp-content\/uploads\/2025\/09\/sciopero-Anzio-820x615.jpeg 820w\" sizes=\"auto, (max-width: 1920px) 100vw, 1920px\" \/><\/p>\n<p><em>Anzio<\/em><\/p>\n<p><img loading=\"lazy\" decoding=\"async\" class=\"alignnone wp-image-2637538 size-full\" src=\"https:\/\/www.pressenza.com\/wp-content\/uploads\/2025\/09\/sciopero-Marghera-rit.jpg\" alt=\"\" width=\"1920\" height=\"1422\" srcset=\"https:\/\/www.pressenza.com\/wp-content\/uploads\/2025\/09\/sciopero-Marghera-rit.jpg 1920w, https:\/\/www.pressenza.com\/wp-content\/uploads\/2025\/09\/sciopero-Marghera-rit-300x222.jpg 300w, https:\/\/www.pressenza.com\/wp-content\/uploads\/2025\/09\/sciopero-Marghera-rit-820x607.jpg 820w\" sizes=\"auto, (max-width: 1920px) 100vw, 1920px\" \/><\/p>\n<p><img loading=\"lazy\" decoding=\"async\" class=\"alignnone wp-image-2637966\" src=\"https:\/\/www.pressenza.com\/wp-content\/uploads\/2025\/09\/Immagine-WhatsApp-2025-09-22-ore-20.53.55_0fb401c2-300x225.jpg\" alt=\"\" width=\"1384\" height=\"1038\" srcset=\"https:\/\/www.pressenza.com\/wp-content\/uploads\/2025\/09\/Immagine-WhatsApp-2025-09-22-ore-20.53.55_0fb401c2-300x225.jpg 300w, https:\/\/www.pressenza.com\/wp-content\/uploads\/2025\/09\/Immagine-WhatsApp-2025-09-22-ore-20.53.55_0fb401c2-820x615.jpg 820w, https:\/\/www.pressenza.com\/wp-content\/uploads\/2025\/09\/Immagine-WhatsApp-2025-09-22-ore-20.53.55_0fb401c2.jpg 2000w\" sizes=\"auto, (max-width: 1384px) 100vw, 1384px\" \/><\/p>\n<p><img loading=\"lazy\" decoding=\"async\" class=\"alignnone wp-image-2637967\" src=\"https:\/\/www.pressenza.com\/wp-content\/uploads\/2025\/09\/Immagine-WhatsApp-2025-09-22-ore-20.53.55_946ccd52-300x225.jpg\" alt=\"\" width=\"1383\" height=\"1037\" srcset=\"https:\/\/www.pressenza.com\/wp-content\/uploads\/2025\/09\/Immagine-WhatsApp-2025-09-22-ore-20.53.55_946ccd52-300x225.jpg 300w, https:\/\/www.pressenza.com\/wp-content\/uploads\/2025\/09\/Immagine-WhatsApp-2025-09-22-ore-20.53.55_946ccd52-820x615.jpg 820w, https:\/\/www.pressenza.com\/wp-content\/uploads\/2025\/09\/Immagine-WhatsApp-2025-09-22-ore-20.53.55_946ccd52.jpg 2000w\" sizes=\"auto, (max-width: 1383px) 100vw, 1383px\" \/><\/p>\n<p><em>Marghera<\/em><\/p>\n<p><img loading=\"lazy\" decoding=\"async\" class=\"alignnone wp-image-2637540 size-full\" src=\"https:\/\/www.pressenza.com\/wp-content\/uploads\/2025\/09\/sciopero-Sassari.jpeg\" alt=\"\" width=\"1600\" height=\"1565\" srcset=\"https:\/\/www.pressenza.com\/wp-content\/uploads\/2025\/09\/sciopero-Sassari.jpeg 1600w, https:\/\/www.pressenza.com\/wp-content\/uploads\/2025\/09\/sciopero-Sassari-300x293.jpeg 300w, https:\/\/www.pressenza.com\/wp-content\/uploads\/2025\/09\/sciopero-Sassari-820x802.jpeg 820w\" sizes=\"auto, (max-width: 1600px) 100vw, 1600px\" \/><\/p>\n<p><em>Sassari<\/em><\/p>\n<p><img loading=\"lazy\" decoding=\"async\" class=\"alignnone wp-image-2637547 size-full\" src=\"https:\/\/www.pressenza.com\/wp-content\/uploads\/2025\/09\/sciopero-Latina.jpeg\" alt=\"\" width=\"1600\" height=\"1201\" srcset=\"https:\/\/www.pressenza.com\/wp-content\/uploads\/2025\/09\/sciopero-Latina.jpeg 1600w, https:\/\/www.pressenza.com\/wp-content\/uploads\/2025\/09\/sciopero-Latina-300x225.jpeg 300w, https:\/\/www.pressenza.com\/wp-content\/uploads\/2025\/09\/sciopero-Latina-820x616.jpeg 820w\" sizes=\"auto, (max-width: 1600px) 100vw, 1600px\" \/><\/p>\n<p><em>Latina<\/em><\/p>\n<p><img loading=\"lazy\" decoding=\"async\" class=\"alignnone wp-image-2637589 size-full\" src=\"https:\/\/www.pressenza.com\/wp-content\/uploads\/2025\/09\/sciopero-Rimini.jpeg\" alt=\"\" width=\"1920\" height=\"1440\" srcset=\"https:\/\/www.pressenza.com\/wp-content\/uploads\/2025\/09\/sciopero-Rimini.jpeg 1920w, https:\/\/www.pressenza.com\/wp-content\/uploads\/2025\/09\/sciopero-Rimini-300x225.jpeg 300w, https:\/\/www.pressenza.com\/wp-content\/uploads\/2025\/09\/sciopero-Rimini-820x615.jpeg 820w\" sizes=\"auto, (max-width: 1920px) 100vw, 1920px\" \/><\/p>\n<p><em>Rimini<\/em><\/p>\n<p>&nbsp;<\/p>\n<p><img loading=\"lazy\" decoding=\"async\" class=\"size-large wp-image-2637627\" src=\"https:\/\/www.pressenza.com\/wp-content\/uploads\/2025\/09\/pistoia-820x615.jpeg\" alt=\"\" width=\"820\" height=\"615\" srcset=\"https:\/\/www.pressenza.com\/wp-content\/uploads\/2025\/09\/pistoia-820x615.jpeg 820w, https:\/\/www.pressenza.com\/wp-content\/uploads\/2025\/09\/pistoia-300x225.jpeg 300w, https:\/\/www.pressenza.com\/wp-content\/uploads\/2025\/09\/pistoia.jpeg 1920w\" sizes=\"auto, (max-width: 820px) 100vw, 820px\" \/><\/p>\n<p><em>Pistoia<\/em><\/p>\n<p><img loading=\"lazy\" decoding=\"async\" class=\"aligncenter size-large wp-image-2637634\" src=\"https:\/\/www.pressenza.com\/wp-content\/uploads\/2025\/09\/bologna-820x615.jpeg\" alt=\"\" width=\"820\" height=\"615\" srcset=\"https:\/\/www.pressenza.com\/wp-content\/uploads\/2025\/09\/bologna-820x615.jpeg 820w, https:\/\/www.pressenza.com\/wp-content\/uploads\/2025\/09\/bologna-300x225.jpeg 300w, https:\/\/www.pressenza.com\/wp-content\/uploads\/2025\/09\/bologna.jpeg 1600w\" sizes=\"auto, (max-width: 820px) 100vw, 820px\" \/><\/p>\n<p><img loading=\"lazy\" decoding=\"async\" class=\"alignnone wp-image-2637738 size-full\" src=\"https:\/\/www.pressenza.com\/wp-content\/uploads\/2025\/09\/sciopero-Bologna.jpeg\" alt=\"\" width=\"1080\" height=\"801\" srcset=\"https:\/\/www.pressenza.com\/wp-content\/uploads\/2025\/09\/sciopero-Bologna.jpeg 1080w, https:\/\/www.pressenza.com\/wp-content\/uploads\/2025\/09\/sciopero-Bologna-300x223.jpeg 300w, https:\/\/www.pressenza.com\/wp-content\/uploads\/2025\/09\/sciopero-Bologna-820x608.jpeg 820w\" sizes=\"auto, (max-width: 1080px) 100vw, 1080px\" \/><\/p>\n<p><em>Bologna<\/em><\/p>\n<p><img loading=\"lazy\" decoding=\"async\" class=\"alignnone wp-image-2637739 size-full\" src=\"https:\/\/www.pressenza.com\/wp-content\/uploads\/2025\/09\/sciopero-Ancona.jpeg\" alt=\"\" width=\"1600\" height=\"900\" srcset=\"https:\/\/www.pressenza.com\/wp-content\/uploads\/2025\/09\/sciopero-Ancona.jpeg 1600w, https:\/\/www.pressenza.com\/wp-content\/uploads\/2025\/09\/sciopero-Ancona-300x169.jpeg 300w, https:\/\/www.pressenza.com\/wp-content\/uploads\/2025\/09\/sciopero-Ancona-820x461.jpeg 820w\" sizes=\"auto, (max-width: 1600px) 100vw, 1600px\" \/><\/p>\n<p><img loading=\"lazy\" decoding=\"async\" class=\"alignnone wp-image-2637979\" src=\"https:\/\/www.pressenza.com\/wp-content\/uploads\/2025\/09\/Immagine-WhatsApp-2025-09-22-ore-16.33.26_e5889313-300x169.jpg\" alt=\"\" width=\"1381\" height=\"778\" srcset=\"https:\/\/www.pressenza.com\/wp-content\/uploads\/2025\/09\/Immagine-WhatsApp-2025-09-22-ore-16.33.26_e5889313-300x169.jpg 300w, https:\/\/www.pressenza.com\/wp-content\/uploads\/2025\/09\/Immagine-WhatsApp-2025-09-22-ore-16.33.26_e5889313-820x461.jpg 820w\" sizes=\"auto, (max-width: 1381px) 100vw, 1381px\" \/><\/p>\n<p><em>Ancona<\/em><\/p>\n<p><img loading=\"lazy\" decoding=\"async\" class=\"alignnone wp-image-2637741 size-full\" src=\"https:\/\/www.pressenza.com\/wp-content\/uploads\/2025\/09\/sciopero-Nuoro.jpeg\" alt=\"\" width=\"1599\" height=\"1200\" srcset=\"https:\/\/www.pressenza.com\/wp-content\/uploads\/2025\/09\/sciopero-Nuoro.jpeg 1599w, https:\/\/www.pressenza.com\/wp-content\/uploads\/2025\/09\/sciopero-Nuoro-300x225.jpeg 300w, https:\/\/www.pressenza.com\/wp-content\/uploads\/2025\/09\/sciopero-Nuoro-820x615.jpeg 820w\" sizes=\"auto, (max-width: 1599px) 100vw, 1599px\" \/><\/p>\n<p><em>Nuoro<\/em><\/p>\n<p><img loading=\"lazy\" decoding=\"async\" class=\"alignnone wp-image-2637771 size-full\" src=\"https:\/\/www.pressenza.com\/wp-content\/uploads\/2025\/09\/sciopero-Pescara.jpeg\" alt=\"\" width=\"2048\" height=\"1134\" srcset=\"https:\/\/www.pressenza.com\/wp-content\/uploads\/2025\/09\/sciopero-Pescara.jpeg 2048w, https:\/\/www.pressenza.com\/wp-content\/uploads\/2025\/09\/sciopero-Pescara-300x166.jpeg 300w, https:\/\/www.pressenza.com\/wp-content\/uploads\/2025\/09\/sciopero-Pescara-820x454.jpeg 820w\" sizes=\"auto, (max-width: 2048px) 100vw, 2048px\" \/><\/p>\n<p><em>Pescara<\/em><\/p>\n<p><img loading=\"lazy\" decoding=\"async\" class=\"alignnone wp-image-2637776 size-full\" src=\"https:\/\/www.pressenza.com\/wp-content\/uploads\/2025\/09\/sciopero-Genova-2.jpeg\" alt=\"\" width=\"1600\" height=\"1200\" srcset=\"https:\/\/www.pressenza.com\/wp-content\/uploads\/2025\/09\/sciopero-Genova-2.jpeg 1600w, https:\/\/www.pressenza.com\/wp-content\/uploads\/2025\/09\/sciopero-Genova-2-300x225.jpeg 300w, https:\/\/www.pressenza.com\/wp-content\/uploads\/2025\/09\/sciopero-Genova-2-820x615.jpeg 820w\" sizes=\"auto, (max-width: 1600px) 100vw, 1600px\" \/><\/p>\n<p><img loading=\"lazy\" decoding=\"async\" class=\"alignnone wp-image-2637775 size-full\" src=\"https:\/\/www.pressenza.com\/wp-content\/uploads\/2025\/09\/sciopero-Genova-1.jpeg\" alt=\"\" width=\"1600\" height=\"1200\" srcset=\"https:\/\/www.pressenza.com\/wp-content\/uploads\/2025\/09\/sciopero-Genova-1.jpeg 1600w, https:\/\/www.pressenza.com\/wp-content\/uploads\/2025\/09\/sciopero-Genova-1-300x225.jpeg 300w, https:\/\/www.pressenza.com\/wp-content\/uploads\/2025\/09\/sciopero-Genova-1-820x615.jpeg 820w\" sizes=\"auto, (max-width: 1600px) 100vw, 1600px\" \/><\/p>\n<p><img loading=\"lazy\" decoding=\"async\" class=\"alignnone wp-image-2637777 size-full\" src=\"https:\/\/www.pressenza.com\/wp-content\/uploads\/2025\/09\/sciopero-Genova-3.jpeg\" alt=\"\" width=\"1600\" height=\"1200\" srcset=\"https:\/\/www.pressenza.com\/wp-content\/uploads\/2025\/09\/sciopero-Genova-3.jpeg 1600w, https:\/\/www.pressenza.com\/wp-content\/uploads\/2025\/09\/sciopero-Genova-3-300x225.jpeg 300w, https:\/\/www.pressenza.com\/wp-content\/uploads\/2025\/09\/sciopero-Genova-3-820x615.jpeg 820w\" sizes=\"auto, (max-width: 1600px) 100vw, 1600px\" \/><\/p>\n<p><em>Genova<\/em><\/p>\n<p><img loading=\"lazy\" decoding=\"async\" class=\"alignnone wp-image-2637946\" src=\"https:\/\/www.pressenza.com\/wp-content\/uploads\/2025\/09\/Immagine-WhatsApp-2025-09-22-ore-15.44.06_672e457f-300x169.jpg\" alt=\"\" width=\"1376\" height=\"775\" srcset=\"https:\/\/www.pressenza.com\/wp-content\/uploads\/2025\/09\/Immagine-WhatsApp-2025-09-22-ore-15.44.06_672e457f-300x169.jpg 300w, https:\/\/www.pressenza.com\/wp-content\/uploads\/2025\/09\/Immagine-WhatsApp-2025-09-22-ore-15.44.06_672e457f-820x461.jpg 820w, https:\/\/www.pressenza.com\/wp-content\/uploads\/2025\/09\/Immagine-WhatsApp-2025-09-22-ore-15.44.06_672e457f.jpg 1280w\" sizes=\"auto, (max-width: 1376px) 100vw, 1376px\" \/><\/p>\n<p><img loading=\"lazy\" decoding=\"async\" class=\"alignnone wp-image-2637947\" src=\"https:\/\/www.pressenza.com\/wp-content\/uploads\/2025\/09\/Immagine-WhatsApp-2025-09-22-ore-15.44.06_b7b4eea2-300x169.jpg\" alt=\"\" width=\"1383\" height=\"779\" srcset=\"https:\/\/www.pressenza.com\/wp-content\/uploads\/2025\/09\/Immagine-WhatsApp-2025-09-22-ore-15.44.06_b7b4eea2-300x169.jpg 300w, https:\/\/www.pressenza.com\/wp-content\/uploads\/2025\/09\/Immagine-WhatsApp-2025-09-22-ore-15.44.06_b7b4eea2-820x461.jpg 820w, https:\/\/www.pressenza.com\/wp-content\/uploads\/2025\/09\/Immagine-WhatsApp-2025-09-22-ore-15.44.06_b7b4eea2.jpg 1280w\" sizes=\"auto, (max-width: 1383px) 100vw, 1383px\" \/> <img loading=\"lazy\" decoding=\"async\" class=\"alignnone wp-image-2637948\" src=\"https:\/\/www.pressenza.com\/wp-content\/uploads\/2025\/09\/Immagine-WhatsApp-2025-09-22-ore-15.44.07_18ba4e1d-300x169.jpg\" alt=\"\" width=\"1388\" height=\"782\" srcset=\"https:\/\/www.pressenza.com\/wp-content\/uploads\/2025\/09\/Immagine-WhatsApp-2025-09-22-ore-15.44.07_18ba4e1d-300x169.jpg 300w, https:\/\/www.pressenza.com\/wp-content\/uploads\/2025\/09\/Immagine-WhatsApp-2025-09-22-ore-15.44.07_18ba4e1d-820x461.jpg 820w, https:\/\/www.pressenza.com\/wp-content\/uploads\/2025\/09\/Immagine-WhatsApp-2025-09-22-ore-15.44.07_18ba4e1d.jpg 1280w\" sizes=\"auto, (max-width: 1388px) 100vw, 1388px\" \/> \u00a0<img loading=\"lazy\" decoding=\"async\" class=\"alignnone wp-image-2637950\" src=\"https:\/\/www.pressenza.com\/wp-content\/uploads\/2025\/09\/Immagine-WhatsApp-2025-09-22-ore-15.44.52_5d18be5b-300x169.jpg\" alt=\"\" width=\"1383\" height=\"779\" srcset=\"https:\/\/www.pressenza.com\/wp-content\/uploads\/2025\/09\/Immagine-WhatsApp-2025-09-22-ore-15.44.52_5d18be5b-300x169.jpg 300w, https:\/\/www.pressenza.com\/wp-content\/uploads\/2025\/09\/Immagine-WhatsApp-2025-09-22-ore-15.44.52_5d18be5b-820x461.jpg 820w, https:\/\/www.pressenza.com\/wp-content\/uploads\/2025\/09\/Immagine-WhatsApp-2025-09-22-ore-15.44.52_5d18be5b.jpg 840w\" sizes=\"auto, (max-width: 1383px) 100vw, 1383px\" \/><\/p>\n<p><em>Trieste<\/em><\/p>\n<p><img loading=\"lazy\" decoding=\"async\" class=\"alignnone wp-image-2637955\" src=\"https:\/\/www.pressenza.com\/wp-content\/uploads\/2025\/09\/Immagine-WhatsApp-2025-09-22-ore-20.04.36_9917a0d0-300x225.jpg\" alt=\"\" width=\"1392\" height=\"1044\" srcset=\"https:\/\/www.pressenza.com\/wp-content\/uploads\/2025\/09\/Immagine-WhatsApp-2025-09-22-ore-20.04.36_9917a0d0-300x225.jpg 300w, https:\/\/www.pressenza.com\/wp-content\/uploads\/2025\/09\/Immagine-WhatsApp-2025-09-22-ore-20.04.36_9917a0d0-820x615.jpg 820w, https:\/\/www.pressenza.com\/wp-content\/uploads\/2025\/09\/Immagine-WhatsApp-2025-09-22-ore-20.04.36_9917a0d0.jpg 1600w\" sizes=\"auto, (max-width: 1392px) 100vw, 1392px\" \/><\/p>\n<p><em>Cagliari<\/em><\/p>\n<p><img loading=\"lazy\" decoding=\"async\" class=\"alignnone wp-image-2637972\" src=\"https:\/\/www.pressenza.com\/wp-content\/uploads\/2025\/09\/Immagine-WhatsApp-2025-09-22-ore-16.40.17_5e429c02-300x300.jpg\" alt=\"\" width=\"1383\" height=\"1383\" srcset=\"https:\/\/www.pressenza.com\/wp-content\/uploads\/2025\/09\/Immagine-WhatsApp-2025-09-22-ore-16.40.17_5e429c02-300x300.jpg 300w, https:\/\/www.pressenza.com\/wp-content\/uploads\/2025\/09\/Immagine-WhatsApp-2025-09-22-ore-16.40.17_5e429c02-820x820.jpg 820w, https:\/\/www.pressenza.com\/wp-content\/uploads\/2025\/09\/Immagine-WhatsApp-2025-09-22-ore-16.40.17_5e429c02-150x150.jpg 150w, https:\/\/www.pressenza.com\/wp-content\/uploads\/2025\/09\/Immagine-WhatsApp-2025-09-22-ore-16.40.17_5e429c02.jpg 1528w\" sizes=\"auto, (max-width: 1383px) 100vw, 1383px\" \/><\/p>\n<p><img loading=\"lazy\" decoding=\"async\" class=\"alignnone wp-image-2637973\" src=\"https:\/\/www.pressenza.com\/wp-content\/uploads\/2025\/09\/Immagine-WhatsApp-2025-09-22-ore-16.40.18_a353f9b8-300x300.jpg\" alt=\"\" width=\"1380\" height=\"1380\" srcset=\"https:\/\/www.pressenza.com\/wp-content\/uploads\/2025\/09\/Immagine-WhatsApp-2025-09-22-ore-16.40.18_a353f9b8-300x300.jpg 300w, https:\/\/www.pressenza.com\/wp-content\/uploads\/2025\/09\/Immagine-WhatsApp-2025-09-22-ore-16.40.18_a353f9b8-820x820.jpg 820w, https:\/\/www.pressenza.com\/wp-content\/uploads\/2025\/09\/Immagine-WhatsApp-2025-09-22-ore-16.40.18_a353f9b8-150x150.jpg 150w, https:\/\/www.pressenza.com\/wp-content\/uploads\/2025\/09\/Immagine-WhatsApp-2025-09-22-ore-16.40.18_a353f9b8.jpg 1600w\" sizes=\"auto, (max-width: 1380px) 100vw, 1380px\" \/><\/p>\n<p><em>Milano<\/em><\/p>\n<p><img loading=\"lazy\" decoding=\"async\" class=\"alignnone wp-image-2637981\" src=\"https:\/\/www.pressenza.com\/wp-content\/uploads\/2025\/09\/Immagine-WhatsApp-2025-09-22-ore-12.40.14_7fa7899a-300x226.jpg\" alt=\"\" width=\"1382\" height=\"1041\" srcset=\"https:\/\/www.pressenza.com\/wp-content\/uploads\/2025\/09\/Immagine-WhatsApp-2025-09-22-ore-12.40.14_7fa7899a-300x226.jpg 300w, https:\/\/www.pressenza.com\/wp-content\/uploads\/2025\/09\/Immagine-WhatsApp-2025-09-22-ore-12.40.14_7fa7899a-820x617.jpg 820w, https:\/\/www.pressenza.com\/wp-content\/uploads\/2025\/09\/Immagine-WhatsApp-2025-09-22-ore-12.40.14_7fa7899a.jpg 1600w\" sizes=\"auto, (max-width: 1382px) 100vw, 1382px\" \/><\/p>\n<p><img loading=\"lazy\" decoding=\"async\" class=\"alignnone wp-image-2637987\" src=\"https:\/\/www.pressenza.com\/wp-content\/uploads\/2025\/09\/Immagine-WhatsApp-2025-09-22-ore-12.23.21_7d43c7d8-300x226.jpg\" alt=\"\" width=\"1379\" height=\"1039\" srcset=\"https:\/\/www.pressenza.com\/wp-content\/uploads\/2025\/09\/Immagine-WhatsApp-2025-09-22-ore-12.23.21_7d43c7d8-300x226.jpg 300w, https:\/\/www.pressenza.com\/wp-content\/uploads\/2025\/09\/Immagine-WhatsApp-2025-09-22-ore-12.23.21_7d43c7d8-820x617.jpg 820w, https:\/\/www.pressenza.com\/wp-content\/uploads\/2025\/09\/Immagine-WhatsApp-2025-09-22-ore-12.23.21_7d43c7d8.jpg 1600w\" sizes=\"auto, (max-width: 1379px) 100vw, 1379px\" \/><\/p>\n<p><em>Viareggio<\/em><\/p>\n<p><img loading=\"lazy\" decoding=\"async\" class=\"alignnone wp-image-2637982\" src=\"https:\/\/www.pressenza.com\/wp-content\/uploads\/2025\/09\/Immagine-WhatsApp-2025-09-22-ore-12.40.16_b34fab82-300x225.jpg\" alt=\"\" width=\"1377\" height=\"1033\" srcset=\"https:\/\/www.pressenza.com\/wp-content\/uploads\/2025\/09\/Immagine-WhatsApp-2025-09-22-ore-12.40.16_b34fab82-300x225.jpg 300w, https:\/\/www.pressenza.com\/wp-content\/uploads\/2025\/09\/Immagine-WhatsApp-2025-09-22-ore-12.40.16_b34fab82-820x615.jpg 820w, https:\/\/www.pressenza.com\/wp-content\/uploads\/2025\/09\/Immagine-WhatsApp-2025-09-22-ore-12.40.16_b34fab82.jpg 1600w\" sizes=\"auto, (max-width: 1377px) 100vw, 1377px\" \/><\/p>\n<p><em>Brescia<\/em><\/p>\n<p><img loading=\"lazy\" decoding=\"async\" class=\"alignnone wp-image-2637984\" src=\"https:\/\/www.pressenza.com\/wp-content\/uploads\/2025\/09\/Immagine-WhatsApp-2025-09-22-ore-12.40.12_4d8430e1-300x226.jpg\" alt=\"\" width=\"1381\" height=\"1040\" srcset=\"https:\/\/www.pressenza.com\/wp-content\/uploads\/2025\/09\/Immagine-WhatsApp-2025-09-22-ore-12.40.12_4d8430e1-300x226.jpg 300w, https:\/\/www.pressenza.com\/wp-content\/uploads\/2025\/09\/Immagine-WhatsApp-2025-09-22-ore-12.40.12_4d8430e1-820x617.jpg 820w, https:\/\/www.pressenza.com\/wp-content\/uploads\/2025\/09\/Immagine-WhatsApp-2025-09-22-ore-12.40.12_4d8430e1.jpg 2040w\" sizes=\"auto, (max-width: 1381px) 100vw, 1381px\" \/><\/p>\n<p><em>Bassano del Grappa<\/em><\/p>\n<p><img loading=\"lazy\" decoding=\"async\" class=\"alignnone wp-image-2637986\" src=\"https:\/\/www.pressenza.com\/wp-content\/uploads\/2025\/09\/Immagine-WhatsApp-2025-09-22-ore-12.31.41_b464049b-300x225.jpg\" alt=\"\" width=\"1379\" height=\"1034\" srcset=\"https:\/\/www.pressenza.com\/wp-content\/uploads\/2025\/09\/Immagine-WhatsApp-2025-09-22-ore-12.31.41_b464049b-300x225.jpg 300w, https:\/\/www.pressenza.com\/wp-content\/uploads\/2025\/09\/Immagine-WhatsApp-2025-09-22-ore-12.31.41_b464049b-820x615.jpg 820w, https:\/\/www.pressenza.com\/wp-content\/uploads\/2025\/09\/Immagine-WhatsApp-2025-09-22-ore-12.31.41_b464049b.jpg 2048w\" sizes=\"auto, (max-width: 1379px) 100vw, 1379px\" \/><\/p>\n<p><em>Trento<\/em><\/p>\n<p><img loading=\"lazy\" decoding=\"async\" class=\"alignnone wp-image-2638132 size-full\" src=\"https:\/\/www.pressenza.com\/wp-content\/uploads\/2025\/09\/sciopero-Cosenza-Daniela-Primerano.jpeg\" alt=\"\" width=\"1586\" height=\"1155\" srcset=\"https:\/\/www.pressenza.com\/wp-content\/uploads\/2025\/09\/sciopero-Cosenza-Daniela-Primerano.jpeg 1586w, https:\/\/www.pressenza.com\/wp-content\/uploads\/2025\/09\/sciopero-Cosenza-Daniela-Primerano-300x218.jpeg 300w, https:\/\/www.pressenza.com\/wp-content\/uploads\/2025\/09\/sciopero-Cosenza-Daniela-Primerano-820x597.jpeg 820w\" sizes=\"auto, (max-width: 1586px) 100vw, 1586px\" \/><\/p>\n<p><em>Cosenza, Foto von Daniela Primerano<\/em><\/p>\n","protected":false},"excerpt":{"rendered":"<p>Der Generalstreik f\u00fcr Gaza und zur Unterst\u00fctzung der Global Sumud Flotilla, der von der Gewerkschaft Unione Sindacale di Base und anderen Gewerkschaften organisiert wurde, findet in Dutzenden von St\u00e4dten in ganz Italien statt, oft bei str\u00f6mendem Regen. Nachfolgend eine Auswahl&hellip;<\/p>\n","protected":false},"author":594,"featured_media":2638518,"comment_status":"closed","ping_status":"closed","sticky":false,"template":"","format":"standard","meta":{"footnotes":""},"categories":[9150,9144,9161,9151,11387,9168],"tags":[34954,9358,11640,52552,22229,142089,143266,37106,33658,10197,22228,11641,11458,9226,18395,143268,42283],"class_list":["post-2638505","post","type-post","status-publish","format-standard","has-post-thumbnail","hentry","category-europa-de","category-fotoreportagen","category-menschenrechte","category-mittlerer-osten","category-originalinhalt","category-politik","tag-demonstrationen","tag-friedensbewegung","tag-gaza-de","tag-generalstreik","tag-gewaltfreiheit","tag-global-sumud-flotilla","tag-hafenblockade","tag-internationale-solidaritaet","tag-israelisch-palaestinensischer-konflikt","tag-italien","tag-menschenrechte","tag-nahostkonflikt","tag-palastina","tag-protest-de","tag-solidaritat","tag-unione-sindacale-di-base","tag-zivilgesellschaft"],"yoast_head":"<!-- This site is optimized with the Yoast SEO plugin v27.1.1 - https:\/\/yoast.com\/product\/yoast-seo-wordpress\/ -->\n<title>Wir blockieren alles! Italienweite Demonstrationen f\u00fcr Gaza und die Global Sumud Flotilla<\/title>\n<meta name=\"description\" content=\"Der Generalstreik f\u00fcr Gaza und zur Unterst\u00fctzung der Global Sumud Flotilla, der von der Gewerkschaft Unione Sindacale di Base und anderen Gewerkschaften\" \/>\n<meta name=\"robots\" content=\"index, follow, max-snippet:-1, max-image-preview:large, max-video-preview:-1\" \/>\n<link rel=\"canonical\" href=\"https:\/\/www.pressenza.com\/de\/2025\/09\/wir-blockieren-alles-italienweite-demonstrationen-fuer-gaza-und-die-global-sumud-flotilla\/\" \/>\n<meta property=\"og:locale\" content=\"de_DE\" \/>\n<meta property=\"og:type\" content=\"article\" \/>\n<meta property=\"og:title\" content=\"Wir blockieren alles! Italienweite Demonstrationen f\u00fcr Gaza und die Global Sumud Flotilla\" \/>\n<meta property=\"og:description\" content=\"Der Generalstreik f\u00fcr Gaza und zur Unterst\u00fctzung der Global Sumud Flotilla, der von der Gewerkschaft Unione Sindacale di Base und anderen Gewerkschaften\" \/>\n<meta property=\"og:url\" content=\"https:\/\/www.pressenza.com\/de\/2025\/09\/wir-blockieren-alles-italienweite-demonstrationen-fuer-gaza-und-die-global-sumud-flotilla\/\" \/>\n<meta property=\"og:site_name\" content=\"Pressenza\" \/>\n<meta property=\"article:publisher\" content=\"https:\/\/www.facebook.com\/PressenzaItalia\" \/>\n<meta property=\"article:author\" content=\"https:\/\/www.facebook.com\/PressenzaItalia\" \/>\n<meta property=\"article:published_time\" content=\"2025-09-24T10:34:59+00:00\" \/>\n<meta property=\"og:image\" content=\"https:\/\/www.pressenza.com\/wp-content\/uploads\/2025\/09\/Trieste.jpg\" \/>\n\t<meta property=\"og:image:width\" content=\"850\" \/>\n\t<meta property=\"og:image:height\" content=\"622\" \/>\n\t<meta property=\"og:image:type\" content=\"image\/jpeg\" \/>\n<meta name=\"author\" content=\"Redazione Italia\" \/>\n<meta name=\"twitter:card\" content=\"summary_large_image\" \/>\n<meta name=\"twitter:creator\" content=\"@pressenza_it\" \/>\n<meta name=\"twitter:site\" content=\"@PressenzaIPA\" \/>\n<meta name=\"twitter:label1\" content=\"Verfasst von\" \/>\n\t<meta name=\"twitter:data1\" content=\"Redazione Italia\" \/>\n\t<meta name=\"twitter:label2\" content=\"Gesch\u00e4tzte Lesezeit\" \/>\n\t<meta name=\"twitter:data2\" content=\"8\u00a0Minuten\" \/>\n<script type=\"application\/ld+json\" class=\"yoast-schema-graph\">{\"@context\":\"https:\/\/schema.org\",\"@graph\":[{\"@type\":\"Article\",\"@id\":\"https:\/\/www.pressenza.com\/de\/2025\/09\/wir-blockieren-alles-italienweite-demonstrationen-fuer-gaza-und-die-global-sumud-flotilla\/#article\",\"isPartOf\":{\"@id\":\"https:\/\/www.pressenza.com\/de\/2025\/09\/wir-blockieren-alles-italienweite-demonstrationen-fuer-gaza-und-die-global-sumud-flotilla\/\"},\"author\":{\"name\":\"Redazione Italia\",\"@id\":\"https:\/\/www.pressenza.com\/de\/#\/schema\/person\/d983e81827ae24f2c7b1a2123d197f8d\"},\"headline\":\"Wir blockieren alles! Italienweite Demonstrationen f\u00fcr Gaza und die Global Sumud Flotilla\",\"datePublished\":\"2025-09-24T10:34:59+00:00\",\"mainEntityOfPage\":{\"@id\":\"https:\/\/www.pressenza.com\/de\/2025\/09\/wir-blockieren-alles-italienweite-demonstrationen-fuer-gaza-und-die-global-sumud-flotilla\/\"},\"wordCount\":110,\"publisher\":{\"@id\":\"https:\/\/www.pressenza.com\/de\/#organization\"},\"image\":{\"@id\":\"https:\/\/www.pressenza.com\/de\/2025\/09\/wir-blockieren-alles-italienweite-demonstrationen-fuer-gaza-und-die-global-sumud-flotilla\/#primaryimage\"},\"thumbnailUrl\":\"https:\/\/www.pressenza.com\/wp-content\/uploads\/2025\/09\/Trieste.jpg\",\"keywords\":[\"Demonstrationen\",\"Friedensbewegung\",\"Gaza\",\"Generalstreik\",\"Gewaltfreiheit\",\"Global Sumud Flotilla\",\"Hafenblockade\",\"Internationale Solidarit\u00e4t\",\"israelisch-pal\u00e4stinensischer Konflikt\",\"italien\",\"Menschenrechte\",\"Nahostkonflikt\",\"Pal\u00e4stina\",\"Protest\",\"Solidarit\u00e4t\",\"Unione Sindacale di Base\",\"Zivilgesellschaft\"],\"articleSection\":[\"Europa\",\"Fotoreportagen\",\"Menschenrechte\",\"Mittlerer Osten\",\"Originalinhalt\",\"Politik\"],\"inLanguage\":\"de\"},{\"@type\":\"WebPage\",\"@id\":\"https:\/\/www.pressenza.com\/de\/2025\/09\/wir-blockieren-alles-italienweite-demonstrationen-fuer-gaza-und-die-global-sumud-flotilla\/\",\"url\":\"https:\/\/www.pressenza.com\/de\/2025\/09\/wir-blockieren-alles-italienweite-demonstrationen-fuer-gaza-und-die-global-sumud-flotilla\/\",\"name\":\"Wir blockieren alles! Italienweite Demonstrationen f\u00fcr Gaza und die Global Sumud Flotilla\",\"isPartOf\":{\"@id\":\"https:\/\/www.pressenza.com\/de\/#website\"},\"primaryImageOfPage\":{\"@id\":\"https:\/\/www.pressenza.com\/de\/2025\/09\/wir-blockieren-alles-italienweite-demonstrationen-fuer-gaza-und-die-global-sumud-flotilla\/#primaryimage\"},\"image\":{\"@id\":\"https:\/\/www.pressenza.com\/de\/2025\/09\/wir-blockieren-alles-italienweite-demonstrationen-fuer-gaza-und-die-global-sumud-flotilla\/#primaryimage\"},\"thumbnailUrl\":\"https:\/\/www.pressenza.com\/wp-content\/uploads\/2025\/09\/Trieste.jpg\",\"datePublished\":\"2025-09-24T10:34:59+00:00\",\"description\":\"Der Generalstreik f\u00fcr Gaza und zur Unterst\u00fctzung der Global Sumud Flotilla, der von der Gewerkschaft Unione Sindacale di Base und anderen Gewerkschaften\",\"breadcrumb\":{\"@id\":\"https:\/\/www.pressenza.com\/de\/2025\/09\/wir-blockieren-alles-italienweite-demonstrationen-fuer-gaza-und-die-global-sumud-flotilla\/#breadcrumb\"},\"inLanguage\":\"de\",\"potentialAction\":[{\"@type\":\"ReadAction\",\"target\":[\"https:\/\/www.pressenza.com\/de\/2025\/09\/wir-blockieren-alles-italienweite-demonstrationen-fuer-gaza-und-die-global-sumud-flotilla\/\"]}]},{\"@type\":\"ImageObject\",\"inLanguage\":\"de\",\"@id\":\"https:\/\/www.pressenza.com\/de\/2025\/09\/wir-blockieren-alles-italienweite-demonstrationen-fuer-gaza-und-die-global-sumud-flotilla\/#primaryimage\",\"url\":\"https:\/\/www.pressenza.com\/wp-content\/uploads\/2025\/09\/Trieste.jpg\",\"contentUrl\":\"https:\/\/www.pressenza.com\/wp-content\/uploads\/2025\/09\/Trieste.jpg\",\"width\":850,\"height\":622},{\"@type\":\"BreadcrumbList\",\"@id\":\"https:\/\/www.pressenza.com\/de\/2025\/09\/wir-blockieren-alles-italienweite-demonstrationen-fuer-gaza-und-die-global-sumud-flotilla\/#breadcrumb\",\"itemListElement\":[{\"@type\":\"ListItem\",\"position\":1,\"name\":\"Accueil\",\"item\":\"https:\/\/www.pressenza.com\/de\/\"},{\"@type\":\"ListItem\",\"position\":2,\"name\":\"Wir blockieren alles! Italienweite Demonstrationen f\u00fcr Gaza und die Global Sumud Flotilla\"}]},{\"@type\":\"WebSite\",\"@id\":\"https:\/\/www.pressenza.com\/de\/#website\",\"url\":\"https:\/\/www.pressenza.com\/de\/\",\"name\":\"Pressenza\",\"description\":\"International Press Agency\",\"publisher\":{\"@id\":\"https:\/\/www.pressenza.com\/de\/#organization\"},\"potentialAction\":[{\"@type\":\"SearchAction\",\"target\":{\"@type\":\"EntryPoint\",\"urlTemplate\":\"https:\/\/www.pressenza.com\/de\/?s={search_term_string}\"},\"query-input\":{\"@type\":\"PropertyValueSpecification\",\"valueRequired\":true,\"valueName\":\"search_term_string\"}}],\"inLanguage\":\"de\"},{\"@type\":\"Organization\",\"@id\":\"https:\/\/www.pressenza.com\/de\/#organization\",\"name\":\"Pressenza\",\"url\":\"https:\/\/www.pressenza.com\/de\/\",\"logo\":{\"@type\":\"ImageObject\",\"inLanguage\":\"de\",\"@id\":\"https:\/\/www.pressenza.com\/de\/#\/schema\/logo\/image\/\",\"url\":\"https:\/\/www.pressenza.com\/wp-content\/uploads\/2022\/10\/pressenza_logo_200x200.jpg\",\"contentUrl\":\"https:\/\/www.pressenza.com\/wp-content\/uploads\/2022\/10\/pressenza_logo_200x200.jpg\",\"width\":200,\"height\":200,\"caption\":\"Pressenza\"},\"image\":{\"@id\":\"https:\/\/www.pressenza.com\/de\/#\/schema\/logo\/image\/\"},\"sameAs\":[\"https:\/\/www.facebook.com\/PressenzaItalia\",\"https:\/\/x.com\/PressenzaIPA\"]},{\"@type\":\"Person\",\"@id\":\"https:\/\/www.pressenza.com\/de\/#\/schema\/person\/d983e81827ae24f2c7b1a2123d197f8d\",\"name\":\"Redazione Italia\",\"description\":\"News from the Pressenza Bureau in Italy\",\"sameAs\":[\"https:\/\/www.pressenza.com\/it\/author\/redazione-italia\/\",\"https:\/\/www.facebook.com\/PressenzaItalia\",\"https:\/\/www.instagram.com\/pressenza_italia\/\",\"https:\/\/x.com\/pressenza_it\",\"https:\/\/www.youtube.com\/channel\/UCSalEIWjE1RSxkwjfftFuqg\"],\"url\":\"https:\/\/www.pressenza.com\/de\/author\/redazione-italia\/\"}]}<\/script>\n<!-- \/ Yoast SEO plugin. -->","yoast_head_json":{"title":"Wir blockieren alles! Italienweite Demonstrationen f\u00fcr Gaza und die Global Sumud Flotilla","description":"Der Generalstreik f\u00fcr Gaza und zur Unterst\u00fctzung der Global Sumud Flotilla, der von der Gewerkschaft Unione Sindacale di Base und anderen Gewerkschaften","robots":{"index":"index","follow":"follow","max-snippet":"max-snippet:-1","max-image-preview":"max-image-preview:large","max-video-preview":"max-video-preview:-1"},"canonical":"https:\/\/www.pressenza.com\/de\/2025\/09\/wir-blockieren-alles-italienweite-demonstrationen-fuer-gaza-und-die-global-sumud-flotilla\/","og_locale":"de_DE","og_type":"article","og_title":"Wir blockieren alles! Italienweite Demonstrationen f\u00fcr Gaza und die Global Sumud Flotilla","og_description":"Der Generalstreik f\u00fcr Gaza und zur Unterst\u00fctzung der Global Sumud Flotilla, der von der Gewerkschaft Unione Sindacale di Base und anderen Gewerkschaften","og_url":"https:\/\/www.pressenza.com\/de\/2025\/09\/wir-blockieren-alles-italienweite-demonstrationen-fuer-gaza-und-die-global-sumud-flotilla\/","og_site_name":"Pressenza","article_publisher":"https:\/\/www.facebook.com\/PressenzaItalia","article_author":"https:\/\/www.facebook.com\/PressenzaItalia","article_published_time":"2025-09-24T10:34:59+00:00","og_image":[{"width":850,"height":622,"url":"https:\/\/www.pressenza.com\/wp-content\/uploads\/2025\/09\/Trieste.jpg","type":"image\/jpeg"}],"author":"Redazione Italia","twitter_card":"summary_large_image","twitter_creator":"@pressenza_it","twitter_site":"@PressenzaIPA","twitter_misc":{"Verfasst von":"Redazione Italia","Gesch\u00e4tzte Lesezeit":"8\u00a0Minuten"},"schema":{"@context":"https:\/\/schema.org","@graph":[{"@type":"Article","@id":"https:\/\/www.pressenza.com\/de\/2025\/09\/wir-blockieren-alles-italienweite-demonstrationen-fuer-gaza-und-die-global-sumud-flotilla\/#article","isPartOf":{"@id":"https:\/\/www.pressenza.com\/de\/2025\/09\/wir-blockieren-alles-italienweite-demonstrationen-fuer-gaza-und-die-global-sumud-flotilla\/"},"author":{"name":"Redazione Italia","@id":"https:\/\/www.pressenza.com\/de\/#\/schema\/person\/d983e81827ae24f2c7b1a2123d197f8d"},"headline":"Wir blockieren alles! Italienweite Demonstrationen f\u00fcr Gaza und die Global Sumud Flotilla","datePublished":"2025-09-24T10:34:59+00:00","mainEntityOfPage":{"@id":"https:\/\/www.pressenza.com\/de\/2025\/09\/wir-blockieren-alles-italienweite-demonstrationen-fuer-gaza-und-die-global-sumud-flotilla\/"},"wordCount":110,"publisher":{"@id":"https:\/\/www.pressenza.com\/de\/#organization"},"image":{"@id":"https:\/\/www.pressenza.com\/de\/2025\/09\/wir-blockieren-alles-italienweite-demonstrationen-fuer-gaza-und-die-global-sumud-flotilla\/#primaryimage"},"thumbnailUrl":"https:\/\/www.pressenza.com\/wp-content\/uploads\/2025\/09\/Trieste.jpg","keywords":["Demonstrationen","Friedensbewegung","Gaza","Generalstreik","Gewaltfreiheit","Global Sumud Flotilla","Hafenblockade","Internationale Solidarit\u00e4t","israelisch-pal\u00e4stinensischer Konflikt","italien","Menschenrechte","Nahostkonflikt","Pal\u00e4stina","Protest","Solidarit\u00e4t","Unione Sindacale di Base","Zivilgesellschaft"],"articleSection":["Europa","Fotoreportagen","Menschenrechte","Mittlerer Osten","Originalinhalt","Politik"],"inLanguage":"de"},{"@type":"WebPage","@id":"https:\/\/www.pressenza.com\/de\/2025\/09\/wir-blockieren-alles-italienweite-demonstrationen-fuer-gaza-und-die-global-sumud-flotilla\/","url":"https:\/\/www.pressenza.com\/de\/2025\/09\/wir-blockieren-alles-italienweite-demonstrationen-fuer-gaza-und-die-global-sumud-flotilla\/","name":"Wir blockieren alles! Italienweite Demonstrationen f\u00fcr Gaza und die Global Sumud Flotilla","isPartOf":{"@id":"https:\/\/www.pressenza.com\/de\/#website"},"primaryImageOfPage":{"@id":"https:\/\/www.pressenza.com\/de\/2025\/09\/wir-blockieren-alles-italienweite-demonstrationen-fuer-gaza-und-die-global-sumud-flotilla\/#primaryimage"},"image":{"@id":"https:\/\/www.pressenza.com\/de\/2025\/09\/wir-blockieren-alles-italienweite-demonstrationen-fuer-gaza-und-die-global-sumud-flotilla\/#primaryimage"},"thumbnailUrl":"https:\/\/www.pressenza.com\/wp-content\/uploads\/2025\/09\/Trieste.jpg","datePublished":"2025-09-24T10:34:59+00:00","description":"Der Generalstreik f\u00fcr Gaza und zur Unterst\u00fctzung der Global Sumud Flotilla, der von der Gewerkschaft Unione Sindacale di Base und anderen Gewerkschaften","breadcrumb":{"@id":"https:\/\/www.pressenza.com\/de\/2025\/09\/wir-blockieren-alles-italienweite-demonstrationen-fuer-gaza-und-die-global-sumud-flotilla\/#breadcrumb"},"inLanguage":"de","potentialAction":[{"@type":"ReadAction","target":["https:\/\/www.pressenza.com\/de\/2025\/09\/wir-blockieren-alles-italienweite-demonstrationen-fuer-gaza-und-die-global-sumud-flotilla\/"]}]},{"@type":"ImageObject","inLanguage":"de","@id":"https:\/\/www.pressenza.com\/de\/2025\/09\/wir-blockieren-alles-italienweite-demonstrationen-fuer-gaza-und-die-global-sumud-flotilla\/#primaryimage","url":"https:\/\/www.pressenza.com\/wp-content\/uploads\/2025\/09\/Trieste.jpg","contentUrl":"https:\/\/www.pressenza.com\/wp-content\/uploads\/2025\/09\/Trieste.jpg","width":850,"height":622},{"@type":"BreadcrumbList","@id":"https:\/\/www.pressenza.com\/de\/2025\/09\/wir-blockieren-alles-italienweite-demonstrationen-fuer-gaza-und-die-global-sumud-flotilla\/#breadcrumb","itemListElement":[{"@type":"ListItem","position":1,"name":"Accueil","item":"https:\/\/www.pressenza.com\/de\/"},{"@type":"ListItem","position":2,"name":"Wir blockieren alles! Italienweite Demonstrationen f\u00fcr Gaza und die Global Sumud Flotilla"}]},{"@type":"WebSite","@id":"https:\/\/www.pressenza.com\/de\/#website","url":"https:\/\/www.pressenza.com\/de\/","name":"Pressenza","description":"International Press Agency","publisher":{"@id":"https:\/\/www.pressenza.com\/de\/#organization"},"potentialAction":[{"@type":"SearchAction","target":{"@type":"EntryPoint","urlTemplate":"https:\/\/www.pressenza.com\/de\/?s={search_term_string}"},"query-input":{"@type":"PropertyValueSpecification","valueRequired":true,"valueName":"search_term_string"}}],"inLanguage":"de"},{"@type":"Organization","@id":"https:\/\/www.pressenza.com\/de\/#organization","name":"Pressenza","url":"https:\/\/www.pressenza.com\/de\/","logo":{"@type":"ImageObject","inLanguage":"de","@id":"https:\/\/www.pressenza.com\/de\/#\/schema\/logo\/image\/","url":"https:\/\/www.pressenza.com\/wp-content\/uploads\/2022\/10\/pressenza_logo_200x200.jpg","contentUrl":"https:\/\/www.pressenza.com\/wp-content\/uploads\/2022\/10\/pressenza_logo_200x200.jpg","width":200,"height":200,"caption":"Pressenza"},"image":{"@id":"https:\/\/www.pressenza.com\/de\/#\/schema\/logo\/image\/"},"sameAs":["https:\/\/www.facebook.com\/PressenzaItalia","https:\/\/x.com\/PressenzaIPA"]},{"@type":"Person","@id":"https:\/\/www.pressenza.com\/de\/#\/schema\/person\/d983e81827ae24f2c7b1a2123d197f8d","name":"Redazione Italia","description":"News from the Pressenza Bureau in Italy","sameAs":["https:\/\/www.pressenza.com\/it\/author\/redazione-italia\/","https:\/\/www.facebook.com\/PressenzaItalia","https:\/\/www.instagram.com\/pressenza_italia\/","https:\/\/x.com\/pressenza_it","https:\/\/www.youtube.com\/channel\/UCSalEIWjE1RSxkwjfftFuqg"],"url":"https:\/\/www.pressenza.com\/de\/author\/redazione-italia\/"}]}},"place":"","original_article_url":"","_links":{"self":[{"href":"https:\/\/www.pressenza.com\/de\/wp-json\/wp\/v2\/posts\/2638505","targetHints":{"allow":["GET"]}}],"collection":[{"href":"https:\/\/www.pressenza.com\/de\/wp-json\/wp\/v2\/posts"}],"about":[{"href":"https:\/\/www.pressenza.com\/de\/wp-json\/wp\/v2\/types\/post"}],"author":[{"embeddable":true,"href":"https:\/\/www.pressenza.com\/de\/wp-json\/wp\/v2\/users\/594"}],"replies":[{"embeddable":true,"href":"https:\/\/www.pressenza.com\/de\/wp-json\/wp\/v2\/comments?post=2638505"}],"version-history":[{"count":3,"href":"https:\/\/www.pressenza.com\/de\/wp-json\/wp\/v2\/posts\/2638505\/revisions"}],"predecessor-version":[{"id":2638551,"href":"https:\/\/www.pressenza.com\/de\/wp-json\/wp\/v2\/posts\/2638505\/revisions\/2638551"}],"wp:featuredmedia":[{"embeddable":true,"href":"https:\/\/www.pressenza.com\/de\/wp-json\/wp\/v2\/media\/2638518"}],"wp:attachment":[{"href":"https:\/\/www.pressenza.com\/de\/wp-json\/wp\/v2\/media?parent=2638505"}],"wp:term":[{"taxonomy":"category","embeddable":true,"href":"https:\/\/www.pressenza.com\/de\/wp-json\/wp\/v2\/categories?post=2638505"},{"taxonomy":"post_tag","embeddable":true,"href":"https:\/\/www.pressenza.com\/de\/wp-json\/wp\/v2\/tags?post=2638505"}],"curies":[{"name":"wp","href":"https:\/\/api.w.org\/{rel}","templated":true}]}}