{"id":2637511,"date":"2025-09-22T09:21:02","date_gmt":"2025-09-22T08:21:02","guid":{"rendered":"https:\/\/www.pressenza.com\/?p=2637511"},"modified":"2025-09-22T09:21:02","modified_gmt":"2025-09-22T08:21:02","slug":"wissenschaftler-und-mediziner-fordern-sofortigen-stopp-von-mrna-impfungen","status":"publish","type":"post","link":"https:\/\/www.pressenza.com\/de\/2025\/09\/wissenschaftler-und-mediziner-fordern-sofortigen-stopp-von-mrna-impfungen\/","title":{"rendered":"Wissenschaftler und Mediziner fordern sofortigen Stopp von mRNA-Impfungen"},"content":{"rendered":"<p><strong>Experten: \u00dcberpr\u00fcfung der Pr\u00e4parate durch Paul-Ehrlich-Institut mangelhaft \/ Fehlende Untersuchungen zum Krebsrisiko und zur Auswirkung auf kommende Generationen \/ Verdachtsf\u00e4lle: Au\u00dfergew\u00f6hnlich hohe Rate an Nebenwirkungen und Todesf\u00e4llen \/ Weitere mRNA-Impfstoffe in EU zugelassen, zus\u00e4tzliche Ausweitung geplant<\/strong><\/p>\n<p>Hunderte Experten aus Medizin und Wissenschaft <a href=\"https:\/\/www.mwm-proof.com\/downloads\/2025-09-11_MWM_Risikowarnung_mRNA_DE.pdf\" target=\"_blank\" rel=\"noopener\">fordern<\/a> die sofortige Aussetzung aller mRNA-Produkte \u201ebis das klinische Nutzen-Risiko-Verh\u00e4ltnis transparent gekl\u00e4rt ist\u201c. Der Aufruf \u201eRisikowarnung Arzneimittelsicherheit mRNA-Moratorium JETZT!\u201c des B\u00fcndnisses \u201eMenschliche Wissenschaft und Medizin\u201c mit Vertretern aus Deutschland, \u00d6sterreich und der Schweiz wurde von mehr als 200 Erstunterzeichnern <a href=\"https:\/\/www.mwm-proof.com\/\" target=\"_blank\" rel=\"noopener\">unterst\u00fctzt<\/a>. Auf einer Pressekonferenz des B\u00fcndnisses zum Start der Kampagne am 16. September erl\u00e4uterten verschiedene Fachleute ihre Bedenken hinsichtlich der mRNA-Pr\u00e4parate.<\/p>\n<p>So wies der Chemieprofessor Gerald Dyker auf die <a href=\"https:\/\/multipolar-magazin.de\/meldungen\/0157\" target=\"_blank\" rel=\"noopener\">mangelhafte<\/a> \u00dcberpr\u00fcfung der Pr\u00e4parate durch das zust\u00e4ndige Paul-Ehrlich-Institut (PEI) hin. Untersucht w\u00fcrden nur Proben, die der Hersteller zur Verf\u00fcgung stelle. Die Wirksamkeit werde angenommen, nachdem zuvor lediglich ein \u201eSchnelltest\u201c auf oberfl\u00e4chliche Kriterien erfolgt sei. Die Zulassung durch die europ\u00e4ische Arzneimittelagentur EMA sei mit einer niedrigen Anforderung von nur 50 Prozent intakter mRNA erteilt worden. Unklar sei, was die defekten mRNA-Anteile in den K\u00f6rperzellen ausrichten. Die Schweizer Apothekerin Christina Del Prete erg\u00e4nzte, die Auswirkungen der Inhaltsstoffe auf folgende Generationen (Genotoxizit\u00e4t) und Krebsrisiko (Karzogenit\u00e4t) seien trotz bekannter Warnung aus einem Moderna-Patent von 2018 nicht <a href=\"https:\/\/multipolar-magazin.de\/meldungen\/0187\" target=\"_blank\" rel=\"noopener\">untersucht<\/a> worden.<\/p>\n<p>Der \u00f6sterreichische Arzt Andreas S\u00f6nnichsen betonte, bei einer Impfung m\u00fcssten, anders als bei einem Arzneimittel f\u00fcr Kranke, die \u201eAnforderungen an eine positive Nutzen-Schaden-Bilanz\u201c besonders hoch angesetzt werden, da gesunde Menschen geimpft w\u00fcrden. Der Nutzen der Corona-Impfung sei durch irref\u00fchrende Pharma-Werbung sowie Studien \u201emit schweren methodischen Fehlern\u201c \u00fcbertrieben worden. Demgegen\u00fcber stehe ein signifikanter Zusammenhang zwischen der Anzahl der Impfungen und der Anf\u00e4lligkeit, an Covid zu erkranken. Hinzu komme: Die Rate der gemeldeten Verdachtsf\u00e4lle auf schwere Nebenwirkungen sei \u201eetwa 60 Mal\u201c und die Todesfallrate \u201eetwa 20 bis 25 Mal\u201c so hoch wie \u201ebei allen anderen Impfungen\u201c, erkl\u00e4rte S\u00f6nnichsen unter Bezug auf PEI-Sicherheitsberichte.<\/p>\n<p>Der Molekulargenetiker Michael Nehls und der Psychoneuroimmunologe <a href=\"https:\/\/multipolar-magazin.de\/artikel\/die-massnahmen-toeten-mehr-menschen-als-covid-19\">Christian<\/a> <a href=\"https:\/\/multipolar-magazin.de\/artikel\/abhaengigkeit-machtverhaeltnis\" target=\"_blank\" rel=\"noopener\">Schubert<\/a> befassten sich mit Alternativen zur Impfung. Nehls verwies insbesondere auf die Bedeutung einer ausreichenden Versorgung mit Vitamin-D-3, um schwere Erkrankungen und Todesf\u00e4lle zu vermeiden. Schubert hob hervor, \u201enegative Effekte von Angst auf das Immunsystem\u201c seien lange bekannt und \u201epositive Ressourcen, um das Immunsystem zu st\u00e4rken\u201c seien nicht genutzt worden.<\/p>\n<p>Der Hausarzt Erich Freisleben, der hunderte Impfsch\u00e4den <a href=\"https:\/\/multipolar-magazin.de\/meldungen\/0174\" target=\"_blank\" rel=\"noopener\">dokumentierte<\/a>, stellte fest, dass schwere Symptome \u201einnerhalb von 14 Tagen nach Impfung\u201c auftraten. Die Impfspikes seien \u201e\u00fcber Jahre\u201c im K\u00f6rper \u201enachweisbar\u201c. Sie seien <a href=\"https:\/\/multipolar-magazin.de\/meldungen\/0269\" target=\"_blank\" rel=\"noopener\">Plazenta-<\/a> und Gehirn-g\u00e4ngig. Laut dem Luzerner Statistikprofessor Konstantin Beck sei \u201ein 26 von 38 untersuchten europ\u00e4ischen Staaten einschlie\u00dflich der T\u00fcrkei\u201c \u201eseit 2022 ein schlagartiger Einbruch der Lebendgeburten zu <a href=\"https:\/\/multipolar-magazin.de\/artikel\/geburtenrueckgang-impfung\" target=\"_blank\" rel=\"noopener\">verzeichnen<\/a>\u201c.<\/p>\n<p>Auf der Homepage des B\u00fcndnisses <a href=\"https:\/\/www.mwm-proof.com\/\" target=\"_blank\" rel=\"noopener\">hei\u00dft<\/a> es zusammenfassend: \u201eDie Zusammenh\u00e4nge der mRNA-Stoffe mit Todes- und Erkrankungszahlen sind sp\u00e4testens seit 2022 im Vergleich der Bundesl\u00e4nder, Nationen, internationalen Datenbanken und deren Impf-\/Boosterstatus signifikant und lassen sich nicht mehr als \u201azuf\u00e4llig\u2018 abtun\u201c. Die Vertreter von \u201eMenschliche Wissenschaft und Medizin\u201c fordern einen offenen wissenschaftlichen Diskurs. Es brauche \u201eeine konstruktive, neutral moderierte Diskussion\u201c zwischen den wissenschaftlichen Lagern. Auf Nachfrage von Multipolar erl\u00e4uterte Dyker, es gebe bislang eine \u201egro\u00dfe Zur\u00fcckhaltung\u201c unter Wissenschaftlern das Moratorium auch nur vor\u00fcbergehend zu unterst\u00fctzen bis die Sicherheitsfragen gekl\u00e4rt seien.<\/p>\n<p>Dies sei auch angesichts j\u00fcngster Entwicklungen bemerkenswert: Die mRNA-Technologie als Plattform f\u00fcr weitere Impfstoffe sei in der EU schon zugelassen worden. Die Pharmafirmen planten eine weitgehende \u201eUmstellung der klassischen Impfstoffe auf mRNA-Stoffe\u201c, einschlie\u00dflich Impfstoffen f\u00fcr Tiere, erkl\u00e4rte Chemieprofessor Dyker auf der Pressekonferenz und warnte, dass die Ausweitung auch kommende Generationen betreffen werde.<\/p>\n<hr \/>\n<p>Diese Nachricht wurde von <a href=\"https:\/\/multipolar-magazin.de\/meldungen\/0315\" target=\"_blank\" rel=\"noopener\">Multipolar<\/a> \u00fcbernommen.<\/p>\n<p><img loading=\"lazy\" decoding=\"async\" class=\" wp-image-2637513 alignleft\" src=\"https:\/\/www.pressenza.com\/wp-content\/uploads\/2025\/09\/Multipolar-300x65.png\" alt=\"\" width=\"180\" height=\"39\" srcset=\"https:\/\/www.pressenza.com\/wp-content\/uploads\/2025\/09\/Multipolar-300x65.png 300w, https:\/\/www.pressenza.com\/wp-content\/uploads\/2025\/09\/Multipolar.png 305w\" sizes=\"auto, (max-width: 180px) 100vw, 180px\" \/>Multipolar ist ein von Paul Schreyer und Stefan Korinth herausgegebenes deutsches Online-Magazin, das im Januar 2020 von ihnen und dem Politikwissenschaftler Ulrich Teusch gegr\u00fcndet wurde. Die Finanzierung der Plattform erfolgte durch Crowdfunding, der laufende Betrieb durch Spenden der Leser.<\/p>\n","protected":false},"excerpt":{"rendered":"<p>Experten: \u00dcberpr\u00fcfung der Pr\u00e4parate durch Paul-Ehrlich-Institut mangelhaft \/ Fehlende Untersuchungen zum Krebsrisiko und zur Auswirkung auf kommende Generationen \/ Verdachtsf\u00e4lle: Au\u00dfergew\u00f6hnlich hohe Rate an Nebenwirkungen und Todesf\u00e4llen \/ Weitere mRNA-Impfstoffe in EU zugelassen, zus\u00e4tzliche Ausweitung geplant Hunderte Experten aus Medizin&hellip;<\/p>\n","protected":false},"author":2427,"featured_media":2637515,"comment_status":"closed","ping_status":"closed","sticky":false,"template":"","format":"standard","meta":{"footnotes":""},"categories":[9160,9158,9169],"tags":[143141,143140,90875,28508],"class_list":["post-2637511","post","type-post","status-publish","format-standard","has-post-thumbnail","hentry","category-gesundheit","category-wirtschaft","category-wissenschaft-und-technologie","tag-arzneimittelsicherheit","tag-impstoffe","tag-mrna-technologie","tag-pharmaindustrie"],"yoast_head":"<!-- This site is optimized with the Yoast SEO plugin v27.1.1 - https:\/\/yoast.com\/product\/yoast-seo-wordpress\/ -->\n<title>Wissenschaftler und Mediziner fordern sofortigen Stopp von mRNA-Impfungen<\/title>\n<meta name=\"description\" content=\"Experten: \u00dcberpr\u00fcfung der Pr\u00e4parate durch Paul-Ehrlich-Institut mangelhaft \/ Fehlende Untersuchungen zum Krebsrisiko und zur Auswirkung auf kommende\" \/>\n<meta name=\"robots\" content=\"index, follow, max-snippet:-1, max-image-preview:large, max-video-preview:-1\" \/>\n<link rel=\"canonical\" href=\"https:\/\/www.pressenza.com\/de\/2025\/09\/wissenschaftler-und-mediziner-fordern-sofortigen-stopp-von-mrna-impfungen\/\" \/>\n<meta property=\"og:locale\" content=\"de_DE\" \/>\n<meta property=\"og:type\" content=\"article\" \/>\n<meta property=\"og:title\" content=\"Wissenschaftler und Mediziner fordern sofortigen Stopp von mRNA-Impfungen\" \/>\n<meta property=\"og:description\" content=\"Experten: \u00dcberpr\u00fcfung der Pr\u00e4parate durch Paul-Ehrlich-Institut mangelhaft \/ Fehlende Untersuchungen zum Krebsrisiko und zur Auswirkung auf kommende\" \/>\n<meta property=\"og:url\" content=\"https:\/\/www.pressenza.com\/de\/2025\/09\/wissenschaftler-und-mediziner-fordern-sofortigen-stopp-von-mrna-impfungen\/\" \/>\n<meta property=\"og:site_name\" content=\"Pressenza\" \/>\n<meta property=\"article:publisher\" content=\"https:\/\/www.facebook.com\/PressenzaItalia\" \/>\n<meta property=\"article:published_time\" content=\"2025-09-22T08:21:02+00:00\" \/>\n<meta property=\"og:image\" content=\"https:\/\/www.pressenza.com\/wp-content\/uploads\/2025\/09\/Chairman-of-the-Joint-Chiefs-of-Staff-CC-BY-2.0-490x327-1.jpg\" \/>\n\t<meta property=\"og:image:width\" content=\"820\" \/>\n\t<meta property=\"og:image:height\" content=\"547\" \/>\n\t<meta property=\"og:image:type\" content=\"image\/jpeg\" \/>\n<meta name=\"author\" content=\"Pressenza Hannover\" \/>\n<meta name=\"twitter:card\" content=\"summary_large_image\" \/>\n<meta name=\"twitter:creator\" content=\"@PressenzaIPA\" \/>\n<meta name=\"twitter:site\" content=\"@PressenzaIPA\" \/>\n<meta name=\"twitter:label1\" content=\"Verfasst von\" \/>\n\t<meta name=\"twitter:data1\" content=\"Pressenza Hannover\" \/>\n\t<meta name=\"twitter:label2\" content=\"Gesch\u00e4tzte Lesezeit\" \/>\n\t<meta name=\"twitter:data2\" content=\"4\u00a0Minuten\" \/>\n<script type=\"application\/ld+json\" class=\"yoast-schema-graph\">{\"@context\":\"https:\/\/schema.org\",\"@graph\":[{\"@type\":\"Article\",\"@id\":\"https:\/\/www.pressenza.com\/de\/2025\/09\/wissenschaftler-und-mediziner-fordern-sofortigen-stopp-von-mrna-impfungen\/#article\",\"isPartOf\":{\"@id\":\"https:\/\/www.pressenza.com\/de\/2025\/09\/wissenschaftler-und-mediziner-fordern-sofortigen-stopp-von-mrna-impfungen\/\"},\"author\":{\"name\":\"Pressenza Hannover\",\"@id\":\"https:\/\/www.pressenza.com\/de\/#\/schema\/person\/5d0d34d34f0e263dafff0e8cd50eb438\"},\"headline\":\"Wissenschaftler und Mediziner fordern sofortigen Stopp von mRNA-Impfungen\",\"datePublished\":\"2025-09-22T08:21:02+00:00\",\"mainEntityOfPage\":{\"@id\":\"https:\/\/www.pressenza.com\/de\/2025\/09\/wissenschaftler-und-mediziner-fordern-sofortigen-stopp-von-mrna-impfungen\/\"},\"wordCount\":660,\"publisher\":{\"@id\":\"https:\/\/www.pressenza.com\/de\/#organization\"},\"image\":{\"@id\":\"https:\/\/www.pressenza.com\/de\/2025\/09\/wissenschaftler-und-mediziner-fordern-sofortigen-stopp-von-mrna-impfungen\/#primaryimage\"},\"thumbnailUrl\":\"https:\/\/www.pressenza.com\/wp-content\/uploads\/2025\/09\/Chairman-of-the-Joint-Chiefs-of-Staff-CC-BY-2.0-490x327-1.jpg\",\"keywords\":[\"Arzneimittelsicherheit\",\"Impstoffe\",\"mRNA-Technologie\",\"Pharmaindustrie\"],\"articleSection\":[\"Gesundheit\",\"Wirtschaft\",\"Wissenschaft und Technologie\"],\"inLanguage\":\"de\"},{\"@type\":\"WebPage\",\"@id\":\"https:\/\/www.pressenza.com\/de\/2025\/09\/wissenschaftler-und-mediziner-fordern-sofortigen-stopp-von-mrna-impfungen\/\",\"url\":\"https:\/\/www.pressenza.com\/de\/2025\/09\/wissenschaftler-und-mediziner-fordern-sofortigen-stopp-von-mrna-impfungen\/\",\"name\":\"Wissenschaftler und Mediziner fordern sofortigen Stopp von mRNA-Impfungen\",\"isPartOf\":{\"@id\":\"https:\/\/www.pressenza.com\/de\/#website\"},\"primaryImageOfPage\":{\"@id\":\"https:\/\/www.pressenza.com\/de\/2025\/09\/wissenschaftler-und-mediziner-fordern-sofortigen-stopp-von-mrna-impfungen\/#primaryimage\"},\"image\":{\"@id\":\"https:\/\/www.pressenza.com\/de\/2025\/09\/wissenschaftler-und-mediziner-fordern-sofortigen-stopp-von-mrna-impfungen\/#primaryimage\"},\"thumbnailUrl\":\"https:\/\/www.pressenza.com\/wp-content\/uploads\/2025\/09\/Chairman-of-the-Joint-Chiefs-of-Staff-CC-BY-2.0-490x327-1.jpg\",\"datePublished\":\"2025-09-22T08:21:02+00:00\",\"description\":\"Experten: \u00dcberpr\u00fcfung der Pr\u00e4parate durch Paul-Ehrlich-Institut mangelhaft \/ Fehlende Untersuchungen zum Krebsrisiko und zur Auswirkung auf kommende\",\"breadcrumb\":{\"@id\":\"https:\/\/www.pressenza.com\/de\/2025\/09\/wissenschaftler-und-mediziner-fordern-sofortigen-stopp-von-mrna-impfungen\/#breadcrumb\"},\"inLanguage\":\"de\",\"potentialAction\":[{\"@type\":\"ReadAction\",\"target\":[\"https:\/\/www.pressenza.com\/de\/2025\/09\/wissenschaftler-und-mediziner-fordern-sofortigen-stopp-von-mrna-impfungen\/\"]}]},{\"@type\":\"ImageObject\",\"inLanguage\":\"de\",\"@id\":\"https:\/\/www.pressenza.com\/de\/2025\/09\/wissenschaftler-und-mediziner-fordern-sofortigen-stopp-von-mrna-impfungen\/#primaryimage\",\"url\":\"https:\/\/www.pressenza.com\/wp-content\/uploads\/2025\/09\/Chairman-of-the-Joint-Chiefs-of-Staff-CC-BY-2.0-490x327-1.jpg\",\"contentUrl\":\"https:\/\/www.pressenza.com\/wp-content\/uploads\/2025\/09\/Chairman-of-the-Joint-Chiefs-of-Staff-CC-BY-2.0-490x327-1.jpg\",\"width\":820,\"height\":547},{\"@type\":\"BreadcrumbList\",\"@id\":\"https:\/\/www.pressenza.com\/de\/2025\/09\/wissenschaftler-und-mediziner-fordern-sofortigen-stopp-von-mrna-impfungen\/#breadcrumb\",\"itemListElement\":[{\"@type\":\"ListItem\",\"position\":1,\"name\":\"Accueil\",\"item\":\"https:\/\/www.pressenza.com\/de\/\"},{\"@type\":\"ListItem\",\"position\":2,\"name\":\"Wissenschaftler und Mediziner fordern sofortigen Stopp von mRNA-Impfungen\"}]},{\"@type\":\"WebSite\",\"@id\":\"https:\/\/www.pressenza.com\/de\/#website\",\"url\":\"https:\/\/www.pressenza.com\/de\/\",\"name\":\"Pressenza\",\"description\":\"International Press Agency\",\"publisher\":{\"@id\":\"https:\/\/www.pressenza.com\/de\/#organization\"},\"potentialAction\":[{\"@type\":\"SearchAction\",\"target\":{\"@type\":\"EntryPoint\",\"urlTemplate\":\"https:\/\/www.pressenza.com\/de\/?s={search_term_string}\"},\"query-input\":{\"@type\":\"PropertyValueSpecification\",\"valueRequired\":true,\"valueName\":\"search_term_string\"}}],\"inLanguage\":\"de\"},{\"@type\":\"Organization\",\"@id\":\"https:\/\/www.pressenza.com\/de\/#organization\",\"name\":\"Pressenza\",\"url\":\"https:\/\/www.pressenza.com\/de\/\",\"logo\":{\"@type\":\"ImageObject\",\"inLanguage\":\"de\",\"@id\":\"https:\/\/www.pressenza.com\/de\/#\/schema\/logo\/image\/\",\"url\":\"https:\/\/www.pressenza.com\/wp-content\/uploads\/2022\/10\/pressenza_logo_200x200.jpg\",\"contentUrl\":\"https:\/\/www.pressenza.com\/wp-content\/uploads\/2022\/10\/pressenza_logo_200x200.jpg\",\"width\":200,\"height\":200,\"caption\":\"Pressenza\"},\"image\":{\"@id\":\"https:\/\/www.pressenza.com\/de\/#\/schema\/logo\/image\/\"},\"sameAs\":[\"https:\/\/www.facebook.com\/PressenzaItalia\",\"https:\/\/x.com\/PressenzaIPA\"]},{\"@type\":\"Person\",\"@id\":\"https:\/\/www.pressenza.com\/de\/#\/schema\/person\/5d0d34d34f0e263dafff0e8cd50eb438\",\"name\":\"Pressenza Hannover\",\"description\":\"News from the Pressenza bureau in Hannover, Germany\",\"url\":\"https:\/\/www.pressenza.com\/de\/author\/pressenza-hannover\/\"}]}<\/script>\n<!-- \/ Yoast SEO plugin. -->","yoast_head_json":{"title":"Wissenschaftler und Mediziner fordern sofortigen Stopp von mRNA-Impfungen","description":"Experten: \u00dcberpr\u00fcfung der Pr\u00e4parate durch Paul-Ehrlich-Institut mangelhaft \/ Fehlende Untersuchungen zum Krebsrisiko und zur Auswirkung auf kommende","robots":{"index":"index","follow":"follow","max-snippet":"max-snippet:-1","max-image-preview":"max-image-preview:large","max-video-preview":"max-video-preview:-1"},"canonical":"https:\/\/www.pressenza.com\/de\/2025\/09\/wissenschaftler-und-mediziner-fordern-sofortigen-stopp-von-mrna-impfungen\/","og_locale":"de_DE","og_type":"article","og_title":"Wissenschaftler und Mediziner fordern sofortigen Stopp von mRNA-Impfungen","og_description":"Experten: \u00dcberpr\u00fcfung der Pr\u00e4parate durch Paul-Ehrlich-Institut mangelhaft \/ Fehlende Untersuchungen zum Krebsrisiko und zur Auswirkung auf kommende","og_url":"https:\/\/www.pressenza.com\/de\/2025\/09\/wissenschaftler-und-mediziner-fordern-sofortigen-stopp-von-mrna-impfungen\/","og_site_name":"Pressenza","article_publisher":"https:\/\/www.facebook.com\/PressenzaItalia","article_published_time":"2025-09-22T08:21:02+00:00","og_image":[{"width":820,"height":547,"url":"https:\/\/www.pressenza.com\/wp-content\/uploads\/2025\/09\/Chairman-of-the-Joint-Chiefs-of-Staff-CC-BY-2.0-490x327-1.jpg","type":"image\/jpeg"}],"author":"Pressenza Hannover","twitter_card":"summary_large_image","twitter_creator":"@PressenzaIPA","twitter_site":"@PressenzaIPA","twitter_misc":{"Verfasst von":"Pressenza Hannover","Gesch\u00e4tzte Lesezeit":"4\u00a0Minuten"},"schema":{"@context":"https:\/\/schema.org","@graph":[{"@type":"Article","@id":"https:\/\/www.pressenza.com\/de\/2025\/09\/wissenschaftler-und-mediziner-fordern-sofortigen-stopp-von-mrna-impfungen\/#article","isPartOf":{"@id":"https:\/\/www.pressenza.com\/de\/2025\/09\/wissenschaftler-und-mediziner-fordern-sofortigen-stopp-von-mrna-impfungen\/"},"author":{"name":"Pressenza Hannover","@id":"https:\/\/www.pressenza.com\/de\/#\/schema\/person\/5d0d34d34f0e263dafff0e8cd50eb438"},"headline":"Wissenschaftler und Mediziner fordern sofortigen Stopp von mRNA-Impfungen","datePublished":"2025-09-22T08:21:02+00:00","mainEntityOfPage":{"@id":"https:\/\/www.pressenza.com\/de\/2025\/09\/wissenschaftler-und-mediziner-fordern-sofortigen-stopp-von-mrna-impfungen\/"},"wordCount":660,"publisher":{"@id":"https:\/\/www.pressenza.com\/de\/#organization"},"image":{"@id":"https:\/\/www.pressenza.com\/de\/2025\/09\/wissenschaftler-und-mediziner-fordern-sofortigen-stopp-von-mrna-impfungen\/#primaryimage"},"thumbnailUrl":"https:\/\/www.pressenza.com\/wp-content\/uploads\/2025\/09\/Chairman-of-the-Joint-Chiefs-of-Staff-CC-BY-2.0-490x327-1.jpg","keywords":["Arzneimittelsicherheit","Impstoffe","mRNA-Technologie","Pharmaindustrie"],"articleSection":["Gesundheit","Wirtschaft","Wissenschaft und Technologie"],"inLanguage":"de"},{"@type":"WebPage","@id":"https:\/\/www.pressenza.com\/de\/2025\/09\/wissenschaftler-und-mediziner-fordern-sofortigen-stopp-von-mrna-impfungen\/","url":"https:\/\/www.pressenza.com\/de\/2025\/09\/wissenschaftler-und-mediziner-fordern-sofortigen-stopp-von-mrna-impfungen\/","name":"Wissenschaftler und Mediziner fordern sofortigen Stopp von mRNA-Impfungen","isPartOf":{"@id":"https:\/\/www.pressenza.com\/de\/#website"},"primaryImageOfPage":{"@id":"https:\/\/www.pressenza.com\/de\/2025\/09\/wissenschaftler-und-mediziner-fordern-sofortigen-stopp-von-mrna-impfungen\/#primaryimage"},"image":{"@id":"https:\/\/www.pressenza.com\/de\/2025\/09\/wissenschaftler-und-mediziner-fordern-sofortigen-stopp-von-mrna-impfungen\/#primaryimage"},"thumbnailUrl":"https:\/\/www.pressenza.com\/wp-content\/uploads\/2025\/09\/Chairman-of-the-Joint-Chiefs-of-Staff-CC-BY-2.0-490x327-1.jpg","datePublished":"2025-09-22T08:21:02+00:00","description":"Experten: \u00dcberpr\u00fcfung der Pr\u00e4parate durch Paul-Ehrlich-Institut mangelhaft \/ Fehlende Untersuchungen zum Krebsrisiko und zur Auswirkung auf kommende","breadcrumb":{"@id":"https:\/\/www.pressenza.com\/de\/2025\/09\/wissenschaftler-und-mediziner-fordern-sofortigen-stopp-von-mrna-impfungen\/#breadcrumb"},"inLanguage":"de","potentialAction":[{"@type":"ReadAction","target":["https:\/\/www.pressenza.com\/de\/2025\/09\/wissenschaftler-und-mediziner-fordern-sofortigen-stopp-von-mrna-impfungen\/"]}]},{"@type":"ImageObject","inLanguage":"de","@id":"https:\/\/www.pressenza.com\/de\/2025\/09\/wissenschaftler-und-mediziner-fordern-sofortigen-stopp-von-mrna-impfungen\/#primaryimage","url":"https:\/\/www.pressenza.com\/wp-content\/uploads\/2025\/09\/Chairman-of-the-Joint-Chiefs-of-Staff-CC-BY-2.0-490x327-1.jpg","contentUrl":"https:\/\/www.pressenza.com\/wp-content\/uploads\/2025\/09\/Chairman-of-the-Joint-Chiefs-of-Staff-CC-BY-2.0-490x327-1.jpg","width":820,"height":547},{"@type":"BreadcrumbList","@id":"https:\/\/www.pressenza.com\/de\/2025\/09\/wissenschaftler-und-mediziner-fordern-sofortigen-stopp-von-mrna-impfungen\/#breadcrumb","itemListElement":[{"@type":"ListItem","position":1,"name":"Accueil","item":"https:\/\/www.pressenza.com\/de\/"},{"@type":"ListItem","position":2,"name":"Wissenschaftler und Mediziner fordern sofortigen Stopp von mRNA-Impfungen"}]},{"@type":"WebSite","@id":"https:\/\/www.pressenza.com\/de\/#website","url":"https:\/\/www.pressenza.com\/de\/","name":"Pressenza","description":"International Press Agency","publisher":{"@id":"https:\/\/www.pressenza.com\/de\/#organization"},"potentialAction":[{"@type":"SearchAction","target":{"@type":"EntryPoint","urlTemplate":"https:\/\/www.pressenza.com\/de\/?s={search_term_string}"},"query-input":{"@type":"PropertyValueSpecification","valueRequired":true,"valueName":"search_term_string"}}],"inLanguage":"de"},{"@type":"Organization","@id":"https:\/\/www.pressenza.com\/de\/#organization","name":"Pressenza","url":"https:\/\/www.pressenza.com\/de\/","logo":{"@type":"ImageObject","inLanguage":"de","@id":"https:\/\/www.pressenza.com\/de\/#\/schema\/logo\/image\/","url":"https:\/\/www.pressenza.com\/wp-content\/uploads\/2022\/10\/pressenza_logo_200x200.jpg","contentUrl":"https:\/\/www.pressenza.com\/wp-content\/uploads\/2022\/10\/pressenza_logo_200x200.jpg","width":200,"height":200,"caption":"Pressenza"},"image":{"@id":"https:\/\/www.pressenza.com\/de\/#\/schema\/logo\/image\/"},"sameAs":["https:\/\/www.facebook.com\/PressenzaItalia","https:\/\/x.com\/PressenzaIPA"]},{"@type":"Person","@id":"https:\/\/www.pressenza.com\/de\/#\/schema\/person\/5d0d34d34f0e263dafff0e8cd50eb438","name":"Pressenza Hannover","description":"News from the Pressenza bureau in Hannover, Germany","url":"https:\/\/www.pressenza.com\/de\/author\/pressenza-hannover\/"}]}},"place":"Multipolar","original_article_url":"https:\/\/multipolar-magazin.de\/meldungen\/0315","_links":{"self":[{"href":"https:\/\/www.pressenza.com\/de\/wp-json\/wp\/v2\/posts\/2637511","targetHints":{"allow":["GET"]}}],"collection":[{"href":"https:\/\/www.pressenza.com\/de\/wp-json\/wp\/v2\/posts"}],"about":[{"href":"https:\/\/www.pressenza.com\/de\/wp-json\/wp\/v2\/types\/post"}],"author":[{"embeddable":true,"href":"https:\/\/www.pressenza.com\/de\/wp-json\/wp\/v2\/users\/2427"}],"replies":[{"embeddable":true,"href":"https:\/\/www.pressenza.com\/de\/wp-json\/wp\/v2\/comments?post=2637511"}],"version-history":[{"count":2,"href":"https:\/\/www.pressenza.com\/de\/wp-json\/wp\/v2\/posts\/2637511\/revisions"}],"predecessor-version":[{"id":2637519,"href":"https:\/\/www.pressenza.com\/de\/wp-json\/wp\/v2\/posts\/2637511\/revisions\/2637519"}],"wp:featuredmedia":[{"embeddable":true,"href":"https:\/\/www.pressenza.com\/de\/wp-json\/wp\/v2\/media\/2637515"}],"wp:attachment":[{"href":"https:\/\/www.pressenza.com\/de\/wp-json\/wp\/v2\/media?parent=2637511"}],"wp:term":[{"taxonomy":"category","embeddable":true,"href":"https:\/\/www.pressenza.com\/de\/wp-json\/wp\/v2\/categories?post=2637511"},{"taxonomy":"post_tag","embeddable":true,"href":"https:\/\/www.pressenza.com\/de\/wp-json\/wp\/v2\/tags?post=2637511"}],"curies":[{"name":"wp","href":"https:\/\/api.w.org\/{rel}","templated":true}]}}