{"id":2637505,"date":"2025-09-22T08:39:01","date_gmt":"2025-09-22T07:39:01","guid":{"rendered":"https:\/\/www.pressenza.com\/?p=2637505"},"modified":"2025-09-22T08:39:01","modified_gmt":"2025-09-22T07:39:01","slug":"der-begriff-militaeroperation-verharmlost-das-kriegsgrauen","status":"publish","type":"post","link":"https:\/\/www.pressenza.com\/de\/2025\/09\/der-begriff-militaeroperation-verharmlost-das-kriegsgrauen\/","title":{"rendered":"Der Begriff \u00abMilit\u00e4roperation\u00bb verharmlost das Kriegsgrauen"},"content":{"rendered":"<p><strong>Es wird nicht \u00aboperiert\u00bb, sondern bombardiert, mit Drohnen angegriffen oder Land besetzt. Es wird zerst\u00f6rt, get\u00f6tet und verletzt.<\/strong><\/p>\n<p><em><a href=\"mailto:gasche@infosperber.ch\" target=\"_blank\" rel=\"noopener\">Urs P. Gasche<\/a> <\/em>f\u00fcr die Online-Zeitung <a href=\"https:\/\/www.infosperber.ch\/medien\/medienkritik\/nur-tendenzioese-oder-naive-medien-uebernehmen-diese-pr-begriffe\/\" target=\"_blank\" rel=\"noopener\">INFOsperber<\/a><\/p>\n<p>Begriffe wie \u00abMilit\u00e4roperationen\u00bb, \u00abMilit\u00e4reins\u00e4tze\u00bb oder \u00abMilit\u00e4raktionen\u00bb sollen von Gewalt ablenken und das Kriegsgrauen verschleiern. Gleichg\u00fcltig, ob milit\u00e4rische Angriffe der legitimen Verteidigung dienen oder ob sie gegen das V\u00f6lkerrecht versto\u00dfen: In beiden F\u00e4llen bleiben es Angriffe, die enormes Leid verursachen.<\/p>\n<p>Medien, die sonst gerne klaren Wein einschenken, \u00fcbernehmen bei Konflikten gerne den Milit\u00e4rjargon \u00abMilit\u00e4reins\u00e4tze\u00bb\u00a0oder \u00abOperationen\u00bb, statt die Angriffe beim Namen zu nennen. Im Klartext wird bombardiert, mit Drohnen angegriffen oder Land besetzt.<\/p>\n<p>Was Russland als \u00abmilit\u00e4rische Spezialoperation\u00bb verharmlost, bezeichnen Medien im Klartext als einen Angriffskrieg.<\/p>\n<p>Die Wortwahl, welche Medien \u00fcbernehmen, verr\u00e4t, ob sie mit Fakten informieren, oder ob sie mit wertender Wortwahl subtil Stellung beziehen und damit die \u00f6ffentliche Meinung beeinflussen.<\/p>\n<p>Die Worte \u00abOperation\u00bb oder \u00abMilit\u00e4reinsatz\u00bb klingen weniger bedrohlich oder brutal als die Bezeichnungen \u00abAngriff\u00bb oder \u00abInvasion\u00bb. Das Wort \u00abOperation\u00bb legt den Fokus auf die organisatorische und technische Seite eines milit\u00e4rischen Angriffs, ohne die menschlichen Opfer, Zerst\u00f6rung oder Gewalt direkt anzusprechen.<\/p>\n<p>Von \u00abOperationen\u00bb oder \u00abEins\u00e4tzen\u00bb sprechen kriegsf\u00fchrende Regierungen gerne, um den Angriff als notwendig, zielgerichtet oder legitim zu pr\u00e4sentieren.<\/p>\n<p>Schon vor knapp einem Jahr illustrierte Infosperber die Manipulation mit der Wortwahl am Beispiel des damaligen Raketenangriffs des Iran gegen Israel und des gleichzeitigen Angriffs Israels gegen den Libanon.<\/p>\n<p>In der NZZ war die Wortwahl bereits im Lead unterschiedlich: Der Iran f\u00fchrte einen \u00abmassiven Angriff\u00bb aus, w\u00e4hrend Israels Bodentruppen zuvor in den Libanon \u00abeingedrungen\u00bb seien. Die Tamedia-Zeitungen benutzten die identische Wortwahl und titelten: \u00abDer Iran greift Israel an, nachdem Israels Armee in den Libanon eingedrungen war.\u00bb<\/p>\n<p>Allgemein von \u00abMilit\u00e4reins\u00e4tzen\u00bb kann man reden, sofern nicht konkrete Angriffe gemeint sind. Die Begriffe \u00abMilit\u00e4roperationen\u00bb oder \u00abMilit\u00e4raktionen\u00bb sollten nur in Zitaten verwendet werden.<\/p>\n<p><strong>Einige zuf\u00e4llig ausgew\u00e4hlte Beispiele<\/strong><\/p>\n<p>Was den Krieg im Gazastreifen und im Westjordanland betrifft, hatte die \u00abNZZ\u00bb am 4. Juli 2023 den Titel gesetzt:\u00a0\u00abIsrael startet umfangreiche\u00a0<em>Milit\u00e4roperation<\/em>\u00a0im Westjordanland\u00bb. Es handle sich um \u00abeinen der gr\u00f6ssten\u00a0<em>Eins\u00e4tze<\/em>\u00a0seit zwanzig Jahren\u00bb.<\/p>\n<p>Und am 31. Dezember 2024: \u00abDie israelischen Streitkr\u00e4fte haben eine\u00a0<em>Milit\u00e4roperation<\/em>\u00a0im Kamal-Adwan-Spital gestartet.\u00bb<\/p>\n<p>Am 16. August 2025:\u00a0\u00abAm 21. Januar 2025 lancierte\u00a0Israels Armee die\u00a0<em>Operation<\/em> \u2039Eiserne Mauer\u203a, den gr\u00f6\u00dften <em>Milit\u00e4reinsatz<\/em>\u00a0im Westjordanland seit rund zwanzig Jahren.\u00bb Und am 11. August 2025: \u00abDie j\u00fcngste Ausweitung der israelischen\u00a0<em>Milit\u00e4roperation<\/em>\u00a0in Gaza\u00bb.<\/p>\n<p>Doch als es am 12. M\u00e4rz 2025 um Syrien ging, setzte die \u00abNZZ\u00bb das Wort \u00abMilit\u00e4roperation\u00bb pl\u00f6tzlich in Anf\u00fchrungszeichen:\u00a0\u00abSyriens \u00dcbergangspr\u00e4sident Ahmed al-Sharaa hat das Ende der\u00a0<em>\u2039Milit\u00e4roperationen\u203a<\/em> an der syrischen Mittelmeerk\u00fcste verk\u00fcndet.\u00bb<\/p>\n<p>Selten genug wie etwa am 26. August 2025 nannte die \u00abNZZ\u00bb\u00a0einen Angriff beim Namen und titelte:\u00a0\u00abF\u00fcnf Journalisten unter den 19 Toten bei\u00a0<em>Angriff<\/em>\u00a0Israels\u00bb. Doch am gleichen Tag schrieb die \u00abNZZ\u00bb:\u00a0\u00abIsrael intensivierte die\u00a0<em>Milit\u00e4raktionen<\/em>\u00a0im Gazastreifen\u00bb.<\/p>\n<p>Auch die Zeitungen der Tamedia-Gruppe zeigten immer mal wieder, wo sie stehen:<\/p>\n<p>Am 29. August 2024 titelten sie\u00a0\u00abIsraels Armee beginnt <em>Gro\u00dfeinsatz<\/em>\u00bb.<\/p>\n<p>Am 22. Mai 2025 berichteten sie vom Beginn der \u00ab<em>Milit\u00e4roperation<\/em>\u00bb und \u00fcber die \u00ab<em>Milit\u00e4roffensive<\/em>\u00a0Israels\u00bb. Und am 26. August 2025:\u00a0\u00abIsraels Hardliner kritisiert die Gaza-<em>Offensive<\/em>\u00a0hart\u00bb<\/p>\n<p>\u00abSRF\u00bb (online) wiederum hatte am 2. Juli 2023, als Israel das Westjordanland bombardierte, \u00e4hnlich wie die \u00abARD\u00bb gleich auf die ganze Palette zur\u00fcckgegriffen:\u00a0\u00abMilit\u00e4roperation\u00bb, \u00abMilit\u00e4raktionen\u00bb, \u00abOffensive\u00bb, \u00abMilit\u00e4reinsatz\u00bb.<\/p>\n<p>Immerhin verbreitete SRF am 25. August 2025:\u00a0\u00abIsrael setzt die\u00a0<em>Angriffe<\/em>\u00a0im Gazastreifen fort.\u00bb Und am 27. August 2025: \u00abEin israelischer\u00a0<em>Angriff<\/em>\u00a0auf ein Spital im Gazastreifen\u2026\u00bb Am 28. August 2025: \u00abIn Vororten (von Gaza-Stadt) wird gek\u00e4mpft und die israelische Luftwaffe fliegt\u00a0<em>Angriffe<\/em>.\u00bb<\/p>\n","protected":false},"excerpt":{"rendered":"<p>Es wird nicht \u00aboperiert\u00bb, sondern bombardiert, mit Drohnen angegriffen oder Land besetzt. Es wird zerst\u00f6rt, get\u00f6tet und verletzt. Urs P. Gasche f\u00fcr die Online-Zeitung INFOsperber Begriffe wie \u00abMilit\u00e4roperationen\u00bb, \u00abMilit\u00e4reins\u00e4tze\u00bb oder \u00abMilit\u00e4raktionen\u00bb sollen von Gewalt ablenken und das Kriegsgrauen verschleiern. Gleichg\u00fcltig,&hellip;<\/p>\n","protected":false},"author":1855,"featured_media":2637507,"comment_status":"closed","ping_status":"closed","sticky":false,"template":"","format":"standard","meta":{"footnotes":""},"categories":[9167,9156],"tags":[11668,11932],"class_list":["post-2637505","post","type-post","status-publish","format-standard","has-post-thumbnail","hentry","category-frieden-und-abruestung","category-kultur-und-medien","tag-medienmanipulation","tag-propaganda-de"],"yoast_head":"<!-- This site is optimized with the Yoast SEO plugin v27.1.1 - https:\/\/yoast.com\/product\/yoast-seo-wordpress\/ -->\n<title>Der Begriff \u00abMilit\u00e4roperation\u00bb verharmlost das Kriegsgrauen<\/title>\n<meta name=\"description\" content=\"Es wird nicht \u00aboperiert\u00bb, sondern bombardiert, mit Drohnen angegriffen oder Land besetzt. Es wird zerst\u00f6rt, get\u00f6tet und verletzt. Urs P. Gasche f\u00fcr die\" \/>\n<meta name=\"robots\" content=\"index, follow, max-snippet:-1, max-image-preview:large, max-video-preview:-1\" \/>\n<link rel=\"canonical\" href=\"https:\/\/www.pressenza.com\/de\/2025\/09\/der-begriff-militaeroperation-verharmlost-das-kriegsgrauen\/\" \/>\n<meta property=\"og:locale\" content=\"de_DE\" \/>\n<meta property=\"og:type\" content=\"article\" \/>\n<meta property=\"og:title\" content=\"Der Begriff \u00abMilit\u00e4roperation\u00bb verharmlost das Kriegsgrauen\" \/>\n<meta property=\"og:description\" content=\"Es wird nicht \u00aboperiert\u00bb, sondern bombardiert, mit Drohnen angegriffen oder Land besetzt. Es wird zerst\u00f6rt, get\u00f6tet und verletzt. Urs P. Gasche f\u00fcr die\" \/>\n<meta property=\"og:url\" content=\"https:\/\/www.pressenza.com\/de\/2025\/09\/der-begriff-militaeroperation-verharmlost-das-kriegsgrauen\/\" \/>\n<meta property=\"og:site_name\" content=\"Pressenza\" \/>\n<meta property=\"article:publisher\" content=\"https:\/\/www.facebook.com\/PressenzaItalia\" \/>\n<meta property=\"article:published_time\" content=\"2025-09-22T07:39:01+00:00\" \/>\n<meta property=\"og:image\" content=\"https:\/\/www.pressenza.com\/wp-content\/uploads\/2025\/09\/Operation.fentonroma143-e1758262303807-1024x615-1.jpg\" \/>\n\t<meta property=\"og:image:width\" content=\"1024\" \/>\n\t<meta property=\"og:image:height\" content=\"615\" \/>\n\t<meta property=\"og:image:type\" content=\"image\/jpeg\" \/>\n<meta name=\"author\" content=\"INFOsperber\" \/>\n<meta name=\"twitter:card\" content=\"summary_large_image\" \/>\n<meta name=\"twitter:creator\" content=\"@PressenzaIPA\" \/>\n<meta name=\"twitter:site\" content=\"@PressenzaIPA\" \/>\n<meta name=\"twitter:label1\" content=\"Verfasst von\" \/>\n\t<meta name=\"twitter:data1\" content=\"INFOsperber\" \/>\n\t<meta name=\"twitter:label2\" content=\"Gesch\u00e4tzte Lesezeit\" \/>\n\t<meta name=\"twitter:data2\" content=\"4\u00a0Minuten\" \/>\n<script type=\"application\/ld+json\" class=\"yoast-schema-graph\">{\"@context\":\"https:\/\/schema.org\",\"@graph\":[{\"@type\":\"Article\",\"@id\":\"https:\/\/www.pressenza.com\/de\/2025\/09\/der-begriff-militaeroperation-verharmlost-das-kriegsgrauen\/#article\",\"isPartOf\":{\"@id\":\"https:\/\/www.pressenza.com\/de\/2025\/09\/der-begriff-militaeroperation-verharmlost-das-kriegsgrauen\/\"},\"author\":{\"name\":\"INFOsperber\",\"@id\":\"https:\/\/www.pressenza.com\/de\/#\/schema\/person\/77735f6583e3041b31ebc7b93a284357\"},\"headline\":\"Der Begriff \u00abMilit\u00e4roperation\u00bb verharmlost das Kriegsgrauen\",\"datePublished\":\"2025-09-22T07:39:01+00:00\",\"mainEntityOfPage\":{\"@id\":\"https:\/\/www.pressenza.com\/de\/2025\/09\/der-begriff-militaeroperation-verharmlost-das-kriegsgrauen\/\"},\"wordCount\":610,\"publisher\":{\"@id\":\"https:\/\/www.pressenza.com\/de\/#organization\"},\"image\":{\"@id\":\"https:\/\/www.pressenza.com\/de\/2025\/09\/der-begriff-militaeroperation-verharmlost-das-kriegsgrauen\/#primaryimage\"},\"thumbnailUrl\":\"https:\/\/www.pressenza.com\/wp-content\/uploads\/2025\/09\/Operation.fentonroma143-e1758262303807-1024x615-1.jpg\",\"keywords\":[\"Medienmanipulation\",\"Propaganda\"],\"articleSection\":[\"Frieden und Abr\u00fcstung\",\"Kultur und Medien\"],\"inLanguage\":\"de\"},{\"@type\":\"WebPage\",\"@id\":\"https:\/\/www.pressenza.com\/de\/2025\/09\/der-begriff-militaeroperation-verharmlost-das-kriegsgrauen\/\",\"url\":\"https:\/\/www.pressenza.com\/de\/2025\/09\/der-begriff-militaeroperation-verharmlost-das-kriegsgrauen\/\",\"name\":\"Der Begriff \u00abMilit\u00e4roperation\u00bb verharmlost das Kriegsgrauen\",\"isPartOf\":{\"@id\":\"https:\/\/www.pressenza.com\/de\/#website\"},\"primaryImageOfPage\":{\"@id\":\"https:\/\/www.pressenza.com\/de\/2025\/09\/der-begriff-militaeroperation-verharmlost-das-kriegsgrauen\/#primaryimage\"},\"image\":{\"@id\":\"https:\/\/www.pressenza.com\/de\/2025\/09\/der-begriff-militaeroperation-verharmlost-das-kriegsgrauen\/#primaryimage\"},\"thumbnailUrl\":\"https:\/\/www.pressenza.com\/wp-content\/uploads\/2025\/09\/Operation.fentonroma143-e1758262303807-1024x615-1.jpg\",\"datePublished\":\"2025-09-22T07:39:01+00:00\",\"description\":\"Es wird nicht \u00aboperiert\u00bb, sondern bombardiert, mit Drohnen angegriffen oder Land besetzt. Es wird zerst\u00f6rt, get\u00f6tet und verletzt. Urs P. Gasche f\u00fcr die\",\"breadcrumb\":{\"@id\":\"https:\/\/www.pressenza.com\/de\/2025\/09\/der-begriff-militaeroperation-verharmlost-das-kriegsgrauen\/#breadcrumb\"},\"inLanguage\":\"de\",\"potentialAction\":[{\"@type\":\"ReadAction\",\"target\":[\"https:\/\/www.pressenza.com\/de\/2025\/09\/der-begriff-militaeroperation-verharmlost-das-kriegsgrauen\/\"]}]},{\"@type\":\"ImageObject\",\"inLanguage\":\"de\",\"@id\":\"https:\/\/www.pressenza.com\/de\/2025\/09\/der-begriff-militaeroperation-verharmlost-das-kriegsgrauen\/#primaryimage\",\"url\":\"https:\/\/www.pressenza.com\/wp-content\/uploads\/2025\/09\/Operation.fentonroma143-e1758262303807-1024x615-1.jpg\",\"contentUrl\":\"https:\/\/www.pressenza.com\/wp-content\/uploads\/2025\/09\/Operation.fentonroma143-e1758262303807-1024x615-1.jpg\",\"width\":1024,\"height\":615,\"caption\":\"Dank einer Operation wird ein Patient wieder gesund. (\u00a9 fentonroma143\/Depositphotos)\"},{\"@type\":\"BreadcrumbList\",\"@id\":\"https:\/\/www.pressenza.com\/de\/2025\/09\/der-begriff-militaeroperation-verharmlost-das-kriegsgrauen\/#breadcrumb\",\"itemListElement\":[{\"@type\":\"ListItem\",\"position\":1,\"name\":\"Accueil\",\"item\":\"https:\/\/www.pressenza.com\/de\/\"},{\"@type\":\"ListItem\",\"position\":2,\"name\":\"Der Begriff \u00abMilit\u00e4roperation\u00bb verharmlost das Kriegsgrauen\"}]},{\"@type\":\"WebSite\",\"@id\":\"https:\/\/www.pressenza.com\/de\/#website\",\"url\":\"https:\/\/www.pressenza.com\/de\/\",\"name\":\"Pressenza\",\"description\":\"International Press Agency\",\"publisher\":{\"@id\":\"https:\/\/www.pressenza.com\/de\/#organization\"},\"potentialAction\":[{\"@type\":\"SearchAction\",\"target\":{\"@type\":\"EntryPoint\",\"urlTemplate\":\"https:\/\/www.pressenza.com\/de\/?s={search_term_string}\"},\"query-input\":{\"@type\":\"PropertyValueSpecification\",\"valueRequired\":true,\"valueName\":\"search_term_string\"}}],\"inLanguage\":\"de\"},{\"@type\":\"Organization\",\"@id\":\"https:\/\/www.pressenza.com\/de\/#organization\",\"name\":\"Pressenza\",\"url\":\"https:\/\/www.pressenza.com\/de\/\",\"logo\":{\"@type\":\"ImageObject\",\"inLanguage\":\"de\",\"@id\":\"https:\/\/www.pressenza.com\/de\/#\/schema\/logo\/image\/\",\"url\":\"https:\/\/www.pressenza.com\/wp-content\/uploads\/2022\/10\/pressenza_logo_200x200.jpg\",\"contentUrl\":\"https:\/\/www.pressenza.com\/wp-content\/uploads\/2022\/10\/pressenza_logo_200x200.jpg\",\"width\":200,\"height\":200,\"caption\":\"Pressenza\"},\"image\":{\"@id\":\"https:\/\/www.pressenza.com\/de\/#\/schema\/logo\/image\/\"},\"sameAs\":[\"https:\/\/www.facebook.com\/PressenzaItalia\",\"https:\/\/x.com\/PressenzaIPA\"]},{\"@type\":\"Person\",\"@id\":\"https:\/\/www.pressenza.com\/de\/#\/schema\/person\/77735f6583e3041b31ebc7b93a284357\",\"name\":\"INFOsperber\",\"description\":\"Infosperber.ch - sieht, was andere \u00fcbersehen Die Schweizer Internet-Zeitung richtet sich an Entscheidungstr\u00e4ger in Gesellschaft, Wirtschaft und Politik sowie alle, die erg\u00e4nzende Informationen zu den grossen Medien suchen. Infosperber will die grossen Informations-Medien nicht konkurrenzieren, sondern diese erg\u00e4nzen. \u00a9 Das Weiterverbreiten s\u00e4mtlicher auf dem gemeinn\u00fctzigen Portal www.infosperber.ch enthaltenen Texte ist ohne Kostenfolge erlaubt, sofern die Texte integral ohne K\u00fcrzung und mit Quellenangaben (Autor und \u00abInfosperber\u00bb) verbreitet werden. Bei einer Online-Nutzung ist die Quellenangabe m\u00f6glichst schon am Anfang des Artikels mit einem Link auf infosperber.ch zu versehen. F\u00fcr das Verbreiten von gek\u00fcrzten oder abge\u00e4nderten Texten ist das schriftliche Einverst\u00e4ndnis der AutorInnen erforderlich.\",\"sameAs\":[\"https:\/\/www.infosperber.ch\/\"],\"url\":\"https:\/\/www.pressenza.com\/de\/author\/infosperber\/\"}]}<\/script>\n<!-- \/ Yoast SEO plugin. -->","yoast_head_json":{"title":"Der Begriff \u00abMilit\u00e4roperation\u00bb verharmlost das Kriegsgrauen","description":"Es wird nicht \u00aboperiert\u00bb, sondern bombardiert, mit Drohnen angegriffen oder Land besetzt. Es wird zerst\u00f6rt, get\u00f6tet und verletzt. Urs P. Gasche f\u00fcr die","robots":{"index":"index","follow":"follow","max-snippet":"max-snippet:-1","max-image-preview":"max-image-preview:large","max-video-preview":"max-video-preview:-1"},"canonical":"https:\/\/www.pressenza.com\/de\/2025\/09\/der-begriff-militaeroperation-verharmlost-das-kriegsgrauen\/","og_locale":"de_DE","og_type":"article","og_title":"Der Begriff \u00abMilit\u00e4roperation\u00bb verharmlost das Kriegsgrauen","og_description":"Es wird nicht \u00aboperiert\u00bb, sondern bombardiert, mit Drohnen angegriffen oder Land besetzt. Es wird zerst\u00f6rt, get\u00f6tet und verletzt. Urs P. Gasche f\u00fcr die","og_url":"https:\/\/www.pressenza.com\/de\/2025\/09\/der-begriff-militaeroperation-verharmlost-das-kriegsgrauen\/","og_site_name":"Pressenza","article_publisher":"https:\/\/www.facebook.com\/PressenzaItalia","article_published_time":"2025-09-22T07:39:01+00:00","og_image":[{"width":1024,"height":615,"url":"https:\/\/www.pressenza.com\/wp-content\/uploads\/2025\/09\/Operation.fentonroma143-e1758262303807-1024x615-1.jpg","type":"image\/jpeg"}],"author":"INFOsperber","twitter_card":"summary_large_image","twitter_creator":"@PressenzaIPA","twitter_site":"@PressenzaIPA","twitter_misc":{"Verfasst von":"INFOsperber","Gesch\u00e4tzte Lesezeit":"4\u00a0Minuten"},"schema":{"@context":"https:\/\/schema.org","@graph":[{"@type":"Article","@id":"https:\/\/www.pressenza.com\/de\/2025\/09\/der-begriff-militaeroperation-verharmlost-das-kriegsgrauen\/#article","isPartOf":{"@id":"https:\/\/www.pressenza.com\/de\/2025\/09\/der-begriff-militaeroperation-verharmlost-das-kriegsgrauen\/"},"author":{"name":"INFOsperber","@id":"https:\/\/www.pressenza.com\/de\/#\/schema\/person\/77735f6583e3041b31ebc7b93a284357"},"headline":"Der Begriff \u00abMilit\u00e4roperation\u00bb verharmlost das Kriegsgrauen","datePublished":"2025-09-22T07:39:01+00:00","mainEntityOfPage":{"@id":"https:\/\/www.pressenza.com\/de\/2025\/09\/der-begriff-militaeroperation-verharmlost-das-kriegsgrauen\/"},"wordCount":610,"publisher":{"@id":"https:\/\/www.pressenza.com\/de\/#organization"},"image":{"@id":"https:\/\/www.pressenza.com\/de\/2025\/09\/der-begriff-militaeroperation-verharmlost-das-kriegsgrauen\/#primaryimage"},"thumbnailUrl":"https:\/\/www.pressenza.com\/wp-content\/uploads\/2025\/09\/Operation.fentonroma143-e1758262303807-1024x615-1.jpg","keywords":["Medienmanipulation","Propaganda"],"articleSection":["Frieden und Abr\u00fcstung","Kultur und Medien"],"inLanguage":"de"},{"@type":"WebPage","@id":"https:\/\/www.pressenza.com\/de\/2025\/09\/der-begriff-militaeroperation-verharmlost-das-kriegsgrauen\/","url":"https:\/\/www.pressenza.com\/de\/2025\/09\/der-begriff-militaeroperation-verharmlost-das-kriegsgrauen\/","name":"Der Begriff \u00abMilit\u00e4roperation\u00bb verharmlost das Kriegsgrauen","isPartOf":{"@id":"https:\/\/www.pressenza.com\/de\/#website"},"primaryImageOfPage":{"@id":"https:\/\/www.pressenza.com\/de\/2025\/09\/der-begriff-militaeroperation-verharmlost-das-kriegsgrauen\/#primaryimage"},"image":{"@id":"https:\/\/www.pressenza.com\/de\/2025\/09\/der-begriff-militaeroperation-verharmlost-das-kriegsgrauen\/#primaryimage"},"thumbnailUrl":"https:\/\/www.pressenza.com\/wp-content\/uploads\/2025\/09\/Operation.fentonroma143-e1758262303807-1024x615-1.jpg","datePublished":"2025-09-22T07:39:01+00:00","description":"Es wird nicht \u00aboperiert\u00bb, sondern bombardiert, mit Drohnen angegriffen oder Land besetzt. Es wird zerst\u00f6rt, get\u00f6tet und verletzt. Urs P. Gasche f\u00fcr die","breadcrumb":{"@id":"https:\/\/www.pressenza.com\/de\/2025\/09\/der-begriff-militaeroperation-verharmlost-das-kriegsgrauen\/#breadcrumb"},"inLanguage":"de","potentialAction":[{"@type":"ReadAction","target":["https:\/\/www.pressenza.com\/de\/2025\/09\/der-begriff-militaeroperation-verharmlost-das-kriegsgrauen\/"]}]},{"@type":"ImageObject","inLanguage":"de","@id":"https:\/\/www.pressenza.com\/de\/2025\/09\/der-begriff-militaeroperation-verharmlost-das-kriegsgrauen\/#primaryimage","url":"https:\/\/www.pressenza.com\/wp-content\/uploads\/2025\/09\/Operation.fentonroma143-e1758262303807-1024x615-1.jpg","contentUrl":"https:\/\/www.pressenza.com\/wp-content\/uploads\/2025\/09\/Operation.fentonroma143-e1758262303807-1024x615-1.jpg","width":1024,"height":615,"caption":"Dank einer Operation wird ein Patient wieder gesund. (\u00a9 fentonroma143\/Depositphotos)"},{"@type":"BreadcrumbList","@id":"https:\/\/www.pressenza.com\/de\/2025\/09\/der-begriff-militaeroperation-verharmlost-das-kriegsgrauen\/#breadcrumb","itemListElement":[{"@type":"ListItem","position":1,"name":"Accueil","item":"https:\/\/www.pressenza.com\/de\/"},{"@type":"ListItem","position":2,"name":"Der Begriff \u00abMilit\u00e4roperation\u00bb verharmlost das Kriegsgrauen"}]},{"@type":"WebSite","@id":"https:\/\/www.pressenza.com\/de\/#website","url":"https:\/\/www.pressenza.com\/de\/","name":"Pressenza","description":"International Press Agency","publisher":{"@id":"https:\/\/www.pressenza.com\/de\/#organization"},"potentialAction":[{"@type":"SearchAction","target":{"@type":"EntryPoint","urlTemplate":"https:\/\/www.pressenza.com\/de\/?s={search_term_string}"},"query-input":{"@type":"PropertyValueSpecification","valueRequired":true,"valueName":"search_term_string"}}],"inLanguage":"de"},{"@type":"Organization","@id":"https:\/\/www.pressenza.com\/de\/#organization","name":"Pressenza","url":"https:\/\/www.pressenza.com\/de\/","logo":{"@type":"ImageObject","inLanguage":"de","@id":"https:\/\/www.pressenza.com\/de\/#\/schema\/logo\/image\/","url":"https:\/\/www.pressenza.com\/wp-content\/uploads\/2022\/10\/pressenza_logo_200x200.jpg","contentUrl":"https:\/\/www.pressenza.com\/wp-content\/uploads\/2022\/10\/pressenza_logo_200x200.jpg","width":200,"height":200,"caption":"Pressenza"},"image":{"@id":"https:\/\/www.pressenza.com\/de\/#\/schema\/logo\/image\/"},"sameAs":["https:\/\/www.facebook.com\/PressenzaItalia","https:\/\/x.com\/PressenzaIPA"]},{"@type":"Person","@id":"https:\/\/www.pressenza.com\/de\/#\/schema\/person\/77735f6583e3041b31ebc7b93a284357","name":"INFOsperber","description":"Infosperber.ch - sieht, was andere \u00fcbersehen Die Schweizer Internet-Zeitung richtet sich an Entscheidungstr\u00e4ger in Gesellschaft, Wirtschaft und Politik sowie alle, die erg\u00e4nzende Informationen zu den grossen Medien suchen. Infosperber will die grossen Informations-Medien nicht konkurrenzieren, sondern diese erg\u00e4nzen. \u00a9 Das Weiterverbreiten s\u00e4mtlicher auf dem gemeinn\u00fctzigen Portal www.infosperber.ch enthaltenen Texte ist ohne Kostenfolge erlaubt, sofern die Texte integral ohne K\u00fcrzung und mit Quellenangaben (Autor und \u00abInfosperber\u00bb) verbreitet werden. Bei einer Online-Nutzung ist die Quellenangabe m\u00f6glichst schon am Anfang des Artikels mit einem Link auf infosperber.ch zu versehen. F\u00fcr das Verbreiten von gek\u00fcrzten oder abge\u00e4nderten Texten ist das schriftliche Einverst\u00e4ndnis der AutorInnen erforderlich.","sameAs":["https:\/\/www.infosperber.ch\/"],"url":"https:\/\/www.pressenza.com\/de\/author\/infosperber\/"}]}},"place":"","original_article_url":"https:\/\/www.infosperber.ch\/medien\/medienkritik\/nur-tendenzioese-oder-naive-medien-uebernehmen-diese-pr-begriffe\/","_links":{"self":[{"href":"https:\/\/www.pressenza.com\/de\/wp-json\/wp\/v2\/posts\/2637505","targetHints":{"allow":["GET"]}}],"collection":[{"href":"https:\/\/www.pressenza.com\/de\/wp-json\/wp\/v2\/posts"}],"about":[{"href":"https:\/\/www.pressenza.com\/de\/wp-json\/wp\/v2\/types\/post"}],"author":[{"embeddable":true,"href":"https:\/\/www.pressenza.com\/de\/wp-json\/wp\/v2\/users\/1855"}],"replies":[{"embeddable":true,"href":"https:\/\/www.pressenza.com\/de\/wp-json\/wp\/v2\/comments?post=2637505"}],"version-history":[{"count":2,"href":"https:\/\/www.pressenza.com\/de\/wp-json\/wp\/v2\/posts\/2637505\/revisions"}],"predecessor-version":[{"id":2637510,"href":"https:\/\/www.pressenza.com\/de\/wp-json\/wp\/v2\/posts\/2637505\/revisions\/2637510"}],"wp:featuredmedia":[{"embeddable":true,"href":"https:\/\/www.pressenza.com\/de\/wp-json\/wp\/v2\/media\/2637507"}],"wp:attachment":[{"href":"https:\/\/www.pressenza.com\/de\/wp-json\/wp\/v2\/media?parent=2637505"}],"wp:term":[{"taxonomy":"category","embeddable":true,"href":"https:\/\/www.pressenza.com\/de\/wp-json\/wp\/v2\/categories?post=2637505"},{"taxonomy":"post_tag","embeddable":true,"href":"https:\/\/www.pressenza.com\/de\/wp-json\/wp\/v2\/tags?post=2637505"}],"curies":[{"name":"wp","href":"https:\/\/api.w.org\/{rel}","templated":true}]}}