{"id":2636625,"date":"2025-09-19T10:55:36","date_gmt":"2025-09-19T09:55:36","guid":{"rendered":"https:\/\/www.pressenza.com\/?p=2636625"},"modified":"2025-09-20T08:31:21","modified_gmt":"2025-09-20T07:31:21","slug":"melissa-parke-die-ratifizierung-des-atomwaffenverbotsvertrags-wird-griechenland-auf-die-richtige-seite-der-geschichte-stellen","status":"publish","type":"post","link":"https:\/\/www.pressenza.com\/de\/2025\/09\/melissa-parke-die-ratifizierung-des-atomwaffenverbotsvertrags-wird-griechenland-auf-die-richtige-seite-der-geschichte-stellen\/","title":{"rendered":"Melissa Parke: \u201eDie Ratifizierung des Atomwaffenverbotsvertrags wird Griechenland auf die richtige Seite der Geschichte stellen.\u201c"},"content":{"rendered":"<p><strong>Mitglieder der ICAN und der griechischen Anti-Atom-Allianz luden die ICAN-Exekutivdirektorin Melissa Parke nach Athen ein. W\u00e4hrend ihres Aufenthalts in Griechenland hielt Melissa Parke, die \u00fcber einen beeindruckenden Lebenslauf als australische Ministerin f\u00fcr internationale Entwicklung und als UN-Expertin im Kosovo, Gaza, Jemen, Libanon und New York verf\u00fcgt, eine Reihe von Treffen mit Mitgliedern des griechischen Parlaments, dem Generalsekret\u00e4r des Gemeindeverbandes und dem B\u00fcrgermeister von Athen ab. Das Hauptziel dieser Treffen war, die Anti-Atom-Allianz zu st\u00e4rken, um die Abstimmung und Ratifizierung des UN-Atomwaffenverbotsvertrag (AVV) durch das griechische Parlament zu erreichen.<\/strong><\/p>\n<p>Anl\u00e4sslich des 80. Jahrestags der Atombombenabw\u00fcrfe auf Hiroshima und Nagasaki durch die US-Regierung fand am 16. September eine Pressekonferenz zum Thema \u201eKrieg, Drohungen und Konflikte: Der Atomwaffenverbotsvertrag als Instrument f\u00fcr den Frieden\u201d statt. Melissa Parke hatte dabei Gelegenheit, auf internationale Entwicklungen im Zusammenhang mit der Ratifizierung des Abkommens und dessen Nutzung als Mittel zur Aus\u00fcbung von Druck auf L\u00e4nder, die \u00fcber Kernwaffen verf\u00fcgen, einzugehen. Im Juni 2025 ver\u00f6ffentlichte ICAN ein Informationsblatt mit dem Titel <a href=\"https:\/\/www.icanw.org\/hidden_costs_2024_global_nuclear_weapons_spending\" target=\"_blank\" rel=\"noopener\">\u201eVersteckte Kosten: Ausgaben f\u00fcr Kernwaffen im Jahr 2024\u201d<\/a>. Eine der wichtigsten darin hervorgehobenen Tatsachen ist, dass im letzten Jahr, w\u00e4hrend mehr als 750 Millionen Menschen in Armut lebten, die neun Atomwaffenstaaten 100,2 Milliarden US-Dollar f\u00fcr ihre Atomwaffenarsenale ausgaben \u2013 das entspricht fast 3.169 USD pro Sekunde. F\u00fcnf von ihnen sind derzeit in bewaffnete Konflikte verwickelt (USA, Russland, Israel, Indien und Pakistan).<\/p>\n<p>Was war das Ergebnis dieses Besuchs? Melissa Parke und ihre griechischen Partner haben verstanden, dass die Mitglieder des griechischen Parlaments und die Vertreter des Parlamentspr\u00e4sidenten daran interessiert sind, einen interparlamentarischen Ausschuss zur Ratifizierung des Atomwaffenverbotsvertrags (AVV) zu gr\u00fcnden und sich daran zu beteiligen. Au\u00dferdem wird der Generalsekret\u00e4r der KEDE (alle griechischen Gemeinden) w\u00e4hrend ihrer j\u00e4hrlichen nationalen Tagung im Jahr 2026 eine parallele Sitzung zu diesem Thema abhalten. Bis heute haben 93 griechische Gemeinden nach der Mobilisierung durch die Organisation \u201eWelt ohne Kriege und Gewalt\u201d in ihren R\u00e4ten eine Resolution verabschiedet, in der sie ihren Willen zur Ratifizierung des Abkommens durch das griechische Parlament bekunden. Die Gemeinde Athen, die die Resolution ebenfalls verabschiedet hat, geh\u00f6rt zu den zw\u00f6lf Hauptst\u00e4dten der Welt, die mit Ma\u00dfnahmen f\u00fcr den Frieden und f\u00fcr das Verbot von Atomwaffen eine Vorreiterrolle einnehmen.<\/p>\n<p><em>Melissa Parke sprach auf der vom griechischen B\u00fcro von Pressenza moderierten Pressekonferenz.<\/em><\/p>\n<p><iframe loading=\"lazy\" title=\"Melissa Parke, ICAN, in Athens: her speech on the need to ratify TPNW.\" width=\"500\" height=\"281\" src=\"https:\/\/www.youtube.com\/embed\/6NhX5UovbEY?feature=oembed\" frameborder=\"0\" allow=\"accelerometer; autoplay; clipboard-write; encrypted-media; gyroscope; picture-in-picture; web-share\" referrerpolicy=\"strict-origin-when-cross-origin\" allowfullscreen><\/iframe><\/p>\n<p><strong><em>Die \u00dcbersetzung aus dem Englischen wurde von Kornelia Henrichmann vom ehrenamtlichen Pressenza-\u00dcbersetzungsteam erstellt. <\/em><\/strong><a href=\"https:\/\/www.pressenza.com\/de\/mitarbeiten\/\"><strong><em>Wir suchen Freiwillige!<\/em><\/strong><\/a><\/p>\n","protected":false},"excerpt":{"rendered":"<p>Mitglieder der ICAN und der griechischen Anti-Atom-Allianz luden die ICAN-Exekutivdirektorin Melissa Parke nach Athen ein. W\u00e4hrend ihres Aufenthalts in Griechenland hielt Melissa Parke, die \u00fcber einen beeindruckenden Lebenslauf als australische Ministerin f\u00fcr internationale Entwicklung und als UN-Expertin im Kosovo, Gaza,&hellip;<\/p>\n","protected":false},"author":1095,"featured_media":2636630,"comment_status":"closed","ping_status":"closed","sticky":false,"template":"","format":"standard","meta":{"footnotes":""},"categories":[9150,9167,9157,11387,27991],"tags":[9221,15040,12506,22375,48861,127571,62213,15221,61728,14669,142992,61729,97700,142993],"class_list":["post-2636625","post","type-post","status-publish","format-standard","has-post-thumbnail","hentry","category-europa-de","category-frieden-und-abruestung","category-oekologie-und-umwelt","category-originalinhalt","category-video-de","tag-abrustung","tag-athen","tag-atomwaffen","tag-atomwaffenverbot","tag-atomwaffenverbotsvertrag","tag-frieden-de","tag-gewaltfreier-widerstand","tag-griechenland","tag-hiroshima-de","tag-ican-de","tag-melissa-parke","tag-nagasaki-de","tag-tpnw-de","tag-world-without-wars-and-violence"],"yoast_head":"<!-- This site is optimized with the Yoast SEO plugin v27.1.1 - https:\/\/yoast.com\/product\/yoast-seo-wordpress\/ -->\n<title>Melissa Parke: \u201eDie Ratifizierung des Atomwaffenverbotsvertrags wird Griechenland auf die richtige Seite der Geschichte stellen.\u201c<\/title>\n<meta name=\"description\" content=\"Mitglieder der ICAN und der griechischen Anti-Atom-Allianz luden die ICAN-Exekutivdirektorin Melissa Parke nach Athen ein. W\u00e4hrend ihres Aufenthalts in\" \/>\n<meta name=\"robots\" content=\"index, follow, max-snippet:-1, max-image-preview:large, max-video-preview:-1\" \/>\n<link rel=\"canonical\" href=\"https:\/\/www.pressenza.com\/de\/2025\/09\/melissa-parke-die-ratifizierung-des-atomwaffenverbotsvertrags-wird-griechenland-auf-die-richtige-seite-der-geschichte-stellen\/\" \/>\n<meta property=\"og:locale\" content=\"de_DE\" \/>\n<meta property=\"og:type\" content=\"article\" \/>\n<meta property=\"og:title\" content=\"Melissa Parke: \u201eDie Ratifizierung des Atomwaffenverbotsvertrags wird Griechenland auf die richtige Seite der Geschichte stellen.\u201c\" \/>\n<meta property=\"og:description\" content=\"Mitglieder der ICAN und der griechischen Anti-Atom-Allianz luden die ICAN-Exekutivdirektorin Melissa Parke nach Athen ein. W\u00e4hrend ihres Aufenthalts in\" \/>\n<meta property=\"og:url\" content=\"https:\/\/www.pressenza.com\/de\/2025\/09\/melissa-parke-die-ratifizierung-des-atomwaffenverbotsvertrags-wird-griechenland-auf-die-richtige-seite-der-geschichte-stellen\/\" \/>\n<meta property=\"og:site_name\" content=\"Pressenza\" \/>\n<meta property=\"article:publisher\" content=\"https:\/\/www.facebook.com\/PressenzaItalia\" \/>\n<meta property=\"article:author\" content=\"https:\/\/www.facebook.com\/Pressenza-Deutschland-sterreich-Schweiz-281675388658060\/timeline\/\" \/>\n<meta property=\"article:published_time\" content=\"2025-09-19T09:55:36+00:00\" \/>\n<meta property=\"article:modified_time\" content=\"2025-09-20T07:31:21+00:00\" \/>\n<meta property=\"og:image\" content=\"https:\/\/www.pressenza.com\/wp-content\/uploads\/2025\/09\/Antipiriniki-symmaxia-melissa-park-photo-pressenza.png\" \/>\n\t<meta property=\"og:image:width\" content=\"850\" \/>\n\t<meta property=\"og:image:height\" content=\"450\" \/>\n\t<meta property=\"og:image:type\" content=\"image\/png\" \/>\n<meta name=\"author\" content=\"Pressenza Berlin\" \/>\n<meta name=\"twitter:card\" content=\"summary_large_image\" \/>\n<meta name=\"twitter:creator\" content=\"@pressenza_ger\" \/>\n<meta name=\"twitter:site\" content=\"@PressenzaIPA\" \/>\n<meta name=\"twitter:label1\" content=\"Verfasst von\" \/>\n\t<meta name=\"twitter:data1\" content=\"Pressenza Berlin\" \/>\n\t<meta name=\"twitter:label2\" content=\"Gesch\u00e4tzte Lesezeit\" \/>\n\t<meta name=\"twitter:data2\" content=\"3\u00a0Minuten\" \/>\n<script type=\"application\/ld+json\" class=\"yoast-schema-graph\">{\"@context\":\"https:\/\/schema.org\",\"@graph\":[{\"@type\":\"Article\",\"@id\":\"https:\/\/www.pressenza.com\/de\/2025\/09\/melissa-parke-die-ratifizierung-des-atomwaffenverbotsvertrags-wird-griechenland-auf-die-richtige-seite-der-geschichte-stellen\/#article\",\"isPartOf\":{\"@id\":\"https:\/\/www.pressenza.com\/de\/2025\/09\/melissa-parke-die-ratifizierung-des-atomwaffenverbotsvertrags-wird-griechenland-auf-die-richtige-seite-der-geschichte-stellen\/\"},\"author\":{\"name\":\"Pressenza Berlin\",\"@id\":\"https:\/\/www.pressenza.com\/de\/#\/schema\/person\/57bb5480943a496a7722b0248e4b658a\"},\"headline\":\"Melissa Parke: \u201eDie Ratifizierung des Atomwaffenverbotsvertrags wird Griechenland auf die richtige Seite der Geschichte stellen.\u201c\",\"datePublished\":\"2025-09-19T09:55:36+00:00\",\"dateModified\":\"2025-09-20T07:31:21+00:00\",\"mainEntityOfPage\":{\"@id\":\"https:\/\/www.pressenza.com\/de\/2025\/09\/melissa-parke-die-ratifizierung-des-atomwaffenverbotsvertrags-wird-griechenland-auf-die-richtige-seite-der-geschichte-stellen\/\"},\"wordCount\":428,\"publisher\":{\"@id\":\"https:\/\/www.pressenza.com\/de\/#organization\"},\"image\":{\"@id\":\"https:\/\/www.pressenza.com\/de\/2025\/09\/melissa-parke-die-ratifizierung-des-atomwaffenverbotsvertrags-wird-griechenland-auf-die-richtige-seite-der-geschichte-stellen\/#primaryimage\"},\"thumbnailUrl\":\"https:\/\/www.pressenza.com\/wp-content\/uploads\/2025\/09\/Antipiriniki-symmaxia-melissa-park-photo-pressenza.png\",\"keywords\":[\"Abr\u00fcstung\",\"Athen\",\"Atomwaffen\",\"Atomwaffenverbot\",\"Atomwaffenverbotsvertrag\",\"Frieden\",\"gewaltfreier Widerstand\",\"Griechenland\",\"Hiroshima\",\"ICAN\",\"Melissa Parke\",\"Nagasaki\",\"TPNW\",\"World without Wars and Violence\"],\"articleSection\":[\"Europa\",\"Frieden und Abr\u00fcstung\",\"\u00d6kologie und Umwelt\",\"Originalinhalt\",\"Video\"],\"inLanguage\":\"de\"},{\"@type\":\"WebPage\",\"@id\":\"https:\/\/www.pressenza.com\/de\/2025\/09\/melissa-parke-die-ratifizierung-des-atomwaffenverbotsvertrags-wird-griechenland-auf-die-richtige-seite-der-geschichte-stellen\/\",\"url\":\"https:\/\/www.pressenza.com\/de\/2025\/09\/melissa-parke-die-ratifizierung-des-atomwaffenverbotsvertrags-wird-griechenland-auf-die-richtige-seite-der-geschichte-stellen\/\",\"name\":\"Melissa Parke: \u201eDie Ratifizierung des Atomwaffenverbotsvertrags wird Griechenland auf die richtige Seite der Geschichte stellen.\u201c\",\"isPartOf\":{\"@id\":\"https:\/\/www.pressenza.com\/de\/#website\"},\"primaryImageOfPage\":{\"@id\":\"https:\/\/www.pressenza.com\/de\/2025\/09\/melissa-parke-die-ratifizierung-des-atomwaffenverbotsvertrags-wird-griechenland-auf-die-richtige-seite-der-geschichte-stellen\/#primaryimage\"},\"image\":{\"@id\":\"https:\/\/www.pressenza.com\/de\/2025\/09\/melissa-parke-die-ratifizierung-des-atomwaffenverbotsvertrags-wird-griechenland-auf-die-richtige-seite-der-geschichte-stellen\/#primaryimage\"},\"thumbnailUrl\":\"https:\/\/www.pressenza.com\/wp-content\/uploads\/2025\/09\/Antipiriniki-symmaxia-melissa-park-photo-pressenza.png\",\"datePublished\":\"2025-09-19T09:55:36+00:00\",\"dateModified\":\"2025-09-20T07:31:21+00:00\",\"description\":\"Mitglieder der ICAN und der griechischen Anti-Atom-Allianz luden die ICAN-Exekutivdirektorin Melissa Parke nach Athen ein. W\u00e4hrend ihres Aufenthalts in\",\"breadcrumb\":{\"@id\":\"https:\/\/www.pressenza.com\/de\/2025\/09\/melissa-parke-die-ratifizierung-des-atomwaffenverbotsvertrags-wird-griechenland-auf-die-richtige-seite-der-geschichte-stellen\/#breadcrumb\"},\"inLanguage\":\"de\",\"potentialAction\":[{\"@type\":\"ReadAction\",\"target\":[\"https:\/\/www.pressenza.com\/de\/2025\/09\/melissa-parke-die-ratifizierung-des-atomwaffenverbotsvertrags-wird-griechenland-auf-die-richtige-seite-der-geschichte-stellen\/\"]}]},{\"@type\":\"ImageObject\",\"inLanguage\":\"de\",\"@id\":\"https:\/\/www.pressenza.com\/de\/2025\/09\/melissa-parke-die-ratifizierung-des-atomwaffenverbotsvertrags-wird-griechenland-auf-die-richtige-seite-der-geschichte-stellen\/#primaryimage\",\"url\":\"https:\/\/www.pressenza.com\/wp-content\/uploads\/2025\/09\/Antipiriniki-symmaxia-melissa-park-photo-pressenza.png\",\"contentUrl\":\"https:\/\/www.pressenza.com\/wp-content\/uploads\/2025\/09\/Antipiriniki-symmaxia-melissa-park-photo-pressenza.png\",\"width\":850,\"height\":450,\"caption\":\"\u039c\u03ad\u03bb\u03b7 \u03c4\u03b7\u03c2 \u0391\u03bd\u03c4\u03b9\u03c0\u03c5\u03c1\u03b7\u03bd\u03b9\u03ba\u03ae\u03c2 \u03a3\u03c5\u03bc\u03bc\u03b1\u03c7\u03af\u03b1\u03c2 \u03c5\u03c0\u03bf\u03b4\u03ad\u03c7\u03b8\u03b7\u03ba\u03b1\u03bd \u03c3\u03c4\u03b7\u03bd \u0391\u03b8\u03ae\u03bd\u03b1 \u03c4\u03b7\u03bd \u0395\u03ba\u03c4\u03b5\u03bb\u03b5\u03c3\u03c4\u03b9\u03ba\u03ae \u0394\u03b9\u03b5\u03c5\u03b8\u03cd\u03bd\u03c4\u03c1\u03b9\u03b1 \u03c4\u03b7\u03c2 ICAN, \u039c\u03b5\u03bb\u03af\u03c3\u03c3\u03b1 \u03a0\u03b1\u03c1\u03ba.\"},{\"@type\":\"BreadcrumbList\",\"@id\":\"https:\/\/www.pressenza.com\/de\/2025\/09\/melissa-parke-die-ratifizierung-des-atomwaffenverbotsvertrags-wird-griechenland-auf-die-richtige-seite-der-geschichte-stellen\/#breadcrumb\",\"itemListElement\":[{\"@type\":\"ListItem\",\"position\":1,\"name\":\"Accueil\",\"item\":\"https:\/\/www.pressenza.com\/de\/\"},{\"@type\":\"ListItem\",\"position\":2,\"name\":\"Melissa Parke: \u201eDie Ratifizierung des Atomwaffenverbotsvertrags wird Griechenland auf die richtige Seite der Geschichte stellen.\u201c\"}]},{\"@type\":\"WebSite\",\"@id\":\"https:\/\/www.pressenza.com\/de\/#website\",\"url\":\"https:\/\/www.pressenza.com\/de\/\",\"name\":\"Pressenza\",\"description\":\"International Press Agency\",\"publisher\":{\"@id\":\"https:\/\/www.pressenza.com\/de\/#organization\"},\"potentialAction\":[{\"@type\":\"SearchAction\",\"target\":{\"@type\":\"EntryPoint\",\"urlTemplate\":\"https:\/\/www.pressenza.com\/de\/?s={search_term_string}\"},\"query-input\":{\"@type\":\"PropertyValueSpecification\",\"valueRequired\":true,\"valueName\":\"search_term_string\"}}],\"inLanguage\":\"de\"},{\"@type\":\"Organization\",\"@id\":\"https:\/\/www.pressenza.com\/de\/#organization\",\"name\":\"Pressenza\",\"url\":\"https:\/\/www.pressenza.com\/de\/\",\"logo\":{\"@type\":\"ImageObject\",\"inLanguage\":\"de\",\"@id\":\"https:\/\/www.pressenza.com\/de\/#\/schema\/logo\/image\/\",\"url\":\"https:\/\/www.pressenza.com\/wp-content\/uploads\/2022\/10\/pressenza_logo_200x200.jpg\",\"contentUrl\":\"https:\/\/www.pressenza.com\/wp-content\/uploads\/2022\/10\/pressenza_logo_200x200.jpg\",\"width\":200,\"height\":200,\"caption\":\"Pressenza\"},\"image\":{\"@id\":\"https:\/\/www.pressenza.com\/de\/#\/schema\/logo\/image\/\"},\"sameAs\":[\"https:\/\/www.facebook.com\/PressenzaItalia\",\"https:\/\/x.com\/PressenzaIPA\"]},{\"@type\":\"Person\",\"@id\":\"https:\/\/www.pressenza.com\/de\/#\/schema\/person\/57bb5480943a496a7722b0248e4b658a\",\"name\":\"Pressenza Berlin\",\"description\":\"News from the Pressenza Bureau in Berlin, Germany\",\"sameAs\":[\"https:\/\/www.facebook.com\/Pressenza-Deutschland-sterreich-Schweiz-281675388658060\/timeline\/\",\"https:\/\/x.com\/pressenza_ger\"],\"url\":\"https:\/\/www.pressenza.com\/de\/author\/pressenza-berlin\/\"}]}<\/script>\n<!-- \/ Yoast SEO plugin. -->","yoast_head_json":{"title":"Melissa Parke: \u201eDie Ratifizierung des Atomwaffenverbotsvertrags wird Griechenland auf die richtige Seite der Geschichte stellen.\u201c","description":"Mitglieder der ICAN und der griechischen Anti-Atom-Allianz luden die ICAN-Exekutivdirektorin Melissa Parke nach Athen ein. W\u00e4hrend ihres Aufenthalts in","robots":{"index":"index","follow":"follow","max-snippet":"max-snippet:-1","max-image-preview":"max-image-preview:large","max-video-preview":"max-video-preview:-1"},"canonical":"https:\/\/www.pressenza.com\/de\/2025\/09\/melissa-parke-die-ratifizierung-des-atomwaffenverbotsvertrags-wird-griechenland-auf-die-richtige-seite-der-geschichte-stellen\/","og_locale":"de_DE","og_type":"article","og_title":"Melissa Parke: \u201eDie Ratifizierung des Atomwaffenverbotsvertrags wird Griechenland auf die richtige Seite der Geschichte stellen.\u201c","og_description":"Mitglieder der ICAN und der griechischen Anti-Atom-Allianz luden die ICAN-Exekutivdirektorin Melissa Parke nach Athen ein. W\u00e4hrend ihres Aufenthalts in","og_url":"https:\/\/www.pressenza.com\/de\/2025\/09\/melissa-parke-die-ratifizierung-des-atomwaffenverbotsvertrags-wird-griechenland-auf-die-richtige-seite-der-geschichte-stellen\/","og_site_name":"Pressenza","article_publisher":"https:\/\/www.facebook.com\/PressenzaItalia","article_author":"https:\/\/www.facebook.com\/Pressenza-Deutschland-sterreich-Schweiz-281675388658060\/timeline\/","article_published_time":"2025-09-19T09:55:36+00:00","article_modified_time":"2025-09-20T07:31:21+00:00","og_image":[{"width":850,"height":450,"url":"https:\/\/www.pressenza.com\/wp-content\/uploads\/2025\/09\/Antipiriniki-symmaxia-melissa-park-photo-pressenza.png","type":"image\/png"}],"author":"Pressenza Berlin","twitter_card":"summary_large_image","twitter_creator":"@pressenza_ger","twitter_site":"@PressenzaIPA","twitter_misc":{"Verfasst von":"Pressenza Berlin","Gesch\u00e4tzte Lesezeit":"3\u00a0Minuten"},"schema":{"@context":"https:\/\/schema.org","@graph":[{"@type":"Article","@id":"https:\/\/www.pressenza.com\/de\/2025\/09\/melissa-parke-die-ratifizierung-des-atomwaffenverbotsvertrags-wird-griechenland-auf-die-richtige-seite-der-geschichte-stellen\/#article","isPartOf":{"@id":"https:\/\/www.pressenza.com\/de\/2025\/09\/melissa-parke-die-ratifizierung-des-atomwaffenverbotsvertrags-wird-griechenland-auf-die-richtige-seite-der-geschichte-stellen\/"},"author":{"name":"Pressenza Berlin","@id":"https:\/\/www.pressenza.com\/de\/#\/schema\/person\/57bb5480943a496a7722b0248e4b658a"},"headline":"Melissa Parke: \u201eDie Ratifizierung des Atomwaffenverbotsvertrags wird Griechenland auf die richtige Seite der Geschichte stellen.\u201c","datePublished":"2025-09-19T09:55:36+00:00","dateModified":"2025-09-20T07:31:21+00:00","mainEntityOfPage":{"@id":"https:\/\/www.pressenza.com\/de\/2025\/09\/melissa-parke-die-ratifizierung-des-atomwaffenverbotsvertrags-wird-griechenland-auf-die-richtige-seite-der-geschichte-stellen\/"},"wordCount":428,"publisher":{"@id":"https:\/\/www.pressenza.com\/de\/#organization"},"image":{"@id":"https:\/\/www.pressenza.com\/de\/2025\/09\/melissa-parke-die-ratifizierung-des-atomwaffenverbotsvertrags-wird-griechenland-auf-die-richtige-seite-der-geschichte-stellen\/#primaryimage"},"thumbnailUrl":"https:\/\/www.pressenza.com\/wp-content\/uploads\/2025\/09\/Antipiriniki-symmaxia-melissa-park-photo-pressenza.png","keywords":["Abr\u00fcstung","Athen","Atomwaffen","Atomwaffenverbot","Atomwaffenverbotsvertrag","Frieden","gewaltfreier Widerstand","Griechenland","Hiroshima","ICAN","Melissa Parke","Nagasaki","TPNW","World without Wars and Violence"],"articleSection":["Europa","Frieden und Abr\u00fcstung","\u00d6kologie und Umwelt","Originalinhalt","Video"],"inLanguage":"de"},{"@type":"WebPage","@id":"https:\/\/www.pressenza.com\/de\/2025\/09\/melissa-parke-die-ratifizierung-des-atomwaffenverbotsvertrags-wird-griechenland-auf-die-richtige-seite-der-geschichte-stellen\/","url":"https:\/\/www.pressenza.com\/de\/2025\/09\/melissa-parke-die-ratifizierung-des-atomwaffenverbotsvertrags-wird-griechenland-auf-die-richtige-seite-der-geschichte-stellen\/","name":"Melissa Parke: \u201eDie Ratifizierung des Atomwaffenverbotsvertrags wird Griechenland auf die richtige Seite der Geschichte stellen.\u201c","isPartOf":{"@id":"https:\/\/www.pressenza.com\/de\/#website"},"primaryImageOfPage":{"@id":"https:\/\/www.pressenza.com\/de\/2025\/09\/melissa-parke-die-ratifizierung-des-atomwaffenverbotsvertrags-wird-griechenland-auf-die-richtige-seite-der-geschichte-stellen\/#primaryimage"},"image":{"@id":"https:\/\/www.pressenza.com\/de\/2025\/09\/melissa-parke-die-ratifizierung-des-atomwaffenverbotsvertrags-wird-griechenland-auf-die-richtige-seite-der-geschichte-stellen\/#primaryimage"},"thumbnailUrl":"https:\/\/www.pressenza.com\/wp-content\/uploads\/2025\/09\/Antipiriniki-symmaxia-melissa-park-photo-pressenza.png","datePublished":"2025-09-19T09:55:36+00:00","dateModified":"2025-09-20T07:31:21+00:00","description":"Mitglieder der ICAN und der griechischen Anti-Atom-Allianz luden die ICAN-Exekutivdirektorin Melissa Parke nach Athen ein. W\u00e4hrend ihres Aufenthalts in","breadcrumb":{"@id":"https:\/\/www.pressenza.com\/de\/2025\/09\/melissa-parke-die-ratifizierung-des-atomwaffenverbotsvertrags-wird-griechenland-auf-die-richtige-seite-der-geschichte-stellen\/#breadcrumb"},"inLanguage":"de","potentialAction":[{"@type":"ReadAction","target":["https:\/\/www.pressenza.com\/de\/2025\/09\/melissa-parke-die-ratifizierung-des-atomwaffenverbotsvertrags-wird-griechenland-auf-die-richtige-seite-der-geschichte-stellen\/"]}]},{"@type":"ImageObject","inLanguage":"de","@id":"https:\/\/www.pressenza.com\/de\/2025\/09\/melissa-parke-die-ratifizierung-des-atomwaffenverbotsvertrags-wird-griechenland-auf-die-richtige-seite-der-geschichte-stellen\/#primaryimage","url":"https:\/\/www.pressenza.com\/wp-content\/uploads\/2025\/09\/Antipiriniki-symmaxia-melissa-park-photo-pressenza.png","contentUrl":"https:\/\/www.pressenza.com\/wp-content\/uploads\/2025\/09\/Antipiriniki-symmaxia-melissa-park-photo-pressenza.png","width":850,"height":450,"caption":"\u039c\u03ad\u03bb\u03b7 \u03c4\u03b7\u03c2 \u0391\u03bd\u03c4\u03b9\u03c0\u03c5\u03c1\u03b7\u03bd\u03b9\u03ba\u03ae\u03c2 \u03a3\u03c5\u03bc\u03bc\u03b1\u03c7\u03af\u03b1\u03c2 \u03c5\u03c0\u03bf\u03b4\u03ad\u03c7\u03b8\u03b7\u03ba\u03b1\u03bd \u03c3\u03c4\u03b7\u03bd \u0391\u03b8\u03ae\u03bd\u03b1 \u03c4\u03b7\u03bd \u0395\u03ba\u03c4\u03b5\u03bb\u03b5\u03c3\u03c4\u03b9\u03ba\u03ae \u0394\u03b9\u03b5\u03c5\u03b8\u03cd\u03bd\u03c4\u03c1\u03b9\u03b1 \u03c4\u03b7\u03c2 ICAN, \u039c\u03b5\u03bb\u03af\u03c3\u03c3\u03b1 \u03a0\u03b1\u03c1\u03ba."},{"@type":"BreadcrumbList","@id":"https:\/\/www.pressenza.com\/de\/2025\/09\/melissa-parke-die-ratifizierung-des-atomwaffenverbotsvertrags-wird-griechenland-auf-die-richtige-seite-der-geschichte-stellen\/#breadcrumb","itemListElement":[{"@type":"ListItem","position":1,"name":"Accueil","item":"https:\/\/www.pressenza.com\/de\/"},{"@type":"ListItem","position":2,"name":"Melissa Parke: \u201eDie Ratifizierung des Atomwaffenverbotsvertrags wird Griechenland auf die richtige Seite der Geschichte stellen.\u201c"}]},{"@type":"WebSite","@id":"https:\/\/www.pressenza.com\/de\/#website","url":"https:\/\/www.pressenza.com\/de\/","name":"Pressenza","description":"International Press Agency","publisher":{"@id":"https:\/\/www.pressenza.com\/de\/#organization"},"potentialAction":[{"@type":"SearchAction","target":{"@type":"EntryPoint","urlTemplate":"https:\/\/www.pressenza.com\/de\/?s={search_term_string}"},"query-input":{"@type":"PropertyValueSpecification","valueRequired":true,"valueName":"search_term_string"}}],"inLanguage":"de"},{"@type":"Organization","@id":"https:\/\/www.pressenza.com\/de\/#organization","name":"Pressenza","url":"https:\/\/www.pressenza.com\/de\/","logo":{"@type":"ImageObject","inLanguage":"de","@id":"https:\/\/www.pressenza.com\/de\/#\/schema\/logo\/image\/","url":"https:\/\/www.pressenza.com\/wp-content\/uploads\/2022\/10\/pressenza_logo_200x200.jpg","contentUrl":"https:\/\/www.pressenza.com\/wp-content\/uploads\/2022\/10\/pressenza_logo_200x200.jpg","width":200,"height":200,"caption":"Pressenza"},"image":{"@id":"https:\/\/www.pressenza.com\/de\/#\/schema\/logo\/image\/"},"sameAs":["https:\/\/www.facebook.com\/PressenzaItalia","https:\/\/x.com\/PressenzaIPA"]},{"@type":"Person","@id":"https:\/\/www.pressenza.com\/de\/#\/schema\/person\/57bb5480943a496a7722b0248e4b658a","name":"Pressenza Berlin","description":"News from the Pressenza Bureau in Berlin, Germany","sameAs":["https:\/\/www.facebook.com\/Pressenza-Deutschland-sterreich-Schweiz-281675388658060\/timeline\/","https:\/\/x.com\/pressenza_ger"],"url":"https:\/\/www.pressenza.com\/de\/author\/pressenza-berlin\/"}]}},"place":"","original_article_url":"","_links":{"self":[{"href":"https:\/\/www.pressenza.com\/de\/wp-json\/wp\/v2\/posts\/2636625","targetHints":{"allow":["GET"]}}],"collection":[{"href":"https:\/\/www.pressenza.com\/de\/wp-json\/wp\/v2\/posts"}],"about":[{"href":"https:\/\/www.pressenza.com\/de\/wp-json\/wp\/v2\/types\/post"}],"author":[{"embeddable":true,"href":"https:\/\/www.pressenza.com\/de\/wp-json\/wp\/v2\/users\/1095"}],"replies":[{"embeddable":true,"href":"https:\/\/www.pressenza.com\/de\/wp-json\/wp\/v2\/comments?post=2636625"}],"version-history":[{"count":2,"href":"https:\/\/www.pressenza.com\/de\/wp-json\/wp\/v2\/posts\/2636625\/revisions"}],"predecessor-version":[{"id":2636637,"href":"https:\/\/www.pressenza.com\/de\/wp-json\/wp\/v2\/posts\/2636625\/revisions\/2636637"}],"wp:featuredmedia":[{"embeddable":true,"href":"https:\/\/www.pressenza.com\/de\/wp-json\/wp\/v2\/media\/2636630"}],"wp:attachment":[{"href":"https:\/\/www.pressenza.com\/de\/wp-json\/wp\/v2\/media?parent=2636625"}],"wp:term":[{"taxonomy":"category","embeddable":true,"href":"https:\/\/www.pressenza.com\/de\/wp-json\/wp\/v2\/categories?post=2636625"},{"taxonomy":"post_tag","embeddable":true,"href":"https:\/\/www.pressenza.com\/de\/wp-json\/wp\/v2\/tags?post=2636625"}],"curies":[{"name":"wp","href":"https:\/\/api.w.org\/{rel}","templated":true}]}}