{"id":2634156,"date":"2025-09-09T14:25:38","date_gmt":"2025-09-09T13:25:38","guid":{"rendered":"https:\/\/www.pressenza.com\/?p=2634156"},"modified":"2025-09-09T14:25:38","modified_gmt":"2025-09-09T13:25:38","slug":"solidaritaet-unter-allen-die-unterwegs-waren","status":"publish","type":"post","link":"https:\/\/www.pressenza.com\/de\/2025\/09\/solidaritaet-unter-allen-die-unterwegs-waren\/","title":{"rendered":"Solidarit\u00e4t unter allen, die unterwegs waren"},"content":{"rendered":"<p><strong>Tareq Alaows, fl\u00fcchtlingspolitischer Sprecher von PRO ASYL und syrisch-deutscher Aktivist, kam im Sommer 2015 nach Deutschland. Mario Neumann von Medico sprach mit ihm \u00fcber ein Leben zwischen syrischer Revolution, deutscher Migrationspolitik und wie er die Solidarit\u00e4t der deutschen Zivilgesellschaft gegen\u00fcber Gefl\u00fcchteten erlebte.<\/strong><\/p>\n<p><em>Das Inter\u00adview erschien erst\u00admals im<a href=\"https:\/\/www.medico.de\/rundschreiben\/2025\/alles-hat-ein-ende\" target=\"_blank\" rel=\"noopener\"> med\u00adico-Rund\u00adschrei\u00adben 01\/2025<\/a>, danach auf der <a href=\"https:\/\/www.medico.de\/blog\/solidaritaet-unter-allen-die-unterwegs-waren-20005\" target=\"_blank\" rel=\"noopener\">med\u00adico-Web\u00adsei\u00adte<\/a>.<\/em><\/p>\n<p><strong>Du bist im Som\u00admer 2015 aus Syri\u00aden nach Deutsch\u00adland geflo\u00adhen. Vie\u00adle Men\u00adschen hat es damals zuf\u00e4l\u00adlig an bestimm\u00adte Orte Euro\u00adpas ver\u00adschla\u00adgen. Wie war es bei\u00a0dir?<\/strong><\/p>\n<p>Ich hat\u00adte kei\u00adne beson\u00adde\u00adre Bezie\u00adhung zu Deutsch\u00adland. Ich habe Syri\u00aden ver\u00adlas\u00adsen, weil ich ver\u00adfolgt wur\u00adde \u2013 aller\u00addings nicht nur vom Regime, son\u00addern auch von isla\u00admis\u00adti\u00adschen Grup\u00adpen, wie \u00fcbri\u00adgens vie\u00adle ande\u00adre in jener Zeit. Ich woll\u00adte nur weg. Ich ging in die T\u00fcr\u00adkei und ent\u00adschied schnell, \u00fcber die Bal\u00adkan\u00adrou\u00adte wei\u00adter\u00adzu\u00adzie\u00adhen. Mich besorg\u00adten die Pr\u00e4\u00adsenz der Islamist*innen in der T\u00fcr\u00adkei und die geo\u00adgra\u00adfi\u00adsche N\u00e4he zum syri\u00adschen Regime. Das sch\u00fcr\u00adte alte \u00c4ngs\u00adte. Schon in Syri\u00aden hat\u00adte ich huma\u00adni\u00adt\u00e4\u00adre Arbeit geleis\u00adtet, des\u00adhalb fiel mir immer wie\u00adder die Ver\u00adant\u00adwor\u00adtung f\u00fcr gro\u00ad\u00dfe Grup\u00adpen zu. Da ging es teil\u00adwei\u00adse um Leben und Tod, zum Bei\u00adspiel auf der Boots\u00adfahrt von der T\u00fcr\u00adkei nach Griechenland.<\/p>\n<p><strong>Wie ging es dann f\u00fcr dich weiter?<\/strong><\/p>\n<p>Ich hat\u00adte kein Ziel, so wie die meis\u00adten ande\u00adren, die ich unter\u00adwegs traf. Wir lie\u00adfen ein\u00adfach wei\u00adter, wie es gera\u00adde ging, quer durch Euro\u00adpa. Irgend\u00adwann kamen wir in Wien am Bahn\u00adhof an, was mir bis heu\u00adte beson\u00adders in Erin\u00adne\u00adrung geblie\u00adben ist. Zum ers\u00adten Mal sag\u00adte jemand zu uns \u00bbwill\u00adkom\u00admen\u00ab. Ich war zuvor in Ungarn und habe dort die Mas\u00adsen\u00adpro\u00adtes\u00adte vor dem Bahn\u00adhof Kele\u00adti erlebt, wo eini\u00adge Tage sp\u00e4\u00adter der legen\u00add\u00e4\u00adre \u00bbMarch of Hope\u00ab \u00fcber die Auto\u00adbahn Rich\u00adtung \u00f6ster\u00adrei\u00adchi\u00adscher Gren\u00adze auf\u00adbrach. Das Aus\u00adma\u00df der Poli\u00adzei\u00adbru\u00adta\u00adli\u00adt\u00e4t in Ungarn war unglaub\u00adlich. Sie haben uns behan\u00addelt, als k\u00f6nn\u00adten sie mit Gewalt unse\u00adre Exis\u00adtenz unge\u00adsche\u00adhen machen.<\/p>\n<p>In Wien habe ich dann ein Zug\u00adti\u00adcket nach Dort\u00admund bekom\u00admen. Ich hat\u00adte kei\u00adne Ahnung, wo Dort\u00admund liegt, geschwei\u00adge denn, was mich erwar\u00adten w\u00fcr\u00adde. Als ich dort mit\u00adten in der Nacht ankam, f\u00fchl\u00adte ich mich tod\u00adm\u00fc\u00adde. Und ich hat\u00adte zum ers\u00adten Mal Hun\u00adger, nach 45 Tagen, die ich von Syri\u00aden bis nach Deutsch\u00adland unter\u00adwegs war. Weil sonst nichts ge\u00f6ff\u00adnet hat\u00adte, bin ich zu McDo\u00adnalds gegan\u00adgen. Nach dem Essen habe ich eine geraucht und ver\u00adsp\u00fcr\u00adte ein schon fast ver\u00adges\u00adse\u00adnes Gef\u00fchl von Sicher\u00adheit. Da habe ich ent\u00adschie\u00adden, dass ich in Dort\u00admund blei\u00adben wer\u00adde. Ich bin zur Erst\u00adauf\u00adnah\u00adme\u00adein\u00adrich\u00adtung und habe mich regis\u00adtrie\u00adren lassen.<\/p>\n<p><strong>In Syri\u00aden gab es nicht erst seit der Revo\u00adlu\u00adti\u00adon kei\u00adne Sicher\u00adheit f\u00fcr Oppo\u00adsi\u00adtio\u00adnel\u00adle. Doch vie\u00adles ver\u00adsch\u00e4rf\u00adte sich nach 2011. Du warst damals dabei. Wie hast du das erlebt?<\/strong><\/p>\n<p>Ich bin in einer poli\u00adti\u00adschen Fami\u00adlie auf\u00adge\u00adwach\u00adsen. Mein Vater war Jour\u00adna\u00adlist. Zu Hau\u00adse wur\u00adde bei uns \u00fcber alles gespro\u00adchen. Aller\u00addings galt aus Angst um uns ein strik\u00adtes Ver\u00adbot, au\u00dfer\u00adhalb der eige\u00adnen vier W\u00e4n\u00adde \u00fcber Poli\u00adtik zu reden. 2003 gab es ein f\u00fcr mich ein\u00adschnei\u00adden\u00addes Erleb\u00adnis: Mein Cou\u00adsin, der eben\u00adfalls Jour\u00adna\u00adlist war und f\u00fcr eine oppo\u00adsi\u00adtio\u00adnel\u00adle aus\u00adl\u00e4n\u00addi\u00adsche Zei\u00adtung schrieb, wur\u00adde fest\u00adge\u00adnom\u00admen. Mein Vater wur\u00adde als Ver\u00adwand\u00adter eben\u00adfalls sank\u00adtio\u00adniert. Er wur\u00adde vom Dienst sus\u00adpen\u00addiert und hat\u00adte Schreib\u00adver\u00adbot. Nach drei Jah\u00adren wur\u00adde mein Cou\u00adsin dann frei\u00adge\u00adlas\u00adsen \u2013 aus Sedna\u00adya. Ich h\u00f6r\u00adte von ihm die furcht\u00adba\u00adren Geschich\u00adten, die sich dort ereig\u00adne\u00adten. Alle Vor\u00adw\u00fcr\u00adfe gegen ihn wur\u00adden fal\u00adlen\u00adge\u00adlas\u00adsen, das Schreib\u00adver\u00adbot aber blieb bestehen. Er war seit\u00addem arbeits\u00adlos. Die\u00adse Mischung aus unge\u00admei\u00adner Bru\u00adta\u00adli\u00adt\u00e4t und per\u00adfi\u00adder Schi\u00adka\u00adne emp\u00adfand ich als beson\u00adders schrecklich.<\/p>\n<p><strong>2011 ist dann die Wut, die sich auch aus sol\u00adchen Geschich\u00adten speis\u00adte, explodiert.<\/strong><\/p>\n<p>Ich erin\u00adne\u00adre mich noch, dass mein Vater krank war. Ich fuhr von Alep\u00adpo, wo ich damals stu\u00addier\u00adte, nach Damas\u00adkus, um ihn zu besu\u00adchen. Im Kran\u00adken\u00adhaus habe ich besag\u00adten Cou\u00adsin getrof\u00adfen. Es waren jene Tage, in denen in \u00c4gyp\u00adten Muba\u00adrak gest\u00fcrzt wur\u00adde. Ich habe ihn gefragt: \u00bbGlaubst du, bei uns wird etwas \u00c4hn\u00adli\u00adches pas\u00adsie\u00adren?\u00ab Er sag\u00adte: \u00bbIch hof\u00adfe es.\u00ab Als die Revo\u00adlu\u00adti\u00adon dann tat\u00ads\u00e4ch\u00adlich aus\u00adbrach, war ich in Alep\u00adpo und habe an Demos an der Uni teil\u00adge\u00adnom\u00admen. Man ging extrem bru\u00adtal gegen uns vor, nicht nur auf der Stra\u00ad\u00dfe. Die Poli\u00adzei kam jede Nacht in unse\u00adre Studierendenunterkunft.<\/p>\n<blockquote><p>Damals foto\u00adgra\u00adfier\u00adten die Geheim\u00addiens\u00adte die Teilnehmer*innen der Demons\u00adtra\u00adtio\u00adnen, nachts such\u00adten sie nach ihnen in unse\u00adren Betten.<\/p><\/blockquote>\n<p>Damals foto\u00adgra\u00adfier\u00adten die Geheim\u00addiens\u00adte die Teilnehmer*innen der Demons\u00adtra\u00adtio\u00adnen, nachts such\u00adten sie nach ihnen in unse\u00adren Bet\u00adten. Wir wuss\u00adten, dass die\u00adje\u00adni\u00adgen, die sie holen, nicht zur\u00fcck\u00adkom\u00admen w\u00fcr\u00adden. Wir ris\u00adkier\u00adten unser Leben. Trotz\u00addem war ich nicht daf\u00fcr, dass sich die Revo\u00adlu\u00adti\u00adon bewaff\u00adnet. Als der B\u00fcr\u00adger\u00adkrieg 2013 begann, habe ich mich des\u00adhalb in der huma\u00adni\u00adt\u00e4\u00adren Hil\u00adfe enga\u00adgiert, beim syrisch-ara\u00adbi\u00adschen Roten Halb\u00admond. Dort konn\u00adten wir den Men\u00adschen trotz vie\u00adler Ein\u00adschr\u00e4n\u00adkun\u00adgen hel\u00adfen. Wir waren vie\u00adle Oppo\u00adsi\u00adtio\u00adnel\u00adle und haben die Platt\u00adform auch f\u00fcr klan\u00addes\u00adti\u00adne Arbeit genutzt: Men\u00adschen wur\u00adden ver\u00adsteckt, Men\u00adschen\u00adrechts\u00adver\u00adlet\u00adzun\u00adgen dokumentiert.<\/p>\n<p><strong>Die \u00d6ffent\u00adlich\u00adkeit in Deutsch\u00adland r\u00e4t\u00adselt bis heu\u00adte, was 2015 genau geschah. Der Welt-Redak\u00adteur Robin Alex\u00adan\u00adder warf der Bun\u00addes\u00adre\u00adgie\u00adrung damals vor, dass sie eine \u00bbGetrie\u00adbe\u00adne\u00ab der Migra\u00adti\u00adons\u00adbe\u00adwe\u00adgung gewe\u00adsen sei. Wel\u00adchen Ein\u00adfluss oder Nach\u00adhall hat\u00adte die syri\u00adsche Revo\u00adlu\u00adti\u00adon dei\u00adner Mei\u00adnung nach in die\u00adsen Monaten?<\/strong><\/p>\n<p>Ange\u00adla Mer\u00adkel hat im Som\u00admer 2015 den huma\u00adnen Weg gew\u00e4hlt, als sie vor der Ent\u00adschei\u00addung stand, die Gren\u00adzen zu \u00f6ff\u00adnen oder mas\u00adsi\u00adve Gewalt ein\u00adzu\u00adset\u00adzen und Tote zu ris\u00adkie\u00adren. Aber der Druck war gigan\u00adtisch: Die Men\u00adschen haben die Gren\u00adzen ge\u00f6ff\u00adnet \u2013 nicht die Kanz\u00adle\u00adrin. Sie hat es gesche\u00adhen las\u00adsen. Ohne die Erfah\u00adrun\u00adgen der syri\u00adschen Revo\u00adlu\u00adti\u00adon w\u00e4re vie\u00adles so nicht pas\u00adsiert. Alte Struk\u00adtu\u00adren wie Face\u00adbook-Grup\u00adpen wur\u00adden zur Orga\u00adni\u00adsie\u00adrung von Flucht\u00adrou\u00adten genutzt. Der Infor\u00adma\u00adti\u00adons\u00adfluss war enorm, eben\u00adso die F\u00e4hig\u00adkeit, die euro\u00adp\u00e4i\u00adsche \u00d6ffent\u00adlich\u00adkeit anzu\u00adspre\u00adchen. Es ist viel Grenz\u00adge\u00adwalt doku\u00admen\u00adtiert wor\u00adden und immer wuss\u00adten alle, die unter\u00adwegs waren, Bescheid. Wir beweg\u00adten uns auf der Flucht in klei\u00adnen Grup\u00adpen und haben ver\u00adsucht, uns zu war\u00adnen. Es gab also eine Soli\u00adda\u00adri\u00adt\u00e4t aller, die unter\u00adwegs\u00a0waren.<\/p>\n<p><strong>Selbst nach dem Sturz des Assad-Regimes ist die Figur des syri\u00adschen Fl\u00fccht\u00adlings in der deut\u00adschen Debat\u00adte ohne eige\u00adne poli\u00adti\u00adsche Geschich\u00adte.\u00a0Warum?<\/strong><\/p>\n<p>Die Flucht\u00adbe\u00adwe\u00adgung von 2015 war kei\u00adne poli\u00adti\u00adsche Bewe\u00adgung, aber das Gesche\u00adhe\u00adne hat\u00adte eine poli\u00adti\u00adsche Dimen\u00adsi\u00adon. Nat\u00fcr\u00adlich ging es um exis\u00adten\u00adzi\u00adel\u00adle Fra\u00adgen. Eine Boots\u00adfahrt \u00fcber das Meer in einem Schlauch\u00adboot ris\u00adkierst du nicht aus \u00bbpoli\u00adti\u00adschen Gr\u00fcn\u00adden\u00ab, son\u00addern nur, wenn du nichts mehr zu ver\u00adlie\u00adren hast. H\u00e4t\u00adte die inter\u00adna\u00adtio\u00adna\u00adle Gemein\u00adschaft die Bev\u00f6l\u00adke\u00adrung in Syri\u00aden gegen die Assad-Dik\u00adta\u00adtur unter\u00adst\u00fctzt, h\u00e4t\u00adte es anders aus\u00adge\u00adhen k\u00f6n\u00adnen. Es gab also eine inter\u00adna\u00adtio\u00adna\u00adle Ver\u00adant\u00adwor\u00adtung f\u00fcr die Flucht\u00adbe\u00adwe\u00adgun\u00adgen. \u00bbWir haben nichts mehr zu ver\u00adlie\u00adren und k\u00e4mp\u00adfen des\u00adwe\u00adgen wei\u00adter, bis wir irgend\u00adwo sind, wo wir Sicher\u00adheit haben.\u00ab Das war kein poli\u00adti\u00adsches Pro\u00adgramm, aber eine For\u00adde\u00adrung des Moments.<\/p>\n<blockquote><p>Vie\u00adle Men\u00adschen von damals wur\u00adden Freun\u00adde und mit vie\u00adlen habe ich immer noch Kontakt.<\/p><\/blockquote>\n<p><strong>Du hast gesagt, in Wien h\u00e4t\u00adte man zum ers\u00adten Mal \u00bbwill\u00adkom\u00admen\u00ab gesagt. Kur\u00adze Zeit sp\u00e4\u00adter nann\u00adte man das mil\u00adlio\u00adnen\u00adfa\u00adche Enga\u00adge\u00adment Will\u00adkom\u00admens\u00adbe\u00adwe\u00adgung. War sie das wirklich?<\/strong><\/p>\n<p>Ja, das war es tat\u00ads\u00e4ch\u00adlich. Ich habe es genau so erlebt. Es war sch\u00f6n! Ich kam nach der Erst\u00adauf\u00adnah\u00adme in eine Turn\u00adhal\u00adle in Bochum. Es gab Yoga, Deutsch\u00adkur\u00adse, Sinn\u00advol\u00adles und Sinn\u00adlo\u00adses, aus guten und manch\u00admal auch etwas zwie\u00adsp\u00e4l\u00adti\u00adgen Moti\u00adven. Trotz\u00addem: Alle waren von einer per\u00ads\u00f6n\u00adli\u00adchen Moti\u00adva\u00adti\u00adon ange\u00adtrie\u00adben, zu hel\u00adfen. Und die dar\u00adaus ent\u00adstan\u00adde\u00adnen ers\u00adten Begeg\u00adnun\u00adgen waren extrem wich\u00adtig. Die Men\u00adschen hat\u00adten durch\u00adaus \u00c4ngs\u00adte, aber sie haben sie \u00fcber die Begeg\u00adnung abge\u00adbaut. Es ist Ver\u00adtrau\u00aden gewach\u00adsen. Vie\u00adle Men\u00adschen von damals wur\u00adden Freun\u00adde und mit vie\u00adlen habe ich immer noch Kon\u00adtakt. Das gilt sogar f\u00fcr mei\u00adnen dama\u00adli\u00adgen Heim\u00adlei\u00adter. Er ist bis heu\u00adte eine wich\u00adti\u00adge Per\u00adson in mei\u00adnem\u00a0Leben.<\/p>\n<p><strong>Was ist seit\u00addem mit der Will\u00adkom\u00admens\u00adbe\u00adwe\u00adgung und ihren Moti\u00adven pas\u00adsiert? Wie erkl\u00e4rst du dir den Rechts\u00adruck ange\u00adsichts der Erfah\u00adrun\u00adgen von damals?<\/strong><\/p>\n<p>Es ist viel kaputt\u00adge\u00adgan\u00adgen. Vie\u00adle Men\u00adschen woll\u00adten hel\u00adfen, doch der Staat und die \u00f6ffent\u00adli\u00adche B\u00fcro\u00adkra\u00adtie reagier\u00adten viel zu lang\u00adsam und konn\u00adten mit den neu\u00aden Anfor\u00adde\u00adrun\u00adgen, dar\u00adun\u00adter die Ein\u00adbin\u00addung und Unter\u00adst\u00fct\u00adzung der Ehren\u00adamt\u00adli\u00adchen, nicht umge\u00adhen. Noch schwie\u00adri\u00adger war es, die Gefl\u00fcch\u00adte\u00adten als Men\u00adschen mit eige\u00adner Geschich\u00adte anzu\u00adse\u00adhen und nicht als Objek\u00adte der Hil\u00adfe. Als ich in Bochum leb\u00adte, war ich oft bei der Stadt\u00adver\u00adwal\u00adtung und habe mei\u00adne Exper\u00adti\u00adse aus der huma\u00adni\u00adt\u00e4\u00adren Hil\u00adfe in Syri\u00aden angeboten.<\/p>\n<p>Ich wuss\u00adte, wie man gefl\u00fcch\u00adte\u00adte Men\u00adschen unter\u00adbringt und Mas\u00adsen\u00adun\u00adter\u00adk\u00fcnf\u00adte orga\u00adni\u00adsiert. \u00bbDu brauchst selbst Hil\u00adfe, wie kannst du hel\u00adfen?\u00ab Die\u00adser Satz wur\u00adde tat\u00ads\u00e4ch\u00adlich so zu mir gesagt. Selbst vie\u00adle Jah\u00adre sp\u00e4\u00adter kam von \u00f6ffent\u00adli\u00adcher Sei\u00adte so gut wie nichts. Das war 2022, als die Ukrainer*innen kamen, \u00e4hn\u00adlich. Vie\u00adle haben sich irgend\u00adwann erm\u00fc\u00addet zur\u00fcck\u00adge\u00adzo\u00adgen oder nur noch \u00bbpri\u00adva\u00adte\u00ab Soli\u00adda\u00adri\u00adt\u00e4t geleis\u00adtet, also ein\u00adzel\u00adnen Leu\u00adten gehol\u00adfen, die ihnen ans Herz gewach\u00adsen waren. Der deut\u00adsche Staat h\u00e4t\u00adte die\u00adse gro\u00ad\u00dfe Bereit\u00adschaft der Leu\u00adte auf\u00adgrei\u00adfen und die Will\u00adkom\u00admens\u00adkul\u00adtur insti\u00adtu\u00adtio\u00adna\u00adli\u00adsie\u00adren m\u00fcs\u00adsen. Statt\u00addes\u00adsen hat er mit Asyl\u00adpa\u00adke\u00adten reagiert. Man hat migra\u00adti\u00adons\u00adpo\u00adli\u00adtisch gehan\u00addelt, als h\u00e4t\u00adte es die Will\u00adkom\u00admens\u00adbe\u00adwe\u00adgung und die gro\u00ad\u00dfe Soli\u00adda\u00adri\u00adt\u00e4t nicht gege\u00adben. Das war eine gro\u00ad\u00dfe Entmutigung.<\/p>\n<p><strong>Wie hat sich die\u00adse Ent\u00adwick\u00adlung im Umgang mit Men\u00adschen aus Syri\u00aden, die hier leben, niedergeschlagen?<\/strong><\/p>\n<p>Der Ton\u00adfall hat sich radi\u00adkal gewan\u00addelt. 2015 beka\u00admen syri\u00adsche Men\u00adschen einen Fl\u00fccht\u00adlings\u00adsta\u00adtus oder sub\u00adsi\u00addi\u00e4\u00adren Schutz im Schnell\u00adver\u00adfah\u00adren. Sie muss\u00adten kei\u00adne indi\u00advi\u00addu\u00adel\u00adlen Ver\u00adfah\u00adren durch\u00adlau\u00adfen und konn\u00adten des\u00adhalb sehr schnell die Not\u00adun\u00adter\u00adk\u00fcnf\u00adte ver\u00adlas\u00adsen und Fami\u00adli\u00aden\u00adnach\u00adzug bean\u00adtra\u00adgen. Sie konn\u00adten arbei\u00adten oder zun\u00e4chst Hartz IV erhal\u00adten, eine Woh\u00adnung mie\u00adten, die Spra\u00adche ler\u00adnen, ein Leben anfan\u00adgen. Dann wur\u00adden die Schnell\u00adver\u00adfah\u00adren gestoppt und man wech\u00adsel\u00adte zu indi\u00advi\u00addu\u00adel\u00adlen Ver\u00adfah\u00adren. Das brach\u00adte dann, wie in Deutsch\u00adland \u00fcblich, enor\u00adme Zeit\u00adver\u00adz\u00f6\u00adge\u00adrung mit sich. Auch ich habe fast zwei Jah\u00adre gebraucht, bis ich eine Auf\u00adent\u00adhalts\u00ader\u00adlaub\u00adnis\u00a0hatte.<\/p>\n<p><strong>War\u00adum das\u00a0alles?<\/strong><\/p>\n<p>Der Umgang mit uns war mei\u00adner Mei\u00adnung nach ein Signal nach au\u00dfen: Man hat uns hier schi\u00adka\u00adniert, damit nicht wei\u00adte\u00adre Leu\u00adte nach\u00adkom\u00admen. Das soll\u00adte sich her\u00adum\u00adspre\u00adchen. Die Leu\u00adte soll\u00adten in der T\u00fcr\u00adkei und im Liba\u00adnon blei\u00adben. Schnell hat man auch asyl\u00adpo\u00adli\u00adtisch auf\u00adge\u00adr\u00fcs\u00adtet: der EU-T\u00fcr\u00adkei-Deal auf euro\u00adp\u00e4i\u00adscher Ebe\u00adne, in Deutsch\u00adland dann die Aus\u00adset\u00adzung von Fami\u00adli\u00aden\u00adnach\u00adzug f\u00fcr zwei Jah\u00adre bei allen Men\u00adschen mit sub\u00adsi\u00addi\u00e4\u00adrem Schutz. F\u00fcr vie\u00adle war das dop\u00adpelt schlimm, ich habe damals sehr oft den Satz geh\u00f6rt \u00bbIch bin doch f\u00fcr mei\u00adne Fami\u00adlie nach Deutsch\u00adland gekommen.\u00ab<\/p>\n<p><strong>Du woll\u00adtest auch wegen sol\u00adcher Erfah\u00adrung in die Politik.<\/strong><\/p>\n<p>2016 habe ich \u00bbRefu\u00adgee strike Bochum\u00ab mit\u00adge\u00adgr\u00fcn\u00addet. Wir haben auf kom\u00admu\u00adna\u00adler Ebe\u00adne ver\u00adsucht, etwas an unse\u00adrer Situa\u00adti\u00adon zu \u00e4ndern und Streiks orga\u00adni\u00adsiert. Fr\u00fch haben wir aller\u00addings gemerkt, dass die Bun\u00addes\u00adge\u00adset\u00adze ent\u00adschei\u00addend sind. Dann fing 2018 die Debat\u00adte \u00fcber See\u00adnot\u00adret\u00adtung an, nach\u00addem das Ret\u00adtungs\u00adschiff Life\u00adline mit 234 geret\u00adte\u00adten Men\u00adschen an Bord tage\u00adlang am Ein\u00adlau\u00adfen in einen Hafen gehin\u00addert wor\u00adden war. Ich wur\u00adde aktiv im bun\u00addes\u00adwei\u00adten Koor\u00addi\u00adnie\u00adrungs\u00adkreis der Bewe\u00adgung See\u00adbr\u00fc\u00adcke. Wir adres\u00adsier\u00adten die Kom\u00admu\u00adnen, denn sie neh\u00admen die Men\u00adschen auf, und die Bun\u00addes\u00adre\u00adgie\u00adrung, die Bun\u00addes\u00adge\u00adset\u00adze h\u00e4t\u00adte \u00e4ndern m\u00fcs\u00adsen, um die Auf\u00adnah\u00adme zu erleich\u00adtern. Ich habe begon\u00adnen, in Ber\u00adlin daf\u00fcr zu wer\u00adben, und Gespr\u00e4\u00adche mit Abge\u00adord\u00adne\u00adten gef\u00fchrt. Dabei habe ich fest\u00adge\u00adstellt, dass es im Bun\u00addes\u00adtag \u00fcber\u00adhaupt kei\u00adne Idee gab, was es hei\u00dft, auf der Flucht zu sein. Die, die von Inte\u00adgra\u00adti\u00adon rede\u00adten, waren noch nie in einer Unter\u00adkunft. Das war unge\u00admein frus\u00adtrie\u00adrend. Des\u00adhalb ent\u00adschied ich mich, f\u00fcr den Bun\u00addes\u00adtag zu kandidieren.<\/p>\n<blockquote><p>Ich woll\u00adte etwas ver\u00ad\u00e4n\u00addern und damit Deutsch\u00adland auch etwas zur\u00fcck\u00adge\u00adben. Die\u00adses Land war aber nicht bereit f\u00fcr eine Kan\u00addi\u00adda\u00adtur von Men\u00adschen wie\u00a0mir.<\/p><\/blockquote>\n<p><strong>War\u00adum hast du die Bun\u00addes\u00adtags-Kan\u00addi\u00adda\u00adtur zur\u00fcckgezogen?<\/strong><\/p>\n<p>Mei\u00adne Kan\u00addi\u00adda\u00adtur erreich\u00adte eine enor\u00adme Reich\u00adwei\u00adte. Es gab viel Zuspruch, aber dann auch zuneh\u00admend Dro\u00adhun\u00adgen, Belei\u00addi\u00adgun\u00adgen und ras\u00adsis\u00adti\u00adsche Anfein\u00addun\u00adgen. Ich bekam teil\u00adwei\u00adse hun\u00addert Mord\u00addro\u00adhun\u00adgen am Tag. Da ich kein Amt hat\u00adte, gab es auch kei\u00adnen Per\u00adso\u00adnen\u00adschutz. Ich woll\u00adte etwas ver\u00ad\u00e4n\u00addern und damit Deutsch\u00adland auch etwas zur\u00fcck\u00adge\u00adben. Die\u00adses Land war aber nicht bereit f\u00fcr eine Kan\u00addi\u00adda\u00adtur von Men\u00adschen wie\u00a0mir.<\/p>\n<p><strong>Wur\u00adden die Syrer*innen dei\u00adner Mei\u00adnung nach zu sehr als Hilfs\u00ademp\u00adf\u00e4n\u00adger betrach\u00adtet und ihre poli\u00adti\u00adsche Geschich\u00adte nicht wirk\u00adlich gesehen?<\/strong><\/p>\n<p>Ja. Mich hat genau das immer ange\u00adtrie\u00adben. Ich habe aber heu\u00adte durch\u00adaus Hoff\u00adnung, dass sich das ver\u00ad\u00e4n\u00addern wird. Denn in den ers\u00adten Jah\u00adren waren die Syrer*innen damit besch\u00e4f\u00adtigt, sich ihr Leben hier auf\u00adzu\u00adbau\u00aden, die Spra\u00adche zu ler\u00adnen, die Schi\u00adka\u00adnen aus\u00adzu\u00adhal\u00adten und, soweit m\u00f6g\u00adlich, ihre Fami\u00adli\u00aden nach\u00adzu\u00adho\u00adlen. Aber vie\u00adle Men\u00adschen sind durch und durch poli\u00adtisch. Sie haben eine Revo\u00adlu\u00adti\u00adon ange\u00adfan\u00adgen und dahin\u00adter gibt es bio\u00adgra\u00adfisch kein Zur\u00fcck. Sie begin\u00adnen nach und nach, wie\u00adder akti\u00adver zu wer\u00adden. Das Erd\u00adbe\u00adben 2022 hat das noch ver\u00adst\u00e4rkt. Es gibt zahl\u00adlo\u00adse Exil-Initia\u00adti\u00adven, die sich poli\u00adtisch f\u00fcr Syri\u00aden engagieren.<\/p>\n<p><strong>Wie hat sich f\u00fcr dich der Fall des Regimes im letz\u00adten Jahr ange\u00adf\u00fchlt? Und wie war es, nach der lan\u00adgen Zeit wie\u00adder nach Damas\u00adkus zu reisen?<\/strong><\/p>\n<p>Ich habe drei Tage nicht geschla\u00adfen, weil ich den Moment, in dem der Sturz bekannt\u00adge\u00adge\u00adben wur\u00adde, nicht ver\u00adpas\u00adsen woll\u00adte! Ich habe mein gan\u00adzes Leben davon getr\u00e4umt. Das emo\u00adtio\u00adnals\u00adte Moment war f\u00fcr mich aller\u00addings der Sturz der Assad-Sta\u00adtue in mei\u00adnem Geburts\u00adort. Das war am Tag vor dem Ende des Regimes. Die Sta\u00adtue stand dort schon, als ich gebo\u00adren wur\u00adde. Scha\u00adde nur, dass ich nicht dabei sein konn\u00adte. Kurz dar\u00adauf bin ich aller\u00addings nach Damas\u00adkus geflo\u00adgen. Nach zehn Jah\u00adren wie\u00adder zur\u00fcck\u00adzu\u00adkeh\u00adren und zu sehen, wie es der Fami\u00adlie geht, was die Men\u00adschen machen, wer noch lebt, das war unglaublich.<\/p>\n<p><strong>Am Tag nach dem Sturz des Regimes begann in Deutsch\u00adland bereits eine R\u00fcck\u00adkehr- und Abschie\u00adbe\u00adde\u00adbat\u00adte. Wie rea\u00adlis\u00adtisch ist sie dei\u00adner Mei\u00adnung\u00a0nach?<\/strong><\/p>\n<p>Gemes\u00adsen an dem, was ich fr\u00fc\u00adher und jetzt in Syri\u00aden erlebt habe, ist die R\u00fcck\u00adkehr\u00adde\u00adbat\u00adte rea\u00adli\u00adt\u00e4ts\u00adfern \u2013 nicht nur wegen der aktu\u00adel\u00adlen Lage in Syri\u00aden selbst, die huma\u00adni\u00adt\u00e4r und sozi\u00adal immer noch ver\u00adhee\u00adrend ist. Aktu\u00adell w\u00fcr\u00adde auch kein deut\u00adsches Gericht Abschie\u00adbun\u00adgen erlau\u00adben. Es zeigt sich erneut, dass der Popu\u00adlis\u00admus die Migra\u00adti\u00adons\u00adde\u00adbat\u00adte bestimmt. Vie\u00adle Syrer*innen haben in den letz\u00adten Jah\u00adren ver\u00adsucht, hier anzu\u00adkom\u00admen und auch tat\u00ads\u00e4ch\u00adlich dazu\u00adzu\u00adge\u00adh\u00f6\u00adren. Dass man am ers\u00adten Tag des neu\u00aden Syri\u00adens nur dar\u00ad\u00fcber spricht, ob und wie man sie schnell wie\u00adder los\u00adwer\u00adden kann, ist menschenverachtend.<\/p>\n<p><strong>Was soll\u00adte in Deutsch\u00adland dei\u00adner Mei\u00adnung nach jetzt passieren?<\/strong><\/p>\n<p>Anstatt sinn\u00adlo\u00adse R\u00fcck\u00adkehr\u00adde\u00adbat\u00adten zu f\u00fch\u00adren, h\u00e4t\u00adte die Bun\u00addes\u00adre\u00adgie\u00adrung eine gro\u00ad\u00dfe Exil-Kon\u00adfe\u00adrenz orga\u00adni\u00adsie\u00adren k\u00f6n\u00adnen. Aber es wird wei\u00adter\u00adhin nicht mit uns gespro\u00adchen, obwohl es in Deutsch\u00adland die gr\u00f6\u00df\u00adte syri\u00adsche Exil-Com\u00admu\u00adni\u00adty Euro\u00adpas gibt. Sie soll\u00adte an den Ver\u00adhand\u00adlun\u00adgen auch mit der \u00dcber\u00adgangs\u00adre\u00adgie\u00adrung betei\u00adligt wer\u00adden. Sie repr\u00e4\u00adsen\u00adtiert sowohl einen bedeu\u00adten\u00adden Teil der deut\u00adschen wie der syri\u00adschen Bev\u00f6lkerung.<\/p>\n","protected":false},"excerpt":{"rendered":"<p>Tareq Alaows, fl\u00fcchtlingspolitischer Sprecher von PRO ASYL und syrisch-deutscher Aktivist, kam im Sommer 2015 nach Deutschland. Mario Neumann von Medico sprach mit ihm \u00fcber ein Leben zwischen syrischer Revolution, deutscher Migrationspolitik und wie er die Solidarit\u00e4t der deutschen Zivilgesellschaft gegen\u00fcber&hellip;<\/p>\n","protected":false},"author":1411,"featured_media":2634158,"comment_status":"closed","ping_status":"closed","sticky":false,"template":"","format":"standard","meta":{"footnotes":""},"categories":[9150,54569],"tags":[9182,29732,10658,18395,9837],"class_list":["post-2634156","post","type-post","status-publish","format-standard","has-post-thumbnail","hentry","category-europa-de","category-migration","tag-deutschland","tag-gefluechtete","tag-migrationspolitik","tag-solidaritat","tag-syrien"],"yoast_head":"<!-- This site is optimized with the Yoast SEO plugin v27.1.1 - https:\/\/yoast.com\/product\/yoast-seo-wordpress\/ -->\n<title>Solidarit\u00e4t unter allen, die unterwegs waren<\/title>\n<meta name=\"description\" content=\"Tareq Alaows, fl\u00fcchtlingspolitischer Sprecher von PRO ASYL und syrisch-deutscher Aktivist, kam im Sommer 2015 nach Deutschland. Mario Neumann von Medico\" \/>\n<meta name=\"robots\" content=\"index, follow, max-snippet:-1, max-image-preview:large, max-video-preview:-1\" \/>\n<link rel=\"canonical\" href=\"https:\/\/www.pressenza.com\/de\/2025\/09\/solidaritaet-unter-allen-die-unterwegs-waren\/\" \/>\n<meta property=\"og:locale\" content=\"de_DE\" \/>\n<meta property=\"og:type\" content=\"article\" \/>\n<meta property=\"og:title\" content=\"Solidarit\u00e4t unter allen, die unterwegs waren\" \/>\n<meta property=\"og:description\" content=\"Tareq Alaows, fl\u00fcchtlingspolitischer Sprecher von PRO ASYL und syrisch-deutscher Aktivist, kam im Sommer 2015 nach Deutschland. Mario Neumann von Medico\" \/>\n<meta property=\"og:url\" content=\"https:\/\/www.pressenza.com\/de\/2025\/09\/solidaritaet-unter-allen-die-unterwegs-waren\/\" \/>\n<meta property=\"og:site_name\" content=\"Pressenza\" \/>\n<meta property=\"article:publisher\" content=\"https:\/\/www.facebook.com\/PressenzaItalia\" \/>\n<meta property=\"article:published_time\" content=\"2025-09-09T13:25:38+00:00\" \/>\n<meta property=\"og:image\" content=\"https:\/\/www.pressenza.com\/wp-content\/uploads\/2025\/09\/tareq_page.jpg\" \/>\n\t<meta property=\"og:image:width\" content=\"820\" \/>\n\t<meta property=\"og:image:height\" content=\"520\" \/>\n\t<meta property=\"og:image:type\" content=\"image\/jpeg\" \/>\n<meta name=\"author\" content=\"Pro Asyl\" \/>\n<meta name=\"twitter:card\" content=\"summary_large_image\" \/>\n<meta name=\"twitter:creator\" content=\"@PressenzaIPA\" \/>\n<meta name=\"twitter:site\" content=\"@PressenzaIPA\" \/>\n<meta name=\"twitter:label1\" content=\"Verfasst von\" \/>\n\t<meta name=\"twitter:data1\" content=\"Pro Asyl\" \/>\n\t<meta name=\"twitter:label2\" content=\"Gesch\u00e4tzte Lesezeit\" \/>\n\t<meta name=\"twitter:data2\" content=\"13\u00a0Minuten\" \/>\n<script type=\"application\/ld+json\" class=\"yoast-schema-graph\">{\"@context\":\"https:\/\/schema.org\",\"@graph\":[{\"@type\":\"Article\",\"@id\":\"https:\/\/www.pressenza.com\/de\/2025\/09\/solidaritaet-unter-allen-die-unterwegs-waren\/#article\",\"isPartOf\":{\"@id\":\"https:\/\/www.pressenza.com\/de\/2025\/09\/solidaritaet-unter-allen-die-unterwegs-waren\/\"},\"author\":{\"name\":\"Pro Asyl\",\"@id\":\"https:\/\/www.pressenza.com\/de\/#\/schema\/person\/2a2e2e83a39e4cf3cf67ecb1e0760b14\"},\"headline\":\"Solidarit\u00e4t unter allen, die unterwegs waren\",\"datePublished\":\"2025-09-09T13:25:38+00:00\",\"mainEntityOfPage\":{\"@id\":\"https:\/\/www.pressenza.com\/de\/2025\/09\/solidaritaet-unter-allen-die-unterwegs-waren\/\"},\"wordCount\":3604,\"publisher\":{\"@id\":\"https:\/\/www.pressenza.com\/de\/#organization\"},\"image\":{\"@id\":\"https:\/\/www.pressenza.com\/de\/2025\/09\/solidaritaet-unter-allen-die-unterwegs-waren\/#primaryimage\"},\"thumbnailUrl\":\"https:\/\/www.pressenza.com\/wp-content\/uploads\/2025\/09\/tareq_page.jpg\",\"keywords\":[\"Deutschland\",\"Gefl\u00fcchtete\",\"Migrationspolitik\",\"Solidarit\u00e4t\",\"Syrien\"],\"articleSection\":[\"Europa\",\"Migration\"],\"inLanguage\":\"de\"},{\"@type\":\"WebPage\",\"@id\":\"https:\/\/www.pressenza.com\/de\/2025\/09\/solidaritaet-unter-allen-die-unterwegs-waren\/\",\"url\":\"https:\/\/www.pressenza.com\/de\/2025\/09\/solidaritaet-unter-allen-die-unterwegs-waren\/\",\"name\":\"Solidarit\u00e4t unter allen, die unterwegs waren\",\"isPartOf\":{\"@id\":\"https:\/\/www.pressenza.com\/de\/#website\"},\"primaryImageOfPage\":{\"@id\":\"https:\/\/www.pressenza.com\/de\/2025\/09\/solidaritaet-unter-allen-die-unterwegs-waren\/#primaryimage\"},\"image\":{\"@id\":\"https:\/\/www.pressenza.com\/de\/2025\/09\/solidaritaet-unter-allen-die-unterwegs-waren\/#primaryimage\"},\"thumbnailUrl\":\"https:\/\/www.pressenza.com\/wp-content\/uploads\/2025\/09\/tareq_page.jpg\",\"datePublished\":\"2025-09-09T13:25:38+00:00\",\"description\":\"Tareq Alaows, fl\u00fcchtlingspolitischer Sprecher von PRO ASYL und syrisch-deutscher Aktivist, kam im Sommer 2015 nach Deutschland. Mario Neumann von Medico\",\"breadcrumb\":{\"@id\":\"https:\/\/www.pressenza.com\/de\/2025\/09\/solidaritaet-unter-allen-die-unterwegs-waren\/#breadcrumb\"},\"inLanguage\":\"de\",\"potentialAction\":[{\"@type\":\"ReadAction\",\"target\":[\"https:\/\/www.pressenza.com\/de\/2025\/09\/solidaritaet-unter-allen-die-unterwegs-waren\/\"]}]},{\"@type\":\"ImageObject\",\"inLanguage\":\"de\",\"@id\":\"https:\/\/www.pressenza.com\/de\/2025\/09\/solidaritaet-unter-allen-die-unterwegs-waren\/#primaryimage\",\"url\":\"https:\/\/www.pressenza.com\/wp-content\/uploads\/2025\/09\/tareq_page.jpg\",\"contentUrl\":\"https:\/\/www.pressenza.com\/wp-content\/uploads\/2025\/09\/tareq_page.jpg\",\"width\":820,\"height\":520,\"caption\":\"(Foto: Jonas Bickmann \/ PRO ASYL)\"},{\"@type\":\"BreadcrumbList\",\"@id\":\"https:\/\/www.pressenza.com\/de\/2025\/09\/solidaritaet-unter-allen-die-unterwegs-waren\/#breadcrumb\",\"itemListElement\":[{\"@type\":\"ListItem\",\"position\":1,\"name\":\"Accueil\",\"item\":\"https:\/\/www.pressenza.com\/de\/\"},{\"@type\":\"ListItem\",\"position\":2,\"name\":\"Solidarit\u00e4t unter allen, die unterwegs waren\"}]},{\"@type\":\"WebSite\",\"@id\":\"https:\/\/www.pressenza.com\/de\/#website\",\"url\":\"https:\/\/www.pressenza.com\/de\/\",\"name\":\"Pressenza\",\"description\":\"International Press Agency\",\"publisher\":{\"@id\":\"https:\/\/www.pressenza.com\/de\/#organization\"},\"potentialAction\":[{\"@type\":\"SearchAction\",\"target\":{\"@type\":\"EntryPoint\",\"urlTemplate\":\"https:\/\/www.pressenza.com\/de\/?s={search_term_string}\"},\"query-input\":{\"@type\":\"PropertyValueSpecification\",\"valueRequired\":true,\"valueName\":\"search_term_string\"}}],\"inLanguage\":\"de\"},{\"@type\":\"Organization\",\"@id\":\"https:\/\/www.pressenza.com\/de\/#organization\",\"name\":\"Pressenza\",\"url\":\"https:\/\/www.pressenza.com\/de\/\",\"logo\":{\"@type\":\"ImageObject\",\"inLanguage\":\"de\",\"@id\":\"https:\/\/www.pressenza.com\/de\/#\/schema\/logo\/image\/\",\"url\":\"https:\/\/www.pressenza.com\/wp-content\/uploads\/2022\/10\/pressenza_logo_200x200.jpg\",\"contentUrl\":\"https:\/\/www.pressenza.com\/wp-content\/uploads\/2022\/10\/pressenza_logo_200x200.jpg\",\"width\":200,\"height\":200,\"caption\":\"Pressenza\"},\"image\":{\"@id\":\"https:\/\/www.pressenza.com\/de\/#\/schema\/logo\/image\/\"},\"sameAs\":[\"https:\/\/www.facebook.com\/PressenzaItalia\",\"https:\/\/x.com\/PressenzaIPA\"]},{\"@type\":\"Person\",\"@id\":\"https:\/\/www.pressenza.com\/de\/#\/schema\/person\/2a2e2e83a39e4cf3cf67ecb1e0760b14\",\"name\":\"Pro Asyl\",\"description\":\"Ist die selbstbestimmte und unabh\u00e4ngige Stimme f\u00fcr die Menschenrechte und den Schutz von Fl\u00fcchtlingen in Deutschland und Europa. Es ist ein Verein dessen Arbeit durch Mitgliedsbeitr\u00e4ge, Spenden und Stiftungszuwendungen finanziert wird.\",\"sameAs\":[\"https:\/\/www.proasyl.de\"],\"url\":\"https:\/\/www.pressenza.com\/de\/author\/pro-asyl\/\"}]}<\/script>\n<!-- \/ Yoast SEO plugin. -->","yoast_head_json":{"title":"Solidarit\u00e4t unter allen, die unterwegs waren","description":"Tareq Alaows, fl\u00fcchtlingspolitischer Sprecher von PRO ASYL und syrisch-deutscher Aktivist, kam im Sommer 2015 nach Deutschland. Mario Neumann von Medico","robots":{"index":"index","follow":"follow","max-snippet":"max-snippet:-1","max-image-preview":"max-image-preview:large","max-video-preview":"max-video-preview:-1"},"canonical":"https:\/\/www.pressenza.com\/de\/2025\/09\/solidaritaet-unter-allen-die-unterwegs-waren\/","og_locale":"de_DE","og_type":"article","og_title":"Solidarit\u00e4t unter allen, die unterwegs waren","og_description":"Tareq Alaows, fl\u00fcchtlingspolitischer Sprecher von PRO ASYL und syrisch-deutscher Aktivist, kam im Sommer 2015 nach Deutschland. Mario Neumann von Medico","og_url":"https:\/\/www.pressenza.com\/de\/2025\/09\/solidaritaet-unter-allen-die-unterwegs-waren\/","og_site_name":"Pressenza","article_publisher":"https:\/\/www.facebook.com\/PressenzaItalia","article_published_time":"2025-09-09T13:25:38+00:00","og_image":[{"width":820,"height":520,"url":"https:\/\/www.pressenza.com\/wp-content\/uploads\/2025\/09\/tareq_page.jpg","type":"image\/jpeg"}],"author":"Pro Asyl","twitter_card":"summary_large_image","twitter_creator":"@PressenzaIPA","twitter_site":"@PressenzaIPA","twitter_misc":{"Verfasst von":"Pro Asyl","Gesch\u00e4tzte Lesezeit":"13\u00a0Minuten"},"schema":{"@context":"https:\/\/schema.org","@graph":[{"@type":"Article","@id":"https:\/\/www.pressenza.com\/de\/2025\/09\/solidaritaet-unter-allen-die-unterwegs-waren\/#article","isPartOf":{"@id":"https:\/\/www.pressenza.com\/de\/2025\/09\/solidaritaet-unter-allen-die-unterwegs-waren\/"},"author":{"name":"Pro Asyl","@id":"https:\/\/www.pressenza.com\/de\/#\/schema\/person\/2a2e2e83a39e4cf3cf67ecb1e0760b14"},"headline":"Solidarit\u00e4t unter allen, die unterwegs waren","datePublished":"2025-09-09T13:25:38+00:00","mainEntityOfPage":{"@id":"https:\/\/www.pressenza.com\/de\/2025\/09\/solidaritaet-unter-allen-die-unterwegs-waren\/"},"wordCount":3604,"publisher":{"@id":"https:\/\/www.pressenza.com\/de\/#organization"},"image":{"@id":"https:\/\/www.pressenza.com\/de\/2025\/09\/solidaritaet-unter-allen-die-unterwegs-waren\/#primaryimage"},"thumbnailUrl":"https:\/\/www.pressenza.com\/wp-content\/uploads\/2025\/09\/tareq_page.jpg","keywords":["Deutschland","Gefl\u00fcchtete","Migrationspolitik","Solidarit\u00e4t","Syrien"],"articleSection":["Europa","Migration"],"inLanguage":"de"},{"@type":"WebPage","@id":"https:\/\/www.pressenza.com\/de\/2025\/09\/solidaritaet-unter-allen-die-unterwegs-waren\/","url":"https:\/\/www.pressenza.com\/de\/2025\/09\/solidaritaet-unter-allen-die-unterwegs-waren\/","name":"Solidarit\u00e4t unter allen, die unterwegs waren","isPartOf":{"@id":"https:\/\/www.pressenza.com\/de\/#website"},"primaryImageOfPage":{"@id":"https:\/\/www.pressenza.com\/de\/2025\/09\/solidaritaet-unter-allen-die-unterwegs-waren\/#primaryimage"},"image":{"@id":"https:\/\/www.pressenza.com\/de\/2025\/09\/solidaritaet-unter-allen-die-unterwegs-waren\/#primaryimage"},"thumbnailUrl":"https:\/\/www.pressenza.com\/wp-content\/uploads\/2025\/09\/tareq_page.jpg","datePublished":"2025-09-09T13:25:38+00:00","description":"Tareq Alaows, fl\u00fcchtlingspolitischer Sprecher von PRO ASYL und syrisch-deutscher Aktivist, kam im Sommer 2015 nach Deutschland. Mario Neumann von Medico","breadcrumb":{"@id":"https:\/\/www.pressenza.com\/de\/2025\/09\/solidaritaet-unter-allen-die-unterwegs-waren\/#breadcrumb"},"inLanguage":"de","potentialAction":[{"@type":"ReadAction","target":["https:\/\/www.pressenza.com\/de\/2025\/09\/solidaritaet-unter-allen-die-unterwegs-waren\/"]}]},{"@type":"ImageObject","inLanguage":"de","@id":"https:\/\/www.pressenza.com\/de\/2025\/09\/solidaritaet-unter-allen-die-unterwegs-waren\/#primaryimage","url":"https:\/\/www.pressenza.com\/wp-content\/uploads\/2025\/09\/tareq_page.jpg","contentUrl":"https:\/\/www.pressenza.com\/wp-content\/uploads\/2025\/09\/tareq_page.jpg","width":820,"height":520,"caption":"(Foto: Jonas Bickmann \/ PRO ASYL)"},{"@type":"BreadcrumbList","@id":"https:\/\/www.pressenza.com\/de\/2025\/09\/solidaritaet-unter-allen-die-unterwegs-waren\/#breadcrumb","itemListElement":[{"@type":"ListItem","position":1,"name":"Accueil","item":"https:\/\/www.pressenza.com\/de\/"},{"@type":"ListItem","position":2,"name":"Solidarit\u00e4t unter allen, die unterwegs waren"}]},{"@type":"WebSite","@id":"https:\/\/www.pressenza.com\/de\/#website","url":"https:\/\/www.pressenza.com\/de\/","name":"Pressenza","description":"International Press Agency","publisher":{"@id":"https:\/\/www.pressenza.com\/de\/#organization"},"potentialAction":[{"@type":"SearchAction","target":{"@type":"EntryPoint","urlTemplate":"https:\/\/www.pressenza.com\/de\/?s={search_term_string}"},"query-input":{"@type":"PropertyValueSpecification","valueRequired":true,"valueName":"search_term_string"}}],"inLanguage":"de"},{"@type":"Organization","@id":"https:\/\/www.pressenza.com\/de\/#organization","name":"Pressenza","url":"https:\/\/www.pressenza.com\/de\/","logo":{"@type":"ImageObject","inLanguage":"de","@id":"https:\/\/www.pressenza.com\/de\/#\/schema\/logo\/image\/","url":"https:\/\/www.pressenza.com\/wp-content\/uploads\/2022\/10\/pressenza_logo_200x200.jpg","contentUrl":"https:\/\/www.pressenza.com\/wp-content\/uploads\/2022\/10\/pressenza_logo_200x200.jpg","width":200,"height":200,"caption":"Pressenza"},"image":{"@id":"https:\/\/www.pressenza.com\/de\/#\/schema\/logo\/image\/"},"sameAs":["https:\/\/www.facebook.com\/PressenzaItalia","https:\/\/x.com\/PressenzaIPA"]},{"@type":"Person","@id":"https:\/\/www.pressenza.com\/de\/#\/schema\/person\/2a2e2e83a39e4cf3cf67ecb1e0760b14","name":"Pro Asyl","description":"Ist die selbstbestimmte und unabh\u00e4ngige Stimme f\u00fcr die Menschenrechte und den Schutz von Fl\u00fcchtlingen in Deutschland und Europa. Es ist ein Verein dessen Arbeit durch Mitgliedsbeitr\u00e4ge, Spenden und Stiftungszuwendungen finanziert wird.","sameAs":["https:\/\/www.proasyl.de"],"url":"https:\/\/www.pressenza.com\/de\/author\/pro-asyl\/"}]}},"place":"Sommer der Solidarit\u00e4t","original_article_url":"https:\/\/www.proasyl.de\/news\/solidaritaet-unter-allen-die-unterwegs-waren\/","_links":{"self":[{"href":"https:\/\/www.pressenza.com\/de\/wp-json\/wp\/v2\/posts\/2634156","targetHints":{"allow":["GET"]}}],"collection":[{"href":"https:\/\/www.pressenza.com\/de\/wp-json\/wp\/v2\/posts"}],"about":[{"href":"https:\/\/www.pressenza.com\/de\/wp-json\/wp\/v2\/types\/post"}],"author":[{"embeddable":true,"href":"https:\/\/www.pressenza.com\/de\/wp-json\/wp\/v2\/users\/1411"}],"replies":[{"embeddable":true,"href":"https:\/\/www.pressenza.com\/de\/wp-json\/wp\/v2\/comments?post=2634156"}],"version-history":[{"count":2,"href":"https:\/\/www.pressenza.com\/de\/wp-json\/wp\/v2\/posts\/2634156\/revisions"}],"predecessor-version":[{"id":2634161,"href":"https:\/\/www.pressenza.com\/de\/wp-json\/wp\/v2\/posts\/2634156\/revisions\/2634161"}],"wp:featuredmedia":[{"embeddable":true,"href":"https:\/\/www.pressenza.com\/de\/wp-json\/wp\/v2\/media\/2634158"}],"wp:attachment":[{"href":"https:\/\/www.pressenza.com\/de\/wp-json\/wp\/v2\/media?parent=2634156"}],"wp:term":[{"taxonomy":"category","embeddable":true,"href":"https:\/\/www.pressenza.com\/de\/wp-json\/wp\/v2\/categories?post=2634156"},{"taxonomy":"post_tag","embeddable":true,"href":"https:\/\/www.pressenza.com\/de\/wp-json\/wp\/v2\/tags?post=2634156"}],"curies":[{"name":"wp","href":"https:\/\/api.w.org\/{rel}","templated":true}]}}