{"id":2633361,"date":"2025-09-06T09:19:36","date_gmt":"2025-09-06T08:19:36","guid":{"rendered":"https:\/\/www.pressenza.com\/?p=2633361"},"modified":"2025-09-07T16:43:12","modified_gmt":"2025-09-07T15:43:12","slug":"eine-globale-bewegung-schenkt-uns-eine-neue-vision-logbuch-der-global-sumud-flottilla","status":"publish","type":"post","link":"https:\/\/www.pressenza.com\/de\/2025\/09\/eine-globale-bewegung-schenkt-uns-eine-neue-vision-logbuch-der-global-sumud-flottilla\/","title":{"rendered":"Eine globale Bewegung schenkt uns eine neue Vision &#8211; Logbuch der Global-Sumud-Flottilla"},"content":{"rendered":"<p><strong>Gestern war ein reger Tag, an dem wir weiter daran arbeiteten, die Boote vorzubereiten und die wesentliche Ausr\u00fcstung zu verstauen: Sicherheitsleinen, mit denen wir uns befestigen konnten, um zu verhindern, dass wir w\u00e4hrend der Nachtschichten ins Meer fallen. Wir mussten auch die Wassertanks reinigen und die Komb\u00fcse vorbereiten, d. h. die Lebensmittel, die wir f\u00fcr mindestens zehn Tage an Bord mitnehmen werden. All diese Dinge wurden in wenigen Tagen erledigt, obwohl das normalerweise viel l\u00e4nger dauert.<\/strong><\/p>\n<p>Gestern gab es sowohl in Catania als auch in Ragusa sehr gro\u00dfe Demonstrationen \u2013 in Catania waren 15.000 Menschen auf der Stra\u00dfe. Erfahrene Aktivisten, mit denen ich sprach, sagten mir, dass eine so gro\u00dfe Demonstration schon lange nicht mehr stattgefunden habe, und vor allem keine, die sich so stark mit Pal\u00e4stina befasst habe. Es gab viele Gruppen, die sangen, und es gab Online-Verbindungen. Unter anderem teilte uns der j\u00fcdischst\u00e4mmige italienische Schauspieler Moni Ovadia mit, dass er sich gefreut h\u00e4tte, an Bord zu kommen, aber angesichts seines Alters darauf verzichten m\u00fcsse. Er werde jedoch vom Aufwachen bis zum Schlafengehen an uns denken. In einer Verbindung mit Genua konnten wir die Solidarit\u00e4t der Hafenarbeiter sp\u00fcren. Au\u00dferdem wurde angek\u00fcndigt, dass die folgenden Personen mit uns nach Gaza reisen werden: die Europaabgeordneten Benedetta Scuderi (Alleanza Verdi Sinistra) und Annalisa Corrado (Partito Democratico, PD), der Abgeordnete Arturo Scotto (PD) sowie der Senator Marco Croatti (F\u00fcnf-Sterne-Bewegung).<\/p>\n<p>Giuseppe Conte, Pr\u00e4sident der F\u00fcnf-Sterne-Bewegung, und Elly Schlein, Sekret\u00e4rin der PD, haben Pr\u00e4sidentin Meloni darum gebeten, diplomatischen Schutz f\u00fcr die M\u00e4nner und Frauen der Flottille zu gew\u00e4hren, so wie es die spanische Regierung f\u00fcr ihre Staatsangeh\u00f6rigen getan hat.<\/p>\n<p>Als ich an der Demonstration teilnahm, mit Menschen sprach und die Mainstream-Zeitungen las, die dieser Initiative enorme Aufmerksamkeit widmeten, hatte ich den Eindruck, dass das Gef\u00fchl der Depression und Gleichg\u00fcltigkeit, dieser t\u00f6dliche R\u00fcckgang, der uns seit dem Ende der No-Global-Bewegung bis zum Sieg der rechten Regierung vor drei Jahren begleitet hat, zerbr\u00f6ckelt. Es ist, als h\u00e4tte diese spontane und vielleicht utopische Initiative die Unbeweglichkeit dieser letzten Kriegsjahre durchbrochen und die M\u00f6glichkeit einer imagin\u00e4ren Welt wiederer\u00f6ffnet, die wir 2001 \u201aEine andere Welt ist m\u00f6glich\u2018 nannten.<\/p>\n<p><strong><em>Die \u00dcbersetzung aus dem Italiensichen wurde von Kornelia Henrichmann vom ehrenamtlichen Pressenza-\u00dcbersetzungsteam erstellt. <\/em><\/strong><a href=\"https:\/\/www.pressenza.com\/de\/mitarbeiten\/\"><strong><em>Wir suchen Freiwillige!<\/em><\/strong><\/a><\/p>\n","protected":false},"excerpt":{"rendered":"<p>Gestern war ein reger Tag, an dem wir weiter daran arbeiteten, die Boote vorzubereiten und die wesentliche Ausr\u00fcstung zu verstauen: Sicherheitsleinen, mit denen wir uns befestigen konnten, um zu verhindern, dass wir w\u00e4hrend der Nachtschichten ins Meer fallen. Wir mussten&hellip;<\/p>\n","protected":false},"author":2503,"featured_media":2633362,"comment_status":"closed","ping_status":"closed","sticky":false,"template":"","format":"standard","meta":{"footnotes":""},"categories":[9150,9161,9151,11387,9168],"tags":[9358,11640,22229,142089,142424,142423,82552,12035,105877,9799,33658,10197,11641,11458,18395,39569,11062],"class_list":["post-2633361","post","type-post","status-publish","format-standard","has-post-thumbnail","hentry","category-europa-de","category-menschenrechte","category-mittlerer-osten","category-originalinhalt","category-politik","tag-friedensbewegung","tag-gaza-de","tag-gewaltfreiheit","tag-global-sumud-flotilla","tag-global-sumud-flottilla","tag-globaler-aktivismus","tag-hannah-arendt","tag-humanitare-hilfe","tag-internationale-kooperation","tag-israel-de","tag-israelisch-palaestinensischer-konflikt","tag-italien","tag-nahostkonflikt","tag-palastina","tag-solidaritat","tag-ziviler-ungehorsam","tag-ziviler-widerstand"],"yoast_head":"<!-- This site is optimized with the Yoast SEO plugin v27.1.1 - https:\/\/yoast.com\/product\/yoast-seo-wordpress\/ -->\n<title>Eine globale Bewegung schenkt uns eine neue Vision - Logbuch der Global-Sumud-Flottilla<\/title>\n<meta name=\"description\" content=\"Gestern war ein reger Tag, an dem wir weiter daran arbeiteten, die Boote vorzubereiten und die wesentliche Ausr\u00fcstung zu verstauen: Sicherheitsleinen, mit\" \/>\n<meta name=\"robots\" content=\"index, follow, max-snippet:-1, max-image-preview:large, max-video-preview:-1\" \/>\n<link rel=\"canonical\" href=\"https:\/\/www.pressenza.com\/de\/2025\/09\/eine-globale-bewegung-schenkt-uns-eine-neue-vision-logbuch-der-global-sumud-flottilla\/\" \/>\n<meta property=\"og:locale\" content=\"de_DE\" \/>\n<meta property=\"og:type\" content=\"article\" \/>\n<meta property=\"og:title\" content=\"Eine globale Bewegung schenkt uns eine neue Vision - Logbuch der Global-Sumud-Flottilla\" \/>\n<meta property=\"og:description\" content=\"Gestern war ein reger Tag, an dem wir weiter daran arbeiteten, die Boote vorzubereiten und die wesentliche Ausr\u00fcstung zu verstauen: Sicherheitsleinen, mit\" \/>\n<meta property=\"og:url\" content=\"https:\/\/www.pressenza.com\/de\/2025\/09\/eine-globale-bewegung-schenkt-uns-eine-neue-vision-logbuch-der-global-sumud-flottilla\/\" \/>\n<meta property=\"og:site_name\" content=\"Pressenza\" \/>\n<meta property=\"article:publisher\" content=\"https:\/\/www.facebook.com\/PressenzaItalia\" \/>\n<meta property=\"article:published_time\" content=\"2025-09-06T08:19:36+00:00\" \/>\n<meta property=\"article:modified_time\" content=\"2025-09-07T15:43:12+00:00\" \/>\n<meta property=\"og:image\" content=\"https:\/\/www.pressenza.com\/wp-content\/uploads\/2025\/09\/manifestazione-Catania-GSF.jpeg\" \/>\n\t<meta property=\"og:image:width\" content=\"1599\" \/>\n\t<meta property=\"og:image:height\" content=\"899\" \/>\n\t<meta property=\"og:image:type\" content=\"image\/jpeg\" \/>\n<meta name=\"author\" content=\"Manfredo Pavoni Gay\" \/>\n<meta name=\"twitter:card\" content=\"summary_large_image\" \/>\n<meta name=\"twitter:creator\" content=\"@PressenzaIPA\" \/>\n<meta name=\"twitter:site\" content=\"@PressenzaIPA\" \/>\n<meta name=\"twitter:label1\" content=\"Verfasst von\" \/>\n\t<meta name=\"twitter:data1\" content=\"Manfredo Pavoni Gay\" \/>\n\t<meta name=\"twitter:label2\" content=\"Gesch\u00e4tzte Lesezeit\" \/>\n\t<meta name=\"twitter:data2\" content=\"3\u00a0Minuten\" \/>\n<script type=\"application\/ld+json\" class=\"yoast-schema-graph\">{\"@context\":\"https:\/\/schema.org\",\"@graph\":[{\"@type\":\"Article\",\"@id\":\"https:\/\/www.pressenza.com\/de\/2025\/09\/eine-globale-bewegung-schenkt-uns-eine-neue-vision-logbuch-der-global-sumud-flottilla\/#article\",\"isPartOf\":{\"@id\":\"https:\/\/www.pressenza.com\/de\/2025\/09\/eine-globale-bewegung-schenkt-uns-eine-neue-vision-logbuch-der-global-sumud-flottilla\/\"},\"author\":{\"name\":\"Manfredo Pavoni Gay\",\"@id\":\"https:\/\/www.pressenza.com\/de\/#\/schema\/person\/471dc9cf89b8c347b11a03357c83558e\"},\"headline\":\"Eine globale Bewegung schenkt uns eine neue Vision &#8211; Logbuch der Global-Sumud-Flottilla\",\"datePublished\":\"2025-09-06T08:19:36+00:00\",\"dateModified\":\"2025-09-07T15:43:12+00:00\",\"mainEntityOfPage\":{\"@id\":\"https:\/\/www.pressenza.com\/de\/2025\/09\/eine-globale-bewegung-schenkt-uns-eine-neue-vision-logbuch-der-global-sumud-flottilla\/\"},\"wordCount\":411,\"publisher\":{\"@id\":\"https:\/\/www.pressenza.com\/de\/#organization\"},\"image\":{\"@id\":\"https:\/\/www.pressenza.com\/de\/2025\/09\/eine-globale-bewegung-schenkt-uns-eine-neue-vision-logbuch-der-global-sumud-flottilla\/#primaryimage\"},\"thumbnailUrl\":\"https:\/\/www.pressenza.com\/wp-content\/uploads\/2025\/09\/manifestazione-Catania-GSF.jpeg\",\"keywords\":[\"Friedensbewegung\",\"Gaza\",\"Gewaltfreiheit\",\"Global Sumud Flotilla\",\"Global Sumud Flottilla\",\"globaler Aktivismus\",\"Hannah Arendt\",\"Humanit\u00e4re Hilfe\",\"internationale Kooperation\",\"Israel\",\"israelisch-pal\u00e4stinensischer Konflikt\",\"italien\",\"Nahostkonflikt\",\"Pal\u00e4stina\",\"Solidarit\u00e4t\",\"ziviler Ungehorsam\",\"ziviler Widerstand\"],\"articleSection\":[\"Europa\",\"Menschenrechte\",\"Mittlerer Osten\",\"Originalinhalt\",\"Politik\"],\"inLanguage\":\"de\"},{\"@type\":\"WebPage\",\"@id\":\"https:\/\/www.pressenza.com\/de\/2025\/09\/eine-globale-bewegung-schenkt-uns-eine-neue-vision-logbuch-der-global-sumud-flottilla\/\",\"url\":\"https:\/\/www.pressenza.com\/de\/2025\/09\/eine-globale-bewegung-schenkt-uns-eine-neue-vision-logbuch-der-global-sumud-flottilla\/\",\"name\":\"Eine globale Bewegung schenkt uns eine neue Vision - Logbuch der Global-Sumud-Flottilla\",\"isPartOf\":{\"@id\":\"https:\/\/www.pressenza.com\/de\/#website\"},\"primaryImageOfPage\":{\"@id\":\"https:\/\/www.pressenza.com\/de\/2025\/09\/eine-globale-bewegung-schenkt-uns-eine-neue-vision-logbuch-der-global-sumud-flottilla\/#primaryimage\"},\"image\":{\"@id\":\"https:\/\/www.pressenza.com\/de\/2025\/09\/eine-globale-bewegung-schenkt-uns-eine-neue-vision-logbuch-der-global-sumud-flottilla\/#primaryimage\"},\"thumbnailUrl\":\"https:\/\/www.pressenza.com\/wp-content\/uploads\/2025\/09\/manifestazione-Catania-GSF.jpeg\",\"datePublished\":\"2025-09-06T08:19:36+00:00\",\"dateModified\":\"2025-09-07T15:43:12+00:00\",\"description\":\"Gestern war ein reger Tag, an dem wir weiter daran arbeiteten, die Boote vorzubereiten und die wesentliche Ausr\u00fcstung zu verstauen: Sicherheitsleinen, mit\",\"breadcrumb\":{\"@id\":\"https:\/\/www.pressenza.com\/de\/2025\/09\/eine-globale-bewegung-schenkt-uns-eine-neue-vision-logbuch-der-global-sumud-flottilla\/#breadcrumb\"},\"inLanguage\":\"de\",\"potentialAction\":[{\"@type\":\"ReadAction\",\"target\":[\"https:\/\/www.pressenza.com\/de\/2025\/09\/eine-globale-bewegung-schenkt-uns-eine-neue-vision-logbuch-der-global-sumud-flottilla\/\"]}]},{\"@type\":\"ImageObject\",\"inLanguage\":\"de\",\"@id\":\"https:\/\/www.pressenza.com\/de\/2025\/09\/eine-globale-bewegung-schenkt-uns-eine-neue-vision-logbuch-der-global-sumud-flottilla\/#primaryimage\",\"url\":\"https:\/\/www.pressenza.com\/wp-content\/uploads\/2025\/09\/manifestazione-Catania-GSF.jpeg\",\"contentUrl\":\"https:\/\/www.pressenza.com\/wp-content\/uploads\/2025\/09\/manifestazione-Catania-GSF.jpeg\",\"width\":1599,\"height\":899,\"caption\":\"Eine globale Bewegung schenkt uns eine neue Vision - Logbuch der Global-Sumud-Flottilla\"},{\"@type\":\"BreadcrumbList\",\"@id\":\"https:\/\/www.pressenza.com\/de\/2025\/09\/eine-globale-bewegung-schenkt-uns-eine-neue-vision-logbuch-der-global-sumud-flottilla\/#breadcrumb\",\"itemListElement\":[{\"@type\":\"ListItem\",\"position\":1,\"name\":\"Accueil\",\"item\":\"https:\/\/www.pressenza.com\/de\/\"},{\"@type\":\"ListItem\",\"position\":2,\"name\":\"Eine globale Bewegung schenkt uns eine neue Vision &#8211; Logbuch der Global-Sumud-Flottilla\"}]},{\"@type\":\"WebSite\",\"@id\":\"https:\/\/www.pressenza.com\/de\/#website\",\"url\":\"https:\/\/www.pressenza.com\/de\/\",\"name\":\"Pressenza\",\"description\":\"International Press Agency\",\"publisher\":{\"@id\":\"https:\/\/www.pressenza.com\/de\/#organization\"},\"potentialAction\":[{\"@type\":\"SearchAction\",\"target\":{\"@type\":\"EntryPoint\",\"urlTemplate\":\"https:\/\/www.pressenza.com\/de\/?s={search_term_string}\"},\"query-input\":{\"@type\":\"PropertyValueSpecification\",\"valueRequired\":true,\"valueName\":\"search_term_string\"}}],\"inLanguage\":\"de\"},{\"@type\":\"Organization\",\"@id\":\"https:\/\/www.pressenza.com\/de\/#organization\",\"name\":\"Pressenza\",\"url\":\"https:\/\/www.pressenza.com\/de\/\",\"logo\":{\"@type\":\"ImageObject\",\"inLanguage\":\"de\",\"@id\":\"https:\/\/www.pressenza.com\/de\/#\/schema\/logo\/image\/\",\"url\":\"https:\/\/www.pressenza.com\/wp-content\/uploads\/2022\/10\/pressenza_logo_200x200.jpg\",\"contentUrl\":\"https:\/\/www.pressenza.com\/wp-content\/uploads\/2022\/10\/pressenza_logo_200x200.jpg\",\"width\":200,\"height\":200,\"caption\":\"Pressenza\"},\"image\":{\"@id\":\"https:\/\/www.pressenza.com\/de\/#\/schema\/logo\/image\/\"},\"sameAs\":[\"https:\/\/www.facebook.com\/PressenzaItalia\",\"https:\/\/x.com\/PressenzaIPA\"]},{\"@type\":\"Person\",\"@id\":\"https:\/\/www.pressenza.com\/de\/#\/schema\/person\/471dc9cf89b8c347b11a03357c83558e\",\"name\":\"Manfredo Pavoni Gay\",\"url\":\"https:\/\/www.pressenza.com\/de\/author\/m-pavoni_gay\/\"}]}<\/script>\n<!-- \/ Yoast SEO plugin. -->","yoast_head_json":{"title":"Eine globale Bewegung schenkt uns eine neue Vision - Logbuch der Global-Sumud-Flottilla","description":"Gestern war ein reger Tag, an dem wir weiter daran arbeiteten, die Boote vorzubereiten und die wesentliche Ausr\u00fcstung zu verstauen: Sicherheitsleinen, mit","robots":{"index":"index","follow":"follow","max-snippet":"max-snippet:-1","max-image-preview":"max-image-preview:large","max-video-preview":"max-video-preview:-1"},"canonical":"https:\/\/www.pressenza.com\/de\/2025\/09\/eine-globale-bewegung-schenkt-uns-eine-neue-vision-logbuch-der-global-sumud-flottilla\/","og_locale":"de_DE","og_type":"article","og_title":"Eine globale Bewegung schenkt uns eine neue Vision - Logbuch der Global-Sumud-Flottilla","og_description":"Gestern war ein reger Tag, an dem wir weiter daran arbeiteten, die Boote vorzubereiten und die wesentliche Ausr\u00fcstung zu verstauen: Sicherheitsleinen, mit","og_url":"https:\/\/www.pressenza.com\/de\/2025\/09\/eine-globale-bewegung-schenkt-uns-eine-neue-vision-logbuch-der-global-sumud-flottilla\/","og_site_name":"Pressenza","article_publisher":"https:\/\/www.facebook.com\/PressenzaItalia","article_published_time":"2025-09-06T08:19:36+00:00","article_modified_time":"2025-09-07T15:43:12+00:00","og_image":[{"width":1599,"height":899,"url":"https:\/\/www.pressenza.com\/wp-content\/uploads\/2025\/09\/manifestazione-Catania-GSF.jpeg","type":"image\/jpeg"}],"author":"Manfredo Pavoni Gay","twitter_card":"summary_large_image","twitter_creator":"@PressenzaIPA","twitter_site":"@PressenzaIPA","twitter_misc":{"Verfasst von":"Manfredo Pavoni Gay","Gesch\u00e4tzte Lesezeit":"3\u00a0Minuten"},"schema":{"@context":"https:\/\/schema.org","@graph":[{"@type":"Article","@id":"https:\/\/www.pressenza.com\/de\/2025\/09\/eine-globale-bewegung-schenkt-uns-eine-neue-vision-logbuch-der-global-sumud-flottilla\/#article","isPartOf":{"@id":"https:\/\/www.pressenza.com\/de\/2025\/09\/eine-globale-bewegung-schenkt-uns-eine-neue-vision-logbuch-der-global-sumud-flottilla\/"},"author":{"name":"Manfredo Pavoni Gay","@id":"https:\/\/www.pressenza.com\/de\/#\/schema\/person\/471dc9cf89b8c347b11a03357c83558e"},"headline":"Eine globale Bewegung schenkt uns eine neue Vision &#8211; Logbuch der Global-Sumud-Flottilla","datePublished":"2025-09-06T08:19:36+00:00","dateModified":"2025-09-07T15:43:12+00:00","mainEntityOfPage":{"@id":"https:\/\/www.pressenza.com\/de\/2025\/09\/eine-globale-bewegung-schenkt-uns-eine-neue-vision-logbuch-der-global-sumud-flottilla\/"},"wordCount":411,"publisher":{"@id":"https:\/\/www.pressenza.com\/de\/#organization"},"image":{"@id":"https:\/\/www.pressenza.com\/de\/2025\/09\/eine-globale-bewegung-schenkt-uns-eine-neue-vision-logbuch-der-global-sumud-flottilla\/#primaryimage"},"thumbnailUrl":"https:\/\/www.pressenza.com\/wp-content\/uploads\/2025\/09\/manifestazione-Catania-GSF.jpeg","keywords":["Friedensbewegung","Gaza","Gewaltfreiheit","Global Sumud Flotilla","Global Sumud Flottilla","globaler Aktivismus","Hannah Arendt","Humanit\u00e4re Hilfe","internationale Kooperation","Israel","israelisch-pal\u00e4stinensischer Konflikt","italien","Nahostkonflikt","Pal\u00e4stina","Solidarit\u00e4t","ziviler Ungehorsam","ziviler Widerstand"],"articleSection":["Europa","Menschenrechte","Mittlerer Osten","Originalinhalt","Politik"],"inLanguage":"de"},{"@type":"WebPage","@id":"https:\/\/www.pressenza.com\/de\/2025\/09\/eine-globale-bewegung-schenkt-uns-eine-neue-vision-logbuch-der-global-sumud-flottilla\/","url":"https:\/\/www.pressenza.com\/de\/2025\/09\/eine-globale-bewegung-schenkt-uns-eine-neue-vision-logbuch-der-global-sumud-flottilla\/","name":"Eine globale Bewegung schenkt uns eine neue Vision - Logbuch der Global-Sumud-Flottilla","isPartOf":{"@id":"https:\/\/www.pressenza.com\/de\/#website"},"primaryImageOfPage":{"@id":"https:\/\/www.pressenza.com\/de\/2025\/09\/eine-globale-bewegung-schenkt-uns-eine-neue-vision-logbuch-der-global-sumud-flottilla\/#primaryimage"},"image":{"@id":"https:\/\/www.pressenza.com\/de\/2025\/09\/eine-globale-bewegung-schenkt-uns-eine-neue-vision-logbuch-der-global-sumud-flottilla\/#primaryimage"},"thumbnailUrl":"https:\/\/www.pressenza.com\/wp-content\/uploads\/2025\/09\/manifestazione-Catania-GSF.jpeg","datePublished":"2025-09-06T08:19:36+00:00","dateModified":"2025-09-07T15:43:12+00:00","description":"Gestern war ein reger Tag, an dem wir weiter daran arbeiteten, die Boote vorzubereiten und die wesentliche Ausr\u00fcstung zu verstauen: Sicherheitsleinen, mit","breadcrumb":{"@id":"https:\/\/www.pressenza.com\/de\/2025\/09\/eine-globale-bewegung-schenkt-uns-eine-neue-vision-logbuch-der-global-sumud-flottilla\/#breadcrumb"},"inLanguage":"de","potentialAction":[{"@type":"ReadAction","target":["https:\/\/www.pressenza.com\/de\/2025\/09\/eine-globale-bewegung-schenkt-uns-eine-neue-vision-logbuch-der-global-sumud-flottilla\/"]}]},{"@type":"ImageObject","inLanguage":"de","@id":"https:\/\/www.pressenza.com\/de\/2025\/09\/eine-globale-bewegung-schenkt-uns-eine-neue-vision-logbuch-der-global-sumud-flottilla\/#primaryimage","url":"https:\/\/www.pressenza.com\/wp-content\/uploads\/2025\/09\/manifestazione-Catania-GSF.jpeg","contentUrl":"https:\/\/www.pressenza.com\/wp-content\/uploads\/2025\/09\/manifestazione-Catania-GSF.jpeg","width":1599,"height":899,"caption":"Eine globale Bewegung schenkt uns eine neue Vision - Logbuch der Global-Sumud-Flottilla"},{"@type":"BreadcrumbList","@id":"https:\/\/www.pressenza.com\/de\/2025\/09\/eine-globale-bewegung-schenkt-uns-eine-neue-vision-logbuch-der-global-sumud-flottilla\/#breadcrumb","itemListElement":[{"@type":"ListItem","position":1,"name":"Accueil","item":"https:\/\/www.pressenza.com\/de\/"},{"@type":"ListItem","position":2,"name":"Eine globale Bewegung schenkt uns eine neue Vision &#8211; Logbuch der Global-Sumud-Flottilla"}]},{"@type":"WebSite","@id":"https:\/\/www.pressenza.com\/de\/#website","url":"https:\/\/www.pressenza.com\/de\/","name":"Pressenza","description":"International Press Agency","publisher":{"@id":"https:\/\/www.pressenza.com\/de\/#organization"},"potentialAction":[{"@type":"SearchAction","target":{"@type":"EntryPoint","urlTemplate":"https:\/\/www.pressenza.com\/de\/?s={search_term_string}"},"query-input":{"@type":"PropertyValueSpecification","valueRequired":true,"valueName":"search_term_string"}}],"inLanguage":"de"},{"@type":"Organization","@id":"https:\/\/www.pressenza.com\/de\/#organization","name":"Pressenza","url":"https:\/\/www.pressenza.com\/de\/","logo":{"@type":"ImageObject","inLanguage":"de","@id":"https:\/\/www.pressenza.com\/de\/#\/schema\/logo\/image\/","url":"https:\/\/www.pressenza.com\/wp-content\/uploads\/2022\/10\/pressenza_logo_200x200.jpg","contentUrl":"https:\/\/www.pressenza.com\/wp-content\/uploads\/2022\/10\/pressenza_logo_200x200.jpg","width":200,"height":200,"caption":"Pressenza"},"image":{"@id":"https:\/\/www.pressenza.com\/de\/#\/schema\/logo\/image\/"},"sameAs":["https:\/\/www.facebook.com\/PressenzaItalia","https:\/\/x.com\/PressenzaIPA"]},{"@type":"Person","@id":"https:\/\/www.pressenza.com\/de\/#\/schema\/person\/471dc9cf89b8c347b11a03357c83558e","name":"Manfredo Pavoni Gay","url":"https:\/\/www.pressenza.com\/de\/author\/m-pavoni_gay\/"}]}},"place":"Catania","original_article_url":"","_links":{"self":[{"href":"https:\/\/www.pressenza.com\/de\/wp-json\/wp\/v2\/posts\/2633361","targetHints":{"allow":["GET"]}}],"collection":[{"href":"https:\/\/www.pressenza.com\/de\/wp-json\/wp\/v2\/posts"}],"about":[{"href":"https:\/\/www.pressenza.com\/de\/wp-json\/wp\/v2\/types\/post"}],"author":[{"embeddable":true,"href":"https:\/\/www.pressenza.com\/de\/wp-json\/wp\/v2\/users\/2503"}],"replies":[{"embeddable":true,"href":"https:\/\/www.pressenza.com\/de\/wp-json\/wp\/v2\/comments?post=2633361"}],"version-history":[{"count":3,"href":"https:\/\/www.pressenza.com\/de\/wp-json\/wp\/v2\/posts\/2633361\/revisions"}],"predecessor-version":[{"id":2633364,"href":"https:\/\/www.pressenza.com\/de\/wp-json\/wp\/v2\/posts\/2633361\/revisions\/2633364"}],"wp:featuredmedia":[{"embeddable":true,"href":"https:\/\/www.pressenza.com\/de\/wp-json\/wp\/v2\/media\/2633362"}],"wp:attachment":[{"href":"https:\/\/www.pressenza.com\/de\/wp-json\/wp\/v2\/media?parent=2633361"}],"wp:term":[{"taxonomy":"category","embeddable":true,"href":"https:\/\/www.pressenza.com\/de\/wp-json\/wp\/v2\/categories?post=2633361"},{"taxonomy":"post_tag","embeddable":true,"href":"https:\/\/www.pressenza.com\/de\/wp-json\/wp\/v2\/tags?post=2633361"}],"curies":[{"name":"wp","href":"https:\/\/api.w.org\/{rel}","templated":true}]}}