{"id":2630632,"date":"2025-08-28T13:32:26","date_gmt":"2025-08-28T12:32:26","guid":{"rendered":"https:\/\/www.pressenza.com\/?p=2630632"},"modified":"2025-08-28T13:33:55","modified_gmt":"2025-08-28T12:33:55","slug":"der-aufbruch-von-monika-szladik","status":"publish","type":"post","link":"https:\/\/www.pressenza.com\/de\/2025\/08\/der-aufbruch-von-monika-szladik\/","title":{"rendered":"Der Aufbruch von Monika Szladik"},"content":{"rendered":"<p><strong>Als ich zum ersten Mal von ihr h\u00f6rte, war es durch unseren gemeinsamen Freund Bal\u00e1zs, ebenfalls aus Ungarn, der uns bat, ihn und Monika in Santiago aufzunehmen. Sie kamen aus Budapest mit dem festen Vorsatz, in die Hochanden aufzubrechen und den Studien- und Reflexionspark Punta de Vacas zu besuchen \u2013 auf 2.800 Metern H\u00f6he auf der argentinischen Seite der Anden gelegen \u2013 um Silo (Mario Rodr\u00edguez Cobos) kennenzulernen.<\/strong><\/p>\n<p>Wir sahen eine sympathische, freundliche, liebevolle Frau ankommen, die auch sehr gut organisiert war, was ihre Reise anging: Karten, Schlafsack, Wanderschuhe, Kopftuch, sogar ein Fernglas &#8230; alles, was sie ihrer Meinung nach brauchen k\u00f6nnte. Sie hatte dunkle, tiefgr\u00fcndige Augen, in denen das dringende Bed\u00fcrfnis leuchtete, ihre Intuition zu best\u00e4tigen, dass sie einen spirituellen Lehrer finden w\u00fcrde.<\/p>\n<p>Vielleicht war es eine Art Erinnerung, ein Echo l\u00e4ngst vergangener Erfahrungen mit dem Numinosen, das sie \u00fcber halbe Kontinente reisen lie\u00df, um jenen kennenzulernen, der in der Tat ihr spiritueller Meister werden sollte.<\/p>\n<p>Von diesem Moment an widmete Monika ihr Leben dem Studium und der Praxis von \u201eSilos Botschaft\u201c.<\/p>\n<p>Sie engagierte sich mit gro\u00dfer Hingabe f\u00fcr die Errichtung, Ausstattung und den Unterhalt eines neuen Studien- und Reflexionsparks in der N\u00e4he ihrer Stadt \u2013 dem Park Mikebuda. Dort wirkte sie ma\u00dfgeblich an dessen Entstehung mit, bis er schlie\u00dflich vollendet und feierlich eingeweiht wurde \u2013 mit ihr, wie stets, in aktiver Rolle.<\/p>\n<p>Sooft es ihr m\u00f6glich war, kehrte sie nach Punta de Vacas zur\u00fcck \u2013 ein vertrauter Ort, eine Quelle tiefer Inspiration, aus der sie immer wieder sch\u00f6pfte; ein Ort, den sie liebte und zu dem sie mit Hingabe pilgerte.<\/p>\n<p>Ein sp\u00e4t erkannter Krebs im Endstadium beendet nun das Leben ihres K\u00f6rpers. Zugleich jedoch befreit er ihren Geist von den Fesseln des K\u00f6rpers und aller Bindung \u2013 und l\u00e4sst ihn aufbrechen, vielleicht dorthin, wohin sie so lange geblickt hatte, was sie ersehnt, geahnt und tief erinnert hatte: in jene Verborgene Stadt. Gewiss werden sich ihre Mauern f\u00fcr sie \u00f6ffnen, und sie wird das sch\u00f6nste Licht erblicken.<\/p>\n<p>Freund:innen, die ihr in ihrer letzten Lebensphase besonders nahe standen, berichten, dass Monika mit der inneren Gewissheit gegangen ist, ein koh\u00e4rentes Leben gef\u00fchrt zu haben \u2013 im Einklang mit der Goldenen Regel: \u201aWenn du andere so behandelst, wie du selbst behandelt werden m\u00f6chtest, befreist du dich selbst.\u2018<\/p>\n<p>Ihr Andenken bleibt uns ein leuchtendes Beispiel. Ihr Weg wird uns weiter Orientierung sein, und wir empfinden tiefe Dankbarkeit, ihr begegnet zu sein.<\/p>\n<p><em><strong>\u00dcbersetzung aus dem Spanischen von Reto Thumiger vom ehrenamtlichen Pressenza-\u00dcbersetzungsteam erstellt.<\/strong><\/em><\/p>\n","protected":false},"excerpt":{"rendered":"<p>Als ich zum ersten Mal von ihr h\u00f6rte, war es durch unseren gemeinsamen Freund Bal\u00e1zs, ebenfalls aus Ungarn, der uns bat, ihn und Monika in Santiago aufzunehmen. Sie kamen aus Budapest mit dem festen Vorsatz, in die Hochanden aufzubrechen und&hellip;<\/p>\n","protected":false},"author":22,"featured_media":2630634,"comment_status":"closed","ping_status":"closed","sticky":false,"template":"","format":"standard","meta":{"footnotes":""},"categories":[9150,9162,11387],"tags":[63928,141978,68536,9425,141980,141979,9959,9958,9961,141977,17737,15792],"class_list":["post-2630632","post","type-post","status-publish","format-standard","has-post-thumbnail","hentry","category-europa-de","category-humanismus-und-spiritualitaet","category-originalinhalt","tag-abschied","tag-gewaltfreie-bewegung","tag-goldene-regel","tag-humanismus","tag-monika-szladik","tag-park-mikebuda","tag-punta-de-vacas-de","tag-silo-de","tag-silos-botschaft","tag-spirituelle-reise","tag-studien-und-reflexionspark","tag-ungarn"],"yoast_head":"<!-- This site is optimized with the Yoast SEO plugin v27.1.1 - https:\/\/yoast.com\/product\/yoast-seo-wordpress\/ -->\n<title>Der Aufbruch von Monika Szladik<\/title>\n<meta name=\"description\" content=\"Als ich zum ersten Mal von ihr h\u00f6rte, war es durch unseren gemeinsamen Freund Bal\u00e1zs, ebenfalls aus Ungarn, der uns bat, ihn und Monika in Santiago\" \/>\n<meta name=\"robots\" content=\"index, follow, max-snippet:-1, max-image-preview:large, max-video-preview:-1\" \/>\n<link rel=\"canonical\" href=\"https:\/\/www.pressenza.com\/de\/2025\/08\/der-aufbruch-von-monika-szladik\/\" \/>\n<meta property=\"og:locale\" content=\"de_DE\" \/>\n<meta property=\"og:type\" content=\"article\" \/>\n<meta property=\"og:title\" content=\"Der Aufbruch von Monika Szladik\" \/>\n<meta property=\"og:description\" content=\"Als ich zum ersten Mal von ihr h\u00f6rte, war es durch unseren gemeinsamen Freund Bal\u00e1zs, ebenfalls aus Ungarn, der uns bat, ihn und Monika in Santiago\" \/>\n<meta property=\"og:url\" content=\"https:\/\/www.pressenza.com\/de\/2025\/08\/der-aufbruch-von-monika-szladik\/\" \/>\n<meta property=\"og:site_name\" content=\"Pressenza\" \/>\n<meta property=\"article:publisher\" content=\"https:\/\/www.facebook.com\/PressenzaItalia\" \/>\n<meta property=\"article:author\" content=\"https:\/\/www.facebook.com\/pia.figueroa?ref=tn_tnmn\" \/>\n<meta property=\"article:published_time\" content=\"2025-08-28T12:32:26+00:00\" \/>\n<meta property=\"article:modified_time\" content=\"2025-08-28T12:33:55+00:00\" \/>\n<meta property=\"og:image\" content=\"https:\/\/www.pressenza.com\/wp-content\/uploads\/2025\/08\/Monika-FB1.jpg\" \/>\n\t<meta property=\"og:image:width\" content=\"2048\" \/>\n\t<meta property=\"og:image:height\" content=\"1369\" \/>\n\t<meta property=\"og:image:type\" content=\"image\/jpeg\" \/>\n<meta name=\"author\" content=\"P\u00eda Figueroa\" \/>\n<meta name=\"twitter:card\" content=\"summary_large_image\" \/>\n<meta name=\"twitter:creator\" content=\"@piafigueroa\" \/>\n<meta name=\"twitter:site\" content=\"@PressenzaIPA\" \/>\n<meta name=\"twitter:label1\" content=\"Verfasst von\" \/>\n\t<meta name=\"twitter:data1\" content=\"P\u00eda Figueroa\" \/>\n\t<meta name=\"twitter:label2\" content=\"Gesch\u00e4tzte Lesezeit\" \/>\n\t<meta name=\"twitter:data2\" content=\"3\u00a0Minuten\" \/>\n<script type=\"application\/ld+json\" class=\"yoast-schema-graph\">{\"@context\":\"https:\/\/schema.org\",\"@graph\":[{\"@type\":\"Article\",\"@id\":\"https:\/\/www.pressenza.com\/de\/2025\/08\/der-aufbruch-von-monika-szladik\/#article\",\"isPartOf\":{\"@id\":\"https:\/\/www.pressenza.com\/de\/2025\/08\/der-aufbruch-von-monika-szladik\/\"},\"author\":{\"name\":\"P\u00eda Figueroa\",\"@id\":\"https:\/\/www.pressenza.com\/de\/#\/schema\/person\/8bb53ec73ef39ceec36ca0128a0ccd41\"},\"headline\":\"Der Aufbruch von Monika Szladik\",\"datePublished\":\"2025-08-28T12:32:26+00:00\",\"dateModified\":\"2025-08-28T12:33:55+00:00\",\"mainEntityOfPage\":{\"@id\":\"https:\/\/www.pressenza.com\/de\/2025\/08\/der-aufbruch-von-monika-szladik\/\"},\"wordCount\":434,\"publisher\":{\"@id\":\"https:\/\/www.pressenza.com\/de\/#organization\"},\"image\":{\"@id\":\"https:\/\/www.pressenza.com\/de\/2025\/08\/der-aufbruch-von-monika-szladik\/#primaryimage\"},\"thumbnailUrl\":\"https:\/\/www.pressenza.com\/wp-content\/uploads\/2025\/08\/Monika-FB1.jpg\",\"keywords\":[\"Abschied\",\"gewaltfreie Bewegung\",\"Goldene Regel\",\"Humanismus\",\"Monika Szladik\",\"Park Mikebuda\",\"Punta de Vacas\",\"Silo\",\"Silos Botschaft\",\"spirituelle Reise\",\"Studien- und Reflexionspark\",\"Ungarn\"],\"articleSection\":[\"Europa\",\"Humanismus und Spiritualit\u00e4t\",\"Originalinhalt\"],\"inLanguage\":\"de\"},{\"@type\":\"WebPage\",\"@id\":\"https:\/\/www.pressenza.com\/de\/2025\/08\/der-aufbruch-von-monika-szladik\/\",\"url\":\"https:\/\/www.pressenza.com\/de\/2025\/08\/der-aufbruch-von-monika-szladik\/\",\"name\":\"Der Aufbruch von Monika Szladik\",\"isPartOf\":{\"@id\":\"https:\/\/www.pressenza.com\/de\/#website\"},\"primaryImageOfPage\":{\"@id\":\"https:\/\/www.pressenza.com\/de\/2025\/08\/der-aufbruch-von-monika-szladik\/#primaryimage\"},\"image\":{\"@id\":\"https:\/\/www.pressenza.com\/de\/2025\/08\/der-aufbruch-von-monika-szladik\/#primaryimage\"},\"thumbnailUrl\":\"https:\/\/www.pressenza.com\/wp-content\/uploads\/2025\/08\/Monika-FB1.jpg\",\"datePublished\":\"2025-08-28T12:32:26+00:00\",\"dateModified\":\"2025-08-28T12:33:55+00:00\",\"description\":\"Als ich zum ersten Mal von ihr h\u00f6rte, war es durch unseren gemeinsamen Freund Bal\u00e1zs, ebenfalls aus Ungarn, der uns bat, ihn und Monika in Santiago\",\"breadcrumb\":{\"@id\":\"https:\/\/www.pressenza.com\/de\/2025\/08\/der-aufbruch-von-monika-szladik\/#breadcrumb\"},\"inLanguage\":\"de\",\"potentialAction\":[{\"@type\":\"ReadAction\",\"target\":[\"https:\/\/www.pressenza.com\/de\/2025\/08\/der-aufbruch-von-monika-szladik\/\"]}]},{\"@type\":\"ImageObject\",\"inLanguage\":\"de\",\"@id\":\"https:\/\/www.pressenza.com\/de\/2025\/08\/der-aufbruch-von-monika-szladik\/#primaryimage\",\"url\":\"https:\/\/www.pressenza.com\/wp-content\/uploads\/2025\/08\/Monika-FB1.jpg\",\"contentUrl\":\"https:\/\/www.pressenza.com\/wp-content\/uploads\/2025\/08\/Monika-FB1.jpg\",\"width\":2048,\"height\":1369},{\"@type\":\"BreadcrumbList\",\"@id\":\"https:\/\/www.pressenza.com\/de\/2025\/08\/der-aufbruch-von-monika-szladik\/#breadcrumb\",\"itemListElement\":[{\"@type\":\"ListItem\",\"position\":1,\"name\":\"Accueil\",\"item\":\"https:\/\/www.pressenza.com\/de\/\"},{\"@type\":\"ListItem\",\"position\":2,\"name\":\"Der Aufbruch von Monika Szladik\"}]},{\"@type\":\"WebSite\",\"@id\":\"https:\/\/www.pressenza.com\/de\/#website\",\"url\":\"https:\/\/www.pressenza.com\/de\/\",\"name\":\"Pressenza\",\"description\":\"International Press Agency\",\"publisher\":{\"@id\":\"https:\/\/www.pressenza.com\/de\/#organization\"},\"potentialAction\":[{\"@type\":\"SearchAction\",\"target\":{\"@type\":\"EntryPoint\",\"urlTemplate\":\"https:\/\/www.pressenza.com\/de\/?s={search_term_string}\"},\"query-input\":{\"@type\":\"PropertyValueSpecification\",\"valueRequired\":true,\"valueName\":\"search_term_string\"}}],\"inLanguage\":\"de\"},{\"@type\":\"Organization\",\"@id\":\"https:\/\/www.pressenza.com\/de\/#organization\",\"name\":\"Pressenza\",\"url\":\"https:\/\/www.pressenza.com\/de\/\",\"logo\":{\"@type\":\"ImageObject\",\"inLanguage\":\"de\",\"@id\":\"https:\/\/www.pressenza.com\/de\/#\/schema\/logo\/image\/\",\"url\":\"https:\/\/www.pressenza.com\/wp-content\/uploads\/2022\/10\/pressenza_logo_200x200.jpg\",\"contentUrl\":\"https:\/\/www.pressenza.com\/wp-content\/uploads\/2022\/10\/pressenza_logo_200x200.jpg\",\"width\":200,\"height\":200,\"caption\":\"Pressenza\"},\"image\":{\"@id\":\"https:\/\/www.pressenza.com\/de\/#\/schema\/logo\/image\/\"},\"sameAs\":[\"https:\/\/www.facebook.com\/PressenzaItalia\",\"https:\/\/x.com\/PressenzaIPA\"]},{\"@type\":\"Person\",\"@id\":\"https:\/\/www.pressenza.com\/de\/#\/schema\/person\/8bb53ec73ef39ceec36ca0128a0ccd41\",\"name\":\"P\u00eda Figueroa\",\"description\":\"Founder of Pressenza, life-long humanist, author of several monographs and books.\",\"sameAs\":[\"https:\/\/www.facebook.com\/pia.figueroa?ref=tn_tnmn\",\"https:\/\/x.com\/piafigueroa\"],\"url\":\"https:\/\/www.pressenza.com\/de\/author\/pia-figueroa\/\"}]}<\/script>\n<!-- \/ Yoast SEO plugin. -->","yoast_head_json":{"title":"Der Aufbruch von Monika Szladik","description":"Als ich zum ersten Mal von ihr h\u00f6rte, war es durch unseren gemeinsamen Freund Bal\u00e1zs, ebenfalls aus Ungarn, der uns bat, ihn und Monika in Santiago","robots":{"index":"index","follow":"follow","max-snippet":"max-snippet:-1","max-image-preview":"max-image-preview:large","max-video-preview":"max-video-preview:-1"},"canonical":"https:\/\/www.pressenza.com\/de\/2025\/08\/der-aufbruch-von-monika-szladik\/","og_locale":"de_DE","og_type":"article","og_title":"Der Aufbruch von Monika Szladik","og_description":"Als ich zum ersten Mal von ihr h\u00f6rte, war es durch unseren gemeinsamen Freund Bal\u00e1zs, ebenfalls aus Ungarn, der uns bat, ihn und Monika in Santiago","og_url":"https:\/\/www.pressenza.com\/de\/2025\/08\/der-aufbruch-von-monika-szladik\/","og_site_name":"Pressenza","article_publisher":"https:\/\/www.facebook.com\/PressenzaItalia","article_author":"https:\/\/www.facebook.com\/pia.figueroa?ref=tn_tnmn","article_published_time":"2025-08-28T12:32:26+00:00","article_modified_time":"2025-08-28T12:33:55+00:00","og_image":[{"width":2048,"height":1369,"url":"https:\/\/www.pressenza.com\/wp-content\/uploads\/2025\/08\/Monika-FB1.jpg","type":"image\/jpeg"}],"author":"P\u00eda Figueroa","twitter_card":"summary_large_image","twitter_creator":"@piafigueroa","twitter_site":"@PressenzaIPA","twitter_misc":{"Verfasst von":"P\u00eda Figueroa","Gesch\u00e4tzte Lesezeit":"3\u00a0Minuten"},"schema":{"@context":"https:\/\/schema.org","@graph":[{"@type":"Article","@id":"https:\/\/www.pressenza.com\/de\/2025\/08\/der-aufbruch-von-monika-szladik\/#article","isPartOf":{"@id":"https:\/\/www.pressenza.com\/de\/2025\/08\/der-aufbruch-von-monika-szladik\/"},"author":{"name":"P\u00eda Figueroa","@id":"https:\/\/www.pressenza.com\/de\/#\/schema\/person\/8bb53ec73ef39ceec36ca0128a0ccd41"},"headline":"Der Aufbruch von Monika Szladik","datePublished":"2025-08-28T12:32:26+00:00","dateModified":"2025-08-28T12:33:55+00:00","mainEntityOfPage":{"@id":"https:\/\/www.pressenza.com\/de\/2025\/08\/der-aufbruch-von-monika-szladik\/"},"wordCount":434,"publisher":{"@id":"https:\/\/www.pressenza.com\/de\/#organization"},"image":{"@id":"https:\/\/www.pressenza.com\/de\/2025\/08\/der-aufbruch-von-monika-szladik\/#primaryimage"},"thumbnailUrl":"https:\/\/www.pressenza.com\/wp-content\/uploads\/2025\/08\/Monika-FB1.jpg","keywords":["Abschied","gewaltfreie Bewegung","Goldene Regel","Humanismus","Monika Szladik","Park Mikebuda","Punta de Vacas","Silo","Silos Botschaft","spirituelle Reise","Studien- und Reflexionspark","Ungarn"],"articleSection":["Europa","Humanismus und Spiritualit\u00e4t","Originalinhalt"],"inLanguage":"de"},{"@type":"WebPage","@id":"https:\/\/www.pressenza.com\/de\/2025\/08\/der-aufbruch-von-monika-szladik\/","url":"https:\/\/www.pressenza.com\/de\/2025\/08\/der-aufbruch-von-monika-szladik\/","name":"Der Aufbruch von Monika Szladik","isPartOf":{"@id":"https:\/\/www.pressenza.com\/de\/#website"},"primaryImageOfPage":{"@id":"https:\/\/www.pressenza.com\/de\/2025\/08\/der-aufbruch-von-monika-szladik\/#primaryimage"},"image":{"@id":"https:\/\/www.pressenza.com\/de\/2025\/08\/der-aufbruch-von-monika-szladik\/#primaryimage"},"thumbnailUrl":"https:\/\/www.pressenza.com\/wp-content\/uploads\/2025\/08\/Monika-FB1.jpg","datePublished":"2025-08-28T12:32:26+00:00","dateModified":"2025-08-28T12:33:55+00:00","description":"Als ich zum ersten Mal von ihr h\u00f6rte, war es durch unseren gemeinsamen Freund Bal\u00e1zs, ebenfalls aus Ungarn, der uns bat, ihn und Monika in Santiago","breadcrumb":{"@id":"https:\/\/www.pressenza.com\/de\/2025\/08\/der-aufbruch-von-monika-szladik\/#breadcrumb"},"inLanguage":"de","potentialAction":[{"@type":"ReadAction","target":["https:\/\/www.pressenza.com\/de\/2025\/08\/der-aufbruch-von-monika-szladik\/"]}]},{"@type":"ImageObject","inLanguage":"de","@id":"https:\/\/www.pressenza.com\/de\/2025\/08\/der-aufbruch-von-monika-szladik\/#primaryimage","url":"https:\/\/www.pressenza.com\/wp-content\/uploads\/2025\/08\/Monika-FB1.jpg","contentUrl":"https:\/\/www.pressenza.com\/wp-content\/uploads\/2025\/08\/Monika-FB1.jpg","width":2048,"height":1369},{"@type":"BreadcrumbList","@id":"https:\/\/www.pressenza.com\/de\/2025\/08\/der-aufbruch-von-monika-szladik\/#breadcrumb","itemListElement":[{"@type":"ListItem","position":1,"name":"Accueil","item":"https:\/\/www.pressenza.com\/de\/"},{"@type":"ListItem","position":2,"name":"Der Aufbruch von Monika Szladik"}]},{"@type":"WebSite","@id":"https:\/\/www.pressenza.com\/de\/#website","url":"https:\/\/www.pressenza.com\/de\/","name":"Pressenza","description":"International Press Agency","publisher":{"@id":"https:\/\/www.pressenza.com\/de\/#organization"},"potentialAction":[{"@type":"SearchAction","target":{"@type":"EntryPoint","urlTemplate":"https:\/\/www.pressenza.com\/de\/?s={search_term_string}"},"query-input":{"@type":"PropertyValueSpecification","valueRequired":true,"valueName":"search_term_string"}}],"inLanguage":"de"},{"@type":"Organization","@id":"https:\/\/www.pressenza.com\/de\/#organization","name":"Pressenza","url":"https:\/\/www.pressenza.com\/de\/","logo":{"@type":"ImageObject","inLanguage":"de","@id":"https:\/\/www.pressenza.com\/de\/#\/schema\/logo\/image\/","url":"https:\/\/www.pressenza.com\/wp-content\/uploads\/2022\/10\/pressenza_logo_200x200.jpg","contentUrl":"https:\/\/www.pressenza.com\/wp-content\/uploads\/2022\/10\/pressenza_logo_200x200.jpg","width":200,"height":200,"caption":"Pressenza"},"image":{"@id":"https:\/\/www.pressenza.com\/de\/#\/schema\/logo\/image\/"},"sameAs":["https:\/\/www.facebook.com\/PressenzaItalia","https:\/\/x.com\/PressenzaIPA"]},{"@type":"Person","@id":"https:\/\/www.pressenza.com\/de\/#\/schema\/person\/8bb53ec73ef39ceec36ca0128a0ccd41","name":"P\u00eda Figueroa","description":"Founder of Pressenza, life-long humanist, author of several monographs and books.","sameAs":["https:\/\/www.facebook.com\/pia.figueroa?ref=tn_tnmn","https:\/\/x.com\/piafigueroa"],"url":"https:\/\/www.pressenza.com\/de\/author\/pia-figueroa\/"}]}},"place":"","original_article_url":"","_links":{"self":[{"href":"https:\/\/www.pressenza.com\/de\/wp-json\/wp\/v2\/posts\/2630632","targetHints":{"allow":["GET"]}}],"collection":[{"href":"https:\/\/www.pressenza.com\/de\/wp-json\/wp\/v2\/posts"}],"about":[{"href":"https:\/\/www.pressenza.com\/de\/wp-json\/wp\/v2\/types\/post"}],"author":[{"embeddable":true,"href":"https:\/\/www.pressenza.com\/de\/wp-json\/wp\/v2\/users\/22"}],"replies":[{"embeddable":true,"href":"https:\/\/www.pressenza.com\/de\/wp-json\/wp\/v2\/comments?post=2630632"}],"version-history":[{"count":1,"href":"https:\/\/www.pressenza.com\/de\/wp-json\/wp\/v2\/posts\/2630632\/revisions"}],"predecessor-version":[{"id":2630635,"href":"https:\/\/www.pressenza.com\/de\/wp-json\/wp\/v2\/posts\/2630632\/revisions\/2630635"}],"wp:featuredmedia":[{"embeddable":true,"href":"https:\/\/www.pressenza.com\/de\/wp-json\/wp\/v2\/media\/2630634"}],"wp:attachment":[{"href":"https:\/\/www.pressenza.com\/de\/wp-json\/wp\/v2\/media?parent=2630632"}],"wp:term":[{"taxonomy":"category","embeddable":true,"href":"https:\/\/www.pressenza.com\/de\/wp-json\/wp\/v2\/categories?post=2630632"},{"taxonomy":"post_tag","embeddable":true,"href":"https:\/\/www.pressenza.com\/de\/wp-json\/wp\/v2\/tags?post=2630632"}],"curies":[{"name":"wp","href":"https:\/\/api.w.org\/{rel}","templated":true}]}}