{"id":2628616,"date":"2025-08-20T14:06:51","date_gmt":"2025-08-20T13:06:51","guid":{"rendered":"https:\/\/www.pressenza.com\/?p=2628616"},"modified":"2025-09-06T09:35:15","modified_gmt":"2025-09-06T08:35:15","slug":"energie-fuer-gerechtigkeit-comet%e2%80%91me-erhaelt-den-michael%e2%80%91sattler%e2%80%91friedenspreis-2025","status":"publish","type":"post","link":"https:\/\/www.pressenza.com\/de\/2025\/08\/energie-fuer-gerechtigkeit-comet%e2%80%91me-erhaelt-den-michael%e2%80%91sattler%e2%80%91friedenspreis-2025\/","title":{"rendered":"Energie f\u00fcr Gerechtigkeit \u2013 Comet\u2011ME erh\u00e4lt den Michael\u2011Sattler\u2011Friedenspreis 2025"},"content":{"rendered":"<p><strong>Im Jubil\u00e4umsjahr \u201e500 Jahre T\u00e4uferbewegung\u201c verleiht das \u00f6kumenisch zusammengesetzte Preiskomitee den renommierten Michael\u2011Sattler\u2011Friedenspreis 2025 an die Hilfsorganisation Comet\u2011Middle East (CME) aus Israel und Pal\u00e4stina <\/strong><span class=\"\" data-state=\"closed\"><span class=\"ms-1 inline-flex max-w-full items-center relative top-[-0.094rem] animate-[show_150ms_ease-in]\" data-testid=\"webpage-citation-pill\"><strong><a class=\"flex h-4.5 overflow-hidden rounded-xl px-2 text-[9px] font-medium text-token-text-secondary! bg-[#F4F4F4]! dark:bg-[#303030]! transition-colors duration-150 ease-in-out\" href=\"https:\/\/www.michael-sattler-friedenspreis.de\/bisherige-preistraeger\/preistraeger-comet-me-2025\/?utm_source=chatgpt.com\" rel=\"noopener\"><span class=\"relative start-0 bottom-0 flex h-full w-full items-center\"><span class=\"flex h-4 w-full items-center justify-between overflow-hidden\"><span class=\"max-w-full grow truncate overflow-hidden text-center\">michael-sattler-friedenspreis.de<\/span><\/span><\/span><\/a>.<\/strong> <\/span><\/span><\/p>\n<h3><strong>Strom f\u00fcr existenzielle Bed\u00fcrfnisse \u2013 ein kraftvoller Beitrag zum Frieden<\/strong><\/h3>\n<p>CME engagiert sich seit fast zwei Jahrzehnten f\u00fcr die Versorgung pal\u00e4stinensischer Familien im Westjordanland mit Strom, Wasser, Internet und weiteren <a href=\"http:\/\/michael-sattler-friedenspreis.de\" target=\"_blank\" rel=\"noopener\">Grundbed\u00fcrfnissen<\/a><span class=\"\" data-state=\"closed\"><span class=\"ms-1 inline-flex max-w-full items-center relative top-[-0.094rem] animate-[show_150ms_ease-in]\" data-testid=\"webpage-citation-pill\">. <span class=\"relative -mx-px my-[-0.2rem] rounded px-px py-[0.2rem] transition-colors duration-100 ease-in-out\">Inmitten der strukturellen Hindernisse in Area C \u2013 einem Gebiet, das etwa 60\u202f% des Westjordanlands umfasst und unter vollst\u00e4ndiger israelischer Kontrolle steht \u2013 schafft CME lebenswichtige Perspektiven. Die Organisation zielt darauf ab, 2.000 pal\u00e4stinensische Haushalte mittels Solar\u2011 und Windanlagen sowie Batterien mit zuverl\u00e4ssiger Energie zu versorgen<span class=\"\" data-state=\"closed\"><span class=\"ms-1 inline-flex max-w-full items-center relative top-[-0.094rem] animate-[show_150ms_ease-in]\" data-testid=\"webpage-citation-pill\">.<br \/>\n<\/span><\/span><\/span><\/span><\/span><\/p>\n<p><span class=\"\" data-state=\"closed\"><span class=\"ms-1 inline-flex max-w-full items-center relative top-[-0.094rem] animate-[show_150ms_ease-in]\" data-testid=\"webpage-citation-pill\"><span class=\"relative -mx-px my-[-0.2rem] rounded px-px py-[0.2rem] transition-colors duration-100 ease-in-out\"><span class=\"\" data-state=\"closed\"><span class=\"ms-1 inline-flex max-w-full items-center relative top-[-0.094rem] animate-[show_150ms_ease-in]\" data-testid=\"webpage-citation-pill\">Diese technische Hilfe ist eng verkn\u00fcpft mit einem tiefgreifenden Engagement f\u00fcr Gerechtigkeit und \u00f6kologische Nachhaltigkeit. Sie unterst\u00fctzt zum Beispiel K\u00fchl- und Molkereianlagen, optimiert Produktionsweisen und st\u00e4rkt damit die lokale Ern\u00e4hrungssicherheit \u2013 alles Hand in Hand mit dem Aufbau einer friedlichen israelisch\u2011pal\u00e4stinensischen Zivilgesellschaft<span class=\"\" data-state=\"closed\"><span class=\"ms-1 inline-flex max-w-full items-center relative top-[-0.094rem] animate-[show_150ms_ease-in]\" data-testid=\"webpage-citation-pill\">. <span class=\"relative -mx-px my-[-0.2rem] rounded px-px py-[0.2rem] transition-colors duration-100 ease-in-out\">Das Team von CME zeichnet sich durch religi\u00f6se und nationale Vielfalt aus<span class=\"\" data-state=\"closed\"><span class=\"ms-1 inline-flex max-w-full items-center relative top-[-0.094rem] animate-[show_150ms_ease-in]\" data-testid=\"webpage-citation-pill\">.<\/span><\/span><\/span><\/span><\/span><\/span><\/span><\/span><\/span><\/span><\/p>\n<h3><strong>Deutschland-Tour im September 2025 \u2013 unterwegs f\u00fcr Dialog und Verst\u00e4ndnis<\/strong><\/h3>\n<p>Im Herbst 2025 bietet sich eine Chance zur direkten Begegnung: Im September reist ein CME\u2011Team \u2013 unter Leitung von Asmahan Simry und mit Kommunikationskoordinatorin Tamar Cohen \u2013 durch Deutschland, um in Kirchengemeinden, Synagogen, Moscheen und weiteren Formaten Einblick in ihre Arbeit zu geben. Interessierte Gruppen k\u00f6nnen die G\u00e4ste einladen, Termine koordiniert \u00fcber David Lapp\u2011Jost zu arrangieren.<\/p>\n<h3><strong>Tourstationen (September 2025, Auszug):<\/strong><\/h3>\n<p style=\"padding-left: 40px;\"><strong data-start=\"44\" data-end=\"60\">6. September<\/strong>\u2003\u2003Methodisten Gemeinde Augsburg<br data-start=\"91\" data-end=\"94\" \/><strong data-start=\"94\" data-end=\"110\">7. September<\/strong>\u2003\u2003Mennonitengemeinde Ingolstadt<br data-start=\"141\" data-end=\"144\" \/><strong data-start=\"144\" data-end=\"160\" data-is-only-node=\"\">9. September<\/strong>\u2003\u2003Frauenkirche, Dresden<br data-start=\"183\" data-end=\"186\" \/><strong data-start=\"186\" data-end=\"203\">10. September<\/strong>\u2003Refo Moabit, Berlin<br data-start=\"223\" data-end=\"226\" \/><strong data-start=\"226\" data-end=\"243\">11. September<\/strong>\u2003Martin Niem\u00f6ller Haus, Berlin<br data-start=\"273\" data-end=\"276\" \/><strong data-start=\"276\" data-end=\"293\">12. September<\/strong>\u2003Thomaskirche, Hamburg<br data-start=\"315\" data-end=\"318\" \/><strong data-start=\"318\" data-end=\"335\">14. September<\/strong>\u2003Baptistengemeinde Wedding, Berlin<br data-start=\"369\" data-end=\"372\" \/><strong data-start=\"372\" data-end=\"389\">15. September<\/strong>\u2003Mennonitengemeinde Frankfurt<br data-start=\"418\" data-end=\"421\" \/><strong data-start=\"421\" data-end=\"438\">17. September<\/strong>\u2003Dietrich-Bonhoeffer-Haus, Fellbach \u2013 Stuttgart<br data-start=\"485\" data-end=\"488\" \/><strong data-start=\"488\" data-end=\"505\">18. September<\/strong>\u2003Mennonitengemeinde Kohlhof<br data-start=\"532\" data-end=\"535\" \/><strong data-start=\"535\" data-end=\"552\">19. September<\/strong>\u2003Die Gr\u00fcnen, Gemeindehaus Au, Frei. I B<\/p>\n","protected":false},"excerpt":{"rendered":"<p>Im Jubil\u00e4umsjahr \u201e500 Jahre T\u00e4uferbewegung\u201c verleiht das \u00f6kumenisch zusammengesetzte Preiskomitee den renommierten Michael\u2011Sattler\u2011Friedenspreis 2025 an die Hilfsorganisation Comet\u2011Middle East (CME) aus Israel und Pal\u00e4stina michael-sattler-friedenspreis.de. Strom f\u00fcr existenzielle Bed\u00fcrfnisse \u2013 ein kraftvoller Beitrag zum Frieden CME engagiert sich seit fast&hellip;<\/p>\n","protected":false},"author":1095,"featured_media":2628619,"comment_status":"closed","ping_status":"closed","sticky":false,"template":"","format":"standard","meta":{"footnotes":""},"categories":[9150,9167,9161,9151,11387],"tags":[141620,137394,15199,22866,41080,22229,9898,9799,22228,141621,101781,11458,10588,34218,42283],"class_list":["post-2628616","post","type-post","status-publish","format-standard","has-post-thumbnail","hentry","category-europa-de","category-frieden-und-abruestung","category-menschenrechte","category-mittlerer-osten","category-originalinhalt","tag-comet-me","tag-energiegerechtigkeit","tag-erneuerbare-energien","tag-friedensarbeit","tag-friedenspreis","tag-gewaltfreiheit","tag-inklusion","tag-israel-de","tag-menschenrechte","tag-michael-sattler-preis","tag-oekologische-gerechtigkeit","tag-palastina","tag-solarenergie","tag-westjordanland","tag-zivilgesellschaft"],"yoast_head":"<!-- This site is optimized with the Yoast SEO plugin v27.1.1 - https:\/\/yoast.com\/product\/yoast-seo-wordpress\/ -->\n<title>Energie f\u00fcr Gerechtigkeit \u2013 Comet\u2011ME erh\u00e4lt den Michael\u2011Sattler\u2011Friedenspreis 2025<\/title>\n<meta name=\"description\" content=\"Im Jubil\u00e4umsjahr \u201e500 Jahre T\u00e4uferbewegung\u201c verleiht das \u00f6kumenisch zusammengesetzte Preiskomitee den renommierten Michael\u2011Sattler\u2011Friedenspreis 2025 an\" \/>\n<meta name=\"robots\" content=\"index, follow, max-snippet:-1, max-image-preview:large, max-video-preview:-1\" \/>\n<link rel=\"canonical\" href=\"https:\/\/www.pressenza.com\/de\/2025\/08\/energie-fuer-gerechtigkeit-comet%e2%80%91me-erhaelt-den-michael%e2%80%91sattler%e2%80%91friedenspreis-2025\/\" \/>\n<meta property=\"og:locale\" content=\"de_DE\" \/>\n<meta property=\"og:type\" content=\"article\" \/>\n<meta property=\"og:title\" content=\"Energie f\u00fcr Gerechtigkeit \u2013 Comet\u2011ME erh\u00e4lt den Michael\u2011Sattler\u2011Friedenspreis 2025\" \/>\n<meta property=\"og:description\" content=\"Im Jubil\u00e4umsjahr \u201e500 Jahre T\u00e4uferbewegung\u201c verleiht das \u00f6kumenisch zusammengesetzte Preiskomitee den renommierten Michael\u2011Sattler\u2011Friedenspreis 2025 an\" \/>\n<meta property=\"og:url\" content=\"https:\/\/www.pressenza.com\/de\/2025\/08\/energie-fuer-gerechtigkeit-comet%e2%80%91me-erhaelt-den-michael%e2%80%91sattler%e2%80%91friedenspreis-2025\/\" \/>\n<meta property=\"og:site_name\" content=\"Pressenza\" \/>\n<meta property=\"article:publisher\" content=\"https:\/\/www.facebook.com\/PressenzaItalia\" \/>\n<meta property=\"article:author\" content=\"https:\/\/www.facebook.com\/Pressenza-Deutschland-sterreich-Schweiz-281675388658060\/timeline\/\" \/>\n<meta property=\"article:published_time\" content=\"2025-08-20T13:06:51+00:00\" \/>\n<meta property=\"article:modified_time\" content=\"2025-09-06T08:35:15+00:00\" \/>\n<meta property=\"og:image\" content=\"https:\/\/www.pressenza.com\/wp-content\/uploads\/2025\/08\/Comet-in-Berlin.png\" \/>\n\t<meta property=\"og:image:width\" content=\"1078\" \/>\n\t<meta property=\"og:image:height\" content=\"702\" \/>\n\t<meta property=\"og:image:type\" content=\"image\/png\" \/>\n<meta name=\"author\" content=\"Pressenza Berlin\" \/>\n<meta name=\"twitter:card\" content=\"summary_large_image\" \/>\n<meta name=\"twitter:creator\" content=\"@pressenza_ger\" \/>\n<meta name=\"twitter:site\" content=\"@PressenzaIPA\" \/>\n<meta name=\"twitter:label1\" content=\"Verfasst von\" \/>\n\t<meta name=\"twitter:data1\" content=\"Pressenza Berlin\" \/>\n\t<meta name=\"twitter:label2\" content=\"Gesch\u00e4tzte Lesezeit\" \/>\n\t<meta name=\"twitter:data2\" content=\"3\u00a0Minuten\" \/>\n<script type=\"application\/ld+json\" class=\"yoast-schema-graph\">{\"@context\":\"https:\/\/schema.org\",\"@graph\":[{\"@type\":\"Article\",\"@id\":\"https:\/\/www.pressenza.com\/de\/2025\/08\/energie-fuer-gerechtigkeit-comet%e2%80%91me-erhaelt-den-michael%e2%80%91sattler%e2%80%91friedenspreis-2025\/#article\",\"isPartOf\":{\"@id\":\"https:\/\/www.pressenza.com\/de\/2025\/08\/energie-fuer-gerechtigkeit-comet%e2%80%91me-erhaelt-den-michael%e2%80%91sattler%e2%80%91friedenspreis-2025\/\"},\"author\":{\"name\":\"Pressenza Berlin\",\"@id\":\"https:\/\/www.pressenza.com\/de\/#\/schema\/person\/57bb5480943a496a7722b0248e4b658a\"},\"headline\":\"Energie f\u00fcr Gerechtigkeit \u2013 Comet\u2011ME erh\u00e4lt den Michael\u2011Sattler\u2011Friedenspreis 2025\",\"datePublished\":\"2025-08-20T13:06:51+00:00\",\"dateModified\":\"2025-09-06T08:35:15+00:00\",\"mainEntityOfPage\":{\"@id\":\"https:\/\/www.pressenza.com\/de\/2025\/08\/energie-fuer-gerechtigkeit-comet%e2%80%91me-erhaelt-den-michael%e2%80%91sattler%e2%80%91friedenspreis-2025\/\"},\"wordCount\":300,\"publisher\":{\"@id\":\"https:\/\/www.pressenza.com\/de\/#organization\"},\"image\":{\"@id\":\"https:\/\/www.pressenza.com\/de\/2025\/08\/energie-fuer-gerechtigkeit-comet%e2%80%91me-erhaelt-den-michael%e2%80%91sattler%e2%80%91friedenspreis-2025\/#primaryimage\"},\"thumbnailUrl\":\"https:\/\/www.pressenza.com\/wp-content\/uploads\/2025\/08\/Comet-in-Berlin.png\",\"keywords\":[\"Comet-ME\",\"Energiegerechtigkeit\",\"erneuerbare Energien\",\"Friedensarbeit\",\"Friedenspreis\",\"Gewaltfreiheit\",\"Inklusion\",\"Israel\",\"Menschenrechte\",\"Michael-Sattler-Preis\",\"\u00f6kologische Gerechtigkeit\",\"Pal\u00e4stina\",\"solarenergie\",\"Westjordanland\",\"Zivilgesellschaft\"],\"articleSection\":[\"Europa\",\"Frieden und Abr\u00fcstung\",\"Menschenrechte\",\"Mittlerer Osten\",\"Originalinhalt\"],\"inLanguage\":\"de\"},{\"@type\":\"WebPage\",\"@id\":\"https:\/\/www.pressenza.com\/de\/2025\/08\/energie-fuer-gerechtigkeit-comet%e2%80%91me-erhaelt-den-michael%e2%80%91sattler%e2%80%91friedenspreis-2025\/\",\"url\":\"https:\/\/www.pressenza.com\/de\/2025\/08\/energie-fuer-gerechtigkeit-comet%e2%80%91me-erhaelt-den-michael%e2%80%91sattler%e2%80%91friedenspreis-2025\/\",\"name\":\"Energie f\u00fcr Gerechtigkeit \u2013 Comet\u2011ME erh\u00e4lt den Michael\u2011Sattler\u2011Friedenspreis 2025\",\"isPartOf\":{\"@id\":\"https:\/\/www.pressenza.com\/de\/#website\"},\"primaryImageOfPage\":{\"@id\":\"https:\/\/www.pressenza.com\/de\/2025\/08\/energie-fuer-gerechtigkeit-comet%e2%80%91me-erhaelt-den-michael%e2%80%91sattler%e2%80%91friedenspreis-2025\/#primaryimage\"},\"image\":{\"@id\":\"https:\/\/www.pressenza.com\/de\/2025\/08\/energie-fuer-gerechtigkeit-comet%e2%80%91me-erhaelt-den-michael%e2%80%91sattler%e2%80%91friedenspreis-2025\/#primaryimage\"},\"thumbnailUrl\":\"https:\/\/www.pressenza.com\/wp-content\/uploads\/2025\/08\/Comet-in-Berlin.png\",\"datePublished\":\"2025-08-20T13:06:51+00:00\",\"dateModified\":\"2025-09-06T08:35:15+00:00\",\"description\":\"Im Jubil\u00e4umsjahr \u201e500 Jahre T\u00e4uferbewegung\u201c verleiht das \u00f6kumenisch zusammengesetzte Preiskomitee den renommierten Michael\u2011Sattler\u2011Friedenspreis 2025 an\",\"breadcrumb\":{\"@id\":\"https:\/\/www.pressenza.com\/de\/2025\/08\/energie-fuer-gerechtigkeit-comet%e2%80%91me-erhaelt-den-michael%e2%80%91sattler%e2%80%91friedenspreis-2025\/#breadcrumb\"},\"inLanguage\":\"de\",\"potentialAction\":[{\"@type\":\"ReadAction\",\"target\":[\"https:\/\/www.pressenza.com\/de\/2025\/08\/energie-fuer-gerechtigkeit-comet%e2%80%91me-erhaelt-den-michael%e2%80%91sattler%e2%80%91friedenspreis-2025\/\"]}]},{\"@type\":\"ImageObject\",\"inLanguage\":\"de\",\"@id\":\"https:\/\/www.pressenza.com\/de\/2025\/08\/energie-fuer-gerechtigkeit-comet%e2%80%91me-erhaelt-den-michael%e2%80%91sattler%e2%80%91friedenspreis-2025\/#primaryimage\",\"url\":\"https:\/\/www.pressenza.com\/wp-content\/uploads\/2025\/08\/Comet-in-Berlin.png\",\"contentUrl\":\"https:\/\/www.pressenza.com\/wp-content\/uploads\/2025\/08\/Comet-in-Berlin.png\",\"width\":1078,\"height\":702,\"caption\":\"Energie f\u00fcr Gerechtigkeit \u2013 Comet\u2011ME erh\u00e4lt den Michael\u2011Sattler\u2011Friedenspreis 2025\"},{\"@type\":\"BreadcrumbList\",\"@id\":\"https:\/\/www.pressenza.com\/de\/2025\/08\/energie-fuer-gerechtigkeit-comet%e2%80%91me-erhaelt-den-michael%e2%80%91sattler%e2%80%91friedenspreis-2025\/#breadcrumb\",\"itemListElement\":[{\"@type\":\"ListItem\",\"position\":1,\"name\":\"Accueil\",\"item\":\"https:\/\/www.pressenza.com\/de\/\"},{\"@type\":\"ListItem\",\"position\":2,\"name\":\"Energie f\u00fcr Gerechtigkeit \u2013 Comet\u2011ME erh\u00e4lt den Michael\u2011Sattler\u2011Friedenspreis 2025\"}]},{\"@type\":\"WebSite\",\"@id\":\"https:\/\/www.pressenza.com\/de\/#website\",\"url\":\"https:\/\/www.pressenza.com\/de\/\",\"name\":\"Pressenza\",\"description\":\"International Press Agency\",\"publisher\":{\"@id\":\"https:\/\/www.pressenza.com\/de\/#organization\"},\"potentialAction\":[{\"@type\":\"SearchAction\",\"target\":{\"@type\":\"EntryPoint\",\"urlTemplate\":\"https:\/\/www.pressenza.com\/de\/?s={search_term_string}\"},\"query-input\":{\"@type\":\"PropertyValueSpecification\",\"valueRequired\":true,\"valueName\":\"search_term_string\"}}],\"inLanguage\":\"de\"},{\"@type\":\"Organization\",\"@id\":\"https:\/\/www.pressenza.com\/de\/#organization\",\"name\":\"Pressenza\",\"url\":\"https:\/\/www.pressenza.com\/de\/\",\"logo\":{\"@type\":\"ImageObject\",\"inLanguage\":\"de\",\"@id\":\"https:\/\/www.pressenza.com\/de\/#\/schema\/logo\/image\/\",\"url\":\"https:\/\/www.pressenza.com\/wp-content\/uploads\/2022\/10\/pressenza_logo_200x200.jpg\",\"contentUrl\":\"https:\/\/www.pressenza.com\/wp-content\/uploads\/2022\/10\/pressenza_logo_200x200.jpg\",\"width\":200,\"height\":200,\"caption\":\"Pressenza\"},\"image\":{\"@id\":\"https:\/\/www.pressenza.com\/de\/#\/schema\/logo\/image\/\"},\"sameAs\":[\"https:\/\/www.facebook.com\/PressenzaItalia\",\"https:\/\/x.com\/PressenzaIPA\"]},{\"@type\":\"Person\",\"@id\":\"https:\/\/www.pressenza.com\/de\/#\/schema\/person\/57bb5480943a496a7722b0248e4b658a\",\"name\":\"Pressenza Berlin\",\"description\":\"News from the Pressenza Bureau in Berlin, Germany\",\"sameAs\":[\"https:\/\/www.facebook.com\/Pressenza-Deutschland-sterreich-Schweiz-281675388658060\/timeline\/\",\"https:\/\/x.com\/pressenza_ger\"],\"url\":\"https:\/\/www.pressenza.com\/de\/author\/pressenza-berlin\/\"}]}<\/script>\n<!-- \/ Yoast SEO plugin. -->","yoast_head_json":{"title":"Energie f\u00fcr Gerechtigkeit \u2013 Comet\u2011ME erh\u00e4lt den Michael\u2011Sattler\u2011Friedenspreis 2025","description":"Im Jubil\u00e4umsjahr \u201e500 Jahre T\u00e4uferbewegung\u201c verleiht das \u00f6kumenisch zusammengesetzte Preiskomitee den renommierten Michael\u2011Sattler\u2011Friedenspreis 2025 an","robots":{"index":"index","follow":"follow","max-snippet":"max-snippet:-1","max-image-preview":"max-image-preview:large","max-video-preview":"max-video-preview:-1"},"canonical":"https:\/\/www.pressenza.com\/de\/2025\/08\/energie-fuer-gerechtigkeit-comet%e2%80%91me-erhaelt-den-michael%e2%80%91sattler%e2%80%91friedenspreis-2025\/","og_locale":"de_DE","og_type":"article","og_title":"Energie f\u00fcr Gerechtigkeit \u2013 Comet\u2011ME erh\u00e4lt den Michael\u2011Sattler\u2011Friedenspreis 2025","og_description":"Im Jubil\u00e4umsjahr \u201e500 Jahre T\u00e4uferbewegung\u201c verleiht das \u00f6kumenisch zusammengesetzte Preiskomitee den renommierten Michael\u2011Sattler\u2011Friedenspreis 2025 an","og_url":"https:\/\/www.pressenza.com\/de\/2025\/08\/energie-fuer-gerechtigkeit-comet%e2%80%91me-erhaelt-den-michael%e2%80%91sattler%e2%80%91friedenspreis-2025\/","og_site_name":"Pressenza","article_publisher":"https:\/\/www.facebook.com\/PressenzaItalia","article_author":"https:\/\/www.facebook.com\/Pressenza-Deutschland-sterreich-Schweiz-281675388658060\/timeline\/","article_published_time":"2025-08-20T13:06:51+00:00","article_modified_time":"2025-09-06T08:35:15+00:00","og_image":[{"width":1078,"height":702,"url":"https:\/\/www.pressenza.com\/wp-content\/uploads\/2025\/08\/Comet-in-Berlin.png","type":"image\/png"}],"author":"Pressenza Berlin","twitter_card":"summary_large_image","twitter_creator":"@pressenza_ger","twitter_site":"@PressenzaIPA","twitter_misc":{"Verfasst von":"Pressenza Berlin","Gesch\u00e4tzte Lesezeit":"3\u00a0Minuten"},"schema":{"@context":"https:\/\/schema.org","@graph":[{"@type":"Article","@id":"https:\/\/www.pressenza.com\/de\/2025\/08\/energie-fuer-gerechtigkeit-comet%e2%80%91me-erhaelt-den-michael%e2%80%91sattler%e2%80%91friedenspreis-2025\/#article","isPartOf":{"@id":"https:\/\/www.pressenza.com\/de\/2025\/08\/energie-fuer-gerechtigkeit-comet%e2%80%91me-erhaelt-den-michael%e2%80%91sattler%e2%80%91friedenspreis-2025\/"},"author":{"name":"Pressenza Berlin","@id":"https:\/\/www.pressenza.com\/de\/#\/schema\/person\/57bb5480943a496a7722b0248e4b658a"},"headline":"Energie f\u00fcr Gerechtigkeit \u2013 Comet\u2011ME erh\u00e4lt den Michael\u2011Sattler\u2011Friedenspreis 2025","datePublished":"2025-08-20T13:06:51+00:00","dateModified":"2025-09-06T08:35:15+00:00","mainEntityOfPage":{"@id":"https:\/\/www.pressenza.com\/de\/2025\/08\/energie-fuer-gerechtigkeit-comet%e2%80%91me-erhaelt-den-michael%e2%80%91sattler%e2%80%91friedenspreis-2025\/"},"wordCount":300,"publisher":{"@id":"https:\/\/www.pressenza.com\/de\/#organization"},"image":{"@id":"https:\/\/www.pressenza.com\/de\/2025\/08\/energie-fuer-gerechtigkeit-comet%e2%80%91me-erhaelt-den-michael%e2%80%91sattler%e2%80%91friedenspreis-2025\/#primaryimage"},"thumbnailUrl":"https:\/\/www.pressenza.com\/wp-content\/uploads\/2025\/08\/Comet-in-Berlin.png","keywords":["Comet-ME","Energiegerechtigkeit","erneuerbare Energien","Friedensarbeit","Friedenspreis","Gewaltfreiheit","Inklusion","Israel","Menschenrechte","Michael-Sattler-Preis","\u00f6kologische Gerechtigkeit","Pal\u00e4stina","solarenergie","Westjordanland","Zivilgesellschaft"],"articleSection":["Europa","Frieden und Abr\u00fcstung","Menschenrechte","Mittlerer Osten","Originalinhalt"],"inLanguage":"de"},{"@type":"WebPage","@id":"https:\/\/www.pressenza.com\/de\/2025\/08\/energie-fuer-gerechtigkeit-comet%e2%80%91me-erhaelt-den-michael%e2%80%91sattler%e2%80%91friedenspreis-2025\/","url":"https:\/\/www.pressenza.com\/de\/2025\/08\/energie-fuer-gerechtigkeit-comet%e2%80%91me-erhaelt-den-michael%e2%80%91sattler%e2%80%91friedenspreis-2025\/","name":"Energie f\u00fcr Gerechtigkeit \u2013 Comet\u2011ME erh\u00e4lt den Michael\u2011Sattler\u2011Friedenspreis 2025","isPartOf":{"@id":"https:\/\/www.pressenza.com\/de\/#website"},"primaryImageOfPage":{"@id":"https:\/\/www.pressenza.com\/de\/2025\/08\/energie-fuer-gerechtigkeit-comet%e2%80%91me-erhaelt-den-michael%e2%80%91sattler%e2%80%91friedenspreis-2025\/#primaryimage"},"image":{"@id":"https:\/\/www.pressenza.com\/de\/2025\/08\/energie-fuer-gerechtigkeit-comet%e2%80%91me-erhaelt-den-michael%e2%80%91sattler%e2%80%91friedenspreis-2025\/#primaryimage"},"thumbnailUrl":"https:\/\/www.pressenza.com\/wp-content\/uploads\/2025\/08\/Comet-in-Berlin.png","datePublished":"2025-08-20T13:06:51+00:00","dateModified":"2025-09-06T08:35:15+00:00","description":"Im Jubil\u00e4umsjahr \u201e500 Jahre T\u00e4uferbewegung\u201c verleiht das \u00f6kumenisch zusammengesetzte Preiskomitee den renommierten Michael\u2011Sattler\u2011Friedenspreis 2025 an","breadcrumb":{"@id":"https:\/\/www.pressenza.com\/de\/2025\/08\/energie-fuer-gerechtigkeit-comet%e2%80%91me-erhaelt-den-michael%e2%80%91sattler%e2%80%91friedenspreis-2025\/#breadcrumb"},"inLanguage":"de","potentialAction":[{"@type":"ReadAction","target":["https:\/\/www.pressenza.com\/de\/2025\/08\/energie-fuer-gerechtigkeit-comet%e2%80%91me-erhaelt-den-michael%e2%80%91sattler%e2%80%91friedenspreis-2025\/"]}]},{"@type":"ImageObject","inLanguage":"de","@id":"https:\/\/www.pressenza.com\/de\/2025\/08\/energie-fuer-gerechtigkeit-comet%e2%80%91me-erhaelt-den-michael%e2%80%91sattler%e2%80%91friedenspreis-2025\/#primaryimage","url":"https:\/\/www.pressenza.com\/wp-content\/uploads\/2025\/08\/Comet-in-Berlin.png","contentUrl":"https:\/\/www.pressenza.com\/wp-content\/uploads\/2025\/08\/Comet-in-Berlin.png","width":1078,"height":702,"caption":"Energie f\u00fcr Gerechtigkeit \u2013 Comet\u2011ME erh\u00e4lt den Michael\u2011Sattler\u2011Friedenspreis 2025"},{"@type":"BreadcrumbList","@id":"https:\/\/www.pressenza.com\/de\/2025\/08\/energie-fuer-gerechtigkeit-comet%e2%80%91me-erhaelt-den-michael%e2%80%91sattler%e2%80%91friedenspreis-2025\/#breadcrumb","itemListElement":[{"@type":"ListItem","position":1,"name":"Accueil","item":"https:\/\/www.pressenza.com\/de\/"},{"@type":"ListItem","position":2,"name":"Energie f\u00fcr Gerechtigkeit \u2013 Comet\u2011ME erh\u00e4lt den Michael\u2011Sattler\u2011Friedenspreis 2025"}]},{"@type":"WebSite","@id":"https:\/\/www.pressenza.com\/de\/#website","url":"https:\/\/www.pressenza.com\/de\/","name":"Pressenza","description":"International Press Agency","publisher":{"@id":"https:\/\/www.pressenza.com\/de\/#organization"},"potentialAction":[{"@type":"SearchAction","target":{"@type":"EntryPoint","urlTemplate":"https:\/\/www.pressenza.com\/de\/?s={search_term_string}"},"query-input":{"@type":"PropertyValueSpecification","valueRequired":true,"valueName":"search_term_string"}}],"inLanguage":"de"},{"@type":"Organization","@id":"https:\/\/www.pressenza.com\/de\/#organization","name":"Pressenza","url":"https:\/\/www.pressenza.com\/de\/","logo":{"@type":"ImageObject","inLanguage":"de","@id":"https:\/\/www.pressenza.com\/de\/#\/schema\/logo\/image\/","url":"https:\/\/www.pressenza.com\/wp-content\/uploads\/2022\/10\/pressenza_logo_200x200.jpg","contentUrl":"https:\/\/www.pressenza.com\/wp-content\/uploads\/2022\/10\/pressenza_logo_200x200.jpg","width":200,"height":200,"caption":"Pressenza"},"image":{"@id":"https:\/\/www.pressenza.com\/de\/#\/schema\/logo\/image\/"},"sameAs":["https:\/\/www.facebook.com\/PressenzaItalia","https:\/\/x.com\/PressenzaIPA"]},{"@type":"Person","@id":"https:\/\/www.pressenza.com\/de\/#\/schema\/person\/57bb5480943a496a7722b0248e4b658a","name":"Pressenza Berlin","description":"News from the Pressenza Bureau in Berlin, Germany","sameAs":["https:\/\/www.facebook.com\/Pressenza-Deutschland-sterreich-Schweiz-281675388658060\/timeline\/","https:\/\/x.com\/pressenza_ger"],"url":"https:\/\/www.pressenza.com\/de\/author\/pressenza-berlin\/"}]}},"place":"","original_article_url":"","_links":{"self":[{"href":"https:\/\/www.pressenza.com\/de\/wp-json\/wp\/v2\/posts\/2628616","targetHints":{"allow":["GET"]}}],"collection":[{"href":"https:\/\/www.pressenza.com\/de\/wp-json\/wp\/v2\/posts"}],"about":[{"href":"https:\/\/www.pressenza.com\/de\/wp-json\/wp\/v2\/types\/post"}],"author":[{"embeddable":true,"href":"https:\/\/www.pressenza.com\/de\/wp-json\/wp\/v2\/users\/1095"}],"replies":[{"embeddable":true,"href":"https:\/\/www.pressenza.com\/de\/wp-json\/wp\/v2\/comments?post=2628616"}],"version-history":[{"count":3,"href":"https:\/\/www.pressenza.com\/de\/wp-json\/wp\/v2\/posts\/2628616\/revisions"}],"predecessor-version":[{"id":2628622,"href":"https:\/\/www.pressenza.com\/de\/wp-json\/wp\/v2\/posts\/2628616\/revisions\/2628622"}],"wp:featuredmedia":[{"embeddable":true,"href":"https:\/\/www.pressenza.com\/de\/wp-json\/wp\/v2\/media\/2628619"}],"wp:attachment":[{"href":"https:\/\/www.pressenza.com\/de\/wp-json\/wp\/v2\/media?parent=2628616"}],"wp:term":[{"taxonomy":"category","embeddable":true,"href":"https:\/\/www.pressenza.com\/de\/wp-json\/wp\/v2\/categories?post=2628616"},{"taxonomy":"post_tag","embeddable":true,"href":"https:\/\/www.pressenza.com\/de\/wp-json\/wp\/v2\/tags?post=2628616"}],"curies":[{"name":"wp","href":"https:\/\/api.w.org\/{rel}","templated":true}]}}