{"id":2623305,"date":"2025-07-30T13:17:27","date_gmt":"2025-07-30T12:17:27","guid":{"rendered":"https:\/\/www.pressenza.com\/?p=2623305"},"modified":"2025-07-30T13:19:29","modified_gmt":"2025-07-30T12:19:29","slug":"wettern-der-woche-legaler-diebstahl","status":"publish","type":"post","link":"https:\/\/www.pressenza.com\/de\/2025\/07\/wettern-der-woche-legaler-diebstahl\/","title":{"rendered":"Wettern der Woche: Legaler Diebstahl"},"content":{"rendered":"<p><strong>Manchmal helfen ja auch 5.000 Euro, damit man genauer hinh\u00f6rt. Das B\u00fcrgerprojekt &#8222;Die AnStifter&#8220; aus Stuttgart hat soeben eine exzellente Wahl getroffen: Anne Brorhilker erh\u00e4lt den FriedensPreis 2025. Und das nicht f\u00fcr lauwarme Worte oder meditative Stille \u2013 sondern weil sie ausgepackt hat. Weil sie hinlangt, wo&#8217;s weh tut: bei denen, die uns schamlos ausnehmen.<\/strong><\/p>\n<p>Cum-Ex und Cum-Cum \u2013 klingt nach Yoga-\u00dcbung oder Kinderreim, ist aber nichts anderes als organisierter Steuerraub.<\/p>\n<p><iframe loading=\"lazy\" title=\"Legaler Diebstahl \u2013 Grohmanns &quot;Wettern der Woche&quot;\" width=\"500\" height=\"281\" src=\"https:\/\/www.youtube.com\/embed\/D7rCLpfESvo?feature=oembed\" frameborder=\"0\" allow=\"accelerometer; autoplay; clipboard-write; encrypted-media; gyroscope; picture-in-picture; web-share\" referrerpolicy=\"strict-origin-when-cross-origin\" allowfullscreen><\/iframe><\/p>\n<p>Anne Brorhilker, einst Deutschlands oberste Cum-Ex-J\u00e4gerin, hatte 2024 den Dienst quittiert. Zerm\u00fcrbt, gemobbt, ausgebremst \u2013 von einem Staat, der sich lieber mit dem kleinen Schwarzarbeiter befasst als mit milliarden-schweren Steuertricksern im Ma\u00dfanzug. 100 Milliarden Euro Schaden Jahr um Jahr durch Steuerbetrug \u2013 das sagt nicht irgendwer, das sagt Brorhilker und belegt das mit handfesten Zahlen. 100 Milliarden \u2013 ist mehr als doppelt soviel wie Hartz IV, B\u00fcrgergeld, Wohngeld etc.pp., hinter deren Empf\u00e4ngern die Regierenden her sind wie der Hund hinter der Wurst. T\u00e4glich wird \u00fcber angeblich arbeitsunwillige Faulenzer und Betr\u00fcger hergezogen, was das Zeug h\u00e4lt &#8211; und die gro\u00dfen, ganz gro\u00dfen Fische schl\u00fcpfen jahrzehntelang durchs Netz. Gern geschehen, liebe W\u00e4hlerInnen.<\/p>\n<p>Aber Cum-Ex war erst der Anfang. Cum-Cum, der gro\u00dfe Bruder, l\u00e4uft fr\u00f6hlich weiter, fast unbehelligt. W\u00e4hrend bei Cum-Ex wenigstens ein Teil der Beute zur\u00fcckgeholt wurde, betr\u00e4gt die R\u00fcckf\u00fchrungsquote bei Cum-Cum ein Prozent. Ein Prozent! Da schlackern selbst Finanzbeamte mit den Ohren \u2013 sofern sie nicht l\u00e4ngst in die Beratung gewechselt sind.<\/p>\n<p>Die Masche ist so simpel wie dreist: Man l\u00e4sst sich Steuern erstatten, die man nie gezahlt hat. Den Trick nennt man schlicht Gesetzesl\u00fccke und f\u00fchlt sich dabei auch noch oberschlau. Unterst\u00fctzt wird das Ganze von einem Heer aus Bankern, Steuerberatern, Juristen und Lobbyisten. Sie sind die eigentlichen Architekten des Abzocksystems \u2013 und mit im Boot deine Hausbank.<\/p>\n<p>Wer das anprangert, wird diffamiert, ausgebremst, kaltgestellt. So wie Anne Brorhilker. Doch sie gibt nicht auf. Heute ist sie bei &#8222;Finanzwende&#8220; und schl\u00e4gt weiter Alarm. Zu Recht.<\/p>\n<p>Demokratie verteidigen hei\u00dft auch, den Gro\u00dfen auf die Finger zu schauen &#8211; und zu hauen. Und zwar mit Lupe und R\u00fcckgrat. Also? Wir brauchen mehr Brorhilkers. \u201eUnd wir brauchen einen Staat, der nicht nur B\u00e4cker kontrolliert, sondern Banken\u201c, ruft meine Omi Glimbzsch aus Zittau. \u201eDer nicht die Armen jagt, sondern die Raffgierigen.\u201c Ein Staat, der sagt: Schluss mit dem legalisierten Diebstahl. Wer den Rechtsstaat verschei\u00dfert und verkauft, darf sich \u00fcber&#8217;s Pfeifen auf die Demokratie und Politikverdrossenheit nicht wundern. Und \u00fcber eine schwindelnde Mitte.<\/p>\n<p><em><a href=\"https:\/\/www.youtube.com\/channel\/UCIUhugD7UAKv8008QIch1Rw\" target=\"_blank\" rel=\"noopener\">Peter Grohmann\u2019s \u201eWettern der Woche\u201c<\/a><\/em><\/p>\n<p><em>Peter Grohmann ist Kabarettist und Koordinator des B\u00fcrgerprojekts Die AnStifter. Hier die Menschenrechtszeitung <a href=\"https:\/\/30tageimnovember.de\/materialien\/\" target=\"_blank\" rel=\"noopener\">herunterladen<\/a>.<\/em><\/p>\n","protected":false},"excerpt":{"rendered":"<p>Manchmal helfen ja auch 5.000 Euro, damit man genauer hinh\u00f6rt. Das B\u00fcrgerprojekt &#8222;Die AnStifter&#8220; aus Stuttgart hat soeben eine exzellente Wahl getroffen: Anne Brorhilker erh\u00e4lt den FriedensPreis 2025. Und das nicht f\u00fcr lauwarme Worte oder meditative Stille \u2013 sondern weil&hellip;<\/p>\n","protected":false},"author":2138,"featured_media":2623306,"comment_status":"closed","ping_status":"closed","sticky":false,"template":"","format":"standard","meta":{"footnotes":""},"categories":[9150,9143,11387,27991,9158],"tags":[140599,16419,140600,94050,9821,123995,41080,22150,102467,43274,81927,16239,40730,41326,102468],"class_list":["post-2623305","post","type-post","status-publish","format-standard","has-post-thumbnail","hentry","category-europa-de","category-meinungen","category-originalinhalt","category-video-de","category-wirtschaft","tag-anne-brorhilker","tag-banken","tag-cum-cum","tag-cum-ex","tag-demokratie","tag-die-anstifter","tag-friedenspreis","tag-gerechtigkeit","tag-glosse","tag-lobbyismus","tag-rechtsstaat","tag-satire-de","tag-soziale-ungleichheit","tag-steuerbetrug","tag-wettern-der-woche"],"yoast_head":"<!-- This site is optimized with the Yoast SEO plugin v27.1.1 - https:\/\/yoast.com\/product\/yoast-seo-wordpress\/ -->\n<title>Wettern der Woche: Legaler Diebstahl<\/title>\n<meta name=\"description\" content=\"Manchmal helfen ja auch 5.000 Euro, damit man genauer hinh\u00f6rt. Das B\u00fcrgerprojekt &quot;Die AnStifter&quot; aus Stuttgart hat soeben eine exzellente Wahl getroffen:\" \/>\n<meta name=\"robots\" content=\"index, follow, max-snippet:-1, max-image-preview:large, max-video-preview:-1\" \/>\n<link rel=\"canonical\" href=\"https:\/\/www.pressenza.com\/de\/2025\/07\/wettern-der-woche-legaler-diebstahl\/\" \/>\n<meta property=\"og:locale\" content=\"de_DE\" \/>\n<meta property=\"og:type\" content=\"article\" \/>\n<meta property=\"og:title\" content=\"Wettern der Woche: Legaler Diebstahl\" \/>\n<meta property=\"og:description\" content=\"Manchmal helfen ja auch 5.000 Euro, damit man genauer hinh\u00f6rt. Das B\u00fcrgerprojekt &quot;Die AnStifter&quot; aus Stuttgart hat soeben eine exzellente Wahl getroffen:\" \/>\n<meta property=\"og:url\" content=\"https:\/\/www.pressenza.com\/de\/2025\/07\/wettern-der-woche-legaler-diebstahl\/\" \/>\n<meta property=\"og:site_name\" content=\"Pressenza\" \/>\n<meta property=\"article:publisher\" content=\"https:\/\/www.facebook.com\/PressenzaItalia\" \/>\n<meta property=\"article:published_time\" content=\"2025-07-30T12:17:27+00:00\" \/>\n<meta property=\"article:modified_time\" content=\"2025-07-30T12:19:29+00:00\" \/>\n<meta property=\"og:image\" content=\"https:\/\/www.pressenza.com\/wp-content\/uploads\/2025\/07\/Wettern_der_Woche_LegalerDiebstahl.jpg\" \/>\n\t<meta property=\"og:image:width\" content=\"1280\" \/>\n\t<meta property=\"og:image:height\" content=\"720\" \/>\n\t<meta property=\"og:image:type\" content=\"image\/jpeg\" \/>\n<meta name=\"author\" content=\"Peter Grohmann\" \/>\n<meta name=\"twitter:card\" content=\"summary_large_image\" \/>\n<meta name=\"twitter:creator\" content=\"@PressenzaIPA\" \/>\n<meta name=\"twitter:site\" content=\"@PressenzaIPA\" \/>\n<meta name=\"twitter:label1\" content=\"Verfasst von\" \/>\n\t<meta name=\"twitter:data1\" content=\"Peter Grohmann\" \/>\n\t<meta name=\"twitter:label2\" content=\"Gesch\u00e4tzte Lesezeit\" \/>\n\t<meta name=\"twitter:data2\" content=\"3\u00a0Minuten\" \/>\n<script type=\"application\/ld+json\" class=\"yoast-schema-graph\">{\"@context\":\"https:\/\/schema.org\",\"@graph\":[{\"@type\":\"Article\",\"@id\":\"https:\/\/www.pressenza.com\/de\/2025\/07\/wettern-der-woche-legaler-diebstahl\/#article\",\"isPartOf\":{\"@id\":\"https:\/\/www.pressenza.com\/de\/2025\/07\/wettern-der-woche-legaler-diebstahl\/\"},\"author\":{\"name\":\"Peter Grohmann\",\"@id\":\"https:\/\/www.pressenza.com\/de\/#\/schema\/person\/13fbb69602a371248f3199c744d1187e\"},\"headline\":\"Wettern der Woche: Legaler Diebstahl\",\"datePublished\":\"2025-07-30T12:17:27+00:00\",\"dateModified\":\"2025-07-30T12:19:29+00:00\",\"mainEntityOfPage\":{\"@id\":\"https:\/\/www.pressenza.com\/de\/2025\/07\/wettern-der-woche-legaler-diebstahl\/\"},\"wordCount\":457,\"publisher\":{\"@id\":\"https:\/\/www.pressenza.com\/de\/#organization\"},\"image\":{\"@id\":\"https:\/\/www.pressenza.com\/de\/2025\/07\/wettern-der-woche-legaler-diebstahl\/#primaryimage\"},\"thumbnailUrl\":\"https:\/\/www.pressenza.com\/wp-content\/uploads\/2025\/07\/Wettern_der_Woche_LegalerDiebstahl.jpg\",\"keywords\":[\"Anne Brorhilker\",\"Banken\",\"Cum-Cum\",\"Cum-Ex\",\"Demokratie\",\"Die AnStifter\",\"Friedenspreis\",\"Gerechtigkeit\",\"Glosse\",\"Lobbyismus\",\"Rechtsstaat\",\"satire\",\"Soziale Ungleichheit\",\"Steuerbetrug\",\"Wettern der Woche\"],\"articleSection\":[\"Europa\",\"Meinungen\",\"Originalinhalt\",\"Video\",\"Wirtschaft\"],\"inLanguage\":\"de\"},{\"@type\":\"WebPage\",\"@id\":\"https:\/\/www.pressenza.com\/de\/2025\/07\/wettern-der-woche-legaler-diebstahl\/\",\"url\":\"https:\/\/www.pressenza.com\/de\/2025\/07\/wettern-der-woche-legaler-diebstahl\/\",\"name\":\"Wettern der Woche: Legaler Diebstahl\",\"isPartOf\":{\"@id\":\"https:\/\/www.pressenza.com\/de\/#website\"},\"primaryImageOfPage\":{\"@id\":\"https:\/\/www.pressenza.com\/de\/2025\/07\/wettern-der-woche-legaler-diebstahl\/#primaryimage\"},\"image\":{\"@id\":\"https:\/\/www.pressenza.com\/de\/2025\/07\/wettern-der-woche-legaler-diebstahl\/#primaryimage\"},\"thumbnailUrl\":\"https:\/\/www.pressenza.com\/wp-content\/uploads\/2025\/07\/Wettern_der_Woche_LegalerDiebstahl.jpg\",\"datePublished\":\"2025-07-30T12:17:27+00:00\",\"dateModified\":\"2025-07-30T12:19:29+00:00\",\"description\":\"Manchmal helfen ja auch 5.000 Euro, damit man genauer hinh\u00f6rt. Das B\u00fcrgerprojekt \\\"Die AnStifter\\\" aus Stuttgart hat soeben eine exzellente Wahl getroffen:\",\"breadcrumb\":{\"@id\":\"https:\/\/www.pressenza.com\/de\/2025\/07\/wettern-der-woche-legaler-diebstahl\/#breadcrumb\"},\"inLanguage\":\"de\",\"potentialAction\":[{\"@type\":\"ReadAction\",\"target\":[\"https:\/\/www.pressenza.com\/de\/2025\/07\/wettern-der-woche-legaler-diebstahl\/\"]}]},{\"@type\":\"ImageObject\",\"inLanguage\":\"de\",\"@id\":\"https:\/\/www.pressenza.com\/de\/2025\/07\/wettern-der-woche-legaler-diebstahl\/#primaryimage\",\"url\":\"https:\/\/www.pressenza.com\/wp-content\/uploads\/2025\/07\/Wettern_der_Woche_LegalerDiebstahl.jpg\",\"contentUrl\":\"https:\/\/www.pressenza.com\/wp-content\/uploads\/2025\/07\/Wettern_der_Woche_LegalerDiebstahl.jpg\",\"width\":1280,\"height\":720,\"caption\":\"Wettern der Woche: Legaler Diebstahl\"},{\"@type\":\"BreadcrumbList\",\"@id\":\"https:\/\/www.pressenza.com\/de\/2025\/07\/wettern-der-woche-legaler-diebstahl\/#breadcrumb\",\"itemListElement\":[{\"@type\":\"ListItem\",\"position\":1,\"name\":\"Accueil\",\"item\":\"https:\/\/www.pressenza.com\/de\/\"},{\"@type\":\"ListItem\",\"position\":2,\"name\":\"Wettern der Woche: Legaler Diebstahl\"}]},{\"@type\":\"WebSite\",\"@id\":\"https:\/\/www.pressenza.com\/de\/#website\",\"url\":\"https:\/\/www.pressenza.com\/de\/\",\"name\":\"Pressenza\",\"description\":\"International Press Agency\",\"publisher\":{\"@id\":\"https:\/\/www.pressenza.com\/de\/#organization\"},\"potentialAction\":[{\"@type\":\"SearchAction\",\"target\":{\"@type\":\"EntryPoint\",\"urlTemplate\":\"https:\/\/www.pressenza.com\/de\/?s={search_term_string}\"},\"query-input\":{\"@type\":\"PropertyValueSpecification\",\"valueRequired\":true,\"valueName\":\"search_term_string\"}}],\"inLanguage\":\"de\"},{\"@type\":\"Organization\",\"@id\":\"https:\/\/www.pressenza.com\/de\/#organization\",\"name\":\"Pressenza\",\"url\":\"https:\/\/www.pressenza.com\/de\/\",\"logo\":{\"@type\":\"ImageObject\",\"inLanguage\":\"de\",\"@id\":\"https:\/\/www.pressenza.com\/de\/#\/schema\/logo\/image\/\",\"url\":\"https:\/\/www.pressenza.com\/wp-content\/uploads\/2022\/10\/pressenza_logo_200x200.jpg\",\"contentUrl\":\"https:\/\/www.pressenza.com\/wp-content\/uploads\/2022\/10\/pressenza_logo_200x200.jpg\",\"width\":200,\"height\":200,\"caption\":\"Pressenza\"},\"image\":{\"@id\":\"https:\/\/www.pressenza.com\/de\/#\/schema\/logo\/image\/\"},\"sameAs\":[\"https:\/\/www.facebook.com\/PressenzaItalia\",\"https:\/\/x.com\/PressenzaIPA\"]},{\"@type\":\"Person\",\"@id\":\"https:\/\/www.pressenza.com\/de\/#\/schema\/person\/13fbb69602a371248f3199c744d1187e\",\"name\":\"Peter Grohmann\",\"description\":\"(Jahrgang 1937) lebt in Stuttgart, ist Schriftsteller und Kabarettist und arbeitet u.a. f\u00fcr die Wochenzeitung Kontext, de TAZ und diverse andere Medien. Grohmann hat das B\u00fcrgerprojekt Die AnStifter gegr\u00fcndet, heute eine der gro\u00dfen zivilgeellschaftlichen Gruppen mit dem Schwerpunkt \u201egegen Gewalt und Vergessen\u201d. https:\/\/dewiki.de\/Lexikon\/Peter_Grohmann\",\"url\":\"https:\/\/www.pressenza.com\/de\/author\/peter-grohmann\/\"}]}<\/script>\n<!-- \/ Yoast SEO plugin. -->","yoast_head_json":{"title":"Wettern der Woche: Legaler Diebstahl","description":"Manchmal helfen ja auch 5.000 Euro, damit man genauer hinh\u00f6rt. Das B\u00fcrgerprojekt \"Die AnStifter\" aus Stuttgart hat soeben eine exzellente Wahl getroffen:","robots":{"index":"index","follow":"follow","max-snippet":"max-snippet:-1","max-image-preview":"max-image-preview:large","max-video-preview":"max-video-preview:-1"},"canonical":"https:\/\/www.pressenza.com\/de\/2025\/07\/wettern-der-woche-legaler-diebstahl\/","og_locale":"de_DE","og_type":"article","og_title":"Wettern der Woche: Legaler Diebstahl","og_description":"Manchmal helfen ja auch 5.000 Euro, damit man genauer hinh\u00f6rt. Das B\u00fcrgerprojekt \"Die AnStifter\" aus Stuttgart hat soeben eine exzellente Wahl getroffen:","og_url":"https:\/\/www.pressenza.com\/de\/2025\/07\/wettern-der-woche-legaler-diebstahl\/","og_site_name":"Pressenza","article_publisher":"https:\/\/www.facebook.com\/PressenzaItalia","article_published_time":"2025-07-30T12:17:27+00:00","article_modified_time":"2025-07-30T12:19:29+00:00","og_image":[{"width":1280,"height":720,"url":"https:\/\/www.pressenza.com\/wp-content\/uploads\/2025\/07\/Wettern_der_Woche_LegalerDiebstahl.jpg","type":"image\/jpeg"}],"author":"Peter Grohmann","twitter_card":"summary_large_image","twitter_creator":"@PressenzaIPA","twitter_site":"@PressenzaIPA","twitter_misc":{"Verfasst von":"Peter Grohmann","Gesch\u00e4tzte Lesezeit":"3\u00a0Minuten"},"schema":{"@context":"https:\/\/schema.org","@graph":[{"@type":"Article","@id":"https:\/\/www.pressenza.com\/de\/2025\/07\/wettern-der-woche-legaler-diebstahl\/#article","isPartOf":{"@id":"https:\/\/www.pressenza.com\/de\/2025\/07\/wettern-der-woche-legaler-diebstahl\/"},"author":{"name":"Peter Grohmann","@id":"https:\/\/www.pressenza.com\/de\/#\/schema\/person\/13fbb69602a371248f3199c744d1187e"},"headline":"Wettern der Woche: Legaler Diebstahl","datePublished":"2025-07-30T12:17:27+00:00","dateModified":"2025-07-30T12:19:29+00:00","mainEntityOfPage":{"@id":"https:\/\/www.pressenza.com\/de\/2025\/07\/wettern-der-woche-legaler-diebstahl\/"},"wordCount":457,"publisher":{"@id":"https:\/\/www.pressenza.com\/de\/#organization"},"image":{"@id":"https:\/\/www.pressenza.com\/de\/2025\/07\/wettern-der-woche-legaler-diebstahl\/#primaryimage"},"thumbnailUrl":"https:\/\/www.pressenza.com\/wp-content\/uploads\/2025\/07\/Wettern_der_Woche_LegalerDiebstahl.jpg","keywords":["Anne Brorhilker","Banken","Cum-Cum","Cum-Ex","Demokratie","Die AnStifter","Friedenspreis","Gerechtigkeit","Glosse","Lobbyismus","Rechtsstaat","satire","Soziale Ungleichheit","Steuerbetrug","Wettern der Woche"],"articleSection":["Europa","Meinungen","Originalinhalt","Video","Wirtschaft"],"inLanguage":"de"},{"@type":"WebPage","@id":"https:\/\/www.pressenza.com\/de\/2025\/07\/wettern-der-woche-legaler-diebstahl\/","url":"https:\/\/www.pressenza.com\/de\/2025\/07\/wettern-der-woche-legaler-diebstahl\/","name":"Wettern der Woche: Legaler Diebstahl","isPartOf":{"@id":"https:\/\/www.pressenza.com\/de\/#website"},"primaryImageOfPage":{"@id":"https:\/\/www.pressenza.com\/de\/2025\/07\/wettern-der-woche-legaler-diebstahl\/#primaryimage"},"image":{"@id":"https:\/\/www.pressenza.com\/de\/2025\/07\/wettern-der-woche-legaler-diebstahl\/#primaryimage"},"thumbnailUrl":"https:\/\/www.pressenza.com\/wp-content\/uploads\/2025\/07\/Wettern_der_Woche_LegalerDiebstahl.jpg","datePublished":"2025-07-30T12:17:27+00:00","dateModified":"2025-07-30T12:19:29+00:00","description":"Manchmal helfen ja auch 5.000 Euro, damit man genauer hinh\u00f6rt. Das B\u00fcrgerprojekt \"Die AnStifter\" aus Stuttgart hat soeben eine exzellente Wahl getroffen:","breadcrumb":{"@id":"https:\/\/www.pressenza.com\/de\/2025\/07\/wettern-der-woche-legaler-diebstahl\/#breadcrumb"},"inLanguage":"de","potentialAction":[{"@type":"ReadAction","target":["https:\/\/www.pressenza.com\/de\/2025\/07\/wettern-der-woche-legaler-diebstahl\/"]}]},{"@type":"ImageObject","inLanguage":"de","@id":"https:\/\/www.pressenza.com\/de\/2025\/07\/wettern-der-woche-legaler-diebstahl\/#primaryimage","url":"https:\/\/www.pressenza.com\/wp-content\/uploads\/2025\/07\/Wettern_der_Woche_LegalerDiebstahl.jpg","contentUrl":"https:\/\/www.pressenza.com\/wp-content\/uploads\/2025\/07\/Wettern_der_Woche_LegalerDiebstahl.jpg","width":1280,"height":720,"caption":"Wettern der Woche: Legaler Diebstahl"},{"@type":"BreadcrumbList","@id":"https:\/\/www.pressenza.com\/de\/2025\/07\/wettern-der-woche-legaler-diebstahl\/#breadcrumb","itemListElement":[{"@type":"ListItem","position":1,"name":"Accueil","item":"https:\/\/www.pressenza.com\/de\/"},{"@type":"ListItem","position":2,"name":"Wettern der Woche: Legaler Diebstahl"}]},{"@type":"WebSite","@id":"https:\/\/www.pressenza.com\/de\/#website","url":"https:\/\/www.pressenza.com\/de\/","name":"Pressenza","description":"International Press Agency","publisher":{"@id":"https:\/\/www.pressenza.com\/de\/#organization"},"potentialAction":[{"@type":"SearchAction","target":{"@type":"EntryPoint","urlTemplate":"https:\/\/www.pressenza.com\/de\/?s={search_term_string}"},"query-input":{"@type":"PropertyValueSpecification","valueRequired":true,"valueName":"search_term_string"}}],"inLanguage":"de"},{"@type":"Organization","@id":"https:\/\/www.pressenza.com\/de\/#organization","name":"Pressenza","url":"https:\/\/www.pressenza.com\/de\/","logo":{"@type":"ImageObject","inLanguage":"de","@id":"https:\/\/www.pressenza.com\/de\/#\/schema\/logo\/image\/","url":"https:\/\/www.pressenza.com\/wp-content\/uploads\/2022\/10\/pressenza_logo_200x200.jpg","contentUrl":"https:\/\/www.pressenza.com\/wp-content\/uploads\/2022\/10\/pressenza_logo_200x200.jpg","width":200,"height":200,"caption":"Pressenza"},"image":{"@id":"https:\/\/www.pressenza.com\/de\/#\/schema\/logo\/image\/"},"sameAs":["https:\/\/www.facebook.com\/PressenzaItalia","https:\/\/x.com\/PressenzaIPA"]},{"@type":"Person","@id":"https:\/\/www.pressenza.com\/de\/#\/schema\/person\/13fbb69602a371248f3199c744d1187e","name":"Peter Grohmann","description":"(Jahrgang 1937) lebt in Stuttgart, ist Schriftsteller und Kabarettist und arbeitet u.a. f\u00fcr die Wochenzeitung Kontext, de TAZ und diverse andere Medien. Grohmann hat das B\u00fcrgerprojekt Die AnStifter gegr\u00fcndet, heute eine der gro\u00dfen zivilgeellschaftlichen Gruppen mit dem Schwerpunkt \u201egegen Gewalt und Vergessen\u201d. https:\/\/dewiki.de\/Lexikon\/Peter_Grohmann","url":"https:\/\/www.pressenza.com\/de\/author\/peter-grohmann\/"}]}},"place":"","original_article_url":"","_links":{"self":[{"href":"https:\/\/www.pressenza.com\/de\/wp-json\/wp\/v2\/posts\/2623305","targetHints":{"allow":["GET"]}}],"collection":[{"href":"https:\/\/www.pressenza.com\/de\/wp-json\/wp\/v2\/posts"}],"about":[{"href":"https:\/\/www.pressenza.com\/de\/wp-json\/wp\/v2\/types\/post"}],"author":[{"embeddable":true,"href":"https:\/\/www.pressenza.com\/de\/wp-json\/wp\/v2\/users\/2138"}],"replies":[{"embeddable":true,"href":"https:\/\/www.pressenza.com\/de\/wp-json\/wp\/v2\/comments?post=2623305"}],"version-history":[{"count":3,"href":"https:\/\/www.pressenza.com\/de\/wp-json\/wp\/v2\/posts\/2623305\/revisions"}],"predecessor-version":[{"id":2623309,"href":"https:\/\/www.pressenza.com\/de\/wp-json\/wp\/v2\/posts\/2623305\/revisions\/2623309"}],"wp:featuredmedia":[{"embeddable":true,"href":"https:\/\/www.pressenza.com\/de\/wp-json\/wp\/v2\/media\/2623306"}],"wp:attachment":[{"href":"https:\/\/www.pressenza.com\/de\/wp-json\/wp\/v2\/media?parent=2623305"}],"wp:term":[{"taxonomy":"category","embeddable":true,"href":"https:\/\/www.pressenza.com\/de\/wp-json\/wp\/v2\/categories?post=2623305"},{"taxonomy":"post_tag","embeddable":true,"href":"https:\/\/www.pressenza.com\/de\/wp-json\/wp\/v2\/tags?post=2623305"}],"curies":[{"name":"wp","href":"https:\/\/api.w.org\/{rel}","templated":true}]}}