{"id":2621324,"date":"2025-07-23T14:07:49","date_gmt":"2025-07-23T13:07:49","guid":{"rendered":"https:\/\/www.pressenza.com\/?p=2621324"},"modified":"2025-07-23T14:10:28","modified_gmt":"2025-07-23T13:10:28","slug":"zwei-israelische-soldaten-in-belgien-wegen-kriegsverbrechen-in-gaza-verhaftet","status":"publish","type":"post","link":"https:\/\/www.pressenza.com\/de\/2025\/07\/zwei-israelische-soldaten-in-belgien-wegen-kriegsverbrechen-in-gaza-verhaftet\/","title":{"rendered":"Zwei israelische Soldaten in Belgien wegen Kriegsverbrechen in Gaza festgenommen"},"content":{"rendered":"<p><strong>Die belgische Bundespolizei hat auf dem\u00a0 Tomorrowland-Festival aufgrund einer Anzeige der Hind-Ragab-Stiftung und des Global Legal Action Network zwei israelische Soldaten festgenommen. Beide stehen im Verdacht, im Gazastreifen Kriegsverbrechen begangen zu haben.<\/strong><\/p>\n<p>Die Stiftung wurde zum Gedenken an Hind Rajab gegr\u00fcndet, ein sechsj\u00e4hriges M\u00e4dchen aus Gaza. Von israelischen Panzern mit ihrer Familie in einem Auto eingesperrt, hatte sie stundenlang nach Hilfe gerufen, wurde dann aber samt ihrer Verwandten und zwei zu Hilfe gekommenen Sanit\u00e4tern von der israelischen Armee get\u00f6tet.<\/p>\n<p>Die Untersuchung wurde nach dem seit April 2024 geltenden Artikel 14\/10 des belgischen Strafgesetzbuches eingeleitet, der die belgischen Gerichte berechtigt, auf Grund der Genfer Konventionen und der UN-Konvention gegen Folter international Verbrechen zu verfolgen \u2013 Kriegsverbrechen, Verbrechen gegen die Menschlichkeit und V\u00f6lkermord \u2013 selbst wenn sie im Ausland begangen wurden.<\/p>\n<p>Zum ersten Mal werden damit in Europa israelische Soldaten unter Anwendung des Prinzips der internationalen Strafgerichtsbarkeit formell festgenommen. Dir beteiligten N<u>GOs<\/u> bezeichnen den Vorgang als eine historische Wende zur Anerkennung der Verantwortlichkeit f\u00fcr die in Gaza begangenen Rechtsverletzungen.<\/p>\n<p>Francesca Albanese, die Sonderbeauftragte der Vereinten Nationen f\u00fcr die besetzten pal\u00e4stinensischen Gebiete schrieb auf X:<\/p>\n<blockquote><p><em>\u201eIch gratuliere Belgien zur Verhaftung und dem Verh\u00f6r der Verd\u00e4chtigen von israelischen Kriegsverbrechen. Der Druck zu ihrer Freilassung wird gewaltig sein, doch selbst wenn sie der Gerechtigkeit entgehen, ist der Pr\u00e4zedenzfall geschaffen, das Internationale Strafrecht wird angewendet. Andere F\u00e4lle werden folgen und die Kriegsverbrecher werden es sich zweimal \u00fcberlegen, bevor sie auf Reisen gehen\u201c<\/em>.<\/p><\/blockquote>\n<p><em><strong>Die \u00dcbersetzung aus dem Italienischen wurde von Bruno Sandk\u00fchler vom ehrenamtlichen Pressenza-\u00dcbersetzungsteam erstellt. <a href=\"https:\/\/www.pressenza.com\/de\/mitarbeiten\/\" target=\"_blank\" rel=\"noopener\">Wir suchen Freiwillige!<\/a><\/strong><\/em><\/p>\n<hr \/>\n<p><em><strong>Quellen:<\/strong><\/em><\/p>\n<p><a href=\"https:\/\/chronocol.com\/voxes\/zjdjsl60eded4qgxyfny2jqe\" target=\"_blank\" rel=\"noopener\">https:\/\/chronocol.com\/voxes\/zjdjsl60eded4qgxyfny2jqe<\/a><br \/>\n<a href=\"https:\/\/www.thenorthstar.com\/p\/breaking-2-genocidal-israeli-war\" target=\"_blank\" rel=\"noopener\">https:\/\/www.thenorthstar.com\/p\/breaking-2-genocidal-israeli-war<\/a><br \/>\nAnbamed:\u00a0<a href=\"https:\/\/x.com\/FranceskAlbs\" target=\"_blank\" rel=\"noopener\">https:\/\/x.com\/FranceskAlbs<\/a><\/p>\n","protected":false},"excerpt":{"rendered":"<p>Die belgische Bundespolizei hat auf dem\u00a0 Tomorrowland-Festival aufgrund einer Anzeige der Hind-Ragab-Stiftung und des Global Legal Action Network zwei israelische Soldaten festgenommen. Beide stehen im Verdacht, im Gazastreifen Kriegsverbrechen begangen zu haben. Die Stiftung wurde zum Gedenken an Hind Rajab&hellip;<\/p>\n","protected":false},"author":594,"featured_media":2621325,"comment_status":"closed","ping_status":"closed","sticky":false,"template":"","format":"standard","meta":{"footnotes":""},"categories":[9155,9150,9161,9151,11387],"tags":[20944,121907,11640,22229,140189,140187,9799,11718,11641,83232,140188,11539,40080],"class_list":["post-2621324","post","type-post","status-publish","format-standard","has-post-thumbnail","hentry","category-rubrik","category-europa-de","category-menschenrechte","category-mittlerer-osten","category-originalinhalt","tag-belgien","tag-francesca-albanese-de","tag-gaza-de","tag-gewaltfreiheit","tag-hind-rajab-de","tag-internationale-strafgerichtsbarkeit","tag-israel-de","tag-kriegsverbrechen","tag-nahostkonflikt","tag-ngos-de","tag-strafjustiz","tag-vereinte-nationen","tag-voelkerrecht"],"yoast_head":"<!-- This site is optimized with the Yoast SEO plugin v27.1.1 - https:\/\/yoast.com\/product\/yoast-seo-wordpress\/ -->\n<title>Zwei israelische Soldaten in Belgien wegen Kriegsverbrechen in Gaza festgenommen<\/title>\n<meta name=\"description\" content=\"Die belgische Bundespolizei hat auf dem\u00a0 Tomorrowland-Festival aufgrund einer Anzeige der Hind-Ragab-Stiftung und des Global Legal Action Network zwei\" \/>\n<meta name=\"robots\" content=\"index, follow, max-snippet:-1, max-image-preview:large, max-video-preview:-1\" \/>\n<link rel=\"canonical\" href=\"https:\/\/www.pressenza.com\/de\/2025\/07\/zwei-israelische-soldaten-in-belgien-wegen-kriegsverbrechen-in-gaza-verhaftet\/\" \/>\n<meta property=\"og:locale\" content=\"de_DE\" \/>\n<meta property=\"og:type\" content=\"article\" \/>\n<meta property=\"og:title\" content=\"Zwei israelische Soldaten in Belgien wegen Kriegsverbrechen in Gaza festgenommen\" \/>\n<meta property=\"og:description\" content=\"Die belgische Bundespolizei hat auf dem\u00a0 Tomorrowland-Festival aufgrund einer Anzeige der Hind-Ragab-Stiftung und des Global Legal Action Network zwei\" \/>\n<meta property=\"og:url\" content=\"https:\/\/www.pressenza.com\/de\/2025\/07\/zwei-israelische-soldaten-in-belgien-wegen-kriegsverbrechen-in-gaza-verhaftet\/\" \/>\n<meta property=\"og:site_name\" content=\"Pressenza\" \/>\n<meta property=\"article:publisher\" content=\"https:\/\/www.facebook.com\/PressenzaItalia\" \/>\n<meta property=\"article:author\" content=\"https:\/\/www.facebook.com\/PressenzaItalia\" \/>\n<meta property=\"article:published_time\" content=\"2025-07-23T13:07:49+00:00\" \/>\n<meta property=\"article:modified_time\" content=\"2025-07-23T13:10:28+00:00\" \/>\n<meta property=\"og:image\" content=\"https:\/\/www.pressenza.com\/wp-content\/uploads\/2025\/07\/Hind-Rajab.webp\" \/>\n\t<meta property=\"og:image:width\" content=\"1456\" \/>\n\t<meta property=\"og:image:height\" content=\"971\" \/>\n\t<meta property=\"og:image:type\" content=\"image\/webp\" \/>\n<meta name=\"author\" content=\"Redazione Italia\" \/>\n<meta name=\"twitter:card\" content=\"summary_large_image\" \/>\n<meta name=\"twitter:creator\" content=\"@pressenza_it\" \/>\n<meta name=\"twitter:site\" content=\"@PressenzaIPA\" \/>\n<meta name=\"twitter:label1\" content=\"Verfasst von\" \/>\n\t<meta name=\"twitter:data1\" content=\"Redazione Italia\" \/>\n\t<meta name=\"twitter:label2\" content=\"Gesch\u00e4tzte Lesezeit\" \/>\n\t<meta name=\"twitter:data2\" content=\"2\u00a0Minuten\" \/>\n<script type=\"application\/ld+json\" class=\"yoast-schema-graph\">{\"@context\":\"https:\/\/schema.org\",\"@graph\":[{\"@type\":\"Article\",\"@id\":\"https:\/\/www.pressenza.com\/de\/2025\/07\/zwei-israelische-soldaten-in-belgien-wegen-kriegsverbrechen-in-gaza-verhaftet\/#article\",\"isPartOf\":{\"@id\":\"https:\/\/www.pressenza.com\/de\/2025\/07\/zwei-israelische-soldaten-in-belgien-wegen-kriegsverbrechen-in-gaza-verhaftet\/\"},\"author\":{\"name\":\"Redazione Italia\",\"@id\":\"https:\/\/www.pressenza.com\/de\/#\/schema\/person\/d983e81827ae24f2c7b1a2123d197f8d\"},\"headline\":\"Zwei israelische Soldaten in Belgien wegen Kriegsverbrechen in Gaza festgenommen\",\"datePublished\":\"2025-07-23T13:07:49+00:00\",\"dateModified\":\"2025-07-23T13:10:28+00:00\",\"mainEntityOfPage\":{\"@id\":\"https:\/\/www.pressenza.com\/de\/2025\/07\/zwei-israelische-soldaten-in-belgien-wegen-kriegsverbrechen-in-gaza-verhaftet\/\"},\"wordCount\":294,\"publisher\":{\"@id\":\"https:\/\/www.pressenza.com\/de\/#organization\"},\"image\":{\"@id\":\"https:\/\/www.pressenza.com\/de\/2025\/07\/zwei-israelische-soldaten-in-belgien-wegen-kriegsverbrechen-in-gaza-verhaftet\/#primaryimage\"},\"thumbnailUrl\":\"https:\/\/www.pressenza.com\/wp-content\/uploads\/2025\/07\/Hind-Rajab.webp\",\"keywords\":[\"Belgien\",\"Francesca Albanese\",\"Gaza\",\"Gewaltfreiheit\",\"Hind Rajab\",\"Internationale Strafgerichtsbarkeit\",\"Israel\",\"Kriegsverbrechen\",\"Nahostkonflikt\",\"NGOs\",\"Strafjustiz\",\"Vereinte Nationen\",\"V\u00f6lkerrecht\"],\"articleSection\":[\"_Rubrik\",\"Europa\",\"Menschenrechte\",\"Mittlerer Osten\",\"Originalinhalt\"],\"inLanguage\":\"de\"},{\"@type\":\"WebPage\",\"@id\":\"https:\/\/www.pressenza.com\/de\/2025\/07\/zwei-israelische-soldaten-in-belgien-wegen-kriegsverbrechen-in-gaza-verhaftet\/\",\"url\":\"https:\/\/www.pressenza.com\/de\/2025\/07\/zwei-israelische-soldaten-in-belgien-wegen-kriegsverbrechen-in-gaza-verhaftet\/\",\"name\":\"Zwei israelische Soldaten in Belgien wegen Kriegsverbrechen in Gaza festgenommen\",\"isPartOf\":{\"@id\":\"https:\/\/www.pressenza.com\/de\/#website\"},\"primaryImageOfPage\":{\"@id\":\"https:\/\/www.pressenza.com\/de\/2025\/07\/zwei-israelische-soldaten-in-belgien-wegen-kriegsverbrechen-in-gaza-verhaftet\/#primaryimage\"},\"image\":{\"@id\":\"https:\/\/www.pressenza.com\/de\/2025\/07\/zwei-israelische-soldaten-in-belgien-wegen-kriegsverbrechen-in-gaza-verhaftet\/#primaryimage\"},\"thumbnailUrl\":\"https:\/\/www.pressenza.com\/wp-content\/uploads\/2025\/07\/Hind-Rajab.webp\",\"datePublished\":\"2025-07-23T13:07:49+00:00\",\"dateModified\":\"2025-07-23T13:10:28+00:00\",\"description\":\"Die belgische Bundespolizei hat auf dem\u00a0 Tomorrowland-Festival aufgrund einer Anzeige der Hind-Ragab-Stiftung und des Global Legal Action Network zwei\",\"breadcrumb\":{\"@id\":\"https:\/\/www.pressenza.com\/de\/2025\/07\/zwei-israelische-soldaten-in-belgien-wegen-kriegsverbrechen-in-gaza-verhaftet\/#breadcrumb\"},\"inLanguage\":\"de\",\"potentialAction\":[{\"@type\":\"ReadAction\",\"target\":[\"https:\/\/www.pressenza.com\/de\/2025\/07\/zwei-israelische-soldaten-in-belgien-wegen-kriegsverbrechen-in-gaza-verhaftet\/\"]}]},{\"@type\":\"ImageObject\",\"inLanguage\":\"de\",\"@id\":\"https:\/\/www.pressenza.com\/de\/2025\/07\/zwei-israelische-soldaten-in-belgien-wegen-kriegsverbrechen-in-gaza-verhaftet\/#primaryimage\",\"url\":\"https:\/\/www.pressenza.com\/wp-content\/uploads\/2025\/07\/Hind-Rajab.webp\",\"contentUrl\":\"https:\/\/www.pressenza.com\/wp-content\/uploads\/2025\/07\/Hind-Rajab.webp\",\"width\":1456,\"height\":971,\"caption\":\"Zwei israelische Soldaten in Belgien wegen Kriegsverbrechen in Gaza verhaftet\"},{\"@type\":\"BreadcrumbList\",\"@id\":\"https:\/\/www.pressenza.com\/de\/2025\/07\/zwei-israelische-soldaten-in-belgien-wegen-kriegsverbrechen-in-gaza-verhaftet\/#breadcrumb\",\"itemListElement\":[{\"@type\":\"ListItem\",\"position\":1,\"name\":\"Accueil\",\"item\":\"https:\/\/www.pressenza.com\/de\/\"},{\"@type\":\"ListItem\",\"position\":2,\"name\":\"Zwei israelische Soldaten in Belgien wegen Kriegsverbrechen in Gaza festgenommen\"}]},{\"@type\":\"WebSite\",\"@id\":\"https:\/\/www.pressenza.com\/de\/#website\",\"url\":\"https:\/\/www.pressenza.com\/de\/\",\"name\":\"Pressenza\",\"description\":\"International Press Agency\",\"publisher\":{\"@id\":\"https:\/\/www.pressenza.com\/de\/#organization\"},\"potentialAction\":[{\"@type\":\"SearchAction\",\"target\":{\"@type\":\"EntryPoint\",\"urlTemplate\":\"https:\/\/www.pressenza.com\/de\/?s={search_term_string}\"},\"query-input\":{\"@type\":\"PropertyValueSpecification\",\"valueRequired\":true,\"valueName\":\"search_term_string\"}}],\"inLanguage\":\"de\"},{\"@type\":\"Organization\",\"@id\":\"https:\/\/www.pressenza.com\/de\/#organization\",\"name\":\"Pressenza\",\"url\":\"https:\/\/www.pressenza.com\/de\/\",\"logo\":{\"@type\":\"ImageObject\",\"inLanguage\":\"de\",\"@id\":\"https:\/\/www.pressenza.com\/de\/#\/schema\/logo\/image\/\",\"url\":\"https:\/\/www.pressenza.com\/wp-content\/uploads\/2022\/10\/pressenza_logo_200x200.jpg\",\"contentUrl\":\"https:\/\/www.pressenza.com\/wp-content\/uploads\/2022\/10\/pressenza_logo_200x200.jpg\",\"width\":200,\"height\":200,\"caption\":\"Pressenza\"},\"image\":{\"@id\":\"https:\/\/www.pressenza.com\/de\/#\/schema\/logo\/image\/\"},\"sameAs\":[\"https:\/\/www.facebook.com\/PressenzaItalia\",\"https:\/\/x.com\/PressenzaIPA\"]},{\"@type\":\"Person\",\"@id\":\"https:\/\/www.pressenza.com\/de\/#\/schema\/person\/d983e81827ae24f2c7b1a2123d197f8d\",\"name\":\"Redazione Italia\",\"description\":\"News from the Pressenza Bureau in Italy\",\"sameAs\":[\"https:\/\/www.pressenza.com\/it\/author\/redazione-italia\/\",\"https:\/\/www.facebook.com\/PressenzaItalia\",\"https:\/\/www.instagram.com\/pressenza_italia\/\",\"https:\/\/x.com\/pressenza_it\",\"https:\/\/www.youtube.com\/channel\/UCSalEIWjE1RSxkwjfftFuqg\"],\"url\":\"https:\/\/www.pressenza.com\/de\/author\/redazione-italia\/\"}]}<\/script>\n<!-- \/ Yoast SEO plugin. -->","yoast_head_json":{"title":"Zwei israelische Soldaten in Belgien wegen Kriegsverbrechen in Gaza festgenommen","description":"Die belgische Bundespolizei hat auf dem\u00a0 Tomorrowland-Festival aufgrund einer Anzeige der Hind-Ragab-Stiftung und des Global Legal Action Network zwei","robots":{"index":"index","follow":"follow","max-snippet":"max-snippet:-1","max-image-preview":"max-image-preview:large","max-video-preview":"max-video-preview:-1"},"canonical":"https:\/\/www.pressenza.com\/de\/2025\/07\/zwei-israelische-soldaten-in-belgien-wegen-kriegsverbrechen-in-gaza-verhaftet\/","og_locale":"de_DE","og_type":"article","og_title":"Zwei israelische Soldaten in Belgien wegen Kriegsverbrechen in Gaza festgenommen","og_description":"Die belgische Bundespolizei hat auf dem\u00a0 Tomorrowland-Festival aufgrund einer Anzeige der Hind-Ragab-Stiftung und des Global Legal Action Network zwei","og_url":"https:\/\/www.pressenza.com\/de\/2025\/07\/zwei-israelische-soldaten-in-belgien-wegen-kriegsverbrechen-in-gaza-verhaftet\/","og_site_name":"Pressenza","article_publisher":"https:\/\/www.facebook.com\/PressenzaItalia","article_author":"https:\/\/www.facebook.com\/PressenzaItalia","article_published_time":"2025-07-23T13:07:49+00:00","article_modified_time":"2025-07-23T13:10:28+00:00","og_image":[{"width":1456,"height":971,"url":"https:\/\/www.pressenza.com\/wp-content\/uploads\/2025\/07\/Hind-Rajab.webp","type":"image\/webp"}],"author":"Redazione Italia","twitter_card":"summary_large_image","twitter_creator":"@pressenza_it","twitter_site":"@PressenzaIPA","twitter_misc":{"Verfasst von":"Redazione Italia","Gesch\u00e4tzte Lesezeit":"2\u00a0Minuten"},"schema":{"@context":"https:\/\/schema.org","@graph":[{"@type":"Article","@id":"https:\/\/www.pressenza.com\/de\/2025\/07\/zwei-israelische-soldaten-in-belgien-wegen-kriegsverbrechen-in-gaza-verhaftet\/#article","isPartOf":{"@id":"https:\/\/www.pressenza.com\/de\/2025\/07\/zwei-israelische-soldaten-in-belgien-wegen-kriegsverbrechen-in-gaza-verhaftet\/"},"author":{"name":"Redazione Italia","@id":"https:\/\/www.pressenza.com\/de\/#\/schema\/person\/d983e81827ae24f2c7b1a2123d197f8d"},"headline":"Zwei israelische Soldaten in Belgien wegen Kriegsverbrechen in Gaza festgenommen","datePublished":"2025-07-23T13:07:49+00:00","dateModified":"2025-07-23T13:10:28+00:00","mainEntityOfPage":{"@id":"https:\/\/www.pressenza.com\/de\/2025\/07\/zwei-israelische-soldaten-in-belgien-wegen-kriegsverbrechen-in-gaza-verhaftet\/"},"wordCount":294,"publisher":{"@id":"https:\/\/www.pressenza.com\/de\/#organization"},"image":{"@id":"https:\/\/www.pressenza.com\/de\/2025\/07\/zwei-israelische-soldaten-in-belgien-wegen-kriegsverbrechen-in-gaza-verhaftet\/#primaryimage"},"thumbnailUrl":"https:\/\/www.pressenza.com\/wp-content\/uploads\/2025\/07\/Hind-Rajab.webp","keywords":["Belgien","Francesca Albanese","Gaza","Gewaltfreiheit","Hind Rajab","Internationale Strafgerichtsbarkeit","Israel","Kriegsverbrechen","Nahostkonflikt","NGOs","Strafjustiz","Vereinte Nationen","V\u00f6lkerrecht"],"articleSection":["_Rubrik","Europa","Menschenrechte","Mittlerer Osten","Originalinhalt"],"inLanguage":"de"},{"@type":"WebPage","@id":"https:\/\/www.pressenza.com\/de\/2025\/07\/zwei-israelische-soldaten-in-belgien-wegen-kriegsverbrechen-in-gaza-verhaftet\/","url":"https:\/\/www.pressenza.com\/de\/2025\/07\/zwei-israelische-soldaten-in-belgien-wegen-kriegsverbrechen-in-gaza-verhaftet\/","name":"Zwei israelische Soldaten in Belgien wegen Kriegsverbrechen in Gaza festgenommen","isPartOf":{"@id":"https:\/\/www.pressenza.com\/de\/#website"},"primaryImageOfPage":{"@id":"https:\/\/www.pressenza.com\/de\/2025\/07\/zwei-israelische-soldaten-in-belgien-wegen-kriegsverbrechen-in-gaza-verhaftet\/#primaryimage"},"image":{"@id":"https:\/\/www.pressenza.com\/de\/2025\/07\/zwei-israelische-soldaten-in-belgien-wegen-kriegsverbrechen-in-gaza-verhaftet\/#primaryimage"},"thumbnailUrl":"https:\/\/www.pressenza.com\/wp-content\/uploads\/2025\/07\/Hind-Rajab.webp","datePublished":"2025-07-23T13:07:49+00:00","dateModified":"2025-07-23T13:10:28+00:00","description":"Die belgische Bundespolizei hat auf dem\u00a0 Tomorrowland-Festival aufgrund einer Anzeige der Hind-Ragab-Stiftung und des Global Legal Action Network zwei","breadcrumb":{"@id":"https:\/\/www.pressenza.com\/de\/2025\/07\/zwei-israelische-soldaten-in-belgien-wegen-kriegsverbrechen-in-gaza-verhaftet\/#breadcrumb"},"inLanguage":"de","potentialAction":[{"@type":"ReadAction","target":["https:\/\/www.pressenza.com\/de\/2025\/07\/zwei-israelische-soldaten-in-belgien-wegen-kriegsverbrechen-in-gaza-verhaftet\/"]}]},{"@type":"ImageObject","inLanguage":"de","@id":"https:\/\/www.pressenza.com\/de\/2025\/07\/zwei-israelische-soldaten-in-belgien-wegen-kriegsverbrechen-in-gaza-verhaftet\/#primaryimage","url":"https:\/\/www.pressenza.com\/wp-content\/uploads\/2025\/07\/Hind-Rajab.webp","contentUrl":"https:\/\/www.pressenza.com\/wp-content\/uploads\/2025\/07\/Hind-Rajab.webp","width":1456,"height":971,"caption":"Zwei israelische Soldaten in Belgien wegen Kriegsverbrechen in Gaza verhaftet"},{"@type":"BreadcrumbList","@id":"https:\/\/www.pressenza.com\/de\/2025\/07\/zwei-israelische-soldaten-in-belgien-wegen-kriegsverbrechen-in-gaza-verhaftet\/#breadcrumb","itemListElement":[{"@type":"ListItem","position":1,"name":"Accueil","item":"https:\/\/www.pressenza.com\/de\/"},{"@type":"ListItem","position":2,"name":"Zwei israelische Soldaten in Belgien wegen Kriegsverbrechen in Gaza festgenommen"}]},{"@type":"WebSite","@id":"https:\/\/www.pressenza.com\/de\/#website","url":"https:\/\/www.pressenza.com\/de\/","name":"Pressenza","description":"International Press Agency","publisher":{"@id":"https:\/\/www.pressenza.com\/de\/#organization"},"potentialAction":[{"@type":"SearchAction","target":{"@type":"EntryPoint","urlTemplate":"https:\/\/www.pressenza.com\/de\/?s={search_term_string}"},"query-input":{"@type":"PropertyValueSpecification","valueRequired":true,"valueName":"search_term_string"}}],"inLanguage":"de"},{"@type":"Organization","@id":"https:\/\/www.pressenza.com\/de\/#organization","name":"Pressenza","url":"https:\/\/www.pressenza.com\/de\/","logo":{"@type":"ImageObject","inLanguage":"de","@id":"https:\/\/www.pressenza.com\/de\/#\/schema\/logo\/image\/","url":"https:\/\/www.pressenza.com\/wp-content\/uploads\/2022\/10\/pressenza_logo_200x200.jpg","contentUrl":"https:\/\/www.pressenza.com\/wp-content\/uploads\/2022\/10\/pressenza_logo_200x200.jpg","width":200,"height":200,"caption":"Pressenza"},"image":{"@id":"https:\/\/www.pressenza.com\/de\/#\/schema\/logo\/image\/"},"sameAs":["https:\/\/www.facebook.com\/PressenzaItalia","https:\/\/x.com\/PressenzaIPA"]},{"@type":"Person","@id":"https:\/\/www.pressenza.com\/de\/#\/schema\/person\/d983e81827ae24f2c7b1a2123d197f8d","name":"Redazione Italia","description":"News from the Pressenza Bureau in Italy","sameAs":["https:\/\/www.pressenza.com\/it\/author\/redazione-italia\/","https:\/\/www.facebook.com\/PressenzaItalia","https:\/\/www.instagram.com\/pressenza_italia\/","https:\/\/x.com\/pressenza_it","https:\/\/www.youtube.com\/channel\/UCSalEIWjE1RSxkwjfftFuqg"],"url":"https:\/\/www.pressenza.com\/de\/author\/redazione-italia\/"}]}},"place":"","original_article_url":"","_links":{"self":[{"href":"https:\/\/www.pressenza.com\/de\/wp-json\/wp\/v2\/posts\/2621324","targetHints":{"allow":["GET"]}}],"collection":[{"href":"https:\/\/www.pressenza.com\/de\/wp-json\/wp\/v2\/posts"}],"about":[{"href":"https:\/\/www.pressenza.com\/de\/wp-json\/wp\/v2\/types\/post"}],"author":[{"embeddable":true,"href":"https:\/\/www.pressenza.com\/de\/wp-json\/wp\/v2\/users\/594"}],"replies":[{"embeddable":true,"href":"https:\/\/www.pressenza.com\/de\/wp-json\/wp\/v2\/comments?post=2621324"}],"version-history":[{"count":3,"href":"https:\/\/www.pressenza.com\/de\/wp-json\/wp\/v2\/posts\/2621324\/revisions"}],"predecessor-version":[{"id":2621329,"href":"https:\/\/www.pressenza.com\/de\/wp-json\/wp\/v2\/posts\/2621324\/revisions\/2621329"}],"wp:featuredmedia":[{"embeddable":true,"href":"https:\/\/www.pressenza.com\/de\/wp-json\/wp\/v2\/media\/2621325"}],"wp:attachment":[{"href":"https:\/\/www.pressenza.com\/de\/wp-json\/wp\/v2\/media?parent=2621324"}],"wp:term":[{"taxonomy":"category","embeddable":true,"href":"https:\/\/www.pressenza.com\/de\/wp-json\/wp\/v2\/categories?post=2621324"},{"taxonomy":"post_tag","embeddable":true,"href":"https:\/\/www.pressenza.com\/de\/wp-json\/wp\/v2\/tags?post=2621324"}],"curies":[{"name":"wp","href":"https:\/\/api.w.org\/{rel}","templated":true}]}}