{"id":2614676,"date":"2025-06-30T08:20:22","date_gmt":"2025-06-30T07:20:22","guid":{"rendered":"https:\/\/www.pressenza.com\/?p=2614676"},"modified":"2025-06-30T08:20:22","modified_gmt":"2025-06-30T07:20:22","slug":"so-fuehrt-der-krieg-zur-militarisierung-russlands","status":"publish","type":"post","link":"https:\/\/www.pressenza.com\/de\/2025\/06\/so-fuehrt-der-krieg-zur-militarisierung-russlands\/","title":{"rendered":"So f\u00fchrt der Krieg zur Militarisierung Russlands"},"content":{"rendered":"<div class=\"entry-content\">\n<p class=\"author-meta\"><strong>Staat und Kirche propagieren einen heiligen Krieg, verherrlichen Kriegsopfer und militarisieren Schulkinder.<\/strong><\/p>\n<p><em>Peter L\u00fcthi f\u00fcr die Online-Zeitung <a href=\"https:\/\/www.infosperber.ch\/politik\/welt\/so-fuehrt-der-krieg-zur-militarisierung-russlands\/\">INFOsperber<\/a><\/em><\/p>\n<\/div>\n<div class=\"entry-content clearfix\">\n<p><em>upg. Der pensionierte Lehrer\u00a0Peter L\u00fcthi<\/em>\u00a0<em>bereiste im April und November 2024 erneut Russland<\/em><em>. Dort hatte er viele private Kontakte und verfolgte Staatsmedien und private patriotische Kan\u00e4le. Als Lehrer fiel ihm auf, wie schon Schulkinder auf Krieg und Patriotismus gedrillt werden.<br \/>\nIm Folgenden schildert er seine Eindr\u00fccke \u00abnicht f\u00fcr Leser, die weiteres Material suchen, um Russland anzuklagen oder um R\u00fcstungsausgaben in Europa zu rechtfertigen, sondern f\u00fcr alle, die sich Sorgen machen um die Menschen in Russland, vor allem um die junge Generation\u00bb.<\/em><\/p>\n<p><strong>\u00abRussland braucht eine totale Militarisierung\u00bb<\/strong><\/p>\n<p>Am 7. M\u00e4rz 2024 konnte der ultranationalistische Soziologe\u00a0<a href=\"https:\/\/de.wikipedia.org\/wiki\/Alexander_Geljewitsch_Dugin\">Alexander Dugin<\/a>\u00a0einen Leitartikel auf RIA Novosti ver\u00f6ffentlichen, der wichtigsten staatlichen Nachrichtenagentur. Angesichts der westlichen Bedrohung pl\u00e4diert er f\u00fcr eine \u00abMilitarisierung der Gesellschaft\u00bb. Sie sei \u00abeine absolute Notwendigkeit, \u00fcber die zu diskutieren sinnlos\u00bb sei. Gegen die \u00abfeindliche Allianz von Neonazismus, Globalismus, Liberalismus\u00bb brauche es \u00abeine Ideologie des Krieges und des Sieges\u00bb.<\/p>\n<div id=\"attachment_2614685\" class=\"wp-caption alignnone\"><img loading=\"lazy\" decoding=\"async\" aria-describedby=\"caption-attachment-2614685\" class=\"wp-image-2614685\" src=\"https:\/\/www.pressenza.com\/wp-content\/uploads\/2025\/06\/Alexander-Dugin-2023-Duma.gov_.ru_-228x300.png\" alt=\"\" width=\"200\" height=\"263\" srcset=\"https:\/\/www.pressenza.com\/wp-content\/uploads\/2025\/06\/Alexander-Dugin-2023-Duma.gov_.ru_-228x300.png 228w, https:\/\/www.pressenza.com\/wp-content\/uploads\/2025\/06\/Alexander-Dugin-2023-Duma.gov_.ru_.png 557w\" sizes=\"auto, (max-width: 200px) 100vw, 200px\" \/><p id=\"caption-attachment-2614685\" class=\"wp-caption-text\">Alexander Dugin 2023 \u00a9 Duma.gov.ru<\/p><\/div>\n<p>Kritik an Staat, Macht, Kirche und Pr\u00e4sident sowie an den Helden Russlands m\u00fcsse verboten werden. \u00abUnvermeidlich\u00bb sei die Militarisierung der Kultur. Jedes Konzert, jede TV-Sendung m\u00fcssen mit der Hymne eingeleitet werden und mit dem R\u00fchmen der Erfolge des russischen Menschen. Auch die Unterhaltungssendungen der Massenmedien m\u00fcssten die Militarisierung unterst\u00fctzen. Eltern und Lehrer sollen begreifen: \u00abDas Ziel des ganzen Volkes ist es, eine Generation von Helden zu erziehen.\u00bb \u00abEs ist an der Zeit, die Smersch (Innere Sonderpolizei Stalins) wieder zu errichten.\u00bb<\/p>\n<p>Dugin wird weiterhin an grosse Tagungen eingeladen, wo auch Putin oder der Moskauer Patriarch\u00a0<a href=\"https:\/\/de.wikipedia.org\/wiki\/Kyrill_I.\">Kyrill<\/a> auftreten. Er ist immer noch Mitglied im Pr\u00e4sidium des Weltkongresses des Russischen Volkes unter dem Vorsitz des Patriarchen.<\/p>\n<p>Schon fr\u00fcher kamen Ultranationalisten \u00f6ffentlich zu Wort. Zum Beispiel am 30. September 2022 an der Massenveranstaltung auf dem Roten Platz zur feierlichen Aufnahme der Donbas-Volksrepubliken in die Russische F\u00f6deration. Dort rief der Regisseur, Schauspieler und zeitweise orthodoxe Priester\u00a0<a href=\"https:\/\/de.wikipedia.org\/wiki\/Iwan_Iwanowitsch_Ochlobystin\">Ivan Ochlobystin<\/a>, nach eigenen Angaben \u00abzartreuer Monarchist\u00bb,\u00a0<a href=\"https:\/\/www.youtube.com\/watch?v=ygbEqLfKF2Q\">der Menge zu<\/a>: \u00abWir werden siegen! Manche sagen, dass es bei der Spezialoperation um einen neuen Vaterl\u00e4ndischen Krieg gehe. Aber nein, man muss es einen Heiligen Krieg nennen \u2013 Heiliger Krieg! Es gibt einen altrussischen Kriegsruf: GOJDA! Es ist ein Aufruf zum unmittelbaren Handeln. [\u2026] F\u00fcrchte dich, Alte Welt, geleitet von Wahnsinnigen, Pervertierten und Satanisten! Wir kommen! Goooojdaaaa!\u00bb<\/p>\n<p><strong>\u00abTempel der Streitkr\u00e4fte Russlands\u00bb<\/strong><\/p>\n<p>Er steht im riesigen Ausstellungsgel\u00e4nde \u00abPatriot \u2013 Park der Kultur und Erholung\u00bb, wo historische und neue Waffen besonders f\u00fcr Kinder attraktiv bereitgestellt sind, eine gute Stunde ausserhalb von Moskau. Das russische Wort Chram bezeichnet sowohl heidnische Tempel wie christliche Kirchen, ich w\u00e4hle\u00a0<em>Tempel<\/em>. Er wurde im Beisein von Putin, Schojgu und Einheiten der Armee im Juni 2022 von Patriarch Kirill eingeweiht, nachdem er in wenigen Jahren aus dem Boden gestampft wurde. Putin hat \u00abaus seinen eigenen Mitteln\u00bb die zentrale Ikone finanziert, vom Typus des \u00abnicht von Hand gemalten\u00bb Antlitzes Christi, das oft an der Front mit dabei ist und den Soldaten vor dem Sturmangriff zum Gebet vorgehalten wird.<\/p>\n<div id=\"attachment_2614687\" class=\"wp-caption alignnone\"><img loading=\"lazy\" decoding=\"async\" aria-describedby=\"caption-attachment-2614687\" class=\"wp-image-2614687 size-medium\" src=\"https:\/\/www.pressenza.com\/wp-content\/uploads\/2025\/06\/Der-2022-erbaute-Tempel-ganz-hinten-1024x768-1-300x225.jpg\" alt=\"\" width=\"300\" height=\"225\" srcset=\"https:\/\/www.pressenza.com\/wp-content\/uploads\/2025\/06\/Der-2022-erbaute-Tempel-ganz-hinten-1024x768-1-300x225.jpg 300w, https:\/\/www.pressenza.com\/wp-content\/uploads\/2025\/06\/Der-2022-erbaute-Tempel-ganz-hinten-1024x768-1-820x615.jpg 820w, https:\/\/www.pressenza.com\/wp-content\/uploads\/2025\/06\/Der-2022-erbaute-Tempel-ganz-hinten-1024x768-1.jpg 1024w\" sizes=\"auto, (max-width: 300px) 100vw, 300px\" \/><p id=\"caption-attachment-2614687\" class=\"wp-caption-text\">Der 2022 erbaute \u00abTempel\u00bb mit goldenem Dach \u00a9 Peter L\u00fcthi<\/p><\/div>\n<p>Man schreitet auf diesen in der Christenheit einzigartigen Tempel zu, indem man als winzig kleiner Mensch durch einen erhaben grossen, heidnischen Triumphbogen schreitet. Vom Himmel herunter senkt sich Gold auf die olivschwarze Kathedrale. Auch die Embleme Christi sind in der Tarnfarbe gehalten.<\/p>\n<p>Man bemerkt beim Besuch des Inneren der Kathedrale: Da wird nicht dem\u00fctig der Triumph des Auferstandenen gefeiert, sondern stolz der ebenso ewige Triumph der russischen bzw. sowjetischen Armee, die Sieger war, ist und sein wird. Denn sie f\u00fchrt nie Kriege ohne den Schutz der Gottesmutter, des Heiligen Georg, des Heiligen Vladimir Nevskij oder all der Heiligen, die jeder Waffengattung noch im Besonderen beistehen, den Raketentruppen z. B. Elias. Alle die heiligen Kriegsz\u00fcge vom Mittelalter bis heute sind im Innern des Tempels dargestellt, in einer grotesken Verbindung von Sozialistischem Realismus und byzantinisch sakraler Mosaikkunst.<\/p>\n<p>Um die Kathedrale herum ist als Hufeisen angeordnet ein Museum des Grossen Vaterl\u00e4ndischen Krieges. \u00ab1418 Schritte bzw. Tage bis zum Sieg\u00bb durchl\u00e4uft der Besucher. Plakate aus dem \u00abGrossen Vaterl\u00e4ndischen Krieg\u00bb rufen mit eindringlicher Bildgestaltung \u00abVorw\u00e4rts! Nach Westen!\u00bb\u00a0<em>Ein\u00a0<\/em>Element des Museumskonzepts kann den\u00a0<em>Menschen<\/em>\u00a0ber\u00fchren, weil es ausnahmsweise\u00a0<em>Menschen<\/em>\u00a0erinnern l\u00e4sst, nicht Waffen, Helden, den Grossen F\u00fchrer Stalin: m\u00f6glichst viele Menschen aus der Roten Armee, die den Krieg \u00fcberlebt oder nicht \u00fcberlebt haben, erhalten ein Portraitfoto mit ihrem Namen.<\/p>\n<p>Gerade dieses Menschenrecht, mit seinem erfahrenen \u00dcbermass an Leid nicht vergessen zu werden, wenigstens mit Namen und Gesicht, wird denjenigen wieder entzogen, die unter Stalins Repressionen gelitten haben und nicht durch die Feinde aus dem Westen, sondern durch die eigene Staatsmacht zu Tode gekommen sind. Letzte Gedenkst\u00e4tten in Kolyma und Moskau wurden im letzten Jahr geschlossen, sogar das blosse Rezitieren der Namen am Solovjezkij-Gedenkstein in Moskau vor der damaligen und heutigen Geheimdienstzentrale Lubjanka wurde verboten.<\/p>\n<\/div>\n<p><strong>Patriarch Kyrill: \u00abF\u00fcr die Heilige Rus\u2019 \u2013 Patriotismus und Glauben\u00bb<\/strong><\/p>\n<p>Im Herbst 2024 ist das zum Tempel passende neue Buch des \u00abAllerheiligsten Patriarchen von Moskau und der ganzen Rus\u2019\u00bb, Kyrill, erschienen. Der Patriarch legt dar, wie die russische Armee nie einen Angriffskrieg gef\u00fchrt oder Land erobert hat, sondern immer nur die Einheit der Heiligen Rus\u2019 verteidigte, das heisst die Einheit von Grossrussland, Weissrussland und Kleinrussland (andere sprechen von einer Ukraine, Kyrill meidet das Wort konsequent). Oder die Armee nahm fremde V\u00f6lker, die darum baten, g\u00fctig in ihren Schutz auf.<\/p>\n<div id=\"attachment_2614688\" class=\"wp-caption alignnone\"><img loading=\"lazy\" decoding=\"async\" aria-describedby=\"caption-attachment-2614688\" class=\"wp-image-2614688\" src=\"https:\/\/www.pressenza.com\/wp-content\/uploads\/2025\/06\/Patriarch-Kyrill-243x300.png\" alt=\"\" width=\"200\" height=\"247\" srcset=\"https:\/\/www.pressenza.com\/wp-content\/uploads\/2025\/06\/Patriarch-Kyrill-243x300.png 243w, https:\/\/www.pressenza.com\/wp-content\/uploads\/2025\/06\/Patriarch-Kyrill.png 311w\" sizes=\"auto, (max-width: 200px) 100vw, 200px\" \/><p id=\"caption-attachment-2614688\" class=\"wp-caption-text\">Patriarch Kyrill \u00a9 cc<\/p><\/div>\n<p>Buchillustrationen zeigen den Patriarchen oder den Pr\u00e4sidenten oder beide in Einigkeit bei heilig-patriotischen Zeremonien. Den ganzen Band durchziehen, grafisch herausgehoben, markante Aussagen Putins zum Thema.<\/p>\n<p>Kyrill w\u00f6rtlich: \u00abGew\u00f6hnlich haben V\u00f6lker andere, mit dem Irdischen verbundene Ideale \u2013 Reichtum und Macht \u2013, aber das Ideal unseres Volkes wurde die Heiligkeit. [\u2026] Gott erw\u00e4hlt unser Vaterland, auf welches gegenw\u00e4rtig w\u00fctende und b\u00f6sartige Blicke geworfen werden von denjenigen, die uns fremd sind in unserem Glauben und unseren moralischen Lebensprinzipien. [\u2026] Vielleicht werden die religi\u00f6sen Gef\u00fchle nie so gesch\u00e4rft wie in der Situation, wenn der Mensch vor der Wahl steht: Leben oder Tod \u2013 wenn er entscheiden muss: Entweder ich erhebe mich jetzt zum Sturmangriff, um meine Heimat, meine N\u00e4chsten, meine Kameraden zu verteidigen, oder ich bleibe liegen, wo keine Kugel hinkommt.\u00bb<\/p>\n<p><strong>\u00abWenn an der Spitze ein Rechtgl\u00e4ubiger steht\u00bb<\/strong><\/p>\n<p>So ungef\u00e4hr, meint Kyrill, habe sich doch Christus auch ausgedr\u00fcckt (er verweist u. a. auf Joh. 17,3). \u00abDas ganze Kriegerheldentum findet seine Best\u00e4tigung im Evangelium. Wie viel Verrat und Desertion g\u00e4be es ohne den Glauben an das Ewige Leben! Aber auf den Befehl ihres Kommandanten erheben sich Menschen zum Angriff, bereit in den Tod zu gehen. [\u2026] Denke daran: Du wirst nicht sterben, sondern ewig leben. [\u2026]\u00a0\u00a0Wenn an der Spitze des Vaterlands und der Streitkr\u00e4fte ein Heiliger steht, und wenn auch kein Heiliger, dann doch ein Rechtgl\u00e4ubiger, Getaufter, der seine Verantwortung vor Gott, der Kirche und dem Land erkennt, dann wird er das Schwert nur mit geistiger Rechtfertigung ziehen. So rufe ich alle auf, ein besonderes Gebet f\u00fcr unseren Pr\u00e4sidenten, f\u00fcr die Staatsmacht, f\u00fcr das Volk einzulegen.\u00bb<\/p>\n<p>Tempel und Buch stellen das Ende einer niedergehenden Entwicklung des russisch-orthodoxen Christentums dar und zugleich eine R\u00fcckkehr in die theokratischen Kulturen des Alten Orients, wie sie durch Byzanz an Russland vermittelt wurden: die Verschmelzung der Staatsmacht mit der Priestermacht.<\/p>\n<p><strong>Der Krieg im \u00f6ffentlichen Raum: Heldenkult und Werbung<\/strong><\/p>\n<p>Der Krieg wird keineswegs verschwiegen, aber darf sich nur als Ort des Heldentums zeigen, auf keinen Fall als Ort der Todes\u00e4ngste, der lebenslangen Traumatisierungen, der leiblichen und seelischen Verst\u00fcmmelungen, der Verrohung und Abstumpfung. Helden sind nicht nur die todesmutigen M\u00e4nner, sondern auch die Frauen, die tapfer jeden Verlust ertragen, ob es der Vater, der Bruder oder der Sohn ist.<\/p>\n<div id=\"attachment_2614690\" class=\"wp-caption alignnone\"><img loading=\"lazy\" decoding=\"async\" aria-describedby=\"caption-attachment-2614690\" class=\"wp-image-2614690 size-medium\" src=\"https:\/\/www.pressenza.com\/wp-content\/uploads\/2025\/06\/Plakat-in-Moskau-650x1024-1-190x300.png\" alt=\"\" width=\"190\" height=\"300\" srcset=\"https:\/\/www.pressenza.com\/wp-content\/uploads\/2025\/06\/Plakat-in-Moskau-650x1024-1-190x300.png 190w, https:\/\/www.pressenza.com\/wp-content\/uploads\/2025\/06\/Plakat-in-Moskau-650x1024-1.png 650w\" sizes=\"auto, (max-width: 190px) 100vw, 190px\" \/><p id=\"caption-attachment-2614690\" class=\"wp-caption-text\">Plakat in Moskau: \u00abWenn Gott f\u00fcr uns ist, wer ist gegen uns?\u00bb \u00a9 Peter L\u00fcthi<\/p><\/div>\n<p>Immer wieder treten beide im Staatsfernsehen auf: die k\u00e4mpfenden, bescheidenen M\u00e4nnerhelden, wenn Putin oder Beamte ihnen Orden anheften,\u00a0<em>und<\/em>\u00a0die Frauen, die tapfer ihre M\u00e4nner ziehen lassen, wenn sie aufbrechen, um ihre Familie gegen die Faschisten zu verteidigen. Und wenn ihr Liebster nicht mehr zur\u00fcckkommt, tragen sie, wie man im Fernsehen sieht, auch das mit heroischer Leidensf\u00e4higkeit.<\/p>\n<p>\u00abEr ist doch als Held f\u00fcr uns alle gefallen!\u00bb, sagen sie unter weggewischten Tr\u00e4nen\u00a0<a href=\"https:\/\/www.youtube.com\/shorts\/a_QMAGe77yk\">in die Kamera<\/a>. So ist die echt russische Frau, das Gegenbild der Feministinnen, die angeblich den Westen im Griff haben. Und Putin tr\u00f6stet, dass es zuerst an den wahren M\u00fcttern liegt, wenn S\u00f6hne den Heldentod f\u00fcrs Vaterland zu sterben bereit sind. \u00dcbrigens, meint er, auch\u00a0<a href=\"https:\/\/www.youtube.com\/watch?v=WOLq89l3F8o\">an den Lehrern<\/a>.<\/p>\n<p><strong>\u00abChild-Free-Propaganda\u00bb unter Strafe<\/strong><\/p>\n<p>Allerdings ist die Geburtenrate, wie in anderen Weltgegenden, so r\u00fcckl\u00e4ufig, dass die Regierung aufgeschreckt ist und offen von einer drohenden Katastrophe spricht, wenn es nicht durch vielf\u00e4ltige Massnahmen gelinge, die Frauen wieder daf\u00fcr zu gewinnen, dem Vaterland m\u00f6glichst viele Kinder zu geb\u00e4ren, damit das russische Volk eine Zukunft habe. Dass die Beendigung des Krieges eine wirksame Massnahme sein k\u00f6nnte, um junge Eltern zu ermutigen, Kinder auf dieser Erde zu empfangen, wird nicht in Betracht gezogen. Fromme Worte und finanzielle Anreize sollen die Wende herbeif\u00fchren, zus\u00e4tzlich unterst\u00fctzt vom Strafrecht: Die Duma hat gerade w\u00e4hrend meiner Reise einstimmig ein Gesetz angenommen, das \u00abChild-Free-Propaganda\u00bb unter Strafe stellt. Sie kommt wie alles \u00dcbel aus dem Westen, daf\u00fcr kann es kein russisches Wort geben.<\/p>\n<p><strong>Mit finanziellen Verlockungen an die Front<\/strong><\/p>\n<p>Ausser den grossen Heldenplakaten entlang der grossen Strassen sind die kleinen A4-Plakate und die Flyer allgegenw\u00e4rtig. Sie werben um Vertragssoldaten. Sie kleben neben den Hauseing\u00e4ngen, an Busfenstern, zwischen den Konzertprogrammen in der Philharmonie und liegen auf dem Kassentisch des Ikonenmuseums.<\/p>\n<div id=\"attachment_2614691\" class=\"wp-caption alignnone\"><img loading=\"lazy\" decoding=\"async\" aria-describedby=\"caption-attachment-2614691\" class=\"wp-image-2614691 size-medium\" src=\"https:\/\/www.pressenza.com\/wp-content\/uploads\/2025\/06\/Werbung-fuer-Vertragssoldaten-768x1024-1-225x300.jpg\" alt=\"\" width=\"225\" height=\"300\" srcset=\"https:\/\/www.pressenza.com\/wp-content\/uploads\/2025\/06\/Werbung-fuer-Vertragssoldaten-768x1024-1-225x300.jpg 225w, https:\/\/www.pressenza.com\/wp-content\/uploads\/2025\/06\/Werbung-fuer-Vertragssoldaten-768x1024-1.jpg 768w\" sizes=\"auto, (max-width: 225px) 100vw, 225px\" \/><p id=\"caption-attachment-2614691\" class=\"wp-caption-text\">Werbung f\u00fcr Vertragssoldaten \u00a9 Peter L\u00fcthi<\/p><\/div>\n<p>Obwohl die Angeworbenen angeblich nur aus Patriotismus f\u00fcrs Vaterland k\u00e4mpfen, wurden die gross aufgedruckten Summen erh\u00f6ht, bis zu einem Niveau, von dem man nur tr\u00e4umen kann, wenn man redlich sein Geld verdient im Handwerk, im Bildungs- und Gesundheitswesen, im B\u00fcro. Als Hebamme Kindern auf die Welt helfen bringt gut 300 Franken im Monat, als Soldat das Leben der Feinde ausl\u00f6schen 2000 Franken. Und der Monatslohn ist nur ein Teil von allen materiellen Gewinnen, die einen Vertragssoldaten locken: 4000 bis 8000 Franken als Einmalzahlung schon beim Abschluss des Vertrags und bis zu 10\u2019000 Franken \u00abzus\u00e4tzliche stimulierende (!) Auszahlungen\u00bb.<\/p>\n<p>Der Staat \u00fcbernimmt Schulden und Hypotheken sowie die Wohnungsmiete, und er garantiert einen Arbeitsplatz nach Entlassung aus dem Dienst. Er \u00fcbernimmt die Kosten f\u00fcr die Schulmahlzeiten, Erholungslager und Hochschulpl\u00e4tze der Kinder.<\/p>\n<p>Da f\u00e4llt es leicht, ein echter Patriot zu sein, denn \u2013 so heisst es in der Werbung \u2013 \u00abein echter Patriot ist heute einer, der bewusst seine Wahl getroffen hat, nicht abseits geblieben und Vertragssoldat f\u00fcr die Verteidigung seines Landes geworden ist. In einem kritischen Moment f\u00fcr ihr Land tut er alles, um seine Familie zu sch\u00fctzen, seine N\u00e4chsten und Verwandten und sein Vaterland. Das ist eine Pflicht jeden Mannes.\u00bb<\/p>\n<p><strong>In 5000 Kilometer Entferung seine Liebsten sch\u00fctzen<\/strong><\/p>\n<p>Am 30. September 2024 kam der erst gerade 18 Jahre alt gewordene Lev im Donbas ums Leben. Obwohl er bei der Rekrutierung von der Armee dienstuntauglich erkl\u00e4rt wurde, entschloss er sich Ende August trotzig, Vertragssoldat zu werden. Seine Freundin erz\u00e4hlt dem Lokal-Journalisten: \u00abEr wollte unbedingt zeigen, dass er ein richtiger Mann ist und seine N\u00e4chsten besch\u00fctzen kann. Als ich ihn zur\u00fcckhalten wollte, sagte er: \u2039Vika, ich will Mama, alle N\u00e4chsten und dich besch\u00fctzen \u2013 wer, wenn nicht ich?\u203a Er meinte: besch\u00fctzen gegen die von seinen Liebsten mehr als 5000 Kilometer entfernten Feinde. Hat er vielleicht diesen\u00a0<a href=\"https:\/\/www.youtube.com\/watch?v=mnTX1_FXoac&amp;t=289s\">Werbeclip<\/a>\u00a0gesehen: \u2039Hast Du etwa davon getr\u00e4umt, als Taxifahrer oder als Securitas zu arbeiten? Du bist doch ein Mann. Dann sei einer!\u203a\u00bb<\/p>\n<p>In einer der wichtigsten Talkshows der Staatsmedien, bei Vladimir Solowjow, platzt einem Deputierten der Staatsduma vom Gebiet hinter dem Bajkal unerwartet der Kragen. Er schildert die Armut dieser Kleinst\u00e4dte und D\u00f6rfer, wo das Spital und das Geburtshaus geschlossen wurden, die Infrastruktur samt dem Asphalt zerf\u00e4llt. Wie k\u00f6nne man sich dann wundern, dass von 350 Einwohnern eines Ortes 50 einen Vertrag f\u00fcr die SVO (Spezielle Milit\u00e4roperation) unterschrieben haben?!<\/p>\n<p>In einer Lokalzeitung geht die Werbung noch einen Schritt weiter, indem ein ganzseitiges Inserat aufzeigt, wie man zu noch mehr Geld kommen kann durch die SVO. Zum Beispiel 10\u2019000 Franken f\u00fcr einen noch intakten erbeuteten Leopardpanzer. Weitere attraktive M\u00f6glichkeiten der Bereicherung werden aufgelistet: 30\u2019000 Franken im Falle einer Verwundung, 50\u2019000 Franken f\u00fcr die Familie im Fall seines Todes.<\/p>\n<p>Etwas anders formuliert heisst die Gewinnchance in der SVO so: \u00abStabilit\u00e4t, Selbstverwirklichung, w\u00fcrdiges Lebensniveau, hoher Sozialstatus\u00bb. Mit friedlicher Arbeit ist in Russland offensichtlich kein w\u00fcrdiges Lebensniveau garantiert, auch als Volksschullehrer nicht.<\/p>\n<p><strong>Wohin sind die Mathematiklehrer verschwunden?<\/strong><\/p>\n<p>Als Anfang Februar 2025 Putin am Fernsehen mit ernstem Gesicht seine Sorge vorbringt, dass die Mathematiklehrer verschwunden sind, schl\u00e4gt ihm in der Mehrheit der Kommentare auf Social Media Hohn entgegen: \u00abWohin verschwunden? Dorthin wo auch das Pflegepersonal und die \u00c4rzte sind?\u00bb \u2013 \u00abIch habe nicht bemerkt, dass man als gutverdienender Beamter Mathematik braucht.\u00bb \u2013 \u00abNat\u00fcrlich fehlen Handwerker und Lehrer, wenn es so viele Beamte braucht.\u00bb<\/p>\n<p>Auf dem zentralen Platz einer bedeutenden Stadt wurden die zahlreichen Plakatw\u00e4nde mit dem Motto\u00a0\u00abKleine Nachrichten von der Front\u00bb\u00a0neu mit anmutigen Fotografien best\u00fcckt, diesmal mit sommerlichen Motiven aus dem Leben der aus Irkutsk in den Donbas aufgebrochenen, den Fotos nach fr\u00f6hlich k\u00e4mpfenden Helden \u2013 und mit neuen Gedichten:<\/p>\n<p>\u00ab<em>Brief an den Sohn<\/em><\/p>\n<p><em>Bei uns, Sohn, ist es still. Der Garten bl\u00fcht, und der Fr\u00fchling tr\u00e4gt wie eine Freundin Hoffnung in die Seelen. Am Fensterchen wischt die Mutter eine Tr\u00e4ne ab.<br \/>\nAber bei euch dr\u00f6hnen die Kanonen, das MG schweigt nicht Tag und Nacht. Die zerstampfte Erde ist mit frischem Blut getr\u00e4nkt, auf ihr sterben die S\u00f6hne.<br \/>\nAber wir halten durch, S\u00f6hnchen, h\u00f6rst du? Unser Volk f\u00fcrchtet niemanden. Du k\u00e4mpfst, mein vertrautes S\u00f6hnchen. Bei dir ist mein Segen, das rettende m\u00fctterliche Gebet.\u00bb\u00a0<\/em><\/p>\n<p>Oder:<\/p>\n<p><em>\u00abIch halte mich nicht f\u00fcr einen Helden. Bin einfacher russischer Soldat, brauche keine Belohnung.<br \/>\nDenn wir k\u00e4mpfen jetzt f\u00fcr das Vaterland, f\u00fcr gl\u00fcckliche Kindergesichter und f\u00fcr die Seelen einfacher M\u00fctter.<br \/>\nWir erlauben der fauchenden Schlange nicht, das heimatliche Land zu vernichten.\u00bb<\/em><\/p>\n<p><strong>Kinder und Jugendliche im Bann der Militarisierung<\/strong><\/p>\n<p>Der Staat betreibt einen ungeheuren Aufwand, um alle Kinder und Jugendlichen in die staatliche Neuauflage der sowjetischen Pionier-Organisation mit dem neuen Namen \u00abDie Ersten\u00bb hineinzuziehen (gegr\u00fcndet 2022, bereits \u00fcber f\u00fcnf Millionen Mitglieder im Alter von 6-25 Jahren), in die \u00abJugendarmee\u00bb (gegr\u00fcndet 2016, 1,75 Millionen Mitglieder), und in die neuen \u00abZentren f\u00fcr milit\u00e4risch-sportliche Vorbereitung und patriotische Erziehung\u00bb, die \u00fcber das ganze Land verteilt in Sommerlagern\u00a0<a href=\"https:\/\/www.youtube.com\/watch?v=QhtUTzc1qmw\">(\u00abZeit der jungen Helden\u00bb<\/a>) den Jugendlichen \u00abangewandte milit\u00e4rische F\u00e4higkeiten\u00bb beibringen (Schiessen, Drohnen steuern, Taktik), oft angeleitet von ehemaligen Kriegsteilnehmern, \u00abin einer Atmosph\u00e4re, in der sich die Jungen als echte Verteidiger ihres Landes f\u00fchlen\u00bb, wie es im Jahresr\u00fcckblick des \u00abZentrums\u00bb in Tschuwaschien heisst.<\/p>\n<div id=\"attachment_2614692\" class=\"wp-caption alignnone\"><img loading=\"lazy\" decoding=\"async\" aria-describedby=\"caption-attachment-2614692\" class=\"wp-image-2614692\" src=\"https:\/\/www.pressenza.com\/wp-content\/uploads\/2025\/06\/Fuenfjaehrige-werden-aufs-Militaer-vorbereitet-300x173.png\" alt=\"\" width=\"400\" height=\"230\" srcset=\"https:\/\/www.pressenza.com\/wp-content\/uploads\/2025\/06\/Fuenfjaehrige-werden-aufs-Militaer-vorbereitet-300x173.png 300w, https:\/\/www.pressenza.com\/wp-content\/uploads\/2025\/06\/Fuenfjaehrige-werden-aufs-Militaer-vorbereitet-820x472.png 820w, https:\/\/www.pressenza.com\/wp-content\/uploads\/2025\/06\/Fuenfjaehrige-werden-aufs-Militaer-vorbereitet.png 850w\" sizes=\"auto, (max-width: 400px) 100vw, 400px\" \/><p id=\"caption-attachment-2614692\" class=\"wp-caption-text\">F\u00fcnfj\u00e4hrige Jungen und M\u00e4dchen werden aufs Milit\u00e4r vorbereitet. Das Bild wurde am 5. Mai 2024 in der Stadt Saratow an der mittleren Wolga aufgenommen. \u00a9 Von der regierungskritischen Agentur Meduza verbreitet.<\/p><\/div>\n<p>Ein 9-J\u00e4hriger der Jugendarmee\u00a0<a href=\"https:\/\/www.youtube.com\/watch?v=pDmQyUU-ZEg\">singt das Lied<\/a> des \u00abStaatss\u00e4ngers\u00bb Shaman: \u00abDu bist ein Krieger des Lichts, der lebendig geblieben ist. Lebendig! Sag Deinen Namen, Held, der Du mit dem Sieg zur\u00fcckkommst! Du hast dich nicht versteckt, als die schicksalshafte Stunde kam, und bleibst ewig im Himmel.\u00bb<\/p>\n<div id=\"attachment_2614693\" class=\"wp-caption alignnone\"><img loading=\"lazy\" decoding=\"async\" aria-describedby=\"caption-attachment-2614693\" class=\"wp-image-2614693 size-medium\" src=\"https:\/\/www.pressenza.com\/wp-content\/uploads\/2025\/06\/Jugendsoldat-841x1024-1-246x300.png\" alt=\"\" width=\"246\" height=\"300\" srcset=\"https:\/\/www.pressenza.com\/wp-content\/uploads\/2025\/06\/Jugendsoldat-841x1024-1-246x300.png 246w, https:\/\/www.pressenza.com\/wp-content\/uploads\/2025\/06\/Jugendsoldat-841x1024-1-820x998.png 820w, https:\/\/www.pressenza.com\/wp-content\/uploads\/2025\/06\/Jugendsoldat-841x1024-1.png 841w\" sizes=\"auto, (max-width: 246px) 100vw, 246px\" \/><p id=\"caption-attachment-2614693\" class=\"wp-caption-text\">Der 9-j\u00e4hriige Jugendsolat Fyodor Narizhny singt das Lied \u00abAlive\u00bb. \u00a9 F.N. auf YouTube<\/p><\/div>\n<p>Seit letztem Herbst hat das bisherige obligatorische Schulfach f\u00fcr die Oberstufe \u00abVerhalten in gef\u00e4hrlichen Lebenssituationen\u00bb neu den Zusatz \u00ab\u2026und Verteidigung der Heimat\u00bb, neu mit Gewehr- und Drohnen\u00fcbungen. Seit 1. September 2022 beginnt jede Woche obligatorisch mit dem Aufzug der Flagge, dem Singen der Hymne und einem den Patriotismus st\u00e4rkenden \u00abGespr\u00e4ch \u00fcber das Wichtige\u00bb.<\/p>\n<p>Ein Vater erz\u00e4hlt mir, dass die 3. Klasse seiner Tochter schon zweimal einen Brief an Frontsoldaten von der Tafel abschreiben musste. Diese abgeschriebenen Texte werden dann als pers\u00f6nliche, die Herzen der Helden ber\u00fchrende und ermutigende Kinderbriefe in den Donbas geschickt.<\/p>\n<p>Das Internet ist voll von Videos, in denen Schulen und Kinderg\u00e4rten mit Stolz auf ihre patriotischen Schulfeiern aufmerksam machen, besonders darauf, wie sie den \u00abTag des Sieges\u00bb oder den \u00abTag des Verteidigers des Vaterlands\u00bb begehen. Ein\u00a0<a href=\"https:\/\/www.youtube.com\/watch?v=TQ33x8bf9BA\">Video<\/a>\u00a0zeigt eine Kinderparade vom 5. Mai 2024 in der\u00a0<a href=\"https:\/\/de.wikipedia.org\/wiki\/Saratow\">Stadt Saratow<\/a>.\u00a0<a href=\"https:\/\/www.youtube.com\/watch?v=H5ROplNTwAI&amp;t=22s\">Ein Knabe<\/a>: \u00abDie Unseren haben mit den Deutschen gek\u00e4mpft und gesiegt\u00bb\u00a0<a href=\"https:\/\/www.youtube.com\/watch?v=512-aySDS38&amp;t=24s\">Ein anderer Knabe<\/a>: \u00abWir versprechen, unser Russland zu verteidigen!\u00bb\u00a0<a href=\"https:\/\/www.youtube.com\/watch?v=512-aySDS38&amp;t=24s\">Eine Lehrerin<\/a>: \u00abUnsere Vorfahren wollten, dass wir ihrer w\u00fcrdig sind: jeden Moment bereit, das Vaterland zu verteidigen!\u00bb<\/p>\n<p>Im Januar 2025 schlug der Gouverneur von Belgorod ein Gesetz vor: Kindern und Jugendlichen, welche die russische Armee diskreditieren und sich negativ \u00fcber die SVO \u00e4ussern, soll sp\u00e4ter der Zugang zu den Hochschulen verweigert werden. Ihren Eltern, welche die Kinder nicht patriotisch erziehen k\u00f6nnen, sollen staatliche Zusch\u00fcsse entzogen werden.<\/p>\n<p>Bei einem Schulbesuch wollte mir ein Lehrer, als wir zu zweit allein waren in der Mensa, etwas mitteilen: Er sei im Sommer freiwillig in der Zone der SVO gewesen, um die K\u00e4mpfer zu unterst\u00fctzen. Er zeigt mir Handy-Fotos von sich mit Uniform und Waffe. Das habe ihn so begeistert, dass er wieder dorthin gehen wolle.<\/p>\n<p>Im Programm \u00abZeit der Helden\u00bb werden ehemalige Frontsoldaten kurz umgeschult, bevor sie die Heranwachsenden ins wahre Leben einf\u00fchren d\u00fcrfen oder andere verantwortliche Posten \u00fcbernehmen.<\/p>\n<p><strong>Gewaltt\u00e4tigkeit im Heiligen Krieg \u2013 Kriminalit\u00e4t im zivilen Leben<\/strong><\/p>\n<p>Ich besuche zum dritten Mal einen Freund, der sich nach eigener langj\u00e4hriger Gef\u00e4ngniserfahrung zur Lebensaufgabe macht, als Jurist f\u00fcr die Rechte von Gefangenen einzutreten, ganz besonders f\u00fcr ihren Schutz vor der weit verbreiteten Folter. Er bedauert, dass fast alle seiner Kollegen als \u00abRechtssch\u00fctzer\u00bb ausgewandert seien, weil man, wie sie sagten, doch nichts mehr bewirken k\u00f6nne in diesem Land. Oh doch! versichert mein Freund, man k\u00f6nne hier noch etwas bewirken. Er freue sich an den vielleicht bescheidenen Erfolgen. Die wenigen wegen Folter verurteilten Gef\u00e4ngnisw\u00e4rter und -direktoren seien f\u00fcr alle andern doch ein Signal: Verlasst euch nicht auf Straffreiheit! Damit er seine Aufgabe m\u00f6glichst lange erf\u00fcllen k\u00f6nne, \u00e4ussere er sich aber nicht \u00f6ffentlich zur Politik, nur zum Recht.<\/p>\n<p>Seit Kriegsbeginn sei die Gewaltkriminalit\u00e4t deutlich angestiegen, sagt er. Bekannt sei die Problematik von R\u00fcckkehrern aus dem Krieg, die mit einem gewaltfreien Leben nicht mehr zurechtkommen. Psychotherapie f\u00fcr die Kriegstraumata der Opfer und der T\u00e4ter sei unbekannt: Warum sollte man tadellose, von liebevollen russischen Frauen empfangene Helden therapieren?<\/p>\n<p>M\u00e4nner, die wegen kleiner Vergehen wie Diebstahl verhaftet werden, w\u00fcrden direkt vor die Alternative gestellt: Kriegsdienst oder Gef\u00e4ngnis. \u2013 Diesmal ist mein Freund vorsichtiger als die letzten Male, ich soll seinen Namen nicht nennen bei Ver\u00f6ffentlichungen \u2013 \u00abf\u00fcr das, was wir hier sprechen, kann man verhaftet werden\u00bb.<\/p>\n<p><strong>Die Sehnsucht nach Wahrhaftigkeit, auch in Kriegszeiten<\/strong><\/p>\n<p>Was ist gegen die zunehmende Militarisierung der russischen Gesellschaft zu tun? Im \u00f6ffentlichen Diskurs nichts. Es kann dar\u00fcber keine Debatte mehr entstehen, weder in den Medien noch bei \u00f6ffentlichen Gespr\u00e4chen in den Bildungs-Institutionen und an Konferenzen noch im Parlament. Nur noch die private Begegnung zwischen individuellen Menschen kann einen Freiraum bewahren.<\/p>\n<p>Als mich auf der Strasse eine \u00e4ltere Dame nach einer Adresse fragt, entschuldige ich mich, dass ich Schweizer bin und diese Adresse nicht kenne. \u00abAus der Schweiz!?\u00bb Sie besinnt sich keinen Moment, sie muss es diesem unerwartet ihr zugeschickten Ausl\u00e4nder sagen: \u00abDenkt bitte nicht, dass wir alle so sind. Das ist ja unfassbar im 21. Jahrhundert!\u00bb<\/p>\n<p>Im Gespr\u00e4ch mit einer 10. Klasse ist ein spontanes Interesse an der Begegnung zu sp\u00fcren \u2013 alles \u00fcber mich, \u00fcber die Schweiz, ob es wahr sei, dass in der Schweiz Tiere auch Rechte haben, \u00fcber mein Motiv, Russisch zu lernen und nach Russland zu reisen, usw. Wo immer m\u00f6glich betone ich, dass ich auch in die Ukraine reise, auch dort Freunde habe. In der Pause kommen drei M\u00e4dchen zu mir mit der Bitte, die sie im Klassengespr\u00e4ch nicht anbringen durften: \u00abSagen Sie, was Sie\u00a0<em>wirklich<\/em>\u00a0denken!\u00bb Ich verstehe ohne Worte, dass sie meinen: \u00fcber den Krieg \u2013 den man SVO nennen muss, wenn man sich nicht strafbar machen will.<\/p>\n<p>Nach meinem Vortrag meldet sich eine Lehrerin aus einer Kleinklassenschule, wo mir im April die 8. Klasse auf Deutsch \u00abDie Gedanken sind frei\u2026\u00bb vorsang.\u00a0\u00a0Die Klassenlehrerin hatte mich gewarnt, unter den Zuh\u00f6rern k\u00f6nne auch der Geheimdienst FSB sein. Mutig fragte mich die Lehrerin dennoch vor allen Zuh\u00f6rern meines Vortrags: \u00abWas soll ich denn tun, wenn ich vor den Sch\u00fclern wahrhaftig sein will\u2026.!?\u00bb<\/p>\n","protected":false},"excerpt":{"rendered":"<p>Staat und Kirche propagieren einen heiligen Krieg, verherrlichen Kriegsopfer und militarisieren Schulkinder. Peter L\u00fcthi f\u00fcr die Online-Zeitung INFOsperber upg. Der pensionierte Lehrer\u00a0Peter L\u00fcthi\u00a0bereiste im April und November 2024 erneut Russland. Dort hatte er viele private Kontakte und verfolgte Staatsmedien und&hellip;<\/p>\n","protected":false},"author":1855,"featured_media":2614678,"comment_status":"closed","ping_status":"closed","sticky":false,"template":"","format":"standard","meta":{"footnotes":""},"categories":[9150,9167,9168],"tags":[11953,10466,10604,11932,15357],"class_list":["post-2614676","post","type-post","status-publish","format-standard","has-post-thumbnail","hentry","category-europa-de","category-frieden-und-abruestung","category-politik","tag-kindersoldaten-de","tag-krieg","tag-militaer","tag-propaganda-de","tag-russland"],"yoast_head":"<!-- This site is optimized with the Yoast SEO plugin v27.1.1 - https:\/\/yoast.com\/product\/yoast-seo-wordpress\/ -->\n<title>So f\u00fchrt der Krieg zur Militarisierung Russlands<\/title>\n<meta name=\"description\" content=\"Staat und Kirche propagieren einen heiligen Krieg, verherrlichen Kriegsopfer und militarisieren Schulkinder. Peter L\u00fcthi f\u00fcr die Online-Zeitung\" \/>\n<meta name=\"robots\" content=\"index, follow, max-snippet:-1, max-image-preview:large, max-video-preview:-1\" \/>\n<link rel=\"canonical\" href=\"https:\/\/www.pressenza.com\/de\/2025\/06\/so-fuehrt-der-krieg-zur-militarisierung-russlands\/\" \/>\n<meta property=\"og:locale\" content=\"de_DE\" \/>\n<meta property=\"og:type\" content=\"article\" \/>\n<meta property=\"og:title\" content=\"So f\u00fchrt der Krieg zur Militarisierung Russlands\" \/>\n<meta property=\"og:description\" content=\"Staat und Kirche propagieren einen heiligen Krieg, verherrlichen Kriegsopfer und militarisieren Schulkinder. Peter L\u00fcthi f\u00fcr die Online-Zeitung\" \/>\n<meta property=\"og:url\" content=\"https:\/\/www.pressenza.com\/de\/2025\/06\/so-fuehrt-der-krieg-zur-militarisierung-russlands\/\" \/>\n<meta property=\"og:site_name\" content=\"Pressenza\" \/>\n<meta property=\"article:publisher\" content=\"https:\/\/www.facebook.com\/PressenzaItalia\" \/>\n<meta property=\"article:published_time\" content=\"2025-06-30T07:20:22+00:00\" \/>\n<meta property=\"og:image\" content=\"https:\/\/www.pressenza.com\/wp-content\/uploads\/2025\/06\/Ein-Schueler-spricht-zur-Kinderparade-1024x528-1.png\" \/>\n\t<meta property=\"og:image:width\" content=\"1024\" \/>\n\t<meta property=\"og:image:height\" content=\"528\" \/>\n\t<meta property=\"og:image:type\" content=\"image\/png\" \/>\n<meta name=\"author\" content=\"INFOsperber\" \/>\n<meta name=\"twitter:card\" content=\"summary_large_image\" \/>\n<meta name=\"twitter:creator\" content=\"@PressenzaIPA\" \/>\n<meta name=\"twitter:site\" content=\"@PressenzaIPA\" \/>\n<meta name=\"twitter:label1\" content=\"Verfasst von\" \/>\n\t<meta name=\"twitter:data1\" content=\"INFOsperber\" \/>\n\t<meta name=\"twitter:label2\" content=\"Gesch\u00e4tzte Lesezeit\" \/>\n\t<meta name=\"twitter:data2\" content=\"20\u00a0Minuten\" \/>\n<script type=\"application\/ld+json\" class=\"yoast-schema-graph\">{\"@context\":\"https:\/\/schema.org\",\"@graph\":[{\"@type\":\"Article\",\"@id\":\"https:\/\/www.pressenza.com\/de\/2025\/06\/so-fuehrt-der-krieg-zur-militarisierung-russlands\/#article\",\"isPartOf\":{\"@id\":\"https:\/\/www.pressenza.com\/de\/2025\/06\/so-fuehrt-der-krieg-zur-militarisierung-russlands\/\"},\"author\":{\"name\":\"INFOsperber\",\"@id\":\"https:\/\/www.pressenza.com\/de\/#\/schema\/person\/77735f6583e3041b31ebc7b93a284357\"},\"headline\":\"So f\u00fchrt der Krieg zur Militarisierung Russlands\",\"datePublished\":\"2025-06-30T07:20:22+00:00\",\"mainEntityOfPage\":{\"@id\":\"https:\/\/www.pressenza.com\/de\/2025\/06\/so-fuehrt-der-krieg-zur-militarisierung-russlands\/\"},\"wordCount\":3527,\"publisher\":{\"@id\":\"https:\/\/www.pressenza.com\/de\/#organization\"},\"image\":{\"@id\":\"https:\/\/www.pressenza.com\/de\/2025\/06\/so-fuehrt-der-krieg-zur-militarisierung-russlands\/#primaryimage\"},\"thumbnailUrl\":\"https:\/\/www.pressenza.com\/wp-content\/uploads\/2025\/06\/Ein-Schueler-spricht-zur-Kinderparade-1024x528-1.png\",\"keywords\":[\"Kindersoldaten\",\"Krieg\",\"Milit\u00e4r\",\"Propaganda\",\"Russland\"],\"articleSection\":[\"Europa\",\"Frieden und Abr\u00fcstung\",\"Politik\"],\"inLanguage\":\"de\"},{\"@type\":\"WebPage\",\"@id\":\"https:\/\/www.pressenza.com\/de\/2025\/06\/so-fuehrt-der-krieg-zur-militarisierung-russlands\/\",\"url\":\"https:\/\/www.pressenza.com\/de\/2025\/06\/so-fuehrt-der-krieg-zur-militarisierung-russlands\/\",\"name\":\"So f\u00fchrt der Krieg zur Militarisierung Russlands\",\"isPartOf\":{\"@id\":\"https:\/\/www.pressenza.com\/de\/#website\"},\"primaryImageOfPage\":{\"@id\":\"https:\/\/www.pressenza.com\/de\/2025\/06\/so-fuehrt-der-krieg-zur-militarisierung-russlands\/#primaryimage\"},\"image\":{\"@id\":\"https:\/\/www.pressenza.com\/de\/2025\/06\/so-fuehrt-der-krieg-zur-militarisierung-russlands\/#primaryimage\"},\"thumbnailUrl\":\"https:\/\/www.pressenza.com\/wp-content\/uploads\/2025\/06\/Ein-Schueler-spricht-zur-Kinderparade-1024x528-1.png\",\"datePublished\":\"2025-06-30T07:20:22+00:00\",\"description\":\"Staat und Kirche propagieren einen heiligen Krieg, verherrlichen Kriegsopfer und militarisieren Schulkinder. Peter L\u00fcthi f\u00fcr die Online-Zeitung\",\"breadcrumb\":{\"@id\":\"https:\/\/www.pressenza.com\/de\/2025\/06\/so-fuehrt-der-krieg-zur-militarisierung-russlands\/#breadcrumb\"},\"inLanguage\":\"de\",\"potentialAction\":[{\"@type\":\"ReadAction\",\"target\":[\"https:\/\/www.pressenza.com\/de\/2025\/06\/so-fuehrt-der-krieg-zur-militarisierung-russlands\/\"]}]},{\"@type\":\"ImageObject\",\"inLanguage\":\"de\",\"@id\":\"https:\/\/www.pressenza.com\/de\/2025\/06\/so-fuehrt-der-krieg-zur-militarisierung-russlands\/#primaryimage\",\"url\":\"https:\/\/www.pressenza.com\/wp-content\/uploads\/2025\/06\/Ein-Schueler-spricht-zur-Kinderparade-1024x528-1.png\",\"contentUrl\":\"https:\/\/www.pressenza.com\/wp-content\/uploads\/2025\/06\/Ein-Schueler-spricht-zur-Kinderparade-1024x528-1.png\",\"width\":1024,\"height\":528},{\"@type\":\"BreadcrumbList\",\"@id\":\"https:\/\/www.pressenza.com\/de\/2025\/06\/so-fuehrt-der-krieg-zur-militarisierung-russlands\/#breadcrumb\",\"itemListElement\":[{\"@type\":\"ListItem\",\"position\":1,\"name\":\"Accueil\",\"item\":\"https:\/\/www.pressenza.com\/de\/\"},{\"@type\":\"ListItem\",\"position\":2,\"name\":\"So f\u00fchrt der Krieg zur Militarisierung Russlands\"}]},{\"@type\":\"WebSite\",\"@id\":\"https:\/\/www.pressenza.com\/de\/#website\",\"url\":\"https:\/\/www.pressenza.com\/de\/\",\"name\":\"Pressenza\",\"description\":\"International Press Agency\",\"publisher\":{\"@id\":\"https:\/\/www.pressenza.com\/de\/#organization\"},\"potentialAction\":[{\"@type\":\"SearchAction\",\"target\":{\"@type\":\"EntryPoint\",\"urlTemplate\":\"https:\/\/www.pressenza.com\/de\/?s={search_term_string}\"},\"query-input\":{\"@type\":\"PropertyValueSpecification\",\"valueRequired\":true,\"valueName\":\"search_term_string\"}}],\"inLanguage\":\"de\"},{\"@type\":\"Organization\",\"@id\":\"https:\/\/www.pressenza.com\/de\/#organization\",\"name\":\"Pressenza\",\"url\":\"https:\/\/www.pressenza.com\/de\/\",\"logo\":{\"@type\":\"ImageObject\",\"inLanguage\":\"de\",\"@id\":\"https:\/\/www.pressenza.com\/de\/#\/schema\/logo\/image\/\",\"url\":\"https:\/\/www.pressenza.com\/wp-content\/uploads\/2022\/10\/pressenza_logo_200x200.jpg\",\"contentUrl\":\"https:\/\/www.pressenza.com\/wp-content\/uploads\/2022\/10\/pressenza_logo_200x200.jpg\",\"width\":200,\"height\":200,\"caption\":\"Pressenza\"},\"image\":{\"@id\":\"https:\/\/www.pressenza.com\/de\/#\/schema\/logo\/image\/\"},\"sameAs\":[\"https:\/\/www.facebook.com\/PressenzaItalia\",\"https:\/\/x.com\/PressenzaIPA\"]},{\"@type\":\"Person\",\"@id\":\"https:\/\/www.pressenza.com\/de\/#\/schema\/person\/77735f6583e3041b31ebc7b93a284357\",\"name\":\"INFOsperber\",\"description\":\"Infosperber.ch - sieht, was andere \u00fcbersehen Die Schweizer Internet-Zeitung richtet sich an Entscheidungstr\u00e4ger in Gesellschaft, Wirtschaft und Politik sowie alle, die erg\u00e4nzende Informationen zu den grossen Medien suchen. Infosperber will die grossen Informations-Medien nicht konkurrenzieren, sondern diese erg\u00e4nzen. \u00a9 Das Weiterverbreiten s\u00e4mtlicher auf dem gemeinn\u00fctzigen Portal www.infosperber.ch enthaltenen Texte ist ohne Kostenfolge erlaubt, sofern die Texte integral ohne K\u00fcrzung und mit Quellenangaben (Autor und \u00abInfosperber\u00bb) verbreitet werden. Bei einer Online-Nutzung ist die Quellenangabe m\u00f6glichst schon am Anfang des Artikels mit einem Link auf infosperber.ch zu versehen. F\u00fcr das Verbreiten von gek\u00fcrzten oder abge\u00e4nderten Texten ist das schriftliche Einverst\u00e4ndnis der AutorInnen erforderlich.\",\"sameAs\":[\"https:\/\/www.infosperber.ch\/\"],\"url\":\"https:\/\/www.pressenza.com\/de\/author\/infosperber\/\"}]}<\/script>\n<!-- \/ Yoast SEO plugin. -->","yoast_head_json":{"title":"So f\u00fchrt der Krieg zur Militarisierung Russlands","description":"Staat und Kirche propagieren einen heiligen Krieg, verherrlichen Kriegsopfer und militarisieren Schulkinder. Peter L\u00fcthi f\u00fcr die Online-Zeitung","robots":{"index":"index","follow":"follow","max-snippet":"max-snippet:-1","max-image-preview":"max-image-preview:large","max-video-preview":"max-video-preview:-1"},"canonical":"https:\/\/www.pressenza.com\/de\/2025\/06\/so-fuehrt-der-krieg-zur-militarisierung-russlands\/","og_locale":"de_DE","og_type":"article","og_title":"So f\u00fchrt der Krieg zur Militarisierung Russlands","og_description":"Staat und Kirche propagieren einen heiligen Krieg, verherrlichen Kriegsopfer und militarisieren Schulkinder. Peter L\u00fcthi f\u00fcr die Online-Zeitung","og_url":"https:\/\/www.pressenza.com\/de\/2025\/06\/so-fuehrt-der-krieg-zur-militarisierung-russlands\/","og_site_name":"Pressenza","article_publisher":"https:\/\/www.facebook.com\/PressenzaItalia","article_published_time":"2025-06-30T07:20:22+00:00","og_image":[{"width":1024,"height":528,"url":"https:\/\/www.pressenza.com\/wp-content\/uploads\/2025\/06\/Ein-Schueler-spricht-zur-Kinderparade-1024x528-1.png","type":"image\/png"}],"author":"INFOsperber","twitter_card":"summary_large_image","twitter_creator":"@PressenzaIPA","twitter_site":"@PressenzaIPA","twitter_misc":{"Verfasst von":"INFOsperber","Gesch\u00e4tzte Lesezeit":"20\u00a0Minuten"},"schema":{"@context":"https:\/\/schema.org","@graph":[{"@type":"Article","@id":"https:\/\/www.pressenza.com\/de\/2025\/06\/so-fuehrt-der-krieg-zur-militarisierung-russlands\/#article","isPartOf":{"@id":"https:\/\/www.pressenza.com\/de\/2025\/06\/so-fuehrt-der-krieg-zur-militarisierung-russlands\/"},"author":{"name":"INFOsperber","@id":"https:\/\/www.pressenza.com\/de\/#\/schema\/person\/77735f6583e3041b31ebc7b93a284357"},"headline":"So f\u00fchrt der Krieg zur Militarisierung Russlands","datePublished":"2025-06-30T07:20:22+00:00","mainEntityOfPage":{"@id":"https:\/\/www.pressenza.com\/de\/2025\/06\/so-fuehrt-der-krieg-zur-militarisierung-russlands\/"},"wordCount":3527,"publisher":{"@id":"https:\/\/www.pressenza.com\/de\/#organization"},"image":{"@id":"https:\/\/www.pressenza.com\/de\/2025\/06\/so-fuehrt-der-krieg-zur-militarisierung-russlands\/#primaryimage"},"thumbnailUrl":"https:\/\/www.pressenza.com\/wp-content\/uploads\/2025\/06\/Ein-Schueler-spricht-zur-Kinderparade-1024x528-1.png","keywords":["Kindersoldaten","Krieg","Milit\u00e4r","Propaganda","Russland"],"articleSection":["Europa","Frieden und Abr\u00fcstung","Politik"],"inLanguage":"de"},{"@type":"WebPage","@id":"https:\/\/www.pressenza.com\/de\/2025\/06\/so-fuehrt-der-krieg-zur-militarisierung-russlands\/","url":"https:\/\/www.pressenza.com\/de\/2025\/06\/so-fuehrt-der-krieg-zur-militarisierung-russlands\/","name":"So f\u00fchrt der Krieg zur Militarisierung Russlands","isPartOf":{"@id":"https:\/\/www.pressenza.com\/de\/#website"},"primaryImageOfPage":{"@id":"https:\/\/www.pressenza.com\/de\/2025\/06\/so-fuehrt-der-krieg-zur-militarisierung-russlands\/#primaryimage"},"image":{"@id":"https:\/\/www.pressenza.com\/de\/2025\/06\/so-fuehrt-der-krieg-zur-militarisierung-russlands\/#primaryimage"},"thumbnailUrl":"https:\/\/www.pressenza.com\/wp-content\/uploads\/2025\/06\/Ein-Schueler-spricht-zur-Kinderparade-1024x528-1.png","datePublished":"2025-06-30T07:20:22+00:00","description":"Staat und Kirche propagieren einen heiligen Krieg, verherrlichen Kriegsopfer und militarisieren Schulkinder. Peter L\u00fcthi f\u00fcr die Online-Zeitung","breadcrumb":{"@id":"https:\/\/www.pressenza.com\/de\/2025\/06\/so-fuehrt-der-krieg-zur-militarisierung-russlands\/#breadcrumb"},"inLanguage":"de","potentialAction":[{"@type":"ReadAction","target":["https:\/\/www.pressenza.com\/de\/2025\/06\/so-fuehrt-der-krieg-zur-militarisierung-russlands\/"]}]},{"@type":"ImageObject","inLanguage":"de","@id":"https:\/\/www.pressenza.com\/de\/2025\/06\/so-fuehrt-der-krieg-zur-militarisierung-russlands\/#primaryimage","url":"https:\/\/www.pressenza.com\/wp-content\/uploads\/2025\/06\/Ein-Schueler-spricht-zur-Kinderparade-1024x528-1.png","contentUrl":"https:\/\/www.pressenza.com\/wp-content\/uploads\/2025\/06\/Ein-Schueler-spricht-zur-Kinderparade-1024x528-1.png","width":1024,"height":528},{"@type":"BreadcrumbList","@id":"https:\/\/www.pressenza.com\/de\/2025\/06\/so-fuehrt-der-krieg-zur-militarisierung-russlands\/#breadcrumb","itemListElement":[{"@type":"ListItem","position":1,"name":"Accueil","item":"https:\/\/www.pressenza.com\/de\/"},{"@type":"ListItem","position":2,"name":"So f\u00fchrt der Krieg zur Militarisierung Russlands"}]},{"@type":"WebSite","@id":"https:\/\/www.pressenza.com\/de\/#website","url":"https:\/\/www.pressenza.com\/de\/","name":"Pressenza","description":"International Press Agency","publisher":{"@id":"https:\/\/www.pressenza.com\/de\/#organization"},"potentialAction":[{"@type":"SearchAction","target":{"@type":"EntryPoint","urlTemplate":"https:\/\/www.pressenza.com\/de\/?s={search_term_string}"},"query-input":{"@type":"PropertyValueSpecification","valueRequired":true,"valueName":"search_term_string"}}],"inLanguage":"de"},{"@type":"Organization","@id":"https:\/\/www.pressenza.com\/de\/#organization","name":"Pressenza","url":"https:\/\/www.pressenza.com\/de\/","logo":{"@type":"ImageObject","inLanguage":"de","@id":"https:\/\/www.pressenza.com\/de\/#\/schema\/logo\/image\/","url":"https:\/\/www.pressenza.com\/wp-content\/uploads\/2022\/10\/pressenza_logo_200x200.jpg","contentUrl":"https:\/\/www.pressenza.com\/wp-content\/uploads\/2022\/10\/pressenza_logo_200x200.jpg","width":200,"height":200,"caption":"Pressenza"},"image":{"@id":"https:\/\/www.pressenza.com\/de\/#\/schema\/logo\/image\/"},"sameAs":["https:\/\/www.facebook.com\/PressenzaItalia","https:\/\/x.com\/PressenzaIPA"]},{"@type":"Person","@id":"https:\/\/www.pressenza.com\/de\/#\/schema\/person\/77735f6583e3041b31ebc7b93a284357","name":"INFOsperber","description":"Infosperber.ch - sieht, was andere \u00fcbersehen Die Schweizer Internet-Zeitung richtet sich an Entscheidungstr\u00e4ger in Gesellschaft, Wirtschaft und Politik sowie alle, die erg\u00e4nzende Informationen zu den grossen Medien suchen. Infosperber will die grossen Informations-Medien nicht konkurrenzieren, sondern diese erg\u00e4nzen. \u00a9 Das Weiterverbreiten s\u00e4mtlicher auf dem gemeinn\u00fctzigen Portal www.infosperber.ch enthaltenen Texte ist ohne Kostenfolge erlaubt, sofern die Texte integral ohne K\u00fcrzung und mit Quellenangaben (Autor und \u00abInfosperber\u00bb) verbreitet werden. Bei einer Online-Nutzung ist die Quellenangabe m\u00f6glichst schon am Anfang des Artikels mit einem Link auf infosperber.ch zu versehen. F\u00fcr das Verbreiten von gek\u00fcrzten oder abge\u00e4nderten Texten ist das schriftliche Einverst\u00e4ndnis der AutorInnen erforderlich.","sameAs":["https:\/\/www.infosperber.ch\/"],"url":"https:\/\/www.pressenza.com\/de\/author\/infosperber\/"}]}},"place":"","original_article_url":"","_links":{"self":[{"href":"https:\/\/www.pressenza.com\/de\/wp-json\/wp\/v2\/posts\/2614676","targetHints":{"allow":["GET"]}}],"collection":[{"href":"https:\/\/www.pressenza.com\/de\/wp-json\/wp\/v2\/posts"}],"about":[{"href":"https:\/\/www.pressenza.com\/de\/wp-json\/wp\/v2\/types\/post"}],"author":[{"embeddable":true,"href":"https:\/\/www.pressenza.com\/de\/wp-json\/wp\/v2\/users\/1855"}],"replies":[{"embeddable":true,"href":"https:\/\/www.pressenza.com\/de\/wp-json\/wp\/v2\/comments?post=2614676"}],"version-history":[{"count":5,"href":"https:\/\/www.pressenza.com\/de\/wp-json\/wp\/v2\/posts\/2614676\/revisions"}],"predecessor-version":[{"id":2615337,"href":"https:\/\/www.pressenza.com\/de\/wp-json\/wp\/v2\/posts\/2614676\/revisions\/2615337"}],"wp:featuredmedia":[{"embeddable":true,"href":"https:\/\/www.pressenza.com\/de\/wp-json\/wp\/v2\/media\/2614678"}],"wp:attachment":[{"href":"https:\/\/www.pressenza.com\/de\/wp-json\/wp\/v2\/media?parent=2614676"}],"wp:term":[{"taxonomy":"category","embeddable":true,"href":"https:\/\/www.pressenza.com\/de\/wp-json\/wp\/v2\/categories?post=2614676"},{"taxonomy":"post_tag","embeddable":true,"href":"https:\/\/www.pressenza.com\/de\/wp-json\/wp\/v2\/tags?post=2614676"}],"curies":[{"name":"wp","href":"https:\/\/api.w.org\/{rel}","templated":true}]}}