{"id":2613902,"date":"2025-06-24T07:46:35","date_gmt":"2025-06-24T06:46:35","guid":{"rendered":"https:\/\/www.pressenza.com\/?p=2613902"},"modified":"2025-06-24T07:46:35","modified_gmt":"2025-06-24T06:46:35","slug":"eroeffnung-des-amazon-tower-in-berlin","status":"publish","type":"post","link":"https:\/\/www.pressenza.com\/de\/2025\/06\/eroeffnung-des-amazon-tower-in-berlin\/","title":{"rendered":"Er\u00f6ffnung des Amazon-Tower in Berlin"},"content":{"rendered":"<p><strong>K\u00fcrzlich wurde eine neue Amazon-Dependance in Berlin eingeweiht. Ein Protestb\u00fcndnis meldete Widerspruch an, doch von einem grundlegenden Antikapitalismus war wenig zu h\u00f6ren.<\/strong><\/p>\n<p>\u201eDer Turm st\u00fcrzt ein\u201c, der scheinbar nicht gealterte Refrain eines Songs der Politikband <em>Ton-Steine-Scherben<\/em>, schallte aus der Lautsprecheranlage, die vor der Hochglanzfassade eines der mit 140 Meter h\u00f6chsten T\u00fcrme Berlins aufgebaut war. In dem vor wenigen Wochen mit zweij\u00e4hriger Verz\u00f6gerung er\u00f6ffneten East-Side-Tower an der Warschauer Br\u00fccke feierte die Berliner Amazon-Dependance am 16. Juni ihren offiziellen Einzug auf 33 der 35 Etagen. Dort soll die Forschungs- und Entwicklungsabteilung von Amazon-Deutschland mit zun\u00e4chst 2500 Mitarbeiter*innen einziehen, das Personal kann in den n\u00e4chsten Jahren auf 3000 aufgestockt werden.Berlins Regierender B\u00fcrgermeister Kai Wegner fand als Ehrengast lobende Worte. \u201eDas ist ein Bekenntnis zum Standort Berlin, die mich freut\u201c. Dass sahen aber nicht alle so. Die Skepsis und Kritik an Tech-Konzernen wie Amazon nimmt zu. Das wurde selbst auf der kleinen Kundgebung des B\u00fcndnisses \u201e<a href=\"https:\/\/berlinvsamazon.noblogs.org\/\" target=\"_blank\" rel=\"noreferrer noopener\">Amazon ist kein guter Nachbar<\/a>\u201c deutlich. Es waren nur knapp 40 vor allem junge Menschen, die in einem kleinen Areal vor dem Eingang von Amazon von der Polizei argw\u00f6hnisch beobachtet wurden. Schliesslich ist ein Montagvormittag kein guter Termin, um viele Menschen zu mobilisieren.<\/p>\n<h3>Von Gewerkschaften bis zur Antifa<\/h3>\n<p>Doch Matthias betont, dass er keineswegs den Eindruck erwecken will, dass der Protest gegen Amazon in Berlin zwecklos war. Schliesslich kam selbst an einen Montagvormittag bei dem Protest zur Amazon-Er\u00f6ffnung ungeachtet der geringen Zahl ein beachtliches B\u00fcndnis zusammen, wie sich schon an den Fahnen und Transparenten zeigte, die rund um den Kundgebungsplatz platziert waren. Neben Antifa-Fahnen und Transparenten von Stadtteilgruppen wehte auch das Banner der <a href=\"https:\/\/www.verdi.de\/presse\/pressemitteilungen\/++co++5d57acca-4aab-11f0-9716-bba27979ad50\" target=\"_blank\" rel=\"noreferrer noopener\">Dienstleistungsgewerkschaft Verdi<\/a>. Sie nahm die Er\u00f6ffnung zum Anlass, um auf die unakzeptablen Arbeitsbedingungen bei Amazon aufmerksam zu machen.<\/p>\n<p>\u201eDer Amazon-Tower mag sch\u00f6n in der Berliner Sonne gl\u00e4nzen, wenn sie denn scheint \u2013 das kann aber nicht die Tatsache \u00fcberstrahlen, dass der Konzern seinen rund 40.000 Mitarbeitenden in Deutschland gute und verl\u00e4ssliche Arbeitsbedingungen in Form eines Tarifvertrags verweigert\u201c, sagte das f\u00fcr Einzelhandel zust\u00e4ndige Verdi. Bundesvorstands-Mitglied Silke Zimmer am Montag. \u201eWer als Weltkonzern der f\u00fchrende Versandh\u00e4ndler in Deutschland sein will, hat sich hier seiner sozialen Verantwortung als Arbeitgeber zu stellen.\u201c<\/p>\n<p>Verdi forderte Berlins Regierenden B\u00fcrgermeister Kai Wegner auf, sich beim Hauptstadt-Arbeitgeber Amazon f\u00fcr die Anerkennung von Tarifvertr\u00e4gen und die Wahrung von Arbeitnehmerrechten einzusetzen. \u201e<a href=\"https:\/\/makeamazonpay.com\/\" target=\"_blank\" rel=\"noreferrer noopener\">Make Amazon Pay!<\/a>\u201c lautete auch die Forderung der Tech-Workers Koalition (https:\/\/techworkersberlin.com\/blog\/2020-11-27-make-amazon-pay\/), einem weltweiten Zusammenschluss von Amazon-Besch\u00e4ftigten und Unterst\u00fctzern. Sie fordern h\u00f6here L\u00f6hne f\u00fcr die Amazon-Besch\u00e4ftigten und Gesch\u00e4ftspraktiken, die die Umwelt m\u00f6glichst wenig sch\u00e4digen.<\/p>\n<h3>Kritik von LobbyControl<\/h3>\n<p>Diese Redner*innen bekamen bei den Kundgebungsteilnehmer*innen ebenso Applaus, wie die Vertreterin der Organisation LobbyControl (https:\/\/www.lobbycontrol.de) f\u00fcr ihre Kritik an den fragw\u00fcrdigen Lobbystrategien von Amazon \u201eNeben klassischer Lobbyarbeit setzt der Konzern dabei auf sogenanntes Deep Lobbying, unter anderem durch Geschenke und Sponsoring. Damit geht Amazon gegen Kritik an schlechten Arbeitsbedingungen, Steuervermeidung und Monopolmacht vor\u201c, tr\u00e4gt sie auf der Kundgebung die Ergebnisse einer vor einigen Monaten <a href=\"https:\/\/www.lobbycontrol.de\/pressemitteilung\/deep-lobbying-amazons-fragwuerdige-lobbystrategie-118912\/\" target=\"_blank\" rel=\"noreferrer noopener\">von der Organisation erstellten Studie<\/a> vor.<\/p>\n<p>Die LobbyControl-Vertreterin betonte, dass nicht nur Amazon sondern auch andere Tech-Konzerne eine Gefahr f\u00fcr \u201eunsere Demokratie\u201c seien. Sie erinnerte daran, dass die Bosse vieler Techkonzerne auch Jeff Bezos von Amazon bei der Inauguration von Trump im Januar in Washington in der ersten Reihe standen und endete mit der Feststellung, dass eine Zerschlagung von Techkonzernen wie Amazon auch mit dem Grundgesetz und EU-Recht vereinbar ist. Daf\u00fcr bekam sie auch Applaus von den j\u00fcngeren Kundgebungsteilnehmer*nenn, die \u201eFight-Amazon\u201c auf ihre Transparente geschrieben hatten.<\/p>\n<p>Einige Redner*innen aus diesem politischen Spektrum kamen \u00fcber eine allgemeine Ablehnung von Techkonzernen und gar der sozialen Medien nicht hinaus. Ein Rapper nannte seinen Song \u201eZerschlagt die sozialen Medien\u201c. Das ist doch etwas verwunderlich, wenn man sah, dass die jungen Kundgebungsteilnehmer*innen, die dazu applaudierten, die Szene mit ihren Smartphones fotografierten. Viele Aspekte wurden in den rund ein Dutzend Redebeitr\u00e4gen zur Amazon-Er\u00f6ffnung angesprochen. Doch bei kaum einen wurde der Konzern in den globalen Kapitalismus eingeordnet, in dem die Techkonzerne nichtige Player sind.<\/p>\n<p>Wenn man manche der Beitr\u00e4ge h\u00f6rte, konnte man den Eindruck haben, dass nur Konzerne wie Amazon kritikw\u00fcrdig sind, weil sie allein kein Interesse an guten Arbeitsbedingungen und Umweltschutzmassnahmen haben. Dabei ist es der Drang nach Maximalprofiten, der Konzerne im Kapitalismus generell zu einem solchen Verhalten zwingt. In mehreren Redebeitr\u00e4gen wurde zudem der Eindruck erweckt, als g\u00e4be es einen Gegensatz zwischen \u201eunserer Demokratie\u201c, eine Formel, die gleich von mehreren Redner*innen auf der Kundgebung verwendet wurde und dem Agieren von Konzernen wie Amazon. Dabei wird vergessen, dass die b\u00fcrgerliche Demokratie gute Verwertungsbedingungen f\u00fcr das Kapital garantieren soll.<\/p>\n<p>Der b\u00fcrgerliche Staat agiert als idealer Gesamtkapitalist und kann in Widerspruch zu Einzelkapitalisten geraten. Das ist auch der Hintergrund f\u00fcr die Diskussion \u00fcber die \u201eZerschlagung\u201c von Tech-Konzernen, wie sie in Gremien des EU-Parlaments aber auch bei LobbyControl gef\u00fchrt werden. Dabei sollte besser von Regulierung der Konzerne gesprochen werden. Das kapitalistische Profitprinzip wird dabei nicht grunds\u00e4tzlich infrage stellt. Scheinbar radikale Parolen wie die Zerschlagung der sozialen Medien k\u00f6nnen da nicht dar\u00fcber hinwegt\u00e4uschen.<\/p>\n<h3>Make Amazon-Pay<\/h3>\n<p>Nun kann man sich fragen, ob die Kundgebung am 16. Juni das Ende der Kampagne gegen Amazon in Berlin darstellt. Die Reden von Vertreter*innen von Verdi und dem Vertreter der Tech-Workers-Koalition bieten die Perspektive f\u00fcr eine Weiterarbeit. Es ginge darum, die Amazon-Besch\u00e4ftigten bei ihren K\u00e4mpfen f\u00fcr bessere Arbeitsbedingungen zu unterst\u00fctzen. Es gab vor einigen Jahren bereits ein bundesweites ausserbetriebliches B\u00fcndnis, das die Besch\u00e4ftigten bei ihren Tarifvertr\u00e4gen unterst\u00fctzte, unter anderem mit Blockaden bei Streiks der Amazon-Belegschaft. Davon wird kein Turm einst\u00fcrzen. Aber so k\u00f6nnte eine l\u00e4ngerfristige Kooperation zwischen den Amazon-Kritiker*innen gelingen.<\/p>\n<p class=\"author\">Peter Nowak<\/p>\n","protected":false},"excerpt":{"rendered":"<p>K\u00fcrzlich wurde eine neue Amazon-Dependance in Berlin eingeweiht. Ein Protestb\u00fcndnis meldete Widerspruch an, doch von einem grundlegenden Antikapitalismus war wenig zu h\u00f6ren. \u201eDer Turm st\u00fcrzt ein\u201c, der scheinbar nicht gealterte Refrain eines Songs der Politikband Ton-Steine-Scherben, schallte aus der Lautsprecheranlage,&hellip;<\/p>\n","protected":false},"author":1556,"featured_media":2613904,"comment_status":"closed","ping_status":"closed","sticky":false,"template":"","format":"standard","meta":{"footnotes":""},"categories":[9150,9168,9158],"tags":[14618,43991,26462],"class_list":["post-2613902","post","type-post","status-publish","format-standard","has-post-thumbnail","hentry","category-europa-de","category-politik","category-wirtschaft","tag-amazon-de","tag-gewerkschaften","tag-kapitalismus"],"yoast_head":"<!-- This site is optimized with the Yoast SEO plugin v27.1.1 - https:\/\/yoast.com\/product\/yoast-seo-wordpress\/ -->\n<title>Er\u00f6ffnung des Amazon-Tower in Berlin<\/title>\n<meta name=\"description\" content=\"K\u00fcrzlich wurde eine neue Amazon-Dependance in Berlin eingeweiht. Ein Protestb\u00fcndnis meldete Widerspruch an, doch von einem grundlegenden Antikapitalismus\" \/>\n<meta name=\"robots\" content=\"index, follow, max-snippet:-1, max-image-preview:large, max-video-preview:-1\" \/>\n<link rel=\"canonical\" href=\"https:\/\/www.pressenza.com\/de\/2025\/06\/eroeffnung-des-amazon-tower-in-berlin\/\" \/>\n<meta property=\"og:locale\" content=\"de_DE\" \/>\n<meta property=\"og:type\" content=\"article\" \/>\n<meta property=\"og:title\" content=\"Er\u00f6ffnung des Amazon-Tower in Berlin\" \/>\n<meta property=\"og:description\" content=\"K\u00fcrzlich wurde eine neue Amazon-Dependance in Berlin eingeweiht. Ein Protestb\u00fcndnis meldete Widerspruch an, doch von einem grundlegenden Antikapitalismus\" \/>\n<meta property=\"og:url\" content=\"https:\/\/www.pressenza.com\/de\/2025\/06\/eroeffnung-des-amazon-tower-in-berlin\/\" \/>\n<meta property=\"og:site_name\" content=\"Pressenza\" \/>\n<meta property=\"article:publisher\" content=\"https:\/\/www.facebook.com\/PressenzaItalia\" \/>\n<meta property=\"article:published_time\" content=\"2025-06-24T06:46:35+00:00\" \/>\n<meta property=\"og:image\" content=\"https:\/\/www.pressenza.com\/wp-content\/uploads\/2025\/06\/Amazon-Tower-Berlin-\u00a9-ImmobilienProjekteBerlin-CC-BY-SA-4.0-httpscreativecommons.orglicensesby-sa4.0-via-Wikimedia-Commons.jpg\" \/>\n\t<meta property=\"og:image:width\" content=\"1280\" \/>\n\t<meta property=\"og:image:height\" content=\"720\" \/>\n\t<meta property=\"og:image:type\" content=\"image\/jpeg\" \/>\n<meta name=\"author\" content=\"Untergrund-Bl\u00e4ttle\" \/>\n<meta name=\"twitter:card\" content=\"summary_large_image\" \/>\n<meta name=\"twitter:creator\" content=\"@PressenzaIPA\" \/>\n<meta name=\"twitter:site\" content=\"@PressenzaIPA\" \/>\n<meta name=\"twitter:label1\" content=\"Verfasst von\" \/>\n\t<meta name=\"twitter:data1\" content=\"Untergrund-Bl\u00e4ttle\" \/>\n\t<meta name=\"twitter:label2\" content=\"Gesch\u00e4tzte Lesezeit\" \/>\n\t<meta name=\"twitter:data2\" content=\"6\u00a0Minuten\" \/>\n<script type=\"application\/ld+json\" class=\"yoast-schema-graph\">{\"@context\":\"https:\/\/schema.org\",\"@graph\":[{\"@type\":\"Article\",\"@id\":\"https:\/\/www.pressenza.com\/de\/2025\/06\/eroeffnung-des-amazon-tower-in-berlin\/#article\",\"isPartOf\":{\"@id\":\"https:\/\/www.pressenza.com\/de\/2025\/06\/eroeffnung-des-amazon-tower-in-berlin\/\"},\"author\":{\"name\":\"Untergrund-Bl\u00e4ttle\",\"@id\":\"https:\/\/www.pressenza.com\/de\/#\/schema\/person\/769b3fca5f2f2d48f505e01a952bd7db\"},\"headline\":\"Er\u00f6ffnung des Amazon-Tower in Berlin\",\"datePublished\":\"2025-06-24T06:46:35+00:00\",\"mainEntityOfPage\":{\"@id\":\"https:\/\/www.pressenza.com\/de\/2025\/06\/eroeffnung-des-amazon-tower-in-berlin\/\"},\"wordCount\":988,\"publisher\":{\"@id\":\"https:\/\/www.pressenza.com\/de\/#organization\"},\"image\":{\"@id\":\"https:\/\/www.pressenza.com\/de\/2025\/06\/eroeffnung-des-amazon-tower-in-berlin\/#primaryimage\"},\"thumbnailUrl\":\"https:\/\/www.pressenza.com\/wp-content\/uploads\/2025\/06\/Amazon-Tower-Berlin-\u00a9-ImmobilienProjekteBerlin-CC-BY-SA-4.0-httpscreativecommons.orglicensesby-sa4.0-via-Wikimedia-Commons.jpg\",\"keywords\":[\"Amazon\",\"Gewerkschaften\",\"Kapitalismus\"],\"articleSection\":[\"Europa\",\"Politik\",\"Wirtschaft\"],\"inLanguage\":\"de\"},{\"@type\":\"WebPage\",\"@id\":\"https:\/\/www.pressenza.com\/de\/2025\/06\/eroeffnung-des-amazon-tower-in-berlin\/\",\"url\":\"https:\/\/www.pressenza.com\/de\/2025\/06\/eroeffnung-des-amazon-tower-in-berlin\/\",\"name\":\"Er\u00f6ffnung des Amazon-Tower in Berlin\",\"isPartOf\":{\"@id\":\"https:\/\/www.pressenza.com\/de\/#website\"},\"primaryImageOfPage\":{\"@id\":\"https:\/\/www.pressenza.com\/de\/2025\/06\/eroeffnung-des-amazon-tower-in-berlin\/#primaryimage\"},\"image\":{\"@id\":\"https:\/\/www.pressenza.com\/de\/2025\/06\/eroeffnung-des-amazon-tower-in-berlin\/#primaryimage\"},\"thumbnailUrl\":\"https:\/\/www.pressenza.com\/wp-content\/uploads\/2025\/06\/Amazon-Tower-Berlin-\u00a9-ImmobilienProjekteBerlin-CC-BY-SA-4.0-httpscreativecommons.orglicensesby-sa4.0-via-Wikimedia-Commons.jpg\",\"datePublished\":\"2025-06-24T06:46:35+00:00\",\"description\":\"K\u00fcrzlich wurde eine neue Amazon-Dependance in Berlin eingeweiht. Ein Protestb\u00fcndnis meldete Widerspruch an, doch von einem grundlegenden Antikapitalismus\",\"breadcrumb\":{\"@id\":\"https:\/\/www.pressenza.com\/de\/2025\/06\/eroeffnung-des-amazon-tower-in-berlin\/#breadcrumb\"},\"inLanguage\":\"de\",\"potentialAction\":[{\"@type\":\"ReadAction\",\"target\":[\"https:\/\/www.pressenza.com\/de\/2025\/06\/eroeffnung-des-amazon-tower-in-berlin\/\"]}]},{\"@type\":\"ImageObject\",\"inLanguage\":\"de\",\"@id\":\"https:\/\/www.pressenza.com\/de\/2025\/06\/eroeffnung-des-amazon-tower-in-berlin\/#primaryimage\",\"url\":\"https:\/\/www.pressenza.com\/wp-content\/uploads\/2025\/06\/Amazon-Tower-Berlin-\u00a9-ImmobilienProjekteBerlin-CC-BY-SA-4.0-httpscreativecommons.orglicensesby-sa4.0-via-Wikimedia-Commons.jpg\",\"contentUrl\":\"https:\/\/www.pressenza.com\/wp-content\/uploads\/2025\/06\/Amazon-Tower-Berlin-\u00a9-ImmobilienProjekteBerlin-CC-BY-SA-4.0-httpscreativecommons.orglicensesby-sa4.0-via-Wikimedia-Commons.jpg\",\"width\":1280,\"height\":720},{\"@type\":\"BreadcrumbList\",\"@id\":\"https:\/\/www.pressenza.com\/de\/2025\/06\/eroeffnung-des-amazon-tower-in-berlin\/#breadcrumb\",\"itemListElement\":[{\"@type\":\"ListItem\",\"position\":1,\"name\":\"Accueil\",\"item\":\"https:\/\/www.pressenza.com\/de\/\"},{\"@type\":\"ListItem\",\"position\":2,\"name\":\"Er\u00f6ffnung des Amazon-Tower in Berlin\"}]},{\"@type\":\"WebSite\",\"@id\":\"https:\/\/www.pressenza.com\/de\/#website\",\"url\":\"https:\/\/www.pressenza.com\/de\/\",\"name\":\"Pressenza\",\"description\":\"International Press Agency\",\"publisher\":{\"@id\":\"https:\/\/www.pressenza.com\/de\/#organization\"},\"potentialAction\":[{\"@type\":\"SearchAction\",\"target\":{\"@type\":\"EntryPoint\",\"urlTemplate\":\"https:\/\/www.pressenza.com\/de\/?s={search_term_string}\"},\"query-input\":{\"@type\":\"PropertyValueSpecification\",\"valueRequired\":true,\"valueName\":\"search_term_string\"}}],\"inLanguage\":\"de\"},{\"@type\":\"Organization\",\"@id\":\"https:\/\/www.pressenza.com\/de\/#organization\",\"name\":\"Pressenza\",\"url\":\"https:\/\/www.pressenza.com\/de\/\",\"logo\":{\"@type\":\"ImageObject\",\"inLanguage\":\"de\",\"@id\":\"https:\/\/www.pressenza.com\/de\/#\/schema\/logo\/image\/\",\"url\":\"https:\/\/www.pressenza.com\/wp-content\/uploads\/2022\/10\/pressenza_logo_200x200.jpg\",\"contentUrl\":\"https:\/\/www.pressenza.com\/wp-content\/uploads\/2022\/10\/pressenza_logo_200x200.jpg\",\"width\":200,\"height\":200,\"caption\":\"Pressenza\"},\"image\":{\"@id\":\"https:\/\/www.pressenza.com\/de\/#\/schema\/logo\/image\/\"},\"sameAs\":[\"https:\/\/www.facebook.com\/PressenzaItalia\",\"https:\/\/x.com\/PressenzaIPA\"]},{\"@type\":\"Person\",\"@id\":\"https:\/\/www.pressenza.com\/de\/#\/schema\/person\/769b3fca5f2f2d48f505e01a952bd7db\",\"name\":\"Untergrund-Bl\u00e4ttle\",\"description\":\"Online-Magazin f\u00fcr kritischen Journalismus aus dem Grossraum Z\u00fcrich. Untergrund-Bl\u00e4ttle publizieren analytische und kontroverse Texte zu den Themenschwerpunkten Politik, Gesellschaft, \u00d6konomie und \u00d6kologie. Ein ganz besonderes Augenmerk gilt dabei auch dem kulturellen Teil. Der inhaltlich und redaktionelle Anspruch liegt unter anderem darin, Synergien innerhalb von linken Str\u00f6mungen herzustellen.\",\"sameAs\":[\"http:\/\/www.xn--untergrund-blttle-2qb.ch\/\"],\"url\":\"https:\/\/www.pressenza.com\/de\/author\/untergrund-blaettle\/\"}]}<\/script>\n<!-- \/ Yoast SEO plugin. -->","yoast_head_json":{"title":"Er\u00f6ffnung des Amazon-Tower in Berlin","description":"K\u00fcrzlich wurde eine neue Amazon-Dependance in Berlin eingeweiht. Ein Protestb\u00fcndnis meldete Widerspruch an, doch von einem grundlegenden Antikapitalismus","robots":{"index":"index","follow":"follow","max-snippet":"max-snippet:-1","max-image-preview":"max-image-preview:large","max-video-preview":"max-video-preview:-1"},"canonical":"https:\/\/www.pressenza.com\/de\/2025\/06\/eroeffnung-des-amazon-tower-in-berlin\/","og_locale":"de_DE","og_type":"article","og_title":"Er\u00f6ffnung des Amazon-Tower in Berlin","og_description":"K\u00fcrzlich wurde eine neue Amazon-Dependance in Berlin eingeweiht. Ein Protestb\u00fcndnis meldete Widerspruch an, doch von einem grundlegenden Antikapitalismus","og_url":"https:\/\/www.pressenza.com\/de\/2025\/06\/eroeffnung-des-amazon-tower-in-berlin\/","og_site_name":"Pressenza","article_publisher":"https:\/\/www.facebook.com\/PressenzaItalia","article_published_time":"2025-06-24T06:46:35+00:00","og_image":[{"width":1280,"height":720,"url":"https:\/\/www.pressenza.com\/wp-content\/uploads\/2025\/06\/Amazon-Tower-Berlin-\u00a9-ImmobilienProjekteBerlin-CC-BY-SA-4.0-httpscreativecommons.orglicensesby-sa4.0-via-Wikimedia-Commons.jpg","type":"image\/jpeg"}],"author":"Untergrund-Bl\u00e4ttle","twitter_card":"summary_large_image","twitter_creator":"@PressenzaIPA","twitter_site":"@PressenzaIPA","twitter_misc":{"Verfasst von":"Untergrund-Bl\u00e4ttle","Gesch\u00e4tzte Lesezeit":"6\u00a0Minuten"},"schema":{"@context":"https:\/\/schema.org","@graph":[{"@type":"Article","@id":"https:\/\/www.pressenza.com\/de\/2025\/06\/eroeffnung-des-amazon-tower-in-berlin\/#article","isPartOf":{"@id":"https:\/\/www.pressenza.com\/de\/2025\/06\/eroeffnung-des-amazon-tower-in-berlin\/"},"author":{"name":"Untergrund-Bl\u00e4ttle","@id":"https:\/\/www.pressenza.com\/de\/#\/schema\/person\/769b3fca5f2f2d48f505e01a952bd7db"},"headline":"Er\u00f6ffnung des Amazon-Tower in Berlin","datePublished":"2025-06-24T06:46:35+00:00","mainEntityOfPage":{"@id":"https:\/\/www.pressenza.com\/de\/2025\/06\/eroeffnung-des-amazon-tower-in-berlin\/"},"wordCount":988,"publisher":{"@id":"https:\/\/www.pressenza.com\/de\/#organization"},"image":{"@id":"https:\/\/www.pressenza.com\/de\/2025\/06\/eroeffnung-des-amazon-tower-in-berlin\/#primaryimage"},"thumbnailUrl":"https:\/\/www.pressenza.com\/wp-content\/uploads\/2025\/06\/Amazon-Tower-Berlin-\u00a9-ImmobilienProjekteBerlin-CC-BY-SA-4.0-httpscreativecommons.orglicensesby-sa4.0-via-Wikimedia-Commons.jpg","keywords":["Amazon","Gewerkschaften","Kapitalismus"],"articleSection":["Europa","Politik","Wirtschaft"],"inLanguage":"de"},{"@type":"WebPage","@id":"https:\/\/www.pressenza.com\/de\/2025\/06\/eroeffnung-des-amazon-tower-in-berlin\/","url":"https:\/\/www.pressenza.com\/de\/2025\/06\/eroeffnung-des-amazon-tower-in-berlin\/","name":"Er\u00f6ffnung des Amazon-Tower in Berlin","isPartOf":{"@id":"https:\/\/www.pressenza.com\/de\/#website"},"primaryImageOfPage":{"@id":"https:\/\/www.pressenza.com\/de\/2025\/06\/eroeffnung-des-amazon-tower-in-berlin\/#primaryimage"},"image":{"@id":"https:\/\/www.pressenza.com\/de\/2025\/06\/eroeffnung-des-amazon-tower-in-berlin\/#primaryimage"},"thumbnailUrl":"https:\/\/www.pressenza.com\/wp-content\/uploads\/2025\/06\/Amazon-Tower-Berlin-\u00a9-ImmobilienProjekteBerlin-CC-BY-SA-4.0-httpscreativecommons.orglicensesby-sa4.0-via-Wikimedia-Commons.jpg","datePublished":"2025-06-24T06:46:35+00:00","description":"K\u00fcrzlich wurde eine neue Amazon-Dependance in Berlin eingeweiht. Ein Protestb\u00fcndnis meldete Widerspruch an, doch von einem grundlegenden Antikapitalismus","breadcrumb":{"@id":"https:\/\/www.pressenza.com\/de\/2025\/06\/eroeffnung-des-amazon-tower-in-berlin\/#breadcrumb"},"inLanguage":"de","potentialAction":[{"@type":"ReadAction","target":["https:\/\/www.pressenza.com\/de\/2025\/06\/eroeffnung-des-amazon-tower-in-berlin\/"]}]},{"@type":"ImageObject","inLanguage":"de","@id":"https:\/\/www.pressenza.com\/de\/2025\/06\/eroeffnung-des-amazon-tower-in-berlin\/#primaryimage","url":"https:\/\/www.pressenza.com\/wp-content\/uploads\/2025\/06\/Amazon-Tower-Berlin-\u00a9-ImmobilienProjekteBerlin-CC-BY-SA-4.0-httpscreativecommons.orglicensesby-sa4.0-via-Wikimedia-Commons.jpg","contentUrl":"https:\/\/www.pressenza.com\/wp-content\/uploads\/2025\/06\/Amazon-Tower-Berlin-\u00a9-ImmobilienProjekteBerlin-CC-BY-SA-4.0-httpscreativecommons.orglicensesby-sa4.0-via-Wikimedia-Commons.jpg","width":1280,"height":720},{"@type":"BreadcrumbList","@id":"https:\/\/www.pressenza.com\/de\/2025\/06\/eroeffnung-des-amazon-tower-in-berlin\/#breadcrumb","itemListElement":[{"@type":"ListItem","position":1,"name":"Accueil","item":"https:\/\/www.pressenza.com\/de\/"},{"@type":"ListItem","position":2,"name":"Er\u00f6ffnung des Amazon-Tower in Berlin"}]},{"@type":"WebSite","@id":"https:\/\/www.pressenza.com\/de\/#website","url":"https:\/\/www.pressenza.com\/de\/","name":"Pressenza","description":"International Press Agency","publisher":{"@id":"https:\/\/www.pressenza.com\/de\/#organization"},"potentialAction":[{"@type":"SearchAction","target":{"@type":"EntryPoint","urlTemplate":"https:\/\/www.pressenza.com\/de\/?s={search_term_string}"},"query-input":{"@type":"PropertyValueSpecification","valueRequired":true,"valueName":"search_term_string"}}],"inLanguage":"de"},{"@type":"Organization","@id":"https:\/\/www.pressenza.com\/de\/#organization","name":"Pressenza","url":"https:\/\/www.pressenza.com\/de\/","logo":{"@type":"ImageObject","inLanguage":"de","@id":"https:\/\/www.pressenza.com\/de\/#\/schema\/logo\/image\/","url":"https:\/\/www.pressenza.com\/wp-content\/uploads\/2022\/10\/pressenza_logo_200x200.jpg","contentUrl":"https:\/\/www.pressenza.com\/wp-content\/uploads\/2022\/10\/pressenza_logo_200x200.jpg","width":200,"height":200,"caption":"Pressenza"},"image":{"@id":"https:\/\/www.pressenza.com\/de\/#\/schema\/logo\/image\/"},"sameAs":["https:\/\/www.facebook.com\/PressenzaItalia","https:\/\/x.com\/PressenzaIPA"]},{"@type":"Person","@id":"https:\/\/www.pressenza.com\/de\/#\/schema\/person\/769b3fca5f2f2d48f505e01a952bd7db","name":"Untergrund-Bl\u00e4ttle","description":"Online-Magazin f\u00fcr kritischen Journalismus aus dem Grossraum Z\u00fcrich. Untergrund-Bl\u00e4ttle publizieren analytische und kontroverse Texte zu den Themenschwerpunkten Politik, Gesellschaft, \u00d6konomie und \u00d6kologie. Ein ganz besonderes Augenmerk gilt dabei auch dem kulturellen Teil. Der inhaltlich und redaktionelle Anspruch liegt unter anderem darin, Synergien innerhalb von linken Str\u00f6mungen herzustellen.","sameAs":["http:\/\/www.xn--untergrund-blttle-2qb.ch\/"],"url":"https:\/\/www.pressenza.com\/de\/author\/untergrund-blaettle\/"}]}},"place":"","original_article_url":"https:\/\/www.untergrund-bl\u00e4ttle.ch\/wirtschaft\/unternehmen\/eroeffnung-des-amazon-tower-in-berlin-einig-gegen-amazon-von-gewerkschaften-bis-zur-antifa-009122.html","_links":{"self":[{"href":"https:\/\/www.pressenza.com\/de\/wp-json\/wp\/v2\/posts\/2613902","targetHints":{"allow":["GET"]}}],"collection":[{"href":"https:\/\/www.pressenza.com\/de\/wp-json\/wp\/v2\/posts"}],"about":[{"href":"https:\/\/www.pressenza.com\/de\/wp-json\/wp\/v2\/types\/post"}],"author":[{"embeddable":true,"href":"https:\/\/www.pressenza.com\/de\/wp-json\/wp\/v2\/users\/1556"}],"replies":[{"embeddable":true,"href":"https:\/\/www.pressenza.com\/de\/wp-json\/wp\/v2\/comments?post=2613902"}],"version-history":[{"count":4,"href":"https:\/\/www.pressenza.com\/de\/wp-json\/wp\/v2\/posts\/2613902\/revisions"}],"predecessor-version":[{"id":2613909,"href":"https:\/\/www.pressenza.com\/de\/wp-json\/wp\/v2\/posts\/2613902\/revisions\/2613909"}],"wp:featuredmedia":[{"embeddable":true,"href":"https:\/\/www.pressenza.com\/de\/wp-json\/wp\/v2\/media\/2613904"}],"wp:attachment":[{"href":"https:\/\/www.pressenza.com\/de\/wp-json\/wp\/v2\/media?parent=2613902"}],"wp:term":[{"taxonomy":"category","embeddable":true,"href":"https:\/\/www.pressenza.com\/de\/wp-json\/wp\/v2\/categories?post=2613902"},{"taxonomy":"post_tag","embeddable":true,"href":"https:\/\/www.pressenza.com\/de\/wp-json\/wp\/v2\/tags?post=2613902"}],"curies":[{"name":"wp","href":"https:\/\/api.w.org\/{rel}","templated":true}]}}