{"id":2610202,"date":"2025-06-09T08:51:21","date_gmt":"2025-06-09T07:51:21","guid":{"rendered":"https:\/\/www.pressenza.com\/?p=2610202"},"modified":"2025-06-09T08:51:21","modified_gmt":"2025-06-09T07:51:21","slug":"fractures-internationalistische-teach-ins-teil-6-koennen-wir-inmitten-dieser-globalen-brueche-unseren-planeten-retten","status":"publish","type":"post","link":"https:\/\/www.pressenza.com\/de\/2025\/06\/fractures-internationalistische-teach-ins-teil-6-koennen-wir-inmitten-dieser-globalen-brueche-unseren-planeten-retten\/","title":{"rendered":"Fractures &#8211; Internationalistische Teach-Ins &#8211; Teil 6: K\u00f6nnen wir inmitten dieser globalen Br\u00fcche unseren Planeten retten?"},"content":{"rendered":"<p>Vergangenen Mittwoch standen die Fragen im Raum:<\/p>\n<ul>\n<li>Warum wird die existenzielle Bedrohung durch die Klimakrise von so vielen zentristischen und rechtsextremen Politikern beiseite geschoben?<\/li>\n<li>Warum nimmt die Leugnung des Klimawandels zu?<\/li>\n<li>Wie sehen heute die Wege zu \u00f6kologischer und klimatischer Gerechtigkeit aus?<\/li>\n<\/ul>\n<p>Antworten darauf aus ihrer Sicht versuchten<\/p>\n<ul>\n<li>Tasneem Essop, Executive Director of Climate Action Network International<\/li>\n<li>Julia Steinberger, Professor of Societal Challenges of Climate Change at the University of Lausanne<\/li>\n<li>Maureen Santos, FASE, Brazil und<\/li>\n<li>Lavinia Steinfort, TNI researcher and co-author of Reclaiming Energy (2024)<\/li>\n<\/ul>\n<p>zu geben. Eine Zusammenfassung ihrer Stellungnahmen ist hier zu finden:<\/p>\n<p><a href=\"https:\/\/nextcloud.tni.org\/s\/2CcTf69weZrATia\" target=\"_blank\" rel=\"noopener\">https:\/\/nextcloud.tni.org\/s\/2CcTf69weZrATia<\/a><\/p>\n<p>Und das Teach-In selbst kann vollst\u00e4ndig \u00fcber den folgenden Link angesehen werden:<\/p>\n<p><iframe loading=\"lazy\" title=\"Amidst these global fractures, can we save our planet? Fractures Session 6.\" width=\"500\" height=\"281\" src=\"https:\/\/www.youtube.com\/embed\/RG4NjLKEMTA?feature=oembed\" frameborder=\"0\" allow=\"accelerometer; autoplay; clipboard-write; encrypted-media; gyroscope; picture-in-picture; web-share\" referrerpolicy=\"strict-origin-when-cross-origin\" allowfullscreen><\/iframe><\/p>\n<p>Kommenden Mittwoch, dem 11.06.25, besch\u00e4ftigt sich das dann vorletzte Teach-In dieser Reihe mit den Fragen:<\/p>\n<ul>\n<li>Wie werden soziale Bewegungen in der neu entstehenden \u00c4ra aussehen?<\/li>\n<li>Wie sieht der globale Widerstand aus?<\/li>\n<li>Wie schaffen wir einen neuen Gemeinsinn im Zeitalter der Internet-Echokammern?<\/li>\n<li>Was k\u00f6nnen wir aus den j\u00fcngsten und vergangenen Aufst\u00e4nden und Bewegungen lernen, um sie aufrechtzuerhalten und an die Macht zu kommen?<\/li>\n<\/ul>\n<p>Antworten, Ideen, Gedanken hierzu werden von<\/p>\n<ul>\n<li>Shanelle Matthews, Gr\u00fcnderin von &#8222;<a href=\"https:\/\/www.radcommsnetwork.org\/\" target=\"_blank\" rel=\"noopener\">Radical Communicators Network<\/a>&#8220; und Mitherausgeberin von &#8222;Framing New Worlds: Building Narrative Power for 21st-Century Social Movements&#8220;, das demn\u00e4chst erscheinen wird,<\/li>\n<li>Nimmi Gowrinathan, Aktivistin und Gr\u00fcnderin von der &#8222;<a href=\"https:\/\/www.nimmigowrinathan.com\/general-1\" target=\"_blank\" rel=\"noopener\">Politics of Sexual Violence Initiative&#8220;<\/a>, sowie Autorin von &#8222;Radicalizing Her&#8220; (Beacon Press 2021)<\/li>\n<li>Tooba Syed, feministische Gewerkschaftsaktivistin, Pakistan<\/li>\n<\/ul>\n<p>kommen. Auch das verspricht, wieder sehr spannend und informativ zu werden. Der Zugang zu diesem Teach-In ist ebenfalls weiterhin kostenfrei m\u00f6glich, wobei sich das TNI und die anderen Partnerorganisationen \u00fcber eine Spende freuen, die es ihnen erm\u00f6glicht diese, ihre Arbeit weiter fortzuf\u00fchren.<\/p>\n<p>Zur Teilnahme registrieren Sie sich bitte hier:<\/p>\n<p><a href=\"https:\/\/www.tni.org\/en\/form\/registration-fractures-series\" target=\"_blank\" rel=\"noopener\">registration-fractures-series<\/a><\/p>\n<p>&nbsp;<\/p>\n","protected":false},"excerpt":{"rendered":"<p>Vergangenen Mittwoch standen die Fragen im Raum: Warum wird die existenzielle Bedrohung durch die Klimakrise von so vielen zentristischen und rechtsextremen Politikern beiseite geschoben? Warum nimmt die Leugnung des Klimawandels zu? Wie sehen heute die Wege zu \u00f6kologischer und klimatischer&hellip;<\/p>\n","protected":false},"author":2427,"featured_media":2596576,"comment_status":"closed","ping_status":"closed","sticky":false,"template":"","format":"standard","meta":{"footnotes":""},"categories":[9164,9157,9168],"tags":[105122],"class_list":["post-2610202","post","type-post","status-publish","format-standard","has-post-thumbnail","hentry","category-internationale-angelegenheiten","category-oekologie-und-umwelt","category-politik","tag-klimaaktivismus"],"yoast_head":"<!-- This site is optimized with the Yoast SEO plugin v27.1.1 - https:\/\/yoast.com\/product\/yoast-seo-wordpress\/ -->\n<title>Fractures - Internationalistische Teach-Ins - Teil 6: K\u00f6nnen wir inmitten dieser globalen Br\u00fcche unseren Planeten retten?<\/title>\n<meta name=\"description\" content=\"Vergangenen Mittwoch standen die Fragen im Raum: Warum wird die existenzielle Bedrohung durch die Klimakrise von so vielen zentristischen und\" \/>\n<meta name=\"robots\" content=\"index, follow, max-snippet:-1, max-image-preview:large, max-video-preview:-1\" \/>\n<link rel=\"canonical\" href=\"https:\/\/www.pressenza.com\/de\/2025\/06\/fractures-internationalistische-teach-ins-teil-6-koennen-wir-inmitten-dieser-globalen-brueche-unseren-planeten-retten\/\" \/>\n<meta property=\"og:locale\" content=\"de_DE\" \/>\n<meta property=\"og:type\" content=\"article\" \/>\n<meta property=\"og:title\" content=\"Fractures - Internationalistische Teach-Ins - Teil 6: K\u00f6nnen wir inmitten dieser globalen Br\u00fcche unseren Planeten retten?\" \/>\n<meta property=\"og:description\" content=\"Vergangenen Mittwoch standen die Fragen im Raum: Warum wird die existenzielle Bedrohung durch die Klimakrise von so vielen zentristischen und\" \/>\n<meta property=\"og:url\" content=\"https:\/\/www.pressenza.com\/de\/2025\/06\/fractures-internationalistische-teach-ins-teil-6-koennen-wir-inmitten-dieser-globalen-brueche-unseren-planeten-retten\/\" \/>\n<meta property=\"og:site_name\" content=\"Pressenza\" \/>\n<meta property=\"article:publisher\" content=\"https:\/\/www.facebook.com\/PressenzaItalia\" \/>\n<meta property=\"article:published_time\" content=\"2025-06-09T07:51:21+00:00\" \/>\n<meta property=\"og:image\" content=\"https:\/\/www.pressenza.com\/wp-content\/uploads\/2025\/04\/Fractures-Series_image_0.jpg\" \/>\n\t<meta property=\"og:image:width\" content=\"991\" \/>\n\t<meta property=\"og:image:height\" content=\"595\" \/>\n\t<meta property=\"og:image:type\" content=\"image\/jpeg\" \/>\n<meta name=\"author\" content=\"Pressenza Hannover\" \/>\n<meta name=\"twitter:card\" content=\"summary_large_image\" \/>\n<meta name=\"twitter:creator\" content=\"@PressenzaIPA\" \/>\n<meta name=\"twitter:site\" content=\"@PressenzaIPA\" \/>\n<meta name=\"twitter:label1\" content=\"Verfasst von\" \/>\n\t<meta name=\"twitter:data1\" content=\"Pressenza Hannover\" \/>\n\t<meta name=\"twitter:label2\" content=\"Gesch\u00e4tzte Lesezeit\" \/>\n\t<meta name=\"twitter:data2\" content=\"2\u00a0Minuten\" \/>\n<script type=\"application\/ld+json\" class=\"yoast-schema-graph\">{\"@context\":\"https:\/\/schema.org\",\"@graph\":[{\"@type\":\"Article\",\"@id\":\"https:\/\/www.pressenza.com\/de\/2025\/06\/fractures-internationalistische-teach-ins-teil-6-koennen-wir-inmitten-dieser-globalen-brueche-unseren-planeten-retten\/#article\",\"isPartOf\":{\"@id\":\"https:\/\/www.pressenza.com\/de\/2025\/06\/fractures-internationalistische-teach-ins-teil-6-koennen-wir-inmitten-dieser-globalen-brueche-unseren-planeten-retten\/\"},\"author\":{\"name\":\"Pressenza Hannover\",\"@id\":\"https:\/\/www.pressenza.com\/de\/#\/schema\/person\/5d0d34d34f0e263dafff0e8cd50eb438\"},\"headline\":\"Fractures &#8211; Internationalistische Teach-Ins &#8211; Teil 6: K\u00f6nnen wir inmitten dieser globalen Br\u00fcche unseren Planeten retten?\",\"datePublished\":\"2025-06-09T07:51:21+00:00\",\"mainEntityOfPage\":{\"@id\":\"https:\/\/www.pressenza.com\/de\/2025\/06\/fractures-internationalistische-teach-ins-teil-6-koennen-wir-inmitten-dieser-globalen-brueche-unseren-planeten-retten\/\"},\"wordCount\":313,\"publisher\":{\"@id\":\"https:\/\/www.pressenza.com\/de\/#organization\"},\"image\":{\"@id\":\"https:\/\/www.pressenza.com\/de\/2025\/06\/fractures-internationalistische-teach-ins-teil-6-koennen-wir-inmitten-dieser-globalen-brueche-unseren-planeten-retten\/#primaryimage\"},\"thumbnailUrl\":\"https:\/\/www.pressenza.com\/wp-content\/uploads\/2025\/04\/Fractures-Series_image_0.jpg\",\"keywords\":[\"Klimaaktivismus\"],\"articleSection\":[\"Internationale Angelegenheiten\",\"\u00d6kologie und Umwelt\",\"Politik\"],\"inLanguage\":\"de\"},{\"@type\":\"WebPage\",\"@id\":\"https:\/\/www.pressenza.com\/de\/2025\/06\/fractures-internationalistische-teach-ins-teil-6-koennen-wir-inmitten-dieser-globalen-brueche-unseren-planeten-retten\/\",\"url\":\"https:\/\/www.pressenza.com\/de\/2025\/06\/fractures-internationalistische-teach-ins-teil-6-koennen-wir-inmitten-dieser-globalen-brueche-unseren-planeten-retten\/\",\"name\":\"Fractures - Internationalistische Teach-Ins - Teil 6: K\u00f6nnen wir inmitten dieser globalen Br\u00fcche unseren Planeten retten?\",\"isPartOf\":{\"@id\":\"https:\/\/www.pressenza.com\/de\/#website\"},\"primaryImageOfPage\":{\"@id\":\"https:\/\/www.pressenza.com\/de\/2025\/06\/fractures-internationalistische-teach-ins-teil-6-koennen-wir-inmitten-dieser-globalen-brueche-unseren-planeten-retten\/#primaryimage\"},\"image\":{\"@id\":\"https:\/\/www.pressenza.com\/de\/2025\/06\/fractures-internationalistische-teach-ins-teil-6-koennen-wir-inmitten-dieser-globalen-brueche-unseren-planeten-retten\/#primaryimage\"},\"thumbnailUrl\":\"https:\/\/www.pressenza.com\/wp-content\/uploads\/2025\/04\/Fractures-Series_image_0.jpg\",\"datePublished\":\"2025-06-09T07:51:21+00:00\",\"description\":\"Vergangenen Mittwoch standen die Fragen im Raum: Warum wird die existenzielle Bedrohung durch die Klimakrise von so vielen zentristischen und\",\"breadcrumb\":{\"@id\":\"https:\/\/www.pressenza.com\/de\/2025\/06\/fractures-internationalistische-teach-ins-teil-6-koennen-wir-inmitten-dieser-globalen-brueche-unseren-planeten-retten\/#breadcrumb\"},\"inLanguage\":\"de\",\"potentialAction\":[{\"@type\":\"ReadAction\",\"target\":[\"https:\/\/www.pressenza.com\/de\/2025\/06\/fractures-internationalistische-teach-ins-teil-6-koennen-wir-inmitten-dieser-globalen-brueche-unseren-planeten-retten\/\"]}]},{\"@type\":\"ImageObject\",\"inLanguage\":\"de\",\"@id\":\"https:\/\/www.pressenza.com\/de\/2025\/06\/fractures-internationalistische-teach-ins-teil-6-koennen-wir-inmitten-dieser-globalen-brueche-unseren-planeten-retten\/#primaryimage\",\"url\":\"https:\/\/www.pressenza.com\/wp-content\/uploads\/2025\/04\/Fractures-Series_image_0.jpg\",\"contentUrl\":\"https:\/\/www.pressenza.com\/wp-content\/uploads\/2025\/04\/Fractures-Series_image_0.jpg\",\"width\":991,\"height\":595},{\"@type\":\"BreadcrumbList\",\"@id\":\"https:\/\/www.pressenza.com\/de\/2025\/06\/fractures-internationalistische-teach-ins-teil-6-koennen-wir-inmitten-dieser-globalen-brueche-unseren-planeten-retten\/#breadcrumb\",\"itemListElement\":[{\"@type\":\"ListItem\",\"position\":1,\"name\":\"Accueil\",\"item\":\"https:\/\/www.pressenza.com\/de\/\"},{\"@type\":\"ListItem\",\"position\":2,\"name\":\"Fractures &#8211; Internationalistische Teach-Ins &#8211; Teil 6: K\u00f6nnen wir inmitten dieser globalen Br\u00fcche unseren Planeten retten?\"}]},{\"@type\":\"WebSite\",\"@id\":\"https:\/\/www.pressenza.com\/de\/#website\",\"url\":\"https:\/\/www.pressenza.com\/de\/\",\"name\":\"Pressenza\",\"description\":\"International Press Agency\",\"publisher\":{\"@id\":\"https:\/\/www.pressenza.com\/de\/#organization\"},\"potentialAction\":[{\"@type\":\"SearchAction\",\"target\":{\"@type\":\"EntryPoint\",\"urlTemplate\":\"https:\/\/www.pressenza.com\/de\/?s={search_term_string}\"},\"query-input\":{\"@type\":\"PropertyValueSpecification\",\"valueRequired\":true,\"valueName\":\"search_term_string\"}}],\"inLanguage\":\"de\"},{\"@type\":\"Organization\",\"@id\":\"https:\/\/www.pressenza.com\/de\/#organization\",\"name\":\"Pressenza\",\"url\":\"https:\/\/www.pressenza.com\/de\/\",\"logo\":{\"@type\":\"ImageObject\",\"inLanguage\":\"de\",\"@id\":\"https:\/\/www.pressenza.com\/de\/#\/schema\/logo\/image\/\",\"url\":\"https:\/\/www.pressenza.com\/wp-content\/uploads\/2022\/10\/pressenza_logo_200x200.jpg\",\"contentUrl\":\"https:\/\/www.pressenza.com\/wp-content\/uploads\/2022\/10\/pressenza_logo_200x200.jpg\",\"width\":200,\"height\":200,\"caption\":\"Pressenza\"},\"image\":{\"@id\":\"https:\/\/www.pressenza.com\/de\/#\/schema\/logo\/image\/\"},\"sameAs\":[\"https:\/\/www.facebook.com\/PressenzaItalia\",\"https:\/\/x.com\/PressenzaIPA\"]},{\"@type\":\"Person\",\"@id\":\"https:\/\/www.pressenza.com\/de\/#\/schema\/person\/5d0d34d34f0e263dafff0e8cd50eb438\",\"name\":\"Pressenza Hannover\",\"description\":\"News from the Pressenza bureau in Hannover, Germany\",\"url\":\"https:\/\/www.pressenza.com\/de\/author\/pressenza-hannover\/\"}]}<\/script>\n<!-- \/ Yoast SEO plugin. -->","yoast_head_json":{"title":"Fractures - Internationalistische Teach-Ins - Teil 6: K\u00f6nnen wir inmitten dieser globalen Br\u00fcche unseren Planeten retten?","description":"Vergangenen Mittwoch standen die Fragen im Raum: Warum wird die existenzielle Bedrohung durch die Klimakrise von so vielen zentristischen und","robots":{"index":"index","follow":"follow","max-snippet":"max-snippet:-1","max-image-preview":"max-image-preview:large","max-video-preview":"max-video-preview:-1"},"canonical":"https:\/\/www.pressenza.com\/de\/2025\/06\/fractures-internationalistische-teach-ins-teil-6-koennen-wir-inmitten-dieser-globalen-brueche-unseren-planeten-retten\/","og_locale":"de_DE","og_type":"article","og_title":"Fractures - Internationalistische Teach-Ins - Teil 6: K\u00f6nnen wir inmitten dieser globalen Br\u00fcche unseren Planeten retten?","og_description":"Vergangenen Mittwoch standen die Fragen im Raum: Warum wird die existenzielle Bedrohung durch die Klimakrise von so vielen zentristischen und","og_url":"https:\/\/www.pressenza.com\/de\/2025\/06\/fractures-internationalistische-teach-ins-teil-6-koennen-wir-inmitten-dieser-globalen-brueche-unseren-planeten-retten\/","og_site_name":"Pressenza","article_publisher":"https:\/\/www.facebook.com\/PressenzaItalia","article_published_time":"2025-06-09T07:51:21+00:00","og_image":[{"width":991,"height":595,"url":"https:\/\/www.pressenza.com\/wp-content\/uploads\/2025\/04\/Fractures-Series_image_0.jpg","type":"image\/jpeg"}],"author":"Pressenza Hannover","twitter_card":"summary_large_image","twitter_creator":"@PressenzaIPA","twitter_site":"@PressenzaIPA","twitter_misc":{"Verfasst von":"Pressenza Hannover","Gesch\u00e4tzte Lesezeit":"2\u00a0Minuten"},"schema":{"@context":"https:\/\/schema.org","@graph":[{"@type":"Article","@id":"https:\/\/www.pressenza.com\/de\/2025\/06\/fractures-internationalistische-teach-ins-teil-6-koennen-wir-inmitten-dieser-globalen-brueche-unseren-planeten-retten\/#article","isPartOf":{"@id":"https:\/\/www.pressenza.com\/de\/2025\/06\/fractures-internationalistische-teach-ins-teil-6-koennen-wir-inmitten-dieser-globalen-brueche-unseren-planeten-retten\/"},"author":{"name":"Pressenza Hannover","@id":"https:\/\/www.pressenza.com\/de\/#\/schema\/person\/5d0d34d34f0e263dafff0e8cd50eb438"},"headline":"Fractures &#8211; Internationalistische Teach-Ins &#8211; Teil 6: K\u00f6nnen wir inmitten dieser globalen Br\u00fcche unseren Planeten retten?","datePublished":"2025-06-09T07:51:21+00:00","mainEntityOfPage":{"@id":"https:\/\/www.pressenza.com\/de\/2025\/06\/fractures-internationalistische-teach-ins-teil-6-koennen-wir-inmitten-dieser-globalen-brueche-unseren-planeten-retten\/"},"wordCount":313,"publisher":{"@id":"https:\/\/www.pressenza.com\/de\/#organization"},"image":{"@id":"https:\/\/www.pressenza.com\/de\/2025\/06\/fractures-internationalistische-teach-ins-teil-6-koennen-wir-inmitten-dieser-globalen-brueche-unseren-planeten-retten\/#primaryimage"},"thumbnailUrl":"https:\/\/www.pressenza.com\/wp-content\/uploads\/2025\/04\/Fractures-Series_image_0.jpg","keywords":["Klimaaktivismus"],"articleSection":["Internationale Angelegenheiten","\u00d6kologie und Umwelt","Politik"],"inLanguage":"de"},{"@type":"WebPage","@id":"https:\/\/www.pressenza.com\/de\/2025\/06\/fractures-internationalistische-teach-ins-teil-6-koennen-wir-inmitten-dieser-globalen-brueche-unseren-planeten-retten\/","url":"https:\/\/www.pressenza.com\/de\/2025\/06\/fractures-internationalistische-teach-ins-teil-6-koennen-wir-inmitten-dieser-globalen-brueche-unseren-planeten-retten\/","name":"Fractures - Internationalistische Teach-Ins - Teil 6: K\u00f6nnen wir inmitten dieser globalen Br\u00fcche unseren Planeten retten?","isPartOf":{"@id":"https:\/\/www.pressenza.com\/de\/#website"},"primaryImageOfPage":{"@id":"https:\/\/www.pressenza.com\/de\/2025\/06\/fractures-internationalistische-teach-ins-teil-6-koennen-wir-inmitten-dieser-globalen-brueche-unseren-planeten-retten\/#primaryimage"},"image":{"@id":"https:\/\/www.pressenza.com\/de\/2025\/06\/fractures-internationalistische-teach-ins-teil-6-koennen-wir-inmitten-dieser-globalen-brueche-unseren-planeten-retten\/#primaryimage"},"thumbnailUrl":"https:\/\/www.pressenza.com\/wp-content\/uploads\/2025\/04\/Fractures-Series_image_0.jpg","datePublished":"2025-06-09T07:51:21+00:00","description":"Vergangenen Mittwoch standen die Fragen im Raum: Warum wird die existenzielle Bedrohung durch die Klimakrise von so vielen zentristischen und","breadcrumb":{"@id":"https:\/\/www.pressenza.com\/de\/2025\/06\/fractures-internationalistische-teach-ins-teil-6-koennen-wir-inmitten-dieser-globalen-brueche-unseren-planeten-retten\/#breadcrumb"},"inLanguage":"de","potentialAction":[{"@type":"ReadAction","target":["https:\/\/www.pressenza.com\/de\/2025\/06\/fractures-internationalistische-teach-ins-teil-6-koennen-wir-inmitten-dieser-globalen-brueche-unseren-planeten-retten\/"]}]},{"@type":"ImageObject","inLanguage":"de","@id":"https:\/\/www.pressenza.com\/de\/2025\/06\/fractures-internationalistische-teach-ins-teil-6-koennen-wir-inmitten-dieser-globalen-brueche-unseren-planeten-retten\/#primaryimage","url":"https:\/\/www.pressenza.com\/wp-content\/uploads\/2025\/04\/Fractures-Series_image_0.jpg","contentUrl":"https:\/\/www.pressenza.com\/wp-content\/uploads\/2025\/04\/Fractures-Series_image_0.jpg","width":991,"height":595},{"@type":"BreadcrumbList","@id":"https:\/\/www.pressenza.com\/de\/2025\/06\/fractures-internationalistische-teach-ins-teil-6-koennen-wir-inmitten-dieser-globalen-brueche-unseren-planeten-retten\/#breadcrumb","itemListElement":[{"@type":"ListItem","position":1,"name":"Accueil","item":"https:\/\/www.pressenza.com\/de\/"},{"@type":"ListItem","position":2,"name":"Fractures &#8211; Internationalistische Teach-Ins &#8211; Teil 6: K\u00f6nnen wir inmitten dieser globalen Br\u00fcche unseren Planeten retten?"}]},{"@type":"WebSite","@id":"https:\/\/www.pressenza.com\/de\/#website","url":"https:\/\/www.pressenza.com\/de\/","name":"Pressenza","description":"International Press Agency","publisher":{"@id":"https:\/\/www.pressenza.com\/de\/#organization"},"potentialAction":[{"@type":"SearchAction","target":{"@type":"EntryPoint","urlTemplate":"https:\/\/www.pressenza.com\/de\/?s={search_term_string}"},"query-input":{"@type":"PropertyValueSpecification","valueRequired":true,"valueName":"search_term_string"}}],"inLanguage":"de"},{"@type":"Organization","@id":"https:\/\/www.pressenza.com\/de\/#organization","name":"Pressenza","url":"https:\/\/www.pressenza.com\/de\/","logo":{"@type":"ImageObject","inLanguage":"de","@id":"https:\/\/www.pressenza.com\/de\/#\/schema\/logo\/image\/","url":"https:\/\/www.pressenza.com\/wp-content\/uploads\/2022\/10\/pressenza_logo_200x200.jpg","contentUrl":"https:\/\/www.pressenza.com\/wp-content\/uploads\/2022\/10\/pressenza_logo_200x200.jpg","width":200,"height":200,"caption":"Pressenza"},"image":{"@id":"https:\/\/www.pressenza.com\/de\/#\/schema\/logo\/image\/"},"sameAs":["https:\/\/www.facebook.com\/PressenzaItalia","https:\/\/x.com\/PressenzaIPA"]},{"@type":"Person","@id":"https:\/\/www.pressenza.com\/de\/#\/schema\/person\/5d0d34d34f0e263dafff0e8cd50eb438","name":"Pressenza Hannover","description":"News from the Pressenza bureau in Hannover, Germany","url":"https:\/\/www.pressenza.com\/de\/author\/pressenza-hannover\/"}]}},"place":"Transnational Institute","original_article_url":"","_links":{"self":[{"href":"https:\/\/www.pressenza.com\/de\/wp-json\/wp\/v2\/posts\/2610202","targetHints":{"allow":["GET"]}}],"collection":[{"href":"https:\/\/www.pressenza.com\/de\/wp-json\/wp\/v2\/posts"}],"about":[{"href":"https:\/\/www.pressenza.com\/de\/wp-json\/wp\/v2\/types\/post"}],"author":[{"embeddable":true,"href":"https:\/\/www.pressenza.com\/de\/wp-json\/wp\/v2\/users\/2427"}],"replies":[{"embeddable":true,"href":"https:\/\/www.pressenza.com\/de\/wp-json\/wp\/v2\/comments?post=2610202"}],"version-history":[{"count":1,"href":"https:\/\/www.pressenza.com\/de\/wp-json\/wp\/v2\/posts\/2610202\/revisions"}],"predecessor-version":[{"id":2610220,"href":"https:\/\/www.pressenza.com\/de\/wp-json\/wp\/v2\/posts\/2610202\/revisions\/2610220"}],"wp:featuredmedia":[{"embeddable":true,"href":"https:\/\/www.pressenza.com\/de\/wp-json\/wp\/v2\/media\/2596576"}],"wp:attachment":[{"href":"https:\/\/www.pressenza.com\/de\/wp-json\/wp\/v2\/media?parent=2610202"}],"wp:term":[{"taxonomy":"category","embeddable":true,"href":"https:\/\/www.pressenza.com\/de\/wp-json\/wp\/v2\/categories?post=2610202"},{"taxonomy":"post_tag","embeddable":true,"href":"https:\/\/www.pressenza.com\/de\/wp-json\/wp\/v2\/tags?post=2610202"}],"curies":[{"name":"wp","href":"https:\/\/api.w.org\/{rel}","templated":true}]}}