{"id":2610010,"date":"2025-06-08T09:45:18","date_gmt":"2025-06-08T08:45:18","guid":{"rendered":"https:\/\/www.pressenza.com\/?p=2610010"},"modified":"2025-06-08T09:49:09","modified_gmt":"2025-06-08T08:49:09","slug":"ein-reicher-konzernboss-sagt-uns-allen-hackelt-arbeitet-bis-ihr-70-jahre-seid","status":"publish","type":"post","link":"https:\/\/www.pressenza.com\/de\/2025\/06\/ein-reicher-konzernboss-sagt-uns-allen-hackelt-arbeitet-bis-ihr-70-jahre-seid\/","title":{"rendered":"Ein reicher Konzernboss sagt uns allen: Hackelt (arbeitet), bis ihr 70 Jahre seid"},"content":{"rendered":"<p><strong>Georg Knill ist der Pr\u00e4sident der Industriellenvereinigung. Er hat eine Botschaft f\u00fcr seine Mitarbeiter:innen und alle Arbeitnehmer:innen im Land: Ihr sollt erst mit 70 Jahren in Pension gehen d\u00fcrfen. Momentum-Chef\u00f6konom Oliver Picek kommentiert.<\/strong><\/p>\n<p><em>Oliver Picek f\u00fcr moment.at<\/em><\/p>\n<p>Arbeiten bis 70, wie es IV-Chef Georg Knill <a href=\"https:\/\/www.derstandard.at\/story\/3000000272799\/industriepraesident-knill-will-in-zib-2-pensionsbeginn-ab-70-jahren\" target=\"_blank\" rel=\"noopener\">will<\/a>? F\u00fcr \u00fcber 6.000 Menschen im Jahr hie\u00dfe das tats\u00e4chlich \u201eHackeln bis zum Umfallen\u201c. Sie w\u00fcrden aufgrund des sp\u00e4teren Pensionsantritts keinen einzigen Tag ihrer Pension mehr erleben. Besonders Menschen mit niedrigen Einkommen sterben viele Jahre fr\u00fcher und werden auch fr\u00fcher krank. Vom verdienten Ruhestand bleibt da nichts mehr \u00fcbrig.<\/p>\n<p><iframe loading=\"lazy\" title=\"Georg Knill: M\u00e4chtiger Industrieller will, dass du bis 70 arbeitest\" width=\"500\" height=\"281\" src=\"https:\/\/www.youtube.com\/embed\/kFM3EgG-etc?feature=oembed\" frameborder=\"0\" allow=\"accelerometer; autoplay; clipboard-write; encrypted-media; gyroscope; picture-in-picture; web-share\" referrerpolicy=\"strict-origin-when-cross-origin\" allowfullscreen><\/iframe><\/p>\n<p>&nbsp;<\/p>\n<p><strong>\u00c4ltere Arbeitnehmer:innen schon jetzt oft arbeitslos<\/strong><\/p>\n<p>Noch f\u00fcr sehr viel mehr andere wiederum hie\u00dfe das, mit Mitte bis Ende 60 arbeitslos zu werden, anstatt in Pension gehen zu d\u00fcrfen. Die Arbeitslosenquoten sind jetzt schon hoch f\u00fcr \u00e4ltere Arbeitnehmer:innen. M\u00e4nner zwischen 60 und 64 Jahren etwa haben eine doppelt so hohe Arbeitslosigkeit wie ihre zehn Jahre j\u00fcngeren Kollegen.<\/p>\n<p>Das liegt auch an der Altersdiskriminierung der Betriebe, die \u00e4ltere Bewerber:innen systematisch von ihren offenen Stellen ausschlie\u00dfen. Ihnen gar keine Chance mehr geben. Angesichts des besch\u00e4mend niedrigen Arbeitslosengeldes in \u00d6sterreich \u2013 der Grundbetrag sind nur <a href=\"https:\/\/www.moment.at\/story\/mythos-55-warum-das-arbeitslosengeld-in-oesterreich-noch-niedriger-ist-und-was-viele-in-die-armut-fuehrt\/\" target=\"_blank\" rel=\"noopener\">55 Prozent des vorherigen Gehalts<\/a> \u2013 w\u00fcrden dadurch viele \u00e4ltere Arbeitnehmer:innen armutsgef\u00e4hrdet werden. Auffangen m\u00fcsste das erst recht wieder die Sozialversicherung. Statt in der Pension w\u00fcrden sie dann ihr Leben einstweilen in der Arbeitslosen fristen.<\/p>\n<article class=\"recommendations\">\n<div class=\"recommendations__headline\">\n<p><strong>Radikale Pensionsk\u00fcrzung: Umverteilung nach oben<\/strong><\/p>\n<p>Herr Knill m\u00f6chte Milliarden umverteilen. Weg von den Pensionen. Die Lebens-Pensionseinkommen will er radikal k\u00fcrzen, wenn alle erst mit 70 in Pension gehen sollen.<\/p>\n<p>Pl\u00e4ne, wohin die eingesparten Milliarden gehen sollen, hat er auch. An die Betriebe. Genauer gesagt also in Richtung der reichen Unternehemensbesitzer:innen wie er einer ist.<\/p>\n<p><strong>Wunschkonzert der Industriellen<\/strong><\/p>\n<p>Die Lohnnebenkosten, welche die Betriebe ins Sozialsystem einzahlen, sollen um einige Milliarden sinken. Die Gewinne der Knill-Gruppe w\u00fcrden dadurch noch mehr steigen, schlie\u00dflich lie\u00dfen sich so Lohnkosten einsparen.<\/p>\n<p>Dazu m\u00f6chte er noch Steuererleichterungen und staatliche Subventionen f\u00fcr Investitionen, sowie staatliche Unterst\u00fctzung gegen die hohen Energiepreise. Die Allgemeinheit soll also der Knill-Gruppe ihre Ausgaben bezahlen. Mehr staatliches Geld, das von Arm zu Reich wandert.<\/p>\n<p><strong>Knill ist \u00fcberreich \u2013 dank Erbe<\/strong><\/p>\n<p>Bizarr an der Forderung nach Arbeiten bis 70 ist, von wem sie kommt. Herr Knill ist mit dem goldenen L\u00f6ffel im Mund aufgewachsen. Er ist reich. Erbte eine 300 Jahre alte Unternehmensgruppe mit damals (2002) 90 Millionen Umsatz.<\/p>\n<\/div>\n<p>Es ist sicherlich sein Verdienst, dass sein Bruder und er das Unternehmen seitdem ausgebaut haben. Dennoch gilt: Wenn er wollte, m\u00fcsste er keinen einzigen Tag arbeiten. Er k\u00f6nnte sich sein Leben \u201eaus dem Bankomaten\u201c finanzieren lassen, wie es einst ein Namensvetter von ihm, \u201eGeorg aus Wien\u201c in der TV-Show <a href=\"https:\/\/www.youtube.com\/watch?v=pcfKjqj7fHc\">Herzblatt<\/a> formulierte.<\/p>\n<p>Die Aussch\u00fcttungen aus seinem Betrieb w\u00fcrden ein Leben im Luxus problemlos finanzieren. Sein Bruder und er besitzen zwei Unternehmen. Das eine machte letztes Jahr \u00fcber 25 Millionen Gewinn, das andere 6,4 Millionen. Zusammen 3,5 Millionen Euro sch\u00fctteten sich die Br\u00fcder in nur einem Jahr aus. Das ist mehr, als ein Facharbeiter mit 5.000 Euro brutto im Monat in 45 Arbeitsjahren verdient, obwohl der auch jeden Tag arbeiten geht.<\/p>\n<p>Herr Knill k\u00f6nnte also morgen in Pension gehen und einen Gesch\u00e4ftsf\u00fchrer anstellen. Die Leute, \u00fcber die er spricht, k\u00f6nnen das nicht. Sie haben nicht reich geerbt. Ihre Ersparnisse w\u00fcrden \u2013 wenn \u00fcberhaupt \u2013 maximal ein paar Jahre reichen. Sie brauchen das staatliche Pensionssystem. Ein System, dass Herr Knill attackiert.<\/p>\n<\/article>\n","protected":false},"excerpt":{"rendered":"<p>Georg Knill ist der Pr\u00e4sident der Industriellenvereinigung. Er hat eine Botschaft f\u00fcr seine Mitarbeiter:innen und alle Arbeitnehmer:innen im Land: Ihr sollt erst mit 70 Jahren in Pension gehen d\u00fcrfen. Momentum-Chef\u00f6konom Oliver Picek kommentiert. Oliver Picek f\u00fcr moment.at Arbeiten bis 70,&hellip;<\/p>\n","protected":false},"author":1096,"featured_media":2610014,"comment_status":"closed","ping_status":"closed","sticky":false,"template":"","format":"standard","meta":{"footnotes":""},"categories":[9150,9161,9168,9158],"tags":[47424,22150,125399,137917],"class_list":["post-2610010","post","type-post","status-publish","format-standard","has-post-thumbnail","hentry","category-europa-de","category-menschenrechte","category-politik","category-wirtschaft","tag-arbeit","tag-gerechtigkeit","tag-pension-de","tag-ruhestand"],"yoast_head":"<!-- This site is optimized with the Yoast SEO plugin v27.1.1 - https:\/\/yoast.com\/product\/yoast-seo-wordpress\/ -->\n<title>Ein reicher Konzernboss sagt uns allen: Hackelt (arbeitet), bis ihr 70 Jahre seid<\/title>\n<meta name=\"description\" content=\"Georg Knill ist der Pr\u00e4sident der Industriellenvereinigung. Er hat eine Botschaft f\u00fcr seine Mitarbeiter:innen und alle Arbeitnehmer:innen im Land: Ihr\" \/>\n<meta name=\"robots\" content=\"index, follow, max-snippet:-1, max-image-preview:large, max-video-preview:-1\" \/>\n<link rel=\"canonical\" href=\"https:\/\/www.pressenza.com\/de\/2025\/06\/ein-reicher-konzernboss-sagt-uns-allen-hackelt-arbeitet-bis-ihr-70-jahre-seid\/\" \/>\n<meta property=\"og:locale\" content=\"de_DE\" \/>\n<meta property=\"og:type\" content=\"article\" \/>\n<meta property=\"og:title\" content=\"Ein reicher Konzernboss sagt uns allen: Hackelt (arbeitet), bis ihr 70 Jahre seid\" \/>\n<meta property=\"og:description\" content=\"Georg Knill ist der Pr\u00e4sident der Industriellenvereinigung. Er hat eine Botschaft f\u00fcr seine Mitarbeiter:innen und alle Arbeitnehmer:innen im Land: Ihr\" \/>\n<meta property=\"og:url\" content=\"https:\/\/www.pressenza.com\/de\/2025\/06\/ein-reicher-konzernboss-sagt-uns-allen-hackelt-arbeitet-bis-ihr-70-jahre-seid\/\" \/>\n<meta property=\"og:site_name\" content=\"Pressenza\" \/>\n<meta property=\"article:publisher\" content=\"https:\/\/www.facebook.com\/PressenzaItalia\" \/>\n<meta property=\"article:published_time\" content=\"2025-06-08T08:45:18+00:00\" \/>\n<meta property=\"article:modified_time\" content=\"2025-06-08T08:49:09+00:00\" \/>\n<meta property=\"og:image\" content=\"https:\/\/www.pressenza.com\/wp-content\/uploads\/2025\/06\/IMG_3398.png\" \/>\n\t<meta property=\"og:image:width\" content=\"1920\" \/>\n\t<meta property=\"og:image:height\" content=\"1113\" \/>\n\t<meta property=\"og:image:type\" content=\"image\/png\" \/>\n<meta name=\"author\" content=\"Pressenza Wien\" \/>\n<meta name=\"twitter:card\" content=\"summary_large_image\" \/>\n<meta name=\"twitter:creator\" content=\"@pressenza_ger\" \/>\n<meta name=\"twitter:site\" content=\"@PressenzaIPA\" \/>\n<meta name=\"twitter:label1\" content=\"Verfasst von\" \/>\n\t<meta name=\"twitter:data1\" content=\"Pressenza Wien\" \/>\n\t<meta name=\"twitter:label2\" content=\"Gesch\u00e4tzte Lesezeit\" \/>\n\t<meta name=\"twitter:data2\" content=\"4\u00a0Minuten\" \/>\n<script type=\"application\/ld+json\" class=\"yoast-schema-graph\">{\"@context\":\"https:\/\/schema.org\",\"@graph\":[{\"@type\":\"Article\",\"@id\":\"https:\/\/www.pressenza.com\/de\/2025\/06\/ein-reicher-konzernboss-sagt-uns-allen-hackelt-arbeitet-bis-ihr-70-jahre-seid\/#article\",\"isPartOf\":{\"@id\":\"https:\/\/www.pressenza.com\/de\/2025\/06\/ein-reicher-konzernboss-sagt-uns-allen-hackelt-arbeitet-bis-ihr-70-jahre-seid\/\"},\"author\":{\"name\":\"Pressenza Wien\",\"@id\":\"https:\/\/www.pressenza.com\/de\/#\/schema\/person\/3df859e5bf9b19ab936f666e0177e38b\"},\"headline\":\"Ein reicher Konzernboss sagt uns allen: Hackelt (arbeitet), bis ihr 70 Jahre seid\",\"datePublished\":\"2025-06-08T08:45:18+00:00\",\"dateModified\":\"2025-06-08T08:49:09+00:00\",\"mainEntityOfPage\":{\"@id\":\"https:\/\/www.pressenza.com\/de\/2025\/06\/ein-reicher-konzernboss-sagt-uns-allen-hackelt-arbeitet-bis-ihr-70-jahre-seid\/\"},\"wordCount\":607,\"publisher\":{\"@id\":\"https:\/\/www.pressenza.com\/de\/#organization\"},\"image\":{\"@id\":\"https:\/\/www.pressenza.com\/de\/2025\/06\/ein-reicher-konzernboss-sagt-uns-allen-hackelt-arbeitet-bis-ihr-70-jahre-seid\/#primaryimage\"},\"thumbnailUrl\":\"https:\/\/www.pressenza.com\/wp-content\/uploads\/2025\/06\/IMG_3398.png\",\"keywords\":[\"Arbeit\",\"Gerechtigkeit\",\"pension\",\"Ruhestand\"],\"articleSection\":[\"Europa\",\"Menschenrechte\",\"Politik\",\"Wirtschaft\"],\"inLanguage\":\"de\"},{\"@type\":\"WebPage\",\"@id\":\"https:\/\/www.pressenza.com\/de\/2025\/06\/ein-reicher-konzernboss-sagt-uns-allen-hackelt-arbeitet-bis-ihr-70-jahre-seid\/\",\"url\":\"https:\/\/www.pressenza.com\/de\/2025\/06\/ein-reicher-konzernboss-sagt-uns-allen-hackelt-arbeitet-bis-ihr-70-jahre-seid\/\",\"name\":\"Ein reicher Konzernboss sagt uns allen: Hackelt (arbeitet), bis ihr 70 Jahre seid\",\"isPartOf\":{\"@id\":\"https:\/\/www.pressenza.com\/de\/#website\"},\"primaryImageOfPage\":{\"@id\":\"https:\/\/www.pressenza.com\/de\/2025\/06\/ein-reicher-konzernboss-sagt-uns-allen-hackelt-arbeitet-bis-ihr-70-jahre-seid\/#primaryimage\"},\"image\":{\"@id\":\"https:\/\/www.pressenza.com\/de\/2025\/06\/ein-reicher-konzernboss-sagt-uns-allen-hackelt-arbeitet-bis-ihr-70-jahre-seid\/#primaryimage\"},\"thumbnailUrl\":\"https:\/\/www.pressenza.com\/wp-content\/uploads\/2025\/06\/IMG_3398.png\",\"datePublished\":\"2025-06-08T08:45:18+00:00\",\"dateModified\":\"2025-06-08T08:49:09+00:00\",\"description\":\"Georg Knill ist der Pr\u00e4sident der Industriellenvereinigung. Er hat eine Botschaft f\u00fcr seine Mitarbeiter:innen und alle Arbeitnehmer:innen im Land: Ihr\",\"breadcrumb\":{\"@id\":\"https:\/\/www.pressenza.com\/de\/2025\/06\/ein-reicher-konzernboss-sagt-uns-allen-hackelt-arbeitet-bis-ihr-70-jahre-seid\/#breadcrumb\"},\"inLanguage\":\"de\",\"potentialAction\":[{\"@type\":\"ReadAction\",\"target\":[\"https:\/\/www.pressenza.com\/de\/2025\/06\/ein-reicher-konzernboss-sagt-uns-allen-hackelt-arbeitet-bis-ihr-70-jahre-seid\/\"]}]},{\"@type\":\"ImageObject\",\"inLanguage\":\"de\",\"@id\":\"https:\/\/www.pressenza.com\/de\/2025\/06\/ein-reicher-konzernboss-sagt-uns-allen-hackelt-arbeitet-bis-ihr-70-jahre-seid\/#primaryimage\",\"url\":\"https:\/\/www.pressenza.com\/wp-content\/uploads\/2025\/06\/IMG_3398.png\",\"contentUrl\":\"https:\/\/www.pressenza.com\/wp-content\/uploads\/2025\/06\/IMG_3398.png\",\"width\":1920,\"height\":1113},{\"@type\":\"BreadcrumbList\",\"@id\":\"https:\/\/www.pressenza.com\/de\/2025\/06\/ein-reicher-konzernboss-sagt-uns-allen-hackelt-arbeitet-bis-ihr-70-jahre-seid\/#breadcrumb\",\"itemListElement\":[{\"@type\":\"ListItem\",\"position\":1,\"name\":\"Accueil\",\"item\":\"https:\/\/www.pressenza.com\/de\/\"},{\"@type\":\"ListItem\",\"position\":2,\"name\":\"Ein reicher Konzernboss sagt uns allen: Hackelt (arbeitet), bis ihr 70 Jahre seid\"}]},{\"@type\":\"WebSite\",\"@id\":\"https:\/\/www.pressenza.com\/de\/#website\",\"url\":\"https:\/\/www.pressenza.com\/de\/\",\"name\":\"Pressenza\",\"description\":\"International Press Agency\",\"publisher\":{\"@id\":\"https:\/\/www.pressenza.com\/de\/#organization\"},\"potentialAction\":[{\"@type\":\"SearchAction\",\"target\":{\"@type\":\"EntryPoint\",\"urlTemplate\":\"https:\/\/www.pressenza.com\/de\/?s={search_term_string}\"},\"query-input\":{\"@type\":\"PropertyValueSpecification\",\"valueRequired\":true,\"valueName\":\"search_term_string\"}}],\"inLanguage\":\"de\"},{\"@type\":\"Organization\",\"@id\":\"https:\/\/www.pressenza.com\/de\/#organization\",\"name\":\"Pressenza\",\"url\":\"https:\/\/www.pressenza.com\/de\/\",\"logo\":{\"@type\":\"ImageObject\",\"inLanguage\":\"de\",\"@id\":\"https:\/\/www.pressenza.com\/de\/#\/schema\/logo\/image\/\",\"url\":\"https:\/\/www.pressenza.com\/wp-content\/uploads\/2022\/10\/pressenza_logo_200x200.jpg\",\"contentUrl\":\"https:\/\/www.pressenza.com\/wp-content\/uploads\/2022\/10\/pressenza_logo_200x200.jpg\",\"width\":200,\"height\":200,\"caption\":\"Pressenza\"},\"image\":{\"@id\":\"https:\/\/www.pressenza.com\/de\/#\/schema\/logo\/image\/\"},\"sameAs\":[\"https:\/\/www.facebook.com\/PressenzaItalia\",\"https:\/\/x.com\/PressenzaIPA\"]},{\"@type\":\"Person\",\"@id\":\"https:\/\/www.pressenza.com\/de\/#\/schema\/person\/3df859e5bf9b19ab936f666e0177e38b\",\"name\":\"Pressenza Wien\",\"description\":\"News from the Pressenza Bureau in Vienna, Austria\",\"sameAs\":[\"https:\/\/x.com\/pressenza_ger\"],\"url\":\"https:\/\/www.pressenza.com\/de\/author\/pressenza-wien\/\"}]}<\/script>\n<!-- \/ Yoast SEO plugin. -->","yoast_head_json":{"title":"Ein reicher Konzernboss sagt uns allen: Hackelt (arbeitet), bis ihr 70 Jahre seid","description":"Georg Knill ist der Pr\u00e4sident der Industriellenvereinigung. Er hat eine Botschaft f\u00fcr seine Mitarbeiter:innen und alle Arbeitnehmer:innen im Land: Ihr","robots":{"index":"index","follow":"follow","max-snippet":"max-snippet:-1","max-image-preview":"max-image-preview:large","max-video-preview":"max-video-preview:-1"},"canonical":"https:\/\/www.pressenza.com\/de\/2025\/06\/ein-reicher-konzernboss-sagt-uns-allen-hackelt-arbeitet-bis-ihr-70-jahre-seid\/","og_locale":"de_DE","og_type":"article","og_title":"Ein reicher Konzernboss sagt uns allen: Hackelt (arbeitet), bis ihr 70 Jahre seid","og_description":"Georg Knill ist der Pr\u00e4sident der Industriellenvereinigung. Er hat eine Botschaft f\u00fcr seine Mitarbeiter:innen und alle Arbeitnehmer:innen im Land: Ihr","og_url":"https:\/\/www.pressenza.com\/de\/2025\/06\/ein-reicher-konzernboss-sagt-uns-allen-hackelt-arbeitet-bis-ihr-70-jahre-seid\/","og_site_name":"Pressenza","article_publisher":"https:\/\/www.facebook.com\/PressenzaItalia","article_published_time":"2025-06-08T08:45:18+00:00","article_modified_time":"2025-06-08T08:49:09+00:00","og_image":[{"width":1920,"height":1113,"url":"https:\/\/www.pressenza.com\/wp-content\/uploads\/2025\/06\/IMG_3398.png","type":"image\/png"}],"author":"Pressenza Wien","twitter_card":"summary_large_image","twitter_creator":"@pressenza_ger","twitter_site":"@PressenzaIPA","twitter_misc":{"Verfasst von":"Pressenza Wien","Gesch\u00e4tzte Lesezeit":"4\u00a0Minuten"},"schema":{"@context":"https:\/\/schema.org","@graph":[{"@type":"Article","@id":"https:\/\/www.pressenza.com\/de\/2025\/06\/ein-reicher-konzernboss-sagt-uns-allen-hackelt-arbeitet-bis-ihr-70-jahre-seid\/#article","isPartOf":{"@id":"https:\/\/www.pressenza.com\/de\/2025\/06\/ein-reicher-konzernboss-sagt-uns-allen-hackelt-arbeitet-bis-ihr-70-jahre-seid\/"},"author":{"name":"Pressenza Wien","@id":"https:\/\/www.pressenza.com\/de\/#\/schema\/person\/3df859e5bf9b19ab936f666e0177e38b"},"headline":"Ein reicher Konzernboss sagt uns allen: Hackelt (arbeitet), bis ihr 70 Jahre seid","datePublished":"2025-06-08T08:45:18+00:00","dateModified":"2025-06-08T08:49:09+00:00","mainEntityOfPage":{"@id":"https:\/\/www.pressenza.com\/de\/2025\/06\/ein-reicher-konzernboss-sagt-uns-allen-hackelt-arbeitet-bis-ihr-70-jahre-seid\/"},"wordCount":607,"publisher":{"@id":"https:\/\/www.pressenza.com\/de\/#organization"},"image":{"@id":"https:\/\/www.pressenza.com\/de\/2025\/06\/ein-reicher-konzernboss-sagt-uns-allen-hackelt-arbeitet-bis-ihr-70-jahre-seid\/#primaryimage"},"thumbnailUrl":"https:\/\/www.pressenza.com\/wp-content\/uploads\/2025\/06\/IMG_3398.png","keywords":["Arbeit","Gerechtigkeit","pension","Ruhestand"],"articleSection":["Europa","Menschenrechte","Politik","Wirtschaft"],"inLanguage":"de"},{"@type":"WebPage","@id":"https:\/\/www.pressenza.com\/de\/2025\/06\/ein-reicher-konzernboss-sagt-uns-allen-hackelt-arbeitet-bis-ihr-70-jahre-seid\/","url":"https:\/\/www.pressenza.com\/de\/2025\/06\/ein-reicher-konzernboss-sagt-uns-allen-hackelt-arbeitet-bis-ihr-70-jahre-seid\/","name":"Ein reicher Konzernboss sagt uns allen: Hackelt (arbeitet), bis ihr 70 Jahre seid","isPartOf":{"@id":"https:\/\/www.pressenza.com\/de\/#website"},"primaryImageOfPage":{"@id":"https:\/\/www.pressenza.com\/de\/2025\/06\/ein-reicher-konzernboss-sagt-uns-allen-hackelt-arbeitet-bis-ihr-70-jahre-seid\/#primaryimage"},"image":{"@id":"https:\/\/www.pressenza.com\/de\/2025\/06\/ein-reicher-konzernboss-sagt-uns-allen-hackelt-arbeitet-bis-ihr-70-jahre-seid\/#primaryimage"},"thumbnailUrl":"https:\/\/www.pressenza.com\/wp-content\/uploads\/2025\/06\/IMG_3398.png","datePublished":"2025-06-08T08:45:18+00:00","dateModified":"2025-06-08T08:49:09+00:00","description":"Georg Knill ist der Pr\u00e4sident der Industriellenvereinigung. Er hat eine Botschaft f\u00fcr seine Mitarbeiter:innen und alle Arbeitnehmer:innen im Land: Ihr","breadcrumb":{"@id":"https:\/\/www.pressenza.com\/de\/2025\/06\/ein-reicher-konzernboss-sagt-uns-allen-hackelt-arbeitet-bis-ihr-70-jahre-seid\/#breadcrumb"},"inLanguage":"de","potentialAction":[{"@type":"ReadAction","target":["https:\/\/www.pressenza.com\/de\/2025\/06\/ein-reicher-konzernboss-sagt-uns-allen-hackelt-arbeitet-bis-ihr-70-jahre-seid\/"]}]},{"@type":"ImageObject","inLanguage":"de","@id":"https:\/\/www.pressenza.com\/de\/2025\/06\/ein-reicher-konzernboss-sagt-uns-allen-hackelt-arbeitet-bis-ihr-70-jahre-seid\/#primaryimage","url":"https:\/\/www.pressenza.com\/wp-content\/uploads\/2025\/06\/IMG_3398.png","contentUrl":"https:\/\/www.pressenza.com\/wp-content\/uploads\/2025\/06\/IMG_3398.png","width":1920,"height":1113},{"@type":"BreadcrumbList","@id":"https:\/\/www.pressenza.com\/de\/2025\/06\/ein-reicher-konzernboss-sagt-uns-allen-hackelt-arbeitet-bis-ihr-70-jahre-seid\/#breadcrumb","itemListElement":[{"@type":"ListItem","position":1,"name":"Accueil","item":"https:\/\/www.pressenza.com\/de\/"},{"@type":"ListItem","position":2,"name":"Ein reicher Konzernboss sagt uns allen: Hackelt (arbeitet), bis ihr 70 Jahre seid"}]},{"@type":"WebSite","@id":"https:\/\/www.pressenza.com\/de\/#website","url":"https:\/\/www.pressenza.com\/de\/","name":"Pressenza","description":"International Press Agency","publisher":{"@id":"https:\/\/www.pressenza.com\/de\/#organization"},"potentialAction":[{"@type":"SearchAction","target":{"@type":"EntryPoint","urlTemplate":"https:\/\/www.pressenza.com\/de\/?s={search_term_string}"},"query-input":{"@type":"PropertyValueSpecification","valueRequired":true,"valueName":"search_term_string"}}],"inLanguage":"de"},{"@type":"Organization","@id":"https:\/\/www.pressenza.com\/de\/#organization","name":"Pressenza","url":"https:\/\/www.pressenza.com\/de\/","logo":{"@type":"ImageObject","inLanguage":"de","@id":"https:\/\/www.pressenza.com\/de\/#\/schema\/logo\/image\/","url":"https:\/\/www.pressenza.com\/wp-content\/uploads\/2022\/10\/pressenza_logo_200x200.jpg","contentUrl":"https:\/\/www.pressenza.com\/wp-content\/uploads\/2022\/10\/pressenza_logo_200x200.jpg","width":200,"height":200,"caption":"Pressenza"},"image":{"@id":"https:\/\/www.pressenza.com\/de\/#\/schema\/logo\/image\/"},"sameAs":["https:\/\/www.facebook.com\/PressenzaItalia","https:\/\/x.com\/PressenzaIPA"]},{"@type":"Person","@id":"https:\/\/www.pressenza.com\/de\/#\/schema\/person\/3df859e5bf9b19ab936f666e0177e38b","name":"Pressenza Wien","description":"News from the Pressenza Bureau in Vienna, Austria","sameAs":["https:\/\/x.com\/pressenza_ger"],"url":"https:\/\/www.pressenza.com\/de\/author\/pressenza-wien\/"}]}},"place":"","original_article_url":"","_links":{"self":[{"href":"https:\/\/www.pressenza.com\/de\/wp-json\/wp\/v2\/posts\/2610010","targetHints":{"allow":["GET"]}}],"collection":[{"href":"https:\/\/www.pressenza.com\/de\/wp-json\/wp\/v2\/posts"}],"about":[{"href":"https:\/\/www.pressenza.com\/de\/wp-json\/wp\/v2\/types\/post"}],"author":[{"embeddable":true,"href":"https:\/\/www.pressenza.com\/de\/wp-json\/wp\/v2\/users\/1096"}],"replies":[{"embeddable":true,"href":"https:\/\/www.pressenza.com\/de\/wp-json\/wp\/v2\/comments?post=2610010"}],"version-history":[{"count":2,"href":"https:\/\/www.pressenza.com\/de\/wp-json\/wp\/v2\/posts\/2610010\/revisions"}],"predecessor-version":[{"id":2610012,"href":"https:\/\/www.pressenza.com\/de\/wp-json\/wp\/v2\/posts\/2610010\/revisions\/2610012"}],"wp:featuredmedia":[{"embeddable":true,"href":"https:\/\/www.pressenza.com\/de\/wp-json\/wp\/v2\/media\/2610014"}],"wp:attachment":[{"href":"https:\/\/www.pressenza.com\/de\/wp-json\/wp\/v2\/media?parent=2610010"}],"wp:term":[{"taxonomy":"category","embeddable":true,"href":"https:\/\/www.pressenza.com\/de\/wp-json\/wp\/v2\/categories?post=2610010"},{"taxonomy":"post_tag","embeddable":true,"href":"https:\/\/www.pressenza.com\/de\/wp-json\/wp\/v2\/tags?post=2610010"}],"curies":[{"name":"wp","href":"https:\/\/api.w.org\/{rel}","templated":true}]}}