{"id":2609788,"date":"2025-06-07T14:04:56","date_gmt":"2025-06-07T13:04:56","guid":{"rendered":"https:\/\/www.pressenza.com\/?p=2609788"},"modified":"2025-06-07T14:04:56","modified_gmt":"2025-06-07T13:04:56","slug":"jean-zieglers-ziemlich-verzweifeltes-vermaechtnis","status":"publish","type":"post","link":"https:\/\/www.pressenza.com\/de\/2025\/06\/jean-zieglers-ziemlich-verzweifeltes-vermaechtnis\/","title":{"rendered":"Jean Zieglers ziemlich verzweifeltes Verm\u00e4chtnis"},"content":{"rendered":"<p><strong>Das j\u00fcngste, vielleicht letzte Buch des nun 91-J\u00e4hrigen wurde als \u00abk\u00e4mpferisches Verm\u00e4chtnis\u00bb angezeigt. Es klingt verzweifelt.<\/strong><\/p>\n<p><em><a href=\"mailto:haste@bluewin.ch\">Hans Steiger<\/a> \u00a0f\u00fcr die Online-Zeitung <a href=\"https:\/\/www.infosperber.ch\/politik\/welt\/jean-zieglers-ziemlich-verzweifeltes-vermaechtnis\/\" target=\"_blank\" rel=\"noopener\">INFOsperber<\/a><\/em><\/p>\n<p><img loading=\"lazy\" decoding=\"async\" class=\"size-medium wp-image-2609789 alignleft\" src=\"https:\/\/www.pressenza.com\/wp-content\/uploads\/2025\/06\/Ziegler-Cover-188x300.png\" alt=\"\" width=\"188\" height=\"300\" srcset=\"https:\/\/www.pressenza.com\/wp-content\/uploads\/2025\/06\/Ziegler-Cover-188x300.png 188w, https:\/\/www.pressenza.com\/wp-content\/uploads\/2025\/06\/Ziegler-Cover.png 300w\" sizes=\"auto, (max-width: 188px) 100vw, 188px\" \/>Zuerst entfernte ich den widerw\u00e4rtigen Kleber auf dem Umschlag: F\u00fcr mich ist <a href=\"https:\/\/de.wikipedia.org\/wiki\/Jean_Ziegler\" target=\"_blank\" rel=\"noopener\">Jean Ziegler<\/a> kein \u00ab\u2039Spiegel\u203a-Bestseller-Autor\u00bb, sondern ein radikal engagierter Genosse, der schreibend abzuwenden versucht, was er kommen sieht. Auf dem Buchumschlag wird er gro\u00df, rot, undifferenziert als \u00abunerm\u00fcdlicher Globalisierungskritiker\u00bb pr\u00e4sentiert. Was eigentlich falsch ist. Er fordert weltweite Solidarit\u00e4t. Allerdings will er einen grundlegenden Wandel; \u00abder Kapitalismus ist nicht reformierbar\u00bb, als System nicht zu zivilisieren. Und seine \u00dcberwindung wurde lange mit wenig \u00fcberzeugenden Erfolgen postuliert.<\/p>\n<p>\u00abO\u00f9 est l\u2019espoir?\u00bb Mit seinem Fragezeichen war der Titel der im vergangenen Herbst erschienenen Originalausgabe treffender als der verzweifelt trotzige Ausruf der Mitte Mai ausgelieferten deutschsprachigen Fassung. Als sich auch zum Katholizismus bekennender Sozialist glaubt Ziegler wohl durchaus im religi\u00f6sen Sinn, ein Sturz der \u00abkannibalischen Weltordnung\u00bb sei m\u00f6glich, stehe gar absehbar bevor. Ob sein \u00abTrotz alledem!\u00bb dazu beitr\u00e4gt? Vielleicht.<\/p>\n<p><strong>Radikal anklagendes Inventar<\/strong><\/p>\n<p>Er liefere im Buch \u00abdas Inventar der wichtigsten Katastrophen\u00bb sowie \u00abder Strategien, die es zu erschaffen gilt\u00bb, um diese zu \u00fcberwinden, steht im ersten Absatz. Letzteres bleibt skizzenhaft, die Beschreibung der Lage jedoch ist sprachlich wie faktisch ersch\u00fctternd. Nach neusten Daten der Vereinten Nationen \u00abvernichten\u00bb von Not und Elend ausgel\u00f6ste Konflikte pro Jahr fast so viele Menschenleben wie der Zweite Weltkrieg insgesamt, und eine neue kriegerische Phase hat begonnen.<\/p>\n<p>Ziegler spricht nicht nur das Drama in der Ukraine an, wo er sich \u00abvollkommen ohnm\u00e4chtig\u00bb f\u00fchle, zum Zuschauer des neuen Angriffs des \u00abMassenm\u00f6rders Putin\u00bb degradiert, der zuvor schon Tschetschenien zerst\u00f6rte. Breiter und mit Blick auf die historischen Wurzeln und die tragisch verpassten Chancen wird das Geschehen in Gaza beleuchtet. Syrien, Afghanistan, der Sudan \u2026 Und immer profitiert die Waffenindustrie von Vernichtung und Sterben, die R\u00fcstungsspirale rotiert noch rascher. Auch in der Schweiz verdienen viele mit. W\u00e4hrend dem Staat Israel mit gutem Gewissen die t\u00f6dlichsten der vorhandenen Waffen geliefert werden, wird gebeten, die zivilen Opferzahlen \u00abm\u00f6glichst niedrig\u00bb zu halten.<\/p>\n<p>Dieses aktuelle Geschehen durchzieht die ersten Kapitel, \u00fcberschriebenen mit \u00abDie kannibalische Weltordnung\u00bb, \u00abDer Hunger\u00bb, \u00abDer Untergang der Vereinten Nationen\u00bb, \u00abDie Beseitigung des Asylrechts\u00bb. In der zweiten H\u00e4lfte des schmalen und trotzdem nicht leicht zu w\u00fcrdigenden B\u00e4ndchens wird mit vielen Abschweifungen ein teils hochphilosophischer Bogen gezogen: von der tiefen \u00abEntfremdung\u00bb, die im Kampf gegen uns aufgezwungene Unmenschlichkeit \u00fcberwunden werden m\u00fcsste, zur erl\u00f6senden \u00abHoffnung\u00bb.<\/p>\n<p>Ziegler ruft zu einer \u00abmassiven und entschlossenen Mobilisierung unserer B\u00fcrger und der \u00f6ffentlichen Meinung\u00bb auf. Besonders im Blick hat er Bauern und B\u00e4uerinnen, aber auch <a href=\"https:\/\/de.wikipedia.org\/wiki\/Gelbwestenbewegung\" target=\"_blank\" rel=\"noopener\">Gelbwesten<\/a> in Frankreich bezieht er noch irgendwie mit ein. Durch einen Schulterschluss k\u00f6nnte zum Beispiel die Wiederherstellung des Asylrechts und eine k\u00fcnftig allgemeine Anwendung \u00abdes tempor\u00e4ren Schutzes\u00bb erreicht werden, den die EU derzeit Fl\u00fcchtenden aus der Ukraine gew\u00e4hrt. Das pure Gegenteil der davor beschriebenen brutalen <a href=\"https:\/\/de.wikipedia.org\/wiki\/Frontex\" target=\"_blank\" rel=\"noopener\">Frontex<\/a>-Maschinerie.<\/p>\n<p><strong>Menschenrechte als Programm<\/strong><\/p>\n<p>\u00ab\u00dcberall auf der Welt kann sich der Staat in einen Aggressor verwandeln\u00bb, mahnt Ziegler. Aber im Kontrast zum Schwinden menschlicher Gerechtigkeit gebe es eine machtvolle historische Kraft, \u00abein eschatologisches Bewusstsein\u00bb von dem, was gerecht w\u00e4re \u2013 die Utopie. \u00abIhr Fortschritt ist unaufhaltsam.\u00bb Das habe sich etwa bei der Abschaffung der Sklaverei gezeigt. Und mit der <a href=\"https:\/\/unric.org\/de\/allgemeine-erklaerung-menschenrechte\/\" target=\"_blank\" rel=\"noopener\">Allgemeinen Erkl\u00e4rung der Menschenrechte<\/a> wurde diese Utopie zum globalen politischen Programm, das jetzt zu verteidigen und durchzusetzen ist. Wo die Politik versagt, habe die Zivilgesellschaft zu handeln. \u00abWenn sich die Linke archaisch darauf versteift, die Macht im Staat zu erobern, ist sie auf dem Holzweg.\u00bb Sie m\u00fcsste die \u00abOligarchie des Finanzkapitals\u00bb frontal angreifen, \u00abje nach Erfordernis\u00bb, mit den \u00abbesten Waffen\u00bb von Intelligenz und Wissen ausgestattet.<\/p>\n<p>Zu diesem Aufstand seien alle aufgerufen. Er gebe seinem und jedem menschlichen Leben einen Sinn. Emanzipation, Gleichheit, Gerechtigkeit h\u00e4ngen von uns ab. Wenn es nicht gelingt, den herrschenden \u00abRaubkapitalismus\u00bb zu besiegen, werden wir dazu verurteilt, in einer Welt zu leben, die dann nicht mehr f\u00fcr eine, sondern f\u00fcr mehrere Milliarden anderer Menschen v\u00f6llig unertr\u00e4glich sein wird. Ja, \u00abdiese Verantwortung haben wir.\u00bb<\/p>\n<p>In der Klimabewegung sei vielen klar geworden, dass tiefe urs\u00e4chliche Zusammenh\u00e4nge einen Systemwandel erfordern, ein \u00dcberlebenskampf in Gang ist. Zuvor f\u00fchrte Ziegler die zu Beginn der 2000er-Jahre imposante Internationale gegen neoliberale Globalisierung als ein Muster f\u00fcr den Charakter der \u00abplanetarischen Zivilgesellschaft\u00bb als neuer Kraft an. Wo blieb sie? Vom j\u00fcngsten Aufbruch mit mehr \u00f6kologischen Akzentsetzungen wurde auch er \u00fcberrascht. \u00abAu\u00dfergew\u00f6hnlich\u00bb, \u00abetwas Geheimnisvolles\u00bb \u2026<\/p>\n<p>Ein mutig entschlossenes M\u00e4dchen aus Schweden brachte mit medialer Unterst\u00fctzung die alten Ermatteten weltweit mit aufger\u00fcttelten Neuank\u00f6mmlingen zusammen, und der Gro\u00dfvater bekam von seinem Enkel den Slogan mit, der beim Genfer Sitz einer speziell skrupellosen Bank skandiert wurde: \u00abErtr\u00e4nkt die Bankiers, nicht das Packeis!\u00bb Durch die \u00dcbersetzung fiel zwar der franz\u00f6sische Wortwitz weg, daf\u00fcr trat die H\u00e4rte hervor. Wie bei den Passagen, in denen Emp\u00f6rung und berechtigte Wut in stereotyp wiederholte pathetische Phrasen m\u00fcnden, wurde mir unwohl. Ist das ein Fluchtweg vor zu schwierigen Fragen?<\/p>\n<p><strong>Erfahrung, Begegnungen, Auftrag<\/strong><\/p>\n<p>Wertvoll ist, was der langj\u00e4hrige UN-Sonderberichterstatter f\u00fcr das Recht auf Nahrung an Positionen des globalen S\u00fcdens in sein Pl\u00e4doyer f\u00fcr eine neue Weltordnung einbringt. Marx- und allerlei andere Zitate m\u00f6gen als Leseempfehlungen dienen. Und wer erstmals etwas von Zieglers Begegnungen mit Prominenten und revolution\u00e4ren Gr\u00f6\u00dfen erf\u00e4hrt, wird auch von seinen immer wieder pr\u00e4sentierten Episoden beeindruckt sein. Sartre und de Beauvoir, die in Paris aus dem biederen Hans den intellektuellen Jean machten. Che Guevara, der ihm einen Guerillakampf nicht zutraute und daf\u00fcr Genf als Einsatzort im \u00abGehirn des Monsters\u00bb zuwies \u2026 Unter die Haut geht die vergleichsweise frische Schilderung einer offiziellen Mission, die ihn 2005 im von einer Mordwelle ersch\u00fctterten Guatemala in ein Dorf f\u00fchrte, wo Indigene um ihr von Konzernen beanspruchtes Land k\u00e4mpften, um ihre Lebensbasis. Misstrauen schlug ihm entgegen; diese Menschen hatten Angst. \u00abEtwas gehemmt verteilte ich meine UN-Visitenkarte. Die Frauen pressten sie wie einen Talisman an ihr Herz.\u00bb Doch er war sich bewusst, nicht die geringste M\u00f6glichkeit zu haben, \u00abihnen den Schutz zu bieten, den sie brauchten.\u00bb Er beantragte Ma\u00dfnahmen; die Niederlagen in den zust\u00e4ndigen Gremien waren programmiert. Die umfassende Verpflichtung, denen zu helfen, die leiden und k\u00e4mpfen, blieb. In ihrem Handeln ist Hoffnung!<\/p>\n<hr \/>\n<p><em>Jean Ziegler: <a href=\"https:\/\/www.exlibris.ch\/de\/buecher-buch\/deutschsprachige-buecher\/jean-ziegler\/trotz-alledem\/id\/9783570105801\/?srsltid=AfmBOopRSUmxcUiQH9bg2WQ1UA1UNhPtjBYLKar8N8tgh916H3jtPXOp\" target=\"_blank\" rel=\"noopener\">\u00abTrotz alledem! Warum ich die Hoffnung auf eine bessere Welt nicht aufgebe\u00bb<\/a>. Aus dem Franz\u00f6sischen von Hainer Kober. Bertelsmann, M\u00fcnchen 2025, 205 Seiten, ca. 30 Franken<\/em><\/p>\n<p><em>Dieser Text erscheint auch in der \u00ab<a href=\"https:\/\/www.pszeitung.ch\/\" target=\"_blank\" rel=\"noopener\">P.S.<\/a>\u00bb-Sommer-Buchbeilage, dort mit weiteren Hinweisen auf Angebote zur Neuorientierung im verwirrten globalen Umfeld.<\/em><\/p>\n","protected":false},"excerpt":{"rendered":"<p>Das j\u00fcngste, vielleicht letzte Buch des nun 91-J\u00e4hrigen wurde als \u00abk\u00e4mpferisches Verm\u00e4chtnis\u00bb angezeigt. Es klingt verzweifelt. Hans Steiger \u00a0f\u00fcr die Online-Zeitung INFOsperber Zuerst entfernte ich den widerw\u00e4rtigen Kleber auf dem Umschlag: F\u00fcr mich ist Jean Ziegler kein \u00ab\u2039Spiegel\u203a-Bestseller-Autor\u00bb, sondern ein&hellip;<\/p>\n","protected":false},"author":1855,"featured_media":2609792,"comment_status":"closed","ping_status":"closed","sticky":false,"template":"","format":"standard","meta":{"footnotes":""},"categories":[9156,9161,9168],"tags":[136259,81279],"class_list":["post-2609788","post","type-post","status-publish","format-standard","has-post-thumbnail","hentry","category-kultur-und-medien","category-menschenrechte","category-politik","tag-globalisierungskritik","tag-jean-ziegler"],"yoast_head":"<!-- This site is optimized with the Yoast SEO plugin v27.1.1 - https:\/\/yoast.com\/product\/yoast-seo-wordpress\/ -->\n<title>Jean Zieglers ziemlich verzweifeltes Verm\u00e4chtnis<\/title>\n<meta name=\"description\" content=\"Das j\u00fcngste, vielleicht letzte Buch des nun 91-J\u00e4hrigen wurde als \u00abk\u00e4mpferisches Verm\u00e4chtnis\u00bb angezeigt. Es klingt verzweifelt. Hans Steiger \u00a0f\u00fcr die\" \/>\n<meta name=\"robots\" content=\"index, follow, max-snippet:-1, max-image-preview:large, max-video-preview:-1\" \/>\n<link rel=\"canonical\" href=\"https:\/\/www.pressenza.com\/de\/2025\/06\/jean-zieglers-ziemlich-verzweifeltes-vermaechtnis\/\" \/>\n<meta property=\"og:locale\" content=\"de_DE\" \/>\n<meta property=\"og:type\" content=\"article\" \/>\n<meta property=\"og:title\" content=\"Jean Zieglers ziemlich verzweifeltes Verm\u00e4chtnis\" \/>\n<meta property=\"og:description\" content=\"Das j\u00fcngste, vielleicht letzte Buch des nun 91-J\u00e4hrigen wurde als \u00abk\u00e4mpferisches Verm\u00e4chtnis\u00bb angezeigt. Es klingt verzweifelt. Hans Steiger \u00a0f\u00fcr die\" \/>\n<meta property=\"og:url\" content=\"https:\/\/www.pressenza.com\/de\/2025\/06\/jean-zieglers-ziemlich-verzweifeltes-vermaechtnis\/\" \/>\n<meta property=\"og:site_name\" content=\"Pressenza\" \/>\n<meta property=\"article:publisher\" content=\"https:\/\/www.facebook.com\/PressenzaItalia\" \/>\n<meta property=\"article:published_time\" content=\"2025-06-07T13:04:56+00:00\" \/>\n<meta property=\"og:image\" content=\"https:\/\/www.pressenza.com\/wp-content\/uploads\/2025\/06\/Jean-Ziegler-e1748705598329-1.png\" \/>\n\t<meta property=\"og:image:width\" content=\"820\" \/>\n\t<meta property=\"og:image:height\" content=\"542\" \/>\n\t<meta property=\"og:image:type\" content=\"image\/png\" \/>\n<meta name=\"author\" content=\"INFOsperber\" \/>\n<meta name=\"twitter:card\" content=\"summary_large_image\" \/>\n<meta name=\"twitter:creator\" content=\"@PressenzaIPA\" \/>\n<meta name=\"twitter:site\" content=\"@PressenzaIPA\" \/>\n<meta name=\"twitter:label1\" content=\"Verfasst von\" \/>\n\t<meta name=\"twitter:data1\" content=\"INFOsperber\" \/>\n\t<meta name=\"twitter:label2\" content=\"Gesch\u00e4tzte Lesezeit\" \/>\n\t<meta name=\"twitter:data2\" content=\"6\u00a0Minuten\" \/>\n<script type=\"application\/ld+json\" class=\"yoast-schema-graph\">{\"@context\":\"https:\/\/schema.org\",\"@graph\":[{\"@type\":\"Article\",\"@id\":\"https:\/\/www.pressenza.com\/de\/2025\/06\/jean-zieglers-ziemlich-verzweifeltes-vermaechtnis\/#article\",\"isPartOf\":{\"@id\":\"https:\/\/www.pressenza.com\/de\/2025\/06\/jean-zieglers-ziemlich-verzweifeltes-vermaechtnis\/\"},\"author\":{\"name\":\"INFOsperber\",\"@id\":\"https:\/\/www.pressenza.com\/de\/#\/schema\/person\/77735f6583e3041b31ebc7b93a284357\"},\"headline\":\"Jean Zieglers ziemlich verzweifeltes Verm\u00e4chtnis\",\"datePublished\":\"2025-06-07T13:04:56+00:00\",\"mainEntityOfPage\":{\"@id\":\"https:\/\/www.pressenza.com\/de\/2025\/06\/jean-zieglers-ziemlich-verzweifeltes-vermaechtnis\/\"},\"wordCount\":1120,\"publisher\":{\"@id\":\"https:\/\/www.pressenza.com\/de\/#organization\"},\"image\":{\"@id\":\"https:\/\/www.pressenza.com\/de\/2025\/06\/jean-zieglers-ziemlich-verzweifeltes-vermaechtnis\/#primaryimage\"},\"thumbnailUrl\":\"https:\/\/www.pressenza.com\/wp-content\/uploads\/2025\/06\/Jean-Ziegler-e1748705598329-1.png\",\"keywords\":[\"Globalisierungskritik\",\"Jean Ziegler\"],\"articleSection\":[\"Kultur und Medien\",\"Menschenrechte\",\"Politik\"],\"inLanguage\":\"de\"},{\"@type\":\"WebPage\",\"@id\":\"https:\/\/www.pressenza.com\/de\/2025\/06\/jean-zieglers-ziemlich-verzweifeltes-vermaechtnis\/\",\"url\":\"https:\/\/www.pressenza.com\/de\/2025\/06\/jean-zieglers-ziemlich-verzweifeltes-vermaechtnis\/\",\"name\":\"Jean Zieglers ziemlich verzweifeltes Verm\u00e4chtnis\",\"isPartOf\":{\"@id\":\"https:\/\/www.pressenza.com\/de\/#website\"},\"primaryImageOfPage\":{\"@id\":\"https:\/\/www.pressenza.com\/de\/2025\/06\/jean-zieglers-ziemlich-verzweifeltes-vermaechtnis\/#primaryimage\"},\"image\":{\"@id\":\"https:\/\/www.pressenza.com\/de\/2025\/06\/jean-zieglers-ziemlich-verzweifeltes-vermaechtnis\/#primaryimage\"},\"thumbnailUrl\":\"https:\/\/www.pressenza.com\/wp-content\/uploads\/2025\/06\/Jean-Ziegler-e1748705598329-1.png\",\"datePublished\":\"2025-06-07T13:04:56+00:00\",\"description\":\"Das j\u00fcngste, vielleicht letzte Buch des nun 91-J\u00e4hrigen wurde als \u00abk\u00e4mpferisches Verm\u00e4chtnis\u00bb angezeigt. Es klingt verzweifelt. Hans Steiger \u00a0f\u00fcr die\",\"breadcrumb\":{\"@id\":\"https:\/\/www.pressenza.com\/de\/2025\/06\/jean-zieglers-ziemlich-verzweifeltes-vermaechtnis\/#breadcrumb\"},\"inLanguage\":\"de\",\"potentialAction\":[{\"@type\":\"ReadAction\",\"target\":[\"https:\/\/www.pressenza.com\/de\/2025\/06\/jean-zieglers-ziemlich-verzweifeltes-vermaechtnis\/\"]}]},{\"@type\":\"ImageObject\",\"inLanguage\":\"de\",\"@id\":\"https:\/\/www.pressenza.com\/de\/2025\/06\/jean-zieglers-ziemlich-verzweifeltes-vermaechtnis\/#primaryimage\",\"url\":\"https:\/\/www.pressenza.com\/wp-content\/uploads\/2025\/06\/Jean-Ziegler-e1748705598329-1.png\",\"contentUrl\":\"https:\/\/www.pressenza.com\/wp-content\/uploads\/2025\/06\/Jean-Ziegler-e1748705598329-1.png\",\"width\":820,\"height\":542,\"caption\":\"Jean Ziegler: Der ehemalige Uno-Sonderberichterstatter f\u00fcr das Recht auf Nahrung k\u00e4mpft auch mit 91 Jahren noch gegen Ungerechtigkeit und Leid \u00a9 SRF\"},{\"@type\":\"BreadcrumbList\",\"@id\":\"https:\/\/www.pressenza.com\/de\/2025\/06\/jean-zieglers-ziemlich-verzweifeltes-vermaechtnis\/#breadcrumb\",\"itemListElement\":[{\"@type\":\"ListItem\",\"position\":1,\"name\":\"Accueil\",\"item\":\"https:\/\/www.pressenza.com\/de\/\"},{\"@type\":\"ListItem\",\"position\":2,\"name\":\"Jean Zieglers ziemlich verzweifeltes Verm\u00e4chtnis\"}]},{\"@type\":\"WebSite\",\"@id\":\"https:\/\/www.pressenza.com\/de\/#website\",\"url\":\"https:\/\/www.pressenza.com\/de\/\",\"name\":\"Pressenza\",\"description\":\"International Press Agency\",\"publisher\":{\"@id\":\"https:\/\/www.pressenza.com\/de\/#organization\"},\"potentialAction\":[{\"@type\":\"SearchAction\",\"target\":{\"@type\":\"EntryPoint\",\"urlTemplate\":\"https:\/\/www.pressenza.com\/de\/?s={search_term_string}\"},\"query-input\":{\"@type\":\"PropertyValueSpecification\",\"valueRequired\":true,\"valueName\":\"search_term_string\"}}],\"inLanguage\":\"de\"},{\"@type\":\"Organization\",\"@id\":\"https:\/\/www.pressenza.com\/de\/#organization\",\"name\":\"Pressenza\",\"url\":\"https:\/\/www.pressenza.com\/de\/\",\"logo\":{\"@type\":\"ImageObject\",\"inLanguage\":\"de\",\"@id\":\"https:\/\/www.pressenza.com\/de\/#\/schema\/logo\/image\/\",\"url\":\"https:\/\/www.pressenza.com\/wp-content\/uploads\/2022\/10\/pressenza_logo_200x200.jpg\",\"contentUrl\":\"https:\/\/www.pressenza.com\/wp-content\/uploads\/2022\/10\/pressenza_logo_200x200.jpg\",\"width\":200,\"height\":200,\"caption\":\"Pressenza\"},\"image\":{\"@id\":\"https:\/\/www.pressenza.com\/de\/#\/schema\/logo\/image\/\"},\"sameAs\":[\"https:\/\/www.facebook.com\/PressenzaItalia\",\"https:\/\/x.com\/PressenzaIPA\"]},{\"@type\":\"Person\",\"@id\":\"https:\/\/www.pressenza.com\/de\/#\/schema\/person\/77735f6583e3041b31ebc7b93a284357\",\"name\":\"INFOsperber\",\"description\":\"Infosperber.ch - sieht, was andere \u00fcbersehen Die Schweizer Internet-Zeitung richtet sich an Entscheidungstr\u00e4ger in Gesellschaft, Wirtschaft und Politik sowie alle, die erg\u00e4nzende Informationen zu den grossen Medien suchen. Infosperber will die grossen Informations-Medien nicht konkurrenzieren, sondern diese erg\u00e4nzen. \u00a9 Das Weiterverbreiten s\u00e4mtlicher auf dem gemeinn\u00fctzigen Portal www.infosperber.ch enthaltenen Texte ist ohne Kostenfolge erlaubt, sofern die Texte integral ohne K\u00fcrzung und mit Quellenangaben (Autor und \u00abInfosperber\u00bb) verbreitet werden. Bei einer Online-Nutzung ist die Quellenangabe m\u00f6glichst schon am Anfang des Artikels mit einem Link auf infosperber.ch zu versehen. F\u00fcr das Verbreiten von gek\u00fcrzten oder abge\u00e4nderten Texten ist das schriftliche Einverst\u00e4ndnis der AutorInnen erforderlich.\",\"sameAs\":[\"https:\/\/www.infosperber.ch\/\"],\"url\":\"https:\/\/www.pressenza.com\/de\/author\/infosperber\/\"}]}<\/script>\n<!-- \/ Yoast SEO plugin. -->","yoast_head_json":{"title":"Jean Zieglers ziemlich verzweifeltes Verm\u00e4chtnis","description":"Das j\u00fcngste, vielleicht letzte Buch des nun 91-J\u00e4hrigen wurde als \u00abk\u00e4mpferisches Verm\u00e4chtnis\u00bb angezeigt. Es klingt verzweifelt. Hans Steiger \u00a0f\u00fcr die","robots":{"index":"index","follow":"follow","max-snippet":"max-snippet:-1","max-image-preview":"max-image-preview:large","max-video-preview":"max-video-preview:-1"},"canonical":"https:\/\/www.pressenza.com\/de\/2025\/06\/jean-zieglers-ziemlich-verzweifeltes-vermaechtnis\/","og_locale":"de_DE","og_type":"article","og_title":"Jean Zieglers ziemlich verzweifeltes Verm\u00e4chtnis","og_description":"Das j\u00fcngste, vielleicht letzte Buch des nun 91-J\u00e4hrigen wurde als \u00abk\u00e4mpferisches Verm\u00e4chtnis\u00bb angezeigt. Es klingt verzweifelt. Hans Steiger \u00a0f\u00fcr die","og_url":"https:\/\/www.pressenza.com\/de\/2025\/06\/jean-zieglers-ziemlich-verzweifeltes-vermaechtnis\/","og_site_name":"Pressenza","article_publisher":"https:\/\/www.facebook.com\/PressenzaItalia","article_published_time":"2025-06-07T13:04:56+00:00","og_image":[{"width":820,"height":542,"url":"https:\/\/www.pressenza.com\/wp-content\/uploads\/2025\/06\/Jean-Ziegler-e1748705598329-1.png","type":"image\/png"}],"author":"INFOsperber","twitter_card":"summary_large_image","twitter_creator":"@PressenzaIPA","twitter_site":"@PressenzaIPA","twitter_misc":{"Verfasst von":"INFOsperber","Gesch\u00e4tzte Lesezeit":"6\u00a0Minuten"},"schema":{"@context":"https:\/\/schema.org","@graph":[{"@type":"Article","@id":"https:\/\/www.pressenza.com\/de\/2025\/06\/jean-zieglers-ziemlich-verzweifeltes-vermaechtnis\/#article","isPartOf":{"@id":"https:\/\/www.pressenza.com\/de\/2025\/06\/jean-zieglers-ziemlich-verzweifeltes-vermaechtnis\/"},"author":{"name":"INFOsperber","@id":"https:\/\/www.pressenza.com\/de\/#\/schema\/person\/77735f6583e3041b31ebc7b93a284357"},"headline":"Jean Zieglers ziemlich verzweifeltes Verm\u00e4chtnis","datePublished":"2025-06-07T13:04:56+00:00","mainEntityOfPage":{"@id":"https:\/\/www.pressenza.com\/de\/2025\/06\/jean-zieglers-ziemlich-verzweifeltes-vermaechtnis\/"},"wordCount":1120,"publisher":{"@id":"https:\/\/www.pressenza.com\/de\/#organization"},"image":{"@id":"https:\/\/www.pressenza.com\/de\/2025\/06\/jean-zieglers-ziemlich-verzweifeltes-vermaechtnis\/#primaryimage"},"thumbnailUrl":"https:\/\/www.pressenza.com\/wp-content\/uploads\/2025\/06\/Jean-Ziegler-e1748705598329-1.png","keywords":["Globalisierungskritik","Jean Ziegler"],"articleSection":["Kultur und Medien","Menschenrechte","Politik"],"inLanguage":"de"},{"@type":"WebPage","@id":"https:\/\/www.pressenza.com\/de\/2025\/06\/jean-zieglers-ziemlich-verzweifeltes-vermaechtnis\/","url":"https:\/\/www.pressenza.com\/de\/2025\/06\/jean-zieglers-ziemlich-verzweifeltes-vermaechtnis\/","name":"Jean Zieglers ziemlich verzweifeltes Verm\u00e4chtnis","isPartOf":{"@id":"https:\/\/www.pressenza.com\/de\/#website"},"primaryImageOfPage":{"@id":"https:\/\/www.pressenza.com\/de\/2025\/06\/jean-zieglers-ziemlich-verzweifeltes-vermaechtnis\/#primaryimage"},"image":{"@id":"https:\/\/www.pressenza.com\/de\/2025\/06\/jean-zieglers-ziemlich-verzweifeltes-vermaechtnis\/#primaryimage"},"thumbnailUrl":"https:\/\/www.pressenza.com\/wp-content\/uploads\/2025\/06\/Jean-Ziegler-e1748705598329-1.png","datePublished":"2025-06-07T13:04:56+00:00","description":"Das j\u00fcngste, vielleicht letzte Buch des nun 91-J\u00e4hrigen wurde als \u00abk\u00e4mpferisches Verm\u00e4chtnis\u00bb angezeigt. Es klingt verzweifelt. Hans Steiger \u00a0f\u00fcr die","breadcrumb":{"@id":"https:\/\/www.pressenza.com\/de\/2025\/06\/jean-zieglers-ziemlich-verzweifeltes-vermaechtnis\/#breadcrumb"},"inLanguage":"de","potentialAction":[{"@type":"ReadAction","target":["https:\/\/www.pressenza.com\/de\/2025\/06\/jean-zieglers-ziemlich-verzweifeltes-vermaechtnis\/"]}]},{"@type":"ImageObject","inLanguage":"de","@id":"https:\/\/www.pressenza.com\/de\/2025\/06\/jean-zieglers-ziemlich-verzweifeltes-vermaechtnis\/#primaryimage","url":"https:\/\/www.pressenza.com\/wp-content\/uploads\/2025\/06\/Jean-Ziegler-e1748705598329-1.png","contentUrl":"https:\/\/www.pressenza.com\/wp-content\/uploads\/2025\/06\/Jean-Ziegler-e1748705598329-1.png","width":820,"height":542,"caption":"Jean Ziegler: Der ehemalige Uno-Sonderberichterstatter f\u00fcr das Recht auf Nahrung k\u00e4mpft auch mit 91 Jahren noch gegen Ungerechtigkeit und Leid \u00a9 SRF"},{"@type":"BreadcrumbList","@id":"https:\/\/www.pressenza.com\/de\/2025\/06\/jean-zieglers-ziemlich-verzweifeltes-vermaechtnis\/#breadcrumb","itemListElement":[{"@type":"ListItem","position":1,"name":"Accueil","item":"https:\/\/www.pressenza.com\/de\/"},{"@type":"ListItem","position":2,"name":"Jean Zieglers ziemlich verzweifeltes Verm\u00e4chtnis"}]},{"@type":"WebSite","@id":"https:\/\/www.pressenza.com\/de\/#website","url":"https:\/\/www.pressenza.com\/de\/","name":"Pressenza","description":"International Press Agency","publisher":{"@id":"https:\/\/www.pressenza.com\/de\/#organization"},"potentialAction":[{"@type":"SearchAction","target":{"@type":"EntryPoint","urlTemplate":"https:\/\/www.pressenza.com\/de\/?s={search_term_string}"},"query-input":{"@type":"PropertyValueSpecification","valueRequired":true,"valueName":"search_term_string"}}],"inLanguage":"de"},{"@type":"Organization","@id":"https:\/\/www.pressenza.com\/de\/#organization","name":"Pressenza","url":"https:\/\/www.pressenza.com\/de\/","logo":{"@type":"ImageObject","inLanguage":"de","@id":"https:\/\/www.pressenza.com\/de\/#\/schema\/logo\/image\/","url":"https:\/\/www.pressenza.com\/wp-content\/uploads\/2022\/10\/pressenza_logo_200x200.jpg","contentUrl":"https:\/\/www.pressenza.com\/wp-content\/uploads\/2022\/10\/pressenza_logo_200x200.jpg","width":200,"height":200,"caption":"Pressenza"},"image":{"@id":"https:\/\/www.pressenza.com\/de\/#\/schema\/logo\/image\/"},"sameAs":["https:\/\/www.facebook.com\/PressenzaItalia","https:\/\/x.com\/PressenzaIPA"]},{"@type":"Person","@id":"https:\/\/www.pressenza.com\/de\/#\/schema\/person\/77735f6583e3041b31ebc7b93a284357","name":"INFOsperber","description":"Infosperber.ch - sieht, was andere \u00fcbersehen Die Schweizer Internet-Zeitung richtet sich an Entscheidungstr\u00e4ger in Gesellschaft, Wirtschaft und Politik sowie alle, die erg\u00e4nzende Informationen zu den grossen Medien suchen. Infosperber will die grossen Informations-Medien nicht konkurrenzieren, sondern diese erg\u00e4nzen. \u00a9 Das Weiterverbreiten s\u00e4mtlicher auf dem gemeinn\u00fctzigen Portal www.infosperber.ch enthaltenen Texte ist ohne Kostenfolge erlaubt, sofern die Texte integral ohne K\u00fcrzung und mit Quellenangaben (Autor und \u00abInfosperber\u00bb) verbreitet werden. Bei einer Online-Nutzung ist die Quellenangabe m\u00f6glichst schon am Anfang des Artikels mit einem Link auf infosperber.ch zu versehen. F\u00fcr das Verbreiten von gek\u00fcrzten oder abge\u00e4nderten Texten ist das schriftliche Einverst\u00e4ndnis der AutorInnen erforderlich.","sameAs":["https:\/\/www.infosperber.ch\/"],"url":"https:\/\/www.pressenza.com\/de\/author\/infosperber\/"}]}},"place":"","original_article_url":"https:\/\/www.infosperber.ch\/politik\/welt\/jean-zieglers-ziemlich-verzweifeltes-vermaechtnis\/","_links":{"self":[{"href":"https:\/\/www.pressenza.com\/de\/wp-json\/wp\/v2\/posts\/2609788","targetHints":{"allow":["GET"]}}],"collection":[{"href":"https:\/\/www.pressenza.com\/de\/wp-json\/wp\/v2\/posts"}],"about":[{"href":"https:\/\/www.pressenza.com\/de\/wp-json\/wp\/v2\/types\/post"}],"author":[{"embeddable":true,"href":"https:\/\/www.pressenza.com\/de\/wp-json\/wp\/v2\/users\/1855"}],"replies":[{"embeddable":true,"href":"https:\/\/www.pressenza.com\/de\/wp-json\/wp\/v2\/comments?post=2609788"}],"version-history":[{"count":2,"href":"https:\/\/www.pressenza.com\/de\/wp-json\/wp\/v2\/posts\/2609788\/revisions"}],"predecessor-version":[{"id":2609795,"href":"https:\/\/www.pressenza.com\/de\/wp-json\/wp\/v2\/posts\/2609788\/revisions\/2609795"}],"wp:featuredmedia":[{"embeddable":true,"href":"https:\/\/www.pressenza.com\/de\/wp-json\/wp\/v2\/media\/2609792"}],"wp:attachment":[{"href":"https:\/\/www.pressenza.com\/de\/wp-json\/wp\/v2\/media?parent=2609788"}],"wp:term":[{"taxonomy":"category","embeddable":true,"href":"https:\/\/www.pressenza.com\/de\/wp-json\/wp\/v2\/categories?post=2609788"},{"taxonomy":"post_tag","embeddable":true,"href":"https:\/\/www.pressenza.com\/de\/wp-json\/wp\/v2\/tags?post=2609788"}],"curies":[{"name":"wp","href":"https:\/\/api.w.org\/{rel}","templated":true}]}}