{"id":2602771,"date":"2025-05-06T14:21:35","date_gmt":"2025-05-06T13:21:35","guid":{"rendered":"https:\/\/www.pressenza.com\/?p=2602771"},"modified":"2025-05-06T14:22:15","modified_gmt":"2025-05-06T13:22:15","slug":"auf-dem-weg-zum-friedensgipfel-der-voelker-am-8-und-9-mai-in-jerusalem-der-platz-in-tel-aviv-war-am-24-april-gut-besucht","status":"publish","type":"post","link":"https:\/\/www.pressenza.com\/de\/2025\/05\/auf-dem-weg-zum-friedensgipfel-der-voelker-am-8-und-9-mai-in-jerusalem-der-platz-in-tel-aviv-war-am-24-april-gut-besucht\/","title":{"rendered":"Auf dem Weg zum Friedensgipfel der V\u00f6lker am 8. und 9. Mai in Jerusalem: Der Platz in Tel Aviv war am 24. April gut besucht"},"content":{"rendered":"<p><strong>Eine sch\u00f6ne, kraftvolle, mutige, umfassende und sehr bewegende Vorschau dessen, wie der Friedensgipfel in Jerusalem aussehen k\u00f6nnte, fand am Abend des 24. April in Tel Aviv statt. Dort versammelten sich Tausende auf dem Habima-Platz zur gr\u00f6\u00dften Demonstration gegen den Krieg seit dessen Beginn.<\/strong><\/p>\n<p>Und nicht nur gegen den Krieg, denn trotz des Verbots der Beh\u00f6rden spielte die Kundgebung (die haupts\u00e4chlich von der arabisch-israelischen Organisation Standing Together organisiert wurde) mit der Feierlichkeit des Yom Ha Shoah, dem Tag des Gedenkens f\u00fcr die Israelis. Eine Feier, die jedes Jahr bei Einbruch der Dunkelheit mit dem Klang einer Sirene beginnt und f\u00fcr einige Minuten das ganze Land zum Stillstand bringt: Auf den Stra\u00dfen bleiben die Passanten stehen, die Fahrzeuge halten an, die Gesch\u00e4fte stoppen den Verkauf, alle Aktivit\u00e4ten werden eingestellt und alle nehmen eine ehrf\u00fcrchtige Haltung ein, um den Beginn dieser Besinnungspause zum Gedenken an die 6 Millionen Opfer des Holocaust zu signalisieren, die 24 Stunden bis zum Sonnenuntergang des n\u00e4chsten Tages dauert.<\/p>\n<p>Dieses Jahr wurde Yom Ha Shoah vom 23. bis zum 24. April begangen. Mit der klaren (und ziemlich subversiven) Absicht, die Bedeutung des \u201eNie wieder\u201c weit \u00fcber die Opfer des Holocaust hinaus auszudehnen, w\u00e4hlten die Organisatoren der Veranstaltung den Abend des 24. April, um das Thema der 18.000 bereits ermordeten Kinder &#8211; und wer wei\u00df, wie viele noch sterben werden &#8211; wieder auf die Stra\u00dfe zu bringen, zusammen mit dem Thema der Geiseln, die die israelische Regierung offenbar in ihrem wahnsinnigen Plan, jegliches Leben in Gaza auszul\u00f6schen, opfern will.<\/p>\n<p>Es war nicht das erste Mal, dass Fotos der get\u00f6teten Kinder aus Gaza in den Stra\u00dfen von Tel Aviv zu sehen waren: Eine erste Demonstration dieser Art fand vom 17. bis 18. M\u00e4rz statt, zwei Tage nach den Bombenangriffen auf Gaza, die das Ende der Waffenruhe und jeder m\u00f6glichen Einigung mit der Hamas \u00fcber die Geiseln bedeuteten. Eine Gruppe israelischer Frauen ging mit Fotos der bei den letzten Angriffen get\u00f6teten Kinder auf die Stra\u00dfe. Eine spontane, von Frauen \u00fcber soziale Medien organisierte Demonstration bei Kerzenschein, zu der sich aber unerwartet weitere Frauen gesellten, die sich alle so betroffen f\u00fchlten, dass sie eine rege WhatsApp-Gruppe gr\u00fcndeten. Von Demonstration zu Demonstration wuchs die Gruppe, von 30 auf 100, dann auf 200 und schlie\u00dflich auf mehrere Hundert in der vergangenen Woche und gleichzeitig auch in anderen St\u00e4dten, wie Haifa, Umm al-Fahm, Jerusalem, Jaffa&#8230; und gestern Abend wieder in Tel Aviv, wo Tausende demonstrierten, Frauen und M\u00e4nner jeden Alters, viele junge Leute, viele Reservisten, die nicht einverstanden sind, und Kriegsdienstverweigerer aus Gewissensgr\u00fcnden.<\/p>\n<p>Und das alles ist passiert trotz des klaren Verbots der Beh\u00f6rden, wie auch wir aus der Zeitung Haaretz erfahren haben.<\/p>\n<p>Passend zum Ernst des Tages wurde betont, dass jedes im Konflikt verlorene Leben inakzeptabel ist: die 18.000 toten Kinder, die Geiseln, die ihre Familien nie wieder sehen werden, die Zehntausenden Zivilisten, die bereits Opfer von Bombenangriffen geworden oder dem Hungertod geweiht sind oder an den Folgen eines Krieges sterben werden, der niemals Sicherheit garantieren kann und den Netanjahu nur f\u00fchrt, um sich selbst zu erhalten.<\/p>\n<p>Der Erfolg dieses riesigen Sit-ins ist auch der Beteiligung von Women Wage Peace, Zazim und vielen anderen Organisationen zu verdanken, die sich dem Aufruf von Standing Together im gleichen Geist der Allianz und des \u201eEinigkeit macht stark\u201c angeschlossen haben, der (wie wir bereits berichtet haben) das Motto des People&#8217;s Peace Summit sein wird.<\/p>\n<blockquote><p><em>\u201e(\u2026) Seit dem 7. Oktober 2023 ist das Leben f\u00fcr uns alle ein endloser Albtraum\u201c, hie\u00df es in dem zuvor verbreiteten Dokument. \u201eWir alle, Juden und Pal\u00e4stinenser in Israel, im Gazastreifen und im Westjordanland sowie die Bewohner des S\u00fcdlibanon, haben beispiellose Gewalt, Verluste und Schrecken erlebt. Wir trauern um die Menschen, die im ganzen Land seit dem schrecklichen Angriff der Hamas am 7. Oktober und in diesem grauenhaften Krieg, den die israelische Regierung aus Rache begonnen hat, ums Leben gekommen sind.<\/em><\/p>\n<p><em>(\u2026) Jedes zerst\u00f6rte Leben ist eine Trag\u00f6die. In dem Krieg, den wir seit dem 7. Oktober erleben, sind es unschuldige Zivilisten, Kinder und gar Neugeborene, die den h\u00f6chsten Preis zahlen. Die Bewohner Gazas sind endlosen Bombardierungen und Luftangriffen ausgesetzt. Im Westjordanland sind die Milit\u00e4roperationen und die Gewalt der Siedler immer h\u00e4ufiger und zerst\u00f6rerischer geworden. Viele Israelis, die aus ihren H\u00e4usern im Norden und S\u00fcden evakuiert wurden, warten immer noch darauf, zur\u00fcckkehren zu k\u00f6nnen. Und die Geiseln, deren R\u00fcckkehr schon lange \u00fcberf\u00e4llig ist, vegetieren in Gefangenschaft in Gaza vor sich hin.<\/em><\/p>\n<p><em>(\u2026) Unsere Botschaft ist einfach und klar: Wir k\u00f6nnen das Grauen stoppen! Wie wir alle inzwischen sehr wohl wissen, gibt es einen anderen Weg. Die Milit\u00e4roperationen haben nur zu mehr Zerst\u00f6rung, Unterdr\u00fcckung und dem Verlust vieler Menschenleben gef\u00fchrt, ohne den Israelis jemals dauerhafte Sicherheit zu garantieren. Und Kriege enden nie: Das Ende eines Krieges ist nur der Auftakt f\u00fcr den n\u00e4chsten, der genauso sinnlos sein wird.<\/em><\/p>\n<p><em>(\u2026) Es geht anders! Es ist m\u00f6glich, allen Menschen in diesem Land einen sicheren Raum zu bieten. Die Besetzung des Westjordanlandes, die Belagerung und Zerst\u00f6rung des Gazastreifens m\u00fcssen aufh\u00f6ren, nicht nur, weil sie brutal und unterdr\u00fcckend gegen\u00fcber den Pal\u00e4stinensern sind, sondern auch, weil sie das Bed\u00fcrfnis der Israelis nach langfristiger Sicherheit untergraben. Die Besatzung, die Belagerung und der Krieg m\u00fcssen durch eine vereinbarte politische L\u00f6sung ersetzt werden: den Frieden zwischen Israelis und Pal\u00e4stinensern. Wir bauen eine Volksbewegung von j\u00fcdischen und pal\u00e4stinensischen B\u00fcrger:innen in Israel auf, die daran glauben, dass eine gemeinsame Zukunft m\u00f6glich ist.<\/em><\/p>\n<p><em>Heute, am Donnerstag, dem 24. April, stehen wir auf diesem Platz mit einer klaren Forderung: Schluss mit dem Krieg, Freilassung aller Geiseln durch ein Abkommen und Schluss mit dem Morden und der unkontrollierten Zerst\u00f6rung im Gazastreifen.\u201c<\/em><\/p><\/blockquote>\n<p><strong><em>Die \u00dcbersetzung aus dem Italienischen wurde von Domenica Ott vom ehrenamtlichen Pressenza-\u00dcbersetzungsteam erstellt. <a href=\"https:\/\/www.pressenza.com\/de\/mitarbeiten\/\" target=\"_blank\" rel=\"noopener\">Wir suchen Freiwillige!<\/a><\/em><\/strong><\/p>\n","protected":false},"excerpt":{"rendered":"<p>Eine sch\u00f6ne, kraftvolle, mutige, umfassende und sehr bewegende Vorschau dessen, wie der Friedensgipfel in Jerusalem aussehen k\u00f6nnte, fand am Abend des 24. April in Tel Aviv statt. Dort versammelten sich Tausende auf dem Habima-Platz zur gr\u00f6\u00dften Demonstration gegen den Krieg&hellip;<\/p>\n","protected":false},"author":2072,"featured_media":2602772,"comment_status":"closed","ping_status":"closed","sticky":false,"template":"","format":"standard","meta":{"footnotes":""},"categories":[9166,9161,11387,9165],"tags":[112490,124080,127571,9358,11640,22229,9227,32435,9799,33658,54499,23764,11641,11458,136444,93605,70567,70566,10363,31789,136513,136443],"class_list":["post-2602771","post","type-post","status-publish","format-standard","has-post-thumbnail","hentry","category-gewaltfreiheit","category-menschenrechte","category-originalinhalt","category-vielfalt","tag-friedensgipfel","tag-combatants-for-peace-de","tag-frieden-de","tag-friedensbewegung","tag-gaza-de","tag-gewaltfreiheit","tag-gewaltlosigkeit","tag-hoffnung","tag-israel-de","tag-israelisch-palaestinensischer-konflikt","tag-konfliktloesung","tag-kriegsdienstverweigerung","tag-nahostkonflikt","tag-palastina","tag-peoples-peace-summit-de","tag-shoah-de","tag-standing-together-de","tag-tel-aviv-de","tag-versohnung","tag-women-wage-peace","tag-yom-hashoah-de","tag-zivile-konfliktloesung"],"yoast_head":"<!-- This site is optimized with the Yoast SEO plugin v27.1.1 - https:\/\/yoast.com\/product\/yoast-seo-wordpress\/ -->\n<title>Auf dem Weg zum Friedensgipfel der V\u00f6lker am 8. und 9. Mai in Jerusalem: Der Platz in Tel Aviv war am 24. April gut besucht<\/title>\n<meta name=\"description\" content=\"Eine sch\u00f6ne, kraftvolle, mutige, umfassende und sehr bewegende Vorschau dessen, wie der Friedensgipfel in Jerusalem aussehen k\u00f6nnte, fand am Abend des 24.\" \/>\n<meta name=\"robots\" content=\"index, follow, max-snippet:-1, max-image-preview:large, max-video-preview:-1\" \/>\n<link rel=\"canonical\" href=\"https:\/\/www.pressenza.com\/de\/2025\/05\/auf-dem-weg-zum-friedensgipfel-der-voelker-am-8-und-9-mai-in-jerusalem-der-platz-in-tel-aviv-war-am-24-april-gut-besucht\/\" \/>\n<meta property=\"og:locale\" content=\"de_DE\" \/>\n<meta property=\"og:type\" content=\"article\" \/>\n<meta property=\"og:title\" content=\"Auf dem Weg zum Friedensgipfel der V\u00f6lker am 8. und 9. Mai in Jerusalem: Der Platz in Tel Aviv war am 24. April gut besucht\" \/>\n<meta property=\"og:description\" content=\"Eine sch\u00f6ne, kraftvolle, mutige, umfassende und sehr bewegende Vorschau dessen, wie der Friedensgipfel in Jerusalem aussehen k\u00f6nnte, fand am Abend des 24.\" \/>\n<meta property=\"og:url\" content=\"https:\/\/www.pressenza.com\/de\/2025\/05\/auf-dem-weg-zum-friedensgipfel-der-voelker-am-8-und-9-mai-in-jerusalem-der-platz-in-tel-aviv-war-am-24-april-gut-besucht\/\" \/>\n<meta property=\"og:site_name\" content=\"Pressenza\" \/>\n<meta property=\"article:publisher\" content=\"https:\/\/www.facebook.com\/PressenzaItalia\" \/>\n<meta property=\"article:published_time\" content=\"2025-05-06T13:21:35+00:00\" \/>\n<meta property=\"article:modified_time\" content=\"2025-05-06T13:22:15+00:00\" \/>\n<meta property=\"og:image\" content=\"https:\/\/www.pressenza.com\/wp-content\/uploads\/2025\/04\/Manifestazione-Tel-Aviv-24-aprile-2025-820x461.png\" \/>\n\t<meta property=\"og:image:width\" content=\"820\" \/>\n\t<meta property=\"og:image:height\" content=\"461\" \/>\n\t<meta property=\"og:image:type\" content=\"image\/png\" \/>\n<meta name=\"author\" content=\"Daniela Bezzi\" \/>\n<meta name=\"twitter:card\" content=\"summary_large_image\" \/>\n<meta name=\"twitter:creator\" content=\"@PressenzaIPA\" \/>\n<meta name=\"twitter:site\" content=\"@PressenzaIPA\" \/>\n<meta name=\"twitter:label1\" content=\"Verfasst von\" \/>\n\t<meta name=\"twitter:data1\" content=\"Daniela Bezzi\" \/>\n\t<meta name=\"twitter:label2\" content=\"Gesch\u00e4tzte Lesezeit\" \/>\n\t<meta name=\"twitter:data2\" content=\"6\u00a0Minuten\" \/>\n<script type=\"application\/ld+json\" class=\"yoast-schema-graph\">{\"@context\":\"https:\/\/schema.org\",\"@graph\":[{\"@type\":\"Article\",\"@id\":\"https:\/\/www.pressenza.com\/de\/2025\/05\/auf-dem-weg-zum-friedensgipfel-der-voelker-am-8-und-9-mai-in-jerusalem-der-platz-in-tel-aviv-war-am-24-april-gut-besucht\/#article\",\"isPartOf\":{\"@id\":\"https:\/\/www.pressenza.com\/de\/2025\/05\/auf-dem-weg-zum-friedensgipfel-der-voelker-am-8-und-9-mai-in-jerusalem-der-platz-in-tel-aviv-war-am-24-april-gut-besucht\/\"},\"author\":{\"name\":\"Daniela Bezzi\",\"@id\":\"https:\/\/www.pressenza.com\/de\/#\/schema\/person\/e824ea519c79c3808f4910f1c2b90688\"},\"headline\":\"Auf dem Weg zum Friedensgipfel der V\u00f6lker am 8. und 9. Mai in Jerusalem: Der Platz in Tel Aviv war am 24. April gut besucht\",\"datePublished\":\"2025-05-06T13:21:35+00:00\",\"dateModified\":\"2025-05-06T13:22:15+00:00\",\"mainEntityOfPage\":{\"@id\":\"https:\/\/www.pressenza.com\/de\/2025\/05\/auf-dem-weg-zum-friedensgipfel-der-voelker-am-8-und-9-mai-in-jerusalem-der-platz-in-tel-aviv-war-am-24-april-gut-besucht\/\"},\"wordCount\":1009,\"publisher\":{\"@id\":\"https:\/\/www.pressenza.com\/de\/#organization\"},\"image\":{\"@id\":\"https:\/\/www.pressenza.com\/de\/2025\/05\/auf-dem-weg-zum-friedensgipfel-der-voelker-am-8-und-9-mai-in-jerusalem-der-platz-in-tel-aviv-war-am-24-april-gut-besucht\/#primaryimage\"},\"thumbnailUrl\":\"https:\/\/www.pressenza.com\/wp-content\/uploads\/2025\/04\/Manifestazione-Tel-Aviv-24-aprile-2025.png\",\"keywords\":[\"#Friedensgipfel\",\"Combatants for Peace\",\"Frieden\",\"Friedensbewegung\",\"Gaza\",\"Gewaltfreiheit\",\"Gewaltlosigkeit\",\"Hoffnung\",\"Israel\",\"israelisch-pal\u00e4stinensischer Konflikt\",\"Konfliktl\u00f6sung\",\"Kriegsdienstverweigerung\",\"Nahostkonflikt\",\"Pal\u00e4stina\",\"People\u2019s Peace Summit\",\"Shoah\",\"Standing together\",\"Tel-Aviv\",\"Vers\u00f6hnung\",\"Women Wage Peace\",\"Yom HaShoah\",\"zivile Konfliktl\u00f6sung\"],\"articleSection\":[\"Gewaltfreiheit\",\"Menschenrechte\",\"Originalinhalt\",\"Vielfalt\"],\"inLanguage\":\"de\"},{\"@type\":\"WebPage\",\"@id\":\"https:\/\/www.pressenza.com\/de\/2025\/05\/auf-dem-weg-zum-friedensgipfel-der-voelker-am-8-und-9-mai-in-jerusalem-der-platz-in-tel-aviv-war-am-24-april-gut-besucht\/\",\"url\":\"https:\/\/www.pressenza.com\/de\/2025\/05\/auf-dem-weg-zum-friedensgipfel-der-voelker-am-8-und-9-mai-in-jerusalem-der-platz-in-tel-aviv-war-am-24-april-gut-besucht\/\",\"name\":\"Auf dem Weg zum Friedensgipfel der V\u00f6lker am 8. und 9. Mai in Jerusalem: Der Platz in Tel Aviv war am 24. April gut besucht\",\"isPartOf\":{\"@id\":\"https:\/\/www.pressenza.com\/de\/#website\"},\"primaryImageOfPage\":{\"@id\":\"https:\/\/www.pressenza.com\/de\/2025\/05\/auf-dem-weg-zum-friedensgipfel-der-voelker-am-8-und-9-mai-in-jerusalem-der-platz-in-tel-aviv-war-am-24-april-gut-besucht\/#primaryimage\"},\"image\":{\"@id\":\"https:\/\/www.pressenza.com\/de\/2025\/05\/auf-dem-weg-zum-friedensgipfel-der-voelker-am-8-und-9-mai-in-jerusalem-der-platz-in-tel-aviv-war-am-24-april-gut-besucht\/#primaryimage\"},\"thumbnailUrl\":\"https:\/\/www.pressenza.com\/wp-content\/uploads\/2025\/04\/Manifestazione-Tel-Aviv-24-aprile-2025.png\",\"datePublished\":\"2025-05-06T13:21:35+00:00\",\"dateModified\":\"2025-05-06T13:22:15+00:00\",\"description\":\"Eine sch\u00f6ne, kraftvolle, mutige, umfassende und sehr bewegende Vorschau dessen, wie der Friedensgipfel in Jerusalem aussehen k\u00f6nnte, fand am Abend des 24.\",\"breadcrumb\":{\"@id\":\"https:\/\/www.pressenza.com\/de\/2025\/05\/auf-dem-weg-zum-friedensgipfel-der-voelker-am-8-und-9-mai-in-jerusalem-der-platz-in-tel-aviv-war-am-24-april-gut-besucht\/#breadcrumb\"},\"inLanguage\":\"de\",\"potentialAction\":[{\"@type\":\"ReadAction\",\"target\":[\"https:\/\/www.pressenza.com\/de\/2025\/05\/auf-dem-weg-zum-friedensgipfel-der-voelker-am-8-und-9-mai-in-jerusalem-der-platz-in-tel-aviv-war-am-24-april-gut-besucht\/\"]}]},{\"@type\":\"ImageObject\",\"inLanguage\":\"de\",\"@id\":\"https:\/\/www.pressenza.com\/de\/2025\/05\/auf-dem-weg-zum-friedensgipfel-der-voelker-am-8-und-9-mai-in-jerusalem-der-platz-in-tel-aviv-war-am-24-april-gut-besucht\/#primaryimage\",\"url\":\"https:\/\/www.pressenza.com\/wp-content\/uploads\/2025\/04\/Manifestazione-Tel-Aviv-24-aprile-2025.png\",\"contentUrl\":\"https:\/\/www.pressenza.com\/wp-content\/uploads\/2025\/04\/Manifestazione-Tel-Aviv-24-aprile-2025.png\",\"width\":1600,\"height\":900,\"caption\":\"Auf dem Weg zum Friedensgipfel der V\u00f6lker am 8. und 9. Mai in Jerusalem: Der Platz in Tel Aviv war am 24. April gut besucht\"},{\"@type\":\"BreadcrumbList\",\"@id\":\"https:\/\/www.pressenza.com\/de\/2025\/05\/auf-dem-weg-zum-friedensgipfel-der-voelker-am-8-und-9-mai-in-jerusalem-der-platz-in-tel-aviv-war-am-24-april-gut-besucht\/#breadcrumb\",\"itemListElement\":[{\"@type\":\"ListItem\",\"position\":1,\"name\":\"Accueil\",\"item\":\"https:\/\/www.pressenza.com\/de\/\"},{\"@type\":\"ListItem\",\"position\":2,\"name\":\"Auf dem Weg zum Friedensgipfel der V\u00f6lker am 8. und 9. Mai in Jerusalem: Der Platz in Tel Aviv war am 24. April gut besucht\"}]},{\"@type\":\"WebSite\",\"@id\":\"https:\/\/www.pressenza.com\/de\/#website\",\"url\":\"https:\/\/www.pressenza.com\/de\/\",\"name\":\"Pressenza\",\"description\":\"International Press Agency\",\"publisher\":{\"@id\":\"https:\/\/www.pressenza.com\/de\/#organization\"},\"potentialAction\":[{\"@type\":\"SearchAction\",\"target\":{\"@type\":\"EntryPoint\",\"urlTemplate\":\"https:\/\/www.pressenza.com\/de\/?s={search_term_string}\"},\"query-input\":{\"@type\":\"PropertyValueSpecification\",\"valueRequired\":true,\"valueName\":\"search_term_string\"}}],\"inLanguage\":\"de\"},{\"@type\":\"Organization\",\"@id\":\"https:\/\/www.pressenza.com\/de\/#organization\",\"name\":\"Pressenza\",\"url\":\"https:\/\/www.pressenza.com\/de\/\",\"logo\":{\"@type\":\"ImageObject\",\"inLanguage\":\"de\",\"@id\":\"https:\/\/www.pressenza.com\/de\/#\/schema\/logo\/image\/\",\"url\":\"https:\/\/www.pressenza.com\/wp-content\/uploads\/2022\/10\/pressenza_logo_200x200.jpg\",\"contentUrl\":\"https:\/\/www.pressenza.com\/wp-content\/uploads\/2022\/10\/pressenza_logo_200x200.jpg\",\"width\":200,\"height\":200,\"caption\":\"Pressenza\"},\"image\":{\"@id\":\"https:\/\/www.pressenza.com\/de\/#\/schema\/logo\/image\/\"},\"sameAs\":[\"https:\/\/www.facebook.com\/PressenzaItalia\",\"https:\/\/x.com\/PressenzaIPA\"]},{\"@type\":\"Person\",\"@id\":\"https:\/\/www.pressenza.com\/de\/#\/schema\/person\/e824ea519c79c3808f4910f1c2b90688\",\"name\":\"Daniela Bezzi\",\"description\":\"A journalist, cultural worker and independent researcher, she lived and worked for extended periods in Japan, the UK and India before settling back in Italy, where she contributes to various publications on environmental, human rights and labour issues.\",\"url\":\"https:\/\/www.pressenza.com\/de\/author\/daniela-bezzi\/\"}]}<\/script>\n<!-- \/ Yoast SEO plugin. -->","yoast_head_json":{"title":"Auf dem Weg zum Friedensgipfel der V\u00f6lker am 8. und 9. Mai in Jerusalem: Der Platz in Tel Aviv war am 24. April gut besucht","description":"Eine sch\u00f6ne, kraftvolle, mutige, umfassende und sehr bewegende Vorschau dessen, wie der Friedensgipfel in Jerusalem aussehen k\u00f6nnte, fand am Abend des 24.","robots":{"index":"index","follow":"follow","max-snippet":"max-snippet:-1","max-image-preview":"max-image-preview:large","max-video-preview":"max-video-preview:-1"},"canonical":"https:\/\/www.pressenza.com\/de\/2025\/05\/auf-dem-weg-zum-friedensgipfel-der-voelker-am-8-und-9-mai-in-jerusalem-der-platz-in-tel-aviv-war-am-24-april-gut-besucht\/","og_locale":"de_DE","og_type":"article","og_title":"Auf dem Weg zum Friedensgipfel der V\u00f6lker am 8. und 9. Mai in Jerusalem: Der Platz in Tel Aviv war am 24. April gut besucht","og_description":"Eine sch\u00f6ne, kraftvolle, mutige, umfassende und sehr bewegende Vorschau dessen, wie der Friedensgipfel in Jerusalem aussehen k\u00f6nnte, fand am Abend des 24.","og_url":"https:\/\/www.pressenza.com\/de\/2025\/05\/auf-dem-weg-zum-friedensgipfel-der-voelker-am-8-und-9-mai-in-jerusalem-der-platz-in-tel-aviv-war-am-24-april-gut-besucht\/","og_site_name":"Pressenza","article_publisher":"https:\/\/www.facebook.com\/PressenzaItalia","article_published_time":"2025-05-06T13:21:35+00:00","article_modified_time":"2025-05-06T13:22:15+00:00","og_image":[{"width":820,"height":461,"url":"https:\/\/www.pressenza.com\/wp-content\/uploads\/2025\/04\/Manifestazione-Tel-Aviv-24-aprile-2025-820x461.png","type":"image\/png"}],"author":"Daniela Bezzi","twitter_card":"summary_large_image","twitter_creator":"@PressenzaIPA","twitter_site":"@PressenzaIPA","twitter_misc":{"Verfasst von":"Daniela Bezzi","Gesch\u00e4tzte Lesezeit":"6\u00a0Minuten"},"schema":{"@context":"https:\/\/schema.org","@graph":[{"@type":"Article","@id":"https:\/\/www.pressenza.com\/de\/2025\/05\/auf-dem-weg-zum-friedensgipfel-der-voelker-am-8-und-9-mai-in-jerusalem-der-platz-in-tel-aviv-war-am-24-april-gut-besucht\/#article","isPartOf":{"@id":"https:\/\/www.pressenza.com\/de\/2025\/05\/auf-dem-weg-zum-friedensgipfel-der-voelker-am-8-und-9-mai-in-jerusalem-der-platz-in-tel-aviv-war-am-24-april-gut-besucht\/"},"author":{"name":"Daniela Bezzi","@id":"https:\/\/www.pressenza.com\/de\/#\/schema\/person\/e824ea519c79c3808f4910f1c2b90688"},"headline":"Auf dem Weg zum Friedensgipfel der V\u00f6lker am 8. und 9. Mai in Jerusalem: Der Platz in Tel Aviv war am 24. April gut besucht","datePublished":"2025-05-06T13:21:35+00:00","dateModified":"2025-05-06T13:22:15+00:00","mainEntityOfPage":{"@id":"https:\/\/www.pressenza.com\/de\/2025\/05\/auf-dem-weg-zum-friedensgipfel-der-voelker-am-8-und-9-mai-in-jerusalem-der-platz-in-tel-aviv-war-am-24-april-gut-besucht\/"},"wordCount":1009,"publisher":{"@id":"https:\/\/www.pressenza.com\/de\/#organization"},"image":{"@id":"https:\/\/www.pressenza.com\/de\/2025\/05\/auf-dem-weg-zum-friedensgipfel-der-voelker-am-8-und-9-mai-in-jerusalem-der-platz-in-tel-aviv-war-am-24-april-gut-besucht\/#primaryimage"},"thumbnailUrl":"https:\/\/www.pressenza.com\/wp-content\/uploads\/2025\/04\/Manifestazione-Tel-Aviv-24-aprile-2025.png","keywords":["#Friedensgipfel","Combatants for Peace","Frieden","Friedensbewegung","Gaza","Gewaltfreiheit","Gewaltlosigkeit","Hoffnung","Israel","israelisch-pal\u00e4stinensischer Konflikt","Konfliktl\u00f6sung","Kriegsdienstverweigerung","Nahostkonflikt","Pal\u00e4stina","People\u2019s Peace Summit","Shoah","Standing together","Tel-Aviv","Vers\u00f6hnung","Women Wage Peace","Yom HaShoah","zivile Konfliktl\u00f6sung"],"articleSection":["Gewaltfreiheit","Menschenrechte","Originalinhalt","Vielfalt"],"inLanguage":"de"},{"@type":"WebPage","@id":"https:\/\/www.pressenza.com\/de\/2025\/05\/auf-dem-weg-zum-friedensgipfel-der-voelker-am-8-und-9-mai-in-jerusalem-der-platz-in-tel-aviv-war-am-24-april-gut-besucht\/","url":"https:\/\/www.pressenza.com\/de\/2025\/05\/auf-dem-weg-zum-friedensgipfel-der-voelker-am-8-und-9-mai-in-jerusalem-der-platz-in-tel-aviv-war-am-24-april-gut-besucht\/","name":"Auf dem Weg zum Friedensgipfel der V\u00f6lker am 8. und 9. Mai in Jerusalem: Der Platz in Tel Aviv war am 24. April gut besucht","isPartOf":{"@id":"https:\/\/www.pressenza.com\/de\/#website"},"primaryImageOfPage":{"@id":"https:\/\/www.pressenza.com\/de\/2025\/05\/auf-dem-weg-zum-friedensgipfel-der-voelker-am-8-und-9-mai-in-jerusalem-der-platz-in-tel-aviv-war-am-24-april-gut-besucht\/#primaryimage"},"image":{"@id":"https:\/\/www.pressenza.com\/de\/2025\/05\/auf-dem-weg-zum-friedensgipfel-der-voelker-am-8-und-9-mai-in-jerusalem-der-platz-in-tel-aviv-war-am-24-april-gut-besucht\/#primaryimage"},"thumbnailUrl":"https:\/\/www.pressenza.com\/wp-content\/uploads\/2025\/04\/Manifestazione-Tel-Aviv-24-aprile-2025.png","datePublished":"2025-05-06T13:21:35+00:00","dateModified":"2025-05-06T13:22:15+00:00","description":"Eine sch\u00f6ne, kraftvolle, mutige, umfassende und sehr bewegende Vorschau dessen, wie der Friedensgipfel in Jerusalem aussehen k\u00f6nnte, fand am Abend des 24.","breadcrumb":{"@id":"https:\/\/www.pressenza.com\/de\/2025\/05\/auf-dem-weg-zum-friedensgipfel-der-voelker-am-8-und-9-mai-in-jerusalem-der-platz-in-tel-aviv-war-am-24-april-gut-besucht\/#breadcrumb"},"inLanguage":"de","potentialAction":[{"@type":"ReadAction","target":["https:\/\/www.pressenza.com\/de\/2025\/05\/auf-dem-weg-zum-friedensgipfel-der-voelker-am-8-und-9-mai-in-jerusalem-der-platz-in-tel-aviv-war-am-24-april-gut-besucht\/"]}]},{"@type":"ImageObject","inLanguage":"de","@id":"https:\/\/www.pressenza.com\/de\/2025\/05\/auf-dem-weg-zum-friedensgipfel-der-voelker-am-8-und-9-mai-in-jerusalem-der-platz-in-tel-aviv-war-am-24-april-gut-besucht\/#primaryimage","url":"https:\/\/www.pressenza.com\/wp-content\/uploads\/2025\/04\/Manifestazione-Tel-Aviv-24-aprile-2025.png","contentUrl":"https:\/\/www.pressenza.com\/wp-content\/uploads\/2025\/04\/Manifestazione-Tel-Aviv-24-aprile-2025.png","width":1600,"height":900,"caption":"Auf dem Weg zum Friedensgipfel der V\u00f6lker am 8. und 9. Mai in Jerusalem: Der Platz in Tel Aviv war am 24. April gut besucht"},{"@type":"BreadcrumbList","@id":"https:\/\/www.pressenza.com\/de\/2025\/05\/auf-dem-weg-zum-friedensgipfel-der-voelker-am-8-und-9-mai-in-jerusalem-der-platz-in-tel-aviv-war-am-24-april-gut-besucht\/#breadcrumb","itemListElement":[{"@type":"ListItem","position":1,"name":"Accueil","item":"https:\/\/www.pressenza.com\/de\/"},{"@type":"ListItem","position":2,"name":"Auf dem Weg zum Friedensgipfel der V\u00f6lker am 8. und 9. Mai in Jerusalem: Der Platz in Tel Aviv war am 24. April gut besucht"}]},{"@type":"WebSite","@id":"https:\/\/www.pressenza.com\/de\/#website","url":"https:\/\/www.pressenza.com\/de\/","name":"Pressenza","description":"International Press Agency","publisher":{"@id":"https:\/\/www.pressenza.com\/de\/#organization"},"potentialAction":[{"@type":"SearchAction","target":{"@type":"EntryPoint","urlTemplate":"https:\/\/www.pressenza.com\/de\/?s={search_term_string}"},"query-input":{"@type":"PropertyValueSpecification","valueRequired":true,"valueName":"search_term_string"}}],"inLanguage":"de"},{"@type":"Organization","@id":"https:\/\/www.pressenza.com\/de\/#organization","name":"Pressenza","url":"https:\/\/www.pressenza.com\/de\/","logo":{"@type":"ImageObject","inLanguage":"de","@id":"https:\/\/www.pressenza.com\/de\/#\/schema\/logo\/image\/","url":"https:\/\/www.pressenza.com\/wp-content\/uploads\/2022\/10\/pressenza_logo_200x200.jpg","contentUrl":"https:\/\/www.pressenza.com\/wp-content\/uploads\/2022\/10\/pressenza_logo_200x200.jpg","width":200,"height":200,"caption":"Pressenza"},"image":{"@id":"https:\/\/www.pressenza.com\/de\/#\/schema\/logo\/image\/"},"sameAs":["https:\/\/www.facebook.com\/PressenzaItalia","https:\/\/x.com\/PressenzaIPA"]},{"@type":"Person","@id":"https:\/\/www.pressenza.com\/de\/#\/schema\/person\/e824ea519c79c3808f4910f1c2b90688","name":"Daniela Bezzi","description":"A journalist, cultural worker and independent researcher, she lived and worked for extended periods in Japan, the UK and India before settling back in Italy, where she contributes to various publications on environmental, human rights and labour issues.","url":"https:\/\/www.pressenza.com\/de\/author\/daniela-bezzi\/"}]}},"place":"","original_article_url":"","_links":{"self":[{"href":"https:\/\/www.pressenza.com\/de\/wp-json\/wp\/v2\/posts\/2602771","targetHints":{"allow":["GET"]}}],"collection":[{"href":"https:\/\/www.pressenza.com\/de\/wp-json\/wp\/v2\/posts"}],"about":[{"href":"https:\/\/www.pressenza.com\/de\/wp-json\/wp\/v2\/types\/post"}],"author":[{"embeddable":true,"href":"https:\/\/www.pressenza.com\/de\/wp-json\/wp\/v2\/users\/2072"}],"replies":[{"embeddable":true,"href":"https:\/\/www.pressenza.com\/de\/wp-json\/wp\/v2\/comments?post=2602771"}],"version-history":[{"count":0,"href":"https:\/\/www.pressenza.com\/de\/wp-json\/wp\/v2\/posts\/2602771\/revisions"}],"wp:featuredmedia":[{"embeddable":true,"href":"https:\/\/www.pressenza.com\/de\/wp-json\/wp\/v2\/media\/2602772"}],"wp:attachment":[{"href":"https:\/\/www.pressenza.com\/de\/wp-json\/wp\/v2\/media?parent=2602771"}],"wp:term":[{"taxonomy":"category","embeddable":true,"href":"https:\/\/www.pressenza.com\/de\/wp-json\/wp\/v2\/categories?post=2602771"},{"taxonomy":"post_tag","embeddable":true,"href":"https:\/\/www.pressenza.com\/de\/wp-json\/wp\/v2\/tags?post=2602771"}],"curies":[{"name":"wp","href":"https:\/\/api.w.org\/{rel}","templated":true}]}}