{"id":2601149,"date":"2025-04-29T13:00:48","date_gmt":"2025-04-29T12:00:48","guid":{"rendered":"https:\/\/www.pressenza.com\/?p=2601149"},"modified":"2025-04-29T13:03:44","modified_gmt":"2025-04-29T12:03:44","slug":"das-wettern-der-woche-kein-deal-mit-dem-papst","status":"publish","type":"post","link":"https:\/\/www.pressenza.com\/de\/2025\/04\/das-wettern-der-woche-kein-deal-mit-dem-papst\/","title":{"rendered":"Das Wettern der Woche: Kein Deal mit dem Papst"},"content":{"rendered":"<p><strong>Lebenslang wollte Franziskus einen Deal machen \u2013 es klappte nicht, die Kapitalisten machten dem Oberhaupt einen Strich nach dem anderen durch seine Rechnungen. Dabei hatte alles ganz gut begonnen. Vor 12 Jahren \u2013 es war der 13. M\u00e4rz 2013, die Sonne schien wie immer und niemand dachte sich etwas B\u00f6ses \u2013 w\u00e4hlte ein p\u00e4pstliches Konklave in freier und geheimer Wahl Jorge Mario Bergoglio zum Oberhaupt der Katholischen Kirche. So wurde aus Jorge Papst Franziskus.<\/strong><\/p>\n<p>Franz von Assisi war f\u00fcr Jorge ein Zeitgenosse f\u00fcr eine andere Politik: Die Einheit von Theorie und Praxis, der Respekt vor jedem Leben, materielle Armut und die Bildung und Teilnahme an B\u00fcrgerinitiativen. Der Kapitalismus wusste, was auf dem Spiel stand.<\/p>\n<p><iframe loading=\"lazy\" title=\"Kein Deal mit dem Papst \u2013 Grohmanns &quot;Wettern der Woche&quot;\" width=\"500\" height=\"281\" src=\"https:\/\/www.youtube.com\/embed\/fENKwhX3YX4?feature=oembed\" frameborder=\"0\" allow=\"accelerometer; autoplay; clipboard-write; encrypted-media; gyroscope; picture-in-picture; web-share\" referrerpolicy=\"strict-origin-when-cross-origin\" allowfullscreen><\/iframe><\/p>\n<p><strong>Franziskus sagte, der Mensch ist nur noch als Konsument gefragt, <\/strong>und wer das nicht leisten kann, der wird nicht nur blo\u00df ausgebeutet, sondern ausgeschlossen, weggeworfen. Wo bist du, Sklave? Wo ist der, den du jeden Tag umbringst in der kleinen illegalen Fabrik, im Netz der Prostitution, in den Kindern, die du zum Betteln gebrauchst, in dem, der heimlich arbeiten muss, weil er nicht legalisiert ist? Es gibt viele Arten von Mitt\u00e4terschaft. Die Frage geht alle an! Dieses mafi\u00f6se, perverse Verbrechen hat sich in unseren St\u00e4dten eingenistet, und die H\u00e4nde vieler triefen von Blut aufgrund bequemer, schweigender Komplizenschaft.<\/p>\n<p><strong>Diese Wirtschaft t\u00f6tet. <\/strong>Es ist unglaublich, dass es kein Aufsehen erregt, wenn ein alter Mann, der gezwungen ist, auf der Stra\u00dfe zu leben, erfriert, w\u00e4hrend eine Baisse um zwei Punkte an der B\u00f6rse Schlagzeilen macht. Die Anbetung des antiken goldenen Kalbs hat eine neue und erbarmungslose Form gefunden im Fetischismus des Geldes und in der Diktatur einer Wirtschaft ohne Gesicht und ohne ein wirklich menschliches Ziel. W\u00e4hrend die Einkommen einiger weniger exponentiell steigen, sind die der Mehrheit immer weiter entfernt vom Wohlstand dieser gl\u00fccklichen Minderheit. Das Ungleichgewicht geht auf Ideologien zur\u00fcck, die die absolute Autonomie der M\u00e4rkte und die Finanzspekulation verteidigen. Darum bestreiten sie das Kontrollrecht der Staaten, die beauftragt sind, \u00fcber den Schutz des Gemeinwohls zu wachen. Es entsteht eine neue, unsichtbare, manchmal virtuelle Tyrannei, die der Gesellschaft einseitig und unerbittlich ihre Gesetze und ihre Regeln aufzwingt.<\/p>\n<p><strong>Die zwei letzten Abs\u00e4tze aus Zitaten wurden gek\u00fcrzt, <\/strong>aber gekonnt und ganz im Sinne des Ideengebers so komplett wie m\u00f6glich aus dem Zusammenhang gerissen. So wird klarer, warum das System bei den Berichten \u00fcber Franziskus so viel gek\u00fcrzt und so komplett wie m\u00f6glich aus dem Zusammenhang gerissen hat. (vgl. u.a. \u201eEvangelii gaudium\u201c, 24.11.2013)<\/p>\n<article id=\"post-2554803\" class=\"post-2554803 post type-post status-publish format-standard has-post-thumbnail hentry category-europa-de category-frieden-und-abruestung category-meinungen category-menschenrechte category-originalinhalt category-video-de tag-asylrecht tag-genfer-fluechtlingskonvention tag-genfer-konvention tag-satire-de tag-wettern-der-woche\">\n<div class=\"post-content\">\n<p><em><a href=\"https:\/\/www.youtube.com\/channel\/UCIUhugD7UAKv8008QIch1Rw\" target=\"_blank\" rel=\"noopener\">Peter Grohmann\u2019s \u201eWettern der Woche\u201c<\/a><\/em><\/p>\n<p><em>Peter Grohmann ist Kabarettist und Koordinator des B\u00fcrgerprojekts <a href=\"https:\/\/www.die-anstifter.de\/\" target=\"_blank\" rel=\"noopener\">Die AnStifter.<\/a><\/em><\/p>\n<\/div>\n<\/article>\n","protected":false},"excerpt":{"rendered":"<p>Lebenslang wollte Franziskus einen Deal machen \u2013 es klappte nicht, die Kapitalisten machten dem Oberhaupt einen Strich nach dem anderen durch seine Rechnungen. Dabei hatte alles ganz gut begonnen. Vor 12 Jahren \u2013 es war der 13. M\u00e4rz 2013, die&hellip;<\/p>\n","protected":false},"author":2138,"featured_media":2601150,"comment_status":"closed","ping_status":"closed","sticky":false,"template":"","format":"standard","meta":{"footnotes":""},"categories":[9162,7835,9143,11387,27991],"tags":[29111,136257,136258,136259,102467,26462,41776,22680,136261,16239,17514,102468,136260],"class_list":["post-2601149","post","type-post","status-publish","format-standard","has-post-thumbnail","hentry","category-humanismus-und-spiritualitaet","category-international-de","category-meinungen","category-originalinhalt","category-video-de","tag-armut","tag-evangelii-gaudium","tag-franz-von-assisi","tag-globalisierungskritik","tag-glosse","tag-kapitalismus","tag-katholische-kirche","tag-papst-franziskus","tag-politische-theologie","tag-satire-de","tag-soziale-gerechtigkeit","tag-wettern-der-woche","tag-wirtschaftsordnung"],"yoast_head":"<!-- This site is optimized with the Yoast SEO plugin v27.1.1 - https:\/\/yoast.com\/product\/yoast-seo-wordpress\/ -->\n<title>Das Wettern der Woche: Kein Deal mit dem Papst<\/title>\n<meta name=\"description\" content=\"Lebenslang wollte Franziskus einen Deal machen \u2013 es klappte nicht, die Kapitalisten machten dem Oberhaupt einen Strich nach dem anderen durch seine\" \/>\n<meta name=\"robots\" content=\"index, follow, max-snippet:-1, max-image-preview:large, max-video-preview:-1\" \/>\n<link rel=\"canonical\" href=\"https:\/\/www.pressenza.com\/de\/2025\/04\/das-wettern-der-woche-kein-deal-mit-dem-papst\/\" \/>\n<meta property=\"og:locale\" content=\"de_DE\" \/>\n<meta property=\"og:type\" content=\"article\" \/>\n<meta property=\"og:title\" content=\"Das Wettern der Woche: Kein Deal mit dem Papst\" \/>\n<meta property=\"og:description\" content=\"Lebenslang wollte Franziskus einen Deal machen \u2013 es klappte nicht, die Kapitalisten machten dem Oberhaupt einen Strich nach dem anderen durch seine\" \/>\n<meta property=\"og:url\" content=\"https:\/\/www.pressenza.com\/de\/2025\/04\/das-wettern-der-woche-kein-deal-mit-dem-papst\/\" \/>\n<meta property=\"og:site_name\" content=\"Pressenza\" \/>\n<meta property=\"article:publisher\" content=\"https:\/\/www.facebook.com\/PressenzaItalia\" \/>\n<meta property=\"article:published_time\" content=\"2025-04-29T12:00:48+00:00\" \/>\n<meta property=\"article:modified_time\" content=\"2025-04-29T12:03:44+00:00\" \/>\n<meta property=\"og:image\" content=\"https:\/\/www.pressenza.com\/wp-content\/uploads\/2025\/04\/Wettern_der_Woche_Kein-Deal-mit-dem-Papst.jpg\" \/>\n\t<meta property=\"og:image:width\" content=\"1280\" \/>\n\t<meta property=\"og:image:height\" content=\"720\" \/>\n\t<meta property=\"og:image:type\" content=\"image\/jpeg\" \/>\n<meta name=\"author\" content=\"Peter Grohmann\" \/>\n<meta name=\"twitter:card\" content=\"summary_large_image\" \/>\n<meta name=\"twitter:creator\" content=\"@PressenzaIPA\" \/>\n<meta name=\"twitter:site\" content=\"@PressenzaIPA\" \/>\n<meta name=\"twitter:label1\" content=\"Verfasst von\" \/>\n\t<meta name=\"twitter:data1\" content=\"Peter Grohmann\" \/>\n\t<meta name=\"twitter:label2\" content=\"Gesch\u00e4tzte Lesezeit\" \/>\n\t<meta name=\"twitter:data2\" content=\"3\u00a0Minuten\" \/>\n<script type=\"application\/ld+json\" class=\"yoast-schema-graph\">{\"@context\":\"https:\/\/schema.org\",\"@graph\":[{\"@type\":\"Article\",\"@id\":\"https:\/\/www.pressenza.com\/de\/2025\/04\/das-wettern-der-woche-kein-deal-mit-dem-papst\/#article\",\"isPartOf\":{\"@id\":\"https:\/\/www.pressenza.com\/de\/2025\/04\/das-wettern-der-woche-kein-deal-mit-dem-papst\/\"},\"author\":{\"name\":\"Peter Grohmann\",\"@id\":\"https:\/\/www.pressenza.com\/de\/#\/schema\/person\/13fbb69602a371248f3199c744d1187e\"},\"headline\":\"Das Wettern der Woche: Kein Deal mit dem Papst\",\"datePublished\":\"2025-04-29T12:00:48+00:00\",\"dateModified\":\"2025-04-29T12:03:44+00:00\",\"mainEntityOfPage\":{\"@id\":\"https:\/\/www.pressenza.com\/de\/2025\/04\/das-wettern-der-woche-kein-deal-mit-dem-papst\/\"},\"wordCount\":451,\"publisher\":{\"@id\":\"https:\/\/www.pressenza.com\/de\/#organization\"},\"image\":{\"@id\":\"https:\/\/www.pressenza.com\/de\/2025\/04\/das-wettern-der-woche-kein-deal-mit-dem-papst\/#primaryimage\"},\"thumbnailUrl\":\"https:\/\/www.pressenza.com\/wp-content\/uploads\/2025\/04\/Wettern_der_Woche_Kein-Deal-mit-dem-Papst.jpg\",\"keywords\":[\"Armut\",\"Evangelii Gaudium\",\"Franz von Assisi\",\"Globalisierungskritik\",\"Glosse\",\"Kapitalismus\",\"Katholische Kirche\",\"Papst Franziskus\",\"politische Theologie\",\"satire\",\"soziale Gerechtigkeit\",\"Wettern der Woche\",\"Wirtschaftsordnung\"],\"articleSection\":[\"Humanismus und Spiritualit\u00e4t\",\"International\",\"Meinungen\",\"Originalinhalt\",\"Video\"],\"inLanguage\":\"de\"},{\"@type\":\"WebPage\",\"@id\":\"https:\/\/www.pressenza.com\/de\/2025\/04\/das-wettern-der-woche-kein-deal-mit-dem-papst\/\",\"url\":\"https:\/\/www.pressenza.com\/de\/2025\/04\/das-wettern-der-woche-kein-deal-mit-dem-papst\/\",\"name\":\"Das Wettern der Woche: Kein Deal mit dem Papst\",\"isPartOf\":{\"@id\":\"https:\/\/www.pressenza.com\/de\/#website\"},\"primaryImageOfPage\":{\"@id\":\"https:\/\/www.pressenza.com\/de\/2025\/04\/das-wettern-der-woche-kein-deal-mit-dem-papst\/#primaryimage\"},\"image\":{\"@id\":\"https:\/\/www.pressenza.com\/de\/2025\/04\/das-wettern-der-woche-kein-deal-mit-dem-papst\/#primaryimage\"},\"thumbnailUrl\":\"https:\/\/www.pressenza.com\/wp-content\/uploads\/2025\/04\/Wettern_der_Woche_Kein-Deal-mit-dem-Papst.jpg\",\"datePublished\":\"2025-04-29T12:00:48+00:00\",\"dateModified\":\"2025-04-29T12:03:44+00:00\",\"description\":\"Lebenslang wollte Franziskus einen Deal machen \u2013 es klappte nicht, die Kapitalisten machten dem Oberhaupt einen Strich nach dem anderen durch seine\",\"breadcrumb\":{\"@id\":\"https:\/\/www.pressenza.com\/de\/2025\/04\/das-wettern-der-woche-kein-deal-mit-dem-papst\/#breadcrumb\"},\"inLanguage\":\"de\",\"potentialAction\":[{\"@type\":\"ReadAction\",\"target\":[\"https:\/\/www.pressenza.com\/de\/2025\/04\/das-wettern-der-woche-kein-deal-mit-dem-papst\/\"]}]},{\"@type\":\"ImageObject\",\"inLanguage\":\"de\",\"@id\":\"https:\/\/www.pressenza.com\/de\/2025\/04\/das-wettern-der-woche-kein-deal-mit-dem-papst\/#primaryimage\",\"url\":\"https:\/\/www.pressenza.com\/wp-content\/uploads\/2025\/04\/Wettern_der_Woche_Kein-Deal-mit-dem-Papst.jpg\",\"contentUrl\":\"https:\/\/www.pressenza.com\/wp-content\/uploads\/2025\/04\/Wettern_der_Woche_Kein-Deal-mit-dem-Papst.jpg\",\"width\":1280,\"height\":720,\"caption\":\"Das Wettern der Woche: Kein Deal mit dem Papst\"},{\"@type\":\"BreadcrumbList\",\"@id\":\"https:\/\/www.pressenza.com\/de\/2025\/04\/das-wettern-der-woche-kein-deal-mit-dem-papst\/#breadcrumb\",\"itemListElement\":[{\"@type\":\"ListItem\",\"position\":1,\"name\":\"Accueil\",\"item\":\"https:\/\/www.pressenza.com\/de\/\"},{\"@type\":\"ListItem\",\"position\":2,\"name\":\"Das Wettern der Woche: Kein Deal mit dem Papst\"}]},{\"@type\":\"WebSite\",\"@id\":\"https:\/\/www.pressenza.com\/de\/#website\",\"url\":\"https:\/\/www.pressenza.com\/de\/\",\"name\":\"Pressenza\",\"description\":\"International Press Agency\",\"publisher\":{\"@id\":\"https:\/\/www.pressenza.com\/de\/#organization\"},\"potentialAction\":[{\"@type\":\"SearchAction\",\"target\":{\"@type\":\"EntryPoint\",\"urlTemplate\":\"https:\/\/www.pressenza.com\/de\/?s={search_term_string}\"},\"query-input\":{\"@type\":\"PropertyValueSpecification\",\"valueRequired\":true,\"valueName\":\"search_term_string\"}}],\"inLanguage\":\"de\"},{\"@type\":\"Organization\",\"@id\":\"https:\/\/www.pressenza.com\/de\/#organization\",\"name\":\"Pressenza\",\"url\":\"https:\/\/www.pressenza.com\/de\/\",\"logo\":{\"@type\":\"ImageObject\",\"inLanguage\":\"de\",\"@id\":\"https:\/\/www.pressenza.com\/de\/#\/schema\/logo\/image\/\",\"url\":\"https:\/\/www.pressenza.com\/wp-content\/uploads\/2022\/10\/pressenza_logo_200x200.jpg\",\"contentUrl\":\"https:\/\/www.pressenza.com\/wp-content\/uploads\/2022\/10\/pressenza_logo_200x200.jpg\",\"width\":200,\"height\":200,\"caption\":\"Pressenza\"},\"image\":{\"@id\":\"https:\/\/www.pressenza.com\/de\/#\/schema\/logo\/image\/\"},\"sameAs\":[\"https:\/\/www.facebook.com\/PressenzaItalia\",\"https:\/\/x.com\/PressenzaIPA\"]},{\"@type\":\"Person\",\"@id\":\"https:\/\/www.pressenza.com\/de\/#\/schema\/person\/13fbb69602a371248f3199c744d1187e\",\"name\":\"Peter Grohmann\",\"description\":\"(Jahrgang 1937) lebt in Stuttgart, ist Schriftsteller und Kabarettist und arbeitet u.a. f\u00fcr die Wochenzeitung Kontext, de TAZ und diverse andere Medien. Grohmann hat das B\u00fcrgerprojekt Die AnStifter gegr\u00fcndet, heute eine der gro\u00dfen zivilgeellschaftlichen Gruppen mit dem Schwerpunkt \u201egegen Gewalt und Vergessen\u201d. https:\/\/dewiki.de\/Lexikon\/Peter_Grohmann\",\"url\":\"https:\/\/www.pressenza.com\/de\/author\/peter-grohmann\/\"}]}<\/script>\n<!-- \/ Yoast SEO plugin. -->","yoast_head_json":{"title":"Das Wettern der Woche: Kein Deal mit dem Papst","description":"Lebenslang wollte Franziskus einen Deal machen \u2013 es klappte nicht, die Kapitalisten machten dem Oberhaupt einen Strich nach dem anderen durch seine","robots":{"index":"index","follow":"follow","max-snippet":"max-snippet:-1","max-image-preview":"max-image-preview:large","max-video-preview":"max-video-preview:-1"},"canonical":"https:\/\/www.pressenza.com\/de\/2025\/04\/das-wettern-der-woche-kein-deal-mit-dem-papst\/","og_locale":"de_DE","og_type":"article","og_title":"Das Wettern der Woche: Kein Deal mit dem Papst","og_description":"Lebenslang wollte Franziskus einen Deal machen \u2013 es klappte nicht, die Kapitalisten machten dem Oberhaupt einen Strich nach dem anderen durch seine","og_url":"https:\/\/www.pressenza.com\/de\/2025\/04\/das-wettern-der-woche-kein-deal-mit-dem-papst\/","og_site_name":"Pressenza","article_publisher":"https:\/\/www.facebook.com\/PressenzaItalia","article_published_time":"2025-04-29T12:00:48+00:00","article_modified_time":"2025-04-29T12:03:44+00:00","og_image":[{"width":1280,"height":720,"url":"https:\/\/www.pressenza.com\/wp-content\/uploads\/2025\/04\/Wettern_der_Woche_Kein-Deal-mit-dem-Papst.jpg","type":"image\/jpeg"}],"author":"Peter Grohmann","twitter_card":"summary_large_image","twitter_creator":"@PressenzaIPA","twitter_site":"@PressenzaIPA","twitter_misc":{"Verfasst von":"Peter Grohmann","Gesch\u00e4tzte Lesezeit":"3\u00a0Minuten"},"schema":{"@context":"https:\/\/schema.org","@graph":[{"@type":"Article","@id":"https:\/\/www.pressenza.com\/de\/2025\/04\/das-wettern-der-woche-kein-deal-mit-dem-papst\/#article","isPartOf":{"@id":"https:\/\/www.pressenza.com\/de\/2025\/04\/das-wettern-der-woche-kein-deal-mit-dem-papst\/"},"author":{"name":"Peter Grohmann","@id":"https:\/\/www.pressenza.com\/de\/#\/schema\/person\/13fbb69602a371248f3199c744d1187e"},"headline":"Das Wettern der Woche: Kein Deal mit dem Papst","datePublished":"2025-04-29T12:00:48+00:00","dateModified":"2025-04-29T12:03:44+00:00","mainEntityOfPage":{"@id":"https:\/\/www.pressenza.com\/de\/2025\/04\/das-wettern-der-woche-kein-deal-mit-dem-papst\/"},"wordCount":451,"publisher":{"@id":"https:\/\/www.pressenza.com\/de\/#organization"},"image":{"@id":"https:\/\/www.pressenza.com\/de\/2025\/04\/das-wettern-der-woche-kein-deal-mit-dem-papst\/#primaryimage"},"thumbnailUrl":"https:\/\/www.pressenza.com\/wp-content\/uploads\/2025\/04\/Wettern_der_Woche_Kein-Deal-mit-dem-Papst.jpg","keywords":["Armut","Evangelii Gaudium","Franz von Assisi","Globalisierungskritik","Glosse","Kapitalismus","Katholische Kirche","Papst Franziskus","politische Theologie","satire","soziale Gerechtigkeit","Wettern der Woche","Wirtschaftsordnung"],"articleSection":["Humanismus und Spiritualit\u00e4t","International","Meinungen","Originalinhalt","Video"],"inLanguage":"de"},{"@type":"WebPage","@id":"https:\/\/www.pressenza.com\/de\/2025\/04\/das-wettern-der-woche-kein-deal-mit-dem-papst\/","url":"https:\/\/www.pressenza.com\/de\/2025\/04\/das-wettern-der-woche-kein-deal-mit-dem-papst\/","name":"Das Wettern der Woche: Kein Deal mit dem Papst","isPartOf":{"@id":"https:\/\/www.pressenza.com\/de\/#website"},"primaryImageOfPage":{"@id":"https:\/\/www.pressenza.com\/de\/2025\/04\/das-wettern-der-woche-kein-deal-mit-dem-papst\/#primaryimage"},"image":{"@id":"https:\/\/www.pressenza.com\/de\/2025\/04\/das-wettern-der-woche-kein-deal-mit-dem-papst\/#primaryimage"},"thumbnailUrl":"https:\/\/www.pressenza.com\/wp-content\/uploads\/2025\/04\/Wettern_der_Woche_Kein-Deal-mit-dem-Papst.jpg","datePublished":"2025-04-29T12:00:48+00:00","dateModified":"2025-04-29T12:03:44+00:00","description":"Lebenslang wollte Franziskus einen Deal machen \u2013 es klappte nicht, die Kapitalisten machten dem Oberhaupt einen Strich nach dem anderen durch seine","breadcrumb":{"@id":"https:\/\/www.pressenza.com\/de\/2025\/04\/das-wettern-der-woche-kein-deal-mit-dem-papst\/#breadcrumb"},"inLanguage":"de","potentialAction":[{"@type":"ReadAction","target":["https:\/\/www.pressenza.com\/de\/2025\/04\/das-wettern-der-woche-kein-deal-mit-dem-papst\/"]}]},{"@type":"ImageObject","inLanguage":"de","@id":"https:\/\/www.pressenza.com\/de\/2025\/04\/das-wettern-der-woche-kein-deal-mit-dem-papst\/#primaryimage","url":"https:\/\/www.pressenza.com\/wp-content\/uploads\/2025\/04\/Wettern_der_Woche_Kein-Deal-mit-dem-Papst.jpg","contentUrl":"https:\/\/www.pressenza.com\/wp-content\/uploads\/2025\/04\/Wettern_der_Woche_Kein-Deal-mit-dem-Papst.jpg","width":1280,"height":720,"caption":"Das Wettern der Woche: Kein Deal mit dem Papst"},{"@type":"BreadcrumbList","@id":"https:\/\/www.pressenza.com\/de\/2025\/04\/das-wettern-der-woche-kein-deal-mit-dem-papst\/#breadcrumb","itemListElement":[{"@type":"ListItem","position":1,"name":"Accueil","item":"https:\/\/www.pressenza.com\/de\/"},{"@type":"ListItem","position":2,"name":"Das Wettern der Woche: Kein Deal mit dem Papst"}]},{"@type":"WebSite","@id":"https:\/\/www.pressenza.com\/de\/#website","url":"https:\/\/www.pressenza.com\/de\/","name":"Pressenza","description":"International Press Agency","publisher":{"@id":"https:\/\/www.pressenza.com\/de\/#organization"},"potentialAction":[{"@type":"SearchAction","target":{"@type":"EntryPoint","urlTemplate":"https:\/\/www.pressenza.com\/de\/?s={search_term_string}"},"query-input":{"@type":"PropertyValueSpecification","valueRequired":true,"valueName":"search_term_string"}}],"inLanguage":"de"},{"@type":"Organization","@id":"https:\/\/www.pressenza.com\/de\/#organization","name":"Pressenza","url":"https:\/\/www.pressenza.com\/de\/","logo":{"@type":"ImageObject","inLanguage":"de","@id":"https:\/\/www.pressenza.com\/de\/#\/schema\/logo\/image\/","url":"https:\/\/www.pressenza.com\/wp-content\/uploads\/2022\/10\/pressenza_logo_200x200.jpg","contentUrl":"https:\/\/www.pressenza.com\/wp-content\/uploads\/2022\/10\/pressenza_logo_200x200.jpg","width":200,"height":200,"caption":"Pressenza"},"image":{"@id":"https:\/\/www.pressenza.com\/de\/#\/schema\/logo\/image\/"},"sameAs":["https:\/\/www.facebook.com\/PressenzaItalia","https:\/\/x.com\/PressenzaIPA"]},{"@type":"Person","@id":"https:\/\/www.pressenza.com\/de\/#\/schema\/person\/13fbb69602a371248f3199c744d1187e","name":"Peter Grohmann","description":"(Jahrgang 1937) lebt in Stuttgart, ist Schriftsteller und Kabarettist und arbeitet u.a. f\u00fcr die Wochenzeitung Kontext, de TAZ und diverse andere Medien. Grohmann hat das B\u00fcrgerprojekt Die AnStifter gegr\u00fcndet, heute eine der gro\u00dfen zivilgeellschaftlichen Gruppen mit dem Schwerpunkt \u201egegen Gewalt und Vergessen\u201d. https:\/\/dewiki.de\/Lexikon\/Peter_Grohmann","url":"https:\/\/www.pressenza.com\/de\/author\/peter-grohmann\/"}]}},"place":"","original_article_url":"","_links":{"self":[{"href":"https:\/\/www.pressenza.com\/de\/wp-json\/wp\/v2\/posts\/2601149","targetHints":{"allow":["GET"]}}],"collection":[{"href":"https:\/\/www.pressenza.com\/de\/wp-json\/wp\/v2\/posts"}],"about":[{"href":"https:\/\/www.pressenza.com\/de\/wp-json\/wp\/v2\/types\/post"}],"author":[{"embeddable":true,"href":"https:\/\/www.pressenza.com\/de\/wp-json\/wp\/v2\/users\/2138"}],"replies":[{"embeddable":true,"href":"https:\/\/www.pressenza.com\/de\/wp-json\/wp\/v2\/comments?post=2601149"}],"version-history":[{"count":0,"href":"https:\/\/www.pressenza.com\/de\/wp-json\/wp\/v2\/posts\/2601149\/revisions"}],"wp:featuredmedia":[{"embeddable":true,"href":"https:\/\/www.pressenza.com\/de\/wp-json\/wp\/v2\/media\/2601150"}],"wp:attachment":[{"href":"https:\/\/www.pressenza.com\/de\/wp-json\/wp\/v2\/media?parent=2601149"}],"wp:term":[{"taxonomy":"category","embeddable":true,"href":"https:\/\/www.pressenza.com\/de\/wp-json\/wp\/v2\/categories?post=2601149"},{"taxonomy":"post_tag","embeddable":true,"href":"https:\/\/www.pressenza.com\/de\/wp-json\/wp\/v2\/tags?post=2601149"}],"curies":[{"name":"wp","href":"https:\/\/api.w.org\/{rel}","templated":true}]}}