{"id":2597920,"date":"2025-04-15T15:21:49","date_gmt":"2025-04-15T14:21:49","guid":{"rendered":"https:\/\/www.pressenza.com\/?p=2597920"},"modified":"2025-04-15T15:21:49","modified_gmt":"2025-04-15T14:21:49","slug":"warum-sich-mehr-umweltorganisationen-dem-aufruf-fuer-eine-militarismus-freie-zukunft-anschliessen-muessen","status":"publish","type":"post","link":"https:\/\/www.pressenza.com\/de\/2025\/04\/warum-sich-mehr-umweltorganisationen-dem-aufruf-fuer-eine-militarismus-freie-zukunft-anschliessen-muessen\/","title":{"rendered":"Warum sich mehr Umweltorganisationen dem Aufruf f\u00fcr eine Militarismus-freie Zukunft anschlie\u00dfen m\u00fcssen"},"content":{"rendered":"<p style=\"padding-left: 40px;\">Die Welt bereitet sich auf einen weiteren <a href=\"https:\/\/de.wikipedia.org\/wiki\/Tag_der_Erde\" target=\"_blank\" rel=\"noopener\">Earth Day<\/a> vor, w\u00e4hrenddessen befindet sich die Bewegung f\u00fcr Umweltgerechtigkeit an einem kritischen Punkt. W\u00e4hrend sich ein Gro\u00dfteil des Klima-Debatte nach wie vor auf die gro\u00dfen \u00d6lkonzerne und andere umweltverschmutzende Gro\u00dfunternehmen konzentriert, gibt es einen Herausstechenden, oft aber \u00dcbersehenen, der zur Klimakrise beitr\u00e4gt: das US-Milit\u00e4r. Als starkes Zeichen der Solidarit\u00e4t und einer dringenden Notwendigkeit haben mehrere f\u00fchrende Umweltorganisationen, darunter <a href=\"http:\/\/350.org\/\" target=\"_blank\" rel=\"noopener\">350.org<\/a>, <a href=\"https:\/\/www.sunrisemovement.org\/de\/\" target=\"_blank\" rel=\"noopener\">Sunrise Movement,<\/a> <a href=\"https:\/\/www.climatedefendersaction.org\/\" target=\"_blank\" rel=\"noopener\">Climate Defenders<\/a> und <a href=\"https:\/\/www.nationalpriorities.org\/\" target=\"_blank\" rel=\"noopener\">National Priorities Project<\/a>, sowie aktivistische Organisationen wie <a href=\"https:\/\/ndncollective.org\/de\/\" target=\"_blank\" rel=\"noopener\">NDN Collective<\/a>, <a href=\"https:\/\/www.anakbayanusa.com\/\" target=\"_blank\" rel=\"noopener\">Anakbayan<\/a> und <a href=\"https:\/\/diasporapalantecollective.org\/\" target=\"_blank\" rel=\"noopener\">Diaspora Pa&#8217;Lante<\/a> einen von CODEPINK initiierten offenen Brief unterzeichnet, um die Welt aufzufordern, den m\u00fchsamen ersten Schritt zu gehen, anzuerkennen, dass Krieg und Umweltzerst\u00f6rung auf t\u00f6dliche Weise miteinander verkn\u00fcpft sind. Es ist an der Zeit, dass sich noch mehr Gruppen, die sich f\u00fcr Umweltgerechtigkeit einsetzen, diesem wichtigen Aufruf anschlie\u00dfen.<\/p>\n<p>Von Aaron Kirshenbaum und Melissa Garriga<\/p>\n<p>Der offene Brief ist deutlich: Das US-Milit\u00e4r ist der weltweit gr\u00f6\u00dfte institutionelle Umweltverschmutzer. Mit seinem schwindelerregenden Verbrauch von 17,4 Milliarden Litern Treibstoff pro Jahr macht das Pentagon 77-80 % des gesamten Energieverbrauchs der US-Regierung aus. W\u00e4re das US-Milit\u00e4r ein Staat, w\u00fcrde es beim Aussto\u00df von Treibhausgasen weltweit auf dem 47. Platz liegen. Und dennoch haben die \u00f6kologischen Folgen des Militarismus noch immer keinen bedeutsamen Anteil bei den Mainstream-Klimadiskussionen.<\/p>\n<p>Die Unterzeichner des Briefes sprechen sich gegen die katastrophalen Auswirkungen der US-Milit\u00e4roperationen auf unserem Planeten aus. \u00dcber die unmittelbare Umweltzerst\u00f6rung in Kriegsgebieten hinaus, zum Beispiel durch die Freisetzung sch\u00e4dlicher Chemikalien wie PFAS in Boden und Wasser, hat die Pr\u00e4senz von US-Milit\u00e4r rund um den Globus irreparablen Schaden an \u00d6kosystemen, landwirtschaftlichen Fl\u00e4chen und lokalen Gemeinden verursacht. Es gibt weltweit 800 US-Milit\u00e4rst\u00fctzpunkte, oftmals auf indigenem Land oder unter Verletzung der nationalen Souver\u00e4nit\u00e4t errichtet. Diese St\u00fctzpunkte existieren nicht isoliert; sie sind Teil einer gr\u00f6\u00dferen, fest vernetzten Kriegswirtschaft, welche die Umweltzerst\u00f6rung anheizt.<\/p>\n<p>Nehmen wir als Beispiele die anhaltenden Kriege in Gaza und der Ukraine. Die Verw\u00fcstung, die der V\u00f6lkermord in Gaza angerichtet hat, hat in den ersten zwei Monaten mehr CO<sub>2<\/sub>-Emissionen freigesetzt als von 20 L\u00e4nder zusammengenommen. In der Ukraine wurden durch den Krieg bereits mehr als 119 Millionen Tonnen Kohlendioxid ausgesto\u00dfen und weite Waldstrecken zerst\u00f6rt. Der Tribut, den die Umwelt f\u00fcr diesen Konflikt zahlt, ist grauenhaft, nichtsdestotrotz unterbleibt bedauerlicherweise in den meisten Klimaforen die Diskussion \u00fcber die Rolle des Militarismus beim Klimawandel. Es ist an der Zeit, das zu \u00e4ndern.<\/p>\n<p>Jeder sollte dar\u00fcber beunruhigt sein, dass der Einsatz von Atomwaffen, eine existenzielle Bedrohung f\u00fcr das \u00dcberleben der Menschheit, nicht au\u00dfer Frage steht. W\u00e4hrend wir einem m\u00f6glichen Atomkrieg in L\u00e4ndern wie der Ukraine und in Regionen wie S\u00fcdwestasien und Nordafrika (SWANA) immer n\u00e4her r\u00fccken, sind die damit einhergehenden Auswirkungen auf das Klima erschreckend. Die anhaltenden Kriege in diesen Gebieten k\u00f6nnen m\u00f6glicherweise bis hin zum Einsatz von Atomwaffen eskalieren. Ein globaler &#8222;nuklearer Winter&#8220; kann zu beispiellosen Zusammenbr\u00fcchen weltweiter Systeme, wie der Nahrungsmittelproduktion und der biologischen Vielfalt f\u00fchren und damit geopolitische Gewalt direkt mit der Klimakrise in Verbindung bringen.<\/p>\n<p>Das Scheitern globaler Klimaverhandlungen in j\u00fcngster Zeit, wie zum Beispiel bei der COP, unterstreicht die Dringlichkeit dieser Botschaft zus\u00e4tzlich. Die L\u00e4nder des globalen S\u00fcdens tragen nach wie vor die Hauptlast der Klimazerst\u00f6rung. Nicht nur dass der globale Norden der Hauptverursacher der Umweltverschmutzung und der umweltbezogenen Ungleichheit ist, was Klimakatastrophen hervorruft, sondern er stellt auch hierzu nicht die notwendigen Mittel f\u00fcr Entsch\u00e4digungen bereit. Aber abgesehen vom finanziellen Ungleichgewicht verkennen diese Gipfeltreffen eine der gr\u00f6\u00dften Bedrohungen f\u00fcr die globale Umweltgesundheit: den Militarismus. Die Klimakrise wird nie gel\u00f6st werden, solange Krieg und Militarismus ungehindert fortdauern d\u00fcrfen.<\/p>\n<p>Deshalb ist dieser offene Brief wichtig, den eine Koalition bestehend aus Umweltgruppen, an vorderster Front stehenden Gemeinschaften und Antikriegsaktivisten unterzeichnet haben. Er ruft zu einem Umdenken auf bezogen auf die Art und Weise, wie wir die Klimakrise betrachten, indem wir anerkennen, dass die Kriegswirtschaft direkt f\u00fcr einige der ungeheuerlichsten Umweltzerst\u00f6rungen verantwortlich ist, mit denen wir heute konfrontiert sind. Die \u00d6ffentlichkeit muss erkennen, dass die durch Krieg verursachte Umweltzerst\u00f6rung nicht ein von der Arbeit f\u00fcr Klimagerechtigkeit abgetrenntes Thema ist, sondern ein integraler Bestandteil davon.<\/p>\n<p>Diese Bewegung braucht mehr Verb\u00fcndete. Die Organisationen, die bereits unterschrieben haben, sind engagiert, aber noch mehr Umweltorganisationen m\u00fcssen sich diesem Aufruf anschlie\u00dfen. Es gen\u00fcgt nicht mehr, nur die Interessen der gro\u00dfen \u00d6l- und anderer Konzerne ins Visier zu nehmen. Der milit\u00e4risch-industrielle Komplex muss f\u00fcr seine Rolle in der Klimakrise zur Verantwortung gezogen werden.<\/p>\n<p>Die abschlie\u00dfende Aussage dieses Briefes ist eine einfache Erkl\u00e4rung gesunden Menschenverstandes. Dennoch ist es ein Appell zu einem radikalen Wandel der aktuellen Landschaft politischer, wirtschaftlicher und nichtstaatlicher Strukturen, zu dem sich unsere Friedens- und Umweltbewegungen vereinen m\u00fcssen: &#8222;Wir lehnen Militarismus, Krieg, Besatzung, V\u00f6lkermord und Zerst\u00f6rung ab. Stattdessen entscheiden wir uns f\u00fcr unseren Fortbestand in der Welt: Frieden, Souver\u00e4nit\u00e4t, Diplomatie und Befreiung!&#8220; Dies ist nicht nur eine Vision f\u00fcr eine friedliche Welt, sondern der einzige Weg nach vorne f\u00fcr einen lebenserhaltenden Planeten. Wir alle m\u00fcssen anfangen, uns f\u00fcr eine Zukunft einzusetzen, in der es bei Klimagerechtigkeit nicht nur darum geht, \u00d6kosysteme isoliert zu sch\u00fctzen, sondern auch zu begreifen, was die Zerst\u00f6rung dieser \u00d6kosysteme, auf die wir angewiesen sind und die umgekehrt auch auf uns angewiesen sind, verursacht. Wir m\u00fcssen anfangen, f\u00fcr eine Zukunft jenseits von Krieg, Imperien und Militarismus zu arbeiten. Die Zeit zum Handeln ist jetzt.<\/p>\n<p>Sie k\u00f6nnen\u00a0<a href=\"https:\/\/www.codepink.org\/warfuelswarming\" target=\"_blank\" rel=\"noopener\">den vollst\u00e4ndigen Brief hier lesen und\/oder unterzeichnen<\/a><\/p>\n<hr \/>\n<p><strong>Aaron Kirshenbaum<\/strong>\u00a0unternimmt f\u00fcr CODEPINK Kampagnen f\u00fcr \u201aWar is Not Green\u2018 und ist regionaler Organisator an der Ostk\u00fcste. Aaron stammt urspr\u00fcnglich aus Brooklyn, New York, und lebt auch dort; er hat einen M.A. in Community Development and Planning von der Clark University. Er h\u00e4lt ebenfalls ein B.A. in Human-Environmental und Urban-Economic Geograph der Clark University. W\u00e4hrend seiner Schulzeit war Aaron aktiv in der Organisation und der Entwicklung von Bildungsmaterialien zum Thema \u00a0internationaler Klimagerechtigkeit, wie auch bei Aktivit\u00e4ten zu Pal\u00e4stina, Wohnraumfragen und gegen die Todesstrafe.<\/p>\n<p><strong>Melissa Garriga<\/strong>\u00a0ist Managerin f\u00fcr Kommunikation und Medienanalyse bei CODEPINK. Sie schreibt dar\u00fcber, wie Militarismus und die menschlichen Kosten von Krieg miteinander verkn\u00fcpft sind.<\/p>\n<p>&nbsp;<\/p>\n<p><strong><em>Die \u00dcbersetzung aus dem Englischen wurde von Ursula Nollenberger vom ehrenamtlichen Pressenza-\u00dcbersetzungsteam erstellt. <\/em><\/strong><a href=\"https:\/\/www.pressenza.com\/de\/mitarbeiten\/\"><strong><em>Wir suchen Freiwillige!<\/em><\/strong><\/a><\/p>\n","protected":false},"excerpt":{"rendered":"<p>Die Welt bereitet sich auf einen weiteren Earth Day vor, w\u00e4hrenddessen befindet sich die Bewegung f\u00fcr Umweltgerechtigkeit an einem kritischen Punkt. W\u00e4hrend sich ein Gro\u00dfteil des Klima-Debatte nach wie vor auf die gro\u00dfen \u00d6lkonzerne und andere umweltverschmutzende Gro\u00dfunternehmen konzentriert, gibt&hellip;<\/p>\n","protected":false},"author":1361,"featured_media":2597926,"comment_status":"closed","ping_status":"closed","sticky":false,"template":"","format":"standard","meta":{"footnotes":""},"categories":[9143,9152,9157,9168],"tags":[135613,11760],"class_list":["post-2597920","post","type-post","status-publish","format-standard","has-post-thumbnail","hentry","category-meinungen","category-nordamerika","category-oekologie-und-umwelt","category-politik","tag-anti-militarismus","tag-umweltzerstorung"],"yoast_head":"<!-- This site is optimized with the Yoast SEO plugin v27.1.1 - https:\/\/yoast.com\/product\/yoast-seo-wordpress\/ -->\n<title>Warum sich mehr Umweltorganisationen dem Aufruf f\u00fcr eine Militarismus-freie Zukunft anschlie\u00dfen m\u00fcssen<\/title>\n<meta name=\"description\" content=\"Die Welt bereitet sich auf einen weiteren Earth Day vor, w\u00e4hrenddessen befindet sich die Bewegung f\u00fcr Umweltgerechtigkeit an einem kritischen Punkt.\" \/>\n<meta name=\"robots\" content=\"index, follow, max-snippet:-1, max-image-preview:large, max-video-preview:-1\" \/>\n<link rel=\"canonical\" href=\"https:\/\/www.pressenza.com\/de\/2025\/04\/warum-sich-mehr-umweltorganisationen-dem-aufruf-fuer-eine-militarismus-freie-zukunft-anschliessen-muessen\/\" \/>\n<meta property=\"og:locale\" content=\"de_DE\" \/>\n<meta property=\"og:type\" content=\"article\" \/>\n<meta property=\"og:title\" content=\"Warum sich mehr Umweltorganisationen dem Aufruf f\u00fcr eine Militarismus-freie Zukunft anschlie\u00dfen m\u00fcssen\" \/>\n<meta property=\"og:description\" content=\"Die Welt bereitet sich auf einen weiteren Earth Day vor, w\u00e4hrenddessen befindet sich die Bewegung f\u00fcr Umweltgerechtigkeit an einem kritischen Punkt.\" \/>\n<meta property=\"og:url\" content=\"https:\/\/www.pressenza.com\/de\/2025\/04\/warum-sich-mehr-umweltorganisationen-dem-aufruf-fuer-eine-militarismus-freie-zukunft-anschliessen-muessen\/\" \/>\n<meta property=\"og:site_name\" content=\"Pressenza\" \/>\n<meta property=\"article:publisher\" content=\"https:\/\/www.facebook.com\/PressenzaItalia\" \/>\n<meta property=\"article:published_time\" content=\"2025-04-15T14:21:49+00:00\" \/>\n<meta property=\"og:image\" content=\"https:\/\/www.pressenza.com\/wp-content\/uploads\/2025\/04\/Environmentalists_Unite-820x431-1.png\" \/>\n\t<meta property=\"og:image:width\" content=\"820\" \/>\n\t<meta property=\"og:image:height\" content=\"431\" \/>\n\t<meta property=\"og:image:type\" content=\"image\/png\" \/>\n<meta name=\"author\" content=\"Codepink\" \/>\n<meta name=\"twitter:card\" content=\"summary_large_image\" \/>\n<meta name=\"twitter:creator\" content=\"@PressenzaIPA\" \/>\n<meta name=\"twitter:site\" content=\"@PressenzaIPA\" \/>\n<meta name=\"twitter:label1\" content=\"Verfasst von\" \/>\n\t<meta name=\"twitter:data1\" content=\"Codepink\" \/>\n\t<meta name=\"twitter:label2\" content=\"Gesch\u00e4tzte Lesezeit\" \/>\n\t<meta name=\"twitter:data2\" content=\"6\u00a0Minuten\" \/>\n<script type=\"application\/ld+json\" class=\"yoast-schema-graph\">{\"@context\":\"https:\/\/schema.org\",\"@graph\":[{\"@type\":\"Article\",\"@id\":\"https:\/\/www.pressenza.com\/de\/2025\/04\/warum-sich-mehr-umweltorganisationen-dem-aufruf-fuer-eine-militarismus-freie-zukunft-anschliessen-muessen\/#article\",\"isPartOf\":{\"@id\":\"https:\/\/www.pressenza.com\/de\/2025\/04\/warum-sich-mehr-umweltorganisationen-dem-aufruf-fuer-eine-militarismus-freie-zukunft-anschliessen-muessen\/\"},\"author\":{\"name\":\"Codepink\",\"@id\":\"https:\/\/www.pressenza.com\/de\/#\/schema\/person\/2d49c9a9acd07c5ff531c2ae12afaeda\"},\"headline\":\"Warum sich mehr Umweltorganisationen dem Aufruf f\u00fcr eine Militarismus-freie Zukunft anschlie\u00dfen m\u00fcssen\",\"datePublished\":\"2025-04-15T14:21:49+00:00\",\"mainEntityOfPage\":{\"@id\":\"https:\/\/www.pressenza.com\/de\/2025\/04\/warum-sich-mehr-umweltorganisationen-dem-aufruf-fuer-eine-militarismus-freie-zukunft-anschliessen-muessen\/\"},\"wordCount\":1107,\"publisher\":{\"@id\":\"https:\/\/www.pressenza.com\/de\/#organization\"},\"image\":{\"@id\":\"https:\/\/www.pressenza.com\/de\/2025\/04\/warum-sich-mehr-umweltorganisationen-dem-aufruf-fuer-eine-militarismus-freie-zukunft-anschliessen-muessen\/#primaryimage\"},\"thumbnailUrl\":\"https:\/\/www.pressenza.com\/wp-content\/uploads\/2025\/04\/Environmentalists_Unite-820x431-1.png\",\"keywords\":[\"Anti-Militarismus\",\"Umweltzerst\u00f6rung\"],\"articleSection\":[\"Meinungen\",\"Nordamerika\",\"\u00d6kologie und Umwelt\",\"Politik\"],\"inLanguage\":\"de\"},{\"@type\":\"WebPage\",\"@id\":\"https:\/\/www.pressenza.com\/de\/2025\/04\/warum-sich-mehr-umweltorganisationen-dem-aufruf-fuer-eine-militarismus-freie-zukunft-anschliessen-muessen\/\",\"url\":\"https:\/\/www.pressenza.com\/de\/2025\/04\/warum-sich-mehr-umweltorganisationen-dem-aufruf-fuer-eine-militarismus-freie-zukunft-anschliessen-muessen\/\",\"name\":\"Warum sich mehr Umweltorganisationen dem Aufruf f\u00fcr eine Militarismus-freie Zukunft anschlie\u00dfen m\u00fcssen\",\"isPartOf\":{\"@id\":\"https:\/\/www.pressenza.com\/de\/#website\"},\"primaryImageOfPage\":{\"@id\":\"https:\/\/www.pressenza.com\/de\/2025\/04\/warum-sich-mehr-umweltorganisationen-dem-aufruf-fuer-eine-militarismus-freie-zukunft-anschliessen-muessen\/#primaryimage\"},\"image\":{\"@id\":\"https:\/\/www.pressenza.com\/de\/2025\/04\/warum-sich-mehr-umweltorganisationen-dem-aufruf-fuer-eine-militarismus-freie-zukunft-anschliessen-muessen\/#primaryimage\"},\"thumbnailUrl\":\"https:\/\/www.pressenza.com\/wp-content\/uploads\/2025\/04\/Environmentalists_Unite-820x431-1.png\",\"datePublished\":\"2025-04-15T14:21:49+00:00\",\"description\":\"Die Welt bereitet sich auf einen weiteren Earth Day vor, w\u00e4hrenddessen befindet sich die Bewegung f\u00fcr Umweltgerechtigkeit an einem kritischen Punkt.\",\"breadcrumb\":{\"@id\":\"https:\/\/www.pressenza.com\/de\/2025\/04\/warum-sich-mehr-umweltorganisationen-dem-aufruf-fuer-eine-militarismus-freie-zukunft-anschliessen-muessen\/#breadcrumb\"},\"inLanguage\":\"de\",\"potentialAction\":[{\"@type\":\"ReadAction\",\"target\":[\"https:\/\/www.pressenza.com\/de\/2025\/04\/warum-sich-mehr-umweltorganisationen-dem-aufruf-fuer-eine-militarismus-freie-zukunft-anschliessen-muessen\/\"]}]},{\"@type\":\"ImageObject\",\"inLanguage\":\"de\",\"@id\":\"https:\/\/www.pressenza.com\/de\/2025\/04\/warum-sich-mehr-umweltorganisationen-dem-aufruf-fuer-eine-militarismus-freie-zukunft-anschliessen-muessen\/#primaryimage\",\"url\":\"https:\/\/www.pressenza.com\/wp-content\/uploads\/2025\/04\/Environmentalists_Unite-820x431-1.png\",\"contentUrl\":\"https:\/\/www.pressenza.com\/wp-content\/uploads\/2025\/04\/Environmentalists_Unite-820x431-1.png\",\"width\":820,\"height\":431},{\"@type\":\"BreadcrumbList\",\"@id\":\"https:\/\/www.pressenza.com\/de\/2025\/04\/warum-sich-mehr-umweltorganisationen-dem-aufruf-fuer-eine-militarismus-freie-zukunft-anschliessen-muessen\/#breadcrumb\",\"itemListElement\":[{\"@type\":\"ListItem\",\"position\":1,\"name\":\"Accueil\",\"item\":\"https:\/\/www.pressenza.com\/de\/\"},{\"@type\":\"ListItem\",\"position\":2,\"name\":\"Warum sich mehr Umweltorganisationen dem Aufruf f\u00fcr eine Militarismus-freie Zukunft anschlie\u00dfen m\u00fcssen\"}]},{\"@type\":\"WebSite\",\"@id\":\"https:\/\/www.pressenza.com\/de\/#website\",\"url\":\"https:\/\/www.pressenza.com\/de\/\",\"name\":\"Pressenza\",\"description\":\"International Press Agency\",\"publisher\":{\"@id\":\"https:\/\/www.pressenza.com\/de\/#organization\"},\"potentialAction\":[{\"@type\":\"SearchAction\",\"target\":{\"@type\":\"EntryPoint\",\"urlTemplate\":\"https:\/\/www.pressenza.com\/de\/?s={search_term_string}\"},\"query-input\":{\"@type\":\"PropertyValueSpecification\",\"valueRequired\":true,\"valueName\":\"search_term_string\"}}],\"inLanguage\":\"de\"},{\"@type\":\"Organization\",\"@id\":\"https:\/\/www.pressenza.com\/de\/#organization\",\"name\":\"Pressenza\",\"url\":\"https:\/\/www.pressenza.com\/de\/\",\"logo\":{\"@type\":\"ImageObject\",\"inLanguage\":\"de\",\"@id\":\"https:\/\/www.pressenza.com\/de\/#\/schema\/logo\/image\/\",\"url\":\"https:\/\/www.pressenza.com\/wp-content\/uploads\/2022\/10\/pressenza_logo_200x200.jpg\",\"contentUrl\":\"https:\/\/www.pressenza.com\/wp-content\/uploads\/2022\/10\/pressenza_logo_200x200.jpg\",\"width\":200,\"height\":200,\"caption\":\"Pressenza\"},\"image\":{\"@id\":\"https:\/\/www.pressenza.com\/de\/#\/schema\/logo\/image\/\"},\"sameAs\":[\"https:\/\/www.facebook.com\/PressenzaItalia\",\"https:\/\/x.com\/PressenzaIPA\"]},{\"@type\":\"Person\",\"@id\":\"https:\/\/www.pressenza.com\/de\/#\/schema\/person\/2d49c9a9acd07c5ff531c2ae12afaeda\",\"name\":\"Codepink\",\"description\":\"CODEPINK is a women-led grassroots organization working to end U.S. wars and militarism, support peace and human rights initiatives, and redirect our tax dollars into healthcare, education, green jobs and other life-affirming programs. Founded in autumn 2002 as a grassroots effort to prevent the US war on Iraq, we continue to organize for justice for Iraqis and to hold war criminals accountable. We actively oppose the continuing U.S. war in Afghanistan, torture, the detention center at Guantanamo, weaponized and spy drones, the prosecution of whistleblowers, U.S. support for the Israeli occupation of Palestine and for repressive regimes such as Saudi Arabia.\",\"sameAs\":[\"http:\/\/www.codepink.org\/\"],\"url\":\"https:\/\/www.pressenza.com\/de\/author\/codepink\/\"}]}<\/script>\n<!-- \/ Yoast SEO plugin. -->","yoast_head_json":{"title":"Warum sich mehr Umweltorganisationen dem Aufruf f\u00fcr eine Militarismus-freie Zukunft anschlie\u00dfen m\u00fcssen","description":"Die Welt bereitet sich auf einen weiteren Earth Day vor, w\u00e4hrenddessen befindet sich die Bewegung f\u00fcr Umweltgerechtigkeit an einem kritischen Punkt.","robots":{"index":"index","follow":"follow","max-snippet":"max-snippet:-1","max-image-preview":"max-image-preview:large","max-video-preview":"max-video-preview:-1"},"canonical":"https:\/\/www.pressenza.com\/de\/2025\/04\/warum-sich-mehr-umweltorganisationen-dem-aufruf-fuer-eine-militarismus-freie-zukunft-anschliessen-muessen\/","og_locale":"de_DE","og_type":"article","og_title":"Warum sich mehr Umweltorganisationen dem Aufruf f\u00fcr eine Militarismus-freie Zukunft anschlie\u00dfen m\u00fcssen","og_description":"Die Welt bereitet sich auf einen weiteren Earth Day vor, w\u00e4hrenddessen befindet sich die Bewegung f\u00fcr Umweltgerechtigkeit an einem kritischen Punkt.","og_url":"https:\/\/www.pressenza.com\/de\/2025\/04\/warum-sich-mehr-umweltorganisationen-dem-aufruf-fuer-eine-militarismus-freie-zukunft-anschliessen-muessen\/","og_site_name":"Pressenza","article_publisher":"https:\/\/www.facebook.com\/PressenzaItalia","article_published_time":"2025-04-15T14:21:49+00:00","og_image":[{"width":820,"height":431,"url":"https:\/\/www.pressenza.com\/wp-content\/uploads\/2025\/04\/Environmentalists_Unite-820x431-1.png","type":"image\/png"}],"author":"Codepink","twitter_card":"summary_large_image","twitter_creator":"@PressenzaIPA","twitter_site":"@PressenzaIPA","twitter_misc":{"Verfasst von":"Codepink","Gesch\u00e4tzte Lesezeit":"6\u00a0Minuten"},"schema":{"@context":"https:\/\/schema.org","@graph":[{"@type":"Article","@id":"https:\/\/www.pressenza.com\/de\/2025\/04\/warum-sich-mehr-umweltorganisationen-dem-aufruf-fuer-eine-militarismus-freie-zukunft-anschliessen-muessen\/#article","isPartOf":{"@id":"https:\/\/www.pressenza.com\/de\/2025\/04\/warum-sich-mehr-umweltorganisationen-dem-aufruf-fuer-eine-militarismus-freie-zukunft-anschliessen-muessen\/"},"author":{"name":"Codepink","@id":"https:\/\/www.pressenza.com\/de\/#\/schema\/person\/2d49c9a9acd07c5ff531c2ae12afaeda"},"headline":"Warum sich mehr Umweltorganisationen dem Aufruf f\u00fcr eine Militarismus-freie Zukunft anschlie\u00dfen m\u00fcssen","datePublished":"2025-04-15T14:21:49+00:00","mainEntityOfPage":{"@id":"https:\/\/www.pressenza.com\/de\/2025\/04\/warum-sich-mehr-umweltorganisationen-dem-aufruf-fuer-eine-militarismus-freie-zukunft-anschliessen-muessen\/"},"wordCount":1107,"publisher":{"@id":"https:\/\/www.pressenza.com\/de\/#organization"},"image":{"@id":"https:\/\/www.pressenza.com\/de\/2025\/04\/warum-sich-mehr-umweltorganisationen-dem-aufruf-fuer-eine-militarismus-freie-zukunft-anschliessen-muessen\/#primaryimage"},"thumbnailUrl":"https:\/\/www.pressenza.com\/wp-content\/uploads\/2025\/04\/Environmentalists_Unite-820x431-1.png","keywords":["Anti-Militarismus","Umweltzerst\u00f6rung"],"articleSection":["Meinungen","Nordamerika","\u00d6kologie und Umwelt","Politik"],"inLanguage":"de"},{"@type":"WebPage","@id":"https:\/\/www.pressenza.com\/de\/2025\/04\/warum-sich-mehr-umweltorganisationen-dem-aufruf-fuer-eine-militarismus-freie-zukunft-anschliessen-muessen\/","url":"https:\/\/www.pressenza.com\/de\/2025\/04\/warum-sich-mehr-umweltorganisationen-dem-aufruf-fuer-eine-militarismus-freie-zukunft-anschliessen-muessen\/","name":"Warum sich mehr Umweltorganisationen dem Aufruf f\u00fcr eine Militarismus-freie Zukunft anschlie\u00dfen m\u00fcssen","isPartOf":{"@id":"https:\/\/www.pressenza.com\/de\/#website"},"primaryImageOfPage":{"@id":"https:\/\/www.pressenza.com\/de\/2025\/04\/warum-sich-mehr-umweltorganisationen-dem-aufruf-fuer-eine-militarismus-freie-zukunft-anschliessen-muessen\/#primaryimage"},"image":{"@id":"https:\/\/www.pressenza.com\/de\/2025\/04\/warum-sich-mehr-umweltorganisationen-dem-aufruf-fuer-eine-militarismus-freie-zukunft-anschliessen-muessen\/#primaryimage"},"thumbnailUrl":"https:\/\/www.pressenza.com\/wp-content\/uploads\/2025\/04\/Environmentalists_Unite-820x431-1.png","datePublished":"2025-04-15T14:21:49+00:00","description":"Die Welt bereitet sich auf einen weiteren Earth Day vor, w\u00e4hrenddessen befindet sich die Bewegung f\u00fcr Umweltgerechtigkeit an einem kritischen Punkt.","breadcrumb":{"@id":"https:\/\/www.pressenza.com\/de\/2025\/04\/warum-sich-mehr-umweltorganisationen-dem-aufruf-fuer-eine-militarismus-freie-zukunft-anschliessen-muessen\/#breadcrumb"},"inLanguage":"de","potentialAction":[{"@type":"ReadAction","target":["https:\/\/www.pressenza.com\/de\/2025\/04\/warum-sich-mehr-umweltorganisationen-dem-aufruf-fuer-eine-militarismus-freie-zukunft-anschliessen-muessen\/"]}]},{"@type":"ImageObject","inLanguage":"de","@id":"https:\/\/www.pressenza.com\/de\/2025\/04\/warum-sich-mehr-umweltorganisationen-dem-aufruf-fuer-eine-militarismus-freie-zukunft-anschliessen-muessen\/#primaryimage","url":"https:\/\/www.pressenza.com\/wp-content\/uploads\/2025\/04\/Environmentalists_Unite-820x431-1.png","contentUrl":"https:\/\/www.pressenza.com\/wp-content\/uploads\/2025\/04\/Environmentalists_Unite-820x431-1.png","width":820,"height":431},{"@type":"BreadcrumbList","@id":"https:\/\/www.pressenza.com\/de\/2025\/04\/warum-sich-mehr-umweltorganisationen-dem-aufruf-fuer-eine-militarismus-freie-zukunft-anschliessen-muessen\/#breadcrumb","itemListElement":[{"@type":"ListItem","position":1,"name":"Accueil","item":"https:\/\/www.pressenza.com\/de\/"},{"@type":"ListItem","position":2,"name":"Warum sich mehr Umweltorganisationen dem Aufruf f\u00fcr eine Militarismus-freie Zukunft anschlie\u00dfen m\u00fcssen"}]},{"@type":"WebSite","@id":"https:\/\/www.pressenza.com\/de\/#website","url":"https:\/\/www.pressenza.com\/de\/","name":"Pressenza","description":"International Press Agency","publisher":{"@id":"https:\/\/www.pressenza.com\/de\/#organization"},"potentialAction":[{"@type":"SearchAction","target":{"@type":"EntryPoint","urlTemplate":"https:\/\/www.pressenza.com\/de\/?s={search_term_string}"},"query-input":{"@type":"PropertyValueSpecification","valueRequired":true,"valueName":"search_term_string"}}],"inLanguage":"de"},{"@type":"Organization","@id":"https:\/\/www.pressenza.com\/de\/#organization","name":"Pressenza","url":"https:\/\/www.pressenza.com\/de\/","logo":{"@type":"ImageObject","inLanguage":"de","@id":"https:\/\/www.pressenza.com\/de\/#\/schema\/logo\/image\/","url":"https:\/\/www.pressenza.com\/wp-content\/uploads\/2022\/10\/pressenza_logo_200x200.jpg","contentUrl":"https:\/\/www.pressenza.com\/wp-content\/uploads\/2022\/10\/pressenza_logo_200x200.jpg","width":200,"height":200,"caption":"Pressenza"},"image":{"@id":"https:\/\/www.pressenza.com\/de\/#\/schema\/logo\/image\/"},"sameAs":["https:\/\/www.facebook.com\/PressenzaItalia","https:\/\/x.com\/PressenzaIPA"]},{"@type":"Person","@id":"https:\/\/www.pressenza.com\/de\/#\/schema\/person\/2d49c9a9acd07c5ff531c2ae12afaeda","name":"Codepink","description":"CODEPINK is a women-led grassroots organization working to end U.S. wars and militarism, support peace and human rights initiatives, and redirect our tax dollars into healthcare, education, green jobs and other life-affirming programs. Founded in autumn 2002 as a grassroots effort to prevent the US war on Iraq, we continue to organize for justice for Iraqis and to hold war criminals accountable. We actively oppose the continuing U.S. war in Afghanistan, torture, the detention center at Guantanamo, weaponized and spy drones, the prosecution of whistleblowers, U.S. support for the Israeli occupation of Palestine and for repressive regimes such as Saudi Arabia.","sameAs":["http:\/\/www.codepink.org\/"],"url":"https:\/\/www.pressenza.com\/de\/author\/codepink\/"}]}},"place":"","original_article_url":"","_links":{"self":[{"href":"https:\/\/www.pressenza.com\/de\/wp-json\/wp\/v2\/posts\/2597920","targetHints":{"allow":["GET"]}}],"collection":[{"href":"https:\/\/www.pressenza.com\/de\/wp-json\/wp\/v2\/posts"}],"about":[{"href":"https:\/\/www.pressenza.com\/de\/wp-json\/wp\/v2\/types\/post"}],"author":[{"embeddable":true,"href":"https:\/\/www.pressenza.com\/de\/wp-json\/wp\/v2\/users\/1361"}],"replies":[{"embeddable":true,"href":"https:\/\/www.pressenza.com\/de\/wp-json\/wp\/v2\/comments?post=2597920"}],"version-history":[{"count":0,"href":"https:\/\/www.pressenza.com\/de\/wp-json\/wp\/v2\/posts\/2597920\/revisions"}],"wp:featuredmedia":[{"embeddable":true,"href":"https:\/\/www.pressenza.com\/de\/wp-json\/wp\/v2\/media\/2597926"}],"wp:attachment":[{"href":"https:\/\/www.pressenza.com\/de\/wp-json\/wp\/v2\/media?parent=2597920"}],"wp:term":[{"taxonomy":"category","embeddable":true,"href":"https:\/\/www.pressenza.com\/de\/wp-json\/wp\/v2\/categories?post=2597920"},{"taxonomy":"post_tag","embeddable":true,"href":"https:\/\/www.pressenza.com\/de\/wp-json\/wp\/v2\/tags?post=2597920"}],"curies":[{"name":"wp","href":"https:\/\/api.w.org\/{rel}","templated":true}]}}