{"id":2590573,"date":"2025-03-17T15:43:06","date_gmt":"2025-03-17T15:43:06","guid":{"rendered":"https:\/\/www.pressenza.com\/?p=2590573"},"modified":"2025-03-17T15:43:06","modified_gmt":"2025-03-17T15:43:06","slug":"us-regierung-zensiert-und-aendert-wortwahl-in-dokumenten","status":"publish","type":"post","link":"https:\/\/www.pressenza.com\/de\/2025\/03\/us-regierung-zensiert-und-aendert-wortwahl-in-dokumenten\/","title":{"rendered":"US-Regierung zensiert und \u00e4ndert Wortwahl in Dokumenten"},"content":{"rendered":"<div class=\"entry-content\">\n<p class=\"author-meta\"><strong>Gel\u00f6scht oder ge\u00e4ndert: \u00abPariser Abkommen\u00bb, \u00abUngleichheiten, \u00abLGBTQ\u00bb, \u00abvielf\u00e4ltige Belegschaft\u00bb, \u00abrassistische Ungerechtigkeit\u00bb.<\/strong><\/p>\n<p><em>Online-Zeitung <a href=\"https:\/\/www.infosperber.ch\/politik\/welt\/us-regierung-zensiert-und-aendert-wortwahl-in-dokumenten\/\" target=\"_blank\" rel=\"noopener\">INFOSperber<\/a><\/em><\/p>\n<\/div>\n<div class=\"entry-content clearfix\">\n<p>In bereits \u00fcber 250 bestehenden Regierungsdokumenten hat die US-Regierung W\u00f6rter und Ausdr\u00fccke ge\u00e4ndert, die nicht zu ihrer Ideologie passen. Das sei wohl erst der Anfang, meint die \u00abNew York Times\u00bb. Zum Eliminieren von \u00abwoken\u00bb Ausdr\u00fccken h\u00e4tten US Bundesstellen\u00a0<a href=\"https:\/\/www.nytimes.com\/interactive\/2025\/03\/07\/us\/trump-federal-agencies-websites-words-dei.html?\">Hunderte W\u00f6rter<\/a>\u00a0zusammengestellt, die in Regierungspapieren so wenig wie m\u00f6glich oder gar nicht verwendet werden sollen.<\/p>\n<p>Darunter befinden sich W\u00f6rter und Ausdr\u00fccke wie\u00a0<em>Aktivisten, Antirassismus, Vielfalt in der Gemeinschaft, kulturelle Kompetenz, kulturelles Erbe, Behinderung, diskriminiert, Ungleichheit, vielf\u00e4ltig, diversifiziert, Umweltqualit\u00e4t, Chancengleichheit, Frauen (!), untervertretene Frauen, Ethnizit\u00e4t, Ausgrenzung, Feminismus, Golf von Mexiko, Hassrede, implizite Voreingenommenheit, Inklusion, Ungerechtigkeiten, marginalisieren, unterprivilegiert, psychische Gesundheit<\/em><em>.<\/em><\/p>\n<p>Die \u00abNew York Times\u00bb ver\u00f6ffentlichte folgende vier Beispiele von ver\u00e4nderten Dokumenten: In roter Farbe die gel\u00f6schten W\u00f6rter oder Passagen. In gr\u00fcner Farbe neu hinzugef\u00fcgte W\u00f6rter.<\/p>\n<p><strong>Webseite des Programms <a href=\"https:\/\/de.wikipedia.org\/wiki\/Head_Start\" target=\"_blank\" rel=\"noreferrer noopener\">Head Start<\/a> des US-Gesundheitsdepartements, das Kinder von Familien mit niedrigen Einkommen unterst\u00fctzt.<\/strong><\/p>\n<div id=\"attachment_2590580\" class=\"wp-caption alignnone\"><img loading=\"lazy\" decoding=\"async\" aria-describedby=\"caption-attachment-2590580\" class=\"wp-image-2590580\" src=\"https:\/\/www.pressenza.com\/wp-content\/uploads\/2025\/03\/Z-2021-Head-Start-memo-X.png\" alt=\"\" width=\"822\" height=\"469\" srcset=\"https:\/\/www.pressenza.com\/wp-content\/uploads\/2025\/03\/Z-2021-Head-Start-memo-X.png 750w, https:\/\/www.pressenza.com\/wp-content\/uploads\/2025\/03\/Z-2021-Head-Start-memo-X-300x171.png 300w\" sizes=\"auto, (max-width: 822px) 100vw, 822px\" \/><p id=\"caption-attachment-2590580\" class=\"wp-caption-text\"><em> \u00a9 NYT<\/em><\/p><\/div>\n<\/div>\n<p><strong>Das <a href=\"https:\/\/www.state.gov\/bureaus-offices\/under-secretary-for-economic-growth-energy-and-the-environment\/bureau-of-oceans-and-international-environmental-and-scientific-affairs\/office-of-global-change\/\" target=\"_blank\" rel=\"noreferrer noopener\">\u00abOffice of Global Change\u00bb<\/a> des \u00abU.S. State Department\u00bb ist f\u00fcr die US-Klimapolitik zust\u00e4ndig.<\/strong><\/p>\n<div id=\"attachment_2590581\" class=\"wp-caption alignnone\"><img loading=\"lazy\" decoding=\"async\" aria-describedby=\"caption-attachment-2590581\" class=\"wp-image-2590581\" src=\"https:\/\/www.pressenza.com\/wp-content\/uploads\/2025\/03\/Z-State-Departement-Global-Change-X.png\" alt=\"\" width=\"821\" height=\"404\" srcset=\"https:\/\/www.pressenza.com\/wp-content\/uploads\/2025\/03\/Z-State-Departement-Global-Change-X.png 750w, https:\/\/www.pressenza.com\/wp-content\/uploads\/2025\/03\/Z-State-Departement-Global-Change-X-300x148.png 300w\" sizes=\"auto, (max-width: 821px) 100vw, 821px\" \/><p id=\"caption-attachment-2590581\" class=\"wp-caption-text\"><em> \u00a9 NYT<\/em><\/p><\/div>\n<p><strong>Die <a href=\"https:\/\/www.faa.gov\" target=\"_blank\" rel=\"noreferrer noopener\">\u00abFederal Aviation Administration\u00bb<\/a> des US-Transport-Departements.<\/strong><\/p>\n<div id=\"attachment_2590583\" class=\"wp-caption alignnone\"><img loading=\"lazy\" decoding=\"async\" aria-describedby=\"caption-attachment-2590583\" class=\"wp-image-2590583\" src=\"https:\/\/www.pressenza.com\/wp-content\/uploads\/2025\/03\/Z-Federal-Aviation-Administration-X.png\" alt=\"\" width=\"826\" height=\"292\" srcset=\"https:\/\/www.pressenza.com\/wp-content\/uploads\/2025\/03\/Z-Federal-Aviation-Administration-X.png 750w, https:\/\/www.pressenza.com\/wp-content\/uploads\/2025\/03\/Z-Federal-Aviation-Administration-X-300x106.png 300w\" sizes=\"auto, (max-width: 826px) 100vw, 826px\" \/><p id=\"caption-attachment-2590583\" class=\"wp-caption-text\"><em> \u00a9 NYT<\/em><\/p><\/div>\n<p><strong>Webeite des Stonewall National Monument in New York.<\/strong><br \/>\nEs\u00a0sei \u00abdas erste LGBTQ-Nationaldenkmal, das dem Geburtsort der modernen B\u00fcrgerrechtsbewegung f\u00fcr Lesben, Schwule, Bisexuelle, Transgender und Queers gewidmet ist\u00bb, heisst es auf der <a href=\"https:\/\/www.nationalparks.org\/explore\/parks\/stonewall-national-monument\" target=\"_blank\" rel=\"noreferrer noopener\">Website von 2020<\/a>.<\/p>\n<div id=\"attachment_2590585\" class=\"wp-caption alignnone\"><img loading=\"lazy\" decoding=\"async\" aria-describedby=\"caption-attachment-2590585\" class=\"wp-image-2590585\" src=\"https:\/\/www.pressenza.com\/wp-content\/uploads\/2025\/03\/Z-National-Park-Service-x.png\" alt=\"\" width=\"824\" height=\"256\" srcset=\"https:\/\/www.pressenza.com\/wp-content\/uploads\/2025\/03\/Z-National-Park-Service-x.png 750w, https:\/\/www.pressenza.com\/wp-content\/uploads\/2025\/03\/Z-National-Park-Service-x-300x93.png 300w\" sizes=\"auto, (max-width: 824px) 100vw, 824px\" \/><p id=\"caption-attachment-2590585\" class=\"wp-caption-text\"><em> \u00a9 NYT<\/em><\/p><\/div>\n","protected":false},"excerpt":{"rendered":"<p>Gel\u00f6scht oder ge\u00e4ndert: \u00abPariser Abkommen\u00bb, \u00abUngleichheiten, \u00abLGBTQ\u00bb, \u00abvielf\u00e4ltige Belegschaft\u00bb, \u00abrassistische Ungerechtigkeit\u00bb. Online-Zeitung INFOSperber In bereits \u00fcber 250 bestehenden Regierungsdokumenten hat die US-Regierung W\u00f6rter und Ausdr\u00fccke ge\u00e4ndert, die nicht zu ihrer Ideologie passen. Das sei wohl erst der Anfang, meint die&hellip;<\/p>\n","protected":false},"author":1855,"featured_media":2590591,"comment_status":"closed","ping_status":"closed","sticky":false,"template":"","format":"standard","meta":{"footnotes":""},"categories":[9152,9168,9165],"tags":[26189,11219,35300,9767,24812],"class_list":["post-2590573","post","type-post","status-publish","format-standard","has-post-thumbnail","hentry","category-nordamerika","category-politik","category-vielfalt","tag-donald-trump-de","tag-meinungsfreiheit","tag-us-regierung","tag-usa-de","tag-zensur"],"yoast_head":"<!-- This site is optimized with the Yoast SEO plugin v27.1.1 - https:\/\/yoast.com\/product\/yoast-seo-wordpress\/ -->\n<title>US-Regierung zensiert und \u00e4ndert Wortwahl in Dokumenten<\/title>\n<meta name=\"description\" content=\"Gel\u00f6scht oder ge\u00e4ndert: \u00abPariser Abkommen\u00bb, \u00abUngleichheiten, \u00abLGBTQ\u00bb, \u00abvielf\u00e4ltige Belegschaft\u00bb, \u00abrassistische Ungerechtigkeit\u00bb. Online-Zeitung\" \/>\n<meta name=\"robots\" content=\"index, follow, max-snippet:-1, max-image-preview:large, max-video-preview:-1\" \/>\n<link rel=\"canonical\" href=\"https:\/\/www.pressenza.com\/de\/2025\/03\/us-regierung-zensiert-und-aendert-wortwahl-in-dokumenten\/\" \/>\n<meta property=\"og:locale\" content=\"de_DE\" \/>\n<meta property=\"og:type\" content=\"article\" \/>\n<meta property=\"og:title\" content=\"US-Regierung zensiert und \u00e4ndert Wortwahl in Dokumenten\" \/>\n<meta property=\"og:description\" content=\"Gel\u00f6scht oder ge\u00e4ndert: \u00abPariser Abkommen\u00bb, \u00abUngleichheiten, \u00abLGBTQ\u00bb, \u00abvielf\u00e4ltige Belegschaft\u00bb, \u00abrassistische Ungerechtigkeit\u00bb. Online-Zeitung\" \/>\n<meta property=\"og:url\" content=\"https:\/\/www.pressenza.com\/de\/2025\/03\/us-regierung-zensiert-und-aendert-wortwahl-in-dokumenten\/\" \/>\n<meta property=\"og:site_name\" content=\"Pressenza\" \/>\n<meta property=\"article:publisher\" content=\"https:\/\/www.facebook.com\/PressenzaItalia\" \/>\n<meta property=\"article:published_time\" content=\"2025-03-17T15:43:06+00:00\" \/>\n<meta property=\"og:image\" content=\"https:\/\/www.pressenza.com\/wp-content\/uploads\/2025\/03\/Trump-am-Tag-der-Amtseinfuehrung-e1741955171109-2.png\" \/>\n\t<meta property=\"og:image:width\" content=\"820\" \/>\n\t<meta property=\"og:image:height\" content=\"492\" \/>\n\t<meta property=\"og:image:type\" content=\"image\/png\" \/>\n<meta name=\"author\" content=\"INFOsperber\" \/>\n<meta name=\"twitter:card\" content=\"summary_large_image\" \/>\n<meta name=\"twitter:creator\" content=\"@PressenzaIPA\" \/>\n<meta name=\"twitter:site\" content=\"@PressenzaIPA\" \/>\n<meta name=\"twitter:label1\" content=\"Verfasst von\" \/>\n\t<meta name=\"twitter:data1\" content=\"INFOsperber\" \/>\n\t<meta name=\"twitter:label2\" content=\"Gesch\u00e4tzte Lesezeit\" \/>\n\t<meta name=\"twitter:data2\" content=\"3\u00a0Minuten\" \/>\n<script type=\"application\/ld+json\" class=\"yoast-schema-graph\">{\"@context\":\"https:\/\/schema.org\",\"@graph\":[{\"@type\":\"Article\",\"@id\":\"https:\/\/www.pressenza.com\/de\/2025\/03\/us-regierung-zensiert-und-aendert-wortwahl-in-dokumenten\/#article\",\"isPartOf\":{\"@id\":\"https:\/\/www.pressenza.com\/de\/2025\/03\/us-regierung-zensiert-und-aendert-wortwahl-in-dokumenten\/\"},\"author\":{\"name\":\"INFOsperber\",\"@id\":\"https:\/\/www.pressenza.com\/de\/#\/schema\/person\/77735f6583e3041b31ebc7b93a284357\"},\"headline\":\"US-Regierung zensiert und \u00e4ndert Wortwahl in Dokumenten\",\"datePublished\":\"2025-03-17T15:43:06+00:00\",\"mainEntityOfPage\":{\"@id\":\"https:\/\/www.pressenza.com\/de\/2025\/03\/us-regierung-zensiert-und-aendert-wortwahl-in-dokumenten\/\"},\"wordCount\":269,\"publisher\":{\"@id\":\"https:\/\/www.pressenza.com\/de\/#organization\"},\"image\":{\"@id\":\"https:\/\/www.pressenza.com\/de\/2025\/03\/us-regierung-zensiert-und-aendert-wortwahl-in-dokumenten\/#primaryimage\"},\"thumbnailUrl\":\"https:\/\/www.pressenza.com\/wp-content\/uploads\/2025\/03\/Trump-am-Tag-der-Amtseinfuehrung-e1741955171109-2.png\",\"keywords\":[\"Donald Trump\",\"Meinungsfreiheit\",\"US-Regierung\",\"USA\",\"Zensur\"],\"articleSection\":[\"Nordamerika\",\"Politik\",\"Vielfalt\"],\"inLanguage\":\"de\"},{\"@type\":\"WebPage\",\"@id\":\"https:\/\/www.pressenza.com\/de\/2025\/03\/us-regierung-zensiert-und-aendert-wortwahl-in-dokumenten\/\",\"url\":\"https:\/\/www.pressenza.com\/de\/2025\/03\/us-regierung-zensiert-und-aendert-wortwahl-in-dokumenten\/\",\"name\":\"US-Regierung zensiert und \u00e4ndert Wortwahl in Dokumenten\",\"isPartOf\":{\"@id\":\"https:\/\/www.pressenza.com\/de\/#website\"},\"primaryImageOfPage\":{\"@id\":\"https:\/\/www.pressenza.com\/de\/2025\/03\/us-regierung-zensiert-und-aendert-wortwahl-in-dokumenten\/#primaryimage\"},\"image\":{\"@id\":\"https:\/\/www.pressenza.com\/de\/2025\/03\/us-regierung-zensiert-und-aendert-wortwahl-in-dokumenten\/#primaryimage\"},\"thumbnailUrl\":\"https:\/\/www.pressenza.com\/wp-content\/uploads\/2025\/03\/Trump-am-Tag-der-Amtseinfuehrung-e1741955171109-2.png\",\"datePublished\":\"2025-03-17T15:43:06+00:00\",\"description\":\"Gel\u00f6scht oder ge\u00e4ndert: \u00abPariser Abkommen\u00bb, \u00abUngleichheiten, \u00abLGBTQ\u00bb, \u00abvielf\u00e4ltige Belegschaft\u00bb, \u00abrassistische Ungerechtigkeit\u00bb. Online-Zeitung\",\"breadcrumb\":{\"@id\":\"https:\/\/www.pressenza.com\/de\/2025\/03\/us-regierung-zensiert-und-aendert-wortwahl-in-dokumenten\/#breadcrumb\"},\"inLanguage\":\"de\",\"potentialAction\":[{\"@type\":\"ReadAction\",\"target\":[\"https:\/\/www.pressenza.com\/de\/2025\/03\/us-regierung-zensiert-und-aendert-wortwahl-in-dokumenten\/\"]}]},{\"@type\":\"ImageObject\",\"inLanguage\":\"de\",\"@id\":\"https:\/\/www.pressenza.com\/de\/2025\/03\/us-regierung-zensiert-und-aendert-wortwahl-in-dokumenten\/#primaryimage\",\"url\":\"https:\/\/www.pressenza.com\/wp-content\/uploads\/2025\/03\/Trump-am-Tag-der-Amtseinfuehrung-e1741955171109-2.png\",\"contentUrl\":\"https:\/\/www.pressenza.com\/wp-content\/uploads\/2025\/03\/Trump-am-Tag-der-Amtseinfuehrung-e1741955171109-2.png\",\"width\":820,\"height\":492,\"caption\":\"US-Regierung zensiert und \u00e4ndert Wortwahl in Dokumenten\"},{\"@type\":\"BreadcrumbList\",\"@id\":\"https:\/\/www.pressenza.com\/de\/2025\/03\/us-regierung-zensiert-und-aendert-wortwahl-in-dokumenten\/#breadcrumb\",\"itemListElement\":[{\"@type\":\"ListItem\",\"position\":1,\"name\":\"Accueil\",\"item\":\"https:\/\/www.pressenza.com\/de\/\"},{\"@type\":\"ListItem\",\"position\":2,\"name\":\"US-Regierung zensiert und \u00e4ndert Wortwahl in Dokumenten\"}]},{\"@type\":\"WebSite\",\"@id\":\"https:\/\/www.pressenza.com\/de\/#website\",\"url\":\"https:\/\/www.pressenza.com\/de\/\",\"name\":\"Pressenza\",\"description\":\"International Press Agency\",\"publisher\":{\"@id\":\"https:\/\/www.pressenza.com\/de\/#organization\"},\"potentialAction\":[{\"@type\":\"SearchAction\",\"target\":{\"@type\":\"EntryPoint\",\"urlTemplate\":\"https:\/\/www.pressenza.com\/de\/?s={search_term_string}\"},\"query-input\":{\"@type\":\"PropertyValueSpecification\",\"valueRequired\":true,\"valueName\":\"search_term_string\"}}],\"inLanguage\":\"de\"},{\"@type\":\"Organization\",\"@id\":\"https:\/\/www.pressenza.com\/de\/#organization\",\"name\":\"Pressenza\",\"url\":\"https:\/\/www.pressenza.com\/de\/\",\"logo\":{\"@type\":\"ImageObject\",\"inLanguage\":\"de\",\"@id\":\"https:\/\/www.pressenza.com\/de\/#\/schema\/logo\/image\/\",\"url\":\"https:\/\/www.pressenza.com\/wp-content\/uploads\/2022\/10\/pressenza_logo_200x200.jpg\",\"contentUrl\":\"https:\/\/www.pressenza.com\/wp-content\/uploads\/2022\/10\/pressenza_logo_200x200.jpg\",\"width\":200,\"height\":200,\"caption\":\"Pressenza\"},\"image\":{\"@id\":\"https:\/\/www.pressenza.com\/de\/#\/schema\/logo\/image\/\"},\"sameAs\":[\"https:\/\/www.facebook.com\/PressenzaItalia\",\"https:\/\/x.com\/PressenzaIPA\"]},{\"@type\":\"Person\",\"@id\":\"https:\/\/www.pressenza.com\/de\/#\/schema\/person\/77735f6583e3041b31ebc7b93a284357\",\"name\":\"INFOsperber\",\"description\":\"Infosperber.ch - sieht, was andere \u00fcbersehen Die Schweizer Internet-Zeitung richtet sich an Entscheidungstr\u00e4ger in Gesellschaft, Wirtschaft und Politik sowie alle, die erg\u00e4nzende Informationen zu den grossen Medien suchen. Infosperber will die grossen Informations-Medien nicht konkurrenzieren, sondern diese erg\u00e4nzen. \u00a9 Das Weiterverbreiten s\u00e4mtlicher auf dem gemeinn\u00fctzigen Portal www.infosperber.ch enthaltenen Texte ist ohne Kostenfolge erlaubt, sofern die Texte integral ohne K\u00fcrzung und mit Quellenangaben (Autor und \u00abInfosperber\u00bb) verbreitet werden. Bei einer Online-Nutzung ist die Quellenangabe m\u00f6glichst schon am Anfang des Artikels mit einem Link auf infosperber.ch zu versehen. F\u00fcr das Verbreiten von gek\u00fcrzten oder abge\u00e4nderten Texten ist das schriftliche Einverst\u00e4ndnis der AutorInnen erforderlich.\",\"sameAs\":[\"https:\/\/www.infosperber.ch\/\"],\"url\":\"https:\/\/www.pressenza.com\/de\/author\/infosperber\/\"}]}<\/script>\n<!-- \/ Yoast SEO plugin. -->","yoast_head_json":{"title":"US-Regierung zensiert und \u00e4ndert Wortwahl in Dokumenten","description":"Gel\u00f6scht oder ge\u00e4ndert: \u00abPariser Abkommen\u00bb, \u00abUngleichheiten, \u00abLGBTQ\u00bb, \u00abvielf\u00e4ltige Belegschaft\u00bb, \u00abrassistische Ungerechtigkeit\u00bb. Online-Zeitung","robots":{"index":"index","follow":"follow","max-snippet":"max-snippet:-1","max-image-preview":"max-image-preview:large","max-video-preview":"max-video-preview:-1"},"canonical":"https:\/\/www.pressenza.com\/de\/2025\/03\/us-regierung-zensiert-und-aendert-wortwahl-in-dokumenten\/","og_locale":"de_DE","og_type":"article","og_title":"US-Regierung zensiert und \u00e4ndert Wortwahl in Dokumenten","og_description":"Gel\u00f6scht oder ge\u00e4ndert: \u00abPariser Abkommen\u00bb, \u00abUngleichheiten, \u00abLGBTQ\u00bb, \u00abvielf\u00e4ltige Belegschaft\u00bb, \u00abrassistische Ungerechtigkeit\u00bb. Online-Zeitung","og_url":"https:\/\/www.pressenza.com\/de\/2025\/03\/us-regierung-zensiert-und-aendert-wortwahl-in-dokumenten\/","og_site_name":"Pressenza","article_publisher":"https:\/\/www.facebook.com\/PressenzaItalia","article_published_time":"2025-03-17T15:43:06+00:00","og_image":[{"width":820,"height":492,"url":"https:\/\/www.pressenza.com\/wp-content\/uploads\/2025\/03\/Trump-am-Tag-der-Amtseinfuehrung-e1741955171109-2.png","type":"image\/png"}],"author":"INFOsperber","twitter_card":"summary_large_image","twitter_creator":"@PressenzaIPA","twitter_site":"@PressenzaIPA","twitter_misc":{"Verfasst von":"INFOsperber","Gesch\u00e4tzte Lesezeit":"3\u00a0Minuten"},"schema":{"@context":"https:\/\/schema.org","@graph":[{"@type":"Article","@id":"https:\/\/www.pressenza.com\/de\/2025\/03\/us-regierung-zensiert-und-aendert-wortwahl-in-dokumenten\/#article","isPartOf":{"@id":"https:\/\/www.pressenza.com\/de\/2025\/03\/us-regierung-zensiert-und-aendert-wortwahl-in-dokumenten\/"},"author":{"name":"INFOsperber","@id":"https:\/\/www.pressenza.com\/de\/#\/schema\/person\/77735f6583e3041b31ebc7b93a284357"},"headline":"US-Regierung zensiert und \u00e4ndert Wortwahl in Dokumenten","datePublished":"2025-03-17T15:43:06+00:00","mainEntityOfPage":{"@id":"https:\/\/www.pressenza.com\/de\/2025\/03\/us-regierung-zensiert-und-aendert-wortwahl-in-dokumenten\/"},"wordCount":269,"publisher":{"@id":"https:\/\/www.pressenza.com\/de\/#organization"},"image":{"@id":"https:\/\/www.pressenza.com\/de\/2025\/03\/us-regierung-zensiert-und-aendert-wortwahl-in-dokumenten\/#primaryimage"},"thumbnailUrl":"https:\/\/www.pressenza.com\/wp-content\/uploads\/2025\/03\/Trump-am-Tag-der-Amtseinfuehrung-e1741955171109-2.png","keywords":["Donald Trump","Meinungsfreiheit","US-Regierung","USA","Zensur"],"articleSection":["Nordamerika","Politik","Vielfalt"],"inLanguage":"de"},{"@type":"WebPage","@id":"https:\/\/www.pressenza.com\/de\/2025\/03\/us-regierung-zensiert-und-aendert-wortwahl-in-dokumenten\/","url":"https:\/\/www.pressenza.com\/de\/2025\/03\/us-regierung-zensiert-und-aendert-wortwahl-in-dokumenten\/","name":"US-Regierung zensiert und \u00e4ndert Wortwahl in Dokumenten","isPartOf":{"@id":"https:\/\/www.pressenza.com\/de\/#website"},"primaryImageOfPage":{"@id":"https:\/\/www.pressenza.com\/de\/2025\/03\/us-regierung-zensiert-und-aendert-wortwahl-in-dokumenten\/#primaryimage"},"image":{"@id":"https:\/\/www.pressenza.com\/de\/2025\/03\/us-regierung-zensiert-und-aendert-wortwahl-in-dokumenten\/#primaryimage"},"thumbnailUrl":"https:\/\/www.pressenza.com\/wp-content\/uploads\/2025\/03\/Trump-am-Tag-der-Amtseinfuehrung-e1741955171109-2.png","datePublished":"2025-03-17T15:43:06+00:00","description":"Gel\u00f6scht oder ge\u00e4ndert: \u00abPariser Abkommen\u00bb, \u00abUngleichheiten, \u00abLGBTQ\u00bb, \u00abvielf\u00e4ltige Belegschaft\u00bb, \u00abrassistische Ungerechtigkeit\u00bb. Online-Zeitung","breadcrumb":{"@id":"https:\/\/www.pressenza.com\/de\/2025\/03\/us-regierung-zensiert-und-aendert-wortwahl-in-dokumenten\/#breadcrumb"},"inLanguage":"de","potentialAction":[{"@type":"ReadAction","target":["https:\/\/www.pressenza.com\/de\/2025\/03\/us-regierung-zensiert-und-aendert-wortwahl-in-dokumenten\/"]}]},{"@type":"ImageObject","inLanguage":"de","@id":"https:\/\/www.pressenza.com\/de\/2025\/03\/us-regierung-zensiert-und-aendert-wortwahl-in-dokumenten\/#primaryimage","url":"https:\/\/www.pressenza.com\/wp-content\/uploads\/2025\/03\/Trump-am-Tag-der-Amtseinfuehrung-e1741955171109-2.png","contentUrl":"https:\/\/www.pressenza.com\/wp-content\/uploads\/2025\/03\/Trump-am-Tag-der-Amtseinfuehrung-e1741955171109-2.png","width":820,"height":492,"caption":"US-Regierung zensiert und \u00e4ndert Wortwahl in Dokumenten"},{"@type":"BreadcrumbList","@id":"https:\/\/www.pressenza.com\/de\/2025\/03\/us-regierung-zensiert-und-aendert-wortwahl-in-dokumenten\/#breadcrumb","itemListElement":[{"@type":"ListItem","position":1,"name":"Accueil","item":"https:\/\/www.pressenza.com\/de\/"},{"@type":"ListItem","position":2,"name":"US-Regierung zensiert und \u00e4ndert Wortwahl in Dokumenten"}]},{"@type":"WebSite","@id":"https:\/\/www.pressenza.com\/de\/#website","url":"https:\/\/www.pressenza.com\/de\/","name":"Pressenza","description":"International Press Agency","publisher":{"@id":"https:\/\/www.pressenza.com\/de\/#organization"},"potentialAction":[{"@type":"SearchAction","target":{"@type":"EntryPoint","urlTemplate":"https:\/\/www.pressenza.com\/de\/?s={search_term_string}"},"query-input":{"@type":"PropertyValueSpecification","valueRequired":true,"valueName":"search_term_string"}}],"inLanguage":"de"},{"@type":"Organization","@id":"https:\/\/www.pressenza.com\/de\/#organization","name":"Pressenza","url":"https:\/\/www.pressenza.com\/de\/","logo":{"@type":"ImageObject","inLanguage":"de","@id":"https:\/\/www.pressenza.com\/de\/#\/schema\/logo\/image\/","url":"https:\/\/www.pressenza.com\/wp-content\/uploads\/2022\/10\/pressenza_logo_200x200.jpg","contentUrl":"https:\/\/www.pressenza.com\/wp-content\/uploads\/2022\/10\/pressenza_logo_200x200.jpg","width":200,"height":200,"caption":"Pressenza"},"image":{"@id":"https:\/\/www.pressenza.com\/de\/#\/schema\/logo\/image\/"},"sameAs":["https:\/\/www.facebook.com\/PressenzaItalia","https:\/\/x.com\/PressenzaIPA"]},{"@type":"Person","@id":"https:\/\/www.pressenza.com\/de\/#\/schema\/person\/77735f6583e3041b31ebc7b93a284357","name":"INFOsperber","description":"Infosperber.ch - sieht, was andere \u00fcbersehen Die Schweizer Internet-Zeitung richtet sich an Entscheidungstr\u00e4ger in Gesellschaft, Wirtschaft und Politik sowie alle, die erg\u00e4nzende Informationen zu den grossen Medien suchen. Infosperber will die grossen Informations-Medien nicht konkurrenzieren, sondern diese erg\u00e4nzen. \u00a9 Das Weiterverbreiten s\u00e4mtlicher auf dem gemeinn\u00fctzigen Portal www.infosperber.ch enthaltenen Texte ist ohne Kostenfolge erlaubt, sofern die Texte integral ohne K\u00fcrzung und mit Quellenangaben (Autor und \u00abInfosperber\u00bb) verbreitet werden. Bei einer Online-Nutzung ist die Quellenangabe m\u00f6glichst schon am Anfang des Artikels mit einem Link auf infosperber.ch zu versehen. F\u00fcr das Verbreiten von gek\u00fcrzten oder abge\u00e4nderten Texten ist das schriftliche Einverst\u00e4ndnis der AutorInnen erforderlich.","sameAs":["https:\/\/www.infosperber.ch\/"],"url":"https:\/\/www.pressenza.com\/de\/author\/infosperber\/"}]}},"place":"","original_article_url":"https:\/\/www.infosperber.ch\/politik\/welt\/us-regierung-zensiert-und-aendert-wortwahl-in-dokumenten\/","_links":{"self":[{"href":"https:\/\/www.pressenza.com\/de\/wp-json\/wp\/v2\/posts\/2590573","targetHints":{"allow":["GET"]}}],"collection":[{"href":"https:\/\/www.pressenza.com\/de\/wp-json\/wp\/v2\/posts"}],"about":[{"href":"https:\/\/www.pressenza.com\/de\/wp-json\/wp\/v2\/types\/post"}],"author":[{"embeddable":true,"href":"https:\/\/www.pressenza.com\/de\/wp-json\/wp\/v2\/users\/1855"}],"replies":[{"embeddable":true,"href":"https:\/\/www.pressenza.com\/de\/wp-json\/wp\/v2\/comments?post=2590573"}],"version-history":[{"count":0,"href":"https:\/\/www.pressenza.com\/de\/wp-json\/wp\/v2\/posts\/2590573\/revisions"}],"wp:featuredmedia":[{"embeddable":true,"href":"https:\/\/www.pressenza.com\/de\/wp-json\/wp\/v2\/media\/2590591"}],"wp:attachment":[{"href":"https:\/\/www.pressenza.com\/de\/wp-json\/wp\/v2\/media?parent=2590573"}],"wp:term":[{"taxonomy":"category","embeddable":true,"href":"https:\/\/www.pressenza.com\/de\/wp-json\/wp\/v2\/categories?post=2590573"},{"taxonomy":"post_tag","embeddable":true,"href":"https:\/\/www.pressenza.com\/de\/wp-json\/wp\/v2\/tags?post=2590573"}],"curies":[{"name":"wp","href":"https:\/\/api.w.org\/{rel}","templated":true}]}}