{"id":2588913,"date":"2025-03-10T14:22:20","date_gmt":"2025-03-10T14:22:20","guid":{"rendered":"https:\/\/www.pressenza.com\/?p=2588913"},"modified":"2025-03-10T14:22:20","modified_gmt":"2025-03-10T14:22:20","slug":"ukraine-und-viele-europaeische-laender-handeln-gegen-demokratie-und-freiheit-tulsi-gabbard","status":"publish","type":"post","link":"https:\/\/www.pressenza.com\/de\/2025\/03\/ukraine-und-viele-europaeische-laender-handeln-gegen-demokratie-und-freiheit-tulsi-gabbard\/","title":{"rendered":"Ukraine und viele europ\u00e4ische L\u00e4nder handeln gegen Demokratie und Freiheit \u2013 Tulsi Gabbard"},"content":{"rendered":"<p><strong>Das hitzige Wortgefecht zwischen Trump und Selenskij hat f\u00fcr Kiew ernste Folgen: Die USA setzen ihre Ukraine-Milit\u00e4rhilfe vorerst aus. Au\u00dferdem hagelt es Kritik f\u00fcr den \u201eVorzeigedemokraten\u201c Selenskij.<\/strong><\/p>\n<p>Der k\u00fcrzliche Eklat im Wei\u00dfen Haus, zu dem es im Laufe des angespannten Treffens zwischen dem ukrainischen Staatschef Wladimir Selenskij und dem US-Pr\u00e4sidenten Donald Trump sowie seinem Vizepr\u00e4sidenten J.D. Vance vor den Augen der gesamten Welt kam, gewinnt in den USA weiter an Brisanz und hat f\u00fcr Kiew nun ein ernstes Nachspiel.<\/p>\n<p>Zur Erinnerung: Das Gespr\u00e4ch zwischen den beiden Seiten am vergangenen Freitag im Oval Office m\u00fcndete in einen offenen Schlagabtausch zwischen Trump, Vance und Selenskij und endete damit, dass der Ukrainer abrupt das Wei\u00dfe Haus verlie\u00df, nachdem er vom US-Staatschef beschuldigt worden war, undankbar zu sein, mit dem Leben von \u201eMillionen zu spielen\u201c und einen \u201eDritten Weltkrieg\u201c zu riskieren.<\/p>\n<p>Als Reaktion auf das Auftreten Selenskijs und den gescheiterten \u201eRohstoff-Deal\u201c mit der ukrainischen F\u00fchrung stellte Trump die <a href=\"https:\/\/www.theguardian.com\/world\/2025\/mar\/04\/us-military-aid-ukraine-pause-trump-zelenskyy-updates\" rel=\"nofollow ugc noopener\">milit\u00e4rtechnische \u201eUkraine-Hilfe\u201c<\/a> der USA am Dienstag vorerst ein. Zuvor waren die US-Administration sowie die vielen politischen Unterst\u00fczter von Donald Trump (zu denen etwa solche Akteure wie der fr\u00fchere New Yorker B\u00fcrgermeister Rudy Giuliani geh\u00f6ren) in eine mediale Gro\u00dfoffensive \u00fcbergegangen und lie\u00dfen dabei keinen Zweifel daran, dass Selenskij alles andere als \u201eVorzeigedemokrat\u201c sei. Der sich gegen\u00fcber den Vereinigten Staaten obendrein respektlos verhalten und keine Dankbarkeit f\u00fcr die gro\u00dfz\u00fcgige finanz- und milit\u00e4rtechnische Unterst\u00fctzung Amerikas zeigen w\u00fcrde.<\/p>\n<p>Vor allem die Chefkoordinatorin der US-Nachrichtendienste Tulsi Gabbard hat sich in diesem Zusammenhang sehr deutlich ge\u00e4u\u00dfert , wobei sie in Bezug auf Selenskij und dessen europ\u00e4ische \u201ePartner\u201c sogar noch einen Schritt weiter ging als andere Kritiker. In einem Interview mit dem <a href=\"https:\/\/www.foxnews.com\/politics\/dni-gabbard-sounds-off-europes-divergence-us-values-after-tense-trump-zelenskyy-meeting\" rel=\"nofollow ugc noopener\">US-Sender Fox News<\/a> erkl\u00e4rte sie, dass viele von Selenskijs Handlungen in den vergangenen Jahren den Ideen von Freiheit und Demokratie zuwiderlaufen w\u00fcrden.<\/p>\n<p>Auch jene Staaten Europas, die Kritik an Trump nach dessen Wortgefecht mit Selenskij ge\u00e4u\u00dfert haben, seien Gabbard zufolge ebenfalls nicht am Frieden interessiert. <em>\u201eViele dieser europ\u00e4ischen L\u00e4nder und auch Selenskij selbst, die vorgeben, f\u00fcr die Sache der Freiheit und der Demokratie zu k\u00e4mpfen, handeln in Wirklichkeit gegen diese Werte. [\u2026] Wenn wir uns anschauen, was in der Realit\u00e4t in diesen L\u00e4ndern und auch mit Selenskijs Regierung in der Ukraine passiert, ist es das genaue Gegenteil\u201c<\/em>, sagte die Politikerin.<\/p>\n<p>Um ihren Standpunkt zu untermauern, verweist Gabbard auf das Fehlen von Wahlen in der Ukraine, den immensen Druck auf die Oppositionsparteien seitens der ukrainischen Beh\u00f6rden oder die von Kiew verordnete Schlie\u00dfung orthodoxer Kirchen im Land. <em>\u201eDas wirft Fragen auf. Es ist klar, dass sie sich gegen Putin stellen. Aber wof\u00fcr k\u00e4mpfen sie wirklich, und sind sie auf die Werte ausgerichtet, von denen sie behaupten, dass sie mit (den USA \u2013 Anm.) \u00fcbereinstimmen, n\u00e4mlich die Werte der Freiheit, des Friedens und der wirklichen Sicherheit?\u201c<\/em>, so Gabbard.<\/p>\n<p>Was europ\u00e4ischen L\u00e4nder betrifft, so erinnerte die Geheimdienstchefin an die <a href=\"https:\/\/foreignpolicy.com\/2025\/02\/18\/vance-speech-munich-full-text-read-transcript-europe\/\" rel=\"nofollow ugc noopener\">Rede von J.D. Vance<\/a> auf der M\u00fcnchner Sicherheitskonferenz, bei der der US-Vize den Europ\u00e4ern schwere M\u00e4ngel bei der Aus\u00fcbung der Demokratie bescheinigte und ihnen vorwarf, nicht an die \u201eStimmen des Volkes\u201c zu glauben. Vance habe mit seiner Kritik absolut Recht, meint Gabbard, man denke da nur an Gro\u00dfbritannien, Deutschland, oder an die Annullierung der Wahlen in Rum\u00e4nien. Daher gebe es auch eine \u201egro\u00dfe Divergenz\u201c zwischen den Werten der USA und denen der europ\u00e4ischen L\u00e4nder, die Selenskij unterst\u00fctzen.<\/p>\n<p>Gabbard, die am 13. Februar vom US-Senat als Trumps oberste Geheimdienstchefin best\u00e4tigt worden war, hat sich seit Beginn des Ukraine-Krieges im Jahr 2022 stets f\u00fcr eine diplomatische L\u00f6sung in dem Konflikt ausgesprochen. Zudem stellte sie das Demokratieverst\u00e4ndnis der ukrainischen F\u00fchrung um Wladimir Selenskij wiederholt in Frage. Dazu mahnte sie etwa im vergangenen Jahr in einem <a href=\"https:\/\/www.youtube.com\/watch?v=yaYXq6f8QeM\" rel=\"nofollow ugc noopener\">Video<\/a>, man d\u00fcrfe die Ausreden von Selenskij f\u00fcr die Absage von Wahlen in der Ukraine nicht akzeptieren. Denn es bestehe die Gefahr, dass auch die US-F\u00fchrung und die etablierten US-Medien dieselbe Ausrede verwenden k\u00f6nnten, <em>\u201ewenn sie unsere Verfassung und unsere Wahlen aussetzen.\u201c<\/em><\/p>\n","protected":false},"excerpt":{"rendered":"<p>Das hitzige Wortgefecht zwischen Trump und Selenskij hat f\u00fcr Kiew ernste Folgen: Die USA setzen ihre Ukraine-Milit\u00e4rhilfe vorerst aus. Au\u00dferdem hagelt es Kritik f\u00fcr den \u201eVorzeigedemokraten\u201c Selenskij. Der k\u00fcrzliche Eklat im Wei\u00dfen Haus, zu dem es im Laufe des angespannten&hellip;<\/p>\n","protected":false},"author":2421,"featured_media":2588918,"comment_status":"closed","ping_status":"closed","sticky":false,"template":"","format":"standard","meta":{"footnotes":""},"categories":[9167,9143,9152,11387,9168],"tags":[127571,10604,9293],"class_list":["post-2588913","post","type-post","status-publish","format-standard","has-post-thumbnail","hentry","category-frieden-und-abruestung","category-meinungen","category-nordamerika","category-originalinhalt","category-politik","tag-frieden-de","tag-militaer","tag-ukraine-de"],"yoast_head":"<!-- This site is optimized with the Yoast SEO plugin v27.1.1 - https:\/\/yoast.com\/product\/yoast-seo-wordpress\/ -->\n<title>Ukraine und viele europ\u00e4ische L\u00e4nder handeln gegen Demokratie und Freiheit \u2013 Tulsi Gabbard<\/title>\n<meta name=\"description\" content=\"Das hitzige Wortgefecht zwischen Trump und Selenskij hat f\u00fcr Kiew ernste Folgen: Die USA setzen ihre Ukraine-Milit\u00e4rhilfe vorerst aus. Au\u00dferdem hagelt es\" \/>\n<meta name=\"robots\" content=\"index, follow, max-snippet:-1, max-image-preview:large, max-video-preview:-1\" \/>\n<link rel=\"canonical\" href=\"https:\/\/www.pressenza.com\/de\/2025\/03\/ukraine-und-viele-europaeische-laender-handeln-gegen-demokratie-und-freiheit-tulsi-gabbard\/\" \/>\n<meta property=\"og:locale\" content=\"de_DE\" \/>\n<meta property=\"og:type\" content=\"article\" \/>\n<meta property=\"og:title\" content=\"Ukraine und viele europ\u00e4ische L\u00e4nder handeln gegen Demokratie und Freiheit \u2013 Tulsi Gabbard\" \/>\n<meta property=\"og:description\" content=\"Das hitzige Wortgefecht zwischen Trump und Selenskij hat f\u00fcr Kiew ernste Folgen: Die USA setzen ihre Ukraine-Milit\u00e4rhilfe vorerst aus. Au\u00dferdem hagelt es\" \/>\n<meta property=\"og:url\" content=\"https:\/\/www.pressenza.com\/de\/2025\/03\/ukraine-und-viele-europaeische-laender-handeln-gegen-demokratie-und-freiheit-tulsi-gabbard\/\" \/>\n<meta property=\"og:site_name\" content=\"Pressenza\" \/>\n<meta property=\"article:publisher\" content=\"https:\/\/www.facebook.com\/PressenzaItalia\" \/>\n<meta property=\"article:published_time\" content=\"2025-03-10T14:22:20+00:00\" \/>\n<meta property=\"og:image\" content=\"https:\/\/www.pressenza.com\/wp-content\/uploads\/2025\/03\/IMG_3352.jpeg\" \/>\n\t<meta property=\"og:image:width\" content=\"1920\" \/>\n\t<meta property=\"og:image:height\" content=\"1280\" \/>\n\t<meta property=\"og:image:type\" content=\"image\/jpeg\" \/>\n<meta name=\"author\" content=\"Alex M\u00e4nner\" \/>\n<meta name=\"twitter:card\" content=\"summary_large_image\" \/>\n<meta name=\"twitter:creator\" content=\"@PressenzaIPA\" \/>\n<meta name=\"twitter:site\" content=\"@PressenzaIPA\" \/>\n<meta name=\"twitter:label1\" content=\"Verfasst von\" \/>\n\t<meta name=\"twitter:data1\" content=\"Alex M\u00e4nner\" \/>\n\t<meta name=\"twitter:label2\" content=\"Gesch\u00e4tzte Lesezeit\" \/>\n\t<meta name=\"twitter:data2\" content=\"4\u00a0Minuten\" \/>\n<script type=\"application\/ld+json\" class=\"yoast-schema-graph\">{\"@context\":\"https:\/\/schema.org\",\"@graph\":[{\"@type\":\"Article\",\"@id\":\"https:\/\/www.pressenza.com\/de\/2025\/03\/ukraine-und-viele-europaeische-laender-handeln-gegen-demokratie-und-freiheit-tulsi-gabbard\/#article\",\"isPartOf\":{\"@id\":\"https:\/\/www.pressenza.com\/de\/2025\/03\/ukraine-und-viele-europaeische-laender-handeln-gegen-demokratie-und-freiheit-tulsi-gabbard\/\"},\"author\":{\"name\":\"Alex M\u00e4nner\",\"@id\":\"https:\/\/www.pressenza.com\/de\/#\/schema\/person\/1a8d4442525eb145de3fd99a5c80bde9\"},\"headline\":\"Ukraine und viele europ\u00e4ische L\u00e4nder handeln gegen Demokratie und Freiheit \u2013 Tulsi Gabbard\",\"datePublished\":\"2025-03-10T14:22:20+00:00\",\"mainEntityOfPage\":{\"@id\":\"https:\/\/www.pressenza.com\/de\/2025\/03\/ukraine-und-viele-europaeische-laender-handeln-gegen-demokratie-und-freiheit-tulsi-gabbard\/\"},\"wordCount\":715,\"publisher\":{\"@id\":\"https:\/\/www.pressenza.com\/de\/#organization\"},\"image\":{\"@id\":\"https:\/\/www.pressenza.com\/de\/2025\/03\/ukraine-und-viele-europaeische-laender-handeln-gegen-demokratie-und-freiheit-tulsi-gabbard\/#primaryimage\"},\"thumbnailUrl\":\"https:\/\/www.pressenza.com\/wp-content\/uploads\/2025\/03\/IMG_3352.jpeg\",\"keywords\":[\"Frieden\",\"Milit\u00e4r\",\"Ukraine\"],\"articleSection\":[\"Frieden und Abr\u00fcstung\",\"Meinungen\",\"Nordamerika\",\"Originalinhalt\",\"Politik\"],\"inLanguage\":\"de\"},{\"@type\":\"WebPage\",\"@id\":\"https:\/\/www.pressenza.com\/de\/2025\/03\/ukraine-und-viele-europaeische-laender-handeln-gegen-demokratie-und-freiheit-tulsi-gabbard\/\",\"url\":\"https:\/\/www.pressenza.com\/de\/2025\/03\/ukraine-und-viele-europaeische-laender-handeln-gegen-demokratie-und-freiheit-tulsi-gabbard\/\",\"name\":\"Ukraine und viele europ\u00e4ische L\u00e4nder handeln gegen Demokratie und Freiheit \u2013 Tulsi Gabbard\",\"isPartOf\":{\"@id\":\"https:\/\/www.pressenza.com\/de\/#website\"},\"primaryImageOfPage\":{\"@id\":\"https:\/\/www.pressenza.com\/de\/2025\/03\/ukraine-und-viele-europaeische-laender-handeln-gegen-demokratie-und-freiheit-tulsi-gabbard\/#primaryimage\"},\"image\":{\"@id\":\"https:\/\/www.pressenza.com\/de\/2025\/03\/ukraine-und-viele-europaeische-laender-handeln-gegen-demokratie-und-freiheit-tulsi-gabbard\/#primaryimage\"},\"thumbnailUrl\":\"https:\/\/www.pressenza.com\/wp-content\/uploads\/2025\/03\/IMG_3352.jpeg\",\"datePublished\":\"2025-03-10T14:22:20+00:00\",\"description\":\"Das hitzige Wortgefecht zwischen Trump und Selenskij hat f\u00fcr Kiew ernste Folgen: Die USA setzen ihre Ukraine-Milit\u00e4rhilfe vorerst aus. Au\u00dferdem hagelt es\",\"breadcrumb\":{\"@id\":\"https:\/\/www.pressenza.com\/de\/2025\/03\/ukraine-und-viele-europaeische-laender-handeln-gegen-demokratie-und-freiheit-tulsi-gabbard\/#breadcrumb\"},\"inLanguage\":\"de\",\"potentialAction\":[{\"@type\":\"ReadAction\",\"target\":[\"https:\/\/www.pressenza.com\/de\/2025\/03\/ukraine-und-viele-europaeische-laender-handeln-gegen-demokratie-und-freiheit-tulsi-gabbard\/\"]}]},{\"@type\":\"ImageObject\",\"inLanguage\":\"de\",\"@id\":\"https:\/\/www.pressenza.com\/de\/2025\/03\/ukraine-und-viele-europaeische-laender-handeln-gegen-demokratie-und-freiheit-tulsi-gabbard\/#primaryimage\",\"url\":\"https:\/\/www.pressenza.com\/wp-content\/uploads\/2025\/03\/IMG_3352.jpeg\",\"contentUrl\":\"https:\/\/www.pressenza.com\/wp-content\/uploads\/2025\/03\/IMG_3352.jpeg\",\"width\":1920,\"height\":1280},{\"@type\":\"BreadcrumbList\",\"@id\":\"https:\/\/www.pressenza.com\/de\/2025\/03\/ukraine-und-viele-europaeische-laender-handeln-gegen-demokratie-und-freiheit-tulsi-gabbard\/#breadcrumb\",\"itemListElement\":[{\"@type\":\"ListItem\",\"position\":1,\"name\":\"Accueil\",\"item\":\"https:\/\/www.pressenza.com\/de\/\"},{\"@type\":\"ListItem\",\"position\":2,\"name\":\"Ukraine und viele europ\u00e4ische L\u00e4nder handeln gegen Demokratie und Freiheit \u2013 Tulsi Gabbard\"}]},{\"@type\":\"WebSite\",\"@id\":\"https:\/\/www.pressenza.com\/de\/#website\",\"url\":\"https:\/\/www.pressenza.com\/de\/\",\"name\":\"Pressenza\",\"description\":\"International Press Agency\",\"publisher\":{\"@id\":\"https:\/\/www.pressenza.com\/de\/#organization\"},\"potentialAction\":[{\"@type\":\"SearchAction\",\"target\":{\"@type\":\"EntryPoint\",\"urlTemplate\":\"https:\/\/www.pressenza.com\/de\/?s={search_term_string}\"},\"query-input\":{\"@type\":\"PropertyValueSpecification\",\"valueRequired\":true,\"valueName\":\"search_term_string\"}}],\"inLanguage\":\"de\"},{\"@type\":\"Organization\",\"@id\":\"https:\/\/www.pressenza.com\/de\/#organization\",\"name\":\"Pressenza\",\"url\":\"https:\/\/www.pressenza.com\/de\/\",\"logo\":{\"@type\":\"ImageObject\",\"inLanguage\":\"de\",\"@id\":\"https:\/\/www.pressenza.com\/de\/#\/schema\/logo\/image\/\",\"url\":\"https:\/\/www.pressenza.com\/wp-content\/uploads\/2022\/10\/pressenza_logo_200x200.jpg\",\"contentUrl\":\"https:\/\/www.pressenza.com\/wp-content\/uploads\/2022\/10\/pressenza_logo_200x200.jpg\",\"width\":200,\"height\":200,\"caption\":\"Pressenza\"},\"image\":{\"@id\":\"https:\/\/www.pressenza.com\/de\/#\/schema\/logo\/image\/\"},\"sameAs\":[\"https:\/\/www.facebook.com\/PressenzaItalia\",\"https:\/\/x.com\/PressenzaIPA\"]},{\"@type\":\"Person\",\"@id\":\"https:\/\/www.pressenza.com\/de\/#\/schema\/person\/1a8d4442525eb145de3fd99a5c80bde9\",\"name\":\"Alex M\u00e4nner\",\"url\":\"https:\/\/www.pressenza.com\/de\/author\/alex-maenner\/\"}]}<\/script>\n<!-- \/ Yoast SEO plugin. -->","yoast_head_json":{"title":"Ukraine und viele europ\u00e4ische L\u00e4nder handeln gegen Demokratie und Freiheit \u2013 Tulsi Gabbard","description":"Das hitzige Wortgefecht zwischen Trump und Selenskij hat f\u00fcr Kiew ernste Folgen: Die USA setzen ihre Ukraine-Milit\u00e4rhilfe vorerst aus. Au\u00dferdem hagelt es","robots":{"index":"index","follow":"follow","max-snippet":"max-snippet:-1","max-image-preview":"max-image-preview:large","max-video-preview":"max-video-preview:-1"},"canonical":"https:\/\/www.pressenza.com\/de\/2025\/03\/ukraine-und-viele-europaeische-laender-handeln-gegen-demokratie-und-freiheit-tulsi-gabbard\/","og_locale":"de_DE","og_type":"article","og_title":"Ukraine und viele europ\u00e4ische L\u00e4nder handeln gegen Demokratie und Freiheit \u2013 Tulsi Gabbard","og_description":"Das hitzige Wortgefecht zwischen Trump und Selenskij hat f\u00fcr Kiew ernste Folgen: Die USA setzen ihre Ukraine-Milit\u00e4rhilfe vorerst aus. Au\u00dferdem hagelt es","og_url":"https:\/\/www.pressenza.com\/de\/2025\/03\/ukraine-und-viele-europaeische-laender-handeln-gegen-demokratie-und-freiheit-tulsi-gabbard\/","og_site_name":"Pressenza","article_publisher":"https:\/\/www.facebook.com\/PressenzaItalia","article_published_time":"2025-03-10T14:22:20+00:00","og_image":[{"width":1920,"height":1280,"url":"https:\/\/www.pressenza.com\/wp-content\/uploads\/2025\/03\/IMG_3352.jpeg","type":"image\/jpeg"}],"author":"Alex M\u00e4nner","twitter_card":"summary_large_image","twitter_creator":"@PressenzaIPA","twitter_site":"@PressenzaIPA","twitter_misc":{"Verfasst von":"Alex M\u00e4nner","Gesch\u00e4tzte Lesezeit":"4\u00a0Minuten"},"schema":{"@context":"https:\/\/schema.org","@graph":[{"@type":"Article","@id":"https:\/\/www.pressenza.com\/de\/2025\/03\/ukraine-und-viele-europaeische-laender-handeln-gegen-demokratie-und-freiheit-tulsi-gabbard\/#article","isPartOf":{"@id":"https:\/\/www.pressenza.com\/de\/2025\/03\/ukraine-und-viele-europaeische-laender-handeln-gegen-demokratie-und-freiheit-tulsi-gabbard\/"},"author":{"name":"Alex M\u00e4nner","@id":"https:\/\/www.pressenza.com\/de\/#\/schema\/person\/1a8d4442525eb145de3fd99a5c80bde9"},"headline":"Ukraine und viele europ\u00e4ische L\u00e4nder handeln gegen Demokratie und Freiheit \u2013 Tulsi Gabbard","datePublished":"2025-03-10T14:22:20+00:00","mainEntityOfPage":{"@id":"https:\/\/www.pressenza.com\/de\/2025\/03\/ukraine-und-viele-europaeische-laender-handeln-gegen-demokratie-und-freiheit-tulsi-gabbard\/"},"wordCount":715,"publisher":{"@id":"https:\/\/www.pressenza.com\/de\/#organization"},"image":{"@id":"https:\/\/www.pressenza.com\/de\/2025\/03\/ukraine-und-viele-europaeische-laender-handeln-gegen-demokratie-und-freiheit-tulsi-gabbard\/#primaryimage"},"thumbnailUrl":"https:\/\/www.pressenza.com\/wp-content\/uploads\/2025\/03\/IMG_3352.jpeg","keywords":["Frieden","Milit\u00e4r","Ukraine"],"articleSection":["Frieden und Abr\u00fcstung","Meinungen","Nordamerika","Originalinhalt","Politik"],"inLanguage":"de"},{"@type":"WebPage","@id":"https:\/\/www.pressenza.com\/de\/2025\/03\/ukraine-und-viele-europaeische-laender-handeln-gegen-demokratie-und-freiheit-tulsi-gabbard\/","url":"https:\/\/www.pressenza.com\/de\/2025\/03\/ukraine-und-viele-europaeische-laender-handeln-gegen-demokratie-und-freiheit-tulsi-gabbard\/","name":"Ukraine und viele europ\u00e4ische L\u00e4nder handeln gegen Demokratie und Freiheit \u2013 Tulsi Gabbard","isPartOf":{"@id":"https:\/\/www.pressenza.com\/de\/#website"},"primaryImageOfPage":{"@id":"https:\/\/www.pressenza.com\/de\/2025\/03\/ukraine-und-viele-europaeische-laender-handeln-gegen-demokratie-und-freiheit-tulsi-gabbard\/#primaryimage"},"image":{"@id":"https:\/\/www.pressenza.com\/de\/2025\/03\/ukraine-und-viele-europaeische-laender-handeln-gegen-demokratie-und-freiheit-tulsi-gabbard\/#primaryimage"},"thumbnailUrl":"https:\/\/www.pressenza.com\/wp-content\/uploads\/2025\/03\/IMG_3352.jpeg","datePublished":"2025-03-10T14:22:20+00:00","description":"Das hitzige Wortgefecht zwischen Trump und Selenskij hat f\u00fcr Kiew ernste Folgen: Die USA setzen ihre Ukraine-Milit\u00e4rhilfe vorerst aus. Au\u00dferdem hagelt es","breadcrumb":{"@id":"https:\/\/www.pressenza.com\/de\/2025\/03\/ukraine-und-viele-europaeische-laender-handeln-gegen-demokratie-und-freiheit-tulsi-gabbard\/#breadcrumb"},"inLanguage":"de","potentialAction":[{"@type":"ReadAction","target":["https:\/\/www.pressenza.com\/de\/2025\/03\/ukraine-und-viele-europaeische-laender-handeln-gegen-demokratie-und-freiheit-tulsi-gabbard\/"]}]},{"@type":"ImageObject","inLanguage":"de","@id":"https:\/\/www.pressenza.com\/de\/2025\/03\/ukraine-und-viele-europaeische-laender-handeln-gegen-demokratie-und-freiheit-tulsi-gabbard\/#primaryimage","url":"https:\/\/www.pressenza.com\/wp-content\/uploads\/2025\/03\/IMG_3352.jpeg","contentUrl":"https:\/\/www.pressenza.com\/wp-content\/uploads\/2025\/03\/IMG_3352.jpeg","width":1920,"height":1280},{"@type":"BreadcrumbList","@id":"https:\/\/www.pressenza.com\/de\/2025\/03\/ukraine-und-viele-europaeische-laender-handeln-gegen-demokratie-und-freiheit-tulsi-gabbard\/#breadcrumb","itemListElement":[{"@type":"ListItem","position":1,"name":"Accueil","item":"https:\/\/www.pressenza.com\/de\/"},{"@type":"ListItem","position":2,"name":"Ukraine und viele europ\u00e4ische L\u00e4nder handeln gegen Demokratie und Freiheit \u2013 Tulsi Gabbard"}]},{"@type":"WebSite","@id":"https:\/\/www.pressenza.com\/de\/#website","url":"https:\/\/www.pressenza.com\/de\/","name":"Pressenza","description":"International Press Agency","publisher":{"@id":"https:\/\/www.pressenza.com\/de\/#organization"},"potentialAction":[{"@type":"SearchAction","target":{"@type":"EntryPoint","urlTemplate":"https:\/\/www.pressenza.com\/de\/?s={search_term_string}"},"query-input":{"@type":"PropertyValueSpecification","valueRequired":true,"valueName":"search_term_string"}}],"inLanguage":"de"},{"@type":"Organization","@id":"https:\/\/www.pressenza.com\/de\/#organization","name":"Pressenza","url":"https:\/\/www.pressenza.com\/de\/","logo":{"@type":"ImageObject","inLanguage":"de","@id":"https:\/\/www.pressenza.com\/de\/#\/schema\/logo\/image\/","url":"https:\/\/www.pressenza.com\/wp-content\/uploads\/2022\/10\/pressenza_logo_200x200.jpg","contentUrl":"https:\/\/www.pressenza.com\/wp-content\/uploads\/2022\/10\/pressenza_logo_200x200.jpg","width":200,"height":200,"caption":"Pressenza"},"image":{"@id":"https:\/\/www.pressenza.com\/de\/#\/schema\/logo\/image\/"},"sameAs":["https:\/\/www.facebook.com\/PressenzaItalia","https:\/\/x.com\/PressenzaIPA"]},{"@type":"Person","@id":"https:\/\/www.pressenza.com\/de\/#\/schema\/person\/1a8d4442525eb145de3fd99a5c80bde9","name":"Alex M\u00e4nner","url":"https:\/\/www.pressenza.com\/de\/author\/alex-maenner\/"}]}},"place":"","original_article_url":"https:\/\/alexmaenner1986.substack.com\/p\/ukraine-und-viele-europaische-lander","_links":{"self":[{"href":"https:\/\/www.pressenza.com\/de\/wp-json\/wp\/v2\/posts\/2588913","targetHints":{"allow":["GET"]}}],"collection":[{"href":"https:\/\/www.pressenza.com\/de\/wp-json\/wp\/v2\/posts"}],"about":[{"href":"https:\/\/www.pressenza.com\/de\/wp-json\/wp\/v2\/types\/post"}],"author":[{"embeddable":true,"href":"https:\/\/www.pressenza.com\/de\/wp-json\/wp\/v2\/users\/2421"}],"replies":[{"embeddable":true,"href":"https:\/\/www.pressenza.com\/de\/wp-json\/wp\/v2\/comments?post=2588913"}],"version-history":[{"count":0,"href":"https:\/\/www.pressenza.com\/de\/wp-json\/wp\/v2\/posts\/2588913\/revisions"}],"wp:featuredmedia":[{"embeddable":true,"href":"https:\/\/www.pressenza.com\/de\/wp-json\/wp\/v2\/media\/2588918"}],"wp:attachment":[{"href":"https:\/\/www.pressenza.com\/de\/wp-json\/wp\/v2\/media?parent=2588913"}],"wp:term":[{"taxonomy":"category","embeddable":true,"href":"https:\/\/www.pressenza.com\/de\/wp-json\/wp\/v2\/categories?post=2588913"},{"taxonomy":"post_tag","embeddable":true,"href":"https:\/\/www.pressenza.com\/de\/wp-json\/wp\/v2\/tags?post=2588913"}],"curies":[{"name":"wp","href":"https:\/\/api.w.org\/{rel}","templated":true}]}}