{"id":2587633,"date":"2025-03-06T13:32:06","date_gmt":"2025-03-06T13:32:06","guid":{"rendered":"https:\/\/www.pressenza.com\/?p=2587633"},"modified":"2025-03-06T13:32:06","modified_gmt":"2025-03-06T13:32:06","slug":"der-israelische-kriegsdienstverweigerer-itamar-greenberg-wird-vom-militaerdienst-befreit","status":"publish","type":"post","link":"https:\/\/www.pressenza.com\/de\/2025\/03\/der-israelische-kriegsdienstverweigerer-itamar-greenberg-wird-vom-militaerdienst-befreit\/","title":{"rendered":"Der israelische Kriegsdienstverweigerer Itamar Greenberg wird vom Milit\u00e4rdienst befreit"},"content":{"rendered":"<p><strong><span lang=\"DE\">Itamar Greenberg wurde entlassen, nachdem er 197 Tage im Gef\u00e4ngnis verbracht hatte &#8211; seit zwei Jahrzehnten die l\u00e4ngste Haftstrafe f\u00fcr einen Kriegsdienstverweigerer. Die israelische Armee stellte fest, dass er \u201eschlechtes Verhalten\u201c gezeigt hatte. Er verweigerte erstmals im August 2024 den Dienst und wurde daraufhin zu f\u00fcnf Haftstrafen verurteilt.<\/span><\/strong><\/p>\n<p><span lang=\"DE\">Greenberg wurde w\u00e4hrend seines Verweigerungsprozesses von Mesarvot Network unterst\u00fctzt.<\/span><\/p>\n<p><span lang=\"DE\">Nach seiner Entlassung, sagte Greenberg: \u201eDie israelische Armee hat heute endlich beschlossen, mich nach 197 Tagen im Gef\u00e4ngnis freizulassen. Es war eine lange und anstrengende Zeit, aber meine Weigerung, mich zu verpflichten, ist nur der erste Schritt auf meinem Weg. Das B\u00f6se sollte von diesem Tag an zittern, denn ich k\u00e4mpfe mit aller Kraft dagegen an &#8211; bis diese Welt ein besserer Ort ist. Bis es Frieden, Freiheit und Gleichheit f\u00fcr alle gibt. Ich lade Sie ein, sich mir in diesem Kampf anzuschlie\u00dfen.\u201c<\/span><\/p>\n<p><strong><em>Die \u00dcbersetzung aus dem Englischen wurde von Angela Becker vom ehrenamtlichen Pressenza-\u00dcbersetzungsteam erstellt. <\/em><\/strong><a href=\"https:\/\/www.pressenza.com\/de\/mitarbeiten\/\" target=\"_blank\" rel=\"noopener\"><strong><em>Wir suchen Freiwillige!<\/em><\/strong><\/a><\/p>\n","protected":false},"excerpt":{"rendered":"<p>Itamar Greenberg wurde entlassen, nachdem er 197 Tage im Gef\u00e4ngnis verbracht hatte &#8211; seit zwei Jahrzehnten die l\u00e4ngste Haftstrafe f\u00fcr einen Kriegsdienstverweigerer. Die israelische Armee stellte fest, dass er \u201eschlechtes Verhalten\u201c gezeigt hatte. Er verweigerte erstmals im August 2024 den&hellip;<\/p>\n","protected":false},"author":2350,"featured_media":2587634,"comment_status":"closed","ping_status":"closed","sticky":false,"template":"","format":"standard","meta":{"footnotes":""},"categories":[9167,9151],"tags":[11640,22229,9227,113268,9799,33658,126607,102397,23764,122527,11641,11458],"class_list":["post-2587633","post","type-post","status-publish","format-standard","has-post-thumbnail","hentry","category-frieden-und-abruestung","category-mittlerer-osten","tag-gaza-de","tag-gewaltfreiheit","tag-gewaltlosigkeit","tag-gewissensgruende","tag-israel-de","tag-israelisch-palaestinensischer-konflikt","tag-itamar-greenberg-de","tag-kriegsdienstverweigerer","tag-kriegsdienstverweigerung","tag-mesarvot-de","tag-nahostkonflikt","tag-palastina"],"yoast_head":"<!-- This site is optimized with the Yoast SEO plugin v27.1.1 - https:\/\/yoast.com\/product\/yoast-seo-wordpress\/ -->\n<title>Der israelische Kriegsdienstverweigerer Itamar Greenberg wird vom Milit\u00e4rdienst befreit<\/title>\n<meta name=\"description\" content=\"Itamar Greenberg wurde entlassen, nachdem er 197 Tage im Gef\u00e4ngnis verbracht hatte - seit zwei Jahrzehnten die l\u00e4ngste Haftstrafe f\u00fcr einen\" \/>\n<meta name=\"robots\" content=\"index, follow, max-snippet:-1, max-image-preview:large, max-video-preview:-1\" \/>\n<link rel=\"canonical\" href=\"https:\/\/www.pressenza.com\/de\/2025\/03\/der-israelische-kriegsdienstverweigerer-itamar-greenberg-wird-vom-militaerdienst-befreit\/\" \/>\n<meta property=\"og:locale\" content=\"de_DE\" \/>\n<meta property=\"og:type\" content=\"article\" \/>\n<meta property=\"og:title\" content=\"Der israelische Kriegsdienstverweigerer Itamar Greenberg wird vom Milit\u00e4rdienst befreit\" \/>\n<meta property=\"og:description\" content=\"Itamar Greenberg wurde entlassen, nachdem er 197 Tage im Gef\u00e4ngnis verbracht hatte - seit zwei Jahrzehnten die l\u00e4ngste Haftstrafe f\u00fcr einen\" \/>\n<meta property=\"og:url\" content=\"https:\/\/www.pressenza.com\/de\/2025\/03\/der-israelische-kriegsdienstverweigerer-itamar-greenberg-wird-vom-militaerdienst-befreit\/\" \/>\n<meta property=\"og:site_name\" content=\"Pressenza\" \/>\n<meta property=\"article:publisher\" content=\"https:\/\/www.facebook.com\/PressenzaItalia\" \/>\n<meta property=\"article:published_time\" content=\"2025-03-06T13:32:06+00:00\" \/>\n<meta property=\"og:image\" content=\"https:\/\/www.pressenza.com\/wp-content\/uploads\/2025\/03\/Itamar-Greenberg-rit.jpg\" \/>\n\t<meta property=\"og:image:width\" content=\"1519\" \/>\n\t<meta property=\"og:image:height\" content=\"1371\" \/>\n\t<meta property=\"og:image:type\" content=\"image\/jpeg\" \/>\n<meta name=\"author\" content=\"Mesarvot\" \/>\n<meta name=\"twitter:card\" content=\"summary_large_image\" \/>\n<meta name=\"twitter:creator\" content=\"@PressenzaIPA\" \/>\n<meta name=\"twitter:site\" content=\"@PressenzaIPA\" \/>\n<meta name=\"twitter:label1\" content=\"Verfasst von\" \/>\n\t<meta name=\"twitter:data1\" content=\"Mesarvot\" \/>\n\t<meta name=\"twitter:label2\" content=\"Gesch\u00e4tzte Lesezeit\" \/>\n\t<meta name=\"twitter:data2\" content=\"1\u00a0Minute\" \/>\n<script type=\"application\/ld+json\" class=\"yoast-schema-graph\">{\"@context\":\"https:\/\/schema.org\",\"@graph\":[{\"@type\":\"Article\",\"@id\":\"https:\/\/www.pressenza.com\/de\/2025\/03\/der-israelische-kriegsdienstverweigerer-itamar-greenberg-wird-vom-militaerdienst-befreit\/#article\",\"isPartOf\":{\"@id\":\"https:\/\/www.pressenza.com\/de\/2025\/03\/der-israelische-kriegsdienstverweigerer-itamar-greenberg-wird-vom-militaerdienst-befreit\/\"},\"author\":{\"name\":\"Mesarvot\",\"@id\":\"https:\/\/www.pressenza.com\/de\/#\/schema\/person\/651ff0d060ca2036aa2fc407260872c7\"},\"headline\":\"Der israelische Kriegsdienstverweigerer Itamar Greenberg wird vom Milit\u00e4rdienst befreit\",\"datePublished\":\"2025-03-06T13:32:06+00:00\",\"mainEntityOfPage\":{\"@id\":\"https:\/\/www.pressenza.com\/de\/2025\/03\/der-israelische-kriegsdienstverweigerer-itamar-greenberg-wird-vom-militaerdienst-befreit\/\"},\"wordCount\":175,\"publisher\":{\"@id\":\"https:\/\/www.pressenza.com\/de\/#organization\"},\"image\":{\"@id\":\"https:\/\/www.pressenza.com\/de\/2025\/03\/der-israelische-kriegsdienstverweigerer-itamar-greenberg-wird-vom-militaerdienst-befreit\/#primaryimage\"},\"thumbnailUrl\":\"https:\/\/www.pressenza.com\/wp-content\/uploads\/2025\/03\/Itamar-Greenberg-rit.jpg\",\"keywords\":[\"Gaza\",\"Gewaltfreiheit\",\"Gewaltlosigkeit\",\"Gewissensgr\u00fcnde\",\"Israel\",\"israelisch-pal\u00e4stinensischer Konflikt\",\"Itamar Greenberg\",\"Kriegsdienstverweigerer\",\"Kriegsdienstverweigerung\",\"Mesarvot\",\"Nahostkonflikt\",\"Pal\u00e4stina\"],\"articleSection\":[\"Frieden und Abr\u00fcstung\",\"Mittlerer Osten\"],\"inLanguage\":\"de\"},{\"@type\":\"WebPage\",\"@id\":\"https:\/\/www.pressenza.com\/de\/2025\/03\/der-israelische-kriegsdienstverweigerer-itamar-greenberg-wird-vom-militaerdienst-befreit\/\",\"url\":\"https:\/\/www.pressenza.com\/de\/2025\/03\/der-israelische-kriegsdienstverweigerer-itamar-greenberg-wird-vom-militaerdienst-befreit\/\",\"name\":\"Der israelische Kriegsdienstverweigerer Itamar Greenberg wird vom Milit\u00e4rdienst befreit\",\"isPartOf\":{\"@id\":\"https:\/\/www.pressenza.com\/de\/#website\"},\"primaryImageOfPage\":{\"@id\":\"https:\/\/www.pressenza.com\/de\/2025\/03\/der-israelische-kriegsdienstverweigerer-itamar-greenberg-wird-vom-militaerdienst-befreit\/#primaryimage\"},\"image\":{\"@id\":\"https:\/\/www.pressenza.com\/de\/2025\/03\/der-israelische-kriegsdienstverweigerer-itamar-greenberg-wird-vom-militaerdienst-befreit\/#primaryimage\"},\"thumbnailUrl\":\"https:\/\/www.pressenza.com\/wp-content\/uploads\/2025\/03\/Itamar-Greenberg-rit.jpg\",\"datePublished\":\"2025-03-06T13:32:06+00:00\",\"description\":\"Itamar Greenberg wurde entlassen, nachdem er 197 Tage im Gef\u00e4ngnis verbracht hatte - seit zwei Jahrzehnten die l\u00e4ngste Haftstrafe f\u00fcr einen\",\"breadcrumb\":{\"@id\":\"https:\/\/www.pressenza.com\/de\/2025\/03\/der-israelische-kriegsdienstverweigerer-itamar-greenberg-wird-vom-militaerdienst-befreit\/#breadcrumb\"},\"inLanguage\":\"de\",\"potentialAction\":[{\"@type\":\"ReadAction\",\"target\":[\"https:\/\/www.pressenza.com\/de\/2025\/03\/der-israelische-kriegsdienstverweigerer-itamar-greenberg-wird-vom-militaerdienst-befreit\/\"]}]},{\"@type\":\"ImageObject\",\"inLanguage\":\"de\",\"@id\":\"https:\/\/www.pressenza.com\/de\/2025\/03\/der-israelische-kriegsdienstverweigerer-itamar-greenberg-wird-vom-militaerdienst-befreit\/#primaryimage\",\"url\":\"https:\/\/www.pressenza.com\/wp-content\/uploads\/2025\/03\/Itamar-Greenberg-rit.jpg\",\"contentUrl\":\"https:\/\/www.pressenza.com\/wp-content\/uploads\/2025\/03\/Itamar-Greenberg-rit.jpg\",\"width\":1519,\"height\":1371,\"caption\":\"Der israelische Kriegsdienstverweigerer Itamar Greenberg wird vom Milit\u00e4rdienst befreit\"},{\"@type\":\"BreadcrumbList\",\"@id\":\"https:\/\/www.pressenza.com\/de\/2025\/03\/der-israelische-kriegsdienstverweigerer-itamar-greenberg-wird-vom-militaerdienst-befreit\/#breadcrumb\",\"itemListElement\":[{\"@type\":\"ListItem\",\"position\":1,\"name\":\"Accueil\",\"item\":\"https:\/\/www.pressenza.com\/de\/\"},{\"@type\":\"ListItem\",\"position\":2,\"name\":\"Der israelische Kriegsdienstverweigerer Itamar Greenberg wird vom Milit\u00e4rdienst befreit\"}]},{\"@type\":\"WebSite\",\"@id\":\"https:\/\/www.pressenza.com\/de\/#website\",\"url\":\"https:\/\/www.pressenza.com\/de\/\",\"name\":\"Pressenza\",\"description\":\"International Press Agency\",\"publisher\":{\"@id\":\"https:\/\/www.pressenza.com\/de\/#organization\"},\"potentialAction\":[{\"@type\":\"SearchAction\",\"target\":{\"@type\":\"EntryPoint\",\"urlTemplate\":\"https:\/\/www.pressenza.com\/de\/?s={search_term_string}\"},\"query-input\":{\"@type\":\"PropertyValueSpecification\",\"valueRequired\":true,\"valueName\":\"search_term_string\"}}],\"inLanguage\":\"de\"},{\"@type\":\"Organization\",\"@id\":\"https:\/\/www.pressenza.com\/de\/#organization\",\"name\":\"Pressenza\",\"url\":\"https:\/\/www.pressenza.com\/de\/\",\"logo\":{\"@type\":\"ImageObject\",\"inLanguage\":\"de\",\"@id\":\"https:\/\/www.pressenza.com\/de\/#\/schema\/logo\/image\/\",\"url\":\"https:\/\/www.pressenza.com\/wp-content\/uploads\/2022\/10\/pressenza_logo_200x200.jpg\",\"contentUrl\":\"https:\/\/www.pressenza.com\/wp-content\/uploads\/2022\/10\/pressenza_logo_200x200.jpg\",\"width\":200,\"height\":200,\"caption\":\"Pressenza\"},\"image\":{\"@id\":\"https:\/\/www.pressenza.com\/de\/#\/schema\/logo\/image\/\"},\"sameAs\":[\"https:\/\/www.facebook.com\/PressenzaItalia\",\"https:\/\/x.com\/PressenzaIPA\"]},{\"@type\":\"Person\",\"@id\":\"https:\/\/www.pressenza.com\/de\/#\/schema\/person\/651ff0d060ca2036aa2fc407260872c7\",\"name\":\"Mesarvot\",\"description\":\"Mesarvot. Network of Israeli conscientious objectors\",\"url\":\"https:\/\/www.pressenza.com\/de\/author\/mesarvot\/\"}]}<\/script>\n<!-- \/ Yoast SEO plugin. -->","yoast_head_json":{"title":"Der israelische Kriegsdienstverweigerer Itamar Greenberg wird vom Milit\u00e4rdienst befreit","description":"Itamar Greenberg wurde entlassen, nachdem er 197 Tage im Gef\u00e4ngnis verbracht hatte - seit zwei Jahrzehnten die l\u00e4ngste Haftstrafe f\u00fcr einen","robots":{"index":"index","follow":"follow","max-snippet":"max-snippet:-1","max-image-preview":"max-image-preview:large","max-video-preview":"max-video-preview:-1"},"canonical":"https:\/\/www.pressenza.com\/de\/2025\/03\/der-israelische-kriegsdienstverweigerer-itamar-greenberg-wird-vom-militaerdienst-befreit\/","og_locale":"de_DE","og_type":"article","og_title":"Der israelische Kriegsdienstverweigerer Itamar Greenberg wird vom Milit\u00e4rdienst befreit","og_description":"Itamar Greenberg wurde entlassen, nachdem er 197 Tage im Gef\u00e4ngnis verbracht hatte - seit zwei Jahrzehnten die l\u00e4ngste Haftstrafe f\u00fcr einen","og_url":"https:\/\/www.pressenza.com\/de\/2025\/03\/der-israelische-kriegsdienstverweigerer-itamar-greenberg-wird-vom-militaerdienst-befreit\/","og_site_name":"Pressenza","article_publisher":"https:\/\/www.facebook.com\/PressenzaItalia","article_published_time":"2025-03-06T13:32:06+00:00","og_image":[{"width":1519,"height":1371,"url":"https:\/\/www.pressenza.com\/wp-content\/uploads\/2025\/03\/Itamar-Greenberg-rit.jpg","type":"image\/jpeg"}],"author":"Mesarvot","twitter_card":"summary_large_image","twitter_creator":"@PressenzaIPA","twitter_site":"@PressenzaIPA","twitter_misc":{"Verfasst von":"Mesarvot","Gesch\u00e4tzte Lesezeit":"1\u00a0Minute"},"schema":{"@context":"https:\/\/schema.org","@graph":[{"@type":"Article","@id":"https:\/\/www.pressenza.com\/de\/2025\/03\/der-israelische-kriegsdienstverweigerer-itamar-greenberg-wird-vom-militaerdienst-befreit\/#article","isPartOf":{"@id":"https:\/\/www.pressenza.com\/de\/2025\/03\/der-israelische-kriegsdienstverweigerer-itamar-greenberg-wird-vom-militaerdienst-befreit\/"},"author":{"name":"Mesarvot","@id":"https:\/\/www.pressenza.com\/de\/#\/schema\/person\/651ff0d060ca2036aa2fc407260872c7"},"headline":"Der israelische Kriegsdienstverweigerer Itamar Greenberg wird vom Milit\u00e4rdienst befreit","datePublished":"2025-03-06T13:32:06+00:00","mainEntityOfPage":{"@id":"https:\/\/www.pressenza.com\/de\/2025\/03\/der-israelische-kriegsdienstverweigerer-itamar-greenberg-wird-vom-militaerdienst-befreit\/"},"wordCount":175,"publisher":{"@id":"https:\/\/www.pressenza.com\/de\/#organization"},"image":{"@id":"https:\/\/www.pressenza.com\/de\/2025\/03\/der-israelische-kriegsdienstverweigerer-itamar-greenberg-wird-vom-militaerdienst-befreit\/#primaryimage"},"thumbnailUrl":"https:\/\/www.pressenza.com\/wp-content\/uploads\/2025\/03\/Itamar-Greenberg-rit.jpg","keywords":["Gaza","Gewaltfreiheit","Gewaltlosigkeit","Gewissensgr\u00fcnde","Israel","israelisch-pal\u00e4stinensischer Konflikt","Itamar Greenberg","Kriegsdienstverweigerer","Kriegsdienstverweigerung","Mesarvot","Nahostkonflikt","Pal\u00e4stina"],"articleSection":["Frieden und Abr\u00fcstung","Mittlerer Osten"],"inLanguage":"de"},{"@type":"WebPage","@id":"https:\/\/www.pressenza.com\/de\/2025\/03\/der-israelische-kriegsdienstverweigerer-itamar-greenberg-wird-vom-militaerdienst-befreit\/","url":"https:\/\/www.pressenza.com\/de\/2025\/03\/der-israelische-kriegsdienstverweigerer-itamar-greenberg-wird-vom-militaerdienst-befreit\/","name":"Der israelische Kriegsdienstverweigerer Itamar Greenberg wird vom Milit\u00e4rdienst befreit","isPartOf":{"@id":"https:\/\/www.pressenza.com\/de\/#website"},"primaryImageOfPage":{"@id":"https:\/\/www.pressenza.com\/de\/2025\/03\/der-israelische-kriegsdienstverweigerer-itamar-greenberg-wird-vom-militaerdienst-befreit\/#primaryimage"},"image":{"@id":"https:\/\/www.pressenza.com\/de\/2025\/03\/der-israelische-kriegsdienstverweigerer-itamar-greenberg-wird-vom-militaerdienst-befreit\/#primaryimage"},"thumbnailUrl":"https:\/\/www.pressenza.com\/wp-content\/uploads\/2025\/03\/Itamar-Greenberg-rit.jpg","datePublished":"2025-03-06T13:32:06+00:00","description":"Itamar Greenberg wurde entlassen, nachdem er 197 Tage im Gef\u00e4ngnis verbracht hatte - seit zwei Jahrzehnten die l\u00e4ngste Haftstrafe f\u00fcr einen","breadcrumb":{"@id":"https:\/\/www.pressenza.com\/de\/2025\/03\/der-israelische-kriegsdienstverweigerer-itamar-greenberg-wird-vom-militaerdienst-befreit\/#breadcrumb"},"inLanguage":"de","potentialAction":[{"@type":"ReadAction","target":["https:\/\/www.pressenza.com\/de\/2025\/03\/der-israelische-kriegsdienstverweigerer-itamar-greenberg-wird-vom-militaerdienst-befreit\/"]}]},{"@type":"ImageObject","inLanguage":"de","@id":"https:\/\/www.pressenza.com\/de\/2025\/03\/der-israelische-kriegsdienstverweigerer-itamar-greenberg-wird-vom-militaerdienst-befreit\/#primaryimage","url":"https:\/\/www.pressenza.com\/wp-content\/uploads\/2025\/03\/Itamar-Greenberg-rit.jpg","contentUrl":"https:\/\/www.pressenza.com\/wp-content\/uploads\/2025\/03\/Itamar-Greenberg-rit.jpg","width":1519,"height":1371,"caption":"Der israelische Kriegsdienstverweigerer Itamar Greenberg wird vom Milit\u00e4rdienst befreit"},{"@type":"BreadcrumbList","@id":"https:\/\/www.pressenza.com\/de\/2025\/03\/der-israelische-kriegsdienstverweigerer-itamar-greenberg-wird-vom-militaerdienst-befreit\/#breadcrumb","itemListElement":[{"@type":"ListItem","position":1,"name":"Accueil","item":"https:\/\/www.pressenza.com\/de\/"},{"@type":"ListItem","position":2,"name":"Der israelische Kriegsdienstverweigerer Itamar Greenberg wird vom Milit\u00e4rdienst befreit"}]},{"@type":"WebSite","@id":"https:\/\/www.pressenza.com\/de\/#website","url":"https:\/\/www.pressenza.com\/de\/","name":"Pressenza","description":"International Press Agency","publisher":{"@id":"https:\/\/www.pressenza.com\/de\/#organization"},"potentialAction":[{"@type":"SearchAction","target":{"@type":"EntryPoint","urlTemplate":"https:\/\/www.pressenza.com\/de\/?s={search_term_string}"},"query-input":{"@type":"PropertyValueSpecification","valueRequired":true,"valueName":"search_term_string"}}],"inLanguage":"de"},{"@type":"Organization","@id":"https:\/\/www.pressenza.com\/de\/#organization","name":"Pressenza","url":"https:\/\/www.pressenza.com\/de\/","logo":{"@type":"ImageObject","inLanguage":"de","@id":"https:\/\/www.pressenza.com\/de\/#\/schema\/logo\/image\/","url":"https:\/\/www.pressenza.com\/wp-content\/uploads\/2022\/10\/pressenza_logo_200x200.jpg","contentUrl":"https:\/\/www.pressenza.com\/wp-content\/uploads\/2022\/10\/pressenza_logo_200x200.jpg","width":200,"height":200,"caption":"Pressenza"},"image":{"@id":"https:\/\/www.pressenza.com\/de\/#\/schema\/logo\/image\/"},"sameAs":["https:\/\/www.facebook.com\/PressenzaItalia","https:\/\/x.com\/PressenzaIPA"]},{"@type":"Person","@id":"https:\/\/www.pressenza.com\/de\/#\/schema\/person\/651ff0d060ca2036aa2fc407260872c7","name":"Mesarvot","description":"Mesarvot. Network of Israeli conscientious objectors","url":"https:\/\/www.pressenza.com\/de\/author\/mesarvot\/"}]}},"place":"","original_article_url":"","_links":{"self":[{"href":"https:\/\/www.pressenza.com\/de\/wp-json\/wp\/v2\/posts\/2587633","targetHints":{"allow":["GET"]}}],"collection":[{"href":"https:\/\/www.pressenza.com\/de\/wp-json\/wp\/v2\/posts"}],"about":[{"href":"https:\/\/www.pressenza.com\/de\/wp-json\/wp\/v2\/types\/post"}],"author":[{"embeddable":true,"href":"https:\/\/www.pressenza.com\/de\/wp-json\/wp\/v2\/users\/2350"}],"replies":[{"embeddable":true,"href":"https:\/\/www.pressenza.com\/de\/wp-json\/wp\/v2\/comments?post=2587633"}],"version-history":[{"count":0,"href":"https:\/\/www.pressenza.com\/de\/wp-json\/wp\/v2\/posts\/2587633\/revisions"}],"wp:featuredmedia":[{"embeddable":true,"href":"https:\/\/www.pressenza.com\/de\/wp-json\/wp\/v2\/media\/2587634"}],"wp:attachment":[{"href":"https:\/\/www.pressenza.com\/de\/wp-json\/wp\/v2\/media?parent=2587633"}],"wp:term":[{"taxonomy":"category","embeddable":true,"href":"https:\/\/www.pressenza.com\/de\/wp-json\/wp\/v2\/categories?post=2587633"},{"taxonomy":"post_tag","embeddable":true,"href":"https:\/\/www.pressenza.com\/de\/wp-json\/wp\/v2\/tags?post=2587633"}],"curies":[{"name":"wp","href":"https:\/\/api.w.org\/{rel}","templated":true}]}}