{"id":2587399,"date":"2025-03-05T14:30:07","date_gmt":"2025-03-05T14:30:07","guid":{"rendered":"https:\/\/www.pressenza.com\/?p=2587399"},"modified":"2025-03-05T14:30:07","modified_gmt":"2025-03-05T14:30:07","slug":"grossdemonstration-am-8-maerz-feministisch-solidarisch-gewerkschaftlich","status":"publish","type":"post","link":"https:\/\/www.pressenza.com\/de\/2025\/03\/grossdemonstration-am-8-maerz-feministisch-solidarisch-gewerkschaftlich\/","title":{"rendered":"Gro\u00dfdemonstration am 8. M\u00e4rz: feministisch, solidarisch, gewerkschaftlich"},"content":{"rendered":"<p><strong>Am 8. M\u00e4rz ruft ein breites B\u00fcndnis aus feministischen und stadtpolitischen Initiativen, Gewerkschaften und Verb\u00e4nden zur Demonstration \u201efeministisch, solidarisch, gewerkschaftlich\u201c auf. Ziel ist es, ein starkes Zeichen f\u00fcr Gleichstellung, Geschlechter- und Verteilungsgerechtigkeit, die Entkriminalisierung von Schwangerschaftsabbr\u00fcchen und Gute Arbeit zu setzen.<\/strong><\/p>\n<p>In einer gerechten Gesellschaft m\u00fcssen alle Menschen \u2013 unabh\u00e4ngig von Geschlecht, Herkunft oder sozialem Status \u2013 gleiche Chancen und Rechte haben. Doch aktuell ist das Gegenteil der Fall: Investitionen in soziale Infrastruktur werden vernachl\u00e4ssigt, w\u00e4hrend steigende Mieten und Lebenshaltungskosten insbesondere marginalisierte Gruppen belasten. Es fehlen Mittel f\u00fcr Gewaltpr\u00e4vention und Frauenh\u00e4user, w\u00e4hrend viele Frauen in Gewaltbeziehungen bleiben, aus Angst, mit ihren Kindern wohnungslos zu werden. Gleichzeitig werden Sonderverm\u00f6gen f\u00fcr das Milit\u00e4r geschaffen, w\u00e4hrend essenzielle soziale Bereiche unterfinanziert bleiben.<\/p>\n<p>Das B\u00fcndnis fordert daher ein Ende der K\u00fcrzungspolitik, bezahlbaren Wohnraum, gute Bildung f\u00fcr alle, eine bedarfsgerechte Gesundheitsversorgung, die Abschaffung der Schuldenbremse und eine sozial gerechte Steuerpolitik, die Verm\u00f6gen von oben nach unten umverteilt. Die Demonstrierenden fordern zudem sexuelle Selbstbestimmung und die Abschaffung des \u00a7218 sowie gute L\u00f6hne und einen besseren Schutz vor sexualisierter Gewalt, auch am Arbeitsplatz.<\/p>\n<p>Angesichts zunehmender gesellschaftlicher Spaltung, rechter und rassistischer Hetze sowie antifeministischen Angriffen gegen Transpersonen, setzt die Demonstration ein klares Zeichen f\u00fcr Solidarit\u00e4t und Vielfalt. Das B\u00fcndnis solidarisiert sich mit allen Betroffenen patriarchaler Gewalt und positioniert sich klar f\u00fcr die Verteidigung des Asylrechts. \u201eDas gute Leben f\u00fcr alle ist m\u00f6glich \u2013 wenn wir es gemeinsam erk\u00e4mpfen&#8220;, betont das B\u00fcndnis.<\/p>\n<p><strong>Die Demonstration findet am 8. M\u00e4rz statt. Start ist 12:30 Uhr am Oranienplatz in Berlin Kreuzberg.<\/strong> Alle Menschen, die sich gegen Diskriminierung und Ausgrenzung, f\u00fcr Gleichberechtigung, soziale Sicherheit und eine feministische Zukunft einsetzen m\u00f6chten, sind herzlich eingeladen, sich anzuschlie\u00dfen.<\/p>\n<p><strong>B\u00fcndnisorganisationen<\/strong><\/p>\n<p><img loading=\"lazy\" decoding=\"async\" class=\" wp-image-2587401 alignleft\" src=\"https:\/\/www.pressenza.com\/wp-content\/uploads\/2025\/03\/DGB_8Maerz_StD-002-1024x1024-1-820x820.png\" alt=\"\" width=\"493\" height=\"493\" srcset=\"https:\/\/www.pressenza.com\/wp-content\/uploads\/2025\/03\/DGB_8Maerz_StD-002-1024x1024-1-820x820.png 820w, https:\/\/www.pressenza.com\/wp-content\/uploads\/2025\/03\/DGB_8Maerz_StD-002-1024x1024-1-300x300.png 300w, https:\/\/www.pressenza.com\/wp-content\/uploads\/2025\/03\/DGB_8Maerz_StD-002-1024x1024-1-150x150.png 150w, https:\/\/www.pressenza.com\/wp-content\/uploads\/2025\/03\/DGB_8Maerz_StD-002-1024x1024-1.png 1024w\" sizes=\"auto, (max-width: 493px) 100vw, 493px\" \/><\/p>\n<p>Abtreibung Legalisieren jetzt!<br \/>\nAWO Landesverband Berlin<br \/>\nB\u00fcndnis f\u00fcr sexuelle Selbstbestimmung<br \/>\nB\u00fcndnis Gesundheit statt Profite<br \/>\nDGB Berlin-Brandenburg<br \/>\nDoctors for Choice Germany e.V.<br \/>\nDWEnteignen<br \/>\nDziewuchy Berlin<br \/>\nInterventionistische Linke Berlin<br \/>\nQueermed Deutschland<br \/>\nSchule muss anders<br \/>\nSolidarit\u00e4tstreff Soziale Arbeit<br \/>\nStudis gegen Rechts<br \/>\nTV Stud<br \/>\n\u00dcberparteiliche Fraueninitiative Berlin \u2013 Stadt der Frauen<br \/>\n4 Stunden Liga<br \/>\nVolkssolidarit\u00e4t Berlin<br \/>\nZentrale Informationsstelle Autonomer Frauenh\u00e4user<\/p>\n","protected":false},"excerpt":{"rendered":"<p>Am 8. M\u00e4rz ruft ein breites B\u00fcndnis aus feministischen und stadtpolitischen Initiativen, Gewerkschaften und Verb\u00e4nden zur Demonstration \u201efeministisch, solidarisch, gewerkschaftlich\u201c auf. Ziel ist es, ein starkes Zeichen f\u00fcr Gleichstellung, Geschlechter- und Verteilungsgerechtigkeit, die Entkriminalisierung von Schwangerschaftsabbr\u00fcchen und Gute Arbeit zu&hellip;<\/p>\n","protected":false},"author":1095,"featured_media":2587400,"comment_status":"closed","ping_status":"closed","sticky":false,"template":"","format":"standard","meta":{"footnotes":""},"categories":[9150,54510,9145],"tags":[35613,99906,29969,35597],"class_list":["post-2587399","post","type-post","status-publish","format-standard","has-post-thumbnail","hentry","category-europa-de","category-gender-und-feminismen","category-pressemitteilungen","tag-8-maerz","tag-frauenkampftag","tag-grossdemonstration","tag-internationaler-frauentag"],"yoast_head":"<!-- This site is optimized with the Yoast SEO plugin v27.1.1 - https:\/\/yoast.com\/product\/yoast-seo-wordpress\/ -->\n<title>Gro\u00dfdemonstration am 8. M\u00e4rz: feministisch, solidarisch, gewerkschaftlich<\/title>\n<meta name=\"description\" content=\"Am 8. M\u00e4rz ruft ein breites B\u00fcndnis aus feministischen und stadtpolitischen Initiativen, Gewerkschaften und Verb\u00e4nden zur Demonstration \u201efeministisch,\" \/>\n<meta name=\"robots\" content=\"index, follow, max-snippet:-1, max-image-preview:large, max-video-preview:-1\" \/>\n<link rel=\"canonical\" href=\"https:\/\/www.pressenza.com\/de\/2025\/03\/grossdemonstration-am-8-maerz-feministisch-solidarisch-gewerkschaftlich\/\" \/>\n<meta property=\"og:locale\" content=\"de_DE\" \/>\n<meta property=\"og:type\" content=\"article\" \/>\n<meta property=\"og:title\" content=\"Gro\u00dfdemonstration am 8. M\u00e4rz: feministisch, solidarisch, gewerkschaftlich\" \/>\n<meta property=\"og:description\" content=\"Am 8. M\u00e4rz ruft ein breites B\u00fcndnis aus feministischen und stadtpolitischen Initiativen, Gewerkschaften und Verb\u00e4nden zur Demonstration \u201efeministisch,\" \/>\n<meta property=\"og:url\" content=\"https:\/\/www.pressenza.com\/de\/2025\/03\/grossdemonstration-am-8-maerz-feministisch-solidarisch-gewerkschaftlich\/\" \/>\n<meta property=\"og:site_name\" content=\"Pressenza\" \/>\n<meta property=\"article:publisher\" content=\"https:\/\/www.facebook.com\/PressenzaItalia\" \/>\n<meta property=\"article:author\" content=\"https:\/\/www.facebook.com\/Pressenza-Deutschland-sterreich-Schweiz-281675388658060\/timeline\/\" \/>\n<meta property=\"article:published_time\" content=\"2025-03-05T14:30:07+00:00\" \/>\n<meta property=\"og:image\" content=\"https:\/\/www.pressenza.com\/wp-content\/uploads\/2025\/03\/8M_2025.jpg\" \/>\n\t<meta property=\"og:image:width\" content=\"1293\" \/>\n\t<meta property=\"og:image:height\" content=\"861\" \/>\n\t<meta property=\"og:image:type\" content=\"image\/jpeg\" \/>\n<meta name=\"author\" content=\"Pressenza Berlin\" \/>\n<meta name=\"twitter:card\" content=\"summary_large_image\" \/>\n<meta name=\"twitter:creator\" content=\"@pressenza_ger\" \/>\n<meta name=\"twitter:site\" content=\"@PressenzaIPA\" \/>\n<meta name=\"twitter:label1\" content=\"Verfasst von\" \/>\n\t<meta name=\"twitter:data1\" content=\"Pressenza Berlin\" \/>\n\t<meta name=\"twitter:label2\" content=\"Gesch\u00e4tzte Lesezeit\" \/>\n\t<meta name=\"twitter:data2\" content=\"3\u00a0Minuten\" \/>\n<script type=\"application\/ld+json\" class=\"yoast-schema-graph\">{\"@context\":\"https:\/\/schema.org\",\"@graph\":[{\"@type\":\"Article\",\"@id\":\"https:\/\/www.pressenza.com\/de\/2025\/03\/grossdemonstration-am-8-maerz-feministisch-solidarisch-gewerkschaftlich\/#article\",\"isPartOf\":{\"@id\":\"https:\/\/www.pressenza.com\/de\/2025\/03\/grossdemonstration-am-8-maerz-feministisch-solidarisch-gewerkschaftlich\/\"},\"author\":{\"name\":\"Pressenza Berlin\",\"@id\":\"https:\/\/www.pressenza.com\/de\/#\/schema\/person\/57bb5480943a496a7722b0248e4b658a\"},\"headline\":\"Gro\u00dfdemonstration am 8. M\u00e4rz: feministisch, solidarisch, gewerkschaftlich\",\"datePublished\":\"2025-03-05T14:30:07+00:00\",\"mainEntityOfPage\":{\"@id\":\"https:\/\/www.pressenza.com\/de\/2025\/03\/grossdemonstration-am-8-maerz-feministisch-solidarisch-gewerkschaftlich\/\"},\"wordCount\":369,\"publisher\":{\"@id\":\"https:\/\/www.pressenza.com\/de\/#organization\"},\"image\":{\"@id\":\"https:\/\/www.pressenza.com\/de\/2025\/03\/grossdemonstration-am-8-maerz-feministisch-solidarisch-gewerkschaftlich\/#primaryimage\"},\"thumbnailUrl\":\"https:\/\/www.pressenza.com\/wp-content\/uploads\/2025\/03\/8M_2025.jpg\",\"keywords\":[\"8. M\u00e4rz\",\"Frauenkampftag\",\"Gro\u00dfdemonstration\",\"Internationaler Frauentag\"],\"articleSection\":[\"Europa\",\"Gender und Feminismen\",\"Pressemitteilungen\"],\"inLanguage\":\"de\"},{\"@type\":\"WebPage\",\"@id\":\"https:\/\/www.pressenza.com\/de\/2025\/03\/grossdemonstration-am-8-maerz-feministisch-solidarisch-gewerkschaftlich\/\",\"url\":\"https:\/\/www.pressenza.com\/de\/2025\/03\/grossdemonstration-am-8-maerz-feministisch-solidarisch-gewerkschaftlich\/\",\"name\":\"Gro\u00dfdemonstration am 8. M\u00e4rz: feministisch, solidarisch, gewerkschaftlich\",\"isPartOf\":{\"@id\":\"https:\/\/www.pressenza.com\/de\/#website\"},\"primaryImageOfPage\":{\"@id\":\"https:\/\/www.pressenza.com\/de\/2025\/03\/grossdemonstration-am-8-maerz-feministisch-solidarisch-gewerkschaftlich\/#primaryimage\"},\"image\":{\"@id\":\"https:\/\/www.pressenza.com\/de\/2025\/03\/grossdemonstration-am-8-maerz-feministisch-solidarisch-gewerkschaftlich\/#primaryimage\"},\"thumbnailUrl\":\"https:\/\/www.pressenza.com\/wp-content\/uploads\/2025\/03\/8M_2025.jpg\",\"datePublished\":\"2025-03-05T14:30:07+00:00\",\"description\":\"Am 8. M\u00e4rz ruft ein breites B\u00fcndnis aus feministischen und stadtpolitischen Initiativen, Gewerkschaften und Verb\u00e4nden zur Demonstration \u201efeministisch,\",\"breadcrumb\":{\"@id\":\"https:\/\/www.pressenza.com\/de\/2025\/03\/grossdemonstration-am-8-maerz-feministisch-solidarisch-gewerkschaftlich\/#breadcrumb\"},\"inLanguage\":\"de\",\"potentialAction\":[{\"@type\":\"ReadAction\",\"target\":[\"https:\/\/www.pressenza.com\/de\/2025\/03\/grossdemonstration-am-8-maerz-feministisch-solidarisch-gewerkschaftlich\/\"]}]},{\"@type\":\"ImageObject\",\"inLanguage\":\"de\",\"@id\":\"https:\/\/www.pressenza.com\/de\/2025\/03\/grossdemonstration-am-8-maerz-feministisch-solidarisch-gewerkschaftlich\/#primaryimage\",\"url\":\"https:\/\/www.pressenza.com\/wp-content\/uploads\/2025\/03\/8M_2025.jpg\",\"contentUrl\":\"https:\/\/www.pressenza.com\/wp-content\/uploads\/2025\/03\/8M_2025.jpg\",\"width\":1293,\"height\":861},{\"@type\":\"BreadcrumbList\",\"@id\":\"https:\/\/www.pressenza.com\/de\/2025\/03\/grossdemonstration-am-8-maerz-feministisch-solidarisch-gewerkschaftlich\/#breadcrumb\",\"itemListElement\":[{\"@type\":\"ListItem\",\"position\":1,\"name\":\"Accueil\",\"item\":\"https:\/\/www.pressenza.com\/de\/\"},{\"@type\":\"ListItem\",\"position\":2,\"name\":\"Gro\u00dfdemonstration am 8. M\u00e4rz: feministisch, solidarisch, gewerkschaftlich\"}]},{\"@type\":\"WebSite\",\"@id\":\"https:\/\/www.pressenza.com\/de\/#website\",\"url\":\"https:\/\/www.pressenza.com\/de\/\",\"name\":\"Pressenza\",\"description\":\"International Press Agency\",\"publisher\":{\"@id\":\"https:\/\/www.pressenza.com\/de\/#organization\"},\"potentialAction\":[{\"@type\":\"SearchAction\",\"target\":{\"@type\":\"EntryPoint\",\"urlTemplate\":\"https:\/\/www.pressenza.com\/de\/?s={search_term_string}\"},\"query-input\":{\"@type\":\"PropertyValueSpecification\",\"valueRequired\":true,\"valueName\":\"search_term_string\"}}],\"inLanguage\":\"de\"},{\"@type\":\"Organization\",\"@id\":\"https:\/\/www.pressenza.com\/de\/#organization\",\"name\":\"Pressenza\",\"url\":\"https:\/\/www.pressenza.com\/de\/\",\"logo\":{\"@type\":\"ImageObject\",\"inLanguage\":\"de\",\"@id\":\"https:\/\/www.pressenza.com\/de\/#\/schema\/logo\/image\/\",\"url\":\"https:\/\/www.pressenza.com\/wp-content\/uploads\/2022\/10\/pressenza_logo_200x200.jpg\",\"contentUrl\":\"https:\/\/www.pressenza.com\/wp-content\/uploads\/2022\/10\/pressenza_logo_200x200.jpg\",\"width\":200,\"height\":200,\"caption\":\"Pressenza\"},\"image\":{\"@id\":\"https:\/\/www.pressenza.com\/de\/#\/schema\/logo\/image\/\"},\"sameAs\":[\"https:\/\/www.facebook.com\/PressenzaItalia\",\"https:\/\/x.com\/PressenzaIPA\"]},{\"@type\":\"Person\",\"@id\":\"https:\/\/www.pressenza.com\/de\/#\/schema\/person\/57bb5480943a496a7722b0248e4b658a\",\"name\":\"Pressenza Berlin\",\"description\":\"News from the Pressenza Bureau in Berlin, Germany\",\"sameAs\":[\"https:\/\/www.facebook.com\/Pressenza-Deutschland-sterreich-Schweiz-281675388658060\/timeline\/\",\"https:\/\/x.com\/pressenza_ger\"],\"url\":\"https:\/\/www.pressenza.com\/de\/author\/pressenza-berlin\/\"}]}<\/script>\n<!-- \/ Yoast SEO plugin. -->","yoast_head_json":{"title":"Gro\u00dfdemonstration am 8. M\u00e4rz: feministisch, solidarisch, gewerkschaftlich","description":"Am 8. M\u00e4rz ruft ein breites B\u00fcndnis aus feministischen und stadtpolitischen Initiativen, Gewerkschaften und Verb\u00e4nden zur Demonstration \u201efeministisch,","robots":{"index":"index","follow":"follow","max-snippet":"max-snippet:-1","max-image-preview":"max-image-preview:large","max-video-preview":"max-video-preview:-1"},"canonical":"https:\/\/www.pressenza.com\/de\/2025\/03\/grossdemonstration-am-8-maerz-feministisch-solidarisch-gewerkschaftlich\/","og_locale":"de_DE","og_type":"article","og_title":"Gro\u00dfdemonstration am 8. M\u00e4rz: feministisch, solidarisch, gewerkschaftlich","og_description":"Am 8. M\u00e4rz ruft ein breites B\u00fcndnis aus feministischen und stadtpolitischen Initiativen, Gewerkschaften und Verb\u00e4nden zur Demonstration \u201efeministisch,","og_url":"https:\/\/www.pressenza.com\/de\/2025\/03\/grossdemonstration-am-8-maerz-feministisch-solidarisch-gewerkschaftlich\/","og_site_name":"Pressenza","article_publisher":"https:\/\/www.facebook.com\/PressenzaItalia","article_author":"https:\/\/www.facebook.com\/Pressenza-Deutschland-sterreich-Schweiz-281675388658060\/timeline\/","article_published_time":"2025-03-05T14:30:07+00:00","og_image":[{"width":1293,"height":861,"url":"https:\/\/www.pressenza.com\/wp-content\/uploads\/2025\/03\/8M_2025.jpg","type":"image\/jpeg"}],"author":"Pressenza Berlin","twitter_card":"summary_large_image","twitter_creator":"@pressenza_ger","twitter_site":"@PressenzaIPA","twitter_misc":{"Verfasst von":"Pressenza Berlin","Gesch\u00e4tzte Lesezeit":"3\u00a0Minuten"},"schema":{"@context":"https:\/\/schema.org","@graph":[{"@type":"Article","@id":"https:\/\/www.pressenza.com\/de\/2025\/03\/grossdemonstration-am-8-maerz-feministisch-solidarisch-gewerkschaftlich\/#article","isPartOf":{"@id":"https:\/\/www.pressenza.com\/de\/2025\/03\/grossdemonstration-am-8-maerz-feministisch-solidarisch-gewerkschaftlich\/"},"author":{"name":"Pressenza Berlin","@id":"https:\/\/www.pressenza.com\/de\/#\/schema\/person\/57bb5480943a496a7722b0248e4b658a"},"headline":"Gro\u00dfdemonstration am 8. M\u00e4rz: feministisch, solidarisch, gewerkschaftlich","datePublished":"2025-03-05T14:30:07+00:00","mainEntityOfPage":{"@id":"https:\/\/www.pressenza.com\/de\/2025\/03\/grossdemonstration-am-8-maerz-feministisch-solidarisch-gewerkschaftlich\/"},"wordCount":369,"publisher":{"@id":"https:\/\/www.pressenza.com\/de\/#organization"},"image":{"@id":"https:\/\/www.pressenza.com\/de\/2025\/03\/grossdemonstration-am-8-maerz-feministisch-solidarisch-gewerkschaftlich\/#primaryimage"},"thumbnailUrl":"https:\/\/www.pressenza.com\/wp-content\/uploads\/2025\/03\/8M_2025.jpg","keywords":["8. M\u00e4rz","Frauenkampftag","Gro\u00dfdemonstration","Internationaler Frauentag"],"articleSection":["Europa","Gender und Feminismen","Pressemitteilungen"],"inLanguage":"de"},{"@type":"WebPage","@id":"https:\/\/www.pressenza.com\/de\/2025\/03\/grossdemonstration-am-8-maerz-feministisch-solidarisch-gewerkschaftlich\/","url":"https:\/\/www.pressenza.com\/de\/2025\/03\/grossdemonstration-am-8-maerz-feministisch-solidarisch-gewerkschaftlich\/","name":"Gro\u00dfdemonstration am 8. M\u00e4rz: feministisch, solidarisch, gewerkschaftlich","isPartOf":{"@id":"https:\/\/www.pressenza.com\/de\/#website"},"primaryImageOfPage":{"@id":"https:\/\/www.pressenza.com\/de\/2025\/03\/grossdemonstration-am-8-maerz-feministisch-solidarisch-gewerkschaftlich\/#primaryimage"},"image":{"@id":"https:\/\/www.pressenza.com\/de\/2025\/03\/grossdemonstration-am-8-maerz-feministisch-solidarisch-gewerkschaftlich\/#primaryimage"},"thumbnailUrl":"https:\/\/www.pressenza.com\/wp-content\/uploads\/2025\/03\/8M_2025.jpg","datePublished":"2025-03-05T14:30:07+00:00","description":"Am 8. M\u00e4rz ruft ein breites B\u00fcndnis aus feministischen und stadtpolitischen Initiativen, Gewerkschaften und Verb\u00e4nden zur Demonstration \u201efeministisch,","breadcrumb":{"@id":"https:\/\/www.pressenza.com\/de\/2025\/03\/grossdemonstration-am-8-maerz-feministisch-solidarisch-gewerkschaftlich\/#breadcrumb"},"inLanguage":"de","potentialAction":[{"@type":"ReadAction","target":["https:\/\/www.pressenza.com\/de\/2025\/03\/grossdemonstration-am-8-maerz-feministisch-solidarisch-gewerkschaftlich\/"]}]},{"@type":"ImageObject","inLanguage":"de","@id":"https:\/\/www.pressenza.com\/de\/2025\/03\/grossdemonstration-am-8-maerz-feministisch-solidarisch-gewerkschaftlich\/#primaryimage","url":"https:\/\/www.pressenza.com\/wp-content\/uploads\/2025\/03\/8M_2025.jpg","contentUrl":"https:\/\/www.pressenza.com\/wp-content\/uploads\/2025\/03\/8M_2025.jpg","width":1293,"height":861},{"@type":"BreadcrumbList","@id":"https:\/\/www.pressenza.com\/de\/2025\/03\/grossdemonstration-am-8-maerz-feministisch-solidarisch-gewerkschaftlich\/#breadcrumb","itemListElement":[{"@type":"ListItem","position":1,"name":"Accueil","item":"https:\/\/www.pressenza.com\/de\/"},{"@type":"ListItem","position":2,"name":"Gro\u00dfdemonstration am 8. M\u00e4rz: feministisch, solidarisch, gewerkschaftlich"}]},{"@type":"WebSite","@id":"https:\/\/www.pressenza.com\/de\/#website","url":"https:\/\/www.pressenza.com\/de\/","name":"Pressenza","description":"International Press Agency","publisher":{"@id":"https:\/\/www.pressenza.com\/de\/#organization"},"potentialAction":[{"@type":"SearchAction","target":{"@type":"EntryPoint","urlTemplate":"https:\/\/www.pressenza.com\/de\/?s={search_term_string}"},"query-input":{"@type":"PropertyValueSpecification","valueRequired":true,"valueName":"search_term_string"}}],"inLanguage":"de"},{"@type":"Organization","@id":"https:\/\/www.pressenza.com\/de\/#organization","name":"Pressenza","url":"https:\/\/www.pressenza.com\/de\/","logo":{"@type":"ImageObject","inLanguage":"de","@id":"https:\/\/www.pressenza.com\/de\/#\/schema\/logo\/image\/","url":"https:\/\/www.pressenza.com\/wp-content\/uploads\/2022\/10\/pressenza_logo_200x200.jpg","contentUrl":"https:\/\/www.pressenza.com\/wp-content\/uploads\/2022\/10\/pressenza_logo_200x200.jpg","width":200,"height":200,"caption":"Pressenza"},"image":{"@id":"https:\/\/www.pressenza.com\/de\/#\/schema\/logo\/image\/"},"sameAs":["https:\/\/www.facebook.com\/PressenzaItalia","https:\/\/x.com\/PressenzaIPA"]},{"@type":"Person","@id":"https:\/\/www.pressenza.com\/de\/#\/schema\/person\/57bb5480943a496a7722b0248e4b658a","name":"Pressenza Berlin","description":"News from the Pressenza Bureau in Berlin, Germany","sameAs":["https:\/\/www.facebook.com\/Pressenza-Deutschland-sterreich-Schweiz-281675388658060\/timeline\/","https:\/\/x.com\/pressenza_ger"],"url":"https:\/\/www.pressenza.com\/de\/author\/pressenza-berlin\/"}]}},"place":"","original_article_url":"","_links":{"self":[{"href":"https:\/\/www.pressenza.com\/de\/wp-json\/wp\/v2\/posts\/2587399","targetHints":{"allow":["GET"]}}],"collection":[{"href":"https:\/\/www.pressenza.com\/de\/wp-json\/wp\/v2\/posts"}],"about":[{"href":"https:\/\/www.pressenza.com\/de\/wp-json\/wp\/v2\/types\/post"}],"author":[{"embeddable":true,"href":"https:\/\/www.pressenza.com\/de\/wp-json\/wp\/v2\/users\/1095"}],"replies":[{"embeddable":true,"href":"https:\/\/www.pressenza.com\/de\/wp-json\/wp\/v2\/comments?post=2587399"}],"version-history":[{"count":0,"href":"https:\/\/www.pressenza.com\/de\/wp-json\/wp\/v2\/posts\/2587399\/revisions"}],"wp:featuredmedia":[{"embeddable":true,"href":"https:\/\/www.pressenza.com\/de\/wp-json\/wp\/v2\/media\/2587400"}],"wp:attachment":[{"href":"https:\/\/www.pressenza.com\/de\/wp-json\/wp\/v2\/media?parent=2587399"}],"wp:term":[{"taxonomy":"category","embeddable":true,"href":"https:\/\/www.pressenza.com\/de\/wp-json\/wp\/v2\/categories?post=2587399"},{"taxonomy":"post_tag","embeddable":true,"href":"https:\/\/www.pressenza.com\/de\/wp-json\/wp\/v2\/tags?post=2587399"}],"curies":[{"name":"wp","href":"https:\/\/api.w.org\/{rel}","templated":true}]}}